{"id":15200,"date":"2020-06-20T11:40:22","date_gmt":"2020-06-20T09:40:22","guid":{"rendered":"http:\/\/www.clubmaritimomelilla.es\/clmar\/?p=15200"},"modified":"2021-07-20T11:38:49","modified_gmt":"2021-07-20T09:38:49","slug":"boletin-informativo-a-socios-jueves-18-de-junio","status":"publish","type":"post","link":"https:\/\/www.realclubmaritimomelilla.es\/clmar\/boletin-informativo-a-socios-jueves-18-de-junio\/","title":{"rendered":"BOLET\u00cdN INFORMATIVO A SOCIOS \u2013 Jueves 18 de Junio \u2013"},"content":{"rendered":"<p>Les informamos que a partir del lunes d\u00eda 22 de junio se podr\u00e1n hacer ejercicios de musculaci\u00f3n en el gimnasio con las siguientes condiciones:<\/p>\n<p>&#8212; Mediante reserva previa en secretar\u00eda.<br \/>\n&#8212; Habr\u00e1n como m\u00e1ximo 10 personas en la misma franja horaria.<br \/>\n&#8212; Las sesiones ser\u00e1n de 45 minutos, con un m\u00e1ximo de 3 sesiones a la semana.<br \/>\n&#8212; Ser\u00e1 obligatorio el uso de mascarillas siempre y cuando no se pueda garantizar la distancia de seguridad.<br \/>\n&#8212; Al acceder al gimnasio ser\u00e1 obligatorio la limpieza de manos con gel hidroalcoholico.<br \/>\n&#8212; Ser\u00e1 obligatorio traer 2 toallas. Una grande para colocarla en las m\u00e1quinas y otra peque\u00f1a para secarse.<br \/>\n&#8212; Cada usuario deber\u00e1 desinfectar la maquinaria y el material deportivo antes y despu\u00e9s de su uso.<br \/>\n&#8212; Ser\u00e1 obligatorio devolver el material usado a su sitio.<br \/>\n&#8212; Queda prohibido mover los bancos y m\u00e1quinas de su lugar, respetando as\u00ed las zonas delimitadas para preservar la seguridad.<br \/>\n&#8212; No se podr\u00e1 compartir una misma m\u00e1quina durante el entrenamiento y no podr\u00e1n haber ayudas entre usuarios ni entrenamientos conjuntos.<br \/>\n&#8212; Queda prohibido permanecer en el gimnasio una vez terminado el entrenamiento.<br \/>\n&#8212; Deber\u00e1 usarse una camiseta s\u00f3lo para las actividades del gimnasio; distinta, por tanto, de la que se traiga de la calle.<\/p>\n<p>Tambi\u00e9n les informamos que a partir del lunes 22 de junio el horario de ba\u00f1o se ampl\u00eda, empezando a las 10 de la ma\u00f1ana y finalizando a las 21 de la tarde. Con lo que el turno de ma\u00f1ana ser\u00e1 de 10 a 14:30 horas y el de tarde de 15 a 21 horas.<\/p>\n<p>Tambi\u00e9n a partir del s\u00e1bado d\u00eda 20 de junio se abrir\u00e1n los vestuarios del espig\u00f3n \u00fanica y exclusivamente para cambiarse sin poder utilizar las duchas. Con un aforo m\u00e1ximo de 8 personas a la vez sin poder dejar la ropa ni en las cabinas ni en los bancos.<\/p>\n<p>Melilla a 18 de junio de 2020<\/p>\n","protected":false},"excerpt":{"rendered":"<p>Les informamos que a partir del lunes d\u00eda 22 de junio se podr\u00e1n hacer ejercicios de musculaci\u00f3n en el gimnasio con las siguientes condiciones: &#8212; Mediante reserva previa en secretar\u00eda. &#8212; Habr\u00e1n como m\u00e1ximo 10 personas en la misma franja horaria. &#8212; Las sesiones ser\u00e1n de 45 minutos, con un m\u00e1ximo de 3 sesiones a [&hellip;]<\/p>\n","protected":false},"author":1,"featured_media":12812,"comment_status":"open","ping_status":"open","sticky":false,"template":"","format":"standard","meta":{"_acf_changed":false,"footnotes":""},"categories":[47],"tags":[],"class_list":["post-15200","post","type-post","status-publish","format-standard","has-post-thumbnail","hentry","category-boletin"],"acf":[],"yoast_head":"<!-- This site is optimized with the Yoast SEO plugin v27.5 - https:\/\/yoast.com\/product\/yoast-seo-wordpress\/ -->\n<title>BOLET\u00cdN INFORMATIVO A SOCIOS \u2013 Jueves 18 de Junio \u2013 - Real Club Mar\u00edtimo de Melilla<\/title>\n<meta name=\"description\" content=\"BOLET\u00cdN INFORMATIVO A SOCIOS \u2013 Jueves 18 de Junio \u2013 -\" \/>\n<meta name=\"robots\" content=\"index, follow, max-snippet:-1, max-image-preview:large, max-video-preview:-1\" \/>\n<link rel=\"canonical\" href=\"https:\/\/www.realclubmaritimomelilla.es\/clmar\/boletin-informativo-a-socios-jueves-18-de-junio\/\" \/>\n<meta property=\"og:locale\" content=\"es_ES\" \/>\n<meta property=\"og:type\" content=\"article\" \/>\n<meta property=\"og:title\" content=\"BOLET\u00cdN INFORMATIVO A SOCIOS \u2013 Jueves 18 de Junio \u2013 - Real Club Mar\u00edtimo de Melilla\" \/>\n<meta property=\"og:description\" content=\"BOLET\u00cdN INFORMATIVO A SOCIOS \u2013 Jueves 18 de Junio \u2013 -\" \/>\n<meta property=\"og:url\" content=\"https:\/\/www.realclubmaritimomelilla.es\/clmar\/boletin-informativo-a-socios-jueves-18-de-junio\/\" \/>\n<meta property=\"og:site_name\" content=\"Real Club Mar\u00edtimo de Melilla\" \/>\n<meta property=\"article:publisher\" content=\"https:\/\/www.facebook.com\/Real-Club-Mar%c3%adtimo-de-Melilla-588495841234214\/\" \/>\n<meta property=\"article:published_time\" content=\"2020-06-20T09:40:22+00:00\" \/>\n<meta property=\"article:modified_time\" content=\"2021-07-20T09:38:49+00:00\" \/>\n<meta property=\"og:image\" content=\"https:\/\/www.realclubmaritimomelilla.es\/clmar\/wp-content\/uploads\/2016\/07\/1_PORTERIA1.jpg\" \/>\n\t<meta property=\"og:image:width\" content=\"1417\" \/>\n\t<meta property=\"og:image:height\" content=\"1063\" \/>\n\t<meta property=\"og:image:type\" content=\"image\/jpeg\" \/>\n<meta name=\"author\" content=\"RCMMelilla\" \/>\n<meta name=\"twitter:card\" content=\"summary_large_image\" \/>\n<meta name=\"twitter:creator\" content=\"@nauticarcmm\" \/>\n<meta name=\"twitter:site\" content=\"@nauticarcmm\" \/>\n<meta name=\"twitter:label1\" content=\"Escrito por\" \/>\n\t<meta name=\"twitter:data1\" content=\"RCMMelilla\" \/>\n\t<meta name=\"twitter:label2\" content=\"Tiempo de lectura\" \/>\n\t<meta name=\"twitter:data2\" content=\"2 minutos\" \/>\n<script type=\"application\/ld+json\" class=\"yoast-schema-graph\">{\"@context\":\"https:\\\/\\\/schema.org\",\"@graph\":[{\"@type\":\"Article\",\"@id\":\"https:\\\/\\\/www.realclubmaritimomelilla.es\\\/clmar\\\/boletin-informativo-a-socios-jueves-18-de-junio\\\/#article\",\"isPartOf\":{\"@id\":\"https:\\\/\\\/www.realclubmaritimomelilla.es\\\/clmar\\\/boletin-informativo-a-socios-jueves-18-de-junio\\\/\"},\"author\":{\"name\":\"RCMMelilla\",\"@id\":\"https:\\\/\\\/www.realclubmaritimomelilla.es\\\/clmar\\\/#\\\/schema\\\/person\\\/ebaa3713496dc6d48c872452e73a8e79\"},\"headline\":\"BOLET\u00cdN INFORMATIVO A SOCIOS \u2013 Jueves 18 de Junio \u2013\",\"datePublished\":\"2020-06-20T09:40:22+00:00\",\"dateModified\":\"2021-07-20T09:38:49+00:00\",\"mainEntityOfPage\":{\"@id\":\"https:\\\/\\\/www.realclubmaritimomelilla.es\\\/clmar\\\/boletin-informativo-a-socios-jueves-18-de-junio\\\/\"},\"wordCount\":336,\"commentCount\":0,\"publisher\":{\"@id\":\"https:\\\/\\\/www.realclubmaritimomelilla.es\\\/clmar\\\/#organization\"},\"image\":{\"@id\":\"https:\\\/\\\/www.realclubmaritimomelilla.es\\\/clmar\\\/boletin-informativo-a-socios-jueves-18-de-junio\\\/#primaryimage\"},\"thumbnailUrl\":\"https:\\\/\\\/www.realclubmaritimomelilla.es\\\/clmar\\\/wp-content\\\/uploads\\\/2016\\\/07\\\/1_PORTERIA1.jpg\",\"articleSection\":[\"BOLET\u00cdN\"],\"inLanguage\":\"es\",\"potentialAction\":[{\"@type\":\"CommentAction\",\"name\":\"Comment\",\"target\":[\"https:\\\/\\\/www.realclubmaritimomelilla.es\\\/clmar\\\/boletin-informativo-a-socios-jueves-18-de-junio\\\/#respond\"]}]},{\"@type\":\"WebPage\",\"@id\":\"https:\\\/\\\/www.realclubmaritimomelilla.es\\\/clmar\\\/boletin-informativo-a-socios-jueves-18-de-junio\\\/\",\"url\":\"https:\\\/\\\/www.realclubmaritimomelilla.es\\\/clmar\\\/boletin-informativo-a-socios-jueves-18-de-junio\\\/\",\"name\":\"BOLET\u00cdN INFORMATIVO A SOCIOS \u2013 Jueves 18 de Junio \u2013 - Real Club Mar\u00edtimo de Melilla\",\"isPartOf\":{\"@id\":\"https:\\\/\\\/www.realclubmaritimomelilla.es\\\/clmar\\\/#website\"},\"primaryImageOfPage\":{\"@id\":\"https:\\\/\\\/www.realclubmaritimomelilla.es\\\/clmar\\\/boletin-informativo-a-socios-jueves-18-de-junio\\\/#primaryimage\"},\"image\":{\"@id\":\"https:\\\/\\\/www.realclubmaritimomelilla.es\\\/clmar\\\/boletin-informativo-a-socios-jueves-18-de-junio\\\/#primaryimage\"},\"thumbnailUrl\":\"https:\\\/\\\/www.realclubmaritimomelilla.es\\\/clmar\\\/wp-content\\\/uploads\\\/2016\\\/07\\\/1_PORTERIA1.jpg\",\"datePublished\":\"2020-06-20T09:40:22+00:00\",\"dateModified\":\"2021-07-20T09:38:49+00:00\",\"description\":\"BOLET\u00cdN INFORMATIVO A SOCIOS \u2013 Jueves 18 de Junio \u2013 -\",\"breadcrumb\":{\"@id\":\"https:\\\/\\\/www.realclubmaritimomelilla.es\\\/clmar\\\/boletin-informativo-a-socios-jueves-18-de-junio\\\/#breadcrumb\"},\"inLanguage\":\"es\",\"potentialAction\":[{\"@type\":\"ReadAction\",\"target\":[\"https:\\\/\\\/www.realclubmaritimomelilla.es\\\/clmar\\\/boletin-informativo-a-socios-jueves-18-de-junio\\\/\"]}]},{\"@type\":\"ImageObject\",\"inLanguage\":\"es\",\"@id\":\"https:\\\/\\\/www.realclubmaritimomelilla.es\\\/clmar\\\/boletin-informativo-a-socios-jueves-18-de-junio\\\/#primaryimage\",\"url\":\"https:\\\/\\\/www.realclubmaritimomelilla.es\\\/clmar\\\/wp-content\\\/uploads\\\/2016\\\/07\\\/1_PORTERIA1.jpg\",\"contentUrl\":\"https:\\\/\\\/www.realclubmaritimomelilla.es\\\/clmar\\\/wp-content\\\/uploads\\\/2016\\\/07\\\/1_PORTERIA1.jpg\",\"width\":1417,\"height\":1063},{\"@type\":\"BreadcrumbList\",\"@id\":\"https:\\\/\\\/www.realclubmaritimomelilla.es\\\/clmar\\\/boletin-informativo-a-socios-jueves-18-de-junio\\\/#breadcrumb\",\"itemListElement\":[{\"@type\":\"ListItem\",\"position\":1,\"name\":\"Portada\",\"item\":\"https:\\\/\\\/www.realclubmaritimomelilla.es\\\/clmar\\\/\"},{\"@type\":\"ListItem\",\"position\":2,\"name\":\"BOLET\u00cdN INFORMATIVO A SOCIOS \u2013 Jueves 18 de Junio \u2013\"}]},{\"@type\":\"WebSite\",\"@id\":\"https:\\\/\\\/www.realclubmaritimomelilla.es\\\/clmar\\\/#website\",\"url\":\"https:\\\/\\\/www.realclubmaritimomelilla.es\\\/clmar\\\/\",\"name\":\"Real Club Mar\u00edtimo de Melilla\",\"description\":\"RCMM\",\"publisher\":{\"@id\":\"https:\\\/\\\/www.realclubmaritimomelilla.es\\\/clmar\\\/#organization\"},\"alternateName\":\"RCMM\",\"potentialAction\":[{\"@type\":\"SearchAction\",\"target\":{\"@type\":\"EntryPoint\",\"urlTemplate\":\"https:\\\/\\\/www.realclubmaritimomelilla.es\\\/clmar\\\/?s={search_term_string}\"},\"query-input\":{\"@type\":\"PropertyValueSpecification\",\"valueRequired\":true,\"valueName\":\"search_term_string\"}}],\"inLanguage\":\"es\"},{\"@type\":\"Organization\",\"@id\":\"https:\\\/\\\/www.realclubmaritimomelilla.es\\\/clmar\\\/#organization\",\"name\":\"Real Club Mar\u00edtimo de Melilla\",\"alternateName\":\"RCMM\",\"url\":\"https:\\\/\\\/www.realclubmaritimomelilla.es\\\/clmar\\\/\",\"logo\":{\"@type\":\"ImageObject\",\"inLanguage\":\"es\",\"@id\":\"https:\\\/\\\/www.realclubmaritimomelilla.es\\\/clmar\\\/#\\\/schema\\\/logo\\\/image\\\/\",\"url\":\"https:\\\/\\\/www.realclubmaritimomelilla.es\\\/clmar\\\/wp-content\\\/uploads\\\/logo-club-original-copia.jpg\",\"contentUrl\":\"https:\\\/\\\/www.realclubmaritimomelilla.es\\\/clmar\\\/wp-content\\\/uploads\\\/logo-club-original-copia.jpg\",\"width\":128,\"height\":89,\"caption\":\"Real Club Mar\u00edtimo de Melilla\"},\"image\":{\"@id\":\"https:\\\/\\\/www.realclubmaritimomelilla.es\\\/clmar\\\/#\\\/schema\\\/logo\\\/image\\\/\"},\"sameAs\":[\"https:\\\/\\\/www.facebook.com\\\/Real-Club-Mar\u00edtimo-de-Melilla-588495841234214\\\/\",\"https:\\\/\\\/x.com\\\/nauticarcmm\",\"https:\\\/\\\/www.instagram.com\\\/club_maritimo_melilla\\\/\",\"https:\\\/\\\/www.youtube.com\\\/@realclubmaritimodemelilla4703\",\"https:\\\/\\\/es.wikipedia.org\\\/wiki\\\/Real_Club_Mar\u00edtimo_de_Melilla\"]},{\"@type\":\"Person\",\"@id\":\"https:\\\/\\\/www.realclubmaritimomelilla.es\\\/clmar\\\/#\\\/schema\\\/person\\\/ebaa3713496dc6d48c872452e73a8e79\",\"name\":\"RCMMelilla\",\"image\":{\"@type\":\"ImageObject\",\"inLanguage\":\"es\",\"@id\":\"https:\\\/\\\/secure.gravatar.com\\\/avatar\\\/df1c24789360fb9308735c4ee556fc2bc5bf924bf01e53043b8b97ba272da33c?s=96&d=mm&r=g\",\"url\":\"https:\\\/\\\/secure.gravatar.com\\\/avatar\\\/df1c24789360fb9308735c4ee556fc2bc5bf924bf01e53043b8b97ba272da33c?s=96&d=mm&r=g\",\"contentUrl\":\"https:\\\/\\\/secure.gravatar.com\\\/avatar\\\/df1c24789360fb9308735c4ee556fc2bc5bf924bf01e53043b8b97ba272da33c?s=96&d=mm&r=g\",\"caption\":\"RCMMelilla\"}}]}<\/script>\n<!-- \/ Yoast SEO plugin. -->","yoast_head_json":{"title":"BOLET\u00cdN INFORMATIVO A SOCIOS \u2013 Jueves 18 de Junio \u2013 - Real Club Mar\u00edtimo de Melilla","description":"BOLET\u00cdN INFORMATIVO A SOCIOS \u2013 Jueves 18 de Junio \u2013 -","robots":{"index":"index","follow":"follow","max-snippet":"max-snippet:-1","max-image-preview":"max-image-preview:large","max-video-preview":"max-video-preview:-1"},"canonical":"https:\/\/www.realclubmaritimomelilla.es\/clmar\/boletin-informativo-a-socios-jueves-18-de-junio\/","og_locale":"es_ES","og_type":"article","og_title":"BOLET\u00cdN INFORMATIVO A SOCIOS \u2013 Jueves 18 de Junio \u2013 - Real Club Mar\u00edtimo de Melilla","og_description":"BOLET\u00cdN INFORMATIVO A SOCIOS \u2013 Jueves 18 de Junio \u2013 -","og_url":"https:\/\/www.realclubmaritimomelilla.es\/clmar\/boletin-informativo-a-socios-jueves-18-de-junio\/","og_site_name":"Real Club Mar\u00edtimo de Melilla","article_publisher":"https:\/\/www.facebook.com\/Real-Club-Mar%c3%adtimo-de-Melilla-588495841234214\/","article_published_time":"2020-06-20T09:40:22+00:00","article_modified_time":"2021-07-20T09:38:49+00:00","og_image":[{"width":1417,"height":1063,"url":"https:\/\/www.realclubmaritimomelilla.es\/clmar\/wp-content\/uploads\/2016\/07\/1_PORTERIA1.jpg","type":"image\/jpeg"}],"author":"RCMMelilla","twitter_card":"summary_large_image","twitter_creator":"@nauticarcmm","twitter_site":"@nauticarcmm","twitter_misc":{"Escrito por":"RCMMelilla","Tiempo de lectura":"2 minutos"},"schema":{"@context":"https:\/\/schema.org","@graph":[{"@type":"Article","@id":"https:\/\/www.realclubmaritimomelilla.es\/clmar\/boletin-informativo-a-socios-jueves-18-de-junio\/#article","isPartOf":{"@id":"https:\/\/www.realclubmaritimomelilla.es\/clmar\/boletin-informativo-a-socios-jueves-18-de-junio\/"},"author":{"name":"RCMMelilla","@id":"https:\/\/www.realclubmaritimomelilla.es\/clmar\/#\/schema\/person\/ebaa3713496dc6d48c872452e73a8e79"},"headline":"BOLET\u00cdN INFORMATIVO A SOCIOS \u2013 Jueves 18 de Junio \u2013","datePublished":"2020-06-20T09:40:22+00:00","dateModified":"2021-07-20T09:38:49+00:00","mainEntityOfPage":{"@id":"https:\/\/www.realclubmaritimomelilla.es\/clmar\/boletin-informativo-a-socios-jueves-18-de-junio\/"},"wordCount":336,"commentCount":0,"publisher":{"@id":"https:\/\/www.realclubmaritimomelilla.es\/clmar\/#organization"},"image":{"@id":"https:\/\/www.realclubmaritimomelilla.es\/clmar\/boletin-informativo-a-socios-jueves-18-de-junio\/#primaryimage"},"thumbnailUrl":"https:\/\/www.realclubmaritimomelilla.es\/clmar\/wp-content\/uploads\/2016\/07\/1_PORTERIA1.jpg","articleSection":["BOLET\u00cdN"],"inLanguage":"es","potentialAction":[{"@type":"CommentAction","name":"Comment","target":["https:\/\/www.realclubmaritimomelilla.es\/clmar\/boletin-informativo-a-socios-jueves-18-de-junio\/#respond"]}]},{"@type":"WebPage","@id":"https:\/\/www.realclubmaritimomelilla.es\/clmar\/boletin-informativo-a-socios-jueves-18-de-junio\/","url":"https:\/\/www.realclubmaritimomelilla.es\/clmar\/boletin-informativo-a-socios-jueves-18-de-junio\/","name":"BOLET\u00cdN INFORMATIVO A SOCIOS \u2013 Jueves 18 de Junio \u2013 - Real Club Mar\u00edtimo de Melilla","isPartOf":{"@id":"https:\/\/www.realclubmaritimomelilla.es\/clmar\/#website"},"primaryImageOfPage":{"@id":"https:\/\/www.realclubmaritimomelilla.es\/clmar\/boletin-informativo-a-socios-jueves-18-de-junio\/#primaryimage"},"image":{"@id":"https:\/\/www.realclubmaritimomelilla.es\/clmar\/boletin-informativo-a-socios-jueves-18-de-junio\/#primaryimage"},"thumbnailUrl":"https:\/\/www.realclubmaritimomelilla.es\/clmar\/wp-content\/uploads\/2016\/07\/1_PORTERIA1.jpg","datePublished":"2020-06-20T09:40:22+00:00","dateModified":"2021-07-20T09:38:49+00:00","description":"BOLET\u00cdN INFORMATIVO A SOCIOS \u2013 Jueves 18 de Junio \u2013 -","breadcrumb":{"@id":"https:\/\/www.realclubmaritimomelilla.es\/clmar\/boletin-informativo-a-socios-jueves-18-de-junio\/#breadcrumb"},"inLanguage":"es","potentialAction":[{"@type":"ReadAction","target":["https:\/\/www.realclubmaritimomelilla.es\/clmar\/boletin-informativo-a-socios-jueves-18-de-junio\/"]}]},{"@type":"ImageObject","inLanguage":"es","@id":"https:\/\/www.realclubmaritimomelilla.es\/clmar\/boletin-informativo-a-socios-jueves-18-de-junio\/#primaryimage","url":"https:\/\/www.realclubmaritimomelilla.es\/clmar\/wp-content\/uploads\/2016\/07\/1_PORTERIA1.jpg","contentUrl":"https:\/\/www.realclubmaritimomelilla.es\/clmar\/wp-content\/uploads\/2016\/07\/1_PORTERIA1.jpg","width":1417,"height":1063},{"@type":"BreadcrumbList","@id":"https:\/\/www.realclubmaritimomelilla.es\/clmar\/boletin-informativo-a-socios-jueves-18-de-junio\/#breadcrumb","itemListElement":[{"@type":"ListItem","position":1,"name":"Portada","item":"https:\/\/www.realclubmaritimomelilla.es\/clmar\/"},{"@type":"ListItem","position":2,"name":"BOLET\u00cdN INFORMATIVO A SOCIOS \u2013 Jueves 18 de Junio \u2013"}]},{"@type":"WebSite","@id":"https:\/\/www.realclubmaritimomelilla.es\/clmar\/#website","url":"https:\/\/www.realclubmaritimomelilla.es\/clmar\/","name":"Real Club Mar\u00edtimo de Melilla","description":"RCMM","publisher":{"@id":"https:\/\/www.realclubmaritimomelilla.es\/clmar\/#organization"},"alternateName":"RCMM","potentialAction":[{"@type":"SearchAction","target":{"@type":"EntryPoint","urlTemplate":"https:\/\/www.realclubmaritimomelilla.es\/clmar\/?s={search_term_string}"},"query-input":{"@type":"PropertyValueSpecification","valueRequired":true,"valueName":"search_term_string"}}],"inLanguage":"es"},{"@type":"Organization","@id":"https:\/\/www.realclubmaritimomelilla.es\/clmar\/#organization","name":"Real Club Mar\u00edtimo de Melilla","alternateName":"RCMM","url":"https:\/\/www.realclubmaritimomelilla.es\/clmar\/","logo":{"@type":"ImageObject","inLanguage":"es","@id":"https:\/\/www.realclubmaritimomelilla.es\/clmar\/#\/schema\/logo\/image\/","url":"https:\/\/www.realclubmaritimomelilla.es\/clmar\/wp-content\/uploads\/logo-club-original-copia.jpg","contentUrl":"https:\/\/www.realclubmaritimomelilla.es\/clmar\/wp-content\/uploads\/logo-club-original-copia.jpg","width":128,"height":89,"caption":"Real Club Mar\u00edtimo de Melilla"},"image":{"@id":"https:\/\/www.realclubmaritimomelilla.es\/clmar\/#\/schema\/logo\/image\/"},"sameAs":["https:\/\/www.facebook.com\/Real-Club-Mar\u00edtimo-de-Melilla-588495841234214\/","https:\/\/x.com\/nauticarcmm","https:\/\/www.instagram.com\/club_maritimo_melilla\/","https:\/\/www.youtube.com\/@realclubmaritimodemelilla4703","https:\/\/es.wikipedia.org\/wiki\/Real_Club_Mar\u00edtimo_de_Melilla"]},{"@type":"Person","@id":"https:\/\/www.realclubmaritimomelilla.es\/clmar\/#\/schema\/person\/ebaa3713496dc6d48c872452e73a8e79","name":"RCMMelilla","image":{"@type":"ImageObject","inLanguage":"es","@id":"https:\/\/secure.gravatar.com\/avatar\/df1c24789360fb9308735c4ee556fc2bc5bf924bf01e53043b8b97ba272da33c?s=96&d=mm&r=g","url":"https:\/\/secure.gravatar.com\/avatar\/df1c24789360fb9308735c4ee556fc2bc5bf924bf01e53043b8b97ba272da33c?s=96&d=mm&r=g","contentUrl":"https:\/\/secure.gravatar.com\/avatar\/df1c24789360fb9308735c4ee556fc2bc5bf924bf01e53043b8b97ba272da33c?s=96&d=mm&r=g","caption":"RCMMelilla"}}]}},"_links":{"self":[{"href":"https:\/\/www.realclubmaritimomelilla.es\/clmar\/wp-json\/wp\/v2\/posts\/15200","targetHints":{"allow":["GET"]}}],"collection":[{"href":"https:\/\/www.realclubmaritimomelilla.es\/clmar\/wp-json\/wp\/v2\/posts"}],"about":[{"href":"https:\/\/www.realclubmaritimomelilla.es\/clmar\/wp-json\/wp\/v2\/types\/post"}],"author":[{"embeddable":true,"href":"https:\/\/www.realclubmaritimomelilla.es\/clmar\/wp-json\/wp\/v2\/users\/1"}],"replies":[{"embeddable":true,"href":"https:\/\/www.realclubmaritimomelilla.es\/clmar\/wp-json\/wp\/v2\/comments?post=15200"}],"version-history":[{"count":1,"href":"https:\/\/www.realclubmaritimomelilla.es\/clmar\/wp-json\/wp\/v2\/posts\/15200\/revisions"}],"predecessor-version":[{"id":16013,"href":"https:\/\/www.realclubmaritimomelilla.es\/clmar\/wp-json\/wp\/v2\/posts\/15200\/revisions\/16013"}],"wp:featuredmedia":[{"embeddable":true,"href":"https:\/\/www.realclubmaritimomelilla.es\/clmar\/wp-json\/wp\/v2\/media\/12812"}],"wp:attachment":[{"href":"https:\/\/www.realclubmaritimomelilla.es\/clmar\/wp-json\/wp\/v2\/media?parent=15200"}],"wp:term":[{"taxonomy":"category","embeddable":true,"href":"https:\/\/www.realclubmaritimomelilla.es\/clmar\/wp-json\/wp\/v2\/categories?post=15200"},{"taxonomy":"post_tag","embeddable":true,"href":"https:\/\/www.realclubmaritimomelilla.es\/clmar\/wp-json\/wp\/v2\/tags?post=15200"}],"curies":[{"name":"wp","href":"https:\/\/api.w.org\/{rel}","templated":true}]}}