{"id":15188,"date":"2020-06-01T09:16:04","date_gmt":"2020-06-01T07:16:04","guid":{"rendered":"http:\/\/www.clubmaritimomelilla.es\/clmar\/?p=15188"},"modified":"2021-07-20T11:38:49","modified_gmt":"2021-07-20T09:38:49","slug":"el-real-club-maritimo-de-melilla-recupera-la-actividad-nautica-poco-a-poco","status":"publish","type":"post","link":"https:\/\/www.realclubmaritimomelilla.es\/clmar\/el-real-club-maritimo-de-melilla-recupera-la-actividad-nautica-poco-a-poco\/","title":{"rendered":"EL REAL CLUB M\u00c1RITIMO DE MELILLA RECUPERA LA ACTIVIDAD N\u00c1UTICA POCO A POCO"},"content":{"rendered":"<p>Esta semana, atendiendo a todos los protocolos y especificaciones marcadas por las autoridades sanitarias, el Real Club Mar\u00edtimo de Melilla (RCMM) ha recuperado una de sus actividades habituales, la vela. Dentro de la Fase 2 de la desescalada, han comenzado los entrenamientos del equipo de regatas, en embarcaciones individuales.<\/p>\n<p>Durante los meses que la normalidad ha venido alterada por la pandemia del Covid19 y el estado de alarma en el que se encuentra nuestro pa\u00eds, desde el Real Club Maritimo de Melilla se han articulado distintos medios para mantener el contacto con la flota de vela ligera y continuar con las actividades que se han podido adaptar.<\/p>\n<p>No ha sido hasta esta semana, despu\u00e9s de comprobar que se cumpl\u00edan todos los requisitos que marcan las normas sanitarias y los preceptos del Consejo Superior de Deportes o Marina Mercante, cuando se han iniciado los entrenamientos presenciales de los deportistas del equipo de regatas. En los pr\u00f3ximos d\u00edas, tambi\u00e9n se ir\u00e1n incorporando los regatistas de la escuela de iniciaci\u00f3n.<\/p>\n<p>\u201cLos regatistas estaban deseando volver a navegar, pero ten\u00edamos muy claro que hab\u00eda que cumplir todos los protocolos de seguridad. Tenemos la suerte que nuestro deporte se realiza al aire libre, cada deportista va en su barco de forma individual y tambi\u00e9n se guarda la distancia social. As\u00ed que poco a poco seguiremos avanzando, hasta que la normalidad vuelva y podamos realizar todas las actividades que hacemos habitualmente en el Club Mar\u00edtimo de Melilla\u201d, afirmaba Fidel Mart\u00ednez, responsable t\u00e9cnico del Equipo de Regatas del RCMM.<\/p>\n<p>Desde que comenz\u00f3 el confinamiento, desde el Club Mar\u00edtimo se ha desarrollado una competici\u00f3n virtual, al tiempo de colaborar tanto con la Federaci\u00f3n Espa\u00f1ola de Vela como con la Asociaci\u00f3n Espa\u00f1ola de Clubes N\u00e1uticos para poner campeonatos nacionales y trofeos ben\u00e9ficos en marcha. Al mismo tiempo, los entrenadores del RCMM han continuado con las sesiones t\u00e9cnicas y f\u00edsicas con sus regatistas, en este caso, aprovechando las opciones online que han permitido las nuevas tecnolog\u00edas.<\/p>\n<p>A partir de ahora, se continuar\u00e1 con las sesiones de entrenamiento en la bah\u00eda melillenses, avanzando con cautela en las fases de la desescalada y siguiendo las indicaciones de las autoridades deportivas y sanitarias.<\/p>\n<p>De igual forma, el presidente de la entidad, Jos\u00e9 Manuel Calzado, aprovech\u00f3 las redes sociales para mostrar su satisfacci\u00f3n por la vuelta a las actividades n\u00e1uticas: \u201cPoco a poco y con la colaboraci\u00f3n de todos los socios, iremos recuperando la normalidad; hoy hemos dado otro paso. Nuestros regatistas vuelven a disfrutar del mar\u201d.<br \/>\n<div class=\"fusion-fullwidth fullwidth-box fusion-builder-row-1 hundred-percent-fullwidth non-hundred-percent-height-scrolling\" style=\"background-color: #ffffff;background-position: center center;background-repeat: no-repeat;padding-top:0px;padding-right:0px;padding-bottom:0px;padding-left:0px;margin-bottom: 0px;margin-top: 0px;border-width: 0px 0px 0px 0px;border-color:#eae9e9;border-style:solid;\" ><div class=\"fusion-builder-row fusion-row\"><div class=\"fusion-layout-column fusion_builder_column fusion-builder-column-0 fusion_builder_column_1_1 1_1 fusion-one-full fusion-column-first fusion-column-last fusion-column-no-min-height\" style=\"margin-top:0px;margin-bottom:0px;\"><div class=\"fusion-column-wrapper fusion-flex-column-wrapper-legacy\" style=\"background-position:left top;background-repeat:no-repeat;-webkit-background-size:cover;-moz-background-size:cover;-o-background-size:cover;background-size:cover;padding: 0px 0px 0px 0px;\">\n\t\t<style type=\"text\/css\">\n\t\t\t#gallery-1 {\n\t\t\t\tmargin: auto;\n\t\t\t}\n\t\t\t#gallery-1 .gallery-item {\n\t\t\t\tfloat: left;\n\t\t\t\tmargin-top: 10px;\n\t\t\t\ttext-align: center;\n\t\t\t\twidth: 33%;\n\t\t\t}\n\t\t\t#gallery-1 img {\n\t\t\t\tborder: 2px solid #cfcfcf;\n\t\t\t}\n\t\t\t#gallery-1 .gallery-caption {\n\t\t\t\tmargin-left: 0;\n\t\t\t}\n\t\t\t\/* see gallery_shortcode() in wp-includes\/media.php *\/\n\t\t<\/style>\n\t\t<div id='gallery-1' class='gallery galleryid-15188 gallery-columns-3 gallery-size-large'><dl class='gallery-item'>\n\t\t\t<dt class='gallery-icon landscape'>\n\t\t\t\t<a data-rel=\"iLightbox[postimages]\" data-title=\"vuelva a navegar ER RCMM\" data-caption=\"\" href='https:\/\/www.realclubmaritimomelilla.es\/clmar\/vuelva-a-navegar-er-rcmm\/'><img decoding=\"async\" width=\"1024\" height=\"768\" src=\"https:\/\/www.realclubmaritimomelilla.es\/clmar\/wp-content\/uploads\/2020\/06\/vuelva-a-navegar-ER-RCMM-3-1024x768.jpg\" class=\"attachment-large size-large\" alt=\"\" srcset=\"https:\/\/www.realclubmaritimomelilla.es\/clmar\/wp-content\/uploads\/2020\/06\/vuelva-a-navegar-ER-RCMM-3-300x225.jpg 300w, https:\/\/www.realclubmaritimomelilla.es\/clmar\/wp-content\/uploads\/2020\/06\/vuelva-a-navegar-ER-RCMM-3-600x450.jpg 600w, https:\/\/www.realclubmaritimomelilla.es\/clmar\/wp-content\/uploads\/2020\/06\/vuelva-a-navegar-ER-RCMM-3-768x576.jpg 768w, https:\/\/www.realclubmaritimomelilla.es\/clmar\/wp-content\/uploads\/2020\/06\/vuelva-a-navegar-ER-RCMM-3-1024x768.jpg 1024w, https:\/\/www.realclubmaritimomelilla.es\/clmar\/wp-content\/uploads\/2020\/06\/vuelva-a-navegar-ER-RCMM-3-1536x1152.jpg 1536w, https:\/\/www.realclubmaritimomelilla.es\/clmar\/wp-content\/uploads\/2020\/06\/vuelva-a-navegar-ER-RCMM-3.jpg 1600w\" sizes=\"(max-width: 1024px) 100vw, 1024px\" \/><\/a>\n\t\t\t<\/dt><\/dl><dl class='gallery-item'>\n\t\t\t<dt class='gallery-icon landscape'>\n\t\t\t\t<a data-rel=\"iLightbox[postimages]\" data-title=\"vuelva a navegar ER RCMM2\" data-caption=\"\" href='https:\/\/www.realclubmaritimomelilla.es\/clmar\/vuelva-a-navegar-er-rcmm2\/'><img decoding=\"async\" width=\"1024\" height=\"768\" src=\"https:\/\/www.realclubmaritimomelilla.es\/clmar\/wp-content\/uploads\/2020\/06\/vuelva-a-navegar-ER-RCMM2-3-1024x768.jpg\" class=\"attachment-large size-large\" alt=\"\" srcset=\"https:\/\/www.realclubmaritimomelilla.es\/clmar\/wp-content\/uploads\/2020\/06\/vuelva-a-navegar-ER-RCMM2-3-300x225.jpg 300w, https:\/\/www.realclubmaritimomelilla.es\/clmar\/wp-content\/uploads\/2020\/06\/vuelva-a-navegar-ER-RCMM2-3-600x450.jpg 600w, https:\/\/www.realclubmaritimomelilla.es\/clmar\/wp-content\/uploads\/2020\/06\/vuelva-a-navegar-ER-RCMM2-3-768x576.jpg 768w, https:\/\/www.realclubmaritimomelilla.es\/clmar\/wp-content\/uploads\/2020\/06\/vuelva-a-navegar-ER-RCMM2-3-1024x768.jpg 1024w, https:\/\/www.realclubmaritimomelilla.es\/clmar\/wp-content\/uploads\/2020\/06\/vuelva-a-navegar-ER-RCMM2-3-1536x1152.jpg 1536w, https:\/\/www.realclubmaritimomelilla.es\/clmar\/wp-content\/uploads\/2020\/06\/vuelva-a-navegar-ER-RCMM2-3.jpg 1600w\" sizes=\"(max-width: 1024px) 100vw, 1024px\" \/><\/a>\n\t\t\t<\/dt><\/dl><dl class='gallery-item'>\n\t\t\t<dt class='gallery-icon landscape'>\n\t\t\t\t<a data-rel=\"iLightbox[postimages]\" data-title=\"vuelva a navegar ER RCMM3\" data-caption=\"\" href='https:\/\/www.realclubmaritimomelilla.es\/clmar\/vuelva-a-navegar-er-rcmm3\/'><img decoding=\"async\" width=\"1024\" height=\"768\" src=\"https:\/\/www.realclubmaritimomelilla.es\/clmar\/wp-content\/uploads\/2020\/06\/vuelva-a-navegar-ER-RCMM3-3-1024x768.jpg\" class=\"attachment-large size-large\" alt=\"\" srcset=\"https:\/\/www.realclubmaritimomelilla.es\/clmar\/wp-content\/uploads\/2020\/06\/vuelva-a-navegar-ER-RCMM3-3-300x225.jpg 300w, https:\/\/www.realclubmaritimomelilla.es\/clmar\/wp-content\/uploads\/2020\/06\/vuelva-a-navegar-ER-RCMM3-3-600x450.jpg 600w, https:\/\/www.realclubmaritimomelilla.es\/clmar\/wp-content\/uploads\/2020\/06\/vuelva-a-navegar-ER-RCMM3-3-768x576.jpg 768w, https:\/\/www.realclubmaritimomelilla.es\/clmar\/wp-content\/uploads\/2020\/06\/vuelva-a-navegar-ER-RCMM3-3-1024x768.jpg 1024w, https:\/\/www.realclubmaritimomelilla.es\/clmar\/wp-content\/uploads\/2020\/06\/vuelva-a-navegar-ER-RCMM3-3-1536x1152.jpg 1536w, https:\/\/www.realclubmaritimomelilla.es\/clmar\/wp-content\/uploads\/2020\/06\/vuelva-a-navegar-ER-RCMM3-3.jpg 1600w\" sizes=\"(max-width: 1024px) 100vw, 1024px\" \/><\/a>\n\t\t\t<\/dt><\/dl><br style=\"clear: both\" \/><dl class='gallery-item'>\n\t\t\t<dt class='gallery-icon landscape'>\n\t\t\t\t<a data-rel=\"iLightbox[postimages]\" data-title=\"vuelva a navegar ER RCMM4\" data-caption=\"\" href='https:\/\/www.realclubmaritimomelilla.es\/clmar\/vuelva-a-navegar-er-rcmm4\/'><img decoding=\"async\" width=\"1024\" height=\"768\" src=\"https:\/\/www.realclubmaritimomelilla.es\/clmar\/wp-content\/uploads\/2020\/06\/vuelva-a-navegar-ER-RCMM4-2-1024x768.jpg\" class=\"attachment-large size-large\" alt=\"\" srcset=\"https:\/\/www.realclubmaritimomelilla.es\/clmar\/wp-content\/uploads\/2020\/06\/vuelva-a-navegar-ER-RCMM4-2-300x225.jpg 300w, https:\/\/www.realclubmaritimomelilla.es\/clmar\/wp-content\/uploads\/2020\/06\/vuelva-a-navegar-ER-RCMM4-2-600x450.jpg 600w, https:\/\/www.realclubmaritimomelilla.es\/clmar\/wp-content\/uploads\/2020\/06\/vuelva-a-navegar-ER-RCMM4-2-768x576.jpg 768w, https:\/\/www.realclubmaritimomelilla.es\/clmar\/wp-content\/uploads\/2020\/06\/vuelva-a-navegar-ER-RCMM4-2-1024x768.jpg 1024w, https:\/\/www.realclubmaritimomelilla.es\/clmar\/wp-content\/uploads\/2020\/06\/vuelva-a-navegar-ER-RCMM4-2-1536x1152.jpg 1536w, https:\/\/www.realclubmaritimomelilla.es\/clmar\/wp-content\/uploads\/2020\/06\/vuelva-a-navegar-ER-RCMM4-2.jpg 1600w\" sizes=\"(max-width: 1024px) 100vw, 1024px\" \/><\/a>\n\t\t\t<\/dt><\/dl><dl class='gallery-item'>\n\t\t\t<dt class='gallery-icon landscape'>\n\t\t\t\t<a data-rel=\"iLightbox[postimages]\" data-title=\"vuelva a navegar ER RCMM5\" data-caption=\"\" href='https:\/\/www.realclubmaritimomelilla.es\/clmar\/vuelva-a-navegar-er-rcmm5\/'><img decoding=\"async\" width=\"1024\" height=\"768\" src=\"https:\/\/www.realclubmaritimomelilla.es\/clmar\/wp-content\/uploads\/2020\/06\/vuelva-a-navegar-ER-RCMM5-3-1024x768.jpg\" class=\"attachment-large size-large\" alt=\"\" srcset=\"https:\/\/www.realclubmaritimomelilla.es\/clmar\/wp-content\/uploads\/2020\/06\/vuelva-a-navegar-ER-RCMM5-3-300x225.jpg 300w, https:\/\/www.realclubmaritimomelilla.es\/clmar\/wp-content\/uploads\/2020\/06\/vuelva-a-navegar-ER-RCMM5-3-600x450.jpg 600w, https:\/\/www.realclubmaritimomelilla.es\/clmar\/wp-content\/uploads\/2020\/06\/vuelva-a-navegar-ER-RCMM5-3-768x576.jpg 768w, https:\/\/www.realclubmaritimomelilla.es\/clmar\/wp-content\/uploads\/2020\/06\/vuelva-a-navegar-ER-RCMM5-3-1024x768.jpg 1024w, https:\/\/www.realclubmaritimomelilla.es\/clmar\/wp-content\/uploads\/2020\/06\/vuelva-a-navegar-ER-RCMM5-3-1536x1152.jpg 1536w, https:\/\/www.realclubmaritimomelilla.es\/clmar\/wp-content\/uploads\/2020\/06\/vuelva-a-navegar-ER-RCMM5-3.jpg 1600w\" sizes=\"(max-width: 1024px) 100vw, 1024px\" \/><\/a>\n\t\t\t<\/dt><\/dl><dl class='gallery-item'>\n\t\t\t<dt class='gallery-icon landscape'>\n\t\t\t\t<a data-rel=\"iLightbox[postimages]\" data-title=\"vuelva a navegar ER RCMM6\" data-caption=\"\" href='https:\/\/www.realclubmaritimomelilla.es\/clmar\/vuelva-a-navegar-er-rcmm6\/'><img decoding=\"async\" width=\"1024\" height=\"768\" src=\"https:\/\/www.realclubmaritimomelilla.es\/clmar\/wp-content\/uploads\/2020\/06\/vuelva-a-navegar-ER-RCMM6-2-1024x768.jpg\" class=\"attachment-large size-large\" alt=\"\" srcset=\"https:\/\/www.realclubmaritimomelilla.es\/clmar\/wp-content\/uploads\/2020\/06\/vuelva-a-navegar-ER-RCMM6-2-300x225.jpg 300w, https:\/\/www.realclubmaritimomelilla.es\/clmar\/wp-content\/uploads\/2020\/06\/vuelva-a-navegar-ER-RCMM6-2-600x450.jpg 600w, https:\/\/www.realclubmaritimomelilla.es\/clmar\/wp-content\/uploads\/2020\/06\/vuelva-a-navegar-ER-RCMM6-2-768x576.jpg 768w, https:\/\/www.realclubmaritimomelilla.es\/clmar\/wp-content\/uploads\/2020\/06\/vuelva-a-navegar-ER-RCMM6-2-1024x768.jpg 1024w, https:\/\/www.realclubmaritimomelilla.es\/clmar\/wp-content\/uploads\/2020\/06\/vuelva-a-navegar-ER-RCMM6-2-1536x1152.jpg 1536w, https:\/\/www.realclubmaritimomelilla.es\/clmar\/wp-content\/uploads\/2020\/06\/vuelva-a-navegar-ER-RCMM6-2.jpg 1600w\" sizes=\"(max-width: 1024px) 100vw, 1024px\" \/><\/a>\n\t\t\t<\/dt><\/dl><br style=\"clear: both\" \/><dl class='gallery-item'>\n\t\t\t<dt class='gallery-icon landscape'>\n\t\t\t\t<a data-rel=\"iLightbox[postimages]\" data-title=\"vuelva a navegar ER RCMM7\" data-caption=\"\" href='https:\/\/www.realclubmaritimomelilla.es\/clmar\/vuelva-a-navegar-er-rcmm7\/'><img decoding=\"async\" width=\"1024\" height=\"768\" src=\"https:\/\/www.realclubmaritimomelilla.es\/clmar\/wp-content\/uploads\/2020\/06\/vuelva-a-navegar-ER-RCMM7-2-1024x768.jpg\" class=\"attachment-large size-large\" alt=\"\" srcset=\"https:\/\/www.realclubmaritimomelilla.es\/clmar\/wp-content\/uploads\/2020\/06\/vuelva-a-navegar-ER-RCMM7-2-300x225.jpg 300w, https:\/\/www.realclubmaritimomelilla.es\/clmar\/wp-content\/uploads\/2020\/06\/vuelva-a-navegar-ER-RCMM7-2-600x450.jpg 600w, https:\/\/www.realclubmaritimomelilla.es\/clmar\/wp-content\/uploads\/2020\/06\/vuelva-a-navegar-ER-RCMM7-2-768x576.jpg 768w, https:\/\/www.realclubmaritimomelilla.es\/clmar\/wp-content\/uploads\/2020\/06\/vuelva-a-navegar-ER-RCMM7-2-1024x768.jpg 1024w, https:\/\/www.realclubmaritimomelilla.es\/clmar\/wp-content\/uploads\/2020\/06\/vuelva-a-navegar-ER-RCMM7-2-1536x1152.jpg 1536w, https:\/\/www.realclubmaritimomelilla.es\/clmar\/wp-content\/uploads\/2020\/06\/vuelva-a-navegar-ER-RCMM7-2.jpg 1600w\" sizes=\"(max-width: 1024px) 100vw, 1024px\" \/><\/a>\n\t\t\t<\/dt><\/dl><dl class='gallery-item'>\n\t\t\t<dt class='gallery-icon landscape'>\n\t\t\t\t<a data-rel=\"iLightbox[postimages]\" data-title=\"vuelva a navegar ER RCMM8\" data-caption=\"\" href='https:\/\/www.realclubmaritimomelilla.es\/clmar\/vuelva-a-navegar-er-rcmm8\/'><img decoding=\"async\" width=\"1024\" height=\"768\" src=\"https:\/\/www.realclubmaritimomelilla.es\/clmar\/wp-content\/uploads\/2020\/06\/vuelva-a-navegar-ER-RCMM8-3-1024x768.jpg\" class=\"attachment-large size-large\" alt=\"\" srcset=\"https:\/\/www.realclubmaritimomelilla.es\/clmar\/wp-content\/uploads\/2020\/06\/vuelva-a-navegar-ER-RCMM8-3-300x225.jpg 300w, https:\/\/www.realclubmaritimomelilla.es\/clmar\/wp-content\/uploads\/2020\/06\/vuelva-a-navegar-ER-RCMM8-3-600x450.jpg 600w, https:\/\/www.realclubmaritimomelilla.es\/clmar\/wp-content\/uploads\/2020\/06\/vuelva-a-navegar-ER-RCMM8-3-768x576.jpg 768w, https:\/\/www.realclubmaritimomelilla.es\/clmar\/wp-content\/uploads\/2020\/06\/vuelva-a-navegar-ER-RCMM8-3-1024x768.jpg 1024w, https:\/\/www.realclubmaritimomelilla.es\/clmar\/wp-content\/uploads\/2020\/06\/vuelva-a-navegar-ER-RCMM8-3-1536x1152.jpg 1536w, https:\/\/www.realclubmaritimomelilla.es\/clmar\/wp-content\/uploads\/2020\/06\/vuelva-a-navegar-ER-RCMM8-3.jpg 1600w\" sizes=\"(max-width: 1024px) 100vw, 1024px\" \/><\/a>\n\t\t\t<\/dt><\/dl><dl class='gallery-item'>\n\t\t\t<dt class='gallery-icon landscape'>\n\t\t\t\t<a data-rel=\"iLightbox[postimages]\" data-title=\"vuelva a navegar ER RCMM9\" data-caption=\"\" href='https:\/\/www.realclubmaritimomelilla.es\/clmar\/vuelva-a-navegar-er-rcmm9\/'><img decoding=\"async\" width=\"1024\" height=\"768\" src=\"https:\/\/www.realclubmaritimomelilla.es\/clmar\/wp-content\/uploads\/2020\/06\/vuelva-a-navegar-ER-RCMM9-3-1024x768.jpg\" class=\"attachment-large size-large\" alt=\"\" srcset=\"https:\/\/www.realclubmaritimomelilla.es\/clmar\/wp-content\/uploads\/2020\/06\/vuelva-a-navegar-ER-RCMM9-3-300x225.jpg 300w, https:\/\/www.realclubmaritimomelilla.es\/clmar\/wp-content\/uploads\/2020\/06\/vuelva-a-navegar-ER-RCMM9-3-600x450.jpg 600w, https:\/\/www.realclubmaritimomelilla.es\/clmar\/wp-content\/uploads\/2020\/06\/vuelva-a-navegar-ER-RCMM9-3-768x576.jpg 768w, https:\/\/www.realclubmaritimomelilla.es\/clmar\/wp-content\/uploads\/2020\/06\/vuelva-a-navegar-ER-RCMM9-3-1024x768.jpg 1024w, https:\/\/www.realclubmaritimomelilla.es\/clmar\/wp-content\/uploads\/2020\/06\/vuelva-a-navegar-ER-RCMM9-3-1536x1152.jpg 1536w, https:\/\/www.realclubmaritimomelilla.es\/clmar\/wp-content\/uploads\/2020\/06\/vuelva-a-navegar-ER-RCMM9-3.jpg 1600w\" sizes=\"(max-width: 1024px) 100vw, 1024px\" \/><\/a>\n\t\t\t<\/dt><\/dl><br style=\"clear: both\" \/><dl class='gallery-item'>\n\t\t\t<dt class='gallery-icon landscape'>\n\t\t\t\t<a data-rel=\"iLightbox[postimages]\" data-title=\"vuelva a navegar ER RCMM10\" data-caption=\"\" href='https:\/\/www.realclubmaritimomelilla.es\/clmar\/vuelva-a-navegar-er-rcmm10\/'><img decoding=\"async\" width=\"1024\" height=\"768\" src=\"https:\/\/www.realclubmaritimomelilla.es\/clmar\/wp-content\/uploads\/2020\/06\/vuelva-a-navegar-ER-RCMM10-3-1024x768.jpg\" class=\"attachment-large size-large\" alt=\"\" srcset=\"https:\/\/www.realclubmaritimomelilla.es\/clmar\/wp-content\/uploads\/2020\/06\/vuelva-a-navegar-ER-RCMM10-3-300x225.jpg 300w, https:\/\/www.realclubmaritimomelilla.es\/clmar\/wp-content\/uploads\/2020\/06\/vuelva-a-navegar-ER-RCMM10-3-600x450.jpg 600w, https:\/\/www.realclubmaritimomelilla.es\/clmar\/wp-content\/uploads\/2020\/06\/vuelva-a-navegar-ER-RCMM10-3-768x576.jpg 768w, https:\/\/www.realclubmaritimomelilla.es\/clmar\/wp-content\/uploads\/2020\/06\/vuelva-a-navegar-ER-RCMM10-3-1024x768.jpg 1024w, https:\/\/www.realclubmaritimomelilla.es\/clmar\/wp-content\/uploads\/2020\/06\/vuelva-a-navegar-ER-RCMM10-3-1536x1152.jpg 1536w, https:\/\/www.realclubmaritimomelilla.es\/clmar\/wp-content\/uploads\/2020\/06\/vuelva-a-navegar-ER-RCMM10-3.jpg 1600w\" sizes=\"(max-width: 1024px) 100vw, 1024px\" \/><\/a>\n\t\t\t<\/dt><\/dl>\n\t\t\t<br style='clear: both' \/>\n\t\t<\/div>\n<div class=\"fusion-clearfix\"><\/div><\/div><\/div><\/div><style type=\"text\/css\">.fusion-fullwidth.fusion-builder-row-1 { overflow:visible; }<\/style><\/div><\/p>\n","protected":false},"excerpt":{"rendered":"<p>Esta semana, atendiendo a todos los protocolos y especificaciones marcadas por las autoridades sanitarias, el Real Club Mar\u00edtimo de Melilla (RCMM) ha recuperado una de sus actividades habituales, la vela. Dentro de la Fase 2 de la desescalada, han comenzado los entrenamientos del equipo de regatas, en embarcaciones individuales. Durante los meses que la normalidad [&hellip;]<\/p>\n","protected":false},"author":1,"featured_media":15190,"comment_status":"open","ping_status":"open","sticky":false,"template":"","format":"standard","meta":{"_acf_changed":false,"footnotes":""},"categories":[1],"tags":[],"class_list":["post-15188","post","type-post","status-publish","format-standard","has-post-thumbnail","hentry","category-sin-categoria"],"acf":[],"yoast_head":"<!-- This site is optimized with the Yoast SEO plugin v27.5 - https:\/\/yoast.com\/product\/yoast-seo-wordpress\/ -->\n<title>EL REAL CLUB M\u00c1RITIMO DE MELILLA RECUPERA LA ACTIVIDAD N\u00c1UTICA POCO A POCO - Real Club Mar\u00edtimo de Melilla<\/title>\n<meta name=\"description\" content=\"EL REAL CLUB M\u00c1RITIMO DE MELILLA RECUPERA LA ACTIVIDAD N\u00c1UTICA POCO A POCO -\" \/>\n<meta name=\"robots\" content=\"index, follow, max-snippet:-1, max-image-preview:large, max-video-preview:-1\" \/>\n<link rel=\"canonical\" href=\"https:\/\/www.realclubmaritimomelilla.es\/clmar\/el-real-club-maritimo-de-melilla-recupera-la-actividad-nautica-poco-a-poco\/\" \/>\n<meta property=\"og:locale\" content=\"es_ES\" \/>\n<meta property=\"og:type\" content=\"article\" \/>\n<meta property=\"og:title\" content=\"EL REAL CLUB M\u00c1RITIMO DE MELILLA RECUPERA LA ACTIVIDAD N\u00c1UTICA POCO A POCO - Real Club Mar\u00edtimo de Melilla\" \/>\n<meta property=\"og:description\" content=\"EL REAL CLUB M\u00c1RITIMO DE MELILLA RECUPERA LA ACTIVIDAD N\u00c1UTICA POCO A POCO -\" \/>\n<meta property=\"og:url\" content=\"https:\/\/www.realclubmaritimomelilla.es\/clmar\/el-real-club-maritimo-de-melilla-recupera-la-actividad-nautica-poco-a-poco\/\" \/>\n<meta property=\"og:site_name\" content=\"Real Club Mar\u00edtimo de Melilla\" \/>\n<meta property=\"article:publisher\" content=\"https:\/\/www.facebook.com\/Real-Club-Mar%c3%adtimo-de-Melilla-588495841234214\/\" \/>\n<meta property=\"article:published_time\" content=\"2020-06-01T07:16:04+00:00\" \/>\n<meta property=\"article:modified_time\" content=\"2021-07-20T09:38:49+00:00\" \/>\n<meta property=\"og:image\" content=\"https:\/\/www.realclubmaritimomelilla.es\/clmar\/wp-content\/uploads\/2020\/06\/vuelva-a-navegar-ER-RCMM2-3.jpg\" \/>\n\t<meta property=\"og:image:width\" content=\"1600\" \/>\n\t<meta property=\"og:image:height\" content=\"1200\" \/>\n\t<meta property=\"og:image:type\" content=\"image\/jpeg\" \/>\n<meta name=\"author\" content=\"RCMMelilla\" \/>\n<meta name=\"twitter:card\" content=\"summary_large_image\" \/>\n<meta name=\"twitter:creator\" content=\"@nauticarcmm\" \/>\n<meta name=\"twitter:site\" content=\"@nauticarcmm\" \/>\n<meta name=\"twitter:label1\" content=\"Escrito por\" \/>\n\t<meta name=\"twitter:data1\" content=\"RCMMelilla\" \/>\n\t<meta name=\"twitter:label2\" content=\"Tiempo de lectura\" \/>\n\t<meta name=\"twitter:data2\" content=\"3 minutos\" \/>\n<script type=\"application\/ld+json\" class=\"yoast-schema-graph\">{\"@context\":\"https:\\\/\\\/schema.org\",\"@graph\":[{\"@type\":\"Article\",\"@id\":\"https:\\\/\\\/www.realclubmaritimomelilla.es\\\/clmar\\\/el-real-club-maritimo-de-melilla-recupera-la-actividad-nautica-poco-a-poco\\\/#article\",\"isPartOf\":{\"@id\":\"https:\\\/\\\/www.realclubmaritimomelilla.es\\\/clmar\\\/el-real-club-maritimo-de-melilla-recupera-la-actividad-nautica-poco-a-poco\\\/\"},\"author\":{\"name\":\"RCMMelilla\",\"@id\":\"https:\\\/\\\/www.realclubmaritimomelilla.es\\\/clmar\\\/#\\\/schema\\\/person\\\/ebaa3713496dc6d48c872452e73a8e79\"},\"headline\":\"EL REAL CLUB M\u00c1RITIMO DE MELILLA RECUPERA LA ACTIVIDAD N\u00c1UTICA POCO A POCO\",\"datePublished\":\"2020-06-01T07:16:04+00:00\",\"dateModified\":\"2021-07-20T09:38:49+00:00\",\"mainEntityOfPage\":{\"@id\":\"https:\\\/\\\/www.realclubmaritimomelilla.es\\\/clmar\\\/el-real-club-maritimo-de-melilla-recupera-la-actividad-nautica-poco-a-poco\\\/\"},\"wordCount\":531,\"commentCount\":0,\"publisher\":{\"@id\":\"https:\\\/\\\/www.realclubmaritimomelilla.es\\\/clmar\\\/#organization\"},\"image\":{\"@id\":\"https:\\\/\\\/www.realclubmaritimomelilla.es\\\/clmar\\\/el-real-club-maritimo-de-melilla-recupera-la-actividad-nautica-poco-a-poco\\\/#primaryimage\"},\"thumbnailUrl\":\"https:\\\/\\\/www.realclubmaritimomelilla.es\\\/clmar\\\/wp-content\\\/uploads\\\/2020\\\/06\\\/vuelva-a-navegar-ER-RCMM2-3.jpg\",\"inLanguage\":\"es\",\"potentialAction\":[{\"@type\":\"CommentAction\",\"name\":\"Comment\",\"target\":[\"https:\\\/\\\/www.realclubmaritimomelilla.es\\\/clmar\\\/el-real-club-maritimo-de-melilla-recupera-la-actividad-nautica-poco-a-poco\\\/#respond\"]}]},{\"@type\":\"WebPage\",\"@id\":\"https:\\\/\\\/www.realclubmaritimomelilla.es\\\/clmar\\\/el-real-club-maritimo-de-melilla-recupera-la-actividad-nautica-poco-a-poco\\\/\",\"url\":\"https:\\\/\\\/www.realclubmaritimomelilla.es\\\/clmar\\\/el-real-club-maritimo-de-melilla-recupera-la-actividad-nautica-poco-a-poco\\\/\",\"name\":\"EL REAL CLUB M\u00c1RITIMO DE MELILLA RECUPERA LA ACTIVIDAD N\u00c1UTICA POCO A POCO - Real Club Mar\u00edtimo de Melilla\",\"isPartOf\":{\"@id\":\"https:\\\/\\\/www.realclubmaritimomelilla.es\\\/clmar\\\/#website\"},\"primaryImageOfPage\":{\"@id\":\"https:\\\/\\\/www.realclubmaritimomelilla.es\\\/clmar\\\/el-real-club-maritimo-de-melilla-recupera-la-actividad-nautica-poco-a-poco\\\/#primaryimage\"},\"image\":{\"@id\":\"https:\\\/\\\/www.realclubmaritimomelilla.es\\\/clmar\\\/el-real-club-maritimo-de-melilla-recupera-la-actividad-nautica-poco-a-poco\\\/#primaryimage\"},\"thumbnailUrl\":\"https:\\\/\\\/www.realclubmaritimomelilla.es\\\/clmar\\\/wp-content\\\/uploads\\\/2020\\\/06\\\/vuelva-a-navegar-ER-RCMM2-3.jpg\",\"datePublished\":\"2020-06-01T07:16:04+00:00\",\"dateModified\":\"2021-07-20T09:38:49+00:00\",\"description\":\"EL REAL CLUB M\u00c1RITIMO DE MELILLA RECUPERA LA ACTIVIDAD N\u00c1UTICA POCO A POCO -\",\"breadcrumb\":{\"@id\":\"https:\\\/\\\/www.realclubmaritimomelilla.es\\\/clmar\\\/el-real-club-maritimo-de-melilla-recupera-la-actividad-nautica-poco-a-poco\\\/#breadcrumb\"},\"inLanguage\":\"es\",\"potentialAction\":[{\"@type\":\"ReadAction\",\"target\":[\"https:\\\/\\\/www.realclubmaritimomelilla.es\\\/clmar\\\/el-real-club-maritimo-de-melilla-recupera-la-actividad-nautica-poco-a-poco\\\/\"]}]},{\"@type\":\"ImageObject\",\"inLanguage\":\"es\",\"@id\":\"https:\\\/\\\/www.realclubmaritimomelilla.es\\\/clmar\\\/el-real-club-maritimo-de-melilla-recupera-la-actividad-nautica-poco-a-poco\\\/#primaryimage\",\"url\":\"https:\\\/\\\/www.realclubmaritimomelilla.es\\\/clmar\\\/wp-content\\\/uploads\\\/2020\\\/06\\\/vuelva-a-navegar-ER-RCMM2-3.jpg\",\"contentUrl\":\"https:\\\/\\\/www.realclubmaritimomelilla.es\\\/clmar\\\/wp-content\\\/uploads\\\/2020\\\/06\\\/vuelva-a-navegar-ER-RCMM2-3.jpg\",\"width\":1600,\"height\":1200},{\"@type\":\"BreadcrumbList\",\"@id\":\"https:\\\/\\\/www.realclubmaritimomelilla.es\\\/clmar\\\/el-real-club-maritimo-de-melilla-recupera-la-actividad-nautica-poco-a-poco\\\/#breadcrumb\",\"itemListElement\":[{\"@type\":\"ListItem\",\"position\":1,\"name\":\"Portada\",\"item\":\"https:\\\/\\\/www.realclubmaritimomelilla.es\\\/clmar\\\/\"},{\"@type\":\"ListItem\",\"position\":2,\"name\":\"EL REAL CLUB M\u00c1RITIMO DE MELILLA RECUPERA LA ACTIVIDAD N\u00c1UTICA POCO A POCO\"}]},{\"@type\":\"WebSite\",\"@id\":\"https:\\\/\\\/www.realclubmaritimomelilla.es\\\/clmar\\\/#website\",\"url\":\"https:\\\/\\\/www.realclubmaritimomelilla.es\\\/clmar\\\/\",\"name\":\"Real Club Mar\u00edtimo de Melilla\",\"description\":\"RCMM\",\"publisher\":{\"@id\":\"https:\\\/\\\/www.realclubmaritimomelilla.es\\\/clmar\\\/#organization\"},\"alternateName\":\"RCMM\",\"potentialAction\":[{\"@type\":\"SearchAction\",\"target\":{\"@type\":\"EntryPoint\",\"urlTemplate\":\"https:\\\/\\\/www.realclubmaritimomelilla.es\\\/clmar\\\/?s={search_term_string}\"},\"query-input\":{\"@type\":\"PropertyValueSpecification\",\"valueRequired\":true,\"valueName\":\"search_term_string\"}}],\"inLanguage\":\"es\"},{\"@type\":\"Organization\",\"@id\":\"https:\\\/\\\/www.realclubmaritimomelilla.es\\\/clmar\\\/#organization\",\"name\":\"Real Club Mar\u00edtimo de Melilla\",\"alternateName\":\"RCMM\",\"url\":\"https:\\\/\\\/www.realclubmaritimomelilla.es\\\/clmar\\\/\",\"logo\":{\"@type\":\"ImageObject\",\"inLanguage\":\"es\",\"@id\":\"https:\\\/\\\/www.realclubmaritimomelilla.es\\\/clmar\\\/#\\\/schema\\\/logo\\\/image\\\/\",\"url\":\"https:\\\/\\\/www.realclubmaritimomelilla.es\\\/clmar\\\/wp-content\\\/uploads\\\/logo-club-original-copia.jpg\",\"contentUrl\":\"https:\\\/\\\/www.realclubmaritimomelilla.es\\\/clmar\\\/wp-content\\\/uploads\\\/logo-club-original-copia.jpg\",\"width\":128,\"height\":89,\"caption\":\"Real Club Mar\u00edtimo de Melilla\"},\"image\":{\"@id\":\"https:\\\/\\\/www.realclubmaritimomelilla.es\\\/clmar\\\/#\\\/schema\\\/logo\\\/image\\\/\"},\"sameAs\":[\"https:\\\/\\\/www.facebook.com\\\/Real-Club-Mar\u00edtimo-de-Melilla-588495841234214\\\/\",\"https:\\\/\\\/x.com\\\/nauticarcmm\",\"https:\\\/\\\/www.instagram.com\\\/club_maritimo_melilla\\\/\",\"https:\\\/\\\/www.youtube.com\\\/@realclubmaritimodemelilla4703\",\"https:\\\/\\\/es.wikipedia.org\\\/wiki\\\/Real_Club_Mar\u00edtimo_de_Melilla\"]},{\"@type\":\"Person\",\"@id\":\"https:\\\/\\\/www.realclubmaritimomelilla.es\\\/clmar\\\/#\\\/schema\\\/person\\\/ebaa3713496dc6d48c872452e73a8e79\",\"name\":\"RCMMelilla\",\"image\":{\"@type\":\"ImageObject\",\"inLanguage\":\"es\",\"@id\":\"https:\\\/\\\/secure.gravatar.com\\\/avatar\\\/df1c24789360fb9308735c4ee556fc2bc5bf924bf01e53043b8b97ba272da33c?s=96&d=mm&r=g\",\"url\":\"https:\\\/\\\/secure.gravatar.com\\\/avatar\\\/df1c24789360fb9308735c4ee556fc2bc5bf924bf01e53043b8b97ba272da33c?s=96&d=mm&r=g\",\"contentUrl\":\"https:\\\/\\\/secure.gravatar.com\\\/avatar\\\/df1c24789360fb9308735c4ee556fc2bc5bf924bf01e53043b8b97ba272da33c?s=96&d=mm&r=g\",\"caption\":\"RCMMelilla\"}}]}<\/script>\n<!-- \/ Yoast SEO plugin. -->","yoast_head_json":{"title":"EL REAL CLUB M\u00c1RITIMO DE MELILLA RECUPERA LA ACTIVIDAD N\u00c1UTICA POCO A POCO - Real Club Mar\u00edtimo de Melilla","description":"EL REAL CLUB M\u00c1RITIMO DE MELILLA RECUPERA LA ACTIVIDAD N\u00c1UTICA POCO A POCO -","robots":{"index":"index","follow":"follow","max-snippet":"max-snippet:-1","max-image-preview":"max-image-preview:large","max-video-preview":"max-video-preview:-1"},"canonical":"https:\/\/www.realclubmaritimomelilla.es\/clmar\/el-real-club-maritimo-de-melilla-recupera-la-actividad-nautica-poco-a-poco\/","og_locale":"es_ES","og_type":"article","og_title":"EL REAL CLUB M\u00c1RITIMO DE MELILLA RECUPERA LA ACTIVIDAD N\u00c1UTICA POCO A POCO - Real Club Mar\u00edtimo de Melilla","og_description":"EL REAL CLUB M\u00c1RITIMO DE MELILLA RECUPERA LA ACTIVIDAD N\u00c1UTICA POCO A POCO -","og_url":"https:\/\/www.realclubmaritimomelilla.es\/clmar\/el-real-club-maritimo-de-melilla-recupera-la-actividad-nautica-poco-a-poco\/","og_site_name":"Real Club Mar\u00edtimo de Melilla","article_publisher":"https:\/\/www.facebook.com\/Real-Club-Mar%c3%adtimo-de-Melilla-588495841234214\/","article_published_time":"2020-06-01T07:16:04+00:00","article_modified_time":"2021-07-20T09:38:49+00:00","og_image":[{"width":1600,"height":1200,"url":"https:\/\/www.realclubmaritimomelilla.es\/clmar\/wp-content\/uploads\/2020\/06\/vuelva-a-navegar-ER-RCMM2-3.jpg","type":"image\/jpeg"}],"author":"RCMMelilla","twitter_card":"summary_large_image","twitter_creator":"@nauticarcmm","twitter_site":"@nauticarcmm","twitter_misc":{"Escrito por":"RCMMelilla","Tiempo de lectura":"3 minutos"},"schema":{"@context":"https:\/\/schema.org","@graph":[{"@type":"Article","@id":"https:\/\/www.realclubmaritimomelilla.es\/clmar\/el-real-club-maritimo-de-melilla-recupera-la-actividad-nautica-poco-a-poco\/#article","isPartOf":{"@id":"https:\/\/www.realclubmaritimomelilla.es\/clmar\/el-real-club-maritimo-de-melilla-recupera-la-actividad-nautica-poco-a-poco\/"},"author":{"name":"RCMMelilla","@id":"https:\/\/www.realclubmaritimomelilla.es\/clmar\/#\/schema\/person\/ebaa3713496dc6d48c872452e73a8e79"},"headline":"EL REAL CLUB M\u00c1RITIMO DE MELILLA RECUPERA LA ACTIVIDAD N\u00c1UTICA POCO A POCO","datePublished":"2020-06-01T07:16:04+00:00","dateModified":"2021-07-20T09:38:49+00:00","mainEntityOfPage":{"@id":"https:\/\/www.realclubmaritimomelilla.es\/clmar\/el-real-club-maritimo-de-melilla-recupera-la-actividad-nautica-poco-a-poco\/"},"wordCount":531,"commentCount":0,"publisher":{"@id":"https:\/\/www.realclubmaritimomelilla.es\/clmar\/#organization"},"image":{"@id":"https:\/\/www.realclubmaritimomelilla.es\/clmar\/el-real-club-maritimo-de-melilla-recupera-la-actividad-nautica-poco-a-poco\/#primaryimage"},"thumbnailUrl":"https:\/\/www.realclubmaritimomelilla.es\/clmar\/wp-content\/uploads\/2020\/06\/vuelva-a-navegar-ER-RCMM2-3.jpg","inLanguage":"es","potentialAction":[{"@type":"CommentAction","name":"Comment","target":["https:\/\/www.realclubmaritimomelilla.es\/clmar\/el-real-club-maritimo-de-melilla-recupera-la-actividad-nautica-poco-a-poco\/#respond"]}]},{"@type":"WebPage","@id":"https:\/\/www.realclubmaritimomelilla.es\/clmar\/el-real-club-maritimo-de-melilla-recupera-la-actividad-nautica-poco-a-poco\/","url":"https:\/\/www.realclubmaritimomelilla.es\/clmar\/el-real-club-maritimo-de-melilla-recupera-la-actividad-nautica-poco-a-poco\/","name":"EL REAL CLUB M\u00c1RITIMO DE MELILLA RECUPERA LA ACTIVIDAD N\u00c1UTICA POCO A POCO - Real Club Mar\u00edtimo de Melilla","isPartOf":{"@id":"https:\/\/www.realclubmaritimomelilla.es\/clmar\/#website"},"primaryImageOfPage":{"@id":"https:\/\/www.realclubmaritimomelilla.es\/clmar\/el-real-club-maritimo-de-melilla-recupera-la-actividad-nautica-poco-a-poco\/#primaryimage"},"image":{"@id":"https:\/\/www.realclubmaritimomelilla.es\/clmar\/el-real-club-maritimo-de-melilla-recupera-la-actividad-nautica-poco-a-poco\/#primaryimage"},"thumbnailUrl":"https:\/\/www.realclubmaritimomelilla.es\/clmar\/wp-content\/uploads\/2020\/06\/vuelva-a-navegar-ER-RCMM2-3.jpg","datePublished":"2020-06-01T07:16:04+00:00","dateModified":"2021-07-20T09:38:49+00:00","description":"EL REAL CLUB M\u00c1RITIMO DE MELILLA RECUPERA LA ACTIVIDAD N\u00c1UTICA POCO A POCO -","breadcrumb":{"@id":"https:\/\/www.realclubmaritimomelilla.es\/clmar\/el-real-club-maritimo-de-melilla-recupera-la-actividad-nautica-poco-a-poco\/#breadcrumb"},"inLanguage":"es","potentialAction":[{"@type":"ReadAction","target":["https:\/\/www.realclubmaritimomelilla.es\/clmar\/el-real-club-maritimo-de-melilla-recupera-la-actividad-nautica-poco-a-poco\/"]}]},{"@type":"ImageObject","inLanguage":"es","@id":"https:\/\/www.realclubmaritimomelilla.es\/clmar\/el-real-club-maritimo-de-melilla-recupera-la-actividad-nautica-poco-a-poco\/#primaryimage","url":"https:\/\/www.realclubmaritimomelilla.es\/clmar\/wp-content\/uploads\/2020\/06\/vuelva-a-navegar-ER-RCMM2-3.jpg","contentUrl":"https:\/\/www.realclubmaritimomelilla.es\/clmar\/wp-content\/uploads\/2020\/06\/vuelva-a-navegar-ER-RCMM2-3.jpg","width":1600,"height":1200},{"@type":"BreadcrumbList","@id":"https:\/\/www.realclubmaritimomelilla.es\/clmar\/el-real-club-maritimo-de-melilla-recupera-la-actividad-nautica-poco-a-poco\/#breadcrumb","itemListElement":[{"@type":"ListItem","position":1,"name":"Portada","item":"https:\/\/www.realclubmaritimomelilla.es\/clmar\/"},{"@type":"ListItem","position":2,"name":"EL REAL CLUB M\u00c1RITIMO DE MELILLA RECUPERA LA ACTIVIDAD N\u00c1UTICA POCO A POCO"}]},{"@type":"WebSite","@id":"https:\/\/www.realclubmaritimomelilla.es\/clmar\/#website","url":"https:\/\/www.realclubmaritimomelilla.es\/clmar\/","name":"Real Club Mar\u00edtimo de Melilla","description":"RCMM","publisher":{"@id":"https:\/\/www.realclubmaritimomelilla.es\/clmar\/#organization"},"alternateName":"RCMM","potentialAction":[{"@type":"SearchAction","target":{"@type":"EntryPoint","urlTemplate":"https:\/\/www.realclubmaritimomelilla.es\/clmar\/?s={search_term_string}"},"query-input":{"@type":"PropertyValueSpecification","valueRequired":true,"valueName":"search_term_string"}}],"inLanguage":"es"},{"@type":"Organization","@id":"https:\/\/www.realclubmaritimomelilla.es\/clmar\/#organization","name":"Real Club Mar\u00edtimo de Melilla","alternateName":"RCMM","url":"https:\/\/www.realclubmaritimomelilla.es\/clmar\/","logo":{"@type":"ImageObject","inLanguage":"es","@id":"https:\/\/www.realclubmaritimomelilla.es\/clmar\/#\/schema\/logo\/image\/","url":"https:\/\/www.realclubmaritimomelilla.es\/clmar\/wp-content\/uploads\/logo-club-original-copia.jpg","contentUrl":"https:\/\/www.realclubmaritimomelilla.es\/clmar\/wp-content\/uploads\/logo-club-original-copia.jpg","width":128,"height":89,"caption":"Real Club Mar\u00edtimo de Melilla"},"image":{"@id":"https:\/\/www.realclubmaritimomelilla.es\/clmar\/#\/schema\/logo\/image\/"},"sameAs":["https:\/\/www.facebook.com\/Real-Club-Mar\u00edtimo-de-Melilla-588495841234214\/","https:\/\/x.com\/nauticarcmm","https:\/\/www.instagram.com\/club_maritimo_melilla\/","https:\/\/www.youtube.com\/@realclubmaritimodemelilla4703","https:\/\/es.wikipedia.org\/wiki\/Real_Club_Mar\u00edtimo_de_Melilla"]},{"@type":"Person","@id":"https:\/\/www.realclubmaritimomelilla.es\/clmar\/#\/schema\/person\/ebaa3713496dc6d48c872452e73a8e79","name":"RCMMelilla","image":{"@type":"ImageObject","inLanguage":"es","@id":"https:\/\/secure.gravatar.com\/avatar\/df1c24789360fb9308735c4ee556fc2bc5bf924bf01e53043b8b97ba272da33c?s=96&d=mm&r=g","url":"https:\/\/secure.gravatar.com\/avatar\/df1c24789360fb9308735c4ee556fc2bc5bf924bf01e53043b8b97ba272da33c?s=96&d=mm&r=g","contentUrl":"https:\/\/secure.gravatar.com\/avatar\/df1c24789360fb9308735c4ee556fc2bc5bf924bf01e53043b8b97ba272da33c?s=96&d=mm&r=g","caption":"RCMMelilla"}}]}},"_links":{"self":[{"href":"https:\/\/www.realclubmaritimomelilla.es\/clmar\/wp-json\/wp\/v2\/posts\/15188","targetHints":{"allow":["GET"]}}],"collection":[{"href":"https:\/\/www.realclubmaritimomelilla.es\/clmar\/wp-json\/wp\/v2\/posts"}],"about":[{"href":"https:\/\/www.realclubmaritimomelilla.es\/clmar\/wp-json\/wp\/v2\/types\/post"}],"author":[{"embeddable":true,"href":"https:\/\/www.realclubmaritimomelilla.es\/clmar\/wp-json\/wp\/v2\/users\/1"}],"replies":[{"embeddable":true,"href":"https:\/\/www.realclubmaritimomelilla.es\/clmar\/wp-json\/wp\/v2\/comments?post=15188"}],"version-history":[{"count":1,"href":"https:\/\/www.realclubmaritimomelilla.es\/clmar\/wp-json\/wp\/v2\/posts\/15188\/revisions"}],"predecessor-version":[{"id":16014,"href":"https:\/\/www.realclubmaritimomelilla.es\/clmar\/wp-json\/wp\/v2\/posts\/15188\/revisions\/16014"}],"wp:featuredmedia":[{"embeddable":true,"href":"https:\/\/www.realclubmaritimomelilla.es\/clmar\/wp-json\/wp\/v2\/media\/15190"}],"wp:attachment":[{"href":"https:\/\/www.realclubmaritimomelilla.es\/clmar\/wp-json\/wp\/v2\/media?parent=15188"}],"wp:term":[{"taxonomy":"category","embeddable":true,"href":"https:\/\/www.realclubmaritimomelilla.es\/clmar\/wp-json\/wp\/v2\/categories?post=15188"},{"taxonomy":"post_tag","embeddable":true,"href":"https:\/\/www.realclubmaritimomelilla.es\/clmar\/wp-json\/wp\/v2\/tags?post=15188"}],"curies":[{"name":"wp","href":"https:\/\/api.w.org\/{rel}","templated":true}]}}