{"id":14929,"date":"2019-12-09T10:41:34","date_gmt":"2019-12-09T09:41:34","guid":{"rendered":"http:\/\/www.clubmaritimomelilla.es\/clmar\/?p=14929"},"modified":"2024-03-26T12:03:14","modified_gmt":"2024-03-26T11:03:14","slug":"campeonato-espana-laser2019","status":"publish","type":"post","link":"https:\/\/www.realclubmaritimomelilla.es\/clmar\/campeonato-espana-laser2019\/","title":{"rendered":"CAMPEONATO ESPA\u00d1A LASER 4.7 JUVENIL 2019  LA ENTREGA DE TROFEOS PONE EL COLOF\u00d3N AL NACIONAL LASER 4.7 JUVENIL EN MELILLA"},"content":{"rendered":"<div><span style=\"font-size: large;\">DANIEL CARDONA, JUNTO A CRISTINA VILARI\u00d1O Y ANA CALVERO RECIBIERON SUS TROFEOS Y PLACAS DE CAMPEONES DE ESPA\u00d1A<br \/>\n<\/span><\/div>\n<div><\/div>\n<div>El sal\u00f3n principal del Real Club Mar\u00edtimo de Melilla fue el escenario escogido para la clausura del Campeonato de Espa\u00f1a Laser 4.7 juvenil, que desde el pasado mi\u00e9rcoles 4 de diciembre se ha venido celebrando en la ciudad aut\u00f3noma.<\/div>\n<div><\/div>\n<div>Un acto en el que ejerci\u00f3 de anfitri\u00f3n el presidente del Real Club Mar\u00edtimo de Melilla, Jos\u00e9 Manuel Calzado, con la presencia del consejero de Infraestructuras y Urbanismo de la ciudad aut\u00f3noma de Melilla, Rachid Bussian, junto a representantes de la Delegaci\u00f3n del Gobierno, la Comandancia General, la Consejer\u00eda de Deportes y la propia directiva del RCM Melilla.<\/div>\n<div><\/div>\n<div>El mallorqu\u00edn Daniel Cardona fue uno de los grandes protagonistas de la clausura, al recibir los galardones como campe\u00f3n de las categor\u00edas sub16 y sub18. Por tanto, el regatista del CN s&#8217;Arenal comienza la nueva temporada como l\u00edder de la clase.<\/div>\n<div><\/div>\n<div>Tambi\u00e9n subieron a lo m\u00e1s alto del podio, la mallorquina Cristina Vilari\u00f1o (CN s&#8217;Arenal) para recibir el galard\u00f3n de campe\u00f3n sub16, mientras que Ana Clavero (RCN Calpe) hac\u00eda lo propio como vencedora de la categor\u00eda sub18.<\/div>\n<div><\/div>\n<div>Los m\u00e1ximos representantes del Real Club Mar\u00edtimo de Melilla y de la Ciudad Aut\u00f3noma fueron los encargados de entregar los trorfeos y las placas de la Real Federaci\u00f3n Espa\u00f1ola de Vela a los nuevos campeones nacionales en laser 4.7 juvenil.<\/div>\n<div><\/div>\n<div>El acto comenzaba con las palabras del presidente del RCM Melilla, Jos\u00e9 Manuel Calzado, agradeciendo el apoyo prestado por la Ciudad Aut\u00f3noma de Melilla o de la naviera Armas-Trasmediterr\u00e1nea, &#8220;porque sin su apoyo no hubiera sido posible el buen desarrollo de este evento&#8221;. Al mismo tiempo, subrayaba la competitividad de los deportistas que han tomado parte en el Campeonato: &#8220;han sido d\u00edas muy complicados de navegaci\u00f3n, con olas de varios metros, pero todos hab\u00e9is sabido competir. Felicitar a toda la flota y en particular a los que hab\u00e9is conseguido subir al podio&#8221;. Palabras tambi\u00e9n para agradecer la labor de &#8220;jueces y todo el personal de apoyo, junto a todo el personal del Real Club Mar\u00edtimo de Melilla que se han volcado para que todo se desarrollase como estaba previsto, como ha sido el caso de nuestro equipo de marineros que han conseguido en veinte minutos que la flota pudiera salir a navegar o regresase al Club sin incidencias&#8221;.<\/div>\n<div><\/div>\n<div>Un campeonato que se ha disputado en el campo de regatas desde el jueves 5 de diciembre, en el que las malas condiciones meteorol\u00f3gicas han puesto a prueba a los propios regatistas y al Comit\u00e9, a cuyo frente se encontraba Fidel Mart\u00ednez. La buena labor de los t\u00e9cncios designados por la Federaci\u00f3n Espa\u00f1ola para este Nacional, junto a la competitividad de los deportistas han permitido que se completaran con \u00e9xito nueve de las doce mangas previstas en las instrucciones de regata.<\/div>\n<div><\/div>\n<div>&#8220;Organizar este tipo de eventos para tantos participantes no es f\u00e1cil y quiero felicitar a todos los que han hecho posible este Campeonato y que tenga un espacio para la Federaci\u00f3n Espa\u00f1ola de Vela. Quiero aprovechar la ocasi\u00f3n, para invitaros a todos a que poda\u00eds visitar la ciudad de Melilla&#8221;, comentaba el consejero de Infraestructuras y Urbanismo del gobierno de la ciudad aut\u00f3noma de Melilla, quien tambi\u00e9n aprovechaba la ocasi\u00f3n para &#8220;felicitar al Real Club Mar\u00edtimo de Melilla por su setenta y cinco aniversario&#8221;. Con estas palabras se pon\u00eda el punto y final al Campeonato de Espa\u00f1a Laser 4.7 juvenil en Melilla.<\/div>\n<div><\/div>\n<div><\/div>\n<p>&nbsp;<\/p>\n<div>\n<table border=\"0\" cellspacing=\"0\">\n<colgroup width=\"85\"><\/colgroup>\n<colgroup width=\"229\"><\/colgroup>\n<colgroup width=\"227\"><\/colgroup>\n<colgroup width=\"99\"><\/colgroup>\n<tbody>\n<tr>\n<td align=\"center\" valign=\"middle\" height=\"21\"><b><span style=\"color: #000000; font-size: medium;\">Sub 16 W<\/span><\/b><\/td>\n<td align=\"center\" valign=\"middle\"><b><span style=\"color: #000000; font-size: medium;\">REGATISTA<\/span><\/b><\/td>\n<td align=\"center\" valign=\"middle\"><b><span style=\"color: #000000; font-size: medium;\">CLUB<\/span><\/b><\/td>\n<td align=\"center\" valign=\"middle\"><b><span style=\"color: #000000; font-size: medium;\">TERRITORIAL<\/span><\/b><\/td>\n<\/tr>\n<tr>\n<td align=\"right\" valign=\"middle\" height=\"21\"><span style=\"color: #000000; font-size: medium;\">5\u00aa<\/span><\/td>\n<td align=\"left\" valign=\"middle\"><span style=\"color: #000000; font-size: medium;\">ROPER, Kristine<\/span><\/td>\n<td align=\"center\" valign=\"middle\"><span style=\"color: #000000; font-size: medium;\">Real Club N\u00e1utico Calpe<\/span><\/td>\n<td align=\"center\" valign=\"middle\"><span style=\"color: #000000; font-size: medium;\">VALENCIANA<\/span><\/td>\n<\/tr>\n<tr>\n<td align=\"right\" valign=\"middle\" height=\"21\"><span style=\"color: #000000; font-size: medium;\">4\u00aa<\/span><\/td>\n<td align=\"left\" valign=\"middle\"><span style=\"color: #000000; font-size: medium;\">COMPANY SANZ, Blanca<\/span><\/td>\n<td align=\"center\" valign=\"middle\"><span style=\"color: #000000; font-size: medium;\">CN s&#8217;Arenal<\/span><\/td>\n<td align=\"center\" valign=\"middle\"><span style=\"color: #000000; font-size: medium;\">BALEAR<\/span><\/td>\n<\/tr>\n<tr>\n<td align=\"right\" valign=\"middle\" height=\"21\"><span style=\"color: #000000; font-size: medium;\">3\u00aa<\/span><\/td>\n<td align=\"left\" valign=\"middle\"><span style=\"color: #000000; font-size: medium;\">GONZALEZ, Teresa<\/span><\/td>\n<td align=\"center\" valign=\"middle\"><span style=\"color: #000000; font-size: medium;\">RFGV &#8211; DEPORTE GALEGO<\/span><\/td>\n<td align=\"center\" valign=\"middle\"><span style=\"color: #000000; font-size: medium;\">GALLEGA<\/span><\/td>\n<\/tr>\n<tr>\n<td align=\"right\" valign=\"middle\" height=\"21\"><span style=\"color: #000000; font-size: medium;\">2\u00aa<\/span><\/td>\n<td align=\"left\" valign=\"middle\"><span style=\"color: #000000; font-size: medium;\">ADAN, Claudia<\/span><\/td>\n<td align=\"center\" valign=\"middle\"><span style=\"color: #000000; font-size: medium;\">Club N\u00e1utico Santa Pola<\/span><\/td>\n<td align=\"center\" valign=\"middle\"><span style=\"color: #000000; font-size: medium;\">VALENCIANA<\/span><\/td>\n<\/tr>\n<tr>\n<td align=\"right\" valign=\"middle\" height=\"21\"><span style=\"color: #000000; font-size: medium;\">1\u00aa<\/span><\/td>\n<td align=\"left\" valign=\"middle\"><span style=\"color: #000000; font-size: medium;\">VILARI\u00d1O SANCHEZ, Cristina<\/span><\/td>\n<td align=\"center\" valign=\"middle\"><span style=\"color: #000000; font-size: medium;\">CN s&#8217;Arenal<\/span><\/td>\n<td align=\"center\" valign=\"middle\"><span style=\"color: #000000; font-size: medium;\">BALEAR<\/span><\/td>\n<\/tr>\n<tr>\n<td align=\"right\" valign=\"middle\" height=\"21\"><span style=\"color: #000000; font-size: medium;\">\u00a0<\/span><\/td>\n<td align=\"left\" valign=\"middle\"><span style=\"color: #000000; font-size: medium;\">\u00a0<\/span><\/td>\n<td align=\"center\" valign=\"middle\"><span style=\"color: #000000; font-size: medium;\">\u00a0<\/span><\/td>\n<td align=\"center\" valign=\"middle\"><span style=\"color: #000000; font-size: medium;\">\u00a0<\/span><\/td>\n<\/tr>\n<tr>\n<td align=\"center\" valign=\"middle\" height=\"21\"><b><span style=\"color: #000000; font-size: medium;\">Sub 16 M<\/span><\/b><\/td>\n<td align=\"left\" valign=\"middle\"><b><span style=\"color: #000000; font-size: medium;\">\u00a0<\/span><\/b><\/td>\n<td align=\"center\" valign=\"middle\"><b><span style=\"color: #000000; font-size: medium;\">\u00a0<\/span><\/b><\/td>\n<td align=\"left\" valign=\"middle\"><b><span style=\"color: #000000; font-size: medium;\">\u00a0<\/span><\/b><\/td>\n<\/tr>\n<tr>\n<td align=\"right\" valign=\"middle\" height=\"21\"><span style=\"color: #000000; font-size: medium;\">5\u00ba<\/span><\/td>\n<td align=\"left\" valign=\"middle\"><span style=\"color: #000000; font-size: medium;\">ZUNINO, Giulio<\/span><\/td>\n<td align=\"center\" valign=\"middle\"><span style=\"color: #000000; font-size: medium;\">Club N\u00e0utic Vilanova<\/span><\/td>\n<td align=\"center\" valign=\"middle\"><span style=\"color: #000000; font-size: medium;\">CATALANA<\/span><\/td>\n<\/tr>\n<tr>\n<td align=\"right\" valign=\"middle\" height=\"21\"><span style=\"color: #000000; font-size: medium;\">4\u00ba<\/span><\/td>\n<td align=\"left\" valign=\"middle\"><span style=\"color: #000000; font-size: medium;\">SEGUI MEARNS, Javier<\/span><\/td>\n<td align=\"center\" valign=\"middle\"><span style=\"color: #000000; font-size: medium;\">RCN Pto Pollen\u00e7a<\/span><\/td>\n<td align=\"center\" valign=\"middle\"><span style=\"color: #000000; font-size: medium;\">BALEAR<\/span><\/td>\n<\/tr>\n<tr>\n<td align=\"right\" valign=\"middle\" height=\"21\"><span style=\"color: #000000; font-size: medium;\">3\u00ba<\/span><\/td>\n<td align=\"left\" valign=\"middle\"><span style=\"color: #000000; font-size: medium;\">CEBRIAN VERDU, Mariano<\/span><\/td>\n<td align=\"center\" valign=\"middle\"><span style=\"color: #000000; font-size: medium;\">Club N\u00e1utico Benidorm<\/span><\/td>\n<td align=\"center\" valign=\"middle\"><span style=\"color: #000000; font-size: medium;\">VALENCIANA<\/span><\/td>\n<\/tr>\n<tr>\n<td align=\"right\" valign=\"middle\" height=\"21\"><span style=\"color: #000000; font-size: medium;\">2\u00ba<\/span><\/td>\n<td align=\"left\" valign=\"middle\"><span style=\"color: #000000; font-size: medium;\">PONSETI MESQUIDA, David<\/span><\/td>\n<td align=\"center\" valign=\"middle\"><span style=\"color: #000000; font-size: medium;\">CN Ciutadella<\/span><\/td>\n<td align=\"center\" valign=\"middle\"><span style=\"color: #000000; font-size: medium;\">BALEAR<\/span><\/td>\n<\/tr>\n<tr>\n<td align=\"right\" valign=\"middle\" height=\"21\"><span style=\"color: #000000; font-size: medium;\">1\u00ba<\/span><\/td>\n<td align=\"left\" valign=\"middle\"><span style=\"color: #000000; font-size: medium;\">CARDONA BALSA, Daniel<\/span><\/td>\n<td align=\"center\" valign=\"middle\"><span style=\"color: #000000; font-size: medium;\">CN s&#8217;Arenal<\/span><\/td>\n<td align=\"center\" valign=\"middle\"><span style=\"color: #000000; font-size: medium;\">BALEAR<\/span><\/td>\n<\/tr>\n<tr>\n<td align=\"right\" valign=\"middle\" height=\"21\"><span style=\"color: #000000; font-size: medium;\">\u00a0<\/span><\/td>\n<td align=\"left\" valign=\"middle\"><span style=\"color: #000000; font-size: medium;\">\u00a0<\/span><\/td>\n<td align=\"center\" valign=\"middle\"><span style=\"color: #000000; font-size: medium;\">\u00a0<\/span><\/td>\n<td align=\"center\" valign=\"middle\"><span style=\"color: #000000; font-size: medium;\">\u00a0<\/span><\/td>\n<\/tr>\n<tr>\n<td align=\"center\" valign=\"middle\" height=\"21\"><b><span style=\"color: #000000; font-size: medium;\">Sub 18 W<\/span><\/b><\/td>\n<td align=\"left\" valign=\"middle\"><b><span style=\"color: #000000; font-size: medium;\">\u00a0<\/span><\/b><\/td>\n<td align=\"center\" valign=\"middle\"><b><span style=\"color: #000000; font-size: medium;\">\u00a0<\/span><\/b><\/td>\n<td align=\"center\" valign=\"middle\"><b><span style=\"color: #000000; font-size: medium;\">\u00a0<\/span><\/b><\/td>\n<\/tr>\n<tr>\n<td align=\"right\" valign=\"middle\" height=\"21\"><span style=\"color: #000000; font-size: medium;\">5\u00aa<\/span><\/td>\n<td align=\"left\" valign=\"middle\"><span style=\"color: #000000; font-size: medium;\">VILARI\u00d1O SANCHEZ, Cristina<\/span><\/td>\n<td align=\"center\" valign=\"middle\"><span style=\"color: #000000; font-size: medium;\">CN s&#8217;Arenal<\/span><\/td>\n<td align=\"center\" valign=\"middle\"><span style=\"color: #000000; font-size: medium;\">BALEAR<\/span><\/td>\n<\/tr>\n<tr>\n<td align=\"right\" valign=\"middle\" height=\"21\"><span style=\"color: #000000; font-size: medium;\">4\u00aa<\/span><\/td>\n<td align=\"left\" valign=\"middle\"><span style=\"color: #000000; font-size: medium;\">RIBAO TABARA, Marta<\/span><\/td>\n<td align=\"center\" valign=\"middle\"><span style=\"color: #000000; font-size: medium;\">Real Club N\u00e1utico La Coru\u00f1a<\/span><\/td>\n<td align=\"center\" valign=\"middle\"><span style=\"color: #000000; font-size: medium;\">GALLEGA<\/span><\/td>\n<\/tr>\n<tr>\n<td align=\"right\" valign=\"middle\" height=\"21\"><span style=\"color: #000000; font-size: medium;\">3\u00aa<\/span><\/td>\n<td align=\"left\" valign=\"middle\"><span style=\"color: #000000; font-size: medium;\">MARTINEZ FIGUERAS, Elba<\/span><\/td>\n<td align=\"center\" valign=\"middle\"><span style=\"color: #000000; font-size: medium;\">Club N\u00e0utic Salou<\/span><\/td>\n<td align=\"center\" valign=\"middle\"><span style=\"color: #000000; font-size: medium;\">CATALANA<\/span><\/td>\n<\/tr>\n<tr>\n<td align=\"right\" valign=\"middle\" height=\"21\"><span style=\"color: #000000; font-size: medium;\">2\u00aa<\/span><\/td>\n<td align=\"left\" valign=\"middle\"><span style=\"color: #000000; font-size: medium;\">HERNANDEZ, Isabel<\/span><\/td>\n<td align=\"center\" valign=\"middle\"><span style=\"color: #000000; font-size: medium;\">Real Club N\u00e1utico Gran Canaria<\/span><\/td>\n<td align=\"center\" valign=\"middle\"><span style=\"color: #000000; font-size: medium;\">CANARIA<\/span><\/td>\n<\/tr>\n<tr>\n<td align=\"right\" valign=\"middle\" height=\"21\"><span style=\"color: #000000; font-size: medium;\">1\u00aa<\/span><\/td>\n<td align=\"left\" valign=\"middle\"><span style=\"color: #000000; font-size: medium;\">CLAVERO, Ana<\/span><\/td>\n<td align=\"center\" valign=\"middle\"><span style=\"color: #000000; font-size: medium;\">Real Club N\u00e1utico Calpe<\/span><\/td>\n<td align=\"center\" valign=\"middle\"><span style=\"color: #000000; font-size: medium;\">VALENCIANA<\/span><\/td>\n<\/tr>\n<tr>\n<td align=\"right\" valign=\"middle\" height=\"21\"><span style=\"color: #000000; font-size: medium;\">\u00a0<\/span><\/td>\n<td align=\"left\" valign=\"middle\"><span style=\"color: #000000; font-size: medium;\">\u00a0<\/span><\/td>\n<td align=\"center\" valign=\"middle\"><span style=\"color: #000000; font-size: medium;\">\u00a0<\/span><\/td>\n<td align=\"center\" valign=\"middle\"><span style=\"color: #000000; font-size: medium;\">\u00a0<\/span><\/td>\n<\/tr>\n<tr>\n<td align=\"center\" valign=\"middle\" height=\"21\"><b><span style=\"color: #000000; font-size: medium;\">Sub 18 M<\/span><\/b><\/td>\n<td align=\"left\" valign=\"middle\"><b><span style=\"color: #000000; font-size: medium;\">\u00a0<\/span><\/b><\/td>\n<td align=\"center\" valign=\"middle\"><b><span style=\"color: #000000; font-size: medium;\">\u00a0<\/span><\/b><\/td>\n<td align=\"center\" valign=\"middle\"><b><span style=\"color: #000000; font-size: medium;\">\u00a0<\/span><\/b><\/td>\n<\/tr>\n<tr>\n<td align=\"right\" valign=\"middle\" height=\"21\"><span style=\"color: #000000; font-size: medium;\">5\u00ba<\/span><\/td>\n<td align=\"left\" valign=\"middle\"><span style=\"color: #000000; font-size: medium;\">ALTARRIBA, Marcos<\/span><\/td>\n<td align=\"center\" valign=\"middle\"><span style=\"color: #000000; font-size: medium;\">Real Club N\u00e1utico Valencia<\/span><\/td>\n<td align=\"center\" valign=\"middle\"><span style=\"color: #000000; font-size: medium;\">VALENCIANA<\/span><\/td>\n<\/tr>\n<tr>\n<td align=\"right\" valign=\"middle\" height=\"21\"><span style=\"color: #000000; font-size: medium;\">4\u00ba<\/span><\/td>\n<td align=\"left\" valign=\"middle\"><span style=\"color: #000000; font-size: medium;\">SEGUI MEARNS, Javier<\/span><\/td>\n<td align=\"center\" valign=\"middle\"><span style=\"color: #000000; font-size: medium;\">RCN Pto Pollen\u00e7a<\/span><\/td>\n<td align=\"center\" valign=\"middle\"><span style=\"color: #000000; font-size: medium;\">BALEAR<\/span><\/td>\n<\/tr>\n<tr>\n<td align=\"right\" valign=\"middle\" height=\"21\"><span style=\"color: #000000; font-size: medium;\">3\u00ba<\/span><\/td>\n<td align=\"left\" valign=\"middle\"><span style=\"color: #000000; font-size: medium;\">CEBRIAN VERDU, Mariano<\/span><\/td>\n<td align=\"center\" valign=\"middle\"><span style=\"color: #000000; font-size: medium;\">Club N\u00e1utico Benidorm<\/span><\/td>\n<td align=\"center\" valign=\"middle\"><span style=\"color: #000000; font-size: medium;\">VALENCIANA<\/span><\/td>\n<\/tr>\n<tr>\n<td align=\"right\" valign=\"middle\" height=\"21\"><span style=\"color: #000000; font-size: medium;\">2\u00ba<\/span><\/td>\n<td align=\"left\" valign=\"middle\"><span style=\"color: #000000; font-size: medium;\">PONSETI MESQUIDA, David<\/span><\/td>\n<td align=\"center\" valign=\"middle\"><span style=\"color: #000000; font-size: medium;\">CN Ciutadella<\/span><\/td>\n<td align=\"center\" valign=\"middle\"><span style=\"color: #000000; font-size: medium;\">BALEAR<\/span><\/td>\n<\/tr>\n<tr>\n<td align=\"right\" valign=\"middle\" height=\"21\"><span style=\"color: #000000; font-size: medium;\">1\u00ba<\/span><\/td>\n<td align=\"left\" valign=\"middle\"><span style=\"color: #000000; font-size: medium;\">CARDONA BALSA, Daniel<\/span><\/td>\n<td align=\"center\" valign=\"middle\"><span style=\"color: #000000; font-size: medium;\">CN s&#8217;Arenal<\/span><\/td>\n<td align=\"center\" valign=\"middle\"><span style=\"color: #000000; font-size: medium;\">BALEAR<\/span><\/td>\n<\/tr>\n<\/tbody>\n<\/table>\n<\/div>\n<div><\/div>\n<div><\/div>\n<div><u><b>ENLACE FOTOGRAF\u00cdAS DEL ACTO<\/b><\/u>: <a href=\"https:\/\/photos.app.goo.gl\/2n3CBm2gxxqrZ6hQ7\" target=\"_blank\" rel=\"noopener\" data-saferedirecturl=\"https:\/\/www.google.com\/url?q=https:\/\/photos.app.goo.gl\/2n3CBm2gxxqrZ6hQ7&amp;source=gmail&amp;ust=1575970722106000&amp;usg=AFQjCNH7pcPoGwU_CMI7vmWaqp0SW_q7Hg\">https:\/\/photos.app.goo.gl\/<wbr \/>2n3CBm2gxxqrZ6hQ7<\/a><\/div>\n","protected":false},"excerpt":{"rendered":"<p>DANIEL CARDONA, JUNTO A CRISTINA VILARI\u00d1O Y ANA CALVERO RECIBIERON SUS TROFEOS Y PLACAS DE CAMPEONES DE ESPA\u00d1A El sal\u00f3n principal del Real Club Mar\u00edtimo de Melilla fue el escenario escogido para la clausura del Campeonato de Espa\u00f1a Laser 4.7 juvenil, que desde el pasado mi\u00e9rcoles 4 de diciembre se ha venido celebrando en la [&hellip;]<\/p>\n","protected":false},"author":1,"featured_media":14930,"comment_status":"open","ping_status":"open","sticky":false,"template":"","format":"standard","meta":{"_acf_changed":false,"footnotes":""},"categories":[40,38],"tags":[],"class_list":["post-14929","post","type-post","status-publish","format-standard","has-post-thumbnail","hentry","category-club","category-nautica"],"acf":[],"yoast_head":"<!-- This site is optimized with the Yoast SEO plugin v27.5 - https:\/\/yoast.com\/product\/yoast-seo-wordpress\/ -->\n<title>CAMPEONATO ESPA\u00d1A LASER 4.7 JUVENIL 2019 LA ENTREGA DE TROFEOS PONE EL COLOF\u00d3N AL NACIONAL LASER 4.7 JUVENIL EN MELILLA - Real Club Mar\u00edtimo de Melilla<\/title>\n<meta name=\"description\" content=\"CAMPEONATO ESPA\u00d1A LASER 4.7 JUVENIL 2019 LA ENTREGA DE TROFEOS PONE EL COLOF\u00d3N AL NACIONAL LASER 4.7 JUVENIL EN MELILLA\" \/>\n<meta name=\"robots\" content=\"index, follow, max-snippet:-1, max-image-preview:large, max-video-preview:-1\" \/>\n<link rel=\"canonical\" href=\"https:\/\/www.realclubmaritimomelilla.es\/clmar\/\" \/>\n<meta property=\"og:locale\" content=\"es_ES\" \/>\n<meta property=\"og:type\" content=\"article\" \/>\n<meta property=\"og:title\" content=\"CAMPEONATO ESPA\u00d1A LASER 4.7 JUVENIL 2019 LA ENTREGA DE TROFEOS PONE EL COLOF\u00d3N AL NACIONAL LASER 4.7 JUVENIL EN MELILLA - Real Club Mar\u00edtimo de Melilla\" \/>\n<meta property=\"og:description\" content=\"CAMPEONATO ESPA\u00d1A LASER 4.7 JUVENIL 2019 LA ENTREGA DE TROFEOS PONE EL COLOF\u00d3N AL NACIONAL LASER 4.7 JUVENIL EN MELILLA\" \/>\n<meta property=\"og:url\" content=\"https:\/\/www.realclubmaritimomelilla.es\/clmar\/\" \/>\n<meta property=\"og:site_name\" content=\"Real Club Mar\u00edtimo de Melilla\" \/>\n<meta property=\"article:publisher\" content=\"https:\/\/www.facebook.com\/Real-Club-Mar%c3%adtimo-de-Melilla-588495841234214\/\" \/>\n<meta property=\"article:published_time\" content=\"2019-12-09T09:41:34+00:00\" \/>\n<meta property=\"article:modified_time\" content=\"2024-03-26T11:03:14+00:00\" \/>\n<meta property=\"og:image\" content=\"https:\/\/www.realclubmaritimomelilla.es\/clmar\/wp-content\/uploads\/2019\/12\/Campeones-de-Espa\u00f1a-sub16-y-sub18.jpg\" \/>\n\t<meta property=\"og:image:width\" content=\"2016\" \/>\n\t<meta property=\"og:image:height\" content=\"1512\" \/>\n\t<meta property=\"og:image:type\" content=\"image\/jpeg\" \/>\n<meta name=\"author\" content=\"RCMMelilla\" \/>\n<meta name=\"twitter:card\" content=\"summary_large_image\" \/>\n<meta name=\"twitter:creator\" content=\"@nauticarcmm\" \/>\n<meta name=\"twitter:site\" content=\"@nauticarcmm\" \/>\n<meta name=\"twitter:label1\" content=\"Escrito por\" \/>\n\t<meta name=\"twitter:data1\" content=\"RCMMelilla\" \/>\n\t<meta name=\"twitter:label2\" content=\"Tiempo de lectura\" \/>\n\t<meta name=\"twitter:data2\" content=\"4 minutos\" \/>\n<script type=\"application\/ld+json\" class=\"yoast-schema-graph\">{\"@context\":\"https:\\\/\\\/schema.org\",\"@graph\":[{\"@type\":\"Article\",\"@id\":\"https:\\\/\\\/www.realclubmaritimomelilla.es\\\/clmar\\\/#article\",\"isPartOf\":{\"@id\":\"https:\\\/\\\/www.realclubmaritimomelilla.es\\\/clmar\\\/campeonato-espana-laser2019\\\/\"},\"author\":{\"name\":\"RCMMelilla\",\"@id\":\"https:\\\/\\\/www.realclubmaritimomelilla.es\\\/clmar\\\/#\\\/schema\\\/person\\\/ebaa3713496dc6d48c872452e73a8e79\"},\"headline\":\"CAMPEONATO ESPA\u00d1A LASER 4.7 JUVENIL 2019 LA ENTREGA DE TROFEOS PONE EL COLOF\u00d3N AL NACIONAL LASER 4.7 JUVENIL EN MELILLA\",\"datePublished\":\"2019-12-09T09:41:34+00:00\",\"dateModified\":\"2024-03-26T11:03:14+00:00\",\"mainEntityOfPage\":{\"@id\":\"https:\\\/\\\/www.realclubmaritimomelilla.es\\\/clmar\\\/campeonato-espana-laser2019\\\/\"},\"wordCount\":822,\"commentCount\":0,\"publisher\":{\"@id\":\"https:\\\/\\\/www.realclubmaritimomelilla.es\\\/clmar\\\/#organization\"},\"image\":{\"@id\":\"https:\\\/\\\/www.realclubmaritimomelilla.es\\\/clmar\\\/#primaryimage\"},\"thumbnailUrl\":\"https:\\\/\\\/www.realclubmaritimomelilla.es\\\/clmar\\\/wp-content\\\/uploads\\\/2019\\\/12\\\/Campeones-de-Espa\u00f1a-sub16-y-sub18.jpg\",\"articleSection\":[\"Club\",\"N\u00e1utica\"],\"inLanguage\":\"es\",\"potentialAction\":[{\"@type\":\"CommentAction\",\"name\":\"Comment\",\"target\":[\"https:\\\/\\\/www.realclubmaritimomelilla.es\\\/clmar\\\/#respond\"]}]},{\"@type\":\"WebPage\",\"@id\":\"https:\\\/\\\/www.realclubmaritimomelilla.es\\\/clmar\\\/campeonato-espana-laser2019\\\/\",\"url\":\"https:\\\/\\\/www.realclubmaritimomelilla.es\\\/clmar\\\/\",\"name\":\"CAMPEONATO ESPA\u00d1A LASER 4.7 JUVENIL 2019 LA ENTREGA DE TROFEOS PONE EL COLOF\u00d3N AL NACIONAL LASER 4.7 JUVENIL EN MELILLA - Real Club Mar\u00edtimo de Melilla\",\"isPartOf\":{\"@id\":\"https:\\\/\\\/www.realclubmaritimomelilla.es\\\/clmar\\\/#website\"},\"primaryImageOfPage\":{\"@id\":\"https:\\\/\\\/www.realclubmaritimomelilla.es\\\/clmar\\\/#primaryimage\"},\"image\":{\"@id\":\"https:\\\/\\\/www.realclubmaritimomelilla.es\\\/clmar\\\/#primaryimage\"},\"thumbnailUrl\":\"https:\\\/\\\/www.realclubmaritimomelilla.es\\\/clmar\\\/wp-content\\\/uploads\\\/2019\\\/12\\\/Campeones-de-Espa\u00f1a-sub16-y-sub18.jpg\",\"datePublished\":\"2019-12-09T09:41:34+00:00\",\"dateModified\":\"2024-03-26T11:03:14+00:00\",\"description\":\"CAMPEONATO ESPA\u00d1A LASER 4.7 JUVENIL 2019 LA ENTREGA DE TROFEOS PONE EL COLOF\u00d3N AL NACIONAL LASER 4.7 JUVENIL EN MELILLA\",\"breadcrumb\":{\"@id\":\"https:\\\/\\\/www.realclubmaritimomelilla.es\\\/clmar\\\/#breadcrumb\"},\"inLanguage\":\"es\",\"potentialAction\":[{\"@type\":\"ReadAction\",\"target\":[\"https:\\\/\\\/www.realclubmaritimomelilla.es\\\/clmar\\\/\"]}]},{\"@type\":\"ImageObject\",\"inLanguage\":\"es\",\"@id\":\"https:\\\/\\\/www.realclubmaritimomelilla.es\\\/clmar\\\/#primaryimage\",\"url\":\"https:\\\/\\\/www.realclubmaritimomelilla.es\\\/clmar\\\/wp-content\\\/uploads\\\/2019\\\/12\\\/Campeones-de-Espa\u00f1a-sub16-y-sub18.jpg\",\"contentUrl\":\"https:\\\/\\\/www.realclubmaritimomelilla.es\\\/clmar\\\/wp-content\\\/uploads\\\/2019\\\/12\\\/Campeones-de-Espa\u00f1a-sub16-y-sub18.jpg\",\"width\":2016,\"height\":1512},{\"@type\":\"BreadcrumbList\",\"@id\":\"https:\\\/\\\/www.realclubmaritimomelilla.es\\\/clmar\\\/#breadcrumb\",\"itemListElement\":[{\"@type\":\"ListItem\",\"position\":1,\"name\":\"Portada\",\"item\":\"https:\\\/\\\/www.realclubmaritimomelilla.es\\\/clmar\\\/\"},{\"@type\":\"ListItem\",\"position\":2,\"name\":\"CAMPEONATO ESPA\u00d1A LASER 4.7 JUVENIL 2019 LA ENTREGA DE TROFEOS PONE EL COLOF\u00d3N AL NACIONAL LASER 4.7 JUVENIL EN MELILLA\"}]},{\"@type\":\"WebSite\",\"@id\":\"https:\\\/\\\/www.realclubmaritimomelilla.es\\\/clmar\\\/#website\",\"url\":\"https:\\\/\\\/www.realclubmaritimomelilla.es\\\/clmar\\\/\",\"name\":\"Real Club Mar\u00edtimo de Melilla\",\"description\":\"RCMM\",\"publisher\":{\"@id\":\"https:\\\/\\\/www.realclubmaritimomelilla.es\\\/clmar\\\/#organization\"},\"alternateName\":\"RCMM\",\"potentialAction\":[{\"@type\":\"SearchAction\",\"target\":{\"@type\":\"EntryPoint\",\"urlTemplate\":\"https:\\\/\\\/www.realclubmaritimomelilla.es\\\/clmar\\\/?s={search_term_string}\"},\"query-input\":{\"@type\":\"PropertyValueSpecification\",\"valueRequired\":true,\"valueName\":\"search_term_string\"}}],\"inLanguage\":\"es\"},{\"@type\":\"Organization\",\"@id\":\"https:\\\/\\\/www.realclubmaritimomelilla.es\\\/clmar\\\/#organization\",\"name\":\"Real Club Mar\u00edtimo de Melilla\",\"alternateName\":\"RCMM\",\"url\":\"https:\\\/\\\/www.realclubmaritimomelilla.es\\\/clmar\\\/\",\"logo\":{\"@type\":\"ImageObject\",\"inLanguage\":\"es\",\"@id\":\"https:\\\/\\\/www.realclubmaritimomelilla.es\\\/clmar\\\/#\\\/schema\\\/logo\\\/image\\\/\",\"url\":\"https:\\\/\\\/www.realclubmaritimomelilla.es\\\/clmar\\\/wp-content\\\/uploads\\\/logo-club-original-copia.jpg\",\"contentUrl\":\"https:\\\/\\\/www.realclubmaritimomelilla.es\\\/clmar\\\/wp-content\\\/uploads\\\/logo-club-original-copia.jpg\",\"width\":128,\"height\":89,\"caption\":\"Real Club Mar\u00edtimo de Melilla\"},\"image\":{\"@id\":\"https:\\\/\\\/www.realclubmaritimomelilla.es\\\/clmar\\\/#\\\/schema\\\/logo\\\/image\\\/\"},\"sameAs\":[\"https:\\\/\\\/www.facebook.com\\\/Real-Club-Mar\u00edtimo-de-Melilla-588495841234214\\\/\",\"https:\\\/\\\/x.com\\\/nauticarcmm\",\"https:\\\/\\\/www.instagram.com\\\/club_maritimo_melilla\\\/\",\"https:\\\/\\\/www.youtube.com\\\/@realclubmaritimodemelilla4703\",\"https:\\\/\\\/es.wikipedia.org\\\/wiki\\\/Real_Club_Mar\u00edtimo_de_Melilla\"]},{\"@type\":\"Person\",\"@id\":\"https:\\\/\\\/www.realclubmaritimomelilla.es\\\/clmar\\\/#\\\/schema\\\/person\\\/ebaa3713496dc6d48c872452e73a8e79\",\"name\":\"RCMMelilla\",\"image\":{\"@type\":\"ImageObject\",\"inLanguage\":\"es\",\"@id\":\"https:\\\/\\\/secure.gravatar.com\\\/avatar\\\/df1c24789360fb9308735c4ee556fc2bc5bf924bf01e53043b8b97ba272da33c?s=96&d=mm&r=g\",\"url\":\"https:\\\/\\\/secure.gravatar.com\\\/avatar\\\/df1c24789360fb9308735c4ee556fc2bc5bf924bf01e53043b8b97ba272da33c?s=96&d=mm&r=g\",\"contentUrl\":\"https:\\\/\\\/secure.gravatar.com\\\/avatar\\\/df1c24789360fb9308735c4ee556fc2bc5bf924bf01e53043b8b97ba272da33c?s=96&d=mm&r=g\",\"caption\":\"RCMMelilla\"}}]}<\/script>\n<!-- \/ Yoast SEO plugin. -->","yoast_head_json":{"title":"CAMPEONATO ESPA\u00d1A LASER 4.7 JUVENIL 2019 LA ENTREGA DE TROFEOS PONE EL COLOF\u00d3N AL NACIONAL LASER 4.7 JUVENIL EN MELILLA - Real Club Mar\u00edtimo de Melilla","description":"CAMPEONATO ESPA\u00d1A LASER 4.7 JUVENIL 2019 LA ENTREGA DE TROFEOS PONE EL COLOF\u00d3N AL NACIONAL LASER 4.7 JUVENIL EN MELILLA","robots":{"index":"index","follow":"follow","max-snippet":"max-snippet:-1","max-image-preview":"max-image-preview:large","max-video-preview":"max-video-preview:-1"},"canonical":"https:\/\/www.realclubmaritimomelilla.es\/clmar\/","og_locale":"es_ES","og_type":"article","og_title":"CAMPEONATO ESPA\u00d1A LASER 4.7 JUVENIL 2019 LA ENTREGA DE TROFEOS PONE EL COLOF\u00d3N AL NACIONAL LASER 4.7 JUVENIL EN MELILLA - Real Club Mar\u00edtimo de Melilla","og_description":"CAMPEONATO ESPA\u00d1A LASER 4.7 JUVENIL 2019 LA ENTREGA DE TROFEOS PONE EL COLOF\u00d3N AL NACIONAL LASER 4.7 JUVENIL EN MELILLA","og_url":"https:\/\/www.realclubmaritimomelilla.es\/clmar\/","og_site_name":"Real Club Mar\u00edtimo de Melilla","article_publisher":"https:\/\/www.facebook.com\/Real-Club-Mar%c3%adtimo-de-Melilla-588495841234214\/","article_published_time":"2019-12-09T09:41:34+00:00","article_modified_time":"2024-03-26T11:03:14+00:00","og_image":[{"width":2016,"height":1512,"url":"https:\/\/www.realclubmaritimomelilla.es\/clmar\/wp-content\/uploads\/2019\/12\/Campeones-de-Espa\u00f1a-sub16-y-sub18.jpg","type":"image\/jpeg"}],"author":"RCMMelilla","twitter_card":"summary_large_image","twitter_creator":"@nauticarcmm","twitter_site":"@nauticarcmm","twitter_misc":{"Escrito por":"RCMMelilla","Tiempo de lectura":"4 minutos"},"schema":{"@context":"https:\/\/schema.org","@graph":[{"@type":"Article","@id":"https:\/\/www.realclubmaritimomelilla.es\/clmar\/#article","isPartOf":{"@id":"https:\/\/www.realclubmaritimomelilla.es\/clmar\/campeonato-espana-laser2019\/"},"author":{"name":"RCMMelilla","@id":"https:\/\/www.realclubmaritimomelilla.es\/clmar\/#\/schema\/person\/ebaa3713496dc6d48c872452e73a8e79"},"headline":"CAMPEONATO ESPA\u00d1A LASER 4.7 JUVENIL 2019 LA ENTREGA DE TROFEOS PONE EL COLOF\u00d3N AL NACIONAL LASER 4.7 JUVENIL EN MELILLA","datePublished":"2019-12-09T09:41:34+00:00","dateModified":"2024-03-26T11:03:14+00:00","mainEntityOfPage":{"@id":"https:\/\/www.realclubmaritimomelilla.es\/clmar\/campeonato-espana-laser2019\/"},"wordCount":822,"commentCount":0,"publisher":{"@id":"https:\/\/www.realclubmaritimomelilla.es\/clmar\/#organization"},"image":{"@id":"https:\/\/www.realclubmaritimomelilla.es\/clmar\/#primaryimage"},"thumbnailUrl":"https:\/\/www.realclubmaritimomelilla.es\/clmar\/wp-content\/uploads\/2019\/12\/Campeones-de-Espa\u00f1a-sub16-y-sub18.jpg","articleSection":["Club","N\u00e1utica"],"inLanguage":"es","potentialAction":[{"@type":"CommentAction","name":"Comment","target":["https:\/\/www.realclubmaritimomelilla.es\/clmar\/#respond"]}]},{"@type":"WebPage","@id":"https:\/\/www.realclubmaritimomelilla.es\/clmar\/campeonato-espana-laser2019\/","url":"https:\/\/www.realclubmaritimomelilla.es\/clmar\/","name":"CAMPEONATO ESPA\u00d1A LASER 4.7 JUVENIL 2019 LA ENTREGA DE TROFEOS PONE EL COLOF\u00d3N AL NACIONAL LASER 4.7 JUVENIL EN MELILLA - Real Club Mar\u00edtimo de Melilla","isPartOf":{"@id":"https:\/\/www.realclubmaritimomelilla.es\/clmar\/#website"},"primaryImageOfPage":{"@id":"https:\/\/www.realclubmaritimomelilla.es\/clmar\/#primaryimage"},"image":{"@id":"https:\/\/www.realclubmaritimomelilla.es\/clmar\/#primaryimage"},"thumbnailUrl":"https:\/\/www.realclubmaritimomelilla.es\/clmar\/wp-content\/uploads\/2019\/12\/Campeones-de-Espa\u00f1a-sub16-y-sub18.jpg","datePublished":"2019-12-09T09:41:34+00:00","dateModified":"2024-03-26T11:03:14+00:00","description":"CAMPEONATO ESPA\u00d1A LASER 4.7 JUVENIL 2019 LA ENTREGA DE TROFEOS PONE EL COLOF\u00d3N AL NACIONAL LASER 4.7 JUVENIL EN MELILLA","breadcrumb":{"@id":"https:\/\/www.realclubmaritimomelilla.es\/clmar\/#breadcrumb"},"inLanguage":"es","potentialAction":[{"@type":"ReadAction","target":["https:\/\/www.realclubmaritimomelilla.es\/clmar\/"]}]},{"@type":"ImageObject","inLanguage":"es","@id":"https:\/\/www.realclubmaritimomelilla.es\/clmar\/#primaryimage","url":"https:\/\/www.realclubmaritimomelilla.es\/clmar\/wp-content\/uploads\/2019\/12\/Campeones-de-Espa\u00f1a-sub16-y-sub18.jpg","contentUrl":"https:\/\/www.realclubmaritimomelilla.es\/clmar\/wp-content\/uploads\/2019\/12\/Campeones-de-Espa\u00f1a-sub16-y-sub18.jpg","width":2016,"height":1512},{"@type":"BreadcrumbList","@id":"https:\/\/www.realclubmaritimomelilla.es\/clmar\/#breadcrumb","itemListElement":[{"@type":"ListItem","position":1,"name":"Portada","item":"https:\/\/www.realclubmaritimomelilla.es\/clmar\/"},{"@type":"ListItem","position":2,"name":"CAMPEONATO ESPA\u00d1A LASER 4.7 JUVENIL 2019 LA ENTREGA DE TROFEOS PONE EL COLOF\u00d3N AL NACIONAL LASER 4.7 JUVENIL EN MELILLA"}]},{"@type":"WebSite","@id":"https:\/\/www.realclubmaritimomelilla.es\/clmar\/#website","url":"https:\/\/www.realclubmaritimomelilla.es\/clmar\/","name":"Real Club Mar\u00edtimo de Melilla","description":"RCMM","publisher":{"@id":"https:\/\/www.realclubmaritimomelilla.es\/clmar\/#organization"},"alternateName":"RCMM","potentialAction":[{"@type":"SearchAction","target":{"@type":"EntryPoint","urlTemplate":"https:\/\/www.realclubmaritimomelilla.es\/clmar\/?s={search_term_string}"},"query-input":{"@type":"PropertyValueSpecification","valueRequired":true,"valueName":"search_term_string"}}],"inLanguage":"es"},{"@type":"Organization","@id":"https:\/\/www.realclubmaritimomelilla.es\/clmar\/#organization","name":"Real Club Mar\u00edtimo de Melilla","alternateName":"RCMM","url":"https:\/\/www.realclubmaritimomelilla.es\/clmar\/","logo":{"@type":"ImageObject","inLanguage":"es","@id":"https:\/\/www.realclubmaritimomelilla.es\/clmar\/#\/schema\/logo\/image\/","url":"https:\/\/www.realclubmaritimomelilla.es\/clmar\/wp-content\/uploads\/logo-club-original-copia.jpg","contentUrl":"https:\/\/www.realclubmaritimomelilla.es\/clmar\/wp-content\/uploads\/logo-club-original-copia.jpg","width":128,"height":89,"caption":"Real Club Mar\u00edtimo de Melilla"},"image":{"@id":"https:\/\/www.realclubmaritimomelilla.es\/clmar\/#\/schema\/logo\/image\/"},"sameAs":["https:\/\/www.facebook.com\/Real-Club-Mar\u00edtimo-de-Melilla-588495841234214\/","https:\/\/x.com\/nauticarcmm","https:\/\/www.instagram.com\/club_maritimo_melilla\/","https:\/\/www.youtube.com\/@realclubmaritimodemelilla4703","https:\/\/es.wikipedia.org\/wiki\/Real_Club_Mar\u00edtimo_de_Melilla"]},{"@type":"Person","@id":"https:\/\/www.realclubmaritimomelilla.es\/clmar\/#\/schema\/person\/ebaa3713496dc6d48c872452e73a8e79","name":"RCMMelilla","image":{"@type":"ImageObject","inLanguage":"es","@id":"https:\/\/secure.gravatar.com\/avatar\/df1c24789360fb9308735c4ee556fc2bc5bf924bf01e53043b8b97ba272da33c?s=96&d=mm&r=g","url":"https:\/\/secure.gravatar.com\/avatar\/df1c24789360fb9308735c4ee556fc2bc5bf924bf01e53043b8b97ba272da33c?s=96&d=mm&r=g","contentUrl":"https:\/\/secure.gravatar.com\/avatar\/df1c24789360fb9308735c4ee556fc2bc5bf924bf01e53043b8b97ba272da33c?s=96&d=mm&r=g","caption":"RCMMelilla"}}]}},"_links":{"self":[{"href":"https:\/\/www.realclubmaritimomelilla.es\/clmar\/wp-json\/wp\/v2\/posts\/14929","targetHints":{"allow":["GET"]}}],"collection":[{"href":"https:\/\/www.realclubmaritimomelilla.es\/clmar\/wp-json\/wp\/v2\/posts"}],"about":[{"href":"https:\/\/www.realclubmaritimomelilla.es\/clmar\/wp-json\/wp\/v2\/types\/post"}],"author":[{"embeddable":true,"href":"https:\/\/www.realclubmaritimomelilla.es\/clmar\/wp-json\/wp\/v2\/users\/1"}],"replies":[{"embeddable":true,"href":"https:\/\/www.realclubmaritimomelilla.es\/clmar\/wp-json\/wp\/v2\/comments?post=14929"}],"version-history":[{"count":3,"href":"https:\/\/www.realclubmaritimomelilla.es\/clmar\/wp-json\/wp\/v2\/posts\/14929\/revisions"}],"predecessor-version":[{"id":22076,"href":"https:\/\/www.realclubmaritimomelilla.es\/clmar\/wp-json\/wp\/v2\/posts\/14929\/revisions\/22076"}],"wp:featuredmedia":[{"embeddable":true,"href":"https:\/\/www.realclubmaritimomelilla.es\/clmar\/wp-json\/wp\/v2\/media\/14930"}],"wp:attachment":[{"href":"https:\/\/www.realclubmaritimomelilla.es\/clmar\/wp-json\/wp\/v2\/media?parent=14929"}],"wp:term":[{"taxonomy":"category","embeddable":true,"href":"https:\/\/www.realclubmaritimomelilla.es\/clmar\/wp-json\/wp\/v2\/categories?post=14929"},{"taxonomy":"post_tag","embeddable":true,"href":"https:\/\/www.realclubmaritimomelilla.es\/clmar\/wp-json\/wp\/v2\/tags?post=14929"}],"curies":[{"name":"wp","href":"https:\/\/api.w.org\/{rel}","templated":true}]}}