{"id":14920,"date":"2019-12-08T16:24:53","date_gmt":"2019-12-08T15:24:53","guid":{"rendered":"http:\/\/www.clubmaritimomelilla.es\/clmar\/?p=14920"},"modified":"2019-12-08T16:24:53","modified_gmt":"2019-12-08T15:24:53","slug":"daniel-cardona-ana-clavero-y-cristina-vilarino-nuevos-campeones-nacional-de-laser-4-7-juvenil-en-melilla","status":"publish","type":"post","link":"https:\/\/www.realclubmaritimomelilla.es\/clmar\/daniel-cardona-ana-clavero-y-cristina-vilarino-nuevos-campeones-nacional-de-laser-4-7-juvenil-en-melilla\/","title":{"rendered":"DANIEL CARDONA, ANA CLAVERO Y CRISTINA VILARI\u00d1O, NUEVOS CAMPEONES NACIONAL DE LASER 4.7 JUVENIL EN MELILLA"},"content":{"rendered":"<div>\n\n\t\t<style type=\"text\/css\">\n\t\t\t#gallery-1 {\n\t\t\t\tmargin: auto;\n\t\t\t}\n\t\t\t#gallery-1 .gallery-item {\n\t\t\t\tfloat: left;\n\t\t\t\tmargin-top: 10px;\n\t\t\t\ttext-align: center;\n\t\t\t\twidth: 33%;\n\t\t\t}\n\t\t\t#gallery-1 img {\n\t\t\t\tborder: 2px solid #cfcfcf;\n\t\t\t}\n\t\t\t#gallery-1 .gallery-caption {\n\t\t\t\tmargin-left: 0;\n\t\t\t}\n\t\t\t\/* see gallery_shortcode() in wp-includes\/media.php *\/\n\t\t<\/style>\n\t\t<div id='gallery-1' class='gallery galleryid-14920 gallery-columns-3 gallery-size-thumbnail'><dl class='gallery-item'>\n\t\t\t<dt class='gallery-icon landscape'>\n\t\t\t\t<a data-rel=\"iLightbox[postimages]\" data-title=\"Daniel Cardona (campe\u00f3n de Espa\u00f1a sub16 y sub18)\" data-caption=\"\" href='https:\/\/www.realclubmaritimomelilla.es\/clmar\/daniel-cardona-ana-clavero-y-cristina-vilarino-nuevos-campeones-nacional-de-laser-4-7-juvenil-en-melilla\/daniel-cardona-campeon-de-espana-sub16-y-sub18\/'><img decoding=\"async\" width=\"150\" height=\"150\" src=\"https:\/\/www.realclubmaritimomelilla.es\/clmar\/wp-content\/uploads\/2019\/12\/Daniel-Cardona-campe\u00f3n-de-Espa\u00f1a-sub16-y-sub18-150x150.jpg\" class=\"attachment-thumbnail size-thumbnail\" alt=\"\" srcset=\"https:\/\/www.realclubmaritimomelilla.es\/clmar\/wp-content\/uploads\/2019\/12\/Daniel-Cardona-campe\u00f3n-de-Espa\u00f1a-sub16-y-sub18-50x50.jpg 50w, https:\/\/www.realclubmaritimomelilla.es\/clmar\/wp-content\/uploads\/2019\/12\/Daniel-Cardona-campe\u00f3n-de-Espa\u00f1a-sub16-y-sub18-66x66.jpg 66w, https:\/\/www.realclubmaritimomelilla.es\/clmar\/wp-content\/uploads\/2019\/12\/Daniel-Cardona-campe\u00f3n-de-Espa\u00f1a-sub16-y-sub18-150x150.jpg 150w, https:\/\/www.realclubmaritimomelilla.es\/clmar\/wp-content\/uploads\/2019\/12\/Daniel-Cardona-campe\u00f3n-de-Espa\u00f1a-sub16-y-sub18-300x300.jpg 300w\" sizes=\"(max-width: 150px) 100vw, 150px\" \/><\/a>\n\t\t\t<\/dt><\/dl><dl class='gallery-item'>\n\t\t\t<dt class='gallery-icon landscape'>\n\t\t\t\t<a data-rel=\"iLightbox[postimages]\" data-title=\"Cristina Vilari\u00f1o (campeona Espa\u00f1a subsub16)\" data-caption=\"\" href='https:\/\/www.realclubmaritimomelilla.es\/clmar\/daniel-cardona-ana-clavero-y-cristina-vilarino-nuevos-campeones-nacional-de-laser-4-7-juvenil-en-melilla\/cristina-vilarino-campeona-espana-subsub16\/'><img decoding=\"async\" width=\"150\" height=\"150\" src=\"https:\/\/www.realclubmaritimomelilla.es\/clmar\/wp-content\/uploads\/2019\/12\/Cristina-Vilari\u00f1o-campeona-Espa\u00f1a-subsub16-150x150.jpg\" class=\"attachment-thumbnail size-thumbnail\" alt=\"\" srcset=\"https:\/\/www.realclubmaritimomelilla.es\/clmar\/wp-content\/uploads\/2019\/12\/Cristina-Vilari\u00f1o-campeona-Espa\u00f1a-subsub16-50x50.jpg 50w, https:\/\/www.realclubmaritimomelilla.es\/clmar\/wp-content\/uploads\/2019\/12\/Cristina-Vilari\u00f1o-campeona-Espa\u00f1a-subsub16-66x66.jpg 66w, https:\/\/www.realclubmaritimomelilla.es\/clmar\/wp-content\/uploads\/2019\/12\/Cristina-Vilari\u00f1o-campeona-Espa\u00f1a-subsub16-150x150.jpg 150w, https:\/\/www.realclubmaritimomelilla.es\/clmar\/wp-content\/uploads\/2019\/12\/Cristina-Vilari\u00f1o-campeona-Espa\u00f1a-subsub16-300x300.jpg 300w\" sizes=\"(max-width: 150px) 100vw, 150px\" \/><\/a>\n\t\t\t<\/dt><\/dl><dl class='gallery-item'>\n\t\t\t<dt class='gallery-icon landscape'>\n\t\t\t\t<a data-rel=\"iLightbox[postimages]\" data-title=\"Ana Clavero (campeona Espa\u00f1a sub18)\" data-caption=\"\" href='https:\/\/www.realclubmaritimomelilla.es\/clmar\/daniel-cardona-ana-clavero-y-cristina-vilarino-nuevos-campeones-nacional-de-laser-4-7-juvenil-en-melilla\/ana-clavero-campeona-espana-sub18\/'><img decoding=\"async\" width=\"150\" height=\"150\" src=\"https:\/\/www.realclubmaritimomelilla.es\/clmar\/wp-content\/uploads\/2019\/12\/Ana-Clavero-campeona-Espa\u00f1a-sub18-150x150.jpg\" class=\"attachment-thumbnail size-thumbnail\" alt=\"\" srcset=\"https:\/\/www.realclubmaritimomelilla.es\/clmar\/wp-content\/uploads\/2019\/12\/Ana-Clavero-campeona-Espa\u00f1a-sub18-50x50.jpg 50w, https:\/\/www.realclubmaritimomelilla.es\/clmar\/wp-content\/uploads\/2019\/12\/Ana-Clavero-campeona-Espa\u00f1a-sub18-66x66.jpg 66w, https:\/\/www.realclubmaritimomelilla.es\/clmar\/wp-content\/uploads\/2019\/12\/Ana-Clavero-campeona-Espa\u00f1a-sub18-150x150.jpg 150w, https:\/\/www.realclubmaritimomelilla.es\/clmar\/wp-content\/uploads\/2019\/12\/Ana-Clavero-campeona-Espa\u00f1a-sub18-300x300.jpg 300w\" sizes=\"(max-width: 150px) 100vw, 150px\" \/><\/a>\n\t\t\t<\/dt><\/dl><br style=\"clear: both\" \/>\n\t\t<\/div>\n\n<\/div>\n<div><span style=\"font-size: large;\">ESTE DOMINGO JORNADA EN BLANCO EN EL CAMPEONATO DE ESPA\u00d1A<\/span><\/div>\n<div><span style=\"font-size: large;\">\u00a0<\/span><\/div>\n<div><span style=\"font-size: large;\">LA COMUNIDAD VALENCIANA SE CONVIERTE EN LA PRIMERA CAMPEONA AUTON\u00d3MICA DE LA CLASE<\/span><\/div>\n<div><\/div>\n<div>Daniel Cardona (CN s&#8217;Arenal) junto a Ana Clavero (CRN Calpe) y Cristina Vilari\u00f1o (CN s&#8217;Arenal) se han proclamado este domingo campeones de Espa\u00f1a de la clase laser 4.7 juvenil. La competici\u00f3n ha concluido hoy en el Real Club Maritimo de Melilla con una jornada en blanco, \u00a0ya que el role a poniente no ha subido a m\u00e1s de cuatro nudos.<\/div>\n<div><\/div>\n<div>La Comunidad Valenciana se ha convertido en la primera campeonato auton\u00f3mica de la clase l\u00e1ser 4.7 juvenil, siendo la primera edici\u00f3n del Campeonato de Espa\u00f1a en el que la Real Federaci\u00f3n Espa\u00f1ola de Vela inclu\u00eda este t\u00edtulo al de los regatistas.\u00a0 A los valencianos ha seguido Islas Baleares y Catalu\u00f1a. Andaluc\u00eda en cuarto lugar, por delante de la Regi\u00f3n de Murcia, Galicia, Canarias, Pa\u00eds Vasco, Madrid, Melilla y Navarra.<\/div>\n<div><\/div>\n<div>La competici\u00f3n se ha sucedido en el Real Club Maritimo de Melilla desde este pasado mi\u00e9rcoles, cuando qued\u00f3 inaugurado el campeonato con la presencia de 118 regatistas de diez comunidades aut\u00f3nomas junto a los deportistas de la ciudad aut\u00f3noma de Melilla.<\/div>\n<div><\/div>\n<div>Daniel Cardona ha conseguido imponerse al frente a la flota, convirti\u00e9ndose al mismo tiempo en campe\u00f3n de Espa\u00f1a sub16 y sub18. El regatista mallorqu\u00edn se puso al frente de la clasificaci\u00f3n en la segunda manga del campeonato y ha logrado salvar en las sucesivas jornadas tal posici\u00f3n.<\/div>\n<div><\/div>\n<div>Los puestos de honor en sub16 lo completan como subcampe\u00f3n de Espa\u00f1a David Ponseti (CN Ciutadella) y Mariano Cibri\u00e1n (CN Benidorm) como tercer clasificado. Posiciones que se ha repetido en el podio sub18, al haber sido estos regatistas los tres primeros de la clase.<\/div>\n<div><\/div>\n<div>El t\u00edtulo nacional, en la categor\u00eda sub16 femenina, tambi\u00e9n viaja a las Islas Baleares con Cristina Vilari\u00f1o. El podio lo han completado la valenciana Claudia Ad\u00e1n (CN Santa Pola) y la gallega Teresa (RFGV &#8211; Deporte Galego).<\/div>\n<div><\/div>\n<div>Ana Clavero ha conseguido llevarse el t\u00edtulo a la Comunidad Valenciana en la categor\u00eda sub18 femenina. Mientras que Isabel Hern\u00e1ndez (RCN Gran Canar\u00eda) ha sido segunda y Elba Mart\u00ednez (CN Salou) ha acabado tercera.<\/div>\n<div><\/div>\n<div>La ceremonia de entrega de trofeos se realizar\u00e1 esta tarde, a partir de las 20 horas, en el sal\u00f3n principal del Real Club Mar\u00edtimo de Melilla, con el que se clausura esta competici\u00f3n oficial de la Real Federaci\u00f3n Espa\u00f1ola de Vela.<\/div>\n","protected":false},"excerpt":{"rendered":"<p>ESTE DOMINGO JORNADA EN BLANCO EN EL CAMPEONATO DE ESPA\u00d1A \u00a0 LA COMUNIDAD VALENCIANA SE CONVIERTE EN LA PRIMERA CAMPEONA AUTON\u00d3MICA DE LA CLASE Daniel Cardona (CN s&#8217;Arenal) junto a Ana Clavero (CRN Calpe) y Cristina Vilari\u00f1o (CN s&#8217;Arenal) se han proclamado este domingo campeones de Espa\u00f1a de la clase laser 4.7 juvenil. La competici\u00f3n [&hellip;]<\/p>\n","protected":false},"author":1,"featured_media":14923,"comment_status":"open","ping_status":"open","sticky":false,"template":"","format":"standard","meta":{"_acf_changed":false,"footnotes":""},"categories":[40,38],"tags":[],"class_list":["post-14920","post","type-post","status-publish","format-standard","has-post-thumbnail","hentry","category-club","category-nautica"],"acf":[],"yoast_head":"<!-- This site is optimized with the Yoast SEO plugin v27.5 - https:\/\/yoast.com\/product\/yoast-seo-wordpress\/ -->\n<title>DANIEL CARDONA, ANA CLAVERO Y CRISTINA VILARI\u00d1O, NUEVOS CAMPEONES NACIONAL DE LASER 4.7 JUVENIL EN MELILLA - Real Club Mar\u00edtimo de Melilla<\/title>\n<meta name=\"description\" content=\"DANIEL CARDONA, ANA CLAVERO Y CRISTINA VILARI\u00d1O, NUEVOS CAMPEONES NACIONAL DE LASER 4.7 JUVENIL EN MELILLA -\" \/>\n<meta name=\"robots\" content=\"index, follow, max-snippet:-1, max-image-preview:large, max-video-preview:-1\" \/>\n<link rel=\"canonical\" href=\"https:\/\/www.realclubmaritimomelilla.es\/clmar\/daniel-cardona-ana-clavero-y-cristina-vilarino-nuevos-campeones-nacional-de-laser-4-7-juvenil-en-melilla\/\" \/>\n<meta property=\"og:locale\" content=\"es_ES\" \/>\n<meta property=\"og:type\" content=\"article\" \/>\n<meta property=\"og:title\" content=\"DANIEL CARDONA, ANA CLAVERO Y CRISTINA VILARI\u00d1O, NUEVOS CAMPEONES NACIONAL DE LASER 4.7 JUVENIL EN MELILLA - Real Club Mar\u00edtimo de Melilla\" \/>\n<meta property=\"og:description\" content=\"DANIEL CARDONA, ANA CLAVERO Y CRISTINA VILARI\u00d1O, NUEVOS CAMPEONES NACIONAL DE LASER 4.7 JUVENIL EN MELILLA -\" \/>\n<meta property=\"og:url\" content=\"https:\/\/www.realclubmaritimomelilla.es\/clmar\/daniel-cardona-ana-clavero-y-cristina-vilarino-nuevos-campeones-nacional-de-laser-4-7-juvenil-en-melilla\/\" \/>\n<meta property=\"og:site_name\" content=\"Real Club Mar\u00edtimo de Melilla\" \/>\n<meta property=\"article:publisher\" content=\"https:\/\/www.facebook.com\/Real-Club-Mar%c3%adtimo-de-Melilla-588495841234214\/\" \/>\n<meta property=\"article:published_time\" content=\"2019-12-08T15:24:53+00:00\" \/>\n<meta property=\"og:image\" content=\"https:\/\/www.realclubmaritimomelilla.es\/clmar\/wp-content\/uploads\/2019\/12\/Daniel-Cardona-1.jpg\" \/>\n\t<meta property=\"og:image:width\" content=\"2126\" \/>\n\t<meta property=\"og:image:height\" content=\"1211\" \/>\n\t<meta property=\"og:image:type\" content=\"image\/jpeg\" \/>\n<meta name=\"author\" content=\"RCMMelilla\" \/>\n<meta name=\"twitter:card\" content=\"summary_large_image\" \/>\n<meta name=\"twitter:creator\" content=\"@nauticarcmm\" \/>\n<meta name=\"twitter:site\" content=\"@nauticarcmm\" \/>\n<meta name=\"twitter:label1\" content=\"Escrito por\" \/>\n\t<meta name=\"twitter:data1\" content=\"RCMMelilla\" \/>\n\t<meta name=\"twitter:label2\" content=\"Tiempo de lectura\" \/>\n\t<meta name=\"twitter:data2\" content=\"2 minutos\" \/>\n<script type=\"application\/ld+json\" class=\"yoast-schema-graph\">{\"@context\":\"https:\\\/\\\/schema.org\",\"@graph\":[{\"@type\":\"Article\",\"@id\":\"https:\\\/\\\/www.realclubmaritimomelilla.es\\\/clmar\\\/daniel-cardona-ana-clavero-y-cristina-vilarino-nuevos-campeones-nacional-de-laser-4-7-juvenil-en-melilla\\\/#article\",\"isPartOf\":{\"@id\":\"https:\\\/\\\/www.realclubmaritimomelilla.es\\\/clmar\\\/daniel-cardona-ana-clavero-y-cristina-vilarino-nuevos-campeones-nacional-de-laser-4-7-juvenil-en-melilla\\\/\"},\"author\":{\"name\":\"RCMMelilla\",\"@id\":\"https:\\\/\\\/www.realclubmaritimomelilla.es\\\/clmar\\\/#\\\/schema\\\/person\\\/ebaa3713496dc6d48c872452e73a8e79\"},\"headline\":\"DANIEL CARDONA, ANA CLAVERO Y CRISTINA VILARI\u00d1O, NUEVOS CAMPEONES NACIONAL DE LASER 4.7 JUVENIL EN MELILLA\",\"datePublished\":\"2019-12-08T15:24:53+00:00\",\"mainEntityOfPage\":{\"@id\":\"https:\\\/\\\/www.realclubmaritimomelilla.es\\\/clmar\\\/daniel-cardona-ana-clavero-y-cristina-vilarino-nuevos-campeones-nacional-de-laser-4-7-juvenil-en-melilla\\\/\"},\"wordCount\":458,\"commentCount\":0,\"publisher\":{\"@id\":\"https:\\\/\\\/www.realclubmaritimomelilla.es\\\/clmar\\\/#organization\"},\"image\":{\"@id\":\"https:\\\/\\\/www.realclubmaritimomelilla.es\\\/clmar\\\/daniel-cardona-ana-clavero-y-cristina-vilarino-nuevos-campeones-nacional-de-laser-4-7-juvenil-en-melilla\\\/#primaryimage\"},\"thumbnailUrl\":\"https:\\\/\\\/www.realclubmaritimomelilla.es\\\/clmar\\\/wp-content\\\/uploads\\\/2019\\\/12\\\/Daniel-Cardona-1.jpg\",\"articleSection\":[\"Club\",\"N\u00e1utica\"],\"inLanguage\":\"es\",\"potentialAction\":[{\"@type\":\"CommentAction\",\"name\":\"Comment\",\"target\":[\"https:\\\/\\\/www.realclubmaritimomelilla.es\\\/clmar\\\/daniel-cardona-ana-clavero-y-cristina-vilarino-nuevos-campeones-nacional-de-laser-4-7-juvenil-en-melilla\\\/#respond\"]}]},{\"@type\":\"WebPage\",\"@id\":\"https:\\\/\\\/www.realclubmaritimomelilla.es\\\/clmar\\\/daniel-cardona-ana-clavero-y-cristina-vilarino-nuevos-campeones-nacional-de-laser-4-7-juvenil-en-melilla\\\/\",\"url\":\"https:\\\/\\\/www.realclubmaritimomelilla.es\\\/clmar\\\/daniel-cardona-ana-clavero-y-cristina-vilarino-nuevos-campeones-nacional-de-laser-4-7-juvenil-en-melilla\\\/\",\"name\":\"DANIEL CARDONA, ANA CLAVERO Y CRISTINA VILARI\u00d1O, NUEVOS CAMPEONES NACIONAL DE LASER 4.7 JUVENIL EN MELILLA - Real Club Mar\u00edtimo de Melilla\",\"isPartOf\":{\"@id\":\"https:\\\/\\\/www.realclubmaritimomelilla.es\\\/clmar\\\/#website\"},\"primaryImageOfPage\":{\"@id\":\"https:\\\/\\\/www.realclubmaritimomelilla.es\\\/clmar\\\/daniel-cardona-ana-clavero-y-cristina-vilarino-nuevos-campeones-nacional-de-laser-4-7-juvenil-en-melilla\\\/#primaryimage\"},\"image\":{\"@id\":\"https:\\\/\\\/www.realclubmaritimomelilla.es\\\/clmar\\\/daniel-cardona-ana-clavero-y-cristina-vilarino-nuevos-campeones-nacional-de-laser-4-7-juvenil-en-melilla\\\/#primaryimage\"},\"thumbnailUrl\":\"https:\\\/\\\/www.realclubmaritimomelilla.es\\\/clmar\\\/wp-content\\\/uploads\\\/2019\\\/12\\\/Daniel-Cardona-1.jpg\",\"datePublished\":\"2019-12-08T15:24:53+00:00\",\"description\":\"DANIEL CARDONA, ANA CLAVERO Y CRISTINA VILARI\u00d1O, NUEVOS CAMPEONES NACIONAL DE LASER 4.7 JUVENIL EN MELILLA -\",\"breadcrumb\":{\"@id\":\"https:\\\/\\\/www.realclubmaritimomelilla.es\\\/clmar\\\/daniel-cardona-ana-clavero-y-cristina-vilarino-nuevos-campeones-nacional-de-laser-4-7-juvenil-en-melilla\\\/#breadcrumb\"},\"inLanguage\":\"es\",\"potentialAction\":[{\"@type\":\"ReadAction\",\"target\":[\"https:\\\/\\\/www.realclubmaritimomelilla.es\\\/clmar\\\/daniel-cardona-ana-clavero-y-cristina-vilarino-nuevos-campeones-nacional-de-laser-4-7-juvenil-en-melilla\\\/\"]}]},{\"@type\":\"ImageObject\",\"inLanguage\":\"es\",\"@id\":\"https:\\\/\\\/www.realclubmaritimomelilla.es\\\/clmar\\\/daniel-cardona-ana-clavero-y-cristina-vilarino-nuevos-campeones-nacional-de-laser-4-7-juvenil-en-melilla\\\/#primaryimage\",\"url\":\"https:\\\/\\\/www.realclubmaritimomelilla.es\\\/clmar\\\/wp-content\\\/uploads\\\/2019\\\/12\\\/Daniel-Cardona-1.jpg\",\"contentUrl\":\"https:\\\/\\\/www.realclubmaritimomelilla.es\\\/clmar\\\/wp-content\\\/uploads\\\/2019\\\/12\\\/Daniel-Cardona-1.jpg\",\"width\":2126,\"height\":1211},{\"@type\":\"BreadcrumbList\",\"@id\":\"https:\\\/\\\/www.realclubmaritimomelilla.es\\\/clmar\\\/daniel-cardona-ana-clavero-y-cristina-vilarino-nuevos-campeones-nacional-de-laser-4-7-juvenil-en-melilla\\\/#breadcrumb\",\"itemListElement\":[{\"@type\":\"ListItem\",\"position\":1,\"name\":\"Portada\",\"item\":\"https:\\\/\\\/www.realclubmaritimomelilla.es\\\/clmar\\\/\"},{\"@type\":\"ListItem\",\"position\":2,\"name\":\"DANIEL CARDONA, ANA CLAVERO Y CRISTINA VILARI\u00d1O, NUEVOS CAMPEONES NACIONAL DE LASER 4.7 JUVENIL EN MELILLA\"}]},{\"@type\":\"WebSite\",\"@id\":\"https:\\\/\\\/www.realclubmaritimomelilla.es\\\/clmar\\\/#website\",\"url\":\"https:\\\/\\\/www.realclubmaritimomelilla.es\\\/clmar\\\/\",\"name\":\"Real Club Mar\u00edtimo de Melilla\",\"description\":\"RCMM\",\"publisher\":{\"@id\":\"https:\\\/\\\/www.realclubmaritimomelilla.es\\\/clmar\\\/#organization\"},\"alternateName\":\"RCMM\",\"potentialAction\":[{\"@type\":\"SearchAction\",\"target\":{\"@type\":\"EntryPoint\",\"urlTemplate\":\"https:\\\/\\\/www.realclubmaritimomelilla.es\\\/clmar\\\/?s={search_term_string}\"},\"query-input\":{\"@type\":\"PropertyValueSpecification\",\"valueRequired\":true,\"valueName\":\"search_term_string\"}}],\"inLanguage\":\"es\"},{\"@type\":\"Organization\",\"@id\":\"https:\\\/\\\/www.realclubmaritimomelilla.es\\\/clmar\\\/#organization\",\"name\":\"Real Club Mar\u00edtimo de Melilla\",\"alternateName\":\"RCMM\",\"url\":\"https:\\\/\\\/www.realclubmaritimomelilla.es\\\/clmar\\\/\",\"logo\":{\"@type\":\"ImageObject\",\"inLanguage\":\"es\",\"@id\":\"https:\\\/\\\/www.realclubmaritimomelilla.es\\\/clmar\\\/#\\\/schema\\\/logo\\\/image\\\/\",\"url\":\"https:\\\/\\\/www.realclubmaritimomelilla.es\\\/clmar\\\/wp-content\\\/uploads\\\/logo-club-original-copia.jpg\",\"contentUrl\":\"https:\\\/\\\/www.realclubmaritimomelilla.es\\\/clmar\\\/wp-content\\\/uploads\\\/logo-club-original-copia.jpg\",\"width\":128,\"height\":89,\"caption\":\"Real Club Mar\u00edtimo de Melilla\"},\"image\":{\"@id\":\"https:\\\/\\\/www.realclubmaritimomelilla.es\\\/clmar\\\/#\\\/schema\\\/logo\\\/image\\\/\"},\"sameAs\":[\"https:\\\/\\\/www.facebook.com\\\/Real-Club-Mar\u00edtimo-de-Melilla-588495841234214\\\/\",\"https:\\\/\\\/x.com\\\/nauticarcmm\",\"https:\\\/\\\/www.instagram.com\\\/club_maritimo_melilla\\\/\",\"https:\\\/\\\/www.youtube.com\\\/@realclubmaritimodemelilla4703\",\"https:\\\/\\\/es.wikipedia.org\\\/wiki\\\/Real_Club_Mar\u00edtimo_de_Melilla\"]},{\"@type\":\"Person\",\"@id\":\"https:\\\/\\\/www.realclubmaritimomelilla.es\\\/clmar\\\/#\\\/schema\\\/person\\\/ebaa3713496dc6d48c872452e73a8e79\",\"name\":\"RCMMelilla\",\"image\":{\"@type\":\"ImageObject\",\"inLanguage\":\"es\",\"@id\":\"https:\\\/\\\/secure.gravatar.com\\\/avatar\\\/df1c24789360fb9308735c4ee556fc2bc5bf924bf01e53043b8b97ba272da33c?s=96&d=mm&r=g\",\"url\":\"https:\\\/\\\/secure.gravatar.com\\\/avatar\\\/df1c24789360fb9308735c4ee556fc2bc5bf924bf01e53043b8b97ba272da33c?s=96&d=mm&r=g\",\"contentUrl\":\"https:\\\/\\\/secure.gravatar.com\\\/avatar\\\/df1c24789360fb9308735c4ee556fc2bc5bf924bf01e53043b8b97ba272da33c?s=96&d=mm&r=g\",\"caption\":\"RCMMelilla\"}}]}<\/script>\n<!-- \/ Yoast SEO plugin. -->","yoast_head_json":{"title":"DANIEL CARDONA, ANA CLAVERO Y CRISTINA VILARI\u00d1O, NUEVOS CAMPEONES NACIONAL DE LASER 4.7 JUVENIL EN MELILLA - Real Club Mar\u00edtimo de Melilla","description":"DANIEL CARDONA, ANA CLAVERO Y CRISTINA VILARI\u00d1O, NUEVOS CAMPEONES NACIONAL DE LASER 4.7 JUVENIL EN MELILLA -","robots":{"index":"index","follow":"follow","max-snippet":"max-snippet:-1","max-image-preview":"max-image-preview:large","max-video-preview":"max-video-preview:-1"},"canonical":"https:\/\/www.realclubmaritimomelilla.es\/clmar\/daniel-cardona-ana-clavero-y-cristina-vilarino-nuevos-campeones-nacional-de-laser-4-7-juvenil-en-melilla\/","og_locale":"es_ES","og_type":"article","og_title":"DANIEL CARDONA, ANA CLAVERO Y CRISTINA VILARI\u00d1O, NUEVOS CAMPEONES NACIONAL DE LASER 4.7 JUVENIL EN MELILLA - Real Club Mar\u00edtimo de Melilla","og_description":"DANIEL CARDONA, ANA CLAVERO Y CRISTINA VILARI\u00d1O, NUEVOS CAMPEONES NACIONAL DE LASER 4.7 JUVENIL EN MELILLA -","og_url":"https:\/\/www.realclubmaritimomelilla.es\/clmar\/daniel-cardona-ana-clavero-y-cristina-vilarino-nuevos-campeones-nacional-de-laser-4-7-juvenil-en-melilla\/","og_site_name":"Real Club Mar\u00edtimo de Melilla","article_publisher":"https:\/\/www.facebook.com\/Real-Club-Mar%c3%adtimo-de-Melilla-588495841234214\/","article_published_time":"2019-12-08T15:24:53+00:00","og_image":[{"width":2126,"height":1211,"url":"https:\/\/www.realclubmaritimomelilla.es\/clmar\/wp-content\/uploads\/2019\/12\/Daniel-Cardona-1.jpg","type":"image\/jpeg"}],"author":"RCMMelilla","twitter_card":"summary_large_image","twitter_creator":"@nauticarcmm","twitter_site":"@nauticarcmm","twitter_misc":{"Escrito por":"RCMMelilla","Tiempo de lectura":"2 minutos"},"schema":{"@context":"https:\/\/schema.org","@graph":[{"@type":"Article","@id":"https:\/\/www.realclubmaritimomelilla.es\/clmar\/daniel-cardona-ana-clavero-y-cristina-vilarino-nuevos-campeones-nacional-de-laser-4-7-juvenil-en-melilla\/#article","isPartOf":{"@id":"https:\/\/www.realclubmaritimomelilla.es\/clmar\/daniel-cardona-ana-clavero-y-cristina-vilarino-nuevos-campeones-nacional-de-laser-4-7-juvenil-en-melilla\/"},"author":{"name":"RCMMelilla","@id":"https:\/\/www.realclubmaritimomelilla.es\/clmar\/#\/schema\/person\/ebaa3713496dc6d48c872452e73a8e79"},"headline":"DANIEL CARDONA, ANA CLAVERO Y CRISTINA VILARI\u00d1O, NUEVOS CAMPEONES NACIONAL DE LASER 4.7 JUVENIL EN MELILLA","datePublished":"2019-12-08T15:24:53+00:00","mainEntityOfPage":{"@id":"https:\/\/www.realclubmaritimomelilla.es\/clmar\/daniel-cardona-ana-clavero-y-cristina-vilarino-nuevos-campeones-nacional-de-laser-4-7-juvenil-en-melilla\/"},"wordCount":458,"commentCount":0,"publisher":{"@id":"https:\/\/www.realclubmaritimomelilla.es\/clmar\/#organization"},"image":{"@id":"https:\/\/www.realclubmaritimomelilla.es\/clmar\/daniel-cardona-ana-clavero-y-cristina-vilarino-nuevos-campeones-nacional-de-laser-4-7-juvenil-en-melilla\/#primaryimage"},"thumbnailUrl":"https:\/\/www.realclubmaritimomelilla.es\/clmar\/wp-content\/uploads\/2019\/12\/Daniel-Cardona-1.jpg","articleSection":["Club","N\u00e1utica"],"inLanguage":"es","potentialAction":[{"@type":"CommentAction","name":"Comment","target":["https:\/\/www.realclubmaritimomelilla.es\/clmar\/daniel-cardona-ana-clavero-y-cristina-vilarino-nuevos-campeones-nacional-de-laser-4-7-juvenil-en-melilla\/#respond"]}]},{"@type":"WebPage","@id":"https:\/\/www.realclubmaritimomelilla.es\/clmar\/daniel-cardona-ana-clavero-y-cristina-vilarino-nuevos-campeones-nacional-de-laser-4-7-juvenil-en-melilla\/","url":"https:\/\/www.realclubmaritimomelilla.es\/clmar\/daniel-cardona-ana-clavero-y-cristina-vilarino-nuevos-campeones-nacional-de-laser-4-7-juvenil-en-melilla\/","name":"DANIEL CARDONA, ANA CLAVERO Y CRISTINA VILARI\u00d1O, NUEVOS CAMPEONES NACIONAL DE LASER 4.7 JUVENIL EN MELILLA - Real Club Mar\u00edtimo de Melilla","isPartOf":{"@id":"https:\/\/www.realclubmaritimomelilla.es\/clmar\/#website"},"primaryImageOfPage":{"@id":"https:\/\/www.realclubmaritimomelilla.es\/clmar\/daniel-cardona-ana-clavero-y-cristina-vilarino-nuevos-campeones-nacional-de-laser-4-7-juvenil-en-melilla\/#primaryimage"},"image":{"@id":"https:\/\/www.realclubmaritimomelilla.es\/clmar\/daniel-cardona-ana-clavero-y-cristina-vilarino-nuevos-campeones-nacional-de-laser-4-7-juvenil-en-melilla\/#primaryimage"},"thumbnailUrl":"https:\/\/www.realclubmaritimomelilla.es\/clmar\/wp-content\/uploads\/2019\/12\/Daniel-Cardona-1.jpg","datePublished":"2019-12-08T15:24:53+00:00","description":"DANIEL CARDONA, ANA CLAVERO Y CRISTINA VILARI\u00d1O, NUEVOS CAMPEONES NACIONAL DE LASER 4.7 JUVENIL EN MELILLA -","breadcrumb":{"@id":"https:\/\/www.realclubmaritimomelilla.es\/clmar\/daniel-cardona-ana-clavero-y-cristina-vilarino-nuevos-campeones-nacional-de-laser-4-7-juvenil-en-melilla\/#breadcrumb"},"inLanguage":"es","potentialAction":[{"@type":"ReadAction","target":["https:\/\/www.realclubmaritimomelilla.es\/clmar\/daniel-cardona-ana-clavero-y-cristina-vilarino-nuevos-campeones-nacional-de-laser-4-7-juvenil-en-melilla\/"]}]},{"@type":"ImageObject","inLanguage":"es","@id":"https:\/\/www.realclubmaritimomelilla.es\/clmar\/daniel-cardona-ana-clavero-y-cristina-vilarino-nuevos-campeones-nacional-de-laser-4-7-juvenil-en-melilla\/#primaryimage","url":"https:\/\/www.realclubmaritimomelilla.es\/clmar\/wp-content\/uploads\/2019\/12\/Daniel-Cardona-1.jpg","contentUrl":"https:\/\/www.realclubmaritimomelilla.es\/clmar\/wp-content\/uploads\/2019\/12\/Daniel-Cardona-1.jpg","width":2126,"height":1211},{"@type":"BreadcrumbList","@id":"https:\/\/www.realclubmaritimomelilla.es\/clmar\/daniel-cardona-ana-clavero-y-cristina-vilarino-nuevos-campeones-nacional-de-laser-4-7-juvenil-en-melilla\/#breadcrumb","itemListElement":[{"@type":"ListItem","position":1,"name":"Portada","item":"https:\/\/www.realclubmaritimomelilla.es\/clmar\/"},{"@type":"ListItem","position":2,"name":"DANIEL CARDONA, ANA CLAVERO Y CRISTINA VILARI\u00d1O, NUEVOS CAMPEONES NACIONAL DE LASER 4.7 JUVENIL EN MELILLA"}]},{"@type":"WebSite","@id":"https:\/\/www.realclubmaritimomelilla.es\/clmar\/#website","url":"https:\/\/www.realclubmaritimomelilla.es\/clmar\/","name":"Real Club Mar\u00edtimo de Melilla","description":"RCMM","publisher":{"@id":"https:\/\/www.realclubmaritimomelilla.es\/clmar\/#organization"},"alternateName":"RCMM","potentialAction":[{"@type":"SearchAction","target":{"@type":"EntryPoint","urlTemplate":"https:\/\/www.realclubmaritimomelilla.es\/clmar\/?s={search_term_string}"},"query-input":{"@type":"PropertyValueSpecification","valueRequired":true,"valueName":"search_term_string"}}],"inLanguage":"es"},{"@type":"Organization","@id":"https:\/\/www.realclubmaritimomelilla.es\/clmar\/#organization","name":"Real Club Mar\u00edtimo de Melilla","alternateName":"RCMM","url":"https:\/\/www.realclubmaritimomelilla.es\/clmar\/","logo":{"@type":"ImageObject","inLanguage":"es","@id":"https:\/\/www.realclubmaritimomelilla.es\/clmar\/#\/schema\/logo\/image\/","url":"https:\/\/www.realclubmaritimomelilla.es\/clmar\/wp-content\/uploads\/logo-club-original-copia.jpg","contentUrl":"https:\/\/www.realclubmaritimomelilla.es\/clmar\/wp-content\/uploads\/logo-club-original-copia.jpg","width":128,"height":89,"caption":"Real Club Mar\u00edtimo de Melilla"},"image":{"@id":"https:\/\/www.realclubmaritimomelilla.es\/clmar\/#\/schema\/logo\/image\/"},"sameAs":["https:\/\/www.facebook.com\/Real-Club-Mar\u00edtimo-de-Melilla-588495841234214\/","https:\/\/x.com\/nauticarcmm","https:\/\/www.instagram.com\/club_maritimo_melilla\/","https:\/\/www.youtube.com\/@realclubmaritimodemelilla4703","https:\/\/es.wikipedia.org\/wiki\/Real_Club_Mar\u00edtimo_de_Melilla"]},{"@type":"Person","@id":"https:\/\/www.realclubmaritimomelilla.es\/clmar\/#\/schema\/person\/ebaa3713496dc6d48c872452e73a8e79","name":"RCMMelilla","image":{"@type":"ImageObject","inLanguage":"es","@id":"https:\/\/secure.gravatar.com\/avatar\/df1c24789360fb9308735c4ee556fc2bc5bf924bf01e53043b8b97ba272da33c?s=96&d=mm&r=g","url":"https:\/\/secure.gravatar.com\/avatar\/df1c24789360fb9308735c4ee556fc2bc5bf924bf01e53043b8b97ba272da33c?s=96&d=mm&r=g","contentUrl":"https:\/\/secure.gravatar.com\/avatar\/df1c24789360fb9308735c4ee556fc2bc5bf924bf01e53043b8b97ba272da33c?s=96&d=mm&r=g","caption":"RCMMelilla"}}]}},"_links":{"self":[{"href":"https:\/\/www.realclubmaritimomelilla.es\/clmar\/wp-json\/wp\/v2\/posts\/14920","targetHints":{"allow":["GET"]}}],"collection":[{"href":"https:\/\/www.realclubmaritimomelilla.es\/clmar\/wp-json\/wp\/v2\/posts"}],"about":[{"href":"https:\/\/www.realclubmaritimomelilla.es\/clmar\/wp-json\/wp\/v2\/types\/post"}],"author":[{"embeddable":true,"href":"https:\/\/www.realclubmaritimomelilla.es\/clmar\/wp-json\/wp\/v2\/users\/1"}],"replies":[{"embeddable":true,"href":"https:\/\/www.realclubmaritimomelilla.es\/clmar\/wp-json\/wp\/v2\/comments?post=14920"}],"version-history":[{"count":1,"href":"https:\/\/www.realclubmaritimomelilla.es\/clmar\/wp-json\/wp\/v2\/posts\/14920\/revisions"}],"predecessor-version":[{"id":14928,"href":"https:\/\/www.realclubmaritimomelilla.es\/clmar\/wp-json\/wp\/v2\/posts\/14920\/revisions\/14928"}],"wp:featuredmedia":[{"embeddable":true,"href":"https:\/\/www.realclubmaritimomelilla.es\/clmar\/wp-json\/wp\/v2\/media\/14923"}],"wp:attachment":[{"href":"https:\/\/www.realclubmaritimomelilla.es\/clmar\/wp-json\/wp\/v2\/media?parent=14920"}],"wp:term":[{"taxonomy":"category","embeddable":true,"href":"https:\/\/www.realclubmaritimomelilla.es\/clmar\/wp-json\/wp\/v2\/categories?post=14920"},{"taxonomy":"post_tag","embeddable":true,"href":"https:\/\/www.realclubmaritimomelilla.es\/clmar\/wp-json\/wp\/v2\/tags?post=14920"}],"curies":[{"name":"wp","href":"https:\/\/api.w.org\/{rel}","templated":true}]}}