{"id":14913,"date":"2019-12-07T17:15:14","date_gmt":"2019-12-07T16:15:14","guid":{"rendered":"http:\/\/www.clubmaritimomelilla.es\/clmar\/?p=14913"},"modified":"2019-12-07T17:15:14","modified_gmt":"2019-12-07T16:15:14","slug":"daniel-cardona-lidera-el-campeonato-de-espana-laser-4-7-juvenil-a-falta-de-una-jornada","status":"publish","type":"post","link":"https:\/\/www.realclubmaritimomelilla.es\/clmar\/daniel-cardona-lidera-el-campeonato-de-espana-laser-4-7-juvenil-a-falta-de-una-jornada\/","title":{"rendered":"DANIEL CARDONA LIDER\u00c1 EL CAMPEONATO DE ESPA\u00d1A LASER 4.7 JUVENIL A FALTA DE UNA JORNADA"},"content":{"rendered":"<div><span style=\"font-size: large;\">LA COMPETICI\u00d3N SE DECIDE ESTE DOMINGO EN LA CIUDAD AUT\u00d3NOMA DE MELILLA<\/span><\/div>\n<div><\/div>\n<div>El mallorqu\u00edn Daniel Cardona (CN s&#8217;Arenal) concluye nuevamente la jornada como l\u00edder del Campeonato de Espa\u00f1a 4.7 juvenil. Hoy se ha cubierto el tercer d\u00eda de competici\u00f3n en la ciudad aut\u00f3noma de Melilla, con otra jornada protagonizada por un fuerte oleaje en el campo de regata y en la que se han a\u00f1adido tres pruebas.<\/div>\n<div><\/div>\n<div>Cardona tiene cuatro puntos de ventaja sobre David Ponseti (CN Ciutadella), que se coloc\u00f3 l\u00edder tras la primera manga del d\u00eda, y con nueve de renta sobre Mariano Cebr\u00edan (CN Benidorm), a quien le penalizan los dos fueras de l\u00ednea del primer d\u00eda para no estar m\u00e1s cerca del liderato.<\/div>\n<div><\/div>\n<div>Este s\u00e1bado han comenzado a disputar las series finales del Nacional Laser 4.7 sub16 y sub18, con tres mangas para los dos grupo Oro y Plata. Las condiciones meteorol\u00f3gicas han marcado la jornada, consiguiendo salvarla el Comit\u00e9 a pesar de los roles y subidas de presi\u00f3n. As\u00ed, la primera salida se daba con rumbo al 045\u00ba, para en la manga del grupo Plata tener que realizar un cambio de recorrido al 030\u00ba. Tambi\u00e9n en la segunda prueba para el grupo Oro se produc\u00eda una incidencia, con la ampliaci\u00f3n del recorrido para estos regatistas. La fuerza del viento ha variado entre los 13 nudos iniciales, hasta los ocho con los que ha acabado el grupo Plata la tercera manga.<\/div>\n<div><\/div>\n<div>Nuevamente, el desarrollo de la competici\u00f3n ha mantenido una gran expectaci\u00f3n en la lucha por los puestos de honor del grupo Oro, con constantes cambios de l\u00edder. Las condiciones meteorol\u00f3gicas han vuelto a marcar el desarrollo de la jornada. Adem\u00e1s, despu\u00e9s de disputarse \u00a0nueve mangas, los regatistas ya han realizado dos descartes en los resultados acumulados, lo que permite a Daniel Cardona mantenerse como l\u00edder provisional, a expensas de lo que ocurra este domingo en el \u00faltimo d\u00eda de competici\u00f3n.<\/div>\n<div><\/div>\n<div>El Comit\u00e9 era puntual y a las doce del mediod\u00eda iniciaba el procedimiento de salida. Despu\u00e9s de izar aplazamiento y arriar la bandera poco despu\u00e9s, a las 12:14 horas tomaba la salida el grupo Oro. Diez minutos despu\u00e9s lo hac\u00eda el grupo Plata, pero una llamada general postergaba el inicio de la competici\u00f3n para estos regatistas, que tuvieron que realizar el segundo intento de salida, el v\u00e1lido, con bandera negra.<\/div>\n<div><\/div>\n<div>La primera manga del d\u00eda para el grupo Oro tuvo al malague\u00f1o Antonio Villal\u00f3n (RC Mediterr\u00e1neo) como gran protagonista, al alzarse con un primer puesto, seguido de Antonio L\u00f3pez (RCN Torrevieja) y Cristina Vilari\u00f1o (CN s\u00c0renal). En este instante, el menorqu\u00edn David Ponseti se colocaba l\u00edder provisional.<\/div>\n<div><\/div>\n<div>En el grupo Plata, Bosco Ma\u00f1as (CN El Masnou) se impon\u00eda en esta primera manga.<\/div>\n<div><\/div>\n<div>Durante la segunda prueba para los regatistas del grupo Oro, el canario Rafael Lora (RCN Gran Canaria) consegu\u00eda su segundo triunfo parcial del Campeonato. Iago Batista (CN Salou) se impon\u00eda en el grupo de regatista con distinto Plata. Nuevamente cambio en la general conjunta, con el valenciano Marcos Altarriba (RCN Valencia) ascendiendo al primer puesto.<\/div>\n<div><\/div>\n<div>Y la \u00faltima prueba del d\u00eda, la novena de la competici\u00f3n para todos los regatistas, depar\u00f3 un nuevo cambio de l\u00edder. En este caso, Giulio Zunino (CN Vilanova) firmaba un primer puesto en el grupo Oro, mientras que Nadia Cilloniz (CNM Benalm\u00e1dena) lo hac\u00eda en el grupo Plata. Daniel Cardona, con un cuarto puesto en la manga, recuperaba el liderato.<\/div>\n<div><\/div>\n<div>La clasificaci\u00f3n general, a falta de una jornada, tiene al mallorqu\u00edn Daniel Cardona como l\u00edder (32 puntos), seguido por su compa\u00f1ero de comunidad David Ponseti (36 puntos) y el valenciano Mariano Cibri\u00e1n (41 puntos) tercero. Javier Segu\u00ed (RCN Pto. Pollen\u00e7a) y Marcos Altarriba marchan cuarto y quinto respectivamente con 44 y 45 puntos cada uno.<\/div>\n<div><\/div>\n<div>La categor\u00eda sub16 est\u00e1 liderada por Daniel Cardona y Cristina Vilari\u00f1o. Mientras que Marcos Altarriba y Ana Clavero est\u00e1n al frente del grupo de edad sub18.<\/div>\n<div><\/div>\n<div>Este domingo concluye el Campeonato de Espa\u00f1a Laser 4.7 que se viene disputando en el Real Club Maritimo de Melilla desde el mi\u00e9rcoles, con la colaboraci\u00f3n de la Ciudad Aut\u00f3noma de Melilla, el proyecto Melilla N\u00e1utica 2019 y Trasmediterranea, entre otras entidades.<\/div>\n<div><\/div>\n<div>ENLACE CLASIFICACIONES PROVISIONALES:\u00a0http:\/\/2019ctoesplaser47.sailti.com\/es\/default\/races\/race-resultsall<\/div>\n<div><\/div>\n<div>ENLACE FOTOS DE LA JORNADA:\u00a0https:\/\/photos.app.goo.gl\/hq38gNPxFFN1DJ8q8<\/div>\n","protected":false},"excerpt":{"rendered":"<p>LA COMPETICI\u00d3N SE DECIDE ESTE DOMINGO EN LA CIUDAD AUT\u00d3NOMA DE MELILLA El mallorqu\u00edn Daniel Cardona (CN s&#8217;Arenal) concluye nuevamente la jornada como l\u00edder del Campeonato de Espa\u00f1a 4.7 juvenil. Hoy se ha cubierto el tercer d\u00eda de competici\u00f3n en la ciudad aut\u00f3noma de Melilla, con otra jornada protagonizada por un fuerte oleaje en el [&hellip;]<\/p>\n","protected":false},"author":1,"featured_media":14914,"comment_status":"open","ping_status":"open","sticky":false,"template":"","format":"standard","meta":{"_acf_changed":false,"footnotes":""},"categories":[40,38],"tags":[],"class_list":["post-14913","post","type-post","status-publish","format-standard","has-post-thumbnail","hentry","category-club","category-nautica"],"acf":[],"yoast_head":"<!-- This site is optimized with the Yoast SEO plugin v27.5 - https:\/\/yoast.com\/product\/yoast-seo-wordpress\/ -->\n<title>DANIEL CARDONA LIDER\u00c1 EL CAMPEONATO DE ESPA\u00d1A LASER 4.7 JUVENIL A FALTA DE UNA JORNADA - Real Club Mar\u00edtimo de Melilla<\/title>\n<meta name=\"description\" content=\"DANIEL CARDONA LIDER\u00c1 EL CAMPEONATO DE ESPA\u00d1A LASER 4.7 JUVENIL A FALTA DE UNA JORNADA -\" \/>\n<meta name=\"robots\" content=\"index, follow, max-snippet:-1, max-image-preview:large, max-video-preview:-1\" \/>\n<link rel=\"canonical\" href=\"https:\/\/www.realclubmaritimomelilla.es\/clmar\/daniel-cardona-lidera-el-campeonato-de-espana-laser-4-7-juvenil-a-falta-de-una-jornada\/\" \/>\n<meta property=\"og:locale\" content=\"es_ES\" \/>\n<meta property=\"og:type\" content=\"article\" \/>\n<meta property=\"og:title\" content=\"DANIEL CARDONA LIDER\u00c1 EL CAMPEONATO DE ESPA\u00d1A LASER 4.7 JUVENIL A FALTA DE UNA JORNADA - Real Club Mar\u00edtimo de Melilla\" \/>\n<meta property=\"og:description\" content=\"DANIEL CARDONA LIDER\u00c1 EL CAMPEONATO DE ESPA\u00d1A LASER 4.7 JUVENIL A FALTA DE UNA JORNADA -\" \/>\n<meta property=\"og:url\" content=\"https:\/\/www.realclubmaritimomelilla.es\/clmar\/daniel-cardona-lidera-el-campeonato-de-espana-laser-4-7-juvenil-a-falta-de-una-jornada\/\" \/>\n<meta property=\"og:site_name\" content=\"Real Club Mar\u00edtimo de Melilla\" \/>\n<meta property=\"article:publisher\" content=\"https:\/\/www.facebook.com\/Real-Club-Mar%c3%adtimo-de-Melilla-588495841234214\/\" \/>\n<meta property=\"article:published_time\" content=\"2019-12-07T16:15:14+00:00\" \/>\n<meta property=\"og:image\" content=\"https:\/\/www.realclubmaritimomelilla.es\/clmar\/wp-content\/uploads\/2019\/12\/Daniel-Cardona-lider-provisional-copia.jpg\" \/>\n\t<meta property=\"og:image:width\" content=\"2126\" \/>\n\t<meta property=\"og:image:height\" content=\"1624\" \/>\n\t<meta property=\"og:image:type\" content=\"image\/jpeg\" \/>\n<meta name=\"author\" content=\"RCMMelilla\" \/>\n<meta name=\"twitter:card\" content=\"summary_large_image\" \/>\n<meta name=\"twitter:creator\" content=\"@nauticarcmm\" \/>\n<meta name=\"twitter:site\" content=\"@nauticarcmm\" \/>\n<meta name=\"twitter:label1\" content=\"Escrito por\" \/>\n\t<meta name=\"twitter:data1\" content=\"RCMMelilla\" \/>\n\t<meta name=\"twitter:label2\" content=\"Tiempo de lectura\" \/>\n\t<meta name=\"twitter:data2\" content=\"4 minutos\" \/>\n<script type=\"application\/ld+json\" class=\"yoast-schema-graph\">{\"@context\":\"https:\\\/\\\/schema.org\",\"@graph\":[{\"@type\":\"Article\",\"@id\":\"https:\\\/\\\/www.realclubmaritimomelilla.es\\\/clmar\\\/daniel-cardona-lidera-el-campeonato-de-espana-laser-4-7-juvenil-a-falta-de-una-jornada\\\/#article\",\"isPartOf\":{\"@id\":\"https:\\\/\\\/www.realclubmaritimomelilla.es\\\/clmar\\\/daniel-cardona-lidera-el-campeonato-de-espana-laser-4-7-juvenil-a-falta-de-una-jornada\\\/\"},\"author\":{\"name\":\"RCMMelilla\",\"@id\":\"https:\\\/\\\/www.realclubmaritimomelilla.es\\\/clmar\\\/#\\\/schema\\\/person\\\/ebaa3713496dc6d48c872452e73a8e79\"},\"headline\":\"DANIEL CARDONA LIDER\u00c1 EL CAMPEONATO DE ESPA\u00d1A LASER 4.7 JUVENIL A FALTA DE UNA JORNADA\",\"datePublished\":\"2019-12-07T16:15:14+00:00\",\"mainEntityOfPage\":{\"@id\":\"https:\\\/\\\/www.realclubmaritimomelilla.es\\\/clmar\\\/daniel-cardona-lidera-el-campeonato-de-espana-laser-4-7-juvenil-a-falta-de-una-jornada\\\/\"},\"wordCount\":782,\"commentCount\":0,\"publisher\":{\"@id\":\"https:\\\/\\\/www.realclubmaritimomelilla.es\\\/clmar\\\/#organization\"},\"image\":{\"@id\":\"https:\\\/\\\/www.realclubmaritimomelilla.es\\\/clmar\\\/daniel-cardona-lidera-el-campeonato-de-espana-laser-4-7-juvenil-a-falta-de-una-jornada\\\/#primaryimage\"},\"thumbnailUrl\":\"https:\\\/\\\/www.realclubmaritimomelilla.es\\\/clmar\\\/wp-content\\\/uploads\\\/2019\\\/12\\\/Daniel-Cardona-lider-provisional-copia.jpg\",\"articleSection\":[\"Club\",\"N\u00e1utica\"],\"inLanguage\":\"es\",\"potentialAction\":[{\"@type\":\"CommentAction\",\"name\":\"Comment\",\"target\":[\"https:\\\/\\\/www.realclubmaritimomelilla.es\\\/clmar\\\/daniel-cardona-lidera-el-campeonato-de-espana-laser-4-7-juvenil-a-falta-de-una-jornada\\\/#respond\"]}]},{\"@type\":\"WebPage\",\"@id\":\"https:\\\/\\\/www.realclubmaritimomelilla.es\\\/clmar\\\/daniel-cardona-lidera-el-campeonato-de-espana-laser-4-7-juvenil-a-falta-de-una-jornada\\\/\",\"url\":\"https:\\\/\\\/www.realclubmaritimomelilla.es\\\/clmar\\\/daniel-cardona-lidera-el-campeonato-de-espana-laser-4-7-juvenil-a-falta-de-una-jornada\\\/\",\"name\":\"DANIEL CARDONA LIDER\u00c1 EL CAMPEONATO DE ESPA\u00d1A LASER 4.7 JUVENIL A FALTA DE UNA JORNADA - Real Club Mar\u00edtimo de Melilla\",\"isPartOf\":{\"@id\":\"https:\\\/\\\/www.realclubmaritimomelilla.es\\\/clmar\\\/#website\"},\"primaryImageOfPage\":{\"@id\":\"https:\\\/\\\/www.realclubmaritimomelilla.es\\\/clmar\\\/daniel-cardona-lidera-el-campeonato-de-espana-laser-4-7-juvenil-a-falta-de-una-jornada\\\/#primaryimage\"},\"image\":{\"@id\":\"https:\\\/\\\/www.realclubmaritimomelilla.es\\\/clmar\\\/daniel-cardona-lidera-el-campeonato-de-espana-laser-4-7-juvenil-a-falta-de-una-jornada\\\/#primaryimage\"},\"thumbnailUrl\":\"https:\\\/\\\/www.realclubmaritimomelilla.es\\\/clmar\\\/wp-content\\\/uploads\\\/2019\\\/12\\\/Daniel-Cardona-lider-provisional-copia.jpg\",\"datePublished\":\"2019-12-07T16:15:14+00:00\",\"description\":\"DANIEL CARDONA LIDER\u00c1 EL CAMPEONATO DE ESPA\u00d1A LASER 4.7 JUVENIL A FALTA DE UNA JORNADA -\",\"breadcrumb\":{\"@id\":\"https:\\\/\\\/www.realclubmaritimomelilla.es\\\/clmar\\\/daniel-cardona-lidera-el-campeonato-de-espana-laser-4-7-juvenil-a-falta-de-una-jornada\\\/#breadcrumb\"},\"inLanguage\":\"es\",\"potentialAction\":[{\"@type\":\"ReadAction\",\"target\":[\"https:\\\/\\\/www.realclubmaritimomelilla.es\\\/clmar\\\/daniel-cardona-lidera-el-campeonato-de-espana-laser-4-7-juvenil-a-falta-de-una-jornada\\\/\"]}]},{\"@type\":\"ImageObject\",\"inLanguage\":\"es\",\"@id\":\"https:\\\/\\\/www.realclubmaritimomelilla.es\\\/clmar\\\/daniel-cardona-lidera-el-campeonato-de-espana-laser-4-7-juvenil-a-falta-de-una-jornada\\\/#primaryimage\",\"url\":\"https:\\\/\\\/www.realclubmaritimomelilla.es\\\/clmar\\\/wp-content\\\/uploads\\\/2019\\\/12\\\/Daniel-Cardona-lider-provisional-copia.jpg\",\"contentUrl\":\"https:\\\/\\\/www.realclubmaritimomelilla.es\\\/clmar\\\/wp-content\\\/uploads\\\/2019\\\/12\\\/Daniel-Cardona-lider-provisional-copia.jpg\",\"width\":2126,\"height\":1624},{\"@type\":\"BreadcrumbList\",\"@id\":\"https:\\\/\\\/www.realclubmaritimomelilla.es\\\/clmar\\\/daniel-cardona-lidera-el-campeonato-de-espana-laser-4-7-juvenil-a-falta-de-una-jornada\\\/#breadcrumb\",\"itemListElement\":[{\"@type\":\"ListItem\",\"position\":1,\"name\":\"Portada\",\"item\":\"https:\\\/\\\/www.realclubmaritimomelilla.es\\\/clmar\\\/\"},{\"@type\":\"ListItem\",\"position\":2,\"name\":\"DANIEL CARDONA LIDER\u00c1 EL CAMPEONATO DE ESPA\u00d1A LASER 4.7 JUVENIL A FALTA DE UNA JORNADA\"}]},{\"@type\":\"WebSite\",\"@id\":\"https:\\\/\\\/www.realclubmaritimomelilla.es\\\/clmar\\\/#website\",\"url\":\"https:\\\/\\\/www.realclubmaritimomelilla.es\\\/clmar\\\/\",\"name\":\"Real Club Mar\u00edtimo de Melilla\",\"description\":\"RCMM\",\"publisher\":{\"@id\":\"https:\\\/\\\/www.realclubmaritimomelilla.es\\\/clmar\\\/#organization\"},\"alternateName\":\"RCMM\",\"potentialAction\":[{\"@type\":\"SearchAction\",\"target\":{\"@type\":\"EntryPoint\",\"urlTemplate\":\"https:\\\/\\\/www.realclubmaritimomelilla.es\\\/clmar\\\/?s={search_term_string}\"},\"query-input\":{\"@type\":\"PropertyValueSpecification\",\"valueRequired\":true,\"valueName\":\"search_term_string\"}}],\"inLanguage\":\"es\"},{\"@type\":\"Organization\",\"@id\":\"https:\\\/\\\/www.realclubmaritimomelilla.es\\\/clmar\\\/#organization\",\"name\":\"Real Club Mar\u00edtimo de Melilla\",\"alternateName\":\"RCMM\",\"url\":\"https:\\\/\\\/www.realclubmaritimomelilla.es\\\/clmar\\\/\",\"logo\":{\"@type\":\"ImageObject\",\"inLanguage\":\"es\",\"@id\":\"https:\\\/\\\/www.realclubmaritimomelilla.es\\\/clmar\\\/#\\\/schema\\\/logo\\\/image\\\/\",\"url\":\"https:\\\/\\\/www.realclubmaritimomelilla.es\\\/clmar\\\/wp-content\\\/uploads\\\/logo-club-original-copia.jpg\",\"contentUrl\":\"https:\\\/\\\/www.realclubmaritimomelilla.es\\\/clmar\\\/wp-content\\\/uploads\\\/logo-club-original-copia.jpg\",\"width\":128,\"height\":89,\"caption\":\"Real Club Mar\u00edtimo de Melilla\"},\"image\":{\"@id\":\"https:\\\/\\\/www.realclubmaritimomelilla.es\\\/clmar\\\/#\\\/schema\\\/logo\\\/image\\\/\"},\"sameAs\":[\"https:\\\/\\\/www.facebook.com\\\/Real-Club-Mar\u00edtimo-de-Melilla-588495841234214\\\/\",\"https:\\\/\\\/x.com\\\/nauticarcmm\",\"https:\\\/\\\/www.instagram.com\\\/club_maritimo_melilla\\\/\",\"https:\\\/\\\/www.youtube.com\\\/@realclubmaritimodemelilla4703\",\"https:\\\/\\\/es.wikipedia.org\\\/wiki\\\/Real_Club_Mar\u00edtimo_de_Melilla\"]},{\"@type\":\"Person\",\"@id\":\"https:\\\/\\\/www.realclubmaritimomelilla.es\\\/clmar\\\/#\\\/schema\\\/person\\\/ebaa3713496dc6d48c872452e73a8e79\",\"name\":\"RCMMelilla\",\"image\":{\"@type\":\"ImageObject\",\"inLanguage\":\"es\",\"@id\":\"https:\\\/\\\/secure.gravatar.com\\\/avatar\\\/df1c24789360fb9308735c4ee556fc2bc5bf924bf01e53043b8b97ba272da33c?s=96&d=mm&r=g\",\"url\":\"https:\\\/\\\/secure.gravatar.com\\\/avatar\\\/df1c24789360fb9308735c4ee556fc2bc5bf924bf01e53043b8b97ba272da33c?s=96&d=mm&r=g\",\"contentUrl\":\"https:\\\/\\\/secure.gravatar.com\\\/avatar\\\/df1c24789360fb9308735c4ee556fc2bc5bf924bf01e53043b8b97ba272da33c?s=96&d=mm&r=g\",\"caption\":\"RCMMelilla\"}}]}<\/script>\n<!-- \/ Yoast SEO plugin. -->","yoast_head_json":{"title":"DANIEL CARDONA LIDER\u00c1 EL CAMPEONATO DE ESPA\u00d1A LASER 4.7 JUVENIL A FALTA DE UNA JORNADA - Real Club Mar\u00edtimo de Melilla","description":"DANIEL CARDONA LIDER\u00c1 EL CAMPEONATO DE ESPA\u00d1A LASER 4.7 JUVENIL A FALTA DE UNA JORNADA -","robots":{"index":"index","follow":"follow","max-snippet":"max-snippet:-1","max-image-preview":"max-image-preview:large","max-video-preview":"max-video-preview:-1"},"canonical":"https:\/\/www.realclubmaritimomelilla.es\/clmar\/daniel-cardona-lidera-el-campeonato-de-espana-laser-4-7-juvenil-a-falta-de-una-jornada\/","og_locale":"es_ES","og_type":"article","og_title":"DANIEL CARDONA LIDER\u00c1 EL CAMPEONATO DE ESPA\u00d1A LASER 4.7 JUVENIL A FALTA DE UNA JORNADA - Real Club Mar\u00edtimo de Melilla","og_description":"DANIEL CARDONA LIDER\u00c1 EL CAMPEONATO DE ESPA\u00d1A LASER 4.7 JUVENIL A FALTA DE UNA JORNADA -","og_url":"https:\/\/www.realclubmaritimomelilla.es\/clmar\/daniel-cardona-lidera-el-campeonato-de-espana-laser-4-7-juvenil-a-falta-de-una-jornada\/","og_site_name":"Real Club Mar\u00edtimo de Melilla","article_publisher":"https:\/\/www.facebook.com\/Real-Club-Mar%c3%adtimo-de-Melilla-588495841234214\/","article_published_time":"2019-12-07T16:15:14+00:00","og_image":[{"width":2126,"height":1624,"url":"https:\/\/www.realclubmaritimomelilla.es\/clmar\/wp-content\/uploads\/2019\/12\/Daniel-Cardona-lider-provisional-copia.jpg","type":"image\/jpeg"}],"author":"RCMMelilla","twitter_card":"summary_large_image","twitter_creator":"@nauticarcmm","twitter_site":"@nauticarcmm","twitter_misc":{"Escrito por":"RCMMelilla","Tiempo de lectura":"4 minutos"},"schema":{"@context":"https:\/\/schema.org","@graph":[{"@type":"Article","@id":"https:\/\/www.realclubmaritimomelilla.es\/clmar\/daniel-cardona-lidera-el-campeonato-de-espana-laser-4-7-juvenil-a-falta-de-una-jornada\/#article","isPartOf":{"@id":"https:\/\/www.realclubmaritimomelilla.es\/clmar\/daniel-cardona-lidera-el-campeonato-de-espana-laser-4-7-juvenil-a-falta-de-una-jornada\/"},"author":{"name":"RCMMelilla","@id":"https:\/\/www.realclubmaritimomelilla.es\/clmar\/#\/schema\/person\/ebaa3713496dc6d48c872452e73a8e79"},"headline":"DANIEL CARDONA LIDER\u00c1 EL CAMPEONATO DE ESPA\u00d1A LASER 4.7 JUVENIL A FALTA DE UNA JORNADA","datePublished":"2019-12-07T16:15:14+00:00","mainEntityOfPage":{"@id":"https:\/\/www.realclubmaritimomelilla.es\/clmar\/daniel-cardona-lidera-el-campeonato-de-espana-laser-4-7-juvenil-a-falta-de-una-jornada\/"},"wordCount":782,"commentCount":0,"publisher":{"@id":"https:\/\/www.realclubmaritimomelilla.es\/clmar\/#organization"},"image":{"@id":"https:\/\/www.realclubmaritimomelilla.es\/clmar\/daniel-cardona-lidera-el-campeonato-de-espana-laser-4-7-juvenil-a-falta-de-una-jornada\/#primaryimage"},"thumbnailUrl":"https:\/\/www.realclubmaritimomelilla.es\/clmar\/wp-content\/uploads\/2019\/12\/Daniel-Cardona-lider-provisional-copia.jpg","articleSection":["Club","N\u00e1utica"],"inLanguage":"es","potentialAction":[{"@type":"CommentAction","name":"Comment","target":["https:\/\/www.realclubmaritimomelilla.es\/clmar\/daniel-cardona-lidera-el-campeonato-de-espana-laser-4-7-juvenil-a-falta-de-una-jornada\/#respond"]}]},{"@type":"WebPage","@id":"https:\/\/www.realclubmaritimomelilla.es\/clmar\/daniel-cardona-lidera-el-campeonato-de-espana-laser-4-7-juvenil-a-falta-de-una-jornada\/","url":"https:\/\/www.realclubmaritimomelilla.es\/clmar\/daniel-cardona-lidera-el-campeonato-de-espana-laser-4-7-juvenil-a-falta-de-una-jornada\/","name":"DANIEL CARDONA LIDER\u00c1 EL CAMPEONATO DE ESPA\u00d1A LASER 4.7 JUVENIL A FALTA DE UNA JORNADA - Real Club Mar\u00edtimo de Melilla","isPartOf":{"@id":"https:\/\/www.realclubmaritimomelilla.es\/clmar\/#website"},"primaryImageOfPage":{"@id":"https:\/\/www.realclubmaritimomelilla.es\/clmar\/daniel-cardona-lidera-el-campeonato-de-espana-laser-4-7-juvenil-a-falta-de-una-jornada\/#primaryimage"},"image":{"@id":"https:\/\/www.realclubmaritimomelilla.es\/clmar\/daniel-cardona-lidera-el-campeonato-de-espana-laser-4-7-juvenil-a-falta-de-una-jornada\/#primaryimage"},"thumbnailUrl":"https:\/\/www.realclubmaritimomelilla.es\/clmar\/wp-content\/uploads\/2019\/12\/Daniel-Cardona-lider-provisional-copia.jpg","datePublished":"2019-12-07T16:15:14+00:00","description":"DANIEL CARDONA LIDER\u00c1 EL CAMPEONATO DE ESPA\u00d1A LASER 4.7 JUVENIL A FALTA DE UNA JORNADA -","breadcrumb":{"@id":"https:\/\/www.realclubmaritimomelilla.es\/clmar\/daniel-cardona-lidera-el-campeonato-de-espana-laser-4-7-juvenil-a-falta-de-una-jornada\/#breadcrumb"},"inLanguage":"es","potentialAction":[{"@type":"ReadAction","target":["https:\/\/www.realclubmaritimomelilla.es\/clmar\/daniel-cardona-lidera-el-campeonato-de-espana-laser-4-7-juvenil-a-falta-de-una-jornada\/"]}]},{"@type":"ImageObject","inLanguage":"es","@id":"https:\/\/www.realclubmaritimomelilla.es\/clmar\/daniel-cardona-lidera-el-campeonato-de-espana-laser-4-7-juvenil-a-falta-de-una-jornada\/#primaryimage","url":"https:\/\/www.realclubmaritimomelilla.es\/clmar\/wp-content\/uploads\/2019\/12\/Daniel-Cardona-lider-provisional-copia.jpg","contentUrl":"https:\/\/www.realclubmaritimomelilla.es\/clmar\/wp-content\/uploads\/2019\/12\/Daniel-Cardona-lider-provisional-copia.jpg","width":2126,"height":1624},{"@type":"BreadcrumbList","@id":"https:\/\/www.realclubmaritimomelilla.es\/clmar\/daniel-cardona-lidera-el-campeonato-de-espana-laser-4-7-juvenil-a-falta-de-una-jornada\/#breadcrumb","itemListElement":[{"@type":"ListItem","position":1,"name":"Portada","item":"https:\/\/www.realclubmaritimomelilla.es\/clmar\/"},{"@type":"ListItem","position":2,"name":"DANIEL CARDONA LIDER\u00c1 EL CAMPEONATO DE ESPA\u00d1A LASER 4.7 JUVENIL A FALTA DE UNA JORNADA"}]},{"@type":"WebSite","@id":"https:\/\/www.realclubmaritimomelilla.es\/clmar\/#website","url":"https:\/\/www.realclubmaritimomelilla.es\/clmar\/","name":"Real Club Mar\u00edtimo de Melilla","description":"RCMM","publisher":{"@id":"https:\/\/www.realclubmaritimomelilla.es\/clmar\/#organization"},"alternateName":"RCMM","potentialAction":[{"@type":"SearchAction","target":{"@type":"EntryPoint","urlTemplate":"https:\/\/www.realclubmaritimomelilla.es\/clmar\/?s={search_term_string}"},"query-input":{"@type":"PropertyValueSpecification","valueRequired":true,"valueName":"search_term_string"}}],"inLanguage":"es"},{"@type":"Organization","@id":"https:\/\/www.realclubmaritimomelilla.es\/clmar\/#organization","name":"Real Club Mar\u00edtimo de Melilla","alternateName":"RCMM","url":"https:\/\/www.realclubmaritimomelilla.es\/clmar\/","logo":{"@type":"ImageObject","inLanguage":"es","@id":"https:\/\/www.realclubmaritimomelilla.es\/clmar\/#\/schema\/logo\/image\/","url":"https:\/\/www.realclubmaritimomelilla.es\/clmar\/wp-content\/uploads\/logo-club-original-copia.jpg","contentUrl":"https:\/\/www.realclubmaritimomelilla.es\/clmar\/wp-content\/uploads\/logo-club-original-copia.jpg","width":128,"height":89,"caption":"Real Club Mar\u00edtimo de Melilla"},"image":{"@id":"https:\/\/www.realclubmaritimomelilla.es\/clmar\/#\/schema\/logo\/image\/"},"sameAs":["https:\/\/www.facebook.com\/Real-Club-Mar\u00edtimo-de-Melilla-588495841234214\/","https:\/\/x.com\/nauticarcmm","https:\/\/www.instagram.com\/club_maritimo_melilla\/","https:\/\/www.youtube.com\/@realclubmaritimodemelilla4703","https:\/\/es.wikipedia.org\/wiki\/Real_Club_Mar\u00edtimo_de_Melilla"]},{"@type":"Person","@id":"https:\/\/www.realclubmaritimomelilla.es\/clmar\/#\/schema\/person\/ebaa3713496dc6d48c872452e73a8e79","name":"RCMMelilla","image":{"@type":"ImageObject","inLanguage":"es","@id":"https:\/\/secure.gravatar.com\/avatar\/df1c24789360fb9308735c4ee556fc2bc5bf924bf01e53043b8b97ba272da33c?s=96&d=mm&r=g","url":"https:\/\/secure.gravatar.com\/avatar\/df1c24789360fb9308735c4ee556fc2bc5bf924bf01e53043b8b97ba272da33c?s=96&d=mm&r=g","contentUrl":"https:\/\/secure.gravatar.com\/avatar\/df1c24789360fb9308735c4ee556fc2bc5bf924bf01e53043b8b97ba272da33c?s=96&d=mm&r=g","caption":"RCMMelilla"}}]}},"_links":{"self":[{"href":"https:\/\/www.realclubmaritimomelilla.es\/clmar\/wp-json\/wp\/v2\/posts\/14913","targetHints":{"allow":["GET"]}}],"collection":[{"href":"https:\/\/www.realclubmaritimomelilla.es\/clmar\/wp-json\/wp\/v2\/posts"}],"about":[{"href":"https:\/\/www.realclubmaritimomelilla.es\/clmar\/wp-json\/wp\/v2\/types\/post"}],"author":[{"embeddable":true,"href":"https:\/\/www.realclubmaritimomelilla.es\/clmar\/wp-json\/wp\/v2\/users\/1"}],"replies":[{"embeddable":true,"href":"https:\/\/www.realclubmaritimomelilla.es\/clmar\/wp-json\/wp\/v2\/comments?post=14913"}],"version-history":[{"count":1,"href":"https:\/\/www.realclubmaritimomelilla.es\/clmar\/wp-json\/wp\/v2\/posts\/14913\/revisions"}],"predecessor-version":[{"id":14915,"href":"https:\/\/www.realclubmaritimomelilla.es\/clmar\/wp-json\/wp\/v2\/posts\/14913\/revisions\/14915"}],"wp:featuredmedia":[{"embeddable":true,"href":"https:\/\/www.realclubmaritimomelilla.es\/clmar\/wp-json\/wp\/v2\/media\/14914"}],"wp:attachment":[{"href":"https:\/\/www.realclubmaritimomelilla.es\/clmar\/wp-json\/wp\/v2\/media?parent=14913"}],"wp:term":[{"taxonomy":"category","embeddable":true,"href":"https:\/\/www.realclubmaritimomelilla.es\/clmar\/wp-json\/wp\/v2\/categories?post=14913"},{"taxonomy":"post_tag","embeddable":true,"href":"https:\/\/www.realclubmaritimomelilla.es\/clmar\/wp-json\/wp\/v2\/tags?post=14913"}],"curies":[{"name":"wp","href":"https:\/\/api.w.org\/{rel}","templated":true}]}}