{"id":14910,"date":"2019-12-06T18:29:43","date_gmt":"2019-12-06T17:29:43","guid":{"rendered":"http:\/\/www.clubmaritimomelilla.es\/clmar\/?p=14910"},"modified":"2019-12-06T18:29:43","modified_gmt":"2019-12-06T17:29:43","slug":"baleares-domina-la-flota-nacional-laser-4-7-juvenil-en-melilla","status":"publish","type":"post","link":"https:\/\/www.realclubmaritimomelilla.es\/clmar\/baleares-domina-la-flota-nacional-laser-4-7-juvenil-en-melilla\/","title":{"rendered":"BALEARES DOMINA LA FLOTA NACIONAL LASER 4.7 JUVENIL EN MELILLA"},"content":{"rendered":"<p><b><u><span style=\"color: #0000ff;\">CAMPEONATO ESPA\u00d1A LASER 4.7 JUVENIL 2019<\/span><\/u><\/b><\/p>\n<div><\/div>\n<div><span style=\"font-size: xx-large;\"><b>BALEARES DOMINA LA FLOTA NACIONAL LASER 4.7 JUVENIL EN MELILLA<\/b><\/span><\/div>\n<div><\/div>\n<div><span style=\"font-size: large;\">DANIEL CARDONA MANTIENE EL LIDERATO, EMPATADO A PUNTOS CON DAVID PONSETI<\/span><\/div>\n<div><\/div>\n<div>Daniel Cardona (CN s&#8217;Arenal) se mantiene al frente de la flota loser 4.7 juvenil que disputa en Melilla el Campeonato de Espa\u00f1a 2019. El regatista balear empata a puntos con David Ponseti (CN Ciutadella) despu\u00e9s de completar este viernes tres mangas m\u00e1s en condiciones meteorol\u00f3gicas muy complicadas. El tercero en la clasificaci\u00f3n provisional es Javier Segu\u00ed (RCN Pto. Pollen\u00e7a).<\/div>\n<div><\/div>\n<div>Hoy se ha disputado la segunda jornada de competici\u00f3n, siendo tres regatistas de las Islas Baleares los que dominando el campeonato en su ecuador. Desde ma\u00f1ana s\u00e1bado, la flota quedar\u00e1 dividida en los grupo Oro y Plata para disputar durante dos d\u00edas las series finales y decidir los t\u00edtulos nacionales en sub16 y sub18, adem\u00e1s de por Comunidades Aut\u00f3nomas.<\/div>\n<div><\/div>\n<div>La jornada disputada este viernes se ha caracterizado por las malas condiciones en las que ha tenido que navegar la flota. Vientos de nordeste entre el 050\u00ba y 070\u00ba con una intensidad que al principio era de seis-siete nudos para acabar la \u00faltima mangas con picos de diecis\u00e9is nudos. Aunque lo peor, el oleaje y la corriente, con olas de hasta tres metros que complic\u00f3 la labor del Comit\u00e9.<\/div>\n<div><\/div>\n<div>Los roles de viento al inicio de la jornada propiciaron que la salida de la primera manga del d\u00eda se tuviera que retrasar hasta cerca de las 13:30 horas, cuando el Comit\u00e9 iniciaba el procedimiento. Previamente se sucedieron la bandera de aplazamiento y varias llamadas generales a la flota.<\/div>\n<div><\/div>\n<div>Por segundo d\u00eda consecutivo, la flota qued\u00f3 dividida en los grupos azul y amarillo. Para realizarse tres mangas en cada grupo, por lo que se sigue cumpliendo la hoja de ruta del Campeonato, con seis pruebas disputadas, lo que implica que cada participantes ya haya realizado un descarte.<\/div>\n<div><\/div>\n<div>La primera manga concluy\u00f3 con Marcos Altarriba (RCN Valencia) y Manuel Garc\u00eda (CN Mar Menor) como vencedores de los grupos azul y amarillo respectivamente.<\/div>\n<div><\/div>\n<div>En el grupo azul repet\u00eda triunfo Marcos Altarriba, mientras que entre los regatistas del grupo amarillo el vencedor era el canario Nahuel Ambrosini (RCN Gran Canario).<\/div>\n<div><\/div>\n<div>La \u00faltima manga del d\u00eda, la sexta de la competici\u00f3n, tuvo al canario Rafael Lora (RCN Gran Canaria) como ganadores entre los regatistas con distinto azul, mientras que el valenciano Mariano Cebr\u00edan (CN Benidorm) hac\u00eda lo propio entre los azules.<\/div>\n<div><\/div>\n<div>Durante toda la jornada, se sucedieron cambios en la clasificaci\u00f3n provisional. Tras la cuarta manga se colocaba al frente de la flota Manuel Garc\u00eda, para al final verse relegado al sexto puesto provisional. Javier Segu\u00ed se colocaba l\u00edder despu\u00e9s de la quinta prueba, para al final ser tercero. Mientras que tras la sexta manga y aplicado un descarte, las cosas volv\u00edan a como empezaba el d\u00eda, con el balear Daniel Cardona al frente de la clasificaci\u00f3n, con los mismos puntos que su compa\u00f1ero de comunidad, David Ponseti, diecinueve en total. Y con dos de ventaja sobre Javier Segui que se ha colocado tercero.<\/div>\n<div><\/div>\n<div>Por categor\u00edas, Daniel Cardona y Cristina Vilari\u00f1o (CN s&#8217;Arenal) est\u00e1n al frente del grupo de edad su16, ambos mallorquines, mientras que entre los regatistas sub18, Adolfo Virgili (RCR Santiago de la Rivera) y Elba Mart\u00ednez (CN Salou) est\u00e1n al frente del grupo.<\/div>\n<div><\/div>\n<div><\/div>\n<div>ENLACE CON CLASIFICACIONES PROVISIONALES:\u00a0<a href=\"http:\/\/2019ctoesplaser47.sailti.com\/es\/default\/races\/race-resultsall\" target=\"_blank\" rel=\"noopener\" data-saferedirecturl=\"https:\/\/www.google.com\/url?q=http:\/\/2019ctoesplaser47.sailti.com\/es\/default\/races\/race-resultsall&amp;source=gmail&amp;ust=1575739702609000&amp;usg=AFQjCNFDckIPhG0uebCuCTAJBNQldIA5Qg\">http:\/\/<wbr \/>2019ctoesplaser47.sailti.com\/<wbr \/>es\/default\/races\/race-<wbr \/>resultsall<\/a><\/div>\n","protected":false},"excerpt":{"rendered":"<p>CAMPEONATO ESPA\u00d1A LASER 4.7 JUVENIL 2019 BALEARES DOMINA LA FLOTA NACIONAL LASER 4.7 JUVENIL EN MELILLA DANIEL CARDONA MANTIENE EL LIDERATO, EMPATADO A PUNTOS CON DAVID PONSETI Daniel Cardona (CN s&#8217;Arenal) se mantiene al frente de la flota loser 4.7 juvenil que disputa en Melilla el Campeonato de Espa\u00f1a 2019. El regatista balear empata a [&hellip;]<\/p>\n","protected":false},"author":1,"featured_media":14911,"comment_status":"open","ping_status":"open","sticky":false,"template":"","format":"standard","meta":{"_acf_changed":false,"footnotes":""},"categories":[40,38],"tags":[],"class_list":["post-14910","post","type-post","status-publish","format-standard","has-post-thumbnail","hentry","category-club","category-nautica"],"acf":[],"yoast_head":"<!-- This site is optimized with the Yoast SEO plugin v27.5 - https:\/\/yoast.com\/product\/yoast-seo-wordpress\/ -->\n<title>BALEARES DOMINA LA FLOTA NACIONAL LASER 4.7 JUVENIL EN MELILLA - Real Club Mar\u00edtimo de Melilla<\/title>\n<meta name=\"description\" content=\"BALEARES DOMINA LA FLOTA NACIONAL LASER 4.7 JUVENIL EN MELILLA -\" \/>\n<meta name=\"robots\" content=\"index, follow, max-snippet:-1, max-image-preview:large, max-video-preview:-1\" \/>\n<link rel=\"canonical\" href=\"https:\/\/www.realclubmaritimomelilla.es\/clmar\/baleares-domina-la-flota-nacional-laser-4-7-juvenil-en-melilla\/\" \/>\n<meta property=\"og:locale\" content=\"es_ES\" \/>\n<meta property=\"og:type\" content=\"article\" \/>\n<meta property=\"og:title\" content=\"BALEARES DOMINA LA FLOTA NACIONAL LASER 4.7 JUVENIL EN MELILLA - Real Club Mar\u00edtimo de Melilla\" \/>\n<meta property=\"og:description\" content=\"BALEARES DOMINA LA FLOTA NACIONAL LASER 4.7 JUVENIL EN MELILLA -\" \/>\n<meta property=\"og:url\" content=\"https:\/\/www.realclubmaritimomelilla.es\/clmar\/baleares-domina-la-flota-nacional-laser-4-7-juvenil-en-melilla\/\" \/>\n<meta property=\"og:site_name\" content=\"Real Club Mar\u00edtimo de Melilla\" \/>\n<meta property=\"article:publisher\" content=\"https:\/\/www.facebook.com\/Real-Club-Mar%c3%adtimo-de-Melilla-588495841234214\/\" \/>\n<meta property=\"article:published_time\" content=\"2019-12-06T17:29:43+00:00\" \/>\n<meta property=\"og:image\" content=\"https:\/\/www.realclubmaritimomelilla.es\/clmar\/wp-content\/uploads\/2019\/12\/complicada-jornada.jpg\" \/>\n\t<meta property=\"og:image:width\" content=\"2126\" \/>\n\t<meta property=\"og:image:height\" content=\"1417\" \/>\n\t<meta property=\"og:image:type\" content=\"image\/jpeg\" \/>\n<meta name=\"author\" content=\"RCMMelilla\" \/>\n<meta name=\"twitter:card\" content=\"summary_large_image\" \/>\n<meta name=\"twitter:creator\" content=\"@nauticarcmm\" \/>\n<meta name=\"twitter:site\" content=\"@nauticarcmm\" \/>\n<meta name=\"twitter:label1\" content=\"Escrito por\" \/>\n\t<meta name=\"twitter:data1\" content=\"RCMMelilla\" \/>\n\t<meta name=\"twitter:label2\" content=\"Tiempo de lectura\" \/>\n\t<meta name=\"twitter:data2\" content=\"3 minutos\" \/>\n<script type=\"application\/ld+json\" class=\"yoast-schema-graph\">{\"@context\":\"https:\\\/\\\/schema.org\",\"@graph\":[{\"@type\":\"Article\",\"@id\":\"https:\\\/\\\/www.realclubmaritimomelilla.es\\\/clmar\\\/baleares-domina-la-flota-nacional-laser-4-7-juvenil-en-melilla\\\/#article\",\"isPartOf\":{\"@id\":\"https:\\\/\\\/www.realclubmaritimomelilla.es\\\/clmar\\\/baleares-domina-la-flota-nacional-laser-4-7-juvenil-en-melilla\\\/\"},\"author\":{\"name\":\"RCMMelilla\",\"@id\":\"https:\\\/\\\/www.realclubmaritimomelilla.es\\\/clmar\\\/#\\\/schema\\\/person\\\/ebaa3713496dc6d48c872452e73a8e79\"},\"headline\":\"BALEARES DOMINA LA FLOTA NACIONAL LASER 4.7 JUVENIL EN MELILLA\",\"datePublished\":\"2019-12-06T17:29:43+00:00\",\"mainEntityOfPage\":{\"@id\":\"https:\\\/\\\/www.realclubmaritimomelilla.es\\\/clmar\\\/baleares-domina-la-flota-nacional-laser-4-7-juvenil-en-melilla\\\/\"},\"wordCount\":597,\"commentCount\":0,\"publisher\":{\"@id\":\"https:\\\/\\\/www.realclubmaritimomelilla.es\\\/clmar\\\/#organization\"},\"image\":{\"@id\":\"https:\\\/\\\/www.realclubmaritimomelilla.es\\\/clmar\\\/baleares-domina-la-flota-nacional-laser-4-7-juvenil-en-melilla\\\/#primaryimage\"},\"thumbnailUrl\":\"https:\\\/\\\/www.realclubmaritimomelilla.es\\\/clmar\\\/wp-content\\\/uploads\\\/2019\\\/12\\\/complicada-jornada.jpg\",\"articleSection\":[\"Club\",\"N\u00e1utica\"],\"inLanguage\":\"es\",\"potentialAction\":[{\"@type\":\"CommentAction\",\"name\":\"Comment\",\"target\":[\"https:\\\/\\\/www.realclubmaritimomelilla.es\\\/clmar\\\/baleares-domina-la-flota-nacional-laser-4-7-juvenil-en-melilla\\\/#respond\"]}]},{\"@type\":\"WebPage\",\"@id\":\"https:\\\/\\\/www.realclubmaritimomelilla.es\\\/clmar\\\/baleares-domina-la-flota-nacional-laser-4-7-juvenil-en-melilla\\\/\",\"url\":\"https:\\\/\\\/www.realclubmaritimomelilla.es\\\/clmar\\\/baleares-domina-la-flota-nacional-laser-4-7-juvenil-en-melilla\\\/\",\"name\":\"BALEARES DOMINA LA FLOTA NACIONAL LASER 4.7 JUVENIL EN MELILLA - Real Club Mar\u00edtimo de Melilla\",\"isPartOf\":{\"@id\":\"https:\\\/\\\/www.realclubmaritimomelilla.es\\\/clmar\\\/#website\"},\"primaryImageOfPage\":{\"@id\":\"https:\\\/\\\/www.realclubmaritimomelilla.es\\\/clmar\\\/baleares-domina-la-flota-nacional-laser-4-7-juvenil-en-melilla\\\/#primaryimage\"},\"image\":{\"@id\":\"https:\\\/\\\/www.realclubmaritimomelilla.es\\\/clmar\\\/baleares-domina-la-flota-nacional-laser-4-7-juvenil-en-melilla\\\/#primaryimage\"},\"thumbnailUrl\":\"https:\\\/\\\/www.realclubmaritimomelilla.es\\\/clmar\\\/wp-content\\\/uploads\\\/2019\\\/12\\\/complicada-jornada.jpg\",\"datePublished\":\"2019-12-06T17:29:43+00:00\",\"description\":\"BALEARES DOMINA LA FLOTA NACIONAL LASER 4.7 JUVENIL EN MELILLA -\",\"breadcrumb\":{\"@id\":\"https:\\\/\\\/www.realclubmaritimomelilla.es\\\/clmar\\\/baleares-domina-la-flota-nacional-laser-4-7-juvenil-en-melilla\\\/#breadcrumb\"},\"inLanguage\":\"es\",\"potentialAction\":[{\"@type\":\"ReadAction\",\"target\":[\"https:\\\/\\\/www.realclubmaritimomelilla.es\\\/clmar\\\/baleares-domina-la-flota-nacional-laser-4-7-juvenil-en-melilla\\\/\"]}]},{\"@type\":\"ImageObject\",\"inLanguage\":\"es\",\"@id\":\"https:\\\/\\\/www.realclubmaritimomelilla.es\\\/clmar\\\/baleares-domina-la-flota-nacional-laser-4-7-juvenil-en-melilla\\\/#primaryimage\",\"url\":\"https:\\\/\\\/www.realclubmaritimomelilla.es\\\/clmar\\\/wp-content\\\/uploads\\\/2019\\\/12\\\/complicada-jornada.jpg\",\"contentUrl\":\"https:\\\/\\\/www.realclubmaritimomelilla.es\\\/clmar\\\/wp-content\\\/uploads\\\/2019\\\/12\\\/complicada-jornada.jpg\",\"width\":2126,\"height\":1417},{\"@type\":\"BreadcrumbList\",\"@id\":\"https:\\\/\\\/www.realclubmaritimomelilla.es\\\/clmar\\\/baleares-domina-la-flota-nacional-laser-4-7-juvenil-en-melilla\\\/#breadcrumb\",\"itemListElement\":[{\"@type\":\"ListItem\",\"position\":1,\"name\":\"Portada\",\"item\":\"https:\\\/\\\/www.realclubmaritimomelilla.es\\\/clmar\\\/\"},{\"@type\":\"ListItem\",\"position\":2,\"name\":\"BALEARES DOMINA LA FLOTA NACIONAL LASER 4.7 JUVENIL EN MELILLA\"}]},{\"@type\":\"WebSite\",\"@id\":\"https:\\\/\\\/www.realclubmaritimomelilla.es\\\/clmar\\\/#website\",\"url\":\"https:\\\/\\\/www.realclubmaritimomelilla.es\\\/clmar\\\/\",\"name\":\"Real Club Mar\u00edtimo de Melilla\",\"description\":\"RCMM\",\"publisher\":{\"@id\":\"https:\\\/\\\/www.realclubmaritimomelilla.es\\\/clmar\\\/#organization\"},\"alternateName\":\"RCMM\",\"potentialAction\":[{\"@type\":\"SearchAction\",\"target\":{\"@type\":\"EntryPoint\",\"urlTemplate\":\"https:\\\/\\\/www.realclubmaritimomelilla.es\\\/clmar\\\/?s={search_term_string}\"},\"query-input\":{\"@type\":\"PropertyValueSpecification\",\"valueRequired\":true,\"valueName\":\"search_term_string\"}}],\"inLanguage\":\"es\"},{\"@type\":\"Organization\",\"@id\":\"https:\\\/\\\/www.realclubmaritimomelilla.es\\\/clmar\\\/#organization\",\"name\":\"Real Club Mar\u00edtimo de Melilla\",\"alternateName\":\"RCMM\",\"url\":\"https:\\\/\\\/www.realclubmaritimomelilla.es\\\/clmar\\\/\",\"logo\":{\"@type\":\"ImageObject\",\"inLanguage\":\"es\",\"@id\":\"https:\\\/\\\/www.realclubmaritimomelilla.es\\\/clmar\\\/#\\\/schema\\\/logo\\\/image\\\/\",\"url\":\"https:\\\/\\\/www.realclubmaritimomelilla.es\\\/clmar\\\/wp-content\\\/uploads\\\/logo-club-original-copia.jpg\",\"contentUrl\":\"https:\\\/\\\/www.realclubmaritimomelilla.es\\\/clmar\\\/wp-content\\\/uploads\\\/logo-club-original-copia.jpg\",\"width\":128,\"height\":89,\"caption\":\"Real Club Mar\u00edtimo de Melilla\"},\"image\":{\"@id\":\"https:\\\/\\\/www.realclubmaritimomelilla.es\\\/clmar\\\/#\\\/schema\\\/logo\\\/image\\\/\"},\"sameAs\":[\"https:\\\/\\\/www.facebook.com\\\/Real-Club-Mar\u00edtimo-de-Melilla-588495841234214\\\/\",\"https:\\\/\\\/x.com\\\/nauticarcmm\",\"https:\\\/\\\/www.instagram.com\\\/club_maritimo_melilla\\\/\",\"https:\\\/\\\/www.youtube.com\\\/@realclubmaritimodemelilla4703\",\"https:\\\/\\\/es.wikipedia.org\\\/wiki\\\/Real_Club_Mar\u00edtimo_de_Melilla\"]},{\"@type\":\"Person\",\"@id\":\"https:\\\/\\\/www.realclubmaritimomelilla.es\\\/clmar\\\/#\\\/schema\\\/person\\\/ebaa3713496dc6d48c872452e73a8e79\",\"name\":\"RCMMelilla\",\"image\":{\"@type\":\"ImageObject\",\"inLanguage\":\"es\",\"@id\":\"https:\\\/\\\/secure.gravatar.com\\\/avatar\\\/df1c24789360fb9308735c4ee556fc2bc5bf924bf01e53043b8b97ba272da33c?s=96&d=mm&r=g\",\"url\":\"https:\\\/\\\/secure.gravatar.com\\\/avatar\\\/df1c24789360fb9308735c4ee556fc2bc5bf924bf01e53043b8b97ba272da33c?s=96&d=mm&r=g\",\"contentUrl\":\"https:\\\/\\\/secure.gravatar.com\\\/avatar\\\/df1c24789360fb9308735c4ee556fc2bc5bf924bf01e53043b8b97ba272da33c?s=96&d=mm&r=g\",\"caption\":\"RCMMelilla\"}}]}<\/script>\n<!-- \/ Yoast SEO plugin. -->","yoast_head_json":{"title":"BALEARES DOMINA LA FLOTA NACIONAL LASER 4.7 JUVENIL EN MELILLA - Real Club Mar\u00edtimo de Melilla","description":"BALEARES DOMINA LA FLOTA NACIONAL LASER 4.7 JUVENIL EN MELILLA -","robots":{"index":"index","follow":"follow","max-snippet":"max-snippet:-1","max-image-preview":"max-image-preview:large","max-video-preview":"max-video-preview:-1"},"canonical":"https:\/\/www.realclubmaritimomelilla.es\/clmar\/baleares-domina-la-flota-nacional-laser-4-7-juvenil-en-melilla\/","og_locale":"es_ES","og_type":"article","og_title":"BALEARES DOMINA LA FLOTA NACIONAL LASER 4.7 JUVENIL EN MELILLA - Real Club Mar\u00edtimo de Melilla","og_description":"BALEARES DOMINA LA FLOTA NACIONAL LASER 4.7 JUVENIL EN MELILLA -","og_url":"https:\/\/www.realclubmaritimomelilla.es\/clmar\/baleares-domina-la-flota-nacional-laser-4-7-juvenil-en-melilla\/","og_site_name":"Real Club Mar\u00edtimo de Melilla","article_publisher":"https:\/\/www.facebook.com\/Real-Club-Mar%c3%adtimo-de-Melilla-588495841234214\/","article_published_time":"2019-12-06T17:29:43+00:00","og_image":[{"width":2126,"height":1417,"url":"https:\/\/www.realclubmaritimomelilla.es\/clmar\/wp-content\/uploads\/2019\/12\/complicada-jornada.jpg","type":"image\/jpeg"}],"author":"RCMMelilla","twitter_card":"summary_large_image","twitter_creator":"@nauticarcmm","twitter_site":"@nauticarcmm","twitter_misc":{"Escrito por":"RCMMelilla","Tiempo de lectura":"3 minutos"},"schema":{"@context":"https:\/\/schema.org","@graph":[{"@type":"Article","@id":"https:\/\/www.realclubmaritimomelilla.es\/clmar\/baleares-domina-la-flota-nacional-laser-4-7-juvenil-en-melilla\/#article","isPartOf":{"@id":"https:\/\/www.realclubmaritimomelilla.es\/clmar\/baleares-domina-la-flota-nacional-laser-4-7-juvenil-en-melilla\/"},"author":{"name":"RCMMelilla","@id":"https:\/\/www.realclubmaritimomelilla.es\/clmar\/#\/schema\/person\/ebaa3713496dc6d48c872452e73a8e79"},"headline":"BALEARES DOMINA LA FLOTA NACIONAL LASER 4.7 JUVENIL EN MELILLA","datePublished":"2019-12-06T17:29:43+00:00","mainEntityOfPage":{"@id":"https:\/\/www.realclubmaritimomelilla.es\/clmar\/baleares-domina-la-flota-nacional-laser-4-7-juvenil-en-melilla\/"},"wordCount":597,"commentCount":0,"publisher":{"@id":"https:\/\/www.realclubmaritimomelilla.es\/clmar\/#organization"},"image":{"@id":"https:\/\/www.realclubmaritimomelilla.es\/clmar\/baleares-domina-la-flota-nacional-laser-4-7-juvenil-en-melilla\/#primaryimage"},"thumbnailUrl":"https:\/\/www.realclubmaritimomelilla.es\/clmar\/wp-content\/uploads\/2019\/12\/complicada-jornada.jpg","articleSection":["Club","N\u00e1utica"],"inLanguage":"es","potentialAction":[{"@type":"CommentAction","name":"Comment","target":["https:\/\/www.realclubmaritimomelilla.es\/clmar\/baleares-domina-la-flota-nacional-laser-4-7-juvenil-en-melilla\/#respond"]}]},{"@type":"WebPage","@id":"https:\/\/www.realclubmaritimomelilla.es\/clmar\/baleares-domina-la-flota-nacional-laser-4-7-juvenil-en-melilla\/","url":"https:\/\/www.realclubmaritimomelilla.es\/clmar\/baleares-domina-la-flota-nacional-laser-4-7-juvenil-en-melilla\/","name":"BALEARES DOMINA LA FLOTA NACIONAL LASER 4.7 JUVENIL EN MELILLA - Real Club Mar\u00edtimo de Melilla","isPartOf":{"@id":"https:\/\/www.realclubmaritimomelilla.es\/clmar\/#website"},"primaryImageOfPage":{"@id":"https:\/\/www.realclubmaritimomelilla.es\/clmar\/baleares-domina-la-flota-nacional-laser-4-7-juvenil-en-melilla\/#primaryimage"},"image":{"@id":"https:\/\/www.realclubmaritimomelilla.es\/clmar\/baleares-domina-la-flota-nacional-laser-4-7-juvenil-en-melilla\/#primaryimage"},"thumbnailUrl":"https:\/\/www.realclubmaritimomelilla.es\/clmar\/wp-content\/uploads\/2019\/12\/complicada-jornada.jpg","datePublished":"2019-12-06T17:29:43+00:00","description":"BALEARES DOMINA LA FLOTA NACIONAL LASER 4.7 JUVENIL EN MELILLA -","breadcrumb":{"@id":"https:\/\/www.realclubmaritimomelilla.es\/clmar\/baleares-domina-la-flota-nacional-laser-4-7-juvenil-en-melilla\/#breadcrumb"},"inLanguage":"es","potentialAction":[{"@type":"ReadAction","target":["https:\/\/www.realclubmaritimomelilla.es\/clmar\/baleares-domina-la-flota-nacional-laser-4-7-juvenil-en-melilla\/"]}]},{"@type":"ImageObject","inLanguage":"es","@id":"https:\/\/www.realclubmaritimomelilla.es\/clmar\/baleares-domina-la-flota-nacional-laser-4-7-juvenil-en-melilla\/#primaryimage","url":"https:\/\/www.realclubmaritimomelilla.es\/clmar\/wp-content\/uploads\/2019\/12\/complicada-jornada.jpg","contentUrl":"https:\/\/www.realclubmaritimomelilla.es\/clmar\/wp-content\/uploads\/2019\/12\/complicada-jornada.jpg","width":2126,"height":1417},{"@type":"BreadcrumbList","@id":"https:\/\/www.realclubmaritimomelilla.es\/clmar\/baleares-domina-la-flota-nacional-laser-4-7-juvenil-en-melilla\/#breadcrumb","itemListElement":[{"@type":"ListItem","position":1,"name":"Portada","item":"https:\/\/www.realclubmaritimomelilla.es\/clmar\/"},{"@type":"ListItem","position":2,"name":"BALEARES DOMINA LA FLOTA NACIONAL LASER 4.7 JUVENIL EN MELILLA"}]},{"@type":"WebSite","@id":"https:\/\/www.realclubmaritimomelilla.es\/clmar\/#website","url":"https:\/\/www.realclubmaritimomelilla.es\/clmar\/","name":"Real Club Mar\u00edtimo de Melilla","description":"RCMM","publisher":{"@id":"https:\/\/www.realclubmaritimomelilla.es\/clmar\/#organization"},"alternateName":"RCMM","potentialAction":[{"@type":"SearchAction","target":{"@type":"EntryPoint","urlTemplate":"https:\/\/www.realclubmaritimomelilla.es\/clmar\/?s={search_term_string}"},"query-input":{"@type":"PropertyValueSpecification","valueRequired":true,"valueName":"search_term_string"}}],"inLanguage":"es"},{"@type":"Organization","@id":"https:\/\/www.realclubmaritimomelilla.es\/clmar\/#organization","name":"Real Club Mar\u00edtimo de Melilla","alternateName":"RCMM","url":"https:\/\/www.realclubmaritimomelilla.es\/clmar\/","logo":{"@type":"ImageObject","inLanguage":"es","@id":"https:\/\/www.realclubmaritimomelilla.es\/clmar\/#\/schema\/logo\/image\/","url":"https:\/\/www.realclubmaritimomelilla.es\/clmar\/wp-content\/uploads\/logo-club-original-copia.jpg","contentUrl":"https:\/\/www.realclubmaritimomelilla.es\/clmar\/wp-content\/uploads\/logo-club-original-copia.jpg","width":128,"height":89,"caption":"Real Club Mar\u00edtimo de Melilla"},"image":{"@id":"https:\/\/www.realclubmaritimomelilla.es\/clmar\/#\/schema\/logo\/image\/"},"sameAs":["https:\/\/www.facebook.com\/Real-Club-Mar\u00edtimo-de-Melilla-588495841234214\/","https:\/\/x.com\/nauticarcmm","https:\/\/www.instagram.com\/club_maritimo_melilla\/","https:\/\/www.youtube.com\/@realclubmaritimodemelilla4703","https:\/\/es.wikipedia.org\/wiki\/Real_Club_Mar\u00edtimo_de_Melilla"]},{"@type":"Person","@id":"https:\/\/www.realclubmaritimomelilla.es\/clmar\/#\/schema\/person\/ebaa3713496dc6d48c872452e73a8e79","name":"RCMMelilla","image":{"@type":"ImageObject","inLanguage":"es","@id":"https:\/\/secure.gravatar.com\/avatar\/df1c24789360fb9308735c4ee556fc2bc5bf924bf01e53043b8b97ba272da33c?s=96&d=mm&r=g","url":"https:\/\/secure.gravatar.com\/avatar\/df1c24789360fb9308735c4ee556fc2bc5bf924bf01e53043b8b97ba272da33c?s=96&d=mm&r=g","contentUrl":"https:\/\/secure.gravatar.com\/avatar\/df1c24789360fb9308735c4ee556fc2bc5bf924bf01e53043b8b97ba272da33c?s=96&d=mm&r=g","caption":"RCMMelilla"}}]}},"_links":{"self":[{"href":"https:\/\/www.realclubmaritimomelilla.es\/clmar\/wp-json\/wp\/v2\/posts\/14910","targetHints":{"allow":["GET"]}}],"collection":[{"href":"https:\/\/www.realclubmaritimomelilla.es\/clmar\/wp-json\/wp\/v2\/posts"}],"about":[{"href":"https:\/\/www.realclubmaritimomelilla.es\/clmar\/wp-json\/wp\/v2\/types\/post"}],"author":[{"embeddable":true,"href":"https:\/\/www.realclubmaritimomelilla.es\/clmar\/wp-json\/wp\/v2\/users\/1"}],"replies":[{"embeddable":true,"href":"https:\/\/www.realclubmaritimomelilla.es\/clmar\/wp-json\/wp\/v2\/comments?post=14910"}],"version-history":[{"count":1,"href":"https:\/\/www.realclubmaritimomelilla.es\/clmar\/wp-json\/wp\/v2\/posts\/14910\/revisions"}],"predecessor-version":[{"id":14912,"href":"https:\/\/www.realclubmaritimomelilla.es\/clmar\/wp-json\/wp\/v2\/posts\/14910\/revisions\/14912"}],"wp:featuredmedia":[{"embeddable":true,"href":"https:\/\/www.realclubmaritimomelilla.es\/clmar\/wp-json\/wp\/v2\/media\/14911"}],"wp:attachment":[{"href":"https:\/\/www.realclubmaritimomelilla.es\/clmar\/wp-json\/wp\/v2\/media?parent=14910"}],"wp:term":[{"taxonomy":"category","embeddable":true,"href":"https:\/\/www.realclubmaritimomelilla.es\/clmar\/wp-json\/wp\/v2\/categories?post=14910"},{"taxonomy":"post_tag","embeddable":true,"href":"https:\/\/www.realclubmaritimomelilla.es\/clmar\/wp-json\/wp\/v2\/tags?post=14910"}],"curies":[{"name":"wp","href":"https:\/\/api.w.org\/{rel}","templated":true}]}}