{"id":14906,"date":"2019-12-05T19:13:44","date_gmt":"2019-12-05T18:13:44","guid":{"rendered":"http:\/\/www.clubmaritimomelilla.es\/clmar\/?p=14906"},"modified":"2021-07-20T11:38:53","modified_gmt":"2021-07-20T09:38:53","slug":"triple-empate-al-frente-de-la-flota-nacional-laser-4-7-juvenil-en-melilla","status":"publish","type":"post","link":"https:\/\/www.realclubmaritimomelilla.es\/clmar\/triple-empate-al-frente-de-la-flota-nacional-laser-4-7-juvenil-en-melilla\/","title":{"rendered":"TRIPLE EMPATE AL FRENTE DE LA FLOTA NACIONAL LASER 4.7 JUVENIL EN MELILLA"},"content":{"rendered":"<div><span style=\"font-size: large;\">DANIEL CARDONA LIDERA LA COMPETICI\u00d3N, EMPATADO A PUNTOS CON JAVIER SEGU\u00cd Y ELBA MART\u00cdNEZ<\/span><\/div>\n<div><\/div>\n<div>La jornada inaugural en el Campeonato de Espa\u00f1a Laser 4.7 juvenil que se celebra en el Real Club Mar\u00edtimo de Melilla se ha saldado con tres pruebas, en una jornada muy complicada en el campo de regatas, y con un triple empate de regatistas al frente de la clasificaci\u00f3n. Daniel Cardona (CN s&#8217;Arenal), Javier Segu\u00ed (RCN Pto. Pollen\u00e7a) y Elba Mart\u00ednez (CN Salou) comparten la primera posici\u00f3n de la clasificaci\u00f3n general conjunta empatado a once puntos.<\/div>\n<div><\/div>\n<div>Este jueves, en la ciudad aut\u00f3noma de Melilla, han predominado vientos de levante, con oleaje de un metro, que ha rolado varios grados y que ha subido en intensidad. Al frente de la direcci\u00f3n de regata Fidel Mart\u00ednez ha coordinado al Comit\u00e9 junto al oficial de regata Luis Ormaechea.<\/div>\n<div><\/div>\n<div>La primera salida de la jornada, pasadas las doce de la ma\u00f1ana, se ten\u00eda que suspender, despu\u00e9s de que el viento rolase del 060\u00ba al 090\u00ba. En un segundo intento una llamada general a la flota volv\u00eda a paralizar la competici\u00f3n. As\u00ed que hasta las 13:30 horas no comenzaba nuevamente el procedimiento de salida, siendo el grupo amarillo los primeros en tomarla.<\/div>\n<div>En la segunda manga hubo una llamada general para el grupo azul. Acabando la jornada con vientos de m\u00e1s de doce nudos con direcci\u00f3n al 070\u00ba.<\/div>\n<div><\/div>\n<div>La primera manga colocaba como l\u00edderes provisionales de la competici\u00f3n a Adolfo Virgili (RCR Santiago de la Rivera) y Javier Plomer (CV Puerto d&#8217;Andratx), tras imponerse en los grupos amarillo y azul.<\/div>\n<div><\/div>\n<div>Con la segunda prueba del d\u00eda, que ganaban Daniel Cardona, en el grupo amarillo, y Manuel Garc\u00eda (CN Mar Menor), en el grupo azul, se produc\u00edan los primeros movimientos importantes en la clasificaci\u00f3n, en la que el regatista del CN s&#8217;Arenal empezaba a tener ventaja.<\/div>\n<div><\/div>\n<div>La ultima manga de este jueves, como campe\u00f3n amarillo nuevamente a Virgili, que con su d\u00e9cimo puesto en la segunda manga lo relegaba a un cuarto puesto en la general provisional. Mientras que en el grupo azul repet\u00eda Manuel Garc\u00eda, que se colocaba quinto, tras en d\u00e9cimo tercer puesto de la primera prueba.<\/div>\n<div><\/div>\n<div>As\u00ed, despu\u00e9s de tres pruebas el triple empate en la primera posici\u00f3n coloca primero a Daniel Cardona, que ha sido el \u00fanico de los res que ha logrado ganar una manga, seguido por Javier Segui y Elba Mart\u00ednez.<\/div>\n<div><\/div>\n<div>Los l\u00edderes provisionales en la categor\u00eda sub16 son Daniel Cardona y Claudia Adan (CN Santa Pola). Por su parte, en sub 18 los primeros clasificados son Adolfo Virgili y Elba Mart\u00ednez.<\/div>\n<div><\/div>\n<div>Para este viernes, nuevamente a las 12 del mediod\u00eda est\u00e1 programa el inicio de la cuarta manga del Campeonato. Igualmente, est\u00e1 previsto que se disputen tres mangas, que servir\u00e1n para poner el punto y final a las series clasificatorias. Una vez concluida la jornada se establecer\u00e1n los grupos Oro y Plata cara a las rondas finales de la competici\u00f3n que se prolongar\u00e1n hasta el domingo.<\/div>\n<div><\/div>\n<div>ENLACE GALER\u00cdA DE FOTOS:\u00a0<a href=\"https:\/\/photos.app.goo.gl\/5brpunPn28Bk6TRR6\" target=\"_blank\" rel=\"noopener\" data-saferedirecturl=\"https:\/\/www.google.com\/url?q=https:\/\/photos.app.goo.gl\/5brpunPn28Bk6TRR6&amp;source=gmail&amp;ust=1575655776188000&amp;usg=AFQjCNEBq4201YfgiGmC6RDwgOnTCCW7Vg\">https:\/\/photos.app.goo.<wbr \/>gl\/5brpunPn28Bk6TRR6<\/a><\/div>\n","protected":false},"excerpt":{"rendered":"<p>DANIEL CARDONA LIDERA LA COMPETICI\u00d3N, EMPATADO A PUNTOS CON JAVIER SEGU\u00cd Y ELBA MART\u00cdNEZ La jornada inaugural en el Campeonato de Espa\u00f1a Laser 4.7 juvenil que se celebra en el Real Club Mar\u00edtimo de Melilla se ha saldado con tres pruebas, en una jornada muy complicada en el campo de regatas, y con un triple [&hellip;]<\/p>\n","protected":false},"author":1,"featured_media":14907,"comment_status":"open","ping_status":"open","sticky":false,"template":"","format":"standard","meta":{"_acf_changed":false,"footnotes":""},"categories":[40,38],"tags":[],"class_list":["post-14906","post","type-post","status-publish","format-standard","has-post-thumbnail","hentry","category-club","category-nautica"],"acf":[],"yoast_head":"<!-- This site is optimized with the Yoast SEO plugin v27.5 - https:\/\/yoast.com\/product\/yoast-seo-wordpress\/ -->\n<title>TRIPLE EMPATE AL FRENTE DE LA FLOTA NACIONAL LASER 4.7 JUVENIL EN MELILLA - Real Club Mar\u00edtimo de Melilla<\/title>\n<meta name=\"description\" content=\"TRIPLE EMPATE AL FRENTE DE LA FLOTA NACIONAL LASER 4.7 JUVENIL EN MELILLA -\" \/>\n<meta name=\"robots\" content=\"index, follow, max-snippet:-1, max-image-preview:large, max-video-preview:-1\" \/>\n<link rel=\"canonical\" href=\"https:\/\/www.realclubmaritimomelilla.es\/clmar\/triple-empate-al-frente-de-la-flota-nacional-laser-4-7-juvenil-en-melilla\/\" \/>\n<meta property=\"og:locale\" content=\"es_ES\" \/>\n<meta property=\"og:type\" content=\"article\" \/>\n<meta property=\"og:title\" content=\"TRIPLE EMPATE AL FRENTE DE LA FLOTA NACIONAL LASER 4.7 JUVENIL EN MELILLA - Real Club Mar\u00edtimo de Melilla\" \/>\n<meta property=\"og:description\" content=\"TRIPLE EMPATE AL FRENTE DE LA FLOTA NACIONAL LASER 4.7 JUVENIL EN MELILLA -\" \/>\n<meta property=\"og:url\" content=\"https:\/\/www.realclubmaritimomelilla.es\/clmar\/triple-empate-al-frente-de-la-flota-nacional-laser-4-7-juvenil-en-melilla\/\" \/>\n<meta property=\"og:site_name\" content=\"Real Club Mar\u00edtimo de Melilla\" \/>\n<meta property=\"article:publisher\" content=\"https:\/\/www.facebook.com\/Real-Club-Mar%c3%adtimo-de-Melilla-588495841234214\/\" \/>\n<meta property=\"article:published_time\" content=\"2019-12-05T18:13:44+00:00\" \/>\n<meta property=\"article:modified_time\" content=\"2021-07-20T09:38:53+00:00\" \/>\n<meta property=\"og:image\" content=\"https:\/\/www.realclubmaritimomelilla.es\/clmar\/wp-content\/uploads\/2019\/12\/Daniel-Cardona-scaled.jpg\" \/>\n\t<meta property=\"og:image:width\" content=\"2560\" \/>\n\t<meta property=\"og:image:height\" content=\"1707\" \/>\n\t<meta property=\"og:image:type\" content=\"image\/jpeg\" \/>\n<meta name=\"author\" content=\"RCMMelilla\" \/>\n<meta name=\"twitter:card\" content=\"summary_large_image\" \/>\n<meta name=\"twitter:creator\" content=\"@nauticarcmm\" \/>\n<meta name=\"twitter:site\" content=\"@nauticarcmm\" \/>\n<meta name=\"twitter:label1\" content=\"Escrito por\" \/>\n\t<meta name=\"twitter:data1\" content=\"RCMMelilla\" \/>\n\t<meta name=\"twitter:label2\" content=\"Tiempo de lectura\" \/>\n\t<meta name=\"twitter:data2\" content=\"3 minutos\" \/>\n<script type=\"application\/ld+json\" class=\"yoast-schema-graph\">{\"@context\":\"https:\\\/\\\/schema.org\",\"@graph\":[{\"@type\":\"Article\",\"@id\":\"https:\\\/\\\/www.realclubmaritimomelilla.es\\\/clmar\\\/triple-empate-al-frente-de-la-flota-nacional-laser-4-7-juvenil-en-melilla\\\/#article\",\"isPartOf\":{\"@id\":\"https:\\\/\\\/www.realclubmaritimomelilla.es\\\/clmar\\\/triple-empate-al-frente-de-la-flota-nacional-laser-4-7-juvenil-en-melilla\\\/\"},\"author\":{\"name\":\"RCMMelilla\",\"@id\":\"https:\\\/\\\/www.realclubmaritimomelilla.es\\\/clmar\\\/#\\\/schema\\\/person\\\/ebaa3713496dc6d48c872452e73a8e79\"},\"headline\":\"TRIPLE EMPATE AL FRENTE DE LA FLOTA NACIONAL LASER 4.7 JUVENIL EN MELILLA\",\"datePublished\":\"2019-12-05T18:13:44+00:00\",\"dateModified\":\"2021-07-20T09:38:53+00:00\",\"mainEntityOfPage\":{\"@id\":\"https:\\\/\\\/www.realclubmaritimomelilla.es\\\/clmar\\\/triple-empate-al-frente-de-la-flota-nacional-laser-4-7-juvenil-en-melilla\\\/\"},\"wordCount\":553,\"commentCount\":0,\"publisher\":{\"@id\":\"https:\\\/\\\/www.realclubmaritimomelilla.es\\\/clmar\\\/#organization\"},\"image\":{\"@id\":\"https:\\\/\\\/www.realclubmaritimomelilla.es\\\/clmar\\\/triple-empate-al-frente-de-la-flota-nacional-laser-4-7-juvenil-en-melilla\\\/#primaryimage\"},\"thumbnailUrl\":\"https:\\\/\\\/www.realclubmaritimomelilla.es\\\/clmar\\\/wp-content\\\/uploads\\\/2019\\\/12\\\/Daniel-Cardona-scaled.jpg\",\"articleSection\":[\"Club\",\"N\u00e1utica\"],\"inLanguage\":\"es\",\"potentialAction\":[{\"@type\":\"CommentAction\",\"name\":\"Comment\",\"target\":[\"https:\\\/\\\/www.realclubmaritimomelilla.es\\\/clmar\\\/triple-empate-al-frente-de-la-flota-nacional-laser-4-7-juvenil-en-melilla\\\/#respond\"]}]},{\"@type\":\"WebPage\",\"@id\":\"https:\\\/\\\/www.realclubmaritimomelilla.es\\\/clmar\\\/triple-empate-al-frente-de-la-flota-nacional-laser-4-7-juvenil-en-melilla\\\/\",\"url\":\"https:\\\/\\\/www.realclubmaritimomelilla.es\\\/clmar\\\/triple-empate-al-frente-de-la-flota-nacional-laser-4-7-juvenil-en-melilla\\\/\",\"name\":\"TRIPLE EMPATE AL FRENTE DE LA FLOTA NACIONAL LASER 4.7 JUVENIL EN MELILLA - Real Club Mar\u00edtimo de Melilla\",\"isPartOf\":{\"@id\":\"https:\\\/\\\/www.realclubmaritimomelilla.es\\\/clmar\\\/#website\"},\"primaryImageOfPage\":{\"@id\":\"https:\\\/\\\/www.realclubmaritimomelilla.es\\\/clmar\\\/triple-empate-al-frente-de-la-flota-nacional-laser-4-7-juvenil-en-melilla\\\/#primaryimage\"},\"image\":{\"@id\":\"https:\\\/\\\/www.realclubmaritimomelilla.es\\\/clmar\\\/triple-empate-al-frente-de-la-flota-nacional-laser-4-7-juvenil-en-melilla\\\/#primaryimage\"},\"thumbnailUrl\":\"https:\\\/\\\/www.realclubmaritimomelilla.es\\\/clmar\\\/wp-content\\\/uploads\\\/2019\\\/12\\\/Daniel-Cardona-scaled.jpg\",\"datePublished\":\"2019-12-05T18:13:44+00:00\",\"dateModified\":\"2021-07-20T09:38:53+00:00\",\"description\":\"TRIPLE EMPATE AL FRENTE DE LA FLOTA NACIONAL LASER 4.7 JUVENIL EN MELILLA -\",\"breadcrumb\":{\"@id\":\"https:\\\/\\\/www.realclubmaritimomelilla.es\\\/clmar\\\/triple-empate-al-frente-de-la-flota-nacional-laser-4-7-juvenil-en-melilla\\\/#breadcrumb\"},\"inLanguage\":\"es\",\"potentialAction\":[{\"@type\":\"ReadAction\",\"target\":[\"https:\\\/\\\/www.realclubmaritimomelilla.es\\\/clmar\\\/triple-empate-al-frente-de-la-flota-nacional-laser-4-7-juvenil-en-melilla\\\/\"]}]},{\"@type\":\"ImageObject\",\"inLanguage\":\"es\",\"@id\":\"https:\\\/\\\/www.realclubmaritimomelilla.es\\\/clmar\\\/triple-empate-al-frente-de-la-flota-nacional-laser-4-7-juvenil-en-melilla\\\/#primaryimage\",\"url\":\"https:\\\/\\\/www.realclubmaritimomelilla.es\\\/clmar\\\/wp-content\\\/uploads\\\/2019\\\/12\\\/Daniel-Cardona-scaled.jpg\",\"contentUrl\":\"https:\\\/\\\/www.realclubmaritimomelilla.es\\\/clmar\\\/wp-content\\\/uploads\\\/2019\\\/12\\\/Daniel-Cardona-scaled.jpg\",\"width\":2560,\"height\":1707},{\"@type\":\"BreadcrumbList\",\"@id\":\"https:\\\/\\\/www.realclubmaritimomelilla.es\\\/clmar\\\/triple-empate-al-frente-de-la-flota-nacional-laser-4-7-juvenil-en-melilla\\\/#breadcrumb\",\"itemListElement\":[{\"@type\":\"ListItem\",\"position\":1,\"name\":\"Portada\",\"item\":\"https:\\\/\\\/www.realclubmaritimomelilla.es\\\/clmar\\\/\"},{\"@type\":\"ListItem\",\"position\":2,\"name\":\"TRIPLE EMPATE AL FRENTE DE LA FLOTA NACIONAL LASER 4.7 JUVENIL EN MELILLA\"}]},{\"@type\":\"WebSite\",\"@id\":\"https:\\\/\\\/www.realclubmaritimomelilla.es\\\/clmar\\\/#website\",\"url\":\"https:\\\/\\\/www.realclubmaritimomelilla.es\\\/clmar\\\/\",\"name\":\"Real Club Mar\u00edtimo de Melilla\",\"description\":\"RCMM\",\"publisher\":{\"@id\":\"https:\\\/\\\/www.realclubmaritimomelilla.es\\\/clmar\\\/#organization\"},\"alternateName\":\"RCMM\",\"potentialAction\":[{\"@type\":\"SearchAction\",\"target\":{\"@type\":\"EntryPoint\",\"urlTemplate\":\"https:\\\/\\\/www.realclubmaritimomelilla.es\\\/clmar\\\/?s={search_term_string}\"},\"query-input\":{\"@type\":\"PropertyValueSpecification\",\"valueRequired\":true,\"valueName\":\"search_term_string\"}}],\"inLanguage\":\"es\"},{\"@type\":\"Organization\",\"@id\":\"https:\\\/\\\/www.realclubmaritimomelilla.es\\\/clmar\\\/#organization\",\"name\":\"Real Club Mar\u00edtimo de Melilla\",\"alternateName\":\"RCMM\",\"url\":\"https:\\\/\\\/www.realclubmaritimomelilla.es\\\/clmar\\\/\",\"logo\":{\"@type\":\"ImageObject\",\"inLanguage\":\"es\",\"@id\":\"https:\\\/\\\/www.realclubmaritimomelilla.es\\\/clmar\\\/#\\\/schema\\\/logo\\\/image\\\/\",\"url\":\"https:\\\/\\\/www.realclubmaritimomelilla.es\\\/clmar\\\/wp-content\\\/uploads\\\/logo-club-original-copia.jpg\",\"contentUrl\":\"https:\\\/\\\/www.realclubmaritimomelilla.es\\\/clmar\\\/wp-content\\\/uploads\\\/logo-club-original-copia.jpg\",\"width\":128,\"height\":89,\"caption\":\"Real Club Mar\u00edtimo de Melilla\"},\"image\":{\"@id\":\"https:\\\/\\\/www.realclubmaritimomelilla.es\\\/clmar\\\/#\\\/schema\\\/logo\\\/image\\\/\"},\"sameAs\":[\"https:\\\/\\\/www.facebook.com\\\/Real-Club-Mar\u00edtimo-de-Melilla-588495841234214\\\/\",\"https:\\\/\\\/x.com\\\/nauticarcmm\",\"https:\\\/\\\/www.instagram.com\\\/club_maritimo_melilla\\\/\",\"https:\\\/\\\/www.youtube.com\\\/@realclubmaritimodemelilla4703\",\"https:\\\/\\\/es.wikipedia.org\\\/wiki\\\/Real_Club_Mar\u00edtimo_de_Melilla\"]},{\"@type\":\"Person\",\"@id\":\"https:\\\/\\\/www.realclubmaritimomelilla.es\\\/clmar\\\/#\\\/schema\\\/person\\\/ebaa3713496dc6d48c872452e73a8e79\",\"name\":\"RCMMelilla\",\"image\":{\"@type\":\"ImageObject\",\"inLanguage\":\"es\",\"@id\":\"https:\\\/\\\/secure.gravatar.com\\\/avatar\\\/df1c24789360fb9308735c4ee556fc2bc5bf924bf01e53043b8b97ba272da33c?s=96&d=mm&r=g\",\"url\":\"https:\\\/\\\/secure.gravatar.com\\\/avatar\\\/df1c24789360fb9308735c4ee556fc2bc5bf924bf01e53043b8b97ba272da33c?s=96&d=mm&r=g\",\"contentUrl\":\"https:\\\/\\\/secure.gravatar.com\\\/avatar\\\/df1c24789360fb9308735c4ee556fc2bc5bf924bf01e53043b8b97ba272da33c?s=96&d=mm&r=g\",\"caption\":\"RCMMelilla\"}}]}<\/script>\n<!-- \/ Yoast SEO plugin. -->","yoast_head_json":{"title":"TRIPLE EMPATE AL FRENTE DE LA FLOTA NACIONAL LASER 4.7 JUVENIL EN MELILLA - Real Club Mar\u00edtimo de Melilla","description":"TRIPLE EMPATE AL FRENTE DE LA FLOTA NACIONAL LASER 4.7 JUVENIL EN MELILLA -","robots":{"index":"index","follow":"follow","max-snippet":"max-snippet:-1","max-image-preview":"max-image-preview:large","max-video-preview":"max-video-preview:-1"},"canonical":"https:\/\/www.realclubmaritimomelilla.es\/clmar\/triple-empate-al-frente-de-la-flota-nacional-laser-4-7-juvenil-en-melilla\/","og_locale":"es_ES","og_type":"article","og_title":"TRIPLE EMPATE AL FRENTE DE LA FLOTA NACIONAL LASER 4.7 JUVENIL EN MELILLA - Real Club Mar\u00edtimo de Melilla","og_description":"TRIPLE EMPATE AL FRENTE DE LA FLOTA NACIONAL LASER 4.7 JUVENIL EN MELILLA -","og_url":"https:\/\/www.realclubmaritimomelilla.es\/clmar\/triple-empate-al-frente-de-la-flota-nacional-laser-4-7-juvenil-en-melilla\/","og_site_name":"Real Club Mar\u00edtimo de Melilla","article_publisher":"https:\/\/www.facebook.com\/Real-Club-Mar%c3%adtimo-de-Melilla-588495841234214\/","article_published_time":"2019-12-05T18:13:44+00:00","article_modified_time":"2021-07-20T09:38:53+00:00","og_image":[{"width":2560,"height":1707,"url":"https:\/\/www.realclubmaritimomelilla.es\/clmar\/wp-content\/uploads\/2019\/12\/Daniel-Cardona-scaled.jpg","type":"image\/jpeg"}],"author":"RCMMelilla","twitter_card":"summary_large_image","twitter_creator":"@nauticarcmm","twitter_site":"@nauticarcmm","twitter_misc":{"Escrito por":"RCMMelilla","Tiempo de lectura":"3 minutos"},"schema":{"@context":"https:\/\/schema.org","@graph":[{"@type":"Article","@id":"https:\/\/www.realclubmaritimomelilla.es\/clmar\/triple-empate-al-frente-de-la-flota-nacional-laser-4-7-juvenil-en-melilla\/#article","isPartOf":{"@id":"https:\/\/www.realclubmaritimomelilla.es\/clmar\/triple-empate-al-frente-de-la-flota-nacional-laser-4-7-juvenil-en-melilla\/"},"author":{"name":"RCMMelilla","@id":"https:\/\/www.realclubmaritimomelilla.es\/clmar\/#\/schema\/person\/ebaa3713496dc6d48c872452e73a8e79"},"headline":"TRIPLE EMPATE AL FRENTE DE LA FLOTA NACIONAL LASER 4.7 JUVENIL EN MELILLA","datePublished":"2019-12-05T18:13:44+00:00","dateModified":"2021-07-20T09:38:53+00:00","mainEntityOfPage":{"@id":"https:\/\/www.realclubmaritimomelilla.es\/clmar\/triple-empate-al-frente-de-la-flota-nacional-laser-4-7-juvenil-en-melilla\/"},"wordCount":553,"commentCount":0,"publisher":{"@id":"https:\/\/www.realclubmaritimomelilla.es\/clmar\/#organization"},"image":{"@id":"https:\/\/www.realclubmaritimomelilla.es\/clmar\/triple-empate-al-frente-de-la-flota-nacional-laser-4-7-juvenil-en-melilla\/#primaryimage"},"thumbnailUrl":"https:\/\/www.realclubmaritimomelilla.es\/clmar\/wp-content\/uploads\/2019\/12\/Daniel-Cardona-scaled.jpg","articleSection":["Club","N\u00e1utica"],"inLanguage":"es","potentialAction":[{"@type":"CommentAction","name":"Comment","target":["https:\/\/www.realclubmaritimomelilla.es\/clmar\/triple-empate-al-frente-de-la-flota-nacional-laser-4-7-juvenil-en-melilla\/#respond"]}]},{"@type":"WebPage","@id":"https:\/\/www.realclubmaritimomelilla.es\/clmar\/triple-empate-al-frente-de-la-flota-nacional-laser-4-7-juvenil-en-melilla\/","url":"https:\/\/www.realclubmaritimomelilla.es\/clmar\/triple-empate-al-frente-de-la-flota-nacional-laser-4-7-juvenil-en-melilla\/","name":"TRIPLE EMPATE AL FRENTE DE LA FLOTA NACIONAL LASER 4.7 JUVENIL EN MELILLA - Real Club Mar\u00edtimo de Melilla","isPartOf":{"@id":"https:\/\/www.realclubmaritimomelilla.es\/clmar\/#website"},"primaryImageOfPage":{"@id":"https:\/\/www.realclubmaritimomelilla.es\/clmar\/triple-empate-al-frente-de-la-flota-nacional-laser-4-7-juvenil-en-melilla\/#primaryimage"},"image":{"@id":"https:\/\/www.realclubmaritimomelilla.es\/clmar\/triple-empate-al-frente-de-la-flota-nacional-laser-4-7-juvenil-en-melilla\/#primaryimage"},"thumbnailUrl":"https:\/\/www.realclubmaritimomelilla.es\/clmar\/wp-content\/uploads\/2019\/12\/Daniel-Cardona-scaled.jpg","datePublished":"2019-12-05T18:13:44+00:00","dateModified":"2021-07-20T09:38:53+00:00","description":"TRIPLE EMPATE AL FRENTE DE LA FLOTA NACIONAL LASER 4.7 JUVENIL EN MELILLA -","breadcrumb":{"@id":"https:\/\/www.realclubmaritimomelilla.es\/clmar\/triple-empate-al-frente-de-la-flota-nacional-laser-4-7-juvenil-en-melilla\/#breadcrumb"},"inLanguage":"es","potentialAction":[{"@type":"ReadAction","target":["https:\/\/www.realclubmaritimomelilla.es\/clmar\/triple-empate-al-frente-de-la-flota-nacional-laser-4-7-juvenil-en-melilla\/"]}]},{"@type":"ImageObject","inLanguage":"es","@id":"https:\/\/www.realclubmaritimomelilla.es\/clmar\/triple-empate-al-frente-de-la-flota-nacional-laser-4-7-juvenil-en-melilla\/#primaryimage","url":"https:\/\/www.realclubmaritimomelilla.es\/clmar\/wp-content\/uploads\/2019\/12\/Daniel-Cardona-scaled.jpg","contentUrl":"https:\/\/www.realclubmaritimomelilla.es\/clmar\/wp-content\/uploads\/2019\/12\/Daniel-Cardona-scaled.jpg","width":2560,"height":1707},{"@type":"BreadcrumbList","@id":"https:\/\/www.realclubmaritimomelilla.es\/clmar\/triple-empate-al-frente-de-la-flota-nacional-laser-4-7-juvenil-en-melilla\/#breadcrumb","itemListElement":[{"@type":"ListItem","position":1,"name":"Portada","item":"https:\/\/www.realclubmaritimomelilla.es\/clmar\/"},{"@type":"ListItem","position":2,"name":"TRIPLE EMPATE AL FRENTE DE LA FLOTA NACIONAL LASER 4.7 JUVENIL EN MELILLA"}]},{"@type":"WebSite","@id":"https:\/\/www.realclubmaritimomelilla.es\/clmar\/#website","url":"https:\/\/www.realclubmaritimomelilla.es\/clmar\/","name":"Real Club Mar\u00edtimo de Melilla","description":"RCMM","publisher":{"@id":"https:\/\/www.realclubmaritimomelilla.es\/clmar\/#organization"},"alternateName":"RCMM","potentialAction":[{"@type":"SearchAction","target":{"@type":"EntryPoint","urlTemplate":"https:\/\/www.realclubmaritimomelilla.es\/clmar\/?s={search_term_string}"},"query-input":{"@type":"PropertyValueSpecification","valueRequired":true,"valueName":"search_term_string"}}],"inLanguage":"es"},{"@type":"Organization","@id":"https:\/\/www.realclubmaritimomelilla.es\/clmar\/#organization","name":"Real Club Mar\u00edtimo de Melilla","alternateName":"RCMM","url":"https:\/\/www.realclubmaritimomelilla.es\/clmar\/","logo":{"@type":"ImageObject","inLanguage":"es","@id":"https:\/\/www.realclubmaritimomelilla.es\/clmar\/#\/schema\/logo\/image\/","url":"https:\/\/www.realclubmaritimomelilla.es\/clmar\/wp-content\/uploads\/logo-club-original-copia.jpg","contentUrl":"https:\/\/www.realclubmaritimomelilla.es\/clmar\/wp-content\/uploads\/logo-club-original-copia.jpg","width":128,"height":89,"caption":"Real Club Mar\u00edtimo de Melilla"},"image":{"@id":"https:\/\/www.realclubmaritimomelilla.es\/clmar\/#\/schema\/logo\/image\/"},"sameAs":["https:\/\/www.facebook.com\/Real-Club-Mar\u00edtimo-de-Melilla-588495841234214\/","https:\/\/x.com\/nauticarcmm","https:\/\/www.instagram.com\/club_maritimo_melilla\/","https:\/\/www.youtube.com\/@realclubmaritimodemelilla4703","https:\/\/es.wikipedia.org\/wiki\/Real_Club_Mar\u00edtimo_de_Melilla"]},{"@type":"Person","@id":"https:\/\/www.realclubmaritimomelilla.es\/clmar\/#\/schema\/person\/ebaa3713496dc6d48c872452e73a8e79","name":"RCMMelilla","image":{"@type":"ImageObject","inLanguage":"es","@id":"https:\/\/secure.gravatar.com\/avatar\/df1c24789360fb9308735c4ee556fc2bc5bf924bf01e53043b8b97ba272da33c?s=96&d=mm&r=g","url":"https:\/\/secure.gravatar.com\/avatar\/df1c24789360fb9308735c4ee556fc2bc5bf924bf01e53043b8b97ba272da33c?s=96&d=mm&r=g","contentUrl":"https:\/\/secure.gravatar.com\/avatar\/df1c24789360fb9308735c4ee556fc2bc5bf924bf01e53043b8b97ba272da33c?s=96&d=mm&r=g","caption":"RCMMelilla"}}]}},"_links":{"self":[{"href":"https:\/\/www.realclubmaritimomelilla.es\/clmar\/wp-json\/wp\/v2\/posts\/14906","targetHints":{"allow":["GET"]}}],"collection":[{"href":"https:\/\/www.realclubmaritimomelilla.es\/clmar\/wp-json\/wp\/v2\/posts"}],"about":[{"href":"https:\/\/www.realclubmaritimomelilla.es\/clmar\/wp-json\/wp\/v2\/types\/post"}],"author":[{"embeddable":true,"href":"https:\/\/www.realclubmaritimomelilla.es\/clmar\/wp-json\/wp\/v2\/users\/1"}],"replies":[{"embeddable":true,"href":"https:\/\/www.realclubmaritimomelilla.es\/clmar\/wp-json\/wp\/v2\/comments?post=14906"}],"version-history":[{"count":1,"href":"https:\/\/www.realclubmaritimomelilla.es\/clmar\/wp-json\/wp\/v2\/posts\/14906\/revisions"}],"predecessor-version":[{"id":14908,"href":"https:\/\/www.realclubmaritimomelilla.es\/clmar\/wp-json\/wp\/v2\/posts\/14906\/revisions\/14908"}],"wp:featuredmedia":[{"embeddable":true,"href":"https:\/\/www.realclubmaritimomelilla.es\/clmar\/wp-json\/wp\/v2\/media\/14907"}],"wp:attachment":[{"href":"https:\/\/www.realclubmaritimomelilla.es\/clmar\/wp-json\/wp\/v2\/media?parent=14906"}],"wp:term":[{"taxonomy":"category","embeddable":true,"href":"https:\/\/www.realclubmaritimomelilla.es\/clmar\/wp-json\/wp\/v2\/categories?post=14906"},{"taxonomy":"post_tag","embeddable":true,"href":"https:\/\/www.realclubmaritimomelilla.es\/clmar\/wp-json\/wp\/v2\/tags?post=14906"}],"curies":[{"name":"wp","href":"https:\/\/api.w.org\/{rel}","templated":true}]}}