{"id":14878,"date":"2019-11-02T21:16:47","date_gmt":"2019-11-02T20:16:47","guid":{"rendered":"http:\/\/www.clubmaritimomelilla.es\/clmar\/?p=14878"},"modified":"2021-07-20T11:38:53","modified_gmt":"2021-07-20T09:38:53","slug":"azul-sanchez-sexta-en-el-mundial-techno-293","status":"publish","type":"post","link":"https:\/\/www.realclubmaritimomelilla.es\/clmar\/azul-sanchez-sexta-en-el-mundial-techno-293\/","title":{"rendered":"AZUL S\u00c1NCHEZ, SEXTA EN EL MUNDIAL TECHNO 293"},"content":{"rendered":"<p><img decoding=\"async\" class=\"aligncenter size-full wp-image-14879\" src=\"http:\/\/www.clubmaritimomelilla.es\/clmar\/wp-content\/uploads\/2019\/11\/Equipo-RCMM.jpeg\" alt=\"\" width=\"2048\" height=\"1536\" srcset=\"https:\/\/www.realclubmaritimomelilla.es\/clmar\/wp-content\/uploads\/2019\/11\/Equipo-RCMM-300x225.jpeg 300w, https:\/\/www.realclubmaritimomelilla.es\/clmar\/wp-content\/uploads\/2019\/11\/Equipo-RCMM-600x450.jpeg 600w, https:\/\/www.realclubmaritimomelilla.es\/clmar\/wp-content\/uploads\/2019\/11\/Equipo-RCMM-768x576.jpeg 768w, https:\/\/www.realclubmaritimomelilla.es\/clmar\/wp-content\/uploads\/2019\/11\/Equipo-RCMM-1024x768.jpeg 1024w, https:\/\/www.realclubmaritimomelilla.es\/clmar\/wp-content\/uploads\/2019\/11\/Equipo-RCMM.jpeg 2048w\" sizes=\"(max-width: 2048px) 100vw, 2048px\" \/><\/p>\n<div><\/div>\n<div>El Campeonato del Mundo de Techno 293 ha conclu\u00eddo este s\u00e1bado en la bah\u00eda de C\u00e1diz, con extraordinarios resultados para la representaci\u00f3n espa\u00f1ola y las regatistas del Real Club Mar\u00edtimo de Melilla en particular, con un sexto puesto y diploma para Azul S\u00e1nchez en la categor\u00eda sub15 y con la novena posici\u00f3n para Cristina Mu\u00f1oz en sub17.<\/div>\n<div>La competici\u00f3n para las f\u00e9minas arrancaba este mi\u00e9rcoles y el Comit\u00e9 ha realizado trece pruebas en total. Fue cuando comenzaron a competir las regatistas del Real Club Maritimo de Melilla, en esta cita mundialista.<\/div>\n<div>Azul S\u00e1nchez, en el ecuador de la competici\u00f3n se coloc\u00f3 en la tercera posici\u00f3n provisional, pero las condiciones meteorol\u00f3gicas subieron y penaliz\u00f3 a la melillense que ha logrado un extraordinario sexto lugar en su categor\u00eda. De esta forma, se ha hecho acreedora de uno de los diplomas especial que entrega la Federaci\u00f3n Internacional de Vela a los seis mejores regatistas de cada clase.<\/div>\n<div>Adem\u00e1s, la regatista melillense Azul S\u00e1nchez ha sido la mejor espa\u00f1ola en la categor\u00eda sub15, con solo doce a\u00f1os de edad, siendo la m\u00e1s joven de las seis primeras clasificadas, y compitiendo en una categor\u00eda superior a la suya.<\/div>\n<div>Azul S\u00e1nchez cierra un a\u00f1o espectacular con los t\u00edtulos nacionales en el Campeonato de Espa\u00f1a y la Copa de Espa\u00f1a, adem\u00e1s del subcampeonato de Europa en sub15 disputado en Israel.<\/div>\n<div>Por su parte, Cristina Padilla consigue un destacado noveno puesto en la categor\u00eda sub-17. La melillense ha tenido que competir con las regatistas de mayor edad, consiguiendo mantenerse en el top10 del campeonato en todo momento.<\/div>\n<div>Adem\u00e1s, el resto del equipo melillense del Real Club Mar\u00edtimo de Melilla en este Mundial estaba compuesto por Aitana Duarte, que ha acabado en el puesto 39\u00ba en sub15. Adem\u00e1s, Elena Paya ha acabado en la posici\u00f3n 36\u00aa en sub17 clasific\u00e1ndose en el grupo oro, mientas que Emira Rodr\u00edguez ha finalizado en el puesto 57\u00ba.<\/div>\n<div>Y al frente del equipo de regatas Hicham Mohamed, uno de los art\u00edfices de este notable \u00e9xito de la vela melillense representada en esta cita internacional por el Real Club Mar\u00edtimo de Melilla.<\/div>\n<div>El presidente del Real Club Mar\u00edtimo, Jos\u00e9 Manuel Calzado, quiso expresar su enhorabuena a los componentes del equipo de regatas en este desplazamiento, mostrando su satisfacci\u00f3n en redes sociales: \u201cGrandes resultados del equipo espa\u00f1ol y en especial de nuestras surfistas melillenses Azul y Cristina. Enhorabuena a todo el equipo y a sus t\u00e9cnicos\u201d.<\/div>\n","protected":false},"excerpt":{"rendered":"<p>El Campeonato del Mundo de Techno 293 ha conclu\u00eddo este s\u00e1bado en la bah\u00eda de C\u00e1diz, con extraordinarios resultados para la representaci\u00f3n espa\u00f1ola y las regatistas del Real Club Mar\u00edtimo de Melilla en particular, con un sexto puesto y diploma para Azul S\u00e1nchez en la categor\u00eda sub15 y con la novena posici\u00f3n para Cristina Mu\u00f1oz [&hellip;]<\/p>\n","protected":false},"author":1,"featured_media":14880,"comment_status":"open","ping_status":"open","sticky":false,"template":"","format":"standard","meta":{"_acf_changed":false,"footnotes":""},"categories":[38],"tags":[],"class_list":["post-14878","post","type-post","status-publish","format-standard","has-post-thumbnail","hentry","category-nautica"],"acf":[],"yoast_head":"<!-- This site is optimized with the Yoast SEO plugin v27.5 - https:\/\/yoast.com\/product\/yoast-seo-wordpress\/ -->\n<title>AZUL S\u00c1NCHEZ, SEXTA EN EL MUNDIAL TECHNO 293 - Real Club Mar\u00edtimo de Melilla<\/title>\n<meta name=\"description\" content=\"AZUL S\u00c1NCHEZ, SEXTA EN EL MUNDIAL TECHNO 293 -\" \/>\n<meta name=\"robots\" content=\"index, follow, max-snippet:-1, max-image-preview:large, max-video-preview:-1\" \/>\n<link rel=\"canonical\" href=\"https:\/\/www.realclubmaritimomelilla.es\/clmar\/azul-sanchez-sexta-en-el-mundial-techno-293\/\" \/>\n<meta property=\"og:locale\" content=\"es_ES\" \/>\n<meta property=\"og:type\" content=\"article\" \/>\n<meta property=\"og:title\" content=\"AZUL S\u00c1NCHEZ, SEXTA EN EL MUNDIAL TECHNO 293 - Real Club Mar\u00edtimo de Melilla\" \/>\n<meta property=\"og:description\" content=\"AZUL S\u00c1NCHEZ, SEXTA EN EL MUNDIAL TECHNO 293 -\" \/>\n<meta property=\"og:url\" content=\"https:\/\/www.realclubmaritimomelilla.es\/clmar\/azul-sanchez-sexta-en-el-mundial-techno-293\/\" \/>\n<meta property=\"og:site_name\" content=\"Real Club Mar\u00edtimo de Melilla\" \/>\n<meta property=\"article:publisher\" content=\"https:\/\/www.facebook.com\/Real-Club-Mar%c3%adtimo-de-Melilla-588495841234214\/\" \/>\n<meta property=\"article:published_time\" content=\"2019-11-02T20:16:47+00:00\" \/>\n<meta property=\"article:modified_time\" content=\"2021-07-20T09:38:53+00:00\" \/>\n<meta property=\"og:image\" content=\"https:\/\/www.realclubmaritimomelilla.es\/clmar\/wp-content\/uploads\/2019\/11\/Azul-S\u00e1nchez-recibe-diploma-2.jpeg\" \/>\n\t<meta property=\"og:image:width\" content=\"2016\" \/>\n\t<meta property=\"og:image:height\" content=\"1512\" \/>\n\t<meta property=\"og:image:type\" content=\"image\/jpeg\" \/>\n<meta name=\"author\" content=\"RCMMelilla\" \/>\n<meta name=\"twitter:card\" content=\"summary_large_image\" \/>\n<meta name=\"twitter:creator\" content=\"@nauticarcmm\" \/>\n<meta name=\"twitter:site\" content=\"@nauticarcmm\" \/>\n<meta name=\"twitter:label1\" content=\"Escrito por\" \/>\n\t<meta name=\"twitter:data1\" content=\"RCMMelilla\" \/>\n\t<meta name=\"twitter:label2\" content=\"Tiempo de lectura\" \/>\n\t<meta name=\"twitter:data2\" content=\"2 minutos\" \/>\n<script type=\"application\/ld+json\" class=\"yoast-schema-graph\">{\"@context\":\"https:\\\/\\\/schema.org\",\"@graph\":[{\"@type\":\"Article\",\"@id\":\"https:\\\/\\\/www.realclubmaritimomelilla.es\\\/clmar\\\/azul-sanchez-sexta-en-el-mundial-techno-293\\\/#article\",\"isPartOf\":{\"@id\":\"https:\\\/\\\/www.realclubmaritimomelilla.es\\\/clmar\\\/azul-sanchez-sexta-en-el-mundial-techno-293\\\/\"},\"author\":{\"name\":\"RCMMelilla\",\"@id\":\"https:\\\/\\\/www.realclubmaritimomelilla.es\\\/clmar\\\/#\\\/schema\\\/person\\\/ebaa3713496dc6d48c872452e73a8e79\"},\"headline\":\"AZUL S\u00c1NCHEZ, SEXTA EN EL MUNDIAL TECHNO 293\",\"datePublished\":\"2019-11-02T20:16:47+00:00\",\"dateModified\":\"2021-07-20T09:38:53+00:00\",\"mainEntityOfPage\":{\"@id\":\"https:\\\/\\\/www.realclubmaritimomelilla.es\\\/clmar\\\/azul-sanchez-sexta-en-el-mundial-techno-293\\\/\"},\"wordCount\":450,\"commentCount\":0,\"publisher\":{\"@id\":\"https:\\\/\\\/www.realclubmaritimomelilla.es\\\/clmar\\\/#organization\"},\"image\":{\"@id\":\"https:\\\/\\\/www.realclubmaritimomelilla.es\\\/clmar\\\/azul-sanchez-sexta-en-el-mundial-techno-293\\\/#primaryimage\"},\"thumbnailUrl\":\"https:\\\/\\\/www.realclubmaritimomelilla.es\\\/clmar\\\/wp-content\\\/uploads\\\/2019\\\/11\\\/Azul-S\u00e1nchez-recibe-diploma-2.jpeg\",\"articleSection\":[\"N\u00e1utica\"],\"inLanguage\":\"es\",\"potentialAction\":[{\"@type\":\"CommentAction\",\"name\":\"Comment\",\"target\":[\"https:\\\/\\\/www.realclubmaritimomelilla.es\\\/clmar\\\/azul-sanchez-sexta-en-el-mundial-techno-293\\\/#respond\"]}]},{\"@type\":\"WebPage\",\"@id\":\"https:\\\/\\\/www.realclubmaritimomelilla.es\\\/clmar\\\/azul-sanchez-sexta-en-el-mundial-techno-293\\\/\",\"url\":\"https:\\\/\\\/www.realclubmaritimomelilla.es\\\/clmar\\\/azul-sanchez-sexta-en-el-mundial-techno-293\\\/\",\"name\":\"AZUL S\u00c1NCHEZ, SEXTA EN EL MUNDIAL TECHNO 293 - Real Club Mar\u00edtimo de Melilla\",\"isPartOf\":{\"@id\":\"https:\\\/\\\/www.realclubmaritimomelilla.es\\\/clmar\\\/#website\"},\"primaryImageOfPage\":{\"@id\":\"https:\\\/\\\/www.realclubmaritimomelilla.es\\\/clmar\\\/azul-sanchez-sexta-en-el-mundial-techno-293\\\/#primaryimage\"},\"image\":{\"@id\":\"https:\\\/\\\/www.realclubmaritimomelilla.es\\\/clmar\\\/azul-sanchez-sexta-en-el-mundial-techno-293\\\/#primaryimage\"},\"thumbnailUrl\":\"https:\\\/\\\/www.realclubmaritimomelilla.es\\\/clmar\\\/wp-content\\\/uploads\\\/2019\\\/11\\\/Azul-S\u00e1nchez-recibe-diploma-2.jpeg\",\"datePublished\":\"2019-11-02T20:16:47+00:00\",\"dateModified\":\"2021-07-20T09:38:53+00:00\",\"description\":\"AZUL S\u00c1NCHEZ, SEXTA EN EL MUNDIAL TECHNO 293 -\",\"breadcrumb\":{\"@id\":\"https:\\\/\\\/www.realclubmaritimomelilla.es\\\/clmar\\\/azul-sanchez-sexta-en-el-mundial-techno-293\\\/#breadcrumb\"},\"inLanguage\":\"es\",\"potentialAction\":[{\"@type\":\"ReadAction\",\"target\":[\"https:\\\/\\\/www.realclubmaritimomelilla.es\\\/clmar\\\/azul-sanchez-sexta-en-el-mundial-techno-293\\\/\"]}]},{\"@type\":\"ImageObject\",\"inLanguage\":\"es\",\"@id\":\"https:\\\/\\\/www.realclubmaritimomelilla.es\\\/clmar\\\/azul-sanchez-sexta-en-el-mundial-techno-293\\\/#primaryimage\",\"url\":\"https:\\\/\\\/www.realclubmaritimomelilla.es\\\/clmar\\\/wp-content\\\/uploads\\\/2019\\\/11\\\/Azul-S\u00e1nchez-recibe-diploma-2.jpeg\",\"contentUrl\":\"https:\\\/\\\/www.realclubmaritimomelilla.es\\\/clmar\\\/wp-content\\\/uploads\\\/2019\\\/11\\\/Azul-S\u00e1nchez-recibe-diploma-2.jpeg\",\"width\":2016,\"height\":1512},{\"@type\":\"BreadcrumbList\",\"@id\":\"https:\\\/\\\/www.realclubmaritimomelilla.es\\\/clmar\\\/azul-sanchez-sexta-en-el-mundial-techno-293\\\/#breadcrumb\",\"itemListElement\":[{\"@type\":\"ListItem\",\"position\":1,\"name\":\"Portada\",\"item\":\"https:\\\/\\\/www.realclubmaritimomelilla.es\\\/clmar\\\/\"},{\"@type\":\"ListItem\",\"position\":2,\"name\":\"AZUL S\u00c1NCHEZ, SEXTA EN EL MUNDIAL TECHNO 293\"}]},{\"@type\":\"WebSite\",\"@id\":\"https:\\\/\\\/www.realclubmaritimomelilla.es\\\/clmar\\\/#website\",\"url\":\"https:\\\/\\\/www.realclubmaritimomelilla.es\\\/clmar\\\/\",\"name\":\"Real Club Mar\u00edtimo de Melilla\",\"description\":\"RCMM\",\"publisher\":{\"@id\":\"https:\\\/\\\/www.realclubmaritimomelilla.es\\\/clmar\\\/#organization\"},\"alternateName\":\"RCMM\",\"potentialAction\":[{\"@type\":\"SearchAction\",\"target\":{\"@type\":\"EntryPoint\",\"urlTemplate\":\"https:\\\/\\\/www.realclubmaritimomelilla.es\\\/clmar\\\/?s={search_term_string}\"},\"query-input\":{\"@type\":\"PropertyValueSpecification\",\"valueRequired\":true,\"valueName\":\"search_term_string\"}}],\"inLanguage\":\"es\"},{\"@type\":\"Organization\",\"@id\":\"https:\\\/\\\/www.realclubmaritimomelilla.es\\\/clmar\\\/#organization\",\"name\":\"Real Club Mar\u00edtimo de Melilla\",\"alternateName\":\"RCMM\",\"url\":\"https:\\\/\\\/www.realclubmaritimomelilla.es\\\/clmar\\\/\",\"logo\":{\"@type\":\"ImageObject\",\"inLanguage\":\"es\",\"@id\":\"https:\\\/\\\/www.realclubmaritimomelilla.es\\\/clmar\\\/#\\\/schema\\\/logo\\\/image\\\/\",\"url\":\"https:\\\/\\\/www.realclubmaritimomelilla.es\\\/clmar\\\/wp-content\\\/uploads\\\/logo-club-original-copia.jpg\",\"contentUrl\":\"https:\\\/\\\/www.realclubmaritimomelilla.es\\\/clmar\\\/wp-content\\\/uploads\\\/logo-club-original-copia.jpg\",\"width\":128,\"height\":89,\"caption\":\"Real Club Mar\u00edtimo de Melilla\"},\"image\":{\"@id\":\"https:\\\/\\\/www.realclubmaritimomelilla.es\\\/clmar\\\/#\\\/schema\\\/logo\\\/image\\\/\"},\"sameAs\":[\"https:\\\/\\\/www.facebook.com\\\/Real-Club-Mar\u00edtimo-de-Melilla-588495841234214\\\/\",\"https:\\\/\\\/x.com\\\/nauticarcmm\",\"https:\\\/\\\/www.instagram.com\\\/club_maritimo_melilla\\\/\",\"https:\\\/\\\/www.youtube.com\\\/@realclubmaritimodemelilla4703\",\"https:\\\/\\\/es.wikipedia.org\\\/wiki\\\/Real_Club_Mar\u00edtimo_de_Melilla\"]},{\"@type\":\"Person\",\"@id\":\"https:\\\/\\\/www.realclubmaritimomelilla.es\\\/clmar\\\/#\\\/schema\\\/person\\\/ebaa3713496dc6d48c872452e73a8e79\",\"name\":\"RCMMelilla\",\"image\":{\"@type\":\"ImageObject\",\"inLanguage\":\"es\",\"@id\":\"https:\\\/\\\/secure.gravatar.com\\\/avatar\\\/df1c24789360fb9308735c4ee556fc2bc5bf924bf01e53043b8b97ba272da33c?s=96&d=mm&r=g\",\"url\":\"https:\\\/\\\/secure.gravatar.com\\\/avatar\\\/df1c24789360fb9308735c4ee556fc2bc5bf924bf01e53043b8b97ba272da33c?s=96&d=mm&r=g\",\"contentUrl\":\"https:\\\/\\\/secure.gravatar.com\\\/avatar\\\/df1c24789360fb9308735c4ee556fc2bc5bf924bf01e53043b8b97ba272da33c?s=96&d=mm&r=g\",\"caption\":\"RCMMelilla\"}}]}<\/script>\n<!-- \/ Yoast SEO plugin. -->","yoast_head_json":{"title":"AZUL S\u00c1NCHEZ, SEXTA EN EL MUNDIAL TECHNO 293 - Real Club Mar\u00edtimo de Melilla","description":"AZUL S\u00c1NCHEZ, SEXTA EN EL MUNDIAL TECHNO 293 -","robots":{"index":"index","follow":"follow","max-snippet":"max-snippet:-1","max-image-preview":"max-image-preview:large","max-video-preview":"max-video-preview:-1"},"canonical":"https:\/\/www.realclubmaritimomelilla.es\/clmar\/azul-sanchez-sexta-en-el-mundial-techno-293\/","og_locale":"es_ES","og_type":"article","og_title":"AZUL S\u00c1NCHEZ, SEXTA EN EL MUNDIAL TECHNO 293 - Real Club Mar\u00edtimo de Melilla","og_description":"AZUL S\u00c1NCHEZ, SEXTA EN EL MUNDIAL TECHNO 293 -","og_url":"https:\/\/www.realclubmaritimomelilla.es\/clmar\/azul-sanchez-sexta-en-el-mundial-techno-293\/","og_site_name":"Real Club Mar\u00edtimo de Melilla","article_publisher":"https:\/\/www.facebook.com\/Real-Club-Mar%c3%adtimo-de-Melilla-588495841234214\/","article_published_time":"2019-11-02T20:16:47+00:00","article_modified_time":"2021-07-20T09:38:53+00:00","og_image":[{"width":2016,"height":1512,"url":"https:\/\/www.realclubmaritimomelilla.es\/clmar\/wp-content\/uploads\/2019\/11\/Azul-S\u00e1nchez-recibe-diploma-2.jpeg","type":"image\/jpeg"}],"author":"RCMMelilla","twitter_card":"summary_large_image","twitter_creator":"@nauticarcmm","twitter_site":"@nauticarcmm","twitter_misc":{"Escrito por":"RCMMelilla","Tiempo de lectura":"2 minutos"},"schema":{"@context":"https:\/\/schema.org","@graph":[{"@type":"Article","@id":"https:\/\/www.realclubmaritimomelilla.es\/clmar\/azul-sanchez-sexta-en-el-mundial-techno-293\/#article","isPartOf":{"@id":"https:\/\/www.realclubmaritimomelilla.es\/clmar\/azul-sanchez-sexta-en-el-mundial-techno-293\/"},"author":{"name":"RCMMelilla","@id":"https:\/\/www.realclubmaritimomelilla.es\/clmar\/#\/schema\/person\/ebaa3713496dc6d48c872452e73a8e79"},"headline":"AZUL S\u00c1NCHEZ, SEXTA EN EL MUNDIAL TECHNO 293","datePublished":"2019-11-02T20:16:47+00:00","dateModified":"2021-07-20T09:38:53+00:00","mainEntityOfPage":{"@id":"https:\/\/www.realclubmaritimomelilla.es\/clmar\/azul-sanchez-sexta-en-el-mundial-techno-293\/"},"wordCount":450,"commentCount":0,"publisher":{"@id":"https:\/\/www.realclubmaritimomelilla.es\/clmar\/#organization"},"image":{"@id":"https:\/\/www.realclubmaritimomelilla.es\/clmar\/azul-sanchez-sexta-en-el-mundial-techno-293\/#primaryimage"},"thumbnailUrl":"https:\/\/www.realclubmaritimomelilla.es\/clmar\/wp-content\/uploads\/2019\/11\/Azul-S\u00e1nchez-recibe-diploma-2.jpeg","articleSection":["N\u00e1utica"],"inLanguage":"es","potentialAction":[{"@type":"CommentAction","name":"Comment","target":["https:\/\/www.realclubmaritimomelilla.es\/clmar\/azul-sanchez-sexta-en-el-mundial-techno-293\/#respond"]}]},{"@type":"WebPage","@id":"https:\/\/www.realclubmaritimomelilla.es\/clmar\/azul-sanchez-sexta-en-el-mundial-techno-293\/","url":"https:\/\/www.realclubmaritimomelilla.es\/clmar\/azul-sanchez-sexta-en-el-mundial-techno-293\/","name":"AZUL S\u00c1NCHEZ, SEXTA EN EL MUNDIAL TECHNO 293 - Real Club Mar\u00edtimo de Melilla","isPartOf":{"@id":"https:\/\/www.realclubmaritimomelilla.es\/clmar\/#website"},"primaryImageOfPage":{"@id":"https:\/\/www.realclubmaritimomelilla.es\/clmar\/azul-sanchez-sexta-en-el-mundial-techno-293\/#primaryimage"},"image":{"@id":"https:\/\/www.realclubmaritimomelilla.es\/clmar\/azul-sanchez-sexta-en-el-mundial-techno-293\/#primaryimage"},"thumbnailUrl":"https:\/\/www.realclubmaritimomelilla.es\/clmar\/wp-content\/uploads\/2019\/11\/Azul-S\u00e1nchez-recibe-diploma-2.jpeg","datePublished":"2019-11-02T20:16:47+00:00","dateModified":"2021-07-20T09:38:53+00:00","description":"AZUL S\u00c1NCHEZ, SEXTA EN EL MUNDIAL TECHNO 293 -","breadcrumb":{"@id":"https:\/\/www.realclubmaritimomelilla.es\/clmar\/azul-sanchez-sexta-en-el-mundial-techno-293\/#breadcrumb"},"inLanguage":"es","potentialAction":[{"@type":"ReadAction","target":["https:\/\/www.realclubmaritimomelilla.es\/clmar\/azul-sanchez-sexta-en-el-mundial-techno-293\/"]}]},{"@type":"ImageObject","inLanguage":"es","@id":"https:\/\/www.realclubmaritimomelilla.es\/clmar\/azul-sanchez-sexta-en-el-mundial-techno-293\/#primaryimage","url":"https:\/\/www.realclubmaritimomelilla.es\/clmar\/wp-content\/uploads\/2019\/11\/Azul-S\u00e1nchez-recibe-diploma-2.jpeg","contentUrl":"https:\/\/www.realclubmaritimomelilla.es\/clmar\/wp-content\/uploads\/2019\/11\/Azul-S\u00e1nchez-recibe-diploma-2.jpeg","width":2016,"height":1512},{"@type":"BreadcrumbList","@id":"https:\/\/www.realclubmaritimomelilla.es\/clmar\/azul-sanchez-sexta-en-el-mundial-techno-293\/#breadcrumb","itemListElement":[{"@type":"ListItem","position":1,"name":"Portada","item":"https:\/\/www.realclubmaritimomelilla.es\/clmar\/"},{"@type":"ListItem","position":2,"name":"AZUL S\u00c1NCHEZ, SEXTA EN EL MUNDIAL TECHNO 293"}]},{"@type":"WebSite","@id":"https:\/\/www.realclubmaritimomelilla.es\/clmar\/#website","url":"https:\/\/www.realclubmaritimomelilla.es\/clmar\/","name":"Real Club Mar\u00edtimo de Melilla","description":"RCMM","publisher":{"@id":"https:\/\/www.realclubmaritimomelilla.es\/clmar\/#organization"},"alternateName":"RCMM","potentialAction":[{"@type":"SearchAction","target":{"@type":"EntryPoint","urlTemplate":"https:\/\/www.realclubmaritimomelilla.es\/clmar\/?s={search_term_string}"},"query-input":{"@type":"PropertyValueSpecification","valueRequired":true,"valueName":"search_term_string"}}],"inLanguage":"es"},{"@type":"Organization","@id":"https:\/\/www.realclubmaritimomelilla.es\/clmar\/#organization","name":"Real Club Mar\u00edtimo de Melilla","alternateName":"RCMM","url":"https:\/\/www.realclubmaritimomelilla.es\/clmar\/","logo":{"@type":"ImageObject","inLanguage":"es","@id":"https:\/\/www.realclubmaritimomelilla.es\/clmar\/#\/schema\/logo\/image\/","url":"https:\/\/www.realclubmaritimomelilla.es\/clmar\/wp-content\/uploads\/logo-club-original-copia.jpg","contentUrl":"https:\/\/www.realclubmaritimomelilla.es\/clmar\/wp-content\/uploads\/logo-club-original-copia.jpg","width":128,"height":89,"caption":"Real Club Mar\u00edtimo de Melilla"},"image":{"@id":"https:\/\/www.realclubmaritimomelilla.es\/clmar\/#\/schema\/logo\/image\/"},"sameAs":["https:\/\/www.facebook.com\/Real-Club-Mar\u00edtimo-de-Melilla-588495841234214\/","https:\/\/x.com\/nauticarcmm","https:\/\/www.instagram.com\/club_maritimo_melilla\/","https:\/\/www.youtube.com\/@realclubmaritimodemelilla4703","https:\/\/es.wikipedia.org\/wiki\/Real_Club_Mar\u00edtimo_de_Melilla"]},{"@type":"Person","@id":"https:\/\/www.realclubmaritimomelilla.es\/clmar\/#\/schema\/person\/ebaa3713496dc6d48c872452e73a8e79","name":"RCMMelilla","image":{"@type":"ImageObject","inLanguage":"es","@id":"https:\/\/secure.gravatar.com\/avatar\/df1c24789360fb9308735c4ee556fc2bc5bf924bf01e53043b8b97ba272da33c?s=96&d=mm&r=g","url":"https:\/\/secure.gravatar.com\/avatar\/df1c24789360fb9308735c4ee556fc2bc5bf924bf01e53043b8b97ba272da33c?s=96&d=mm&r=g","contentUrl":"https:\/\/secure.gravatar.com\/avatar\/df1c24789360fb9308735c4ee556fc2bc5bf924bf01e53043b8b97ba272da33c?s=96&d=mm&r=g","caption":"RCMMelilla"}}]}},"_links":{"self":[{"href":"https:\/\/www.realclubmaritimomelilla.es\/clmar\/wp-json\/wp\/v2\/posts\/14878","targetHints":{"allow":["GET"]}}],"collection":[{"href":"https:\/\/www.realclubmaritimomelilla.es\/clmar\/wp-json\/wp\/v2\/posts"}],"about":[{"href":"https:\/\/www.realclubmaritimomelilla.es\/clmar\/wp-json\/wp\/v2\/types\/post"}],"author":[{"embeddable":true,"href":"https:\/\/www.realclubmaritimomelilla.es\/clmar\/wp-json\/wp\/v2\/users\/1"}],"replies":[{"embeddable":true,"href":"https:\/\/www.realclubmaritimomelilla.es\/clmar\/wp-json\/wp\/v2\/comments?post=14878"}],"version-history":[{"count":1,"href":"https:\/\/www.realclubmaritimomelilla.es\/clmar\/wp-json\/wp\/v2\/posts\/14878\/revisions"}],"predecessor-version":[{"id":14881,"href":"https:\/\/www.realclubmaritimomelilla.es\/clmar\/wp-json\/wp\/v2\/posts\/14878\/revisions\/14881"}],"wp:featuredmedia":[{"embeddable":true,"href":"https:\/\/www.realclubmaritimomelilla.es\/clmar\/wp-json\/wp\/v2\/media\/14880"}],"wp:attachment":[{"href":"https:\/\/www.realclubmaritimomelilla.es\/clmar\/wp-json\/wp\/v2\/media?parent=14878"}],"wp:term":[{"taxonomy":"category","embeddable":true,"href":"https:\/\/www.realclubmaritimomelilla.es\/clmar\/wp-json\/wp\/v2\/categories?post=14878"},{"taxonomy":"post_tag","embeddable":true,"href":"https:\/\/www.realclubmaritimomelilla.es\/clmar\/wp-json\/wp\/v2\/tags?post=14878"}],"curies":[{"name":"wp","href":"https:\/\/api.w.org\/{rel}","templated":true}]}}