{"id":14826,"date":"2019-09-08T13:57:27","date_gmt":"2019-09-08T11:57:27","guid":{"rendered":"http:\/\/www.clubmaritimomelilla.es\/clmar\/?p=14826"},"modified":"2021-07-20T11:38:54","modified_gmt":"2021-07-20T09:38:54","slug":"14826-2","status":"publish","type":"post","link":"https:\/\/www.realclubmaritimomelilla.es\/clmar\/14826-2\/","title":{"rendered":"EL CLUB MAR\u00cdTIMO CLAUSURA SUS COMPETICIONES DE FERIA"},"content":{"rendered":"<p>El Real Club Mar\u00edtimo ha entregado los galardones a los mejores clasificados en las distintas competiciones que ha organizado durante estas fiestas patronales. Unas actividades, en las que han destacado las Regatas de Feria, que todav\u00eda tienen pendiente de disputar la competici\u00f3n de cruceros.<\/p>\n<p>El presidente del Club Mar\u00edtimo, Jos\u00e9 Manuel Calzado, acompa\u00f1ado por los vicepresidentes Rafael Imbroda y Jer\u00f3nimo P\u00e9rez, y el capit\u00e1n de flota Vicente de Juan, fueron los encargados de entregar los galardones y regalos que recibieron los participantes este a\u00f1o en las actividades deportivas y sociales de feria.<\/p>\n<p>La p\u00e9rgola de la entidad fue el escenario para entregar estos premios los participantes en los campeonatos de pesca, juegos de mesa y en las distintas modalidades n\u00e1uticas de vela ligera<\/p>\n<p>CAMPEONES CAMPEONATOS FERIA 2019<\/p>\n<p>DOMINO:<\/p>\n<p>\u2014 3\u00ba Clasificado: Gerardo Parra y Jos\u00e9 Manuel Arias<\/p>\n<p>\u2014 Subcampeones: Antonio Escobar y Antonio Fern\u00e1ndez<\/p>\n<p>\u2014 Campeones: Ernesto Rodr\u00edguez y Karim Burrahay<\/p>\n<p>CANASTA:<\/p>\n<p>\u2014 Campeonas: Lourdes Mart\u00ednez y Mar\u00eda Teresa Florido<\/p>\n<p>CONTINENTAL:<\/p>\n<p>\u2014 Campeonas: Josefina Molina y Mar\u00eda Teresa Florido<\/p>\n<p>PARCH\u00cdS:<\/p>\n<p>\u2014 Campeonas: Mar\u00eda Teresa Florido y Elvira Hern\u00e1ndez<\/p>\n<p>PESCA INFANTIL EN CANTIL:<\/p>\n<p>\u2014 Mayor n\u00ba piezas: Daira C\u00e1tedra<\/p>\n<p>\u2014 Mayor n\u00ba kilos: Sergio G\u00f3mez<\/p>\n<p>\u2014 Pieza mayor: Valeria C\u00e1tedra<\/p>\n<p>PESCA ADULTO EN CANTI INDIVIDUAL:<\/p>\n<p>\u2014 Mayor n\u00ba piezas: Jos\u00e9 Mar\u00eda Esteller<\/p>\n<p>\u2014 Mayor n\u00ba kilos: Fernando Bravo<\/p>\n<p>\u2014 Pieza mayor: Manuel Aguado<\/p>\n<p>PESCA ADULTO EN CANTI POR EQUIPOS:<\/p>\n<p>\u2014 Mayor n\u00ba kilos: Carlos Dom\u00ednguez Garc\u00eda y Carlos Dom\u00ednguez C\u00e9spedes<\/p>\n<p>PESCA EMBARCACI\u00d3N FONDEADA:<\/p>\n<p>\u2014 2\u00ba Mayor n\u00ba kilos: Mohamed Musa<\/p>\n<p>\u2014 1\u00ba Mayor n\u00ba kilos: Ernesto Rodr\u00edguez Gimeno y Ernesto Rodr\u00edguez Mu\u00f1oz<\/p>\n<p>\u2014 Pieza mayor: Antonio P\u00e9rez y Luis J. Cruz<\/p>\n<p>VELA: CLASE OPTIMIST GENERAL:<\/p>\n<p>\u20143\u00ba Jaime Cabrero<\/p>\n<p>\u2014 2\u00ba Carlos Cervilla<\/p>\n<p>\u2014 1\u00aa Carla Mart\u00ednez<\/p>\n<p>VELA: CLASE L\u00c1SER 4.7:<\/p>\n<p>\u2014 3\u00ba Andr\u00e9s Sarri\u00e1<\/p>\n<p>\u2014 2\u00ba Pablo Cervilla<\/p>\n<p>\u20141\u00ba Miguel Due\u00f1as<\/p>\n<p>VELA: CLASE TECHNO INICIACI\u00d3N SUB13:<\/p>\n<p>\u2014 3\u00ba Fabio D\u00edaz<\/p>\n<p>\u2014 2\u00ba Sa\u00fal Mayor<\/p>\n<p>\u2014 1\u00ba Francisco Soler<\/p>\n<p>VELA: CLASE TECHNO SUB15:<\/p>\n<p>\u2014 3\u00aa Emma Mart\u00ednez<\/p>\n<p>\u2014 2\u00aa Aitana Duarte<\/p>\n<p>\u2014 1\u00aa Azul S\u00e1nchez<\/p>\n<p>VELA: CLASE TECHNO SUB17:<\/p>\n<p>\u2014 3\u00aa Emira Rodr\u00edguez<\/p>\n<p>\u2014 2\u00aa Elena Pay\u00e1<\/p>\n<p>\u2014 1\u00aa Cristina Padilla<\/p>\n<div class=\"fusion-fullwidth fullwidth-box fusion-builder-row-1 hundred-percent-fullwidth non-hundred-percent-height-scrolling\" style=\"background-color: #ffffff;background-position: center center;background-repeat: no-repeat;padding-top:0px;padding-right:0px;padding-bottom:0px;padding-left:0px;margin-bottom: 0px;margin-top: 0px;border-width: 0px 0px 0px 0px;border-color:#eae9e9;border-style:solid;\" ><div class=\"fusion-builder-row fusion-row\"><div class=\"fusion-layout-column fusion_builder_column fusion-builder-column-0 fusion_builder_column_1_1 1_1 fusion-one-full fusion-column-first fusion-column-last fusion-column-no-min-height\" style=\"margin-top:0px;margin-bottom:0px;\"><div class=\"fusion-column-wrapper fusion-flex-column-wrapper-legacy\" style=\"background-position:left top;background-repeat:no-repeat;-webkit-background-size:cover;-moz-background-size:cover;-o-background-size:cover;background-size:cover;padding: 0px 0px 0px 0px;\">\n\t\t<style type=\"text\/css\">\n\t\t\t#gallery-1 {\n\t\t\t\tmargin: auto;\n\t\t\t}\n\t\t\t#gallery-1 .gallery-item {\n\t\t\t\tfloat: left;\n\t\t\t\tmargin-top: 10px;\n\t\t\t\ttext-align: center;\n\t\t\t\twidth: 33%;\n\t\t\t}\n\t\t\t#gallery-1 img {\n\t\t\t\tborder: 2px solid #cfcfcf;\n\t\t\t}\n\t\t\t#gallery-1 .gallery-caption {\n\t\t\t\tmargin-left: 0;\n\t\t\t}\n\t\t\t\/* see gallery_shortcode() in wp-includes\/media.php *\/\n\t\t<\/style>\n\t\t<div id='gallery-1' class='gallery galleryid-14826 gallery-columns-3 gallery-size-full'><dl class='gallery-item'>\n\t\t\t<dt class='gallery-icon landscape'>\n\t\t\t\t<a data-rel=\"iLightbox[postimages]\" data-title=\"VELA techno sub17\" data-caption=\"\" href='https:\/\/www.realclubmaritimomelilla.es\/clmar\/14826-2\/vela-techno-sub17\/'><img decoding=\"async\" width=\"640\" height=\"480\" src=\"https:\/\/www.realclubmaritimomelilla.es\/clmar\/wp-content\/uploads\/2019\/09\/VELA-techno-sub17.jpg\" class=\"attachment-full size-full\" alt=\"\" srcset=\"https:\/\/www.realclubmaritimomelilla.es\/clmar\/wp-content\/uploads\/2019\/09\/VELA-techno-sub17-300x225.jpg 300w, https:\/\/www.realclubmaritimomelilla.es\/clmar\/wp-content\/uploads\/2019\/09\/VELA-techno-sub17-600x450.jpg 600w, https:\/\/www.realclubmaritimomelilla.es\/clmar\/wp-content\/uploads\/2019\/09\/VELA-techno-sub17.jpg 640w\" sizes=\"(max-width: 640px) 100vw, 640px\" \/><\/a>\n\t\t\t<\/dt><\/dl><dl class='gallery-item'>\n\t\t\t<dt class='gallery-icon landscape'>\n\t\t\t\t<a data-rel=\"iLightbox[postimages]\" data-title=\"VELA techno sub15\" data-caption=\"\" href='https:\/\/www.realclubmaritimomelilla.es\/clmar\/14826-2\/vela-techno-sub15\/'><img decoding=\"async\" width=\"640\" height=\"480\" src=\"https:\/\/www.realclubmaritimomelilla.es\/clmar\/wp-content\/uploads\/2019\/09\/VELA-techno-sub15.jpg\" class=\"attachment-full size-full\" alt=\"\" srcset=\"https:\/\/www.realclubmaritimomelilla.es\/clmar\/wp-content\/uploads\/2019\/09\/VELA-techno-sub15-300x225.jpg 300w, https:\/\/www.realclubmaritimomelilla.es\/clmar\/wp-content\/uploads\/2019\/09\/VELA-techno-sub15-600x450.jpg 600w, https:\/\/www.realclubmaritimomelilla.es\/clmar\/wp-content\/uploads\/2019\/09\/VELA-techno-sub15.jpg 640w\" sizes=\"(max-width: 640px) 100vw, 640px\" \/><\/a>\n\t\t\t<\/dt><\/dl><dl class='gallery-item'>\n\t\t\t<dt class='gallery-icon landscape'>\n\t\t\t\t<a data-rel=\"iLightbox[postimages]\" data-title=\"VELA techno sub13\" data-caption=\"\" href='https:\/\/www.realclubmaritimomelilla.es\/clmar\/14826-2\/vela-techno-sub13\/'><img decoding=\"async\" width=\"640\" height=\"480\" src=\"https:\/\/www.realclubmaritimomelilla.es\/clmar\/wp-content\/uploads\/2019\/09\/VELA-techno-sub13.jpg\" class=\"attachment-full size-full\" alt=\"\" srcset=\"https:\/\/www.realclubmaritimomelilla.es\/clmar\/wp-content\/uploads\/2019\/09\/VELA-techno-sub13-300x225.jpg 300w, https:\/\/www.realclubmaritimomelilla.es\/clmar\/wp-content\/uploads\/2019\/09\/VELA-techno-sub13-600x450.jpg 600w, https:\/\/www.realclubmaritimomelilla.es\/clmar\/wp-content\/uploads\/2019\/09\/VELA-techno-sub13.jpg 640w\" sizes=\"(max-width: 640px) 100vw, 640px\" \/><\/a>\n\t\t\t<\/dt><\/dl><br style=\"clear: both\" \/><dl class='gallery-item'>\n\t\t\t<dt class='gallery-icon landscape'>\n\t\t\t\t<a data-rel=\"iLightbox[postimages]\" data-title=\"VELA laser 4.7\" data-caption=\"\" href='https:\/\/www.realclubmaritimomelilla.es\/clmar\/14826-2\/vela-laser-4-7\/'><img decoding=\"async\" width=\"640\" height=\"480\" src=\"https:\/\/www.realclubmaritimomelilla.es\/clmar\/wp-content\/uploads\/2019\/09\/VELA-laser-4.7.jpg\" class=\"attachment-full size-full\" alt=\"\" srcset=\"https:\/\/www.realclubmaritimomelilla.es\/clmar\/wp-content\/uploads\/2019\/09\/VELA-laser-4.7-300x225.jpg 300w, https:\/\/www.realclubmaritimomelilla.es\/clmar\/wp-content\/uploads\/2019\/09\/VELA-laser-4.7-600x450.jpg 600w, https:\/\/www.realclubmaritimomelilla.es\/clmar\/wp-content\/uploads\/2019\/09\/VELA-laser-4.7.jpg 640w\" sizes=\"(max-width: 640px) 100vw, 640px\" \/><\/a>\n\t\t\t<\/dt><\/dl><dl class='gallery-item'>\n\t\t\t<dt class='gallery-icon landscape'>\n\t\t\t\t<a data-rel=\"iLightbox[postimages]\" data-title=\"VELA optimist\" data-caption=\"\" href='https:\/\/www.realclubmaritimomelilla.es\/clmar\/14826-2\/vela-optimist\/'><img decoding=\"async\" width=\"640\" height=\"480\" src=\"https:\/\/www.realclubmaritimomelilla.es\/clmar\/wp-content\/uploads\/2019\/09\/VELA-optimist.jpg\" class=\"attachment-full size-full\" alt=\"\" srcset=\"https:\/\/www.realclubmaritimomelilla.es\/clmar\/wp-content\/uploads\/2019\/09\/VELA-optimist-300x225.jpg 300w, https:\/\/www.realclubmaritimomelilla.es\/clmar\/wp-content\/uploads\/2019\/09\/VELA-optimist-600x450.jpg 600w, https:\/\/www.realclubmaritimomelilla.es\/clmar\/wp-content\/uploads\/2019\/09\/VELA-optimist.jpg 640w\" sizes=\"(max-width: 640px) 100vw, 640px\" \/><\/a>\n\t\t\t<\/dt><\/dl><dl class='gallery-item'>\n\t\t\t<dt class='gallery-icon landscape'>\n\t\t\t\t<a data-rel=\"iLightbox[postimages]\" data-title=\"PESCA EMBARCACI\u00d3N FONDEADA 1\u00ba mayor n\u00ba piezas\" data-caption=\"\" href='https:\/\/www.realclubmaritimomelilla.es\/clmar\/14826-2\/pesca-embarcacion-fondeada-1o-mayor-no-piezas\/'><img decoding=\"async\" width=\"640\" height=\"480\" src=\"https:\/\/www.realclubmaritimomelilla.es\/clmar\/wp-content\/uploads\/2019\/09\/PESCA-EMBARCACI\u00d3N-FONDEADA-1\u00ba-mayor-n\u00ba-piezas.jpg\" class=\"attachment-full size-full\" alt=\"\" srcset=\"https:\/\/www.realclubmaritimomelilla.es\/clmar\/wp-content\/uploads\/2019\/09\/PESCA-EMBARCACI\u00d3N-FONDEADA-1\u00ba-mayor-n\u00ba-piezas-300x225.jpg 300w, https:\/\/www.realclubmaritimomelilla.es\/clmar\/wp-content\/uploads\/2019\/09\/PESCA-EMBARCACI\u00d3N-FONDEADA-1\u00ba-mayor-n\u00ba-piezas-600x450.jpg 600w, https:\/\/www.realclubmaritimomelilla.es\/clmar\/wp-content\/uploads\/2019\/09\/PESCA-EMBARCACI\u00d3N-FONDEADA-1\u00ba-mayor-n\u00ba-piezas.jpg 640w\" sizes=\"(max-width: 640px) 100vw, 640px\" \/><\/a>\n\t\t\t<\/dt><\/dl><br style=\"clear: both\" \/><dl class='gallery-item'>\n\t\t\t<dt class='gallery-icon landscape'>\n\t\t\t\t<a data-rel=\"iLightbox[postimages]\" data-title=\"PESCA EMBARCACI\u00d3N FONDEADA pieza mayor\" data-caption=\"\" href='https:\/\/www.realclubmaritimomelilla.es\/clmar\/14826-2\/pesca-embarcacion-fondeada-pieza-mayor-2\/'><img decoding=\"async\" width=\"640\" height=\"480\" src=\"https:\/\/www.realclubmaritimomelilla.es\/clmar\/wp-content\/uploads\/2019\/09\/PESCA-EMBARCACI\u00d3N-FONDEADA-pieza-mayor.jpg\" class=\"attachment-full size-full\" alt=\"\" srcset=\"https:\/\/www.realclubmaritimomelilla.es\/clmar\/wp-content\/uploads\/2019\/09\/PESCA-EMBARCACI\u00d3N-FONDEADA-pieza-mayor-300x225.jpg 300w, https:\/\/www.realclubmaritimomelilla.es\/clmar\/wp-content\/uploads\/2019\/09\/PESCA-EMBARCACI\u00d3N-FONDEADA-pieza-mayor-600x450.jpg 600w, https:\/\/www.realclubmaritimomelilla.es\/clmar\/wp-content\/uploads\/2019\/09\/PESCA-EMBARCACI\u00d3N-FONDEADA-pieza-mayor.jpg 640w\" sizes=\"(max-width: 640px) 100vw, 640px\" \/><\/a>\n\t\t\t<\/dt><\/dl><dl class='gallery-item'>\n\t\t\t<dt class='gallery-icon landscape'>\n\t\t\t\t<a data-rel=\"iLightbox[postimages]\" data-title=\"PESCA ADULTOS Mayor n\u00ba piezaS\" data-caption=\"\" href='https:\/\/www.realclubmaritimomelilla.es\/clmar\/14826-2\/pesca-adultos-mayor-no-piezas\/'><img decoding=\"async\" width=\"640\" height=\"480\" src=\"https:\/\/www.realclubmaritimomelilla.es\/clmar\/wp-content\/uploads\/2019\/09\/PESCA-ADULTOS-Mayor-n\u00ba-piezaS.jpg\" class=\"attachment-full size-full\" alt=\"\" srcset=\"https:\/\/www.realclubmaritimomelilla.es\/clmar\/wp-content\/uploads\/2019\/09\/PESCA-ADULTOS-Mayor-n\u00ba-piezaS-300x225.jpg 300w, https:\/\/www.realclubmaritimomelilla.es\/clmar\/wp-content\/uploads\/2019\/09\/PESCA-ADULTOS-Mayor-n\u00ba-piezaS-600x450.jpg 600w, https:\/\/www.realclubmaritimomelilla.es\/clmar\/wp-content\/uploads\/2019\/09\/PESCA-ADULTOS-Mayor-n\u00ba-piezaS.jpg 640w\" sizes=\"(max-width: 640px) 100vw, 640px\" \/><\/a>\n\t\t\t<\/dt><\/dl><dl class='gallery-item'>\n\t\t\t<dt class='gallery-icon landscape'>\n\t\t\t\t<a data-rel=\"iLightbox[postimages]\" data-title=\"PESCA INFANTIL pieza mayor\" data-caption=\"\" href='https:\/\/www.realclubmaritimomelilla.es\/clmar\/14826-2\/pesca-infantil-pieza-mayor-5\/'><img decoding=\"async\" width=\"640\" height=\"480\" src=\"https:\/\/www.realclubmaritimomelilla.es\/clmar\/wp-content\/uploads\/2019\/09\/PESCA-INFANTIL-pieza-mayor.jpg\" class=\"attachment-full size-full\" alt=\"\" srcset=\"https:\/\/www.realclubmaritimomelilla.es\/clmar\/wp-content\/uploads\/2019\/09\/PESCA-INFANTIL-pieza-mayor-300x225.jpg 300w, https:\/\/www.realclubmaritimomelilla.es\/clmar\/wp-content\/uploads\/2019\/09\/PESCA-INFANTIL-pieza-mayor-600x450.jpg 600w, https:\/\/www.realclubmaritimomelilla.es\/clmar\/wp-content\/uploads\/2019\/09\/PESCA-INFANTIL-pieza-mayor.jpg 640w\" sizes=\"(max-width: 640px) 100vw, 640px\" \/><\/a>\n\t\t\t<\/dt><\/dl><br style=\"clear: both\" \/><dl class='gallery-item'>\n\t\t\t<dt class='gallery-icon landscape'>\n\t\t\t\t<a data-rel=\"iLightbox[postimages]\" data-title=\"PESCA INFANTIL Mayor n\u00ba kilos\" data-caption=\"\" href='https:\/\/www.realclubmaritimomelilla.es\/clmar\/14826-2\/pesca-infantil-mayor-no-kilos-3\/'><img decoding=\"async\" width=\"640\" height=\"480\" src=\"https:\/\/www.realclubmaritimomelilla.es\/clmar\/wp-content\/uploads\/2019\/09\/PESCA-INFANTIL-Mayor-n\u00ba-kilos.jpg\" class=\"attachment-full size-full\" alt=\"\" srcset=\"https:\/\/www.realclubmaritimomelilla.es\/clmar\/wp-content\/uploads\/2019\/09\/PESCA-INFANTIL-Mayor-n\u00ba-kilos-300x225.jpg 300w, https:\/\/www.realclubmaritimomelilla.es\/clmar\/wp-content\/uploads\/2019\/09\/PESCA-INFANTIL-Mayor-n\u00ba-kilos-600x450.jpg 600w, https:\/\/www.realclubmaritimomelilla.es\/clmar\/wp-content\/uploads\/2019\/09\/PESCA-INFANTIL-Mayor-n\u00ba-kilos.jpg 640w\" sizes=\"(max-width: 640px) 100vw, 640px\" \/><\/a>\n\t\t\t<\/dt><\/dl><dl class='gallery-item'>\n\t\t\t<dt class='gallery-icon landscape'>\n\t\t\t\t<a data-rel=\"iLightbox[postimages]\" data-title=\"PESCA INFANTIL Mayor n\u00ba piezaS\" data-caption=\"\" href='https:\/\/www.realclubmaritimomelilla.es\/clmar\/14826-2\/pesca-infantil-mayor-no-piezas-3\/'><img decoding=\"async\" width=\"640\" height=\"480\" src=\"https:\/\/www.realclubmaritimomelilla.es\/clmar\/wp-content\/uploads\/2019\/09\/PESCA-INFANTIL-Mayor-n\u00ba-piezaS.jpg\" class=\"attachment-full size-full\" alt=\"\" srcset=\"https:\/\/www.realclubmaritimomelilla.es\/clmar\/wp-content\/uploads\/2019\/09\/PESCA-INFANTIL-Mayor-n\u00ba-piezaS-300x225.jpg 300w, https:\/\/www.realclubmaritimomelilla.es\/clmar\/wp-content\/uploads\/2019\/09\/PESCA-INFANTIL-Mayor-n\u00ba-piezaS-600x450.jpg 600w, https:\/\/www.realclubmaritimomelilla.es\/clmar\/wp-content\/uploads\/2019\/09\/PESCA-INFANTIL-Mayor-n\u00ba-piezaS.jpg 640w\" sizes=\"(max-width: 640px) 100vw, 640px\" \/><\/a>\n\t\t\t<\/dt><\/dl><dl class='gallery-item'>\n\t\t\t<dt class='gallery-icon landscape'>\n\t\t\t\t<a data-rel=\"iLightbox[postimages]\" data-title=\"parch\u00eds\" data-caption=\"\" href='https:\/\/www.realclubmaritimomelilla.es\/clmar\/14826-2\/parchis-5\/'><img decoding=\"async\" width=\"640\" height=\"480\" src=\"https:\/\/www.realclubmaritimomelilla.es\/clmar\/wp-content\/uploads\/2019\/09\/parch\u00eds.jpg\" class=\"attachment-full size-full\" alt=\"\" srcset=\"https:\/\/www.realclubmaritimomelilla.es\/clmar\/wp-content\/uploads\/2019\/09\/parch\u00eds-300x225.jpg 300w, https:\/\/www.realclubmaritimomelilla.es\/clmar\/wp-content\/uploads\/2019\/09\/parch\u00eds-600x450.jpg 600w, https:\/\/www.realclubmaritimomelilla.es\/clmar\/wp-content\/uploads\/2019\/09\/parch\u00eds.jpg 640w\" sizes=\"(max-width: 640px) 100vw, 640px\" \/><\/a>\n\t\t\t<\/dt><\/dl><br style=\"clear: both\" \/><dl class='gallery-item'>\n\t\t\t<dt class='gallery-icon landscape'>\n\t\t\t\t<a data-rel=\"iLightbox[postimages]\" data-title=\"continental\" data-caption=\"\" href='https:\/\/www.realclubmaritimomelilla.es\/clmar\/14826-2\/continental-4\/'><img decoding=\"async\" width=\"640\" height=\"480\" src=\"https:\/\/www.realclubmaritimomelilla.es\/clmar\/wp-content\/uploads\/2019\/09\/continental.jpg\" class=\"attachment-full size-full\" alt=\"\" srcset=\"https:\/\/www.realclubmaritimomelilla.es\/clmar\/wp-content\/uploads\/2019\/09\/continental-300x225.jpg 300w, https:\/\/www.realclubmaritimomelilla.es\/clmar\/wp-content\/uploads\/2019\/09\/continental-600x450.jpg 600w, https:\/\/www.realclubmaritimomelilla.es\/clmar\/wp-content\/uploads\/2019\/09\/continental.jpg 640w\" sizes=\"(max-width: 640px) 100vw, 640px\" \/><\/a>\n\t\t\t<\/dt><\/dl><dl class='gallery-item'>\n\t\t\t<dt class='gallery-icon landscape'>\n\t\t\t\t<a data-rel=\"iLightbox[postimages]\" data-title=\"canasta\" data-caption=\"\" href='https:\/\/www.realclubmaritimomelilla.es\/clmar\/14826-2\/canasta-3\/'><img decoding=\"async\" width=\"640\" height=\"480\" src=\"https:\/\/www.realclubmaritimomelilla.es\/clmar\/wp-content\/uploads\/2019\/09\/canasta.jpg\" class=\"attachment-full size-full\" alt=\"\" srcset=\"https:\/\/www.realclubmaritimomelilla.es\/clmar\/wp-content\/uploads\/2019\/09\/canasta-300x225.jpg 300w, https:\/\/www.realclubmaritimomelilla.es\/clmar\/wp-content\/uploads\/2019\/09\/canasta-600x450.jpg 600w, https:\/\/www.realclubmaritimomelilla.es\/clmar\/wp-content\/uploads\/2019\/09\/canasta.jpg 640w\" sizes=\"(max-width: 640px) 100vw, 640px\" \/><\/a>\n\t\t\t<\/dt><\/dl><dl class='gallery-item'>\n\t\t\t<dt class='gallery-icon landscape'>\n\t\t\t\t<a data-rel=\"iLightbox[postimages]\" data-title=\"domin\u00f3\" data-caption=\"\" href='https:\/\/www.realclubmaritimomelilla.es\/clmar\/14826-2\/domino\/'><img decoding=\"async\" width=\"640\" height=\"480\" src=\"https:\/\/www.realclubmaritimomelilla.es\/clmar\/wp-content\/uploads\/2019\/09\/domin\u00f3.jpg\" class=\"attachment-full size-full\" alt=\"\" srcset=\"https:\/\/www.realclubmaritimomelilla.es\/clmar\/wp-content\/uploads\/2019\/09\/domin\u00f3-300x225.jpg 300w, https:\/\/www.realclubmaritimomelilla.es\/clmar\/wp-content\/uploads\/2019\/09\/domin\u00f3-600x450.jpg 600w, https:\/\/www.realclubmaritimomelilla.es\/clmar\/wp-content\/uploads\/2019\/09\/domin\u00f3.jpg 640w\" sizes=\"(max-width: 640px) 100vw, 640px\" \/><\/a>\n\t\t\t<\/dt><\/dl><br style=\"clear: both\" \/>\n\t\t<\/div>\n<div class=\"fusion-clearfix\"><\/div><\/div><\/div><\/div><style type=\"text\/css\">.fusion-fullwidth.fusion-builder-row-1 { overflow:visible; }<\/style><\/div>\n","protected":false},"excerpt":{"rendered":"<p>El Real Club Mar\u00edtimo ha entregado los galardones a los mejores clasificados en las distintas competiciones que ha organizado durante estas fiestas patronales. Unas actividades, en las que han destacado las Regatas de Feria, que todav\u00eda tienen pendiente de disputar la competici\u00f3n de cruceros. El presidente del Club Mar\u00edtimo, Jos\u00e9 Manuel Calzado, acompa\u00f1ado por los [&hellip;]<\/p>\n","protected":false},"author":1,"featured_media":14830,"comment_status":"open","ping_status":"open","sticky":false,"template":"","format":"standard","meta":{"_acf_changed":false,"footnotes":""},"categories":[39],"tags":[],"class_list":["post-14826","post","type-post","status-publish","format-standard","has-post-thumbnail","hentry","category-celebraciones"],"acf":[],"yoast_head":"<!-- This site is optimized with the Yoast SEO plugin v27.5 - https:\/\/yoast.com\/product\/yoast-seo-wordpress\/ -->\n<title>EL CLUB MAR\u00cdTIMO CLAUSURA SUS COMPETICIONES DE FERIA - Real Club Mar\u00edtimo de Melilla<\/title>\n<meta name=\"description\" content=\"EL CLUB MAR\u00cdTIMO CLAUSURA SUS COMPETICIONES DE FERIA -\" \/>\n<meta name=\"robots\" content=\"index, follow, max-snippet:-1, max-image-preview:large, max-video-preview:-1\" \/>\n<link rel=\"canonical\" href=\"https:\/\/www.realclubmaritimomelilla.es\/clmar\/14826-2\/\" \/>\n<meta property=\"og:locale\" content=\"es_ES\" \/>\n<meta property=\"og:type\" content=\"article\" \/>\n<meta property=\"og:title\" content=\"EL CLUB MAR\u00cdTIMO CLAUSURA SUS COMPETICIONES DE FERIA - Real Club Mar\u00edtimo de Melilla\" \/>\n<meta property=\"og:description\" content=\"EL CLUB MAR\u00cdTIMO CLAUSURA SUS COMPETICIONES DE FERIA -\" \/>\n<meta property=\"og:url\" content=\"https:\/\/www.realclubmaritimomelilla.es\/clmar\/14826-2\/\" \/>\n<meta property=\"og:site_name\" content=\"Real Club Mar\u00edtimo de Melilla\" \/>\n<meta property=\"article:publisher\" content=\"https:\/\/www.facebook.com\/Real-Club-Mar%c3%adtimo-de-Melilla-588495841234214\/\" \/>\n<meta property=\"article:published_time\" content=\"2019-09-08T11:57:27+00:00\" \/>\n<meta property=\"article:modified_time\" content=\"2021-07-20T09:38:54+00:00\" \/>\n<meta property=\"og:image\" content=\"https:\/\/www.realclubmaritimomelilla.es\/clmar\/wp-content\/uploads\/2019\/09\/VELA-laser-4.7.jpg\" \/>\n\t<meta property=\"og:image:width\" content=\"640\" \/>\n\t<meta property=\"og:image:height\" content=\"480\" \/>\n\t<meta property=\"og:image:type\" content=\"image\/jpeg\" \/>\n<meta name=\"author\" content=\"RCMMelilla\" \/>\n<meta name=\"twitter:card\" content=\"summary_large_image\" \/>\n<meta name=\"twitter:creator\" content=\"@nauticarcmm\" \/>\n<meta name=\"twitter:site\" content=\"@nauticarcmm\" \/>\n<meta name=\"twitter:label1\" content=\"Escrito por\" \/>\n\t<meta name=\"twitter:data1\" content=\"RCMMelilla\" \/>\n\t<meta name=\"twitter:label2\" content=\"Tiempo de lectura\" \/>\n\t<meta name=\"twitter:data2\" content=\"2 minutos\" \/>\n<script type=\"application\/ld+json\" class=\"yoast-schema-graph\">{\"@context\":\"https:\\\/\\\/schema.org\",\"@graph\":[{\"@type\":\"Article\",\"@id\":\"https:\\\/\\\/www.realclubmaritimomelilla.es\\\/clmar\\\/14826-2\\\/#article\",\"isPartOf\":{\"@id\":\"https:\\\/\\\/www.realclubmaritimomelilla.es\\\/clmar\\\/14826-2\\\/\"},\"author\":{\"name\":\"RCMMelilla\",\"@id\":\"https:\\\/\\\/www.realclubmaritimomelilla.es\\\/clmar\\\/#\\\/schema\\\/person\\\/ebaa3713496dc6d48c872452e73a8e79\"},\"headline\":\"EL CLUB MAR\u00cdTIMO CLAUSURA SUS COMPETICIONES DE FERIA\",\"datePublished\":\"2019-09-08T11:57:27+00:00\",\"dateModified\":\"2021-07-20T09:38:54+00:00\",\"mainEntityOfPage\":{\"@id\":\"https:\\\/\\\/www.realclubmaritimomelilla.es\\\/clmar\\\/14826-2\\\/\"},\"wordCount\":425,\"commentCount\":0,\"publisher\":{\"@id\":\"https:\\\/\\\/www.realclubmaritimomelilla.es\\\/clmar\\\/#organization\"},\"image\":{\"@id\":\"https:\\\/\\\/www.realclubmaritimomelilla.es\\\/clmar\\\/14826-2\\\/#primaryimage\"},\"thumbnailUrl\":\"https:\\\/\\\/www.realclubmaritimomelilla.es\\\/clmar\\\/wp-content\\\/uploads\\\/2019\\\/09\\\/VELA-laser-4.7.jpg\",\"articleSection\":[\"Celebraciones\"],\"inLanguage\":\"es\",\"potentialAction\":[{\"@type\":\"CommentAction\",\"name\":\"Comment\",\"target\":[\"https:\\\/\\\/www.realclubmaritimomelilla.es\\\/clmar\\\/14826-2\\\/#respond\"]}]},{\"@type\":\"WebPage\",\"@id\":\"https:\\\/\\\/www.realclubmaritimomelilla.es\\\/clmar\\\/14826-2\\\/\",\"url\":\"https:\\\/\\\/www.realclubmaritimomelilla.es\\\/clmar\\\/14826-2\\\/\",\"name\":\"EL CLUB MAR\u00cdTIMO CLAUSURA SUS COMPETICIONES DE FERIA - Real Club Mar\u00edtimo de Melilla\",\"isPartOf\":{\"@id\":\"https:\\\/\\\/www.realclubmaritimomelilla.es\\\/clmar\\\/#website\"},\"primaryImageOfPage\":{\"@id\":\"https:\\\/\\\/www.realclubmaritimomelilla.es\\\/clmar\\\/14826-2\\\/#primaryimage\"},\"image\":{\"@id\":\"https:\\\/\\\/www.realclubmaritimomelilla.es\\\/clmar\\\/14826-2\\\/#primaryimage\"},\"thumbnailUrl\":\"https:\\\/\\\/www.realclubmaritimomelilla.es\\\/clmar\\\/wp-content\\\/uploads\\\/2019\\\/09\\\/VELA-laser-4.7.jpg\",\"datePublished\":\"2019-09-08T11:57:27+00:00\",\"dateModified\":\"2021-07-20T09:38:54+00:00\",\"description\":\"EL CLUB MAR\u00cdTIMO CLAUSURA SUS COMPETICIONES DE FERIA -\",\"breadcrumb\":{\"@id\":\"https:\\\/\\\/www.realclubmaritimomelilla.es\\\/clmar\\\/14826-2\\\/#breadcrumb\"},\"inLanguage\":\"es\",\"potentialAction\":[{\"@type\":\"ReadAction\",\"target\":[\"https:\\\/\\\/www.realclubmaritimomelilla.es\\\/clmar\\\/14826-2\\\/\"]}]},{\"@type\":\"ImageObject\",\"inLanguage\":\"es\",\"@id\":\"https:\\\/\\\/www.realclubmaritimomelilla.es\\\/clmar\\\/14826-2\\\/#primaryimage\",\"url\":\"https:\\\/\\\/www.realclubmaritimomelilla.es\\\/clmar\\\/wp-content\\\/uploads\\\/2019\\\/09\\\/VELA-laser-4.7.jpg\",\"contentUrl\":\"https:\\\/\\\/www.realclubmaritimomelilla.es\\\/clmar\\\/wp-content\\\/uploads\\\/2019\\\/09\\\/VELA-laser-4.7.jpg\",\"width\":640,\"height\":480},{\"@type\":\"BreadcrumbList\",\"@id\":\"https:\\\/\\\/www.realclubmaritimomelilla.es\\\/clmar\\\/14826-2\\\/#breadcrumb\",\"itemListElement\":[{\"@type\":\"ListItem\",\"position\":1,\"name\":\"Portada\",\"item\":\"https:\\\/\\\/www.realclubmaritimomelilla.es\\\/clmar\\\/\"},{\"@type\":\"ListItem\",\"position\":2,\"name\":\"EL CLUB MAR\u00cdTIMO CLAUSURA SUS COMPETICIONES DE FERIA\"}]},{\"@type\":\"WebSite\",\"@id\":\"https:\\\/\\\/www.realclubmaritimomelilla.es\\\/clmar\\\/#website\",\"url\":\"https:\\\/\\\/www.realclubmaritimomelilla.es\\\/clmar\\\/\",\"name\":\"Real Club Mar\u00edtimo de Melilla\",\"description\":\"RCMM\",\"publisher\":{\"@id\":\"https:\\\/\\\/www.realclubmaritimomelilla.es\\\/clmar\\\/#organization\"},\"alternateName\":\"RCMM\",\"potentialAction\":[{\"@type\":\"SearchAction\",\"target\":{\"@type\":\"EntryPoint\",\"urlTemplate\":\"https:\\\/\\\/www.realclubmaritimomelilla.es\\\/clmar\\\/?s={search_term_string}\"},\"query-input\":{\"@type\":\"PropertyValueSpecification\",\"valueRequired\":true,\"valueName\":\"search_term_string\"}}],\"inLanguage\":\"es\"},{\"@type\":\"Organization\",\"@id\":\"https:\\\/\\\/www.realclubmaritimomelilla.es\\\/clmar\\\/#organization\",\"name\":\"Real Club Mar\u00edtimo de Melilla\",\"alternateName\":\"RCMM\",\"url\":\"https:\\\/\\\/www.realclubmaritimomelilla.es\\\/clmar\\\/\",\"logo\":{\"@type\":\"ImageObject\",\"inLanguage\":\"es\",\"@id\":\"https:\\\/\\\/www.realclubmaritimomelilla.es\\\/clmar\\\/#\\\/schema\\\/logo\\\/image\\\/\",\"url\":\"https:\\\/\\\/www.realclubmaritimomelilla.es\\\/clmar\\\/wp-content\\\/uploads\\\/logo-club-original-copia.jpg\",\"contentUrl\":\"https:\\\/\\\/www.realclubmaritimomelilla.es\\\/clmar\\\/wp-content\\\/uploads\\\/logo-club-original-copia.jpg\",\"width\":128,\"height\":89,\"caption\":\"Real Club Mar\u00edtimo de Melilla\"},\"image\":{\"@id\":\"https:\\\/\\\/www.realclubmaritimomelilla.es\\\/clmar\\\/#\\\/schema\\\/logo\\\/image\\\/\"},\"sameAs\":[\"https:\\\/\\\/www.facebook.com\\\/Real-Club-Mar\u00edtimo-de-Melilla-588495841234214\\\/\",\"https:\\\/\\\/x.com\\\/nauticarcmm\",\"https:\\\/\\\/www.instagram.com\\\/club_maritimo_melilla\\\/\",\"https:\\\/\\\/www.youtube.com\\\/@realclubmaritimodemelilla4703\",\"https:\\\/\\\/es.wikipedia.org\\\/wiki\\\/Real_Club_Mar\u00edtimo_de_Melilla\"]},{\"@type\":\"Person\",\"@id\":\"https:\\\/\\\/www.realclubmaritimomelilla.es\\\/clmar\\\/#\\\/schema\\\/person\\\/ebaa3713496dc6d48c872452e73a8e79\",\"name\":\"RCMMelilla\",\"image\":{\"@type\":\"ImageObject\",\"inLanguage\":\"es\",\"@id\":\"https:\\\/\\\/secure.gravatar.com\\\/avatar\\\/df1c24789360fb9308735c4ee556fc2bc5bf924bf01e53043b8b97ba272da33c?s=96&d=mm&r=g\",\"url\":\"https:\\\/\\\/secure.gravatar.com\\\/avatar\\\/df1c24789360fb9308735c4ee556fc2bc5bf924bf01e53043b8b97ba272da33c?s=96&d=mm&r=g\",\"contentUrl\":\"https:\\\/\\\/secure.gravatar.com\\\/avatar\\\/df1c24789360fb9308735c4ee556fc2bc5bf924bf01e53043b8b97ba272da33c?s=96&d=mm&r=g\",\"caption\":\"RCMMelilla\"}}]}<\/script>\n<!-- \/ Yoast SEO plugin. -->","yoast_head_json":{"title":"EL CLUB MAR\u00cdTIMO CLAUSURA SUS COMPETICIONES DE FERIA - Real Club Mar\u00edtimo de Melilla","description":"EL CLUB MAR\u00cdTIMO CLAUSURA SUS COMPETICIONES DE FERIA -","robots":{"index":"index","follow":"follow","max-snippet":"max-snippet:-1","max-image-preview":"max-image-preview:large","max-video-preview":"max-video-preview:-1"},"canonical":"https:\/\/www.realclubmaritimomelilla.es\/clmar\/14826-2\/","og_locale":"es_ES","og_type":"article","og_title":"EL CLUB MAR\u00cdTIMO CLAUSURA SUS COMPETICIONES DE FERIA - Real Club Mar\u00edtimo de Melilla","og_description":"EL CLUB MAR\u00cdTIMO CLAUSURA SUS COMPETICIONES DE FERIA -","og_url":"https:\/\/www.realclubmaritimomelilla.es\/clmar\/14826-2\/","og_site_name":"Real Club Mar\u00edtimo de Melilla","article_publisher":"https:\/\/www.facebook.com\/Real-Club-Mar%c3%adtimo-de-Melilla-588495841234214\/","article_published_time":"2019-09-08T11:57:27+00:00","article_modified_time":"2021-07-20T09:38:54+00:00","og_image":[{"width":640,"height":480,"url":"https:\/\/www.realclubmaritimomelilla.es\/clmar\/wp-content\/uploads\/2019\/09\/VELA-laser-4.7.jpg","type":"image\/jpeg"}],"author":"RCMMelilla","twitter_card":"summary_large_image","twitter_creator":"@nauticarcmm","twitter_site":"@nauticarcmm","twitter_misc":{"Escrito por":"RCMMelilla","Tiempo de lectura":"2 minutos"},"schema":{"@context":"https:\/\/schema.org","@graph":[{"@type":"Article","@id":"https:\/\/www.realclubmaritimomelilla.es\/clmar\/14826-2\/#article","isPartOf":{"@id":"https:\/\/www.realclubmaritimomelilla.es\/clmar\/14826-2\/"},"author":{"name":"RCMMelilla","@id":"https:\/\/www.realclubmaritimomelilla.es\/clmar\/#\/schema\/person\/ebaa3713496dc6d48c872452e73a8e79"},"headline":"EL CLUB MAR\u00cdTIMO CLAUSURA SUS COMPETICIONES DE FERIA","datePublished":"2019-09-08T11:57:27+00:00","dateModified":"2021-07-20T09:38:54+00:00","mainEntityOfPage":{"@id":"https:\/\/www.realclubmaritimomelilla.es\/clmar\/14826-2\/"},"wordCount":425,"commentCount":0,"publisher":{"@id":"https:\/\/www.realclubmaritimomelilla.es\/clmar\/#organization"},"image":{"@id":"https:\/\/www.realclubmaritimomelilla.es\/clmar\/14826-2\/#primaryimage"},"thumbnailUrl":"https:\/\/www.realclubmaritimomelilla.es\/clmar\/wp-content\/uploads\/2019\/09\/VELA-laser-4.7.jpg","articleSection":["Celebraciones"],"inLanguage":"es","potentialAction":[{"@type":"CommentAction","name":"Comment","target":["https:\/\/www.realclubmaritimomelilla.es\/clmar\/14826-2\/#respond"]}]},{"@type":"WebPage","@id":"https:\/\/www.realclubmaritimomelilla.es\/clmar\/14826-2\/","url":"https:\/\/www.realclubmaritimomelilla.es\/clmar\/14826-2\/","name":"EL CLUB MAR\u00cdTIMO CLAUSURA SUS COMPETICIONES DE FERIA - Real Club Mar\u00edtimo de Melilla","isPartOf":{"@id":"https:\/\/www.realclubmaritimomelilla.es\/clmar\/#website"},"primaryImageOfPage":{"@id":"https:\/\/www.realclubmaritimomelilla.es\/clmar\/14826-2\/#primaryimage"},"image":{"@id":"https:\/\/www.realclubmaritimomelilla.es\/clmar\/14826-2\/#primaryimage"},"thumbnailUrl":"https:\/\/www.realclubmaritimomelilla.es\/clmar\/wp-content\/uploads\/2019\/09\/VELA-laser-4.7.jpg","datePublished":"2019-09-08T11:57:27+00:00","dateModified":"2021-07-20T09:38:54+00:00","description":"EL CLUB MAR\u00cdTIMO CLAUSURA SUS COMPETICIONES DE FERIA -","breadcrumb":{"@id":"https:\/\/www.realclubmaritimomelilla.es\/clmar\/14826-2\/#breadcrumb"},"inLanguage":"es","potentialAction":[{"@type":"ReadAction","target":["https:\/\/www.realclubmaritimomelilla.es\/clmar\/14826-2\/"]}]},{"@type":"ImageObject","inLanguage":"es","@id":"https:\/\/www.realclubmaritimomelilla.es\/clmar\/14826-2\/#primaryimage","url":"https:\/\/www.realclubmaritimomelilla.es\/clmar\/wp-content\/uploads\/2019\/09\/VELA-laser-4.7.jpg","contentUrl":"https:\/\/www.realclubmaritimomelilla.es\/clmar\/wp-content\/uploads\/2019\/09\/VELA-laser-4.7.jpg","width":640,"height":480},{"@type":"BreadcrumbList","@id":"https:\/\/www.realclubmaritimomelilla.es\/clmar\/14826-2\/#breadcrumb","itemListElement":[{"@type":"ListItem","position":1,"name":"Portada","item":"https:\/\/www.realclubmaritimomelilla.es\/clmar\/"},{"@type":"ListItem","position":2,"name":"EL CLUB MAR\u00cdTIMO CLAUSURA SUS COMPETICIONES DE FERIA"}]},{"@type":"WebSite","@id":"https:\/\/www.realclubmaritimomelilla.es\/clmar\/#website","url":"https:\/\/www.realclubmaritimomelilla.es\/clmar\/","name":"Real Club Mar\u00edtimo de Melilla","description":"RCMM","publisher":{"@id":"https:\/\/www.realclubmaritimomelilla.es\/clmar\/#organization"},"alternateName":"RCMM","potentialAction":[{"@type":"SearchAction","target":{"@type":"EntryPoint","urlTemplate":"https:\/\/www.realclubmaritimomelilla.es\/clmar\/?s={search_term_string}"},"query-input":{"@type":"PropertyValueSpecification","valueRequired":true,"valueName":"search_term_string"}}],"inLanguage":"es"},{"@type":"Organization","@id":"https:\/\/www.realclubmaritimomelilla.es\/clmar\/#organization","name":"Real Club Mar\u00edtimo de Melilla","alternateName":"RCMM","url":"https:\/\/www.realclubmaritimomelilla.es\/clmar\/","logo":{"@type":"ImageObject","inLanguage":"es","@id":"https:\/\/www.realclubmaritimomelilla.es\/clmar\/#\/schema\/logo\/image\/","url":"https:\/\/www.realclubmaritimomelilla.es\/clmar\/wp-content\/uploads\/logo-club-original-copia.jpg","contentUrl":"https:\/\/www.realclubmaritimomelilla.es\/clmar\/wp-content\/uploads\/logo-club-original-copia.jpg","width":128,"height":89,"caption":"Real Club Mar\u00edtimo de Melilla"},"image":{"@id":"https:\/\/www.realclubmaritimomelilla.es\/clmar\/#\/schema\/logo\/image\/"},"sameAs":["https:\/\/www.facebook.com\/Real-Club-Mar\u00edtimo-de-Melilla-588495841234214\/","https:\/\/x.com\/nauticarcmm","https:\/\/www.instagram.com\/club_maritimo_melilla\/","https:\/\/www.youtube.com\/@realclubmaritimodemelilla4703","https:\/\/es.wikipedia.org\/wiki\/Real_Club_Mar\u00edtimo_de_Melilla"]},{"@type":"Person","@id":"https:\/\/www.realclubmaritimomelilla.es\/clmar\/#\/schema\/person\/ebaa3713496dc6d48c872452e73a8e79","name":"RCMMelilla","image":{"@type":"ImageObject","inLanguage":"es","@id":"https:\/\/secure.gravatar.com\/avatar\/df1c24789360fb9308735c4ee556fc2bc5bf924bf01e53043b8b97ba272da33c?s=96&d=mm&r=g","url":"https:\/\/secure.gravatar.com\/avatar\/df1c24789360fb9308735c4ee556fc2bc5bf924bf01e53043b8b97ba272da33c?s=96&d=mm&r=g","contentUrl":"https:\/\/secure.gravatar.com\/avatar\/df1c24789360fb9308735c4ee556fc2bc5bf924bf01e53043b8b97ba272da33c?s=96&d=mm&r=g","caption":"RCMMelilla"}}]}},"_links":{"self":[{"href":"https:\/\/www.realclubmaritimomelilla.es\/clmar\/wp-json\/wp\/v2\/posts\/14826","targetHints":{"allow":["GET"]}}],"collection":[{"href":"https:\/\/www.realclubmaritimomelilla.es\/clmar\/wp-json\/wp\/v2\/posts"}],"about":[{"href":"https:\/\/www.realclubmaritimomelilla.es\/clmar\/wp-json\/wp\/v2\/types\/post"}],"author":[{"embeddable":true,"href":"https:\/\/www.realclubmaritimomelilla.es\/clmar\/wp-json\/wp\/v2\/users\/1"}],"replies":[{"embeddable":true,"href":"https:\/\/www.realclubmaritimomelilla.es\/clmar\/wp-json\/wp\/v2\/comments?post=14826"}],"version-history":[{"count":3,"href":"https:\/\/www.realclubmaritimomelilla.es\/clmar\/wp-json\/wp\/v2\/posts\/14826\/revisions"}],"predecessor-version":[{"id":16022,"href":"https:\/\/www.realclubmaritimomelilla.es\/clmar\/wp-json\/wp\/v2\/posts\/14826\/revisions\/16022"}],"wp:featuredmedia":[{"embeddable":true,"href":"https:\/\/www.realclubmaritimomelilla.es\/clmar\/wp-json\/wp\/v2\/media\/14830"}],"wp:attachment":[{"href":"https:\/\/www.realclubmaritimomelilla.es\/clmar\/wp-json\/wp\/v2\/media?parent=14826"}],"wp:term":[{"taxonomy":"category","embeddable":true,"href":"https:\/\/www.realclubmaritimomelilla.es\/clmar\/wp-json\/wp\/v2\/categories?post=14826"},{"taxonomy":"post_tag","embeddable":true,"href":"https:\/\/www.realclubmaritimomelilla.es\/clmar\/wp-json\/wp\/v2\/tags?post=14826"}],"curies":[{"name":"wp","href":"https:\/\/api.w.org\/{rel}","templated":true}]}}