{"id":14776,"date":"2019-09-07T17:04:53","date_gmt":"2019-09-07T15:04:53","guid":{"rendered":"http:\/\/www.clubmaritimomelilla.es\/clmar\/?p=14776"},"modified":"2021-07-20T11:38:54","modified_gmt":"2021-07-20T09:38:54","slug":"galeria-imagenes-concurso-de-paellas-2019","status":"publish","type":"post","link":"https:\/\/www.realclubmaritimomelilla.es\/clmar\/galeria-imagenes-concurso-de-paellas-2019\/","title":{"rendered":"GALER\u00cdA IM\u00c1GENES CONCURSO DE PAELLAS 2019"},"content":{"rendered":"<p>Este s\u00e1bado de Feria 7 de septiembre, se ha celebrado en el Real Club Mar\u00edtimo de Melilla el tradicional concurso de paellas con 35 participantes y m\u00e1s de mil doscientas personas en las instalaciones del Club.<\/p>\n<div class=\"fusion-fullwidth fullwidth-box fusion-builder-row-1 hundred-percent-fullwidth non-hundred-percent-height-scrolling\" style=\"background-color: #ffffff;background-position: center center;background-repeat: no-repeat;padding-top:0px;padding-right:0px;padding-bottom:0px;padding-left:0px;margin-bottom: 0px;margin-top: 0px;border-width: 0px 0px 0px 0px;border-color:#eae9e9;border-style:solid;\" ><div class=\"fusion-builder-row fusion-row\"><div class=\"fusion-layout-column fusion_builder_column fusion-builder-column-0 fusion_builder_column_1_1 1_1 fusion-one-full fusion-column-first fusion-column-last fusion-column-no-min-height\" style=\"margin-top:0px;margin-bottom:0px;\"><div class=\"fusion-column-wrapper fusion-flex-column-wrapper-legacy\" style=\"background-position:left top;background-repeat:no-repeat;-webkit-background-size:cover;-moz-background-size:cover;-o-background-size:cover;background-size:cover;padding: 0px 0px 0px 0px;\">\n\t\t<style type=\"text\/css\">\n\t\t\t#gallery-1 {\n\t\t\t\tmargin: auto;\n\t\t\t}\n\t\t\t#gallery-1 .gallery-item {\n\t\t\t\tfloat: left;\n\t\t\t\tmargin-top: 10px;\n\t\t\t\ttext-align: center;\n\t\t\t\twidth: 33%;\n\t\t\t}\n\t\t\t#gallery-1 img {\n\t\t\t\tborder: 2px solid #cfcfcf;\n\t\t\t}\n\t\t\t#gallery-1 .gallery-caption {\n\t\t\t\tmargin-left: 0;\n\t\t\t}\n\t\t\t\/* see gallery_shortcode() in wp-includes\/media.php *\/\n\t\t<\/style>\n\t\t<div id='gallery-1' class='gallery galleryid-14776 gallery-columns-3 gallery-size-full'><dl class='gallery-item'>\n\t\t\t<dt class='gallery-icon landscape'>\n\t\t\t\t<a data-rel=\"iLightbox[postimages]\" data-title=\"4\u00ba SABOR Antonio Calduch\" data-caption=\"\" href='https:\/\/www.realclubmaritimomelilla.es\/clmar\/galeria-imagenes-concurso-de-paellas-2019\/4o-sabor-antonio-calduch\/'><img decoding=\"async\" width=\"2016\" height=\"1512\" src=\"https:\/\/www.realclubmaritimomelilla.es\/clmar\/wp-content\/uploads\/2019\/09\/4\u00ba-SABOR-Antonio-Calduch.jpg\" class=\"attachment-full size-full\" alt=\"\" srcset=\"https:\/\/www.realclubmaritimomelilla.es\/clmar\/wp-content\/uploads\/2019\/09\/4\u00ba-SABOR-Antonio-Calduch-300x225.jpg 300w, https:\/\/www.realclubmaritimomelilla.es\/clmar\/wp-content\/uploads\/2019\/09\/4\u00ba-SABOR-Antonio-Calduch-600x450.jpg 600w, https:\/\/www.realclubmaritimomelilla.es\/clmar\/wp-content\/uploads\/2019\/09\/4\u00ba-SABOR-Antonio-Calduch-768x576.jpg 768w, https:\/\/www.realclubmaritimomelilla.es\/clmar\/wp-content\/uploads\/2019\/09\/4\u00ba-SABOR-Antonio-Calduch-1024x768.jpg 1024w, https:\/\/www.realclubmaritimomelilla.es\/clmar\/wp-content\/uploads\/2019\/09\/4\u00ba-SABOR-Antonio-Calduch.jpg 2016w\" sizes=\"(max-width: 2016px) 100vw, 2016px\" \/><\/a>\n\t\t\t<\/dt><\/dl><dl class='gallery-item'>\n\t\t\t<dt class='gallery-icon landscape'>\n\t\t\t\t<a data-rel=\"iLightbox[postimages]\" data-title=\"1\u00aa SABOR Patricia Lence\" data-caption=\"\" href='https:\/\/www.realclubmaritimomelilla.es\/clmar\/galeria-imagenes-concurso-de-paellas-2019\/1a-sabor-patricia-lence\/'><img decoding=\"async\" width=\"2016\" height=\"1512\" src=\"https:\/\/www.realclubmaritimomelilla.es\/clmar\/wp-content\/uploads\/2019\/09\/1\u00aa-SABOR-Patricia-Lence.jpg\" class=\"attachment-full size-full\" alt=\"\" srcset=\"https:\/\/www.realclubmaritimomelilla.es\/clmar\/wp-content\/uploads\/2019\/09\/1\u00aa-SABOR-Patricia-Lence-300x225.jpg 300w, https:\/\/www.realclubmaritimomelilla.es\/clmar\/wp-content\/uploads\/2019\/09\/1\u00aa-SABOR-Patricia-Lence-600x450.jpg 600w, https:\/\/www.realclubmaritimomelilla.es\/clmar\/wp-content\/uploads\/2019\/09\/1\u00aa-SABOR-Patricia-Lence-768x576.jpg 768w, https:\/\/www.realclubmaritimomelilla.es\/clmar\/wp-content\/uploads\/2019\/09\/1\u00aa-SABOR-Patricia-Lence-1024x768.jpg 1024w, https:\/\/www.realclubmaritimomelilla.es\/clmar\/wp-content\/uploads\/2019\/09\/1\u00aa-SABOR-Patricia-Lence.jpg 2016w\" sizes=\"(max-width: 2016px) 100vw, 2016px\" \/><\/a>\n\t\t\t<\/dt><\/dl><dl class='gallery-item'>\n\t\t\t<dt class='gallery-icon landscape'>\n\t\t\t\t<a data-rel=\"iLightbox[postimages]\" data-title=\"2\u00aa SABOR Dolores L\u00f3pez\" data-caption=\"\" href='https:\/\/www.realclubmaritimomelilla.es\/clmar\/galeria-imagenes-concurso-de-paellas-2019\/2a-sabor-dolores-lopez\/'><img decoding=\"async\" width=\"2016\" height=\"1512\" src=\"https:\/\/www.realclubmaritimomelilla.es\/clmar\/wp-content\/uploads\/2019\/09\/2\u00aa-SABOR-Dolores-L\u00f3pez.jpg\" class=\"attachment-full size-full\" alt=\"\" srcset=\"https:\/\/www.realclubmaritimomelilla.es\/clmar\/wp-content\/uploads\/2019\/09\/2\u00aa-SABOR-Dolores-L\u00f3pez-300x225.jpg 300w, https:\/\/www.realclubmaritimomelilla.es\/clmar\/wp-content\/uploads\/2019\/09\/2\u00aa-SABOR-Dolores-L\u00f3pez-600x450.jpg 600w, https:\/\/www.realclubmaritimomelilla.es\/clmar\/wp-content\/uploads\/2019\/09\/2\u00aa-SABOR-Dolores-L\u00f3pez-768x576.jpg 768w, https:\/\/www.realclubmaritimomelilla.es\/clmar\/wp-content\/uploads\/2019\/09\/2\u00aa-SABOR-Dolores-L\u00f3pez-1024x768.jpg 1024w, https:\/\/www.realclubmaritimomelilla.es\/clmar\/wp-content\/uploads\/2019\/09\/2\u00aa-SABOR-Dolores-L\u00f3pez.jpg 2016w\" sizes=\"(max-width: 2016px) 100vw, 2016px\" \/><\/a>\n\t\t\t<\/dt><\/dl><br style=\"clear: both\" \/><dl class='gallery-item'>\n\t\t\t<dt class='gallery-icon landscape'>\n\t\t\t\t<a data-rel=\"iLightbox[postimages]\" data-title=\"3\u00ba SABOR Juan Jos\u00e9 Ortega\" data-caption=\"\" href='https:\/\/www.realclubmaritimomelilla.es\/clmar\/galeria-imagenes-concurso-de-paellas-2019\/3o-sabor-juan-jose-ortega\/'><img decoding=\"async\" width=\"2016\" height=\"1512\" src=\"https:\/\/www.realclubmaritimomelilla.es\/clmar\/wp-content\/uploads\/2019\/09\/3\u00ba-SABOR-Juan-Jos\u00e9-Ortega.jpg\" class=\"attachment-full size-full\" alt=\"\" srcset=\"https:\/\/www.realclubmaritimomelilla.es\/clmar\/wp-content\/uploads\/2019\/09\/3\u00ba-SABOR-Juan-Jos\u00e9-Ortega-300x225.jpg 300w, https:\/\/www.realclubmaritimomelilla.es\/clmar\/wp-content\/uploads\/2019\/09\/3\u00ba-SABOR-Juan-Jos\u00e9-Ortega-600x450.jpg 600w, https:\/\/www.realclubmaritimomelilla.es\/clmar\/wp-content\/uploads\/2019\/09\/3\u00ba-SABOR-Juan-Jos\u00e9-Ortega-768x576.jpg 768w, https:\/\/www.realclubmaritimomelilla.es\/clmar\/wp-content\/uploads\/2019\/09\/3\u00ba-SABOR-Juan-Jos\u00e9-Ortega-1024x768.jpg 1024w, https:\/\/www.realclubmaritimomelilla.es\/clmar\/wp-content\/uploads\/2019\/09\/3\u00ba-SABOR-Juan-Jos\u00e9-Ortega.jpg 2016w\" sizes=\"(max-width: 2016px) 100vw, 2016px\" \/><\/a>\n\t\t\t<\/dt><\/dl><dl class='gallery-item'>\n\t\t\t<dt class='gallery-icon landscape'>\n\t\t\t\t<a data-rel=\"iLightbox[postimages]\" data-title=\"1\u00ba DIFICULTAD Y PRESENTACI\u00d3N Andr\u00e9s Rodr\u00edguez\" data-caption=\"\" href='https:\/\/www.realclubmaritimomelilla.es\/clmar\/galeria-imagenes-concurso-de-paellas-2019\/1o-dificultad-y-presentacion-andres-rodriguez\/'><img decoding=\"async\" width=\"2016\" height=\"1512\" src=\"https:\/\/www.realclubmaritimomelilla.es\/clmar\/wp-content\/uploads\/2019\/09\/1\u00ba-DIFICULTAD-Y-PRESENTACI\u00d3N-Andr\u00e9s-Rodr\u00edguez.jpg\" class=\"attachment-full size-full\" alt=\"\" srcset=\"https:\/\/www.realclubmaritimomelilla.es\/clmar\/wp-content\/uploads\/2019\/09\/1\u00ba-DIFICULTAD-Y-PRESENTACI\u00d3N-Andr\u00e9s-Rodr\u00edguez-300x225.jpg 300w, https:\/\/www.realclubmaritimomelilla.es\/clmar\/wp-content\/uploads\/2019\/09\/1\u00ba-DIFICULTAD-Y-PRESENTACI\u00d3N-Andr\u00e9s-Rodr\u00edguez-600x450.jpg 600w, https:\/\/www.realclubmaritimomelilla.es\/clmar\/wp-content\/uploads\/2019\/09\/1\u00ba-DIFICULTAD-Y-PRESENTACI\u00d3N-Andr\u00e9s-Rodr\u00edguez-768x576.jpg 768w, https:\/\/www.realclubmaritimomelilla.es\/clmar\/wp-content\/uploads\/2019\/09\/1\u00ba-DIFICULTAD-Y-PRESENTACI\u00d3N-Andr\u00e9s-Rodr\u00edguez-1024x768.jpg 1024w, https:\/\/www.realclubmaritimomelilla.es\/clmar\/wp-content\/uploads\/2019\/09\/1\u00ba-DIFICULTAD-Y-PRESENTACI\u00d3N-Andr\u00e9s-Rodr\u00edguez.jpg 2016w\" sizes=\"(max-width: 2016px) 100vw, 2016px\" \/><\/a>\n\t\t\t<\/dt><\/dl><dl class='gallery-item'>\n\t\t\t<dt class='gallery-icon landscape'>\n\t\t\t\t<a data-rel=\"iLightbox[postimages]\" data-title=\"2\u00ba DIFICULTAD Y PRESENTACI\u00d3N Pablo Rivas\" data-caption=\"\" href='https:\/\/www.realclubmaritimomelilla.es\/clmar\/galeria-imagenes-concurso-de-paellas-2019\/2o-dificultad-y-presentacion-pablo-rivas\/'><img decoding=\"async\" width=\"2016\" height=\"1512\" src=\"https:\/\/www.realclubmaritimomelilla.es\/clmar\/wp-content\/uploads\/2019\/09\/2\u00ba-DIFICULTAD-Y-PRESENTACI\u00d3N-Pablo-Rivas.jpg\" class=\"attachment-full size-full\" alt=\"\" srcset=\"https:\/\/www.realclubmaritimomelilla.es\/clmar\/wp-content\/uploads\/2019\/09\/2\u00ba-DIFICULTAD-Y-PRESENTACI\u00d3N-Pablo-Rivas-300x225.jpg 300w, https:\/\/www.realclubmaritimomelilla.es\/clmar\/wp-content\/uploads\/2019\/09\/2\u00ba-DIFICULTAD-Y-PRESENTACI\u00d3N-Pablo-Rivas-600x450.jpg 600w, https:\/\/www.realclubmaritimomelilla.es\/clmar\/wp-content\/uploads\/2019\/09\/2\u00ba-DIFICULTAD-Y-PRESENTACI\u00d3N-Pablo-Rivas-768x576.jpg 768w, https:\/\/www.realclubmaritimomelilla.es\/clmar\/wp-content\/uploads\/2019\/09\/2\u00ba-DIFICULTAD-Y-PRESENTACI\u00d3N-Pablo-Rivas-1024x768.jpg 1024w, https:\/\/www.realclubmaritimomelilla.es\/clmar\/wp-content\/uploads\/2019\/09\/2\u00ba-DIFICULTAD-Y-PRESENTACI\u00d3N-Pablo-Rivas.jpg 2016w\" sizes=\"(max-width: 2016px) 100vw, 2016px\" \/><\/a>\n\t\t\t<\/dt><\/dl><br style=\"clear: both\" \/><dl class='gallery-item'>\n\t\t\t<dt class='gallery-icon landscape'>\n\t\t\t\t<a data-rel=\"iLightbox[postimages]\" data-title=\"3\u00ba DIFICULTAD Y PRESENTACI\u00d3N JEs\u00fas M\u00e1rquez\" data-caption=\"\" href='https:\/\/www.realclubmaritimomelilla.es\/clmar\/galeria-imagenes-concurso-de-paellas-2019\/3o-dificultad-y-presentacion-jesus-marquez\/'><img decoding=\"async\" width=\"2016\" height=\"1512\" src=\"https:\/\/www.realclubmaritimomelilla.es\/clmar\/wp-content\/uploads\/2019\/09\/3\u00ba-DIFICULTAD-Y-PRESENTACI\u00d3N-JEs\u00fas-M\u00e1rquez.jpg\" class=\"attachment-full size-full\" alt=\"\" srcset=\"https:\/\/www.realclubmaritimomelilla.es\/clmar\/wp-content\/uploads\/2019\/09\/3\u00ba-DIFICULTAD-Y-PRESENTACI\u00d3N-JEs\u00fas-M\u00e1rquez-300x225.jpg 300w, https:\/\/www.realclubmaritimomelilla.es\/clmar\/wp-content\/uploads\/2019\/09\/3\u00ba-DIFICULTAD-Y-PRESENTACI\u00d3N-JEs\u00fas-M\u00e1rquez-600x450.jpg 600w, https:\/\/www.realclubmaritimomelilla.es\/clmar\/wp-content\/uploads\/2019\/09\/3\u00ba-DIFICULTAD-Y-PRESENTACI\u00d3N-JEs\u00fas-M\u00e1rquez-768x576.jpg 768w, https:\/\/www.realclubmaritimomelilla.es\/clmar\/wp-content\/uploads\/2019\/09\/3\u00ba-DIFICULTAD-Y-PRESENTACI\u00d3N-JEs\u00fas-M\u00e1rquez-1024x768.jpg 1024w, https:\/\/www.realclubmaritimomelilla.es\/clmar\/wp-content\/uploads\/2019\/09\/3\u00ba-DIFICULTAD-Y-PRESENTACI\u00d3N-JEs\u00fas-M\u00e1rquez.jpg 2016w\" sizes=\"(max-width: 2016px) 100vw, 2016px\" \/><\/a>\n\t\t\t<\/dt><\/dl><dl class='gallery-item'>\n\t\t\t<dt class='gallery-icon landscape'>\n\t\t\t\t<a data-rel=\"iLightbox[postimages]\" data-title=\"4\u00ba DIFICULTAD Y PRESENTACI\u00d3N Antonio Llerandi\" data-caption=\"\" href='https:\/\/www.realclubmaritimomelilla.es\/clmar\/galeria-imagenes-concurso-de-paellas-2019\/4o-dificultad-y-presentacion-antonio-llerandi\/'><img decoding=\"async\" width=\"2016\" height=\"1512\" src=\"https:\/\/www.realclubmaritimomelilla.es\/clmar\/wp-content\/uploads\/2019\/09\/4\u00ba-DIFICULTAD-Y-PRESENTACI\u00d3N-Antonio-Llerandi.jpg\" class=\"attachment-full size-full\" alt=\"\" srcset=\"https:\/\/www.realclubmaritimomelilla.es\/clmar\/wp-content\/uploads\/2019\/09\/4\u00ba-DIFICULTAD-Y-PRESENTACI\u00d3N-Antonio-Llerandi-300x225.jpg 300w, https:\/\/www.realclubmaritimomelilla.es\/clmar\/wp-content\/uploads\/2019\/09\/4\u00ba-DIFICULTAD-Y-PRESENTACI\u00d3N-Antonio-Llerandi-600x450.jpg 600w, https:\/\/www.realclubmaritimomelilla.es\/clmar\/wp-content\/uploads\/2019\/09\/4\u00ba-DIFICULTAD-Y-PRESENTACI\u00d3N-Antonio-Llerandi-768x576.jpg 768w, https:\/\/www.realclubmaritimomelilla.es\/clmar\/wp-content\/uploads\/2019\/09\/4\u00ba-DIFICULTAD-Y-PRESENTACI\u00d3N-Antonio-Llerandi-1024x768.jpg 1024w, https:\/\/www.realclubmaritimomelilla.es\/clmar\/wp-content\/uploads\/2019\/09\/4\u00ba-DIFICULTAD-Y-PRESENTACI\u00d3N-Antonio-Llerandi.jpg 2016w\" sizes=\"(max-width: 2016px) 100vw, 2016px\" \/><\/a>\n\t\t\t<\/dt><\/dl><dl class='gallery-item'>\n\t\t\t<dt class='gallery-icon landscape'>\n\t\t\t\t<a data-rel=\"iLightbox[postimages]\" data-title=\"participantes\" data-caption=\"\" href='https:\/\/www.realclubmaritimomelilla.es\/clmar\/galeria-imagenes-concurso-de-paellas-2019\/participantes-3\/'><img decoding=\"async\" width=\"2126\" height=\"1417\" src=\"https:\/\/www.realclubmaritimomelilla.es\/clmar\/wp-content\/uploads\/2019\/09\/participantes.jpg\" class=\"attachment-full size-full\" alt=\"\" srcset=\"https:\/\/www.realclubmaritimomelilla.es\/clmar\/wp-content\/uploads\/2019\/09\/participantes-300x200.jpg 300w, https:\/\/www.realclubmaritimomelilla.es\/clmar\/wp-content\/uploads\/2019\/09\/participantes-600x400.jpg 600w, https:\/\/www.realclubmaritimomelilla.es\/clmar\/wp-content\/uploads\/2019\/09\/participantes-768x512.jpg 768w, https:\/\/www.realclubmaritimomelilla.es\/clmar\/wp-content\/uploads\/2019\/09\/participantes-1024x683.jpg 1024w, https:\/\/www.realclubmaritimomelilla.es\/clmar\/wp-content\/uploads\/2019\/09\/participantes.jpg 2126w\" sizes=\"(max-width: 2126px) 100vw, 2126px\" \/><\/a>\n\t\t\t<\/dt><\/dl><br style=\"clear: both\" \/><dl class='gallery-item'>\n\t\t\t<dt class='gallery-icon landscape'>\n\t\t\t\t<a data-rel=\"iLightbox[postimages]\" data-title=\"participantes2\" data-caption=\"\" href='https:\/\/www.realclubmaritimomelilla.es\/clmar\/galeria-imagenes-concurso-de-paellas-2019\/participantes2\/'><img decoding=\"async\" width=\"2126\" height=\"1417\" src=\"https:\/\/www.realclubmaritimomelilla.es\/clmar\/wp-content\/uploads\/2019\/09\/participantes2.jpg\" class=\"attachment-full size-full\" alt=\"\" srcset=\"https:\/\/www.realclubmaritimomelilla.es\/clmar\/wp-content\/uploads\/2019\/09\/participantes2-300x200.jpg 300w, https:\/\/www.realclubmaritimomelilla.es\/clmar\/wp-content\/uploads\/2019\/09\/participantes2-600x400.jpg 600w, https:\/\/www.realclubmaritimomelilla.es\/clmar\/wp-content\/uploads\/2019\/09\/participantes2-768x512.jpg 768w, https:\/\/www.realclubmaritimomelilla.es\/clmar\/wp-content\/uploads\/2019\/09\/participantes2-1024x683.jpg 1024w, https:\/\/www.realclubmaritimomelilla.es\/clmar\/wp-content\/uploads\/2019\/09\/participantes2.jpg 2126w\" sizes=\"(max-width: 2126px) 100vw, 2126px\" \/><\/a>\n\t\t\t<\/dt><\/dl><dl class='gallery-item'>\n\t\t\t<dt class='gallery-icon landscape'>\n\t\t\t\t<a data-rel=\"iLightbox[postimages]\" data-title=\"participantes3\" data-caption=\"\" href='https:\/\/www.realclubmaritimomelilla.es\/clmar\/galeria-imagenes-concurso-de-paellas-2019\/participantes3\/'><img decoding=\"async\" width=\"2126\" height=\"1417\" src=\"https:\/\/www.realclubmaritimomelilla.es\/clmar\/wp-content\/uploads\/2019\/09\/participantes3.jpg\" class=\"attachment-full size-full\" alt=\"\" srcset=\"https:\/\/www.realclubmaritimomelilla.es\/clmar\/wp-content\/uploads\/2019\/09\/participantes3-300x200.jpg 300w, https:\/\/www.realclubmaritimomelilla.es\/clmar\/wp-content\/uploads\/2019\/09\/participantes3-600x400.jpg 600w, https:\/\/www.realclubmaritimomelilla.es\/clmar\/wp-content\/uploads\/2019\/09\/participantes3-768x512.jpg 768w, https:\/\/www.realclubmaritimomelilla.es\/clmar\/wp-content\/uploads\/2019\/09\/participantes3-1024x683.jpg 1024w, https:\/\/www.realclubmaritimomelilla.es\/clmar\/wp-content\/uploads\/2019\/09\/participantes3.jpg 2126w\" sizes=\"(max-width: 2126px) 100vw, 2126px\" \/><\/a>\n\t\t\t<\/dt><\/dl><dl class='gallery-item'>\n\t\t\t<dt class='gallery-icon landscape'>\n\t\t\t\t<a data-rel=\"iLightbox[postimages]\" data-title=\"participantes4\" data-caption=\"\" href='https:\/\/www.realclubmaritimomelilla.es\/clmar\/galeria-imagenes-concurso-de-paellas-2019\/participantes4\/'><img decoding=\"async\" width=\"2126\" height=\"1417\" src=\"https:\/\/www.realclubmaritimomelilla.es\/clmar\/wp-content\/uploads\/2019\/09\/participantes4.jpg\" class=\"attachment-full size-full\" alt=\"\" srcset=\"https:\/\/www.realclubmaritimomelilla.es\/clmar\/wp-content\/uploads\/2019\/09\/participantes4-300x200.jpg 300w, https:\/\/www.realclubmaritimomelilla.es\/clmar\/wp-content\/uploads\/2019\/09\/participantes4-600x400.jpg 600w, https:\/\/www.realclubmaritimomelilla.es\/clmar\/wp-content\/uploads\/2019\/09\/participantes4-768x512.jpg 768w, https:\/\/www.realclubmaritimomelilla.es\/clmar\/wp-content\/uploads\/2019\/09\/participantes4-1024x683.jpg 1024w, https:\/\/www.realclubmaritimomelilla.es\/clmar\/wp-content\/uploads\/2019\/09\/participantes4.jpg 2126w\" sizes=\"(max-width: 2126px) 100vw, 2126px\" \/><\/a>\n\t\t\t<\/dt><\/dl><br style=\"clear: both\" \/><dl class='gallery-item'>\n\t\t\t<dt class='gallery-icon landscape'>\n\t\t\t\t<a data-rel=\"iLightbox[postimages]\" data-title=\"participantes5\" data-caption=\"\" href='https:\/\/www.realclubmaritimomelilla.es\/clmar\/galeria-imagenes-concurso-de-paellas-2019\/participantes5\/'><img decoding=\"async\" width=\"2126\" height=\"1417\" src=\"https:\/\/www.realclubmaritimomelilla.es\/clmar\/wp-content\/uploads\/2019\/09\/participantes5.jpg\" class=\"attachment-full size-full\" alt=\"\" srcset=\"https:\/\/www.realclubmaritimomelilla.es\/clmar\/wp-content\/uploads\/2019\/09\/participantes5-300x200.jpg 300w, https:\/\/www.realclubmaritimomelilla.es\/clmar\/wp-content\/uploads\/2019\/09\/participantes5-600x400.jpg 600w, https:\/\/www.realclubmaritimomelilla.es\/clmar\/wp-content\/uploads\/2019\/09\/participantes5-768x512.jpg 768w, https:\/\/www.realclubmaritimomelilla.es\/clmar\/wp-content\/uploads\/2019\/09\/participantes5-1024x683.jpg 1024w, https:\/\/www.realclubmaritimomelilla.es\/clmar\/wp-content\/uploads\/2019\/09\/participantes5.jpg 2126w\" sizes=\"(max-width: 2126px) 100vw, 2126px\" \/><\/a>\n\t\t\t<\/dt><\/dl><dl class='gallery-item'>\n\t\t\t<dt class='gallery-icon landscape'>\n\t\t\t\t<a data-rel=\"iLightbox[postimages]\" data-title=\"participantes6\" data-caption=\"\" href='https:\/\/www.realclubmaritimomelilla.es\/clmar\/galeria-imagenes-concurso-de-paellas-2019\/participantes6\/'><img decoding=\"async\" width=\"2126\" height=\"1417\" src=\"https:\/\/www.realclubmaritimomelilla.es\/clmar\/wp-content\/uploads\/2019\/09\/participantes6.jpg\" class=\"attachment-full size-full\" alt=\"\" srcset=\"https:\/\/www.realclubmaritimomelilla.es\/clmar\/wp-content\/uploads\/2019\/09\/participantes6-300x200.jpg 300w, https:\/\/www.realclubmaritimomelilla.es\/clmar\/wp-content\/uploads\/2019\/09\/participantes6-600x400.jpg 600w, https:\/\/www.realclubmaritimomelilla.es\/clmar\/wp-content\/uploads\/2019\/09\/participantes6-768x512.jpg 768w, https:\/\/www.realclubmaritimomelilla.es\/clmar\/wp-content\/uploads\/2019\/09\/participantes6-1024x683.jpg 1024w, https:\/\/www.realclubmaritimomelilla.es\/clmar\/wp-content\/uploads\/2019\/09\/participantes6.jpg 2126w\" sizes=\"(max-width: 2126px) 100vw, 2126px\" \/><\/a>\n\t\t\t<\/dt><\/dl><dl class='gallery-item'>\n\t\t\t<dt class='gallery-icon landscape'>\n\t\t\t\t<a data-rel=\"iLightbox[postimages]\" data-title=\"participantes7\" data-caption=\"\" href='https:\/\/www.realclubmaritimomelilla.es\/clmar\/galeria-imagenes-concurso-de-paellas-2019\/participantes7\/'><img decoding=\"async\" width=\"2126\" height=\"1417\" src=\"https:\/\/www.realclubmaritimomelilla.es\/clmar\/wp-content\/uploads\/2019\/09\/participantes7.jpg\" class=\"attachment-full size-full\" alt=\"\" srcset=\"https:\/\/www.realclubmaritimomelilla.es\/clmar\/wp-content\/uploads\/2019\/09\/participantes7-300x200.jpg 300w, https:\/\/www.realclubmaritimomelilla.es\/clmar\/wp-content\/uploads\/2019\/09\/participantes7-600x400.jpg 600w, https:\/\/www.realclubmaritimomelilla.es\/clmar\/wp-content\/uploads\/2019\/09\/participantes7-768x512.jpg 768w, https:\/\/www.realclubmaritimomelilla.es\/clmar\/wp-content\/uploads\/2019\/09\/participantes7-1024x683.jpg 1024w, https:\/\/www.realclubmaritimomelilla.es\/clmar\/wp-content\/uploads\/2019\/09\/participantes7.jpg 2126w\" sizes=\"(max-width: 2126px) 100vw, 2126px\" \/><\/a>\n\t\t\t<\/dt><\/dl><br style=\"clear: both\" \/><dl class='gallery-item'>\n\t\t\t<dt class='gallery-icon landscape'>\n\t\t\t\t<a data-rel=\"iLightbox[postimages]\" data-title=\"participantes8\" data-caption=\"\" href='https:\/\/www.realclubmaritimomelilla.es\/clmar\/galeria-imagenes-concurso-de-paellas-2019\/participantes8\/'><img decoding=\"async\" width=\"2126\" height=\"1417\" src=\"https:\/\/www.realclubmaritimomelilla.es\/clmar\/wp-content\/uploads\/2019\/09\/participantes8.jpg\" class=\"attachment-full size-full\" alt=\"\" srcset=\"https:\/\/www.realclubmaritimomelilla.es\/clmar\/wp-content\/uploads\/2019\/09\/participantes8-300x200.jpg 300w, https:\/\/www.realclubmaritimomelilla.es\/clmar\/wp-content\/uploads\/2019\/09\/participantes8-600x400.jpg 600w, https:\/\/www.realclubmaritimomelilla.es\/clmar\/wp-content\/uploads\/2019\/09\/participantes8-768x512.jpg 768w, https:\/\/www.realclubmaritimomelilla.es\/clmar\/wp-content\/uploads\/2019\/09\/participantes8-1024x683.jpg 1024w, https:\/\/www.realclubmaritimomelilla.es\/clmar\/wp-content\/uploads\/2019\/09\/participantes8.jpg 2126w\" sizes=\"(max-width: 2126px) 100vw, 2126px\" \/><\/a>\n\t\t\t<\/dt><\/dl><dl class='gallery-item'>\n\t\t\t<dt class='gallery-icon landscape'>\n\t\t\t\t<a data-rel=\"iLightbox[postimages]\" data-title=\"participantes9\" data-caption=\"\" href='https:\/\/www.realclubmaritimomelilla.es\/clmar\/galeria-imagenes-concurso-de-paellas-2019\/participantes9\/'><img decoding=\"async\" width=\"2126\" height=\"1417\" src=\"https:\/\/www.realclubmaritimomelilla.es\/clmar\/wp-content\/uploads\/2019\/09\/participantes9.jpg\" class=\"attachment-full size-full\" alt=\"\" srcset=\"https:\/\/www.realclubmaritimomelilla.es\/clmar\/wp-content\/uploads\/2019\/09\/participantes9-300x200.jpg 300w, https:\/\/www.realclubmaritimomelilla.es\/clmar\/wp-content\/uploads\/2019\/09\/participantes9-600x400.jpg 600w, https:\/\/www.realclubmaritimomelilla.es\/clmar\/wp-content\/uploads\/2019\/09\/participantes9-768x512.jpg 768w, https:\/\/www.realclubmaritimomelilla.es\/clmar\/wp-content\/uploads\/2019\/09\/participantes9-1024x683.jpg 1024w, https:\/\/www.realclubmaritimomelilla.es\/clmar\/wp-content\/uploads\/2019\/09\/participantes9.jpg 2126w\" sizes=\"(max-width: 2126px) 100vw, 2126px\" \/><\/a>\n\t\t\t<\/dt><\/dl><dl class='gallery-item'>\n\t\t\t<dt class='gallery-icon landscape'>\n\t\t\t\t<a data-rel=\"iLightbox[postimages]\" data-title=\"participantes10\" data-caption=\"\" href='https:\/\/www.realclubmaritimomelilla.es\/clmar\/galeria-imagenes-concurso-de-paellas-2019\/participantes10\/'><img decoding=\"async\" width=\"2126\" height=\"1417\" src=\"https:\/\/www.realclubmaritimomelilla.es\/clmar\/wp-content\/uploads\/2019\/09\/participantes10.jpg\" class=\"attachment-full size-full\" alt=\"\" srcset=\"https:\/\/www.realclubmaritimomelilla.es\/clmar\/wp-content\/uploads\/2019\/09\/participantes10-300x200.jpg 300w, https:\/\/www.realclubmaritimomelilla.es\/clmar\/wp-content\/uploads\/2019\/09\/participantes10-600x400.jpg 600w, https:\/\/www.realclubmaritimomelilla.es\/clmar\/wp-content\/uploads\/2019\/09\/participantes10-768x512.jpg 768w, https:\/\/www.realclubmaritimomelilla.es\/clmar\/wp-content\/uploads\/2019\/09\/participantes10-1024x683.jpg 1024w, https:\/\/www.realclubmaritimomelilla.es\/clmar\/wp-content\/uploads\/2019\/09\/participantes10.jpg 2126w\" sizes=\"(max-width: 2126px) 100vw, 2126px\" \/><\/a>\n\t\t\t<\/dt><\/dl><br style=\"clear: both\" \/><dl class='gallery-item'>\n\t\t\t<dt class='gallery-icon landscape'>\n\t\t\t\t<a data-rel=\"iLightbox[postimages]\" data-title=\"participantes11\" data-caption=\"\" href='https:\/\/www.realclubmaritimomelilla.es\/clmar\/galeria-imagenes-concurso-de-paellas-2019\/participantes11\/'><img decoding=\"async\" width=\"2126\" height=\"1417\" src=\"https:\/\/www.realclubmaritimomelilla.es\/clmar\/wp-content\/uploads\/2019\/09\/participantes11.jpg\" class=\"attachment-full size-full\" alt=\"\" srcset=\"https:\/\/www.realclubmaritimomelilla.es\/clmar\/wp-content\/uploads\/2019\/09\/participantes11-300x200.jpg 300w, https:\/\/www.realclubmaritimomelilla.es\/clmar\/wp-content\/uploads\/2019\/09\/participantes11-600x400.jpg 600w, https:\/\/www.realclubmaritimomelilla.es\/clmar\/wp-content\/uploads\/2019\/09\/participantes11-768x512.jpg 768w, https:\/\/www.realclubmaritimomelilla.es\/clmar\/wp-content\/uploads\/2019\/09\/participantes11-1024x683.jpg 1024w, https:\/\/www.realclubmaritimomelilla.es\/clmar\/wp-content\/uploads\/2019\/09\/participantes11.jpg 2126w\" sizes=\"(max-width: 2126px) 100vw, 2126px\" \/><\/a>\n\t\t\t<\/dt><\/dl><dl class='gallery-item'>\n\t\t\t<dt class='gallery-icon landscape'>\n\t\t\t\t<a data-rel=\"iLightbox[postimages]\" data-title=\"participantes12\" data-caption=\"\" href='https:\/\/www.realclubmaritimomelilla.es\/clmar\/galeria-imagenes-concurso-de-paellas-2019\/participantes12\/'><img decoding=\"async\" width=\"2126\" height=\"1417\" src=\"https:\/\/www.realclubmaritimomelilla.es\/clmar\/wp-content\/uploads\/2019\/09\/participantes12.jpg\" class=\"attachment-full size-full\" alt=\"\" srcset=\"https:\/\/www.realclubmaritimomelilla.es\/clmar\/wp-content\/uploads\/2019\/09\/participantes12-300x200.jpg 300w, https:\/\/www.realclubmaritimomelilla.es\/clmar\/wp-content\/uploads\/2019\/09\/participantes12-600x400.jpg 600w, https:\/\/www.realclubmaritimomelilla.es\/clmar\/wp-content\/uploads\/2019\/09\/participantes12-768x512.jpg 768w, https:\/\/www.realclubmaritimomelilla.es\/clmar\/wp-content\/uploads\/2019\/09\/participantes12-1024x683.jpg 1024w, https:\/\/www.realclubmaritimomelilla.es\/clmar\/wp-content\/uploads\/2019\/09\/participantes12.jpg 2126w\" sizes=\"(max-width: 2126px) 100vw, 2126px\" \/><\/a>\n\t\t\t<\/dt><\/dl><dl class='gallery-item'>\n\t\t\t<dt class='gallery-icon landscape'>\n\t\t\t\t<a data-rel=\"iLightbox[postimages]\" data-title=\"participantes13\" data-caption=\"\" href='https:\/\/www.realclubmaritimomelilla.es\/clmar\/galeria-imagenes-concurso-de-paellas-2019\/participantes13\/'><img decoding=\"async\" width=\"2126\" height=\"1417\" src=\"https:\/\/www.realclubmaritimomelilla.es\/clmar\/wp-content\/uploads\/2019\/09\/participantes13.jpg\" class=\"attachment-full size-full\" alt=\"\" srcset=\"https:\/\/www.realclubmaritimomelilla.es\/clmar\/wp-content\/uploads\/2019\/09\/participantes13-300x200.jpg 300w, https:\/\/www.realclubmaritimomelilla.es\/clmar\/wp-content\/uploads\/2019\/09\/participantes13-600x400.jpg 600w, https:\/\/www.realclubmaritimomelilla.es\/clmar\/wp-content\/uploads\/2019\/09\/participantes13-768x512.jpg 768w, https:\/\/www.realclubmaritimomelilla.es\/clmar\/wp-content\/uploads\/2019\/09\/participantes13-1024x683.jpg 1024w, https:\/\/www.realclubmaritimomelilla.es\/clmar\/wp-content\/uploads\/2019\/09\/participantes13.jpg 2126w\" sizes=\"(max-width: 2126px) 100vw, 2126px\" \/><\/a>\n\t\t\t<\/dt><\/dl><br style=\"clear: both\" \/><dl class='gallery-item'>\n\t\t\t<dt class='gallery-icon landscape'>\n\t\t\t\t<a data-rel=\"iLightbox[postimages]\" data-title=\"participantes14\" data-caption=\"\" href='https:\/\/www.realclubmaritimomelilla.es\/clmar\/galeria-imagenes-concurso-de-paellas-2019\/participantes14\/'><img decoding=\"async\" width=\"2126\" height=\"1417\" src=\"https:\/\/www.realclubmaritimomelilla.es\/clmar\/wp-content\/uploads\/2019\/09\/participantes14.jpg\" class=\"attachment-full size-full\" alt=\"\" srcset=\"https:\/\/www.realclubmaritimomelilla.es\/clmar\/wp-content\/uploads\/2019\/09\/participantes14-300x200.jpg 300w, https:\/\/www.realclubmaritimomelilla.es\/clmar\/wp-content\/uploads\/2019\/09\/participantes14-600x400.jpg 600w, https:\/\/www.realclubmaritimomelilla.es\/clmar\/wp-content\/uploads\/2019\/09\/participantes14-768x512.jpg 768w, https:\/\/www.realclubmaritimomelilla.es\/clmar\/wp-content\/uploads\/2019\/09\/participantes14-1024x683.jpg 1024w, https:\/\/www.realclubmaritimomelilla.es\/clmar\/wp-content\/uploads\/2019\/09\/participantes14.jpg 2126w\" sizes=\"(max-width: 2126px) 100vw, 2126px\" \/><\/a>\n\t\t\t<\/dt><\/dl><dl class='gallery-item'>\n\t\t\t<dt class='gallery-icon landscape'>\n\t\t\t\t<a data-rel=\"iLightbox[postimages]\" data-title=\"participantes15\" data-caption=\"\" href='https:\/\/www.realclubmaritimomelilla.es\/clmar\/galeria-imagenes-concurso-de-paellas-2019\/participantes15\/'><img decoding=\"async\" width=\"2126\" height=\"1417\" src=\"https:\/\/www.realclubmaritimomelilla.es\/clmar\/wp-content\/uploads\/2019\/09\/participantes15.jpg\" class=\"attachment-full size-full\" alt=\"\" srcset=\"https:\/\/www.realclubmaritimomelilla.es\/clmar\/wp-content\/uploads\/2019\/09\/participantes15-300x200.jpg 300w, https:\/\/www.realclubmaritimomelilla.es\/clmar\/wp-content\/uploads\/2019\/09\/participantes15-600x400.jpg 600w, https:\/\/www.realclubmaritimomelilla.es\/clmar\/wp-content\/uploads\/2019\/09\/participantes15-768x512.jpg 768w, https:\/\/www.realclubmaritimomelilla.es\/clmar\/wp-content\/uploads\/2019\/09\/participantes15-1024x683.jpg 1024w, https:\/\/www.realclubmaritimomelilla.es\/clmar\/wp-content\/uploads\/2019\/09\/participantes15.jpg 2126w\" sizes=\"(max-width: 2126px) 100vw, 2126px\" \/><\/a>\n\t\t\t<\/dt><\/dl><dl class='gallery-item'>\n\t\t\t<dt class='gallery-icon landscape'>\n\t\t\t\t<a data-rel=\"iLightbox[postimages]\" data-title=\"participantes16\" data-caption=\"\" href='https:\/\/www.realclubmaritimomelilla.es\/clmar\/galeria-imagenes-concurso-de-paellas-2019\/participantes16\/'><img decoding=\"async\" width=\"2126\" height=\"1417\" src=\"https:\/\/www.realclubmaritimomelilla.es\/clmar\/wp-content\/uploads\/2019\/09\/participantes16.jpg\" class=\"attachment-full size-full\" alt=\"\" srcset=\"https:\/\/www.realclubmaritimomelilla.es\/clmar\/wp-content\/uploads\/2019\/09\/participantes16-300x200.jpg 300w, https:\/\/www.realclubmaritimomelilla.es\/clmar\/wp-content\/uploads\/2019\/09\/participantes16-600x400.jpg 600w, https:\/\/www.realclubmaritimomelilla.es\/clmar\/wp-content\/uploads\/2019\/09\/participantes16-768x512.jpg 768w, https:\/\/www.realclubmaritimomelilla.es\/clmar\/wp-content\/uploads\/2019\/09\/participantes16-1024x683.jpg 1024w, https:\/\/www.realclubmaritimomelilla.es\/clmar\/wp-content\/uploads\/2019\/09\/participantes16.jpg 2126w\" sizes=\"(max-width: 2126px) 100vw, 2126px\" \/><\/a>\n\t\t\t<\/dt><\/dl><br style=\"clear: both\" \/><dl class='gallery-item'>\n\t\t\t<dt class='gallery-icon landscape'>\n\t\t\t\t<a data-rel=\"iLightbox[postimages]\" data-title=\"participantes17\" data-caption=\"\" href='https:\/\/www.realclubmaritimomelilla.es\/clmar\/galeria-imagenes-concurso-de-paellas-2019\/participantes17\/'><img decoding=\"async\" width=\"2126\" height=\"1417\" src=\"https:\/\/www.realclubmaritimomelilla.es\/clmar\/wp-content\/uploads\/2019\/09\/participantes17.jpg\" class=\"attachment-full size-full\" alt=\"\" srcset=\"https:\/\/www.realclubmaritimomelilla.es\/clmar\/wp-content\/uploads\/2019\/09\/participantes17-300x200.jpg 300w, https:\/\/www.realclubmaritimomelilla.es\/clmar\/wp-content\/uploads\/2019\/09\/participantes17-600x400.jpg 600w, https:\/\/www.realclubmaritimomelilla.es\/clmar\/wp-content\/uploads\/2019\/09\/participantes17-768x512.jpg 768w, https:\/\/www.realclubmaritimomelilla.es\/clmar\/wp-content\/uploads\/2019\/09\/participantes17-1024x683.jpg 1024w, https:\/\/www.realclubmaritimomelilla.es\/clmar\/wp-content\/uploads\/2019\/09\/participantes17.jpg 2126w\" sizes=\"(max-width: 2126px) 100vw, 2126px\" \/><\/a>\n\t\t\t<\/dt><\/dl><dl class='gallery-item'>\n\t\t\t<dt class='gallery-icon landscape'>\n\t\t\t\t<a data-rel=\"iLightbox[postimages]\" data-title=\"participantes18\" data-caption=\"\" href='https:\/\/www.realclubmaritimomelilla.es\/clmar\/galeria-imagenes-concurso-de-paellas-2019\/participantes18\/'><img decoding=\"async\" width=\"2126\" height=\"1417\" src=\"https:\/\/www.realclubmaritimomelilla.es\/clmar\/wp-content\/uploads\/2019\/09\/participantes18.jpg\" class=\"attachment-full size-full\" alt=\"\" srcset=\"https:\/\/www.realclubmaritimomelilla.es\/clmar\/wp-content\/uploads\/2019\/09\/participantes18-300x200.jpg 300w, https:\/\/www.realclubmaritimomelilla.es\/clmar\/wp-content\/uploads\/2019\/09\/participantes18-600x400.jpg 600w, https:\/\/www.realclubmaritimomelilla.es\/clmar\/wp-content\/uploads\/2019\/09\/participantes18-768x512.jpg 768w, https:\/\/www.realclubmaritimomelilla.es\/clmar\/wp-content\/uploads\/2019\/09\/participantes18-1024x683.jpg 1024w, https:\/\/www.realclubmaritimomelilla.es\/clmar\/wp-content\/uploads\/2019\/09\/participantes18.jpg 2126w\" sizes=\"(max-width: 2126px) 100vw, 2126px\" \/><\/a>\n\t\t\t<\/dt><\/dl><dl class='gallery-item'>\n\t\t\t<dt class='gallery-icon landscape'>\n\t\t\t\t<a data-rel=\"iLightbox[postimages]\" data-title=\"participantes19\" data-caption=\"\" href='https:\/\/www.realclubmaritimomelilla.es\/clmar\/galeria-imagenes-concurso-de-paellas-2019\/participantes19\/'><img decoding=\"async\" width=\"2126\" height=\"1417\" src=\"https:\/\/www.realclubmaritimomelilla.es\/clmar\/wp-content\/uploads\/2019\/09\/participantes19.jpg\" class=\"attachment-full size-full\" alt=\"\" srcset=\"https:\/\/www.realclubmaritimomelilla.es\/clmar\/wp-content\/uploads\/2019\/09\/participantes19-300x200.jpg 300w, https:\/\/www.realclubmaritimomelilla.es\/clmar\/wp-content\/uploads\/2019\/09\/participantes19-600x400.jpg 600w, https:\/\/www.realclubmaritimomelilla.es\/clmar\/wp-content\/uploads\/2019\/09\/participantes19-768x512.jpg 768w, https:\/\/www.realclubmaritimomelilla.es\/clmar\/wp-content\/uploads\/2019\/09\/participantes19-1024x683.jpg 1024w, https:\/\/www.realclubmaritimomelilla.es\/clmar\/wp-content\/uploads\/2019\/09\/participantes19.jpg 2126w\" sizes=\"(max-width: 2126px) 100vw, 2126px\" \/><\/a>\n\t\t\t<\/dt><\/dl><br style=\"clear: both\" \/><dl class='gallery-item'>\n\t\t\t<dt class='gallery-icon landscape'>\n\t\t\t\t<a data-rel=\"iLightbox[postimages]\" data-title=\"participantes20\" data-caption=\"\" href='https:\/\/www.realclubmaritimomelilla.es\/clmar\/galeria-imagenes-concurso-de-paellas-2019\/participantes20\/'><img decoding=\"async\" width=\"2126\" height=\"1417\" src=\"https:\/\/www.realclubmaritimomelilla.es\/clmar\/wp-content\/uploads\/2019\/09\/participantes20.jpg\" class=\"attachment-full size-full\" alt=\"\" srcset=\"https:\/\/www.realclubmaritimomelilla.es\/clmar\/wp-content\/uploads\/2019\/09\/participantes20-300x200.jpg 300w, https:\/\/www.realclubmaritimomelilla.es\/clmar\/wp-content\/uploads\/2019\/09\/participantes20-600x400.jpg 600w, https:\/\/www.realclubmaritimomelilla.es\/clmar\/wp-content\/uploads\/2019\/09\/participantes20-768x512.jpg 768w, https:\/\/www.realclubmaritimomelilla.es\/clmar\/wp-content\/uploads\/2019\/09\/participantes20-1024x683.jpg 1024w, https:\/\/www.realclubmaritimomelilla.es\/clmar\/wp-content\/uploads\/2019\/09\/participantes20.jpg 2126w\" sizes=\"(max-width: 2126px) 100vw, 2126px\" \/><\/a>\n\t\t\t<\/dt><\/dl><dl class='gallery-item'>\n\t\t\t<dt class='gallery-icon landscape'>\n\t\t\t\t<a data-rel=\"iLightbox[postimages]\" data-title=\"participantes21\" data-caption=\"\" href='https:\/\/www.realclubmaritimomelilla.es\/clmar\/galeria-imagenes-concurso-de-paellas-2019\/participantes21\/'><img decoding=\"async\" width=\"2126\" height=\"1417\" src=\"https:\/\/www.realclubmaritimomelilla.es\/clmar\/wp-content\/uploads\/2019\/09\/participantes21.jpg\" class=\"attachment-full size-full\" alt=\"\" srcset=\"https:\/\/www.realclubmaritimomelilla.es\/clmar\/wp-content\/uploads\/2019\/09\/participantes21-300x200.jpg 300w, https:\/\/www.realclubmaritimomelilla.es\/clmar\/wp-content\/uploads\/2019\/09\/participantes21-600x400.jpg 600w, https:\/\/www.realclubmaritimomelilla.es\/clmar\/wp-content\/uploads\/2019\/09\/participantes21-768x512.jpg 768w, https:\/\/www.realclubmaritimomelilla.es\/clmar\/wp-content\/uploads\/2019\/09\/participantes21-1024x683.jpg 1024w, https:\/\/www.realclubmaritimomelilla.es\/clmar\/wp-content\/uploads\/2019\/09\/participantes21.jpg 2126w\" sizes=\"(max-width: 2126px) 100vw, 2126px\" \/><\/a>\n\t\t\t<\/dt><\/dl><dl class='gallery-item'>\n\t\t\t<dt class='gallery-icon landscape'>\n\t\t\t\t<a data-rel=\"iLightbox[postimages]\" data-title=\"participantes22\" data-caption=\"\" href='https:\/\/www.realclubmaritimomelilla.es\/clmar\/galeria-imagenes-concurso-de-paellas-2019\/participantes22\/'><img decoding=\"async\" width=\"2126\" height=\"1417\" src=\"https:\/\/www.realclubmaritimomelilla.es\/clmar\/wp-content\/uploads\/2019\/09\/participantes22.jpg\" class=\"attachment-full size-full\" alt=\"\" srcset=\"https:\/\/www.realclubmaritimomelilla.es\/clmar\/wp-content\/uploads\/2019\/09\/participantes22-300x200.jpg 300w, https:\/\/www.realclubmaritimomelilla.es\/clmar\/wp-content\/uploads\/2019\/09\/participantes22-600x400.jpg 600w, https:\/\/www.realclubmaritimomelilla.es\/clmar\/wp-content\/uploads\/2019\/09\/participantes22-768x512.jpg 768w, https:\/\/www.realclubmaritimomelilla.es\/clmar\/wp-content\/uploads\/2019\/09\/participantes22-1024x683.jpg 1024w, https:\/\/www.realclubmaritimomelilla.es\/clmar\/wp-content\/uploads\/2019\/09\/participantes22.jpg 2126w\" sizes=\"(max-width: 2126px) 100vw, 2126px\" \/><\/a>\n\t\t\t<\/dt><\/dl><br style=\"clear: both\" \/><dl class='gallery-item'>\n\t\t\t<dt class='gallery-icon landscape'>\n\t\t\t\t<a data-rel=\"iLightbox[postimages]\" data-title=\"participantes23\" data-caption=\"\" href='https:\/\/www.realclubmaritimomelilla.es\/clmar\/galeria-imagenes-concurso-de-paellas-2019\/participantes23\/'><img decoding=\"async\" width=\"2126\" height=\"1417\" src=\"https:\/\/www.realclubmaritimomelilla.es\/clmar\/wp-content\/uploads\/2019\/09\/participantes23.jpg\" class=\"attachment-full size-full\" alt=\"\" srcset=\"https:\/\/www.realclubmaritimomelilla.es\/clmar\/wp-content\/uploads\/2019\/09\/participantes23-300x200.jpg 300w, https:\/\/www.realclubmaritimomelilla.es\/clmar\/wp-content\/uploads\/2019\/09\/participantes23-600x400.jpg 600w, https:\/\/www.realclubmaritimomelilla.es\/clmar\/wp-content\/uploads\/2019\/09\/participantes23-768x512.jpg 768w, https:\/\/www.realclubmaritimomelilla.es\/clmar\/wp-content\/uploads\/2019\/09\/participantes23-1024x683.jpg 1024w, https:\/\/www.realclubmaritimomelilla.es\/clmar\/wp-content\/uploads\/2019\/09\/participantes23.jpg 2126w\" sizes=\"(max-width: 2126px) 100vw, 2126px\" \/><\/a>\n\t\t\t<\/dt><\/dl><dl class='gallery-item'>\n\t\t\t<dt class='gallery-icon landscape'>\n\t\t\t\t<a data-rel=\"iLightbox[postimages]\" data-title=\"participantes24\" data-caption=\"\" href='https:\/\/www.realclubmaritimomelilla.es\/clmar\/galeria-imagenes-concurso-de-paellas-2019\/participantes24\/'><img decoding=\"async\" width=\"2126\" height=\"1417\" src=\"https:\/\/www.realclubmaritimomelilla.es\/clmar\/wp-content\/uploads\/2019\/09\/participantes24.jpg\" class=\"attachment-full size-full\" alt=\"\" srcset=\"https:\/\/www.realclubmaritimomelilla.es\/clmar\/wp-content\/uploads\/2019\/09\/participantes24-300x200.jpg 300w, https:\/\/www.realclubmaritimomelilla.es\/clmar\/wp-content\/uploads\/2019\/09\/participantes24-600x400.jpg 600w, https:\/\/www.realclubmaritimomelilla.es\/clmar\/wp-content\/uploads\/2019\/09\/participantes24-768x512.jpg 768w, https:\/\/www.realclubmaritimomelilla.es\/clmar\/wp-content\/uploads\/2019\/09\/participantes24-1024x683.jpg 1024w, https:\/\/www.realclubmaritimomelilla.es\/clmar\/wp-content\/uploads\/2019\/09\/participantes24.jpg 2126w\" sizes=\"(max-width: 2126px) 100vw, 2126px\" \/><\/a>\n\t\t\t<\/dt><\/dl><dl class='gallery-item'>\n\t\t\t<dt class='gallery-icon landscape'>\n\t\t\t\t<a data-rel=\"iLightbox[postimages]\" data-title=\"participantes25\" data-caption=\"\" href='https:\/\/www.realclubmaritimomelilla.es\/clmar\/galeria-imagenes-concurso-de-paellas-2019\/participantes25\/'><img decoding=\"async\" width=\"2126\" height=\"1417\" src=\"https:\/\/www.realclubmaritimomelilla.es\/clmar\/wp-content\/uploads\/2019\/09\/participantes25.jpg\" class=\"attachment-full size-full\" alt=\"\" srcset=\"https:\/\/www.realclubmaritimomelilla.es\/clmar\/wp-content\/uploads\/2019\/09\/participantes25-300x200.jpg 300w, https:\/\/www.realclubmaritimomelilla.es\/clmar\/wp-content\/uploads\/2019\/09\/participantes25-600x400.jpg 600w, https:\/\/www.realclubmaritimomelilla.es\/clmar\/wp-content\/uploads\/2019\/09\/participantes25-768x512.jpg 768w, https:\/\/www.realclubmaritimomelilla.es\/clmar\/wp-content\/uploads\/2019\/09\/participantes25-1024x683.jpg 1024w, https:\/\/www.realclubmaritimomelilla.es\/clmar\/wp-content\/uploads\/2019\/09\/participantes25.jpg 2126w\" sizes=\"(max-width: 2126px) 100vw, 2126px\" \/><\/a>\n\t\t\t<\/dt><\/dl><br style=\"clear: both\" \/><dl class='gallery-item'>\n\t\t\t<dt class='gallery-icon landscape'>\n\t\t\t\t<a data-rel=\"iLightbox[postimages]\" data-title=\"participantes26\" data-caption=\"\" href='https:\/\/www.realclubmaritimomelilla.es\/clmar\/galeria-imagenes-concurso-de-paellas-2019\/participantes26\/'><img decoding=\"async\" width=\"2126\" height=\"1417\" src=\"https:\/\/www.realclubmaritimomelilla.es\/clmar\/wp-content\/uploads\/2019\/09\/participantes26.jpg\" class=\"attachment-full size-full\" alt=\"\" srcset=\"https:\/\/www.realclubmaritimomelilla.es\/clmar\/wp-content\/uploads\/2019\/09\/participantes26-300x200.jpg 300w, https:\/\/www.realclubmaritimomelilla.es\/clmar\/wp-content\/uploads\/2019\/09\/participantes26-600x400.jpg 600w, https:\/\/www.realclubmaritimomelilla.es\/clmar\/wp-content\/uploads\/2019\/09\/participantes26-768x512.jpg 768w, https:\/\/www.realclubmaritimomelilla.es\/clmar\/wp-content\/uploads\/2019\/09\/participantes26-1024x683.jpg 1024w, https:\/\/www.realclubmaritimomelilla.es\/clmar\/wp-content\/uploads\/2019\/09\/participantes26.jpg 2126w\" sizes=\"(max-width: 2126px) 100vw, 2126px\" \/><\/a>\n\t\t\t<\/dt><\/dl><dl class='gallery-item'>\n\t\t\t<dt class='gallery-icon landscape'>\n\t\t\t\t<a data-rel=\"iLightbox[postimages]\" data-title=\"participantes27\" data-caption=\"\" href='https:\/\/www.realclubmaritimomelilla.es\/clmar\/galeria-imagenes-concurso-de-paellas-2019\/participantes27\/'><img decoding=\"async\" width=\"2126\" height=\"1417\" src=\"https:\/\/www.realclubmaritimomelilla.es\/clmar\/wp-content\/uploads\/2019\/09\/participantes27.jpg\" class=\"attachment-full size-full\" alt=\"\" srcset=\"https:\/\/www.realclubmaritimomelilla.es\/clmar\/wp-content\/uploads\/2019\/09\/participantes27-300x200.jpg 300w, https:\/\/www.realclubmaritimomelilla.es\/clmar\/wp-content\/uploads\/2019\/09\/participantes27-600x400.jpg 600w, https:\/\/www.realclubmaritimomelilla.es\/clmar\/wp-content\/uploads\/2019\/09\/participantes27-768x512.jpg 768w, https:\/\/www.realclubmaritimomelilla.es\/clmar\/wp-content\/uploads\/2019\/09\/participantes27-1024x683.jpg 1024w, https:\/\/www.realclubmaritimomelilla.es\/clmar\/wp-content\/uploads\/2019\/09\/participantes27.jpg 2126w\" sizes=\"(max-width: 2126px) 100vw, 2126px\" \/><\/a>\n\t\t\t<\/dt><\/dl><dl class='gallery-item'>\n\t\t\t<dt class='gallery-icon landscape'>\n\t\t\t\t<a data-rel=\"iLightbox[postimages]\" data-title=\"ambiente\" data-caption=\"\" href='https:\/\/www.realclubmaritimomelilla.es\/clmar\/galeria-imagenes-concurso-de-paellas-2019\/ambiente-2\/'><img decoding=\"async\" width=\"2126\" height=\"1417\" src=\"https:\/\/www.realclubmaritimomelilla.es\/clmar\/wp-content\/uploads\/2019\/09\/ambiente.jpg\" class=\"attachment-full size-full\" alt=\"\" srcset=\"https:\/\/www.realclubmaritimomelilla.es\/clmar\/wp-content\/uploads\/2019\/09\/ambiente-300x200.jpg 300w, https:\/\/www.realclubmaritimomelilla.es\/clmar\/wp-content\/uploads\/2019\/09\/ambiente-600x400.jpg 600w, https:\/\/www.realclubmaritimomelilla.es\/clmar\/wp-content\/uploads\/2019\/09\/ambiente-768x512.jpg 768w, https:\/\/www.realclubmaritimomelilla.es\/clmar\/wp-content\/uploads\/2019\/09\/ambiente-1024x683.jpg 1024w, https:\/\/www.realclubmaritimomelilla.es\/clmar\/wp-content\/uploads\/2019\/09\/ambiente.jpg 2126w\" sizes=\"(max-width: 2126px) 100vw, 2126px\" \/><\/a>\n\t\t\t<\/dt><\/dl><br style=\"clear: both\" \/><dl class='gallery-item'>\n\t\t\t<dt class='gallery-icon landscape'>\n\t\t\t\t<a data-rel=\"iLightbox[postimages]\" data-title=\"ambiente2\" data-caption=\"\" href='https:\/\/www.realclubmaritimomelilla.es\/clmar\/galeria-imagenes-concurso-de-paellas-2019\/ambiente2\/'><img decoding=\"async\" width=\"2126\" height=\"1417\" src=\"https:\/\/www.realclubmaritimomelilla.es\/clmar\/wp-content\/uploads\/2019\/09\/ambiente2.jpg\" class=\"attachment-full size-full\" alt=\"\" srcset=\"https:\/\/www.realclubmaritimomelilla.es\/clmar\/wp-content\/uploads\/2019\/09\/ambiente2-300x200.jpg 300w, https:\/\/www.realclubmaritimomelilla.es\/clmar\/wp-content\/uploads\/2019\/09\/ambiente2-600x400.jpg 600w, https:\/\/www.realclubmaritimomelilla.es\/clmar\/wp-content\/uploads\/2019\/09\/ambiente2-768x512.jpg 768w, https:\/\/www.realclubmaritimomelilla.es\/clmar\/wp-content\/uploads\/2019\/09\/ambiente2-1024x683.jpg 1024w, https:\/\/www.realclubmaritimomelilla.es\/clmar\/wp-content\/uploads\/2019\/09\/ambiente2.jpg 2126w\" sizes=\"(max-width: 2126px) 100vw, 2126px\" \/><\/a>\n\t\t\t<\/dt><\/dl><dl class='gallery-item'>\n\t\t\t<dt class='gallery-icon landscape'>\n\t\t\t\t<a data-rel=\"iLightbox[postimages]\" data-title=\"concurso paellas 4\" data-caption=\"\" href='https:\/\/www.realclubmaritimomelilla.es\/clmar\/galeria-imagenes-concurso-de-paellas-2019\/concurso-paellas-4\/'><img decoding=\"async\" width=\"2126\" height=\"1417\" src=\"https:\/\/www.realclubmaritimomelilla.es\/clmar\/wp-content\/uploads\/2019\/09\/concurso-paellas-4.jpg\" class=\"attachment-full size-full\" alt=\"\" srcset=\"https:\/\/www.realclubmaritimomelilla.es\/clmar\/wp-content\/uploads\/2019\/09\/concurso-paellas-4-300x200.jpg 300w, https:\/\/www.realclubmaritimomelilla.es\/clmar\/wp-content\/uploads\/2019\/09\/concurso-paellas-4-600x400.jpg 600w, https:\/\/www.realclubmaritimomelilla.es\/clmar\/wp-content\/uploads\/2019\/09\/concurso-paellas-4-768x512.jpg 768w, https:\/\/www.realclubmaritimomelilla.es\/clmar\/wp-content\/uploads\/2019\/09\/concurso-paellas-4-1024x683.jpg 1024w, https:\/\/www.realclubmaritimomelilla.es\/clmar\/wp-content\/uploads\/2019\/09\/concurso-paellas-4.jpg 2126w\" sizes=\"(max-width: 2126px) 100vw, 2126px\" \/><\/a>\n\t\t\t<\/dt><\/dl><dl class='gallery-item'>\n\t\t\t<dt class='gallery-icon landscape'>\n\t\t\t\t<a data-rel=\"iLightbox[postimages]\" data-title=\"concurso paellas 5\" data-caption=\"\" href='https:\/\/www.realclubmaritimomelilla.es\/clmar\/galeria-imagenes-concurso-de-paellas-2019\/concurso-paellas-5\/'><img decoding=\"async\" width=\"2126\" height=\"1417\" src=\"https:\/\/www.realclubmaritimomelilla.es\/clmar\/wp-content\/uploads\/2019\/09\/concurso-paellas-5.jpg\" class=\"attachment-full size-full\" alt=\"\" srcset=\"https:\/\/www.realclubmaritimomelilla.es\/clmar\/wp-content\/uploads\/2019\/09\/concurso-paellas-5-300x200.jpg 300w, https:\/\/www.realclubmaritimomelilla.es\/clmar\/wp-content\/uploads\/2019\/09\/concurso-paellas-5-600x400.jpg 600w, https:\/\/www.realclubmaritimomelilla.es\/clmar\/wp-content\/uploads\/2019\/09\/concurso-paellas-5-768x512.jpg 768w, https:\/\/www.realclubmaritimomelilla.es\/clmar\/wp-content\/uploads\/2019\/09\/concurso-paellas-5-1024x683.jpg 1024w, https:\/\/www.realclubmaritimomelilla.es\/clmar\/wp-content\/uploads\/2019\/09\/concurso-paellas-5.jpg 2126w\" sizes=\"(max-width: 2126px) 100vw, 2126px\" \/><\/a>\n\t\t\t<\/dt><\/dl><br style=\"clear: both\" \/><dl class='gallery-item'>\n\t\t\t<dt class='gallery-icon landscape'>\n\t\t\t\t<a data-rel=\"iLightbox[postimages]\" data-title=\"concurso paellas 9\" data-caption=\"\" href='https:\/\/www.realclubmaritimomelilla.es\/clmar\/galeria-imagenes-concurso-de-paellas-2019\/concurso-paellas-9\/'><img decoding=\"async\" width=\"2126\" height=\"1417\" src=\"https:\/\/www.realclubmaritimomelilla.es\/clmar\/wp-content\/uploads\/2019\/09\/concurso-paellas-9.jpg\" class=\"attachment-full size-full\" alt=\"\" srcset=\"https:\/\/www.realclubmaritimomelilla.es\/clmar\/wp-content\/uploads\/2019\/09\/concurso-paellas-9-300x200.jpg 300w, https:\/\/www.realclubmaritimomelilla.es\/clmar\/wp-content\/uploads\/2019\/09\/concurso-paellas-9-600x400.jpg 600w, https:\/\/www.realclubmaritimomelilla.es\/clmar\/wp-content\/uploads\/2019\/09\/concurso-paellas-9-768x512.jpg 768w, https:\/\/www.realclubmaritimomelilla.es\/clmar\/wp-content\/uploads\/2019\/09\/concurso-paellas-9-1024x683.jpg 1024w, https:\/\/www.realclubmaritimomelilla.es\/clmar\/wp-content\/uploads\/2019\/09\/concurso-paellas-9.jpg 2126w\" sizes=\"(max-width: 2126px) 100vw, 2126px\" \/><\/a>\n\t\t\t<\/dt><\/dl><dl class='gallery-item'>\n\t\t\t<dt class='gallery-icon landscape'>\n\t\t\t\t<a data-rel=\"iLightbox[postimages]\" data-title=\"concurso paellas\" data-caption=\"\" href='https:\/\/www.realclubmaritimomelilla.es\/clmar\/galeria-imagenes-concurso-de-paellas-2019\/concurso-paellas-2\/'><img decoding=\"async\" width=\"2126\" height=\"1417\" src=\"https:\/\/www.realclubmaritimomelilla.es\/clmar\/wp-content\/uploads\/2019\/09\/concurso-paellas.jpg\" class=\"attachment-full size-full\" alt=\"\" srcset=\"https:\/\/www.realclubmaritimomelilla.es\/clmar\/wp-content\/uploads\/2019\/09\/concurso-paellas-300x200.jpg 300w, https:\/\/www.realclubmaritimomelilla.es\/clmar\/wp-content\/uploads\/2019\/09\/concurso-paellas-600x400.jpg 600w, https:\/\/www.realclubmaritimomelilla.es\/clmar\/wp-content\/uploads\/2019\/09\/concurso-paellas-768x512.jpg 768w, https:\/\/www.realclubmaritimomelilla.es\/clmar\/wp-content\/uploads\/2019\/09\/concurso-paellas-1024x683.jpg 1024w, https:\/\/www.realclubmaritimomelilla.es\/clmar\/wp-content\/uploads\/2019\/09\/concurso-paellas.jpg 2126w\" sizes=\"(max-width: 2126px) 100vw, 2126px\" \/><\/a>\n\t\t\t<\/dt><\/dl><dl class='gallery-item'>\n\t\t\t<dt class='gallery-icon landscape'>\n\t\t\t\t<a data-rel=\"iLightbox[postimages]\" data-title=\"concurso paellas2\" data-caption=\"\" href='https:\/\/www.realclubmaritimomelilla.es\/clmar\/galeria-imagenes-concurso-de-paellas-2019\/concurso-paellas2\/'><img decoding=\"async\" width=\"2126\" height=\"1417\" src=\"https:\/\/www.realclubmaritimomelilla.es\/clmar\/wp-content\/uploads\/2019\/09\/concurso-paellas2.jpg\" class=\"attachment-full size-full\" alt=\"\" srcset=\"https:\/\/www.realclubmaritimomelilla.es\/clmar\/wp-content\/uploads\/2019\/09\/concurso-paellas2-300x200.jpg 300w, https:\/\/www.realclubmaritimomelilla.es\/clmar\/wp-content\/uploads\/2019\/09\/concurso-paellas2-600x400.jpg 600w, https:\/\/www.realclubmaritimomelilla.es\/clmar\/wp-content\/uploads\/2019\/09\/concurso-paellas2-768x512.jpg 768w, https:\/\/www.realclubmaritimomelilla.es\/clmar\/wp-content\/uploads\/2019\/09\/concurso-paellas2-1024x683.jpg 1024w, https:\/\/www.realclubmaritimomelilla.es\/clmar\/wp-content\/uploads\/2019\/09\/concurso-paellas2.jpg 2126w\" sizes=\"(max-width: 2126px) 100vw, 2126px\" \/><\/a>\n\t\t\t<\/dt><\/dl><br style=\"clear: both\" \/><dl class='gallery-item'>\n\t\t\t<dt class='gallery-icon landscape'>\n\t\t\t\t<a data-rel=\"iLightbox[postimages]\" data-title=\"concurso paellas3\" data-caption=\"\" href='https:\/\/www.realclubmaritimomelilla.es\/clmar\/galeria-imagenes-concurso-de-paellas-2019\/concurso-paellas3\/'><img decoding=\"async\" width=\"2126\" height=\"1417\" src=\"https:\/\/www.realclubmaritimomelilla.es\/clmar\/wp-content\/uploads\/2019\/09\/concurso-paellas3.jpg\" class=\"attachment-full size-full\" alt=\"\" srcset=\"https:\/\/www.realclubmaritimomelilla.es\/clmar\/wp-content\/uploads\/2019\/09\/concurso-paellas3-300x200.jpg 300w, https:\/\/www.realclubmaritimomelilla.es\/clmar\/wp-content\/uploads\/2019\/09\/concurso-paellas3-600x400.jpg 600w, https:\/\/www.realclubmaritimomelilla.es\/clmar\/wp-content\/uploads\/2019\/09\/concurso-paellas3-768x512.jpg 768w, https:\/\/www.realclubmaritimomelilla.es\/clmar\/wp-content\/uploads\/2019\/09\/concurso-paellas3-1024x683.jpg 1024w, https:\/\/www.realclubmaritimomelilla.es\/clmar\/wp-content\/uploads\/2019\/09\/concurso-paellas3.jpg 2126w\" sizes=\"(max-width: 2126px) 100vw, 2126px\" \/><\/a>\n\t\t\t<\/dt><\/dl><dl class='gallery-item'>\n\t\t\t<dt class='gallery-icon landscape'>\n\t\t\t\t<a data-rel=\"iLightbox[postimages]\" data-title=\"concurso paellas6\" data-caption=\"\" href='https:\/\/www.realclubmaritimomelilla.es\/clmar\/galeria-imagenes-concurso-de-paellas-2019\/concurso-paellas6\/'><img decoding=\"async\" width=\"2126\" height=\"1417\" src=\"https:\/\/www.realclubmaritimomelilla.es\/clmar\/wp-content\/uploads\/2019\/09\/concurso-paellas6.jpg\" class=\"attachment-full size-full\" alt=\"\" srcset=\"https:\/\/www.realclubmaritimomelilla.es\/clmar\/wp-content\/uploads\/2019\/09\/concurso-paellas6-300x200.jpg 300w, https:\/\/www.realclubmaritimomelilla.es\/clmar\/wp-content\/uploads\/2019\/09\/concurso-paellas6-600x400.jpg 600w, https:\/\/www.realclubmaritimomelilla.es\/clmar\/wp-content\/uploads\/2019\/09\/concurso-paellas6-768x512.jpg 768w, https:\/\/www.realclubmaritimomelilla.es\/clmar\/wp-content\/uploads\/2019\/09\/concurso-paellas6-1024x683.jpg 1024w, https:\/\/www.realclubmaritimomelilla.es\/clmar\/wp-content\/uploads\/2019\/09\/concurso-paellas6.jpg 2126w\" sizes=\"(max-width: 2126px) 100vw, 2126px\" \/><\/a>\n\t\t\t<\/dt><\/dl><dl class='gallery-item'>\n\t\t\t<dt class='gallery-icon landscape'>\n\t\t\t\t<a data-rel=\"iLightbox[postimages]\" data-title=\"concurso paellas7\" data-caption=\"\" href='https:\/\/www.realclubmaritimomelilla.es\/clmar\/galeria-imagenes-concurso-de-paellas-2019\/concurso-paellas7\/'><img decoding=\"async\" width=\"2126\" height=\"1417\" src=\"https:\/\/www.realclubmaritimomelilla.es\/clmar\/wp-content\/uploads\/2019\/09\/concurso-paellas7.jpg\" class=\"attachment-full size-full\" alt=\"\" srcset=\"https:\/\/www.realclubmaritimomelilla.es\/clmar\/wp-content\/uploads\/2019\/09\/concurso-paellas7-300x200.jpg 300w, https:\/\/www.realclubmaritimomelilla.es\/clmar\/wp-content\/uploads\/2019\/09\/concurso-paellas7-600x400.jpg 600w, https:\/\/www.realclubmaritimomelilla.es\/clmar\/wp-content\/uploads\/2019\/09\/concurso-paellas7-768x512.jpg 768w, https:\/\/www.realclubmaritimomelilla.es\/clmar\/wp-content\/uploads\/2019\/09\/concurso-paellas7-1024x683.jpg 1024w, https:\/\/www.realclubmaritimomelilla.es\/clmar\/wp-content\/uploads\/2019\/09\/concurso-paellas7.jpg 2126w\" sizes=\"(max-width: 2126px) 100vw, 2126px\" \/><\/a>\n\t\t\t<\/dt><\/dl><br style=\"clear: both\" \/><dl class='gallery-item'>\n\t\t\t<dt class='gallery-icon landscape'>\n\t\t\t\t<a data-rel=\"iLightbox[postimages]\" data-title=\"concurso paellas8\" data-caption=\"\" href='https:\/\/www.realclubmaritimomelilla.es\/clmar\/galeria-imagenes-concurso-de-paellas-2019\/concurso-paellas8\/'><img decoding=\"async\" width=\"2126\" height=\"1417\" src=\"https:\/\/www.realclubmaritimomelilla.es\/clmar\/wp-content\/uploads\/2019\/09\/concurso-paellas8.jpg\" class=\"attachment-full size-full\" alt=\"\" srcset=\"https:\/\/www.realclubmaritimomelilla.es\/clmar\/wp-content\/uploads\/2019\/09\/concurso-paellas8-300x200.jpg 300w, https:\/\/www.realclubmaritimomelilla.es\/clmar\/wp-content\/uploads\/2019\/09\/concurso-paellas8-600x400.jpg 600w, https:\/\/www.realclubmaritimomelilla.es\/clmar\/wp-content\/uploads\/2019\/09\/concurso-paellas8-768x512.jpg 768w, https:\/\/www.realclubmaritimomelilla.es\/clmar\/wp-content\/uploads\/2019\/09\/concurso-paellas8-1024x683.jpg 1024w, https:\/\/www.realclubmaritimomelilla.es\/clmar\/wp-content\/uploads\/2019\/09\/concurso-paellas8.jpg 2126w\" sizes=\"(max-width: 2126px) 100vw, 2126px\" \/><\/a>\n\t\t\t<\/dt><\/dl>\n\t\t\t<br style='clear: both' \/>\n\t\t<\/div>\n<div class=\"fusion-clearfix\"><\/div><\/div><\/div><\/div><style type=\"text\/css\">.fusion-fullwidth.fusion-builder-row-1 { overflow:visible; }<\/style><\/div>\n","protected":false},"excerpt":{"rendered":"<p>Este s\u00e1bado de Feria 7 de septiembre, se ha celebrado en el Real Club Mar\u00edtimo de Melilla el tradicional concurso de paellas con 35 participantes y m\u00e1s de mil doscientas personas en las instalaciones del Club.<\/p>\n","protected":false},"author":1,"featured_media":14817,"comment_status":"open","ping_status":"open","sticky":false,"template":"","format":"standard","meta":{"_acf_changed":false,"footnotes":""},"categories":[39],"tags":[],"class_list":["post-14776","post","type-post","status-publish","format-standard","has-post-thumbnail","hentry","category-celebraciones"],"acf":[],"yoast_head":"<!-- This site is optimized with the Yoast SEO plugin v27.5 - https:\/\/yoast.com\/product\/yoast-seo-wordpress\/ -->\n<title>GALER\u00cdA IM\u00c1GENES CONCURSO DE PAELLAS 2019 - Real Club Mar\u00edtimo de Melilla<\/title>\n<meta name=\"description\" content=\"GALER\u00cdA IM\u00c1GENES CONCURSO DE PAELLAS 2019 -\" \/>\n<meta name=\"robots\" content=\"index, follow, max-snippet:-1, max-image-preview:large, max-video-preview:-1\" \/>\n<link rel=\"canonical\" href=\"https:\/\/www.realclubmaritimomelilla.es\/clmar\/galeria-imagenes-concurso-de-paellas-2019\/\" \/>\n<meta property=\"og:locale\" content=\"es_ES\" \/>\n<meta property=\"og:type\" content=\"article\" \/>\n<meta property=\"og:title\" content=\"GALER\u00cdA IM\u00c1GENES CONCURSO DE PAELLAS 2019 - Real Club Mar\u00edtimo de Melilla\" \/>\n<meta property=\"og:description\" content=\"GALER\u00cdA IM\u00c1GENES CONCURSO DE PAELLAS 2019 -\" \/>\n<meta property=\"og:url\" content=\"https:\/\/www.realclubmaritimomelilla.es\/clmar\/galeria-imagenes-concurso-de-paellas-2019\/\" \/>\n<meta property=\"og:site_name\" content=\"Real Club Mar\u00edtimo de Melilla\" \/>\n<meta property=\"article:publisher\" content=\"https:\/\/www.facebook.com\/Real-Club-Mar%c3%adtimo-de-Melilla-588495841234214\/\" \/>\n<meta property=\"article:published_time\" content=\"2019-09-07T15:04:53+00:00\" \/>\n<meta property=\"article:modified_time\" content=\"2021-07-20T09:38:54+00:00\" \/>\n<meta property=\"og:image\" content=\"https:\/\/www.realclubmaritimomelilla.es\/clmar\/wp-content\/uploads\/2019\/09\/concurso-paellas.jpg\" \/>\n\t<meta property=\"og:image:width\" content=\"2126\" \/>\n\t<meta property=\"og:image:height\" content=\"1417\" \/>\n\t<meta property=\"og:image:type\" content=\"image\/jpeg\" \/>\n<meta name=\"author\" content=\"RCMMelilla\" \/>\n<meta name=\"twitter:card\" content=\"summary_large_image\" \/>\n<meta name=\"twitter:creator\" content=\"@nauticarcmm\" \/>\n<meta name=\"twitter:site\" content=\"@nauticarcmm\" \/>\n<meta name=\"twitter:label1\" content=\"Escrito por\" \/>\n\t<meta name=\"twitter:data1\" content=\"RCMMelilla\" \/>\n\t<meta name=\"twitter:label2\" content=\"Tiempo de lectura\" \/>\n\t<meta name=\"twitter:data2\" content=\"1 minuto\" \/>\n<script type=\"application\/ld+json\" class=\"yoast-schema-graph\">{\"@context\":\"https:\\\/\\\/schema.org\",\"@graph\":[{\"@type\":\"Article\",\"@id\":\"https:\\\/\\\/www.realclubmaritimomelilla.es\\\/clmar\\\/galeria-imagenes-concurso-de-paellas-2019\\\/#article\",\"isPartOf\":{\"@id\":\"https:\\\/\\\/www.realclubmaritimomelilla.es\\\/clmar\\\/galeria-imagenes-concurso-de-paellas-2019\\\/\"},\"author\":{\"name\":\"RCMMelilla\",\"@id\":\"https:\\\/\\\/www.realclubmaritimomelilla.es\\\/clmar\\\/#\\\/schema\\\/person\\\/ebaa3713496dc6d48c872452e73a8e79\"},\"headline\":\"GALER\u00cdA IM\u00c1GENES CONCURSO DE PAELLAS 2019\",\"datePublished\":\"2019-09-07T15:04:53+00:00\",\"dateModified\":\"2021-07-20T09:38:54+00:00\",\"mainEntityOfPage\":{\"@id\":\"https:\\\/\\\/www.realclubmaritimomelilla.es\\\/clmar\\\/galeria-imagenes-concurso-de-paellas-2019\\\/\"},\"wordCount\":118,\"commentCount\":0,\"publisher\":{\"@id\":\"https:\\\/\\\/www.realclubmaritimomelilla.es\\\/clmar\\\/#organization\"},\"image\":{\"@id\":\"https:\\\/\\\/www.realclubmaritimomelilla.es\\\/clmar\\\/galeria-imagenes-concurso-de-paellas-2019\\\/#primaryimage\"},\"thumbnailUrl\":\"https:\\\/\\\/www.realclubmaritimomelilla.es\\\/clmar\\\/wp-content\\\/uploads\\\/2019\\\/09\\\/concurso-paellas.jpg\",\"articleSection\":[\"Celebraciones\"],\"inLanguage\":\"es\",\"potentialAction\":[{\"@type\":\"CommentAction\",\"name\":\"Comment\",\"target\":[\"https:\\\/\\\/www.realclubmaritimomelilla.es\\\/clmar\\\/galeria-imagenes-concurso-de-paellas-2019\\\/#respond\"]}]},{\"@type\":\"WebPage\",\"@id\":\"https:\\\/\\\/www.realclubmaritimomelilla.es\\\/clmar\\\/galeria-imagenes-concurso-de-paellas-2019\\\/\",\"url\":\"https:\\\/\\\/www.realclubmaritimomelilla.es\\\/clmar\\\/galeria-imagenes-concurso-de-paellas-2019\\\/\",\"name\":\"GALER\u00cdA IM\u00c1GENES CONCURSO DE PAELLAS 2019 - Real Club Mar\u00edtimo de Melilla\",\"isPartOf\":{\"@id\":\"https:\\\/\\\/www.realclubmaritimomelilla.es\\\/clmar\\\/#website\"},\"primaryImageOfPage\":{\"@id\":\"https:\\\/\\\/www.realclubmaritimomelilla.es\\\/clmar\\\/galeria-imagenes-concurso-de-paellas-2019\\\/#primaryimage\"},\"image\":{\"@id\":\"https:\\\/\\\/www.realclubmaritimomelilla.es\\\/clmar\\\/galeria-imagenes-concurso-de-paellas-2019\\\/#primaryimage\"},\"thumbnailUrl\":\"https:\\\/\\\/www.realclubmaritimomelilla.es\\\/clmar\\\/wp-content\\\/uploads\\\/2019\\\/09\\\/concurso-paellas.jpg\",\"datePublished\":\"2019-09-07T15:04:53+00:00\",\"dateModified\":\"2021-07-20T09:38:54+00:00\",\"description\":\"GALER\u00cdA IM\u00c1GENES CONCURSO DE PAELLAS 2019 -\",\"breadcrumb\":{\"@id\":\"https:\\\/\\\/www.realclubmaritimomelilla.es\\\/clmar\\\/galeria-imagenes-concurso-de-paellas-2019\\\/#breadcrumb\"},\"inLanguage\":\"es\",\"potentialAction\":[{\"@type\":\"ReadAction\",\"target\":[\"https:\\\/\\\/www.realclubmaritimomelilla.es\\\/clmar\\\/galeria-imagenes-concurso-de-paellas-2019\\\/\"]}]},{\"@type\":\"ImageObject\",\"inLanguage\":\"es\",\"@id\":\"https:\\\/\\\/www.realclubmaritimomelilla.es\\\/clmar\\\/galeria-imagenes-concurso-de-paellas-2019\\\/#primaryimage\",\"url\":\"https:\\\/\\\/www.realclubmaritimomelilla.es\\\/clmar\\\/wp-content\\\/uploads\\\/2019\\\/09\\\/concurso-paellas.jpg\",\"contentUrl\":\"https:\\\/\\\/www.realclubmaritimomelilla.es\\\/clmar\\\/wp-content\\\/uploads\\\/2019\\\/09\\\/concurso-paellas.jpg\",\"width\":2126,\"height\":1417},{\"@type\":\"BreadcrumbList\",\"@id\":\"https:\\\/\\\/www.realclubmaritimomelilla.es\\\/clmar\\\/galeria-imagenes-concurso-de-paellas-2019\\\/#breadcrumb\",\"itemListElement\":[{\"@type\":\"ListItem\",\"position\":1,\"name\":\"Portada\",\"item\":\"https:\\\/\\\/www.realclubmaritimomelilla.es\\\/clmar\\\/\"},{\"@type\":\"ListItem\",\"position\":2,\"name\":\"GALER\u00cdA IM\u00c1GENES CONCURSO DE PAELLAS 2019\"}]},{\"@type\":\"WebSite\",\"@id\":\"https:\\\/\\\/www.realclubmaritimomelilla.es\\\/clmar\\\/#website\",\"url\":\"https:\\\/\\\/www.realclubmaritimomelilla.es\\\/clmar\\\/\",\"name\":\"Real Club Mar\u00edtimo de Melilla\",\"description\":\"RCMM\",\"publisher\":{\"@id\":\"https:\\\/\\\/www.realclubmaritimomelilla.es\\\/clmar\\\/#organization\"},\"alternateName\":\"RCMM\",\"potentialAction\":[{\"@type\":\"SearchAction\",\"target\":{\"@type\":\"EntryPoint\",\"urlTemplate\":\"https:\\\/\\\/www.realclubmaritimomelilla.es\\\/clmar\\\/?s={search_term_string}\"},\"query-input\":{\"@type\":\"PropertyValueSpecification\",\"valueRequired\":true,\"valueName\":\"search_term_string\"}}],\"inLanguage\":\"es\"},{\"@type\":\"Organization\",\"@id\":\"https:\\\/\\\/www.realclubmaritimomelilla.es\\\/clmar\\\/#organization\",\"name\":\"Real Club Mar\u00edtimo de Melilla\",\"alternateName\":\"RCMM\",\"url\":\"https:\\\/\\\/www.realclubmaritimomelilla.es\\\/clmar\\\/\",\"logo\":{\"@type\":\"ImageObject\",\"inLanguage\":\"es\",\"@id\":\"https:\\\/\\\/www.realclubmaritimomelilla.es\\\/clmar\\\/#\\\/schema\\\/logo\\\/image\\\/\",\"url\":\"https:\\\/\\\/www.realclubmaritimomelilla.es\\\/clmar\\\/wp-content\\\/uploads\\\/logo-club-original-copia.jpg\",\"contentUrl\":\"https:\\\/\\\/www.realclubmaritimomelilla.es\\\/clmar\\\/wp-content\\\/uploads\\\/logo-club-original-copia.jpg\",\"width\":128,\"height\":89,\"caption\":\"Real Club Mar\u00edtimo de Melilla\"},\"image\":{\"@id\":\"https:\\\/\\\/www.realclubmaritimomelilla.es\\\/clmar\\\/#\\\/schema\\\/logo\\\/image\\\/\"},\"sameAs\":[\"https:\\\/\\\/www.facebook.com\\\/Real-Club-Mar\u00edtimo-de-Melilla-588495841234214\\\/\",\"https:\\\/\\\/x.com\\\/nauticarcmm\",\"https:\\\/\\\/www.instagram.com\\\/club_maritimo_melilla\\\/\",\"https:\\\/\\\/www.youtube.com\\\/@realclubmaritimodemelilla4703\",\"https:\\\/\\\/es.wikipedia.org\\\/wiki\\\/Real_Club_Mar\u00edtimo_de_Melilla\"]},{\"@type\":\"Person\",\"@id\":\"https:\\\/\\\/www.realclubmaritimomelilla.es\\\/clmar\\\/#\\\/schema\\\/person\\\/ebaa3713496dc6d48c872452e73a8e79\",\"name\":\"RCMMelilla\",\"image\":{\"@type\":\"ImageObject\",\"inLanguage\":\"es\",\"@id\":\"https:\\\/\\\/secure.gravatar.com\\\/avatar\\\/df1c24789360fb9308735c4ee556fc2bc5bf924bf01e53043b8b97ba272da33c?s=96&d=mm&r=g\",\"url\":\"https:\\\/\\\/secure.gravatar.com\\\/avatar\\\/df1c24789360fb9308735c4ee556fc2bc5bf924bf01e53043b8b97ba272da33c?s=96&d=mm&r=g\",\"contentUrl\":\"https:\\\/\\\/secure.gravatar.com\\\/avatar\\\/df1c24789360fb9308735c4ee556fc2bc5bf924bf01e53043b8b97ba272da33c?s=96&d=mm&r=g\",\"caption\":\"RCMMelilla\"}}]}<\/script>\n<!-- \/ Yoast SEO plugin. -->","yoast_head_json":{"title":"GALER\u00cdA IM\u00c1GENES CONCURSO DE PAELLAS 2019 - Real Club Mar\u00edtimo de Melilla","description":"GALER\u00cdA IM\u00c1GENES CONCURSO DE PAELLAS 2019 -","robots":{"index":"index","follow":"follow","max-snippet":"max-snippet:-1","max-image-preview":"max-image-preview:large","max-video-preview":"max-video-preview:-1"},"canonical":"https:\/\/www.realclubmaritimomelilla.es\/clmar\/galeria-imagenes-concurso-de-paellas-2019\/","og_locale":"es_ES","og_type":"article","og_title":"GALER\u00cdA IM\u00c1GENES CONCURSO DE PAELLAS 2019 - Real Club Mar\u00edtimo de Melilla","og_description":"GALER\u00cdA IM\u00c1GENES CONCURSO DE PAELLAS 2019 -","og_url":"https:\/\/www.realclubmaritimomelilla.es\/clmar\/galeria-imagenes-concurso-de-paellas-2019\/","og_site_name":"Real Club Mar\u00edtimo de Melilla","article_publisher":"https:\/\/www.facebook.com\/Real-Club-Mar%c3%adtimo-de-Melilla-588495841234214\/","article_published_time":"2019-09-07T15:04:53+00:00","article_modified_time":"2021-07-20T09:38:54+00:00","og_image":[{"width":2126,"height":1417,"url":"https:\/\/www.realclubmaritimomelilla.es\/clmar\/wp-content\/uploads\/2019\/09\/concurso-paellas.jpg","type":"image\/jpeg"}],"author":"RCMMelilla","twitter_card":"summary_large_image","twitter_creator":"@nauticarcmm","twitter_site":"@nauticarcmm","twitter_misc":{"Escrito por":"RCMMelilla","Tiempo de lectura":"1 minuto"},"schema":{"@context":"https:\/\/schema.org","@graph":[{"@type":"Article","@id":"https:\/\/www.realclubmaritimomelilla.es\/clmar\/galeria-imagenes-concurso-de-paellas-2019\/#article","isPartOf":{"@id":"https:\/\/www.realclubmaritimomelilla.es\/clmar\/galeria-imagenes-concurso-de-paellas-2019\/"},"author":{"name":"RCMMelilla","@id":"https:\/\/www.realclubmaritimomelilla.es\/clmar\/#\/schema\/person\/ebaa3713496dc6d48c872452e73a8e79"},"headline":"GALER\u00cdA IM\u00c1GENES CONCURSO DE PAELLAS 2019","datePublished":"2019-09-07T15:04:53+00:00","dateModified":"2021-07-20T09:38:54+00:00","mainEntityOfPage":{"@id":"https:\/\/www.realclubmaritimomelilla.es\/clmar\/galeria-imagenes-concurso-de-paellas-2019\/"},"wordCount":118,"commentCount":0,"publisher":{"@id":"https:\/\/www.realclubmaritimomelilla.es\/clmar\/#organization"},"image":{"@id":"https:\/\/www.realclubmaritimomelilla.es\/clmar\/galeria-imagenes-concurso-de-paellas-2019\/#primaryimage"},"thumbnailUrl":"https:\/\/www.realclubmaritimomelilla.es\/clmar\/wp-content\/uploads\/2019\/09\/concurso-paellas.jpg","articleSection":["Celebraciones"],"inLanguage":"es","potentialAction":[{"@type":"CommentAction","name":"Comment","target":["https:\/\/www.realclubmaritimomelilla.es\/clmar\/galeria-imagenes-concurso-de-paellas-2019\/#respond"]}]},{"@type":"WebPage","@id":"https:\/\/www.realclubmaritimomelilla.es\/clmar\/galeria-imagenes-concurso-de-paellas-2019\/","url":"https:\/\/www.realclubmaritimomelilla.es\/clmar\/galeria-imagenes-concurso-de-paellas-2019\/","name":"GALER\u00cdA IM\u00c1GENES CONCURSO DE PAELLAS 2019 - Real Club Mar\u00edtimo de Melilla","isPartOf":{"@id":"https:\/\/www.realclubmaritimomelilla.es\/clmar\/#website"},"primaryImageOfPage":{"@id":"https:\/\/www.realclubmaritimomelilla.es\/clmar\/galeria-imagenes-concurso-de-paellas-2019\/#primaryimage"},"image":{"@id":"https:\/\/www.realclubmaritimomelilla.es\/clmar\/galeria-imagenes-concurso-de-paellas-2019\/#primaryimage"},"thumbnailUrl":"https:\/\/www.realclubmaritimomelilla.es\/clmar\/wp-content\/uploads\/2019\/09\/concurso-paellas.jpg","datePublished":"2019-09-07T15:04:53+00:00","dateModified":"2021-07-20T09:38:54+00:00","description":"GALER\u00cdA IM\u00c1GENES CONCURSO DE PAELLAS 2019 -","breadcrumb":{"@id":"https:\/\/www.realclubmaritimomelilla.es\/clmar\/galeria-imagenes-concurso-de-paellas-2019\/#breadcrumb"},"inLanguage":"es","potentialAction":[{"@type":"ReadAction","target":["https:\/\/www.realclubmaritimomelilla.es\/clmar\/galeria-imagenes-concurso-de-paellas-2019\/"]}]},{"@type":"ImageObject","inLanguage":"es","@id":"https:\/\/www.realclubmaritimomelilla.es\/clmar\/galeria-imagenes-concurso-de-paellas-2019\/#primaryimage","url":"https:\/\/www.realclubmaritimomelilla.es\/clmar\/wp-content\/uploads\/2019\/09\/concurso-paellas.jpg","contentUrl":"https:\/\/www.realclubmaritimomelilla.es\/clmar\/wp-content\/uploads\/2019\/09\/concurso-paellas.jpg","width":2126,"height":1417},{"@type":"BreadcrumbList","@id":"https:\/\/www.realclubmaritimomelilla.es\/clmar\/galeria-imagenes-concurso-de-paellas-2019\/#breadcrumb","itemListElement":[{"@type":"ListItem","position":1,"name":"Portada","item":"https:\/\/www.realclubmaritimomelilla.es\/clmar\/"},{"@type":"ListItem","position":2,"name":"GALER\u00cdA IM\u00c1GENES CONCURSO DE PAELLAS 2019"}]},{"@type":"WebSite","@id":"https:\/\/www.realclubmaritimomelilla.es\/clmar\/#website","url":"https:\/\/www.realclubmaritimomelilla.es\/clmar\/","name":"Real Club Mar\u00edtimo de Melilla","description":"RCMM","publisher":{"@id":"https:\/\/www.realclubmaritimomelilla.es\/clmar\/#organization"},"alternateName":"RCMM","potentialAction":[{"@type":"SearchAction","target":{"@type":"EntryPoint","urlTemplate":"https:\/\/www.realclubmaritimomelilla.es\/clmar\/?s={search_term_string}"},"query-input":{"@type":"PropertyValueSpecification","valueRequired":true,"valueName":"search_term_string"}}],"inLanguage":"es"},{"@type":"Organization","@id":"https:\/\/www.realclubmaritimomelilla.es\/clmar\/#organization","name":"Real Club Mar\u00edtimo de Melilla","alternateName":"RCMM","url":"https:\/\/www.realclubmaritimomelilla.es\/clmar\/","logo":{"@type":"ImageObject","inLanguage":"es","@id":"https:\/\/www.realclubmaritimomelilla.es\/clmar\/#\/schema\/logo\/image\/","url":"https:\/\/www.realclubmaritimomelilla.es\/clmar\/wp-content\/uploads\/logo-club-original-copia.jpg","contentUrl":"https:\/\/www.realclubmaritimomelilla.es\/clmar\/wp-content\/uploads\/logo-club-original-copia.jpg","width":128,"height":89,"caption":"Real Club Mar\u00edtimo de Melilla"},"image":{"@id":"https:\/\/www.realclubmaritimomelilla.es\/clmar\/#\/schema\/logo\/image\/"},"sameAs":["https:\/\/www.facebook.com\/Real-Club-Mar\u00edtimo-de-Melilla-588495841234214\/","https:\/\/x.com\/nauticarcmm","https:\/\/www.instagram.com\/club_maritimo_melilla\/","https:\/\/www.youtube.com\/@realclubmaritimodemelilla4703","https:\/\/es.wikipedia.org\/wiki\/Real_Club_Mar\u00edtimo_de_Melilla"]},{"@type":"Person","@id":"https:\/\/www.realclubmaritimomelilla.es\/clmar\/#\/schema\/person\/ebaa3713496dc6d48c872452e73a8e79","name":"RCMMelilla","image":{"@type":"ImageObject","inLanguage":"es","@id":"https:\/\/secure.gravatar.com\/avatar\/df1c24789360fb9308735c4ee556fc2bc5bf924bf01e53043b8b97ba272da33c?s=96&d=mm&r=g","url":"https:\/\/secure.gravatar.com\/avatar\/df1c24789360fb9308735c4ee556fc2bc5bf924bf01e53043b8b97ba272da33c?s=96&d=mm&r=g","contentUrl":"https:\/\/secure.gravatar.com\/avatar\/df1c24789360fb9308735c4ee556fc2bc5bf924bf01e53043b8b97ba272da33c?s=96&d=mm&r=g","caption":"RCMMelilla"}}]}},"_links":{"self":[{"href":"https:\/\/www.realclubmaritimomelilla.es\/clmar\/wp-json\/wp\/v2\/posts\/14776","targetHints":{"allow":["GET"]}}],"collection":[{"href":"https:\/\/www.realclubmaritimomelilla.es\/clmar\/wp-json\/wp\/v2\/posts"}],"about":[{"href":"https:\/\/www.realclubmaritimomelilla.es\/clmar\/wp-json\/wp\/v2\/types\/post"}],"author":[{"embeddable":true,"href":"https:\/\/www.realclubmaritimomelilla.es\/clmar\/wp-json\/wp\/v2\/users\/1"}],"replies":[{"embeddable":true,"href":"https:\/\/www.realclubmaritimomelilla.es\/clmar\/wp-json\/wp\/v2\/comments?post=14776"}],"version-history":[{"count":2,"href":"https:\/\/www.realclubmaritimomelilla.es\/clmar\/wp-json\/wp\/v2\/posts\/14776\/revisions"}],"predecessor-version":[{"id":16023,"href":"https:\/\/www.realclubmaritimomelilla.es\/clmar\/wp-json\/wp\/v2\/posts\/14776\/revisions\/16023"}],"wp:featuredmedia":[{"embeddable":true,"href":"https:\/\/www.realclubmaritimomelilla.es\/clmar\/wp-json\/wp\/v2\/media\/14817"}],"wp:attachment":[{"href":"https:\/\/www.realclubmaritimomelilla.es\/clmar\/wp-json\/wp\/v2\/media?parent=14776"}],"wp:term":[{"taxonomy":"category","embeddable":true,"href":"https:\/\/www.realclubmaritimomelilla.es\/clmar\/wp-json\/wp\/v2\/categories?post=14776"},{"taxonomy":"post_tag","embeddable":true,"href":"https:\/\/www.realclubmaritimomelilla.es\/clmar\/wp-json\/wp\/v2\/tags?post=14776"}],"curies":[{"name":"wp","href":"https:\/\/api.w.org\/{rel}","templated":true}]}}