{"id":14615,"date":"2019-08-11T19:36:43","date_gmt":"2019-08-11T17:36:43","guid":{"rendered":"http:\/\/www.clubmaritimomelilla.es\/clmar\/?p=14615"},"modified":"2021-07-20T11:38:55","modified_gmt":"2021-07-20T09:38:55","slug":"la-semana-nautica-de-vela-ligera-en-su-recta-final","status":"publish","type":"post","link":"https:\/\/www.realclubmaritimomelilla.es\/clmar\/la-semana-nautica-de-vela-ligera-en-su-recta-final\/","title":{"rendered":"LA SEMANA N\u00c1UTICA DE VELA LIGERA, EN SU RECTA FINAL"},"content":{"rendered":"<p>La segunda jornada de competici\u00f3n en la VII Semana N\u00e1utica de Vela Ligera \u2018Ciudad de Melilla\u2019 ha requerido de un nuevo esfuerzo de la flota. Este domingo, en la ciudad aut\u00f3noma, ha vuelto a reinar el viento de poniente con una media de diecis\u00e9is nudos y con picos de hasta veintitr\u00e9s en algunos momentos de la jornada.<span class=\"Apple-converted-space\">\u00a0<\/span><\/p>\n<p>Dadas las condiciones, hoy se han quedado en la marina seca del Real Club Mar\u00edtimo de Melilla los regatistas de iniciaci\u00f3n y m\u00e1s j\u00f3venes de la flota, ante la imposibilidad de navegar con estas condiciones.<span class=\"Apple-converted-space\">\u00a0<\/span><\/p>\n<p>David S\u00e1nchez (optimist sub13), Susana Riado (optimist sub15), Manu Garc\u00eda (l\u00e1ser 4.7), Miguel Due\u00f1as (l\u00e1ser radial), Antonio Cueto (techno 293) y Jaime Andr\u00e9s Castro (raceboard) son l\u00edderes de la VII Semana N\u00e1utica de Vela Ligera en sus respectivas clases a falta de una jornada.<span class=\"Apple-converted-space\">\u00a0<\/span><\/p>\n<p>Una jornada en la que se ha vuelto a cumplir la hoja de ruta marcada por las instrucciones de regata con tres mangas en todas las clases, salvo en optimist sub13 que hoy no han navegado. Ya con seis pruebas disputadas en la mayor\u00eda de categor\u00edas se ha procedido a un descarte que ha provocado variaciones m\u00ednimas en las clasificaciones provisionales.<span class=\"Apple-converted-space\">\u00a0<\/span><\/p>\n<p>Este domingo, el Comit\u00e9 era puntual y pasaban unos minutos de las doce del mediod\u00eda cuando se iniciaba el procedimiento de salida para las clases techno 293 y raceboard. Con rumbo al 270\u00ba y con una intensidad de m\u00e1s de quince nudos arrancaba la jornada.<span class=\"Apple-converted-space\">\u00a0<\/span><\/p>\n<p>La clase techno 293 llega con un empate en la primera posici\u00f3n entre Antonio Cueto (CN Sevilla) y Azul S\u00e1nchez (RCM Melilla). El sevillano ha hecho pleno de victorias este domingo, mientras que la melillense no ha terminado de adaptarse a las condiciones de viento y ha firmado tres segundos. Un empate t\u00e9cnico roto a favor de Antonio Cueto por su mejor posici\u00f3n en la \u00faltima manga disputado. La tercera posici\u00f3n la mantiene Aitana Duarte (RCM Melilla) pero ha perdido su ventaja sobre Daniel S\u00e1nchez (CN Sevilla) que empata a puntos con la melillense.<span class=\"Apple-converted-space\">\u00a0<\/span><\/p>\n<p>Jaime Andr\u00e9s Castro (CV Valdelagrana) y Jacobo L\u00f3pez (CN Fuengirola) han protagonizado pr\u00e1cticamente un mano a mano en la clase raceboard. Han sido los \u00fanicos regatistas de la clase que han puntuado, no sin dificultades en una jornada con fuertes vientos. En este caso, el regatista gaditano ha ascendido al liderato provisional, tras lograr tres primeros puestos que le han permitido arrebatarle el liderato al malague\u00f1o Jacobo L\u00f3pez. La diferencia entre ambos es m\u00ednima, cara a la jornada de ma\u00f1ana que ser\u00e1 la que decida el t\u00edtulo de campe\u00f3n.<span class=\"Apple-converted-space\">\u00a0<\/span><\/p>\n<p>Una vez concluida la participaci\u00f3n de las tablas en el campo de regatas, desde Comit\u00e9 se llamaba al resto de la flota sobre las dos de la tarde, hora de mayor tr\u00e1nsito en el puerto de Melilla y gracias a la labor del pr\u00e1ctico todo se ha desarrollado con normalidad. As\u00ed, al filo de las 14:15 horas se daba se\u00f1al de atenci\u00f3n para los optimist sub15 y los l\u00e1ser 4.7 y radial.<\/p>\n<p>La flota optimist sub13 hoy no ha navegado por lo que sigue al frente de ella David S\u00e1nchez (CM Almer\u00eda), seguido por Sergio L\u00f3pez (RCR Cartagena) y Alba Moreno (CR Madrid).<span class=\"Apple-converted-space\">\u00a0<\/span><\/p>\n<p>Susana Ridao (CN Puerto Sherry) ha conseguido mantener el liderato en optimist sub15, aunque su ventaja es m\u00ednima sobre Juan Jos\u00e9 Fern\u00e1ndez (CM Almer\u00eda), que tras un descarte, ha ascendido desde el d\u00e9cimo puesto hasta la segunda posici\u00f3n provisional y se ha colocado a un punto del primer puesto. Marta Alvarez (CN Puerto Sherry) se ha colocado tercera, tras tambi\u00e9n mejorar varias posiciones con respecto a la primera jornada. Cada uno de ellos, hoy ha firmado un primer puesto, en una jornada muy complicada.<\/p>\n<p>Manu Garc\u00eda (CN Mar Menor) ha hecho pleno de triunfos en l\u00e1ser 4.7 y se ha colocado al frente de la clase. Le ha arrebatado el liderato a Rodrigo S\u00e1nchez (CNM Benalm\u00e1dena) que hoy ha pinchado en la segunda manga del d\u00eda, manteniendo el segundo puesto. El tercer puesto provisional es para Gonzalo Orense (RC El Candado) que pierde una posici\u00f3n.<span class=\"Apple-converted-space\">\u00a0<\/span><\/p>\n<p>Dos fueras de l\u00ednea con bandera U del madrile\u00f1o Alfonso Moreno (CR Madrid) le han hecho perder el liderato de la flota l\u00e1ser radial en favor de Miguel Due\u00f1as (RCM Melilla) que hoy ha logrado tres primeros puestos y ha ascendido un puesto en la clasificaci\u00f3n provisional. De esta forma, al segundo puesto ha ascendido Juan Jos\u00e9 Vicente (CM Almer\u00eda) y tercero se ha posicionado Alfonso Moreno que s\u00f3lo ha puntuado en la \u00faltima prueba del d\u00eda con un segundo puesto.<span class=\"Apple-converted-space\">\u00a0<\/span><\/p>\n<p>Para este lunes, tercer y \u00faltimo d\u00eda de competici\u00f3n, la salida vuelve a estar prevista para las doce del mediod\u00eda con una previsi\u00f3n de tres mangas. A las 20 horas se proceder\u00e1 a la entrega de trofeos en las instalaciones del Real Club Mar\u00edtimo de Melilla, que es el organizador junto a la ciudad aut\u00f3noma de esta VII Semana N\u00e1utica de Vela Ligera \u2018Ciudad de Melilla\u2019.<\/p>\n<p>CLASIFICAIC\u00d3N PROVISIONAL<\/p>\n<p>OPTIMIST SUB15<\/p>\n<p>1\u00aa Susana Ridao (CN Puerto Sherry) 8 puntos<\/p>\n<p>2\u00ba Juan Jos\u00e9 Fern\u00e1ndez (CM Almer\u00eda) 9 puntos<\/p>\n<p>3\u00aa Marta \u00c1lvarez (CN Puerto Cherry) 19 puntos<\/p>\n<p>4\u00ba Nacho Gamb\u00edn (CN Mar Menor) 20 puntos<\/p>\n<p>5\u00aa Mar\u00eda Fern\u00e1ndez S\u00e1nchez (CN Puerto Cherry) 25 puntos<\/p>\n<p>OPTIMIST SUB13<\/p>\n<p>1\u00ba David S\u00e1nchez (CM Almer\u00eda) 6 puntos<\/p>\n<p>2\u00ba Sergio L\u00f3pez (RCR Cartagena) 10 puntos<\/p>\n<p>3\u00aa Alba Moreno (CR Madrid) 12 puntos<\/p>\n<p>4\u00ba Jos\u00e9 Manuel Cu\u00e9llar (RCN Adra) 18 puntos<\/p>\n<p>5\u00ba Curro Gallego (RCN Motril) 18 puntos<\/p>\n<p>L\u00c1SER RADIAL<span class=\"Apple-converted-space\">\u00a0<\/span><\/p>\n<p>1\u00ba Miguel Due\u00f1as (RCM Melilla) 7 puntos<\/p>\n<p>2\u00ba Juan Jos\u00e9 Vicente (CM Almer\u00eda) 15 puntos<\/p>\n<p>3\u00ba Alfonso Moreno (CR Madrid) 17 puntos<\/p>\n<p>4\u00ba Manolo Garc\u00eda (CN Mar Menor) 21 puntos<\/p>\n<p>5\u00ba Marcos Saura (CN Mar Menor) 26 puntos<\/p>\n<p>L\u00c1SER 4.7<\/p>\n<p>1\u00ba Manu Garc\u00eda (CN Mar Menor) 5 puntos<\/p>\n<p>2\u00ba Rodrigo S\u00e1nchez (CNM Benalm\u00e1dena) 10 puntos<\/p>\n<p>3\u00ba Gonzalo Orense (RC El Candado) 18 puntos<\/p>\n<p>4\u00ba Alfie Bannister (CNM Benalm\u00e1dena) 24 puntos<\/p>\n<p>5\u00ba Carlos S\u00e1nchez (CNM Benalm\u00e1dena) 25 puntos<\/p>\n<p>TECHNO 293<\/p>\n<p>1\u00ba Antonio Cueto (CN Sevilla) 7 puntos<\/p>\n<p>2\u00aa Azul S\u00e1nchez (RCM Melilla) 7 puntos<\/p>\n<p>3\u00aa Aitana Duarte (RCM Melilla) 18 puntos<\/p>\n<p>4\u00ba Daniel S\u00e1nchez (CN Sevilla) 18 puntos<\/p>\n<p>5\u00aa Cristina Padilla (RCM Melilla) 25 puntos<\/p>\n<p>RACEBOARD<\/p>\n<p>1\u00ba Jaime Andr\u00e9s Castro (CV Valdelagrana) 6 puntos<\/p>\n<p>2\u00ba Jacobo L\u00f3pez (CN Fuengirola) 8 puntos<\/p>\n<p>3\u00ba Francisco Galindo (RCM Melilla) 27 puntos<\/p>\n","protected":false},"excerpt":{"rendered":"<p>La segunda jornada de competici\u00f3n en la VII Semana N\u00e1utica de Vela Ligera \u2018Ciudad de Melilla\u2019 ha requerido de un nuevo esfuerzo de la flota. Este domingo, en la ciudad aut\u00f3noma, ha vuelto a reinar el viento de poniente con una media de diecis\u00e9is nudos y con picos de hasta veintitr\u00e9s en algunos momentos de [&hellip;]<\/p>\n","protected":false},"author":1,"featured_media":14616,"comment_status":"open","ping_status":"open","sticky":false,"template":"","format":"standard","meta":{"_acf_changed":false,"footnotes":""},"categories":[38],"tags":[],"class_list":["post-14615","post","type-post","status-publish","format-standard","has-post-thumbnail","hentry","category-nautica"],"acf":[],"yoast_head":"<!-- This site is optimized with the Yoast SEO plugin v27.5 - https:\/\/yoast.com\/product\/yoast-seo-wordpress\/ -->\n<title>LA SEMANA N\u00c1UTICA DE VELA LIGERA, EN SU RECTA FINAL - Real Club Mar\u00edtimo de Melilla<\/title>\n<meta name=\"description\" content=\"LA SEMANA N\u00c1UTICA DE VELA LIGERA, EN SU RECTA FINAL -\" \/>\n<meta name=\"robots\" content=\"index, follow, max-snippet:-1, max-image-preview:large, max-video-preview:-1\" \/>\n<link rel=\"canonical\" href=\"https:\/\/www.realclubmaritimomelilla.es\/clmar\/la-semana-nautica-de-vela-ligera-en-su-recta-final\/\" \/>\n<meta property=\"og:locale\" content=\"es_ES\" \/>\n<meta property=\"og:type\" content=\"article\" \/>\n<meta property=\"og:title\" content=\"LA SEMANA N\u00c1UTICA DE VELA LIGERA, EN SU RECTA FINAL - Real Club Mar\u00edtimo de Melilla\" \/>\n<meta property=\"og:description\" content=\"LA SEMANA N\u00c1UTICA DE VELA LIGERA, EN SU RECTA FINAL -\" \/>\n<meta property=\"og:url\" content=\"https:\/\/www.realclubmaritimomelilla.es\/clmar\/la-semana-nautica-de-vela-ligera-en-su-recta-final\/\" \/>\n<meta property=\"og:site_name\" content=\"Real Club Mar\u00edtimo de Melilla\" \/>\n<meta property=\"article:publisher\" content=\"https:\/\/www.facebook.com\/Real-Club-Mar%c3%adtimo-de-Melilla-588495841234214\/\" \/>\n<meta property=\"article:published_time\" content=\"2019-08-11T17:36:43+00:00\" \/>\n<meta property=\"article:modified_time\" content=\"2021-07-20T09:38:55+00:00\" \/>\n<meta property=\"og:image\" content=\"https:\/\/www.realclubmaritimomelilla.es\/clmar\/wp-content\/uploads\/2019\/08\/lider-optimist-sub15.jpg\" \/>\n\t<meta property=\"og:image:width\" content=\"2126\" \/>\n\t<meta property=\"og:image:height\" content=\"1377\" \/>\n\t<meta property=\"og:image:type\" content=\"image\/jpeg\" \/>\n<meta name=\"author\" content=\"RCMMelilla\" \/>\n<meta name=\"twitter:card\" content=\"summary_large_image\" \/>\n<meta name=\"twitter:creator\" content=\"@nauticarcmm\" \/>\n<meta name=\"twitter:site\" content=\"@nauticarcmm\" \/>\n<meta name=\"twitter:label1\" content=\"Escrito por\" \/>\n\t<meta name=\"twitter:data1\" content=\"RCMMelilla\" \/>\n\t<meta name=\"twitter:label2\" content=\"Tiempo de lectura\" \/>\n\t<meta name=\"twitter:data2\" content=\"5 minutos\" \/>\n<script type=\"application\/ld+json\" class=\"yoast-schema-graph\">{\"@context\":\"https:\\\/\\\/schema.org\",\"@graph\":[{\"@type\":\"Article\",\"@id\":\"https:\\\/\\\/www.realclubmaritimomelilla.es\\\/clmar\\\/la-semana-nautica-de-vela-ligera-en-su-recta-final\\\/#article\",\"isPartOf\":{\"@id\":\"https:\\\/\\\/www.realclubmaritimomelilla.es\\\/clmar\\\/la-semana-nautica-de-vela-ligera-en-su-recta-final\\\/\"},\"author\":{\"name\":\"RCMMelilla\",\"@id\":\"https:\\\/\\\/www.realclubmaritimomelilla.es\\\/clmar\\\/#\\\/schema\\\/person\\\/ebaa3713496dc6d48c872452e73a8e79\"},\"headline\":\"LA SEMANA N\u00c1UTICA DE VELA LIGERA, EN SU RECTA FINAL\",\"datePublished\":\"2019-08-11T17:36:43+00:00\",\"dateModified\":\"2021-07-20T09:38:55+00:00\",\"mainEntityOfPage\":{\"@id\":\"https:\\\/\\\/www.realclubmaritimomelilla.es\\\/clmar\\\/la-semana-nautica-de-vela-ligera-en-su-recta-final\\\/\"},\"wordCount\":1085,\"commentCount\":0,\"publisher\":{\"@id\":\"https:\\\/\\\/www.realclubmaritimomelilla.es\\\/clmar\\\/#organization\"},\"image\":{\"@id\":\"https:\\\/\\\/www.realclubmaritimomelilla.es\\\/clmar\\\/la-semana-nautica-de-vela-ligera-en-su-recta-final\\\/#primaryimage\"},\"thumbnailUrl\":\"https:\\\/\\\/www.realclubmaritimomelilla.es\\\/clmar\\\/wp-content\\\/uploads\\\/2019\\\/08\\\/lider-optimist-sub15.jpg\",\"articleSection\":[\"N\u00e1utica\"],\"inLanguage\":\"es\",\"potentialAction\":[{\"@type\":\"CommentAction\",\"name\":\"Comment\",\"target\":[\"https:\\\/\\\/www.realclubmaritimomelilla.es\\\/clmar\\\/la-semana-nautica-de-vela-ligera-en-su-recta-final\\\/#respond\"]}]},{\"@type\":\"WebPage\",\"@id\":\"https:\\\/\\\/www.realclubmaritimomelilla.es\\\/clmar\\\/la-semana-nautica-de-vela-ligera-en-su-recta-final\\\/\",\"url\":\"https:\\\/\\\/www.realclubmaritimomelilla.es\\\/clmar\\\/la-semana-nautica-de-vela-ligera-en-su-recta-final\\\/\",\"name\":\"LA SEMANA N\u00c1UTICA DE VELA LIGERA, EN SU RECTA FINAL - Real Club Mar\u00edtimo de Melilla\",\"isPartOf\":{\"@id\":\"https:\\\/\\\/www.realclubmaritimomelilla.es\\\/clmar\\\/#website\"},\"primaryImageOfPage\":{\"@id\":\"https:\\\/\\\/www.realclubmaritimomelilla.es\\\/clmar\\\/la-semana-nautica-de-vela-ligera-en-su-recta-final\\\/#primaryimage\"},\"image\":{\"@id\":\"https:\\\/\\\/www.realclubmaritimomelilla.es\\\/clmar\\\/la-semana-nautica-de-vela-ligera-en-su-recta-final\\\/#primaryimage\"},\"thumbnailUrl\":\"https:\\\/\\\/www.realclubmaritimomelilla.es\\\/clmar\\\/wp-content\\\/uploads\\\/2019\\\/08\\\/lider-optimist-sub15.jpg\",\"datePublished\":\"2019-08-11T17:36:43+00:00\",\"dateModified\":\"2021-07-20T09:38:55+00:00\",\"description\":\"LA SEMANA N\u00c1UTICA DE VELA LIGERA, EN SU RECTA FINAL -\",\"breadcrumb\":{\"@id\":\"https:\\\/\\\/www.realclubmaritimomelilla.es\\\/clmar\\\/la-semana-nautica-de-vela-ligera-en-su-recta-final\\\/#breadcrumb\"},\"inLanguage\":\"es\",\"potentialAction\":[{\"@type\":\"ReadAction\",\"target\":[\"https:\\\/\\\/www.realclubmaritimomelilla.es\\\/clmar\\\/la-semana-nautica-de-vela-ligera-en-su-recta-final\\\/\"]}]},{\"@type\":\"ImageObject\",\"inLanguage\":\"es\",\"@id\":\"https:\\\/\\\/www.realclubmaritimomelilla.es\\\/clmar\\\/la-semana-nautica-de-vela-ligera-en-su-recta-final\\\/#primaryimage\",\"url\":\"https:\\\/\\\/www.realclubmaritimomelilla.es\\\/clmar\\\/wp-content\\\/uploads\\\/2019\\\/08\\\/lider-optimist-sub15.jpg\",\"contentUrl\":\"https:\\\/\\\/www.realclubmaritimomelilla.es\\\/clmar\\\/wp-content\\\/uploads\\\/2019\\\/08\\\/lider-optimist-sub15.jpg\",\"width\":2126,\"height\":1377},{\"@type\":\"BreadcrumbList\",\"@id\":\"https:\\\/\\\/www.realclubmaritimomelilla.es\\\/clmar\\\/la-semana-nautica-de-vela-ligera-en-su-recta-final\\\/#breadcrumb\",\"itemListElement\":[{\"@type\":\"ListItem\",\"position\":1,\"name\":\"Portada\",\"item\":\"https:\\\/\\\/www.realclubmaritimomelilla.es\\\/clmar\\\/\"},{\"@type\":\"ListItem\",\"position\":2,\"name\":\"LA SEMANA N\u00c1UTICA DE VELA LIGERA, EN SU RECTA FINAL\"}]},{\"@type\":\"WebSite\",\"@id\":\"https:\\\/\\\/www.realclubmaritimomelilla.es\\\/clmar\\\/#website\",\"url\":\"https:\\\/\\\/www.realclubmaritimomelilla.es\\\/clmar\\\/\",\"name\":\"Real Club Mar\u00edtimo de Melilla\",\"description\":\"RCMM\",\"publisher\":{\"@id\":\"https:\\\/\\\/www.realclubmaritimomelilla.es\\\/clmar\\\/#organization\"},\"alternateName\":\"RCMM\",\"potentialAction\":[{\"@type\":\"SearchAction\",\"target\":{\"@type\":\"EntryPoint\",\"urlTemplate\":\"https:\\\/\\\/www.realclubmaritimomelilla.es\\\/clmar\\\/?s={search_term_string}\"},\"query-input\":{\"@type\":\"PropertyValueSpecification\",\"valueRequired\":true,\"valueName\":\"search_term_string\"}}],\"inLanguage\":\"es\"},{\"@type\":\"Organization\",\"@id\":\"https:\\\/\\\/www.realclubmaritimomelilla.es\\\/clmar\\\/#organization\",\"name\":\"Real Club Mar\u00edtimo de Melilla\",\"alternateName\":\"RCMM\",\"url\":\"https:\\\/\\\/www.realclubmaritimomelilla.es\\\/clmar\\\/\",\"logo\":{\"@type\":\"ImageObject\",\"inLanguage\":\"es\",\"@id\":\"https:\\\/\\\/www.realclubmaritimomelilla.es\\\/clmar\\\/#\\\/schema\\\/logo\\\/image\\\/\",\"url\":\"https:\\\/\\\/www.realclubmaritimomelilla.es\\\/clmar\\\/wp-content\\\/uploads\\\/logo-club-original-copia.jpg\",\"contentUrl\":\"https:\\\/\\\/www.realclubmaritimomelilla.es\\\/clmar\\\/wp-content\\\/uploads\\\/logo-club-original-copia.jpg\",\"width\":128,\"height\":89,\"caption\":\"Real Club Mar\u00edtimo de Melilla\"},\"image\":{\"@id\":\"https:\\\/\\\/www.realclubmaritimomelilla.es\\\/clmar\\\/#\\\/schema\\\/logo\\\/image\\\/\"},\"sameAs\":[\"https:\\\/\\\/www.facebook.com\\\/Real-Club-Mar\u00edtimo-de-Melilla-588495841234214\\\/\",\"https:\\\/\\\/x.com\\\/nauticarcmm\",\"https:\\\/\\\/www.instagram.com\\\/club_maritimo_melilla\\\/\",\"https:\\\/\\\/www.youtube.com\\\/@realclubmaritimodemelilla4703\",\"https:\\\/\\\/es.wikipedia.org\\\/wiki\\\/Real_Club_Mar\u00edtimo_de_Melilla\"]},{\"@type\":\"Person\",\"@id\":\"https:\\\/\\\/www.realclubmaritimomelilla.es\\\/clmar\\\/#\\\/schema\\\/person\\\/ebaa3713496dc6d48c872452e73a8e79\",\"name\":\"RCMMelilla\",\"image\":{\"@type\":\"ImageObject\",\"inLanguage\":\"es\",\"@id\":\"https:\\\/\\\/secure.gravatar.com\\\/avatar\\\/df1c24789360fb9308735c4ee556fc2bc5bf924bf01e53043b8b97ba272da33c?s=96&d=mm&r=g\",\"url\":\"https:\\\/\\\/secure.gravatar.com\\\/avatar\\\/df1c24789360fb9308735c4ee556fc2bc5bf924bf01e53043b8b97ba272da33c?s=96&d=mm&r=g\",\"contentUrl\":\"https:\\\/\\\/secure.gravatar.com\\\/avatar\\\/df1c24789360fb9308735c4ee556fc2bc5bf924bf01e53043b8b97ba272da33c?s=96&d=mm&r=g\",\"caption\":\"RCMMelilla\"}}]}<\/script>\n<!-- \/ Yoast SEO plugin. -->","yoast_head_json":{"title":"LA SEMANA N\u00c1UTICA DE VELA LIGERA, EN SU RECTA FINAL - Real Club Mar\u00edtimo de Melilla","description":"LA SEMANA N\u00c1UTICA DE VELA LIGERA, EN SU RECTA FINAL -","robots":{"index":"index","follow":"follow","max-snippet":"max-snippet:-1","max-image-preview":"max-image-preview:large","max-video-preview":"max-video-preview:-1"},"canonical":"https:\/\/www.realclubmaritimomelilla.es\/clmar\/la-semana-nautica-de-vela-ligera-en-su-recta-final\/","og_locale":"es_ES","og_type":"article","og_title":"LA SEMANA N\u00c1UTICA DE VELA LIGERA, EN SU RECTA FINAL - Real Club Mar\u00edtimo de Melilla","og_description":"LA SEMANA N\u00c1UTICA DE VELA LIGERA, EN SU RECTA FINAL -","og_url":"https:\/\/www.realclubmaritimomelilla.es\/clmar\/la-semana-nautica-de-vela-ligera-en-su-recta-final\/","og_site_name":"Real Club Mar\u00edtimo de Melilla","article_publisher":"https:\/\/www.facebook.com\/Real-Club-Mar%c3%adtimo-de-Melilla-588495841234214\/","article_published_time":"2019-08-11T17:36:43+00:00","article_modified_time":"2021-07-20T09:38:55+00:00","og_image":[{"width":2126,"height":1377,"url":"https:\/\/www.realclubmaritimomelilla.es\/clmar\/wp-content\/uploads\/2019\/08\/lider-optimist-sub15.jpg","type":"image\/jpeg"}],"author":"RCMMelilla","twitter_card":"summary_large_image","twitter_creator":"@nauticarcmm","twitter_site":"@nauticarcmm","twitter_misc":{"Escrito por":"RCMMelilla","Tiempo de lectura":"5 minutos"},"schema":{"@context":"https:\/\/schema.org","@graph":[{"@type":"Article","@id":"https:\/\/www.realclubmaritimomelilla.es\/clmar\/la-semana-nautica-de-vela-ligera-en-su-recta-final\/#article","isPartOf":{"@id":"https:\/\/www.realclubmaritimomelilla.es\/clmar\/la-semana-nautica-de-vela-ligera-en-su-recta-final\/"},"author":{"name":"RCMMelilla","@id":"https:\/\/www.realclubmaritimomelilla.es\/clmar\/#\/schema\/person\/ebaa3713496dc6d48c872452e73a8e79"},"headline":"LA SEMANA N\u00c1UTICA DE VELA LIGERA, EN SU RECTA FINAL","datePublished":"2019-08-11T17:36:43+00:00","dateModified":"2021-07-20T09:38:55+00:00","mainEntityOfPage":{"@id":"https:\/\/www.realclubmaritimomelilla.es\/clmar\/la-semana-nautica-de-vela-ligera-en-su-recta-final\/"},"wordCount":1085,"commentCount":0,"publisher":{"@id":"https:\/\/www.realclubmaritimomelilla.es\/clmar\/#organization"},"image":{"@id":"https:\/\/www.realclubmaritimomelilla.es\/clmar\/la-semana-nautica-de-vela-ligera-en-su-recta-final\/#primaryimage"},"thumbnailUrl":"https:\/\/www.realclubmaritimomelilla.es\/clmar\/wp-content\/uploads\/2019\/08\/lider-optimist-sub15.jpg","articleSection":["N\u00e1utica"],"inLanguage":"es","potentialAction":[{"@type":"CommentAction","name":"Comment","target":["https:\/\/www.realclubmaritimomelilla.es\/clmar\/la-semana-nautica-de-vela-ligera-en-su-recta-final\/#respond"]}]},{"@type":"WebPage","@id":"https:\/\/www.realclubmaritimomelilla.es\/clmar\/la-semana-nautica-de-vela-ligera-en-su-recta-final\/","url":"https:\/\/www.realclubmaritimomelilla.es\/clmar\/la-semana-nautica-de-vela-ligera-en-su-recta-final\/","name":"LA SEMANA N\u00c1UTICA DE VELA LIGERA, EN SU RECTA FINAL - Real Club Mar\u00edtimo de Melilla","isPartOf":{"@id":"https:\/\/www.realclubmaritimomelilla.es\/clmar\/#website"},"primaryImageOfPage":{"@id":"https:\/\/www.realclubmaritimomelilla.es\/clmar\/la-semana-nautica-de-vela-ligera-en-su-recta-final\/#primaryimage"},"image":{"@id":"https:\/\/www.realclubmaritimomelilla.es\/clmar\/la-semana-nautica-de-vela-ligera-en-su-recta-final\/#primaryimage"},"thumbnailUrl":"https:\/\/www.realclubmaritimomelilla.es\/clmar\/wp-content\/uploads\/2019\/08\/lider-optimist-sub15.jpg","datePublished":"2019-08-11T17:36:43+00:00","dateModified":"2021-07-20T09:38:55+00:00","description":"LA SEMANA N\u00c1UTICA DE VELA LIGERA, EN SU RECTA FINAL -","breadcrumb":{"@id":"https:\/\/www.realclubmaritimomelilla.es\/clmar\/la-semana-nautica-de-vela-ligera-en-su-recta-final\/#breadcrumb"},"inLanguage":"es","potentialAction":[{"@type":"ReadAction","target":["https:\/\/www.realclubmaritimomelilla.es\/clmar\/la-semana-nautica-de-vela-ligera-en-su-recta-final\/"]}]},{"@type":"ImageObject","inLanguage":"es","@id":"https:\/\/www.realclubmaritimomelilla.es\/clmar\/la-semana-nautica-de-vela-ligera-en-su-recta-final\/#primaryimage","url":"https:\/\/www.realclubmaritimomelilla.es\/clmar\/wp-content\/uploads\/2019\/08\/lider-optimist-sub15.jpg","contentUrl":"https:\/\/www.realclubmaritimomelilla.es\/clmar\/wp-content\/uploads\/2019\/08\/lider-optimist-sub15.jpg","width":2126,"height":1377},{"@type":"BreadcrumbList","@id":"https:\/\/www.realclubmaritimomelilla.es\/clmar\/la-semana-nautica-de-vela-ligera-en-su-recta-final\/#breadcrumb","itemListElement":[{"@type":"ListItem","position":1,"name":"Portada","item":"https:\/\/www.realclubmaritimomelilla.es\/clmar\/"},{"@type":"ListItem","position":2,"name":"LA SEMANA N\u00c1UTICA DE VELA LIGERA, EN SU RECTA FINAL"}]},{"@type":"WebSite","@id":"https:\/\/www.realclubmaritimomelilla.es\/clmar\/#website","url":"https:\/\/www.realclubmaritimomelilla.es\/clmar\/","name":"Real Club Mar\u00edtimo de Melilla","description":"RCMM","publisher":{"@id":"https:\/\/www.realclubmaritimomelilla.es\/clmar\/#organization"},"alternateName":"RCMM","potentialAction":[{"@type":"SearchAction","target":{"@type":"EntryPoint","urlTemplate":"https:\/\/www.realclubmaritimomelilla.es\/clmar\/?s={search_term_string}"},"query-input":{"@type":"PropertyValueSpecification","valueRequired":true,"valueName":"search_term_string"}}],"inLanguage":"es"},{"@type":"Organization","@id":"https:\/\/www.realclubmaritimomelilla.es\/clmar\/#organization","name":"Real Club Mar\u00edtimo de Melilla","alternateName":"RCMM","url":"https:\/\/www.realclubmaritimomelilla.es\/clmar\/","logo":{"@type":"ImageObject","inLanguage":"es","@id":"https:\/\/www.realclubmaritimomelilla.es\/clmar\/#\/schema\/logo\/image\/","url":"https:\/\/www.realclubmaritimomelilla.es\/clmar\/wp-content\/uploads\/logo-club-original-copia.jpg","contentUrl":"https:\/\/www.realclubmaritimomelilla.es\/clmar\/wp-content\/uploads\/logo-club-original-copia.jpg","width":128,"height":89,"caption":"Real Club Mar\u00edtimo de Melilla"},"image":{"@id":"https:\/\/www.realclubmaritimomelilla.es\/clmar\/#\/schema\/logo\/image\/"},"sameAs":["https:\/\/www.facebook.com\/Real-Club-Mar\u00edtimo-de-Melilla-588495841234214\/","https:\/\/x.com\/nauticarcmm","https:\/\/www.instagram.com\/club_maritimo_melilla\/","https:\/\/www.youtube.com\/@realclubmaritimodemelilla4703","https:\/\/es.wikipedia.org\/wiki\/Real_Club_Mar\u00edtimo_de_Melilla"]},{"@type":"Person","@id":"https:\/\/www.realclubmaritimomelilla.es\/clmar\/#\/schema\/person\/ebaa3713496dc6d48c872452e73a8e79","name":"RCMMelilla","image":{"@type":"ImageObject","inLanguage":"es","@id":"https:\/\/secure.gravatar.com\/avatar\/df1c24789360fb9308735c4ee556fc2bc5bf924bf01e53043b8b97ba272da33c?s=96&d=mm&r=g","url":"https:\/\/secure.gravatar.com\/avatar\/df1c24789360fb9308735c4ee556fc2bc5bf924bf01e53043b8b97ba272da33c?s=96&d=mm&r=g","contentUrl":"https:\/\/secure.gravatar.com\/avatar\/df1c24789360fb9308735c4ee556fc2bc5bf924bf01e53043b8b97ba272da33c?s=96&d=mm&r=g","caption":"RCMMelilla"}}]}},"_links":{"self":[{"href":"https:\/\/www.realclubmaritimomelilla.es\/clmar\/wp-json\/wp\/v2\/posts\/14615","targetHints":{"allow":["GET"]}}],"collection":[{"href":"https:\/\/www.realclubmaritimomelilla.es\/clmar\/wp-json\/wp\/v2\/posts"}],"about":[{"href":"https:\/\/www.realclubmaritimomelilla.es\/clmar\/wp-json\/wp\/v2\/types\/post"}],"author":[{"embeddable":true,"href":"https:\/\/www.realclubmaritimomelilla.es\/clmar\/wp-json\/wp\/v2\/users\/1"}],"replies":[{"embeddable":true,"href":"https:\/\/www.realclubmaritimomelilla.es\/clmar\/wp-json\/wp\/v2\/comments?post=14615"}],"version-history":[{"count":1,"href":"https:\/\/www.realclubmaritimomelilla.es\/clmar\/wp-json\/wp\/v2\/posts\/14615\/revisions"}],"predecessor-version":[{"id":14617,"href":"https:\/\/www.realclubmaritimomelilla.es\/clmar\/wp-json\/wp\/v2\/posts\/14615\/revisions\/14617"}],"wp:featuredmedia":[{"embeddable":true,"href":"https:\/\/www.realclubmaritimomelilla.es\/clmar\/wp-json\/wp\/v2\/media\/14616"}],"wp:attachment":[{"href":"https:\/\/www.realclubmaritimomelilla.es\/clmar\/wp-json\/wp\/v2\/media?parent=14615"}],"wp:term":[{"taxonomy":"category","embeddable":true,"href":"https:\/\/www.realclubmaritimomelilla.es\/clmar\/wp-json\/wp\/v2\/categories?post=14615"},{"taxonomy":"post_tag","embeddable":true,"href":"https:\/\/www.realclubmaritimomelilla.es\/clmar\/wp-json\/wp\/v2\/tags?post=14615"}],"curies":[{"name":"wp","href":"https:\/\/api.w.org\/{rel}","templated":true}]}}