{"id":14539,"date":"2019-08-11T18:01:43","date_gmt":"2019-08-11T16:01:43","guid":{"rendered":"http:\/\/www.clubmaritimomelilla.es\/clmar\/?p=14539"},"modified":"2019-08-11T18:01:43","modified_gmt":"2019-08-11T16:01:43","slug":"imagenes-de-la-segunda-jornada-en-la-vii-semana-nautica-de-vela-ligera-flota-optimist-y-laser-4-7-y-radial","status":"publish","type":"post","link":"https:\/\/www.realclubmaritimomelilla.es\/clmar\/imagenes-de-la-segunda-jornada-en-la-vii-semana-nautica-de-vela-ligera-flota-optimist-y-laser-4-7-y-radial\/","title":{"rendered":"Im\u00e1genes de la Segunda jornada en la VII Semana N\u00e1utica de Vela Ligera &#8211; FLOTA OPTIMIST Y LASER 4.7 Y RADIAL"},"content":{"rendered":"<p>Este domingo se ha celebrado la segunda jornada de competici\u00f3n para las clases optimist, l\u00e1ser 4.7 y l\u00e1ser radial dentro de la VII Semana N\u00e1utica de Vela Ligera Ciudad de Melilla.<\/p>\n\n\t\t<style type=\"text\/css\">\n\t\t\t#gallery-1 {\n\t\t\t\tmargin: auto;\n\t\t\t}\n\t\t\t#gallery-1 .gallery-item {\n\t\t\t\tfloat: left;\n\t\t\t\tmargin-top: 10px;\n\t\t\t\ttext-align: center;\n\t\t\t\twidth: 50%;\n\t\t\t}\n\t\t\t#gallery-1 img {\n\t\t\t\tborder: 2px solid #cfcfcf;\n\t\t\t}\n\t\t\t#gallery-1 .gallery-caption {\n\t\t\t\tmargin-left: 0;\n\t\t\t}\n\t\t\t\/* see gallery_shortcode() in wp-includes\/media.php *\/\n\t\t<\/style>\n\t\t<div id='gallery-1' class='gallery galleryid-14539 gallery-columns-2 gallery-size-full'><dl class='gallery-item'>\n\t\t\t<dt class='gallery-icon landscape'>\n\t\t\t\t<a data-rel=\"iLightbox[postimages]\" data-title=\"IMG_9685\" data-caption=\"\" href='https:\/\/www.realclubmaritimomelilla.es\/clmar\/imagenes-de-la-segunda-jornada-en-la-vii-semana-nautica-de-vela-ligera-flota-optimist-y-laser-4-7-y-radial\/img_9685\/'><img decoding=\"async\" width=\"2126\" height=\"1417\" src=\"https:\/\/www.realclubmaritimomelilla.es\/clmar\/wp-content\/uploads\/2019\/08\/IMG_9685.jpg\" class=\"attachment-full size-full\" alt=\"\" srcset=\"https:\/\/www.realclubmaritimomelilla.es\/clmar\/wp-content\/uploads\/2019\/08\/IMG_9685-300x200.jpg 300w, https:\/\/www.realclubmaritimomelilla.es\/clmar\/wp-content\/uploads\/2019\/08\/IMG_9685-600x400.jpg 600w, https:\/\/www.realclubmaritimomelilla.es\/clmar\/wp-content\/uploads\/2019\/08\/IMG_9685-768x512.jpg 768w, https:\/\/www.realclubmaritimomelilla.es\/clmar\/wp-content\/uploads\/2019\/08\/IMG_9685-1024x683.jpg 1024w, https:\/\/www.realclubmaritimomelilla.es\/clmar\/wp-content\/uploads\/2019\/08\/IMG_9685.jpg 2126w\" sizes=\"(max-width: 2126px) 100vw, 2126px\" \/><\/a>\n\t\t\t<\/dt><\/dl><dl class='gallery-item'>\n\t\t\t<dt class='gallery-icon landscape'>\n\t\t\t\t<a data-rel=\"iLightbox[postimages]\" data-title=\"IMG_9165\" data-caption=\"\" href='https:\/\/www.realclubmaritimomelilla.es\/clmar\/imagenes-de-la-segunda-jornada-en-la-vii-semana-nautica-de-vela-ligera-flota-optimist-y-laser-4-7-y-radial\/img_9165\/'><img decoding=\"async\" width=\"2126\" height=\"1417\" src=\"https:\/\/www.realclubmaritimomelilla.es\/clmar\/wp-content\/uploads\/2019\/08\/IMG_9165.jpg\" class=\"attachment-full size-full\" alt=\"\" srcset=\"https:\/\/www.realclubmaritimomelilla.es\/clmar\/wp-content\/uploads\/2019\/08\/IMG_9165-300x200.jpg 300w, https:\/\/www.realclubmaritimomelilla.es\/clmar\/wp-content\/uploads\/2019\/08\/IMG_9165-600x400.jpg 600w, https:\/\/www.realclubmaritimomelilla.es\/clmar\/wp-content\/uploads\/2019\/08\/IMG_9165-768x512.jpg 768w, https:\/\/www.realclubmaritimomelilla.es\/clmar\/wp-content\/uploads\/2019\/08\/IMG_9165-1024x683.jpg 1024w, https:\/\/www.realclubmaritimomelilla.es\/clmar\/wp-content\/uploads\/2019\/08\/IMG_9165.jpg 2126w\" sizes=\"(max-width: 2126px) 100vw, 2126px\" \/><\/a>\n\t\t\t<\/dt><\/dl><br style=\"clear: both\" \/><dl class='gallery-item'>\n\t\t\t<dt class='gallery-icon landscape'>\n\t\t\t\t<a data-rel=\"iLightbox[postimages]\" data-title=\"IMG_9177\" data-caption=\"\" href='https:\/\/www.realclubmaritimomelilla.es\/clmar\/imagenes-de-la-segunda-jornada-en-la-vii-semana-nautica-de-vela-ligera-flota-optimist-y-laser-4-7-y-radial\/img_9177\/'><img decoding=\"async\" width=\"2126\" height=\"1417\" src=\"https:\/\/www.realclubmaritimomelilla.es\/clmar\/wp-content\/uploads\/2019\/08\/IMG_9177.jpg\" class=\"attachment-full size-full\" alt=\"\" srcset=\"https:\/\/www.realclubmaritimomelilla.es\/clmar\/wp-content\/uploads\/2019\/08\/IMG_9177-300x200.jpg 300w, https:\/\/www.realclubmaritimomelilla.es\/clmar\/wp-content\/uploads\/2019\/08\/IMG_9177-600x400.jpg 600w, https:\/\/www.realclubmaritimomelilla.es\/clmar\/wp-content\/uploads\/2019\/08\/IMG_9177-768x512.jpg 768w, https:\/\/www.realclubmaritimomelilla.es\/clmar\/wp-content\/uploads\/2019\/08\/IMG_9177-1024x683.jpg 1024w, https:\/\/www.realclubmaritimomelilla.es\/clmar\/wp-content\/uploads\/2019\/08\/IMG_9177.jpg 2126w\" sizes=\"(max-width: 2126px) 100vw, 2126px\" \/><\/a>\n\t\t\t<\/dt><\/dl><dl class='gallery-item'>\n\t\t\t<dt class='gallery-icon landscape'>\n\t\t\t\t<a data-rel=\"iLightbox[postimages]\" data-title=\"IMG_9194\" data-caption=\"\" href='https:\/\/www.realclubmaritimomelilla.es\/clmar\/imagenes-de-la-segunda-jornada-en-la-vii-semana-nautica-de-vela-ligera-flota-optimist-y-laser-4-7-y-radial\/img_9194\/'><img decoding=\"async\" width=\"2126\" height=\"1417\" src=\"https:\/\/www.realclubmaritimomelilla.es\/clmar\/wp-content\/uploads\/2019\/08\/IMG_9194.jpg\" class=\"attachment-full size-full\" alt=\"\" srcset=\"https:\/\/www.realclubmaritimomelilla.es\/clmar\/wp-content\/uploads\/2019\/08\/IMG_9194-300x200.jpg 300w, https:\/\/www.realclubmaritimomelilla.es\/clmar\/wp-content\/uploads\/2019\/08\/IMG_9194-600x400.jpg 600w, https:\/\/www.realclubmaritimomelilla.es\/clmar\/wp-content\/uploads\/2019\/08\/IMG_9194-768x512.jpg 768w, https:\/\/www.realclubmaritimomelilla.es\/clmar\/wp-content\/uploads\/2019\/08\/IMG_9194-1024x683.jpg 1024w, https:\/\/www.realclubmaritimomelilla.es\/clmar\/wp-content\/uploads\/2019\/08\/IMG_9194.jpg 2126w\" sizes=\"(max-width: 2126px) 100vw, 2126px\" \/><\/a>\n\t\t\t<\/dt><\/dl><br style=\"clear: both\" \/><dl class='gallery-item'>\n\t\t\t<dt class='gallery-icon landscape'>\n\t\t\t\t<a data-rel=\"iLightbox[postimages]\" data-title=\"IMG_9215\" data-caption=\"\" href='https:\/\/www.realclubmaritimomelilla.es\/clmar\/imagenes-de-la-segunda-jornada-en-la-vii-semana-nautica-de-vela-ligera-flota-optimist-y-laser-4-7-y-radial\/img_9215\/'><img decoding=\"async\" width=\"2126\" height=\"1417\" src=\"https:\/\/www.realclubmaritimomelilla.es\/clmar\/wp-content\/uploads\/2019\/08\/IMG_9215.jpg\" class=\"attachment-full size-full\" alt=\"\" srcset=\"https:\/\/www.realclubmaritimomelilla.es\/clmar\/wp-content\/uploads\/2019\/08\/IMG_9215-300x200.jpg 300w, https:\/\/www.realclubmaritimomelilla.es\/clmar\/wp-content\/uploads\/2019\/08\/IMG_9215-600x400.jpg 600w, https:\/\/www.realclubmaritimomelilla.es\/clmar\/wp-content\/uploads\/2019\/08\/IMG_9215-768x512.jpg 768w, https:\/\/www.realclubmaritimomelilla.es\/clmar\/wp-content\/uploads\/2019\/08\/IMG_9215-1024x683.jpg 1024w, https:\/\/www.realclubmaritimomelilla.es\/clmar\/wp-content\/uploads\/2019\/08\/IMG_9215.jpg 2126w\" sizes=\"(max-width: 2126px) 100vw, 2126px\" \/><\/a>\n\t\t\t<\/dt><\/dl><dl class='gallery-item'>\n\t\t\t<dt class='gallery-icon landscape'>\n\t\t\t\t<a data-rel=\"iLightbox[postimages]\" data-title=\"IMG_9225\" data-caption=\"\" href='https:\/\/www.realclubmaritimomelilla.es\/clmar\/imagenes-de-la-segunda-jornada-en-la-vii-semana-nautica-de-vela-ligera-flota-optimist-y-laser-4-7-y-radial\/img_9225\/'><img decoding=\"async\" width=\"2126\" height=\"1417\" src=\"https:\/\/www.realclubmaritimomelilla.es\/clmar\/wp-content\/uploads\/2019\/08\/IMG_9225.jpg\" class=\"attachment-full size-full\" alt=\"\" srcset=\"https:\/\/www.realclubmaritimomelilla.es\/clmar\/wp-content\/uploads\/2019\/08\/IMG_9225-300x200.jpg 300w, https:\/\/www.realclubmaritimomelilla.es\/clmar\/wp-content\/uploads\/2019\/08\/IMG_9225-600x400.jpg 600w, https:\/\/www.realclubmaritimomelilla.es\/clmar\/wp-content\/uploads\/2019\/08\/IMG_9225-768x512.jpg 768w, https:\/\/www.realclubmaritimomelilla.es\/clmar\/wp-content\/uploads\/2019\/08\/IMG_9225-1024x683.jpg 1024w, https:\/\/www.realclubmaritimomelilla.es\/clmar\/wp-content\/uploads\/2019\/08\/IMG_9225.jpg 2126w\" sizes=\"(max-width: 2126px) 100vw, 2126px\" \/><\/a>\n\t\t\t<\/dt><\/dl><br style=\"clear: both\" \/><dl class='gallery-item'>\n\t\t\t<dt class='gallery-icon landscape'>\n\t\t\t\t<a data-rel=\"iLightbox[postimages]\" data-title=\"IMG_9238\" data-caption=\"\" href='https:\/\/www.realclubmaritimomelilla.es\/clmar\/imagenes-de-la-segunda-jornada-en-la-vii-semana-nautica-de-vela-ligera-flota-optimist-y-laser-4-7-y-radial\/img_9238\/'><img decoding=\"async\" width=\"2126\" height=\"1417\" src=\"https:\/\/www.realclubmaritimomelilla.es\/clmar\/wp-content\/uploads\/2019\/08\/IMG_9238.jpg\" class=\"attachment-full size-full\" alt=\"\" srcset=\"https:\/\/www.realclubmaritimomelilla.es\/clmar\/wp-content\/uploads\/2019\/08\/IMG_9238-300x200.jpg 300w, https:\/\/www.realclubmaritimomelilla.es\/clmar\/wp-content\/uploads\/2019\/08\/IMG_9238-600x400.jpg 600w, https:\/\/www.realclubmaritimomelilla.es\/clmar\/wp-content\/uploads\/2019\/08\/IMG_9238-768x512.jpg 768w, https:\/\/www.realclubmaritimomelilla.es\/clmar\/wp-content\/uploads\/2019\/08\/IMG_9238-1024x683.jpg 1024w, https:\/\/www.realclubmaritimomelilla.es\/clmar\/wp-content\/uploads\/2019\/08\/IMG_9238.jpg 2126w\" sizes=\"(max-width: 2126px) 100vw, 2126px\" \/><\/a>\n\t\t\t<\/dt><\/dl><dl class='gallery-item'>\n\t\t\t<dt class='gallery-icon landscape'>\n\t\t\t\t<a data-rel=\"iLightbox[postimages]\" data-title=\"IMG_9242\" data-caption=\"\" href='https:\/\/www.realclubmaritimomelilla.es\/clmar\/imagenes-de-la-segunda-jornada-en-la-vii-semana-nautica-de-vela-ligera-flota-optimist-y-laser-4-7-y-radial\/img_9242\/'><img decoding=\"async\" width=\"2126\" height=\"1417\" src=\"https:\/\/www.realclubmaritimomelilla.es\/clmar\/wp-content\/uploads\/2019\/08\/IMG_9242.jpg\" class=\"attachment-full size-full\" alt=\"\" srcset=\"https:\/\/www.realclubmaritimomelilla.es\/clmar\/wp-content\/uploads\/2019\/08\/IMG_9242-300x200.jpg 300w, https:\/\/www.realclubmaritimomelilla.es\/clmar\/wp-content\/uploads\/2019\/08\/IMG_9242-600x400.jpg 600w, https:\/\/www.realclubmaritimomelilla.es\/clmar\/wp-content\/uploads\/2019\/08\/IMG_9242-768x512.jpg 768w, https:\/\/www.realclubmaritimomelilla.es\/clmar\/wp-content\/uploads\/2019\/08\/IMG_9242-1024x683.jpg 1024w, https:\/\/www.realclubmaritimomelilla.es\/clmar\/wp-content\/uploads\/2019\/08\/IMG_9242.jpg 2126w\" sizes=\"(max-width: 2126px) 100vw, 2126px\" \/><\/a>\n\t\t\t<\/dt><\/dl><br style=\"clear: both\" \/><dl class='gallery-item'>\n\t\t\t<dt class='gallery-icon landscape'>\n\t\t\t\t<a data-rel=\"iLightbox[postimages]\" data-title=\"IMG_9248\" data-caption=\"\" href='https:\/\/www.realclubmaritimomelilla.es\/clmar\/imagenes-de-la-segunda-jornada-en-la-vii-semana-nautica-de-vela-ligera-flota-optimist-y-laser-4-7-y-radial\/img_9248\/'><img decoding=\"async\" width=\"2126\" height=\"1417\" src=\"https:\/\/www.realclubmaritimomelilla.es\/clmar\/wp-content\/uploads\/2019\/08\/IMG_9248.jpg\" class=\"attachment-full size-full\" alt=\"\" srcset=\"https:\/\/www.realclubmaritimomelilla.es\/clmar\/wp-content\/uploads\/2019\/08\/IMG_9248-300x200.jpg 300w, https:\/\/www.realclubmaritimomelilla.es\/clmar\/wp-content\/uploads\/2019\/08\/IMG_9248-600x400.jpg 600w, https:\/\/www.realclubmaritimomelilla.es\/clmar\/wp-content\/uploads\/2019\/08\/IMG_9248-768x512.jpg 768w, https:\/\/www.realclubmaritimomelilla.es\/clmar\/wp-content\/uploads\/2019\/08\/IMG_9248-1024x683.jpg 1024w, https:\/\/www.realclubmaritimomelilla.es\/clmar\/wp-content\/uploads\/2019\/08\/IMG_9248.jpg 2126w\" sizes=\"(max-width: 2126px) 100vw, 2126px\" \/><\/a>\n\t\t\t<\/dt><\/dl><dl class='gallery-item'>\n\t\t\t<dt class='gallery-icon landscape'>\n\t\t\t\t<a data-rel=\"iLightbox[postimages]\" data-title=\"IMG_9252\" data-caption=\"\" href='https:\/\/www.realclubmaritimomelilla.es\/clmar\/imagenes-de-la-segunda-jornada-en-la-vii-semana-nautica-de-vela-ligera-flota-optimist-y-laser-4-7-y-radial\/img_9252\/'><img decoding=\"async\" width=\"2126\" height=\"1417\" src=\"https:\/\/www.realclubmaritimomelilla.es\/clmar\/wp-content\/uploads\/2019\/08\/IMG_9252.jpg\" class=\"attachment-full size-full\" alt=\"\" srcset=\"https:\/\/www.realclubmaritimomelilla.es\/clmar\/wp-content\/uploads\/2019\/08\/IMG_9252-300x200.jpg 300w, https:\/\/www.realclubmaritimomelilla.es\/clmar\/wp-content\/uploads\/2019\/08\/IMG_9252-600x400.jpg 600w, https:\/\/www.realclubmaritimomelilla.es\/clmar\/wp-content\/uploads\/2019\/08\/IMG_9252-768x512.jpg 768w, https:\/\/www.realclubmaritimomelilla.es\/clmar\/wp-content\/uploads\/2019\/08\/IMG_9252-1024x683.jpg 1024w, https:\/\/www.realclubmaritimomelilla.es\/clmar\/wp-content\/uploads\/2019\/08\/IMG_9252.jpg 2126w\" sizes=\"(max-width: 2126px) 100vw, 2126px\" \/><\/a>\n\t\t\t<\/dt><\/dl><br style=\"clear: both\" \/><dl class='gallery-item'>\n\t\t\t<dt class='gallery-icon landscape'>\n\t\t\t\t<a data-rel=\"iLightbox[postimages]\" data-title=\"IMG_9293\" data-caption=\"\" href='https:\/\/www.realclubmaritimomelilla.es\/clmar\/imagenes-de-la-segunda-jornada-en-la-vii-semana-nautica-de-vela-ligera-flota-optimist-y-laser-4-7-y-radial\/img_9293\/'><img decoding=\"async\" width=\"2126\" height=\"1417\" src=\"https:\/\/www.realclubmaritimomelilla.es\/clmar\/wp-content\/uploads\/2019\/08\/IMG_9293.jpg\" class=\"attachment-full size-full\" alt=\"\" srcset=\"https:\/\/www.realclubmaritimomelilla.es\/clmar\/wp-content\/uploads\/2019\/08\/IMG_9293-300x200.jpg 300w, https:\/\/www.realclubmaritimomelilla.es\/clmar\/wp-content\/uploads\/2019\/08\/IMG_9293-600x400.jpg 600w, https:\/\/www.realclubmaritimomelilla.es\/clmar\/wp-content\/uploads\/2019\/08\/IMG_9293-768x512.jpg 768w, https:\/\/www.realclubmaritimomelilla.es\/clmar\/wp-content\/uploads\/2019\/08\/IMG_9293-1024x683.jpg 1024w, https:\/\/www.realclubmaritimomelilla.es\/clmar\/wp-content\/uploads\/2019\/08\/IMG_9293.jpg 2126w\" sizes=\"(max-width: 2126px) 100vw, 2126px\" \/><\/a>\n\t\t\t<\/dt><\/dl><dl class='gallery-item'>\n\t\t\t<dt class='gallery-icon landscape'>\n\t\t\t\t<a data-rel=\"iLightbox[postimages]\" data-title=\"IMG_9329\" data-caption=\"\" href='https:\/\/www.realclubmaritimomelilla.es\/clmar\/imagenes-de-la-segunda-jornada-en-la-vii-semana-nautica-de-vela-ligera-flota-optimist-y-laser-4-7-y-radial\/img_9329\/'><img decoding=\"async\" width=\"2126\" height=\"1417\" src=\"https:\/\/www.realclubmaritimomelilla.es\/clmar\/wp-content\/uploads\/2019\/08\/IMG_9329.jpg\" class=\"attachment-full size-full\" alt=\"\" srcset=\"https:\/\/www.realclubmaritimomelilla.es\/clmar\/wp-content\/uploads\/2019\/08\/IMG_9329-300x200.jpg 300w, https:\/\/www.realclubmaritimomelilla.es\/clmar\/wp-content\/uploads\/2019\/08\/IMG_9329-600x400.jpg 600w, https:\/\/www.realclubmaritimomelilla.es\/clmar\/wp-content\/uploads\/2019\/08\/IMG_9329-768x512.jpg 768w, https:\/\/www.realclubmaritimomelilla.es\/clmar\/wp-content\/uploads\/2019\/08\/IMG_9329-1024x683.jpg 1024w, https:\/\/www.realclubmaritimomelilla.es\/clmar\/wp-content\/uploads\/2019\/08\/IMG_9329.jpg 2126w\" sizes=\"(max-width: 2126px) 100vw, 2126px\" \/><\/a>\n\t\t\t<\/dt><\/dl><br style=\"clear: both\" \/><dl class='gallery-item'>\n\t\t\t<dt class='gallery-icon landscape'>\n\t\t\t\t<a data-rel=\"iLightbox[postimages]\" data-title=\"IMG_9332\" data-caption=\"\" href='https:\/\/www.realclubmaritimomelilla.es\/clmar\/imagenes-de-la-segunda-jornada-en-la-vii-semana-nautica-de-vela-ligera-flota-optimist-y-laser-4-7-y-radial\/img_9332\/'><img decoding=\"async\" width=\"2126\" height=\"1417\" src=\"https:\/\/www.realclubmaritimomelilla.es\/clmar\/wp-content\/uploads\/2019\/08\/IMG_9332.jpg\" class=\"attachment-full size-full\" alt=\"\" srcset=\"https:\/\/www.realclubmaritimomelilla.es\/clmar\/wp-content\/uploads\/2019\/08\/IMG_9332-300x200.jpg 300w, https:\/\/www.realclubmaritimomelilla.es\/clmar\/wp-content\/uploads\/2019\/08\/IMG_9332-600x400.jpg 600w, https:\/\/www.realclubmaritimomelilla.es\/clmar\/wp-content\/uploads\/2019\/08\/IMG_9332-768x512.jpg 768w, https:\/\/www.realclubmaritimomelilla.es\/clmar\/wp-content\/uploads\/2019\/08\/IMG_9332-1024x683.jpg 1024w, https:\/\/www.realclubmaritimomelilla.es\/clmar\/wp-content\/uploads\/2019\/08\/IMG_9332.jpg 2126w\" sizes=\"(max-width: 2126px) 100vw, 2126px\" \/><\/a>\n\t\t\t<\/dt><\/dl><dl class='gallery-item'>\n\t\t\t<dt class='gallery-icon landscape'>\n\t\t\t\t<a data-rel=\"iLightbox[postimages]\" data-title=\"IMG_9369\" data-caption=\"\" href='https:\/\/www.realclubmaritimomelilla.es\/clmar\/imagenes-de-la-segunda-jornada-en-la-vii-semana-nautica-de-vela-ligera-flota-optimist-y-laser-4-7-y-radial\/img_9369\/'><img decoding=\"async\" width=\"2126\" height=\"1417\" src=\"https:\/\/www.realclubmaritimomelilla.es\/clmar\/wp-content\/uploads\/2019\/08\/IMG_9369.jpg\" class=\"attachment-full size-full\" alt=\"\" srcset=\"https:\/\/www.realclubmaritimomelilla.es\/clmar\/wp-content\/uploads\/2019\/08\/IMG_9369-300x200.jpg 300w, https:\/\/www.realclubmaritimomelilla.es\/clmar\/wp-content\/uploads\/2019\/08\/IMG_9369-600x400.jpg 600w, https:\/\/www.realclubmaritimomelilla.es\/clmar\/wp-content\/uploads\/2019\/08\/IMG_9369-768x512.jpg 768w, https:\/\/www.realclubmaritimomelilla.es\/clmar\/wp-content\/uploads\/2019\/08\/IMG_9369-1024x683.jpg 1024w, https:\/\/www.realclubmaritimomelilla.es\/clmar\/wp-content\/uploads\/2019\/08\/IMG_9369.jpg 2126w\" sizes=\"(max-width: 2126px) 100vw, 2126px\" \/><\/a>\n\t\t\t<\/dt><\/dl><br style=\"clear: both\" \/><dl class='gallery-item'>\n\t\t\t<dt class='gallery-icon landscape'>\n\t\t\t\t<a data-rel=\"iLightbox[postimages]\" data-title=\"IMG_9389\" data-caption=\"\" href='https:\/\/www.realclubmaritimomelilla.es\/clmar\/imagenes-de-la-segunda-jornada-en-la-vii-semana-nautica-de-vela-ligera-flota-optimist-y-laser-4-7-y-radial\/img_9389\/'><img decoding=\"async\" width=\"2126\" height=\"1417\" src=\"https:\/\/www.realclubmaritimomelilla.es\/clmar\/wp-content\/uploads\/2019\/08\/IMG_9389.jpg\" class=\"attachment-full size-full\" alt=\"\" srcset=\"https:\/\/www.realclubmaritimomelilla.es\/clmar\/wp-content\/uploads\/2019\/08\/IMG_9389-300x200.jpg 300w, https:\/\/www.realclubmaritimomelilla.es\/clmar\/wp-content\/uploads\/2019\/08\/IMG_9389-600x400.jpg 600w, https:\/\/www.realclubmaritimomelilla.es\/clmar\/wp-content\/uploads\/2019\/08\/IMG_9389-768x512.jpg 768w, https:\/\/www.realclubmaritimomelilla.es\/clmar\/wp-content\/uploads\/2019\/08\/IMG_9389-1024x683.jpg 1024w, https:\/\/www.realclubmaritimomelilla.es\/clmar\/wp-content\/uploads\/2019\/08\/IMG_9389.jpg 2126w\" sizes=\"(max-width: 2126px) 100vw, 2126px\" \/><\/a>\n\t\t\t<\/dt><\/dl><dl class='gallery-item'>\n\t\t\t<dt class='gallery-icon landscape'>\n\t\t\t\t<a data-rel=\"iLightbox[postimages]\" data-title=\"IMG_9393\" data-caption=\"\" href='https:\/\/www.realclubmaritimomelilla.es\/clmar\/imagenes-de-la-segunda-jornada-en-la-vii-semana-nautica-de-vela-ligera-flota-optimist-y-laser-4-7-y-radial\/img_9393\/'><img decoding=\"async\" width=\"2126\" height=\"1417\" src=\"https:\/\/www.realclubmaritimomelilla.es\/clmar\/wp-content\/uploads\/2019\/08\/IMG_9393.jpg\" class=\"attachment-full size-full\" alt=\"\" srcset=\"https:\/\/www.realclubmaritimomelilla.es\/clmar\/wp-content\/uploads\/2019\/08\/IMG_9393-300x200.jpg 300w, https:\/\/www.realclubmaritimomelilla.es\/clmar\/wp-content\/uploads\/2019\/08\/IMG_9393-600x400.jpg 600w, https:\/\/www.realclubmaritimomelilla.es\/clmar\/wp-content\/uploads\/2019\/08\/IMG_9393-768x512.jpg 768w, https:\/\/www.realclubmaritimomelilla.es\/clmar\/wp-content\/uploads\/2019\/08\/IMG_9393-1024x683.jpg 1024w, https:\/\/www.realclubmaritimomelilla.es\/clmar\/wp-content\/uploads\/2019\/08\/IMG_9393.jpg 2126w\" sizes=\"(max-width: 2126px) 100vw, 2126px\" \/><\/a>\n\t\t\t<\/dt><\/dl><br style=\"clear: both\" \/><dl class='gallery-item'>\n\t\t\t<dt class='gallery-icon landscape'>\n\t\t\t\t<a data-rel=\"iLightbox[postimages]\" data-title=\"IMG_9394\" data-caption=\"\" href='https:\/\/www.realclubmaritimomelilla.es\/clmar\/imagenes-de-la-segunda-jornada-en-la-vii-semana-nautica-de-vela-ligera-flota-optimist-y-laser-4-7-y-radial\/img_9394\/'><img decoding=\"async\" width=\"2126\" height=\"1417\" src=\"https:\/\/www.realclubmaritimomelilla.es\/clmar\/wp-content\/uploads\/2019\/08\/IMG_9394.jpg\" class=\"attachment-full size-full\" alt=\"\" srcset=\"https:\/\/www.realclubmaritimomelilla.es\/clmar\/wp-content\/uploads\/2019\/08\/IMG_9394-300x200.jpg 300w, https:\/\/www.realclubmaritimomelilla.es\/clmar\/wp-content\/uploads\/2019\/08\/IMG_9394-600x400.jpg 600w, https:\/\/www.realclubmaritimomelilla.es\/clmar\/wp-content\/uploads\/2019\/08\/IMG_9394-768x512.jpg 768w, https:\/\/www.realclubmaritimomelilla.es\/clmar\/wp-content\/uploads\/2019\/08\/IMG_9394-1024x683.jpg 1024w, https:\/\/www.realclubmaritimomelilla.es\/clmar\/wp-content\/uploads\/2019\/08\/IMG_9394.jpg 2126w\" sizes=\"(max-width: 2126px) 100vw, 2126px\" \/><\/a>\n\t\t\t<\/dt><\/dl><dl class='gallery-item'>\n\t\t\t<dt class='gallery-icon landscape'>\n\t\t\t\t<a data-rel=\"iLightbox[postimages]\" data-title=\"IMG_9403\" data-caption=\"\" href='https:\/\/www.realclubmaritimomelilla.es\/clmar\/imagenes-de-la-segunda-jornada-en-la-vii-semana-nautica-de-vela-ligera-flota-optimist-y-laser-4-7-y-radial\/img_9403\/'><img decoding=\"async\" width=\"2126\" height=\"1417\" src=\"https:\/\/www.realclubmaritimomelilla.es\/clmar\/wp-content\/uploads\/2019\/08\/IMG_9403.jpg\" class=\"attachment-full size-full\" alt=\"\" srcset=\"https:\/\/www.realclubmaritimomelilla.es\/clmar\/wp-content\/uploads\/2019\/08\/IMG_9403-300x200.jpg 300w, https:\/\/www.realclubmaritimomelilla.es\/clmar\/wp-content\/uploads\/2019\/08\/IMG_9403-600x400.jpg 600w, https:\/\/www.realclubmaritimomelilla.es\/clmar\/wp-content\/uploads\/2019\/08\/IMG_9403-768x512.jpg 768w, https:\/\/www.realclubmaritimomelilla.es\/clmar\/wp-content\/uploads\/2019\/08\/IMG_9403-1024x683.jpg 1024w, https:\/\/www.realclubmaritimomelilla.es\/clmar\/wp-content\/uploads\/2019\/08\/IMG_9403.jpg 2126w\" sizes=\"(max-width: 2126px) 100vw, 2126px\" \/><\/a>\n\t\t\t<\/dt><\/dl><br style=\"clear: both\" \/><dl class='gallery-item'>\n\t\t\t<dt class='gallery-icon landscape'>\n\t\t\t\t<a data-rel=\"iLightbox[postimages]\" data-title=\"IMG_9409\" data-caption=\"\" href='https:\/\/www.realclubmaritimomelilla.es\/clmar\/imagenes-de-la-segunda-jornada-en-la-vii-semana-nautica-de-vela-ligera-flota-optimist-y-laser-4-7-y-radial\/img_9409-2\/'><img decoding=\"async\" width=\"2126\" height=\"1417\" src=\"https:\/\/www.realclubmaritimomelilla.es\/clmar\/wp-content\/uploads\/2019\/08\/IMG_9409.jpg\" class=\"attachment-full size-full\" alt=\"\" srcset=\"https:\/\/www.realclubmaritimomelilla.es\/clmar\/wp-content\/uploads\/2019\/08\/IMG_9409-300x200.jpg 300w, https:\/\/www.realclubmaritimomelilla.es\/clmar\/wp-content\/uploads\/2019\/08\/IMG_9409-600x400.jpg 600w, https:\/\/www.realclubmaritimomelilla.es\/clmar\/wp-content\/uploads\/2019\/08\/IMG_9409-768x512.jpg 768w, https:\/\/www.realclubmaritimomelilla.es\/clmar\/wp-content\/uploads\/2019\/08\/IMG_9409-1024x683.jpg 1024w, https:\/\/www.realclubmaritimomelilla.es\/clmar\/wp-content\/uploads\/2019\/08\/IMG_9409.jpg 2126w\" sizes=\"(max-width: 2126px) 100vw, 2126px\" \/><\/a>\n\t\t\t<\/dt><\/dl><dl class='gallery-item'>\n\t\t\t<dt class='gallery-icon landscape'>\n\t\t\t\t<a data-rel=\"iLightbox[postimages]\" data-title=\"IMG_9459\" data-caption=\"\" href='https:\/\/www.realclubmaritimomelilla.es\/clmar\/imagenes-de-la-segunda-jornada-en-la-vii-semana-nautica-de-vela-ligera-flota-optimist-y-laser-4-7-y-radial\/img_9459-2\/'><img decoding=\"async\" width=\"2126\" height=\"1417\" src=\"https:\/\/www.realclubmaritimomelilla.es\/clmar\/wp-content\/uploads\/2019\/08\/IMG_9459.jpg\" class=\"attachment-full size-full\" alt=\"\" srcset=\"https:\/\/www.realclubmaritimomelilla.es\/clmar\/wp-content\/uploads\/2019\/08\/IMG_9459-300x200.jpg 300w, https:\/\/www.realclubmaritimomelilla.es\/clmar\/wp-content\/uploads\/2019\/08\/IMG_9459-600x400.jpg 600w, https:\/\/www.realclubmaritimomelilla.es\/clmar\/wp-content\/uploads\/2019\/08\/IMG_9459-768x512.jpg 768w, https:\/\/www.realclubmaritimomelilla.es\/clmar\/wp-content\/uploads\/2019\/08\/IMG_9459-1024x683.jpg 1024w, https:\/\/www.realclubmaritimomelilla.es\/clmar\/wp-content\/uploads\/2019\/08\/IMG_9459.jpg 2126w\" sizes=\"(max-width: 2126px) 100vw, 2126px\" \/><\/a>\n\t\t\t<\/dt><\/dl><br style=\"clear: both\" \/><dl class='gallery-item'>\n\t\t\t<dt class='gallery-icon landscape'>\n\t\t\t\t<a data-rel=\"iLightbox[postimages]\" data-title=\"IMG_9478\" data-caption=\"\" href='https:\/\/www.realclubmaritimomelilla.es\/clmar\/imagenes-de-la-segunda-jornada-en-la-vii-semana-nautica-de-vela-ligera-flota-optimist-y-laser-4-7-y-radial\/img_9478\/'><img decoding=\"async\" width=\"2126\" height=\"1417\" src=\"https:\/\/www.realclubmaritimomelilla.es\/clmar\/wp-content\/uploads\/2019\/08\/IMG_9478.jpg\" class=\"attachment-full size-full\" alt=\"\" srcset=\"https:\/\/www.realclubmaritimomelilla.es\/clmar\/wp-content\/uploads\/2019\/08\/IMG_9478-300x200.jpg 300w, https:\/\/www.realclubmaritimomelilla.es\/clmar\/wp-content\/uploads\/2019\/08\/IMG_9478-600x400.jpg 600w, https:\/\/www.realclubmaritimomelilla.es\/clmar\/wp-content\/uploads\/2019\/08\/IMG_9478-768x512.jpg 768w, https:\/\/www.realclubmaritimomelilla.es\/clmar\/wp-content\/uploads\/2019\/08\/IMG_9478-1024x683.jpg 1024w, https:\/\/www.realclubmaritimomelilla.es\/clmar\/wp-content\/uploads\/2019\/08\/IMG_9478.jpg 2126w\" sizes=\"(max-width: 2126px) 100vw, 2126px\" \/><\/a>\n\t\t\t<\/dt><\/dl><dl class='gallery-item'>\n\t\t\t<dt class='gallery-icon landscape'>\n\t\t\t\t<a data-rel=\"iLightbox[postimages]\" data-title=\"IMG_9495\" data-caption=\"\" href='https:\/\/www.realclubmaritimomelilla.es\/clmar\/imagenes-de-la-segunda-jornada-en-la-vii-semana-nautica-de-vela-ligera-flota-optimist-y-laser-4-7-y-radial\/img_9495\/'><img decoding=\"async\" width=\"2126\" height=\"1417\" src=\"https:\/\/www.realclubmaritimomelilla.es\/clmar\/wp-content\/uploads\/2019\/08\/IMG_9495.jpg\" class=\"attachment-full size-full\" alt=\"\" srcset=\"https:\/\/www.realclubmaritimomelilla.es\/clmar\/wp-content\/uploads\/2019\/08\/IMG_9495-300x200.jpg 300w, https:\/\/www.realclubmaritimomelilla.es\/clmar\/wp-content\/uploads\/2019\/08\/IMG_9495-600x400.jpg 600w, https:\/\/www.realclubmaritimomelilla.es\/clmar\/wp-content\/uploads\/2019\/08\/IMG_9495-768x512.jpg 768w, https:\/\/www.realclubmaritimomelilla.es\/clmar\/wp-content\/uploads\/2019\/08\/IMG_9495-1024x683.jpg 1024w, https:\/\/www.realclubmaritimomelilla.es\/clmar\/wp-content\/uploads\/2019\/08\/IMG_9495.jpg 2126w\" sizes=\"(max-width: 2126px) 100vw, 2126px\" \/><\/a>\n\t\t\t<\/dt><\/dl><br style=\"clear: both\" \/><dl class='gallery-item'>\n\t\t\t<dt class='gallery-icon landscape'>\n\t\t\t\t<a data-rel=\"iLightbox[postimages]\" data-title=\"IMG_9504\" data-caption=\"\" href='https:\/\/www.realclubmaritimomelilla.es\/clmar\/imagenes-de-la-segunda-jornada-en-la-vii-semana-nautica-de-vela-ligera-flota-optimist-y-laser-4-7-y-radial\/img_9504\/'><img decoding=\"async\" width=\"2126\" height=\"1417\" src=\"https:\/\/www.realclubmaritimomelilla.es\/clmar\/wp-content\/uploads\/2019\/08\/IMG_9504.jpg\" class=\"attachment-full size-full\" alt=\"\" srcset=\"https:\/\/www.realclubmaritimomelilla.es\/clmar\/wp-content\/uploads\/2019\/08\/IMG_9504-300x200.jpg 300w, https:\/\/www.realclubmaritimomelilla.es\/clmar\/wp-content\/uploads\/2019\/08\/IMG_9504-600x400.jpg 600w, https:\/\/www.realclubmaritimomelilla.es\/clmar\/wp-content\/uploads\/2019\/08\/IMG_9504-768x512.jpg 768w, https:\/\/www.realclubmaritimomelilla.es\/clmar\/wp-content\/uploads\/2019\/08\/IMG_9504-1024x683.jpg 1024w, https:\/\/www.realclubmaritimomelilla.es\/clmar\/wp-content\/uploads\/2019\/08\/IMG_9504.jpg 2126w\" sizes=\"(max-width: 2126px) 100vw, 2126px\" \/><\/a>\n\t\t\t<\/dt><\/dl><dl class='gallery-item'>\n\t\t\t<dt class='gallery-icon landscape'>\n\t\t\t\t<a data-rel=\"iLightbox[postimages]\" data-title=\"IMG_9513\" data-caption=\"\" href='https:\/\/www.realclubmaritimomelilla.es\/clmar\/imagenes-de-la-segunda-jornada-en-la-vii-semana-nautica-de-vela-ligera-flota-optimist-y-laser-4-7-y-radial\/img_9513-2\/'><img decoding=\"async\" width=\"2126\" height=\"1417\" src=\"https:\/\/www.realclubmaritimomelilla.es\/clmar\/wp-content\/uploads\/2019\/08\/IMG_9513.jpg\" class=\"attachment-full size-full\" alt=\"\" srcset=\"https:\/\/www.realclubmaritimomelilla.es\/clmar\/wp-content\/uploads\/2019\/08\/IMG_9513-300x200.jpg 300w, https:\/\/www.realclubmaritimomelilla.es\/clmar\/wp-content\/uploads\/2019\/08\/IMG_9513-600x400.jpg 600w, https:\/\/www.realclubmaritimomelilla.es\/clmar\/wp-content\/uploads\/2019\/08\/IMG_9513-768x512.jpg 768w, https:\/\/www.realclubmaritimomelilla.es\/clmar\/wp-content\/uploads\/2019\/08\/IMG_9513-1024x683.jpg 1024w, https:\/\/www.realclubmaritimomelilla.es\/clmar\/wp-content\/uploads\/2019\/08\/IMG_9513.jpg 2126w\" sizes=\"(max-width: 2126px) 100vw, 2126px\" \/><\/a>\n\t\t\t<\/dt><\/dl><br style=\"clear: both\" \/><dl class='gallery-item'>\n\t\t\t<dt class='gallery-icon landscape'>\n\t\t\t\t<a data-rel=\"iLightbox[postimages]\" data-title=\"IMG_9521\" data-caption=\"\" href='https:\/\/www.realclubmaritimomelilla.es\/clmar\/imagenes-de-la-segunda-jornada-en-la-vii-semana-nautica-de-vela-ligera-flota-optimist-y-laser-4-7-y-radial\/img_9521\/'><img decoding=\"async\" width=\"2126\" height=\"1417\" src=\"https:\/\/www.realclubmaritimomelilla.es\/clmar\/wp-content\/uploads\/2019\/08\/IMG_9521.jpg\" class=\"attachment-full size-full\" alt=\"\" srcset=\"https:\/\/www.realclubmaritimomelilla.es\/clmar\/wp-content\/uploads\/2019\/08\/IMG_9521-300x200.jpg 300w, https:\/\/www.realclubmaritimomelilla.es\/clmar\/wp-content\/uploads\/2019\/08\/IMG_9521-600x400.jpg 600w, https:\/\/www.realclubmaritimomelilla.es\/clmar\/wp-content\/uploads\/2019\/08\/IMG_9521-768x512.jpg 768w, https:\/\/www.realclubmaritimomelilla.es\/clmar\/wp-content\/uploads\/2019\/08\/IMG_9521-1024x683.jpg 1024w, https:\/\/www.realclubmaritimomelilla.es\/clmar\/wp-content\/uploads\/2019\/08\/IMG_9521.jpg 2126w\" sizes=\"(max-width: 2126px) 100vw, 2126px\" \/><\/a>\n\t\t\t<\/dt><\/dl><dl class='gallery-item'>\n\t\t\t<dt class='gallery-icon landscape'>\n\t\t\t\t<a data-rel=\"iLightbox[postimages]\" data-title=\"IMG_9529\" data-caption=\"\" href='https:\/\/www.realclubmaritimomelilla.es\/clmar\/imagenes-de-la-segunda-jornada-en-la-vii-semana-nautica-de-vela-ligera-flota-optimist-y-laser-4-7-y-radial\/img_9529-2\/'><img decoding=\"async\" width=\"2126\" height=\"1417\" src=\"https:\/\/www.realclubmaritimomelilla.es\/clmar\/wp-content\/uploads\/2019\/08\/IMG_9529.jpg\" class=\"attachment-full size-full\" alt=\"\" srcset=\"https:\/\/www.realclubmaritimomelilla.es\/clmar\/wp-content\/uploads\/2019\/08\/IMG_9529-300x200.jpg 300w, https:\/\/www.realclubmaritimomelilla.es\/clmar\/wp-content\/uploads\/2019\/08\/IMG_9529-600x400.jpg 600w, https:\/\/www.realclubmaritimomelilla.es\/clmar\/wp-content\/uploads\/2019\/08\/IMG_9529-768x512.jpg 768w, https:\/\/www.realclubmaritimomelilla.es\/clmar\/wp-content\/uploads\/2019\/08\/IMG_9529-1024x683.jpg 1024w, https:\/\/www.realclubmaritimomelilla.es\/clmar\/wp-content\/uploads\/2019\/08\/IMG_9529.jpg 2126w\" sizes=\"(max-width: 2126px) 100vw, 2126px\" \/><\/a>\n\t\t\t<\/dt><\/dl><br style=\"clear: both\" \/><dl class='gallery-item'>\n\t\t\t<dt class='gallery-icon landscape'>\n\t\t\t\t<a data-rel=\"iLightbox[postimages]\" data-title=\"IMG_9533\" data-caption=\"\" href='https:\/\/www.realclubmaritimomelilla.es\/clmar\/imagenes-de-la-segunda-jornada-en-la-vii-semana-nautica-de-vela-ligera-flota-optimist-y-laser-4-7-y-radial\/img_9533\/'><img decoding=\"async\" width=\"2126\" height=\"1417\" src=\"https:\/\/www.realclubmaritimomelilla.es\/clmar\/wp-content\/uploads\/2019\/08\/IMG_9533.jpg\" class=\"attachment-full size-full\" alt=\"\" srcset=\"https:\/\/www.realclubmaritimomelilla.es\/clmar\/wp-content\/uploads\/2019\/08\/IMG_9533-300x200.jpg 300w, https:\/\/www.realclubmaritimomelilla.es\/clmar\/wp-content\/uploads\/2019\/08\/IMG_9533-600x400.jpg 600w, https:\/\/www.realclubmaritimomelilla.es\/clmar\/wp-content\/uploads\/2019\/08\/IMG_9533-768x512.jpg 768w, https:\/\/www.realclubmaritimomelilla.es\/clmar\/wp-content\/uploads\/2019\/08\/IMG_9533-1024x683.jpg 1024w, https:\/\/www.realclubmaritimomelilla.es\/clmar\/wp-content\/uploads\/2019\/08\/IMG_9533.jpg 2126w\" sizes=\"(max-width: 2126px) 100vw, 2126px\" \/><\/a>\n\t\t\t<\/dt><\/dl><dl class='gallery-item'>\n\t\t\t<dt class='gallery-icon landscape'>\n\t\t\t\t<a data-rel=\"iLightbox[postimages]\" data-title=\"IMG_9553\" data-caption=\"\" href='https:\/\/www.realclubmaritimomelilla.es\/clmar\/imagenes-de-la-segunda-jornada-en-la-vii-semana-nautica-de-vela-ligera-flota-optimist-y-laser-4-7-y-radial\/img_9553\/'><img decoding=\"async\" width=\"2126\" height=\"1417\" src=\"https:\/\/www.realclubmaritimomelilla.es\/clmar\/wp-content\/uploads\/2019\/08\/IMG_9553.jpg\" class=\"attachment-full size-full\" alt=\"\" srcset=\"https:\/\/www.realclubmaritimomelilla.es\/clmar\/wp-content\/uploads\/2019\/08\/IMG_9553-300x200.jpg 300w, https:\/\/www.realclubmaritimomelilla.es\/clmar\/wp-content\/uploads\/2019\/08\/IMG_9553-600x400.jpg 600w, https:\/\/www.realclubmaritimomelilla.es\/clmar\/wp-content\/uploads\/2019\/08\/IMG_9553-768x512.jpg 768w, https:\/\/www.realclubmaritimomelilla.es\/clmar\/wp-content\/uploads\/2019\/08\/IMG_9553-1024x683.jpg 1024w, https:\/\/www.realclubmaritimomelilla.es\/clmar\/wp-content\/uploads\/2019\/08\/IMG_9553.jpg 2126w\" sizes=\"(max-width: 2126px) 100vw, 2126px\" \/><\/a>\n\t\t\t<\/dt><\/dl><br style=\"clear: both\" \/><dl class='gallery-item'>\n\t\t\t<dt class='gallery-icon landscape'>\n\t\t\t\t<a data-rel=\"iLightbox[postimages]\" data-title=\"IMG_9568\" data-caption=\"\" href='https:\/\/www.realclubmaritimomelilla.es\/clmar\/imagenes-de-la-segunda-jornada-en-la-vii-semana-nautica-de-vela-ligera-flota-optimist-y-laser-4-7-y-radial\/img_9568\/'><img decoding=\"async\" width=\"2126\" height=\"1417\" src=\"https:\/\/www.realclubmaritimomelilla.es\/clmar\/wp-content\/uploads\/2019\/08\/IMG_9568.jpg\" class=\"attachment-full size-full\" alt=\"\" srcset=\"https:\/\/www.realclubmaritimomelilla.es\/clmar\/wp-content\/uploads\/2019\/08\/IMG_9568-300x200.jpg 300w, https:\/\/www.realclubmaritimomelilla.es\/clmar\/wp-content\/uploads\/2019\/08\/IMG_9568-600x400.jpg 600w, https:\/\/www.realclubmaritimomelilla.es\/clmar\/wp-content\/uploads\/2019\/08\/IMG_9568-768x512.jpg 768w, https:\/\/www.realclubmaritimomelilla.es\/clmar\/wp-content\/uploads\/2019\/08\/IMG_9568-1024x683.jpg 1024w, https:\/\/www.realclubmaritimomelilla.es\/clmar\/wp-content\/uploads\/2019\/08\/IMG_9568.jpg 2126w\" sizes=\"(max-width: 2126px) 100vw, 2126px\" \/><\/a>\n\t\t\t<\/dt><\/dl><dl class='gallery-item'>\n\t\t\t<dt class='gallery-icon landscape'>\n\t\t\t\t<a data-rel=\"iLightbox[postimages]\" data-title=\"IMG_9581\" data-caption=\"\" href='https:\/\/www.realclubmaritimomelilla.es\/clmar\/imagenes-de-la-segunda-jornada-en-la-vii-semana-nautica-de-vela-ligera-flota-optimist-y-laser-4-7-y-radial\/img_9581\/'><img decoding=\"async\" width=\"2126\" height=\"1417\" src=\"https:\/\/www.realclubmaritimomelilla.es\/clmar\/wp-content\/uploads\/2019\/08\/IMG_9581.jpg\" class=\"attachment-full size-full\" alt=\"\" srcset=\"https:\/\/www.realclubmaritimomelilla.es\/clmar\/wp-content\/uploads\/2019\/08\/IMG_9581-300x200.jpg 300w, https:\/\/www.realclubmaritimomelilla.es\/clmar\/wp-content\/uploads\/2019\/08\/IMG_9581-600x400.jpg 600w, https:\/\/www.realclubmaritimomelilla.es\/clmar\/wp-content\/uploads\/2019\/08\/IMG_9581-768x512.jpg 768w, https:\/\/www.realclubmaritimomelilla.es\/clmar\/wp-content\/uploads\/2019\/08\/IMG_9581-1024x683.jpg 1024w, https:\/\/www.realclubmaritimomelilla.es\/clmar\/wp-content\/uploads\/2019\/08\/IMG_9581.jpg 2126w\" sizes=\"(max-width: 2126px) 100vw, 2126px\" \/><\/a>\n\t\t\t<\/dt><\/dl><br style=\"clear: both\" \/><dl class='gallery-item'>\n\t\t\t<dt class='gallery-icon landscape'>\n\t\t\t\t<a data-rel=\"iLightbox[postimages]\" data-title=\"IMG_9592\" data-caption=\"\" href='https:\/\/www.realclubmaritimomelilla.es\/clmar\/imagenes-de-la-segunda-jornada-en-la-vii-semana-nautica-de-vela-ligera-flota-optimist-y-laser-4-7-y-radial\/img_9592\/'><img decoding=\"async\" width=\"2126\" height=\"1417\" src=\"https:\/\/www.realclubmaritimomelilla.es\/clmar\/wp-content\/uploads\/2019\/08\/IMG_9592.jpg\" class=\"attachment-full size-full\" alt=\"\" srcset=\"https:\/\/www.realclubmaritimomelilla.es\/clmar\/wp-content\/uploads\/2019\/08\/IMG_9592-300x200.jpg 300w, https:\/\/www.realclubmaritimomelilla.es\/clmar\/wp-content\/uploads\/2019\/08\/IMG_9592-600x400.jpg 600w, https:\/\/www.realclubmaritimomelilla.es\/clmar\/wp-content\/uploads\/2019\/08\/IMG_9592-768x512.jpg 768w, https:\/\/www.realclubmaritimomelilla.es\/clmar\/wp-content\/uploads\/2019\/08\/IMG_9592-1024x683.jpg 1024w, https:\/\/www.realclubmaritimomelilla.es\/clmar\/wp-content\/uploads\/2019\/08\/IMG_9592.jpg 2126w\" sizes=\"(max-width: 2126px) 100vw, 2126px\" \/><\/a>\n\t\t\t<\/dt><\/dl><dl class='gallery-item'>\n\t\t\t<dt class='gallery-icon landscape'>\n\t\t\t\t<a data-rel=\"iLightbox[postimages]\" data-title=\"IMG_9600\" data-caption=\"\" href='https:\/\/www.realclubmaritimomelilla.es\/clmar\/imagenes-de-la-segunda-jornada-en-la-vii-semana-nautica-de-vela-ligera-flota-optimist-y-laser-4-7-y-radial\/img_9600\/'><img decoding=\"async\" width=\"2126\" height=\"1417\" src=\"https:\/\/www.realclubmaritimomelilla.es\/clmar\/wp-content\/uploads\/2019\/08\/IMG_9600.jpg\" class=\"attachment-full size-full\" alt=\"\" srcset=\"https:\/\/www.realclubmaritimomelilla.es\/clmar\/wp-content\/uploads\/2019\/08\/IMG_9600-300x200.jpg 300w, https:\/\/www.realclubmaritimomelilla.es\/clmar\/wp-content\/uploads\/2019\/08\/IMG_9600-600x400.jpg 600w, https:\/\/www.realclubmaritimomelilla.es\/clmar\/wp-content\/uploads\/2019\/08\/IMG_9600-768x512.jpg 768w, https:\/\/www.realclubmaritimomelilla.es\/clmar\/wp-content\/uploads\/2019\/08\/IMG_9600-1024x683.jpg 1024w, https:\/\/www.realclubmaritimomelilla.es\/clmar\/wp-content\/uploads\/2019\/08\/IMG_9600.jpg 2126w\" sizes=\"(max-width: 2126px) 100vw, 2126px\" \/><\/a>\n\t\t\t<\/dt><\/dl><br style=\"clear: both\" \/><dl class='gallery-item'>\n\t\t\t<dt class='gallery-icon landscape'>\n\t\t\t\t<a data-rel=\"iLightbox[postimages]\" data-title=\"IMG_9604\" data-caption=\"\" href='https:\/\/www.realclubmaritimomelilla.es\/clmar\/imagenes-de-la-segunda-jornada-en-la-vii-semana-nautica-de-vela-ligera-flota-optimist-y-laser-4-7-y-radial\/img_9604\/'><img decoding=\"async\" width=\"2126\" height=\"1417\" src=\"https:\/\/www.realclubmaritimomelilla.es\/clmar\/wp-content\/uploads\/2019\/08\/IMG_9604.jpg\" class=\"attachment-full size-full\" alt=\"\" srcset=\"https:\/\/www.realclubmaritimomelilla.es\/clmar\/wp-content\/uploads\/2019\/08\/IMG_9604-300x200.jpg 300w, https:\/\/www.realclubmaritimomelilla.es\/clmar\/wp-content\/uploads\/2019\/08\/IMG_9604-600x400.jpg 600w, https:\/\/www.realclubmaritimomelilla.es\/clmar\/wp-content\/uploads\/2019\/08\/IMG_9604-768x512.jpg 768w, https:\/\/www.realclubmaritimomelilla.es\/clmar\/wp-content\/uploads\/2019\/08\/IMG_9604-1024x683.jpg 1024w, https:\/\/www.realclubmaritimomelilla.es\/clmar\/wp-content\/uploads\/2019\/08\/IMG_9604.jpg 2126w\" sizes=\"(max-width: 2126px) 100vw, 2126px\" \/><\/a>\n\t\t\t<\/dt><\/dl><dl class='gallery-item'>\n\t\t\t<dt class='gallery-icon landscape'>\n\t\t\t\t<a data-rel=\"iLightbox[postimages]\" data-title=\"IMG_9609\" data-caption=\"\" href='https:\/\/www.realclubmaritimomelilla.es\/clmar\/imagenes-de-la-segunda-jornada-en-la-vii-semana-nautica-de-vela-ligera-flota-optimist-y-laser-4-7-y-radial\/img_9609\/'><img decoding=\"async\" width=\"2126\" height=\"1417\" src=\"https:\/\/www.realclubmaritimomelilla.es\/clmar\/wp-content\/uploads\/2019\/08\/IMG_9609.jpg\" class=\"attachment-full size-full\" alt=\"\" srcset=\"https:\/\/www.realclubmaritimomelilla.es\/clmar\/wp-content\/uploads\/2019\/08\/IMG_9609-300x200.jpg 300w, https:\/\/www.realclubmaritimomelilla.es\/clmar\/wp-content\/uploads\/2019\/08\/IMG_9609-600x400.jpg 600w, https:\/\/www.realclubmaritimomelilla.es\/clmar\/wp-content\/uploads\/2019\/08\/IMG_9609-768x512.jpg 768w, https:\/\/www.realclubmaritimomelilla.es\/clmar\/wp-content\/uploads\/2019\/08\/IMG_9609-1024x683.jpg 1024w, https:\/\/www.realclubmaritimomelilla.es\/clmar\/wp-content\/uploads\/2019\/08\/IMG_9609.jpg 2126w\" sizes=\"(max-width: 2126px) 100vw, 2126px\" \/><\/a>\n\t\t\t<\/dt><\/dl><br style=\"clear: both\" \/><dl class='gallery-item'>\n\t\t\t<dt class='gallery-icon landscape'>\n\t\t\t\t<a data-rel=\"iLightbox[postimages]\" data-title=\"IMG_9624\" data-caption=\"\" href='https:\/\/www.realclubmaritimomelilla.es\/clmar\/imagenes-de-la-segunda-jornada-en-la-vii-semana-nautica-de-vela-ligera-flota-optimist-y-laser-4-7-y-radial\/img_9624\/'><img decoding=\"async\" width=\"2126\" height=\"1418\" src=\"https:\/\/www.realclubmaritimomelilla.es\/clmar\/wp-content\/uploads\/2019\/08\/IMG_9624.jpg\" class=\"attachment-full size-full\" alt=\"\" srcset=\"https:\/\/www.realclubmaritimomelilla.es\/clmar\/wp-content\/uploads\/2019\/08\/IMG_9624-300x200.jpg 300w, https:\/\/www.realclubmaritimomelilla.es\/clmar\/wp-content\/uploads\/2019\/08\/IMG_9624-600x400.jpg 600w, https:\/\/www.realclubmaritimomelilla.es\/clmar\/wp-content\/uploads\/2019\/08\/IMG_9624-768x512.jpg 768w, https:\/\/www.realclubmaritimomelilla.es\/clmar\/wp-content\/uploads\/2019\/08\/IMG_9624-1024x683.jpg 1024w, https:\/\/www.realclubmaritimomelilla.es\/clmar\/wp-content\/uploads\/2019\/08\/IMG_9624.jpg 2126w\" sizes=\"(max-width: 2126px) 100vw, 2126px\" \/><\/a>\n\t\t\t<\/dt><\/dl><dl class='gallery-item'>\n\t\t\t<dt class='gallery-icon landscape'>\n\t\t\t\t<a data-rel=\"iLightbox[postimages]\" data-title=\"IMG_9626\" data-caption=\"\" href='https:\/\/www.realclubmaritimomelilla.es\/clmar\/imagenes-de-la-segunda-jornada-en-la-vii-semana-nautica-de-vela-ligera-flota-optimist-y-laser-4-7-y-radial\/img_9626\/'><img decoding=\"async\" width=\"2126\" height=\"1417\" src=\"https:\/\/www.realclubmaritimomelilla.es\/clmar\/wp-content\/uploads\/2019\/08\/IMG_9626.jpg\" class=\"attachment-full size-full\" alt=\"\" srcset=\"https:\/\/www.realclubmaritimomelilla.es\/clmar\/wp-content\/uploads\/2019\/08\/IMG_9626-300x200.jpg 300w, https:\/\/www.realclubmaritimomelilla.es\/clmar\/wp-content\/uploads\/2019\/08\/IMG_9626-600x400.jpg 600w, https:\/\/www.realclubmaritimomelilla.es\/clmar\/wp-content\/uploads\/2019\/08\/IMG_9626-768x512.jpg 768w, https:\/\/www.realclubmaritimomelilla.es\/clmar\/wp-content\/uploads\/2019\/08\/IMG_9626-1024x683.jpg 1024w, https:\/\/www.realclubmaritimomelilla.es\/clmar\/wp-content\/uploads\/2019\/08\/IMG_9626.jpg 2126w\" sizes=\"(max-width: 2126px) 100vw, 2126px\" \/><\/a>\n\t\t\t<\/dt><\/dl><br style=\"clear: both\" \/><dl class='gallery-item'>\n\t\t\t<dt class='gallery-icon landscape'>\n\t\t\t\t<a data-rel=\"iLightbox[postimages]\" data-title=\"IMG_9643\" data-caption=\"\" href='https:\/\/www.realclubmaritimomelilla.es\/clmar\/imagenes-de-la-segunda-jornada-en-la-vii-semana-nautica-de-vela-ligera-flota-optimist-y-laser-4-7-y-radial\/img_9643\/'><img decoding=\"async\" width=\"2126\" height=\"1417\" src=\"https:\/\/www.realclubmaritimomelilla.es\/clmar\/wp-content\/uploads\/2019\/08\/IMG_9643.jpg\" class=\"attachment-full size-full\" alt=\"\" srcset=\"https:\/\/www.realclubmaritimomelilla.es\/clmar\/wp-content\/uploads\/2019\/08\/IMG_9643-300x200.jpg 300w, https:\/\/www.realclubmaritimomelilla.es\/clmar\/wp-content\/uploads\/2019\/08\/IMG_9643-600x400.jpg 600w, https:\/\/www.realclubmaritimomelilla.es\/clmar\/wp-content\/uploads\/2019\/08\/IMG_9643-768x512.jpg 768w, https:\/\/www.realclubmaritimomelilla.es\/clmar\/wp-content\/uploads\/2019\/08\/IMG_9643-1024x683.jpg 1024w, https:\/\/www.realclubmaritimomelilla.es\/clmar\/wp-content\/uploads\/2019\/08\/IMG_9643.jpg 2126w\" sizes=\"(max-width: 2126px) 100vw, 2126px\" \/><\/a>\n\t\t\t<\/dt><\/dl><dl class='gallery-item'>\n\t\t\t<dt class='gallery-icon landscape'>\n\t\t\t\t<a data-rel=\"iLightbox[postimages]\" data-title=\"IMG_9648\" data-caption=\"\" href='https:\/\/www.realclubmaritimomelilla.es\/clmar\/imagenes-de-la-segunda-jornada-en-la-vii-semana-nautica-de-vela-ligera-flota-optimist-y-laser-4-7-y-radial\/img_9648\/'><img decoding=\"async\" width=\"2126\" height=\"1417\" src=\"https:\/\/www.realclubmaritimomelilla.es\/clmar\/wp-content\/uploads\/2019\/08\/IMG_9648.jpg\" class=\"attachment-full size-full\" alt=\"\" srcset=\"https:\/\/www.realclubmaritimomelilla.es\/clmar\/wp-content\/uploads\/2019\/08\/IMG_9648-300x200.jpg 300w, https:\/\/www.realclubmaritimomelilla.es\/clmar\/wp-content\/uploads\/2019\/08\/IMG_9648-600x400.jpg 600w, https:\/\/www.realclubmaritimomelilla.es\/clmar\/wp-content\/uploads\/2019\/08\/IMG_9648-768x512.jpg 768w, https:\/\/www.realclubmaritimomelilla.es\/clmar\/wp-content\/uploads\/2019\/08\/IMG_9648-1024x683.jpg 1024w, https:\/\/www.realclubmaritimomelilla.es\/clmar\/wp-content\/uploads\/2019\/08\/IMG_9648.jpg 2126w\" sizes=\"(max-width: 2126px) 100vw, 2126px\" \/><\/a>\n\t\t\t<\/dt><\/dl><br style=\"clear: both\" \/><dl class='gallery-item'>\n\t\t\t<dt class='gallery-icon landscape'>\n\t\t\t\t<a data-rel=\"iLightbox[postimages]\" data-title=\"IMG_9656\" data-caption=\"\" href='https:\/\/www.realclubmaritimomelilla.es\/clmar\/imagenes-de-la-segunda-jornada-en-la-vii-semana-nautica-de-vela-ligera-flota-optimist-y-laser-4-7-y-radial\/img_9656\/'><img decoding=\"async\" width=\"2126\" height=\"1417\" src=\"https:\/\/www.realclubmaritimomelilla.es\/clmar\/wp-content\/uploads\/2019\/08\/IMG_9656.jpg\" class=\"attachment-full size-full\" alt=\"\" srcset=\"https:\/\/www.realclubmaritimomelilla.es\/clmar\/wp-content\/uploads\/2019\/08\/IMG_9656-300x200.jpg 300w, https:\/\/www.realclubmaritimomelilla.es\/clmar\/wp-content\/uploads\/2019\/08\/IMG_9656-600x400.jpg 600w, https:\/\/www.realclubmaritimomelilla.es\/clmar\/wp-content\/uploads\/2019\/08\/IMG_9656-768x512.jpg 768w, https:\/\/www.realclubmaritimomelilla.es\/clmar\/wp-content\/uploads\/2019\/08\/IMG_9656-1024x683.jpg 1024w, https:\/\/www.realclubmaritimomelilla.es\/clmar\/wp-content\/uploads\/2019\/08\/IMG_9656.jpg 2126w\" sizes=\"(max-width: 2126px) 100vw, 2126px\" \/><\/a>\n\t\t\t<\/dt><\/dl><dl class='gallery-item'>\n\t\t\t<dt class='gallery-icon landscape'>\n\t\t\t\t<a data-rel=\"iLightbox[postimages]\" data-title=\"IMG_9662\" data-caption=\"\" href='https:\/\/www.realclubmaritimomelilla.es\/clmar\/imagenes-de-la-segunda-jornada-en-la-vii-semana-nautica-de-vela-ligera-flota-optimist-y-laser-4-7-y-radial\/img_9662\/'><img decoding=\"async\" width=\"2126\" height=\"1417\" src=\"https:\/\/www.realclubmaritimomelilla.es\/clmar\/wp-content\/uploads\/2019\/08\/IMG_9662.jpg\" class=\"attachment-full size-full\" alt=\"\" srcset=\"https:\/\/www.realclubmaritimomelilla.es\/clmar\/wp-content\/uploads\/2019\/08\/IMG_9662-300x200.jpg 300w, https:\/\/www.realclubmaritimomelilla.es\/clmar\/wp-content\/uploads\/2019\/08\/IMG_9662-600x400.jpg 600w, https:\/\/www.realclubmaritimomelilla.es\/clmar\/wp-content\/uploads\/2019\/08\/IMG_9662-768x512.jpg 768w, https:\/\/www.realclubmaritimomelilla.es\/clmar\/wp-content\/uploads\/2019\/08\/IMG_9662-1024x683.jpg 1024w, https:\/\/www.realclubmaritimomelilla.es\/clmar\/wp-content\/uploads\/2019\/08\/IMG_9662.jpg 2126w\" sizes=\"(max-width: 2126px) 100vw, 2126px\" \/><\/a>\n\t\t\t<\/dt><\/dl><br style=\"clear: both\" \/><dl class='gallery-item'>\n\t\t\t<dt class='gallery-icon landscape'>\n\t\t\t\t<a data-rel=\"iLightbox[postimages]\" data-title=\"IMG_9680\" data-caption=\"\" href='https:\/\/www.realclubmaritimomelilla.es\/clmar\/imagenes-de-la-segunda-jornada-en-la-vii-semana-nautica-de-vela-ligera-flota-optimist-y-laser-4-7-y-radial\/img_9680\/'><img decoding=\"async\" width=\"2126\" height=\"1417\" src=\"https:\/\/www.realclubmaritimomelilla.es\/clmar\/wp-content\/uploads\/2019\/08\/IMG_9680.jpg\" class=\"attachment-full size-full\" alt=\"\" srcset=\"https:\/\/www.realclubmaritimomelilla.es\/clmar\/wp-content\/uploads\/2019\/08\/IMG_9680-300x200.jpg 300w, https:\/\/www.realclubmaritimomelilla.es\/clmar\/wp-content\/uploads\/2019\/08\/IMG_9680-600x400.jpg 600w, https:\/\/www.realclubmaritimomelilla.es\/clmar\/wp-content\/uploads\/2019\/08\/IMG_9680-768x512.jpg 768w, https:\/\/www.realclubmaritimomelilla.es\/clmar\/wp-content\/uploads\/2019\/08\/IMG_9680-1024x683.jpg 1024w, https:\/\/www.realclubmaritimomelilla.es\/clmar\/wp-content\/uploads\/2019\/08\/IMG_9680.jpg 2126w\" sizes=\"(max-width: 2126px) 100vw, 2126px\" \/><\/a>\n\t\t\t<\/dt><\/dl><dl class='gallery-item'>\n\t\t\t<dt class='gallery-icon landscape'>\n\t\t\t\t<a data-rel=\"iLightbox[postimages]\" data-title=\"IMG_9691\" data-caption=\"\" href='https:\/\/www.realclubmaritimomelilla.es\/clmar\/imagenes-de-la-segunda-jornada-en-la-vii-semana-nautica-de-vela-ligera-flota-optimist-y-laser-4-7-y-radial\/img_9691\/'><img decoding=\"async\" width=\"2126\" height=\"1417\" src=\"https:\/\/www.realclubmaritimomelilla.es\/clmar\/wp-content\/uploads\/2019\/08\/IMG_9691.jpg\" class=\"attachment-full size-full\" alt=\"\" srcset=\"https:\/\/www.realclubmaritimomelilla.es\/clmar\/wp-content\/uploads\/2019\/08\/IMG_9691-300x200.jpg 300w, https:\/\/www.realclubmaritimomelilla.es\/clmar\/wp-content\/uploads\/2019\/08\/IMG_9691-600x400.jpg 600w, https:\/\/www.realclubmaritimomelilla.es\/clmar\/wp-content\/uploads\/2019\/08\/IMG_9691-768x512.jpg 768w, https:\/\/www.realclubmaritimomelilla.es\/clmar\/wp-content\/uploads\/2019\/08\/IMG_9691-1024x683.jpg 1024w, https:\/\/www.realclubmaritimomelilla.es\/clmar\/wp-content\/uploads\/2019\/08\/IMG_9691.jpg 2126w\" sizes=\"(max-width: 2126px) 100vw, 2126px\" \/><\/a>\n\t\t\t<\/dt><\/dl><br style=\"clear: both\" \/><dl class='gallery-item'>\n\t\t\t<dt class='gallery-icon landscape'>\n\t\t\t\t<a data-rel=\"iLightbox[postimages]\" data-title=\"IMG_9695\" data-caption=\"\" href='https:\/\/www.realclubmaritimomelilla.es\/clmar\/imagenes-de-la-segunda-jornada-en-la-vii-semana-nautica-de-vela-ligera-flota-optimist-y-laser-4-7-y-radial\/img_9695\/'><img decoding=\"async\" width=\"2126\" height=\"1417\" src=\"https:\/\/www.realclubmaritimomelilla.es\/clmar\/wp-content\/uploads\/2019\/08\/IMG_9695.jpg\" class=\"attachment-full size-full\" alt=\"\" srcset=\"https:\/\/www.realclubmaritimomelilla.es\/clmar\/wp-content\/uploads\/2019\/08\/IMG_9695-300x200.jpg 300w, https:\/\/www.realclubmaritimomelilla.es\/clmar\/wp-content\/uploads\/2019\/08\/IMG_9695-600x400.jpg 600w, https:\/\/www.realclubmaritimomelilla.es\/clmar\/wp-content\/uploads\/2019\/08\/IMG_9695-768x512.jpg 768w, https:\/\/www.realclubmaritimomelilla.es\/clmar\/wp-content\/uploads\/2019\/08\/IMG_9695-1024x683.jpg 1024w, https:\/\/www.realclubmaritimomelilla.es\/clmar\/wp-content\/uploads\/2019\/08\/IMG_9695.jpg 2126w\" sizes=\"(max-width: 2126px) 100vw, 2126px\" \/><\/a>\n\t\t\t<\/dt><\/dl><dl class='gallery-item'>\n\t\t\t<dt class='gallery-icon landscape'>\n\t\t\t\t<a data-rel=\"iLightbox[postimages]\" data-title=\"IMG_9703\" data-caption=\"\" href='https:\/\/www.realclubmaritimomelilla.es\/clmar\/imagenes-de-la-segunda-jornada-en-la-vii-semana-nautica-de-vela-ligera-flota-optimist-y-laser-4-7-y-radial\/img_9703\/'><img decoding=\"async\" width=\"2126\" height=\"1417\" src=\"https:\/\/www.realclubmaritimomelilla.es\/clmar\/wp-content\/uploads\/2019\/08\/IMG_9703.jpg\" class=\"attachment-full size-full\" alt=\"\" srcset=\"https:\/\/www.realclubmaritimomelilla.es\/clmar\/wp-content\/uploads\/2019\/08\/IMG_9703-300x200.jpg 300w, https:\/\/www.realclubmaritimomelilla.es\/clmar\/wp-content\/uploads\/2019\/08\/IMG_9703-600x400.jpg 600w, https:\/\/www.realclubmaritimomelilla.es\/clmar\/wp-content\/uploads\/2019\/08\/IMG_9703-768x512.jpg 768w, https:\/\/www.realclubmaritimomelilla.es\/clmar\/wp-content\/uploads\/2019\/08\/IMG_9703-1024x683.jpg 1024w, https:\/\/www.realclubmaritimomelilla.es\/clmar\/wp-content\/uploads\/2019\/08\/IMG_9703.jpg 2126w\" sizes=\"(max-width: 2126px) 100vw, 2126px\" \/><\/a>\n\t\t\t<\/dt><\/dl><br style=\"clear: both\" \/><dl class='gallery-item'>\n\t\t\t<dt class='gallery-icon landscape'>\n\t\t\t\t<a data-rel=\"iLightbox[postimages]\" data-title=\"IMG_9707\" data-caption=\"\" href='https:\/\/www.realclubmaritimomelilla.es\/clmar\/imagenes-de-la-segunda-jornada-en-la-vii-semana-nautica-de-vela-ligera-flota-optimist-y-laser-4-7-y-radial\/img_9707\/'><img decoding=\"async\" width=\"2126\" height=\"1417\" src=\"https:\/\/www.realclubmaritimomelilla.es\/clmar\/wp-content\/uploads\/2019\/08\/IMG_9707.jpg\" class=\"attachment-full size-full\" alt=\"\" srcset=\"https:\/\/www.realclubmaritimomelilla.es\/clmar\/wp-content\/uploads\/2019\/08\/IMG_9707-300x200.jpg 300w, https:\/\/www.realclubmaritimomelilla.es\/clmar\/wp-content\/uploads\/2019\/08\/IMG_9707-600x400.jpg 600w, https:\/\/www.realclubmaritimomelilla.es\/clmar\/wp-content\/uploads\/2019\/08\/IMG_9707-768x512.jpg 768w, https:\/\/www.realclubmaritimomelilla.es\/clmar\/wp-content\/uploads\/2019\/08\/IMG_9707-1024x683.jpg 1024w, https:\/\/www.realclubmaritimomelilla.es\/clmar\/wp-content\/uploads\/2019\/08\/IMG_9707.jpg 2126w\" sizes=\"(max-width: 2126px) 100vw, 2126px\" \/><\/a>\n\t\t\t<\/dt><\/dl><dl class='gallery-item'>\n\t\t\t<dt class='gallery-icon landscape'>\n\t\t\t\t<a data-rel=\"iLightbox[postimages]\" data-title=\"IMG_9711\" data-caption=\"\" href='https:\/\/www.realclubmaritimomelilla.es\/clmar\/imagenes-de-la-segunda-jornada-en-la-vii-semana-nautica-de-vela-ligera-flota-optimist-y-laser-4-7-y-radial\/img_9711\/'><img decoding=\"async\" width=\"2126\" height=\"1417\" src=\"https:\/\/www.realclubmaritimomelilla.es\/clmar\/wp-content\/uploads\/2019\/08\/IMG_9711.jpg\" class=\"attachment-full size-full\" alt=\"\" srcset=\"https:\/\/www.realclubmaritimomelilla.es\/clmar\/wp-content\/uploads\/2019\/08\/IMG_9711-300x200.jpg 300w, https:\/\/www.realclubmaritimomelilla.es\/clmar\/wp-content\/uploads\/2019\/08\/IMG_9711-600x400.jpg 600w, https:\/\/www.realclubmaritimomelilla.es\/clmar\/wp-content\/uploads\/2019\/08\/IMG_9711-768x512.jpg 768w, https:\/\/www.realclubmaritimomelilla.es\/clmar\/wp-content\/uploads\/2019\/08\/IMG_9711-1024x683.jpg 1024w, https:\/\/www.realclubmaritimomelilla.es\/clmar\/wp-content\/uploads\/2019\/08\/IMG_9711.jpg 2126w\" sizes=\"(max-width: 2126px) 100vw, 2126px\" \/><\/a>\n\t\t\t<\/dt><\/dl><br style=\"clear: both\" \/><dl class='gallery-item'>\n\t\t\t<dt class='gallery-icon landscape'>\n\t\t\t\t<a data-rel=\"iLightbox[postimages]\" data-title=\"IMG_9716\" data-caption=\"\" href='https:\/\/www.realclubmaritimomelilla.es\/clmar\/imagenes-de-la-segunda-jornada-en-la-vii-semana-nautica-de-vela-ligera-flota-optimist-y-laser-4-7-y-radial\/img_9716\/'><img decoding=\"async\" width=\"2126\" height=\"1417\" src=\"https:\/\/www.realclubmaritimomelilla.es\/clmar\/wp-content\/uploads\/2019\/08\/IMG_9716.jpg\" class=\"attachment-full size-full\" alt=\"\" srcset=\"https:\/\/www.realclubmaritimomelilla.es\/clmar\/wp-content\/uploads\/2019\/08\/IMG_9716-300x200.jpg 300w, https:\/\/www.realclubmaritimomelilla.es\/clmar\/wp-content\/uploads\/2019\/08\/IMG_9716-600x400.jpg 600w, https:\/\/www.realclubmaritimomelilla.es\/clmar\/wp-content\/uploads\/2019\/08\/IMG_9716-768x512.jpg 768w, https:\/\/www.realclubmaritimomelilla.es\/clmar\/wp-content\/uploads\/2019\/08\/IMG_9716-1024x683.jpg 1024w, https:\/\/www.realclubmaritimomelilla.es\/clmar\/wp-content\/uploads\/2019\/08\/IMG_9716.jpg 2126w\" sizes=\"(max-width: 2126px) 100vw, 2126px\" \/><\/a>\n\t\t\t<\/dt><\/dl><dl class='gallery-item'>\n\t\t\t<dt class='gallery-icon landscape'>\n\t\t\t\t<a data-rel=\"iLightbox[postimages]\" data-title=\"IMG_9720\" data-caption=\"\" href='https:\/\/www.realclubmaritimomelilla.es\/clmar\/imagenes-de-la-segunda-jornada-en-la-vii-semana-nautica-de-vela-ligera-flota-optimist-y-laser-4-7-y-radial\/img_9720\/'><img decoding=\"async\" width=\"2126\" height=\"1417\" src=\"https:\/\/www.realclubmaritimomelilla.es\/clmar\/wp-content\/uploads\/2019\/08\/IMG_9720.jpg\" class=\"attachment-full size-full\" alt=\"\" srcset=\"https:\/\/www.realclubmaritimomelilla.es\/clmar\/wp-content\/uploads\/2019\/08\/IMG_9720-300x200.jpg 300w, https:\/\/www.realclubmaritimomelilla.es\/clmar\/wp-content\/uploads\/2019\/08\/IMG_9720-600x400.jpg 600w, https:\/\/www.realclubmaritimomelilla.es\/clmar\/wp-content\/uploads\/2019\/08\/IMG_9720-768x512.jpg 768w, https:\/\/www.realclubmaritimomelilla.es\/clmar\/wp-content\/uploads\/2019\/08\/IMG_9720-1024x683.jpg 1024w, https:\/\/www.realclubmaritimomelilla.es\/clmar\/wp-content\/uploads\/2019\/08\/IMG_9720.jpg 2126w\" sizes=\"(max-width: 2126px) 100vw, 2126px\" \/><\/a>\n\t\t\t<\/dt><\/dl><br style=\"clear: both\" \/><dl class='gallery-item'>\n\t\t\t<dt class='gallery-icon landscape'>\n\t\t\t\t<a data-rel=\"iLightbox[postimages]\" data-title=\"IMG_9725\" data-caption=\"\" href='https:\/\/www.realclubmaritimomelilla.es\/clmar\/imagenes-de-la-segunda-jornada-en-la-vii-semana-nautica-de-vela-ligera-flota-optimist-y-laser-4-7-y-radial\/img_9725\/'><img decoding=\"async\" width=\"2126\" height=\"1417\" src=\"https:\/\/www.realclubmaritimomelilla.es\/clmar\/wp-content\/uploads\/2019\/08\/IMG_9725.jpg\" class=\"attachment-full size-full\" alt=\"\" srcset=\"https:\/\/www.realclubmaritimomelilla.es\/clmar\/wp-content\/uploads\/2019\/08\/IMG_9725-300x200.jpg 300w, https:\/\/www.realclubmaritimomelilla.es\/clmar\/wp-content\/uploads\/2019\/08\/IMG_9725-600x400.jpg 600w, https:\/\/www.realclubmaritimomelilla.es\/clmar\/wp-content\/uploads\/2019\/08\/IMG_9725-768x512.jpg 768w, https:\/\/www.realclubmaritimomelilla.es\/clmar\/wp-content\/uploads\/2019\/08\/IMG_9725-1024x683.jpg 1024w, https:\/\/www.realclubmaritimomelilla.es\/clmar\/wp-content\/uploads\/2019\/08\/IMG_9725.jpg 2126w\" sizes=\"(max-width: 2126px) 100vw, 2126px\" \/><\/a>\n\t\t\t<\/dt><\/dl><dl class='gallery-item'>\n\t\t\t<dt class='gallery-icon landscape'>\n\t\t\t\t<a data-rel=\"iLightbox[postimages]\" data-title=\"IMG_9730\" data-caption=\"\" href='https:\/\/www.realclubmaritimomelilla.es\/clmar\/imagenes-de-la-segunda-jornada-en-la-vii-semana-nautica-de-vela-ligera-flota-optimist-y-laser-4-7-y-radial\/img_9730\/'><img decoding=\"async\" width=\"2126\" height=\"1417\" src=\"https:\/\/www.realclubmaritimomelilla.es\/clmar\/wp-content\/uploads\/2019\/08\/IMG_9730.jpg\" class=\"attachment-full size-full\" alt=\"\" srcset=\"https:\/\/www.realclubmaritimomelilla.es\/clmar\/wp-content\/uploads\/2019\/08\/IMG_9730-300x200.jpg 300w, https:\/\/www.realclubmaritimomelilla.es\/clmar\/wp-content\/uploads\/2019\/08\/IMG_9730-600x400.jpg 600w, https:\/\/www.realclubmaritimomelilla.es\/clmar\/wp-content\/uploads\/2019\/08\/IMG_9730-768x512.jpg 768w, https:\/\/www.realclubmaritimomelilla.es\/clmar\/wp-content\/uploads\/2019\/08\/IMG_9730-1024x683.jpg 1024w, https:\/\/www.realclubmaritimomelilla.es\/clmar\/wp-content\/uploads\/2019\/08\/IMG_9730.jpg 2126w\" sizes=\"(max-width: 2126px) 100vw, 2126px\" \/><\/a>\n\t\t\t<\/dt><\/dl><br style=\"clear: both\" \/><dl class='gallery-item'>\n\t\t\t<dt class='gallery-icon landscape'>\n\t\t\t\t<a data-rel=\"iLightbox[postimages]\" data-title=\"IMG_9735\" data-caption=\"\" href='https:\/\/www.realclubmaritimomelilla.es\/clmar\/imagenes-de-la-segunda-jornada-en-la-vii-semana-nautica-de-vela-ligera-flota-optimist-y-laser-4-7-y-radial\/img_9735\/'><img decoding=\"async\" width=\"2126\" height=\"1417\" src=\"https:\/\/www.realclubmaritimomelilla.es\/clmar\/wp-content\/uploads\/2019\/08\/IMG_9735.jpg\" class=\"attachment-full size-full\" alt=\"\" srcset=\"https:\/\/www.realclubmaritimomelilla.es\/clmar\/wp-content\/uploads\/2019\/08\/IMG_9735-300x200.jpg 300w, https:\/\/www.realclubmaritimomelilla.es\/clmar\/wp-content\/uploads\/2019\/08\/IMG_9735-600x400.jpg 600w, https:\/\/www.realclubmaritimomelilla.es\/clmar\/wp-content\/uploads\/2019\/08\/IMG_9735-768x512.jpg 768w, https:\/\/www.realclubmaritimomelilla.es\/clmar\/wp-content\/uploads\/2019\/08\/IMG_9735-1024x683.jpg 1024w, https:\/\/www.realclubmaritimomelilla.es\/clmar\/wp-content\/uploads\/2019\/08\/IMG_9735.jpg 2126w\" sizes=\"(max-width: 2126px) 100vw, 2126px\" \/><\/a>\n\t\t\t<\/dt><\/dl><dl class='gallery-item'>\n\t\t\t<dt class='gallery-icon landscape'>\n\t\t\t\t<a data-rel=\"iLightbox[postimages]\" data-title=\"IMG_9739\" data-caption=\"\" href='https:\/\/www.realclubmaritimomelilla.es\/clmar\/imagenes-de-la-segunda-jornada-en-la-vii-semana-nautica-de-vela-ligera-flota-optimist-y-laser-4-7-y-radial\/img_9739\/'><img decoding=\"async\" width=\"2126\" height=\"1417\" src=\"https:\/\/www.realclubmaritimomelilla.es\/clmar\/wp-content\/uploads\/2019\/08\/IMG_9739.jpg\" class=\"attachment-full size-full\" alt=\"\" srcset=\"https:\/\/www.realclubmaritimomelilla.es\/clmar\/wp-content\/uploads\/2019\/08\/IMG_9739-300x200.jpg 300w, https:\/\/www.realclubmaritimomelilla.es\/clmar\/wp-content\/uploads\/2019\/08\/IMG_9739-600x400.jpg 600w, https:\/\/www.realclubmaritimomelilla.es\/clmar\/wp-content\/uploads\/2019\/08\/IMG_9739-768x512.jpg 768w, https:\/\/www.realclubmaritimomelilla.es\/clmar\/wp-content\/uploads\/2019\/08\/IMG_9739-1024x683.jpg 1024w, https:\/\/www.realclubmaritimomelilla.es\/clmar\/wp-content\/uploads\/2019\/08\/IMG_9739.jpg 2126w\" sizes=\"(max-width: 2126px) 100vw, 2126px\" \/><\/a>\n\t\t\t<\/dt><\/dl><br style=\"clear: both\" \/><dl class='gallery-item'>\n\t\t\t<dt class='gallery-icon landscape'>\n\t\t\t\t<a data-rel=\"iLightbox[postimages]\" data-title=\"IMG_9743\" data-caption=\"\" href='https:\/\/www.realclubmaritimomelilla.es\/clmar\/imagenes-de-la-segunda-jornada-en-la-vii-semana-nautica-de-vela-ligera-flota-optimist-y-laser-4-7-y-radial\/img_9743\/'><img decoding=\"async\" width=\"2126\" height=\"1417\" src=\"https:\/\/www.realclubmaritimomelilla.es\/clmar\/wp-content\/uploads\/2019\/08\/IMG_9743.jpg\" class=\"attachment-full size-full\" alt=\"\" srcset=\"https:\/\/www.realclubmaritimomelilla.es\/clmar\/wp-content\/uploads\/2019\/08\/IMG_9743-300x200.jpg 300w, https:\/\/www.realclubmaritimomelilla.es\/clmar\/wp-content\/uploads\/2019\/08\/IMG_9743-600x400.jpg 600w, https:\/\/www.realclubmaritimomelilla.es\/clmar\/wp-content\/uploads\/2019\/08\/IMG_9743-768x512.jpg 768w, https:\/\/www.realclubmaritimomelilla.es\/clmar\/wp-content\/uploads\/2019\/08\/IMG_9743-1024x683.jpg 1024w, https:\/\/www.realclubmaritimomelilla.es\/clmar\/wp-content\/uploads\/2019\/08\/IMG_9743.jpg 2126w\" sizes=\"(max-width: 2126px) 100vw, 2126px\" \/><\/a>\n\t\t\t<\/dt><\/dl><dl class='gallery-item'>\n\t\t\t<dt class='gallery-icon landscape'>\n\t\t\t\t<a data-rel=\"iLightbox[postimages]\" data-title=\"IMG_9748\" data-caption=\"\" href='https:\/\/www.realclubmaritimomelilla.es\/clmar\/imagenes-de-la-segunda-jornada-en-la-vii-semana-nautica-de-vela-ligera-flota-optimist-y-laser-4-7-y-radial\/img_9748-2\/'><img decoding=\"async\" width=\"2126\" height=\"1417\" src=\"https:\/\/www.realclubmaritimomelilla.es\/clmar\/wp-content\/uploads\/2019\/08\/IMG_9748.jpg\" class=\"attachment-full size-full\" alt=\"\" srcset=\"https:\/\/www.realclubmaritimomelilla.es\/clmar\/wp-content\/uploads\/2019\/08\/IMG_9748-300x200.jpg 300w, https:\/\/www.realclubmaritimomelilla.es\/clmar\/wp-content\/uploads\/2019\/08\/IMG_9748-600x400.jpg 600w, https:\/\/www.realclubmaritimomelilla.es\/clmar\/wp-content\/uploads\/2019\/08\/IMG_9748-768x512.jpg 768w, https:\/\/www.realclubmaritimomelilla.es\/clmar\/wp-content\/uploads\/2019\/08\/IMG_9748-1024x683.jpg 1024w, https:\/\/www.realclubmaritimomelilla.es\/clmar\/wp-content\/uploads\/2019\/08\/IMG_9748.jpg 2126w\" sizes=\"(max-width: 2126px) 100vw, 2126px\" \/><\/a>\n\t\t\t<\/dt><\/dl><br style=\"clear: both\" \/><dl class='gallery-item'>\n\t\t\t<dt class='gallery-icon landscape'>\n\t\t\t\t<a data-rel=\"iLightbox[postimages]\" data-title=\"IMG_9752\" data-caption=\"\" href='https:\/\/www.realclubmaritimomelilla.es\/clmar\/imagenes-de-la-segunda-jornada-en-la-vii-semana-nautica-de-vela-ligera-flota-optimist-y-laser-4-7-y-radial\/img_9752-2\/'><img decoding=\"async\" width=\"2126\" height=\"1417\" src=\"https:\/\/www.realclubmaritimomelilla.es\/clmar\/wp-content\/uploads\/2019\/08\/IMG_9752.jpg\" class=\"attachment-full size-full\" alt=\"\" srcset=\"https:\/\/www.realclubmaritimomelilla.es\/clmar\/wp-content\/uploads\/2019\/08\/IMG_9752-300x200.jpg 300w, https:\/\/www.realclubmaritimomelilla.es\/clmar\/wp-content\/uploads\/2019\/08\/IMG_9752-600x400.jpg 600w, https:\/\/www.realclubmaritimomelilla.es\/clmar\/wp-content\/uploads\/2019\/08\/IMG_9752-768x512.jpg 768w, https:\/\/www.realclubmaritimomelilla.es\/clmar\/wp-content\/uploads\/2019\/08\/IMG_9752-1024x683.jpg 1024w, https:\/\/www.realclubmaritimomelilla.es\/clmar\/wp-content\/uploads\/2019\/08\/IMG_9752.jpg 2126w\" sizes=\"(max-width: 2126px) 100vw, 2126px\" \/><\/a>\n\t\t\t<\/dt><\/dl><dl class='gallery-item'>\n\t\t\t<dt class='gallery-icon landscape'>\n\t\t\t\t<a data-rel=\"iLightbox[postimages]\" data-title=\"IMG_9769\" data-caption=\"\" href='https:\/\/www.realclubmaritimomelilla.es\/clmar\/imagenes-de-la-segunda-jornada-en-la-vii-semana-nautica-de-vela-ligera-flota-optimist-y-laser-4-7-y-radial\/img_9769\/'><img decoding=\"async\" width=\"2126\" height=\"1417\" src=\"https:\/\/www.realclubmaritimomelilla.es\/clmar\/wp-content\/uploads\/2019\/08\/IMG_9769.jpg\" class=\"attachment-full size-full\" alt=\"\" srcset=\"https:\/\/www.realclubmaritimomelilla.es\/clmar\/wp-content\/uploads\/2019\/08\/IMG_9769-300x200.jpg 300w, https:\/\/www.realclubmaritimomelilla.es\/clmar\/wp-content\/uploads\/2019\/08\/IMG_9769-600x400.jpg 600w, https:\/\/www.realclubmaritimomelilla.es\/clmar\/wp-content\/uploads\/2019\/08\/IMG_9769-768x512.jpg 768w, https:\/\/www.realclubmaritimomelilla.es\/clmar\/wp-content\/uploads\/2019\/08\/IMG_9769-1024x683.jpg 1024w, https:\/\/www.realclubmaritimomelilla.es\/clmar\/wp-content\/uploads\/2019\/08\/IMG_9769.jpg 2126w\" sizes=\"(max-width: 2126px) 100vw, 2126px\" \/><\/a>\n\t\t\t<\/dt><\/dl><br style=\"clear: both\" \/><dl class='gallery-item'>\n\t\t\t<dt class='gallery-icon landscape'>\n\t\t\t\t<a data-rel=\"iLightbox[postimages]\" data-title=\"IMG_9776\" data-caption=\"\" href='https:\/\/www.realclubmaritimomelilla.es\/clmar\/imagenes-de-la-segunda-jornada-en-la-vii-semana-nautica-de-vela-ligera-flota-optimist-y-laser-4-7-y-radial\/img_9776\/'><img decoding=\"async\" width=\"2126\" height=\"1417\" src=\"https:\/\/www.realclubmaritimomelilla.es\/clmar\/wp-content\/uploads\/2019\/08\/IMG_9776.jpg\" class=\"attachment-full size-full\" alt=\"\" srcset=\"https:\/\/www.realclubmaritimomelilla.es\/clmar\/wp-content\/uploads\/2019\/08\/IMG_9776-300x200.jpg 300w, https:\/\/www.realclubmaritimomelilla.es\/clmar\/wp-content\/uploads\/2019\/08\/IMG_9776-600x400.jpg 600w, https:\/\/www.realclubmaritimomelilla.es\/clmar\/wp-content\/uploads\/2019\/08\/IMG_9776-768x512.jpg 768w, https:\/\/www.realclubmaritimomelilla.es\/clmar\/wp-content\/uploads\/2019\/08\/IMG_9776-1024x683.jpg 1024w, https:\/\/www.realclubmaritimomelilla.es\/clmar\/wp-content\/uploads\/2019\/08\/IMG_9776.jpg 2126w\" sizes=\"(max-width: 2126px) 100vw, 2126px\" \/><\/a>\n\t\t\t<\/dt><\/dl><dl class='gallery-item'>\n\t\t\t<dt class='gallery-icon landscape'>\n\t\t\t\t<a data-rel=\"iLightbox[postimages]\" data-title=\"IMG_9789\" data-caption=\"\" href='https:\/\/www.realclubmaritimomelilla.es\/clmar\/imagenes-de-la-segunda-jornada-en-la-vii-semana-nautica-de-vela-ligera-flota-optimist-y-laser-4-7-y-radial\/img_9789\/'><img decoding=\"async\" width=\"2126\" height=\"1417\" src=\"https:\/\/www.realclubmaritimomelilla.es\/clmar\/wp-content\/uploads\/2019\/08\/IMG_9789.jpg\" class=\"attachment-full size-full\" alt=\"\" srcset=\"https:\/\/www.realclubmaritimomelilla.es\/clmar\/wp-content\/uploads\/2019\/08\/IMG_9789-300x200.jpg 300w, https:\/\/www.realclubmaritimomelilla.es\/clmar\/wp-content\/uploads\/2019\/08\/IMG_9789-600x400.jpg 600w, https:\/\/www.realclubmaritimomelilla.es\/clmar\/wp-content\/uploads\/2019\/08\/IMG_9789-768x512.jpg 768w, https:\/\/www.realclubmaritimomelilla.es\/clmar\/wp-content\/uploads\/2019\/08\/IMG_9789-1024x683.jpg 1024w, https:\/\/www.realclubmaritimomelilla.es\/clmar\/wp-content\/uploads\/2019\/08\/IMG_9789.jpg 2126w\" sizes=\"(max-width: 2126px) 100vw, 2126px\" \/><\/a>\n\t\t\t<\/dt><\/dl><br style=\"clear: both\" \/><dl class='gallery-item'>\n\t\t\t<dt class='gallery-icon landscape'>\n\t\t\t\t<a data-rel=\"iLightbox[postimages]\" data-title=\"IMG_9798\" data-caption=\"\" href='https:\/\/www.realclubmaritimomelilla.es\/clmar\/imagenes-de-la-segunda-jornada-en-la-vii-semana-nautica-de-vela-ligera-flota-optimist-y-laser-4-7-y-radial\/img_9798\/'><img decoding=\"async\" width=\"2126\" height=\"1417\" src=\"https:\/\/www.realclubmaritimomelilla.es\/clmar\/wp-content\/uploads\/2019\/08\/IMG_9798.jpg\" class=\"attachment-full size-full\" alt=\"\" srcset=\"https:\/\/www.realclubmaritimomelilla.es\/clmar\/wp-content\/uploads\/2019\/08\/IMG_9798-300x200.jpg 300w, https:\/\/www.realclubmaritimomelilla.es\/clmar\/wp-content\/uploads\/2019\/08\/IMG_9798-600x400.jpg 600w, https:\/\/www.realclubmaritimomelilla.es\/clmar\/wp-content\/uploads\/2019\/08\/IMG_9798-768x512.jpg 768w, https:\/\/www.realclubmaritimomelilla.es\/clmar\/wp-content\/uploads\/2019\/08\/IMG_9798-1024x683.jpg 1024w, https:\/\/www.realclubmaritimomelilla.es\/clmar\/wp-content\/uploads\/2019\/08\/IMG_9798.jpg 2126w\" sizes=\"(max-width: 2126px) 100vw, 2126px\" \/><\/a>\n\t\t\t<\/dt><\/dl><dl class='gallery-item'>\n\t\t\t<dt class='gallery-icon landscape'>\n\t\t\t\t<a data-rel=\"iLightbox[postimages]\" data-title=\"IMG_9803\" data-caption=\"\" href='https:\/\/www.realclubmaritimomelilla.es\/clmar\/imagenes-de-la-segunda-jornada-en-la-vii-semana-nautica-de-vela-ligera-flota-optimist-y-laser-4-7-y-radial\/img_9803\/'><img decoding=\"async\" width=\"2126\" height=\"1417\" src=\"https:\/\/www.realclubmaritimomelilla.es\/clmar\/wp-content\/uploads\/2019\/08\/IMG_9803.jpg\" class=\"attachment-full size-full\" alt=\"\" srcset=\"https:\/\/www.realclubmaritimomelilla.es\/clmar\/wp-content\/uploads\/2019\/08\/IMG_9803-300x200.jpg 300w, https:\/\/www.realclubmaritimomelilla.es\/clmar\/wp-content\/uploads\/2019\/08\/IMG_9803-600x400.jpg 600w, https:\/\/www.realclubmaritimomelilla.es\/clmar\/wp-content\/uploads\/2019\/08\/IMG_9803-768x512.jpg 768w, https:\/\/www.realclubmaritimomelilla.es\/clmar\/wp-content\/uploads\/2019\/08\/IMG_9803-1024x683.jpg 1024w, https:\/\/www.realclubmaritimomelilla.es\/clmar\/wp-content\/uploads\/2019\/08\/IMG_9803.jpg 2126w\" sizes=\"(max-width: 2126px) 100vw, 2126px\" \/><\/a>\n\t\t\t<\/dt><\/dl><br style=\"clear: both\" \/><dl class='gallery-item'>\n\t\t\t<dt class='gallery-icon landscape'>\n\t\t\t\t<a data-rel=\"iLightbox[postimages]\" data-title=\"IMG_9816\" data-caption=\"\" href='https:\/\/www.realclubmaritimomelilla.es\/clmar\/imagenes-de-la-segunda-jornada-en-la-vii-semana-nautica-de-vela-ligera-flota-optimist-y-laser-4-7-y-radial\/img_9816\/'><img decoding=\"async\" width=\"2126\" height=\"1417\" src=\"https:\/\/www.realclubmaritimomelilla.es\/clmar\/wp-content\/uploads\/2019\/08\/IMG_9816.jpg\" class=\"attachment-full size-full\" alt=\"\" srcset=\"https:\/\/www.realclubmaritimomelilla.es\/clmar\/wp-content\/uploads\/2019\/08\/IMG_9816-300x200.jpg 300w, https:\/\/www.realclubmaritimomelilla.es\/clmar\/wp-content\/uploads\/2019\/08\/IMG_9816-600x400.jpg 600w, https:\/\/www.realclubmaritimomelilla.es\/clmar\/wp-content\/uploads\/2019\/08\/IMG_9816-768x512.jpg 768w, https:\/\/www.realclubmaritimomelilla.es\/clmar\/wp-content\/uploads\/2019\/08\/IMG_9816-1024x683.jpg 1024w, https:\/\/www.realclubmaritimomelilla.es\/clmar\/wp-content\/uploads\/2019\/08\/IMG_9816.jpg 2126w\" sizes=\"(max-width: 2126px) 100vw, 2126px\" \/><\/a>\n\t\t\t<\/dt><\/dl><dl class='gallery-item'>\n\t\t\t<dt class='gallery-icon landscape'>\n\t\t\t\t<a data-rel=\"iLightbox[postimages]\" data-title=\"IMG_9833\" data-caption=\"\" href='https:\/\/www.realclubmaritimomelilla.es\/clmar\/imagenes-de-la-segunda-jornada-en-la-vii-semana-nautica-de-vela-ligera-flota-optimist-y-laser-4-7-y-radial\/img_9833\/'><img decoding=\"async\" width=\"2126\" height=\"1417\" src=\"https:\/\/www.realclubmaritimomelilla.es\/clmar\/wp-content\/uploads\/2019\/08\/IMG_9833.jpg\" class=\"attachment-full size-full\" alt=\"\" srcset=\"https:\/\/www.realclubmaritimomelilla.es\/clmar\/wp-content\/uploads\/2019\/08\/IMG_9833-300x200.jpg 300w, https:\/\/www.realclubmaritimomelilla.es\/clmar\/wp-content\/uploads\/2019\/08\/IMG_9833-600x400.jpg 600w, https:\/\/www.realclubmaritimomelilla.es\/clmar\/wp-content\/uploads\/2019\/08\/IMG_9833-768x512.jpg 768w, https:\/\/www.realclubmaritimomelilla.es\/clmar\/wp-content\/uploads\/2019\/08\/IMG_9833-1024x683.jpg 1024w, https:\/\/www.realclubmaritimomelilla.es\/clmar\/wp-content\/uploads\/2019\/08\/IMG_9833.jpg 2126w\" sizes=\"(max-width: 2126px) 100vw, 2126px\" \/><\/a>\n\t\t\t<\/dt><\/dl><br style=\"clear: both\" \/><dl class='gallery-item'>\n\t\t\t<dt class='gallery-icon landscape'>\n\t\t\t\t<a data-rel=\"iLightbox[postimages]\" data-title=\"IMG_9843\" data-caption=\"\" href='https:\/\/www.realclubmaritimomelilla.es\/clmar\/imagenes-de-la-segunda-jornada-en-la-vii-semana-nautica-de-vela-ligera-flota-optimist-y-laser-4-7-y-radial\/img_9843\/'><img decoding=\"async\" width=\"2126\" height=\"1417\" src=\"https:\/\/www.realclubmaritimomelilla.es\/clmar\/wp-content\/uploads\/2019\/08\/IMG_9843.jpg\" class=\"attachment-full size-full\" alt=\"\" srcset=\"https:\/\/www.realclubmaritimomelilla.es\/clmar\/wp-content\/uploads\/2019\/08\/IMG_9843-300x200.jpg 300w, https:\/\/www.realclubmaritimomelilla.es\/clmar\/wp-content\/uploads\/2019\/08\/IMG_9843-600x400.jpg 600w, https:\/\/www.realclubmaritimomelilla.es\/clmar\/wp-content\/uploads\/2019\/08\/IMG_9843-768x512.jpg 768w, https:\/\/www.realclubmaritimomelilla.es\/clmar\/wp-content\/uploads\/2019\/08\/IMG_9843-1024x683.jpg 1024w, https:\/\/www.realclubmaritimomelilla.es\/clmar\/wp-content\/uploads\/2019\/08\/IMG_9843.jpg 2126w\" sizes=\"(max-width: 2126px) 100vw, 2126px\" \/><\/a>\n\t\t\t<\/dt><\/dl><dl class='gallery-item'>\n\t\t\t<dt class='gallery-icon landscape'>\n\t\t\t\t<a data-rel=\"iLightbox[postimages]\" data-title=\"IMG_9847\" data-caption=\"\" href='https:\/\/www.realclubmaritimomelilla.es\/clmar\/imagenes-de-la-segunda-jornada-en-la-vii-semana-nautica-de-vela-ligera-flota-optimist-y-laser-4-7-y-radial\/img_9847\/'><img decoding=\"async\" width=\"2126\" height=\"1417\" src=\"https:\/\/www.realclubmaritimomelilla.es\/clmar\/wp-content\/uploads\/2019\/08\/IMG_9847.jpg\" class=\"attachment-full size-full\" alt=\"\" srcset=\"https:\/\/www.realclubmaritimomelilla.es\/clmar\/wp-content\/uploads\/2019\/08\/IMG_9847-300x200.jpg 300w, https:\/\/www.realclubmaritimomelilla.es\/clmar\/wp-content\/uploads\/2019\/08\/IMG_9847-600x400.jpg 600w, https:\/\/www.realclubmaritimomelilla.es\/clmar\/wp-content\/uploads\/2019\/08\/IMG_9847-768x512.jpg 768w, https:\/\/www.realclubmaritimomelilla.es\/clmar\/wp-content\/uploads\/2019\/08\/IMG_9847-1024x683.jpg 1024w, https:\/\/www.realclubmaritimomelilla.es\/clmar\/wp-content\/uploads\/2019\/08\/IMG_9847.jpg 2126w\" sizes=\"(max-width: 2126px) 100vw, 2126px\" \/><\/a>\n\t\t\t<\/dt><\/dl><br style=\"clear: both\" \/><dl class='gallery-item'>\n\t\t\t<dt class='gallery-icon landscape'>\n\t\t\t\t<a data-rel=\"iLightbox[postimages]\" data-title=\"IMG_9850\" data-caption=\"\" href='https:\/\/www.realclubmaritimomelilla.es\/clmar\/imagenes-de-la-segunda-jornada-en-la-vii-semana-nautica-de-vela-ligera-flota-optimist-y-laser-4-7-y-radial\/img_9850\/'><img decoding=\"async\" width=\"2126\" height=\"1417\" src=\"https:\/\/www.realclubmaritimomelilla.es\/clmar\/wp-content\/uploads\/2019\/08\/IMG_9850.jpg\" class=\"attachment-full size-full\" alt=\"\" srcset=\"https:\/\/www.realclubmaritimomelilla.es\/clmar\/wp-content\/uploads\/2019\/08\/IMG_9850-300x200.jpg 300w, https:\/\/www.realclubmaritimomelilla.es\/clmar\/wp-content\/uploads\/2019\/08\/IMG_9850-600x400.jpg 600w, https:\/\/www.realclubmaritimomelilla.es\/clmar\/wp-content\/uploads\/2019\/08\/IMG_9850-768x512.jpg 768w, https:\/\/www.realclubmaritimomelilla.es\/clmar\/wp-content\/uploads\/2019\/08\/IMG_9850-1024x683.jpg 1024w, https:\/\/www.realclubmaritimomelilla.es\/clmar\/wp-content\/uploads\/2019\/08\/IMG_9850.jpg 2126w\" sizes=\"(max-width: 2126px) 100vw, 2126px\" \/><\/a>\n\t\t\t<\/dt><\/dl><dl class='gallery-item'>\n\t\t\t<dt class='gallery-icon landscape'>\n\t\t\t\t<a data-rel=\"iLightbox[postimages]\" data-title=\"IMG_9857\" data-caption=\"\" href='https:\/\/www.realclubmaritimomelilla.es\/clmar\/imagenes-de-la-segunda-jornada-en-la-vii-semana-nautica-de-vela-ligera-flota-optimist-y-laser-4-7-y-radial\/img_9857\/'><img decoding=\"async\" width=\"2126\" height=\"1417\" src=\"https:\/\/www.realclubmaritimomelilla.es\/clmar\/wp-content\/uploads\/2019\/08\/IMG_9857.jpg\" class=\"attachment-full size-full\" alt=\"\" srcset=\"https:\/\/www.realclubmaritimomelilla.es\/clmar\/wp-content\/uploads\/2019\/08\/IMG_9857-300x200.jpg 300w, https:\/\/www.realclubmaritimomelilla.es\/clmar\/wp-content\/uploads\/2019\/08\/IMG_9857-600x400.jpg 600w, https:\/\/www.realclubmaritimomelilla.es\/clmar\/wp-content\/uploads\/2019\/08\/IMG_9857-768x512.jpg 768w, https:\/\/www.realclubmaritimomelilla.es\/clmar\/wp-content\/uploads\/2019\/08\/IMG_9857-1024x683.jpg 1024w, https:\/\/www.realclubmaritimomelilla.es\/clmar\/wp-content\/uploads\/2019\/08\/IMG_9857.jpg 2126w\" sizes=\"(max-width: 2126px) 100vw, 2126px\" \/><\/a>\n\t\t\t<\/dt><\/dl><br style=\"clear: both\" \/><dl class='gallery-item'>\n\t\t\t<dt class='gallery-icon landscape'>\n\t\t\t\t<a data-rel=\"iLightbox[postimages]\" data-title=\"IMG_9866\" data-caption=\"\" href='https:\/\/www.realclubmaritimomelilla.es\/clmar\/imagenes-de-la-segunda-jornada-en-la-vii-semana-nautica-de-vela-ligera-flota-optimist-y-laser-4-7-y-radial\/img_9866\/'><img decoding=\"async\" width=\"2126\" height=\"1417\" src=\"https:\/\/www.realclubmaritimomelilla.es\/clmar\/wp-content\/uploads\/2019\/08\/IMG_9866.jpg\" class=\"attachment-full size-full\" alt=\"\" srcset=\"https:\/\/www.realclubmaritimomelilla.es\/clmar\/wp-content\/uploads\/2019\/08\/IMG_9866-300x200.jpg 300w, https:\/\/www.realclubmaritimomelilla.es\/clmar\/wp-content\/uploads\/2019\/08\/IMG_9866-600x400.jpg 600w, https:\/\/www.realclubmaritimomelilla.es\/clmar\/wp-content\/uploads\/2019\/08\/IMG_9866-768x512.jpg 768w, https:\/\/www.realclubmaritimomelilla.es\/clmar\/wp-content\/uploads\/2019\/08\/IMG_9866-1024x683.jpg 1024w, https:\/\/www.realclubmaritimomelilla.es\/clmar\/wp-content\/uploads\/2019\/08\/IMG_9866.jpg 2126w\" sizes=\"(max-width: 2126px) 100vw, 2126px\" \/><\/a>\n\t\t\t<\/dt><\/dl><dl class='gallery-item'>\n\t\t\t<dt class='gallery-icon landscape'>\n\t\t\t\t<a data-rel=\"iLightbox[postimages]\" data-title=\"IMG_9873\" data-caption=\"\" href='https:\/\/www.realclubmaritimomelilla.es\/clmar\/imagenes-de-la-segunda-jornada-en-la-vii-semana-nautica-de-vela-ligera-flota-optimist-y-laser-4-7-y-radial\/img_9873\/'><img decoding=\"async\" width=\"2126\" height=\"1417\" src=\"https:\/\/www.realclubmaritimomelilla.es\/clmar\/wp-content\/uploads\/2019\/08\/IMG_9873.jpg\" class=\"attachment-full size-full\" alt=\"\" srcset=\"https:\/\/www.realclubmaritimomelilla.es\/clmar\/wp-content\/uploads\/2019\/08\/IMG_9873-300x200.jpg 300w, https:\/\/www.realclubmaritimomelilla.es\/clmar\/wp-content\/uploads\/2019\/08\/IMG_9873-600x400.jpg 600w, https:\/\/www.realclubmaritimomelilla.es\/clmar\/wp-content\/uploads\/2019\/08\/IMG_9873-768x512.jpg 768w, https:\/\/www.realclubmaritimomelilla.es\/clmar\/wp-content\/uploads\/2019\/08\/IMG_9873-1024x683.jpg 1024w, https:\/\/www.realclubmaritimomelilla.es\/clmar\/wp-content\/uploads\/2019\/08\/IMG_9873.jpg 2126w\" sizes=\"(max-width: 2126px) 100vw, 2126px\" \/><\/a>\n\t\t\t<\/dt><\/dl><br style=\"clear: both\" \/><dl class='gallery-item'>\n\t\t\t<dt class='gallery-icon landscape'>\n\t\t\t\t<a data-rel=\"iLightbox[postimages]\" data-title=\"IMG_9899\" data-caption=\"\" href='https:\/\/www.realclubmaritimomelilla.es\/clmar\/imagenes-de-la-segunda-jornada-en-la-vii-semana-nautica-de-vela-ligera-flota-optimist-y-laser-4-7-y-radial\/img_9899\/'><img decoding=\"async\" width=\"2126\" height=\"1417\" src=\"https:\/\/www.realclubmaritimomelilla.es\/clmar\/wp-content\/uploads\/2019\/08\/IMG_9899.jpg\" class=\"attachment-full size-full\" alt=\"\" srcset=\"https:\/\/www.realclubmaritimomelilla.es\/clmar\/wp-content\/uploads\/2019\/08\/IMG_9899-300x200.jpg 300w, https:\/\/www.realclubmaritimomelilla.es\/clmar\/wp-content\/uploads\/2019\/08\/IMG_9899-600x400.jpg 600w, https:\/\/www.realclubmaritimomelilla.es\/clmar\/wp-content\/uploads\/2019\/08\/IMG_9899-768x512.jpg 768w, https:\/\/www.realclubmaritimomelilla.es\/clmar\/wp-content\/uploads\/2019\/08\/IMG_9899-1024x683.jpg 1024w, https:\/\/www.realclubmaritimomelilla.es\/clmar\/wp-content\/uploads\/2019\/08\/IMG_9899.jpg 2126w\" sizes=\"(max-width: 2126px) 100vw, 2126px\" \/><\/a>\n\t\t\t<\/dt><\/dl><dl class='gallery-item'>\n\t\t\t<dt class='gallery-icon landscape'>\n\t\t\t\t<a data-rel=\"iLightbox[postimages]\" data-title=\"IMG_9904\" data-caption=\"\" href='https:\/\/www.realclubmaritimomelilla.es\/clmar\/imagenes-de-la-segunda-jornada-en-la-vii-semana-nautica-de-vela-ligera-flota-optimist-y-laser-4-7-y-radial\/img_9904-2\/'><img decoding=\"async\" width=\"2126\" height=\"1417\" src=\"https:\/\/www.realclubmaritimomelilla.es\/clmar\/wp-content\/uploads\/2019\/08\/IMG_9904.jpg\" class=\"attachment-full size-full\" alt=\"\" srcset=\"https:\/\/www.realclubmaritimomelilla.es\/clmar\/wp-content\/uploads\/2019\/08\/IMG_9904-300x200.jpg 300w, https:\/\/www.realclubmaritimomelilla.es\/clmar\/wp-content\/uploads\/2019\/08\/IMG_9904-600x400.jpg 600w, https:\/\/www.realclubmaritimomelilla.es\/clmar\/wp-content\/uploads\/2019\/08\/IMG_9904-768x512.jpg 768w, https:\/\/www.realclubmaritimomelilla.es\/clmar\/wp-content\/uploads\/2019\/08\/IMG_9904-1024x683.jpg 1024w, https:\/\/www.realclubmaritimomelilla.es\/clmar\/wp-content\/uploads\/2019\/08\/IMG_9904.jpg 2126w\" sizes=\"(max-width: 2126px) 100vw, 2126px\" \/><\/a>\n\t\t\t<\/dt><\/dl><br style=\"clear: both\" \/><dl class='gallery-item'>\n\t\t\t<dt class='gallery-icon landscape'>\n\t\t\t\t<a data-rel=\"iLightbox[postimages]\" data-title=\"IMG_9910\" data-caption=\"\" href='https:\/\/www.realclubmaritimomelilla.es\/clmar\/imagenes-de-la-segunda-jornada-en-la-vii-semana-nautica-de-vela-ligera-flota-optimist-y-laser-4-7-y-radial\/img_9910\/'><img decoding=\"async\" width=\"2126\" height=\"1417\" src=\"https:\/\/www.realclubmaritimomelilla.es\/clmar\/wp-content\/uploads\/2019\/08\/IMG_9910.jpg\" class=\"attachment-full size-full\" alt=\"\" srcset=\"https:\/\/www.realclubmaritimomelilla.es\/clmar\/wp-content\/uploads\/2019\/08\/IMG_9910-300x200.jpg 300w, https:\/\/www.realclubmaritimomelilla.es\/clmar\/wp-content\/uploads\/2019\/08\/IMG_9910-600x400.jpg 600w, https:\/\/www.realclubmaritimomelilla.es\/clmar\/wp-content\/uploads\/2019\/08\/IMG_9910-768x512.jpg 768w, https:\/\/www.realclubmaritimomelilla.es\/clmar\/wp-content\/uploads\/2019\/08\/IMG_9910-1024x683.jpg 1024w, https:\/\/www.realclubmaritimomelilla.es\/clmar\/wp-content\/uploads\/2019\/08\/IMG_9910.jpg 2126w\" sizes=\"(max-width: 2126px) 100vw, 2126px\" \/><\/a>\n\t\t\t<\/dt><\/dl><dl class='gallery-item'>\n\t\t\t<dt class='gallery-icon landscape'>\n\t\t\t\t<a data-rel=\"iLightbox[postimages]\" data-title=\"IMG_9917\" data-caption=\"\" href='https:\/\/www.realclubmaritimomelilla.es\/clmar\/imagenes-de-la-segunda-jornada-en-la-vii-semana-nautica-de-vela-ligera-flota-optimist-y-laser-4-7-y-radial\/img_9917\/'><img decoding=\"async\" width=\"2126\" height=\"1417\" src=\"https:\/\/www.realclubmaritimomelilla.es\/clmar\/wp-content\/uploads\/2019\/08\/IMG_9917.jpg\" class=\"attachment-full size-full\" alt=\"\" srcset=\"https:\/\/www.realclubmaritimomelilla.es\/clmar\/wp-content\/uploads\/2019\/08\/IMG_9917-300x200.jpg 300w, https:\/\/www.realclubmaritimomelilla.es\/clmar\/wp-content\/uploads\/2019\/08\/IMG_9917-600x400.jpg 600w, https:\/\/www.realclubmaritimomelilla.es\/clmar\/wp-content\/uploads\/2019\/08\/IMG_9917-768x512.jpg 768w, https:\/\/www.realclubmaritimomelilla.es\/clmar\/wp-content\/uploads\/2019\/08\/IMG_9917-1024x683.jpg 1024w, https:\/\/www.realclubmaritimomelilla.es\/clmar\/wp-content\/uploads\/2019\/08\/IMG_9917.jpg 2126w\" sizes=\"(max-width: 2126px) 100vw, 2126px\" \/><\/a>\n\t\t\t<\/dt><\/dl><br style=\"clear: both\" \/><dl class='gallery-item'>\n\t\t\t<dt class='gallery-icon landscape'>\n\t\t\t\t<a data-rel=\"iLightbox[postimages]\" data-title=\"IMG_9922\" data-caption=\"\" href='https:\/\/www.realclubmaritimomelilla.es\/clmar\/imagenes-de-la-segunda-jornada-en-la-vii-semana-nautica-de-vela-ligera-flota-optimist-y-laser-4-7-y-radial\/img_9922\/'><img decoding=\"async\" width=\"2126\" height=\"1417\" src=\"https:\/\/www.realclubmaritimomelilla.es\/clmar\/wp-content\/uploads\/2019\/08\/IMG_9922.jpg\" class=\"attachment-full size-full\" alt=\"\" srcset=\"https:\/\/www.realclubmaritimomelilla.es\/clmar\/wp-content\/uploads\/2019\/08\/IMG_9922-300x200.jpg 300w, https:\/\/www.realclubmaritimomelilla.es\/clmar\/wp-content\/uploads\/2019\/08\/IMG_9922-600x400.jpg 600w, https:\/\/www.realclubmaritimomelilla.es\/clmar\/wp-content\/uploads\/2019\/08\/IMG_9922-768x512.jpg 768w, https:\/\/www.realclubmaritimomelilla.es\/clmar\/wp-content\/uploads\/2019\/08\/IMG_9922-1024x683.jpg 1024w, https:\/\/www.realclubmaritimomelilla.es\/clmar\/wp-content\/uploads\/2019\/08\/IMG_9922.jpg 2126w\" sizes=\"(max-width: 2126px) 100vw, 2126px\" \/><\/a>\n\t\t\t<\/dt><\/dl><dl class='gallery-item'>\n\t\t\t<dt class='gallery-icon landscape'>\n\t\t\t\t<a data-rel=\"iLightbox[postimages]\" data-title=\"IMG_9926\" data-caption=\"\" href='https:\/\/www.realclubmaritimomelilla.es\/clmar\/imagenes-de-la-segunda-jornada-en-la-vii-semana-nautica-de-vela-ligera-flota-optimist-y-laser-4-7-y-radial\/img_9926-2\/'><img decoding=\"async\" width=\"2126\" height=\"1417\" src=\"https:\/\/www.realclubmaritimomelilla.es\/clmar\/wp-content\/uploads\/2019\/08\/IMG_9926.jpg\" class=\"attachment-full size-full\" alt=\"\" srcset=\"https:\/\/www.realclubmaritimomelilla.es\/clmar\/wp-content\/uploads\/2019\/08\/IMG_9926-300x200.jpg 300w, https:\/\/www.realclubmaritimomelilla.es\/clmar\/wp-content\/uploads\/2019\/08\/IMG_9926-600x400.jpg 600w, https:\/\/www.realclubmaritimomelilla.es\/clmar\/wp-content\/uploads\/2019\/08\/IMG_9926-768x512.jpg 768w, https:\/\/www.realclubmaritimomelilla.es\/clmar\/wp-content\/uploads\/2019\/08\/IMG_9926-1024x683.jpg 1024w, https:\/\/www.realclubmaritimomelilla.es\/clmar\/wp-content\/uploads\/2019\/08\/IMG_9926.jpg 2126w\" sizes=\"(max-width: 2126px) 100vw, 2126px\" \/><\/a>\n\t\t\t<\/dt><\/dl><br style=\"clear: both\" \/>\n\t\t<\/div>\n\n","protected":false},"excerpt":{"rendered":"<p>Este domingo se ha celebrado la segunda jornada de competici\u00f3n para las clases optimist, l\u00e1ser 4.7 y l\u00e1ser radial dentro de la VII Semana N\u00e1utica de Vela Ligera Ciudad de Melilla.<\/p>\n","protected":false},"author":1,"featured_media":14613,"comment_status":"open","ping_status":"open","sticky":false,"template":"","format":"standard","meta":{"_acf_changed":false,"footnotes":""},"categories":[38],"tags":[],"class_list":["post-14539","post","type-post","status-publish","format-standard","has-post-thumbnail","hentry","category-nautica"],"acf":[],"yoast_head":"<!-- This site is optimized with the Yoast SEO plugin v27.5 - https:\/\/yoast.com\/product\/yoast-seo-wordpress\/ -->\n<title>Im\u00e1genes de la Segunda jornada en la VII Semana N\u00e1utica de Vela Ligera - FLOTA OPTIMIST Y LASER 4.7 Y RADIAL - Real Club Mar\u00edtimo de Melilla<\/title>\n<meta name=\"description\" content=\"Im\u00e1genes de la Segunda jornada en la VII Semana N\u00e1utica de Vela Ligera - FLOTA OPTIMIST Y LASER 4.7 Y RADIAL -\" \/>\n<meta name=\"robots\" content=\"index, follow, max-snippet:-1, max-image-preview:large, max-video-preview:-1\" \/>\n<link rel=\"canonical\" href=\"https:\/\/www.realclubmaritimomelilla.es\/clmar\/imagenes-de-la-segunda-jornada-en-la-vii-semana-nautica-de-vela-ligera-flota-optimist-y-laser-4-7-y-radial\/\" \/>\n<meta property=\"og:locale\" content=\"es_ES\" \/>\n<meta property=\"og:type\" content=\"article\" \/>\n<meta property=\"og:title\" content=\"Im\u00e1genes de la Segunda jornada en la VII Semana N\u00e1utica de Vela Ligera - FLOTA OPTIMIST Y LASER 4.7 Y RADIAL - Real Club Mar\u00edtimo de Melilla\" \/>\n<meta property=\"og:description\" content=\"Im\u00e1genes de la Segunda jornada en la VII Semana N\u00e1utica de Vela Ligera - FLOTA OPTIMIST Y LASER 4.7 Y RADIAL -\" \/>\n<meta property=\"og:url\" content=\"https:\/\/www.realclubmaritimomelilla.es\/clmar\/imagenes-de-la-segunda-jornada-en-la-vii-semana-nautica-de-vela-ligera-flota-optimist-y-laser-4-7-y-radial\/\" \/>\n<meta property=\"og:site_name\" content=\"Real Club Mar\u00edtimo de Melilla\" \/>\n<meta property=\"article:publisher\" content=\"https:\/\/www.facebook.com\/Real-Club-Mar%c3%adtimo-de-Melilla-588495841234214\/\" \/>\n<meta property=\"article:published_time\" content=\"2019-08-11T16:01:43+00:00\" \/>\n<meta property=\"og:image\" content=\"https:\/\/www.realclubmaritimomelilla.es\/clmar\/wp-content\/uploads\/2019\/08\/IMG_9926.jpg\" \/>\n\t<meta property=\"og:image:width\" content=\"2126\" \/>\n\t<meta property=\"og:image:height\" content=\"1417\" \/>\n\t<meta property=\"og:image:type\" content=\"image\/jpeg\" \/>\n<meta name=\"author\" content=\"RCMMelilla\" \/>\n<meta name=\"twitter:card\" content=\"summary_large_image\" \/>\n<meta name=\"twitter:creator\" content=\"@nauticarcmm\" \/>\n<meta name=\"twitter:site\" content=\"@nauticarcmm\" \/>\n<meta name=\"twitter:label1\" content=\"Escrito por\" \/>\n\t<meta name=\"twitter:data1\" content=\"RCMMelilla\" \/>\n<script type=\"application\/ld+json\" class=\"yoast-schema-graph\">{\"@context\":\"https:\\\/\\\/schema.org\",\"@graph\":[{\"@type\":\"Article\",\"@id\":\"https:\\\/\\\/www.realclubmaritimomelilla.es\\\/clmar\\\/imagenes-de-la-segunda-jornada-en-la-vii-semana-nautica-de-vela-ligera-flota-optimist-y-laser-4-7-y-radial\\\/#article\",\"isPartOf\":{\"@id\":\"https:\\\/\\\/www.realclubmaritimomelilla.es\\\/clmar\\\/imagenes-de-la-segunda-jornada-en-la-vii-semana-nautica-de-vela-ligera-flota-optimist-y-laser-4-7-y-radial\\\/\"},\"author\":{\"name\":\"RCMMelilla\",\"@id\":\"https:\\\/\\\/www.realclubmaritimomelilla.es\\\/clmar\\\/#\\\/schema\\\/person\\\/ebaa3713496dc6d48c872452e73a8e79\"},\"headline\":\"Im\u00e1genes de la Segunda jornada en la VII Semana N\u00e1utica de Vela Ligera &#8211; FLOTA OPTIMIST Y LASER 4.7 Y RADIAL\",\"datePublished\":\"2019-08-11T16:01:43+00:00\",\"mainEntityOfPage\":{\"@id\":\"https:\\\/\\\/www.realclubmaritimomelilla.es\\\/clmar\\\/imagenes-de-la-segunda-jornada-en-la-vii-semana-nautica-de-vela-ligera-flota-optimist-y-laser-4-7-y-radial\\\/\"},\"wordCount\":61,\"commentCount\":0,\"publisher\":{\"@id\":\"https:\\\/\\\/www.realclubmaritimomelilla.es\\\/clmar\\\/#organization\"},\"image\":{\"@id\":\"https:\\\/\\\/www.realclubmaritimomelilla.es\\\/clmar\\\/imagenes-de-la-segunda-jornada-en-la-vii-semana-nautica-de-vela-ligera-flota-optimist-y-laser-4-7-y-radial\\\/#primaryimage\"},\"thumbnailUrl\":\"https:\\\/\\\/www.realclubmaritimomelilla.es\\\/clmar\\\/wp-content\\\/uploads\\\/2019\\\/08\\\/IMG_9926.jpg\",\"articleSection\":[\"N\u00e1utica\"],\"inLanguage\":\"es\",\"potentialAction\":[{\"@type\":\"CommentAction\",\"name\":\"Comment\",\"target\":[\"https:\\\/\\\/www.realclubmaritimomelilla.es\\\/clmar\\\/imagenes-de-la-segunda-jornada-en-la-vii-semana-nautica-de-vela-ligera-flota-optimist-y-laser-4-7-y-radial\\\/#respond\"]}]},{\"@type\":\"WebPage\",\"@id\":\"https:\\\/\\\/www.realclubmaritimomelilla.es\\\/clmar\\\/imagenes-de-la-segunda-jornada-en-la-vii-semana-nautica-de-vela-ligera-flota-optimist-y-laser-4-7-y-radial\\\/\",\"url\":\"https:\\\/\\\/www.realclubmaritimomelilla.es\\\/clmar\\\/imagenes-de-la-segunda-jornada-en-la-vii-semana-nautica-de-vela-ligera-flota-optimist-y-laser-4-7-y-radial\\\/\",\"name\":\"Im\u00e1genes de la Segunda jornada en la VII Semana N\u00e1utica de Vela Ligera - FLOTA OPTIMIST Y LASER 4.7 Y RADIAL - Real Club Mar\u00edtimo de Melilla\",\"isPartOf\":{\"@id\":\"https:\\\/\\\/www.realclubmaritimomelilla.es\\\/clmar\\\/#website\"},\"primaryImageOfPage\":{\"@id\":\"https:\\\/\\\/www.realclubmaritimomelilla.es\\\/clmar\\\/imagenes-de-la-segunda-jornada-en-la-vii-semana-nautica-de-vela-ligera-flota-optimist-y-laser-4-7-y-radial\\\/#primaryimage\"},\"image\":{\"@id\":\"https:\\\/\\\/www.realclubmaritimomelilla.es\\\/clmar\\\/imagenes-de-la-segunda-jornada-en-la-vii-semana-nautica-de-vela-ligera-flota-optimist-y-laser-4-7-y-radial\\\/#primaryimage\"},\"thumbnailUrl\":\"https:\\\/\\\/www.realclubmaritimomelilla.es\\\/clmar\\\/wp-content\\\/uploads\\\/2019\\\/08\\\/IMG_9926.jpg\",\"datePublished\":\"2019-08-11T16:01:43+00:00\",\"description\":\"Im\u00e1genes de la Segunda jornada en la VII Semana N\u00e1utica de Vela Ligera - FLOTA OPTIMIST Y LASER 4.7 Y RADIAL -\",\"breadcrumb\":{\"@id\":\"https:\\\/\\\/www.realclubmaritimomelilla.es\\\/clmar\\\/imagenes-de-la-segunda-jornada-en-la-vii-semana-nautica-de-vela-ligera-flota-optimist-y-laser-4-7-y-radial\\\/#breadcrumb\"},\"inLanguage\":\"es\",\"potentialAction\":[{\"@type\":\"ReadAction\",\"target\":[\"https:\\\/\\\/www.realclubmaritimomelilla.es\\\/clmar\\\/imagenes-de-la-segunda-jornada-en-la-vii-semana-nautica-de-vela-ligera-flota-optimist-y-laser-4-7-y-radial\\\/\"]}]},{\"@type\":\"ImageObject\",\"inLanguage\":\"es\",\"@id\":\"https:\\\/\\\/www.realclubmaritimomelilla.es\\\/clmar\\\/imagenes-de-la-segunda-jornada-en-la-vii-semana-nautica-de-vela-ligera-flota-optimist-y-laser-4-7-y-radial\\\/#primaryimage\",\"url\":\"https:\\\/\\\/www.realclubmaritimomelilla.es\\\/clmar\\\/wp-content\\\/uploads\\\/2019\\\/08\\\/IMG_9926.jpg\",\"contentUrl\":\"https:\\\/\\\/www.realclubmaritimomelilla.es\\\/clmar\\\/wp-content\\\/uploads\\\/2019\\\/08\\\/IMG_9926.jpg\",\"width\":2126,\"height\":1417},{\"@type\":\"BreadcrumbList\",\"@id\":\"https:\\\/\\\/www.realclubmaritimomelilla.es\\\/clmar\\\/imagenes-de-la-segunda-jornada-en-la-vii-semana-nautica-de-vela-ligera-flota-optimist-y-laser-4-7-y-radial\\\/#breadcrumb\",\"itemListElement\":[{\"@type\":\"ListItem\",\"position\":1,\"name\":\"Portada\",\"item\":\"https:\\\/\\\/www.realclubmaritimomelilla.es\\\/clmar\\\/\"},{\"@type\":\"ListItem\",\"position\":2,\"name\":\"Im\u00e1genes de la Segunda jornada en la VII Semana N\u00e1utica de Vela Ligera &#8211; FLOTA OPTIMIST Y LASER 4.7 Y RADIAL\"}]},{\"@type\":\"WebSite\",\"@id\":\"https:\\\/\\\/www.realclubmaritimomelilla.es\\\/clmar\\\/#website\",\"url\":\"https:\\\/\\\/www.realclubmaritimomelilla.es\\\/clmar\\\/\",\"name\":\"Real Club Mar\u00edtimo de Melilla\",\"description\":\"RCMM\",\"publisher\":{\"@id\":\"https:\\\/\\\/www.realclubmaritimomelilla.es\\\/clmar\\\/#organization\"},\"alternateName\":\"RCMM\",\"potentialAction\":[{\"@type\":\"SearchAction\",\"target\":{\"@type\":\"EntryPoint\",\"urlTemplate\":\"https:\\\/\\\/www.realclubmaritimomelilla.es\\\/clmar\\\/?s={search_term_string}\"},\"query-input\":{\"@type\":\"PropertyValueSpecification\",\"valueRequired\":true,\"valueName\":\"search_term_string\"}}],\"inLanguage\":\"es\"},{\"@type\":\"Organization\",\"@id\":\"https:\\\/\\\/www.realclubmaritimomelilla.es\\\/clmar\\\/#organization\",\"name\":\"Real Club Mar\u00edtimo de Melilla\",\"alternateName\":\"RCMM\",\"url\":\"https:\\\/\\\/www.realclubmaritimomelilla.es\\\/clmar\\\/\",\"logo\":{\"@type\":\"ImageObject\",\"inLanguage\":\"es\",\"@id\":\"https:\\\/\\\/www.realclubmaritimomelilla.es\\\/clmar\\\/#\\\/schema\\\/logo\\\/image\\\/\",\"url\":\"https:\\\/\\\/www.realclubmaritimomelilla.es\\\/clmar\\\/wp-content\\\/uploads\\\/logo-club-original-copia.jpg\",\"contentUrl\":\"https:\\\/\\\/www.realclubmaritimomelilla.es\\\/clmar\\\/wp-content\\\/uploads\\\/logo-club-original-copia.jpg\",\"width\":128,\"height\":89,\"caption\":\"Real Club Mar\u00edtimo de Melilla\"},\"image\":{\"@id\":\"https:\\\/\\\/www.realclubmaritimomelilla.es\\\/clmar\\\/#\\\/schema\\\/logo\\\/image\\\/\"},\"sameAs\":[\"https:\\\/\\\/www.facebook.com\\\/Real-Club-Mar\u00edtimo-de-Melilla-588495841234214\\\/\",\"https:\\\/\\\/x.com\\\/nauticarcmm\",\"https:\\\/\\\/www.instagram.com\\\/club_maritimo_melilla\\\/\",\"https:\\\/\\\/www.youtube.com\\\/@realclubmaritimodemelilla4703\",\"https:\\\/\\\/es.wikipedia.org\\\/wiki\\\/Real_Club_Mar\u00edtimo_de_Melilla\"]},{\"@type\":\"Person\",\"@id\":\"https:\\\/\\\/www.realclubmaritimomelilla.es\\\/clmar\\\/#\\\/schema\\\/person\\\/ebaa3713496dc6d48c872452e73a8e79\",\"name\":\"RCMMelilla\",\"image\":{\"@type\":\"ImageObject\",\"inLanguage\":\"es\",\"@id\":\"https:\\\/\\\/secure.gravatar.com\\\/avatar\\\/df1c24789360fb9308735c4ee556fc2bc5bf924bf01e53043b8b97ba272da33c?s=96&d=mm&r=g\",\"url\":\"https:\\\/\\\/secure.gravatar.com\\\/avatar\\\/df1c24789360fb9308735c4ee556fc2bc5bf924bf01e53043b8b97ba272da33c?s=96&d=mm&r=g\",\"contentUrl\":\"https:\\\/\\\/secure.gravatar.com\\\/avatar\\\/df1c24789360fb9308735c4ee556fc2bc5bf924bf01e53043b8b97ba272da33c?s=96&d=mm&r=g\",\"caption\":\"RCMMelilla\"}}]}<\/script>\n<!-- \/ Yoast SEO plugin. -->","yoast_head_json":{"title":"Im\u00e1genes de la Segunda jornada en la VII Semana N\u00e1utica de Vela Ligera - FLOTA OPTIMIST Y LASER 4.7 Y RADIAL - Real Club Mar\u00edtimo de Melilla","description":"Im\u00e1genes de la Segunda jornada en la VII Semana N\u00e1utica de Vela Ligera - FLOTA OPTIMIST Y LASER 4.7 Y RADIAL -","robots":{"index":"index","follow":"follow","max-snippet":"max-snippet:-1","max-image-preview":"max-image-preview:large","max-video-preview":"max-video-preview:-1"},"canonical":"https:\/\/www.realclubmaritimomelilla.es\/clmar\/imagenes-de-la-segunda-jornada-en-la-vii-semana-nautica-de-vela-ligera-flota-optimist-y-laser-4-7-y-radial\/","og_locale":"es_ES","og_type":"article","og_title":"Im\u00e1genes de la Segunda jornada en la VII Semana N\u00e1utica de Vela Ligera - FLOTA OPTIMIST Y LASER 4.7 Y RADIAL - Real Club Mar\u00edtimo de Melilla","og_description":"Im\u00e1genes de la Segunda jornada en la VII Semana N\u00e1utica de Vela Ligera - FLOTA OPTIMIST Y LASER 4.7 Y RADIAL -","og_url":"https:\/\/www.realclubmaritimomelilla.es\/clmar\/imagenes-de-la-segunda-jornada-en-la-vii-semana-nautica-de-vela-ligera-flota-optimist-y-laser-4-7-y-radial\/","og_site_name":"Real Club Mar\u00edtimo de Melilla","article_publisher":"https:\/\/www.facebook.com\/Real-Club-Mar%c3%adtimo-de-Melilla-588495841234214\/","article_published_time":"2019-08-11T16:01:43+00:00","og_image":[{"width":2126,"height":1417,"url":"https:\/\/www.realclubmaritimomelilla.es\/clmar\/wp-content\/uploads\/2019\/08\/IMG_9926.jpg","type":"image\/jpeg"}],"author":"RCMMelilla","twitter_card":"summary_large_image","twitter_creator":"@nauticarcmm","twitter_site":"@nauticarcmm","twitter_misc":{"Escrito por":"RCMMelilla"},"schema":{"@context":"https:\/\/schema.org","@graph":[{"@type":"Article","@id":"https:\/\/www.realclubmaritimomelilla.es\/clmar\/imagenes-de-la-segunda-jornada-en-la-vii-semana-nautica-de-vela-ligera-flota-optimist-y-laser-4-7-y-radial\/#article","isPartOf":{"@id":"https:\/\/www.realclubmaritimomelilla.es\/clmar\/imagenes-de-la-segunda-jornada-en-la-vii-semana-nautica-de-vela-ligera-flota-optimist-y-laser-4-7-y-radial\/"},"author":{"name":"RCMMelilla","@id":"https:\/\/www.realclubmaritimomelilla.es\/clmar\/#\/schema\/person\/ebaa3713496dc6d48c872452e73a8e79"},"headline":"Im\u00e1genes de la Segunda jornada en la VII Semana N\u00e1utica de Vela Ligera &#8211; FLOTA OPTIMIST Y LASER 4.7 Y RADIAL","datePublished":"2019-08-11T16:01:43+00:00","mainEntityOfPage":{"@id":"https:\/\/www.realclubmaritimomelilla.es\/clmar\/imagenes-de-la-segunda-jornada-en-la-vii-semana-nautica-de-vela-ligera-flota-optimist-y-laser-4-7-y-radial\/"},"wordCount":61,"commentCount":0,"publisher":{"@id":"https:\/\/www.realclubmaritimomelilla.es\/clmar\/#organization"},"image":{"@id":"https:\/\/www.realclubmaritimomelilla.es\/clmar\/imagenes-de-la-segunda-jornada-en-la-vii-semana-nautica-de-vela-ligera-flota-optimist-y-laser-4-7-y-radial\/#primaryimage"},"thumbnailUrl":"https:\/\/www.realclubmaritimomelilla.es\/clmar\/wp-content\/uploads\/2019\/08\/IMG_9926.jpg","articleSection":["N\u00e1utica"],"inLanguage":"es","potentialAction":[{"@type":"CommentAction","name":"Comment","target":["https:\/\/www.realclubmaritimomelilla.es\/clmar\/imagenes-de-la-segunda-jornada-en-la-vii-semana-nautica-de-vela-ligera-flota-optimist-y-laser-4-7-y-radial\/#respond"]}]},{"@type":"WebPage","@id":"https:\/\/www.realclubmaritimomelilla.es\/clmar\/imagenes-de-la-segunda-jornada-en-la-vii-semana-nautica-de-vela-ligera-flota-optimist-y-laser-4-7-y-radial\/","url":"https:\/\/www.realclubmaritimomelilla.es\/clmar\/imagenes-de-la-segunda-jornada-en-la-vii-semana-nautica-de-vela-ligera-flota-optimist-y-laser-4-7-y-radial\/","name":"Im\u00e1genes de la Segunda jornada en la VII Semana N\u00e1utica de Vela Ligera - FLOTA OPTIMIST Y LASER 4.7 Y RADIAL - Real Club Mar\u00edtimo de Melilla","isPartOf":{"@id":"https:\/\/www.realclubmaritimomelilla.es\/clmar\/#website"},"primaryImageOfPage":{"@id":"https:\/\/www.realclubmaritimomelilla.es\/clmar\/imagenes-de-la-segunda-jornada-en-la-vii-semana-nautica-de-vela-ligera-flota-optimist-y-laser-4-7-y-radial\/#primaryimage"},"image":{"@id":"https:\/\/www.realclubmaritimomelilla.es\/clmar\/imagenes-de-la-segunda-jornada-en-la-vii-semana-nautica-de-vela-ligera-flota-optimist-y-laser-4-7-y-radial\/#primaryimage"},"thumbnailUrl":"https:\/\/www.realclubmaritimomelilla.es\/clmar\/wp-content\/uploads\/2019\/08\/IMG_9926.jpg","datePublished":"2019-08-11T16:01:43+00:00","description":"Im\u00e1genes de la Segunda jornada en la VII Semana N\u00e1utica de Vela Ligera - FLOTA OPTIMIST Y LASER 4.7 Y RADIAL -","breadcrumb":{"@id":"https:\/\/www.realclubmaritimomelilla.es\/clmar\/imagenes-de-la-segunda-jornada-en-la-vii-semana-nautica-de-vela-ligera-flota-optimist-y-laser-4-7-y-radial\/#breadcrumb"},"inLanguage":"es","potentialAction":[{"@type":"ReadAction","target":["https:\/\/www.realclubmaritimomelilla.es\/clmar\/imagenes-de-la-segunda-jornada-en-la-vii-semana-nautica-de-vela-ligera-flota-optimist-y-laser-4-7-y-radial\/"]}]},{"@type":"ImageObject","inLanguage":"es","@id":"https:\/\/www.realclubmaritimomelilla.es\/clmar\/imagenes-de-la-segunda-jornada-en-la-vii-semana-nautica-de-vela-ligera-flota-optimist-y-laser-4-7-y-radial\/#primaryimage","url":"https:\/\/www.realclubmaritimomelilla.es\/clmar\/wp-content\/uploads\/2019\/08\/IMG_9926.jpg","contentUrl":"https:\/\/www.realclubmaritimomelilla.es\/clmar\/wp-content\/uploads\/2019\/08\/IMG_9926.jpg","width":2126,"height":1417},{"@type":"BreadcrumbList","@id":"https:\/\/www.realclubmaritimomelilla.es\/clmar\/imagenes-de-la-segunda-jornada-en-la-vii-semana-nautica-de-vela-ligera-flota-optimist-y-laser-4-7-y-radial\/#breadcrumb","itemListElement":[{"@type":"ListItem","position":1,"name":"Portada","item":"https:\/\/www.realclubmaritimomelilla.es\/clmar\/"},{"@type":"ListItem","position":2,"name":"Im\u00e1genes de la Segunda jornada en la VII Semana N\u00e1utica de Vela Ligera &#8211; FLOTA OPTIMIST Y LASER 4.7 Y RADIAL"}]},{"@type":"WebSite","@id":"https:\/\/www.realclubmaritimomelilla.es\/clmar\/#website","url":"https:\/\/www.realclubmaritimomelilla.es\/clmar\/","name":"Real Club Mar\u00edtimo de Melilla","description":"RCMM","publisher":{"@id":"https:\/\/www.realclubmaritimomelilla.es\/clmar\/#organization"},"alternateName":"RCMM","potentialAction":[{"@type":"SearchAction","target":{"@type":"EntryPoint","urlTemplate":"https:\/\/www.realclubmaritimomelilla.es\/clmar\/?s={search_term_string}"},"query-input":{"@type":"PropertyValueSpecification","valueRequired":true,"valueName":"search_term_string"}}],"inLanguage":"es"},{"@type":"Organization","@id":"https:\/\/www.realclubmaritimomelilla.es\/clmar\/#organization","name":"Real Club Mar\u00edtimo de Melilla","alternateName":"RCMM","url":"https:\/\/www.realclubmaritimomelilla.es\/clmar\/","logo":{"@type":"ImageObject","inLanguage":"es","@id":"https:\/\/www.realclubmaritimomelilla.es\/clmar\/#\/schema\/logo\/image\/","url":"https:\/\/www.realclubmaritimomelilla.es\/clmar\/wp-content\/uploads\/logo-club-original-copia.jpg","contentUrl":"https:\/\/www.realclubmaritimomelilla.es\/clmar\/wp-content\/uploads\/logo-club-original-copia.jpg","width":128,"height":89,"caption":"Real Club Mar\u00edtimo de Melilla"},"image":{"@id":"https:\/\/www.realclubmaritimomelilla.es\/clmar\/#\/schema\/logo\/image\/"},"sameAs":["https:\/\/www.facebook.com\/Real-Club-Mar\u00edtimo-de-Melilla-588495841234214\/","https:\/\/x.com\/nauticarcmm","https:\/\/www.instagram.com\/club_maritimo_melilla\/","https:\/\/www.youtube.com\/@realclubmaritimodemelilla4703","https:\/\/es.wikipedia.org\/wiki\/Real_Club_Mar\u00edtimo_de_Melilla"]},{"@type":"Person","@id":"https:\/\/www.realclubmaritimomelilla.es\/clmar\/#\/schema\/person\/ebaa3713496dc6d48c872452e73a8e79","name":"RCMMelilla","image":{"@type":"ImageObject","inLanguage":"es","@id":"https:\/\/secure.gravatar.com\/avatar\/df1c24789360fb9308735c4ee556fc2bc5bf924bf01e53043b8b97ba272da33c?s=96&d=mm&r=g","url":"https:\/\/secure.gravatar.com\/avatar\/df1c24789360fb9308735c4ee556fc2bc5bf924bf01e53043b8b97ba272da33c?s=96&d=mm&r=g","contentUrl":"https:\/\/secure.gravatar.com\/avatar\/df1c24789360fb9308735c4ee556fc2bc5bf924bf01e53043b8b97ba272da33c?s=96&d=mm&r=g","caption":"RCMMelilla"}}]}},"_links":{"self":[{"href":"https:\/\/www.realclubmaritimomelilla.es\/clmar\/wp-json\/wp\/v2\/posts\/14539","targetHints":{"allow":["GET"]}}],"collection":[{"href":"https:\/\/www.realclubmaritimomelilla.es\/clmar\/wp-json\/wp\/v2\/posts"}],"about":[{"href":"https:\/\/www.realclubmaritimomelilla.es\/clmar\/wp-json\/wp\/v2\/types\/post"}],"author":[{"embeddable":true,"href":"https:\/\/www.realclubmaritimomelilla.es\/clmar\/wp-json\/wp\/v2\/users\/1"}],"replies":[{"embeddable":true,"href":"https:\/\/www.realclubmaritimomelilla.es\/clmar\/wp-json\/wp\/v2\/comments?post=14539"}],"version-history":[{"count":1,"href":"https:\/\/www.realclubmaritimomelilla.es\/clmar\/wp-json\/wp\/v2\/posts\/14539\/revisions"}],"predecessor-version":[{"id":14614,"href":"https:\/\/www.realclubmaritimomelilla.es\/clmar\/wp-json\/wp\/v2\/posts\/14539\/revisions\/14614"}],"wp:featuredmedia":[{"embeddable":true,"href":"https:\/\/www.realclubmaritimomelilla.es\/clmar\/wp-json\/wp\/v2\/media\/14613"}],"wp:attachment":[{"href":"https:\/\/www.realclubmaritimomelilla.es\/clmar\/wp-json\/wp\/v2\/media?parent=14539"}],"wp:term":[{"taxonomy":"category","embeddable":true,"href":"https:\/\/www.realclubmaritimomelilla.es\/clmar\/wp-json\/wp\/v2\/categories?post=14539"},{"taxonomy":"post_tag","embeddable":true,"href":"https:\/\/www.realclubmaritimomelilla.es\/clmar\/wp-json\/wp\/v2\/tags?post=14539"}],"curies":[{"name":"wp","href":"https:\/\/api.w.org\/{rel}","templated":true}]}}