{"id":14413,"date":"2019-08-08T17:00:49","date_gmt":"2019-08-08T15:00:49","guid":{"rendered":"http:\/\/www.clubmaritimomelilla.es\/clmar\/?p=14413"},"modified":"2021-07-20T11:38:55","modified_gmt":"2021-07-20T09:38:55","slug":"actuacion-musical-y-pinchitada-el-dia-domingo-11-de-agosto-por-la-semana-nautica","status":"publish","type":"post","link":"https:\/\/www.realclubmaritimomelilla.es\/clmar\/actuacion-musical-y-pinchitada-el-dia-domingo-11-de-agosto-por-la-semana-nautica\/","title":{"rendered":"ACTUACI\u00d3N MUSICAL Y PINCHITADA, EL D\u00cdA DOMINGO 11 DE AGOSTO POR LA SEMANA N\u00c1UTICA"},"content":{"rendered":"<p>El Real Club Mar\u00edtimo de Melilla es uno de los principales organizadores de la Semana N\u00e1utica Ciudad de Melilla y estos d\u00edas se viven de forma muy especial en la entidad. De hecho, una de las actividades sociales m\u00e1s importantes de la cita n\u00e1utica de este a\u00f1o tendr\u00e1 lugar el domingo 11 de agosto, con la celebraci\u00f3n de la tradicional &#8216;Pinchitada de Semana N\u00e1utica&#8217; en una jornada l\u00fadica que comparten los socios del Club Mar\u00edtimo de Melilla, con regatistas e invitados.<\/p>\n<p>Durante la velada tambi\u00e9n est\u00e1 prevista la actuaci\u00f3n del grupo local &#8216;Soniketes&#8217; a partir de las 23 horas.<\/p>\n<p><img decoding=\"async\" class=\"aligncenter size-full wp-image-14414\" src=\"http:\/\/www.clubmaritimomelilla.es\/clmar\/wp-content\/uploads\/2019\/08\/Actuacion-Semana-Nautica_2019.jpg\" alt=\"\" width=\"2480\" height=\"3508\" \/><\/p>\n","protected":false},"excerpt":{"rendered":"<p>El Real Club Mar\u00edtimo de Melilla es uno de los principales organizadores de la Semana N\u00e1utica Ciudad de Melilla y estos d\u00edas se viven de forma muy especial en la entidad. De hecho, una de las actividades sociales m\u00e1s importantes de la cita n\u00e1utica de este a\u00f1o tendr\u00e1 lugar el domingo 11 de agosto, con [&hellip;]<\/p>\n","protected":false},"author":1,"featured_media":14414,"comment_status":"open","ping_status":"open","sticky":false,"template":"","format":"standard","meta":{"_acf_changed":false,"footnotes":""},"categories":[39,40],"tags":[],"class_list":["post-14413","post","type-post","status-publish","format-standard","has-post-thumbnail","hentry","category-celebraciones","category-club"],"acf":[],"yoast_head":"<!-- This site is optimized with the Yoast SEO plugin v27.5 - https:\/\/yoast.com\/product\/yoast-seo-wordpress\/ -->\n<title>ACTUACI\u00d3N MUSICAL Y PINCHITADA, EL D\u00cdA DOMINGO 11 DE AGOSTO POR LA SEMANA N\u00c1UTICA - Real Club Mar\u00edtimo de Melilla<\/title>\n<meta name=\"description\" content=\"ACTUACI\u00d3N MUSICAL Y PINCHITADA, EL D\u00cdA DOMINGO 11 DE AGOSTO POR LA SEMANA N\u00c1UTICA -\" \/>\n<meta name=\"robots\" content=\"index, follow, max-snippet:-1, max-image-preview:large, max-video-preview:-1\" \/>\n<link rel=\"canonical\" href=\"https:\/\/www.realclubmaritimomelilla.es\/clmar\/actuacion-musical-y-pinchitada-el-dia-domingo-11-de-agosto-por-la-semana-nautica\/\" \/>\n<meta property=\"og:locale\" content=\"es_ES\" \/>\n<meta property=\"og:type\" content=\"article\" \/>\n<meta property=\"og:title\" content=\"ACTUACI\u00d3N MUSICAL Y PINCHITADA, EL D\u00cdA DOMINGO 11 DE AGOSTO POR LA SEMANA N\u00c1UTICA - Real Club Mar\u00edtimo de Melilla\" \/>\n<meta property=\"og:description\" content=\"ACTUACI\u00d3N MUSICAL Y PINCHITADA, EL D\u00cdA DOMINGO 11 DE AGOSTO POR LA SEMANA N\u00c1UTICA -\" \/>\n<meta property=\"og:url\" content=\"https:\/\/www.realclubmaritimomelilla.es\/clmar\/actuacion-musical-y-pinchitada-el-dia-domingo-11-de-agosto-por-la-semana-nautica\/\" \/>\n<meta property=\"og:site_name\" content=\"Real Club Mar\u00edtimo de Melilla\" \/>\n<meta property=\"article:publisher\" content=\"https:\/\/www.facebook.com\/Real-Club-Mar%c3%adtimo-de-Melilla-588495841234214\/\" \/>\n<meta property=\"article:published_time\" content=\"2019-08-08T15:00:49+00:00\" \/>\n<meta property=\"article:modified_time\" content=\"2021-07-20T09:38:55+00:00\" \/>\n<meta property=\"og:image\" content=\"https:\/\/www.realclubmaritimomelilla.es\/clmar\/wp-content\/uploads\/2019\/08\/Actuacion-Semana-Nautica_2019-scaled.jpg\" \/>\n\t<meta property=\"og:image:width\" content=\"1810\" \/>\n\t<meta property=\"og:image:height\" content=\"2560\" \/>\n\t<meta property=\"og:image:type\" content=\"image\/jpeg\" \/>\n<meta name=\"author\" content=\"RCMMelilla\" \/>\n<meta name=\"twitter:card\" content=\"summary_large_image\" \/>\n<meta name=\"twitter:creator\" content=\"@nauticarcmm\" \/>\n<meta name=\"twitter:site\" content=\"@nauticarcmm\" \/>\n<meta name=\"twitter:label1\" content=\"Escrito por\" \/>\n\t<meta name=\"twitter:data1\" content=\"RCMMelilla\" \/>\n\t<meta name=\"twitter:label2\" content=\"Tiempo de lectura\" \/>\n\t<meta name=\"twitter:data2\" content=\"1 minuto\" \/>\n<script type=\"application\/ld+json\" class=\"yoast-schema-graph\">{\"@context\":\"https:\\\/\\\/schema.org\",\"@graph\":[{\"@type\":\"Article\",\"@id\":\"https:\\\/\\\/www.realclubmaritimomelilla.es\\\/clmar\\\/actuacion-musical-y-pinchitada-el-dia-domingo-11-de-agosto-por-la-semana-nautica\\\/#article\",\"isPartOf\":{\"@id\":\"https:\\\/\\\/www.realclubmaritimomelilla.es\\\/clmar\\\/actuacion-musical-y-pinchitada-el-dia-domingo-11-de-agosto-por-la-semana-nautica\\\/\"},\"author\":{\"name\":\"RCMMelilla\",\"@id\":\"https:\\\/\\\/www.realclubmaritimomelilla.es\\\/clmar\\\/#\\\/schema\\\/person\\\/ebaa3713496dc6d48c872452e73a8e79\"},\"headline\":\"ACTUACI\u00d3N MUSICAL Y PINCHITADA, EL D\u00cdA DOMINGO 11 DE AGOSTO POR LA SEMANA N\u00c1UTICA\",\"datePublished\":\"2019-08-08T15:00:49+00:00\",\"dateModified\":\"2021-07-20T09:38:55+00:00\",\"mainEntityOfPage\":{\"@id\":\"https:\\\/\\\/www.realclubmaritimomelilla.es\\\/clmar\\\/actuacion-musical-y-pinchitada-el-dia-domingo-11-de-agosto-por-la-semana-nautica\\\/\"},\"wordCount\":125,\"commentCount\":0,\"publisher\":{\"@id\":\"https:\\\/\\\/www.realclubmaritimomelilla.es\\\/clmar\\\/#organization\"},\"image\":{\"@id\":\"https:\\\/\\\/www.realclubmaritimomelilla.es\\\/clmar\\\/actuacion-musical-y-pinchitada-el-dia-domingo-11-de-agosto-por-la-semana-nautica\\\/#primaryimage\"},\"thumbnailUrl\":\"https:\\\/\\\/www.realclubmaritimomelilla.es\\\/clmar\\\/wp-content\\\/uploads\\\/2019\\\/08\\\/Actuacion-Semana-Nautica_2019-scaled.jpg\",\"articleSection\":[\"Celebraciones\",\"Club\"],\"inLanguage\":\"es\",\"potentialAction\":[{\"@type\":\"CommentAction\",\"name\":\"Comment\",\"target\":[\"https:\\\/\\\/www.realclubmaritimomelilla.es\\\/clmar\\\/actuacion-musical-y-pinchitada-el-dia-domingo-11-de-agosto-por-la-semana-nautica\\\/#respond\"]}]},{\"@type\":\"WebPage\",\"@id\":\"https:\\\/\\\/www.realclubmaritimomelilla.es\\\/clmar\\\/actuacion-musical-y-pinchitada-el-dia-domingo-11-de-agosto-por-la-semana-nautica\\\/\",\"url\":\"https:\\\/\\\/www.realclubmaritimomelilla.es\\\/clmar\\\/actuacion-musical-y-pinchitada-el-dia-domingo-11-de-agosto-por-la-semana-nautica\\\/\",\"name\":\"ACTUACI\u00d3N MUSICAL Y PINCHITADA, EL D\u00cdA DOMINGO 11 DE AGOSTO POR LA SEMANA N\u00c1UTICA - Real Club Mar\u00edtimo de Melilla\",\"isPartOf\":{\"@id\":\"https:\\\/\\\/www.realclubmaritimomelilla.es\\\/clmar\\\/#website\"},\"primaryImageOfPage\":{\"@id\":\"https:\\\/\\\/www.realclubmaritimomelilla.es\\\/clmar\\\/actuacion-musical-y-pinchitada-el-dia-domingo-11-de-agosto-por-la-semana-nautica\\\/#primaryimage\"},\"image\":{\"@id\":\"https:\\\/\\\/www.realclubmaritimomelilla.es\\\/clmar\\\/actuacion-musical-y-pinchitada-el-dia-domingo-11-de-agosto-por-la-semana-nautica\\\/#primaryimage\"},\"thumbnailUrl\":\"https:\\\/\\\/www.realclubmaritimomelilla.es\\\/clmar\\\/wp-content\\\/uploads\\\/2019\\\/08\\\/Actuacion-Semana-Nautica_2019-scaled.jpg\",\"datePublished\":\"2019-08-08T15:00:49+00:00\",\"dateModified\":\"2021-07-20T09:38:55+00:00\",\"description\":\"ACTUACI\u00d3N MUSICAL Y PINCHITADA, EL D\u00cdA DOMINGO 11 DE AGOSTO POR LA SEMANA N\u00c1UTICA -\",\"breadcrumb\":{\"@id\":\"https:\\\/\\\/www.realclubmaritimomelilla.es\\\/clmar\\\/actuacion-musical-y-pinchitada-el-dia-domingo-11-de-agosto-por-la-semana-nautica\\\/#breadcrumb\"},\"inLanguage\":\"es\",\"potentialAction\":[{\"@type\":\"ReadAction\",\"target\":[\"https:\\\/\\\/www.realclubmaritimomelilla.es\\\/clmar\\\/actuacion-musical-y-pinchitada-el-dia-domingo-11-de-agosto-por-la-semana-nautica\\\/\"]}]},{\"@type\":\"ImageObject\",\"inLanguage\":\"es\",\"@id\":\"https:\\\/\\\/www.realclubmaritimomelilla.es\\\/clmar\\\/actuacion-musical-y-pinchitada-el-dia-domingo-11-de-agosto-por-la-semana-nautica\\\/#primaryimage\",\"url\":\"https:\\\/\\\/www.realclubmaritimomelilla.es\\\/clmar\\\/wp-content\\\/uploads\\\/2019\\\/08\\\/Actuacion-Semana-Nautica_2019-scaled.jpg\",\"contentUrl\":\"https:\\\/\\\/www.realclubmaritimomelilla.es\\\/clmar\\\/wp-content\\\/uploads\\\/2019\\\/08\\\/Actuacion-Semana-Nautica_2019-scaled.jpg\",\"width\":1810,\"height\":2560},{\"@type\":\"BreadcrumbList\",\"@id\":\"https:\\\/\\\/www.realclubmaritimomelilla.es\\\/clmar\\\/actuacion-musical-y-pinchitada-el-dia-domingo-11-de-agosto-por-la-semana-nautica\\\/#breadcrumb\",\"itemListElement\":[{\"@type\":\"ListItem\",\"position\":1,\"name\":\"Portada\",\"item\":\"https:\\\/\\\/www.realclubmaritimomelilla.es\\\/clmar\\\/\"},{\"@type\":\"ListItem\",\"position\":2,\"name\":\"ACTUACI\u00d3N MUSICAL Y PINCHITADA, EL D\u00cdA DOMINGO 11 DE AGOSTO POR LA SEMANA N\u00c1UTICA\"}]},{\"@type\":\"WebSite\",\"@id\":\"https:\\\/\\\/www.realclubmaritimomelilla.es\\\/clmar\\\/#website\",\"url\":\"https:\\\/\\\/www.realclubmaritimomelilla.es\\\/clmar\\\/\",\"name\":\"Real Club Mar\u00edtimo de Melilla\",\"description\":\"RCMM\",\"publisher\":{\"@id\":\"https:\\\/\\\/www.realclubmaritimomelilla.es\\\/clmar\\\/#organization\"},\"alternateName\":\"RCMM\",\"potentialAction\":[{\"@type\":\"SearchAction\",\"target\":{\"@type\":\"EntryPoint\",\"urlTemplate\":\"https:\\\/\\\/www.realclubmaritimomelilla.es\\\/clmar\\\/?s={search_term_string}\"},\"query-input\":{\"@type\":\"PropertyValueSpecification\",\"valueRequired\":true,\"valueName\":\"search_term_string\"}}],\"inLanguage\":\"es\"},{\"@type\":\"Organization\",\"@id\":\"https:\\\/\\\/www.realclubmaritimomelilla.es\\\/clmar\\\/#organization\",\"name\":\"Real Club Mar\u00edtimo de Melilla\",\"alternateName\":\"RCMM\",\"url\":\"https:\\\/\\\/www.realclubmaritimomelilla.es\\\/clmar\\\/\",\"logo\":{\"@type\":\"ImageObject\",\"inLanguage\":\"es\",\"@id\":\"https:\\\/\\\/www.realclubmaritimomelilla.es\\\/clmar\\\/#\\\/schema\\\/logo\\\/image\\\/\",\"url\":\"https:\\\/\\\/www.realclubmaritimomelilla.es\\\/clmar\\\/wp-content\\\/uploads\\\/logo-club-original-copia.jpg\",\"contentUrl\":\"https:\\\/\\\/www.realclubmaritimomelilla.es\\\/clmar\\\/wp-content\\\/uploads\\\/logo-club-original-copia.jpg\",\"width\":128,\"height\":89,\"caption\":\"Real Club Mar\u00edtimo de Melilla\"},\"image\":{\"@id\":\"https:\\\/\\\/www.realclubmaritimomelilla.es\\\/clmar\\\/#\\\/schema\\\/logo\\\/image\\\/\"},\"sameAs\":[\"https:\\\/\\\/www.facebook.com\\\/Real-Club-Mar\u00edtimo-de-Melilla-588495841234214\\\/\",\"https:\\\/\\\/x.com\\\/nauticarcmm\",\"https:\\\/\\\/www.instagram.com\\\/club_maritimo_melilla\\\/\",\"https:\\\/\\\/www.youtube.com\\\/@realclubmaritimodemelilla4703\",\"https:\\\/\\\/es.wikipedia.org\\\/wiki\\\/Real_Club_Mar\u00edtimo_de_Melilla\"]},{\"@type\":\"Person\",\"@id\":\"https:\\\/\\\/www.realclubmaritimomelilla.es\\\/clmar\\\/#\\\/schema\\\/person\\\/ebaa3713496dc6d48c872452e73a8e79\",\"name\":\"RCMMelilla\",\"image\":{\"@type\":\"ImageObject\",\"inLanguage\":\"es\",\"@id\":\"https:\\\/\\\/secure.gravatar.com\\\/avatar\\\/df1c24789360fb9308735c4ee556fc2bc5bf924bf01e53043b8b97ba272da33c?s=96&d=mm&r=g\",\"url\":\"https:\\\/\\\/secure.gravatar.com\\\/avatar\\\/df1c24789360fb9308735c4ee556fc2bc5bf924bf01e53043b8b97ba272da33c?s=96&d=mm&r=g\",\"contentUrl\":\"https:\\\/\\\/secure.gravatar.com\\\/avatar\\\/df1c24789360fb9308735c4ee556fc2bc5bf924bf01e53043b8b97ba272da33c?s=96&d=mm&r=g\",\"caption\":\"RCMMelilla\"}}]}<\/script>\n<!-- \/ Yoast SEO plugin. -->","yoast_head_json":{"title":"ACTUACI\u00d3N MUSICAL Y PINCHITADA, EL D\u00cdA DOMINGO 11 DE AGOSTO POR LA SEMANA N\u00c1UTICA - Real Club Mar\u00edtimo de Melilla","description":"ACTUACI\u00d3N MUSICAL Y PINCHITADA, EL D\u00cdA DOMINGO 11 DE AGOSTO POR LA SEMANA N\u00c1UTICA -","robots":{"index":"index","follow":"follow","max-snippet":"max-snippet:-1","max-image-preview":"max-image-preview:large","max-video-preview":"max-video-preview:-1"},"canonical":"https:\/\/www.realclubmaritimomelilla.es\/clmar\/actuacion-musical-y-pinchitada-el-dia-domingo-11-de-agosto-por-la-semana-nautica\/","og_locale":"es_ES","og_type":"article","og_title":"ACTUACI\u00d3N MUSICAL Y PINCHITADA, EL D\u00cdA DOMINGO 11 DE AGOSTO POR LA SEMANA N\u00c1UTICA - Real Club Mar\u00edtimo de Melilla","og_description":"ACTUACI\u00d3N MUSICAL Y PINCHITADA, EL D\u00cdA DOMINGO 11 DE AGOSTO POR LA SEMANA N\u00c1UTICA -","og_url":"https:\/\/www.realclubmaritimomelilla.es\/clmar\/actuacion-musical-y-pinchitada-el-dia-domingo-11-de-agosto-por-la-semana-nautica\/","og_site_name":"Real Club Mar\u00edtimo de Melilla","article_publisher":"https:\/\/www.facebook.com\/Real-Club-Mar%c3%adtimo-de-Melilla-588495841234214\/","article_published_time":"2019-08-08T15:00:49+00:00","article_modified_time":"2021-07-20T09:38:55+00:00","og_image":[{"width":1810,"height":2560,"url":"https:\/\/www.realclubmaritimomelilla.es\/clmar\/wp-content\/uploads\/2019\/08\/Actuacion-Semana-Nautica_2019-scaled.jpg","type":"image\/jpeg"}],"author":"RCMMelilla","twitter_card":"summary_large_image","twitter_creator":"@nauticarcmm","twitter_site":"@nauticarcmm","twitter_misc":{"Escrito por":"RCMMelilla","Tiempo de lectura":"1 minuto"},"schema":{"@context":"https:\/\/schema.org","@graph":[{"@type":"Article","@id":"https:\/\/www.realclubmaritimomelilla.es\/clmar\/actuacion-musical-y-pinchitada-el-dia-domingo-11-de-agosto-por-la-semana-nautica\/#article","isPartOf":{"@id":"https:\/\/www.realclubmaritimomelilla.es\/clmar\/actuacion-musical-y-pinchitada-el-dia-domingo-11-de-agosto-por-la-semana-nautica\/"},"author":{"name":"RCMMelilla","@id":"https:\/\/www.realclubmaritimomelilla.es\/clmar\/#\/schema\/person\/ebaa3713496dc6d48c872452e73a8e79"},"headline":"ACTUACI\u00d3N MUSICAL Y PINCHITADA, EL D\u00cdA DOMINGO 11 DE AGOSTO POR LA SEMANA N\u00c1UTICA","datePublished":"2019-08-08T15:00:49+00:00","dateModified":"2021-07-20T09:38:55+00:00","mainEntityOfPage":{"@id":"https:\/\/www.realclubmaritimomelilla.es\/clmar\/actuacion-musical-y-pinchitada-el-dia-domingo-11-de-agosto-por-la-semana-nautica\/"},"wordCount":125,"commentCount":0,"publisher":{"@id":"https:\/\/www.realclubmaritimomelilla.es\/clmar\/#organization"},"image":{"@id":"https:\/\/www.realclubmaritimomelilla.es\/clmar\/actuacion-musical-y-pinchitada-el-dia-domingo-11-de-agosto-por-la-semana-nautica\/#primaryimage"},"thumbnailUrl":"https:\/\/www.realclubmaritimomelilla.es\/clmar\/wp-content\/uploads\/2019\/08\/Actuacion-Semana-Nautica_2019-scaled.jpg","articleSection":["Celebraciones","Club"],"inLanguage":"es","potentialAction":[{"@type":"CommentAction","name":"Comment","target":["https:\/\/www.realclubmaritimomelilla.es\/clmar\/actuacion-musical-y-pinchitada-el-dia-domingo-11-de-agosto-por-la-semana-nautica\/#respond"]}]},{"@type":"WebPage","@id":"https:\/\/www.realclubmaritimomelilla.es\/clmar\/actuacion-musical-y-pinchitada-el-dia-domingo-11-de-agosto-por-la-semana-nautica\/","url":"https:\/\/www.realclubmaritimomelilla.es\/clmar\/actuacion-musical-y-pinchitada-el-dia-domingo-11-de-agosto-por-la-semana-nautica\/","name":"ACTUACI\u00d3N MUSICAL Y PINCHITADA, EL D\u00cdA DOMINGO 11 DE AGOSTO POR LA SEMANA N\u00c1UTICA - Real Club Mar\u00edtimo de Melilla","isPartOf":{"@id":"https:\/\/www.realclubmaritimomelilla.es\/clmar\/#website"},"primaryImageOfPage":{"@id":"https:\/\/www.realclubmaritimomelilla.es\/clmar\/actuacion-musical-y-pinchitada-el-dia-domingo-11-de-agosto-por-la-semana-nautica\/#primaryimage"},"image":{"@id":"https:\/\/www.realclubmaritimomelilla.es\/clmar\/actuacion-musical-y-pinchitada-el-dia-domingo-11-de-agosto-por-la-semana-nautica\/#primaryimage"},"thumbnailUrl":"https:\/\/www.realclubmaritimomelilla.es\/clmar\/wp-content\/uploads\/2019\/08\/Actuacion-Semana-Nautica_2019-scaled.jpg","datePublished":"2019-08-08T15:00:49+00:00","dateModified":"2021-07-20T09:38:55+00:00","description":"ACTUACI\u00d3N MUSICAL Y PINCHITADA, EL D\u00cdA DOMINGO 11 DE AGOSTO POR LA SEMANA N\u00c1UTICA -","breadcrumb":{"@id":"https:\/\/www.realclubmaritimomelilla.es\/clmar\/actuacion-musical-y-pinchitada-el-dia-domingo-11-de-agosto-por-la-semana-nautica\/#breadcrumb"},"inLanguage":"es","potentialAction":[{"@type":"ReadAction","target":["https:\/\/www.realclubmaritimomelilla.es\/clmar\/actuacion-musical-y-pinchitada-el-dia-domingo-11-de-agosto-por-la-semana-nautica\/"]}]},{"@type":"ImageObject","inLanguage":"es","@id":"https:\/\/www.realclubmaritimomelilla.es\/clmar\/actuacion-musical-y-pinchitada-el-dia-domingo-11-de-agosto-por-la-semana-nautica\/#primaryimage","url":"https:\/\/www.realclubmaritimomelilla.es\/clmar\/wp-content\/uploads\/2019\/08\/Actuacion-Semana-Nautica_2019-scaled.jpg","contentUrl":"https:\/\/www.realclubmaritimomelilla.es\/clmar\/wp-content\/uploads\/2019\/08\/Actuacion-Semana-Nautica_2019-scaled.jpg","width":1810,"height":2560},{"@type":"BreadcrumbList","@id":"https:\/\/www.realclubmaritimomelilla.es\/clmar\/actuacion-musical-y-pinchitada-el-dia-domingo-11-de-agosto-por-la-semana-nautica\/#breadcrumb","itemListElement":[{"@type":"ListItem","position":1,"name":"Portada","item":"https:\/\/www.realclubmaritimomelilla.es\/clmar\/"},{"@type":"ListItem","position":2,"name":"ACTUACI\u00d3N MUSICAL Y PINCHITADA, EL D\u00cdA DOMINGO 11 DE AGOSTO POR LA SEMANA N\u00c1UTICA"}]},{"@type":"WebSite","@id":"https:\/\/www.realclubmaritimomelilla.es\/clmar\/#website","url":"https:\/\/www.realclubmaritimomelilla.es\/clmar\/","name":"Real Club Mar\u00edtimo de Melilla","description":"RCMM","publisher":{"@id":"https:\/\/www.realclubmaritimomelilla.es\/clmar\/#organization"},"alternateName":"RCMM","potentialAction":[{"@type":"SearchAction","target":{"@type":"EntryPoint","urlTemplate":"https:\/\/www.realclubmaritimomelilla.es\/clmar\/?s={search_term_string}"},"query-input":{"@type":"PropertyValueSpecification","valueRequired":true,"valueName":"search_term_string"}}],"inLanguage":"es"},{"@type":"Organization","@id":"https:\/\/www.realclubmaritimomelilla.es\/clmar\/#organization","name":"Real Club Mar\u00edtimo de Melilla","alternateName":"RCMM","url":"https:\/\/www.realclubmaritimomelilla.es\/clmar\/","logo":{"@type":"ImageObject","inLanguage":"es","@id":"https:\/\/www.realclubmaritimomelilla.es\/clmar\/#\/schema\/logo\/image\/","url":"https:\/\/www.realclubmaritimomelilla.es\/clmar\/wp-content\/uploads\/logo-club-original-copia.jpg","contentUrl":"https:\/\/www.realclubmaritimomelilla.es\/clmar\/wp-content\/uploads\/logo-club-original-copia.jpg","width":128,"height":89,"caption":"Real Club Mar\u00edtimo de Melilla"},"image":{"@id":"https:\/\/www.realclubmaritimomelilla.es\/clmar\/#\/schema\/logo\/image\/"},"sameAs":["https:\/\/www.facebook.com\/Real-Club-Mar\u00edtimo-de-Melilla-588495841234214\/","https:\/\/x.com\/nauticarcmm","https:\/\/www.instagram.com\/club_maritimo_melilla\/","https:\/\/www.youtube.com\/@realclubmaritimodemelilla4703","https:\/\/es.wikipedia.org\/wiki\/Real_Club_Mar\u00edtimo_de_Melilla"]},{"@type":"Person","@id":"https:\/\/www.realclubmaritimomelilla.es\/clmar\/#\/schema\/person\/ebaa3713496dc6d48c872452e73a8e79","name":"RCMMelilla","image":{"@type":"ImageObject","inLanguage":"es","@id":"https:\/\/secure.gravatar.com\/avatar\/df1c24789360fb9308735c4ee556fc2bc5bf924bf01e53043b8b97ba272da33c?s=96&d=mm&r=g","url":"https:\/\/secure.gravatar.com\/avatar\/df1c24789360fb9308735c4ee556fc2bc5bf924bf01e53043b8b97ba272da33c?s=96&d=mm&r=g","contentUrl":"https:\/\/secure.gravatar.com\/avatar\/df1c24789360fb9308735c4ee556fc2bc5bf924bf01e53043b8b97ba272da33c?s=96&d=mm&r=g","caption":"RCMMelilla"}}]}},"_links":{"self":[{"href":"https:\/\/www.realclubmaritimomelilla.es\/clmar\/wp-json\/wp\/v2\/posts\/14413","targetHints":{"allow":["GET"]}}],"collection":[{"href":"https:\/\/www.realclubmaritimomelilla.es\/clmar\/wp-json\/wp\/v2\/posts"}],"about":[{"href":"https:\/\/www.realclubmaritimomelilla.es\/clmar\/wp-json\/wp\/v2\/types\/post"}],"author":[{"embeddable":true,"href":"https:\/\/www.realclubmaritimomelilla.es\/clmar\/wp-json\/wp\/v2\/users\/1"}],"replies":[{"embeddable":true,"href":"https:\/\/www.realclubmaritimomelilla.es\/clmar\/wp-json\/wp\/v2\/comments?post=14413"}],"version-history":[{"count":1,"href":"https:\/\/www.realclubmaritimomelilla.es\/clmar\/wp-json\/wp\/v2\/posts\/14413\/revisions"}],"predecessor-version":[{"id":14415,"href":"https:\/\/www.realclubmaritimomelilla.es\/clmar\/wp-json\/wp\/v2\/posts\/14413\/revisions\/14415"}],"wp:featuredmedia":[{"embeddable":true,"href":"https:\/\/www.realclubmaritimomelilla.es\/clmar\/wp-json\/wp\/v2\/media\/14414"}],"wp:attachment":[{"href":"https:\/\/www.realclubmaritimomelilla.es\/clmar\/wp-json\/wp\/v2\/media?parent=14413"}],"wp:term":[{"taxonomy":"category","embeddable":true,"href":"https:\/\/www.realclubmaritimomelilla.es\/clmar\/wp-json\/wp\/v2\/categories?post=14413"},{"taxonomy":"post_tag","embeddable":true,"href":"https:\/\/www.realclubmaritimomelilla.es\/clmar\/wp-json\/wp\/v2\/tags?post=14413"}],"curies":[{"name":"wp","href":"https:\/\/api.w.org\/{rel}","templated":true}]}}