{"id":14348,"date":"2019-04-27T13:52:33","date_gmt":"2019-04-27T11:52:33","guid":{"rendered":"http:\/\/www.clubmaritimomelilla.es\/clmar\/?p=14348"},"modified":"2021-07-20T11:38:56","modified_gmt":"2021-07-20T09:38:56","slug":"cinco-regatistas-del-club-maritimo-participan-en-el-campeonato-de-espana-techno-293","status":"publish","type":"post","link":"https:\/\/www.realclubmaritimomelilla.es\/clmar\/cinco-regatistas-del-club-maritimo-participan-en-el-campeonato-de-espana-techno-293\/","title":{"rendered":"CINCO REGATISTAS DEL CLUB MAR\u00cdTIMO PARTICIPAN EN EL CAMPEONATO DE ESPA\u00d1A TECHNO 293"},"content":{"rendered":"<div>Hasta Blanes, en Girona, se han desplazado cinco regatistas del Real Club Mar\u00edtimo de Melilla para tomar parte en el Campeonato de Espa\u00f1a Techno 293.<\/div>\n<div><\/div>\n<div>Los deportistas del Club Mar\u00edtimo forman la selecci\u00f3n auton\u00f3mica que hasta el 1 de mayo compite en una de las citas m\u00e1s importantes del a\u00f1o para los regatistas de windsurf, dado que se establecer\u00e1n los componentes del equipo nacional que acuda tanto al Europeo como al Mundial.<\/div>\n<div><\/div>\n<div>Las regatistas melillenses que han viajado al Club de Vela Blanes han sido Aitana Duarte en la categor\u00eda sub13. Azul S\u00e1nchez en sub-15. Adem\u00e1s de Cristina Padilla, Elena Paya y Emira Rodr\u00edguez en Sub-17. Junto a ellas, el t\u00e9cnico Hicham Mohamed.<\/div>\n<div><\/div>\n<div>Este s\u00e1bado se han desarrollado las mediciones e inscripci\u00f3n, adem\u00e1s de los entrenamientos oficiales en el campo de regata. Entre el domingo y el mi\u00e9rcoles 1 de mayo se realizar\u00e1n cuatro d\u00edas de competici\u00f3n.<\/div>\n","protected":false},"excerpt":{"rendered":"<p>Hasta Blanes, en Girona, se han desplazado cinco regatistas del Real Club Mar\u00edtimo de Melilla para tomar parte en el Campeonato de Espa\u00f1a Techno 293. Los deportistas del Club Mar\u00edtimo forman la selecci\u00f3n auton\u00f3mica que hasta el 1 de mayo compite en una de las citas m\u00e1s importantes del a\u00f1o para los regatistas de windsurf, [&hellip;]<\/p>\n","protected":false},"author":1,"featured_media":14349,"comment_status":"open","ping_status":"open","sticky":false,"template":"","format":"standard","meta":{"_acf_changed":false,"footnotes":""},"categories":[40,38],"tags":[],"class_list":["post-14348","post","type-post","status-publish","format-standard","has-post-thumbnail","hentry","category-club","category-nautica"],"acf":[],"yoast_head":"<!-- This site is optimized with the Yoast SEO plugin v27.5 - https:\/\/yoast.com\/product\/yoast-seo-wordpress\/ -->\n<title>CINCO REGATISTAS DEL CLUB MAR\u00cdTIMO PARTICIPAN EN EL CAMPEONATO DE ESPA\u00d1A TECHNO 293 - Real Club Mar\u00edtimo de Melilla<\/title>\n<meta name=\"description\" content=\"CINCO REGATISTAS DEL CLUB MAR\u00cdTIMO PARTICIPAN EN EL CAMPEONATO DE ESPA\u00d1A TECHNO 293 -\" \/>\n<meta name=\"robots\" content=\"index, follow, max-snippet:-1, max-image-preview:large, max-video-preview:-1\" \/>\n<link rel=\"canonical\" href=\"https:\/\/www.realclubmaritimomelilla.es\/clmar\/cinco-regatistas-del-club-maritimo-participan-en-el-campeonato-de-espana-techno-293\/\" \/>\n<meta property=\"og:locale\" content=\"es_ES\" \/>\n<meta property=\"og:type\" content=\"article\" \/>\n<meta property=\"og:title\" content=\"CINCO REGATISTAS DEL CLUB MAR\u00cdTIMO PARTICIPAN EN EL CAMPEONATO DE ESPA\u00d1A TECHNO 293 - Real Club Mar\u00edtimo de Melilla\" \/>\n<meta property=\"og:description\" content=\"CINCO REGATISTAS DEL CLUB MAR\u00cdTIMO PARTICIPAN EN EL CAMPEONATO DE ESPA\u00d1A TECHNO 293 -\" \/>\n<meta property=\"og:url\" content=\"https:\/\/www.realclubmaritimomelilla.es\/clmar\/cinco-regatistas-del-club-maritimo-participan-en-el-campeonato-de-espana-techno-293\/\" \/>\n<meta property=\"og:site_name\" content=\"Real Club Mar\u00edtimo de Melilla\" \/>\n<meta property=\"article:publisher\" content=\"https:\/\/www.facebook.com\/Real-Club-Mar%c3%adtimo-de-Melilla-588495841234214\/\" \/>\n<meta property=\"article:published_time\" content=\"2019-04-27T11:52:33+00:00\" \/>\n<meta property=\"article:modified_time\" content=\"2021-07-20T09:38:56+00:00\" \/>\n<meta property=\"og:image\" content=\"https:\/\/www.realclubmaritimomelilla.es\/clmar\/wp-content\/uploads\/2019\/04\/ER-RCMM-al-Campeonato-de-Espa\u00f1a-Techno.jpeg\" \/>\n\t<meta property=\"og:image:width\" content=\"1600\" \/>\n\t<meta property=\"og:image:height\" content=\"1200\" \/>\n\t<meta property=\"og:image:type\" content=\"image\/jpeg\" \/>\n<meta name=\"author\" content=\"RCMMelilla\" \/>\n<meta name=\"twitter:card\" content=\"summary_large_image\" \/>\n<meta name=\"twitter:creator\" content=\"@nauticarcmm\" \/>\n<meta name=\"twitter:site\" content=\"@nauticarcmm\" \/>\n<meta name=\"twitter:label1\" content=\"Escrito por\" \/>\n\t<meta name=\"twitter:data1\" content=\"RCMMelilla\" \/>\n\t<meta name=\"twitter:label2\" content=\"Tiempo de lectura\" \/>\n\t<meta name=\"twitter:data2\" content=\"1 minuto\" \/>\n<script type=\"application\/ld+json\" class=\"yoast-schema-graph\">{\"@context\":\"https:\\\/\\\/schema.org\",\"@graph\":[{\"@type\":\"Article\",\"@id\":\"https:\\\/\\\/www.realclubmaritimomelilla.es\\\/clmar\\\/cinco-regatistas-del-club-maritimo-participan-en-el-campeonato-de-espana-techno-293\\\/#article\",\"isPartOf\":{\"@id\":\"https:\\\/\\\/www.realclubmaritimomelilla.es\\\/clmar\\\/cinco-regatistas-del-club-maritimo-participan-en-el-campeonato-de-espana-techno-293\\\/\"},\"author\":{\"name\":\"RCMMelilla\",\"@id\":\"https:\\\/\\\/www.realclubmaritimomelilla.es\\\/clmar\\\/#\\\/schema\\\/person\\\/ebaa3713496dc6d48c872452e73a8e79\"},\"headline\":\"CINCO REGATISTAS DEL CLUB MAR\u00cdTIMO PARTICIPAN EN EL CAMPEONATO DE ESPA\u00d1A TECHNO 293\",\"datePublished\":\"2019-04-27T11:52:33+00:00\",\"dateModified\":\"2021-07-20T09:38:56+00:00\",\"mainEntityOfPage\":{\"@id\":\"https:\\\/\\\/www.realclubmaritimomelilla.es\\\/clmar\\\/cinco-regatistas-del-club-maritimo-participan-en-el-campeonato-de-espana-techno-293\\\/\"},\"wordCount\":178,\"commentCount\":0,\"publisher\":{\"@id\":\"https:\\\/\\\/www.realclubmaritimomelilla.es\\\/clmar\\\/#organization\"},\"image\":{\"@id\":\"https:\\\/\\\/www.realclubmaritimomelilla.es\\\/clmar\\\/cinco-regatistas-del-club-maritimo-participan-en-el-campeonato-de-espana-techno-293\\\/#primaryimage\"},\"thumbnailUrl\":\"https:\\\/\\\/www.realclubmaritimomelilla.es\\\/clmar\\\/wp-content\\\/uploads\\\/2019\\\/04\\\/ER-RCMM-al-Campeonato-de-Espa\u00f1a-Techno.jpeg\",\"articleSection\":[\"Club\",\"N\u00e1utica\"],\"inLanguage\":\"es\",\"potentialAction\":[{\"@type\":\"CommentAction\",\"name\":\"Comment\",\"target\":[\"https:\\\/\\\/www.realclubmaritimomelilla.es\\\/clmar\\\/cinco-regatistas-del-club-maritimo-participan-en-el-campeonato-de-espana-techno-293\\\/#respond\"]}]},{\"@type\":\"WebPage\",\"@id\":\"https:\\\/\\\/www.realclubmaritimomelilla.es\\\/clmar\\\/cinco-regatistas-del-club-maritimo-participan-en-el-campeonato-de-espana-techno-293\\\/\",\"url\":\"https:\\\/\\\/www.realclubmaritimomelilla.es\\\/clmar\\\/cinco-regatistas-del-club-maritimo-participan-en-el-campeonato-de-espana-techno-293\\\/\",\"name\":\"CINCO REGATISTAS DEL CLUB MAR\u00cdTIMO PARTICIPAN EN EL CAMPEONATO DE ESPA\u00d1A TECHNO 293 - Real Club Mar\u00edtimo de Melilla\",\"isPartOf\":{\"@id\":\"https:\\\/\\\/www.realclubmaritimomelilla.es\\\/clmar\\\/#website\"},\"primaryImageOfPage\":{\"@id\":\"https:\\\/\\\/www.realclubmaritimomelilla.es\\\/clmar\\\/cinco-regatistas-del-club-maritimo-participan-en-el-campeonato-de-espana-techno-293\\\/#primaryimage\"},\"image\":{\"@id\":\"https:\\\/\\\/www.realclubmaritimomelilla.es\\\/clmar\\\/cinco-regatistas-del-club-maritimo-participan-en-el-campeonato-de-espana-techno-293\\\/#primaryimage\"},\"thumbnailUrl\":\"https:\\\/\\\/www.realclubmaritimomelilla.es\\\/clmar\\\/wp-content\\\/uploads\\\/2019\\\/04\\\/ER-RCMM-al-Campeonato-de-Espa\u00f1a-Techno.jpeg\",\"datePublished\":\"2019-04-27T11:52:33+00:00\",\"dateModified\":\"2021-07-20T09:38:56+00:00\",\"description\":\"CINCO REGATISTAS DEL CLUB MAR\u00cdTIMO PARTICIPAN EN EL CAMPEONATO DE ESPA\u00d1A TECHNO 293 -\",\"breadcrumb\":{\"@id\":\"https:\\\/\\\/www.realclubmaritimomelilla.es\\\/clmar\\\/cinco-regatistas-del-club-maritimo-participan-en-el-campeonato-de-espana-techno-293\\\/#breadcrumb\"},\"inLanguage\":\"es\",\"potentialAction\":[{\"@type\":\"ReadAction\",\"target\":[\"https:\\\/\\\/www.realclubmaritimomelilla.es\\\/clmar\\\/cinco-regatistas-del-club-maritimo-participan-en-el-campeonato-de-espana-techno-293\\\/\"]}]},{\"@type\":\"ImageObject\",\"inLanguage\":\"es\",\"@id\":\"https:\\\/\\\/www.realclubmaritimomelilla.es\\\/clmar\\\/cinco-regatistas-del-club-maritimo-participan-en-el-campeonato-de-espana-techno-293\\\/#primaryimage\",\"url\":\"https:\\\/\\\/www.realclubmaritimomelilla.es\\\/clmar\\\/wp-content\\\/uploads\\\/2019\\\/04\\\/ER-RCMM-al-Campeonato-de-Espa\u00f1a-Techno.jpeg\",\"contentUrl\":\"https:\\\/\\\/www.realclubmaritimomelilla.es\\\/clmar\\\/wp-content\\\/uploads\\\/2019\\\/04\\\/ER-RCMM-al-Campeonato-de-Espa\u00f1a-Techno.jpeg\",\"width\":1600,\"height\":1200},{\"@type\":\"BreadcrumbList\",\"@id\":\"https:\\\/\\\/www.realclubmaritimomelilla.es\\\/clmar\\\/cinco-regatistas-del-club-maritimo-participan-en-el-campeonato-de-espana-techno-293\\\/#breadcrumb\",\"itemListElement\":[{\"@type\":\"ListItem\",\"position\":1,\"name\":\"Portada\",\"item\":\"https:\\\/\\\/www.realclubmaritimomelilla.es\\\/clmar\\\/\"},{\"@type\":\"ListItem\",\"position\":2,\"name\":\"CINCO REGATISTAS DEL CLUB MAR\u00cdTIMO PARTICIPAN EN EL CAMPEONATO DE ESPA\u00d1A TECHNO 293\"}]},{\"@type\":\"WebSite\",\"@id\":\"https:\\\/\\\/www.realclubmaritimomelilla.es\\\/clmar\\\/#website\",\"url\":\"https:\\\/\\\/www.realclubmaritimomelilla.es\\\/clmar\\\/\",\"name\":\"Real Club Mar\u00edtimo de Melilla\",\"description\":\"RCMM\",\"publisher\":{\"@id\":\"https:\\\/\\\/www.realclubmaritimomelilla.es\\\/clmar\\\/#organization\"},\"alternateName\":\"RCMM\",\"potentialAction\":[{\"@type\":\"SearchAction\",\"target\":{\"@type\":\"EntryPoint\",\"urlTemplate\":\"https:\\\/\\\/www.realclubmaritimomelilla.es\\\/clmar\\\/?s={search_term_string}\"},\"query-input\":{\"@type\":\"PropertyValueSpecification\",\"valueRequired\":true,\"valueName\":\"search_term_string\"}}],\"inLanguage\":\"es\"},{\"@type\":\"Organization\",\"@id\":\"https:\\\/\\\/www.realclubmaritimomelilla.es\\\/clmar\\\/#organization\",\"name\":\"Real Club Mar\u00edtimo de Melilla\",\"alternateName\":\"RCMM\",\"url\":\"https:\\\/\\\/www.realclubmaritimomelilla.es\\\/clmar\\\/\",\"logo\":{\"@type\":\"ImageObject\",\"inLanguage\":\"es\",\"@id\":\"https:\\\/\\\/www.realclubmaritimomelilla.es\\\/clmar\\\/#\\\/schema\\\/logo\\\/image\\\/\",\"url\":\"https:\\\/\\\/www.realclubmaritimomelilla.es\\\/clmar\\\/wp-content\\\/uploads\\\/logo-club-original-copia.jpg\",\"contentUrl\":\"https:\\\/\\\/www.realclubmaritimomelilla.es\\\/clmar\\\/wp-content\\\/uploads\\\/logo-club-original-copia.jpg\",\"width\":128,\"height\":89,\"caption\":\"Real Club Mar\u00edtimo de Melilla\"},\"image\":{\"@id\":\"https:\\\/\\\/www.realclubmaritimomelilla.es\\\/clmar\\\/#\\\/schema\\\/logo\\\/image\\\/\"},\"sameAs\":[\"https:\\\/\\\/www.facebook.com\\\/Real-Club-Mar\u00edtimo-de-Melilla-588495841234214\\\/\",\"https:\\\/\\\/x.com\\\/nauticarcmm\",\"https:\\\/\\\/www.instagram.com\\\/club_maritimo_melilla\\\/\",\"https:\\\/\\\/www.youtube.com\\\/@realclubmaritimodemelilla4703\",\"https:\\\/\\\/es.wikipedia.org\\\/wiki\\\/Real_Club_Mar\u00edtimo_de_Melilla\"]},{\"@type\":\"Person\",\"@id\":\"https:\\\/\\\/www.realclubmaritimomelilla.es\\\/clmar\\\/#\\\/schema\\\/person\\\/ebaa3713496dc6d48c872452e73a8e79\",\"name\":\"RCMMelilla\",\"image\":{\"@type\":\"ImageObject\",\"inLanguage\":\"es\",\"@id\":\"https:\\\/\\\/secure.gravatar.com\\\/avatar\\\/df1c24789360fb9308735c4ee556fc2bc5bf924bf01e53043b8b97ba272da33c?s=96&d=mm&r=g\",\"url\":\"https:\\\/\\\/secure.gravatar.com\\\/avatar\\\/df1c24789360fb9308735c4ee556fc2bc5bf924bf01e53043b8b97ba272da33c?s=96&d=mm&r=g\",\"contentUrl\":\"https:\\\/\\\/secure.gravatar.com\\\/avatar\\\/df1c24789360fb9308735c4ee556fc2bc5bf924bf01e53043b8b97ba272da33c?s=96&d=mm&r=g\",\"caption\":\"RCMMelilla\"}}]}<\/script>\n<!-- \/ Yoast SEO plugin. -->","yoast_head_json":{"title":"CINCO REGATISTAS DEL CLUB MAR\u00cdTIMO PARTICIPAN EN EL CAMPEONATO DE ESPA\u00d1A TECHNO 293 - Real Club Mar\u00edtimo de Melilla","description":"CINCO REGATISTAS DEL CLUB MAR\u00cdTIMO PARTICIPAN EN EL CAMPEONATO DE ESPA\u00d1A TECHNO 293 -","robots":{"index":"index","follow":"follow","max-snippet":"max-snippet:-1","max-image-preview":"max-image-preview:large","max-video-preview":"max-video-preview:-1"},"canonical":"https:\/\/www.realclubmaritimomelilla.es\/clmar\/cinco-regatistas-del-club-maritimo-participan-en-el-campeonato-de-espana-techno-293\/","og_locale":"es_ES","og_type":"article","og_title":"CINCO REGATISTAS DEL CLUB MAR\u00cdTIMO PARTICIPAN EN EL CAMPEONATO DE ESPA\u00d1A TECHNO 293 - Real Club Mar\u00edtimo de Melilla","og_description":"CINCO REGATISTAS DEL CLUB MAR\u00cdTIMO PARTICIPAN EN EL CAMPEONATO DE ESPA\u00d1A TECHNO 293 -","og_url":"https:\/\/www.realclubmaritimomelilla.es\/clmar\/cinco-regatistas-del-club-maritimo-participan-en-el-campeonato-de-espana-techno-293\/","og_site_name":"Real Club Mar\u00edtimo de Melilla","article_publisher":"https:\/\/www.facebook.com\/Real-Club-Mar%c3%adtimo-de-Melilla-588495841234214\/","article_published_time":"2019-04-27T11:52:33+00:00","article_modified_time":"2021-07-20T09:38:56+00:00","og_image":[{"width":1600,"height":1200,"url":"https:\/\/www.realclubmaritimomelilla.es\/clmar\/wp-content\/uploads\/2019\/04\/ER-RCMM-al-Campeonato-de-Espa\u00f1a-Techno.jpeg","type":"image\/jpeg"}],"author":"RCMMelilla","twitter_card":"summary_large_image","twitter_creator":"@nauticarcmm","twitter_site":"@nauticarcmm","twitter_misc":{"Escrito por":"RCMMelilla","Tiempo de lectura":"1 minuto"},"schema":{"@context":"https:\/\/schema.org","@graph":[{"@type":"Article","@id":"https:\/\/www.realclubmaritimomelilla.es\/clmar\/cinco-regatistas-del-club-maritimo-participan-en-el-campeonato-de-espana-techno-293\/#article","isPartOf":{"@id":"https:\/\/www.realclubmaritimomelilla.es\/clmar\/cinco-regatistas-del-club-maritimo-participan-en-el-campeonato-de-espana-techno-293\/"},"author":{"name":"RCMMelilla","@id":"https:\/\/www.realclubmaritimomelilla.es\/clmar\/#\/schema\/person\/ebaa3713496dc6d48c872452e73a8e79"},"headline":"CINCO REGATISTAS DEL CLUB MAR\u00cdTIMO PARTICIPAN EN EL CAMPEONATO DE ESPA\u00d1A TECHNO 293","datePublished":"2019-04-27T11:52:33+00:00","dateModified":"2021-07-20T09:38:56+00:00","mainEntityOfPage":{"@id":"https:\/\/www.realclubmaritimomelilla.es\/clmar\/cinco-regatistas-del-club-maritimo-participan-en-el-campeonato-de-espana-techno-293\/"},"wordCount":178,"commentCount":0,"publisher":{"@id":"https:\/\/www.realclubmaritimomelilla.es\/clmar\/#organization"},"image":{"@id":"https:\/\/www.realclubmaritimomelilla.es\/clmar\/cinco-regatistas-del-club-maritimo-participan-en-el-campeonato-de-espana-techno-293\/#primaryimage"},"thumbnailUrl":"https:\/\/www.realclubmaritimomelilla.es\/clmar\/wp-content\/uploads\/2019\/04\/ER-RCMM-al-Campeonato-de-Espa\u00f1a-Techno.jpeg","articleSection":["Club","N\u00e1utica"],"inLanguage":"es","potentialAction":[{"@type":"CommentAction","name":"Comment","target":["https:\/\/www.realclubmaritimomelilla.es\/clmar\/cinco-regatistas-del-club-maritimo-participan-en-el-campeonato-de-espana-techno-293\/#respond"]}]},{"@type":"WebPage","@id":"https:\/\/www.realclubmaritimomelilla.es\/clmar\/cinco-regatistas-del-club-maritimo-participan-en-el-campeonato-de-espana-techno-293\/","url":"https:\/\/www.realclubmaritimomelilla.es\/clmar\/cinco-regatistas-del-club-maritimo-participan-en-el-campeonato-de-espana-techno-293\/","name":"CINCO REGATISTAS DEL CLUB MAR\u00cdTIMO PARTICIPAN EN EL CAMPEONATO DE ESPA\u00d1A TECHNO 293 - Real Club Mar\u00edtimo de Melilla","isPartOf":{"@id":"https:\/\/www.realclubmaritimomelilla.es\/clmar\/#website"},"primaryImageOfPage":{"@id":"https:\/\/www.realclubmaritimomelilla.es\/clmar\/cinco-regatistas-del-club-maritimo-participan-en-el-campeonato-de-espana-techno-293\/#primaryimage"},"image":{"@id":"https:\/\/www.realclubmaritimomelilla.es\/clmar\/cinco-regatistas-del-club-maritimo-participan-en-el-campeonato-de-espana-techno-293\/#primaryimage"},"thumbnailUrl":"https:\/\/www.realclubmaritimomelilla.es\/clmar\/wp-content\/uploads\/2019\/04\/ER-RCMM-al-Campeonato-de-Espa\u00f1a-Techno.jpeg","datePublished":"2019-04-27T11:52:33+00:00","dateModified":"2021-07-20T09:38:56+00:00","description":"CINCO REGATISTAS DEL CLUB MAR\u00cdTIMO PARTICIPAN EN EL CAMPEONATO DE ESPA\u00d1A TECHNO 293 -","breadcrumb":{"@id":"https:\/\/www.realclubmaritimomelilla.es\/clmar\/cinco-regatistas-del-club-maritimo-participan-en-el-campeonato-de-espana-techno-293\/#breadcrumb"},"inLanguage":"es","potentialAction":[{"@type":"ReadAction","target":["https:\/\/www.realclubmaritimomelilla.es\/clmar\/cinco-regatistas-del-club-maritimo-participan-en-el-campeonato-de-espana-techno-293\/"]}]},{"@type":"ImageObject","inLanguage":"es","@id":"https:\/\/www.realclubmaritimomelilla.es\/clmar\/cinco-regatistas-del-club-maritimo-participan-en-el-campeonato-de-espana-techno-293\/#primaryimage","url":"https:\/\/www.realclubmaritimomelilla.es\/clmar\/wp-content\/uploads\/2019\/04\/ER-RCMM-al-Campeonato-de-Espa\u00f1a-Techno.jpeg","contentUrl":"https:\/\/www.realclubmaritimomelilla.es\/clmar\/wp-content\/uploads\/2019\/04\/ER-RCMM-al-Campeonato-de-Espa\u00f1a-Techno.jpeg","width":1600,"height":1200},{"@type":"BreadcrumbList","@id":"https:\/\/www.realclubmaritimomelilla.es\/clmar\/cinco-regatistas-del-club-maritimo-participan-en-el-campeonato-de-espana-techno-293\/#breadcrumb","itemListElement":[{"@type":"ListItem","position":1,"name":"Portada","item":"https:\/\/www.realclubmaritimomelilla.es\/clmar\/"},{"@type":"ListItem","position":2,"name":"CINCO REGATISTAS DEL CLUB MAR\u00cdTIMO PARTICIPAN EN EL CAMPEONATO DE ESPA\u00d1A TECHNO 293"}]},{"@type":"WebSite","@id":"https:\/\/www.realclubmaritimomelilla.es\/clmar\/#website","url":"https:\/\/www.realclubmaritimomelilla.es\/clmar\/","name":"Real Club Mar\u00edtimo de Melilla","description":"RCMM","publisher":{"@id":"https:\/\/www.realclubmaritimomelilla.es\/clmar\/#organization"},"alternateName":"RCMM","potentialAction":[{"@type":"SearchAction","target":{"@type":"EntryPoint","urlTemplate":"https:\/\/www.realclubmaritimomelilla.es\/clmar\/?s={search_term_string}"},"query-input":{"@type":"PropertyValueSpecification","valueRequired":true,"valueName":"search_term_string"}}],"inLanguage":"es"},{"@type":"Organization","@id":"https:\/\/www.realclubmaritimomelilla.es\/clmar\/#organization","name":"Real Club Mar\u00edtimo de Melilla","alternateName":"RCMM","url":"https:\/\/www.realclubmaritimomelilla.es\/clmar\/","logo":{"@type":"ImageObject","inLanguage":"es","@id":"https:\/\/www.realclubmaritimomelilla.es\/clmar\/#\/schema\/logo\/image\/","url":"https:\/\/www.realclubmaritimomelilla.es\/clmar\/wp-content\/uploads\/logo-club-original-copia.jpg","contentUrl":"https:\/\/www.realclubmaritimomelilla.es\/clmar\/wp-content\/uploads\/logo-club-original-copia.jpg","width":128,"height":89,"caption":"Real Club Mar\u00edtimo de Melilla"},"image":{"@id":"https:\/\/www.realclubmaritimomelilla.es\/clmar\/#\/schema\/logo\/image\/"},"sameAs":["https:\/\/www.facebook.com\/Real-Club-Mar\u00edtimo-de-Melilla-588495841234214\/","https:\/\/x.com\/nauticarcmm","https:\/\/www.instagram.com\/club_maritimo_melilla\/","https:\/\/www.youtube.com\/@realclubmaritimodemelilla4703","https:\/\/es.wikipedia.org\/wiki\/Real_Club_Mar\u00edtimo_de_Melilla"]},{"@type":"Person","@id":"https:\/\/www.realclubmaritimomelilla.es\/clmar\/#\/schema\/person\/ebaa3713496dc6d48c872452e73a8e79","name":"RCMMelilla","image":{"@type":"ImageObject","inLanguage":"es","@id":"https:\/\/secure.gravatar.com\/avatar\/df1c24789360fb9308735c4ee556fc2bc5bf924bf01e53043b8b97ba272da33c?s=96&d=mm&r=g","url":"https:\/\/secure.gravatar.com\/avatar\/df1c24789360fb9308735c4ee556fc2bc5bf924bf01e53043b8b97ba272da33c?s=96&d=mm&r=g","contentUrl":"https:\/\/secure.gravatar.com\/avatar\/df1c24789360fb9308735c4ee556fc2bc5bf924bf01e53043b8b97ba272da33c?s=96&d=mm&r=g","caption":"RCMMelilla"}}]}},"_links":{"self":[{"href":"https:\/\/www.realclubmaritimomelilla.es\/clmar\/wp-json\/wp\/v2\/posts\/14348","targetHints":{"allow":["GET"]}}],"collection":[{"href":"https:\/\/www.realclubmaritimomelilla.es\/clmar\/wp-json\/wp\/v2\/posts"}],"about":[{"href":"https:\/\/www.realclubmaritimomelilla.es\/clmar\/wp-json\/wp\/v2\/types\/post"}],"author":[{"embeddable":true,"href":"https:\/\/www.realclubmaritimomelilla.es\/clmar\/wp-json\/wp\/v2\/users\/1"}],"replies":[{"embeddable":true,"href":"https:\/\/www.realclubmaritimomelilla.es\/clmar\/wp-json\/wp\/v2\/comments?post=14348"}],"version-history":[{"count":1,"href":"https:\/\/www.realclubmaritimomelilla.es\/clmar\/wp-json\/wp\/v2\/posts\/14348\/revisions"}],"predecessor-version":[{"id":14350,"href":"https:\/\/www.realclubmaritimomelilla.es\/clmar\/wp-json\/wp\/v2\/posts\/14348\/revisions\/14350"}],"wp:featuredmedia":[{"embeddable":true,"href":"https:\/\/www.realclubmaritimomelilla.es\/clmar\/wp-json\/wp\/v2\/media\/14349"}],"wp:attachment":[{"href":"https:\/\/www.realclubmaritimomelilla.es\/clmar\/wp-json\/wp\/v2\/media?parent=14348"}],"wp:term":[{"taxonomy":"category","embeddable":true,"href":"https:\/\/www.realclubmaritimomelilla.es\/clmar\/wp-json\/wp\/v2\/categories?post=14348"},{"taxonomy":"post_tag","embeddable":true,"href":"https:\/\/www.realclubmaritimomelilla.es\/clmar\/wp-json\/wp\/v2\/tags?post=14348"}],"curies":[{"name":"wp","href":"https:\/\/api.w.org\/{rel}","templated":true}]}}