{"id":14331,"date":"2019-04-10T14:46:42","date_gmt":"2019-04-10T12:46:42","guid":{"rendered":"http:\/\/www.clubmaritimomelilla.es\/clmar\/?p=14331"},"modified":"2021-07-20T11:38:56","modified_gmt":"2021-07-20T09:38:56","slug":"victoria-v-acaba-a-las-puertas-del-podio-en-la-regata-malaga-sailing-cup","status":"publish","type":"post","link":"https:\/\/www.realclubmaritimomelilla.es\/clmar\/victoria-v-acaba-a-las-puertas-del-podio-en-la-regata-malaga-sailing-cup\/","title":{"rendered":"VICTORIA V ACABA A LAS PUERTAS DEL PODIO EN LA REGATA M\u00c1LAGA SAILING CUP"},"content":{"rendered":"<p>La tripuluaci\u00f3n del Victoria V, de la flota del Real Club Mar\u00edtimo de Melilla, ha competido durante el fin de semana en la I Regata M\u00e1laga Sailing Cup. La prueba con la que ha arrancado esta temporada el Campeonato de Andaluc\u00eda de Cruceros, sumando un cuarto puesto en ORC 3.<\/p>\n<p>La competici\u00f3n, organizada por el RC Mediterr\u00e1neo de M\u00e1laga, se ha disputado durante tres d\u00edas, en los que la flota ha realizado tres bastones (barlovento-sotavento) y una manga costera de 20 millas.<\/p>\n<p>\u201cLa flota no era muy numerosa, pero si hay mucho nivel. Estaban los \u00faltimos campeones nacionales y de Andaluc\u00eda, dando mucho nivel a la regata\u201d, se\u00f1al\u00f3 el Vicente de juan, patr\u00f3n del Victoria V, que en esta prueba cont\u00f3 con su hija Aurora como timonel. Mientras que Mar\u00ed Paz Oejda completaba la tripulaci\u00f3n melillense.<\/p>\n<p>El Victoria V durante la regata costera tuvo problemas, con la rotura del pu\u00f1o de amura d ella vela de proa, que lo alej\u00f3 de la primera posici\u00f3n que ocupaba en su grupo. De cara a las dos siguientes jornadas, a pesar de las condiciones de viento y lluvia, consiguieron solventar esta incidencia para acabar en cuarta posici\u00f3n de la clase ORC 3.<\/p>\n<p>La pr\u00f3xima cita para la tripulaci\u00f3n del Club Mar\u00edtimo es a finales de este mes de abril, en la disputa de la tercera edici\u00f3n de la Copa Intercontinental Marbella-Ceuta. \u201cYa participamos hace dos a\u00f1os en la categor\u00eda de solitarios, en la que gan\u00e9, y este a\u00f1o repetimos la experiencia toda la tripulaci\u00f3n\u201d, comenta Vicente de Juan.<\/p>\n<p><img decoding=\"async\" class=\"aligncenter size-full wp-image-14332\" src=\"http:\/\/www.clubmaritimomelilla.es\/clmar\/wp-content\/uploads\/2019\/04\/Victoria-V-en-M\u00e1laga.jpeg\" alt=\"\" width=\"1148\" height=\"640\" srcset=\"https:\/\/www.realclubmaritimomelilla.es\/clmar\/wp-content\/uploads\/2019\/04\/Victoria-V-en-M\u00e1laga-300x167.jpeg 300w, https:\/\/www.realclubmaritimomelilla.es\/clmar\/wp-content\/uploads\/2019\/04\/Victoria-V-en-M\u00e1laga-600x334.jpeg 600w, https:\/\/www.realclubmaritimomelilla.es\/clmar\/wp-content\/uploads\/2019\/04\/Victoria-V-en-M\u00e1laga-768x428.jpeg 768w, https:\/\/www.realclubmaritimomelilla.es\/clmar\/wp-content\/uploads\/2019\/04\/Victoria-V-en-M\u00e1laga-1024x571.jpeg 1024w, https:\/\/www.realclubmaritimomelilla.es\/clmar\/wp-content\/uploads\/2019\/04\/Victoria-V-en-M\u00e1laga.jpeg 1148w\" sizes=\"(max-width: 1148px) 100vw, 1148px\" \/><\/p>\n","protected":false},"excerpt":{"rendered":"<p>La tripuluaci\u00f3n del Victoria V, de la flota del Real Club Mar\u00edtimo de Melilla, ha competido durante el fin de semana en la I Regata M\u00e1laga Sailing Cup. La prueba con la que ha arrancado esta temporada el Campeonato de Andaluc\u00eda de Cruceros, sumando un cuarto puesto en ORC 3. La competici\u00f3n, organizada por el [&hellip;]<\/p>\n","protected":false},"author":1,"featured_media":14333,"comment_status":"open","ping_status":"open","sticky":false,"template":"","format":"standard","meta":{"_acf_changed":false,"footnotes":""},"categories":[40,38],"tags":[],"class_list":["post-14331","post","type-post","status-publish","format-standard","has-post-thumbnail","hentry","category-club","category-nautica"],"acf":[],"yoast_head":"<!-- This site is optimized with the Yoast SEO plugin v27.5 - https:\/\/yoast.com\/product\/yoast-seo-wordpress\/ -->\n<title>VICTORIA V ACABA A LAS PUERTAS DEL PODIO EN LA REGATA M\u00c1LAGA SAILING CUP - Real Club Mar\u00edtimo de Melilla<\/title>\n<meta name=\"description\" content=\"VICTORIA V ACABA A LAS PUERTAS DEL PODIO EN LA REGATA M\u00c1LAGA SAILING CUP -\" \/>\n<meta name=\"robots\" content=\"index, follow, max-snippet:-1, max-image-preview:large, max-video-preview:-1\" \/>\n<link rel=\"canonical\" href=\"https:\/\/www.realclubmaritimomelilla.es\/clmar\/victoria-v-acaba-a-las-puertas-del-podio-en-la-regata-malaga-sailing-cup\/\" \/>\n<meta property=\"og:locale\" content=\"es_ES\" \/>\n<meta property=\"og:type\" content=\"article\" \/>\n<meta property=\"og:title\" content=\"VICTORIA V ACABA A LAS PUERTAS DEL PODIO EN LA REGATA M\u00c1LAGA SAILING CUP - Real Club Mar\u00edtimo de Melilla\" \/>\n<meta property=\"og:description\" content=\"VICTORIA V ACABA A LAS PUERTAS DEL PODIO EN LA REGATA M\u00c1LAGA SAILING CUP -\" \/>\n<meta property=\"og:url\" content=\"https:\/\/www.realclubmaritimomelilla.es\/clmar\/victoria-v-acaba-a-las-puertas-del-podio-en-la-regata-malaga-sailing-cup\/\" \/>\n<meta property=\"og:site_name\" content=\"Real Club Mar\u00edtimo de Melilla\" \/>\n<meta property=\"article:publisher\" content=\"https:\/\/www.facebook.com\/Real-Club-Mar%c3%adtimo-de-Melilla-588495841234214\/\" \/>\n<meta property=\"article:published_time\" content=\"2019-04-10T12:46:42+00:00\" \/>\n<meta property=\"article:modified_time\" content=\"2021-07-20T09:38:56+00:00\" \/>\n<meta property=\"og:image\" content=\"https:\/\/www.realclubmaritimomelilla.es\/clmar\/wp-content\/uploads\/2019\/04\/Tripulaci\u00f3n-del-Victoria-V-en-M\u00e1laga.jpeg\" \/>\n\t<meta property=\"og:image:width\" content=\"1600\" \/>\n\t<meta property=\"og:image:height\" content=\"1200\" \/>\n\t<meta property=\"og:image:type\" content=\"image\/jpeg\" \/>\n<meta name=\"author\" content=\"RCMMelilla\" \/>\n<meta name=\"twitter:card\" content=\"summary_large_image\" \/>\n<meta name=\"twitter:creator\" content=\"@nauticarcmm\" \/>\n<meta name=\"twitter:site\" content=\"@nauticarcmm\" \/>\n<meta name=\"twitter:label1\" content=\"Escrito por\" \/>\n\t<meta name=\"twitter:data1\" content=\"RCMMelilla\" \/>\n\t<meta name=\"twitter:label2\" content=\"Tiempo de lectura\" \/>\n\t<meta name=\"twitter:data2\" content=\"1 minuto\" \/>\n<script type=\"application\/ld+json\" class=\"yoast-schema-graph\">{\"@context\":\"https:\\\/\\\/schema.org\",\"@graph\":[{\"@type\":\"Article\",\"@id\":\"https:\\\/\\\/www.realclubmaritimomelilla.es\\\/clmar\\\/victoria-v-acaba-a-las-puertas-del-podio-en-la-regata-malaga-sailing-cup\\\/#article\",\"isPartOf\":{\"@id\":\"https:\\\/\\\/www.realclubmaritimomelilla.es\\\/clmar\\\/victoria-v-acaba-a-las-puertas-del-podio-en-la-regata-malaga-sailing-cup\\\/\"},\"author\":{\"name\":\"RCMMelilla\",\"@id\":\"https:\\\/\\\/www.realclubmaritimomelilla.es\\\/clmar\\\/#\\\/schema\\\/person\\\/ebaa3713496dc6d48c872452e73a8e79\"},\"headline\":\"VICTORIA V ACABA A LAS PUERTAS DEL PODIO EN LA REGATA M\u00c1LAGA SAILING CUP\",\"datePublished\":\"2019-04-10T12:46:42+00:00\",\"dateModified\":\"2021-07-20T09:38:56+00:00\",\"mainEntityOfPage\":{\"@id\":\"https:\\\/\\\/www.realclubmaritimomelilla.es\\\/clmar\\\/victoria-v-acaba-a-las-puertas-del-podio-en-la-regata-malaga-sailing-cup\\\/\"},\"wordCount\":290,\"commentCount\":0,\"publisher\":{\"@id\":\"https:\\\/\\\/www.realclubmaritimomelilla.es\\\/clmar\\\/#organization\"},\"image\":{\"@id\":\"https:\\\/\\\/www.realclubmaritimomelilla.es\\\/clmar\\\/victoria-v-acaba-a-las-puertas-del-podio-en-la-regata-malaga-sailing-cup\\\/#primaryimage\"},\"thumbnailUrl\":\"https:\\\/\\\/www.realclubmaritimomelilla.es\\\/clmar\\\/wp-content\\\/uploads\\\/2019\\\/04\\\/Tripulaci\u00f3n-del-Victoria-V-en-M\u00e1laga.jpeg\",\"articleSection\":[\"Club\",\"N\u00e1utica\"],\"inLanguage\":\"es\",\"potentialAction\":[{\"@type\":\"CommentAction\",\"name\":\"Comment\",\"target\":[\"https:\\\/\\\/www.realclubmaritimomelilla.es\\\/clmar\\\/victoria-v-acaba-a-las-puertas-del-podio-en-la-regata-malaga-sailing-cup\\\/#respond\"]}]},{\"@type\":\"WebPage\",\"@id\":\"https:\\\/\\\/www.realclubmaritimomelilla.es\\\/clmar\\\/victoria-v-acaba-a-las-puertas-del-podio-en-la-regata-malaga-sailing-cup\\\/\",\"url\":\"https:\\\/\\\/www.realclubmaritimomelilla.es\\\/clmar\\\/victoria-v-acaba-a-las-puertas-del-podio-en-la-regata-malaga-sailing-cup\\\/\",\"name\":\"VICTORIA V ACABA A LAS PUERTAS DEL PODIO EN LA REGATA M\u00c1LAGA SAILING CUP - Real Club Mar\u00edtimo de Melilla\",\"isPartOf\":{\"@id\":\"https:\\\/\\\/www.realclubmaritimomelilla.es\\\/clmar\\\/#website\"},\"primaryImageOfPage\":{\"@id\":\"https:\\\/\\\/www.realclubmaritimomelilla.es\\\/clmar\\\/victoria-v-acaba-a-las-puertas-del-podio-en-la-regata-malaga-sailing-cup\\\/#primaryimage\"},\"image\":{\"@id\":\"https:\\\/\\\/www.realclubmaritimomelilla.es\\\/clmar\\\/victoria-v-acaba-a-las-puertas-del-podio-en-la-regata-malaga-sailing-cup\\\/#primaryimage\"},\"thumbnailUrl\":\"https:\\\/\\\/www.realclubmaritimomelilla.es\\\/clmar\\\/wp-content\\\/uploads\\\/2019\\\/04\\\/Tripulaci\u00f3n-del-Victoria-V-en-M\u00e1laga.jpeg\",\"datePublished\":\"2019-04-10T12:46:42+00:00\",\"dateModified\":\"2021-07-20T09:38:56+00:00\",\"description\":\"VICTORIA V ACABA A LAS PUERTAS DEL PODIO EN LA REGATA M\u00c1LAGA SAILING CUP -\",\"breadcrumb\":{\"@id\":\"https:\\\/\\\/www.realclubmaritimomelilla.es\\\/clmar\\\/victoria-v-acaba-a-las-puertas-del-podio-en-la-regata-malaga-sailing-cup\\\/#breadcrumb\"},\"inLanguage\":\"es\",\"potentialAction\":[{\"@type\":\"ReadAction\",\"target\":[\"https:\\\/\\\/www.realclubmaritimomelilla.es\\\/clmar\\\/victoria-v-acaba-a-las-puertas-del-podio-en-la-regata-malaga-sailing-cup\\\/\"]}]},{\"@type\":\"ImageObject\",\"inLanguage\":\"es\",\"@id\":\"https:\\\/\\\/www.realclubmaritimomelilla.es\\\/clmar\\\/victoria-v-acaba-a-las-puertas-del-podio-en-la-regata-malaga-sailing-cup\\\/#primaryimage\",\"url\":\"https:\\\/\\\/www.realclubmaritimomelilla.es\\\/clmar\\\/wp-content\\\/uploads\\\/2019\\\/04\\\/Tripulaci\u00f3n-del-Victoria-V-en-M\u00e1laga.jpeg\",\"contentUrl\":\"https:\\\/\\\/www.realclubmaritimomelilla.es\\\/clmar\\\/wp-content\\\/uploads\\\/2019\\\/04\\\/Tripulaci\u00f3n-del-Victoria-V-en-M\u00e1laga.jpeg\",\"width\":1600,\"height\":1200},{\"@type\":\"BreadcrumbList\",\"@id\":\"https:\\\/\\\/www.realclubmaritimomelilla.es\\\/clmar\\\/victoria-v-acaba-a-las-puertas-del-podio-en-la-regata-malaga-sailing-cup\\\/#breadcrumb\",\"itemListElement\":[{\"@type\":\"ListItem\",\"position\":1,\"name\":\"Portada\",\"item\":\"https:\\\/\\\/www.realclubmaritimomelilla.es\\\/clmar\\\/\"},{\"@type\":\"ListItem\",\"position\":2,\"name\":\"VICTORIA V ACABA A LAS PUERTAS DEL PODIO EN LA REGATA M\u00c1LAGA SAILING CUP\"}]},{\"@type\":\"WebSite\",\"@id\":\"https:\\\/\\\/www.realclubmaritimomelilla.es\\\/clmar\\\/#website\",\"url\":\"https:\\\/\\\/www.realclubmaritimomelilla.es\\\/clmar\\\/\",\"name\":\"Real Club Mar\u00edtimo de Melilla\",\"description\":\"RCMM\",\"publisher\":{\"@id\":\"https:\\\/\\\/www.realclubmaritimomelilla.es\\\/clmar\\\/#organization\"},\"alternateName\":\"RCMM\",\"potentialAction\":[{\"@type\":\"SearchAction\",\"target\":{\"@type\":\"EntryPoint\",\"urlTemplate\":\"https:\\\/\\\/www.realclubmaritimomelilla.es\\\/clmar\\\/?s={search_term_string}\"},\"query-input\":{\"@type\":\"PropertyValueSpecification\",\"valueRequired\":true,\"valueName\":\"search_term_string\"}}],\"inLanguage\":\"es\"},{\"@type\":\"Organization\",\"@id\":\"https:\\\/\\\/www.realclubmaritimomelilla.es\\\/clmar\\\/#organization\",\"name\":\"Real Club Mar\u00edtimo de Melilla\",\"alternateName\":\"RCMM\",\"url\":\"https:\\\/\\\/www.realclubmaritimomelilla.es\\\/clmar\\\/\",\"logo\":{\"@type\":\"ImageObject\",\"inLanguage\":\"es\",\"@id\":\"https:\\\/\\\/www.realclubmaritimomelilla.es\\\/clmar\\\/#\\\/schema\\\/logo\\\/image\\\/\",\"url\":\"https:\\\/\\\/www.realclubmaritimomelilla.es\\\/clmar\\\/wp-content\\\/uploads\\\/logo-club-original-copia.jpg\",\"contentUrl\":\"https:\\\/\\\/www.realclubmaritimomelilla.es\\\/clmar\\\/wp-content\\\/uploads\\\/logo-club-original-copia.jpg\",\"width\":128,\"height\":89,\"caption\":\"Real Club Mar\u00edtimo de Melilla\"},\"image\":{\"@id\":\"https:\\\/\\\/www.realclubmaritimomelilla.es\\\/clmar\\\/#\\\/schema\\\/logo\\\/image\\\/\"},\"sameAs\":[\"https:\\\/\\\/www.facebook.com\\\/Real-Club-Mar\u00edtimo-de-Melilla-588495841234214\\\/\",\"https:\\\/\\\/x.com\\\/nauticarcmm\",\"https:\\\/\\\/www.instagram.com\\\/club_maritimo_melilla\\\/\",\"https:\\\/\\\/www.youtube.com\\\/@realclubmaritimodemelilla4703\",\"https:\\\/\\\/es.wikipedia.org\\\/wiki\\\/Real_Club_Mar\u00edtimo_de_Melilla\"]},{\"@type\":\"Person\",\"@id\":\"https:\\\/\\\/www.realclubmaritimomelilla.es\\\/clmar\\\/#\\\/schema\\\/person\\\/ebaa3713496dc6d48c872452e73a8e79\",\"name\":\"RCMMelilla\",\"image\":{\"@type\":\"ImageObject\",\"inLanguage\":\"es\",\"@id\":\"https:\\\/\\\/secure.gravatar.com\\\/avatar\\\/df1c24789360fb9308735c4ee556fc2bc5bf924bf01e53043b8b97ba272da33c?s=96&d=mm&r=g\",\"url\":\"https:\\\/\\\/secure.gravatar.com\\\/avatar\\\/df1c24789360fb9308735c4ee556fc2bc5bf924bf01e53043b8b97ba272da33c?s=96&d=mm&r=g\",\"contentUrl\":\"https:\\\/\\\/secure.gravatar.com\\\/avatar\\\/df1c24789360fb9308735c4ee556fc2bc5bf924bf01e53043b8b97ba272da33c?s=96&d=mm&r=g\",\"caption\":\"RCMMelilla\"}}]}<\/script>\n<!-- \/ Yoast SEO plugin. -->","yoast_head_json":{"title":"VICTORIA V ACABA A LAS PUERTAS DEL PODIO EN LA REGATA M\u00c1LAGA SAILING CUP - Real Club Mar\u00edtimo de Melilla","description":"VICTORIA V ACABA A LAS PUERTAS DEL PODIO EN LA REGATA M\u00c1LAGA SAILING CUP -","robots":{"index":"index","follow":"follow","max-snippet":"max-snippet:-1","max-image-preview":"max-image-preview:large","max-video-preview":"max-video-preview:-1"},"canonical":"https:\/\/www.realclubmaritimomelilla.es\/clmar\/victoria-v-acaba-a-las-puertas-del-podio-en-la-regata-malaga-sailing-cup\/","og_locale":"es_ES","og_type":"article","og_title":"VICTORIA V ACABA A LAS PUERTAS DEL PODIO EN LA REGATA M\u00c1LAGA SAILING CUP - Real Club Mar\u00edtimo de Melilla","og_description":"VICTORIA V ACABA A LAS PUERTAS DEL PODIO EN LA REGATA M\u00c1LAGA SAILING CUP -","og_url":"https:\/\/www.realclubmaritimomelilla.es\/clmar\/victoria-v-acaba-a-las-puertas-del-podio-en-la-regata-malaga-sailing-cup\/","og_site_name":"Real Club Mar\u00edtimo de Melilla","article_publisher":"https:\/\/www.facebook.com\/Real-Club-Mar%c3%adtimo-de-Melilla-588495841234214\/","article_published_time":"2019-04-10T12:46:42+00:00","article_modified_time":"2021-07-20T09:38:56+00:00","og_image":[{"width":1600,"height":1200,"url":"https:\/\/www.realclubmaritimomelilla.es\/clmar\/wp-content\/uploads\/2019\/04\/Tripulaci\u00f3n-del-Victoria-V-en-M\u00e1laga.jpeg","type":"image\/jpeg"}],"author":"RCMMelilla","twitter_card":"summary_large_image","twitter_creator":"@nauticarcmm","twitter_site":"@nauticarcmm","twitter_misc":{"Escrito por":"RCMMelilla","Tiempo de lectura":"1 minuto"},"schema":{"@context":"https:\/\/schema.org","@graph":[{"@type":"Article","@id":"https:\/\/www.realclubmaritimomelilla.es\/clmar\/victoria-v-acaba-a-las-puertas-del-podio-en-la-regata-malaga-sailing-cup\/#article","isPartOf":{"@id":"https:\/\/www.realclubmaritimomelilla.es\/clmar\/victoria-v-acaba-a-las-puertas-del-podio-en-la-regata-malaga-sailing-cup\/"},"author":{"name":"RCMMelilla","@id":"https:\/\/www.realclubmaritimomelilla.es\/clmar\/#\/schema\/person\/ebaa3713496dc6d48c872452e73a8e79"},"headline":"VICTORIA V ACABA A LAS PUERTAS DEL PODIO EN LA REGATA M\u00c1LAGA SAILING CUP","datePublished":"2019-04-10T12:46:42+00:00","dateModified":"2021-07-20T09:38:56+00:00","mainEntityOfPage":{"@id":"https:\/\/www.realclubmaritimomelilla.es\/clmar\/victoria-v-acaba-a-las-puertas-del-podio-en-la-regata-malaga-sailing-cup\/"},"wordCount":290,"commentCount":0,"publisher":{"@id":"https:\/\/www.realclubmaritimomelilla.es\/clmar\/#organization"},"image":{"@id":"https:\/\/www.realclubmaritimomelilla.es\/clmar\/victoria-v-acaba-a-las-puertas-del-podio-en-la-regata-malaga-sailing-cup\/#primaryimage"},"thumbnailUrl":"https:\/\/www.realclubmaritimomelilla.es\/clmar\/wp-content\/uploads\/2019\/04\/Tripulaci\u00f3n-del-Victoria-V-en-M\u00e1laga.jpeg","articleSection":["Club","N\u00e1utica"],"inLanguage":"es","potentialAction":[{"@type":"CommentAction","name":"Comment","target":["https:\/\/www.realclubmaritimomelilla.es\/clmar\/victoria-v-acaba-a-las-puertas-del-podio-en-la-regata-malaga-sailing-cup\/#respond"]}]},{"@type":"WebPage","@id":"https:\/\/www.realclubmaritimomelilla.es\/clmar\/victoria-v-acaba-a-las-puertas-del-podio-en-la-regata-malaga-sailing-cup\/","url":"https:\/\/www.realclubmaritimomelilla.es\/clmar\/victoria-v-acaba-a-las-puertas-del-podio-en-la-regata-malaga-sailing-cup\/","name":"VICTORIA V ACABA A LAS PUERTAS DEL PODIO EN LA REGATA M\u00c1LAGA SAILING CUP - Real Club Mar\u00edtimo de Melilla","isPartOf":{"@id":"https:\/\/www.realclubmaritimomelilla.es\/clmar\/#website"},"primaryImageOfPage":{"@id":"https:\/\/www.realclubmaritimomelilla.es\/clmar\/victoria-v-acaba-a-las-puertas-del-podio-en-la-regata-malaga-sailing-cup\/#primaryimage"},"image":{"@id":"https:\/\/www.realclubmaritimomelilla.es\/clmar\/victoria-v-acaba-a-las-puertas-del-podio-en-la-regata-malaga-sailing-cup\/#primaryimage"},"thumbnailUrl":"https:\/\/www.realclubmaritimomelilla.es\/clmar\/wp-content\/uploads\/2019\/04\/Tripulaci\u00f3n-del-Victoria-V-en-M\u00e1laga.jpeg","datePublished":"2019-04-10T12:46:42+00:00","dateModified":"2021-07-20T09:38:56+00:00","description":"VICTORIA V ACABA A LAS PUERTAS DEL PODIO EN LA REGATA M\u00c1LAGA SAILING CUP -","breadcrumb":{"@id":"https:\/\/www.realclubmaritimomelilla.es\/clmar\/victoria-v-acaba-a-las-puertas-del-podio-en-la-regata-malaga-sailing-cup\/#breadcrumb"},"inLanguage":"es","potentialAction":[{"@type":"ReadAction","target":["https:\/\/www.realclubmaritimomelilla.es\/clmar\/victoria-v-acaba-a-las-puertas-del-podio-en-la-regata-malaga-sailing-cup\/"]}]},{"@type":"ImageObject","inLanguage":"es","@id":"https:\/\/www.realclubmaritimomelilla.es\/clmar\/victoria-v-acaba-a-las-puertas-del-podio-en-la-regata-malaga-sailing-cup\/#primaryimage","url":"https:\/\/www.realclubmaritimomelilla.es\/clmar\/wp-content\/uploads\/2019\/04\/Tripulaci\u00f3n-del-Victoria-V-en-M\u00e1laga.jpeg","contentUrl":"https:\/\/www.realclubmaritimomelilla.es\/clmar\/wp-content\/uploads\/2019\/04\/Tripulaci\u00f3n-del-Victoria-V-en-M\u00e1laga.jpeg","width":1600,"height":1200},{"@type":"BreadcrumbList","@id":"https:\/\/www.realclubmaritimomelilla.es\/clmar\/victoria-v-acaba-a-las-puertas-del-podio-en-la-regata-malaga-sailing-cup\/#breadcrumb","itemListElement":[{"@type":"ListItem","position":1,"name":"Portada","item":"https:\/\/www.realclubmaritimomelilla.es\/clmar\/"},{"@type":"ListItem","position":2,"name":"VICTORIA V ACABA A LAS PUERTAS DEL PODIO EN LA REGATA M\u00c1LAGA SAILING CUP"}]},{"@type":"WebSite","@id":"https:\/\/www.realclubmaritimomelilla.es\/clmar\/#website","url":"https:\/\/www.realclubmaritimomelilla.es\/clmar\/","name":"Real Club Mar\u00edtimo de Melilla","description":"RCMM","publisher":{"@id":"https:\/\/www.realclubmaritimomelilla.es\/clmar\/#organization"},"alternateName":"RCMM","potentialAction":[{"@type":"SearchAction","target":{"@type":"EntryPoint","urlTemplate":"https:\/\/www.realclubmaritimomelilla.es\/clmar\/?s={search_term_string}"},"query-input":{"@type":"PropertyValueSpecification","valueRequired":true,"valueName":"search_term_string"}}],"inLanguage":"es"},{"@type":"Organization","@id":"https:\/\/www.realclubmaritimomelilla.es\/clmar\/#organization","name":"Real Club Mar\u00edtimo de Melilla","alternateName":"RCMM","url":"https:\/\/www.realclubmaritimomelilla.es\/clmar\/","logo":{"@type":"ImageObject","inLanguage":"es","@id":"https:\/\/www.realclubmaritimomelilla.es\/clmar\/#\/schema\/logo\/image\/","url":"https:\/\/www.realclubmaritimomelilla.es\/clmar\/wp-content\/uploads\/logo-club-original-copia.jpg","contentUrl":"https:\/\/www.realclubmaritimomelilla.es\/clmar\/wp-content\/uploads\/logo-club-original-copia.jpg","width":128,"height":89,"caption":"Real Club Mar\u00edtimo de Melilla"},"image":{"@id":"https:\/\/www.realclubmaritimomelilla.es\/clmar\/#\/schema\/logo\/image\/"},"sameAs":["https:\/\/www.facebook.com\/Real-Club-Mar\u00edtimo-de-Melilla-588495841234214\/","https:\/\/x.com\/nauticarcmm","https:\/\/www.instagram.com\/club_maritimo_melilla\/","https:\/\/www.youtube.com\/@realclubmaritimodemelilla4703","https:\/\/es.wikipedia.org\/wiki\/Real_Club_Mar\u00edtimo_de_Melilla"]},{"@type":"Person","@id":"https:\/\/www.realclubmaritimomelilla.es\/clmar\/#\/schema\/person\/ebaa3713496dc6d48c872452e73a8e79","name":"RCMMelilla","image":{"@type":"ImageObject","inLanguage":"es","@id":"https:\/\/secure.gravatar.com\/avatar\/df1c24789360fb9308735c4ee556fc2bc5bf924bf01e53043b8b97ba272da33c?s=96&d=mm&r=g","url":"https:\/\/secure.gravatar.com\/avatar\/df1c24789360fb9308735c4ee556fc2bc5bf924bf01e53043b8b97ba272da33c?s=96&d=mm&r=g","contentUrl":"https:\/\/secure.gravatar.com\/avatar\/df1c24789360fb9308735c4ee556fc2bc5bf924bf01e53043b8b97ba272da33c?s=96&d=mm&r=g","caption":"RCMMelilla"}}]}},"_links":{"self":[{"href":"https:\/\/www.realclubmaritimomelilla.es\/clmar\/wp-json\/wp\/v2\/posts\/14331","targetHints":{"allow":["GET"]}}],"collection":[{"href":"https:\/\/www.realclubmaritimomelilla.es\/clmar\/wp-json\/wp\/v2\/posts"}],"about":[{"href":"https:\/\/www.realclubmaritimomelilla.es\/clmar\/wp-json\/wp\/v2\/types\/post"}],"author":[{"embeddable":true,"href":"https:\/\/www.realclubmaritimomelilla.es\/clmar\/wp-json\/wp\/v2\/users\/1"}],"replies":[{"embeddable":true,"href":"https:\/\/www.realclubmaritimomelilla.es\/clmar\/wp-json\/wp\/v2\/comments?post=14331"}],"version-history":[{"count":1,"href":"https:\/\/www.realclubmaritimomelilla.es\/clmar\/wp-json\/wp\/v2\/posts\/14331\/revisions"}],"predecessor-version":[{"id":14334,"href":"https:\/\/www.realclubmaritimomelilla.es\/clmar\/wp-json\/wp\/v2\/posts\/14331\/revisions\/14334"}],"wp:featuredmedia":[{"embeddable":true,"href":"https:\/\/www.realclubmaritimomelilla.es\/clmar\/wp-json\/wp\/v2\/media\/14333"}],"wp:attachment":[{"href":"https:\/\/www.realclubmaritimomelilla.es\/clmar\/wp-json\/wp\/v2\/media?parent=14331"}],"wp:term":[{"taxonomy":"category","embeddable":true,"href":"https:\/\/www.realclubmaritimomelilla.es\/clmar\/wp-json\/wp\/v2\/categories?post=14331"},{"taxonomy":"post_tag","embeddable":true,"href":"https:\/\/www.realclubmaritimomelilla.es\/clmar\/wp-json\/wp\/v2\/tags?post=14331"}],"curies":[{"name":"wp","href":"https:\/\/api.w.org\/{rel}","templated":true}]}}