{"id":14294,"date":"2019-03-24T18:36:38","date_gmt":"2019-03-24T17:36:38","guid":{"rendered":"http:\/\/www.clubmaritimomelilla.es\/clmar\/?p=14294"},"modified":"2019-03-24T18:36:38","modified_gmt":"2019-03-24T17:36:38","slug":"homenaje-a-los-socios-que-cumplen-cincuenta-anos-como-miembros-del-real-club-maritimo-de-melilla","status":"publish","type":"post","link":"https:\/\/www.realclubmaritimomelilla.es\/clmar\/homenaje-a-los-socios-que-cumplen-cincuenta-anos-como-miembros-del-real-club-maritimo-de-melilla\/","title":{"rendered":"HOMENAJE A LOS SOCIOS QUE CUMPLEN CINCUENTA A\u00d1OS COMO MIEMBROS DEL REAL CLUB MAR\u00cdTIMO DE MELILLA"},"content":{"rendered":"\n\t\t<style type=\"text\/css\">\n\t\t\t#gallery-1 {\n\t\t\t\tmargin: auto;\n\t\t\t}\n\t\t\t#gallery-1 .gallery-item {\n\t\t\t\tfloat: left;\n\t\t\t\tmargin-top: 10px;\n\t\t\t\ttext-align: center;\n\t\t\t\twidth: 25%;\n\t\t\t}\n\t\t\t#gallery-1 img {\n\t\t\t\tborder: 2px solid #cfcfcf;\n\t\t\t}\n\t\t\t#gallery-1 .gallery-caption {\n\t\t\t\tmargin-left: 0;\n\t\t\t}\n\t\t\t\/* see gallery_shortcode() in wp-includes\/media.php *\/\n\t\t<\/style>\n\t\t<div id='gallery-1' class='gallery galleryid-14294 gallery-columns-4 gallery-size-thumbnail'><dl class='gallery-item'>\n\t\t\t<dt class='gallery-icon landscape'>\n\t\t\t\t<a data-rel=\"iLightbox[postimages]\" data-title=\"Almuerzo homenaje a los socios copia\" data-caption=\"\" href='https:\/\/www.realclubmaritimomelilla.es\/clmar\/homenaje-a-los-socios-que-cumplen-cincuenta-anos-como-miembros-del-real-club-maritimo-de-melilla\/almuerzo-homenaje-a-los-socios-copia\/'><img decoding=\"async\" width=\"150\" height=\"150\" src=\"https:\/\/www.realclubmaritimomelilla.es\/clmar\/wp-content\/uploads\/2019\/03\/Almuerzo-homenaje-a-los-socios-copia-150x150.jpg\" class=\"attachment-thumbnail size-thumbnail\" alt=\"\" srcset=\"https:\/\/www.realclubmaritimomelilla.es\/clmar\/wp-content\/uploads\/2019\/03\/Almuerzo-homenaje-a-los-socios-copia-50x50.jpg 50w, https:\/\/www.realclubmaritimomelilla.es\/clmar\/wp-content\/uploads\/2019\/03\/Almuerzo-homenaje-a-los-socios-copia-66x66.jpg 66w, https:\/\/www.realclubmaritimomelilla.es\/clmar\/wp-content\/uploads\/2019\/03\/Almuerzo-homenaje-a-los-socios-copia-150x150.jpg 150w, https:\/\/www.realclubmaritimomelilla.es\/clmar\/wp-content\/uploads\/2019\/03\/Almuerzo-homenaje-a-los-socios-copia-300x300.jpg 300w\" sizes=\"(max-width: 150px) 100vw, 150px\" \/><\/a>\n\t\t\t<\/dt><\/dl><dl class='gallery-item'>\n\t\t\t<dt class='gallery-icon landscape'>\n\t\t\t\t<a data-rel=\"iLightbox[postimages]\" data-title=\"D. Jos\u00e9 Emilio P\u00e9rez Erades copia\" data-caption=\"\" href='https:\/\/www.realclubmaritimomelilla.es\/clmar\/homenaje-a-los-socios-que-cumplen-cincuenta-anos-como-miembros-del-real-club-maritimo-de-melilla\/d-jose-emilio-perez-erades-copia\/'><img decoding=\"async\" width=\"150\" height=\"150\" src=\"https:\/\/www.realclubmaritimomelilla.es\/clmar\/wp-content\/uploads\/2019\/03\/D.-Jos\u00e9-Emilio-P\u00e9rez-Erades-copia-150x150.jpg\" class=\"attachment-thumbnail size-thumbnail\" alt=\"\" srcset=\"https:\/\/www.realclubmaritimomelilla.es\/clmar\/wp-content\/uploads\/2019\/03\/D.-Jos\u00e9-Emilio-P\u00e9rez-Erades-copia-50x50.jpg 50w, https:\/\/www.realclubmaritimomelilla.es\/clmar\/wp-content\/uploads\/2019\/03\/D.-Jos\u00e9-Emilio-P\u00e9rez-Erades-copia-66x66.jpg 66w, https:\/\/www.realclubmaritimomelilla.es\/clmar\/wp-content\/uploads\/2019\/03\/D.-Jos\u00e9-Emilio-P\u00e9rez-Erades-copia-150x150.jpg 150w, https:\/\/www.realclubmaritimomelilla.es\/clmar\/wp-content\/uploads\/2019\/03\/D.-Jos\u00e9-Emilio-P\u00e9rez-Erades-copia-300x300.jpg 300w\" sizes=\"(max-width: 150px) 100vw, 150px\" \/><\/a>\n\t\t\t<\/dt><\/dl><dl class='gallery-item'>\n\t\t\t<dt class='gallery-icon landscape'>\n\t\t\t\t<a data-rel=\"iLightbox[postimages]\" data-title=\"D.Cecilio Molina L\u00f3pez copia\" data-caption=\"\" href='https:\/\/www.realclubmaritimomelilla.es\/clmar\/homenaje-a-los-socios-que-cumplen-cincuenta-anos-como-miembros-del-real-club-maritimo-de-melilla\/d-cecilio-molina-lopez-copia\/'><img decoding=\"async\" width=\"150\" height=\"150\" src=\"https:\/\/www.realclubmaritimomelilla.es\/clmar\/wp-content\/uploads\/2019\/03\/D.Cecilio-Molina-L\u00f3pez-copia-150x150.jpg\" class=\"attachment-thumbnail size-thumbnail\" alt=\"\" srcset=\"https:\/\/www.realclubmaritimomelilla.es\/clmar\/wp-content\/uploads\/2019\/03\/D.Cecilio-Molina-L\u00f3pez-copia-50x50.jpg 50w, https:\/\/www.realclubmaritimomelilla.es\/clmar\/wp-content\/uploads\/2019\/03\/D.Cecilio-Molina-L\u00f3pez-copia-66x66.jpg 66w, https:\/\/www.realclubmaritimomelilla.es\/clmar\/wp-content\/uploads\/2019\/03\/D.Cecilio-Molina-L\u00f3pez-copia-150x150.jpg 150w, https:\/\/www.realclubmaritimomelilla.es\/clmar\/wp-content\/uploads\/2019\/03\/D.Cecilio-Molina-L\u00f3pez-copia-300x300.jpg 300w\" sizes=\"(max-width: 150px) 100vw, 150px\" \/><\/a>\n\t\t\t<\/dt><\/dl><dl class='gallery-item'>\n\t\t\t<dt class='gallery-icon portrait'>\n\t\t\t\t<a data-rel=\"iLightbox[postimages]\" data-title=\"D.Esteban Olivares del Rey copia\" data-caption=\"\" href='https:\/\/www.realclubmaritimomelilla.es\/clmar\/homenaje-a-los-socios-que-cumplen-cincuenta-anos-como-miembros-del-real-club-maritimo-de-melilla\/d-esteban-olivares-del-rey-copia\/'><img decoding=\"async\" width=\"150\" height=\"150\" src=\"https:\/\/www.realclubmaritimomelilla.es\/clmar\/wp-content\/uploads\/2019\/03\/D.Esteban-Olivares-del-Rey-copia-150x150.jpg\" class=\"attachment-thumbnail size-thumbnail\" alt=\"\" srcset=\"https:\/\/www.realclubmaritimomelilla.es\/clmar\/wp-content\/uploads\/2019\/03\/D.Esteban-Olivares-del-Rey-copia-50x50.jpg 50w, https:\/\/www.realclubmaritimomelilla.es\/clmar\/wp-content\/uploads\/2019\/03\/D.Esteban-Olivares-del-Rey-copia-66x66.jpg 66w, https:\/\/www.realclubmaritimomelilla.es\/clmar\/wp-content\/uploads\/2019\/03\/D.Esteban-Olivares-del-Rey-copia-150x150.jpg 150w, https:\/\/www.realclubmaritimomelilla.es\/clmar\/wp-content\/uploads\/2019\/03\/D.Esteban-Olivares-del-Rey-copia-300x300.jpg 300w\" sizes=\"(max-width: 150px) 100vw, 150px\" \/><\/a>\n\t\t\t<\/dt><\/dl><br style=\"clear: both\" \/><dl class='gallery-item'>\n\t\t\t<dt class='gallery-icon landscape'>\n\t\t\t\t<a data-rel=\"iLightbox[postimages]\" data-title=\"D.Ram\u00f3n Imbroda MArt\u00edn copia\" data-caption=\"\" href='https:\/\/www.realclubmaritimomelilla.es\/clmar\/homenaje-a-los-socios-que-cumplen-cincuenta-anos-como-miembros-del-real-club-maritimo-de-melilla\/d-ramon-imbroda-martin-copia\/'><img decoding=\"async\" width=\"150\" height=\"150\" src=\"https:\/\/www.realclubmaritimomelilla.es\/clmar\/wp-content\/uploads\/2019\/03\/D.Ram\u00f3n-Imbroda-MArt\u00edn-copia-150x150.jpg\" class=\"attachment-thumbnail size-thumbnail\" alt=\"\" srcset=\"https:\/\/www.realclubmaritimomelilla.es\/clmar\/wp-content\/uploads\/2019\/03\/D.Ram\u00f3n-Imbroda-MArt\u00edn-copia-50x50.jpg 50w, https:\/\/www.realclubmaritimomelilla.es\/clmar\/wp-content\/uploads\/2019\/03\/D.Ram\u00f3n-Imbroda-MArt\u00edn-copia-66x66.jpg 66w, https:\/\/www.realclubmaritimomelilla.es\/clmar\/wp-content\/uploads\/2019\/03\/D.Ram\u00f3n-Imbroda-MArt\u00edn-copia-150x150.jpg 150w, https:\/\/www.realclubmaritimomelilla.es\/clmar\/wp-content\/uploads\/2019\/03\/D.Ram\u00f3n-Imbroda-MArt\u00edn-copia-300x300.jpg 300w\" sizes=\"(max-width: 150px) 100vw, 150px\" \/><\/a>\n\t\t\t<\/dt><\/dl><dl class='gallery-item'>\n\t\t\t<dt class='gallery-icon portrait'>\n\t\t\t\t<a data-rel=\"iLightbox[postimages]\" data-title=\"D. Adelaida D\u00edaz G\u00e1lvez copia\" data-caption=\"\" href='https:\/\/www.realclubmaritimomelilla.es\/clmar\/homenaje-a-los-socios-que-cumplen-cincuenta-anos-como-miembros-del-real-club-maritimo-de-melilla\/d-adelaida-diaz-galvez-copia\/'><img decoding=\"async\" width=\"150\" height=\"150\" src=\"https:\/\/www.realclubmaritimomelilla.es\/clmar\/wp-content\/uploads\/2019\/03\/D.-Adelaida-D\u00edaz-G\u00e1lvez-copia-150x150.jpg\" class=\"attachment-thumbnail size-thumbnail\" alt=\"\" srcset=\"https:\/\/www.realclubmaritimomelilla.es\/clmar\/wp-content\/uploads\/2019\/03\/D.-Adelaida-D\u00edaz-G\u00e1lvez-copia-50x50.jpg 50w, https:\/\/www.realclubmaritimomelilla.es\/clmar\/wp-content\/uploads\/2019\/03\/D.-Adelaida-D\u00edaz-G\u00e1lvez-copia-66x66.jpg 66w, https:\/\/www.realclubmaritimomelilla.es\/clmar\/wp-content\/uploads\/2019\/03\/D.-Adelaida-D\u00edaz-G\u00e1lvez-copia-150x150.jpg 150w, https:\/\/www.realclubmaritimomelilla.es\/clmar\/wp-content\/uploads\/2019\/03\/D.-Adelaida-D\u00edaz-G\u00e1lvez-copia-300x300.jpg 300w\" sizes=\"(max-width: 150px) 100vw, 150px\" \/><\/a>\n\t\t\t<\/dt><\/dl><dl class='gallery-item'>\n\t\t\t<dt class='gallery-icon landscape'>\n\t\t\t\t<a data-rel=\"iLightbox[postimages]\" data-title=\"D. Carlos Rubio Bravo copia\" data-caption=\"\" href='https:\/\/www.realclubmaritimomelilla.es\/clmar\/homenaje-a-los-socios-que-cumplen-cincuenta-anos-como-miembros-del-real-club-maritimo-de-melilla\/d-carlos-rubio-bravo-copia\/'><img decoding=\"async\" width=\"150\" height=\"150\" src=\"https:\/\/www.realclubmaritimomelilla.es\/clmar\/wp-content\/uploads\/2019\/03\/D.-Carlos-Rubio-Bravo-copia-150x150.jpg\" class=\"attachment-thumbnail size-thumbnail\" alt=\"\" srcset=\"https:\/\/www.realclubmaritimomelilla.es\/clmar\/wp-content\/uploads\/2019\/03\/D.-Carlos-Rubio-Bravo-copia-50x50.jpg 50w, https:\/\/www.realclubmaritimomelilla.es\/clmar\/wp-content\/uploads\/2019\/03\/D.-Carlos-Rubio-Bravo-copia-66x66.jpg 66w, https:\/\/www.realclubmaritimomelilla.es\/clmar\/wp-content\/uploads\/2019\/03\/D.-Carlos-Rubio-Bravo-copia-150x150.jpg 150w, https:\/\/www.realclubmaritimomelilla.es\/clmar\/wp-content\/uploads\/2019\/03\/D.-Carlos-Rubio-Bravo-copia-300x300.jpg 300w\" sizes=\"(max-width: 150px) 100vw, 150px\" \/><\/a>\n\t\t\t<\/dt><\/dl><dl class='gallery-item'>\n\t\t\t<dt class='gallery-icon portrait'>\n\t\t\t\t<a data-rel=\"iLightbox[postimages]\" data-title=\"D. Jos\u00e9 M\u00aa Aragon\u00e9s Torralba copia\" data-caption=\"\" href='https:\/\/www.realclubmaritimomelilla.es\/clmar\/homenaje-a-los-socios-que-cumplen-cincuenta-anos-como-miembros-del-real-club-maritimo-de-melilla\/d-jose-ma-aragones-torralba-copia\/'><img decoding=\"async\" width=\"150\" height=\"150\" src=\"https:\/\/www.realclubmaritimomelilla.es\/clmar\/wp-content\/uploads\/2019\/03\/D.-Jos\u00e9-M\u00aa-Aragon\u00e9s-Torralba-copia-150x150.jpg\" class=\"attachment-thumbnail size-thumbnail\" alt=\"\" srcset=\"https:\/\/www.realclubmaritimomelilla.es\/clmar\/wp-content\/uploads\/2019\/03\/D.-Jos\u00e9-M\u00aa-Aragon\u00e9s-Torralba-copia-50x50.jpg 50w, https:\/\/www.realclubmaritimomelilla.es\/clmar\/wp-content\/uploads\/2019\/03\/D.-Jos\u00e9-M\u00aa-Aragon\u00e9s-Torralba-copia-66x66.jpg 66w, https:\/\/www.realclubmaritimomelilla.es\/clmar\/wp-content\/uploads\/2019\/03\/D.-Jos\u00e9-M\u00aa-Aragon\u00e9s-Torralba-copia-150x150.jpg 150w, https:\/\/www.realclubmaritimomelilla.es\/clmar\/wp-content\/uploads\/2019\/03\/D.-Jos\u00e9-M\u00aa-Aragon\u00e9s-Torralba-copia-300x300.jpg 300w\" sizes=\"(max-width: 150px) 100vw, 150px\" \/><\/a>\n\t\t\t<\/dt><\/dl><br style=\"clear: both\" \/><dl class='gallery-item'>\n\t\t\t<dt class='gallery-icon portrait'>\n\t\t\t\t<a data-rel=\"iLightbox[postimages]\" data-title=\"D. Mari Carmen \u00c1lvarez Navarro copia\" data-caption=\"\" href='https:\/\/www.realclubmaritimomelilla.es\/clmar\/homenaje-a-los-socios-que-cumplen-cincuenta-anos-como-miembros-del-real-club-maritimo-de-melilla\/d-mari-carmen-alvarez-navarro-copia\/'><img decoding=\"async\" width=\"150\" height=\"150\" src=\"https:\/\/www.realclubmaritimomelilla.es\/clmar\/wp-content\/uploads\/2019\/03\/D.-Mari-Carmen-\u00c1lvarez-Navarro-copia-150x150.jpg\" class=\"attachment-thumbnail size-thumbnail\" alt=\"\" srcset=\"https:\/\/www.realclubmaritimomelilla.es\/clmar\/wp-content\/uploads\/2019\/03\/D.-Mari-Carmen-\u00c1lvarez-Navarro-copia-50x50.jpg 50w, https:\/\/www.realclubmaritimomelilla.es\/clmar\/wp-content\/uploads\/2019\/03\/D.-Mari-Carmen-\u00c1lvarez-Navarro-copia-66x66.jpg 66w, https:\/\/www.realclubmaritimomelilla.es\/clmar\/wp-content\/uploads\/2019\/03\/D.-Mari-Carmen-\u00c1lvarez-Navarro-copia-150x150.jpg 150w, https:\/\/www.realclubmaritimomelilla.es\/clmar\/wp-content\/uploads\/2019\/03\/D.-Mari-Carmen-\u00c1lvarez-Navarro-copia-300x300.jpg 300w\" sizes=\"(max-width: 150px) 100vw, 150px\" \/><\/a>\n\t\t\t<\/dt><\/dl><dl class='gallery-item'>\n\t\t\t<dt class='gallery-icon landscape'>\n\t\t\t\t<a data-rel=\"iLightbox[postimages]\" data-title=\"D. Miguel Mar\u00edn Rodr\u00edguez copia\" data-caption=\"\" href='https:\/\/www.realclubmaritimomelilla.es\/clmar\/homenaje-a-los-socios-que-cumplen-cincuenta-anos-como-miembros-del-real-club-maritimo-de-melilla\/d-miguel-marin-rodriguez-copia\/'><img decoding=\"async\" width=\"150\" height=\"150\" src=\"https:\/\/www.realclubmaritimomelilla.es\/clmar\/wp-content\/uploads\/2019\/03\/D.-Miguel-Mar\u00edn-Rodr\u00edguez-copia-150x150.jpg\" class=\"attachment-thumbnail size-thumbnail\" alt=\"\" srcset=\"https:\/\/www.realclubmaritimomelilla.es\/clmar\/wp-content\/uploads\/2019\/03\/D.-Miguel-Mar\u00edn-Rodr\u00edguez-copia-50x50.jpg 50w, https:\/\/www.realclubmaritimomelilla.es\/clmar\/wp-content\/uploads\/2019\/03\/D.-Miguel-Mar\u00edn-Rodr\u00edguez-copia-66x66.jpg 66w, https:\/\/www.realclubmaritimomelilla.es\/clmar\/wp-content\/uploads\/2019\/03\/D.-Miguel-Mar\u00edn-Rodr\u00edguez-copia-150x150.jpg 150w, https:\/\/www.realclubmaritimomelilla.es\/clmar\/wp-content\/uploads\/2019\/03\/D.-Miguel-Mar\u00edn-Rodr\u00edguez-copia-300x300.jpg 300w\" sizes=\"(max-width: 150px) 100vw, 150px\" \/><\/a>\n\t\t\t<\/dt><\/dl><dl class='gallery-item'>\n\t\t\t<dt class='gallery-icon portrait'>\n\t\t\t\t<a data-rel=\"iLightbox[postimages]\" data-title=\"D. Ricardo Fern\u00e1ndez Amaya copia\" data-caption=\"\" href='https:\/\/www.realclubmaritimomelilla.es\/clmar\/homenaje-a-los-socios-que-cumplen-cincuenta-anos-como-miembros-del-real-club-maritimo-de-melilla\/d-ricardo-fernandez-amaya-copia\/'><img decoding=\"async\" width=\"150\" height=\"150\" src=\"https:\/\/www.realclubmaritimomelilla.es\/clmar\/wp-content\/uploads\/2019\/03\/D.-Ricardo-Fern\u00e1ndez-Amaya-copia-150x150.jpg\" class=\"attachment-thumbnail size-thumbnail\" alt=\"\" srcset=\"https:\/\/www.realclubmaritimomelilla.es\/clmar\/wp-content\/uploads\/2019\/03\/D.-Ricardo-Fern\u00e1ndez-Amaya-copia-50x50.jpg 50w, https:\/\/www.realclubmaritimomelilla.es\/clmar\/wp-content\/uploads\/2019\/03\/D.-Ricardo-Fern\u00e1ndez-Amaya-copia-66x66.jpg 66w, https:\/\/www.realclubmaritimomelilla.es\/clmar\/wp-content\/uploads\/2019\/03\/D.-Ricardo-Fern\u00e1ndez-Amaya-copia-150x150.jpg 150w, https:\/\/www.realclubmaritimomelilla.es\/clmar\/wp-content\/uploads\/2019\/03\/D.-Ricardo-Fern\u00e1ndez-Amaya-copia-300x300.jpg 300w\" sizes=\"(max-width: 150px) 100vw, 150px\" \/><\/a>\n\t\t\t<\/dt><\/dl><dl class='gallery-item'>\n\t\t\t<dt class='gallery-icon landscape'>\n\t\t\t\t<a data-rel=\"iLightbox[postimages]\" data-title=\"D\u00aa Antonia Rabaneda Galiana copia\" data-caption=\"\" href='https:\/\/www.realclubmaritimomelilla.es\/clmar\/homenaje-a-los-socios-que-cumplen-cincuenta-anos-como-miembros-del-real-club-maritimo-de-melilla\/da-antonia-rabaneda-galiana-copia\/'><img decoding=\"async\" width=\"150\" height=\"150\" src=\"https:\/\/www.realclubmaritimomelilla.es\/clmar\/wp-content\/uploads\/2019\/03\/D\u00aa-Antonia-Rabaneda-Galiana-copia-150x150.jpg\" class=\"attachment-thumbnail size-thumbnail\" alt=\"\" srcset=\"https:\/\/www.realclubmaritimomelilla.es\/clmar\/wp-content\/uploads\/2019\/03\/D\u00aa-Antonia-Rabaneda-Galiana-copia-50x50.jpg 50w, https:\/\/www.realclubmaritimomelilla.es\/clmar\/wp-content\/uploads\/2019\/03\/D\u00aa-Antonia-Rabaneda-Galiana-copia-66x66.jpg 66w, https:\/\/www.realclubmaritimomelilla.es\/clmar\/wp-content\/uploads\/2019\/03\/D\u00aa-Antonia-Rabaneda-Galiana-copia-150x150.jpg 150w, https:\/\/www.realclubmaritimomelilla.es\/clmar\/wp-content\/uploads\/2019\/03\/D\u00aa-Antonia-Rabaneda-Galiana-copia-300x300.jpg 300w\" sizes=\"(max-width: 150px) 100vw, 150px\" \/><\/a>\n\t\t\t<\/dt><\/dl><br style=\"clear: both\" \/><dl class='gallery-item'>\n\t\t\t<dt class='gallery-icon portrait'>\n\t\t\t\t<a data-rel=\"iLightbox[postimages]\" data-title=\"D\u00aa Carmen Valiente Gonz\u00e1lez copia\" data-caption=\"\" href='https:\/\/www.realclubmaritimomelilla.es\/clmar\/homenaje-a-los-socios-que-cumplen-cincuenta-anos-como-miembros-del-real-club-maritimo-de-melilla\/da-carmen-valiente-gonzalez-copia\/'><img decoding=\"async\" width=\"150\" height=\"150\" src=\"https:\/\/www.realclubmaritimomelilla.es\/clmar\/wp-content\/uploads\/2019\/03\/D\u00aa-Carmen-Valiente-Gonz\u00e1lez-copia-150x150.jpg\" class=\"attachment-thumbnail size-thumbnail\" alt=\"\" srcset=\"https:\/\/www.realclubmaritimomelilla.es\/clmar\/wp-content\/uploads\/2019\/03\/D\u00aa-Carmen-Valiente-Gonz\u00e1lez-copia-50x50.jpg 50w, https:\/\/www.realclubmaritimomelilla.es\/clmar\/wp-content\/uploads\/2019\/03\/D\u00aa-Carmen-Valiente-Gonz\u00e1lez-copia-66x66.jpg 66w, https:\/\/www.realclubmaritimomelilla.es\/clmar\/wp-content\/uploads\/2019\/03\/D\u00aa-Carmen-Valiente-Gonz\u00e1lez-copia-150x150.jpg 150w, https:\/\/www.realclubmaritimomelilla.es\/clmar\/wp-content\/uploads\/2019\/03\/D\u00aa-Carmen-Valiente-Gonz\u00e1lez-copia-300x300.jpg 300w\" sizes=\"(max-width: 150px) 100vw, 150px\" \/><\/a>\n\t\t\t<\/dt><\/dl><dl class='gallery-item'>\n\t\t\t<dt class='gallery-icon portrait'>\n\t\t\t\t<a data-rel=\"iLightbox[postimages]\" data-title=\"D\u00aa. Adela M\u00aa Paradela Arrufat copia\" data-caption=\"\" href='https:\/\/www.realclubmaritimomelilla.es\/clmar\/homenaje-a-los-socios-que-cumplen-cincuenta-anos-como-miembros-del-real-club-maritimo-de-melilla\/da-adela-ma-paradela-arrufat-copia\/'><img decoding=\"async\" width=\"150\" height=\"150\" src=\"https:\/\/www.realclubmaritimomelilla.es\/clmar\/wp-content\/uploads\/2019\/03\/D\u00aa.-Adela-M\u00aa-Paradela-Arrufat-copia-150x150.jpg\" class=\"attachment-thumbnail size-thumbnail\" alt=\"\" srcset=\"https:\/\/www.realclubmaritimomelilla.es\/clmar\/wp-content\/uploads\/2019\/03\/D\u00aa.-Adela-M\u00aa-Paradela-Arrufat-copia-50x50.jpg 50w, https:\/\/www.realclubmaritimomelilla.es\/clmar\/wp-content\/uploads\/2019\/03\/D\u00aa.-Adela-M\u00aa-Paradela-Arrufat-copia-66x66.jpg 66w, https:\/\/www.realclubmaritimomelilla.es\/clmar\/wp-content\/uploads\/2019\/03\/D\u00aa.-Adela-M\u00aa-Paradela-Arrufat-copia-150x150.jpg 150w, https:\/\/www.realclubmaritimomelilla.es\/clmar\/wp-content\/uploads\/2019\/03\/D\u00aa.-Adela-M\u00aa-Paradela-Arrufat-copia-300x300.jpg 300w\" sizes=\"(max-width: 150px) 100vw, 150px\" \/><\/a>\n\t\t\t<\/dt><\/dl><dl class='gallery-item'>\n\t\t\t<dt class='gallery-icon landscape'>\n\t\t\t\t<a data-rel=\"iLightbox[postimages]\" data-title=\"D\u00aa. Josefa Garc\u00eda Gonz\u00e1lez copia\" data-caption=\"\" href='https:\/\/www.realclubmaritimomelilla.es\/clmar\/homenaje-a-los-socios-que-cumplen-cincuenta-anos-como-miembros-del-real-club-maritimo-de-melilla\/da-josefa-garcia-gonzalez-copia\/'><img decoding=\"async\" width=\"150\" height=\"150\" src=\"https:\/\/www.realclubmaritimomelilla.es\/clmar\/wp-content\/uploads\/2019\/03\/D\u00aa.-Josefa-Garc\u00eda-Gonz\u00e1lez-copia-150x150.jpg\" class=\"attachment-thumbnail size-thumbnail\" alt=\"\" srcset=\"https:\/\/www.realclubmaritimomelilla.es\/clmar\/wp-content\/uploads\/2019\/03\/D\u00aa.-Josefa-Garc\u00eda-Gonz\u00e1lez-copia-50x50.jpg 50w, https:\/\/www.realclubmaritimomelilla.es\/clmar\/wp-content\/uploads\/2019\/03\/D\u00aa.-Josefa-Garc\u00eda-Gonz\u00e1lez-copia-66x66.jpg 66w, https:\/\/www.realclubmaritimomelilla.es\/clmar\/wp-content\/uploads\/2019\/03\/D\u00aa.-Josefa-Garc\u00eda-Gonz\u00e1lez-copia-150x150.jpg 150w, https:\/\/www.realclubmaritimomelilla.es\/clmar\/wp-content\/uploads\/2019\/03\/D\u00aa.-Josefa-Garc\u00eda-Gonz\u00e1lez-copia-300x300.jpg 300w\" sizes=\"(max-width: 150px) 100vw, 150px\" \/><\/a>\n\t\t\t<\/dt><\/dl><dl class='gallery-item'>\n\t\t\t<dt class='gallery-icon portrait'>\n\t\t\t\t<a data-rel=\"iLightbox[postimages]\" data-title=\"D\u00aa. Mari CArmen M\u00e1rquez Mateos copia\" data-caption=\"\" href='https:\/\/www.realclubmaritimomelilla.es\/clmar\/homenaje-a-los-socios-que-cumplen-cincuenta-anos-como-miembros-del-real-club-maritimo-de-melilla\/da-mari-carmen-marquez-mateos-copia\/'><img decoding=\"async\" width=\"150\" height=\"150\" src=\"https:\/\/www.realclubmaritimomelilla.es\/clmar\/wp-content\/uploads\/2019\/03\/D\u00aa.-Mari-CArmen-M\u00e1rquez-Mateos-copia-150x150.jpg\" class=\"attachment-thumbnail size-thumbnail\" alt=\"\" srcset=\"https:\/\/www.realclubmaritimomelilla.es\/clmar\/wp-content\/uploads\/2019\/03\/D\u00aa.-Mari-CArmen-M\u00e1rquez-Mateos-copia-50x50.jpg 50w, https:\/\/www.realclubmaritimomelilla.es\/clmar\/wp-content\/uploads\/2019\/03\/D\u00aa.-Mari-CArmen-M\u00e1rquez-Mateos-copia-66x66.jpg 66w, https:\/\/www.realclubmaritimomelilla.es\/clmar\/wp-content\/uploads\/2019\/03\/D\u00aa.-Mari-CArmen-M\u00e1rquez-Mateos-copia-150x150.jpg 150w, https:\/\/www.realclubmaritimomelilla.es\/clmar\/wp-content\/uploads\/2019\/03\/D\u00aa.-Mari-CArmen-M\u00e1rquez-Mateos-copia-300x300.jpg 300w\" sizes=\"(max-width: 150px) 100vw, 150px\" \/><\/a>\n\t\t\t<\/dt><\/dl><br style=\"clear: both\" \/><dl class='gallery-item'>\n\t\t\t<dt class='gallery-icon landscape'>\n\t\t\t\t<a data-rel=\"iLightbox[postimages]\" data-title=\"D\u00aa.Mari Carmen S\u00e1nchez Mart\u00ednez copia\" data-caption=\"\" href='https:\/\/www.realclubmaritimomelilla.es\/clmar\/homenaje-a-los-socios-que-cumplen-cincuenta-anos-como-miembros-del-real-club-maritimo-de-melilla\/da-mari-carmen-sanchez-martinez-copia\/'><img decoding=\"async\" width=\"150\" height=\"150\" src=\"https:\/\/www.realclubmaritimomelilla.es\/clmar\/wp-content\/uploads\/2019\/03\/D\u00aa.Mari-Carmen-S\u00e1nchez-Mart\u00ednez-copia-150x150.jpg\" class=\"attachment-thumbnail size-thumbnail\" alt=\"\" srcset=\"https:\/\/www.realclubmaritimomelilla.es\/clmar\/wp-content\/uploads\/2019\/03\/D\u00aa.Mari-Carmen-S\u00e1nchez-Mart\u00ednez-copia-50x50.jpg 50w, https:\/\/www.realclubmaritimomelilla.es\/clmar\/wp-content\/uploads\/2019\/03\/D\u00aa.Mari-Carmen-S\u00e1nchez-Mart\u00ednez-copia-66x66.jpg 66w, https:\/\/www.realclubmaritimomelilla.es\/clmar\/wp-content\/uploads\/2019\/03\/D\u00aa.Mari-Carmen-S\u00e1nchez-Mart\u00ednez-copia-150x150.jpg 150w, https:\/\/www.realclubmaritimomelilla.es\/clmar\/wp-content\/uploads\/2019\/03\/D\u00aa.Mari-Carmen-S\u00e1nchez-Mart\u00ednez-copia-300x300.jpg 300w\" sizes=\"(max-width: 150px) 100vw, 150px\" \/><\/a>\n\t\t\t<\/dt><\/dl><dl class='gallery-item'>\n\t\t\t<dt class='gallery-icon landscape'>\n\t\t\t\t<a data-rel=\"iLightbox[postimages]\" data-title=\"D\u00ba. Merc\u00e9dez Truzman Gabay copia\" data-caption=\"\" href='https:\/\/www.realclubmaritimomelilla.es\/clmar\/homenaje-a-los-socios-que-cumplen-cincuenta-anos-como-miembros-del-real-club-maritimo-de-melilla\/do-mercedez-truzman-gabay-copia\/'><img decoding=\"async\" width=\"150\" height=\"150\" src=\"https:\/\/www.realclubmaritimomelilla.es\/clmar\/wp-content\/uploads\/2019\/03\/D\u00ba.-Merc\u00e9dez-Truzman-Gabay-copia-150x150.jpg\" class=\"attachment-thumbnail size-thumbnail\" alt=\"\" srcset=\"https:\/\/www.realclubmaritimomelilla.es\/clmar\/wp-content\/uploads\/2019\/03\/D\u00ba.-Merc\u00e9dez-Truzman-Gabay-copia-50x50.jpg 50w, https:\/\/www.realclubmaritimomelilla.es\/clmar\/wp-content\/uploads\/2019\/03\/D\u00ba.-Merc\u00e9dez-Truzman-Gabay-copia-66x66.jpg 66w, https:\/\/www.realclubmaritimomelilla.es\/clmar\/wp-content\/uploads\/2019\/03\/D\u00ba.-Merc\u00e9dez-Truzman-Gabay-copia-150x150.jpg 150w, https:\/\/www.realclubmaritimomelilla.es\/clmar\/wp-content\/uploads\/2019\/03\/D\u00ba.-Merc\u00e9dez-Truzman-Gabay-copia-300x300.jpg 300w\" sizes=\"(max-width: 150px) 100vw, 150px\" \/><\/a>\n\t\t\t<\/dt><\/dl><dl class='gallery-item'>\n\t\t\t<dt class='gallery-icon landscape'>\n\t\t\t\t<a data-rel=\"iLightbox[postimages]\" data-title=\"Socios de Honor 2019 copia\" data-caption=\"\" href='https:\/\/www.realclubmaritimomelilla.es\/clmar\/homenaje-a-los-socios-que-cumplen-cincuenta-anos-como-miembros-del-real-club-maritimo-de-melilla\/socios-de-honor-2019-copia\/'><img decoding=\"async\" width=\"150\" height=\"150\" src=\"https:\/\/www.realclubmaritimomelilla.es\/clmar\/wp-content\/uploads\/2019\/03\/Socios-de-Honor-2019-copia-150x150.jpg\" class=\"attachment-thumbnail size-thumbnail\" alt=\"\" srcset=\"https:\/\/www.realclubmaritimomelilla.es\/clmar\/wp-content\/uploads\/2019\/03\/Socios-de-Honor-2019-copia-50x50.jpg 50w, https:\/\/www.realclubmaritimomelilla.es\/clmar\/wp-content\/uploads\/2019\/03\/Socios-de-Honor-2019-copia-66x66.jpg 66w, https:\/\/www.realclubmaritimomelilla.es\/clmar\/wp-content\/uploads\/2019\/03\/Socios-de-Honor-2019-copia-150x150.jpg 150w, https:\/\/www.realclubmaritimomelilla.es\/clmar\/wp-content\/uploads\/2019\/03\/Socios-de-Honor-2019-copia-300x300.jpg 300w\" sizes=\"(max-width: 150px) 100vw, 150px\" \/><\/a>\n\t\t\t<\/dt><\/dl>\n\t\t\t<br style='clear: both' \/>\n\t\t<\/div>\n\n\n\t\t<style type=\"text\/css\">\n\t\t\t#gallery-2 {\n\t\t\t\tmargin: auto;\n\t\t\t}\n\t\t\t#gallery-2 .gallery-item {\n\t\t\t\tfloat: left;\n\t\t\t\tmargin-top: 10px;\n\t\t\t\ttext-align: center;\n\t\t\t\twidth: 33%;\n\t\t\t}\n\t\t\t#gallery-2 img {\n\t\t\t\tborder: 2px solid #cfcfcf;\n\t\t\t}\n\t\t\t#gallery-2 .gallery-caption {\n\t\t\t\tmargin-left: 0;\n\t\t\t}\n\t\t\t\/* see gallery_shortcode() in wp-includes\/media.php *\/\n\t\t<\/style>\n\t\t<div id='gallery-2' class='gallery galleryid-14294 gallery-columns-3 gallery-size-thumbnail'><dl class='gallery-item'>\n\t\t\t<dt class='gallery-icon portrait'>\n\t\t\t\t<a data-rel=\"iLightbox[postimages]\" data-title=\"D\u00aa. CArmen Luque Guzm\u00e1n copia\" data-caption=\"\" href='https:\/\/www.realclubmaritimomelilla.es\/clmar\/homenaje-a-los-socios-que-cumplen-cincuenta-anos-como-miembros-del-real-club-maritimo-de-melilla\/da-carmen-luque-guzman-copia-2\/'><img decoding=\"async\" width=\"150\" height=\"150\" src=\"https:\/\/www.realclubmaritimomelilla.es\/clmar\/wp-content\/uploads\/2019\/03\/D\u00aa.-CArmen-Luque-Guzm\u00e1n-copia-1-150x150.jpg\" class=\"attachment-thumbnail size-thumbnail\" alt=\"\" srcset=\"https:\/\/www.realclubmaritimomelilla.es\/clmar\/wp-content\/uploads\/2019\/03\/D\u00aa.-CArmen-Luque-Guzm\u00e1n-copia-1-50x50.jpg 50w, https:\/\/www.realclubmaritimomelilla.es\/clmar\/wp-content\/uploads\/2019\/03\/D\u00aa.-CArmen-Luque-Guzm\u00e1n-copia-1-66x66.jpg 66w, https:\/\/www.realclubmaritimomelilla.es\/clmar\/wp-content\/uploads\/2019\/03\/D\u00aa.-CArmen-Luque-Guzm\u00e1n-copia-1-150x150.jpg 150w, https:\/\/www.realclubmaritimomelilla.es\/clmar\/wp-content\/uploads\/2019\/03\/D\u00aa.-CArmen-Luque-Guzm\u00e1n-copia-1-300x300.jpg 300w, https:\/\/www.realclubmaritimomelilla.es\/clmar\/wp-content\/uploads\/2019\/03\/D\u00aa.-CArmen-Luque-Guzm\u00e1n-copia-1-600x601.jpg 600w, https:\/\/www.realclubmaritimomelilla.es\/clmar\/wp-content\/uploads\/2019\/03\/D\u00aa.-CArmen-Luque-Guzm\u00e1n-copia-1-768x770.jpg 768w, https:\/\/www.realclubmaritimomelilla.es\/clmar\/wp-content\/uploads\/2019\/03\/D\u00aa.-CArmen-Luque-Guzm\u00e1n-copia-1-1022x1024.jpg 1022w\" sizes=\"(max-width: 150px) 100vw, 150px\" \/><\/a>\n\t\t\t<\/dt><\/dl>\n\t\t\t<br style='clear: both' \/>\n\t\t<\/div>\n\n<p>El Real Club Mar\u00edtimo de Melilla ha vivido este domingo, una de las jornadas m\u00e1s especiales de este a\u00f1o. Se ha procedido a la imposici\u00f3n de la insignia de oro a todos aquellos socios que en los \u00faltimos meses han alcanzado la cifra de cincuenta a\u00f1os como socios numerarios de la entidad.<\/p>\n<p>Un acto que se ha desarrollado en la Sala de Conferencias, para despu\u00e9s en el restaurante &#8216;5 Sentidos&#8217; participar en un almuerzo de homenaje a \u00e9stos socios.<\/p>\n<p>El presidente del Real Club Mar\u00edtimo de Melilla, Jos\u00e9 Manuel Calzado, ha dado la bienvenida al acto a todos ellos, junto a sus familiares y amigos, para recordar que todos estos socios y socias han visto la evoluci\u00f3n de la entidad durante este \u00faltimo medio siglo. Hoy se ha homenajeado a socios que comenzaron a tener la condici\u00f3n de socio numerario en el a\u00f1o 1969, aunque hab\u00eda dos excepciones que hab\u00edan ingresado antes en el Club Mar\u00edtimo, pero por distintos motivos no han cumplido hasta ahora esos cincuenta a\u00f1os como socios.<\/p>\n<p>Los socios que reciben este a\u00f1o la insignia de oro son Mari Carmen Luque Guzm\u00e1n, Esteban Olivares del Rey, Mari Carmen S\u00e1nchez Mart\u00ednez, Cecilio Molina L\u00f3pez, Josefa Garc\u00eda Gonz\u00e1lez, Ram\u00f3n Imbroda Mart\u00edn, Jos\u00e9 Mar\u00eda Dom\u00ednguez Ca\u00f1amaque, Adelaida D\u00edaz G\u00e1lvez, Jos\u00e9 Mar\u00eda Aragon\u00e9s Torralba, Miguel Mar\u00edn Rodr\u00edguez, Jos\u00e9 Emilio P\u00e9rez Erades, Carlos Rubio Bravo, Carmen Valiente Gonz\u00e1lez, Antonia Rabaneda Galiana, Mari Carmen M\u00e1rquez Mateos, Adela Paradela Arrufat y Ricardo Fern\u00e1ndez Amaya. Adem\u00e1s, Mari Carmen Alvarez Navarro y Mercedes Truzman Gabay tambi\u00e9n la han recibido, dado que el a\u00f1o que les correspond\u00eda no pudieron acudir al acto.<\/p>\n<p>En total se han impuesto diecinueve insignias de oro, mientras que cinco socios que les correspond\u00eda este a\u00f1o no han podido acudir a la cita.<\/p>\n<p>Este a\u00f1o es la decimos tercera edici\u00f3n de este acto social en el Real Club Maritimo de Melilla, que este a\u00f1o celebra su setenta y cinco aniversario.<\/p>\n","protected":false},"excerpt":{"rendered":"<p>El Real Club Mar\u00edtimo de Melilla ha vivido este domingo, una de las jornadas m\u00e1s especiales de este a\u00f1o. Se ha procedido a la imposici\u00f3n de la insignia de oro a todos aquellos socios que en los \u00faltimos meses han alcanzado la cifra de cincuenta a\u00f1os como socios numerarios de la entidad. Un acto que [&hellip;]<\/p>\n","protected":false},"author":1,"featured_media":14314,"comment_status":"open","ping_status":"open","sticky":false,"template":"","format":"standard","meta":{"_acf_changed":false,"footnotes":""},"categories":[39,40],"tags":[],"class_list":["post-14294","post","type-post","status-publish","format-standard","has-post-thumbnail","hentry","category-celebraciones","category-club"],"acf":[],"yoast_head":"<!-- This site is optimized with the Yoast SEO plugin v27.5 - https:\/\/yoast.com\/product\/yoast-seo-wordpress\/ -->\n<title>HOMENAJE A LOS SOCIOS QUE CUMPLEN CINCUENTA A\u00d1OS COMO MIEMBROS DEL REAL CLUB MAR\u00cdTIMO DE MELILLA - Real Club Mar\u00edtimo de Melilla<\/title>\n<meta name=\"description\" content=\"HOMENAJE A LOS SOCIOS QUE CUMPLEN CINCUENTA A\u00d1OS COMO MIEMBROS DEL REAL CLUB MAR\u00cdTIMO DE MELILLA -\" \/>\n<meta name=\"robots\" content=\"index, follow, max-snippet:-1, max-image-preview:large, max-video-preview:-1\" \/>\n<link rel=\"canonical\" href=\"https:\/\/www.realclubmaritimomelilla.es\/clmar\/homenaje-a-los-socios-que-cumplen-cincuenta-anos-como-miembros-del-real-club-maritimo-de-melilla\/\" \/>\n<meta property=\"og:locale\" content=\"es_ES\" \/>\n<meta property=\"og:type\" content=\"article\" \/>\n<meta property=\"og:title\" content=\"HOMENAJE A LOS SOCIOS QUE CUMPLEN CINCUENTA A\u00d1OS COMO MIEMBROS DEL REAL CLUB MAR\u00cdTIMO DE MELILLA - Real Club Mar\u00edtimo de Melilla\" \/>\n<meta property=\"og:description\" content=\"HOMENAJE A LOS SOCIOS QUE CUMPLEN CINCUENTA A\u00d1OS COMO MIEMBROS DEL REAL CLUB MAR\u00cdTIMO DE MELILLA -\" \/>\n<meta property=\"og:url\" content=\"https:\/\/www.realclubmaritimomelilla.es\/clmar\/homenaje-a-los-socios-que-cumplen-cincuenta-anos-como-miembros-del-real-club-maritimo-de-melilla\/\" \/>\n<meta property=\"og:site_name\" content=\"Real Club Mar\u00edtimo de Melilla\" \/>\n<meta property=\"article:publisher\" content=\"https:\/\/www.facebook.com\/Real-Club-Mar%c3%adtimo-de-Melilla-588495841234214\/\" \/>\n<meta property=\"article:published_time\" content=\"2019-03-24T17:36:38+00:00\" \/>\n<meta property=\"og:image\" content=\"https:\/\/www.realclubmaritimomelilla.es\/clmar\/wp-content\/uploads\/2019\/03\/Socios-de-Honor-2019-copia.jpg\" \/>\n\t<meta property=\"og:image:width\" content=\"2126\" \/>\n\t<meta property=\"og:image:height\" content=\"1359\" \/>\n\t<meta property=\"og:image:type\" content=\"image\/jpeg\" \/>\n<meta name=\"author\" content=\"RCMMelilla\" \/>\n<meta name=\"twitter:card\" content=\"summary_large_image\" \/>\n<meta name=\"twitter:creator\" content=\"@nauticarcmm\" \/>\n<meta name=\"twitter:site\" content=\"@nauticarcmm\" \/>\n<meta name=\"twitter:label1\" content=\"Escrito por\" \/>\n\t<meta name=\"twitter:data1\" content=\"RCMMelilla\" \/>\n\t<meta name=\"twitter:label2\" content=\"Tiempo de lectura\" \/>\n\t<meta name=\"twitter:data2\" content=\"2 minutos\" \/>\n<script type=\"application\/ld+json\" class=\"yoast-schema-graph\">{\"@context\":\"https:\\\/\\\/schema.org\",\"@graph\":[{\"@type\":\"Article\",\"@id\":\"https:\\\/\\\/www.realclubmaritimomelilla.es\\\/clmar\\\/homenaje-a-los-socios-que-cumplen-cincuenta-anos-como-miembros-del-real-club-maritimo-de-melilla\\\/#article\",\"isPartOf\":{\"@id\":\"https:\\\/\\\/www.realclubmaritimomelilla.es\\\/clmar\\\/homenaje-a-los-socios-que-cumplen-cincuenta-anos-como-miembros-del-real-club-maritimo-de-melilla\\\/\"},\"author\":{\"name\":\"RCMMelilla\",\"@id\":\"https:\\\/\\\/www.realclubmaritimomelilla.es\\\/clmar\\\/#\\\/schema\\\/person\\\/ebaa3713496dc6d48c872452e73a8e79\"},\"headline\":\"HOMENAJE A LOS SOCIOS QUE CUMPLEN CINCUENTA A\u00d1OS COMO MIEMBROS DEL REAL CLUB MAR\u00cdTIMO DE MELILLA\",\"datePublished\":\"2019-03-24T17:36:38+00:00\",\"mainEntityOfPage\":{\"@id\":\"https:\\\/\\\/www.realclubmaritimomelilla.es\\\/clmar\\\/homenaje-a-los-socios-que-cumplen-cincuenta-anos-como-miembros-del-real-club-maritimo-de-melilla\\\/\"},\"wordCount\":383,\"commentCount\":0,\"publisher\":{\"@id\":\"https:\\\/\\\/www.realclubmaritimomelilla.es\\\/clmar\\\/#organization\"},\"image\":{\"@id\":\"https:\\\/\\\/www.realclubmaritimomelilla.es\\\/clmar\\\/homenaje-a-los-socios-que-cumplen-cincuenta-anos-como-miembros-del-real-club-maritimo-de-melilla\\\/#primaryimage\"},\"thumbnailUrl\":\"https:\\\/\\\/www.realclubmaritimomelilla.es\\\/clmar\\\/wp-content\\\/uploads\\\/2019\\\/03\\\/Socios-de-Honor-2019-copia.jpg\",\"articleSection\":[\"Celebraciones\",\"Club\"],\"inLanguage\":\"es\",\"potentialAction\":[{\"@type\":\"CommentAction\",\"name\":\"Comment\",\"target\":[\"https:\\\/\\\/www.realclubmaritimomelilla.es\\\/clmar\\\/homenaje-a-los-socios-que-cumplen-cincuenta-anos-como-miembros-del-real-club-maritimo-de-melilla\\\/#respond\"]}]},{\"@type\":\"WebPage\",\"@id\":\"https:\\\/\\\/www.realclubmaritimomelilla.es\\\/clmar\\\/homenaje-a-los-socios-que-cumplen-cincuenta-anos-como-miembros-del-real-club-maritimo-de-melilla\\\/\",\"url\":\"https:\\\/\\\/www.realclubmaritimomelilla.es\\\/clmar\\\/homenaje-a-los-socios-que-cumplen-cincuenta-anos-como-miembros-del-real-club-maritimo-de-melilla\\\/\",\"name\":\"HOMENAJE A LOS SOCIOS QUE CUMPLEN CINCUENTA A\u00d1OS COMO MIEMBROS DEL REAL CLUB MAR\u00cdTIMO DE MELILLA - Real Club Mar\u00edtimo de Melilla\",\"isPartOf\":{\"@id\":\"https:\\\/\\\/www.realclubmaritimomelilla.es\\\/clmar\\\/#website\"},\"primaryImageOfPage\":{\"@id\":\"https:\\\/\\\/www.realclubmaritimomelilla.es\\\/clmar\\\/homenaje-a-los-socios-que-cumplen-cincuenta-anos-como-miembros-del-real-club-maritimo-de-melilla\\\/#primaryimage\"},\"image\":{\"@id\":\"https:\\\/\\\/www.realclubmaritimomelilla.es\\\/clmar\\\/homenaje-a-los-socios-que-cumplen-cincuenta-anos-como-miembros-del-real-club-maritimo-de-melilla\\\/#primaryimage\"},\"thumbnailUrl\":\"https:\\\/\\\/www.realclubmaritimomelilla.es\\\/clmar\\\/wp-content\\\/uploads\\\/2019\\\/03\\\/Socios-de-Honor-2019-copia.jpg\",\"datePublished\":\"2019-03-24T17:36:38+00:00\",\"description\":\"HOMENAJE A LOS SOCIOS QUE CUMPLEN CINCUENTA A\u00d1OS COMO MIEMBROS DEL REAL CLUB MAR\u00cdTIMO DE MELILLA -\",\"breadcrumb\":{\"@id\":\"https:\\\/\\\/www.realclubmaritimomelilla.es\\\/clmar\\\/homenaje-a-los-socios-que-cumplen-cincuenta-anos-como-miembros-del-real-club-maritimo-de-melilla\\\/#breadcrumb\"},\"inLanguage\":\"es\",\"potentialAction\":[{\"@type\":\"ReadAction\",\"target\":[\"https:\\\/\\\/www.realclubmaritimomelilla.es\\\/clmar\\\/homenaje-a-los-socios-que-cumplen-cincuenta-anos-como-miembros-del-real-club-maritimo-de-melilla\\\/\"]}]},{\"@type\":\"ImageObject\",\"inLanguage\":\"es\",\"@id\":\"https:\\\/\\\/www.realclubmaritimomelilla.es\\\/clmar\\\/homenaje-a-los-socios-que-cumplen-cincuenta-anos-como-miembros-del-real-club-maritimo-de-melilla\\\/#primaryimage\",\"url\":\"https:\\\/\\\/www.realclubmaritimomelilla.es\\\/clmar\\\/wp-content\\\/uploads\\\/2019\\\/03\\\/Socios-de-Honor-2019-copia.jpg\",\"contentUrl\":\"https:\\\/\\\/www.realclubmaritimomelilla.es\\\/clmar\\\/wp-content\\\/uploads\\\/2019\\\/03\\\/Socios-de-Honor-2019-copia.jpg\",\"width\":2126,\"height\":1359},{\"@type\":\"BreadcrumbList\",\"@id\":\"https:\\\/\\\/www.realclubmaritimomelilla.es\\\/clmar\\\/homenaje-a-los-socios-que-cumplen-cincuenta-anos-como-miembros-del-real-club-maritimo-de-melilla\\\/#breadcrumb\",\"itemListElement\":[{\"@type\":\"ListItem\",\"position\":1,\"name\":\"Portada\",\"item\":\"https:\\\/\\\/www.realclubmaritimomelilla.es\\\/clmar\\\/\"},{\"@type\":\"ListItem\",\"position\":2,\"name\":\"HOMENAJE A LOS SOCIOS QUE CUMPLEN CINCUENTA A\u00d1OS COMO MIEMBROS DEL REAL CLUB MAR\u00cdTIMO DE MELILLA\"}]},{\"@type\":\"WebSite\",\"@id\":\"https:\\\/\\\/www.realclubmaritimomelilla.es\\\/clmar\\\/#website\",\"url\":\"https:\\\/\\\/www.realclubmaritimomelilla.es\\\/clmar\\\/\",\"name\":\"Real Club Mar\u00edtimo de Melilla\",\"description\":\"RCMM\",\"publisher\":{\"@id\":\"https:\\\/\\\/www.realclubmaritimomelilla.es\\\/clmar\\\/#organization\"},\"alternateName\":\"RCMM\",\"potentialAction\":[{\"@type\":\"SearchAction\",\"target\":{\"@type\":\"EntryPoint\",\"urlTemplate\":\"https:\\\/\\\/www.realclubmaritimomelilla.es\\\/clmar\\\/?s={search_term_string}\"},\"query-input\":{\"@type\":\"PropertyValueSpecification\",\"valueRequired\":true,\"valueName\":\"search_term_string\"}}],\"inLanguage\":\"es\"},{\"@type\":\"Organization\",\"@id\":\"https:\\\/\\\/www.realclubmaritimomelilla.es\\\/clmar\\\/#organization\",\"name\":\"Real Club Mar\u00edtimo de Melilla\",\"alternateName\":\"RCMM\",\"url\":\"https:\\\/\\\/www.realclubmaritimomelilla.es\\\/clmar\\\/\",\"logo\":{\"@type\":\"ImageObject\",\"inLanguage\":\"es\",\"@id\":\"https:\\\/\\\/www.realclubmaritimomelilla.es\\\/clmar\\\/#\\\/schema\\\/logo\\\/image\\\/\",\"url\":\"https:\\\/\\\/www.realclubmaritimomelilla.es\\\/clmar\\\/wp-content\\\/uploads\\\/logo-club-original-copia.jpg\",\"contentUrl\":\"https:\\\/\\\/www.realclubmaritimomelilla.es\\\/clmar\\\/wp-content\\\/uploads\\\/logo-club-original-copia.jpg\",\"width\":128,\"height\":89,\"caption\":\"Real Club Mar\u00edtimo de Melilla\"},\"image\":{\"@id\":\"https:\\\/\\\/www.realclubmaritimomelilla.es\\\/clmar\\\/#\\\/schema\\\/logo\\\/image\\\/\"},\"sameAs\":[\"https:\\\/\\\/www.facebook.com\\\/Real-Club-Mar\u00edtimo-de-Melilla-588495841234214\\\/\",\"https:\\\/\\\/x.com\\\/nauticarcmm\",\"https:\\\/\\\/www.instagram.com\\\/club_maritimo_melilla\\\/\",\"https:\\\/\\\/www.youtube.com\\\/@realclubmaritimodemelilla4703\",\"https:\\\/\\\/es.wikipedia.org\\\/wiki\\\/Real_Club_Mar\u00edtimo_de_Melilla\"]},{\"@type\":\"Person\",\"@id\":\"https:\\\/\\\/www.realclubmaritimomelilla.es\\\/clmar\\\/#\\\/schema\\\/person\\\/ebaa3713496dc6d48c872452e73a8e79\",\"name\":\"RCMMelilla\",\"image\":{\"@type\":\"ImageObject\",\"inLanguage\":\"es\",\"@id\":\"https:\\\/\\\/secure.gravatar.com\\\/avatar\\\/df1c24789360fb9308735c4ee556fc2bc5bf924bf01e53043b8b97ba272da33c?s=96&d=mm&r=g\",\"url\":\"https:\\\/\\\/secure.gravatar.com\\\/avatar\\\/df1c24789360fb9308735c4ee556fc2bc5bf924bf01e53043b8b97ba272da33c?s=96&d=mm&r=g\",\"contentUrl\":\"https:\\\/\\\/secure.gravatar.com\\\/avatar\\\/df1c24789360fb9308735c4ee556fc2bc5bf924bf01e53043b8b97ba272da33c?s=96&d=mm&r=g\",\"caption\":\"RCMMelilla\"}}]}<\/script>\n<!-- \/ Yoast SEO plugin. -->","yoast_head_json":{"title":"HOMENAJE A LOS SOCIOS QUE CUMPLEN CINCUENTA A\u00d1OS COMO MIEMBROS DEL REAL CLUB MAR\u00cdTIMO DE MELILLA - Real Club Mar\u00edtimo de Melilla","description":"HOMENAJE A LOS SOCIOS QUE CUMPLEN CINCUENTA A\u00d1OS COMO MIEMBROS DEL REAL CLUB MAR\u00cdTIMO DE MELILLA -","robots":{"index":"index","follow":"follow","max-snippet":"max-snippet:-1","max-image-preview":"max-image-preview:large","max-video-preview":"max-video-preview:-1"},"canonical":"https:\/\/www.realclubmaritimomelilla.es\/clmar\/homenaje-a-los-socios-que-cumplen-cincuenta-anos-como-miembros-del-real-club-maritimo-de-melilla\/","og_locale":"es_ES","og_type":"article","og_title":"HOMENAJE A LOS SOCIOS QUE CUMPLEN CINCUENTA A\u00d1OS COMO MIEMBROS DEL REAL CLUB MAR\u00cdTIMO DE MELILLA - Real Club Mar\u00edtimo de Melilla","og_description":"HOMENAJE A LOS SOCIOS QUE CUMPLEN CINCUENTA A\u00d1OS COMO MIEMBROS DEL REAL CLUB MAR\u00cdTIMO DE MELILLA -","og_url":"https:\/\/www.realclubmaritimomelilla.es\/clmar\/homenaje-a-los-socios-que-cumplen-cincuenta-anos-como-miembros-del-real-club-maritimo-de-melilla\/","og_site_name":"Real Club Mar\u00edtimo de Melilla","article_publisher":"https:\/\/www.facebook.com\/Real-Club-Mar%c3%adtimo-de-Melilla-588495841234214\/","article_published_time":"2019-03-24T17:36:38+00:00","og_image":[{"width":2126,"height":1359,"url":"https:\/\/www.realclubmaritimomelilla.es\/clmar\/wp-content\/uploads\/2019\/03\/Socios-de-Honor-2019-copia.jpg","type":"image\/jpeg"}],"author":"RCMMelilla","twitter_card":"summary_large_image","twitter_creator":"@nauticarcmm","twitter_site":"@nauticarcmm","twitter_misc":{"Escrito por":"RCMMelilla","Tiempo de lectura":"2 minutos"},"schema":{"@context":"https:\/\/schema.org","@graph":[{"@type":"Article","@id":"https:\/\/www.realclubmaritimomelilla.es\/clmar\/homenaje-a-los-socios-que-cumplen-cincuenta-anos-como-miembros-del-real-club-maritimo-de-melilla\/#article","isPartOf":{"@id":"https:\/\/www.realclubmaritimomelilla.es\/clmar\/homenaje-a-los-socios-que-cumplen-cincuenta-anos-como-miembros-del-real-club-maritimo-de-melilla\/"},"author":{"name":"RCMMelilla","@id":"https:\/\/www.realclubmaritimomelilla.es\/clmar\/#\/schema\/person\/ebaa3713496dc6d48c872452e73a8e79"},"headline":"HOMENAJE A LOS SOCIOS QUE CUMPLEN CINCUENTA A\u00d1OS COMO MIEMBROS DEL REAL CLUB MAR\u00cdTIMO DE MELILLA","datePublished":"2019-03-24T17:36:38+00:00","mainEntityOfPage":{"@id":"https:\/\/www.realclubmaritimomelilla.es\/clmar\/homenaje-a-los-socios-que-cumplen-cincuenta-anos-como-miembros-del-real-club-maritimo-de-melilla\/"},"wordCount":383,"commentCount":0,"publisher":{"@id":"https:\/\/www.realclubmaritimomelilla.es\/clmar\/#organization"},"image":{"@id":"https:\/\/www.realclubmaritimomelilla.es\/clmar\/homenaje-a-los-socios-que-cumplen-cincuenta-anos-como-miembros-del-real-club-maritimo-de-melilla\/#primaryimage"},"thumbnailUrl":"https:\/\/www.realclubmaritimomelilla.es\/clmar\/wp-content\/uploads\/2019\/03\/Socios-de-Honor-2019-copia.jpg","articleSection":["Celebraciones","Club"],"inLanguage":"es","potentialAction":[{"@type":"CommentAction","name":"Comment","target":["https:\/\/www.realclubmaritimomelilla.es\/clmar\/homenaje-a-los-socios-que-cumplen-cincuenta-anos-como-miembros-del-real-club-maritimo-de-melilla\/#respond"]}]},{"@type":"WebPage","@id":"https:\/\/www.realclubmaritimomelilla.es\/clmar\/homenaje-a-los-socios-que-cumplen-cincuenta-anos-como-miembros-del-real-club-maritimo-de-melilla\/","url":"https:\/\/www.realclubmaritimomelilla.es\/clmar\/homenaje-a-los-socios-que-cumplen-cincuenta-anos-como-miembros-del-real-club-maritimo-de-melilla\/","name":"HOMENAJE A LOS SOCIOS QUE CUMPLEN CINCUENTA A\u00d1OS COMO MIEMBROS DEL REAL CLUB MAR\u00cdTIMO DE MELILLA - Real Club Mar\u00edtimo de Melilla","isPartOf":{"@id":"https:\/\/www.realclubmaritimomelilla.es\/clmar\/#website"},"primaryImageOfPage":{"@id":"https:\/\/www.realclubmaritimomelilla.es\/clmar\/homenaje-a-los-socios-que-cumplen-cincuenta-anos-como-miembros-del-real-club-maritimo-de-melilla\/#primaryimage"},"image":{"@id":"https:\/\/www.realclubmaritimomelilla.es\/clmar\/homenaje-a-los-socios-que-cumplen-cincuenta-anos-como-miembros-del-real-club-maritimo-de-melilla\/#primaryimage"},"thumbnailUrl":"https:\/\/www.realclubmaritimomelilla.es\/clmar\/wp-content\/uploads\/2019\/03\/Socios-de-Honor-2019-copia.jpg","datePublished":"2019-03-24T17:36:38+00:00","description":"HOMENAJE A LOS SOCIOS QUE CUMPLEN CINCUENTA A\u00d1OS COMO MIEMBROS DEL REAL CLUB MAR\u00cdTIMO DE MELILLA -","breadcrumb":{"@id":"https:\/\/www.realclubmaritimomelilla.es\/clmar\/homenaje-a-los-socios-que-cumplen-cincuenta-anos-como-miembros-del-real-club-maritimo-de-melilla\/#breadcrumb"},"inLanguage":"es","potentialAction":[{"@type":"ReadAction","target":["https:\/\/www.realclubmaritimomelilla.es\/clmar\/homenaje-a-los-socios-que-cumplen-cincuenta-anos-como-miembros-del-real-club-maritimo-de-melilla\/"]}]},{"@type":"ImageObject","inLanguage":"es","@id":"https:\/\/www.realclubmaritimomelilla.es\/clmar\/homenaje-a-los-socios-que-cumplen-cincuenta-anos-como-miembros-del-real-club-maritimo-de-melilla\/#primaryimage","url":"https:\/\/www.realclubmaritimomelilla.es\/clmar\/wp-content\/uploads\/2019\/03\/Socios-de-Honor-2019-copia.jpg","contentUrl":"https:\/\/www.realclubmaritimomelilla.es\/clmar\/wp-content\/uploads\/2019\/03\/Socios-de-Honor-2019-copia.jpg","width":2126,"height":1359},{"@type":"BreadcrumbList","@id":"https:\/\/www.realclubmaritimomelilla.es\/clmar\/homenaje-a-los-socios-que-cumplen-cincuenta-anos-como-miembros-del-real-club-maritimo-de-melilla\/#breadcrumb","itemListElement":[{"@type":"ListItem","position":1,"name":"Portada","item":"https:\/\/www.realclubmaritimomelilla.es\/clmar\/"},{"@type":"ListItem","position":2,"name":"HOMENAJE A LOS SOCIOS QUE CUMPLEN CINCUENTA A\u00d1OS COMO MIEMBROS DEL REAL CLUB MAR\u00cdTIMO DE MELILLA"}]},{"@type":"WebSite","@id":"https:\/\/www.realclubmaritimomelilla.es\/clmar\/#website","url":"https:\/\/www.realclubmaritimomelilla.es\/clmar\/","name":"Real Club Mar\u00edtimo de Melilla","description":"RCMM","publisher":{"@id":"https:\/\/www.realclubmaritimomelilla.es\/clmar\/#organization"},"alternateName":"RCMM","potentialAction":[{"@type":"SearchAction","target":{"@type":"EntryPoint","urlTemplate":"https:\/\/www.realclubmaritimomelilla.es\/clmar\/?s={search_term_string}"},"query-input":{"@type":"PropertyValueSpecification","valueRequired":true,"valueName":"search_term_string"}}],"inLanguage":"es"},{"@type":"Organization","@id":"https:\/\/www.realclubmaritimomelilla.es\/clmar\/#organization","name":"Real Club Mar\u00edtimo de Melilla","alternateName":"RCMM","url":"https:\/\/www.realclubmaritimomelilla.es\/clmar\/","logo":{"@type":"ImageObject","inLanguage":"es","@id":"https:\/\/www.realclubmaritimomelilla.es\/clmar\/#\/schema\/logo\/image\/","url":"https:\/\/www.realclubmaritimomelilla.es\/clmar\/wp-content\/uploads\/logo-club-original-copia.jpg","contentUrl":"https:\/\/www.realclubmaritimomelilla.es\/clmar\/wp-content\/uploads\/logo-club-original-copia.jpg","width":128,"height":89,"caption":"Real Club Mar\u00edtimo de Melilla"},"image":{"@id":"https:\/\/www.realclubmaritimomelilla.es\/clmar\/#\/schema\/logo\/image\/"},"sameAs":["https:\/\/www.facebook.com\/Real-Club-Mar\u00edtimo-de-Melilla-588495841234214\/","https:\/\/x.com\/nauticarcmm","https:\/\/www.instagram.com\/club_maritimo_melilla\/","https:\/\/www.youtube.com\/@realclubmaritimodemelilla4703","https:\/\/es.wikipedia.org\/wiki\/Real_Club_Mar\u00edtimo_de_Melilla"]},{"@type":"Person","@id":"https:\/\/www.realclubmaritimomelilla.es\/clmar\/#\/schema\/person\/ebaa3713496dc6d48c872452e73a8e79","name":"RCMMelilla","image":{"@type":"ImageObject","inLanguage":"es","@id":"https:\/\/secure.gravatar.com\/avatar\/df1c24789360fb9308735c4ee556fc2bc5bf924bf01e53043b8b97ba272da33c?s=96&d=mm&r=g","url":"https:\/\/secure.gravatar.com\/avatar\/df1c24789360fb9308735c4ee556fc2bc5bf924bf01e53043b8b97ba272da33c?s=96&d=mm&r=g","contentUrl":"https:\/\/secure.gravatar.com\/avatar\/df1c24789360fb9308735c4ee556fc2bc5bf924bf01e53043b8b97ba272da33c?s=96&d=mm&r=g","caption":"RCMMelilla"}}]}},"_links":{"self":[{"href":"https:\/\/www.realclubmaritimomelilla.es\/clmar\/wp-json\/wp\/v2\/posts\/14294","targetHints":{"allow":["GET"]}}],"collection":[{"href":"https:\/\/www.realclubmaritimomelilla.es\/clmar\/wp-json\/wp\/v2\/posts"}],"about":[{"href":"https:\/\/www.realclubmaritimomelilla.es\/clmar\/wp-json\/wp\/v2\/types\/post"}],"author":[{"embeddable":true,"href":"https:\/\/www.realclubmaritimomelilla.es\/clmar\/wp-json\/wp\/v2\/users\/1"}],"replies":[{"embeddable":true,"href":"https:\/\/www.realclubmaritimomelilla.es\/clmar\/wp-json\/wp\/v2\/comments?post=14294"}],"version-history":[{"count":1,"href":"https:\/\/www.realclubmaritimomelilla.es\/clmar\/wp-json\/wp\/v2\/posts\/14294\/revisions"}],"predecessor-version":[{"id":14316,"href":"https:\/\/www.realclubmaritimomelilla.es\/clmar\/wp-json\/wp\/v2\/posts\/14294\/revisions\/14316"}],"wp:featuredmedia":[{"embeddable":true,"href":"https:\/\/www.realclubmaritimomelilla.es\/clmar\/wp-json\/wp\/v2\/media\/14314"}],"wp:attachment":[{"href":"https:\/\/www.realclubmaritimomelilla.es\/clmar\/wp-json\/wp\/v2\/media?parent=14294"}],"wp:term":[{"taxonomy":"category","embeddable":true,"href":"https:\/\/www.realclubmaritimomelilla.es\/clmar\/wp-json\/wp\/v2\/categories?post=14294"},{"taxonomy":"post_tag","embeddable":true,"href":"https:\/\/www.realclubmaritimomelilla.es\/clmar\/wp-json\/wp\/v2\/tags?post=14294"}],"curies":[{"name":"wp","href":"https:\/\/api.w.org\/{rel}","templated":true}]}}