{"id":14291,"date":"2019-03-23T15:18:15","date_gmt":"2019-03-23T14:18:15","guid":{"rendered":"http:\/\/www.clubmaritimomelilla.es\/clmar\/?p=14291"},"modified":"2021-07-20T11:38:56","modified_gmt":"2021-07-20T09:38:56","slug":"el-club-maritimo-se-viste-de-gala-este-domingo-para-reconocer-la-fidelidad-de-sus-socios","status":"publish","type":"post","link":"https:\/\/www.realclubmaritimomelilla.es\/clmar\/el-club-maritimo-se-viste-de-gala-este-domingo-para-reconocer-la-fidelidad-de-sus-socios\/","title":{"rendered":"EL CLUB MAR\u00cdTIMO SE VISTE DE GALA ESTE DOMINGO PARA RECONOCER LA FIDELIDAD DE SUS SOCIOS"},"content":{"rendered":"<p>El Real Club Mar\u00edtimo de Melilla realiza este domingo uno de los actos m\u00e1s solemnes y con m\u00e1s calado sentimental de cuantos se celebran en la entidad a lo largo del a\u00f1o, en el que se rinde homenaje a los socios con m\u00e1s de cincuenta a\u00f1os de antig\u00fcedad.<\/p>\n<p>Este es el d\u00e9cimo tercer a\u00f1o consecutivo que se realiza este reconocimiento social, que en el a\u00f1o 2007 la Junta Directiva instituy\u00f3 como fijo en su agenda anual de actividades. Adem\u00e1s, este a\u00f1o se realiza coincidiendo con el 75 aniversario de la fundaci\u00f3n del Real Club Mar\u00edtimo de Melilla.<\/p>\n<p>Este a\u00f1o son veintid\u00f3s los socios que han pasado a cumplir el requisito fundamental para recibir la m\u00e1s alta distinci\u00f3n de la Entidad, estar medio siglo en el listado de socios de n\u00famero o c\u00f3nyuges del Real Club Mar\u00edtimo de Melilla, sin contabilizarse los a\u00f1os como hijos de socio, por lo que algunos de ellos pueden superar con creces los a\u00f1os ligados al Club. Aunque no todos los socios que reciben este a\u00f1o la m\u00e1s alta distinci\u00f3n individual de la entidad podr\u00e1n al acto, por diferentes motivos.<\/p>\n<p>La ceremonia de entrega de insignias comenzar\u00e1 a las 13:00 horas, en el Sal\u00f3n Multifuncional, donde socios, familiares e invitados ser\u00e1n testigos de un momento muy especial para los socios homenajeados. A continuaci\u00f3n, en el restaurante &#8216;5 Sentidos&#8217; participaran en un almuerzo en honor de los socios que reciben este a\u00f1o la insignia de oro de la entidad.<\/p>\n<div dir=\"ltr\">\n<div>Los socios que reciben este a\u00f1o la insignia de oro son Mari Carmen Luque Guzm\u00e1n, Esteban Olivares del Rey, Mari Carmen S\u00e1nchez Mart\u00ednez, Cecilio Molina L\u00f3pez, Josefa Garc\u00eda Gonz\u00e1lez, Ram\u00f3n Imbroda Mart\u00edn, Jos\u00e9 Mar\u00eda Dom\u00ednguez Ca\u00f1amaque, Adelaida D\u00edaz G\u00e1lvez, Jos\u00e9 Mar\u00eda Aragon\u00e9s Torralba, Antonio Aragon\u00e9s Torraba, Carmen G\u00f3mez Herrera, Carlos Su\u00e1rez Cabeza, Miguel Mar\u00edn Rodr\u00edguez, Jos\u00e9 Emilio P\u00e9rez Erades, Pedro Rodr\u00edguez Calvo, Carlos Rubio Bravo, Carmen Valiente Gonz\u00e1lez, Antonia Rabaneda Galiana, Mari Carmen M\u00e1rquez Mateos, Adela Paradela Arrufat, Carmen Espona Jim\u00e9nez y Ricardo Fern\u00e1ndez Amaya.<\/div>\n<\/div>\n","protected":false},"excerpt":{"rendered":"<p>El Real Club Mar\u00edtimo de Melilla realiza este domingo uno de los actos m\u00e1s solemnes y con m\u00e1s calado sentimental de cuantos se celebran en la entidad a lo largo del a\u00f1o, en el que se rinde homenaje a los socios con m\u00e1s de cincuenta a\u00f1os de antig\u00fcedad. Este es el d\u00e9cimo tercer a\u00f1o consecutivo [&hellip;]<\/p>\n","protected":false},"author":1,"featured_media":14292,"comment_status":"open","ping_status":"open","sticky":false,"template":"","format":"standard","meta":{"_acf_changed":false,"footnotes":""},"categories":[39,40],"tags":[],"class_list":["post-14291","post","type-post","status-publish","format-standard","has-post-thumbnail","hentry","category-celebraciones","category-club"],"acf":[],"yoast_head":"<!-- This site is optimized with the Yoast SEO plugin v27.5 - https:\/\/yoast.com\/product\/yoast-seo-wordpress\/ -->\n<title>EL CLUB MAR\u00cdTIMO SE VISTE DE GALA ESTE DOMINGO PARA RECONOCER LA FIDELIDAD DE SUS SOCIOS - Real Club Mar\u00edtimo de Melilla<\/title>\n<meta name=\"description\" content=\"EL CLUB MAR\u00cdTIMO SE VISTE DE GALA ESTE DOMINGO PARA RECONOCER LA FIDELIDAD DE SUS SOCIOS -\" \/>\n<meta name=\"robots\" content=\"index, follow, max-snippet:-1, max-image-preview:large, max-video-preview:-1\" \/>\n<link rel=\"canonical\" href=\"https:\/\/www.realclubmaritimomelilla.es\/clmar\/el-club-maritimo-se-viste-de-gala-este-domingo-para-reconocer-la-fidelidad-de-sus-socios\/\" \/>\n<meta property=\"og:locale\" content=\"es_ES\" \/>\n<meta property=\"og:type\" content=\"article\" \/>\n<meta property=\"og:title\" content=\"EL CLUB MAR\u00cdTIMO SE VISTE DE GALA ESTE DOMINGO PARA RECONOCER LA FIDELIDAD DE SUS SOCIOS - Real Club Mar\u00edtimo de Melilla\" \/>\n<meta property=\"og:description\" content=\"EL CLUB MAR\u00cdTIMO SE VISTE DE GALA ESTE DOMINGO PARA RECONOCER LA FIDELIDAD DE SUS SOCIOS -\" \/>\n<meta property=\"og:url\" content=\"https:\/\/www.realclubmaritimomelilla.es\/clmar\/el-club-maritimo-se-viste-de-gala-este-domingo-para-reconocer-la-fidelidad-de-sus-socios\/\" \/>\n<meta property=\"og:site_name\" content=\"Real Club Mar\u00edtimo de Melilla\" \/>\n<meta property=\"article:publisher\" content=\"https:\/\/www.facebook.com\/Real-Club-Mar%c3%adtimo-de-Melilla-588495841234214\/\" \/>\n<meta property=\"article:published_time\" content=\"2019-03-23T14:18:15+00:00\" \/>\n<meta property=\"article:modified_time\" content=\"2021-07-20T09:38:56+00:00\" \/>\n<meta property=\"og:image\" content=\"https:\/\/www.realclubmaritimomelilla.es\/clmar\/wp-content\/uploads\/2019\/03\/FOTO-FAMILIA.jpg\" \/>\n\t<meta property=\"og:image:width\" content=\"1181\" \/>\n\t<meta property=\"og:image:height\" content=\"886\" \/>\n\t<meta property=\"og:image:type\" content=\"image\/jpeg\" \/>\n<meta name=\"author\" content=\"RCMMelilla\" \/>\n<meta name=\"twitter:card\" content=\"summary_large_image\" \/>\n<meta name=\"twitter:creator\" content=\"@nauticarcmm\" \/>\n<meta name=\"twitter:site\" content=\"@nauticarcmm\" \/>\n<meta name=\"twitter:label1\" content=\"Escrito por\" \/>\n\t<meta name=\"twitter:data1\" content=\"RCMMelilla\" \/>\n\t<meta name=\"twitter:label2\" content=\"Tiempo de lectura\" \/>\n\t<meta name=\"twitter:data2\" content=\"2 minutos\" \/>\n<script type=\"application\/ld+json\" class=\"yoast-schema-graph\">{\"@context\":\"https:\\\/\\\/schema.org\",\"@graph\":[{\"@type\":\"Article\",\"@id\":\"https:\\\/\\\/www.realclubmaritimomelilla.es\\\/clmar\\\/el-club-maritimo-se-viste-de-gala-este-domingo-para-reconocer-la-fidelidad-de-sus-socios\\\/#article\",\"isPartOf\":{\"@id\":\"https:\\\/\\\/www.realclubmaritimomelilla.es\\\/clmar\\\/el-club-maritimo-se-viste-de-gala-este-domingo-para-reconocer-la-fidelidad-de-sus-socios\\\/\"},\"author\":{\"name\":\"RCMMelilla\",\"@id\":\"https:\\\/\\\/www.realclubmaritimomelilla.es\\\/clmar\\\/#\\\/schema\\\/person\\\/ebaa3713496dc6d48c872452e73a8e79\"},\"headline\":\"EL CLUB MAR\u00cdTIMO SE VISTE DE GALA ESTE DOMINGO PARA RECONOCER LA FIDELIDAD DE SUS SOCIOS\",\"datePublished\":\"2019-03-23T14:18:15+00:00\",\"dateModified\":\"2021-07-20T09:38:56+00:00\",\"mainEntityOfPage\":{\"@id\":\"https:\\\/\\\/www.realclubmaritimomelilla.es\\\/clmar\\\/el-club-maritimo-se-viste-de-gala-este-domingo-para-reconocer-la-fidelidad-de-sus-socios\\\/\"},\"wordCount\":398,\"commentCount\":0,\"publisher\":{\"@id\":\"https:\\\/\\\/www.realclubmaritimomelilla.es\\\/clmar\\\/#organization\"},\"image\":{\"@id\":\"https:\\\/\\\/www.realclubmaritimomelilla.es\\\/clmar\\\/el-club-maritimo-se-viste-de-gala-este-domingo-para-reconocer-la-fidelidad-de-sus-socios\\\/#primaryimage\"},\"thumbnailUrl\":\"https:\\\/\\\/www.realclubmaritimomelilla.es\\\/clmar\\\/wp-content\\\/uploads\\\/2019\\\/03\\\/FOTO-FAMILIA.jpg\",\"articleSection\":[\"Celebraciones\",\"Club\"],\"inLanguage\":\"es\",\"potentialAction\":[{\"@type\":\"CommentAction\",\"name\":\"Comment\",\"target\":[\"https:\\\/\\\/www.realclubmaritimomelilla.es\\\/clmar\\\/el-club-maritimo-se-viste-de-gala-este-domingo-para-reconocer-la-fidelidad-de-sus-socios\\\/#respond\"]}]},{\"@type\":\"WebPage\",\"@id\":\"https:\\\/\\\/www.realclubmaritimomelilla.es\\\/clmar\\\/el-club-maritimo-se-viste-de-gala-este-domingo-para-reconocer-la-fidelidad-de-sus-socios\\\/\",\"url\":\"https:\\\/\\\/www.realclubmaritimomelilla.es\\\/clmar\\\/el-club-maritimo-se-viste-de-gala-este-domingo-para-reconocer-la-fidelidad-de-sus-socios\\\/\",\"name\":\"EL CLUB MAR\u00cdTIMO SE VISTE DE GALA ESTE DOMINGO PARA RECONOCER LA FIDELIDAD DE SUS SOCIOS - Real Club Mar\u00edtimo de Melilla\",\"isPartOf\":{\"@id\":\"https:\\\/\\\/www.realclubmaritimomelilla.es\\\/clmar\\\/#website\"},\"primaryImageOfPage\":{\"@id\":\"https:\\\/\\\/www.realclubmaritimomelilla.es\\\/clmar\\\/el-club-maritimo-se-viste-de-gala-este-domingo-para-reconocer-la-fidelidad-de-sus-socios\\\/#primaryimage\"},\"image\":{\"@id\":\"https:\\\/\\\/www.realclubmaritimomelilla.es\\\/clmar\\\/el-club-maritimo-se-viste-de-gala-este-domingo-para-reconocer-la-fidelidad-de-sus-socios\\\/#primaryimage\"},\"thumbnailUrl\":\"https:\\\/\\\/www.realclubmaritimomelilla.es\\\/clmar\\\/wp-content\\\/uploads\\\/2019\\\/03\\\/FOTO-FAMILIA.jpg\",\"datePublished\":\"2019-03-23T14:18:15+00:00\",\"dateModified\":\"2021-07-20T09:38:56+00:00\",\"description\":\"EL CLUB MAR\u00cdTIMO SE VISTE DE GALA ESTE DOMINGO PARA RECONOCER LA FIDELIDAD DE SUS SOCIOS -\",\"breadcrumb\":{\"@id\":\"https:\\\/\\\/www.realclubmaritimomelilla.es\\\/clmar\\\/el-club-maritimo-se-viste-de-gala-este-domingo-para-reconocer-la-fidelidad-de-sus-socios\\\/#breadcrumb\"},\"inLanguage\":\"es\",\"potentialAction\":[{\"@type\":\"ReadAction\",\"target\":[\"https:\\\/\\\/www.realclubmaritimomelilla.es\\\/clmar\\\/el-club-maritimo-se-viste-de-gala-este-domingo-para-reconocer-la-fidelidad-de-sus-socios\\\/\"]}]},{\"@type\":\"ImageObject\",\"inLanguage\":\"es\",\"@id\":\"https:\\\/\\\/www.realclubmaritimomelilla.es\\\/clmar\\\/el-club-maritimo-se-viste-de-gala-este-domingo-para-reconocer-la-fidelidad-de-sus-socios\\\/#primaryimage\",\"url\":\"https:\\\/\\\/www.realclubmaritimomelilla.es\\\/clmar\\\/wp-content\\\/uploads\\\/2019\\\/03\\\/FOTO-FAMILIA.jpg\",\"contentUrl\":\"https:\\\/\\\/www.realclubmaritimomelilla.es\\\/clmar\\\/wp-content\\\/uploads\\\/2019\\\/03\\\/FOTO-FAMILIA.jpg\",\"width\":1181,\"height\":886},{\"@type\":\"BreadcrumbList\",\"@id\":\"https:\\\/\\\/www.realclubmaritimomelilla.es\\\/clmar\\\/el-club-maritimo-se-viste-de-gala-este-domingo-para-reconocer-la-fidelidad-de-sus-socios\\\/#breadcrumb\",\"itemListElement\":[{\"@type\":\"ListItem\",\"position\":1,\"name\":\"Portada\",\"item\":\"https:\\\/\\\/www.realclubmaritimomelilla.es\\\/clmar\\\/\"},{\"@type\":\"ListItem\",\"position\":2,\"name\":\"EL CLUB MAR\u00cdTIMO SE VISTE DE GALA ESTE DOMINGO PARA RECONOCER LA FIDELIDAD DE SUS SOCIOS\"}]},{\"@type\":\"WebSite\",\"@id\":\"https:\\\/\\\/www.realclubmaritimomelilla.es\\\/clmar\\\/#website\",\"url\":\"https:\\\/\\\/www.realclubmaritimomelilla.es\\\/clmar\\\/\",\"name\":\"Real Club Mar\u00edtimo de Melilla\",\"description\":\"RCMM\",\"publisher\":{\"@id\":\"https:\\\/\\\/www.realclubmaritimomelilla.es\\\/clmar\\\/#organization\"},\"alternateName\":\"RCMM\",\"potentialAction\":[{\"@type\":\"SearchAction\",\"target\":{\"@type\":\"EntryPoint\",\"urlTemplate\":\"https:\\\/\\\/www.realclubmaritimomelilla.es\\\/clmar\\\/?s={search_term_string}\"},\"query-input\":{\"@type\":\"PropertyValueSpecification\",\"valueRequired\":true,\"valueName\":\"search_term_string\"}}],\"inLanguage\":\"es\"},{\"@type\":\"Organization\",\"@id\":\"https:\\\/\\\/www.realclubmaritimomelilla.es\\\/clmar\\\/#organization\",\"name\":\"Real Club Mar\u00edtimo de Melilla\",\"alternateName\":\"RCMM\",\"url\":\"https:\\\/\\\/www.realclubmaritimomelilla.es\\\/clmar\\\/\",\"logo\":{\"@type\":\"ImageObject\",\"inLanguage\":\"es\",\"@id\":\"https:\\\/\\\/www.realclubmaritimomelilla.es\\\/clmar\\\/#\\\/schema\\\/logo\\\/image\\\/\",\"url\":\"https:\\\/\\\/www.realclubmaritimomelilla.es\\\/clmar\\\/wp-content\\\/uploads\\\/logo-club-original-copia.jpg\",\"contentUrl\":\"https:\\\/\\\/www.realclubmaritimomelilla.es\\\/clmar\\\/wp-content\\\/uploads\\\/logo-club-original-copia.jpg\",\"width\":128,\"height\":89,\"caption\":\"Real Club Mar\u00edtimo de Melilla\"},\"image\":{\"@id\":\"https:\\\/\\\/www.realclubmaritimomelilla.es\\\/clmar\\\/#\\\/schema\\\/logo\\\/image\\\/\"},\"sameAs\":[\"https:\\\/\\\/www.facebook.com\\\/Real-Club-Mar\u00edtimo-de-Melilla-588495841234214\\\/\",\"https:\\\/\\\/x.com\\\/nauticarcmm\",\"https:\\\/\\\/www.instagram.com\\\/club_maritimo_melilla\\\/\",\"https:\\\/\\\/www.youtube.com\\\/@realclubmaritimodemelilla4703\",\"https:\\\/\\\/es.wikipedia.org\\\/wiki\\\/Real_Club_Mar\u00edtimo_de_Melilla\"]},{\"@type\":\"Person\",\"@id\":\"https:\\\/\\\/www.realclubmaritimomelilla.es\\\/clmar\\\/#\\\/schema\\\/person\\\/ebaa3713496dc6d48c872452e73a8e79\",\"name\":\"RCMMelilla\",\"image\":{\"@type\":\"ImageObject\",\"inLanguage\":\"es\",\"@id\":\"https:\\\/\\\/secure.gravatar.com\\\/avatar\\\/df1c24789360fb9308735c4ee556fc2bc5bf924bf01e53043b8b97ba272da33c?s=96&d=mm&r=g\",\"url\":\"https:\\\/\\\/secure.gravatar.com\\\/avatar\\\/df1c24789360fb9308735c4ee556fc2bc5bf924bf01e53043b8b97ba272da33c?s=96&d=mm&r=g\",\"contentUrl\":\"https:\\\/\\\/secure.gravatar.com\\\/avatar\\\/df1c24789360fb9308735c4ee556fc2bc5bf924bf01e53043b8b97ba272da33c?s=96&d=mm&r=g\",\"caption\":\"RCMMelilla\"}}]}<\/script>\n<!-- \/ Yoast SEO plugin. -->","yoast_head_json":{"title":"EL CLUB MAR\u00cdTIMO SE VISTE DE GALA ESTE DOMINGO PARA RECONOCER LA FIDELIDAD DE SUS SOCIOS - Real Club Mar\u00edtimo de Melilla","description":"EL CLUB MAR\u00cdTIMO SE VISTE DE GALA ESTE DOMINGO PARA RECONOCER LA FIDELIDAD DE SUS SOCIOS -","robots":{"index":"index","follow":"follow","max-snippet":"max-snippet:-1","max-image-preview":"max-image-preview:large","max-video-preview":"max-video-preview:-1"},"canonical":"https:\/\/www.realclubmaritimomelilla.es\/clmar\/el-club-maritimo-se-viste-de-gala-este-domingo-para-reconocer-la-fidelidad-de-sus-socios\/","og_locale":"es_ES","og_type":"article","og_title":"EL CLUB MAR\u00cdTIMO SE VISTE DE GALA ESTE DOMINGO PARA RECONOCER LA FIDELIDAD DE SUS SOCIOS - Real Club Mar\u00edtimo de Melilla","og_description":"EL CLUB MAR\u00cdTIMO SE VISTE DE GALA ESTE DOMINGO PARA RECONOCER LA FIDELIDAD DE SUS SOCIOS -","og_url":"https:\/\/www.realclubmaritimomelilla.es\/clmar\/el-club-maritimo-se-viste-de-gala-este-domingo-para-reconocer-la-fidelidad-de-sus-socios\/","og_site_name":"Real Club Mar\u00edtimo de Melilla","article_publisher":"https:\/\/www.facebook.com\/Real-Club-Mar%c3%adtimo-de-Melilla-588495841234214\/","article_published_time":"2019-03-23T14:18:15+00:00","article_modified_time":"2021-07-20T09:38:56+00:00","og_image":[{"width":1181,"height":886,"url":"https:\/\/www.realclubmaritimomelilla.es\/clmar\/wp-content\/uploads\/2019\/03\/FOTO-FAMILIA.jpg","type":"image\/jpeg"}],"author":"RCMMelilla","twitter_card":"summary_large_image","twitter_creator":"@nauticarcmm","twitter_site":"@nauticarcmm","twitter_misc":{"Escrito por":"RCMMelilla","Tiempo de lectura":"2 minutos"},"schema":{"@context":"https:\/\/schema.org","@graph":[{"@type":"Article","@id":"https:\/\/www.realclubmaritimomelilla.es\/clmar\/el-club-maritimo-se-viste-de-gala-este-domingo-para-reconocer-la-fidelidad-de-sus-socios\/#article","isPartOf":{"@id":"https:\/\/www.realclubmaritimomelilla.es\/clmar\/el-club-maritimo-se-viste-de-gala-este-domingo-para-reconocer-la-fidelidad-de-sus-socios\/"},"author":{"name":"RCMMelilla","@id":"https:\/\/www.realclubmaritimomelilla.es\/clmar\/#\/schema\/person\/ebaa3713496dc6d48c872452e73a8e79"},"headline":"EL CLUB MAR\u00cdTIMO SE VISTE DE GALA ESTE DOMINGO PARA RECONOCER LA FIDELIDAD DE SUS SOCIOS","datePublished":"2019-03-23T14:18:15+00:00","dateModified":"2021-07-20T09:38:56+00:00","mainEntityOfPage":{"@id":"https:\/\/www.realclubmaritimomelilla.es\/clmar\/el-club-maritimo-se-viste-de-gala-este-domingo-para-reconocer-la-fidelidad-de-sus-socios\/"},"wordCount":398,"commentCount":0,"publisher":{"@id":"https:\/\/www.realclubmaritimomelilla.es\/clmar\/#organization"},"image":{"@id":"https:\/\/www.realclubmaritimomelilla.es\/clmar\/el-club-maritimo-se-viste-de-gala-este-domingo-para-reconocer-la-fidelidad-de-sus-socios\/#primaryimage"},"thumbnailUrl":"https:\/\/www.realclubmaritimomelilla.es\/clmar\/wp-content\/uploads\/2019\/03\/FOTO-FAMILIA.jpg","articleSection":["Celebraciones","Club"],"inLanguage":"es","potentialAction":[{"@type":"CommentAction","name":"Comment","target":["https:\/\/www.realclubmaritimomelilla.es\/clmar\/el-club-maritimo-se-viste-de-gala-este-domingo-para-reconocer-la-fidelidad-de-sus-socios\/#respond"]}]},{"@type":"WebPage","@id":"https:\/\/www.realclubmaritimomelilla.es\/clmar\/el-club-maritimo-se-viste-de-gala-este-domingo-para-reconocer-la-fidelidad-de-sus-socios\/","url":"https:\/\/www.realclubmaritimomelilla.es\/clmar\/el-club-maritimo-se-viste-de-gala-este-domingo-para-reconocer-la-fidelidad-de-sus-socios\/","name":"EL CLUB MAR\u00cdTIMO SE VISTE DE GALA ESTE DOMINGO PARA RECONOCER LA FIDELIDAD DE SUS SOCIOS - Real Club Mar\u00edtimo de Melilla","isPartOf":{"@id":"https:\/\/www.realclubmaritimomelilla.es\/clmar\/#website"},"primaryImageOfPage":{"@id":"https:\/\/www.realclubmaritimomelilla.es\/clmar\/el-club-maritimo-se-viste-de-gala-este-domingo-para-reconocer-la-fidelidad-de-sus-socios\/#primaryimage"},"image":{"@id":"https:\/\/www.realclubmaritimomelilla.es\/clmar\/el-club-maritimo-se-viste-de-gala-este-domingo-para-reconocer-la-fidelidad-de-sus-socios\/#primaryimage"},"thumbnailUrl":"https:\/\/www.realclubmaritimomelilla.es\/clmar\/wp-content\/uploads\/2019\/03\/FOTO-FAMILIA.jpg","datePublished":"2019-03-23T14:18:15+00:00","dateModified":"2021-07-20T09:38:56+00:00","description":"EL CLUB MAR\u00cdTIMO SE VISTE DE GALA ESTE DOMINGO PARA RECONOCER LA FIDELIDAD DE SUS SOCIOS -","breadcrumb":{"@id":"https:\/\/www.realclubmaritimomelilla.es\/clmar\/el-club-maritimo-se-viste-de-gala-este-domingo-para-reconocer-la-fidelidad-de-sus-socios\/#breadcrumb"},"inLanguage":"es","potentialAction":[{"@type":"ReadAction","target":["https:\/\/www.realclubmaritimomelilla.es\/clmar\/el-club-maritimo-se-viste-de-gala-este-domingo-para-reconocer-la-fidelidad-de-sus-socios\/"]}]},{"@type":"ImageObject","inLanguage":"es","@id":"https:\/\/www.realclubmaritimomelilla.es\/clmar\/el-club-maritimo-se-viste-de-gala-este-domingo-para-reconocer-la-fidelidad-de-sus-socios\/#primaryimage","url":"https:\/\/www.realclubmaritimomelilla.es\/clmar\/wp-content\/uploads\/2019\/03\/FOTO-FAMILIA.jpg","contentUrl":"https:\/\/www.realclubmaritimomelilla.es\/clmar\/wp-content\/uploads\/2019\/03\/FOTO-FAMILIA.jpg","width":1181,"height":886},{"@type":"BreadcrumbList","@id":"https:\/\/www.realclubmaritimomelilla.es\/clmar\/el-club-maritimo-se-viste-de-gala-este-domingo-para-reconocer-la-fidelidad-de-sus-socios\/#breadcrumb","itemListElement":[{"@type":"ListItem","position":1,"name":"Portada","item":"https:\/\/www.realclubmaritimomelilla.es\/clmar\/"},{"@type":"ListItem","position":2,"name":"EL CLUB MAR\u00cdTIMO SE VISTE DE GALA ESTE DOMINGO PARA RECONOCER LA FIDELIDAD DE SUS SOCIOS"}]},{"@type":"WebSite","@id":"https:\/\/www.realclubmaritimomelilla.es\/clmar\/#website","url":"https:\/\/www.realclubmaritimomelilla.es\/clmar\/","name":"Real Club Mar\u00edtimo de Melilla","description":"RCMM","publisher":{"@id":"https:\/\/www.realclubmaritimomelilla.es\/clmar\/#organization"},"alternateName":"RCMM","potentialAction":[{"@type":"SearchAction","target":{"@type":"EntryPoint","urlTemplate":"https:\/\/www.realclubmaritimomelilla.es\/clmar\/?s={search_term_string}"},"query-input":{"@type":"PropertyValueSpecification","valueRequired":true,"valueName":"search_term_string"}}],"inLanguage":"es"},{"@type":"Organization","@id":"https:\/\/www.realclubmaritimomelilla.es\/clmar\/#organization","name":"Real Club Mar\u00edtimo de Melilla","alternateName":"RCMM","url":"https:\/\/www.realclubmaritimomelilla.es\/clmar\/","logo":{"@type":"ImageObject","inLanguage":"es","@id":"https:\/\/www.realclubmaritimomelilla.es\/clmar\/#\/schema\/logo\/image\/","url":"https:\/\/www.realclubmaritimomelilla.es\/clmar\/wp-content\/uploads\/logo-club-original-copia.jpg","contentUrl":"https:\/\/www.realclubmaritimomelilla.es\/clmar\/wp-content\/uploads\/logo-club-original-copia.jpg","width":128,"height":89,"caption":"Real Club Mar\u00edtimo de Melilla"},"image":{"@id":"https:\/\/www.realclubmaritimomelilla.es\/clmar\/#\/schema\/logo\/image\/"},"sameAs":["https:\/\/www.facebook.com\/Real-Club-Mar\u00edtimo-de-Melilla-588495841234214\/","https:\/\/x.com\/nauticarcmm","https:\/\/www.instagram.com\/club_maritimo_melilla\/","https:\/\/www.youtube.com\/@realclubmaritimodemelilla4703","https:\/\/es.wikipedia.org\/wiki\/Real_Club_Mar\u00edtimo_de_Melilla"]},{"@type":"Person","@id":"https:\/\/www.realclubmaritimomelilla.es\/clmar\/#\/schema\/person\/ebaa3713496dc6d48c872452e73a8e79","name":"RCMMelilla","image":{"@type":"ImageObject","inLanguage":"es","@id":"https:\/\/secure.gravatar.com\/avatar\/df1c24789360fb9308735c4ee556fc2bc5bf924bf01e53043b8b97ba272da33c?s=96&d=mm&r=g","url":"https:\/\/secure.gravatar.com\/avatar\/df1c24789360fb9308735c4ee556fc2bc5bf924bf01e53043b8b97ba272da33c?s=96&d=mm&r=g","contentUrl":"https:\/\/secure.gravatar.com\/avatar\/df1c24789360fb9308735c4ee556fc2bc5bf924bf01e53043b8b97ba272da33c?s=96&d=mm&r=g","caption":"RCMMelilla"}}]}},"_links":{"self":[{"href":"https:\/\/www.realclubmaritimomelilla.es\/clmar\/wp-json\/wp\/v2\/posts\/14291","targetHints":{"allow":["GET"]}}],"collection":[{"href":"https:\/\/www.realclubmaritimomelilla.es\/clmar\/wp-json\/wp\/v2\/posts"}],"about":[{"href":"https:\/\/www.realclubmaritimomelilla.es\/clmar\/wp-json\/wp\/v2\/types\/post"}],"author":[{"embeddable":true,"href":"https:\/\/www.realclubmaritimomelilla.es\/clmar\/wp-json\/wp\/v2\/users\/1"}],"replies":[{"embeddable":true,"href":"https:\/\/www.realclubmaritimomelilla.es\/clmar\/wp-json\/wp\/v2\/comments?post=14291"}],"version-history":[{"count":1,"href":"https:\/\/www.realclubmaritimomelilla.es\/clmar\/wp-json\/wp\/v2\/posts\/14291\/revisions"}],"predecessor-version":[{"id":14293,"href":"https:\/\/www.realclubmaritimomelilla.es\/clmar\/wp-json\/wp\/v2\/posts\/14291\/revisions\/14293"}],"wp:featuredmedia":[{"embeddable":true,"href":"https:\/\/www.realclubmaritimomelilla.es\/clmar\/wp-json\/wp\/v2\/media\/14292"}],"wp:attachment":[{"href":"https:\/\/www.realclubmaritimomelilla.es\/clmar\/wp-json\/wp\/v2\/media?parent=14291"}],"wp:term":[{"taxonomy":"category","embeddable":true,"href":"https:\/\/www.realclubmaritimomelilla.es\/clmar\/wp-json\/wp\/v2\/categories?post=14291"},{"taxonomy":"post_tag","embeddable":true,"href":"https:\/\/www.realclubmaritimomelilla.es\/clmar\/wp-json\/wp\/v2\/tags?post=14291"}],"curies":[{"name":"wp","href":"https:\/\/api.w.org\/{rel}","templated":true}]}}