{"id":14264,"date":"2019-03-01T15:24:05","date_gmt":"2019-03-01T14:24:05","guid":{"rendered":"http:\/\/www.clubmaritimomelilla.es\/clmar\/?p=14264"},"modified":"2019-03-01T15:24:05","modified_gmt":"2019-03-01T14:24:05","slug":"concurso-gastronomico-y-baile-de-disfraces-infantiles-este-sabado-en-el-real-club-maritimo-de-melilla","status":"publish","type":"post","link":"https:\/\/www.realclubmaritimomelilla.es\/clmar\/concurso-gastronomico-y-baile-de-disfraces-infantiles-este-sabado-en-el-real-club-maritimo-de-melilla\/","title":{"rendered":"CONCURSO GASTRON\u00d3MICO Y BAILE DE DISFRACES INFANTILES, ESTE S\u00c1BADO EN EL REAL CLUB M\u00c1RITIMO DE MELILLA"},"content":{"rendered":"<div>\n\n\t\t<style type=\"text\/css\">\n\t\t\t#gallery-1 {\n\t\t\t\tmargin: auto;\n\t\t\t}\n\t\t\t#gallery-1 .gallery-item {\n\t\t\t\tfloat: left;\n\t\t\t\tmargin-top: 10px;\n\t\t\t\ttext-align: center;\n\t\t\t\twidth: 33%;\n\t\t\t}\n\t\t\t#gallery-1 img {\n\t\t\t\tborder: 2px solid #cfcfcf;\n\t\t\t}\n\t\t\t#gallery-1 .gallery-caption {\n\t\t\t\tmargin-left: 0;\n\t\t\t}\n\t\t\t\/* see gallery_shortcode() in wp-includes\/media.php *\/\n\t\t<\/style>\n\t\t<div id='gallery-1' class='gallery galleryid-14264 gallery-columns-3 gallery-size-medium'><dl class='gallery-item'>\n\t\t\t<dt class='gallery-icon portrait'>\n\t\t\t\t<a data-rel=\"iLightbox[postimages]\" data-title=\"CARNAVAL-CARNAVAL_ok copia\" data-caption=\"\" href='https:\/\/www.realclubmaritimomelilla.es\/clmar\/el-sabado-2-de-marzo-se-celebra-el-carnaval-en-el-real-club-maritimo-de-melilla\/carnaval-carnaval_ok-copia\/'><img decoding=\"async\" width=\"212\" height=\"300\" src=\"https:\/\/www.realclubmaritimomelilla.es\/clmar\/wp-content\/uploads\/2019\/02\/CARNAVAL-CARNAVAL_ok-copia-212x300.jpg\" class=\"attachment-medium size-medium\" alt=\"\" srcset=\"https:\/\/www.realclubmaritimomelilla.es\/clmar\/wp-content\/uploads\/2019\/02\/CARNAVAL-CARNAVAL_ok-copia-212x300.jpg 212w, https:\/\/www.realclubmaritimomelilla.es\/clmar\/wp-content\/uploads\/2019\/02\/CARNAVAL-CARNAVAL_ok-copia-scaled-600x849.jpg 600w, https:\/\/www.realclubmaritimomelilla.es\/clmar\/wp-content\/uploads\/2019\/02\/CARNAVAL-CARNAVAL_ok-copia-724x1024.jpg 724w, https:\/\/www.realclubmaritimomelilla.es\/clmar\/wp-content\/uploads\/2019\/02\/CARNAVAL-CARNAVAL_ok-copia-768x1086.jpg 768w, https:\/\/www.realclubmaritimomelilla.es\/clmar\/wp-content\/uploads\/2019\/02\/CARNAVAL-CARNAVAL_ok-copia-scaled.jpg 1810w\" sizes=\"(max-width: 212px) 100vw, 212px\" \/><\/a>\n\t\t\t<\/dt><\/dl><dl class='gallery-item'>\n\t\t\t<dt class='gallery-icon portrait'>\n\t\t\t\t<a data-rel=\"iLightbox[postimages]\" data-title=\"Cartel Callos y Migas copia\" data-caption=\"\" href='https:\/\/www.realclubmaritimomelilla.es\/clmar\/el-club-maritimo-organiza-un-concurso-de-callos-y-migas\/cartel-callos-y-migas-copia\/'><img decoding=\"async\" width=\"212\" height=\"300\" src=\"https:\/\/www.realclubmaritimomelilla.es\/clmar\/wp-content\/uploads\/2019\/02\/Cartel-Callos-y-Migas-copia-212x300.jpg\" class=\"attachment-medium size-medium\" alt=\"\" srcset=\"https:\/\/www.realclubmaritimomelilla.es\/clmar\/wp-content\/uploads\/2019\/02\/Cartel-Callos-y-Migas-copia-212x300.jpg 212w, https:\/\/www.realclubmaritimomelilla.es\/clmar\/wp-content\/uploads\/2019\/02\/Cartel-Callos-y-Migas-copia-scaled-600x849.jpg 600w, https:\/\/www.realclubmaritimomelilla.es\/clmar\/wp-content\/uploads\/2019\/02\/Cartel-Callos-y-Migas-copia-724x1024.jpg 724w, https:\/\/www.realclubmaritimomelilla.es\/clmar\/wp-content\/uploads\/2019\/02\/Cartel-Callos-y-Migas-copia-768x1086.jpg 768w, https:\/\/www.realclubmaritimomelilla.es\/clmar\/wp-content\/uploads\/2019\/02\/Cartel-Callos-y-Migas-copia-scaled.jpg 1810w\" sizes=\"(max-width: 212px) 100vw, 212px\" \/><\/a>\n\t\t\t<\/dt><\/dl>\n\t\t\t<br style='clear: both' \/>\n\t\t<\/div>\n\n<\/div>\n<div>Este s\u00e1bado la agenda social en el Real Club Mar\u00edtimo de Melilla. En un a\u00f1o muy especial para la entidad, se celebran 75 a\u00f1os desde su creaci\u00f3n en 1944, se van a ir incorporando nuevas actividades a las que habitualmente plantea la Junta Directiva a sus socios.<\/div>\n<div><\/div>\n<div>Para ma\u00f1ana s\u00e1bado, 2 de marzo, se ha programado la primera edici\u00f3n del Concurso Gastron\u00f3mico de Migas y Callos, al tiempo de que por la tarde se continuar\u00e1 con el habitual baile de disfraces de carnaval.<\/div>\n<div><\/div>\n<div>Ambas actividades coinciden en el tiempo, pero est\u00e1n destinadas a todos los socios de la entidad y sus invitados, seg\u00fan marcan los reglamentos internos para este tipo de celebraciones.<\/div>\n<div><\/div>\n<div>Para tomar parte en el I Concurso de Callos y Migas se han presentado hasta veintitr\u00e9s equipos gastron\u00f3micos, que tendr\u00e1n entre las 11:30 horas y las 14:30 horas para presentar sus platos al jurado que nombrar\u00e1 para la ocasi\u00f3n el Club Mar\u00edtimo.<\/div>\n<div><\/div>\n<div>Una nueva iniciativa que se suma al tradicional concurso de paellas en el mes de septiembre y que viene a cubrir una solicitud de distintos socios que hab\u00edan propuesto hacerlo.<\/div>\n<div><\/div>\n<div>Y por la tarde, entre las 17:00 y 19:00 horas, se desarrollar\u00e1 el Baile de Carnaval en el sal\u00f3n multiusos, que para la ocasi\u00f3n se decorar\u00e1 y servir\u00e1 de escenario para los m\u00e1s j\u00f3venes.<\/div>\n<div><\/div>\n<div>Un baile que contar\u00e1 con la participaci\u00f3n de un grupo de animadoras, que desarrollar\u00e1n juegos y actividades para que se diviertan todos los asistentes. De igual forma, el Club Mar\u00edtimo les invitar\u00e1 a una merienda en el transcurso de esta fiesta.<\/div>\n","protected":false},"excerpt":{"rendered":"<p>Este s\u00e1bado la agenda social en el Real Club Mar\u00edtimo de Melilla. En un a\u00f1o muy especial para la entidad, se celebran 75 a\u00f1os desde su creaci\u00f3n en 1944, se van a ir incorporando nuevas actividades a las que habitualmente plantea la Junta Directiva a sus socios. Para ma\u00f1ana s\u00e1bado, 2 de marzo, se ha [&hellip;]<\/p>\n","protected":false},"author":1,"featured_media":14265,"comment_status":"open","ping_status":"open","sticky":false,"template":"","format":"standard","meta":{"_acf_changed":false,"footnotes":""},"categories":[39,40],"tags":[],"class_list":["post-14264","post","type-post","status-publish","format-standard","has-post-thumbnail","hentry","category-celebraciones","category-club"],"acf":[],"yoast_head":"<!-- This site is optimized with the Yoast SEO plugin v27.5 - https:\/\/yoast.com\/product\/yoast-seo-wordpress\/ -->\n<title>CONCURSO GASTRON\u00d3MICO Y BAILE DE DISFRACES INFANTILES, ESTE S\u00c1BADO EN EL REAL CLUB M\u00c1RITIMO DE MELILLA - Real Club Mar\u00edtimo de Melilla<\/title>\n<meta name=\"description\" content=\"CONCURSO GASTRON\u00d3MICO Y BAILE DE DISFRACES INFANTILES, ESTE S\u00c1BADO EN EL REAL CLUB M\u00c1RITIMO DE MELILLA -\" \/>\n<meta name=\"robots\" content=\"index, follow, max-snippet:-1, max-image-preview:large, max-video-preview:-1\" \/>\n<link rel=\"canonical\" href=\"https:\/\/www.realclubmaritimomelilla.es\/clmar\/concurso-gastronomico-y-baile-de-disfraces-infantiles-este-sabado-en-el-real-club-maritimo-de-melilla\/\" \/>\n<meta property=\"og:locale\" content=\"es_ES\" \/>\n<meta property=\"og:type\" content=\"article\" \/>\n<meta property=\"og:title\" content=\"CONCURSO GASTRON\u00d3MICO Y BAILE DE DISFRACES INFANTILES, ESTE S\u00c1BADO EN EL REAL CLUB M\u00c1RITIMO DE MELILLA - Real Club Mar\u00edtimo de Melilla\" \/>\n<meta property=\"og:description\" content=\"CONCURSO GASTRON\u00d3MICO Y BAILE DE DISFRACES INFANTILES, ESTE S\u00c1BADO EN EL REAL CLUB M\u00c1RITIMO DE MELILLA -\" \/>\n<meta property=\"og:url\" content=\"https:\/\/www.realclubmaritimomelilla.es\/clmar\/concurso-gastronomico-y-baile-de-disfraces-infantiles-este-sabado-en-el-real-club-maritimo-de-melilla\/\" \/>\n<meta property=\"og:site_name\" content=\"Real Club Mar\u00edtimo de Melilla\" \/>\n<meta property=\"article:publisher\" content=\"https:\/\/www.facebook.com\/Real-Club-Mar%c3%adtimo-de-Melilla-588495841234214\/\" \/>\n<meta property=\"article:published_time\" content=\"2019-03-01T14:24:05+00:00\" \/>\n<meta property=\"og:image\" content=\"https:\/\/www.realclubmaritimomelilla.es\/clmar\/wp-content\/uploads\/2019\/03\/concurso-paellas-2018.jpeg\" \/>\n\t<meta property=\"og:image:width\" content=\"1024\" \/>\n\t<meta property=\"og:image:height\" content=\"683\" \/>\n\t<meta property=\"og:image:type\" content=\"image\/jpeg\" \/>\n<meta name=\"author\" content=\"RCMMelilla\" \/>\n<meta name=\"twitter:card\" content=\"summary_large_image\" \/>\n<meta name=\"twitter:creator\" content=\"@nauticarcmm\" \/>\n<meta name=\"twitter:site\" content=\"@nauticarcmm\" \/>\n<meta name=\"twitter:label1\" content=\"Escrito por\" \/>\n\t<meta name=\"twitter:data1\" content=\"RCMMelilla\" \/>\n\t<meta name=\"twitter:label2\" content=\"Tiempo de lectura\" \/>\n\t<meta name=\"twitter:data2\" content=\"1 minuto\" \/>\n<script type=\"application\/ld+json\" class=\"yoast-schema-graph\">{\"@context\":\"https:\\\/\\\/schema.org\",\"@graph\":[{\"@type\":\"Article\",\"@id\":\"https:\\\/\\\/www.realclubmaritimomelilla.es\\\/clmar\\\/concurso-gastronomico-y-baile-de-disfraces-infantiles-este-sabado-en-el-real-club-maritimo-de-melilla\\\/#article\",\"isPartOf\":{\"@id\":\"https:\\\/\\\/www.realclubmaritimomelilla.es\\\/clmar\\\/concurso-gastronomico-y-baile-de-disfraces-infantiles-este-sabado-en-el-real-club-maritimo-de-melilla\\\/\"},\"author\":{\"name\":\"RCMMelilla\",\"@id\":\"https:\\\/\\\/www.realclubmaritimomelilla.es\\\/clmar\\\/#\\\/schema\\\/person\\\/ebaa3713496dc6d48c872452e73a8e79\"},\"headline\":\"CONCURSO GASTRON\u00d3MICO Y BAILE DE DISFRACES INFANTILES, ESTE S\u00c1BADO EN EL REAL CLUB M\u00c1RITIMO DE MELILLA\",\"datePublished\":\"2019-03-01T14:24:05+00:00\",\"mainEntityOfPage\":{\"@id\":\"https:\\\/\\\/www.realclubmaritimomelilla.es\\\/clmar\\\/concurso-gastronomico-y-baile-de-disfraces-infantiles-este-sabado-en-el-real-club-maritimo-de-melilla\\\/\"},\"wordCount\":299,\"commentCount\":0,\"publisher\":{\"@id\":\"https:\\\/\\\/www.realclubmaritimomelilla.es\\\/clmar\\\/#organization\"},\"image\":{\"@id\":\"https:\\\/\\\/www.realclubmaritimomelilla.es\\\/clmar\\\/concurso-gastronomico-y-baile-de-disfraces-infantiles-este-sabado-en-el-real-club-maritimo-de-melilla\\\/#primaryimage\"},\"thumbnailUrl\":\"https:\\\/\\\/www.realclubmaritimomelilla.es\\\/clmar\\\/wp-content\\\/uploads\\\/2019\\\/03\\\/concurso-paellas-2018.jpeg\",\"articleSection\":[\"Celebraciones\",\"Club\"],\"inLanguage\":\"es\",\"potentialAction\":[{\"@type\":\"CommentAction\",\"name\":\"Comment\",\"target\":[\"https:\\\/\\\/www.realclubmaritimomelilla.es\\\/clmar\\\/concurso-gastronomico-y-baile-de-disfraces-infantiles-este-sabado-en-el-real-club-maritimo-de-melilla\\\/#respond\"]}]},{\"@type\":\"WebPage\",\"@id\":\"https:\\\/\\\/www.realclubmaritimomelilla.es\\\/clmar\\\/concurso-gastronomico-y-baile-de-disfraces-infantiles-este-sabado-en-el-real-club-maritimo-de-melilla\\\/\",\"url\":\"https:\\\/\\\/www.realclubmaritimomelilla.es\\\/clmar\\\/concurso-gastronomico-y-baile-de-disfraces-infantiles-este-sabado-en-el-real-club-maritimo-de-melilla\\\/\",\"name\":\"CONCURSO GASTRON\u00d3MICO Y BAILE DE DISFRACES INFANTILES, ESTE S\u00c1BADO EN EL REAL CLUB M\u00c1RITIMO DE MELILLA - Real Club Mar\u00edtimo de Melilla\",\"isPartOf\":{\"@id\":\"https:\\\/\\\/www.realclubmaritimomelilla.es\\\/clmar\\\/#website\"},\"primaryImageOfPage\":{\"@id\":\"https:\\\/\\\/www.realclubmaritimomelilla.es\\\/clmar\\\/concurso-gastronomico-y-baile-de-disfraces-infantiles-este-sabado-en-el-real-club-maritimo-de-melilla\\\/#primaryimage\"},\"image\":{\"@id\":\"https:\\\/\\\/www.realclubmaritimomelilla.es\\\/clmar\\\/concurso-gastronomico-y-baile-de-disfraces-infantiles-este-sabado-en-el-real-club-maritimo-de-melilla\\\/#primaryimage\"},\"thumbnailUrl\":\"https:\\\/\\\/www.realclubmaritimomelilla.es\\\/clmar\\\/wp-content\\\/uploads\\\/2019\\\/03\\\/concurso-paellas-2018.jpeg\",\"datePublished\":\"2019-03-01T14:24:05+00:00\",\"description\":\"CONCURSO GASTRON\u00d3MICO Y BAILE DE DISFRACES INFANTILES, ESTE S\u00c1BADO EN EL REAL CLUB M\u00c1RITIMO DE MELILLA -\",\"breadcrumb\":{\"@id\":\"https:\\\/\\\/www.realclubmaritimomelilla.es\\\/clmar\\\/concurso-gastronomico-y-baile-de-disfraces-infantiles-este-sabado-en-el-real-club-maritimo-de-melilla\\\/#breadcrumb\"},\"inLanguage\":\"es\",\"potentialAction\":[{\"@type\":\"ReadAction\",\"target\":[\"https:\\\/\\\/www.realclubmaritimomelilla.es\\\/clmar\\\/concurso-gastronomico-y-baile-de-disfraces-infantiles-este-sabado-en-el-real-club-maritimo-de-melilla\\\/\"]}]},{\"@type\":\"ImageObject\",\"inLanguage\":\"es\",\"@id\":\"https:\\\/\\\/www.realclubmaritimomelilla.es\\\/clmar\\\/concurso-gastronomico-y-baile-de-disfraces-infantiles-este-sabado-en-el-real-club-maritimo-de-melilla\\\/#primaryimage\",\"url\":\"https:\\\/\\\/www.realclubmaritimomelilla.es\\\/clmar\\\/wp-content\\\/uploads\\\/2019\\\/03\\\/concurso-paellas-2018.jpeg\",\"contentUrl\":\"https:\\\/\\\/www.realclubmaritimomelilla.es\\\/clmar\\\/wp-content\\\/uploads\\\/2019\\\/03\\\/concurso-paellas-2018.jpeg\",\"width\":1024,\"height\":683},{\"@type\":\"BreadcrumbList\",\"@id\":\"https:\\\/\\\/www.realclubmaritimomelilla.es\\\/clmar\\\/concurso-gastronomico-y-baile-de-disfraces-infantiles-este-sabado-en-el-real-club-maritimo-de-melilla\\\/#breadcrumb\",\"itemListElement\":[{\"@type\":\"ListItem\",\"position\":1,\"name\":\"Portada\",\"item\":\"https:\\\/\\\/www.realclubmaritimomelilla.es\\\/clmar\\\/\"},{\"@type\":\"ListItem\",\"position\":2,\"name\":\"CONCURSO GASTRON\u00d3MICO Y BAILE DE DISFRACES INFANTILES, ESTE S\u00c1BADO EN EL REAL CLUB M\u00c1RITIMO DE MELILLA\"}]},{\"@type\":\"WebSite\",\"@id\":\"https:\\\/\\\/www.realclubmaritimomelilla.es\\\/clmar\\\/#website\",\"url\":\"https:\\\/\\\/www.realclubmaritimomelilla.es\\\/clmar\\\/\",\"name\":\"Real Club Mar\u00edtimo de Melilla\",\"description\":\"RCMM\",\"publisher\":{\"@id\":\"https:\\\/\\\/www.realclubmaritimomelilla.es\\\/clmar\\\/#organization\"},\"alternateName\":\"RCMM\",\"potentialAction\":[{\"@type\":\"SearchAction\",\"target\":{\"@type\":\"EntryPoint\",\"urlTemplate\":\"https:\\\/\\\/www.realclubmaritimomelilla.es\\\/clmar\\\/?s={search_term_string}\"},\"query-input\":{\"@type\":\"PropertyValueSpecification\",\"valueRequired\":true,\"valueName\":\"search_term_string\"}}],\"inLanguage\":\"es\"},{\"@type\":\"Organization\",\"@id\":\"https:\\\/\\\/www.realclubmaritimomelilla.es\\\/clmar\\\/#organization\",\"name\":\"Real Club Mar\u00edtimo de Melilla\",\"alternateName\":\"RCMM\",\"url\":\"https:\\\/\\\/www.realclubmaritimomelilla.es\\\/clmar\\\/\",\"logo\":{\"@type\":\"ImageObject\",\"inLanguage\":\"es\",\"@id\":\"https:\\\/\\\/www.realclubmaritimomelilla.es\\\/clmar\\\/#\\\/schema\\\/logo\\\/image\\\/\",\"url\":\"https:\\\/\\\/www.realclubmaritimomelilla.es\\\/clmar\\\/wp-content\\\/uploads\\\/logo-club-original-copia.jpg\",\"contentUrl\":\"https:\\\/\\\/www.realclubmaritimomelilla.es\\\/clmar\\\/wp-content\\\/uploads\\\/logo-club-original-copia.jpg\",\"width\":128,\"height\":89,\"caption\":\"Real Club Mar\u00edtimo de Melilla\"},\"image\":{\"@id\":\"https:\\\/\\\/www.realclubmaritimomelilla.es\\\/clmar\\\/#\\\/schema\\\/logo\\\/image\\\/\"},\"sameAs\":[\"https:\\\/\\\/www.facebook.com\\\/Real-Club-Mar\u00edtimo-de-Melilla-588495841234214\\\/\",\"https:\\\/\\\/x.com\\\/nauticarcmm\",\"https:\\\/\\\/www.instagram.com\\\/club_maritimo_melilla\\\/\",\"https:\\\/\\\/www.youtube.com\\\/@realclubmaritimodemelilla4703\",\"https:\\\/\\\/es.wikipedia.org\\\/wiki\\\/Real_Club_Mar\u00edtimo_de_Melilla\"]},{\"@type\":\"Person\",\"@id\":\"https:\\\/\\\/www.realclubmaritimomelilla.es\\\/clmar\\\/#\\\/schema\\\/person\\\/ebaa3713496dc6d48c872452e73a8e79\",\"name\":\"RCMMelilla\",\"image\":{\"@type\":\"ImageObject\",\"inLanguage\":\"es\",\"@id\":\"https:\\\/\\\/secure.gravatar.com\\\/avatar\\\/df1c24789360fb9308735c4ee556fc2bc5bf924bf01e53043b8b97ba272da33c?s=96&d=mm&r=g\",\"url\":\"https:\\\/\\\/secure.gravatar.com\\\/avatar\\\/df1c24789360fb9308735c4ee556fc2bc5bf924bf01e53043b8b97ba272da33c?s=96&d=mm&r=g\",\"contentUrl\":\"https:\\\/\\\/secure.gravatar.com\\\/avatar\\\/df1c24789360fb9308735c4ee556fc2bc5bf924bf01e53043b8b97ba272da33c?s=96&d=mm&r=g\",\"caption\":\"RCMMelilla\"}}]}<\/script>\n<!-- \/ Yoast SEO plugin. -->","yoast_head_json":{"title":"CONCURSO GASTRON\u00d3MICO Y BAILE DE DISFRACES INFANTILES, ESTE S\u00c1BADO EN EL REAL CLUB M\u00c1RITIMO DE MELILLA - Real Club Mar\u00edtimo de Melilla","description":"CONCURSO GASTRON\u00d3MICO Y BAILE DE DISFRACES INFANTILES, ESTE S\u00c1BADO EN EL REAL CLUB M\u00c1RITIMO DE MELILLA -","robots":{"index":"index","follow":"follow","max-snippet":"max-snippet:-1","max-image-preview":"max-image-preview:large","max-video-preview":"max-video-preview:-1"},"canonical":"https:\/\/www.realclubmaritimomelilla.es\/clmar\/concurso-gastronomico-y-baile-de-disfraces-infantiles-este-sabado-en-el-real-club-maritimo-de-melilla\/","og_locale":"es_ES","og_type":"article","og_title":"CONCURSO GASTRON\u00d3MICO Y BAILE DE DISFRACES INFANTILES, ESTE S\u00c1BADO EN EL REAL CLUB M\u00c1RITIMO DE MELILLA - Real Club Mar\u00edtimo de Melilla","og_description":"CONCURSO GASTRON\u00d3MICO Y BAILE DE DISFRACES INFANTILES, ESTE S\u00c1BADO EN EL REAL CLUB M\u00c1RITIMO DE MELILLA -","og_url":"https:\/\/www.realclubmaritimomelilla.es\/clmar\/concurso-gastronomico-y-baile-de-disfraces-infantiles-este-sabado-en-el-real-club-maritimo-de-melilla\/","og_site_name":"Real Club Mar\u00edtimo de Melilla","article_publisher":"https:\/\/www.facebook.com\/Real-Club-Mar%c3%adtimo-de-Melilla-588495841234214\/","article_published_time":"2019-03-01T14:24:05+00:00","og_image":[{"width":1024,"height":683,"url":"https:\/\/www.realclubmaritimomelilla.es\/clmar\/wp-content\/uploads\/2019\/03\/concurso-paellas-2018.jpeg","type":"image\/jpeg"}],"author":"RCMMelilla","twitter_card":"summary_large_image","twitter_creator":"@nauticarcmm","twitter_site":"@nauticarcmm","twitter_misc":{"Escrito por":"RCMMelilla","Tiempo de lectura":"1 minuto"},"schema":{"@context":"https:\/\/schema.org","@graph":[{"@type":"Article","@id":"https:\/\/www.realclubmaritimomelilla.es\/clmar\/concurso-gastronomico-y-baile-de-disfraces-infantiles-este-sabado-en-el-real-club-maritimo-de-melilla\/#article","isPartOf":{"@id":"https:\/\/www.realclubmaritimomelilla.es\/clmar\/concurso-gastronomico-y-baile-de-disfraces-infantiles-este-sabado-en-el-real-club-maritimo-de-melilla\/"},"author":{"name":"RCMMelilla","@id":"https:\/\/www.realclubmaritimomelilla.es\/clmar\/#\/schema\/person\/ebaa3713496dc6d48c872452e73a8e79"},"headline":"CONCURSO GASTRON\u00d3MICO Y BAILE DE DISFRACES INFANTILES, ESTE S\u00c1BADO EN EL REAL CLUB M\u00c1RITIMO DE MELILLA","datePublished":"2019-03-01T14:24:05+00:00","mainEntityOfPage":{"@id":"https:\/\/www.realclubmaritimomelilla.es\/clmar\/concurso-gastronomico-y-baile-de-disfraces-infantiles-este-sabado-en-el-real-club-maritimo-de-melilla\/"},"wordCount":299,"commentCount":0,"publisher":{"@id":"https:\/\/www.realclubmaritimomelilla.es\/clmar\/#organization"},"image":{"@id":"https:\/\/www.realclubmaritimomelilla.es\/clmar\/concurso-gastronomico-y-baile-de-disfraces-infantiles-este-sabado-en-el-real-club-maritimo-de-melilla\/#primaryimage"},"thumbnailUrl":"https:\/\/www.realclubmaritimomelilla.es\/clmar\/wp-content\/uploads\/2019\/03\/concurso-paellas-2018.jpeg","articleSection":["Celebraciones","Club"],"inLanguage":"es","potentialAction":[{"@type":"CommentAction","name":"Comment","target":["https:\/\/www.realclubmaritimomelilla.es\/clmar\/concurso-gastronomico-y-baile-de-disfraces-infantiles-este-sabado-en-el-real-club-maritimo-de-melilla\/#respond"]}]},{"@type":"WebPage","@id":"https:\/\/www.realclubmaritimomelilla.es\/clmar\/concurso-gastronomico-y-baile-de-disfraces-infantiles-este-sabado-en-el-real-club-maritimo-de-melilla\/","url":"https:\/\/www.realclubmaritimomelilla.es\/clmar\/concurso-gastronomico-y-baile-de-disfraces-infantiles-este-sabado-en-el-real-club-maritimo-de-melilla\/","name":"CONCURSO GASTRON\u00d3MICO Y BAILE DE DISFRACES INFANTILES, ESTE S\u00c1BADO EN EL REAL CLUB M\u00c1RITIMO DE MELILLA - Real Club Mar\u00edtimo de Melilla","isPartOf":{"@id":"https:\/\/www.realclubmaritimomelilla.es\/clmar\/#website"},"primaryImageOfPage":{"@id":"https:\/\/www.realclubmaritimomelilla.es\/clmar\/concurso-gastronomico-y-baile-de-disfraces-infantiles-este-sabado-en-el-real-club-maritimo-de-melilla\/#primaryimage"},"image":{"@id":"https:\/\/www.realclubmaritimomelilla.es\/clmar\/concurso-gastronomico-y-baile-de-disfraces-infantiles-este-sabado-en-el-real-club-maritimo-de-melilla\/#primaryimage"},"thumbnailUrl":"https:\/\/www.realclubmaritimomelilla.es\/clmar\/wp-content\/uploads\/2019\/03\/concurso-paellas-2018.jpeg","datePublished":"2019-03-01T14:24:05+00:00","description":"CONCURSO GASTRON\u00d3MICO Y BAILE DE DISFRACES INFANTILES, ESTE S\u00c1BADO EN EL REAL CLUB M\u00c1RITIMO DE MELILLA -","breadcrumb":{"@id":"https:\/\/www.realclubmaritimomelilla.es\/clmar\/concurso-gastronomico-y-baile-de-disfraces-infantiles-este-sabado-en-el-real-club-maritimo-de-melilla\/#breadcrumb"},"inLanguage":"es","potentialAction":[{"@type":"ReadAction","target":["https:\/\/www.realclubmaritimomelilla.es\/clmar\/concurso-gastronomico-y-baile-de-disfraces-infantiles-este-sabado-en-el-real-club-maritimo-de-melilla\/"]}]},{"@type":"ImageObject","inLanguage":"es","@id":"https:\/\/www.realclubmaritimomelilla.es\/clmar\/concurso-gastronomico-y-baile-de-disfraces-infantiles-este-sabado-en-el-real-club-maritimo-de-melilla\/#primaryimage","url":"https:\/\/www.realclubmaritimomelilla.es\/clmar\/wp-content\/uploads\/2019\/03\/concurso-paellas-2018.jpeg","contentUrl":"https:\/\/www.realclubmaritimomelilla.es\/clmar\/wp-content\/uploads\/2019\/03\/concurso-paellas-2018.jpeg","width":1024,"height":683},{"@type":"BreadcrumbList","@id":"https:\/\/www.realclubmaritimomelilla.es\/clmar\/concurso-gastronomico-y-baile-de-disfraces-infantiles-este-sabado-en-el-real-club-maritimo-de-melilla\/#breadcrumb","itemListElement":[{"@type":"ListItem","position":1,"name":"Portada","item":"https:\/\/www.realclubmaritimomelilla.es\/clmar\/"},{"@type":"ListItem","position":2,"name":"CONCURSO GASTRON\u00d3MICO Y BAILE DE DISFRACES INFANTILES, ESTE S\u00c1BADO EN EL REAL CLUB M\u00c1RITIMO DE MELILLA"}]},{"@type":"WebSite","@id":"https:\/\/www.realclubmaritimomelilla.es\/clmar\/#website","url":"https:\/\/www.realclubmaritimomelilla.es\/clmar\/","name":"Real Club Mar\u00edtimo de Melilla","description":"RCMM","publisher":{"@id":"https:\/\/www.realclubmaritimomelilla.es\/clmar\/#organization"},"alternateName":"RCMM","potentialAction":[{"@type":"SearchAction","target":{"@type":"EntryPoint","urlTemplate":"https:\/\/www.realclubmaritimomelilla.es\/clmar\/?s={search_term_string}"},"query-input":{"@type":"PropertyValueSpecification","valueRequired":true,"valueName":"search_term_string"}}],"inLanguage":"es"},{"@type":"Organization","@id":"https:\/\/www.realclubmaritimomelilla.es\/clmar\/#organization","name":"Real Club Mar\u00edtimo de Melilla","alternateName":"RCMM","url":"https:\/\/www.realclubmaritimomelilla.es\/clmar\/","logo":{"@type":"ImageObject","inLanguage":"es","@id":"https:\/\/www.realclubmaritimomelilla.es\/clmar\/#\/schema\/logo\/image\/","url":"https:\/\/www.realclubmaritimomelilla.es\/clmar\/wp-content\/uploads\/logo-club-original-copia.jpg","contentUrl":"https:\/\/www.realclubmaritimomelilla.es\/clmar\/wp-content\/uploads\/logo-club-original-copia.jpg","width":128,"height":89,"caption":"Real Club Mar\u00edtimo de Melilla"},"image":{"@id":"https:\/\/www.realclubmaritimomelilla.es\/clmar\/#\/schema\/logo\/image\/"},"sameAs":["https:\/\/www.facebook.com\/Real-Club-Mar\u00edtimo-de-Melilla-588495841234214\/","https:\/\/x.com\/nauticarcmm","https:\/\/www.instagram.com\/club_maritimo_melilla\/","https:\/\/www.youtube.com\/@realclubmaritimodemelilla4703","https:\/\/es.wikipedia.org\/wiki\/Real_Club_Mar\u00edtimo_de_Melilla"]},{"@type":"Person","@id":"https:\/\/www.realclubmaritimomelilla.es\/clmar\/#\/schema\/person\/ebaa3713496dc6d48c872452e73a8e79","name":"RCMMelilla","image":{"@type":"ImageObject","inLanguage":"es","@id":"https:\/\/secure.gravatar.com\/avatar\/df1c24789360fb9308735c4ee556fc2bc5bf924bf01e53043b8b97ba272da33c?s=96&d=mm&r=g","url":"https:\/\/secure.gravatar.com\/avatar\/df1c24789360fb9308735c4ee556fc2bc5bf924bf01e53043b8b97ba272da33c?s=96&d=mm&r=g","contentUrl":"https:\/\/secure.gravatar.com\/avatar\/df1c24789360fb9308735c4ee556fc2bc5bf924bf01e53043b8b97ba272da33c?s=96&d=mm&r=g","caption":"RCMMelilla"}}]}},"_links":{"self":[{"href":"https:\/\/www.realclubmaritimomelilla.es\/clmar\/wp-json\/wp\/v2\/posts\/14264","targetHints":{"allow":["GET"]}}],"collection":[{"href":"https:\/\/www.realclubmaritimomelilla.es\/clmar\/wp-json\/wp\/v2\/posts"}],"about":[{"href":"https:\/\/www.realclubmaritimomelilla.es\/clmar\/wp-json\/wp\/v2\/types\/post"}],"author":[{"embeddable":true,"href":"https:\/\/www.realclubmaritimomelilla.es\/clmar\/wp-json\/wp\/v2\/users\/1"}],"replies":[{"embeddable":true,"href":"https:\/\/www.realclubmaritimomelilla.es\/clmar\/wp-json\/wp\/v2\/comments?post=14264"}],"version-history":[{"count":1,"href":"https:\/\/www.realclubmaritimomelilla.es\/clmar\/wp-json\/wp\/v2\/posts\/14264\/revisions"}],"predecessor-version":[{"id":14266,"href":"https:\/\/www.realclubmaritimomelilla.es\/clmar\/wp-json\/wp\/v2\/posts\/14264\/revisions\/14266"}],"wp:featuredmedia":[{"embeddable":true,"href":"https:\/\/www.realclubmaritimomelilla.es\/clmar\/wp-json\/wp\/v2\/media\/14265"}],"wp:attachment":[{"href":"https:\/\/www.realclubmaritimomelilla.es\/clmar\/wp-json\/wp\/v2\/media?parent=14264"}],"wp:term":[{"taxonomy":"category","embeddable":true,"href":"https:\/\/www.realclubmaritimomelilla.es\/clmar\/wp-json\/wp\/v2\/categories?post=14264"},{"taxonomy":"post_tag","embeddable":true,"href":"https:\/\/www.realclubmaritimomelilla.es\/clmar\/wp-json\/wp\/v2\/tags?post=14264"}],"curies":[{"name":"wp","href":"https:\/\/api.w.org\/{rel}","templated":true}]}}