{"id":14261,"date":"2019-03-01T15:21:36","date_gmt":"2019-03-01T14:21:36","guid":{"rendered":"http:\/\/www.clubmaritimomelilla.es\/clmar\/?p=14261"},"modified":"2019-03-01T15:21:36","modified_gmt":"2019-03-01T14:21:36","slug":"el-equipo-de-regatas-del-club-maritimo-de-melilla-en-la-semana-olimpica-de-andalucia","status":"publish","type":"post","link":"https:\/\/www.realclubmaritimomelilla.es\/clmar\/el-equipo-de-regatas-del-club-maritimo-de-melilla-en-la-semana-olimpica-de-andalucia\/","title":{"rendered":"EL EQUIPO DE REGATAS DEL CLUB MAR\u00cdTIMO DE MELILLA EN LA SEMANA OL\u00cdMPICA DE ANDALUCIA"},"content":{"rendered":"<div>Cuatro regatistas y un entrenador del Equipo de Regatas del Real Club Mar\u00edtimo de Melilla se han desplazado hasta C\u00e1diz, para hasta el domingo tomar parte en la Semana Ol\u00edmpica de Andaluc\u00eda.<\/div>\n<div><\/div>\n<div>Este es el segundo desplazamiento del a\u00f1o que realizan los regatistas de la entidad, para tomar parte en una competici\u00f3n de car\u00e1cter nacional. En este caso, hasta la bah\u00eda gaditana y el CN El Cano han viajado Miguel Due\u00f1as, Mar\u00eda Montesinos, Pablo Cervilla y Andr\u00e9s Sarri\u00e1, junto al entrenador Yasir Mohamed.<\/div>\n<div><\/div>\n<div>Los regatistas del Real Club Mar\u00edtimo de Melilla compiten en la clase l\u00e1ser 4.7 donde hay inscritos m\u00e1s de medio centenar de participantes, de distintas autonom\u00edas y tambi\u00e9n de varios pa\u00edses europeos. La Semana Ol\u00edmpica de Andaluc\u00eda es un punto de encuentro, de los principales regatistas nacionales en distintas clases de vela ligera, entre ellas las flotas ol\u00edmpicas.<\/div>\n<div><\/div>\n<div>La competici\u00f3n se prolongar\u00e1 hasta el domingo, con cuatro d\u00edas de regata que se iniciaron este jueves. Tras las tres primeras mangas del campeonato Pablo Cervilla se ha situado en el puesto 13\u00ba, en la posici\u00f3n quince se encuentra Miguel Due\u00f1as, Andr\u00e9s Sarri\u00e1 en el 18\u00ba y Mar\u00eda Montesinos es vig\u00e9sima.<\/div>\n","protected":false},"excerpt":{"rendered":"<p>Cuatro regatistas y un entrenador del Equipo de Regatas del Real Club Mar\u00edtimo de Melilla se han desplazado hasta C\u00e1diz, para hasta el domingo tomar parte en la Semana Ol\u00edmpica de Andaluc\u00eda. Este es el segundo desplazamiento del a\u00f1o que realizan los regatistas de la entidad, para tomar parte en una competici\u00f3n de car\u00e1cter nacional. [&hellip;]<\/p>\n","protected":false},"author":1,"featured_media":14262,"comment_status":"open","ping_status":"open","sticky":false,"template":"","format":"standard","meta":{"_acf_changed":false,"footnotes":""},"categories":[40,38],"tags":[],"class_list":["post-14261","post","type-post","status-publish","format-standard","has-post-thumbnail","hentry","category-club","category-nautica"],"acf":[],"yoast_head":"<!-- This site is optimized with the Yoast SEO plugin v27.5 - https:\/\/yoast.com\/product\/yoast-seo-wordpress\/ -->\n<title>EL EQUIPO DE REGATAS DEL CLUB MAR\u00cdTIMO DE MELILLA EN LA SEMANA OL\u00cdMPICA DE ANDALUCIA - Real Club Mar\u00edtimo de Melilla<\/title>\n<meta name=\"description\" content=\"EL EQUIPO DE REGATAS DEL CLUB MAR\u00cdTIMO DE MELILLA EN LA SEMANA OL\u00cdMPICA DE ANDALUCIA -\" \/>\n<meta name=\"robots\" content=\"index, follow, max-snippet:-1, max-image-preview:large, max-video-preview:-1\" \/>\n<link rel=\"canonical\" href=\"https:\/\/www.realclubmaritimomelilla.es\/clmar\/el-equipo-de-regatas-del-club-maritimo-de-melilla-en-la-semana-olimpica-de-andalucia\/\" \/>\n<meta property=\"og:locale\" content=\"es_ES\" \/>\n<meta property=\"og:type\" content=\"article\" \/>\n<meta property=\"og:title\" content=\"EL EQUIPO DE REGATAS DEL CLUB MAR\u00cdTIMO DE MELILLA EN LA SEMANA OL\u00cdMPICA DE ANDALUCIA - Real Club Mar\u00edtimo de Melilla\" \/>\n<meta property=\"og:description\" content=\"EL EQUIPO DE REGATAS DEL CLUB MAR\u00cdTIMO DE MELILLA EN LA SEMANA OL\u00cdMPICA DE ANDALUCIA -\" \/>\n<meta property=\"og:url\" content=\"https:\/\/www.realclubmaritimomelilla.es\/clmar\/el-equipo-de-regatas-del-club-maritimo-de-melilla-en-la-semana-olimpica-de-andalucia\/\" \/>\n<meta property=\"og:site_name\" content=\"Real Club Mar\u00edtimo de Melilla\" \/>\n<meta property=\"article:publisher\" content=\"https:\/\/www.facebook.com\/Real-Club-Mar%c3%adtimo-de-Melilla-588495841234214\/\" \/>\n<meta property=\"article:published_time\" content=\"2019-03-01T14:21:36+00:00\" \/>\n<meta property=\"og:image\" content=\"https:\/\/www.realclubmaritimomelilla.es\/clmar\/wp-content\/uploads\/2019\/03\/Equipo-de-Regata-RCMM-en-El-Cano.jpeg\" \/>\n\t<meta property=\"og:image:width\" content=\"1280\" \/>\n\t<meta property=\"og:image:height\" content=\"959\" \/>\n\t<meta property=\"og:image:type\" content=\"image\/jpeg\" \/>\n<meta name=\"author\" content=\"RCMMelilla\" \/>\n<meta name=\"twitter:card\" content=\"summary_large_image\" \/>\n<meta name=\"twitter:creator\" content=\"@nauticarcmm\" \/>\n<meta name=\"twitter:site\" content=\"@nauticarcmm\" \/>\n<meta name=\"twitter:label1\" content=\"Escrito por\" \/>\n\t<meta name=\"twitter:data1\" content=\"RCMMelilla\" \/>\n\t<meta name=\"twitter:label2\" content=\"Tiempo de lectura\" \/>\n\t<meta name=\"twitter:data2\" content=\"1 minuto\" \/>\n<script type=\"application\/ld+json\" class=\"yoast-schema-graph\">{\"@context\":\"https:\\\/\\\/schema.org\",\"@graph\":[{\"@type\":\"Article\",\"@id\":\"https:\\\/\\\/www.realclubmaritimomelilla.es\\\/clmar\\\/el-equipo-de-regatas-del-club-maritimo-de-melilla-en-la-semana-olimpica-de-andalucia\\\/#article\",\"isPartOf\":{\"@id\":\"https:\\\/\\\/www.realclubmaritimomelilla.es\\\/clmar\\\/el-equipo-de-regatas-del-club-maritimo-de-melilla-en-la-semana-olimpica-de-andalucia\\\/\"},\"author\":{\"name\":\"RCMMelilla\",\"@id\":\"https:\\\/\\\/www.realclubmaritimomelilla.es\\\/clmar\\\/#\\\/schema\\\/person\\\/ebaa3713496dc6d48c872452e73a8e79\"},\"headline\":\"EL EQUIPO DE REGATAS DEL CLUB MAR\u00cdTIMO DE MELILLA EN LA SEMANA OL\u00cdMPICA DE ANDALUCIA\",\"datePublished\":\"2019-03-01T14:21:36+00:00\",\"mainEntityOfPage\":{\"@id\":\"https:\\\/\\\/www.realclubmaritimomelilla.es\\\/clmar\\\/el-equipo-de-regatas-del-club-maritimo-de-melilla-en-la-semana-olimpica-de-andalucia\\\/\"},\"wordCount\":233,\"commentCount\":0,\"publisher\":{\"@id\":\"https:\\\/\\\/www.realclubmaritimomelilla.es\\\/clmar\\\/#organization\"},\"image\":{\"@id\":\"https:\\\/\\\/www.realclubmaritimomelilla.es\\\/clmar\\\/el-equipo-de-regatas-del-club-maritimo-de-melilla-en-la-semana-olimpica-de-andalucia\\\/#primaryimage\"},\"thumbnailUrl\":\"https:\\\/\\\/www.realclubmaritimomelilla.es\\\/clmar\\\/wp-content\\\/uploads\\\/2019\\\/03\\\/Equipo-de-Regata-RCMM-en-El-Cano.jpeg\",\"articleSection\":[\"Club\",\"N\u00e1utica\"],\"inLanguage\":\"es\",\"potentialAction\":[{\"@type\":\"CommentAction\",\"name\":\"Comment\",\"target\":[\"https:\\\/\\\/www.realclubmaritimomelilla.es\\\/clmar\\\/el-equipo-de-regatas-del-club-maritimo-de-melilla-en-la-semana-olimpica-de-andalucia\\\/#respond\"]}]},{\"@type\":\"WebPage\",\"@id\":\"https:\\\/\\\/www.realclubmaritimomelilla.es\\\/clmar\\\/el-equipo-de-regatas-del-club-maritimo-de-melilla-en-la-semana-olimpica-de-andalucia\\\/\",\"url\":\"https:\\\/\\\/www.realclubmaritimomelilla.es\\\/clmar\\\/el-equipo-de-regatas-del-club-maritimo-de-melilla-en-la-semana-olimpica-de-andalucia\\\/\",\"name\":\"EL EQUIPO DE REGATAS DEL CLUB MAR\u00cdTIMO DE MELILLA EN LA SEMANA OL\u00cdMPICA DE ANDALUCIA - Real Club Mar\u00edtimo de Melilla\",\"isPartOf\":{\"@id\":\"https:\\\/\\\/www.realclubmaritimomelilla.es\\\/clmar\\\/#website\"},\"primaryImageOfPage\":{\"@id\":\"https:\\\/\\\/www.realclubmaritimomelilla.es\\\/clmar\\\/el-equipo-de-regatas-del-club-maritimo-de-melilla-en-la-semana-olimpica-de-andalucia\\\/#primaryimage\"},\"image\":{\"@id\":\"https:\\\/\\\/www.realclubmaritimomelilla.es\\\/clmar\\\/el-equipo-de-regatas-del-club-maritimo-de-melilla-en-la-semana-olimpica-de-andalucia\\\/#primaryimage\"},\"thumbnailUrl\":\"https:\\\/\\\/www.realclubmaritimomelilla.es\\\/clmar\\\/wp-content\\\/uploads\\\/2019\\\/03\\\/Equipo-de-Regata-RCMM-en-El-Cano.jpeg\",\"datePublished\":\"2019-03-01T14:21:36+00:00\",\"description\":\"EL EQUIPO DE REGATAS DEL CLUB MAR\u00cdTIMO DE MELILLA EN LA SEMANA OL\u00cdMPICA DE ANDALUCIA -\",\"breadcrumb\":{\"@id\":\"https:\\\/\\\/www.realclubmaritimomelilla.es\\\/clmar\\\/el-equipo-de-regatas-del-club-maritimo-de-melilla-en-la-semana-olimpica-de-andalucia\\\/#breadcrumb\"},\"inLanguage\":\"es\",\"potentialAction\":[{\"@type\":\"ReadAction\",\"target\":[\"https:\\\/\\\/www.realclubmaritimomelilla.es\\\/clmar\\\/el-equipo-de-regatas-del-club-maritimo-de-melilla-en-la-semana-olimpica-de-andalucia\\\/\"]}]},{\"@type\":\"ImageObject\",\"inLanguage\":\"es\",\"@id\":\"https:\\\/\\\/www.realclubmaritimomelilla.es\\\/clmar\\\/el-equipo-de-regatas-del-club-maritimo-de-melilla-en-la-semana-olimpica-de-andalucia\\\/#primaryimage\",\"url\":\"https:\\\/\\\/www.realclubmaritimomelilla.es\\\/clmar\\\/wp-content\\\/uploads\\\/2019\\\/03\\\/Equipo-de-Regata-RCMM-en-El-Cano.jpeg\",\"contentUrl\":\"https:\\\/\\\/www.realclubmaritimomelilla.es\\\/clmar\\\/wp-content\\\/uploads\\\/2019\\\/03\\\/Equipo-de-Regata-RCMM-en-El-Cano.jpeg\",\"width\":1280,\"height\":959},{\"@type\":\"BreadcrumbList\",\"@id\":\"https:\\\/\\\/www.realclubmaritimomelilla.es\\\/clmar\\\/el-equipo-de-regatas-del-club-maritimo-de-melilla-en-la-semana-olimpica-de-andalucia\\\/#breadcrumb\",\"itemListElement\":[{\"@type\":\"ListItem\",\"position\":1,\"name\":\"Portada\",\"item\":\"https:\\\/\\\/www.realclubmaritimomelilla.es\\\/clmar\\\/\"},{\"@type\":\"ListItem\",\"position\":2,\"name\":\"EL EQUIPO DE REGATAS DEL CLUB MAR\u00cdTIMO DE MELILLA EN LA SEMANA OL\u00cdMPICA DE ANDALUCIA\"}]},{\"@type\":\"WebSite\",\"@id\":\"https:\\\/\\\/www.realclubmaritimomelilla.es\\\/clmar\\\/#website\",\"url\":\"https:\\\/\\\/www.realclubmaritimomelilla.es\\\/clmar\\\/\",\"name\":\"Real Club Mar\u00edtimo de Melilla\",\"description\":\"RCMM\",\"publisher\":{\"@id\":\"https:\\\/\\\/www.realclubmaritimomelilla.es\\\/clmar\\\/#organization\"},\"alternateName\":\"RCMM\",\"potentialAction\":[{\"@type\":\"SearchAction\",\"target\":{\"@type\":\"EntryPoint\",\"urlTemplate\":\"https:\\\/\\\/www.realclubmaritimomelilla.es\\\/clmar\\\/?s={search_term_string}\"},\"query-input\":{\"@type\":\"PropertyValueSpecification\",\"valueRequired\":true,\"valueName\":\"search_term_string\"}}],\"inLanguage\":\"es\"},{\"@type\":\"Organization\",\"@id\":\"https:\\\/\\\/www.realclubmaritimomelilla.es\\\/clmar\\\/#organization\",\"name\":\"Real Club Mar\u00edtimo de Melilla\",\"alternateName\":\"RCMM\",\"url\":\"https:\\\/\\\/www.realclubmaritimomelilla.es\\\/clmar\\\/\",\"logo\":{\"@type\":\"ImageObject\",\"inLanguage\":\"es\",\"@id\":\"https:\\\/\\\/www.realclubmaritimomelilla.es\\\/clmar\\\/#\\\/schema\\\/logo\\\/image\\\/\",\"url\":\"https:\\\/\\\/www.realclubmaritimomelilla.es\\\/clmar\\\/wp-content\\\/uploads\\\/logo-club-original-copia.jpg\",\"contentUrl\":\"https:\\\/\\\/www.realclubmaritimomelilla.es\\\/clmar\\\/wp-content\\\/uploads\\\/logo-club-original-copia.jpg\",\"width\":128,\"height\":89,\"caption\":\"Real Club Mar\u00edtimo de Melilla\"},\"image\":{\"@id\":\"https:\\\/\\\/www.realclubmaritimomelilla.es\\\/clmar\\\/#\\\/schema\\\/logo\\\/image\\\/\"},\"sameAs\":[\"https:\\\/\\\/www.facebook.com\\\/Real-Club-Mar\u00edtimo-de-Melilla-588495841234214\\\/\",\"https:\\\/\\\/x.com\\\/nauticarcmm\",\"https:\\\/\\\/www.instagram.com\\\/club_maritimo_melilla\\\/\",\"https:\\\/\\\/www.youtube.com\\\/@realclubmaritimodemelilla4703\",\"https:\\\/\\\/es.wikipedia.org\\\/wiki\\\/Real_Club_Mar\u00edtimo_de_Melilla\"]},{\"@type\":\"Person\",\"@id\":\"https:\\\/\\\/www.realclubmaritimomelilla.es\\\/clmar\\\/#\\\/schema\\\/person\\\/ebaa3713496dc6d48c872452e73a8e79\",\"name\":\"RCMMelilla\",\"image\":{\"@type\":\"ImageObject\",\"inLanguage\":\"es\",\"@id\":\"https:\\\/\\\/secure.gravatar.com\\\/avatar\\\/df1c24789360fb9308735c4ee556fc2bc5bf924bf01e53043b8b97ba272da33c?s=96&d=mm&r=g\",\"url\":\"https:\\\/\\\/secure.gravatar.com\\\/avatar\\\/df1c24789360fb9308735c4ee556fc2bc5bf924bf01e53043b8b97ba272da33c?s=96&d=mm&r=g\",\"contentUrl\":\"https:\\\/\\\/secure.gravatar.com\\\/avatar\\\/df1c24789360fb9308735c4ee556fc2bc5bf924bf01e53043b8b97ba272da33c?s=96&d=mm&r=g\",\"caption\":\"RCMMelilla\"}}]}<\/script>\n<!-- \/ Yoast SEO plugin. -->","yoast_head_json":{"title":"EL EQUIPO DE REGATAS DEL CLUB MAR\u00cdTIMO DE MELILLA EN LA SEMANA OL\u00cdMPICA DE ANDALUCIA - Real Club Mar\u00edtimo de Melilla","description":"EL EQUIPO DE REGATAS DEL CLUB MAR\u00cdTIMO DE MELILLA EN LA SEMANA OL\u00cdMPICA DE ANDALUCIA -","robots":{"index":"index","follow":"follow","max-snippet":"max-snippet:-1","max-image-preview":"max-image-preview:large","max-video-preview":"max-video-preview:-1"},"canonical":"https:\/\/www.realclubmaritimomelilla.es\/clmar\/el-equipo-de-regatas-del-club-maritimo-de-melilla-en-la-semana-olimpica-de-andalucia\/","og_locale":"es_ES","og_type":"article","og_title":"EL EQUIPO DE REGATAS DEL CLUB MAR\u00cdTIMO DE MELILLA EN LA SEMANA OL\u00cdMPICA DE ANDALUCIA - Real Club Mar\u00edtimo de Melilla","og_description":"EL EQUIPO DE REGATAS DEL CLUB MAR\u00cdTIMO DE MELILLA EN LA SEMANA OL\u00cdMPICA DE ANDALUCIA -","og_url":"https:\/\/www.realclubmaritimomelilla.es\/clmar\/el-equipo-de-regatas-del-club-maritimo-de-melilla-en-la-semana-olimpica-de-andalucia\/","og_site_name":"Real Club Mar\u00edtimo de Melilla","article_publisher":"https:\/\/www.facebook.com\/Real-Club-Mar%c3%adtimo-de-Melilla-588495841234214\/","article_published_time":"2019-03-01T14:21:36+00:00","og_image":[{"width":1280,"height":959,"url":"https:\/\/www.realclubmaritimomelilla.es\/clmar\/wp-content\/uploads\/2019\/03\/Equipo-de-Regata-RCMM-en-El-Cano.jpeg","type":"image\/jpeg"}],"author":"RCMMelilla","twitter_card":"summary_large_image","twitter_creator":"@nauticarcmm","twitter_site":"@nauticarcmm","twitter_misc":{"Escrito por":"RCMMelilla","Tiempo de lectura":"1 minuto"},"schema":{"@context":"https:\/\/schema.org","@graph":[{"@type":"Article","@id":"https:\/\/www.realclubmaritimomelilla.es\/clmar\/el-equipo-de-regatas-del-club-maritimo-de-melilla-en-la-semana-olimpica-de-andalucia\/#article","isPartOf":{"@id":"https:\/\/www.realclubmaritimomelilla.es\/clmar\/el-equipo-de-regatas-del-club-maritimo-de-melilla-en-la-semana-olimpica-de-andalucia\/"},"author":{"name":"RCMMelilla","@id":"https:\/\/www.realclubmaritimomelilla.es\/clmar\/#\/schema\/person\/ebaa3713496dc6d48c872452e73a8e79"},"headline":"EL EQUIPO DE REGATAS DEL CLUB MAR\u00cdTIMO DE MELILLA EN LA SEMANA OL\u00cdMPICA DE ANDALUCIA","datePublished":"2019-03-01T14:21:36+00:00","mainEntityOfPage":{"@id":"https:\/\/www.realclubmaritimomelilla.es\/clmar\/el-equipo-de-regatas-del-club-maritimo-de-melilla-en-la-semana-olimpica-de-andalucia\/"},"wordCount":233,"commentCount":0,"publisher":{"@id":"https:\/\/www.realclubmaritimomelilla.es\/clmar\/#organization"},"image":{"@id":"https:\/\/www.realclubmaritimomelilla.es\/clmar\/el-equipo-de-regatas-del-club-maritimo-de-melilla-en-la-semana-olimpica-de-andalucia\/#primaryimage"},"thumbnailUrl":"https:\/\/www.realclubmaritimomelilla.es\/clmar\/wp-content\/uploads\/2019\/03\/Equipo-de-Regata-RCMM-en-El-Cano.jpeg","articleSection":["Club","N\u00e1utica"],"inLanguage":"es","potentialAction":[{"@type":"CommentAction","name":"Comment","target":["https:\/\/www.realclubmaritimomelilla.es\/clmar\/el-equipo-de-regatas-del-club-maritimo-de-melilla-en-la-semana-olimpica-de-andalucia\/#respond"]}]},{"@type":"WebPage","@id":"https:\/\/www.realclubmaritimomelilla.es\/clmar\/el-equipo-de-regatas-del-club-maritimo-de-melilla-en-la-semana-olimpica-de-andalucia\/","url":"https:\/\/www.realclubmaritimomelilla.es\/clmar\/el-equipo-de-regatas-del-club-maritimo-de-melilla-en-la-semana-olimpica-de-andalucia\/","name":"EL EQUIPO DE REGATAS DEL CLUB MAR\u00cdTIMO DE MELILLA EN LA SEMANA OL\u00cdMPICA DE ANDALUCIA - Real Club Mar\u00edtimo de Melilla","isPartOf":{"@id":"https:\/\/www.realclubmaritimomelilla.es\/clmar\/#website"},"primaryImageOfPage":{"@id":"https:\/\/www.realclubmaritimomelilla.es\/clmar\/el-equipo-de-regatas-del-club-maritimo-de-melilla-en-la-semana-olimpica-de-andalucia\/#primaryimage"},"image":{"@id":"https:\/\/www.realclubmaritimomelilla.es\/clmar\/el-equipo-de-regatas-del-club-maritimo-de-melilla-en-la-semana-olimpica-de-andalucia\/#primaryimage"},"thumbnailUrl":"https:\/\/www.realclubmaritimomelilla.es\/clmar\/wp-content\/uploads\/2019\/03\/Equipo-de-Regata-RCMM-en-El-Cano.jpeg","datePublished":"2019-03-01T14:21:36+00:00","description":"EL EQUIPO DE REGATAS DEL CLUB MAR\u00cdTIMO DE MELILLA EN LA SEMANA OL\u00cdMPICA DE ANDALUCIA -","breadcrumb":{"@id":"https:\/\/www.realclubmaritimomelilla.es\/clmar\/el-equipo-de-regatas-del-club-maritimo-de-melilla-en-la-semana-olimpica-de-andalucia\/#breadcrumb"},"inLanguage":"es","potentialAction":[{"@type":"ReadAction","target":["https:\/\/www.realclubmaritimomelilla.es\/clmar\/el-equipo-de-regatas-del-club-maritimo-de-melilla-en-la-semana-olimpica-de-andalucia\/"]}]},{"@type":"ImageObject","inLanguage":"es","@id":"https:\/\/www.realclubmaritimomelilla.es\/clmar\/el-equipo-de-regatas-del-club-maritimo-de-melilla-en-la-semana-olimpica-de-andalucia\/#primaryimage","url":"https:\/\/www.realclubmaritimomelilla.es\/clmar\/wp-content\/uploads\/2019\/03\/Equipo-de-Regata-RCMM-en-El-Cano.jpeg","contentUrl":"https:\/\/www.realclubmaritimomelilla.es\/clmar\/wp-content\/uploads\/2019\/03\/Equipo-de-Regata-RCMM-en-El-Cano.jpeg","width":1280,"height":959},{"@type":"BreadcrumbList","@id":"https:\/\/www.realclubmaritimomelilla.es\/clmar\/el-equipo-de-regatas-del-club-maritimo-de-melilla-en-la-semana-olimpica-de-andalucia\/#breadcrumb","itemListElement":[{"@type":"ListItem","position":1,"name":"Portada","item":"https:\/\/www.realclubmaritimomelilla.es\/clmar\/"},{"@type":"ListItem","position":2,"name":"EL EQUIPO DE REGATAS DEL CLUB MAR\u00cdTIMO DE MELILLA EN LA SEMANA OL\u00cdMPICA DE ANDALUCIA"}]},{"@type":"WebSite","@id":"https:\/\/www.realclubmaritimomelilla.es\/clmar\/#website","url":"https:\/\/www.realclubmaritimomelilla.es\/clmar\/","name":"Real Club Mar\u00edtimo de Melilla","description":"RCMM","publisher":{"@id":"https:\/\/www.realclubmaritimomelilla.es\/clmar\/#organization"},"alternateName":"RCMM","potentialAction":[{"@type":"SearchAction","target":{"@type":"EntryPoint","urlTemplate":"https:\/\/www.realclubmaritimomelilla.es\/clmar\/?s={search_term_string}"},"query-input":{"@type":"PropertyValueSpecification","valueRequired":true,"valueName":"search_term_string"}}],"inLanguage":"es"},{"@type":"Organization","@id":"https:\/\/www.realclubmaritimomelilla.es\/clmar\/#organization","name":"Real Club Mar\u00edtimo de Melilla","alternateName":"RCMM","url":"https:\/\/www.realclubmaritimomelilla.es\/clmar\/","logo":{"@type":"ImageObject","inLanguage":"es","@id":"https:\/\/www.realclubmaritimomelilla.es\/clmar\/#\/schema\/logo\/image\/","url":"https:\/\/www.realclubmaritimomelilla.es\/clmar\/wp-content\/uploads\/logo-club-original-copia.jpg","contentUrl":"https:\/\/www.realclubmaritimomelilla.es\/clmar\/wp-content\/uploads\/logo-club-original-copia.jpg","width":128,"height":89,"caption":"Real Club Mar\u00edtimo de Melilla"},"image":{"@id":"https:\/\/www.realclubmaritimomelilla.es\/clmar\/#\/schema\/logo\/image\/"},"sameAs":["https:\/\/www.facebook.com\/Real-Club-Mar\u00edtimo-de-Melilla-588495841234214\/","https:\/\/x.com\/nauticarcmm","https:\/\/www.instagram.com\/club_maritimo_melilla\/","https:\/\/www.youtube.com\/@realclubmaritimodemelilla4703","https:\/\/es.wikipedia.org\/wiki\/Real_Club_Mar\u00edtimo_de_Melilla"]},{"@type":"Person","@id":"https:\/\/www.realclubmaritimomelilla.es\/clmar\/#\/schema\/person\/ebaa3713496dc6d48c872452e73a8e79","name":"RCMMelilla","image":{"@type":"ImageObject","inLanguage":"es","@id":"https:\/\/secure.gravatar.com\/avatar\/df1c24789360fb9308735c4ee556fc2bc5bf924bf01e53043b8b97ba272da33c?s=96&d=mm&r=g","url":"https:\/\/secure.gravatar.com\/avatar\/df1c24789360fb9308735c4ee556fc2bc5bf924bf01e53043b8b97ba272da33c?s=96&d=mm&r=g","contentUrl":"https:\/\/secure.gravatar.com\/avatar\/df1c24789360fb9308735c4ee556fc2bc5bf924bf01e53043b8b97ba272da33c?s=96&d=mm&r=g","caption":"RCMMelilla"}}]}},"_links":{"self":[{"href":"https:\/\/www.realclubmaritimomelilla.es\/clmar\/wp-json\/wp\/v2\/posts\/14261","targetHints":{"allow":["GET"]}}],"collection":[{"href":"https:\/\/www.realclubmaritimomelilla.es\/clmar\/wp-json\/wp\/v2\/posts"}],"about":[{"href":"https:\/\/www.realclubmaritimomelilla.es\/clmar\/wp-json\/wp\/v2\/types\/post"}],"author":[{"embeddable":true,"href":"https:\/\/www.realclubmaritimomelilla.es\/clmar\/wp-json\/wp\/v2\/users\/1"}],"replies":[{"embeddable":true,"href":"https:\/\/www.realclubmaritimomelilla.es\/clmar\/wp-json\/wp\/v2\/comments?post=14261"}],"version-history":[{"count":1,"href":"https:\/\/www.realclubmaritimomelilla.es\/clmar\/wp-json\/wp\/v2\/posts\/14261\/revisions"}],"predecessor-version":[{"id":14263,"href":"https:\/\/www.realclubmaritimomelilla.es\/clmar\/wp-json\/wp\/v2\/posts\/14261\/revisions\/14263"}],"wp:featuredmedia":[{"embeddable":true,"href":"https:\/\/www.realclubmaritimomelilla.es\/clmar\/wp-json\/wp\/v2\/media\/14262"}],"wp:attachment":[{"href":"https:\/\/www.realclubmaritimomelilla.es\/clmar\/wp-json\/wp\/v2\/media?parent=14261"}],"wp:term":[{"taxonomy":"category","embeddable":true,"href":"https:\/\/www.realclubmaritimomelilla.es\/clmar\/wp-json\/wp\/v2\/categories?post=14261"},{"taxonomy":"post_tag","embeddable":true,"href":"https:\/\/www.realclubmaritimomelilla.es\/clmar\/wp-json\/wp\/v2\/tags?post=14261"}],"curies":[{"name":"wp","href":"https:\/\/api.w.org\/{rel}","templated":true}]}}