{"id":14253,"date":"2019-02-14T20:06:46","date_gmt":"2019-02-14T19:06:46","guid":{"rendered":"http:\/\/www.clubmaritimomelilla.es\/clmar\/?p=14253"},"modified":"2021-07-20T11:38:56","modified_gmt":"2021-07-20T09:38:56","slug":"azul-sanchez-y-aitana-duarte-suben-al-podio-de-la-copa-de-espana-wind-surf","status":"publish","type":"post","link":"https:\/\/www.realclubmaritimomelilla.es\/clmar\/azul-sanchez-y-aitana-duarte-suben-al-podio-de-la-copa-de-espana-wind-surf\/","title":{"rendered":"AZUL S\u00c1NCHEZ Y AITANA DUARTE SUBEN AL PODIO DE LA COPA DE ESPA\u00d1A WIND SURF"},"content":{"rendered":"<p>La Copa de Espa\u00f1a de Wind Surf para la clase Techno 293 ha concluido esta tarde en Las Palmas de Gran Canaria, con un notable \u00e9xito para la selecci\u00f3n melillense. Las tres regatistas Del Real Club Mar\u00edtimo han realizado un notable papel, subiendo al podio en sub-15\u00a0 femenino tanto Azul S\u00e1nchez como Aitana Duarte, y qued\u00e1ndose a las puertas Cristina Padilla con un cuarto puesto en sub-17 femenino.<\/p>\n<p>La competici\u00f3n se ha desarrollado durante el fin de semana en el campo de regatas Del Real Club N\u00e1utico de Gran Canaria. La delegaci\u00f3n melillense ha estado compuesta por tres regatistas y el entrenador Fidel Mart\u00ednez, logrando mantenerse en las primeras posiciones del ranking femenino.<\/p>\n<p>Azul S\u00e1nchez ha vuelto a subir al podio en la Copa de Espa\u00f1a, con un destacado subcampeonato. Mientras que Aitana Duarte ha logrado defender su tercera posici\u00f3n en la clasificaci\u00f3n sub-15 femenina, para acompa\u00f1ar a Azul en los puestos de honor de la competici\u00f3n de la Real Federaci\u00f3n Espa\u00f1ola de Vela.<\/p>\n<p>El segundo y tercer puesto de Azul y Aitana tiene mucho m\u00e1s m\u00e9rito, si tenemos en cuenta que con once y diez a\u00f1os respectivamente han competido contra regatistas de m\u00e1s edad encuadradas dentro de la categor\u00eda sub-15.<\/p>\n<p>En\u00a0 la clasificaci\u00f3n general conjunto de Techno 293 sub15, Azul S\u00e1nchez ha acabado d\u00e9cima, mientras que Aitana Duarte und\u00e9cima.<\/p>\n<p>De igual forma, Azul y Aitana tambi\u00e9n han subido al podio para recibir los galardones entregados por la organizaci\u00f3n a la primera y segunda clasificada como sub13.<\/p>\n<p>Por su parte, Cristina Padilla ha acabado cuarta femenina en sub17. De hecho, ha estado peleando por el tercer escal\u00f3n del podio hasta la \u00faltima prueba del campeonato, en el que su reacci\u00f3n no ha sido suficiente para superar a la regatista valenciana que al final ha logrado la medalla de bronce con s\u00f3lo cuatro puntos de ventaja sobre la melillense.<\/p>\n<p>Fidel Mart\u00ednez, al final de la competici\u00f3n, ha afirmado que \u201ctenemos que sentirnos muy orgullosos de estas deportistas, que han competido en el caso de Azul y Aitana contra regatistas con m\u00e1s edad y experiencia que ellas, mientras que hay que destacar que Cristina lo ha intentado hasta el final y simplemente su rival tambi\u00e9n lo ha hecho muy bien y por escasa diferencia ha sido tercera y nuestra regatista cuarta\u201d.<\/p>\n","protected":false},"excerpt":{"rendered":"<p>La Copa de Espa\u00f1a de Wind Surf para la clase Techno 293 ha concluido esta tarde en Las Palmas de Gran Canaria, con un notable \u00e9xito para la selecci\u00f3n melillense. Las tres regatistas Del Real Club Mar\u00edtimo han realizado un notable papel, subiendo al podio en sub-15\u00a0 femenino tanto Azul S\u00e1nchez como Aitana Duarte, y [&hellip;]<\/p>\n","protected":false},"author":1,"featured_media":14254,"comment_status":"open","ping_status":"open","sticky":false,"template":"","format":"standard","meta":{"_acf_changed":false,"footnotes":""},"categories":[40,38],"tags":[],"class_list":["post-14253","post","type-post","status-publish","format-standard","has-post-thumbnail","hentry","category-club","category-nautica"],"acf":[],"yoast_head":"<!-- This site is optimized with the Yoast SEO plugin v27.5 - https:\/\/yoast.com\/product\/yoast-seo-wordpress\/ -->\n<title>AZUL S\u00c1NCHEZ Y AITANA DUARTE SUBEN AL PODIO DE LA COPA DE ESPA\u00d1A WIND SURF - Real Club Mar\u00edtimo de Melilla<\/title>\n<meta name=\"description\" content=\"AZUL S\u00c1NCHEZ Y AITANA DUARTE SUBEN AL PODIO DE LA COPA DE ESPA\u00d1A WIND SURF -\" \/>\n<meta name=\"robots\" content=\"index, follow, max-snippet:-1, max-image-preview:large, max-video-preview:-1\" \/>\n<link rel=\"canonical\" href=\"https:\/\/www.realclubmaritimomelilla.es\/clmar\/azul-sanchez-y-aitana-duarte-suben-al-podio-de-la-copa-de-espana-wind-surf\/\" \/>\n<meta property=\"og:locale\" content=\"es_ES\" \/>\n<meta property=\"og:type\" content=\"article\" \/>\n<meta property=\"og:title\" content=\"AZUL S\u00c1NCHEZ Y AITANA DUARTE SUBEN AL PODIO DE LA COPA DE ESPA\u00d1A WIND SURF - Real Club Mar\u00edtimo de Melilla\" \/>\n<meta property=\"og:description\" content=\"AZUL S\u00c1NCHEZ Y AITANA DUARTE SUBEN AL PODIO DE LA COPA DE ESPA\u00d1A WIND SURF -\" \/>\n<meta property=\"og:url\" content=\"https:\/\/www.realclubmaritimomelilla.es\/clmar\/azul-sanchez-y-aitana-duarte-suben-al-podio-de-la-copa-de-espana-wind-surf\/\" \/>\n<meta property=\"og:site_name\" content=\"Real Club Mar\u00edtimo de Melilla\" \/>\n<meta property=\"article:publisher\" content=\"https:\/\/www.facebook.com\/Real-Club-Mar%c3%adtimo-de-Melilla-588495841234214\/\" \/>\n<meta property=\"article:published_time\" content=\"2019-02-14T19:06:46+00:00\" \/>\n<meta property=\"article:modified_time\" content=\"2021-07-20T09:38:56+00:00\" \/>\n<meta property=\"og:image\" content=\"https:\/\/www.realclubmaritimomelilla.es\/clmar\/wp-content\/uploads\/2019\/02\/Expedici\u00f3n-del-RCMM-a-la-Copa.jpg\" \/>\n\t<meta property=\"og:image:width\" content=\"1000\" \/>\n\t<meta property=\"og:image:height\" content=\"750\" \/>\n\t<meta property=\"og:image:type\" content=\"image\/jpeg\" \/>\n<meta name=\"author\" content=\"RCMMelilla\" \/>\n<meta name=\"twitter:card\" content=\"summary_large_image\" \/>\n<meta name=\"twitter:creator\" content=\"@nauticarcmm\" \/>\n<meta name=\"twitter:site\" content=\"@nauticarcmm\" \/>\n<meta name=\"twitter:label1\" content=\"Escrito por\" \/>\n\t<meta name=\"twitter:data1\" content=\"RCMMelilla\" \/>\n\t<meta name=\"twitter:label2\" content=\"Tiempo de lectura\" \/>\n\t<meta name=\"twitter:data2\" content=\"2 minutos\" \/>\n<script type=\"application\/ld+json\" class=\"yoast-schema-graph\">{\"@context\":\"https:\\\/\\\/schema.org\",\"@graph\":[{\"@type\":\"Article\",\"@id\":\"https:\\\/\\\/www.realclubmaritimomelilla.es\\\/clmar\\\/azul-sanchez-y-aitana-duarte-suben-al-podio-de-la-copa-de-espana-wind-surf\\\/#article\",\"isPartOf\":{\"@id\":\"https:\\\/\\\/www.realclubmaritimomelilla.es\\\/clmar\\\/azul-sanchez-y-aitana-duarte-suben-al-podio-de-la-copa-de-espana-wind-surf\\\/\"},\"author\":{\"name\":\"RCMMelilla\",\"@id\":\"https:\\\/\\\/www.realclubmaritimomelilla.es\\\/clmar\\\/#\\\/schema\\\/person\\\/ebaa3713496dc6d48c872452e73a8e79\"},\"headline\":\"AZUL S\u00c1NCHEZ Y AITANA DUARTE SUBEN AL PODIO DE LA COPA DE ESPA\u00d1A WIND SURF\",\"datePublished\":\"2019-02-14T19:06:46+00:00\",\"dateModified\":\"2021-07-20T09:38:56+00:00\",\"mainEntityOfPage\":{\"@id\":\"https:\\\/\\\/www.realclubmaritimomelilla.es\\\/clmar\\\/azul-sanchez-y-aitana-duarte-suben-al-podio-de-la-copa-de-espana-wind-surf\\\/\"},\"wordCount\":429,\"commentCount\":0,\"publisher\":{\"@id\":\"https:\\\/\\\/www.realclubmaritimomelilla.es\\\/clmar\\\/#organization\"},\"image\":{\"@id\":\"https:\\\/\\\/www.realclubmaritimomelilla.es\\\/clmar\\\/azul-sanchez-y-aitana-duarte-suben-al-podio-de-la-copa-de-espana-wind-surf\\\/#primaryimage\"},\"thumbnailUrl\":\"https:\\\/\\\/www.realclubmaritimomelilla.es\\\/clmar\\\/wp-content\\\/uploads\\\/2019\\\/02\\\/Expedici\u00f3n-del-RCMM-a-la-Copa.jpg\",\"articleSection\":[\"Club\",\"N\u00e1utica\"],\"inLanguage\":\"es\",\"potentialAction\":[{\"@type\":\"CommentAction\",\"name\":\"Comment\",\"target\":[\"https:\\\/\\\/www.realclubmaritimomelilla.es\\\/clmar\\\/azul-sanchez-y-aitana-duarte-suben-al-podio-de-la-copa-de-espana-wind-surf\\\/#respond\"]}]},{\"@type\":\"WebPage\",\"@id\":\"https:\\\/\\\/www.realclubmaritimomelilla.es\\\/clmar\\\/azul-sanchez-y-aitana-duarte-suben-al-podio-de-la-copa-de-espana-wind-surf\\\/\",\"url\":\"https:\\\/\\\/www.realclubmaritimomelilla.es\\\/clmar\\\/azul-sanchez-y-aitana-duarte-suben-al-podio-de-la-copa-de-espana-wind-surf\\\/\",\"name\":\"AZUL S\u00c1NCHEZ Y AITANA DUARTE SUBEN AL PODIO DE LA COPA DE ESPA\u00d1A WIND SURF - Real Club Mar\u00edtimo de Melilla\",\"isPartOf\":{\"@id\":\"https:\\\/\\\/www.realclubmaritimomelilla.es\\\/clmar\\\/#website\"},\"primaryImageOfPage\":{\"@id\":\"https:\\\/\\\/www.realclubmaritimomelilla.es\\\/clmar\\\/azul-sanchez-y-aitana-duarte-suben-al-podio-de-la-copa-de-espana-wind-surf\\\/#primaryimage\"},\"image\":{\"@id\":\"https:\\\/\\\/www.realclubmaritimomelilla.es\\\/clmar\\\/azul-sanchez-y-aitana-duarte-suben-al-podio-de-la-copa-de-espana-wind-surf\\\/#primaryimage\"},\"thumbnailUrl\":\"https:\\\/\\\/www.realclubmaritimomelilla.es\\\/clmar\\\/wp-content\\\/uploads\\\/2019\\\/02\\\/Expedici\u00f3n-del-RCMM-a-la-Copa.jpg\",\"datePublished\":\"2019-02-14T19:06:46+00:00\",\"dateModified\":\"2021-07-20T09:38:56+00:00\",\"description\":\"AZUL S\u00c1NCHEZ Y AITANA DUARTE SUBEN AL PODIO DE LA COPA DE ESPA\u00d1A WIND SURF -\",\"breadcrumb\":{\"@id\":\"https:\\\/\\\/www.realclubmaritimomelilla.es\\\/clmar\\\/azul-sanchez-y-aitana-duarte-suben-al-podio-de-la-copa-de-espana-wind-surf\\\/#breadcrumb\"},\"inLanguage\":\"es\",\"potentialAction\":[{\"@type\":\"ReadAction\",\"target\":[\"https:\\\/\\\/www.realclubmaritimomelilla.es\\\/clmar\\\/azul-sanchez-y-aitana-duarte-suben-al-podio-de-la-copa-de-espana-wind-surf\\\/\"]}]},{\"@type\":\"ImageObject\",\"inLanguage\":\"es\",\"@id\":\"https:\\\/\\\/www.realclubmaritimomelilla.es\\\/clmar\\\/azul-sanchez-y-aitana-duarte-suben-al-podio-de-la-copa-de-espana-wind-surf\\\/#primaryimage\",\"url\":\"https:\\\/\\\/www.realclubmaritimomelilla.es\\\/clmar\\\/wp-content\\\/uploads\\\/2019\\\/02\\\/Expedici\u00f3n-del-RCMM-a-la-Copa.jpg\",\"contentUrl\":\"https:\\\/\\\/www.realclubmaritimomelilla.es\\\/clmar\\\/wp-content\\\/uploads\\\/2019\\\/02\\\/Expedici\u00f3n-del-RCMM-a-la-Copa.jpg\",\"width\":1000,\"height\":750},{\"@type\":\"BreadcrumbList\",\"@id\":\"https:\\\/\\\/www.realclubmaritimomelilla.es\\\/clmar\\\/azul-sanchez-y-aitana-duarte-suben-al-podio-de-la-copa-de-espana-wind-surf\\\/#breadcrumb\",\"itemListElement\":[{\"@type\":\"ListItem\",\"position\":1,\"name\":\"Portada\",\"item\":\"https:\\\/\\\/www.realclubmaritimomelilla.es\\\/clmar\\\/\"},{\"@type\":\"ListItem\",\"position\":2,\"name\":\"AZUL S\u00c1NCHEZ Y AITANA DUARTE SUBEN AL PODIO DE LA COPA DE ESPA\u00d1A WIND SURF\"}]},{\"@type\":\"WebSite\",\"@id\":\"https:\\\/\\\/www.realclubmaritimomelilla.es\\\/clmar\\\/#website\",\"url\":\"https:\\\/\\\/www.realclubmaritimomelilla.es\\\/clmar\\\/\",\"name\":\"Real Club Mar\u00edtimo de Melilla\",\"description\":\"RCMM\",\"publisher\":{\"@id\":\"https:\\\/\\\/www.realclubmaritimomelilla.es\\\/clmar\\\/#organization\"},\"alternateName\":\"RCMM\",\"potentialAction\":[{\"@type\":\"SearchAction\",\"target\":{\"@type\":\"EntryPoint\",\"urlTemplate\":\"https:\\\/\\\/www.realclubmaritimomelilla.es\\\/clmar\\\/?s={search_term_string}\"},\"query-input\":{\"@type\":\"PropertyValueSpecification\",\"valueRequired\":true,\"valueName\":\"search_term_string\"}}],\"inLanguage\":\"es\"},{\"@type\":\"Organization\",\"@id\":\"https:\\\/\\\/www.realclubmaritimomelilla.es\\\/clmar\\\/#organization\",\"name\":\"Real Club Mar\u00edtimo de Melilla\",\"alternateName\":\"RCMM\",\"url\":\"https:\\\/\\\/www.realclubmaritimomelilla.es\\\/clmar\\\/\",\"logo\":{\"@type\":\"ImageObject\",\"inLanguage\":\"es\",\"@id\":\"https:\\\/\\\/www.realclubmaritimomelilla.es\\\/clmar\\\/#\\\/schema\\\/logo\\\/image\\\/\",\"url\":\"https:\\\/\\\/www.realclubmaritimomelilla.es\\\/clmar\\\/wp-content\\\/uploads\\\/logo-club-original-copia.jpg\",\"contentUrl\":\"https:\\\/\\\/www.realclubmaritimomelilla.es\\\/clmar\\\/wp-content\\\/uploads\\\/logo-club-original-copia.jpg\",\"width\":128,\"height\":89,\"caption\":\"Real Club Mar\u00edtimo de Melilla\"},\"image\":{\"@id\":\"https:\\\/\\\/www.realclubmaritimomelilla.es\\\/clmar\\\/#\\\/schema\\\/logo\\\/image\\\/\"},\"sameAs\":[\"https:\\\/\\\/www.facebook.com\\\/Real-Club-Mar\u00edtimo-de-Melilla-588495841234214\\\/\",\"https:\\\/\\\/x.com\\\/nauticarcmm\",\"https:\\\/\\\/www.instagram.com\\\/club_maritimo_melilla\\\/\",\"https:\\\/\\\/www.youtube.com\\\/@realclubmaritimodemelilla4703\",\"https:\\\/\\\/es.wikipedia.org\\\/wiki\\\/Real_Club_Mar\u00edtimo_de_Melilla\"]},{\"@type\":\"Person\",\"@id\":\"https:\\\/\\\/www.realclubmaritimomelilla.es\\\/clmar\\\/#\\\/schema\\\/person\\\/ebaa3713496dc6d48c872452e73a8e79\",\"name\":\"RCMMelilla\",\"image\":{\"@type\":\"ImageObject\",\"inLanguage\":\"es\",\"@id\":\"https:\\\/\\\/secure.gravatar.com\\\/avatar\\\/df1c24789360fb9308735c4ee556fc2bc5bf924bf01e53043b8b97ba272da33c?s=96&d=mm&r=g\",\"url\":\"https:\\\/\\\/secure.gravatar.com\\\/avatar\\\/df1c24789360fb9308735c4ee556fc2bc5bf924bf01e53043b8b97ba272da33c?s=96&d=mm&r=g\",\"contentUrl\":\"https:\\\/\\\/secure.gravatar.com\\\/avatar\\\/df1c24789360fb9308735c4ee556fc2bc5bf924bf01e53043b8b97ba272da33c?s=96&d=mm&r=g\",\"caption\":\"RCMMelilla\"}}]}<\/script>\n<!-- \/ Yoast SEO plugin. -->","yoast_head_json":{"title":"AZUL S\u00c1NCHEZ Y AITANA DUARTE SUBEN AL PODIO DE LA COPA DE ESPA\u00d1A WIND SURF - Real Club Mar\u00edtimo de Melilla","description":"AZUL S\u00c1NCHEZ Y AITANA DUARTE SUBEN AL PODIO DE LA COPA DE ESPA\u00d1A WIND SURF -","robots":{"index":"index","follow":"follow","max-snippet":"max-snippet:-1","max-image-preview":"max-image-preview:large","max-video-preview":"max-video-preview:-1"},"canonical":"https:\/\/www.realclubmaritimomelilla.es\/clmar\/azul-sanchez-y-aitana-duarte-suben-al-podio-de-la-copa-de-espana-wind-surf\/","og_locale":"es_ES","og_type":"article","og_title":"AZUL S\u00c1NCHEZ Y AITANA DUARTE SUBEN AL PODIO DE LA COPA DE ESPA\u00d1A WIND SURF - Real Club Mar\u00edtimo de Melilla","og_description":"AZUL S\u00c1NCHEZ Y AITANA DUARTE SUBEN AL PODIO DE LA COPA DE ESPA\u00d1A WIND SURF -","og_url":"https:\/\/www.realclubmaritimomelilla.es\/clmar\/azul-sanchez-y-aitana-duarte-suben-al-podio-de-la-copa-de-espana-wind-surf\/","og_site_name":"Real Club Mar\u00edtimo de Melilla","article_publisher":"https:\/\/www.facebook.com\/Real-Club-Mar%c3%adtimo-de-Melilla-588495841234214\/","article_published_time":"2019-02-14T19:06:46+00:00","article_modified_time":"2021-07-20T09:38:56+00:00","og_image":[{"width":1000,"height":750,"url":"https:\/\/www.realclubmaritimomelilla.es\/clmar\/wp-content\/uploads\/2019\/02\/Expedici\u00f3n-del-RCMM-a-la-Copa.jpg","type":"image\/jpeg"}],"author":"RCMMelilla","twitter_card":"summary_large_image","twitter_creator":"@nauticarcmm","twitter_site":"@nauticarcmm","twitter_misc":{"Escrito por":"RCMMelilla","Tiempo de lectura":"2 minutos"},"schema":{"@context":"https:\/\/schema.org","@graph":[{"@type":"Article","@id":"https:\/\/www.realclubmaritimomelilla.es\/clmar\/azul-sanchez-y-aitana-duarte-suben-al-podio-de-la-copa-de-espana-wind-surf\/#article","isPartOf":{"@id":"https:\/\/www.realclubmaritimomelilla.es\/clmar\/azul-sanchez-y-aitana-duarte-suben-al-podio-de-la-copa-de-espana-wind-surf\/"},"author":{"name":"RCMMelilla","@id":"https:\/\/www.realclubmaritimomelilla.es\/clmar\/#\/schema\/person\/ebaa3713496dc6d48c872452e73a8e79"},"headline":"AZUL S\u00c1NCHEZ Y AITANA DUARTE SUBEN AL PODIO DE LA COPA DE ESPA\u00d1A WIND SURF","datePublished":"2019-02-14T19:06:46+00:00","dateModified":"2021-07-20T09:38:56+00:00","mainEntityOfPage":{"@id":"https:\/\/www.realclubmaritimomelilla.es\/clmar\/azul-sanchez-y-aitana-duarte-suben-al-podio-de-la-copa-de-espana-wind-surf\/"},"wordCount":429,"commentCount":0,"publisher":{"@id":"https:\/\/www.realclubmaritimomelilla.es\/clmar\/#organization"},"image":{"@id":"https:\/\/www.realclubmaritimomelilla.es\/clmar\/azul-sanchez-y-aitana-duarte-suben-al-podio-de-la-copa-de-espana-wind-surf\/#primaryimage"},"thumbnailUrl":"https:\/\/www.realclubmaritimomelilla.es\/clmar\/wp-content\/uploads\/2019\/02\/Expedici\u00f3n-del-RCMM-a-la-Copa.jpg","articleSection":["Club","N\u00e1utica"],"inLanguage":"es","potentialAction":[{"@type":"CommentAction","name":"Comment","target":["https:\/\/www.realclubmaritimomelilla.es\/clmar\/azul-sanchez-y-aitana-duarte-suben-al-podio-de-la-copa-de-espana-wind-surf\/#respond"]}]},{"@type":"WebPage","@id":"https:\/\/www.realclubmaritimomelilla.es\/clmar\/azul-sanchez-y-aitana-duarte-suben-al-podio-de-la-copa-de-espana-wind-surf\/","url":"https:\/\/www.realclubmaritimomelilla.es\/clmar\/azul-sanchez-y-aitana-duarte-suben-al-podio-de-la-copa-de-espana-wind-surf\/","name":"AZUL S\u00c1NCHEZ Y AITANA DUARTE SUBEN AL PODIO DE LA COPA DE ESPA\u00d1A WIND SURF - Real Club Mar\u00edtimo de Melilla","isPartOf":{"@id":"https:\/\/www.realclubmaritimomelilla.es\/clmar\/#website"},"primaryImageOfPage":{"@id":"https:\/\/www.realclubmaritimomelilla.es\/clmar\/azul-sanchez-y-aitana-duarte-suben-al-podio-de-la-copa-de-espana-wind-surf\/#primaryimage"},"image":{"@id":"https:\/\/www.realclubmaritimomelilla.es\/clmar\/azul-sanchez-y-aitana-duarte-suben-al-podio-de-la-copa-de-espana-wind-surf\/#primaryimage"},"thumbnailUrl":"https:\/\/www.realclubmaritimomelilla.es\/clmar\/wp-content\/uploads\/2019\/02\/Expedici\u00f3n-del-RCMM-a-la-Copa.jpg","datePublished":"2019-02-14T19:06:46+00:00","dateModified":"2021-07-20T09:38:56+00:00","description":"AZUL S\u00c1NCHEZ Y AITANA DUARTE SUBEN AL PODIO DE LA COPA DE ESPA\u00d1A WIND SURF -","breadcrumb":{"@id":"https:\/\/www.realclubmaritimomelilla.es\/clmar\/azul-sanchez-y-aitana-duarte-suben-al-podio-de-la-copa-de-espana-wind-surf\/#breadcrumb"},"inLanguage":"es","potentialAction":[{"@type":"ReadAction","target":["https:\/\/www.realclubmaritimomelilla.es\/clmar\/azul-sanchez-y-aitana-duarte-suben-al-podio-de-la-copa-de-espana-wind-surf\/"]}]},{"@type":"ImageObject","inLanguage":"es","@id":"https:\/\/www.realclubmaritimomelilla.es\/clmar\/azul-sanchez-y-aitana-duarte-suben-al-podio-de-la-copa-de-espana-wind-surf\/#primaryimage","url":"https:\/\/www.realclubmaritimomelilla.es\/clmar\/wp-content\/uploads\/2019\/02\/Expedici\u00f3n-del-RCMM-a-la-Copa.jpg","contentUrl":"https:\/\/www.realclubmaritimomelilla.es\/clmar\/wp-content\/uploads\/2019\/02\/Expedici\u00f3n-del-RCMM-a-la-Copa.jpg","width":1000,"height":750},{"@type":"BreadcrumbList","@id":"https:\/\/www.realclubmaritimomelilla.es\/clmar\/azul-sanchez-y-aitana-duarte-suben-al-podio-de-la-copa-de-espana-wind-surf\/#breadcrumb","itemListElement":[{"@type":"ListItem","position":1,"name":"Portada","item":"https:\/\/www.realclubmaritimomelilla.es\/clmar\/"},{"@type":"ListItem","position":2,"name":"AZUL S\u00c1NCHEZ Y AITANA DUARTE SUBEN AL PODIO DE LA COPA DE ESPA\u00d1A WIND SURF"}]},{"@type":"WebSite","@id":"https:\/\/www.realclubmaritimomelilla.es\/clmar\/#website","url":"https:\/\/www.realclubmaritimomelilla.es\/clmar\/","name":"Real Club Mar\u00edtimo de Melilla","description":"RCMM","publisher":{"@id":"https:\/\/www.realclubmaritimomelilla.es\/clmar\/#organization"},"alternateName":"RCMM","potentialAction":[{"@type":"SearchAction","target":{"@type":"EntryPoint","urlTemplate":"https:\/\/www.realclubmaritimomelilla.es\/clmar\/?s={search_term_string}"},"query-input":{"@type":"PropertyValueSpecification","valueRequired":true,"valueName":"search_term_string"}}],"inLanguage":"es"},{"@type":"Organization","@id":"https:\/\/www.realclubmaritimomelilla.es\/clmar\/#organization","name":"Real Club Mar\u00edtimo de Melilla","alternateName":"RCMM","url":"https:\/\/www.realclubmaritimomelilla.es\/clmar\/","logo":{"@type":"ImageObject","inLanguage":"es","@id":"https:\/\/www.realclubmaritimomelilla.es\/clmar\/#\/schema\/logo\/image\/","url":"https:\/\/www.realclubmaritimomelilla.es\/clmar\/wp-content\/uploads\/logo-club-original-copia.jpg","contentUrl":"https:\/\/www.realclubmaritimomelilla.es\/clmar\/wp-content\/uploads\/logo-club-original-copia.jpg","width":128,"height":89,"caption":"Real Club Mar\u00edtimo de Melilla"},"image":{"@id":"https:\/\/www.realclubmaritimomelilla.es\/clmar\/#\/schema\/logo\/image\/"},"sameAs":["https:\/\/www.facebook.com\/Real-Club-Mar\u00edtimo-de-Melilla-588495841234214\/","https:\/\/x.com\/nauticarcmm","https:\/\/www.instagram.com\/club_maritimo_melilla\/","https:\/\/www.youtube.com\/@realclubmaritimodemelilla4703","https:\/\/es.wikipedia.org\/wiki\/Real_Club_Mar\u00edtimo_de_Melilla"]},{"@type":"Person","@id":"https:\/\/www.realclubmaritimomelilla.es\/clmar\/#\/schema\/person\/ebaa3713496dc6d48c872452e73a8e79","name":"RCMMelilla","image":{"@type":"ImageObject","inLanguage":"es","@id":"https:\/\/secure.gravatar.com\/avatar\/df1c24789360fb9308735c4ee556fc2bc5bf924bf01e53043b8b97ba272da33c?s=96&d=mm&r=g","url":"https:\/\/secure.gravatar.com\/avatar\/df1c24789360fb9308735c4ee556fc2bc5bf924bf01e53043b8b97ba272da33c?s=96&d=mm&r=g","contentUrl":"https:\/\/secure.gravatar.com\/avatar\/df1c24789360fb9308735c4ee556fc2bc5bf924bf01e53043b8b97ba272da33c?s=96&d=mm&r=g","caption":"RCMMelilla"}}]}},"_links":{"self":[{"href":"https:\/\/www.realclubmaritimomelilla.es\/clmar\/wp-json\/wp\/v2\/posts\/14253","targetHints":{"allow":["GET"]}}],"collection":[{"href":"https:\/\/www.realclubmaritimomelilla.es\/clmar\/wp-json\/wp\/v2\/posts"}],"about":[{"href":"https:\/\/www.realclubmaritimomelilla.es\/clmar\/wp-json\/wp\/v2\/types\/post"}],"author":[{"embeddable":true,"href":"https:\/\/www.realclubmaritimomelilla.es\/clmar\/wp-json\/wp\/v2\/users\/1"}],"replies":[{"embeddable":true,"href":"https:\/\/www.realclubmaritimomelilla.es\/clmar\/wp-json\/wp\/v2\/comments?post=14253"}],"version-history":[{"count":1,"href":"https:\/\/www.realclubmaritimomelilla.es\/clmar\/wp-json\/wp\/v2\/posts\/14253\/revisions"}],"predecessor-version":[{"id":14255,"href":"https:\/\/www.realclubmaritimomelilla.es\/clmar\/wp-json\/wp\/v2\/posts\/14253\/revisions\/14255"}],"wp:featuredmedia":[{"embeddable":true,"href":"https:\/\/www.realclubmaritimomelilla.es\/clmar\/wp-json\/wp\/v2\/media\/14254"}],"wp:attachment":[{"href":"https:\/\/www.realclubmaritimomelilla.es\/clmar\/wp-json\/wp\/v2\/media?parent=14253"}],"wp:term":[{"taxonomy":"category","embeddable":true,"href":"https:\/\/www.realclubmaritimomelilla.es\/clmar\/wp-json\/wp\/v2\/categories?post=14253"},{"taxonomy":"post_tag","embeddable":true,"href":"https:\/\/www.realclubmaritimomelilla.es\/clmar\/wp-json\/wp\/v2\/tags?post=14253"}],"curies":[{"name":"wp","href":"https:\/\/api.w.org\/{rel}","templated":true}]}}