{"id":14208,"date":"2018-10-25T17:12:33","date_gmt":"2018-10-25T15:12:33","guid":{"rendered":"http:\/\/www.clubmaritimomelilla.es\/clmar\/?p=14208"},"modified":"2018-10-25T17:12:33","modified_gmt":"2018-10-25T15:12:33","slug":"campeonato-de-espana-de-clubes-de-menores-de-padel","status":"publish","type":"post","link":"https:\/\/www.realclubmaritimomelilla.es\/clmar\/campeonato-de-espana-de-clubes-de-menores-de-padel\/","title":{"rendered":"CAMPEONATO DE ESPA\u00d1A DE CLUBES DE MENORES DE P\u00c1DEL"},"content":{"rendered":"<p>El Real Club Mar\u00edtimo de Melilla desplaza a dos equipos -infantil y j\u00fanior- al Campeonato de Espa\u00f1a por clubes menores de p\u00e1del que se disputa en M\u00e9rida.<\/p>\n<div dir=\"ltr\"><\/div>\n<div dir=\"ltr\">Este es el tercer a\u00f1o consecutivo en el que la entidad melillense presenta un equipo j\u00fanior a esta competici\u00f3n, que en dos a\u00f1os ha pasado de Segunda a Primera Categor\u00eda, donde este a\u00f1o tratar\u00e1 de luchar por las medallas. Mientras, que es la segunda ocasi\u00f3n en la que se inscribe en la categor\u00eda infantil, saliendo este a\u00f1o desde Segunda Categor\u00eda con un equipo formado por jugadores de primer a\u00f1o.<\/div>\n<div dir=\"ltr\"><\/div>\n<div>El presidente del Real Club Mar\u00edtimo de Melilla, Jos\u00e9 Manuel Calzado, ha tenido la oportunidad de despedir a los jugadores melillenses que han viajado este jueves, para debutar en el Campeonato de Espa\u00f1a este viernes. Calzado les ha deseado suerte, al tiempo de trasmitirles al apoyo de la entidad a la que van a representar en esta competici\u00f3n nacional.<\/div>\n<div><\/div>\n<div>El equipo junior del Real Club Mar\u00edtimo arranca la competici\u00f3n en cuartos de final midi\u00e9ndose a los anfitriones, el CD Padel M\u00e9rida. Superar esta fase permitir\u00eda conseguir la permanencia, al tiempo de entrar en la lucha directa por el podio, gran objetivo que se plantea el equipo este a\u00f1o.<\/div>\n<div><\/div>\n<div>Por su parte, el conjunto infantil participa en Segunda Categor\u00eda y su primer encuentro ser\u00e1 en octavos de final frente al Liceo Sport Center.<\/div>\n<div><\/div>\n<div>Esta competici\u00f3n est\u00e1 compuesto por equipos mixtos, en los que en cada emparejamiento se juega el mejor de tres puntos, dos puntos lo disputan parejas masculinas y el tercero por f\u00e9minas.<\/div>\n<div><\/div>\n<div>El Real Club Mar\u00edtimo de Melilla presenta a esta cita un conjunto formado por Jes\u00fas Moya, Valent\u00edn y Nicol\u00e1s Volpe, Mar\u00eda Mizzi, Alejandro Alcal\u00e1, Pablo Barranquero, Jonz Sanz, Ignacio Vilari\u00f1o, Lucia P\u00e9rez, Mar\u00eda Mart\u00ednez, Carlos D\u00edaz, Jaira Bautista, Ana Benaim, Laura S\u00e1nchez y Claudia P\u00e9rez. Al frente del equipo estar\u00e1 Crhistian Volpe.<\/div>\n","protected":false},"excerpt":{"rendered":"<p>El Real Club Mar\u00edtimo de Melilla desplaza a dos equipos -infantil y j\u00fanior- al Campeonato de Espa\u00f1a por clubes menores de p\u00e1del que se disputa en M\u00e9rida. Este es el tercer a\u00f1o consecutivo en el que la entidad melillense presenta un equipo j\u00fanior a esta competici\u00f3n, que en dos a\u00f1os ha pasado de Segunda a [&hellip;]<\/p>\n","protected":false},"author":1,"featured_media":14209,"comment_status":"open","ping_status":"open","sticky":false,"template":"","format":"standard","meta":{"_acf_changed":false,"footnotes":""},"categories":[45],"tags":[],"class_list":["post-14208","post","type-post","status-publish","format-standard","has-post-thumbnail","hentry","category-padel-rcmm"],"acf":[],"yoast_head":"<!-- This site is optimized with the Yoast SEO plugin v27.5 - https:\/\/yoast.com\/product\/yoast-seo-wordpress\/ -->\n<title>CAMPEONATO DE ESPA\u00d1A DE CLUBES DE MENORES DE P\u00c1DEL - Real Club Mar\u00edtimo de Melilla<\/title>\n<meta name=\"description\" content=\"CAMPEONATO DE ESPA\u00d1A DE CLUBES DE MENORES DE P\u00c1DEL -\" \/>\n<meta name=\"robots\" content=\"index, follow, max-snippet:-1, max-image-preview:large, max-video-preview:-1\" \/>\n<link rel=\"canonical\" href=\"https:\/\/www.realclubmaritimomelilla.es\/clmar\/campeonato-de-espana-de-clubes-de-menores-de-padel\/\" \/>\n<meta property=\"og:locale\" content=\"es_ES\" \/>\n<meta property=\"og:type\" content=\"article\" \/>\n<meta property=\"og:title\" content=\"CAMPEONATO DE ESPA\u00d1A DE CLUBES DE MENORES DE P\u00c1DEL - Real Club Mar\u00edtimo de Melilla\" \/>\n<meta property=\"og:description\" content=\"CAMPEONATO DE ESPA\u00d1A DE CLUBES DE MENORES DE P\u00c1DEL -\" \/>\n<meta property=\"og:url\" content=\"https:\/\/www.realclubmaritimomelilla.es\/clmar\/campeonato-de-espana-de-clubes-de-menores-de-padel\/\" \/>\n<meta property=\"og:site_name\" content=\"Real Club Mar\u00edtimo de Melilla\" \/>\n<meta property=\"article:publisher\" content=\"https:\/\/www.facebook.com\/Real-Club-Mar%c3%adtimo-de-Melilla-588495841234214\/\" \/>\n<meta property=\"article:published_time\" content=\"2018-10-25T15:12:33+00:00\" \/>\n<meta property=\"og:image\" content=\"https:\/\/www.realclubmaritimomelilla.es\/clmar\/wp-content\/uploads\/2018\/10\/equipo-padel-RCMM-scaled.jpg\" \/>\n\t<meta property=\"og:image:width\" content=\"2560\" \/>\n\t<meta property=\"og:image:height\" content=\"1920\" \/>\n\t<meta property=\"og:image:type\" content=\"image\/jpeg\" \/>\n<meta name=\"author\" content=\"RCMMelilla\" \/>\n<meta name=\"twitter:card\" content=\"summary_large_image\" \/>\n<meta name=\"twitter:creator\" content=\"@nauticarcmm\" \/>\n<meta name=\"twitter:site\" content=\"@nauticarcmm\" \/>\n<meta name=\"twitter:label1\" content=\"Escrito por\" \/>\n\t<meta name=\"twitter:data1\" content=\"RCMMelilla\" \/>\n\t<meta name=\"twitter:label2\" content=\"Tiempo de lectura\" \/>\n\t<meta name=\"twitter:data2\" content=\"2 minutos\" \/>\n<script type=\"application\/ld+json\" class=\"yoast-schema-graph\">{\"@context\":\"https:\\\/\\\/schema.org\",\"@graph\":[{\"@type\":\"Article\",\"@id\":\"https:\\\/\\\/www.realclubmaritimomelilla.es\\\/clmar\\\/campeonato-de-espana-de-clubes-de-menores-de-padel\\\/#article\",\"isPartOf\":{\"@id\":\"https:\\\/\\\/www.realclubmaritimomelilla.es\\\/clmar\\\/campeonato-de-espana-de-clubes-de-menores-de-padel\\\/\"},\"author\":{\"name\":\"RCMMelilla\",\"@id\":\"https:\\\/\\\/www.realclubmaritimomelilla.es\\\/clmar\\\/#\\\/schema\\\/person\\\/ebaa3713496dc6d48c872452e73a8e79\"},\"headline\":\"CAMPEONATO DE ESPA\u00d1A DE CLUBES DE MENORES DE P\u00c1DEL\",\"datePublished\":\"2018-10-25T15:12:33+00:00\",\"mainEntityOfPage\":{\"@id\":\"https:\\\/\\\/www.realclubmaritimomelilla.es\\\/clmar\\\/campeonato-de-espana-de-clubes-de-menores-de-padel\\\/\"},\"wordCount\":362,\"commentCount\":0,\"publisher\":{\"@id\":\"https:\\\/\\\/www.realclubmaritimomelilla.es\\\/clmar\\\/#organization\"},\"image\":{\"@id\":\"https:\\\/\\\/www.realclubmaritimomelilla.es\\\/clmar\\\/campeonato-de-espana-de-clubes-de-menores-de-padel\\\/#primaryimage\"},\"thumbnailUrl\":\"https:\\\/\\\/www.realclubmaritimomelilla.es\\\/clmar\\\/wp-content\\\/uploads\\\/2018\\\/10\\\/equipo-padel-RCMM-scaled.jpg\",\"articleSection\":[\"Padel RCMM\"],\"inLanguage\":\"es\",\"potentialAction\":[{\"@type\":\"CommentAction\",\"name\":\"Comment\",\"target\":[\"https:\\\/\\\/www.realclubmaritimomelilla.es\\\/clmar\\\/campeonato-de-espana-de-clubes-de-menores-de-padel\\\/#respond\"]}]},{\"@type\":\"WebPage\",\"@id\":\"https:\\\/\\\/www.realclubmaritimomelilla.es\\\/clmar\\\/campeonato-de-espana-de-clubes-de-menores-de-padel\\\/\",\"url\":\"https:\\\/\\\/www.realclubmaritimomelilla.es\\\/clmar\\\/campeonato-de-espana-de-clubes-de-menores-de-padel\\\/\",\"name\":\"CAMPEONATO DE ESPA\u00d1A DE CLUBES DE MENORES DE P\u00c1DEL - Real Club Mar\u00edtimo de Melilla\",\"isPartOf\":{\"@id\":\"https:\\\/\\\/www.realclubmaritimomelilla.es\\\/clmar\\\/#website\"},\"primaryImageOfPage\":{\"@id\":\"https:\\\/\\\/www.realclubmaritimomelilla.es\\\/clmar\\\/campeonato-de-espana-de-clubes-de-menores-de-padel\\\/#primaryimage\"},\"image\":{\"@id\":\"https:\\\/\\\/www.realclubmaritimomelilla.es\\\/clmar\\\/campeonato-de-espana-de-clubes-de-menores-de-padel\\\/#primaryimage\"},\"thumbnailUrl\":\"https:\\\/\\\/www.realclubmaritimomelilla.es\\\/clmar\\\/wp-content\\\/uploads\\\/2018\\\/10\\\/equipo-padel-RCMM-scaled.jpg\",\"datePublished\":\"2018-10-25T15:12:33+00:00\",\"description\":\"CAMPEONATO DE ESPA\u00d1A DE CLUBES DE MENORES DE P\u00c1DEL -\",\"breadcrumb\":{\"@id\":\"https:\\\/\\\/www.realclubmaritimomelilla.es\\\/clmar\\\/campeonato-de-espana-de-clubes-de-menores-de-padel\\\/#breadcrumb\"},\"inLanguage\":\"es\",\"potentialAction\":[{\"@type\":\"ReadAction\",\"target\":[\"https:\\\/\\\/www.realclubmaritimomelilla.es\\\/clmar\\\/campeonato-de-espana-de-clubes-de-menores-de-padel\\\/\"]}]},{\"@type\":\"ImageObject\",\"inLanguage\":\"es\",\"@id\":\"https:\\\/\\\/www.realclubmaritimomelilla.es\\\/clmar\\\/campeonato-de-espana-de-clubes-de-menores-de-padel\\\/#primaryimage\",\"url\":\"https:\\\/\\\/www.realclubmaritimomelilla.es\\\/clmar\\\/wp-content\\\/uploads\\\/2018\\\/10\\\/equipo-padel-RCMM-scaled.jpg\",\"contentUrl\":\"https:\\\/\\\/www.realclubmaritimomelilla.es\\\/clmar\\\/wp-content\\\/uploads\\\/2018\\\/10\\\/equipo-padel-RCMM-scaled.jpg\",\"width\":2560,\"height\":1920},{\"@type\":\"BreadcrumbList\",\"@id\":\"https:\\\/\\\/www.realclubmaritimomelilla.es\\\/clmar\\\/campeonato-de-espana-de-clubes-de-menores-de-padel\\\/#breadcrumb\",\"itemListElement\":[{\"@type\":\"ListItem\",\"position\":1,\"name\":\"Portada\",\"item\":\"https:\\\/\\\/www.realclubmaritimomelilla.es\\\/clmar\\\/\"},{\"@type\":\"ListItem\",\"position\":2,\"name\":\"CAMPEONATO DE ESPA\u00d1A DE CLUBES DE MENORES DE P\u00c1DEL\"}]},{\"@type\":\"WebSite\",\"@id\":\"https:\\\/\\\/www.realclubmaritimomelilla.es\\\/clmar\\\/#website\",\"url\":\"https:\\\/\\\/www.realclubmaritimomelilla.es\\\/clmar\\\/\",\"name\":\"Real Club Mar\u00edtimo de Melilla\",\"description\":\"RCMM\",\"publisher\":{\"@id\":\"https:\\\/\\\/www.realclubmaritimomelilla.es\\\/clmar\\\/#organization\"},\"alternateName\":\"RCMM\",\"potentialAction\":[{\"@type\":\"SearchAction\",\"target\":{\"@type\":\"EntryPoint\",\"urlTemplate\":\"https:\\\/\\\/www.realclubmaritimomelilla.es\\\/clmar\\\/?s={search_term_string}\"},\"query-input\":{\"@type\":\"PropertyValueSpecification\",\"valueRequired\":true,\"valueName\":\"search_term_string\"}}],\"inLanguage\":\"es\"},{\"@type\":\"Organization\",\"@id\":\"https:\\\/\\\/www.realclubmaritimomelilla.es\\\/clmar\\\/#organization\",\"name\":\"Real Club Mar\u00edtimo de Melilla\",\"alternateName\":\"RCMM\",\"url\":\"https:\\\/\\\/www.realclubmaritimomelilla.es\\\/clmar\\\/\",\"logo\":{\"@type\":\"ImageObject\",\"inLanguage\":\"es\",\"@id\":\"https:\\\/\\\/www.realclubmaritimomelilla.es\\\/clmar\\\/#\\\/schema\\\/logo\\\/image\\\/\",\"url\":\"https:\\\/\\\/www.realclubmaritimomelilla.es\\\/clmar\\\/wp-content\\\/uploads\\\/logo-club-original-copia.jpg\",\"contentUrl\":\"https:\\\/\\\/www.realclubmaritimomelilla.es\\\/clmar\\\/wp-content\\\/uploads\\\/logo-club-original-copia.jpg\",\"width\":128,\"height\":89,\"caption\":\"Real Club Mar\u00edtimo de Melilla\"},\"image\":{\"@id\":\"https:\\\/\\\/www.realclubmaritimomelilla.es\\\/clmar\\\/#\\\/schema\\\/logo\\\/image\\\/\"},\"sameAs\":[\"https:\\\/\\\/www.facebook.com\\\/Real-Club-Mar\u00edtimo-de-Melilla-588495841234214\\\/\",\"https:\\\/\\\/x.com\\\/nauticarcmm\",\"https:\\\/\\\/www.instagram.com\\\/club_maritimo_melilla\\\/\",\"https:\\\/\\\/www.youtube.com\\\/@realclubmaritimodemelilla4703\",\"https:\\\/\\\/es.wikipedia.org\\\/wiki\\\/Real_Club_Mar\u00edtimo_de_Melilla\"]},{\"@type\":\"Person\",\"@id\":\"https:\\\/\\\/www.realclubmaritimomelilla.es\\\/clmar\\\/#\\\/schema\\\/person\\\/ebaa3713496dc6d48c872452e73a8e79\",\"name\":\"RCMMelilla\",\"image\":{\"@type\":\"ImageObject\",\"inLanguage\":\"es\",\"@id\":\"https:\\\/\\\/secure.gravatar.com\\\/avatar\\\/df1c24789360fb9308735c4ee556fc2bc5bf924bf01e53043b8b97ba272da33c?s=96&d=mm&r=g\",\"url\":\"https:\\\/\\\/secure.gravatar.com\\\/avatar\\\/df1c24789360fb9308735c4ee556fc2bc5bf924bf01e53043b8b97ba272da33c?s=96&d=mm&r=g\",\"contentUrl\":\"https:\\\/\\\/secure.gravatar.com\\\/avatar\\\/df1c24789360fb9308735c4ee556fc2bc5bf924bf01e53043b8b97ba272da33c?s=96&d=mm&r=g\",\"caption\":\"RCMMelilla\"}}]}<\/script>\n<!-- \/ Yoast SEO plugin. -->","yoast_head_json":{"title":"CAMPEONATO DE ESPA\u00d1A DE CLUBES DE MENORES DE P\u00c1DEL - Real Club Mar\u00edtimo de Melilla","description":"CAMPEONATO DE ESPA\u00d1A DE CLUBES DE MENORES DE P\u00c1DEL -","robots":{"index":"index","follow":"follow","max-snippet":"max-snippet:-1","max-image-preview":"max-image-preview:large","max-video-preview":"max-video-preview:-1"},"canonical":"https:\/\/www.realclubmaritimomelilla.es\/clmar\/campeonato-de-espana-de-clubes-de-menores-de-padel\/","og_locale":"es_ES","og_type":"article","og_title":"CAMPEONATO DE ESPA\u00d1A DE CLUBES DE MENORES DE P\u00c1DEL - Real Club Mar\u00edtimo de Melilla","og_description":"CAMPEONATO DE ESPA\u00d1A DE CLUBES DE MENORES DE P\u00c1DEL -","og_url":"https:\/\/www.realclubmaritimomelilla.es\/clmar\/campeonato-de-espana-de-clubes-de-menores-de-padel\/","og_site_name":"Real Club Mar\u00edtimo de Melilla","article_publisher":"https:\/\/www.facebook.com\/Real-Club-Mar%c3%adtimo-de-Melilla-588495841234214\/","article_published_time":"2018-10-25T15:12:33+00:00","og_image":[{"width":2560,"height":1920,"url":"https:\/\/www.realclubmaritimomelilla.es\/clmar\/wp-content\/uploads\/2018\/10\/equipo-padel-RCMM-scaled.jpg","type":"image\/jpeg"}],"author":"RCMMelilla","twitter_card":"summary_large_image","twitter_creator":"@nauticarcmm","twitter_site":"@nauticarcmm","twitter_misc":{"Escrito por":"RCMMelilla","Tiempo de lectura":"2 minutos"},"schema":{"@context":"https:\/\/schema.org","@graph":[{"@type":"Article","@id":"https:\/\/www.realclubmaritimomelilla.es\/clmar\/campeonato-de-espana-de-clubes-de-menores-de-padel\/#article","isPartOf":{"@id":"https:\/\/www.realclubmaritimomelilla.es\/clmar\/campeonato-de-espana-de-clubes-de-menores-de-padel\/"},"author":{"name":"RCMMelilla","@id":"https:\/\/www.realclubmaritimomelilla.es\/clmar\/#\/schema\/person\/ebaa3713496dc6d48c872452e73a8e79"},"headline":"CAMPEONATO DE ESPA\u00d1A DE CLUBES DE MENORES DE P\u00c1DEL","datePublished":"2018-10-25T15:12:33+00:00","mainEntityOfPage":{"@id":"https:\/\/www.realclubmaritimomelilla.es\/clmar\/campeonato-de-espana-de-clubes-de-menores-de-padel\/"},"wordCount":362,"commentCount":0,"publisher":{"@id":"https:\/\/www.realclubmaritimomelilla.es\/clmar\/#organization"},"image":{"@id":"https:\/\/www.realclubmaritimomelilla.es\/clmar\/campeonato-de-espana-de-clubes-de-menores-de-padel\/#primaryimage"},"thumbnailUrl":"https:\/\/www.realclubmaritimomelilla.es\/clmar\/wp-content\/uploads\/2018\/10\/equipo-padel-RCMM-scaled.jpg","articleSection":["Padel RCMM"],"inLanguage":"es","potentialAction":[{"@type":"CommentAction","name":"Comment","target":["https:\/\/www.realclubmaritimomelilla.es\/clmar\/campeonato-de-espana-de-clubes-de-menores-de-padel\/#respond"]}]},{"@type":"WebPage","@id":"https:\/\/www.realclubmaritimomelilla.es\/clmar\/campeonato-de-espana-de-clubes-de-menores-de-padel\/","url":"https:\/\/www.realclubmaritimomelilla.es\/clmar\/campeonato-de-espana-de-clubes-de-menores-de-padel\/","name":"CAMPEONATO DE ESPA\u00d1A DE CLUBES DE MENORES DE P\u00c1DEL - Real Club Mar\u00edtimo de Melilla","isPartOf":{"@id":"https:\/\/www.realclubmaritimomelilla.es\/clmar\/#website"},"primaryImageOfPage":{"@id":"https:\/\/www.realclubmaritimomelilla.es\/clmar\/campeonato-de-espana-de-clubes-de-menores-de-padel\/#primaryimage"},"image":{"@id":"https:\/\/www.realclubmaritimomelilla.es\/clmar\/campeonato-de-espana-de-clubes-de-menores-de-padel\/#primaryimage"},"thumbnailUrl":"https:\/\/www.realclubmaritimomelilla.es\/clmar\/wp-content\/uploads\/2018\/10\/equipo-padel-RCMM-scaled.jpg","datePublished":"2018-10-25T15:12:33+00:00","description":"CAMPEONATO DE ESPA\u00d1A DE CLUBES DE MENORES DE P\u00c1DEL -","breadcrumb":{"@id":"https:\/\/www.realclubmaritimomelilla.es\/clmar\/campeonato-de-espana-de-clubes-de-menores-de-padel\/#breadcrumb"},"inLanguage":"es","potentialAction":[{"@type":"ReadAction","target":["https:\/\/www.realclubmaritimomelilla.es\/clmar\/campeonato-de-espana-de-clubes-de-menores-de-padel\/"]}]},{"@type":"ImageObject","inLanguage":"es","@id":"https:\/\/www.realclubmaritimomelilla.es\/clmar\/campeonato-de-espana-de-clubes-de-menores-de-padel\/#primaryimage","url":"https:\/\/www.realclubmaritimomelilla.es\/clmar\/wp-content\/uploads\/2018\/10\/equipo-padel-RCMM-scaled.jpg","contentUrl":"https:\/\/www.realclubmaritimomelilla.es\/clmar\/wp-content\/uploads\/2018\/10\/equipo-padel-RCMM-scaled.jpg","width":2560,"height":1920},{"@type":"BreadcrumbList","@id":"https:\/\/www.realclubmaritimomelilla.es\/clmar\/campeonato-de-espana-de-clubes-de-menores-de-padel\/#breadcrumb","itemListElement":[{"@type":"ListItem","position":1,"name":"Portada","item":"https:\/\/www.realclubmaritimomelilla.es\/clmar\/"},{"@type":"ListItem","position":2,"name":"CAMPEONATO DE ESPA\u00d1A DE CLUBES DE MENORES DE P\u00c1DEL"}]},{"@type":"WebSite","@id":"https:\/\/www.realclubmaritimomelilla.es\/clmar\/#website","url":"https:\/\/www.realclubmaritimomelilla.es\/clmar\/","name":"Real Club Mar\u00edtimo de Melilla","description":"RCMM","publisher":{"@id":"https:\/\/www.realclubmaritimomelilla.es\/clmar\/#organization"},"alternateName":"RCMM","potentialAction":[{"@type":"SearchAction","target":{"@type":"EntryPoint","urlTemplate":"https:\/\/www.realclubmaritimomelilla.es\/clmar\/?s={search_term_string}"},"query-input":{"@type":"PropertyValueSpecification","valueRequired":true,"valueName":"search_term_string"}}],"inLanguage":"es"},{"@type":"Organization","@id":"https:\/\/www.realclubmaritimomelilla.es\/clmar\/#organization","name":"Real Club Mar\u00edtimo de Melilla","alternateName":"RCMM","url":"https:\/\/www.realclubmaritimomelilla.es\/clmar\/","logo":{"@type":"ImageObject","inLanguage":"es","@id":"https:\/\/www.realclubmaritimomelilla.es\/clmar\/#\/schema\/logo\/image\/","url":"https:\/\/www.realclubmaritimomelilla.es\/clmar\/wp-content\/uploads\/logo-club-original-copia.jpg","contentUrl":"https:\/\/www.realclubmaritimomelilla.es\/clmar\/wp-content\/uploads\/logo-club-original-copia.jpg","width":128,"height":89,"caption":"Real Club Mar\u00edtimo de Melilla"},"image":{"@id":"https:\/\/www.realclubmaritimomelilla.es\/clmar\/#\/schema\/logo\/image\/"},"sameAs":["https:\/\/www.facebook.com\/Real-Club-Mar\u00edtimo-de-Melilla-588495841234214\/","https:\/\/x.com\/nauticarcmm","https:\/\/www.instagram.com\/club_maritimo_melilla\/","https:\/\/www.youtube.com\/@realclubmaritimodemelilla4703","https:\/\/es.wikipedia.org\/wiki\/Real_Club_Mar\u00edtimo_de_Melilla"]},{"@type":"Person","@id":"https:\/\/www.realclubmaritimomelilla.es\/clmar\/#\/schema\/person\/ebaa3713496dc6d48c872452e73a8e79","name":"RCMMelilla","image":{"@type":"ImageObject","inLanguage":"es","@id":"https:\/\/secure.gravatar.com\/avatar\/df1c24789360fb9308735c4ee556fc2bc5bf924bf01e53043b8b97ba272da33c?s=96&d=mm&r=g","url":"https:\/\/secure.gravatar.com\/avatar\/df1c24789360fb9308735c4ee556fc2bc5bf924bf01e53043b8b97ba272da33c?s=96&d=mm&r=g","contentUrl":"https:\/\/secure.gravatar.com\/avatar\/df1c24789360fb9308735c4ee556fc2bc5bf924bf01e53043b8b97ba272da33c?s=96&d=mm&r=g","caption":"RCMMelilla"}}]}},"_links":{"self":[{"href":"https:\/\/www.realclubmaritimomelilla.es\/clmar\/wp-json\/wp\/v2\/posts\/14208","targetHints":{"allow":["GET"]}}],"collection":[{"href":"https:\/\/www.realclubmaritimomelilla.es\/clmar\/wp-json\/wp\/v2\/posts"}],"about":[{"href":"https:\/\/www.realclubmaritimomelilla.es\/clmar\/wp-json\/wp\/v2\/types\/post"}],"author":[{"embeddable":true,"href":"https:\/\/www.realclubmaritimomelilla.es\/clmar\/wp-json\/wp\/v2\/users\/1"}],"replies":[{"embeddable":true,"href":"https:\/\/www.realclubmaritimomelilla.es\/clmar\/wp-json\/wp\/v2\/comments?post=14208"}],"version-history":[{"count":1,"href":"https:\/\/www.realclubmaritimomelilla.es\/clmar\/wp-json\/wp\/v2\/posts\/14208\/revisions"}],"predecessor-version":[{"id":14210,"href":"https:\/\/www.realclubmaritimomelilla.es\/clmar\/wp-json\/wp\/v2\/posts\/14208\/revisions\/14210"}],"wp:featuredmedia":[{"embeddable":true,"href":"https:\/\/www.realclubmaritimomelilla.es\/clmar\/wp-json\/wp\/v2\/media\/14209"}],"wp:attachment":[{"href":"https:\/\/www.realclubmaritimomelilla.es\/clmar\/wp-json\/wp\/v2\/media?parent=14208"}],"wp:term":[{"taxonomy":"category","embeddable":true,"href":"https:\/\/www.realclubmaritimomelilla.es\/clmar\/wp-json\/wp\/v2\/categories?post=14208"},{"taxonomy":"post_tag","embeddable":true,"href":"https:\/\/www.realclubmaritimomelilla.es\/clmar\/wp-json\/wp\/v2\/tags?post=14208"}],"curies":[{"name":"wp","href":"https:\/\/api.w.org\/{rel}","templated":true}]}}