{"id":14166,"date":"2018-10-16T14:43:22","date_gmt":"2018-10-16T12:43:22","guid":{"rendered":"http:\/\/www.clubmaritimomelilla.es\/clmar\/?p=14166"},"modified":"2021-07-20T11:38:57","modified_gmt":"2021-07-20T09:38:57","slug":"el-galeon-andalucia-en-melilla","status":"publish","type":"post","link":"https:\/\/www.realclubmaritimomelilla.es\/clmar\/el-galeon-andalucia-en-melilla\/","title":{"rendered":"El Gale\u00f3n Andaluc\u00eda, en Melilla"},"content":{"rendered":"<p>Hasta el domingo, el Gale\u00f3n Andaluc\u00eda est\u00e1 atracado en la zona mar\u00edtima del Puerto Deportivo. El Club Mar\u00edtimo de Melilla colabora en este actividad con los organizadores de dicha visita.<\/p>\n<p>Este mi\u00e9rcoles se iniciaron las visitas libres a esta embarcaci\u00f3n, con la presencia de miembros de la directiva de la entidad, junto a autoridades civiles \u00a0militares de la ciudad.<\/p>\n<p>Visitas que hasta el domingo est\u00e1n abiertas al p\u00fablico en general, entre las 10:00 horas y 20:00 horas, de forma ininterrumpida.<\/p>\n<p>Todos los socios de la entidad tendr\u00e1n un descuento del 50% presentando el carnet en el momento de obtener su entrada de accesi\u00f3n al gale\u00f3n.<\/p>\n<p><img decoding=\"async\" class=\"aligncenter size-full wp-image-14167\" src=\"http:\/\/www.clubmaritimomelilla.es\/clmar\/wp-content\/uploads\/2018\/10\/cartel_galeon_melilla-copia.jpg\" alt=\"\" width=\"1000\" height=\"1415\" srcset=\"https:\/\/www.realclubmaritimomelilla.es\/clmar\/wp-content\/uploads\/2018\/10\/cartel_galeon_melilla-copia-212x300.jpg 212w, https:\/\/www.realclubmaritimomelilla.es\/clmar\/wp-content\/uploads\/2018\/10\/cartel_galeon_melilla-copia-600x849.jpg 600w, https:\/\/www.realclubmaritimomelilla.es\/clmar\/wp-content\/uploads\/2018\/10\/cartel_galeon_melilla-copia-724x1024.jpg 724w, https:\/\/www.realclubmaritimomelilla.es\/clmar\/wp-content\/uploads\/2018\/10\/cartel_galeon_melilla-copia-768x1087.jpg 768w, https:\/\/www.realclubmaritimomelilla.es\/clmar\/wp-content\/uploads\/2018\/10\/cartel_galeon_melilla-copia.jpg 1000w\" sizes=\"(max-width: 1000px) 100vw, 1000px\" \/><\/p>\n<div class=\"fusion-fullwidth fullwidth-box fusion-builder-row-1 hundred-percent-fullwidth non-hundred-percent-height-scrolling\" style=\"background-color: #ffffff;background-position: center center;background-repeat: no-repeat;padding-top:0px;padding-right:0px;padding-bottom:0px;padding-left:0px;margin-bottom: 0px;margin-top: 0px;border-width: 0px 0px 0px 0px;border-color:#eae9e9;border-style:solid;\" ><div class=\"fusion-builder-row fusion-row\"><div class=\"fusion-layout-column fusion_builder_column fusion-builder-column-0 fusion_builder_column_1_1 1_1 fusion-one-full fusion-column-first fusion-column-last fusion-column-no-min-height\" style=\"margin-top:0px;margin-bottom:0px;\"><div class=\"fusion-column-wrapper fusion-flex-column-wrapper-legacy\" style=\"background-position:left top;background-repeat:no-repeat;-webkit-background-size:cover;-moz-background-size:cover;-o-background-size:cover;background-size:cover;padding: 0px 0px 0px 0px;\">\n\t\t<style type=\"text\/css\">\n\t\t\t#gallery-1 {\n\t\t\t\tmargin: auto;\n\t\t\t}\n\t\t\t#gallery-1 .gallery-item {\n\t\t\t\tfloat: left;\n\t\t\t\tmargin-top: 10px;\n\t\t\t\ttext-align: center;\n\t\t\t\twidth: 33%;\n\t\t\t}\n\t\t\t#gallery-1 img {\n\t\t\t\tborder: 2px solid #cfcfcf;\n\t\t\t}\n\t\t\t#gallery-1 .gallery-caption {\n\t\t\t\tmargin-left: 0;\n\t\t\t}\n\t\t\t\/* see gallery_shortcode() in wp-includes\/media.php *\/\n\t\t<\/style>\n\t\t<div id='gallery-1' class='gallery galleryid-14166 gallery-columns-3 gallery-size-full'><dl class='gallery-item'>\n\t\t\t<dt class='gallery-icon landscape'>\n\t\t\t\t<a data-rel=\"iLightbox[postimages]\" data-title=\"IMG_8139\" data-caption=\"\" href='https:\/\/www.realclubmaritimomelilla.es\/clmar\/el-galeon-andalucia-en-melilla\/img_8139\/'><img decoding=\"async\" width=\"2560\" height=\"1707\" src=\"https:\/\/www.realclubmaritimomelilla.es\/clmar\/wp-content\/uploads\/2018\/10\/IMG_8139-scaled.jpg\" class=\"attachment-full size-full\" alt=\"\" srcset=\"https:\/\/www.realclubmaritimomelilla.es\/clmar\/wp-content\/uploads\/2018\/10\/IMG_8139-300x200.jpg 300w, https:\/\/www.realclubmaritimomelilla.es\/clmar\/wp-content\/uploads\/2018\/10\/IMG_8139-scaled-600x400.jpg 600w, https:\/\/www.realclubmaritimomelilla.es\/clmar\/wp-content\/uploads\/2018\/10\/IMG_8139-768x512.jpg 768w, https:\/\/www.realclubmaritimomelilla.es\/clmar\/wp-content\/uploads\/2018\/10\/IMG_8139-1024x683.jpg 1024w, https:\/\/www.realclubmaritimomelilla.es\/clmar\/wp-content\/uploads\/2018\/10\/IMG_8139-scaled.jpg 2560w\" sizes=\"(max-width: 2560px) 100vw, 2560px\" \/><\/a>\n\t\t\t<\/dt><\/dl><dl class='gallery-item'>\n\t\t\t<dt class='gallery-icon landscape'>\n\t\t\t\t<a data-rel=\"iLightbox[postimages]\" data-title=\"IMG_8120\" data-caption=\"\" href='https:\/\/www.realclubmaritimomelilla.es\/clmar\/el-galeon-andalucia-en-melilla\/img_8120\/'><img decoding=\"async\" width=\"2560\" height=\"1707\" src=\"https:\/\/www.realclubmaritimomelilla.es\/clmar\/wp-content\/uploads\/2018\/10\/IMG_8120-scaled.jpg\" class=\"attachment-full size-full\" alt=\"\" srcset=\"https:\/\/www.realclubmaritimomelilla.es\/clmar\/wp-content\/uploads\/2018\/10\/IMG_8120-300x200.jpg 300w, https:\/\/www.realclubmaritimomelilla.es\/clmar\/wp-content\/uploads\/2018\/10\/IMG_8120-scaled-600x400.jpg 600w, https:\/\/www.realclubmaritimomelilla.es\/clmar\/wp-content\/uploads\/2018\/10\/IMG_8120-768x512.jpg 768w, https:\/\/www.realclubmaritimomelilla.es\/clmar\/wp-content\/uploads\/2018\/10\/IMG_8120-1024x683.jpg 1024w, https:\/\/www.realclubmaritimomelilla.es\/clmar\/wp-content\/uploads\/2018\/10\/IMG_8120-scaled.jpg 2560w\" sizes=\"(max-width: 2560px) 100vw, 2560px\" \/><\/a>\n\t\t\t<\/dt><\/dl><dl class='gallery-item'>\n\t\t\t<dt class='gallery-icon landscape'>\n\t\t\t\t<a data-rel=\"iLightbox[postimages]\" data-title=\"IMG_8106\" data-caption=\"\" href='https:\/\/www.realclubmaritimomelilla.es\/clmar\/el-galeon-andalucia-en-melilla\/img_8106\/'><img decoding=\"async\" width=\"2560\" height=\"1707\" src=\"https:\/\/www.realclubmaritimomelilla.es\/clmar\/wp-content\/uploads\/2018\/10\/IMG_8106-scaled.jpg\" class=\"attachment-full size-full\" alt=\"\" srcset=\"https:\/\/www.realclubmaritimomelilla.es\/clmar\/wp-content\/uploads\/2018\/10\/IMG_8106-300x200.jpg 300w, https:\/\/www.realclubmaritimomelilla.es\/clmar\/wp-content\/uploads\/2018\/10\/IMG_8106-scaled-600x400.jpg 600w, https:\/\/www.realclubmaritimomelilla.es\/clmar\/wp-content\/uploads\/2018\/10\/IMG_8106-768x512.jpg 768w, https:\/\/www.realclubmaritimomelilla.es\/clmar\/wp-content\/uploads\/2018\/10\/IMG_8106-1024x683.jpg 1024w, https:\/\/www.realclubmaritimomelilla.es\/clmar\/wp-content\/uploads\/2018\/10\/IMG_8106-scaled.jpg 2560w\" sizes=\"(max-width: 2560px) 100vw, 2560px\" \/><\/a>\n\t\t\t<\/dt><\/dl><br style=\"clear: both\" \/><dl class='gallery-item'>\n\t\t\t<dt class='gallery-icon landscape'>\n\t\t\t\t<a data-rel=\"iLightbox[postimages]\" data-title=\"IMG_8089\" data-caption=\"\" href='https:\/\/www.realclubmaritimomelilla.es\/clmar\/el-galeon-andalucia-en-melilla\/img_8089\/'><img decoding=\"async\" width=\"2560\" height=\"1707\" src=\"https:\/\/www.realclubmaritimomelilla.es\/clmar\/wp-content\/uploads\/2018\/10\/IMG_8089-scaled.jpg\" class=\"attachment-full size-full\" alt=\"\" srcset=\"https:\/\/www.realclubmaritimomelilla.es\/clmar\/wp-content\/uploads\/2018\/10\/IMG_8089-300x200.jpg 300w, https:\/\/www.realclubmaritimomelilla.es\/clmar\/wp-content\/uploads\/2018\/10\/IMG_8089-scaled-600x400.jpg 600w, https:\/\/www.realclubmaritimomelilla.es\/clmar\/wp-content\/uploads\/2018\/10\/IMG_8089-768x512.jpg 768w, https:\/\/www.realclubmaritimomelilla.es\/clmar\/wp-content\/uploads\/2018\/10\/IMG_8089-1024x683.jpg 1024w, https:\/\/www.realclubmaritimomelilla.es\/clmar\/wp-content\/uploads\/2018\/10\/IMG_8089-scaled.jpg 2560w\" sizes=\"(max-width: 2560px) 100vw, 2560px\" \/><\/a>\n\t\t\t<\/dt><\/dl><dl class='gallery-item'>\n\t\t\t<dt class='gallery-icon landscape'>\n\t\t\t\t<a data-rel=\"iLightbox[postimages]\" data-title=\"IMG_8080\" data-caption=\"\" href='https:\/\/www.realclubmaritimomelilla.es\/clmar\/el-galeon-andalucia-en-melilla\/img_8080\/'><img decoding=\"async\" width=\"2560\" height=\"1707\" src=\"https:\/\/www.realclubmaritimomelilla.es\/clmar\/wp-content\/uploads\/2018\/10\/IMG_8080-scaled.jpg\" class=\"attachment-full size-full\" alt=\"\" srcset=\"https:\/\/www.realclubmaritimomelilla.es\/clmar\/wp-content\/uploads\/2018\/10\/IMG_8080-300x200.jpg 300w, https:\/\/www.realclubmaritimomelilla.es\/clmar\/wp-content\/uploads\/2018\/10\/IMG_8080-scaled-600x400.jpg 600w, https:\/\/www.realclubmaritimomelilla.es\/clmar\/wp-content\/uploads\/2018\/10\/IMG_8080-768x512.jpg 768w, https:\/\/www.realclubmaritimomelilla.es\/clmar\/wp-content\/uploads\/2018\/10\/IMG_8080-1024x683.jpg 1024w, https:\/\/www.realclubmaritimomelilla.es\/clmar\/wp-content\/uploads\/2018\/10\/IMG_8080-scaled.jpg 2560w\" sizes=\"(max-width: 2560px) 100vw, 2560px\" \/><\/a>\n\t\t\t<\/dt><\/dl><dl class='gallery-item'>\n\t\t\t<dt class='gallery-icon landscape'>\n\t\t\t\t<a data-rel=\"iLightbox[postimages]\" data-title=\"IMG_8071\" data-caption=\"\" href='https:\/\/www.realclubmaritimomelilla.es\/clmar\/el-galeon-andalucia-en-melilla\/img_8071\/'><img decoding=\"async\" width=\"2560\" height=\"1707\" src=\"https:\/\/www.realclubmaritimomelilla.es\/clmar\/wp-content\/uploads\/2018\/10\/IMG_8071-scaled.jpg\" class=\"attachment-full size-full\" alt=\"\" srcset=\"https:\/\/www.realclubmaritimomelilla.es\/clmar\/wp-content\/uploads\/2018\/10\/IMG_8071-300x200.jpg 300w, https:\/\/www.realclubmaritimomelilla.es\/clmar\/wp-content\/uploads\/2018\/10\/IMG_8071-scaled-600x400.jpg 600w, https:\/\/www.realclubmaritimomelilla.es\/clmar\/wp-content\/uploads\/2018\/10\/IMG_8071-768x512.jpg 768w, https:\/\/www.realclubmaritimomelilla.es\/clmar\/wp-content\/uploads\/2018\/10\/IMG_8071-1024x683.jpg 1024w, https:\/\/www.realclubmaritimomelilla.es\/clmar\/wp-content\/uploads\/2018\/10\/IMG_8071-scaled.jpg 2560w\" sizes=\"(max-width: 2560px) 100vw, 2560px\" \/><\/a>\n\t\t\t<\/dt><\/dl><br style=\"clear: both\" \/><dl class='gallery-item'>\n\t\t\t<dt class='gallery-icon landscape'>\n\t\t\t\t<a data-rel=\"iLightbox[postimages]\" data-title=\"IMG_8051\" data-caption=\"\" href='https:\/\/www.realclubmaritimomelilla.es\/clmar\/el-galeon-andalucia-en-melilla\/img_8051\/'><img decoding=\"async\" width=\"2560\" height=\"1707\" src=\"https:\/\/www.realclubmaritimomelilla.es\/clmar\/wp-content\/uploads\/2018\/10\/IMG_8051-scaled.jpg\" class=\"attachment-full size-full\" alt=\"\" srcset=\"https:\/\/www.realclubmaritimomelilla.es\/clmar\/wp-content\/uploads\/2018\/10\/IMG_8051-300x200.jpg 300w, https:\/\/www.realclubmaritimomelilla.es\/clmar\/wp-content\/uploads\/2018\/10\/IMG_8051-scaled-600x400.jpg 600w, https:\/\/www.realclubmaritimomelilla.es\/clmar\/wp-content\/uploads\/2018\/10\/IMG_8051-768x512.jpg 768w, https:\/\/www.realclubmaritimomelilla.es\/clmar\/wp-content\/uploads\/2018\/10\/IMG_8051-1024x683.jpg 1024w, https:\/\/www.realclubmaritimomelilla.es\/clmar\/wp-content\/uploads\/2018\/10\/IMG_8051-scaled.jpg 2560w\" sizes=\"(max-width: 2560px) 100vw, 2560px\" \/><\/a>\n\t\t\t<\/dt><\/dl><dl class='gallery-item'>\n\t\t\t<dt class='gallery-icon landscape'>\n\t\t\t\t<a data-rel=\"iLightbox[postimages]\" data-title=\"IMG_8035\" data-caption=\"\" href='https:\/\/www.realclubmaritimomelilla.es\/clmar\/el-galeon-andalucia-en-melilla\/img_8035\/'><img decoding=\"async\" width=\"2560\" height=\"1707\" src=\"https:\/\/www.realclubmaritimomelilla.es\/clmar\/wp-content\/uploads\/2018\/10\/IMG_8035-scaled.jpg\" class=\"attachment-full size-full\" alt=\"\" srcset=\"https:\/\/www.realclubmaritimomelilla.es\/clmar\/wp-content\/uploads\/2018\/10\/IMG_8035-300x200.jpg 300w, https:\/\/www.realclubmaritimomelilla.es\/clmar\/wp-content\/uploads\/2018\/10\/IMG_8035-scaled-600x400.jpg 600w, https:\/\/www.realclubmaritimomelilla.es\/clmar\/wp-content\/uploads\/2018\/10\/IMG_8035-768x512.jpg 768w, https:\/\/www.realclubmaritimomelilla.es\/clmar\/wp-content\/uploads\/2018\/10\/IMG_8035-1024x683.jpg 1024w, https:\/\/www.realclubmaritimomelilla.es\/clmar\/wp-content\/uploads\/2018\/10\/IMG_8035-scaled.jpg 2560w\" sizes=\"(max-width: 2560px) 100vw, 2560px\" \/><\/a>\n\t\t\t<\/dt><\/dl><dl class='gallery-item'>\n\t\t\t<dt class='gallery-icon landscape'>\n\t\t\t\t<a data-rel=\"iLightbox[postimages]\" data-title=\"IMG_8028\" data-caption=\"\" href='https:\/\/www.realclubmaritimomelilla.es\/clmar\/el-galeon-andalucia-en-melilla\/img_8028\/'><img decoding=\"async\" width=\"2560\" height=\"1707\" src=\"https:\/\/www.realclubmaritimomelilla.es\/clmar\/wp-content\/uploads\/2018\/10\/IMG_8028-scaled.jpg\" class=\"attachment-full size-full\" alt=\"\" srcset=\"https:\/\/www.realclubmaritimomelilla.es\/clmar\/wp-content\/uploads\/2018\/10\/IMG_8028-300x200.jpg 300w, https:\/\/www.realclubmaritimomelilla.es\/clmar\/wp-content\/uploads\/2018\/10\/IMG_8028-scaled-600x400.jpg 600w, https:\/\/www.realclubmaritimomelilla.es\/clmar\/wp-content\/uploads\/2018\/10\/IMG_8028-768x512.jpg 768w, https:\/\/www.realclubmaritimomelilla.es\/clmar\/wp-content\/uploads\/2018\/10\/IMG_8028-1024x683.jpg 1024w, https:\/\/www.realclubmaritimomelilla.es\/clmar\/wp-content\/uploads\/2018\/10\/IMG_8028-scaled.jpg 2560w\" sizes=\"(max-width: 2560px) 100vw, 2560px\" \/><\/a>\n\t\t\t<\/dt><\/dl><br style=\"clear: both\" \/><dl class='gallery-item'>\n\t\t\t<dt class='gallery-icon landscape'>\n\t\t\t\t<a data-rel=\"iLightbox[postimages]\" data-title=\"IMG_8024\" data-caption=\"\" href='https:\/\/www.realclubmaritimomelilla.es\/clmar\/el-galeon-andalucia-en-melilla\/img_8024\/'><img decoding=\"async\" width=\"2560\" height=\"1707\" src=\"https:\/\/www.realclubmaritimomelilla.es\/clmar\/wp-content\/uploads\/2018\/10\/IMG_8024-scaled.jpg\" class=\"attachment-full size-full\" alt=\"\" srcset=\"https:\/\/www.realclubmaritimomelilla.es\/clmar\/wp-content\/uploads\/2018\/10\/IMG_8024-300x200.jpg 300w, https:\/\/www.realclubmaritimomelilla.es\/clmar\/wp-content\/uploads\/2018\/10\/IMG_8024-scaled-600x400.jpg 600w, https:\/\/www.realclubmaritimomelilla.es\/clmar\/wp-content\/uploads\/2018\/10\/IMG_8024-768x512.jpg 768w, https:\/\/www.realclubmaritimomelilla.es\/clmar\/wp-content\/uploads\/2018\/10\/IMG_8024-1024x683.jpg 1024w, https:\/\/www.realclubmaritimomelilla.es\/clmar\/wp-content\/uploads\/2018\/10\/IMG_8024-scaled.jpg 2560w\" sizes=\"(max-width: 2560px) 100vw, 2560px\" \/><\/a>\n\t\t\t<\/dt><\/dl><dl class='gallery-item'>\n\t\t\t<dt class='gallery-icon landscape'>\n\t\t\t\t<a data-rel=\"iLightbox[postimages]\" data-title=\"IMG_7978\" data-caption=\"\" href='https:\/\/www.realclubmaritimomelilla.es\/clmar\/el-galeon-andalucia-en-melilla\/img_7978\/'><img decoding=\"async\" width=\"2560\" height=\"1707\" src=\"https:\/\/www.realclubmaritimomelilla.es\/clmar\/wp-content\/uploads\/2018\/10\/IMG_7978-scaled.jpg\" class=\"attachment-full size-full\" alt=\"\" srcset=\"https:\/\/www.realclubmaritimomelilla.es\/clmar\/wp-content\/uploads\/2018\/10\/IMG_7978-300x200.jpg 300w, https:\/\/www.realclubmaritimomelilla.es\/clmar\/wp-content\/uploads\/2018\/10\/IMG_7978-scaled-600x400.jpg 600w, https:\/\/www.realclubmaritimomelilla.es\/clmar\/wp-content\/uploads\/2018\/10\/IMG_7978-768x512.jpg 768w, https:\/\/www.realclubmaritimomelilla.es\/clmar\/wp-content\/uploads\/2018\/10\/IMG_7978-1024x683.jpg 1024w, https:\/\/www.realclubmaritimomelilla.es\/clmar\/wp-content\/uploads\/2018\/10\/IMG_7978-scaled.jpg 2560w\" sizes=\"(max-width: 2560px) 100vw, 2560px\" \/><\/a>\n\t\t\t<\/dt><\/dl><dl class='gallery-item'>\n\t\t\t<dt class='gallery-icon landscape'>\n\t\t\t\t<a data-rel=\"iLightbox[postimages]\" data-title=\"IMG_7959\" data-caption=\"\" href='https:\/\/www.realclubmaritimomelilla.es\/clmar\/el-galeon-andalucia-en-melilla\/img_7959\/'><img decoding=\"async\" width=\"2560\" height=\"1707\" src=\"https:\/\/www.realclubmaritimomelilla.es\/clmar\/wp-content\/uploads\/2018\/10\/IMG_7959-scaled.jpg\" class=\"attachment-full size-full\" alt=\"\" srcset=\"https:\/\/www.realclubmaritimomelilla.es\/clmar\/wp-content\/uploads\/2018\/10\/IMG_7959-300x200.jpg 300w, https:\/\/www.realclubmaritimomelilla.es\/clmar\/wp-content\/uploads\/2018\/10\/IMG_7959-scaled-600x400.jpg 600w, https:\/\/www.realclubmaritimomelilla.es\/clmar\/wp-content\/uploads\/2018\/10\/IMG_7959-768x512.jpg 768w, https:\/\/www.realclubmaritimomelilla.es\/clmar\/wp-content\/uploads\/2018\/10\/IMG_7959-1024x683.jpg 1024w, https:\/\/www.realclubmaritimomelilla.es\/clmar\/wp-content\/uploads\/2018\/10\/IMG_7959-scaled.jpg 2560w\" sizes=\"(max-width: 2560px) 100vw, 2560px\" \/><\/a>\n\t\t\t<\/dt><\/dl><br style=\"clear: both\" \/><dl class='gallery-item'>\n\t\t\t<dt class='gallery-icon landscape'>\n\t\t\t\t<a data-rel=\"iLightbox[postimages]\" data-title=\"IMG_7955\" data-caption=\"\" href='https:\/\/www.realclubmaritimomelilla.es\/clmar\/el-galeon-andalucia-en-melilla\/img_7955\/'><img decoding=\"async\" width=\"2560\" height=\"1707\" src=\"https:\/\/www.realclubmaritimomelilla.es\/clmar\/wp-content\/uploads\/2018\/10\/IMG_7955-scaled.jpg\" class=\"attachment-full size-full\" alt=\"\" srcset=\"https:\/\/www.realclubmaritimomelilla.es\/clmar\/wp-content\/uploads\/2018\/10\/IMG_7955-300x200.jpg 300w, https:\/\/www.realclubmaritimomelilla.es\/clmar\/wp-content\/uploads\/2018\/10\/IMG_7955-scaled-600x400.jpg 600w, https:\/\/www.realclubmaritimomelilla.es\/clmar\/wp-content\/uploads\/2018\/10\/IMG_7955-768x512.jpg 768w, https:\/\/www.realclubmaritimomelilla.es\/clmar\/wp-content\/uploads\/2018\/10\/IMG_7955-1024x683.jpg 1024w, https:\/\/www.realclubmaritimomelilla.es\/clmar\/wp-content\/uploads\/2018\/10\/IMG_7955-scaled.jpg 2560w\" sizes=\"(max-width: 2560px) 100vw, 2560px\" \/><\/a>\n\t\t\t<\/dt><\/dl><dl class='gallery-item'>\n\t\t\t<dt class='gallery-icon landscape'>\n\t\t\t\t<a data-rel=\"iLightbox[postimages]\" data-title=\"IMG_7947\" data-caption=\"\" href='https:\/\/www.realclubmaritimomelilla.es\/clmar\/el-galeon-andalucia-en-melilla\/img_7947\/'><img decoding=\"async\" width=\"2560\" height=\"1707\" src=\"https:\/\/www.realclubmaritimomelilla.es\/clmar\/wp-content\/uploads\/2018\/10\/IMG_7947-scaled.jpg\" class=\"attachment-full size-full\" alt=\"\" srcset=\"https:\/\/www.realclubmaritimomelilla.es\/clmar\/wp-content\/uploads\/2018\/10\/IMG_7947-300x200.jpg 300w, https:\/\/www.realclubmaritimomelilla.es\/clmar\/wp-content\/uploads\/2018\/10\/IMG_7947-scaled-600x400.jpg 600w, https:\/\/www.realclubmaritimomelilla.es\/clmar\/wp-content\/uploads\/2018\/10\/IMG_7947-768x512.jpg 768w, https:\/\/www.realclubmaritimomelilla.es\/clmar\/wp-content\/uploads\/2018\/10\/IMG_7947-1024x683.jpg 1024w, https:\/\/www.realclubmaritimomelilla.es\/clmar\/wp-content\/uploads\/2018\/10\/IMG_7947-scaled.jpg 2560w\" sizes=\"(max-width: 2560px) 100vw, 2560px\" \/><\/a>\n\t\t\t<\/dt><\/dl>\n\t\t\t<br style='clear: both' \/>\n\t\t<\/div>\n<div class=\"fusion-clearfix\"><\/div><\/div><\/div><\/div><style type=\"text\/css\">.fusion-fullwidth.fusion-builder-row-1 { overflow:visible; }<\/style><\/div>\n","protected":false},"excerpt":{"rendered":"<p>Hasta el domingo, el Gale\u00f3n Andaluc\u00eda est\u00e1 atracado en la zona mar\u00edtima del Puerto Deportivo. El Club Mar\u00edtimo de Melilla colabora en este actividad con los organizadores de dicha visita. Este mi\u00e9rcoles se iniciaron las visitas libres a esta embarcaci\u00f3n, con la presencia de miembros de la directiva de la entidad, junto a autoridades civiles [&hellip;]<\/p>\n","protected":false},"author":1,"featured_media":14167,"comment_status":"open","ping_status":"open","sticky":false,"template":"","format":"standard","meta":{"_acf_changed":false,"footnotes":""},"categories":[40],"tags":[],"class_list":["post-14166","post","type-post","status-publish","format-standard","has-post-thumbnail","hentry","category-club"],"acf":[],"yoast_head":"<!-- This site is optimized with the Yoast SEO plugin v27.5 - https:\/\/yoast.com\/product\/yoast-seo-wordpress\/ -->\n<title>El Gale\u00f3n Andaluc\u00eda, en Melilla - Real Club Mar\u00edtimo de Melilla<\/title>\n<meta name=\"description\" content=\"El Gale\u00f3n Andaluc\u00eda, en Melilla -\" \/>\n<meta name=\"robots\" content=\"index, follow, max-snippet:-1, max-image-preview:large, max-video-preview:-1\" \/>\n<link rel=\"canonical\" href=\"https:\/\/www.realclubmaritimomelilla.es\/clmar\/el-galeon-andalucia-en-melilla\/\" \/>\n<meta property=\"og:locale\" content=\"es_ES\" \/>\n<meta property=\"og:type\" content=\"article\" \/>\n<meta property=\"og:title\" content=\"El Gale\u00f3n Andaluc\u00eda, en Melilla - Real Club Mar\u00edtimo de Melilla\" \/>\n<meta property=\"og:description\" content=\"El Gale\u00f3n Andaluc\u00eda, en Melilla -\" \/>\n<meta property=\"og:url\" content=\"https:\/\/www.realclubmaritimomelilla.es\/clmar\/el-galeon-andalucia-en-melilla\/\" \/>\n<meta property=\"og:site_name\" content=\"Real Club Mar\u00edtimo de Melilla\" \/>\n<meta property=\"article:publisher\" content=\"https:\/\/www.facebook.com\/Real-Club-Mar%c3%adtimo-de-Melilla-588495841234214\/\" \/>\n<meta property=\"article:published_time\" content=\"2018-10-16T12:43:22+00:00\" \/>\n<meta property=\"article:modified_time\" content=\"2021-07-20T09:38:57+00:00\" \/>\n<meta property=\"og:image\" content=\"https:\/\/www.realclubmaritimomelilla.es\/clmar\/wp-content\/uploads\/2018\/10\/cartel_galeon_melilla-copia.jpg\" \/>\n\t<meta property=\"og:image:width\" content=\"1000\" \/>\n\t<meta property=\"og:image:height\" content=\"1415\" \/>\n\t<meta property=\"og:image:type\" content=\"image\/jpeg\" \/>\n<meta name=\"author\" content=\"RCMMelilla\" \/>\n<meta name=\"twitter:card\" content=\"summary_large_image\" \/>\n<meta name=\"twitter:creator\" content=\"@nauticarcmm\" \/>\n<meta name=\"twitter:site\" content=\"@nauticarcmm\" \/>\n<meta name=\"twitter:label1\" content=\"Escrito por\" \/>\n\t<meta name=\"twitter:data1\" content=\"RCMMelilla\" \/>\n\t<meta name=\"twitter:label2\" content=\"Tiempo de lectura\" \/>\n\t<meta name=\"twitter:data2\" content=\"1 minuto\" \/>\n<script type=\"application\/ld+json\" class=\"yoast-schema-graph\">{\"@context\":\"https:\\\/\\\/schema.org\",\"@graph\":[{\"@type\":\"Article\",\"@id\":\"https:\\\/\\\/www.realclubmaritimomelilla.es\\\/clmar\\\/el-galeon-andalucia-en-melilla\\\/#article\",\"isPartOf\":{\"@id\":\"https:\\\/\\\/www.realclubmaritimomelilla.es\\\/clmar\\\/el-galeon-andalucia-en-melilla\\\/\"},\"author\":{\"name\":\"RCMMelilla\",\"@id\":\"https:\\\/\\\/www.realclubmaritimomelilla.es\\\/clmar\\\/#\\\/schema\\\/person\\\/ebaa3713496dc6d48c872452e73a8e79\"},\"headline\":\"El Gale\u00f3n Andaluc\u00eda, en Melilla\",\"datePublished\":\"2018-10-16T12:43:22+00:00\",\"dateModified\":\"2021-07-20T09:38:57+00:00\",\"mainEntityOfPage\":{\"@id\":\"https:\\\/\\\/www.realclubmaritimomelilla.es\\\/clmar\\\/el-galeon-andalucia-en-melilla\\\/\"},\"wordCount\":194,\"commentCount\":0,\"publisher\":{\"@id\":\"https:\\\/\\\/www.realclubmaritimomelilla.es\\\/clmar\\\/#organization\"},\"image\":{\"@id\":\"https:\\\/\\\/www.realclubmaritimomelilla.es\\\/clmar\\\/el-galeon-andalucia-en-melilla\\\/#primaryimage\"},\"thumbnailUrl\":\"https:\\\/\\\/www.realclubmaritimomelilla.es\\\/clmar\\\/wp-content\\\/uploads\\\/2018\\\/10\\\/cartel_galeon_melilla-copia.jpg\",\"articleSection\":[\"Club\"],\"inLanguage\":\"es\",\"potentialAction\":[{\"@type\":\"CommentAction\",\"name\":\"Comment\",\"target\":[\"https:\\\/\\\/www.realclubmaritimomelilla.es\\\/clmar\\\/el-galeon-andalucia-en-melilla\\\/#respond\"]}]},{\"@type\":\"WebPage\",\"@id\":\"https:\\\/\\\/www.realclubmaritimomelilla.es\\\/clmar\\\/el-galeon-andalucia-en-melilla\\\/\",\"url\":\"https:\\\/\\\/www.realclubmaritimomelilla.es\\\/clmar\\\/el-galeon-andalucia-en-melilla\\\/\",\"name\":\"El Gale\u00f3n Andaluc\u00eda, en Melilla - Real Club Mar\u00edtimo de Melilla\",\"isPartOf\":{\"@id\":\"https:\\\/\\\/www.realclubmaritimomelilla.es\\\/clmar\\\/#website\"},\"primaryImageOfPage\":{\"@id\":\"https:\\\/\\\/www.realclubmaritimomelilla.es\\\/clmar\\\/el-galeon-andalucia-en-melilla\\\/#primaryimage\"},\"image\":{\"@id\":\"https:\\\/\\\/www.realclubmaritimomelilla.es\\\/clmar\\\/el-galeon-andalucia-en-melilla\\\/#primaryimage\"},\"thumbnailUrl\":\"https:\\\/\\\/www.realclubmaritimomelilla.es\\\/clmar\\\/wp-content\\\/uploads\\\/2018\\\/10\\\/cartel_galeon_melilla-copia.jpg\",\"datePublished\":\"2018-10-16T12:43:22+00:00\",\"dateModified\":\"2021-07-20T09:38:57+00:00\",\"description\":\"El Gale\u00f3n Andaluc\u00eda, en Melilla -\",\"breadcrumb\":{\"@id\":\"https:\\\/\\\/www.realclubmaritimomelilla.es\\\/clmar\\\/el-galeon-andalucia-en-melilla\\\/#breadcrumb\"},\"inLanguage\":\"es\",\"potentialAction\":[{\"@type\":\"ReadAction\",\"target\":[\"https:\\\/\\\/www.realclubmaritimomelilla.es\\\/clmar\\\/el-galeon-andalucia-en-melilla\\\/\"]}]},{\"@type\":\"ImageObject\",\"inLanguage\":\"es\",\"@id\":\"https:\\\/\\\/www.realclubmaritimomelilla.es\\\/clmar\\\/el-galeon-andalucia-en-melilla\\\/#primaryimage\",\"url\":\"https:\\\/\\\/www.realclubmaritimomelilla.es\\\/clmar\\\/wp-content\\\/uploads\\\/2018\\\/10\\\/cartel_galeon_melilla-copia.jpg\",\"contentUrl\":\"https:\\\/\\\/www.realclubmaritimomelilla.es\\\/clmar\\\/wp-content\\\/uploads\\\/2018\\\/10\\\/cartel_galeon_melilla-copia.jpg\",\"width\":1000,\"height\":1415},{\"@type\":\"BreadcrumbList\",\"@id\":\"https:\\\/\\\/www.realclubmaritimomelilla.es\\\/clmar\\\/el-galeon-andalucia-en-melilla\\\/#breadcrumb\",\"itemListElement\":[{\"@type\":\"ListItem\",\"position\":1,\"name\":\"Portada\",\"item\":\"https:\\\/\\\/www.realclubmaritimomelilla.es\\\/clmar\\\/\"},{\"@type\":\"ListItem\",\"position\":2,\"name\":\"El Gale\u00f3n Andaluc\u00eda, en Melilla\"}]},{\"@type\":\"WebSite\",\"@id\":\"https:\\\/\\\/www.realclubmaritimomelilla.es\\\/clmar\\\/#website\",\"url\":\"https:\\\/\\\/www.realclubmaritimomelilla.es\\\/clmar\\\/\",\"name\":\"Real Club Mar\u00edtimo de Melilla\",\"description\":\"RCMM\",\"publisher\":{\"@id\":\"https:\\\/\\\/www.realclubmaritimomelilla.es\\\/clmar\\\/#organization\"},\"alternateName\":\"RCMM\",\"potentialAction\":[{\"@type\":\"SearchAction\",\"target\":{\"@type\":\"EntryPoint\",\"urlTemplate\":\"https:\\\/\\\/www.realclubmaritimomelilla.es\\\/clmar\\\/?s={search_term_string}\"},\"query-input\":{\"@type\":\"PropertyValueSpecification\",\"valueRequired\":true,\"valueName\":\"search_term_string\"}}],\"inLanguage\":\"es\"},{\"@type\":\"Organization\",\"@id\":\"https:\\\/\\\/www.realclubmaritimomelilla.es\\\/clmar\\\/#organization\",\"name\":\"Real Club Mar\u00edtimo de Melilla\",\"alternateName\":\"RCMM\",\"url\":\"https:\\\/\\\/www.realclubmaritimomelilla.es\\\/clmar\\\/\",\"logo\":{\"@type\":\"ImageObject\",\"inLanguage\":\"es\",\"@id\":\"https:\\\/\\\/www.realclubmaritimomelilla.es\\\/clmar\\\/#\\\/schema\\\/logo\\\/image\\\/\",\"url\":\"https:\\\/\\\/www.realclubmaritimomelilla.es\\\/clmar\\\/wp-content\\\/uploads\\\/logo-club-original-copia.jpg\",\"contentUrl\":\"https:\\\/\\\/www.realclubmaritimomelilla.es\\\/clmar\\\/wp-content\\\/uploads\\\/logo-club-original-copia.jpg\",\"width\":128,\"height\":89,\"caption\":\"Real Club Mar\u00edtimo de Melilla\"},\"image\":{\"@id\":\"https:\\\/\\\/www.realclubmaritimomelilla.es\\\/clmar\\\/#\\\/schema\\\/logo\\\/image\\\/\"},\"sameAs\":[\"https:\\\/\\\/www.facebook.com\\\/Real-Club-Mar\u00edtimo-de-Melilla-588495841234214\\\/\",\"https:\\\/\\\/x.com\\\/nauticarcmm\",\"https:\\\/\\\/www.instagram.com\\\/club_maritimo_melilla\\\/\",\"https:\\\/\\\/www.youtube.com\\\/@realclubmaritimodemelilla4703\",\"https:\\\/\\\/es.wikipedia.org\\\/wiki\\\/Real_Club_Mar\u00edtimo_de_Melilla\"]},{\"@type\":\"Person\",\"@id\":\"https:\\\/\\\/www.realclubmaritimomelilla.es\\\/clmar\\\/#\\\/schema\\\/person\\\/ebaa3713496dc6d48c872452e73a8e79\",\"name\":\"RCMMelilla\",\"image\":{\"@type\":\"ImageObject\",\"inLanguage\":\"es\",\"@id\":\"https:\\\/\\\/secure.gravatar.com\\\/avatar\\\/df1c24789360fb9308735c4ee556fc2bc5bf924bf01e53043b8b97ba272da33c?s=96&d=mm&r=g\",\"url\":\"https:\\\/\\\/secure.gravatar.com\\\/avatar\\\/df1c24789360fb9308735c4ee556fc2bc5bf924bf01e53043b8b97ba272da33c?s=96&d=mm&r=g\",\"contentUrl\":\"https:\\\/\\\/secure.gravatar.com\\\/avatar\\\/df1c24789360fb9308735c4ee556fc2bc5bf924bf01e53043b8b97ba272da33c?s=96&d=mm&r=g\",\"caption\":\"RCMMelilla\"}}]}<\/script>\n<!-- \/ Yoast SEO plugin. -->","yoast_head_json":{"title":"El Gale\u00f3n Andaluc\u00eda, en Melilla - Real Club Mar\u00edtimo de Melilla","description":"El Gale\u00f3n Andaluc\u00eda, en Melilla -","robots":{"index":"index","follow":"follow","max-snippet":"max-snippet:-1","max-image-preview":"max-image-preview:large","max-video-preview":"max-video-preview:-1"},"canonical":"https:\/\/www.realclubmaritimomelilla.es\/clmar\/el-galeon-andalucia-en-melilla\/","og_locale":"es_ES","og_type":"article","og_title":"El Gale\u00f3n Andaluc\u00eda, en Melilla - Real Club Mar\u00edtimo de Melilla","og_description":"El Gale\u00f3n Andaluc\u00eda, en Melilla -","og_url":"https:\/\/www.realclubmaritimomelilla.es\/clmar\/el-galeon-andalucia-en-melilla\/","og_site_name":"Real Club Mar\u00edtimo de Melilla","article_publisher":"https:\/\/www.facebook.com\/Real-Club-Mar%c3%adtimo-de-Melilla-588495841234214\/","article_published_time":"2018-10-16T12:43:22+00:00","article_modified_time":"2021-07-20T09:38:57+00:00","og_image":[{"width":1000,"height":1415,"url":"https:\/\/www.realclubmaritimomelilla.es\/clmar\/wp-content\/uploads\/2018\/10\/cartel_galeon_melilla-copia.jpg","type":"image\/jpeg"}],"author":"RCMMelilla","twitter_card":"summary_large_image","twitter_creator":"@nauticarcmm","twitter_site":"@nauticarcmm","twitter_misc":{"Escrito por":"RCMMelilla","Tiempo de lectura":"1 minuto"},"schema":{"@context":"https:\/\/schema.org","@graph":[{"@type":"Article","@id":"https:\/\/www.realclubmaritimomelilla.es\/clmar\/el-galeon-andalucia-en-melilla\/#article","isPartOf":{"@id":"https:\/\/www.realclubmaritimomelilla.es\/clmar\/el-galeon-andalucia-en-melilla\/"},"author":{"name":"RCMMelilla","@id":"https:\/\/www.realclubmaritimomelilla.es\/clmar\/#\/schema\/person\/ebaa3713496dc6d48c872452e73a8e79"},"headline":"El Gale\u00f3n Andaluc\u00eda, en Melilla","datePublished":"2018-10-16T12:43:22+00:00","dateModified":"2021-07-20T09:38:57+00:00","mainEntityOfPage":{"@id":"https:\/\/www.realclubmaritimomelilla.es\/clmar\/el-galeon-andalucia-en-melilla\/"},"wordCount":194,"commentCount":0,"publisher":{"@id":"https:\/\/www.realclubmaritimomelilla.es\/clmar\/#organization"},"image":{"@id":"https:\/\/www.realclubmaritimomelilla.es\/clmar\/el-galeon-andalucia-en-melilla\/#primaryimage"},"thumbnailUrl":"https:\/\/www.realclubmaritimomelilla.es\/clmar\/wp-content\/uploads\/2018\/10\/cartel_galeon_melilla-copia.jpg","articleSection":["Club"],"inLanguage":"es","potentialAction":[{"@type":"CommentAction","name":"Comment","target":["https:\/\/www.realclubmaritimomelilla.es\/clmar\/el-galeon-andalucia-en-melilla\/#respond"]}]},{"@type":"WebPage","@id":"https:\/\/www.realclubmaritimomelilla.es\/clmar\/el-galeon-andalucia-en-melilla\/","url":"https:\/\/www.realclubmaritimomelilla.es\/clmar\/el-galeon-andalucia-en-melilla\/","name":"El Gale\u00f3n Andaluc\u00eda, en Melilla - Real Club Mar\u00edtimo de Melilla","isPartOf":{"@id":"https:\/\/www.realclubmaritimomelilla.es\/clmar\/#website"},"primaryImageOfPage":{"@id":"https:\/\/www.realclubmaritimomelilla.es\/clmar\/el-galeon-andalucia-en-melilla\/#primaryimage"},"image":{"@id":"https:\/\/www.realclubmaritimomelilla.es\/clmar\/el-galeon-andalucia-en-melilla\/#primaryimage"},"thumbnailUrl":"https:\/\/www.realclubmaritimomelilla.es\/clmar\/wp-content\/uploads\/2018\/10\/cartel_galeon_melilla-copia.jpg","datePublished":"2018-10-16T12:43:22+00:00","dateModified":"2021-07-20T09:38:57+00:00","description":"El Gale\u00f3n Andaluc\u00eda, en Melilla -","breadcrumb":{"@id":"https:\/\/www.realclubmaritimomelilla.es\/clmar\/el-galeon-andalucia-en-melilla\/#breadcrumb"},"inLanguage":"es","potentialAction":[{"@type":"ReadAction","target":["https:\/\/www.realclubmaritimomelilla.es\/clmar\/el-galeon-andalucia-en-melilla\/"]}]},{"@type":"ImageObject","inLanguage":"es","@id":"https:\/\/www.realclubmaritimomelilla.es\/clmar\/el-galeon-andalucia-en-melilla\/#primaryimage","url":"https:\/\/www.realclubmaritimomelilla.es\/clmar\/wp-content\/uploads\/2018\/10\/cartel_galeon_melilla-copia.jpg","contentUrl":"https:\/\/www.realclubmaritimomelilla.es\/clmar\/wp-content\/uploads\/2018\/10\/cartel_galeon_melilla-copia.jpg","width":1000,"height":1415},{"@type":"BreadcrumbList","@id":"https:\/\/www.realclubmaritimomelilla.es\/clmar\/el-galeon-andalucia-en-melilla\/#breadcrumb","itemListElement":[{"@type":"ListItem","position":1,"name":"Portada","item":"https:\/\/www.realclubmaritimomelilla.es\/clmar\/"},{"@type":"ListItem","position":2,"name":"El Gale\u00f3n Andaluc\u00eda, en Melilla"}]},{"@type":"WebSite","@id":"https:\/\/www.realclubmaritimomelilla.es\/clmar\/#website","url":"https:\/\/www.realclubmaritimomelilla.es\/clmar\/","name":"Real Club Mar\u00edtimo de Melilla","description":"RCMM","publisher":{"@id":"https:\/\/www.realclubmaritimomelilla.es\/clmar\/#organization"},"alternateName":"RCMM","potentialAction":[{"@type":"SearchAction","target":{"@type":"EntryPoint","urlTemplate":"https:\/\/www.realclubmaritimomelilla.es\/clmar\/?s={search_term_string}"},"query-input":{"@type":"PropertyValueSpecification","valueRequired":true,"valueName":"search_term_string"}}],"inLanguage":"es"},{"@type":"Organization","@id":"https:\/\/www.realclubmaritimomelilla.es\/clmar\/#organization","name":"Real Club Mar\u00edtimo de Melilla","alternateName":"RCMM","url":"https:\/\/www.realclubmaritimomelilla.es\/clmar\/","logo":{"@type":"ImageObject","inLanguage":"es","@id":"https:\/\/www.realclubmaritimomelilla.es\/clmar\/#\/schema\/logo\/image\/","url":"https:\/\/www.realclubmaritimomelilla.es\/clmar\/wp-content\/uploads\/logo-club-original-copia.jpg","contentUrl":"https:\/\/www.realclubmaritimomelilla.es\/clmar\/wp-content\/uploads\/logo-club-original-copia.jpg","width":128,"height":89,"caption":"Real Club Mar\u00edtimo de Melilla"},"image":{"@id":"https:\/\/www.realclubmaritimomelilla.es\/clmar\/#\/schema\/logo\/image\/"},"sameAs":["https:\/\/www.facebook.com\/Real-Club-Mar\u00edtimo-de-Melilla-588495841234214\/","https:\/\/x.com\/nauticarcmm","https:\/\/www.instagram.com\/club_maritimo_melilla\/","https:\/\/www.youtube.com\/@realclubmaritimodemelilla4703","https:\/\/es.wikipedia.org\/wiki\/Real_Club_Mar\u00edtimo_de_Melilla"]},{"@type":"Person","@id":"https:\/\/www.realclubmaritimomelilla.es\/clmar\/#\/schema\/person\/ebaa3713496dc6d48c872452e73a8e79","name":"RCMMelilla","image":{"@type":"ImageObject","inLanguage":"es","@id":"https:\/\/secure.gravatar.com\/avatar\/df1c24789360fb9308735c4ee556fc2bc5bf924bf01e53043b8b97ba272da33c?s=96&d=mm&r=g","url":"https:\/\/secure.gravatar.com\/avatar\/df1c24789360fb9308735c4ee556fc2bc5bf924bf01e53043b8b97ba272da33c?s=96&d=mm&r=g","contentUrl":"https:\/\/secure.gravatar.com\/avatar\/df1c24789360fb9308735c4ee556fc2bc5bf924bf01e53043b8b97ba272da33c?s=96&d=mm&r=g","caption":"RCMMelilla"}}]}},"_links":{"self":[{"href":"https:\/\/www.realclubmaritimomelilla.es\/clmar\/wp-json\/wp\/v2\/posts\/14166","targetHints":{"allow":["GET"]}}],"collection":[{"href":"https:\/\/www.realclubmaritimomelilla.es\/clmar\/wp-json\/wp\/v2\/posts"}],"about":[{"href":"https:\/\/www.realclubmaritimomelilla.es\/clmar\/wp-json\/wp\/v2\/types\/post"}],"author":[{"embeddable":true,"href":"https:\/\/www.realclubmaritimomelilla.es\/clmar\/wp-json\/wp\/v2\/users\/1"}],"replies":[{"embeddable":true,"href":"https:\/\/www.realclubmaritimomelilla.es\/clmar\/wp-json\/wp\/v2\/comments?post=14166"}],"version-history":[{"count":4,"href":"https:\/\/www.realclubmaritimomelilla.es\/clmar\/wp-json\/wp\/v2\/posts\/14166\/revisions"}],"predecessor-version":[{"id":16026,"href":"https:\/\/www.realclubmaritimomelilla.es\/clmar\/wp-json\/wp\/v2\/posts\/14166\/revisions\/16026"}],"wp:featuredmedia":[{"embeddable":true,"href":"https:\/\/www.realclubmaritimomelilla.es\/clmar\/wp-json\/wp\/v2\/media\/14167"}],"wp:attachment":[{"href":"https:\/\/www.realclubmaritimomelilla.es\/clmar\/wp-json\/wp\/v2\/media?parent=14166"}],"wp:term":[{"taxonomy":"category","embeddable":true,"href":"https:\/\/www.realclubmaritimomelilla.es\/clmar\/wp-json\/wp\/v2\/categories?post=14166"},{"taxonomy":"post_tag","embeddable":true,"href":"https:\/\/www.realclubmaritimomelilla.es\/clmar\/wp-json\/wp\/v2\/tags?post=14166"}],"curies":[{"name":"wp","href":"https:\/\/api.w.org\/{rel}","templated":true}]}}