{"id":14082,"date":"2018-10-11T16:22:47","date_gmt":"2018-10-11T14:22:47","guid":{"rendered":"http:\/\/www.clubmaritimomelilla.es\/clmar\/?p=14082"},"modified":"2018-10-11T16:22:47","modified_gmt":"2018-10-11T14:22:47","slug":"el-equipo-de-regatas-del-club-maritimo-participa-en-el-surfari","status":"publish","type":"post","link":"https:\/\/www.realclubmaritimomelilla.es\/clmar\/el-equipo-de-regatas-del-club-maritimo-participa-en-el-surfari\/","title":{"rendered":"EL EQUIPO DE REGATAS DEL CLUB MAR\u00cdTIMO PARTICIPA EN EL SURFARI"},"content":{"rendered":"<div>El destino este fin de semana del Equipo de Regatas de Club Mar\u00edtimo es la Regi\u00f3n de Murcia, concretamente el Club N\u00e1utico Mar Menor Los Alc\u00e1zares. Se disputa una nueva edici\u00f3n del Surfari, que con m\u00e1s de dos d\u00e9cadas es una de las principales concentraciones para la clase windsurf a nivel nacional.<\/div>\n<div><\/div>\n<div>Este es el s\u00e9ptimo a\u00f1o que el Club Mar\u00edtimo y sus regatistas se suman a una flota de m\u00e1s de un centenar de regatistas, que competir\u00e1n hasta el domingo. Ser\u00e1n tres d\u00edas de regata en los que se realizar\u00e1n como m\u00e1ximo doce mangas.<\/div>\n<div><\/div>\n<div>Se trata de uno de los desplazamientos m\u00e1s importantes que realiza la flota de windsurf del Club Mar\u00edtimo, ya que doce de sus regatistas junto a un t\u00e9cnico han viajado este mediod\u00eda en el buque de Trasmediterranea rumbo a Almer\u00eda, para proseguir por carretera hasta Los Alc\u00e1zares donde ma\u00f1ana comienza la competici\u00f3n.<\/div>\n<div><\/div>\n<div>\n<div>Alberto Colomer, Cristina Padilla, Emira Rodr\u00edguez,\u00a0Yolanda Padilla, Azul S\u00e1nchez, Paloma Arrar\u00e1s, Emma Mart\u00ednez, Elena Paya, Francisco soler, Victor Mar\u00edn, Carlos Marin y Fabio Diaz son los regatistas del Club Mar\u00edtimo que han viajado junto al entrenador Hicham Mohamed.<\/div>\n<\/div>\n","protected":false},"excerpt":{"rendered":"<p>El destino este fin de semana del Equipo de Regatas de Club Mar\u00edtimo es la Regi\u00f3n de Murcia, concretamente el Club N\u00e1utico Mar Menor Los Alc\u00e1zares. Se disputa una nueva edici\u00f3n del Surfari, que con m\u00e1s de dos d\u00e9cadas es una de las principales concentraciones para la clase windsurf a nivel nacional. Este es el [&hellip;]<\/p>\n","protected":false},"author":1,"featured_media":14083,"comment_status":"open","ping_status":"open","sticky":false,"template":"","format":"standard","meta":{"_acf_changed":false,"footnotes":""},"categories":[40,38],"tags":[],"class_list":["post-14082","post","type-post","status-publish","format-standard","has-post-thumbnail","hentry","category-club","category-nautica"],"acf":[],"yoast_head":"<!-- This site is optimized with the Yoast SEO plugin v27.5 - https:\/\/yoast.com\/product\/yoast-seo-wordpress\/ -->\n<title>EL EQUIPO DE REGATAS DEL CLUB MAR\u00cdTIMO PARTICIPA EN EL SURFARI - Real Club Mar\u00edtimo de Melilla<\/title>\n<meta name=\"description\" content=\"EL EQUIPO DE REGATAS DEL CLUB MAR\u00cdTIMO PARTICIPA EN EL SURFARI -\" \/>\n<meta name=\"robots\" content=\"index, follow, max-snippet:-1, max-image-preview:large, max-video-preview:-1\" \/>\n<link rel=\"canonical\" href=\"https:\/\/www.realclubmaritimomelilla.es\/clmar\/el-equipo-de-regatas-del-club-maritimo-participa-en-el-surfari\/\" \/>\n<meta property=\"og:locale\" content=\"es_ES\" \/>\n<meta property=\"og:type\" content=\"article\" \/>\n<meta property=\"og:title\" content=\"EL EQUIPO DE REGATAS DEL CLUB MAR\u00cdTIMO PARTICIPA EN EL SURFARI - Real Club Mar\u00edtimo de Melilla\" \/>\n<meta property=\"og:description\" content=\"EL EQUIPO DE REGATAS DEL CLUB MAR\u00cdTIMO PARTICIPA EN EL SURFARI -\" \/>\n<meta property=\"og:url\" content=\"https:\/\/www.realclubmaritimomelilla.es\/clmar\/el-equipo-de-regatas-del-club-maritimo-participa-en-el-surfari\/\" \/>\n<meta property=\"og:site_name\" content=\"Real Club Mar\u00edtimo de Melilla\" \/>\n<meta property=\"article:publisher\" content=\"https:\/\/www.facebook.com\/Real-Club-Mar%c3%adtimo-de-Melilla-588495841234214\/\" \/>\n<meta property=\"article:published_time\" content=\"2018-10-11T14:22:47+00:00\" \/>\n<meta property=\"og:image\" content=\"https:\/\/www.realclubmaritimomelilla.es\/clmar\/wp-content\/uploads\/2018\/10\/Parte-del-ER-que-se-desplaza-al-Surfari.jpeg\" \/>\n\t<meta property=\"og:image:width\" content=\"1024\" \/>\n\t<meta property=\"og:image:height\" content=\"768\" \/>\n\t<meta property=\"og:image:type\" content=\"image\/jpeg\" \/>\n<meta name=\"author\" content=\"RCMMelilla\" \/>\n<meta name=\"twitter:card\" content=\"summary_large_image\" \/>\n<meta name=\"twitter:creator\" content=\"@nauticarcmm\" \/>\n<meta name=\"twitter:site\" content=\"@nauticarcmm\" \/>\n<meta name=\"twitter:label1\" content=\"Escrito por\" \/>\n\t<meta name=\"twitter:data1\" content=\"RCMMelilla\" \/>\n\t<meta name=\"twitter:label2\" content=\"Tiempo de lectura\" \/>\n\t<meta name=\"twitter:data2\" content=\"1 minuto\" \/>\n<script type=\"application\/ld+json\" class=\"yoast-schema-graph\">{\"@context\":\"https:\\\/\\\/schema.org\",\"@graph\":[{\"@type\":\"Article\",\"@id\":\"https:\\\/\\\/www.realclubmaritimomelilla.es\\\/clmar\\\/el-equipo-de-regatas-del-club-maritimo-participa-en-el-surfari\\\/#article\",\"isPartOf\":{\"@id\":\"https:\\\/\\\/www.realclubmaritimomelilla.es\\\/clmar\\\/el-equipo-de-regatas-del-club-maritimo-participa-en-el-surfari\\\/\"},\"author\":{\"name\":\"RCMMelilla\",\"@id\":\"https:\\\/\\\/www.realclubmaritimomelilla.es\\\/clmar\\\/#\\\/schema\\\/person\\\/ebaa3713496dc6d48c872452e73a8e79\"},\"headline\":\"EL EQUIPO DE REGATAS DEL CLUB MAR\u00cdTIMO PARTICIPA EN EL SURFARI\",\"datePublished\":\"2018-10-11T14:22:47+00:00\",\"mainEntityOfPage\":{\"@id\":\"https:\\\/\\\/www.realclubmaritimomelilla.es\\\/clmar\\\/el-equipo-de-regatas-del-club-maritimo-participa-en-el-surfari\\\/\"},\"wordCount\":228,\"commentCount\":0,\"publisher\":{\"@id\":\"https:\\\/\\\/www.realclubmaritimomelilla.es\\\/clmar\\\/#organization\"},\"image\":{\"@id\":\"https:\\\/\\\/www.realclubmaritimomelilla.es\\\/clmar\\\/el-equipo-de-regatas-del-club-maritimo-participa-en-el-surfari\\\/#primaryimage\"},\"thumbnailUrl\":\"https:\\\/\\\/www.realclubmaritimomelilla.es\\\/clmar\\\/wp-content\\\/uploads\\\/2018\\\/10\\\/Parte-del-ER-que-se-desplaza-al-Surfari.jpeg\",\"articleSection\":[\"Club\",\"N\u00e1utica\"],\"inLanguage\":\"es\",\"potentialAction\":[{\"@type\":\"CommentAction\",\"name\":\"Comment\",\"target\":[\"https:\\\/\\\/www.realclubmaritimomelilla.es\\\/clmar\\\/el-equipo-de-regatas-del-club-maritimo-participa-en-el-surfari\\\/#respond\"]}]},{\"@type\":\"WebPage\",\"@id\":\"https:\\\/\\\/www.realclubmaritimomelilla.es\\\/clmar\\\/el-equipo-de-regatas-del-club-maritimo-participa-en-el-surfari\\\/\",\"url\":\"https:\\\/\\\/www.realclubmaritimomelilla.es\\\/clmar\\\/el-equipo-de-regatas-del-club-maritimo-participa-en-el-surfari\\\/\",\"name\":\"EL EQUIPO DE REGATAS DEL CLUB MAR\u00cdTIMO PARTICIPA EN EL SURFARI - Real Club Mar\u00edtimo de Melilla\",\"isPartOf\":{\"@id\":\"https:\\\/\\\/www.realclubmaritimomelilla.es\\\/clmar\\\/#website\"},\"primaryImageOfPage\":{\"@id\":\"https:\\\/\\\/www.realclubmaritimomelilla.es\\\/clmar\\\/el-equipo-de-regatas-del-club-maritimo-participa-en-el-surfari\\\/#primaryimage\"},\"image\":{\"@id\":\"https:\\\/\\\/www.realclubmaritimomelilla.es\\\/clmar\\\/el-equipo-de-regatas-del-club-maritimo-participa-en-el-surfari\\\/#primaryimage\"},\"thumbnailUrl\":\"https:\\\/\\\/www.realclubmaritimomelilla.es\\\/clmar\\\/wp-content\\\/uploads\\\/2018\\\/10\\\/Parte-del-ER-que-se-desplaza-al-Surfari.jpeg\",\"datePublished\":\"2018-10-11T14:22:47+00:00\",\"description\":\"EL EQUIPO DE REGATAS DEL CLUB MAR\u00cdTIMO PARTICIPA EN EL SURFARI -\",\"breadcrumb\":{\"@id\":\"https:\\\/\\\/www.realclubmaritimomelilla.es\\\/clmar\\\/el-equipo-de-regatas-del-club-maritimo-participa-en-el-surfari\\\/#breadcrumb\"},\"inLanguage\":\"es\",\"potentialAction\":[{\"@type\":\"ReadAction\",\"target\":[\"https:\\\/\\\/www.realclubmaritimomelilla.es\\\/clmar\\\/el-equipo-de-regatas-del-club-maritimo-participa-en-el-surfari\\\/\"]}]},{\"@type\":\"ImageObject\",\"inLanguage\":\"es\",\"@id\":\"https:\\\/\\\/www.realclubmaritimomelilla.es\\\/clmar\\\/el-equipo-de-regatas-del-club-maritimo-participa-en-el-surfari\\\/#primaryimage\",\"url\":\"https:\\\/\\\/www.realclubmaritimomelilla.es\\\/clmar\\\/wp-content\\\/uploads\\\/2018\\\/10\\\/Parte-del-ER-que-se-desplaza-al-Surfari.jpeg\",\"contentUrl\":\"https:\\\/\\\/www.realclubmaritimomelilla.es\\\/clmar\\\/wp-content\\\/uploads\\\/2018\\\/10\\\/Parte-del-ER-que-se-desplaza-al-Surfari.jpeg\",\"width\":1024,\"height\":768},{\"@type\":\"BreadcrumbList\",\"@id\":\"https:\\\/\\\/www.realclubmaritimomelilla.es\\\/clmar\\\/el-equipo-de-regatas-del-club-maritimo-participa-en-el-surfari\\\/#breadcrumb\",\"itemListElement\":[{\"@type\":\"ListItem\",\"position\":1,\"name\":\"Portada\",\"item\":\"https:\\\/\\\/www.realclubmaritimomelilla.es\\\/clmar\\\/\"},{\"@type\":\"ListItem\",\"position\":2,\"name\":\"EL EQUIPO DE REGATAS DEL CLUB MAR\u00cdTIMO PARTICIPA EN EL SURFARI\"}]},{\"@type\":\"WebSite\",\"@id\":\"https:\\\/\\\/www.realclubmaritimomelilla.es\\\/clmar\\\/#website\",\"url\":\"https:\\\/\\\/www.realclubmaritimomelilla.es\\\/clmar\\\/\",\"name\":\"Real Club Mar\u00edtimo de Melilla\",\"description\":\"RCMM\",\"publisher\":{\"@id\":\"https:\\\/\\\/www.realclubmaritimomelilla.es\\\/clmar\\\/#organization\"},\"alternateName\":\"RCMM\",\"potentialAction\":[{\"@type\":\"SearchAction\",\"target\":{\"@type\":\"EntryPoint\",\"urlTemplate\":\"https:\\\/\\\/www.realclubmaritimomelilla.es\\\/clmar\\\/?s={search_term_string}\"},\"query-input\":{\"@type\":\"PropertyValueSpecification\",\"valueRequired\":true,\"valueName\":\"search_term_string\"}}],\"inLanguage\":\"es\"},{\"@type\":\"Organization\",\"@id\":\"https:\\\/\\\/www.realclubmaritimomelilla.es\\\/clmar\\\/#organization\",\"name\":\"Real Club Mar\u00edtimo de Melilla\",\"alternateName\":\"RCMM\",\"url\":\"https:\\\/\\\/www.realclubmaritimomelilla.es\\\/clmar\\\/\",\"logo\":{\"@type\":\"ImageObject\",\"inLanguage\":\"es\",\"@id\":\"https:\\\/\\\/www.realclubmaritimomelilla.es\\\/clmar\\\/#\\\/schema\\\/logo\\\/image\\\/\",\"url\":\"https:\\\/\\\/www.realclubmaritimomelilla.es\\\/clmar\\\/wp-content\\\/uploads\\\/logo-club-original-copia.jpg\",\"contentUrl\":\"https:\\\/\\\/www.realclubmaritimomelilla.es\\\/clmar\\\/wp-content\\\/uploads\\\/logo-club-original-copia.jpg\",\"width\":128,\"height\":89,\"caption\":\"Real Club Mar\u00edtimo de Melilla\"},\"image\":{\"@id\":\"https:\\\/\\\/www.realclubmaritimomelilla.es\\\/clmar\\\/#\\\/schema\\\/logo\\\/image\\\/\"},\"sameAs\":[\"https:\\\/\\\/www.facebook.com\\\/Real-Club-Mar\u00edtimo-de-Melilla-588495841234214\\\/\",\"https:\\\/\\\/x.com\\\/nauticarcmm\",\"https:\\\/\\\/www.instagram.com\\\/club_maritimo_melilla\\\/\",\"https:\\\/\\\/www.youtube.com\\\/@realclubmaritimodemelilla4703\",\"https:\\\/\\\/es.wikipedia.org\\\/wiki\\\/Real_Club_Mar\u00edtimo_de_Melilla\"]},{\"@type\":\"Person\",\"@id\":\"https:\\\/\\\/www.realclubmaritimomelilla.es\\\/clmar\\\/#\\\/schema\\\/person\\\/ebaa3713496dc6d48c872452e73a8e79\",\"name\":\"RCMMelilla\",\"image\":{\"@type\":\"ImageObject\",\"inLanguage\":\"es\",\"@id\":\"https:\\\/\\\/secure.gravatar.com\\\/avatar\\\/df1c24789360fb9308735c4ee556fc2bc5bf924bf01e53043b8b97ba272da33c?s=96&d=mm&r=g\",\"url\":\"https:\\\/\\\/secure.gravatar.com\\\/avatar\\\/df1c24789360fb9308735c4ee556fc2bc5bf924bf01e53043b8b97ba272da33c?s=96&d=mm&r=g\",\"contentUrl\":\"https:\\\/\\\/secure.gravatar.com\\\/avatar\\\/df1c24789360fb9308735c4ee556fc2bc5bf924bf01e53043b8b97ba272da33c?s=96&d=mm&r=g\",\"caption\":\"RCMMelilla\"}}]}<\/script>\n<!-- \/ Yoast SEO plugin. -->","yoast_head_json":{"title":"EL EQUIPO DE REGATAS DEL CLUB MAR\u00cdTIMO PARTICIPA EN EL SURFARI - Real Club Mar\u00edtimo de Melilla","description":"EL EQUIPO DE REGATAS DEL CLUB MAR\u00cdTIMO PARTICIPA EN EL SURFARI -","robots":{"index":"index","follow":"follow","max-snippet":"max-snippet:-1","max-image-preview":"max-image-preview:large","max-video-preview":"max-video-preview:-1"},"canonical":"https:\/\/www.realclubmaritimomelilla.es\/clmar\/el-equipo-de-regatas-del-club-maritimo-participa-en-el-surfari\/","og_locale":"es_ES","og_type":"article","og_title":"EL EQUIPO DE REGATAS DEL CLUB MAR\u00cdTIMO PARTICIPA EN EL SURFARI - Real Club Mar\u00edtimo de Melilla","og_description":"EL EQUIPO DE REGATAS DEL CLUB MAR\u00cdTIMO PARTICIPA EN EL SURFARI -","og_url":"https:\/\/www.realclubmaritimomelilla.es\/clmar\/el-equipo-de-regatas-del-club-maritimo-participa-en-el-surfari\/","og_site_name":"Real Club Mar\u00edtimo de Melilla","article_publisher":"https:\/\/www.facebook.com\/Real-Club-Mar%c3%adtimo-de-Melilla-588495841234214\/","article_published_time":"2018-10-11T14:22:47+00:00","og_image":[{"width":1024,"height":768,"url":"https:\/\/www.realclubmaritimomelilla.es\/clmar\/wp-content\/uploads\/2018\/10\/Parte-del-ER-que-se-desplaza-al-Surfari.jpeg","type":"image\/jpeg"}],"author":"RCMMelilla","twitter_card":"summary_large_image","twitter_creator":"@nauticarcmm","twitter_site":"@nauticarcmm","twitter_misc":{"Escrito por":"RCMMelilla","Tiempo de lectura":"1 minuto"},"schema":{"@context":"https:\/\/schema.org","@graph":[{"@type":"Article","@id":"https:\/\/www.realclubmaritimomelilla.es\/clmar\/el-equipo-de-regatas-del-club-maritimo-participa-en-el-surfari\/#article","isPartOf":{"@id":"https:\/\/www.realclubmaritimomelilla.es\/clmar\/el-equipo-de-regatas-del-club-maritimo-participa-en-el-surfari\/"},"author":{"name":"RCMMelilla","@id":"https:\/\/www.realclubmaritimomelilla.es\/clmar\/#\/schema\/person\/ebaa3713496dc6d48c872452e73a8e79"},"headline":"EL EQUIPO DE REGATAS DEL CLUB MAR\u00cdTIMO PARTICIPA EN EL SURFARI","datePublished":"2018-10-11T14:22:47+00:00","mainEntityOfPage":{"@id":"https:\/\/www.realclubmaritimomelilla.es\/clmar\/el-equipo-de-regatas-del-club-maritimo-participa-en-el-surfari\/"},"wordCount":228,"commentCount":0,"publisher":{"@id":"https:\/\/www.realclubmaritimomelilla.es\/clmar\/#organization"},"image":{"@id":"https:\/\/www.realclubmaritimomelilla.es\/clmar\/el-equipo-de-regatas-del-club-maritimo-participa-en-el-surfari\/#primaryimage"},"thumbnailUrl":"https:\/\/www.realclubmaritimomelilla.es\/clmar\/wp-content\/uploads\/2018\/10\/Parte-del-ER-que-se-desplaza-al-Surfari.jpeg","articleSection":["Club","N\u00e1utica"],"inLanguage":"es","potentialAction":[{"@type":"CommentAction","name":"Comment","target":["https:\/\/www.realclubmaritimomelilla.es\/clmar\/el-equipo-de-regatas-del-club-maritimo-participa-en-el-surfari\/#respond"]}]},{"@type":"WebPage","@id":"https:\/\/www.realclubmaritimomelilla.es\/clmar\/el-equipo-de-regatas-del-club-maritimo-participa-en-el-surfari\/","url":"https:\/\/www.realclubmaritimomelilla.es\/clmar\/el-equipo-de-regatas-del-club-maritimo-participa-en-el-surfari\/","name":"EL EQUIPO DE REGATAS DEL CLUB MAR\u00cdTIMO PARTICIPA EN EL SURFARI - Real Club Mar\u00edtimo de Melilla","isPartOf":{"@id":"https:\/\/www.realclubmaritimomelilla.es\/clmar\/#website"},"primaryImageOfPage":{"@id":"https:\/\/www.realclubmaritimomelilla.es\/clmar\/el-equipo-de-regatas-del-club-maritimo-participa-en-el-surfari\/#primaryimage"},"image":{"@id":"https:\/\/www.realclubmaritimomelilla.es\/clmar\/el-equipo-de-regatas-del-club-maritimo-participa-en-el-surfari\/#primaryimage"},"thumbnailUrl":"https:\/\/www.realclubmaritimomelilla.es\/clmar\/wp-content\/uploads\/2018\/10\/Parte-del-ER-que-se-desplaza-al-Surfari.jpeg","datePublished":"2018-10-11T14:22:47+00:00","description":"EL EQUIPO DE REGATAS DEL CLUB MAR\u00cdTIMO PARTICIPA EN EL SURFARI -","breadcrumb":{"@id":"https:\/\/www.realclubmaritimomelilla.es\/clmar\/el-equipo-de-regatas-del-club-maritimo-participa-en-el-surfari\/#breadcrumb"},"inLanguage":"es","potentialAction":[{"@type":"ReadAction","target":["https:\/\/www.realclubmaritimomelilla.es\/clmar\/el-equipo-de-regatas-del-club-maritimo-participa-en-el-surfari\/"]}]},{"@type":"ImageObject","inLanguage":"es","@id":"https:\/\/www.realclubmaritimomelilla.es\/clmar\/el-equipo-de-regatas-del-club-maritimo-participa-en-el-surfari\/#primaryimage","url":"https:\/\/www.realclubmaritimomelilla.es\/clmar\/wp-content\/uploads\/2018\/10\/Parte-del-ER-que-se-desplaza-al-Surfari.jpeg","contentUrl":"https:\/\/www.realclubmaritimomelilla.es\/clmar\/wp-content\/uploads\/2018\/10\/Parte-del-ER-que-se-desplaza-al-Surfari.jpeg","width":1024,"height":768},{"@type":"BreadcrumbList","@id":"https:\/\/www.realclubmaritimomelilla.es\/clmar\/el-equipo-de-regatas-del-club-maritimo-participa-en-el-surfari\/#breadcrumb","itemListElement":[{"@type":"ListItem","position":1,"name":"Portada","item":"https:\/\/www.realclubmaritimomelilla.es\/clmar\/"},{"@type":"ListItem","position":2,"name":"EL EQUIPO DE REGATAS DEL CLUB MAR\u00cdTIMO PARTICIPA EN EL SURFARI"}]},{"@type":"WebSite","@id":"https:\/\/www.realclubmaritimomelilla.es\/clmar\/#website","url":"https:\/\/www.realclubmaritimomelilla.es\/clmar\/","name":"Real Club Mar\u00edtimo de Melilla","description":"RCMM","publisher":{"@id":"https:\/\/www.realclubmaritimomelilla.es\/clmar\/#organization"},"alternateName":"RCMM","potentialAction":[{"@type":"SearchAction","target":{"@type":"EntryPoint","urlTemplate":"https:\/\/www.realclubmaritimomelilla.es\/clmar\/?s={search_term_string}"},"query-input":{"@type":"PropertyValueSpecification","valueRequired":true,"valueName":"search_term_string"}}],"inLanguage":"es"},{"@type":"Organization","@id":"https:\/\/www.realclubmaritimomelilla.es\/clmar\/#organization","name":"Real Club Mar\u00edtimo de Melilla","alternateName":"RCMM","url":"https:\/\/www.realclubmaritimomelilla.es\/clmar\/","logo":{"@type":"ImageObject","inLanguage":"es","@id":"https:\/\/www.realclubmaritimomelilla.es\/clmar\/#\/schema\/logo\/image\/","url":"https:\/\/www.realclubmaritimomelilla.es\/clmar\/wp-content\/uploads\/logo-club-original-copia.jpg","contentUrl":"https:\/\/www.realclubmaritimomelilla.es\/clmar\/wp-content\/uploads\/logo-club-original-copia.jpg","width":128,"height":89,"caption":"Real Club Mar\u00edtimo de Melilla"},"image":{"@id":"https:\/\/www.realclubmaritimomelilla.es\/clmar\/#\/schema\/logo\/image\/"},"sameAs":["https:\/\/www.facebook.com\/Real-Club-Mar\u00edtimo-de-Melilla-588495841234214\/","https:\/\/x.com\/nauticarcmm","https:\/\/www.instagram.com\/club_maritimo_melilla\/","https:\/\/www.youtube.com\/@realclubmaritimodemelilla4703","https:\/\/es.wikipedia.org\/wiki\/Real_Club_Mar\u00edtimo_de_Melilla"]},{"@type":"Person","@id":"https:\/\/www.realclubmaritimomelilla.es\/clmar\/#\/schema\/person\/ebaa3713496dc6d48c872452e73a8e79","name":"RCMMelilla","image":{"@type":"ImageObject","inLanguage":"es","@id":"https:\/\/secure.gravatar.com\/avatar\/df1c24789360fb9308735c4ee556fc2bc5bf924bf01e53043b8b97ba272da33c?s=96&d=mm&r=g","url":"https:\/\/secure.gravatar.com\/avatar\/df1c24789360fb9308735c4ee556fc2bc5bf924bf01e53043b8b97ba272da33c?s=96&d=mm&r=g","contentUrl":"https:\/\/secure.gravatar.com\/avatar\/df1c24789360fb9308735c4ee556fc2bc5bf924bf01e53043b8b97ba272da33c?s=96&d=mm&r=g","caption":"RCMMelilla"}}]}},"_links":{"self":[{"href":"https:\/\/www.realclubmaritimomelilla.es\/clmar\/wp-json\/wp\/v2\/posts\/14082","targetHints":{"allow":["GET"]}}],"collection":[{"href":"https:\/\/www.realclubmaritimomelilla.es\/clmar\/wp-json\/wp\/v2\/posts"}],"about":[{"href":"https:\/\/www.realclubmaritimomelilla.es\/clmar\/wp-json\/wp\/v2\/types\/post"}],"author":[{"embeddable":true,"href":"https:\/\/www.realclubmaritimomelilla.es\/clmar\/wp-json\/wp\/v2\/users\/1"}],"replies":[{"embeddable":true,"href":"https:\/\/www.realclubmaritimomelilla.es\/clmar\/wp-json\/wp\/v2\/comments?post=14082"}],"version-history":[{"count":1,"href":"https:\/\/www.realclubmaritimomelilla.es\/clmar\/wp-json\/wp\/v2\/posts\/14082\/revisions"}],"predecessor-version":[{"id":14084,"href":"https:\/\/www.realclubmaritimomelilla.es\/clmar\/wp-json\/wp\/v2\/posts\/14082\/revisions\/14084"}],"wp:featuredmedia":[{"embeddable":true,"href":"https:\/\/www.realclubmaritimomelilla.es\/clmar\/wp-json\/wp\/v2\/media\/14083"}],"wp:attachment":[{"href":"https:\/\/www.realclubmaritimomelilla.es\/clmar\/wp-json\/wp\/v2\/media?parent=14082"}],"wp:term":[{"taxonomy":"category","embeddable":true,"href":"https:\/\/www.realclubmaritimomelilla.es\/clmar\/wp-json\/wp\/v2\/categories?post=14082"},{"taxonomy":"post_tag","embeddable":true,"href":"https:\/\/www.realclubmaritimomelilla.es\/clmar\/wp-json\/wp\/v2\/tags?post=14082"}],"curies":[{"name":"wp","href":"https:\/\/api.w.org\/{rel}","templated":true}]}}