{"id":13960,"date":"2018-09-08T17:06:03","date_gmt":"2018-09-08T15:06:03","guid":{"rendered":"http:\/\/www.clubmaritimomelilla.es\/clmar\/?p=13960"},"modified":"2021-07-20T11:38:58","modified_gmt":"2021-07-20T09:38:58","slug":"el-club-maritimo-cierra-la-feria-2018-con-la-entrega-de-trofeos","status":"publish","type":"post","link":"https:\/\/www.realclubmaritimomelilla.es\/clmar\/el-club-maritimo-cierra-la-feria-2018-con-la-entrega-de-trofeos\/","title":{"rendered":"EL CLUB MAR\u00cdTIMO CIERRA LA\u00a0FERIA\u00a02018 CON LA ENTREGA DE TROFEOS"},"content":{"rendered":"<p>El Club Mar\u00edtimo cerr\u00f3 este s\u00e1bado sus actividades de la\u00a0<span class=\"m_-5620407403992244315gmail-il\">Feria<\/span>\u00a02018, con diferentes actividades entre los que destac\u00f3 la entrega de trofeos de sus competiciones que se han llevado a cabo durante los \u00faltimos d\u00edas en seis modalidades distintas.<\/p>\n<p>El presidente del Club Mar\u00edtimo, Jos\u00e9 Manuel Calzado, estuvo acompa\u00f1ado de varios de sus directivos, entre los que se encontraba tambi\u00e9n los vicepresidentes de la entidad Rafael Imbroda y Jer\u00f3nimo P\u00e9rez.<\/p>\n<p>Calzado ha felicitado a todos los premiados y destacado el ambiente festivo vivido este s\u00e1bado en el Club Mar\u00edtimo.<\/p>\n<p>Los primeros galardones en entregarse fueron los relativos a la competici\u00f3n de juego de mesa, que este a\u00f1o han consistido en campeonatos de canasta, continental, domin\u00f3 y parchis.<\/p>\n<p>La pesca no ha faltado a su cita, siendo cuatro categor\u00edas distintas. Pesca en cantil, tanto para ni\u00f1os como adultos, adem\u00e1s de en embarcaci\u00f3n fondeada. Este a\u00f1o como novedad, se ha introducido la categor\u00eda de equipos en la pesca de adultos. Se han entregado galardones a la pieza mayor, al mayor n\u00famero de kilos y al mayor n\u00famero de piezas.<\/p>\n<p>Todo un cl\u00e1sico por estas fechas en el Club Mar\u00edtimo son las Regatas de Feria. Se trata de una las cinco grandes citas que se organizan a lo largo de todo el a\u00f1o para la flota local.<\/p>\n<p>En optimist se han entregado medallas y trofeos para los grupos de iniciaci\u00f3n, adem\u00e1s de para la clasificaci\u00f3n general. Este a\u00f1o el primer puesto ha sido para Carlos Cervilla.<\/p>\n<p>Miguel Due\u00f1as, que no ha podido acudir a recoger su premio, ha sido el campe\u00f3n de este a\u00f1o en la clase l\u00e1ser 4.7.<\/p>\n<p>Aitana Duarte se ha impuesto en techo 293 iniciaci\u00f3n, mientras que en esta misma clase, pero en la general, se ha impuesto Cristina Padilla. Pablo Pascual ha recogido el galard\u00f3n de campe\u00f3n en raceboard.<\/p>\n<p>El patr\u00f3n del Victoria V, Vicente de Juan ha recibido el primer premio en la clase crucero sin spy, mientras que la tripulaci\u00f3n del Olivita ha sido la primera en crucero con spy.<\/p>\n<div class=\"fusion-fullwidth fullwidth-box fusion-builder-row-1 hundred-percent-fullwidth non-hundred-percent-height-scrolling\" style=\"background-color: #ffffff;background-position: center center;background-repeat: no-repeat;padding-top:0px;padding-right:0px;padding-bottom:0px;padding-left:0px;margin-bottom: 0px;margin-top: 0px;border-width: 0px 0px 0px 0px;border-color:#eae9e9;border-style:solid;\" ><div class=\"fusion-builder-row fusion-row\"><div class=\"fusion-layout-column fusion_builder_column fusion-builder-column-0 fusion_builder_column_1_1 1_1 fusion-one-full fusion-column-first fusion-column-last fusion-column-no-min-height\" style=\"margin-top:0px;margin-bottom:0px;\"><div class=\"fusion-column-wrapper fusion-flex-column-wrapper-legacy\" style=\"background-position:left top;background-repeat:no-repeat;-webkit-background-size:cover;-moz-background-size:cover;-o-background-size:cover;background-size:cover;padding: 0px 0px 0px 0px;\">\n\t\t<style type=\"text\/css\">\n\t\t\t#gallery-1 {\n\t\t\t\tmargin: auto;\n\t\t\t}\n\t\t\t#gallery-1 .gallery-item {\n\t\t\t\tfloat: left;\n\t\t\t\tmargin-top: 10px;\n\t\t\t\ttext-align: center;\n\t\t\t\twidth: 33%;\n\t\t\t}\n\t\t\t#gallery-1 img {\n\t\t\t\tborder: 2px solid #cfcfcf;\n\t\t\t}\n\t\t\t#gallery-1 .gallery-caption {\n\t\t\t\tmargin-left: 0;\n\t\t\t}\n\t\t\t\/* see gallery_shortcode() in wp-includes\/media.php *\/\n\t\t<\/style>\n\t\t<div id='gallery-1' class='gallery galleryid-13960 gallery-columns-3 gallery-size-large'><dl class='gallery-item'>\n\t\t\t<dt class='gallery-icon landscape'>\n\t\t\t\t<a data-rel=\"iLightbox[postimages]\" data-title=\"PESCA INFANTIL pieza mayor\" data-caption=\"\" href='https:\/\/www.realclubmaritimomelilla.es\/clmar\/el-club-maritimo-cierra-la-feria-2018-con-la-entrega-de-trofeos\/pesca-infantil-pieza-mayor-4\/'><img decoding=\"async\" width=\"1024\" height=\"1000\" src=\"https:\/\/www.realclubmaritimomelilla.es\/clmar\/wp-content\/uploads\/2018\/09\/PESCA-INFANTIL-pieza-mayor-1024x1000.jpg\" class=\"attachment-large size-large\" alt=\"\" srcset=\"https:\/\/www.realclubmaritimomelilla.es\/clmar\/wp-content\/uploads\/2018\/09\/PESCA-INFANTIL-pieza-mayor-50x50.jpg 50w, https:\/\/www.realclubmaritimomelilla.es\/clmar\/wp-content\/uploads\/2018\/09\/PESCA-INFANTIL-pieza-mayor-52x50.jpg 52w, https:\/\/www.realclubmaritimomelilla.es\/clmar\/wp-content\/uploads\/2018\/09\/PESCA-INFANTIL-pieza-mayor-300x293.jpg 300w, https:\/\/www.realclubmaritimomelilla.es\/clmar\/wp-content\/uploads\/2018\/09\/PESCA-INFANTIL-pieza-mayor-600x586.jpg 600w, https:\/\/www.realclubmaritimomelilla.es\/clmar\/wp-content\/uploads\/2018\/09\/PESCA-INFANTIL-pieza-mayor-768x750.jpg 768w, https:\/\/www.realclubmaritimomelilla.es\/clmar\/wp-content\/uploads\/2018\/09\/PESCA-INFANTIL-pieza-mayor-1024x1000.jpg 1024w, https:\/\/www.realclubmaritimomelilla.es\/clmar\/wp-content\/uploads\/2018\/09\/PESCA-INFANTIL-pieza-mayor.jpg 1772w\" sizes=\"(max-width: 1024px) 100vw, 1024px\" \/><\/a>\n\t\t\t<\/dt><\/dl><dl class='gallery-item'>\n\t\t\t<dt class='gallery-icon landscape'>\n\t\t\t\t<a data-rel=\"iLightbox[postimages]\" data-title=\"OPTIMIST INICIACI\u00d3N 4\u00ba\" data-caption=\"\" href='https:\/\/www.realclubmaritimomelilla.es\/clmar\/el-club-maritimo-cierra-la-feria-2018-con-la-entrega-de-trofeos\/optimist-iniciacion-4o\/'><img decoding=\"async\" width=\"1024\" height=\"834\" src=\"https:\/\/www.realclubmaritimomelilla.es\/clmar\/wp-content\/uploads\/2018\/09\/OPTIMIST-INICIACI\u00d3N-4\u00ba-1024x834.jpg\" class=\"attachment-large size-large\" alt=\"\" srcset=\"https:\/\/www.realclubmaritimomelilla.es\/clmar\/wp-content\/uploads\/2018\/09\/OPTIMIST-INICIACI\u00d3N-4\u00ba-300x244.jpg 300w, https:\/\/www.realclubmaritimomelilla.es\/clmar\/wp-content\/uploads\/2018\/09\/OPTIMIST-INICIACI\u00d3N-4\u00ba-600x489.jpg 600w, https:\/\/www.realclubmaritimomelilla.es\/clmar\/wp-content\/uploads\/2018\/09\/OPTIMIST-INICIACI\u00d3N-4\u00ba-768x625.jpg 768w, https:\/\/www.realclubmaritimomelilla.es\/clmar\/wp-content\/uploads\/2018\/09\/OPTIMIST-INICIACI\u00d3N-4\u00ba-1024x834.jpg 1024w, https:\/\/www.realclubmaritimomelilla.es\/clmar\/wp-content\/uploads\/2018\/09\/OPTIMIST-INICIACI\u00d3N-4\u00ba.jpg 1772w\" sizes=\"(max-width: 1024px) 100vw, 1024px\" \/><\/a>\n\t\t\t<\/dt><\/dl><dl class='gallery-item'>\n\t\t\t<dt class='gallery-icon landscape'>\n\t\t\t\t<a data-rel=\"iLightbox[postimages]\" data-title=\"PESCA ADULTOS mayor n\u00ba piezas recoge Jos\u00e9 Paya\" data-caption=\"\" href='https:\/\/www.realclubmaritimomelilla.es\/clmar\/el-club-maritimo-cierra-la-feria-2018-con-la-entrega-de-trofeos\/pesca-adultos-mayor-no-piezas-recoge-jose-paya\/'><img decoding=\"async\" width=\"1024\" height=\"770\" src=\"https:\/\/www.realclubmaritimomelilla.es\/clmar\/wp-content\/uploads\/2018\/09\/PESCA-ADULTOS-mayor-n\u00ba-piezas-recoge-Jos\u00e9-Paya-1024x770.jpg\" class=\"attachment-large size-large\" alt=\"\" srcset=\"https:\/\/www.realclubmaritimomelilla.es\/clmar\/wp-content\/uploads\/2018\/09\/PESCA-ADULTOS-mayor-n\u00ba-piezas-recoge-Jos\u00e9-Paya-300x226.jpg 300w, https:\/\/www.realclubmaritimomelilla.es\/clmar\/wp-content\/uploads\/2018\/09\/PESCA-ADULTOS-mayor-n\u00ba-piezas-recoge-Jos\u00e9-Paya-600x451.jpg 600w, https:\/\/www.realclubmaritimomelilla.es\/clmar\/wp-content\/uploads\/2018\/09\/PESCA-ADULTOS-mayor-n\u00ba-piezas-recoge-Jos\u00e9-Paya-768x577.jpg 768w, https:\/\/www.realclubmaritimomelilla.es\/clmar\/wp-content\/uploads\/2018\/09\/PESCA-ADULTOS-mayor-n\u00ba-piezas-recoge-Jos\u00e9-Paya-1024x770.jpg 1024w, https:\/\/www.realclubmaritimomelilla.es\/clmar\/wp-content\/uploads\/2018\/09\/PESCA-ADULTOS-mayor-n\u00ba-piezas-recoge-Jos\u00e9-Paya.jpg 1772w\" sizes=\"(max-width: 1024px) 100vw, 1024px\" \/><\/a>\n\t\t\t<\/dt><\/dl><br style=\"clear: both\" \/><dl class='gallery-item'>\n\t\t\t<dt class='gallery-icon landscape'>\n\t\t\t\t<a data-rel=\"iLightbox[postimages]\" data-title=\"PARCHIS\" data-caption=\"\" href='https:\/\/www.realclubmaritimomelilla.es\/clmar\/el-club-maritimo-cierra-la-feria-2018-con-la-entrega-de-trofeos\/parchis-4\/'><img decoding=\"async\" width=\"1024\" height=\"730\" src=\"https:\/\/www.realclubmaritimomelilla.es\/clmar\/wp-content\/uploads\/2018\/09\/PARCHIS-1024x730.jpg\" class=\"attachment-large size-large\" alt=\"\" srcset=\"https:\/\/www.realclubmaritimomelilla.es\/clmar\/wp-content\/uploads\/2018\/09\/PARCHIS-300x214.jpg 300w, https:\/\/www.realclubmaritimomelilla.es\/clmar\/wp-content\/uploads\/2018\/09\/PARCHIS-600x428.jpg 600w, https:\/\/www.realclubmaritimomelilla.es\/clmar\/wp-content\/uploads\/2018\/09\/PARCHIS-768x547.jpg 768w, https:\/\/www.realclubmaritimomelilla.es\/clmar\/wp-content\/uploads\/2018\/09\/PARCHIS-1024x730.jpg 1024w, https:\/\/www.realclubmaritimomelilla.es\/clmar\/wp-content\/uploads\/2018\/09\/PARCHIS.jpg 1772w\" sizes=\"(max-width: 1024px) 100vw, 1024px\" \/><\/a>\n\t\t\t<\/dt><\/dl><dl class='gallery-item'>\n\t\t\t<dt class='gallery-icon landscape'>\n\t\t\t\t<a data-rel=\"iLightbox[postimages]\" data-title=\"CONTINENTAL\" data-caption=\"\" href='https:\/\/www.realclubmaritimomelilla.es\/clmar\/el-club-maritimo-cierra-la-feria-2018-con-la-entrega-de-trofeos\/continental-3\/'><img decoding=\"async\" width=\"1024\" height=\"600\" src=\"https:\/\/www.realclubmaritimomelilla.es\/clmar\/wp-content\/uploads\/2018\/09\/CONTINENTAL-1024x600.jpg\" class=\"attachment-large size-large\" alt=\"\" srcset=\"https:\/\/www.realclubmaritimomelilla.es\/clmar\/wp-content\/uploads\/2018\/09\/CONTINENTAL-300x176.jpg 300w, https:\/\/www.realclubmaritimomelilla.es\/clmar\/wp-content\/uploads\/2018\/09\/CONTINENTAL-600x351.jpg 600w, https:\/\/www.realclubmaritimomelilla.es\/clmar\/wp-content\/uploads\/2018\/09\/CONTINENTAL-768x450.jpg 768w, https:\/\/www.realclubmaritimomelilla.es\/clmar\/wp-content\/uploads\/2018\/09\/CONTINENTAL-1024x600.jpg 1024w, https:\/\/www.realclubmaritimomelilla.es\/clmar\/wp-content\/uploads\/2018\/09\/CONTINENTAL.jpg 1772w\" sizes=\"(max-width: 1024px) 100vw, 1024px\" \/><\/a>\n\t\t\t<\/dt><\/dl><dl class='gallery-item'>\n\t\t\t<dt class='gallery-icon landscape'>\n\t\t\t\t<a data-rel=\"iLightbox[postimages]\" data-title=\"CRUCERO CON SPY 1\u00ba\" data-caption=\"\" href='https:\/\/www.realclubmaritimomelilla.es\/clmar\/el-club-maritimo-cierra-la-feria-2018-con-la-entrega-de-trofeos\/crucero-con-spy-1o\/'><img decoding=\"async\" width=\"1024\" height=\"615\" src=\"https:\/\/www.realclubmaritimomelilla.es\/clmar\/wp-content\/uploads\/2018\/09\/CRUCERO-CON-SPY-1\u00ba-1024x615.jpg\" class=\"attachment-large size-large\" alt=\"\" srcset=\"https:\/\/www.realclubmaritimomelilla.es\/clmar\/wp-content\/uploads\/2018\/09\/CRUCERO-CON-SPY-1\u00ba-300x180.jpg 300w, https:\/\/www.realclubmaritimomelilla.es\/clmar\/wp-content\/uploads\/2018\/09\/CRUCERO-CON-SPY-1\u00ba-scaled-600x360.jpg 600w, https:\/\/www.realclubmaritimomelilla.es\/clmar\/wp-content\/uploads\/2018\/09\/CRUCERO-CON-SPY-1\u00ba-768x461.jpg 768w, https:\/\/www.realclubmaritimomelilla.es\/clmar\/wp-content\/uploads\/2018\/09\/CRUCERO-CON-SPY-1\u00ba-1024x615.jpg 1024w\" sizes=\"(max-width: 1024px) 100vw, 1024px\" \/><\/a>\n\t\t\t<\/dt><\/dl><br style=\"clear: both\" \/><dl class='gallery-item'>\n\t\t\t<dt class='gallery-icon landscape'>\n\t\t\t\t<a data-rel=\"iLightbox[postimages]\" data-title=\"CRUCERO CON SPY 2\u00ba\" data-caption=\"\" href='https:\/\/www.realclubmaritimomelilla.es\/clmar\/el-club-maritimo-cierra-la-feria-2018-con-la-entrega-de-trofeos\/crucero-con-spy-2o\/'><img decoding=\"async\" width=\"1024\" height=\"825\" src=\"https:\/\/www.realclubmaritimomelilla.es\/clmar\/wp-content\/uploads\/2018\/09\/CRUCERO-CON-SPY-2\u00ba-1024x825.jpg\" class=\"attachment-large size-large\" alt=\"\" srcset=\"https:\/\/www.realclubmaritimomelilla.es\/clmar\/wp-content\/uploads\/2018\/09\/CRUCERO-CON-SPY-2\u00ba-147x118.jpg 147w, https:\/\/www.realclubmaritimomelilla.es\/clmar\/wp-content\/uploads\/2018\/09\/CRUCERO-CON-SPY-2\u00ba-177x142.jpg 177w, https:\/\/www.realclubmaritimomelilla.es\/clmar\/wp-content\/uploads\/2018\/09\/CRUCERO-CON-SPY-2\u00ba-300x242.jpg 300w, https:\/\/www.realclubmaritimomelilla.es\/clmar\/wp-content\/uploads\/2018\/09\/CRUCERO-CON-SPY-2\u00ba-600x483.jpg 600w, https:\/\/www.realclubmaritimomelilla.es\/clmar\/wp-content\/uploads\/2018\/09\/CRUCERO-CON-SPY-2\u00ba-768x618.jpg 768w, https:\/\/www.realclubmaritimomelilla.es\/clmar\/wp-content\/uploads\/2018\/09\/CRUCERO-CON-SPY-2\u00ba-1024x825.jpg 1024w, https:\/\/www.realclubmaritimomelilla.es\/clmar\/wp-content\/uploads\/2018\/09\/CRUCERO-CON-SPY-2\u00ba.jpg 1772w\" sizes=\"(max-width: 1024px) 100vw, 1024px\" \/><\/a>\n\t\t\t<\/dt><\/dl><dl class='gallery-item'>\n\t\t\t<dt class='gallery-icon landscape'>\n\t\t\t\t<a data-rel=\"iLightbox[postimages]\" data-title=\"CRUCERO SIN SPY 1\u00ba\" data-caption=\"\" href='https:\/\/www.realclubmaritimomelilla.es\/clmar\/el-club-maritimo-cierra-la-feria-2018-con-la-entrega-de-trofeos\/crucero-sin-spy-1o\/'><img decoding=\"async\" width=\"1024\" height=\"943\" src=\"https:\/\/www.realclubmaritimomelilla.es\/clmar\/wp-content\/uploads\/2018\/09\/CRUCERO-SIN-SPY-1\u00ba-1024x943.jpg\" class=\"attachment-large size-large\" alt=\"\" srcset=\"https:\/\/www.realclubmaritimomelilla.es\/clmar\/wp-content\/uploads\/2018\/09\/CRUCERO-SIN-SPY-1\u00ba-300x276.jpg 300w, https:\/\/www.realclubmaritimomelilla.es\/clmar\/wp-content\/uploads\/2018\/09\/CRUCERO-SIN-SPY-1\u00ba-600x553.jpg 600w, https:\/\/www.realclubmaritimomelilla.es\/clmar\/wp-content\/uploads\/2018\/09\/CRUCERO-SIN-SPY-1\u00ba-768x707.jpg 768w, https:\/\/www.realclubmaritimomelilla.es\/clmar\/wp-content\/uploads\/2018\/09\/CRUCERO-SIN-SPY-1\u00ba-1024x943.jpg 1024w, https:\/\/www.realclubmaritimomelilla.es\/clmar\/wp-content\/uploads\/2018\/09\/CRUCERO-SIN-SPY-1\u00ba.jpg 1772w\" sizes=\"(max-width: 1024px) 100vw, 1024px\" \/><\/a>\n\t\t\t<\/dt><\/dl><dl class='gallery-item'>\n\t\t\t<dt class='gallery-icon landscape'>\n\t\t\t\t<a data-rel=\"iLightbox[postimages]\" data-title=\"CRUCERO SIN SPY 2\u00ba\" data-caption=\"\" href='https:\/\/www.realclubmaritimomelilla.es\/clmar\/el-club-maritimo-cierra-la-feria-2018-con-la-entrega-de-trofeos\/crucero-sin-spy-2o\/'><img decoding=\"async\" width=\"1024\" height=\"498\" src=\"https:\/\/www.realclubmaritimomelilla.es\/clmar\/wp-content\/uploads\/2018\/09\/CRUCERO-SIN-SPY-2\u00ba-1024x498.jpg\" class=\"attachment-large size-large\" alt=\"\" srcset=\"https:\/\/www.realclubmaritimomelilla.es\/clmar\/wp-content\/uploads\/2018\/09\/CRUCERO-SIN-SPY-2\u00ba-300x146.jpg 300w, https:\/\/www.realclubmaritimomelilla.es\/clmar\/wp-content\/uploads\/2018\/09\/CRUCERO-SIN-SPY-2\u00ba-600x292.jpg 600w, https:\/\/www.realclubmaritimomelilla.es\/clmar\/wp-content\/uploads\/2018\/09\/CRUCERO-SIN-SPY-2\u00ba-768x374.jpg 768w, https:\/\/www.realclubmaritimomelilla.es\/clmar\/wp-content\/uploads\/2018\/09\/CRUCERO-SIN-SPY-2\u00ba-1024x498.jpg 1024w, https:\/\/www.realclubmaritimomelilla.es\/clmar\/wp-content\/uploads\/2018\/09\/CRUCERO-SIN-SPY-2\u00ba.jpg 1772w\" sizes=\"(max-width: 1024px) 100vw, 1024px\" \/><\/a>\n\t\t\t<\/dt><\/dl><br style=\"clear: both\" \/><dl class='gallery-item'>\n\t\t\t<dt class='gallery-icon landscape'>\n\t\t\t\t<a data-rel=\"iLightbox[postimages]\" data-title=\"LASER 4.7 2\u00ba\" data-caption=\"\" href='https:\/\/www.realclubmaritimomelilla.es\/clmar\/el-club-maritimo-cierra-la-feria-2018-con-la-entrega-de-trofeos\/laser-4-7-2o\/'><img decoding=\"async\" width=\"1024\" height=\"1022\" src=\"https:\/\/www.realclubmaritimomelilla.es\/clmar\/wp-content\/uploads\/2018\/09\/LASER-4.7-2\u00ba-1024x1022.jpg\" class=\"attachment-large size-large\" alt=\"\" srcset=\"https:\/\/www.realclubmaritimomelilla.es\/clmar\/wp-content\/uploads\/2018\/09\/LASER-4.7-2\u00ba-50x50.jpg 50w, https:\/\/www.realclubmaritimomelilla.es\/clmar\/wp-content\/uploads\/2018\/09\/LASER-4.7-2\u00ba-66x66.jpg 66w, https:\/\/www.realclubmaritimomelilla.es\/clmar\/wp-content\/uploads\/2018\/09\/LASER-4.7-2\u00ba-150x150.jpg 150w, https:\/\/www.realclubmaritimomelilla.es\/clmar\/wp-content\/uploads\/2018\/09\/LASER-4.7-2\u00ba-300x300.jpg 300w, https:\/\/www.realclubmaritimomelilla.es\/clmar\/wp-content\/uploads\/2018\/09\/LASER-4.7-2\u00ba-600x599.jpg 600w, https:\/\/www.realclubmaritimomelilla.es\/clmar\/wp-content\/uploads\/2018\/09\/LASER-4.7-2\u00ba-768x766.jpg 768w, https:\/\/www.realclubmaritimomelilla.es\/clmar\/wp-content\/uploads\/2018\/09\/LASER-4.7-2\u00ba-1024x1022.jpg 1024w, https:\/\/www.realclubmaritimomelilla.es\/clmar\/wp-content\/uploads\/2018\/09\/LASER-4.7-2\u00ba.jpg 1772w\" sizes=\"(max-width: 1024px) 100vw, 1024px\" \/><\/a>\n\t\t\t<\/dt><\/dl><dl class='gallery-item'>\n\t\t\t<dt class='gallery-icon landscape'>\n\t\t\t\t<a data-rel=\"iLightbox[postimages]\" data-title=\"OPTIMIST GENERAL 3\u00ba\" data-caption=\"\" href='https:\/\/www.realclubmaritimomelilla.es\/clmar\/el-club-maritimo-cierra-la-feria-2018-con-la-entrega-de-trofeos\/optimist-general-3o-2\/'><img decoding=\"async\" width=\"1024\" height=\"956\" src=\"https:\/\/www.realclubmaritimomelilla.es\/clmar\/wp-content\/uploads\/2018\/09\/OPTIMIST-GENERAL-3\u00ba-1024x956.jpg\" class=\"attachment-large size-large\" alt=\"\" srcset=\"https:\/\/www.realclubmaritimomelilla.es\/clmar\/wp-content\/uploads\/2018\/09\/OPTIMIST-GENERAL-3\u00ba-52x50.jpg 52w, https:\/\/www.realclubmaritimomelilla.es\/clmar\/wp-content\/uploads\/2018\/09\/OPTIMIST-GENERAL-3\u00ba-300x280.jpg 300w, https:\/\/www.realclubmaritimomelilla.es\/clmar\/wp-content\/uploads\/2018\/09\/OPTIMIST-GENERAL-3\u00ba-600x560.jpg 600w, https:\/\/www.realclubmaritimomelilla.es\/clmar\/wp-content\/uploads\/2018\/09\/OPTIMIST-GENERAL-3\u00ba-768x717.jpg 768w, https:\/\/www.realclubmaritimomelilla.es\/clmar\/wp-content\/uploads\/2018\/09\/OPTIMIST-GENERAL-3\u00ba-1024x956.jpg 1024w, https:\/\/www.realclubmaritimomelilla.es\/clmar\/wp-content\/uploads\/2018\/09\/OPTIMIST-GENERAL-3\u00ba.jpg 1772w\" sizes=\"(max-width: 1024px) 100vw, 1024px\" \/><\/a>\n\t\t\t<\/dt><\/dl><dl class='gallery-item'>\n\t\t\t<dt class='gallery-icon landscape'>\n\t\t\t\t<a data-rel=\"iLightbox[postimages]\" data-title=\"OPTIMIST INICIACI\u00d3N 1\u00ba\" data-caption=\"\" href='https:\/\/www.realclubmaritimomelilla.es\/clmar\/el-club-maritimo-cierra-la-feria-2018-con-la-entrega-de-trofeos\/optimist-iniciacion-1o\/'><img decoding=\"async\" width=\"1024\" height=\"916\" src=\"https:\/\/www.realclubmaritimomelilla.es\/clmar\/wp-content\/uploads\/2018\/09\/OPTIMIST-INICIACI\u00d3N-1\u00ba-1024x916.jpg\" class=\"attachment-large size-large\" alt=\"\" srcset=\"https:\/\/www.realclubmaritimomelilla.es\/clmar\/wp-content\/uploads\/2018\/09\/OPTIMIST-INICIACI\u00d3N-1\u00ba-300x268.jpg 300w, https:\/\/www.realclubmaritimomelilla.es\/clmar\/wp-content\/uploads\/2018\/09\/OPTIMIST-INICIACI\u00d3N-1\u00ba-600x537.jpg 600w, https:\/\/www.realclubmaritimomelilla.es\/clmar\/wp-content\/uploads\/2018\/09\/OPTIMIST-INICIACI\u00d3N-1\u00ba-768x687.jpg 768w, https:\/\/www.realclubmaritimomelilla.es\/clmar\/wp-content\/uploads\/2018\/09\/OPTIMIST-INICIACI\u00d3N-1\u00ba-1024x916.jpg 1024w, https:\/\/www.realclubmaritimomelilla.es\/clmar\/wp-content\/uploads\/2018\/09\/OPTIMIST-INICIACI\u00d3N-1\u00ba.jpg 1772w\" sizes=\"(max-width: 1024px) 100vw, 1024px\" \/><\/a>\n\t\t\t<\/dt><\/dl><br style=\"clear: both\" \/><dl class='gallery-item'>\n\t\t\t<dt class='gallery-icon landscape'>\n\t\t\t\t<a data-rel=\"iLightbox[postimages]\" data-title=\"CRUCERO SIN SPY 3\u00ba\" data-caption=\"\" href='https:\/\/www.realclubmaritimomelilla.es\/clmar\/el-club-maritimo-cierra-la-feria-2018-con-la-entrega-de-trofeos\/crucero-sin-spy-3o\/'><img decoding=\"async\" width=\"1024\" height=\"941\" src=\"https:\/\/www.realclubmaritimomelilla.es\/clmar\/wp-content\/uploads\/2018\/09\/CRUCERO-SIN-SPY-3\u00ba-1024x941.jpg\" class=\"attachment-large size-large\" alt=\"\" srcset=\"https:\/\/www.realclubmaritimomelilla.es\/clmar\/wp-content\/uploads\/2018\/09\/CRUCERO-SIN-SPY-3\u00ba-300x276.jpg 300w, https:\/\/www.realclubmaritimomelilla.es\/clmar\/wp-content\/uploads\/2018\/09\/CRUCERO-SIN-SPY-3\u00ba-600x551.jpg 600w, https:\/\/www.realclubmaritimomelilla.es\/clmar\/wp-content\/uploads\/2018\/09\/CRUCERO-SIN-SPY-3\u00ba-768x706.jpg 768w, https:\/\/www.realclubmaritimomelilla.es\/clmar\/wp-content\/uploads\/2018\/09\/CRUCERO-SIN-SPY-3\u00ba-1024x941.jpg 1024w, https:\/\/www.realclubmaritimomelilla.es\/clmar\/wp-content\/uploads\/2018\/09\/CRUCERO-SIN-SPY-3\u00ba.jpg 1772w\" sizes=\"(max-width: 1024px) 100vw, 1024px\" \/><\/a>\n\t\t\t<\/dt><\/dl><dl class='gallery-item'>\n\t\t\t<dt class='gallery-icon landscape'>\n\t\t\t\t<a data-rel=\"iLightbox[postimages]\" data-title=\"DOMINO subcampeones\" data-caption=\"\" href='https:\/\/www.realclubmaritimomelilla.es\/clmar\/el-club-maritimo-cierra-la-feria-2018-con-la-entrega-de-trofeos\/domino-subcampeones\/'><img decoding=\"async\" width=\"1024\" height=\"831\" src=\"https:\/\/www.realclubmaritimomelilla.es\/clmar\/wp-content\/uploads\/2018\/09\/DOMINO-subcampeones-1024x831.jpg\" class=\"attachment-large size-large\" alt=\"\" srcset=\"https:\/\/www.realclubmaritimomelilla.es\/clmar\/wp-content\/uploads\/2018\/09\/DOMINO-subcampeones-147x118.jpg 147w, https:\/\/www.realclubmaritimomelilla.es\/clmar\/wp-content\/uploads\/2018\/09\/DOMINO-subcampeones-300x243.jpg 300w, https:\/\/www.realclubmaritimomelilla.es\/clmar\/wp-content\/uploads\/2018\/09\/DOMINO-subcampeones-600x487.jpg 600w, https:\/\/www.realclubmaritimomelilla.es\/clmar\/wp-content\/uploads\/2018\/09\/DOMINO-subcampeones-768x623.jpg 768w, https:\/\/www.realclubmaritimomelilla.es\/clmar\/wp-content\/uploads\/2018\/09\/DOMINO-subcampeones-1024x831.jpg 1024w, https:\/\/www.realclubmaritimomelilla.es\/clmar\/wp-content\/uploads\/2018\/09\/DOMINO-subcampeones.jpg 1772w\" sizes=\"(max-width: 1024px) 100vw, 1024px\" \/><\/a>\n\t\t\t<\/dt><\/dl><dl class='gallery-item'>\n\t\t\t<dt class='gallery-icon landscape'>\n\t\t\t\t<a data-rel=\"iLightbox[postimages]\" data-title=\"LASER 4.7 1\u00ba recoge Andr\u00e9s Sarri\u00e1\" data-caption=\"\" href='https:\/\/www.realclubmaritimomelilla.es\/clmar\/el-club-maritimo-cierra-la-feria-2018-con-la-entrega-de-trofeos\/laser-4-7-1o-recoge-andres-sarria\/'><img decoding=\"async\" width=\"1024\" height=\"741\" src=\"https:\/\/www.realclubmaritimomelilla.es\/clmar\/wp-content\/uploads\/2018\/09\/LASER-4.7-1\u00ba-recoge-Andr\u00e9s-Sarri\u00e1-1024x741.jpg\" class=\"attachment-large size-large\" alt=\"\" srcset=\"https:\/\/www.realclubmaritimomelilla.es\/clmar\/wp-content\/uploads\/2018\/09\/LASER-4.7-1\u00ba-recoge-Andr\u00e9s-Sarri\u00e1-300x217.jpg 300w, https:\/\/www.realclubmaritimomelilla.es\/clmar\/wp-content\/uploads\/2018\/09\/LASER-4.7-1\u00ba-recoge-Andr\u00e9s-Sarri\u00e1-600x434.jpg 600w, https:\/\/www.realclubmaritimomelilla.es\/clmar\/wp-content\/uploads\/2018\/09\/LASER-4.7-1\u00ba-recoge-Andr\u00e9s-Sarri\u00e1-768x556.jpg 768w, https:\/\/www.realclubmaritimomelilla.es\/clmar\/wp-content\/uploads\/2018\/09\/LASER-4.7-1\u00ba-recoge-Andr\u00e9s-Sarri\u00e1-1024x741.jpg 1024w, https:\/\/www.realclubmaritimomelilla.es\/clmar\/wp-content\/uploads\/2018\/09\/LASER-4.7-1\u00ba-recoge-Andr\u00e9s-Sarri\u00e1.jpg 1772w\" sizes=\"(max-width: 1024px) 100vw, 1024px\" \/><\/a>\n\t\t\t<\/dt><\/dl><br style=\"clear: both\" \/><dl class='gallery-item'>\n\t\t\t<dt class='gallery-icon portrait'>\n\t\t\t\t<a data-rel=\"iLightbox[postimages]\" data-title=\"OPTIMIST INICIACI\u00d3N 2\u00ba\" data-caption=\"\" href='https:\/\/www.realclubmaritimomelilla.es\/clmar\/el-club-maritimo-cierra-la-feria-2018-con-la-entrega-de-trofeos\/optimist-iniciacion-2o\/'><img decoding=\"async\" width=\"882\" height=\"1024\" src=\"https:\/\/www.realclubmaritimomelilla.es\/clmar\/wp-content\/uploads\/2018\/09\/OPTIMIST-INICIACI\u00d3N-2\u00ba-882x1024.jpg\" class=\"attachment-large size-large\" alt=\"\" srcset=\"https:\/\/www.realclubmaritimomelilla.es\/clmar\/wp-content\/uploads\/2018\/09\/OPTIMIST-INICIACI\u00d3N-2\u00ba-258x300.jpg 258w, https:\/\/www.realclubmaritimomelilla.es\/clmar\/wp-content\/uploads\/2018\/09\/OPTIMIST-INICIACI\u00d3N-2\u00ba-600x697.jpg 600w, https:\/\/www.realclubmaritimomelilla.es\/clmar\/wp-content\/uploads\/2018\/09\/OPTIMIST-INICIACI\u00d3N-2\u00ba-768x892.jpg 768w, https:\/\/www.realclubmaritimomelilla.es\/clmar\/wp-content\/uploads\/2018\/09\/OPTIMIST-INICIACI\u00d3N-2\u00ba-882x1024.jpg 882w, https:\/\/www.realclubmaritimomelilla.es\/clmar\/wp-content\/uploads\/2018\/09\/OPTIMIST-INICIACI\u00d3N-2\u00ba.jpg 1526w\" sizes=\"(max-width: 882px) 100vw, 882px\" \/><\/a>\n\t\t\t<\/dt><\/dl><dl class='gallery-item'>\n\t\t\t<dt class='gallery-icon portrait'>\n\t\t\t\t<a data-rel=\"iLightbox[postimages]\" data-title=\"OPTIMIST INICIACI\u00d3N 3\u00ba\" data-caption=\"\" href='https:\/\/www.realclubmaritimomelilla.es\/clmar\/el-club-maritimo-cierra-la-feria-2018-con-la-entrega-de-trofeos\/optimist-iniciacion-3o\/'><img decoding=\"async\" width=\"920\" height=\"1024\" src=\"https:\/\/www.realclubmaritimomelilla.es\/clmar\/wp-content\/uploads\/2018\/09\/OPTIMIST-INICIACI\u00d3N-3\u00ba-920x1024.jpg\" class=\"attachment-large size-large\" alt=\"\" srcset=\"https:\/\/www.realclubmaritimomelilla.es\/clmar\/wp-content\/uploads\/2018\/09\/OPTIMIST-INICIACI\u00d3N-3\u00ba-270x300.jpg 270w, https:\/\/www.realclubmaritimomelilla.es\/clmar\/wp-content\/uploads\/2018\/09\/OPTIMIST-INICIACI\u00d3N-3\u00ba-600x668.jpg 600w, https:\/\/www.realclubmaritimomelilla.es\/clmar\/wp-content\/uploads\/2018\/09\/OPTIMIST-INICIACI\u00d3N-3\u00ba-768x855.jpg 768w, https:\/\/www.realclubmaritimomelilla.es\/clmar\/wp-content\/uploads\/2018\/09\/OPTIMIST-INICIACI\u00d3N-3\u00ba-920x1024.jpg 920w, https:\/\/www.realclubmaritimomelilla.es\/clmar\/wp-content\/uploads\/2018\/09\/OPTIMIST-INICIACI\u00d3N-3\u00ba.jpg 1592w\" sizes=\"(max-width: 920px) 100vw, 920px\" \/><\/a>\n\t\t\t<\/dt><\/dl><dl class='gallery-item'>\n\t\t\t<dt class='gallery-icon portrait'>\n\t\t\t\t<a data-rel=\"iLightbox[postimages]\" data-title=\"OPTMIST GENERAL 2\u00ba recoge Nabil Mohamed\" data-caption=\"\" href='https:\/\/www.realclubmaritimomelilla.es\/clmar\/el-club-maritimo-cierra-la-feria-2018-con-la-entrega-de-trofeos\/optmist-general-2o-recoge-nabil-mohamed\/'><img decoding=\"async\" width=\"962\" height=\"1024\" src=\"https:\/\/www.realclubmaritimomelilla.es\/clmar\/wp-content\/uploads\/2018\/09\/OPTMIST-GENERAL-2\u00ba-recoge-Nabil-Mohamed-962x1024.jpg\" class=\"attachment-large size-large\" alt=\"\" srcset=\"https:\/\/www.realclubmaritimomelilla.es\/clmar\/wp-content\/uploads\/2018\/09\/OPTMIST-GENERAL-2\u00ba-recoge-Nabil-Mohamed-282x300.jpg 282w, https:\/\/www.realclubmaritimomelilla.es\/clmar\/wp-content\/uploads\/2018\/09\/OPTMIST-GENERAL-2\u00ba-recoge-Nabil-Mohamed-600x639.jpg 600w, https:\/\/www.realclubmaritimomelilla.es\/clmar\/wp-content\/uploads\/2018\/09\/OPTMIST-GENERAL-2\u00ba-recoge-Nabil-Mohamed-768x818.jpg 768w, https:\/\/www.realclubmaritimomelilla.es\/clmar\/wp-content\/uploads\/2018\/09\/OPTMIST-GENERAL-2\u00ba-recoge-Nabil-Mohamed-962x1024.jpg 962w, https:\/\/www.realclubmaritimomelilla.es\/clmar\/wp-content\/uploads\/2018\/09\/OPTMIST-GENERAL-2\u00ba-recoge-Nabil-Mohamed.jpg 1664w\" sizes=\"(max-width: 962px) 100vw, 962px\" \/><\/a>\n\t\t\t<\/dt><\/dl><br style=\"clear: both\" \/><dl class='gallery-item'>\n\t\t\t<dt class='gallery-icon portrait'>\n\t\t\t\t<a data-rel=\"iLightbox[postimages]\" data-title=\"PESCA ADULTOS mayor n\u00ba kilos\" data-caption=\"\" href='https:\/\/www.realclubmaritimomelilla.es\/clmar\/el-club-maritimo-cierra-la-feria-2018-con-la-entrega-de-trofeos\/pesca-adultos-mayor-no-kilos-2\/'><img decoding=\"async\" width=\"1018\" height=\"1024\" src=\"https:\/\/www.realclubmaritimomelilla.es\/clmar\/wp-content\/uploads\/2018\/09\/PESCA-ADULTOS-mayor-n\u00ba-kilos-1018x1024.jpg\" class=\"attachment-large size-large\" alt=\"\" srcset=\"https:\/\/www.realclubmaritimomelilla.es\/clmar\/wp-content\/uploads\/2018\/09\/PESCA-ADULTOS-mayor-n\u00ba-kilos-50x50.jpg 50w, https:\/\/www.realclubmaritimomelilla.es\/clmar\/wp-content\/uploads\/2018\/09\/PESCA-ADULTOS-mayor-n\u00ba-kilos-66x66.jpg 66w, https:\/\/www.realclubmaritimomelilla.es\/clmar\/wp-content\/uploads\/2018\/09\/PESCA-ADULTOS-mayor-n\u00ba-kilos-150x150.jpg 150w, https:\/\/www.realclubmaritimomelilla.es\/clmar\/wp-content\/uploads\/2018\/09\/PESCA-ADULTOS-mayor-n\u00ba-kilos-298x300.jpg 298w, https:\/\/www.realclubmaritimomelilla.es\/clmar\/wp-content\/uploads\/2018\/09\/PESCA-ADULTOS-mayor-n\u00ba-kilos-600x603.jpg 600w, https:\/\/www.realclubmaritimomelilla.es\/clmar\/wp-content\/uploads\/2018\/09\/PESCA-ADULTOS-mayor-n\u00ba-kilos-768x772.jpg 768w, https:\/\/www.realclubmaritimomelilla.es\/clmar\/wp-content\/uploads\/2018\/09\/PESCA-ADULTOS-mayor-n\u00ba-kilos-1018x1024.jpg 1018w, https:\/\/www.realclubmaritimomelilla.es\/clmar\/wp-content\/uploads\/2018\/09\/PESCA-ADULTOS-mayor-n\u00ba-kilos.jpg 1772w\" sizes=\"(max-width: 1018px) 100vw, 1018px\" \/><\/a>\n\t\t\t<\/dt><\/dl><dl class='gallery-item'>\n\t\t\t<dt class='gallery-icon landscape'>\n\t\t\t\t<a data-rel=\"iLightbox[postimages]\" data-title=\"OPTMIST GENERAL 1\u00ba\" data-caption=\"\" href='https:\/\/www.realclubmaritimomelilla.es\/clmar\/el-club-maritimo-cierra-la-feria-2018-con-la-entrega-de-trofeos\/optmist-general-1o\/'><img decoding=\"async\" width=\"1024\" height=\"1010\" src=\"https:\/\/www.realclubmaritimomelilla.es\/clmar\/wp-content\/uploads\/2018\/09\/OPTMIST-GENERAL-1\u00ba-1024x1010.jpg\" class=\"attachment-large size-large\" alt=\"\" srcset=\"https:\/\/www.realclubmaritimomelilla.es\/clmar\/wp-content\/uploads\/2018\/09\/OPTMIST-GENERAL-1\u00ba-50x50.jpg 50w, https:\/\/www.realclubmaritimomelilla.es\/clmar\/wp-content\/uploads\/2018\/09\/OPTMIST-GENERAL-1\u00ba-52x50.jpg 52w, https:\/\/www.realclubmaritimomelilla.es\/clmar\/wp-content\/uploads\/2018\/09\/OPTMIST-GENERAL-1\u00ba-66x66.jpg 66w, https:\/\/www.realclubmaritimomelilla.es\/clmar\/wp-content\/uploads\/2018\/09\/OPTMIST-GENERAL-1\u00ba-300x296.jpg 300w, https:\/\/www.realclubmaritimomelilla.es\/clmar\/wp-content\/uploads\/2018\/09\/OPTMIST-GENERAL-1\u00ba-600x592.jpg 600w, https:\/\/www.realclubmaritimomelilla.es\/clmar\/wp-content\/uploads\/2018\/09\/OPTMIST-GENERAL-1\u00ba-768x758.jpg 768w, https:\/\/www.realclubmaritimomelilla.es\/clmar\/wp-content\/uploads\/2018\/09\/OPTMIST-GENERAL-1\u00ba-1024x1010.jpg 1024w, https:\/\/www.realclubmaritimomelilla.es\/clmar\/wp-content\/uploads\/2018\/09\/OPTMIST-GENERAL-1\u00ba.jpg 1772w\" sizes=\"(max-width: 1024px) 100vw, 1024px\" \/><\/a>\n\t\t\t<\/dt><\/dl><dl class='gallery-item'>\n\t\t\t<dt class='gallery-icon landscape'>\n\t\t\t\t<a data-rel=\"iLightbox[postimages]\" data-title=\"PESCA ADULTOS POR EQUIPOS mayor n\u00ba piezas\" data-caption=\"\" href='https:\/\/www.realclubmaritimomelilla.es\/clmar\/el-club-maritimo-cierra-la-feria-2018-con-la-entrega-de-trofeos\/pesca-adultos-por-equipos-mayor-no-piezas\/'><img decoding=\"async\" width=\"1024\" height=\"730\" src=\"https:\/\/www.realclubmaritimomelilla.es\/clmar\/wp-content\/uploads\/2018\/09\/PESCA-ADULTOS-POR-EQUIPOS-mayor-n\u00ba-piezas-1024x730.jpg\" class=\"attachment-large size-large\" alt=\"\" srcset=\"https:\/\/www.realclubmaritimomelilla.es\/clmar\/wp-content\/uploads\/2018\/09\/PESCA-ADULTOS-POR-EQUIPOS-mayor-n\u00ba-piezas-300x214.jpg 300w, https:\/\/www.realclubmaritimomelilla.es\/clmar\/wp-content\/uploads\/2018\/09\/PESCA-ADULTOS-POR-EQUIPOS-mayor-n\u00ba-piezas-600x428.jpg 600w, https:\/\/www.realclubmaritimomelilla.es\/clmar\/wp-content\/uploads\/2018\/09\/PESCA-ADULTOS-POR-EQUIPOS-mayor-n\u00ba-piezas-768x548.jpg 768w, https:\/\/www.realclubmaritimomelilla.es\/clmar\/wp-content\/uploads\/2018\/09\/PESCA-ADULTOS-POR-EQUIPOS-mayor-n\u00ba-piezas-1024x730.jpg 1024w, https:\/\/www.realclubmaritimomelilla.es\/clmar\/wp-content\/uploads\/2018\/09\/PESCA-ADULTOS-POR-EQUIPOS-mayor-n\u00ba-piezas.jpg 1772w\" sizes=\"(max-width: 1024px) 100vw, 1024px\" \/><\/a>\n\t\t\t<\/dt><\/dl><br style=\"clear: both\" \/><dl class='gallery-item'>\n\t\t\t<dt class='gallery-icon landscape'>\n\t\t\t\t<a data-rel=\"iLightbox[postimages]\" data-title=\"PESCA ADULTOS POR EQUIPOS pieza mayor\" data-caption=\"\" href='https:\/\/www.realclubmaritimomelilla.es\/clmar\/el-club-maritimo-cierra-la-feria-2018-con-la-entrega-de-trofeos\/pesca-adultos-por-equipos-pieza-mayor\/'><img decoding=\"async\" width=\"1024\" height=\"943\" src=\"https:\/\/www.realclubmaritimomelilla.es\/clmar\/wp-content\/uploads\/2018\/09\/PESCA-ADULTOS-POR-EQUIPOS-pieza-mayor-1024x943.jpg\" class=\"attachment-large size-large\" alt=\"\" srcset=\"https:\/\/www.realclubmaritimomelilla.es\/clmar\/wp-content\/uploads\/2018\/09\/PESCA-ADULTOS-POR-EQUIPOS-pieza-mayor-300x276.jpg 300w, https:\/\/www.realclubmaritimomelilla.es\/clmar\/wp-content\/uploads\/2018\/09\/PESCA-ADULTOS-POR-EQUIPOS-pieza-mayor-600x552.jpg 600w, https:\/\/www.realclubmaritimomelilla.es\/clmar\/wp-content\/uploads\/2018\/09\/PESCA-ADULTOS-POR-EQUIPOS-pieza-mayor-768x707.jpg 768w, https:\/\/www.realclubmaritimomelilla.es\/clmar\/wp-content\/uploads\/2018\/09\/PESCA-ADULTOS-POR-EQUIPOS-pieza-mayor-1024x943.jpg 1024w, https:\/\/www.realclubmaritimomelilla.es\/clmar\/wp-content\/uploads\/2018\/09\/PESCA-ADULTOS-POR-EQUIPOS-pieza-mayor.jpg 1772w\" sizes=\"(max-width: 1024px) 100vw, 1024px\" \/><\/a>\n\t\t\t<\/dt><\/dl><dl class='gallery-item'>\n\t\t\t<dt class='gallery-icon landscape'>\n\t\t\t\t<a data-rel=\"iLightbox[postimages]\" data-title=\"PESCA ADULTOS pieza mayor\" data-caption=\"\" href='https:\/\/www.realclubmaritimomelilla.es\/clmar\/el-club-maritimo-cierra-la-feria-2018-con-la-entrega-de-trofeos\/pesca-adultos-pieza-mayor-3\/'><img decoding=\"async\" width=\"1024\" height=\"678\" src=\"https:\/\/www.realclubmaritimomelilla.es\/clmar\/wp-content\/uploads\/2018\/09\/PESCA-ADULTOS-pieza-mayor-1024x678.jpg\" class=\"attachment-large size-large\" alt=\"\" srcset=\"https:\/\/www.realclubmaritimomelilla.es\/clmar\/wp-content\/uploads\/2018\/09\/PESCA-ADULTOS-pieza-mayor-300x199.jpg 300w, https:\/\/www.realclubmaritimomelilla.es\/clmar\/wp-content\/uploads\/2018\/09\/PESCA-ADULTOS-pieza-mayor-600x397.jpg 600w, https:\/\/www.realclubmaritimomelilla.es\/clmar\/wp-content\/uploads\/2018\/09\/PESCA-ADULTOS-pieza-mayor-768x508.jpg 768w, https:\/\/www.realclubmaritimomelilla.es\/clmar\/wp-content\/uploads\/2018\/09\/PESCA-ADULTOS-pieza-mayor-1024x678.jpg 1024w, https:\/\/www.realclubmaritimomelilla.es\/clmar\/wp-content\/uploads\/2018\/09\/PESCA-ADULTOS-pieza-mayor.jpg 1772w\" sizes=\"(max-width: 1024px) 100vw, 1024px\" \/><\/a>\n\t\t\t<\/dt><\/dl><dl class='gallery-item'>\n\t\t\t<dt class='gallery-icon landscape'>\n\t\t\t\t<a data-rel=\"iLightbox[postimages]\" data-title=\"PESCA EMBARCACION 1\u00ba mayor n\u00ba kilos\" data-caption=\"\" href='https:\/\/www.realclubmaritimomelilla.es\/clmar\/el-club-maritimo-cierra-la-feria-2018-con-la-entrega-de-trofeos\/pesca-embarcacion-1o-mayor-no-kilos-2\/'><img decoding=\"async\" width=\"1024\" height=\"774\" src=\"https:\/\/www.realclubmaritimomelilla.es\/clmar\/wp-content\/uploads\/2018\/09\/PESCA-EMBARCACION-1\u00ba-mayor-n\u00ba-kilos-1024x774.jpg\" class=\"attachment-large size-large\" alt=\"\" srcset=\"https:\/\/www.realclubmaritimomelilla.es\/clmar\/wp-content\/uploads\/2018\/09\/PESCA-EMBARCACION-1\u00ba-mayor-n\u00ba-kilos-300x227.jpg 300w, https:\/\/www.realclubmaritimomelilla.es\/clmar\/wp-content\/uploads\/2018\/09\/PESCA-EMBARCACION-1\u00ba-mayor-n\u00ba-kilos-600x453.jpg 600w, https:\/\/www.realclubmaritimomelilla.es\/clmar\/wp-content\/uploads\/2018\/09\/PESCA-EMBARCACION-1\u00ba-mayor-n\u00ba-kilos-768x580.jpg 768w, https:\/\/www.realclubmaritimomelilla.es\/clmar\/wp-content\/uploads\/2018\/09\/PESCA-EMBARCACION-1\u00ba-mayor-n\u00ba-kilos-1024x774.jpg 1024w, https:\/\/www.realclubmaritimomelilla.es\/clmar\/wp-content\/uploads\/2018\/09\/PESCA-EMBARCACION-1\u00ba-mayor-n\u00ba-kilos.jpg 1772w\" sizes=\"(max-width: 1024px) 100vw, 1024px\" \/><\/a>\n\t\t\t<\/dt><\/dl><br style=\"clear: both\" \/><dl class='gallery-item'>\n\t\t\t<dt class='gallery-icon landscape'>\n\t\t\t\t<a data-rel=\"iLightbox[postimages]\" data-title=\"PESCA EMBARCACION 2\u00ba mayor n\u00ba kilos\" data-caption=\"\" href='https:\/\/www.realclubmaritimomelilla.es\/clmar\/el-club-maritimo-cierra-la-feria-2018-con-la-entrega-de-trofeos\/pesca-embarcacion-2o-mayor-no-kilos-2\/'><img decoding=\"async\" width=\"1024\" height=\"981\" src=\"https:\/\/www.realclubmaritimomelilla.es\/clmar\/wp-content\/uploads\/2018\/09\/PESCA-EMBARCACION-2\u00ba-mayor-n\u00ba-kilos-1024x981.jpg\" class=\"attachment-large size-large\" alt=\"\" srcset=\"https:\/\/www.realclubmaritimomelilla.es\/clmar\/wp-content\/uploads\/2018\/09\/PESCA-EMBARCACION-2\u00ba-mayor-n\u00ba-kilos-52x50.jpg 52w, https:\/\/www.realclubmaritimomelilla.es\/clmar\/wp-content\/uploads\/2018\/09\/PESCA-EMBARCACION-2\u00ba-mayor-n\u00ba-kilos-300x287.jpg 300w, https:\/\/www.realclubmaritimomelilla.es\/clmar\/wp-content\/uploads\/2018\/09\/PESCA-EMBARCACION-2\u00ba-mayor-n\u00ba-kilos-600x575.jpg 600w, https:\/\/www.realclubmaritimomelilla.es\/clmar\/wp-content\/uploads\/2018\/09\/PESCA-EMBARCACION-2\u00ba-mayor-n\u00ba-kilos-768x735.jpg 768w, https:\/\/www.realclubmaritimomelilla.es\/clmar\/wp-content\/uploads\/2018\/09\/PESCA-EMBARCACION-2\u00ba-mayor-n\u00ba-kilos-1024x981.jpg 1024w, https:\/\/www.realclubmaritimomelilla.es\/clmar\/wp-content\/uploads\/2018\/09\/PESCA-EMBARCACION-2\u00ba-mayor-n\u00ba-kilos.jpg 1772w\" sizes=\"(max-width: 1024px) 100vw, 1024px\" \/><\/a>\n\t\t\t<\/dt><\/dl><dl class='gallery-item'>\n\t\t\t<dt class='gallery-icon landscape'>\n\t\t\t\t<a data-rel=\"iLightbox[postimages]\" data-title=\"PESCA EMBARCACION pieza mayor\" data-caption=\"\" href='https:\/\/www.realclubmaritimomelilla.es\/clmar\/el-club-maritimo-cierra-la-feria-2018-con-la-entrega-de-trofeos\/pesca-embarcacion-pieza-mayor-3\/'><img decoding=\"async\" width=\"1024\" height=\"814\" src=\"https:\/\/www.realclubmaritimomelilla.es\/clmar\/wp-content\/uploads\/2018\/09\/PESCA-EMBARCACION-pieza-mayor-1024x814.jpg\" class=\"attachment-large size-large\" alt=\"\" srcset=\"https:\/\/www.realclubmaritimomelilla.es\/clmar\/wp-content\/uploads\/2018\/09\/PESCA-EMBARCACION-pieza-mayor-147x118.jpg 147w, https:\/\/www.realclubmaritimomelilla.es\/clmar\/wp-content\/uploads\/2018\/09\/PESCA-EMBARCACION-pieza-mayor-177x142.jpg 177w, https:\/\/www.realclubmaritimomelilla.es\/clmar\/wp-content\/uploads\/2018\/09\/PESCA-EMBARCACION-pieza-mayor-300x238.jpg 300w, https:\/\/www.realclubmaritimomelilla.es\/clmar\/wp-content\/uploads\/2018\/09\/PESCA-EMBARCACION-pieza-mayor-600x477.jpg 600w, https:\/\/www.realclubmaritimomelilla.es\/clmar\/wp-content\/uploads\/2018\/09\/PESCA-EMBARCACION-pieza-mayor-768x610.jpg 768w, https:\/\/www.realclubmaritimomelilla.es\/clmar\/wp-content\/uploads\/2018\/09\/PESCA-EMBARCACION-pieza-mayor-1024x814.jpg 1024w, https:\/\/www.realclubmaritimomelilla.es\/clmar\/wp-content\/uploads\/2018\/09\/PESCA-EMBARCACION-pieza-mayor.jpg 1772w\" sizes=\"(max-width: 1024px) 100vw, 1024px\" \/><\/a>\n\t\t\t<\/dt><\/dl><dl class='gallery-item'>\n\t\t\t<dt class='gallery-icon portrait'>\n\t\t\t\t<a data-rel=\"iLightbox[postimages]\" data-title=\"PESCA INFANTIL mayor n\u00ba piezas\" data-caption=\"\" href='https:\/\/www.realclubmaritimomelilla.es\/clmar\/el-club-maritimo-cierra-la-feria-2018-con-la-entrega-de-trofeos\/pesca-infantil-mayor-no-piezas-2\/'><img decoding=\"async\" width=\"996\" height=\"1024\" src=\"https:\/\/www.realclubmaritimomelilla.es\/clmar\/wp-content\/uploads\/2018\/09\/PESCA-INFANTIL-mayor-n\u00ba-piezas-996x1024.jpg\" class=\"attachment-large size-large\" alt=\"\" srcset=\"https:\/\/www.realclubmaritimomelilla.es\/clmar\/wp-content\/uploads\/2018\/09\/PESCA-INFANTIL-mayor-n\u00ba-piezas-50x50.jpg 50w, https:\/\/www.realclubmaritimomelilla.es\/clmar\/wp-content\/uploads\/2018\/09\/PESCA-INFANTIL-mayor-n\u00ba-piezas-292x300.jpg 292w, https:\/\/www.realclubmaritimomelilla.es\/clmar\/wp-content\/uploads\/2018\/09\/PESCA-INFANTIL-mayor-n\u00ba-piezas-600x617.jpg 600w, https:\/\/www.realclubmaritimomelilla.es\/clmar\/wp-content\/uploads\/2018\/09\/PESCA-INFANTIL-mayor-n\u00ba-piezas-768x790.jpg 768w, https:\/\/www.realclubmaritimomelilla.es\/clmar\/wp-content\/uploads\/2018\/09\/PESCA-INFANTIL-mayor-n\u00ba-piezas-996x1024.jpg 996w, https:\/\/www.realclubmaritimomelilla.es\/clmar\/wp-content\/uploads\/2018\/09\/PESCA-INFANTIL-mayor-n\u00ba-piezas.jpg 1772w\" sizes=\"(max-width: 996px) 100vw, 996px\" \/><\/a>\n\t\t\t<\/dt><\/dl><br style=\"clear: both\" \/><dl class='gallery-item'>\n\t\t\t<dt class='gallery-icon landscape'>\n\t\t\t\t<a data-rel=\"iLightbox[postimages]\" data-title=\"RACEBOARD 1\u00ba\" data-caption=\"\" href='https:\/\/www.realclubmaritimomelilla.es\/clmar\/el-club-maritimo-cierra-la-feria-2018-con-la-entrega-de-trofeos\/raceboard-1o-2\/'><img decoding=\"async\" width=\"1024\" height=\"997\" src=\"https:\/\/www.realclubmaritimomelilla.es\/clmar\/wp-content\/uploads\/2018\/09\/RACEBOARD-1\u00ba.jpg\" class=\"attachment-large size-large\" alt=\"\" srcset=\"https:\/\/www.realclubmaritimomelilla.es\/clmar\/wp-content\/uploads\/2018\/09\/RACEBOARD-1\u00ba-50x50.jpg 50w, https:\/\/www.realclubmaritimomelilla.es\/clmar\/wp-content\/uploads\/2018\/09\/RACEBOARD-1\u00ba-600x584.jpg 600w, https:\/\/www.realclubmaritimomelilla.es\/clmar\/wp-content\/uploads\/2018\/09\/RACEBOARD-1\u00ba.jpg 1772w\" sizes=\"(max-width: 1024px) 100vw, 1024px\" \/><\/a>\n\t\t\t<\/dt><\/dl><dl class='gallery-item'>\n\t\t\t<dt class='gallery-icon landscape'>\n\t\t\t\t<a data-rel=\"iLightbox[postimages]\" data-title=\"TECHNO GENERAL 2\u00aa\" data-caption=\"\" href='https:\/\/www.realclubmaritimomelilla.es\/clmar\/el-club-maritimo-cierra-la-feria-2018-con-la-entrega-de-trofeos\/techno-general-2a\/'><img decoding=\"async\" width=\"1024\" height=\"815\" src=\"https:\/\/www.realclubmaritimomelilla.es\/clmar\/wp-content\/uploads\/2018\/09\/TECHNO-GENERAL-2\u00aa-1024x815.jpg\" class=\"attachment-large size-large\" alt=\"\" srcset=\"https:\/\/www.realclubmaritimomelilla.es\/clmar\/wp-content\/uploads\/2018\/09\/TECHNO-GENERAL-2\u00aa-147x118.jpg 147w, https:\/\/www.realclubmaritimomelilla.es\/clmar\/wp-content\/uploads\/2018\/09\/TECHNO-GENERAL-2\u00aa-177x142.jpg 177w, https:\/\/www.realclubmaritimomelilla.es\/clmar\/wp-content\/uploads\/2018\/09\/TECHNO-GENERAL-2\u00aa-300x239.jpg 300w, https:\/\/www.realclubmaritimomelilla.es\/clmar\/wp-content\/uploads\/2018\/09\/TECHNO-GENERAL-2\u00aa-600x478.jpg 600w, https:\/\/www.realclubmaritimomelilla.es\/clmar\/wp-content\/uploads\/2018\/09\/TECHNO-GENERAL-2\u00aa-768x612.jpg 768w, https:\/\/www.realclubmaritimomelilla.es\/clmar\/wp-content\/uploads\/2018\/09\/TECHNO-GENERAL-2\u00aa-1024x815.jpg 1024w, https:\/\/www.realclubmaritimomelilla.es\/clmar\/wp-content\/uploads\/2018\/09\/TECHNO-GENERAL-2\u00aa.jpg 1772w\" sizes=\"(max-width: 1024px) 100vw, 1024px\" \/><\/a>\n\t\t\t<\/dt><\/dl><dl class='gallery-item'>\n\t\t\t<dt class='gallery-icon landscape'>\n\t\t\t\t<a data-rel=\"iLightbox[postimages]\" data-title=\"TECHNO GENERAL 3\u00aa\" data-caption=\"\" href='https:\/\/www.realclubmaritimomelilla.es\/clmar\/el-club-maritimo-cierra-la-feria-2018-con-la-entrega-de-trofeos\/techno-general-3a\/'><img decoding=\"async\" width=\"1024\" height=\"966\" src=\"https:\/\/www.realclubmaritimomelilla.es\/clmar\/wp-content\/uploads\/2018\/09\/TECHNO-GENERAL-3\u00aa-1024x966.jpg\" class=\"attachment-large size-large\" alt=\"\" srcset=\"https:\/\/www.realclubmaritimomelilla.es\/clmar\/wp-content\/uploads\/2018\/09\/TECHNO-GENERAL-3\u00aa-52x50.jpg 52w, https:\/\/www.realclubmaritimomelilla.es\/clmar\/wp-content\/uploads\/2018\/09\/TECHNO-GENERAL-3\u00aa-300x283.jpg 300w, https:\/\/www.realclubmaritimomelilla.es\/clmar\/wp-content\/uploads\/2018\/09\/TECHNO-GENERAL-3\u00aa-600x566.jpg 600w, https:\/\/www.realclubmaritimomelilla.es\/clmar\/wp-content\/uploads\/2018\/09\/TECHNO-GENERAL-3\u00aa-768x725.jpg 768w, https:\/\/www.realclubmaritimomelilla.es\/clmar\/wp-content\/uploads\/2018\/09\/TECHNO-GENERAL-3\u00aa-1024x966.jpg 1024w, https:\/\/www.realclubmaritimomelilla.es\/clmar\/wp-content\/uploads\/2018\/09\/TECHNO-GENERAL-3\u00aa.jpg 1772w\" sizes=\"(max-width: 1024px) 100vw, 1024px\" \/><\/a>\n\t\t\t<\/dt><\/dl><br style=\"clear: both\" \/><dl class='gallery-item'>\n\t\t\t<dt class='gallery-icon portrait'>\n\t\t\t\t<a data-rel=\"iLightbox[postimages]\" data-title=\"TECHNO INICIACI\u00d3N 1\u00ba\" data-caption=\"\" href='https:\/\/www.realclubmaritimomelilla.es\/clmar\/el-club-maritimo-cierra-la-feria-2018-con-la-entrega-de-trofeos\/techno-iniciacion-1o\/'><img decoding=\"async\" width=\"934\" height=\"1024\" src=\"https:\/\/www.realclubmaritimomelilla.es\/clmar\/wp-content\/uploads\/2018\/09\/TECHNO-INICIACI\u00d3N-1\u00ba-934x1024.jpg\" class=\"attachment-large size-large\" alt=\"\" srcset=\"https:\/\/www.realclubmaritimomelilla.es\/clmar\/wp-content\/uploads\/2018\/09\/TECHNO-INICIACI\u00d3N-1\u00ba-274x300.jpg 274w, https:\/\/www.realclubmaritimomelilla.es\/clmar\/wp-content\/uploads\/2018\/09\/TECHNO-INICIACI\u00d3N-1\u00ba-600x658.jpg 600w, https:\/\/www.realclubmaritimomelilla.es\/clmar\/wp-content\/uploads\/2018\/09\/TECHNO-INICIACI\u00d3N-1\u00ba-768x842.jpg 768w, https:\/\/www.realclubmaritimomelilla.es\/clmar\/wp-content\/uploads\/2018\/09\/TECHNO-INICIACI\u00d3N-1\u00ba-934x1024.jpg 934w, https:\/\/www.realclubmaritimomelilla.es\/clmar\/wp-content\/uploads\/2018\/09\/TECHNO-INICIACI\u00d3N-1\u00ba.jpg 1616w\" sizes=\"(max-width: 934px) 100vw, 934px\" \/><\/a>\n\t\t\t<\/dt><\/dl><dl class='gallery-item'>\n\t\t\t<dt class='gallery-icon landscape'>\n\t\t\t\t<a data-rel=\"iLightbox[postimages]\" data-title=\"TECHNO INICIACI\u00d3N 2\u00ba\" data-caption=\"\" href='https:\/\/www.realclubmaritimomelilla.es\/clmar\/el-club-maritimo-cierra-la-feria-2018-con-la-entrega-de-trofeos\/techno-iniciacion-2o\/'><img decoding=\"async\" width=\"1024\" height=\"892\" src=\"https:\/\/www.realclubmaritimomelilla.es\/clmar\/wp-content\/uploads\/2018\/09\/TECHNO-INICIACI\u00d3N-2\u00ba-1024x892.jpg\" class=\"attachment-large size-large\" alt=\"\" srcset=\"https:\/\/www.realclubmaritimomelilla.es\/clmar\/wp-content\/uploads\/2018\/09\/TECHNO-INICIACI\u00d3N-2\u00ba-300x261.jpg 300w, https:\/\/www.realclubmaritimomelilla.es\/clmar\/wp-content\/uploads\/2018\/09\/TECHNO-INICIACI\u00d3N-2\u00ba-600x522.jpg 600w, https:\/\/www.realclubmaritimomelilla.es\/clmar\/wp-content\/uploads\/2018\/09\/TECHNO-INICIACI\u00d3N-2\u00ba-768x669.jpg 768w, https:\/\/www.realclubmaritimomelilla.es\/clmar\/wp-content\/uploads\/2018\/09\/TECHNO-INICIACI\u00d3N-2\u00ba-1024x892.jpg 1024w, https:\/\/www.realclubmaritimomelilla.es\/clmar\/wp-content\/uploads\/2018\/09\/TECHNO-INICIACI\u00d3N-2\u00ba.jpg 1772w\" sizes=\"(max-width: 1024px) 100vw, 1024px\" \/><\/a>\n\t\t\t<\/dt><\/dl><dl class='gallery-item'>\n\t\t\t<dt class='gallery-icon landscape'>\n\t\t\t\t<a data-rel=\"iLightbox[postimages]\" data-title=\"TECHNO INICIACI\u00d3N 3\u00ba\" data-caption=\"\" href='https:\/\/www.realclubmaritimomelilla.es\/clmar\/el-club-maritimo-cierra-la-feria-2018-con-la-entrega-de-trofeos\/techno-iniciacion-3o\/'><img decoding=\"async\" width=\"1024\" height=\"1001\" src=\"https:\/\/www.realclubmaritimomelilla.es\/clmar\/wp-content\/uploads\/2018\/09\/TECHNO-INICIACI\u00d3N-3\u00ba-1024x1001.jpg\" class=\"attachment-large size-large\" alt=\"\" srcset=\"https:\/\/www.realclubmaritimomelilla.es\/clmar\/wp-content\/uploads\/2018\/09\/TECHNO-INICIACI\u00d3N-3\u00ba-50x50.jpg 50w, https:\/\/www.realclubmaritimomelilla.es\/clmar\/wp-content\/uploads\/2018\/09\/TECHNO-INICIACI\u00d3N-3\u00ba-52x50.jpg 52w, https:\/\/www.realclubmaritimomelilla.es\/clmar\/wp-content\/uploads\/2018\/09\/TECHNO-INICIACI\u00d3N-3\u00ba-66x66.jpg 66w, https:\/\/www.realclubmaritimomelilla.es\/clmar\/wp-content\/uploads\/2018\/09\/TECHNO-INICIACI\u00d3N-3\u00ba-300x293.jpg 300w, https:\/\/www.realclubmaritimomelilla.es\/clmar\/wp-content\/uploads\/2018\/09\/TECHNO-INICIACI\u00d3N-3\u00ba-600x587.jpg 600w, https:\/\/www.realclubmaritimomelilla.es\/clmar\/wp-content\/uploads\/2018\/09\/TECHNO-INICIACI\u00d3N-3\u00ba-768x751.jpg 768w, https:\/\/www.realclubmaritimomelilla.es\/clmar\/wp-content\/uploads\/2018\/09\/TECHNO-INICIACI\u00d3N-3\u00ba-1024x1001.jpg 1024w, https:\/\/www.realclubmaritimomelilla.es\/clmar\/wp-content\/uploads\/2018\/09\/TECHNO-INICIACI\u00d3N-3\u00ba.jpg 1772w\" sizes=\"(max-width: 1024px) 100vw, 1024px\" \/><\/a>\n\t\t\t<\/dt><\/dl><br style=\"clear: both\" \/><dl class='gallery-item'>\n\t\t\t<dt class='gallery-icon portrait'>\n\t\t\t\t<a data-rel=\"iLightbox[postimages]\" data-title=\"TECHNO INICIACI\u00d3N 4\u00ba\" data-caption=\"\" href='https:\/\/www.realclubmaritimomelilla.es\/clmar\/el-club-maritimo-cierra-la-feria-2018-con-la-entrega-de-trofeos\/techno-iniciacion-4o\/'><img decoding=\"async\" width=\"788\" height=\"1024\" src=\"https:\/\/www.realclubmaritimomelilla.es\/clmar\/wp-content\/uploads\/2018\/09\/TECHNO-INICIACI\u00d3N-4\u00ba-788x1024.jpg\" class=\"attachment-large size-large\" alt=\"\" srcset=\"https:\/\/www.realclubmaritimomelilla.es\/clmar\/wp-content\/uploads\/2018\/09\/TECHNO-INICIACI\u00d3N-4\u00ba-231x300.jpg 231w, https:\/\/www.realclubmaritimomelilla.es\/clmar\/wp-content\/uploads\/2018\/09\/TECHNO-INICIACI\u00d3N-4\u00ba-600x780.jpg 600w, https:\/\/www.realclubmaritimomelilla.es\/clmar\/wp-content\/uploads\/2018\/09\/TECHNO-INICIACI\u00d3N-4\u00ba-768x998.jpg 768w, https:\/\/www.realclubmaritimomelilla.es\/clmar\/wp-content\/uploads\/2018\/09\/TECHNO-INICIACI\u00d3N-4\u00ba-788x1024.jpg 788w, https:\/\/www.realclubmaritimomelilla.es\/clmar\/wp-content\/uploads\/2018\/09\/TECHNO-INICIACI\u00d3N-4\u00ba.jpg 1363w\" sizes=\"(max-width: 788px) 100vw, 788px\" \/><\/a>\n\t\t\t<\/dt><\/dl><dl class='gallery-item'>\n\t\t\t<dt class='gallery-icon portrait'>\n\t\t\t\t<a data-rel=\"iLightbox[postimages]\" data-title=\"PESCA INFANTIL mayor n\u00ba kilos\" data-caption=\"\" href='https:\/\/www.realclubmaritimomelilla.es\/clmar\/el-club-maritimo-cierra-la-feria-2018-con-la-entrega-de-trofeos\/pesca-infantil-mayor-no-kilos-2\/'><img decoding=\"async\" width=\"981\" height=\"1024\" src=\"https:\/\/www.realclubmaritimomelilla.es\/clmar\/wp-content\/uploads\/2018\/09\/PESCA-INFANTIL-mayor-n\u00ba-kilos-981x1024.jpg\" class=\"attachment-large size-large\" alt=\"\" srcset=\"https:\/\/www.realclubmaritimomelilla.es\/clmar\/wp-content\/uploads\/2018\/09\/PESCA-INFANTIL-mayor-n\u00ba-kilos-287x300.jpg 287w, https:\/\/www.realclubmaritimomelilla.es\/clmar\/wp-content\/uploads\/2018\/09\/PESCA-INFANTIL-mayor-n\u00ba-kilos-600x627.jpg 600w, https:\/\/www.realclubmaritimomelilla.es\/clmar\/wp-content\/uploads\/2018\/09\/PESCA-INFANTIL-mayor-n\u00ba-kilos-768x802.jpg 768w, https:\/\/www.realclubmaritimomelilla.es\/clmar\/wp-content\/uploads\/2018\/09\/PESCA-INFANTIL-mayor-n\u00ba-kilos-981x1024.jpg 981w, https:\/\/www.realclubmaritimomelilla.es\/clmar\/wp-content\/uploads\/2018\/09\/PESCA-INFANTIL-mayor-n\u00ba-kilos.jpg 1697w\" sizes=\"(max-width: 981px) 100vw, 981px\" \/><\/a>\n\t\t\t<\/dt><\/dl>\n\t\t\t<br style='clear: both' \/>\n\t\t<\/div>\n\n<p>&nbsp;<\/p>\n<p><strong><u>CAMPEONES CAMPEONATOS FERIA 2018<\/u><\/strong><\/p>\n<p><strong><u>CANASTA<\/u><\/strong><\/p>\n<ul>\n<li>Campeonas: Mar\u00eda Cari\u00f1anos \u2013 Lola T\u00e9llez<\/li>\n<\/ul>\n<p><strong><u>CONTINENTEAL<\/u><\/strong><\/p>\n<ul>\n<li>Campeonas: Elvira Hern\u00e1ndez \u2013 Encarnaci\u00f3n Garc\u00eda<\/li>\n<\/ul>\n<p><strong><u>PARCH\u00cdS<\/u><\/strong><\/p>\n<ul>\n<li>Campeonas: Purificaci\u00f3n Mateo \u2013 Elvira Hern\u00e1ndez<\/li>\n<\/ul>\n<p><strong><u>DOMIN\u00d3<\/u><\/strong><\/p>\n<ul>\n<li>Subcampeones: Gerardo Parra \u2013 Jose Manuel Arias<\/li>\n<li>Campeones: Ernesto Rodr\u00edguez \u2013 Karim Burrahay Anan<\/li>\n<\/ul>\n<p><strong><u>PESCA INFANTIL EN CANTIL<\/u><\/strong><\/p>\n<ul>\n<li>Mayor n\u00ba de piezas: Natalia Aguado<\/li>\n<li>Mayor n\u00ba de kilos: Sergio G\u00f3mez Mirambell (Recoge Ivan Montero Mirambell)<\/li>\n<li>Pieza mayor: Fabio De la Encarnaci\u00f3n Garc\u00eda-Vandewalle<\/li>\n<\/ul>\n<p><strong><u>PESCA ADULTOS EN CANTIL INDIVIDUAL <\/u><\/strong><\/p>\n<ul>\n<li>Mayor n\u00ba de piezas: Ignacio L\u00f3pez<\/li>\n<li>Mayor n\u00ba de kilos: Rafael Esteller Gasco<\/li>\n<li>Pieza Mayor: Jose M\u00aa Esteller Sevilla<\/li>\n<\/ul>\n<p><strong><u>PESCA ADULTOS EN CANTIL POR EQUIPOS <\/u><\/strong><\/p>\n<ul>\n<li>Mayor n\u00ba de piezas: Juan Luis Ruano \u2013 Dolores Revilla<\/li>\n<li>Pieza Mayor: Carlos Dom\u00ednguez Garc\u00eda \u2013 Carlos Dom\u00ednguez C\u00e9spedes<\/li>\n<\/ul>\n<p><strong><u>PESCA EMBARCACI\u00d3N FONDEADA<\/u><\/strong><\/p>\n<ul>\n<li>2\u00ba Mayor n\u00ba de kilos: Javier Gonz\u00e1lez<\/li>\n<li>1\u00ba Mayor n\u00ba de kilos: Antonio P\u00e9rez Garc\u00eda<\/li>\n<li>Pieza Mayor: Antonio P\u00e9rez Garc\u00eda<\/li>\n<\/ul>\n<p><strong><u>CLASE OPTIMIST INICIACI\u00d3N<\/u><\/strong><\/p>\n<ul>\n<li>4\u00ba \u00c1ngel Mart\u00ednez<\/li>\n<li>3\u00ba Blanca Cabrera Casado<\/li>\n<li>2\u00ba \u00c1ngel Manuel Rodr\u00edguez<\/li>\n<li>1\u00ba Jaime Cabrera Casado<\/li>\n<\/ul>\n<p><strong><u>CLASE OPTIMIST GENERAL<\/u><\/strong><\/p>\n<ul>\n<li>3\u00ba Jos\u00e9 Pay\u00e1 S\u00e1nchez<\/li>\n<li>2\u00ba Carlos Gonz\u00e1lez Weil<\/li>\n<li>1\u00ba Carlos Cervilla Dur\u00e1n<\/li>\n<\/ul>\n<p><strong><u>CLASE LASER 4.7<\/u><\/strong><\/p>\n<ul>\n<li>3\u00ba Salma Boudihi Dris<\/li>\n<li>2\u00ba Pablo Cervilla Dur\u00e1n<\/li>\n<li>1\u00ba Miguel Due\u00f1as Guti\u00e9rrez<\/li>\n<\/ul>\n<p><strong><u>CLASE TECHNO \u00a0INICIACI\u00d3N<\/u><\/strong><\/p>\n<ul>\n<li>4\u00ba Fabio D\u00edaz Gallardo<\/li>\n<li>3\u00ba Sa\u00fal Mayor Bonilla<\/li>\n<li>2\u00ba Francisco Soler N\u00fa\u00f1ez<\/li>\n<li>1\u00ba Aitana Duarte Canto<\/li>\n<\/ul>\n<p><strong><u>CLASE TECHNO\u00a0 GENERAL<\/u><\/strong><\/p>\n<ul>\n<li>3\u00ba Emira Rodr\u00edguez Mehdi<\/li>\n<li>2\u00ba Azul S\u00e1nchez Vallejo<\/li>\n<li>1\u00ba Cristina Padilla Moreno<\/li>\n<\/ul>\n<p><strong><u>\u00a0<\/u><\/strong><strong><u>CLASE RACEBOARD<\/u><\/strong><\/p>\n<ul>\n<li>3\u00ba Francisco Galindo Garc\u00e9s<\/li>\n<li>2\u00ba Alberto Colomer Gonz\u00e1lez<\/li>\n<li>1\u00ba Pablo Pascual Delgado<\/li>\n<\/ul>\n<p><strong><u>CRUCERO CON SPY<\/u><\/strong><\/p>\n<ul>\n<li>3\u00ba Bichingo.- Francisco Felipe<\/li>\n<li>2\u00ba Ciudad de Melilla &#8211; Club Mar\u00edtimo.- Jose Luis P\u00e9rez<\/li>\n<li>1\u00ba Olivita.- Luis Cobreros<\/li>\n<\/ul>\n<p><strong><u>CRUCERO SIN SPY<\/u><\/strong><\/p>\n<ul>\n<li>3\u00ba Kelaya.- Jos\u00e9 Garc\u00eda Campos<\/li>\n<li>2\u00ba Castillo de If.- Edmundo G\u00f3mez Latorre<\/li>\n<li>1\u00ba Victoria V.- Vicente De Juan<\/li>\n<\/ul>\n<p><strong><u>\u00a0<\/u><\/strong><div class=\"fusion-clearfix\"><\/div><\/div><\/div><\/div><style type=\"text\/css\">.fusion-fullwidth.fusion-builder-row-1 { overflow:visible; }<\/style><\/div>\n","protected":false},"excerpt":{"rendered":"<p>El Club Mar\u00edtimo cerr\u00f3 este s\u00e1bado sus actividades de la\u00a0Feria\u00a02018, con diferentes actividades entre los que destac\u00f3 la entrega de trofeos de sus competiciones que se han llevado a cabo durante los \u00faltimos d\u00edas en seis modalidades distintas. El presidente del Club Mar\u00edtimo, Jos\u00e9 Manuel Calzado, estuvo acompa\u00f1ado de varios de sus directivos, entre los [&hellip;]<\/p>\n","protected":false},"author":1,"featured_media":13961,"comment_status":"open","ping_status":"open","sticky":false,"template":"","format":"standard","meta":{"_acf_changed":false,"footnotes":""},"categories":[40,42],"tags":[],"class_list":["post-13960","post","type-post","status-publish","format-standard","has-post-thumbnail","hentry","category-club","category-trofeos"],"acf":[],"yoast_head":"<!-- This site is optimized with the Yoast SEO plugin v27.5 - https:\/\/yoast.com\/product\/yoast-seo-wordpress\/ -->\n<title>EL CLUB MAR\u00cdTIMO CIERRA LA\u00a0FERIA\u00a02018 CON LA ENTREGA DE TROFEOS - Real Club Mar\u00edtimo de Melilla<\/title>\n<meta name=\"description\" content=\"EL CLUB MAR\u00cdTIMO CIERRA LA\u00a0FERIA\u00a02018 CON LA ENTREGA DE TROFEOS -\" \/>\n<meta name=\"robots\" content=\"index, follow, max-snippet:-1, max-image-preview:large, max-video-preview:-1\" \/>\n<link rel=\"canonical\" href=\"https:\/\/www.realclubmaritimomelilla.es\/clmar\/el-club-maritimo-cierra-la-feria-2018-con-la-entrega-de-trofeos\/\" \/>\n<meta property=\"og:locale\" content=\"es_ES\" \/>\n<meta property=\"og:type\" content=\"article\" \/>\n<meta property=\"og:title\" content=\"EL CLUB MAR\u00cdTIMO CIERRA LA\u00a0FERIA\u00a02018 CON LA ENTREGA DE TROFEOS - Real Club Mar\u00edtimo de Melilla\" \/>\n<meta property=\"og:description\" content=\"EL CLUB MAR\u00cdTIMO CIERRA LA\u00a0FERIA\u00a02018 CON LA ENTREGA DE TROFEOS -\" \/>\n<meta property=\"og:url\" content=\"https:\/\/www.realclubmaritimomelilla.es\/clmar\/el-club-maritimo-cierra-la-feria-2018-con-la-entrega-de-trofeos\/\" \/>\n<meta property=\"og:site_name\" content=\"Real Club Mar\u00edtimo de Melilla\" \/>\n<meta property=\"article:publisher\" content=\"https:\/\/www.facebook.com\/Real-Club-Mar%c3%adtimo-de-Melilla-588495841234214\/\" \/>\n<meta property=\"article:published_time\" content=\"2018-09-08T15:06:03+00:00\" \/>\n<meta property=\"article:modified_time\" content=\"2021-07-20T09:38:58+00:00\" \/>\n<meta property=\"og:image\" content=\"https:\/\/www.realclubmaritimomelilla.es\/clmar\/wp-content\/uploads\/2018\/09\/PESCA-INFANTIL-pieza-mayor.jpg\" \/>\n\t<meta property=\"og:image:width\" content=\"1772\" \/>\n\t<meta property=\"og:image:height\" content=\"1730\" \/>\n\t<meta property=\"og:image:type\" content=\"image\/jpeg\" \/>\n<meta name=\"author\" content=\"RCMMelilla\" \/>\n<meta name=\"twitter:card\" content=\"summary_large_image\" \/>\n<meta name=\"twitter:creator\" content=\"@nauticarcmm\" \/>\n<meta name=\"twitter:site\" content=\"@nauticarcmm\" \/>\n<meta name=\"twitter:label1\" content=\"Escrito por\" \/>\n\t<meta name=\"twitter:data1\" content=\"RCMMelilla\" \/>\n\t<meta name=\"twitter:label2\" content=\"Tiempo de lectura\" \/>\n\t<meta name=\"twitter:data2\" content=\"4 minutos\" \/>\n<script type=\"application\/ld+json\" class=\"yoast-schema-graph\">{\"@context\":\"https:\\\/\\\/schema.org\",\"@graph\":[{\"@type\":\"Article\",\"@id\":\"https:\\\/\\\/www.realclubmaritimomelilla.es\\\/clmar\\\/el-club-maritimo-cierra-la-feria-2018-con-la-entrega-de-trofeos\\\/#article\",\"isPartOf\":{\"@id\":\"https:\\\/\\\/www.realclubmaritimomelilla.es\\\/clmar\\\/el-club-maritimo-cierra-la-feria-2018-con-la-entrega-de-trofeos\\\/\"},\"author\":{\"name\":\"RCMMelilla\",\"@id\":\"https:\\\/\\\/www.realclubmaritimomelilla.es\\\/clmar\\\/#\\\/schema\\\/person\\\/ebaa3713496dc6d48c872452e73a8e79\"},\"headline\":\"EL CLUB MAR\u00cdTIMO CIERRA LA\u00a0FERIA\u00a02018 CON LA ENTREGA DE TROFEOS\",\"datePublished\":\"2018-09-08T15:06:03+00:00\",\"dateModified\":\"2021-07-20T09:38:58+00:00\",\"mainEntityOfPage\":{\"@id\":\"https:\\\/\\\/www.realclubmaritimomelilla.es\\\/clmar\\\/el-club-maritimo-cierra-la-feria-2018-con-la-entrega-de-trofeos\\\/\"},\"wordCount\":746,\"commentCount\":0,\"publisher\":{\"@id\":\"https:\\\/\\\/www.realclubmaritimomelilla.es\\\/clmar\\\/#organization\"},\"image\":{\"@id\":\"https:\\\/\\\/www.realclubmaritimomelilla.es\\\/clmar\\\/el-club-maritimo-cierra-la-feria-2018-con-la-entrega-de-trofeos\\\/#primaryimage\"},\"thumbnailUrl\":\"https:\\\/\\\/www.realclubmaritimomelilla.es\\\/clmar\\\/wp-content\\\/uploads\\\/2018\\\/09\\\/PESCA-INFANTIL-pieza-mayor.jpg\",\"articleSection\":[\"Club\",\"Trofeos\"],\"inLanguage\":\"es\",\"potentialAction\":[{\"@type\":\"CommentAction\",\"name\":\"Comment\",\"target\":[\"https:\\\/\\\/www.realclubmaritimomelilla.es\\\/clmar\\\/el-club-maritimo-cierra-la-feria-2018-con-la-entrega-de-trofeos\\\/#respond\"]}]},{\"@type\":\"WebPage\",\"@id\":\"https:\\\/\\\/www.realclubmaritimomelilla.es\\\/clmar\\\/el-club-maritimo-cierra-la-feria-2018-con-la-entrega-de-trofeos\\\/\",\"url\":\"https:\\\/\\\/www.realclubmaritimomelilla.es\\\/clmar\\\/el-club-maritimo-cierra-la-feria-2018-con-la-entrega-de-trofeos\\\/\",\"name\":\"EL CLUB MAR\u00cdTIMO CIERRA LA\u00a0FERIA\u00a02018 CON LA ENTREGA DE TROFEOS - Real Club Mar\u00edtimo de Melilla\",\"isPartOf\":{\"@id\":\"https:\\\/\\\/www.realclubmaritimomelilla.es\\\/clmar\\\/#website\"},\"primaryImageOfPage\":{\"@id\":\"https:\\\/\\\/www.realclubmaritimomelilla.es\\\/clmar\\\/el-club-maritimo-cierra-la-feria-2018-con-la-entrega-de-trofeos\\\/#primaryimage\"},\"image\":{\"@id\":\"https:\\\/\\\/www.realclubmaritimomelilla.es\\\/clmar\\\/el-club-maritimo-cierra-la-feria-2018-con-la-entrega-de-trofeos\\\/#primaryimage\"},\"thumbnailUrl\":\"https:\\\/\\\/www.realclubmaritimomelilla.es\\\/clmar\\\/wp-content\\\/uploads\\\/2018\\\/09\\\/PESCA-INFANTIL-pieza-mayor.jpg\",\"datePublished\":\"2018-09-08T15:06:03+00:00\",\"dateModified\":\"2021-07-20T09:38:58+00:00\",\"description\":\"EL CLUB MAR\u00cdTIMO CIERRA LA\u00a0FERIA\u00a02018 CON LA ENTREGA DE TROFEOS -\",\"breadcrumb\":{\"@id\":\"https:\\\/\\\/www.realclubmaritimomelilla.es\\\/clmar\\\/el-club-maritimo-cierra-la-feria-2018-con-la-entrega-de-trofeos\\\/#breadcrumb\"},\"inLanguage\":\"es\",\"potentialAction\":[{\"@type\":\"ReadAction\",\"target\":[\"https:\\\/\\\/www.realclubmaritimomelilla.es\\\/clmar\\\/el-club-maritimo-cierra-la-feria-2018-con-la-entrega-de-trofeos\\\/\"]}]},{\"@type\":\"ImageObject\",\"inLanguage\":\"es\",\"@id\":\"https:\\\/\\\/www.realclubmaritimomelilla.es\\\/clmar\\\/el-club-maritimo-cierra-la-feria-2018-con-la-entrega-de-trofeos\\\/#primaryimage\",\"url\":\"https:\\\/\\\/www.realclubmaritimomelilla.es\\\/clmar\\\/wp-content\\\/uploads\\\/2018\\\/09\\\/PESCA-INFANTIL-pieza-mayor.jpg\",\"contentUrl\":\"https:\\\/\\\/www.realclubmaritimomelilla.es\\\/clmar\\\/wp-content\\\/uploads\\\/2018\\\/09\\\/PESCA-INFANTIL-pieza-mayor.jpg\",\"width\":1772,\"height\":1730},{\"@type\":\"BreadcrumbList\",\"@id\":\"https:\\\/\\\/www.realclubmaritimomelilla.es\\\/clmar\\\/el-club-maritimo-cierra-la-feria-2018-con-la-entrega-de-trofeos\\\/#breadcrumb\",\"itemListElement\":[{\"@type\":\"ListItem\",\"position\":1,\"name\":\"Portada\",\"item\":\"https:\\\/\\\/www.realclubmaritimomelilla.es\\\/clmar\\\/\"},{\"@type\":\"ListItem\",\"position\":2,\"name\":\"EL CLUB MAR\u00cdTIMO CIERRA LA\u00a0FERIA\u00a02018 CON LA ENTREGA DE TROFEOS\"}]},{\"@type\":\"WebSite\",\"@id\":\"https:\\\/\\\/www.realclubmaritimomelilla.es\\\/clmar\\\/#website\",\"url\":\"https:\\\/\\\/www.realclubmaritimomelilla.es\\\/clmar\\\/\",\"name\":\"Real Club Mar\u00edtimo de Melilla\",\"description\":\"RCMM\",\"publisher\":{\"@id\":\"https:\\\/\\\/www.realclubmaritimomelilla.es\\\/clmar\\\/#organization\"},\"alternateName\":\"RCMM\",\"potentialAction\":[{\"@type\":\"SearchAction\",\"target\":{\"@type\":\"EntryPoint\",\"urlTemplate\":\"https:\\\/\\\/www.realclubmaritimomelilla.es\\\/clmar\\\/?s={search_term_string}\"},\"query-input\":{\"@type\":\"PropertyValueSpecification\",\"valueRequired\":true,\"valueName\":\"search_term_string\"}}],\"inLanguage\":\"es\"},{\"@type\":\"Organization\",\"@id\":\"https:\\\/\\\/www.realclubmaritimomelilla.es\\\/clmar\\\/#organization\",\"name\":\"Real Club Mar\u00edtimo de Melilla\",\"alternateName\":\"RCMM\",\"url\":\"https:\\\/\\\/www.realclubmaritimomelilla.es\\\/clmar\\\/\",\"logo\":{\"@type\":\"ImageObject\",\"inLanguage\":\"es\",\"@id\":\"https:\\\/\\\/www.realclubmaritimomelilla.es\\\/clmar\\\/#\\\/schema\\\/logo\\\/image\\\/\",\"url\":\"https:\\\/\\\/www.realclubmaritimomelilla.es\\\/clmar\\\/wp-content\\\/uploads\\\/logo-club-original-copia.jpg\",\"contentUrl\":\"https:\\\/\\\/www.realclubmaritimomelilla.es\\\/clmar\\\/wp-content\\\/uploads\\\/logo-club-original-copia.jpg\",\"width\":128,\"height\":89,\"caption\":\"Real Club Mar\u00edtimo de Melilla\"},\"image\":{\"@id\":\"https:\\\/\\\/www.realclubmaritimomelilla.es\\\/clmar\\\/#\\\/schema\\\/logo\\\/image\\\/\"},\"sameAs\":[\"https:\\\/\\\/www.facebook.com\\\/Real-Club-Mar\u00edtimo-de-Melilla-588495841234214\\\/\",\"https:\\\/\\\/x.com\\\/nauticarcmm\",\"https:\\\/\\\/www.instagram.com\\\/club_maritimo_melilla\\\/\",\"https:\\\/\\\/www.youtube.com\\\/@realclubmaritimodemelilla4703\",\"https:\\\/\\\/es.wikipedia.org\\\/wiki\\\/Real_Club_Mar\u00edtimo_de_Melilla\"]},{\"@type\":\"Person\",\"@id\":\"https:\\\/\\\/www.realclubmaritimomelilla.es\\\/clmar\\\/#\\\/schema\\\/person\\\/ebaa3713496dc6d48c872452e73a8e79\",\"name\":\"RCMMelilla\",\"image\":{\"@type\":\"ImageObject\",\"inLanguage\":\"es\",\"@id\":\"https:\\\/\\\/secure.gravatar.com\\\/avatar\\\/df1c24789360fb9308735c4ee556fc2bc5bf924bf01e53043b8b97ba272da33c?s=96&d=mm&r=g\",\"url\":\"https:\\\/\\\/secure.gravatar.com\\\/avatar\\\/df1c24789360fb9308735c4ee556fc2bc5bf924bf01e53043b8b97ba272da33c?s=96&d=mm&r=g\",\"contentUrl\":\"https:\\\/\\\/secure.gravatar.com\\\/avatar\\\/df1c24789360fb9308735c4ee556fc2bc5bf924bf01e53043b8b97ba272da33c?s=96&d=mm&r=g\",\"caption\":\"RCMMelilla\"}}]}<\/script>\n<!-- \/ Yoast SEO plugin. -->","yoast_head_json":{"title":"EL CLUB MAR\u00cdTIMO CIERRA LA\u00a0FERIA\u00a02018 CON LA ENTREGA DE TROFEOS - Real Club Mar\u00edtimo de Melilla","description":"EL CLUB MAR\u00cdTIMO CIERRA LA\u00a0FERIA\u00a02018 CON LA ENTREGA DE TROFEOS -","robots":{"index":"index","follow":"follow","max-snippet":"max-snippet:-1","max-image-preview":"max-image-preview:large","max-video-preview":"max-video-preview:-1"},"canonical":"https:\/\/www.realclubmaritimomelilla.es\/clmar\/el-club-maritimo-cierra-la-feria-2018-con-la-entrega-de-trofeos\/","og_locale":"es_ES","og_type":"article","og_title":"EL CLUB MAR\u00cdTIMO CIERRA LA\u00a0FERIA\u00a02018 CON LA ENTREGA DE TROFEOS - Real Club Mar\u00edtimo de Melilla","og_description":"EL CLUB MAR\u00cdTIMO CIERRA LA\u00a0FERIA\u00a02018 CON LA ENTREGA DE TROFEOS -","og_url":"https:\/\/www.realclubmaritimomelilla.es\/clmar\/el-club-maritimo-cierra-la-feria-2018-con-la-entrega-de-trofeos\/","og_site_name":"Real Club Mar\u00edtimo de Melilla","article_publisher":"https:\/\/www.facebook.com\/Real-Club-Mar%c3%adtimo-de-Melilla-588495841234214\/","article_published_time":"2018-09-08T15:06:03+00:00","article_modified_time":"2021-07-20T09:38:58+00:00","og_image":[{"width":1772,"height":1730,"url":"https:\/\/www.realclubmaritimomelilla.es\/clmar\/wp-content\/uploads\/2018\/09\/PESCA-INFANTIL-pieza-mayor.jpg","type":"image\/jpeg"}],"author":"RCMMelilla","twitter_card":"summary_large_image","twitter_creator":"@nauticarcmm","twitter_site":"@nauticarcmm","twitter_misc":{"Escrito por":"RCMMelilla","Tiempo de lectura":"4 minutos"},"schema":{"@context":"https:\/\/schema.org","@graph":[{"@type":"Article","@id":"https:\/\/www.realclubmaritimomelilla.es\/clmar\/el-club-maritimo-cierra-la-feria-2018-con-la-entrega-de-trofeos\/#article","isPartOf":{"@id":"https:\/\/www.realclubmaritimomelilla.es\/clmar\/el-club-maritimo-cierra-la-feria-2018-con-la-entrega-de-trofeos\/"},"author":{"name":"RCMMelilla","@id":"https:\/\/www.realclubmaritimomelilla.es\/clmar\/#\/schema\/person\/ebaa3713496dc6d48c872452e73a8e79"},"headline":"EL CLUB MAR\u00cdTIMO CIERRA LA\u00a0FERIA\u00a02018 CON LA ENTREGA DE TROFEOS","datePublished":"2018-09-08T15:06:03+00:00","dateModified":"2021-07-20T09:38:58+00:00","mainEntityOfPage":{"@id":"https:\/\/www.realclubmaritimomelilla.es\/clmar\/el-club-maritimo-cierra-la-feria-2018-con-la-entrega-de-trofeos\/"},"wordCount":746,"commentCount":0,"publisher":{"@id":"https:\/\/www.realclubmaritimomelilla.es\/clmar\/#organization"},"image":{"@id":"https:\/\/www.realclubmaritimomelilla.es\/clmar\/el-club-maritimo-cierra-la-feria-2018-con-la-entrega-de-trofeos\/#primaryimage"},"thumbnailUrl":"https:\/\/www.realclubmaritimomelilla.es\/clmar\/wp-content\/uploads\/2018\/09\/PESCA-INFANTIL-pieza-mayor.jpg","articleSection":["Club","Trofeos"],"inLanguage":"es","potentialAction":[{"@type":"CommentAction","name":"Comment","target":["https:\/\/www.realclubmaritimomelilla.es\/clmar\/el-club-maritimo-cierra-la-feria-2018-con-la-entrega-de-trofeos\/#respond"]}]},{"@type":"WebPage","@id":"https:\/\/www.realclubmaritimomelilla.es\/clmar\/el-club-maritimo-cierra-la-feria-2018-con-la-entrega-de-trofeos\/","url":"https:\/\/www.realclubmaritimomelilla.es\/clmar\/el-club-maritimo-cierra-la-feria-2018-con-la-entrega-de-trofeos\/","name":"EL CLUB MAR\u00cdTIMO CIERRA LA\u00a0FERIA\u00a02018 CON LA ENTREGA DE TROFEOS - Real Club Mar\u00edtimo de Melilla","isPartOf":{"@id":"https:\/\/www.realclubmaritimomelilla.es\/clmar\/#website"},"primaryImageOfPage":{"@id":"https:\/\/www.realclubmaritimomelilla.es\/clmar\/el-club-maritimo-cierra-la-feria-2018-con-la-entrega-de-trofeos\/#primaryimage"},"image":{"@id":"https:\/\/www.realclubmaritimomelilla.es\/clmar\/el-club-maritimo-cierra-la-feria-2018-con-la-entrega-de-trofeos\/#primaryimage"},"thumbnailUrl":"https:\/\/www.realclubmaritimomelilla.es\/clmar\/wp-content\/uploads\/2018\/09\/PESCA-INFANTIL-pieza-mayor.jpg","datePublished":"2018-09-08T15:06:03+00:00","dateModified":"2021-07-20T09:38:58+00:00","description":"EL CLUB MAR\u00cdTIMO CIERRA LA\u00a0FERIA\u00a02018 CON LA ENTREGA DE TROFEOS -","breadcrumb":{"@id":"https:\/\/www.realclubmaritimomelilla.es\/clmar\/el-club-maritimo-cierra-la-feria-2018-con-la-entrega-de-trofeos\/#breadcrumb"},"inLanguage":"es","potentialAction":[{"@type":"ReadAction","target":["https:\/\/www.realclubmaritimomelilla.es\/clmar\/el-club-maritimo-cierra-la-feria-2018-con-la-entrega-de-trofeos\/"]}]},{"@type":"ImageObject","inLanguage":"es","@id":"https:\/\/www.realclubmaritimomelilla.es\/clmar\/el-club-maritimo-cierra-la-feria-2018-con-la-entrega-de-trofeos\/#primaryimage","url":"https:\/\/www.realclubmaritimomelilla.es\/clmar\/wp-content\/uploads\/2018\/09\/PESCA-INFANTIL-pieza-mayor.jpg","contentUrl":"https:\/\/www.realclubmaritimomelilla.es\/clmar\/wp-content\/uploads\/2018\/09\/PESCA-INFANTIL-pieza-mayor.jpg","width":1772,"height":1730},{"@type":"BreadcrumbList","@id":"https:\/\/www.realclubmaritimomelilla.es\/clmar\/el-club-maritimo-cierra-la-feria-2018-con-la-entrega-de-trofeos\/#breadcrumb","itemListElement":[{"@type":"ListItem","position":1,"name":"Portada","item":"https:\/\/www.realclubmaritimomelilla.es\/clmar\/"},{"@type":"ListItem","position":2,"name":"EL CLUB MAR\u00cdTIMO CIERRA LA\u00a0FERIA\u00a02018 CON LA ENTREGA DE TROFEOS"}]},{"@type":"WebSite","@id":"https:\/\/www.realclubmaritimomelilla.es\/clmar\/#website","url":"https:\/\/www.realclubmaritimomelilla.es\/clmar\/","name":"Real Club Mar\u00edtimo de Melilla","description":"RCMM","publisher":{"@id":"https:\/\/www.realclubmaritimomelilla.es\/clmar\/#organization"},"alternateName":"RCMM","potentialAction":[{"@type":"SearchAction","target":{"@type":"EntryPoint","urlTemplate":"https:\/\/www.realclubmaritimomelilla.es\/clmar\/?s={search_term_string}"},"query-input":{"@type":"PropertyValueSpecification","valueRequired":true,"valueName":"search_term_string"}}],"inLanguage":"es"},{"@type":"Organization","@id":"https:\/\/www.realclubmaritimomelilla.es\/clmar\/#organization","name":"Real Club Mar\u00edtimo de Melilla","alternateName":"RCMM","url":"https:\/\/www.realclubmaritimomelilla.es\/clmar\/","logo":{"@type":"ImageObject","inLanguage":"es","@id":"https:\/\/www.realclubmaritimomelilla.es\/clmar\/#\/schema\/logo\/image\/","url":"https:\/\/www.realclubmaritimomelilla.es\/clmar\/wp-content\/uploads\/logo-club-original-copia.jpg","contentUrl":"https:\/\/www.realclubmaritimomelilla.es\/clmar\/wp-content\/uploads\/logo-club-original-copia.jpg","width":128,"height":89,"caption":"Real Club Mar\u00edtimo de Melilla"},"image":{"@id":"https:\/\/www.realclubmaritimomelilla.es\/clmar\/#\/schema\/logo\/image\/"},"sameAs":["https:\/\/www.facebook.com\/Real-Club-Mar\u00edtimo-de-Melilla-588495841234214\/","https:\/\/x.com\/nauticarcmm","https:\/\/www.instagram.com\/club_maritimo_melilla\/","https:\/\/www.youtube.com\/@realclubmaritimodemelilla4703","https:\/\/es.wikipedia.org\/wiki\/Real_Club_Mar\u00edtimo_de_Melilla"]},{"@type":"Person","@id":"https:\/\/www.realclubmaritimomelilla.es\/clmar\/#\/schema\/person\/ebaa3713496dc6d48c872452e73a8e79","name":"RCMMelilla","image":{"@type":"ImageObject","inLanguage":"es","@id":"https:\/\/secure.gravatar.com\/avatar\/df1c24789360fb9308735c4ee556fc2bc5bf924bf01e53043b8b97ba272da33c?s=96&d=mm&r=g","url":"https:\/\/secure.gravatar.com\/avatar\/df1c24789360fb9308735c4ee556fc2bc5bf924bf01e53043b8b97ba272da33c?s=96&d=mm&r=g","contentUrl":"https:\/\/secure.gravatar.com\/avatar\/df1c24789360fb9308735c4ee556fc2bc5bf924bf01e53043b8b97ba272da33c?s=96&d=mm&r=g","caption":"RCMMelilla"}}]}},"_links":{"self":[{"href":"https:\/\/www.realclubmaritimomelilla.es\/clmar\/wp-json\/wp\/v2\/posts\/13960","targetHints":{"allow":["GET"]}}],"collection":[{"href":"https:\/\/www.realclubmaritimomelilla.es\/clmar\/wp-json\/wp\/v2\/posts"}],"about":[{"href":"https:\/\/www.realclubmaritimomelilla.es\/clmar\/wp-json\/wp\/v2\/types\/post"}],"author":[{"embeddable":true,"href":"https:\/\/www.realclubmaritimomelilla.es\/clmar\/wp-json\/wp\/v2\/users\/1"}],"replies":[{"embeddable":true,"href":"https:\/\/www.realclubmaritimomelilla.es\/clmar\/wp-json\/wp\/v2\/comments?post=13960"}],"version-history":[{"count":2,"href":"https:\/\/www.realclubmaritimomelilla.es\/clmar\/wp-json\/wp\/v2\/posts\/13960\/revisions"}],"predecessor-version":[{"id":16030,"href":"https:\/\/www.realclubmaritimomelilla.es\/clmar\/wp-json\/wp\/v2\/posts\/13960\/revisions\/16030"}],"wp:featuredmedia":[{"embeddable":true,"href":"https:\/\/www.realclubmaritimomelilla.es\/clmar\/wp-json\/wp\/v2\/media\/13961"}],"wp:attachment":[{"href":"https:\/\/www.realclubmaritimomelilla.es\/clmar\/wp-json\/wp\/v2\/media?parent=13960"}],"wp:term":[{"taxonomy":"category","embeddable":true,"href":"https:\/\/www.realclubmaritimomelilla.es\/clmar\/wp-json\/wp\/v2\/categories?post=13960"},{"taxonomy":"post_tag","embeddable":true,"href":"https:\/\/www.realclubmaritimomelilla.es\/clmar\/wp-json\/wp\/v2\/tags?post=13960"}],"curies":[{"name":"wp","href":"https:\/\/api.w.org\/{rel}","templated":true}]}}