{"id":13880,"date":"2018-08-29T06:44:23","date_gmt":"2018-08-29T06:44:23","guid":{"rendered":"http:\/\/www.clubmaritimomelilla.es\/clmar\/?p=13880"},"modified":"2018-08-29T06:44:23","modified_gmt":"2018-08-29T06:44:23","slug":"mas-cuatrocientos-alumnos-pasado-este-verano-aula-nautica-del-club-maritimo","status":"publish","type":"post","link":"https:\/\/www.realclubmaritimomelilla.es\/clmar\/mas-cuatrocientos-alumnos-pasado-este-verano-aula-nautica-del-club-maritimo\/","title":{"rendered":"M\u00e1s de cuatrocientos alumnos han pasado este verano por el Aula N\u00e1utica del Club Mar\u00edtimo"},"content":{"rendered":"<div>\n<div>\n<div>Esta semana el Club Mar\u00edtimo ha retomado su agenda de actividades de su Aula N\u00e1utica con el desarrollo del octavo curso multidisciplinar de este verano.<\/div>\n<div><\/div>\n<div>Los\u00a0<span class=\"m_-4342928435395845570gmail-m_-3285259970371925987gmail-il\">cursos<\/span>\u00a0de verano 2018 comenzaron el 25 de junio y se prolongar\u00e1n hasta principios de septiembre, cuando se d\u00e9 por concluida un nuevo a\u00f1o lleno de actividades en el periodo estival. Todo ello, a trav\u00e9s del Auta N\u00e1utica que est\u00e1 integrada en el Centro de Actividades N\u00e1uticas (CAN).<\/div>\n<div><\/div>\n<div>Hasta el momento m\u00e1s de cuatrocientos alumnos han pasado por estos cursos de verano que se est\u00e1n desarrollando en el Club Mar\u00edtimo de Melilla. Y m\u00e1s de seiscientos los que en lo que llevamos de a\u00f1o han elegido nuestra Aula N\u00e1uitca para aprender a navegar o iniciarse en los deportes n\u00e1uticos en la ciudad aut\u00f3noma de Melilla.<\/div>\n<div><\/div>\n<div>La vela, en embarcaciones individuales o colectivas, pirag\u00fcismo, winsurf o paddle surf son las disciplinas deportivas relacionadas con el mar que se pueden practicar en el Club Mar\u00edtimo. Tambi\u00e9n se puede optar a\u00a0<span class=\"m_-4342928435395845570gmail-m_-3285259970371925987gmail-il\">cursos<\/span>\u00a0de perfeccionamiento, para todos aquellos que ya han superado los\u00a0<span class=\"m_-4342928435395845570gmail-m_-3285259970371925987gmail-il\">cursos<\/span>\u00a0de iniciaci\u00f3n.<\/div>\n<div><\/div>\n<div>\n<div>Este a\u00f1o, las ma\u00f1anas est\u00e1n centradas para cursos de iniciaci\u00f3n para ni\u00f1os y j\u00f3venes, mientras que por la tarde se est\u00e1n dando cursos para adultos.<\/div>\n<div><\/div>\n<div>Adem\u00e1s, de los deportes n\u00e1uticos, este verano en el Club Mar\u00edtimo tambi\u00e9n se puede aprender a nadar o desarrollar actividades de l\u00fadico-deportivas. Todas estas actividades se desarrollan en horario de ma\u00f1ana, aunque para mayor informaci\u00f3n e inscripciones en la Secretaria de la entidad n\u00e1utica.<\/div>\n<\/div>\n<\/div>\n<div><\/div>\n<div>Los alumnos que han participado en los\u00a0<span class=\"m_-4342928435395845570gmail-m_-3285259970371925987gmail-il\">cursos<\/span>\u00a0de vela durante esta semana han recibido un diploma acreditativo de mano de los distintos monitores que toman parte en esta actividad y que est\u00e1n coordinados por Fidel Mart\u00ednez.<\/div>\n<div>\n\n\t\t<style type=\"text\/css\">\n\t\t\t#gallery-1 {\n\t\t\t\tmargin: auto;\n\t\t\t}\n\t\t\t#gallery-1 .gallery-item {\n\t\t\t\tfloat: left;\n\t\t\t\tmargin-top: 10px;\n\t\t\t\ttext-align: center;\n\t\t\t\twidth: 33%;\n\t\t\t}\n\t\t\t#gallery-1 img {\n\t\t\t\tborder: 2px solid #cfcfcf;\n\t\t\t}\n\t\t\t#gallery-1 .gallery-caption {\n\t\t\t\tmargin-left: 0;\n\t\t\t}\n\t\t\t\/* see gallery_shortcode() in wp-includes\/media.php *\/\n\t\t<\/style>\n\t\t<div id='gallery-1' class='gallery galleryid-13880 gallery-columns-3 gallery-size-thumbnail'><dl class='gallery-item'>\n\t\t\t<dt class='gallery-icon portrait'>\n\t\t\t\t<a data-rel=\"iLightbox[postimages]\" data-title=\"8\u00ba curso multidisciplinar RCMM 10\" data-caption=\"\" href='https:\/\/www.realclubmaritimomelilla.es\/clmar\/mas-cuatrocientos-alumnos-pasado-este-verano-aula-nautica-del-club-maritimo\/8o-curso-multidisciplinar-rcmm-10\/'><img decoding=\"async\" width=\"150\" height=\"150\" src=\"https:\/\/www.realclubmaritimomelilla.es\/clmar\/wp-content\/uploads\/2018\/08\/8\u00ba-curso-multidisciplinar-RCMM-10-150x150.jpeg\" class=\"attachment-thumbnail size-thumbnail\" alt=\"\" srcset=\"https:\/\/www.realclubmaritimomelilla.es\/clmar\/wp-content\/uploads\/2018\/08\/8\u00ba-curso-multidisciplinar-RCMM-10-50x50.jpeg 50w, https:\/\/www.realclubmaritimomelilla.es\/clmar\/wp-content\/uploads\/2018\/08\/8\u00ba-curso-multidisciplinar-RCMM-10-66x66.jpeg 66w, https:\/\/www.realclubmaritimomelilla.es\/clmar\/wp-content\/uploads\/2018\/08\/8\u00ba-curso-multidisciplinar-RCMM-10-150x150.jpeg 150w, https:\/\/www.realclubmaritimomelilla.es\/clmar\/wp-content\/uploads\/2018\/08\/8\u00ba-curso-multidisciplinar-RCMM-10-300x300.jpeg 300w\" sizes=\"(max-width: 150px) 100vw, 150px\" \/><\/a>\n\t\t\t<\/dt><\/dl><dl class='gallery-item'>\n\t\t\t<dt class='gallery-icon landscape'>\n\t\t\t\t<a data-rel=\"iLightbox[postimages]\" data-title=\"8\u00ba curso multidisciplinar RCMM 9\" data-caption=\"\" href='https:\/\/www.realclubmaritimomelilla.es\/clmar\/mas-cuatrocientos-alumnos-pasado-este-verano-aula-nautica-del-club-maritimo\/8o-curso-multidisciplinar-rcmm-9\/'><img decoding=\"async\" width=\"150\" height=\"150\" src=\"https:\/\/www.realclubmaritimomelilla.es\/clmar\/wp-content\/uploads\/2018\/08\/8\u00ba-curso-multidisciplinar-RCMM-9-150x150.jpeg\" class=\"attachment-thumbnail size-thumbnail\" alt=\"\" srcset=\"https:\/\/www.realclubmaritimomelilla.es\/clmar\/wp-content\/uploads\/2018\/08\/8\u00ba-curso-multidisciplinar-RCMM-9-50x50.jpeg 50w, https:\/\/www.realclubmaritimomelilla.es\/clmar\/wp-content\/uploads\/2018\/08\/8\u00ba-curso-multidisciplinar-RCMM-9-66x66.jpeg 66w, https:\/\/www.realclubmaritimomelilla.es\/clmar\/wp-content\/uploads\/2018\/08\/8\u00ba-curso-multidisciplinar-RCMM-9-150x150.jpeg 150w, https:\/\/www.realclubmaritimomelilla.es\/clmar\/wp-content\/uploads\/2018\/08\/8\u00ba-curso-multidisciplinar-RCMM-9-300x300.jpeg 300w\" sizes=\"(max-width: 150px) 100vw, 150px\" \/><\/a>\n\t\t\t<\/dt><\/dl><dl class='gallery-item'>\n\t\t\t<dt class='gallery-icon portrait'>\n\t\t\t\t<a data-rel=\"iLightbox[postimages]\" data-title=\"8\u00ba curso multidisciplinar RCMM 8\" data-caption=\"\" href='https:\/\/www.realclubmaritimomelilla.es\/clmar\/mas-cuatrocientos-alumnos-pasado-este-verano-aula-nautica-del-club-maritimo\/8o-curso-multidisciplinar-rcmm-8\/'><img decoding=\"async\" width=\"150\" height=\"150\" src=\"https:\/\/www.realclubmaritimomelilla.es\/clmar\/wp-content\/uploads\/2018\/08\/8\u00ba-curso-multidisciplinar-RCMM-8-150x150.jpeg\" class=\"attachment-thumbnail size-thumbnail\" alt=\"\" srcset=\"https:\/\/www.realclubmaritimomelilla.es\/clmar\/wp-content\/uploads\/2018\/08\/8\u00ba-curso-multidisciplinar-RCMM-8-50x50.jpeg 50w, https:\/\/www.realclubmaritimomelilla.es\/clmar\/wp-content\/uploads\/2018\/08\/8\u00ba-curso-multidisciplinar-RCMM-8-66x66.jpeg 66w, https:\/\/www.realclubmaritimomelilla.es\/clmar\/wp-content\/uploads\/2018\/08\/8\u00ba-curso-multidisciplinar-RCMM-8-150x150.jpeg 150w, https:\/\/www.realclubmaritimomelilla.es\/clmar\/wp-content\/uploads\/2018\/08\/8\u00ba-curso-multidisciplinar-RCMM-8-300x300.jpeg 300w\" sizes=\"(max-width: 150px) 100vw, 150px\" \/><\/a>\n\t\t\t<\/dt><\/dl><br style=\"clear: both\" \/><dl class='gallery-item'>\n\t\t\t<dt class='gallery-icon portrait'>\n\t\t\t\t<a data-rel=\"iLightbox[postimages]\" data-title=\"8\u00ba curso multidisciplinar RCMM 7\" data-caption=\"\" href='https:\/\/www.realclubmaritimomelilla.es\/clmar\/mas-cuatrocientos-alumnos-pasado-este-verano-aula-nautica-del-club-maritimo\/8o-curso-multidisciplinar-rcmm-7\/'><img decoding=\"async\" width=\"150\" height=\"150\" src=\"https:\/\/www.realclubmaritimomelilla.es\/clmar\/wp-content\/uploads\/2018\/08\/8\u00ba-curso-multidisciplinar-RCMM-7-150x150.jpeg\" class=\"attachment-thumbnail size-thumbnail\" alt=\"\" srcset=\"https:\/\/www.realclubmaritimomelilla.es\/clmar\/wp-content\/uploads\/2018\/08\/8\u00ba-curso-multidisciplinar-RCMM-7-50x50.jpeg 50w, https:\/\/www.realclubmaritimomelilla.es\/clmar\/wp-content\/uploads\/2018\/08\/8\u00ba-curso-multidisciplinar-RCMM-7-66x66.jpeg 66w, https:\/\/www.realclubmaritimomelilla.es\/clmar\/wp-content\/uploads\/2018\/08\/8\u00ba-curso-multidisciplinar-RCMM-7-150x150.jpeg 150w, https:\/\/www.realclubmaritimomelilla.es\/clmar\/wp-content\/uploads\/2018\/08\/8\u00ba-curso-multidisciplinar-RCMM-7-300x300.jpeg 300w\" sizes=\"(max-width: 150px) 100vw, 150px\" \/><\/a>\n\t\t\t<\/dt><\/dl><dl class='gallery-item'>\n\t\t\t<dt class='gallery-icon portrait'>\n\t\t\t\t<a data-rel=\"iLightbox[postimages]\" data-title=\"8\u00ba curso multidisciplinar RCMM 6\" data-caption=\"\" href='https:\/\/www.realclubmaritimomelilla.es\/clmar\/mas-cuatrocientos-alumnos-pasado-este-verano-aula-nautica-del-club-maritimo\/8o-curso-multidisciplinar-rcmm-6\/'><img decoding=\"async\" width=\"150\" height=\"150\" src=\"https:\/\/www.realclubmaritimomelilla.es\/clmar\/wp-content\/uploads\/2018\/08\/8\u00ba-curso-multidisciplinar-RCMM-6-150x150.jpeg\" class=\"attachment-thumbnail size-thumbnail\" alt=\"\" srcset=\"https:\/\/www.realclubmaritimomelilla.es\/clmar\/wp-content\/uploads\/2018\/08\/8\u00ba-curso-multidisciplinar-RCMM-6-50x50.jpeg 50w, https:\/\/www.realclubmaritimomelilla.es\/clmar\/wp-content\/uploads\/2018\/08\/8\u00ba-curso-multidisciplinar-RCMM-6-66x66.jpeg 66w, https:\/\/www.realclubmaritimomelilla.es\/clmar\/wp-content\/uploads\/2018\/08\/8\u00ba-curso-multidisciplinar-RCMM-6-150x150.jpeg 150w, https:\/\/www.realclubmaritimomelilla.es\/clmar\/wp-content\/uploads\/2018\/08\/8\u00ba-curso-multidisciplinar-RCMM-6-300x300.jpeg 300w\" sizes=\"(max-width: 150px) 100vw, 150px\" \/><\/a>\n\t\t\t<\/dt><\/dl><dl class='gallery-item'>\n\t\t\t<dt class='gallery-icon portrait'>\n\t\t\t\t<a data-rel=\"iLightbox[postimages]\" data-title=\"8\u00ba curso multidisciplinar RCMM 5\" data-caption=\"\" href='https:\/\/www.realclubmaritimomelilla.es\/clmar\/mas-cuatrocientos-alumnos-pasado-este-verano-aula-nautica-del-club-maritimo\/8o-curso-multidisciplinar-rcmm-5\/'><img decoding=\"async\" width=\"150\" height=\"150\" src=\"https:\/\/www.realclubmaritimomelilla.es\/clmar\/wp-content\/uploads\/2018\/08\/8\u00ba-curso-multidisciplinar-RCMM-5-150x150.jpeg\" class=\"attachment-thumbnail size-thumbnail\" alt=\"\" srcset=\"https:\/\/www.realclubmaritimomelilla.es\/clmar\/wp-content\/uploads\/2018\/08\/8\u00ba-curso-multidisciplinar-RCMM-5-50x50.jpeg 50w, https:\/\/www.realclubmaritimomelilla.es\/clmar\/wp-content\/uploads\/2018\/08\/8\u00ba-curso-multidisciplinar-RCMM-5-66x66.jpeg 66w, https:\/\/www.realclubmaritimomelilla.es\/clmar\/wp-content\/uploads\/2018\/08\/8\u00ba-curso-multidisciplinar-RCMM-5-150x150.jpeg 150w, https:\/\/www.realclubmaritimomelilla.es\/clmar\/wp-content\/uploads\/2018\/08\/8\u00ba-curso-multidisciplinar-RCMM-5-300x300.jpeg 300w\" sizes=\"(max-width: 150px) 100vw, 150px\" \/><\/a>\n\t\t\t<\/dt><\/dl><br style=\"clear: both\" \/><dl class='gallery-item'>\n\t\t\t<dt class='gallery-icon portrait'>\n\t\t\t\t<a data-rel=\"iLightbox[postimages]\" data-title=\"8\u00ba curso multidisciplinar RCMM 4\" data-caption=\"\" href='https:\/\/www.realclubmaritimomelilla.es\/clmar\/mas-cuatrocientos-alumnos-pasado-este-verano-aula-nautica-del-club-maritimo\/8o-curso-multidisciplinar-rcmm-4\/'><img decoding=\"async\" width=\"150\" height=\"150\" src=\"https:\/\/www.realclubmaritimomelilla.es\/clmar\/wp-content\/uploads\/2018\/08\/8\u00ba-curso-multidisciplinar-RCMM-4-150x150.jpeg\" class=\"attachment-thumbnail size-thumbnail\" alt=\"\" srcset=\"https:\/\/www.realclubmaritimomelilla.es\/clmar\/wp-content\/uploads\/2018\/08\/8\u00ba-curso-multidisciplinar-RCMM-4-50x50.jpeg 50w, https:\/\/www.realclubmaritimomelilla.es\/clmar\/wp-content\/uploads\/2018\/08\/8\u00ba-curso-multidisciplinar-RCMM-4-66x66.jpeg 66w, https:\/\/www.realclubmaritimomelilla.es\/clmar\/wp-content\/uploads\/2018\/08\/8\u00ba-curso-multidisciplinar-RCMM-4-150x150.jpeg 150w, https:\/\/www.realclubmaritimomelilla.es\/clmar\/wp-content\/uploads\/2018\/08\/8\u00ba-curso-multidisciplinar-RCMM-4-300x300.jpeg 300w\" sizes=\"(max-width: 150px) 100vw, 150px\" \/><\/a>\n\t\t\t<\/dt><\/dl><dl class='gallery-item'>\n\t\t\t<dt class='gallery-icon landscape'>\n\t\t\t\t<a data-rel=\"iLightbox[postimages]\" data-title=\"8\u00ba curso multidisciplinar RCMM 3\" data-caption=\"\" href='https:\/\/www.realclubmaritimomelilla.es\/clmar\/mas-cuatrocientos-alumnos-pasado-este-verano-aula-nautica-del-club-maritimo\/8o-curso-multidisciplinar-rcmm-3\/'><img decoding=\"async\" width=\"150\" height=\"150\" src=\"https:\/\/www.realclubmaritimomelilla.es\/clmar\/wp-content\/uploads\/2018\/08\/8\u00ba-curso-multidisciplinar-RCMM-3-150x150.jpeg\" class=\"attachment-thumbnail size-thumbnail\" alt=\"\" srcset=\"https:\/\/www.realclubmaritimomelilla.es\/clmar\/wp-content\/uploads\/2018\/08\/8\u00ba-curso-multidisciplinar-RCMM-3-50x50.jpeg 50w, https:\/\/www.realclubmaritimomelilla.es\/clmar\/wp-content\/uploads\/2018\/08\/8\u00ba-curso-multidisciplinar-RCMM-3-66x66.jpeg 66w, https:\/\/www.realclubmaritimomelilla.es\/clmar\/wp-content\/uploads\/2018\/08\/8\u00ba-curso-multidisciplinar-RCMM-3-150x150.jpeg 150w, https:\/\/www.realclubmaritimomelilla.es\/clmar\/wp-content\/uploads\/2018\/08\/8\u00ba-curso-multidisciplinar-RCMM-3-300x300.jpeg 300w\" sizes=\"(max-width: 150px) 100vw, 150px\" \/><\/a>\n\t\t\t<\/dt><\/dl><dl class='gallery-item'>\n\t\t\t<dt class='gallery-icon landscape'>\n\t\t\t\t<a data-rel=\"iLightbox[postimages]\" data-title=\"8\u00ba curso multidisciplinar RCMM 2\" data-caption=\"\" href='https:\/\/www.realclubmaritimomelilla.es\/clmar\/mas-cuatrocientos-alumnos-pasado-este-verano-aula-nautica-del-club-maritimo\/8o-curso-multidisciplinar-rcmm-2\/'><img decoding=\"async\" width=\"150\" height=\"150\" src=\"https:\/\/www.realclubmaritimomelilla.es\/clmar\/wp-content\/uploads\/2018\/08\/8\u00ba-curso-multidisciplinar-RCMM-2-150x150.jpeg\" class=\"attachment-thumbnail size-thumbnail\" alt=\"\" srcset=\"https:\/\/www.realclubmaritimomelilla.es\/clmar\/wp-content\/uploads\/2018\/08\/8\u00ba-curso-multidisciplinar-RCMM-2-50x50.jpeg 50w, https:\/\/www.realclubmaritimomelilla.es\/clmar\/wp-content\/uploads\/2018\/08\/8\u00ba-curso-multidisciplinar-RCMM-2-66x66.jpeg 66w, https:\/\/www.realclubmaritimomelilla.es\/clmar\/wp-content\/uploads\/2018\/08\/8\u00ba-curso-multidisciplinar-RCMM-2-150x150.jpeg 150w, https:\/\/www.realclubmaritimomelilla.es\/clmar\/wp-content\/uploads\/2018\/08\/8\u00ba-curso-multidisciplinar-RCMM-2-300x300.jpeg 300w\" sizes=\"(max-width: 150px) 100vw, 150px\" \/><\/a>\n\t\t\t<\/dt><\/dl><br style=\"clear: both\" \/><dl class='gallery-item'>\n\t\t\t<dt class='gallery-icon landscape'>\n\t\t\t\t<a data-rel=\"iLightbox[postimages]\" data-title=\"8\u00ba curso multidisciplinar RCMM\" data-caption=\"\" href='https:\/\/www.realclubmaritimomelilla.es\/clmar\/mas-cuatrocientos-alumnos-pasado-este-verano-aula-nautica-del-club-maritimo\/8o-curso-multidisciplinar-rcmm\/'><img decoding=\"async\" width=\"150\" height=\"150\" src=\"https:\/\/www.realclubmaritimomelilla.es\/clmar\/wp-content\/uploads\/2018\/08\/8\u00ba-curso-multidisciplinar-RCMM-150x150.jpeg\" class=\"attachment-thumbnail size-thumbnail\" alt=\"\" srcset=\"https:\/\/www.realclubmaritimomelilla.es\/clmar\/wp-content\/uploads\/2018\/08\/8\u00ba-curso-multidisciplinar-RCMM-50x50.jpeg 50w, https:\/\/www.realclubmaritimomelilla.es\/clmar\/wp-content\/uploads\/2018\/08\/8\u00ba-curso-multidisciplinar-RCMM-66x66.jpeg 66w, https:\/\/www.realclubmaritimomelilla.es\/clmar\/wp-content\/uploads\/2018\/08\/8\u00ba-curso-multidisciplinar-RCMM-150x150.jpeg 150w, https:\/\/www.realclubmaritimomelilla.es\/clmar\/wp-content\/uploads\/2018\/08\/8\u00ba-curso-multidisciplinar-RCMM-300x300.jpeg 300w\" sizes=\"(max-width: 150px) 100vw, 150px\" \/><\/a>\n\t\t\t<\/dt><\/dl>\n\t\t\t<br style='clear: both' \/>\n\t\t<\/div>\n\n<\/div>\n<\/div>\n","protected":false},"excerpt":{"rendered":"<p>Esta semana el Club Mar\u00edtimo ha retomado su agenda de actividades de su Aula N\u00e1utica con el desarrollo del octavo curso multidisciplinar de este verano. Los\u00a0cursos\u00a0de verano 2018 comenzaron el 25 de junio y se prolongar\u00e1n hasta principios de septiembre, cuando se d\u00e9 por concluida un nuevo a\u00f1o lleno de actividades en el periodo estival. [&hellip;]<\/p>\n","protected":false},"author":1,"featured_media":13890,"comment_status":"open","ping_status":"open","sticky":false,"template":"","format":"standard","meta":{"_acf_changed":false,"footnotes":""},"categories":[40,38],"tags":[],"class_list":["post-13880","post","type-post","status-publish","format-standard","has-post-thumbnail","hentry","category-club","category-nautica"],"acf":[],"yoast_head":"<!-- This site is optimized with the Yoast SEO plugin v27.5 - https:\/\/yoast.com\/product\/yoast-seo-wordpress\/ -->\n<title>M\u00e1s de cuatrocientos alumnos han pasado este verano por el Aula N\u00e1utica del Club Mar\u00edtimo - Real Club Mar\u00edtimo de Melilla<\/title>\n<meta name=\"description\" content=\"M\u00e1s de cuatrocientos alumnos han pasado este verano por el Aula N\u00e1utica del Club Mar\u00edtimo -\" \/>\n<meta name=\"robots\" content=\"index, follow, max-snippet:-1, max-image-preview:large, max-video-preview:-1\" \/>\n<link rel=\"canonical\" href=\"https:\/\/www.realclubmaritimomelilla.es\/clmar\/mas-cuatrocientos-alumnos-pasado-este-verano-aula-nautica-del-club-maritimo\/\" \/>\n<meta property=\"og:locale\" content=\"es_ES\" \/>\n<meta property=\"og:type\" content=\"article\" \/>\n<meta property=\"og:title\" content=\"M\u00e1s de cuatrocientos alumnos han pasado este verano por el Aula N\u00e1utica del Club Mar\u00edtimo - Real Club Mar\u00edtimo de Melilla\" \/>\n<meta property=\"og:description\" content=\"M\u00e1s de cuatrocientos alumnos han pasado este verano por el Aula N\u00e1utica del Club Mar\u00edtimo -\" \/>\n<meta property=\"og:url\" content=\"https:\/\/www.realclubmaritimomelilla.es\/clmar\/mas-cuatrocientos-alumnos-pasado-este-verano-aula-nautica-del-club-maritimo\/\" \/>\n<meta property=\"og:site_name\" content=\"Real Club Mar\u00edtimo de Melilla\" \/>\n<meta property=\"article:publisher\" content=\"https:\/\/www.facebook.com\/Real-Club-Mar%c3%adtimo-de-Melilla-588495841234214\/\" \/>\n<meta property=\"article:published_time\" content=\"2018-08-29T06:44:23+00:00\" \/>\n<meta property=\"og:image\" content=\"https:\/\/www.realclubmaritimomelilla.es\/clmar\/wp-content\/uploads\/2018\/08\/8\u00ba-curso-multidisciplinar-RCMM.jpeg\" \/>\n\t<meta property=\"og:image:width\" content=\"1600\" \/>\n\t<meta property=\"og:image:height\" content=\"1200\" \/>\n\t<meta property=\"og:image:type\" content=\"image\/jpeg\" \/>\n<meta name=\"author\" content=\"RCMMelilla\" \/>\n<meta name=\"twitter:card\" content=\"summary_large_image\" \/>\n<meta name=\"twitter:creator\" content=\"@nauticarcmm\" \/>\n<meta name=\"twitter:site\" content=\"@nauticarcmm\" \/>\n<meta name=\"twitter:label1\" content=\"Escrito por\" \/>\n\t<meta name=\"twitter:data1\" content=\"RCMMelilla\" \/>\n\t<meta name=\"twitter:label2\" content=\"Tiempo de lectura\" \/>\n\t<meta name=\"twitter:data2\" content=\"2 minutos\" \/>\n<script type=\"application\/ld+json\" class=\"yoast-schema-graph\">{\"@context\":\"https:\\\/\\\/schema.org\",\"@graph\":[{\"@type\":\"Article\",\"@id\":\"https:\\\/\\\/www.realclubmaritimomelilla.es\\\/clmar\\\/mas-cuatrocientos-alumnos-pasado-este-verano-aula-nautica-del-club-maritimo\\\/#article\",\"isPartOf\":{\"@id\":\"https:\\\/\\\/www.realclubmaritimomelilla.es\\\/clmar\\\/mas-cuatrocientos-alumnos-pasado-este-verano-aula-nautica-del-club-maritimo\\\/\"},\"author\":{\"name\":\"RCMMelilla\",\"@id\":\"https:\\\/\\\/www.realclubmaritimomelilla.es\\\/clmar\\\/#\\\/schema\\\/person\\\/ebaa3713496dc6d48c872452e73a8e79\"},\"headline\":\"M\u00e1s de cuatrocientos alumnos han pasado este verano por el Aula N\u00e1utica del Club Mar\u00edtimo\",\"datePublished\":\"2018-08-29T06:44:23+00:00\",\"mainEntityOfPage\":{\"@id\":\"https:\\\/\\\/www.realclubmaritimomelilla.es\\\/clmar\\\/mas-cuatrocientos-alumnos-pasado-este-verano-aula-nautica-del-club-maritimo\\\/\"},\"wordCount\":338,\"commentCount\":0,\"publisher\":{\"@id\":\"https:\\\/\\\/www.realclubmaritimomelilla.es\\\/clmar\\\/#organization\"},\"image\":{\"@id\":\"https:\\\/\\\/www.realclubmaritimomelilla.es\\\/clmar\\\/mas-cuatrocientos-alumnos-pasado-este-verano-aula-nautica-del-club-maritimo\\\/#primaryimage\"},\"thumbnailUrl\":\"https:\\\/\\\/www.realclubmaritimomelilla.es\\\/clmar\\\/wp-content\\\/uploads\\\/2018\\\/08\\\/8\u00ba-curso-multidisciplinar-RCMM.jpeg\",\"articleSection\":[\"Club\",\"N\u00e1utica\"],\"inLanguage\":\"es\",\"potentialAction\":[{\"@type\":\"CommentAction\",\"name\":\"Comment\",\"target\":[\"https:\\\/\\\/www.realclubmaritimomelilla.es\\\/clmar\\\/mas-cuatrocientos-alumnos-pasado-este-verano-aula-nautica-del-club-maritimo\\\/#respond\"]}]},{\"@type\":\"WebPage\",\"@id\":\"https:\\\/\\\/www.realclubmaritimomelilla.es\\\/clmar\\\/mas-cuatrocientos-alumnos-pasado-este-verano-aula-nautica-del-club-maritimo\\\/\",\"url\":\"https:\\\/\\\/www.realclubmaritimomelilla.es\\\/clmar\\\/mas-cuatrocientos-alumnos-pasado-este-verano-aula-nautica-del-club-maritimo\\\/\",\"name\":\"M\u00e1s de cuatrocientos alumnos han pasado este verano por el Aula N\u00e1utica del Club Mar\u00edtimo - Real Club Mar\u00edtimo de Melilla\",\"isPartOf\":{\"@id\":\"https:\\\/\\\/www.realclubmaritimomelilla.es\\\/clmar\\\/#website\"},\"primaryImageOfPage\":{\"@id\":\"https:\\\/\\\/www.realclubmaritimomelilla.es\\\/clmar\\\/mas-cuatrocientos-alumnos-pasado-este-verano-aula-nautica-del-club-maritimo\\\/#primaryimage\"},\"image\":{\"@id\":\"https:\\\/\\\/www.realclubmaritimomelilla.es\\\/clmar\\\/mas-cuatrocientos-alumnos-pasado-este-verano-aula-nautica-del-club-maritimo\\\/#primaryimage\"},\"thumbnailUrl\":\"https:\\\/\\\/www.realclubmaritimomelilla.es\\\/clmar\\\/wp-content\\\/uploads\\\/2018\\\/08\\\/8\u00ba-curso-multidisciplinar-RCMM.jpeg\",\"datePublished\":\"2018-08-29T06:44:23+00:00\",\"description\":\"M\u00e1s de cuatrocientos alumnos han pasado este verano por el Aula N\u00e1utica del Club Mar\u00edtimo -\",\"breadcrumb\":{\"@id\":\"https:\\\/\\\/www.realclubmaritimomelilla.es\\\/clmar\\\/mas-cuatrocientos-alumnos-pasado-este-verano-aula-nautica-del-club-maritimo\\\/#breadcrumb\"},\"inLanguage\":\"es\",\"potentialAction\":[{\"@type\":\"ReadAction\",\"target\":[\"https:\\\/\\\/www.realclubmaritimomelilla.es\\\/clmar\\\/mas-cuatrocientos-alumnos-pasado-este-verano-aula-nautica-del-club-maritimo\\\/\"]}]},{\"@type\":\"ImageObject\",\"inLanguage\":\"es\",\"@id\":\"https:\\\/\\\/www.realclubmaritimomelilla.es\\\/clmar\\\/mas-cuatrocientos-alumnos-pasado-este-verano-aula-nautica-del-club-maritimo\\\/#primaryimage\",\"url\":\"https:\\\/\\\/www.realclubmaritimomelilla.es\\\/clmar\\\/wp-content\\\/uploads\\\/2018\\\/08\\\/8\u00ba-curso-multidisciplinar-RCMM.jpeg\",\"contentUrl\":\"https:\\\/\\\/www.realclubmaritimomelilla.es\\\/clmar\\\/wp-content\\\/uploads\\\/2018\\\/08\\\/8\u00ba-curso-multidisciplinar-RCMM.jpeg\",\"width\":1600,\"height\":1200},{\"@type\":\"BreadcrumbList\",\"@id\":\"https:\\\/\\\/www.realclubmaritimomelilla.es\\\/clmar\\\/mas-cuatrocientos-alumnos-pasado-este-verano-aula-nautica-del-club-maritimo\\\/#breadcrumb\",\"itemListElement\":[{\"@type\":\"ListItem\",\"position\":1,\"name\":\"Portada\",\"item\":\"https:\\\/\\\/www.realclubmaritimomelilla.es\\\/clmar\\\/\"},{\"@type\":\"ListItem\",\"position\":2,\"name\":\"M\u00e1s de cuatrocientos alumnos han pasado este verano por el Aula N\u00e1utica del Club Mar\u00edtimo\"}]},{\"@type\":\"WebSite\",\"@id\":\"https:\\\/\\\/www.realclubmaritimomelilla.es\\\/clmar\\\/#website\",\"url\":\"https:\\\/\\\/www.realclubmaritimomelilla.es\\\/clmar\\\/\",\"name\":\"Real Club Mar\u00edtimo de Melilla\",\"description\":\"RCMM\",\"publisher\":{\"@id\":\"https:\\\/\\\/www.realclubmaritimomelilla.es\\\/clmar\\\/#organization\"},\"alternateName\":\"RCMM\",\"potentialAction\":[{\"@type\":\"SearchAction\",\"target\":{\"@type\":\"EntryPoint\",\"urlTemplate\":\"https:\\\/\\\/www.realclubmaritimomelilla.es\\\/clmar\\\/?s={search_term_string}\"},\"query-input\":{\"@type\":\"PropertyValueSpecification\",\"valueRequired\":true,\"valueName\":\"search_term_string\"}}],\"inLanguage\":\"es\"},{\"@type\":\"Organization\",\"@id\":\"https:\\\/\\\/www.realclubmaritimomelilla.es\\\/clmar\\\/#organization\",\"name\":\"Real Club Mar\u00edtimo de Melilla\",\"alternateName\":\"RCMM\",\"url\":\"https:\\\/\\\/www.realclubmaritimomelilla.es\\\/clmar\\\/\",\"logo\":{\"@type\":\"ImageObject\",\"inLanguage\":\"es\",\"@id\":\"https:\\\/\\\/www.realclubmaritimomelilla.es\\\/clmar\\\/#\\\/schema\\\/logo\\\/image\\\/\",\"url\":\"https:\\\/\\\/www.realclubmaritimomelilla.es\\\/clmar\\\/wp-content\\\/uploads\\\/logo-club-original-copia.jpg\",\"contentUrl\":\"https:\\\/\\\/www.realclubmaritimomelilla.es\\\/clmar\\\/wp-content\\\/uploads\\\/logo-club-original-copia.jpg\",\"width\":128,\"height\":89,\"caption\":\"Real Club Mar\u00edtimo de Melilla\"},\"image\":{\"@id\":\"https:\\\/\\\/www.realclubmaritimomelilla.es\\\/clmar\\\/#\\\/schema\\\/logo\\\/image\\\/\"},\"sameAs\":[\"https:\\\/\\\/www.facebook.com\\\/Real-Club-Mar\u00edtimo-de-Melilla-588495841234214\\\/\",\"https:\\\/\\\/x.com\\\/nauticarcmm\",\"https:\\\/\\\/www.instagram.com\\\/club_maritimo_melilla\\\/\",\"https:\\\/\\\/www.youtube.com\\\/@realclubmaritimodemelilla4703\",\"https:\\\/\\\/es.wikipedia.org\\\/wiki\\\/Real_Club_Mar\u00edtimo_de_Melilla\"]},{\"@type\":\"Person\",\"@id\":\"https:\\\/\\\/www.realclubmaritimomelilla.es\\\/clmar\\\/#\\\/schema\\\/person\\\/ebaa3713496dc6d48c872452e73a8e79\",\"name\":\"RCMMelilla\",\"image\":{\"@type\":\"ImageObject\",\"inLanguage\":\"es\",\"@id\":\"https:\\\/\\\/secure.gravatar.com\\\/avatar\\\/df1c24789360fb9308735c4ee556fc2bc5bf924bf01e53043b8b97ba272da33c?s=96&d=mm&r=g\",\"url\":\"https:\\\/\\\/secure.gravatar.com\\\/avatar\\\/df1c24789360fb9308735c4ee556fc2bc5bf924bf01e53043b8b97ba272da33c?s=96&d=mm&r=g\",\"contentUrl\":\"https:\\\/\\\/secure.gravatar.com\\\/avatar\\\/df1c24789360fb9308735c4ee556fc2bc5bf924bf01e53043b8b97ba272da33c?s=96&d=mm&r=g\",\"caption\":\"RCMMelilla\"}}]}<\/script>\n<!-- \/ Yoast SEO plugin. -->","yoast_head_json":{"title":"M\u00e1s de cuatrocientos alumnos han pasado este verano por el Aula N\u00e1utica del Club Mar\u00edtimo - Real Club Mar\u00edtimo de Melilla","description":"M\u00e1s de cuatrocientos alumnos han pasado este verano por el Aula N\u00e1utica del Club Mar\u00edtimo -","robots":{"index":"index","follow":"follow","max-snippet":"max-snippet:-1","max-image-preview":"max-image-preview:large","max-video-preview":"max-video-preview:-1"},"canonical":"https:\/\/www.realclubmaritimomelilla.es\/clmar\/mas-cuatrocientos-alumnos-pasado-este-verano-aula-nautica-del-club-maritimo\/","og_locale":"es_ES","og_type":"article","og_title":"M\u00e1s de cuatrocientos alumnos han pasado este verano por el Aula N\u00e1utica del Club Mar\u00edtimo - Real Club Mar\u00edtimo de Melilla","og_description":"M\u00e1s de cuatrocientos alumnos han pasado este verano por el Aula N\u00e1utica del Club Mar\u00edtimo -","og_url":"https:\/\/www.realclubmaritimomelilla.es\/clmar\/mas-cuatrocientos-alumnos-pasado-este-verano-aula-nautica-del-club-maritimo\/","og_site_name":"Real Club Mar\u00edtimo de Melilla","article_publisher":"https:\/\/www.facebook.com\/Real-Club-Mar%c3%adtimo-de-Melilla-588495841234214\/","article_published_time":"2018-08-29T06:44:23+00:00","og_image":[{"width":1600,"height":1200,"url":"https:\/\/www.realclubmaritimomelilla.es\/clmar\/wp-content\/uploads\/2018\/08\/8\u00ba-curso-multidisciplinar-RCMM.jpeg","type":"image\/jpeg"}],"author":"RCMMelilla","twitter_card":"summary_large_image","twitter_creator":"@nauticarcmm","twitter_site":"@nauticarcmm","twitter_misc":{"Escrito por":"RCMMelilla","Tiempo de lectura":"2 minutos"},"schema":{"@context":"https:\/\/schema.org","@graph":[{"@type":"Article","@id":"https:\/\/www.realclubmaritimomelilla.es\/clmar\/mas-cuatrocientos-alumnos-pasado-este-verano-aula-nautica-del-club-maritimo\/#article","isPartOf":{"@id":"https:\/\/www.realclubmaritimomelilla.es\/clmar\/mas-cuatrocientos-alumnos-pasado-este-verano-aula-nautica-del-club-maritimo\/"},"author":{"name":"RCMMelilla","@id":"https:\/\/www.realclubmaritimomelilla.es\/clmar\/#\/schema\/person\/ebaa3713496dc6d48c872452e73a8e79"},"headline":"M\u00e1s de cuatrocientos alumnos han pasado este verano por el Aula N\u00e1utica del Club Mar\u00edtimo","datePublished":"2018-08-29T06:44:23+00:00","mainEntityOfPage":{"@id":"https:\/\/www.realclubmaritimomelilla.es\/clmar\/mas-cuatrocientos-alumnos-pasado-este-verano-aula-nautica-del-club-maritimo\/"},"wordCount":338,"commentCount":0,"publisher":{"@id":"https:\/\/www.realclubmaritimomelilla.es\/clmar\/#organization"},"image":{"@id":"https:\/\/www.realclubmaritimomelilla.es\/clmar\/mas-cuatrocientos-alumnos-pasado-este-verano-aula-nautica-del-club-maritimo\/#primaryimage"},"thumbnailUrl":"https:\/\/www.realclubmaritimomelilla.es\/clmar\/wp-content\/uploads\/2018\/08\/8\u00ba-curso-multidisciplinar-RCMM.jpeg","articleSection":["Club","N\u00e1utica"],"inLanguage":"es","potentialAction":[{"@type":"CommentAction","name":"Comment","target":["https:\/\/www.realclubmaritimomelilla.es\/clmar\/mas-cuatrocientos-alumnos-pasado-este-verano-aula-nautica-del-club-maritimo\/#respond"]}]},{"@type":"WebPage","@id":"https:\/\/www.realclubmaritimomelilla.es\/clmar\/mas-cuatrocientos-alumnos-pasado-este-verano-aula-nautica-del-club-maritimo\/","url":"https:\/\/www.realclubmaritimomelilla.es\/clmar\/mas-cuatrocientos-alumnos-pasado-este-verano-aula-nautica-del-club-maritimo\/","name":"M\u00e1s de cuatrocientos alumnos han pasado este verano por el Aula N\u00e1utica del Club Mar\u00edtimo - Real Club Mar\u00edtimo de Melilla","isPartOf":{"@id":"https:\/\/www.realclubmaritimomelilla.es\/clmar\/#website"},"primaryImageOfPage":{"@id":"https:\/\/www.realclubmaritimomelilla.es\/clmar\/mas-cuatrocientos-alumnos-pasado-este-verano-aula-nautica-del-club-maritimo\/#primaryimage"},"image":{"@id":"https:\/\/www.realclubmaritimomelilla.es\/clmar\/mas-cuatrocientos-alumnos-pasado-este-verano-aula-nautica-del-club-maritimo\/#primaryimage"},"thumbnailUrl":"https:\/\/www.realclubmaritimomelilla.es\/clmar\/wp-content\/uploads\/2018\/08\/8\u00ba-curso-multidisciplinar-RCMM.jpeg","datePublished":"2018-08-29T06:44:23+00:00","description":"M\u00e1s de cuatrocientos alumnos han pasado este verano por el Aula N\u00e1utica del Club Mar\u00edtimo -","breadcrumb":{"@id":"https:\/\/www.realclubmaritimomelilla.es\/clmar\/mas-cuatrocientos-alumnos-pasado-este-verano-aula-nautica-del-club-maritimo\/#breadcrumb"},"inLanguage":"es","potentialAction":[{"@type":"ReadAction","target":["https:\/\/www.realclubmaritimomelilla.es\/clmar\/mas-cuatrocientos-alumnos-pasado-este-verano-aula-nautica-del-club-maritimo\/"]}]},{"@type":"ImageObject","inLanguage":"es","@id":"https:\/\/www.realclubmaritimomelilla.es\/clmar\/mas-cuatrocientos-alumnos-pasado-este-verano-aula-nautica-del-club-maritimo\/#primaryimage","url":"https:\/\/www.realclubmaritimomelilla.es\/clmar\/wp-content\/uploads\/2018\/08\/8\u00ba-curso-multidisciplinar-RCMM.jpeg","contentUrl":"https:\/\/www.realclubmaritimomelilla.es\/clmar\/wp-content\/uploads\/2018\/08\/8\u00ba-curso-multidisciplinar-RCMM.jpeg","width":1600,"height":1200},{"@type":"BreadcrumbList","@id":"https:\/\/www.realclubmaritimomelilla.es\/clmar\/mas-cuatrocientos-alumnos-pasado-este-verano-aula-nautica-del-club-maritimo\/#breadcrumb","itemListElement":[{"@type":"ListItem","position":1,"name":"Portada","item":"https:\/\/www.realclubmaritimomelilla.es\/clmar\/"},{"@type":"ListItem","position":2,"name":"M\u00e1s de cuatrocientos alumnos han pasado este verano por el Aula N\u00e1utica del Club Mar\u00edtimo"}]},{"@type":"WebSite","@id":"https:\/\/www.realclubmaritimomelilla.es\/clmar\/#website","url":"https:\/\/www.realclubmaritimomelilla.es\/clmar\/","name":"Real Club Mar\u00edtimo de Melilla","description":"RCMM","publisher":{"@id":"https:\/\/www.realclubmaritimomelilla.es\/clmar\/#organization"},"alternateName":"RCMM","potentialAction":[{"@type":"SearchAction","target":{"@type":"EntryPoint","urlTemplate":"https:\/\/www.realclubmaritimomelilla.es\/clmar\/?s={search_term_string}"},"query-input":{"@type":"PropertyValueSpecification","valueRequired":true,"valueName":"search_term_string"}}],"inLanguage":"es"},{"@type":"Organization","@id":"https:\/\/www.realclubmaritimomelilla.es\/clmar\/#organization","name":"Real Club Mar\u00edtimo de Melilla","alternateName":"RCMM","url":"https:\/\/www.realclubmaritimomelilla.es\/clmar\/","logo":{"@type":"ImageObject","inLanguage":"es","@id":"https:\/\/www.realclubmaritimomelilla.es\/clmar\/#\/schema\/logo\/image\/","url":"https:\/\/www.realclubmaritimomelilla.es\/clmar\/wp-content\/uploads\/logo-club-original-copia.jpg","contentUrl":"https:\/\/www.realclubmaritimomelilla.es\/clmar\/wp-content\/uploads\/logo-club-original-copia.jpg","width":128,"height":89,"caption":"Real Club Mar\u00edtimo de Melilla"},"image":{"@id":"https:\/\/www.realclubmaritimomelilla.es\/clmar\/#\/schema\/logo\/image\/"},"sameAs":["https:\/\/www.facebook.com\/Real-Club-Mar\u00edtimo-de-Melilla-588495841234214\/","https:\/\/x.com\/nauticarcmm","https:\/\/www.instagram.com\/club_maritimo_melilla\/","https:\/\/www.youtube.com\/@realclubmaritimodemelilla4703","https:\/\/es.wikipedia.org\/wiki\/Real_Club_Mar\u00edtimo_de_Melilla"]},{"@type":"Person","@id":"https:\/\/www.realclubmaritimomelilla.es\/clmar\/#\/schema\/person\/ebaa3713496dc6d48c872452e73a8e79","name":"RCMMelilla","image":{"@type":"ImageObject","inLanguage":"es","@id":"https:\/\/secure.gravatar.com\/avatar\/df1c24789360fb9308735c4ee556fc2bc5bf924bf01e53043b8b97ba272da33c?s=96&d=mm&r=g","url":"https:\/\/secure.gravatar.com\/avatar\/df1c24789360fb9308735c4ee556fc2bc5bf924bf01e53043b8b97ba272da33c?s=96&d=mm&r=g","contentUrl":"https:\/\/secure.gravatar.com\/avatar\/df1c24789360fb9308735c4ee556fc2bc5bf924bf01e53043b8b97ba272da33c?s=96&d=mm&r=g","caption":"RCMMelilla"}}]}},"_links":{"self":[{"href":"https:\/\/www.realclubmaritimomelilla.es\/clmar\/wp-json\/wp\/v2\/posts\/13880","targetHints":{"allow":["GET"]}}],"collection":[{"href":"https:\/\/www.realclubmaritimomelilla.es\/clmar\/wp-json\/wp\/v2\/posts"}],"about":[{"href":"https:\/\/www.realclubmaritimomelilla.es\/clmar\/wp-json\/wp\/v2\/types\/post"}],"author":[{"embeddable":true,"href":"https:\/\/www.realclubmaritimomelilla.es\/clmar\/wp-json\/wp\/v2\/users\/1"}],"replies":[{"embeddable":true,"href":"https:\/\/www.realclubmaritimomelilla.es\/clmar\/wp-json\/wp\/v2\/comments?post=13880"}],"version-history":[{"count":1,"href":"https:\/\/www.realclubmaritimomelilla.es\/clmar\/wp-json\/wp\/v2\/posts\/13880\/revisions"}],"predecessor-version":[{"id":13891,"href":"https:\/\/www.realclubmaritimomelilla.es\/clmar\/wp-json\/wp\/v2\/posts\/13880\/revisions\/13891"}],"wp:featuredmedia":[{"embeddable":true,"href":"https:\/\/www.realclubmaritimomelilla.es\/clmar\/wp-json\/wp\/v2\/media\/13890"}],"wp:attachment":[{"href":"https:\/\/www.realclubmaritimomelilla.es\/clmar\/wp-json\/wp\/v2\/media?parent=13880"}],"wp:term":[{"taxonomy":"category","embeddable":true,"href":"https:\/\/www.realclubmaritimomelilla.es\/clmar\/wp-json\/wp\/v2\/categories?post=13880"},{"taxonomy":"post_tag","embeddable":true,"href":"https:\/\/www.realclubmaritimomelilla.es\/clmar\/wp-json\/wp\/v2\/tags?post=13880"}],"curies":[{"name":"wp","href":"https:\/\/api.w.org\/{rel}","templated":true}]}}