{"id":13860,"date":"2018-08-04T19:18:09","date_gmt":"2018-08-04T19:18:09","guid":{"rendered":"http:\/\/www.clubmaritimomelilla.es\/clmar\/?p=13860"},"modified":"2021-07-20T11:38:59","modified_gmt":"2021-07-20T09:38:59","slug":"la-semana-nautica-ciudad-melilla-vela-ligera-corona-campeones","status":"publish","type":"post","link":"https:\/\/www.realclubmaritimomelilla.es\/clmar\/la-semana-nautica-ciudad-melilla-vela-ligera-corona-campeones\/","title":{"rendered":"LA SEMANA N\u00c1UTICA CIUDAD DE MELILLA DE VELA LIGERA CORONA A SUS CAMPEONES"},"content":{"rendered":"<div class=\"fusion-fullwidth fullwidth-box fusion-builder-row-1 hundred-percent-fullwidth non-hundred-percent-height-scrolling\" style=\"background-color: #ffffff;background-position: center center;background-repeat: no-repeat;padding-top:0px;padding-right:0px;padding-bottom:0px;padding-left:0px;margin-bottom: 0px;margin-top: 0px;border-width: 0px 0px 0px 0px;border-color:#eae9e9;border-style:solid;\" ><div class=\"fusion-builder-row fusion-row\"><div class=\"fusion-layout-column fusion_builder_column fusion-builder-column-0 fusion_builder_column_1_1 1_1 fusion-one-full fusion-column-first fusion-column-last fusion-column-no-min-height\" style=\"margin-top:0px;margin-bottom:0px;\"><div class=\"fusion-column-wrapper fusion-flex-column-wrapper-legacy\" style=\"background-position:left top;background-repeat:no-repeat;-webkit-background-size:cover;-moz-background-size:cover;-o-background-size:cover;background-size:cover;padding: 0px 0px 0px 0px;\">\n\t\t<style type=\"text\/css\">\n\t\t\t#gallery-1 {\n\t\t\t\tmargin: auto;\n\t\t\t}\n\t\t\t#gallery-1 .gallery-item {\n\t\t\t\tfloat: left;\n\t\t\t\tmargin-top: 10px;\n\t\t\t\ttext-align: center;\n\t\t\t\twidth: 33%;\n\t\t\t}\n\t\t\t#gallery-1 img {\n\t\t\t\tborder: 2px solid #cfcfcf;\n\t\t\t}\n\t\t\t#gallery-1 .gallery-caption {\n\t\t\t\tmargin-left: 0;\n\t\t\t}\n\t\t\t\/* see gallery_shortcode() in wp-includes\/media.php *\/\n\t\t<\/style>\n\t\t<div id='gallery-1' class='gallery galleryid-13860 gallery-columns-3 gallery-size-large'><dl class='gallery-item'>\n\t\t\t<dt class='gallery-icon landscape'>\n\t\t\t\t<a data-rel=\"iLightbox[postimages]\" data-title=\"podio optimist sub11 copia\" data-caption=\"\" href='https:\/\/www.realclubmaritimomelilla.es\/clmar\/la-semana-nautica-ciudad-melilla-vela-ligera-corona-campeones\/podio-optimist-sub11-copia\/'><img decoding=\"async\" width=\"1024\" height=\"662\" src=\"https:\/\/www.realclubmaritimomelilla.es\/clmar\/wp-content\/uploads\/2018\/08\/podio-optimist-sub11-copia-1024x662.jpg\" class=\"attachment-large size-large\" alt=\"\" srcset=\"https:\/\/www.realclubmaritimomelilla.es\/clmar\/wp-content\/uploads\/2018\/08\/podio-optimist-sub11-copia-300x194.jpg 300w, https:\/\/www.realclubmaritimomelilla.es\/clmar\/wp-content\/uploads\/2018\/08\/podio-optimist-sub11-copia-scaled-600x388.jpg 600w, https:\/\/www.realclubmaritimomelilla.es\/clmar\/wp-content\/uploads\/2018\/08\/podio-optimist-sub11-copia-768x497.jpg 768w, https:\/\/www.realclubmaritimomelilla.es\/clmar\/wp-content\/uploads\/2018\/08\/podio-optimist-sub11-copia-1024x662.jpg 1024w\" sizes=\"(max-width: 1024px) 100vw, 1024px\" \/><\/a>\n\t\t\t<\/dt><\/dl><dl class='gallery-item'>\n\t\t\t<dt class='gallery-icon landscape'>\n\t\t\t\t<a data-rel=\"iLightbox[postimages]\" data-title=\"podio optimist general copia\" data-caption=\"\" href='https:\/\/www.realclubmaritimomelilla.es\/clmar\/la-semana-nautica-ciudad-melilla-vela-ligera-corona-campeones\/podio-optimist-general-copia\/'><img decoding=\"async\" width=\"1024\" height=\"730\" src=\"https:\/\/www.realclubmaritimomelilla.es\/clmar\/wp-content\/uploads\/2018\/08\/podio-optimist-general-copia-1024x730.jpg\" class=\"attachment-large size-large\" alt=\"\" srcset=\"https:\/\/www.realclubmaritimomelilla.es\/clmar\/wp-content\/uploads\/2018\/08\/podio-optimist-general-copia-300x214.jpg 300w, https:\/\/www.realclubmaritimomelilla.es\/clmar\/wp-content\/uploads\/2018\/08\/podio-optimist-general-copia-scaled-600x428.jpg 600w, https:\/\/www.realclubmaritimomelilla.es\/clmar\/wp-content\/uploads\/2018\/08\/podio-optimist-general-copia-768x548.jpg 768w, https:\/\/www.realclubmaritimomelilla.es\/clmar\/wp-content\/uploads\/2018\/08\/podio-optimist-general-copia-1024x730.jpg 1024w\" sizes=\"(max-width: 1024px) 100vw, 1024px\" \/><\/a>\n\t\t\t<\/dt><\/dl><dl class='gallery-item'>\n\t\t\t<dt class='gallery-icon landscape'>\n\t\t\t\t<a data-rel=\"iLightbox[postimages]\" data-title=\"podio laser 4.7 copia\" data-caption=\"\" href='https:\/\/www.realclubmaritimomelilla.es\/clmar\/la-semana-nautica-ciudad-melilla-vela-ligera-corona-campeones\/podio-laser-4-7-copia\/'><img decoding=\"async\" width=\"1024\" height=\"693\" src=\"https:\/\/www.realclubmaritimomelilla.es\/clmar\/wp-content\/uploads\/2018\/08\/podio-laser-4.7-copia-1024x693.jpg\" class=\"attachment-large size-large\" alt=\"\" srcset=\"https:\/\/www.realclubmaritimomelilla.es\/clmar\/wp-content\/uploads\/2018\/08\/podio-laser-4.7-copia-300x203.jpg 300w, https:\/\/www.realclubmaritimomelilla.es\/clmar\/wp-content\/uploads\/2018\/08\/podio-laser-4.7-copia-scaled-600x406.jpg 600w, https:\/\/www.realclubmaritimomelilla.es\/clmar\/wp-content\/uploads\/2018\/08\/podio-laser-4.7-copia-768x520.jpg 768w, https:\/\/www.realclubmaritimomelilla.es\/clmar\/wp-content\/uploads\/2018\/08\/podio-laser-4.7-copia-1024x693.jpg 1024w\" sizes=\"(max-width: 1024px) 100vw, 1024px\" \/><\/a>\n\t\t\t<\/dt><\/dl><br style=\"clear: both\" \/><dl class='gallery-item'>\n\t\t\t<dt class='gallery-icon portrait'>\n\t\t\t\t<a data-rel=\"iLightbox[postimages]\" data-title=\"podio raceboard copia\" data-caption=\"\" href='https:\/\/www.realclubmaritimomelilla.es\/clmar\/la-semana-nautica-ciudad-melilla-vela-ligera-corona-campeones\/podio-raceboard-copia\/'><img decoding=\"async\" width=\"777\" height=\"1024\" src=\"https:\/\/www.realclubmaritimomelilla.es\/clmar\/wp-content\/uploads\/2018\/08\/podio-raceboard-copia-777x1024.jpg\" class=\"attachment-large size-large\" alt=\"\" srcset=\"https:\/\/www.realclubmaritimomelilla.es\/clmar\/wp-content\/uploads\/2018\/08\/podio-raceboard-copia-228x300.jpg 228w, https:\/\/www.realclubmaritimomelilla.es\/clmar\/wp-content\/uploads\/2018\/08\/podio-raceboard-copia-scaled-600x791.jpg 600w, https:\/\/www.realclubmaritimomelilla.es\/clmar\/wp-content\/uploads\/2018\/08\/podio-raceboard-copia-768x1013.jpg 768w, https:\/\/www.realclubmaritimomelilla.es\/clmar\/wp-content\/uploads\/2018\/08\/podio-raceboard-copia-777x1024.jpg 777w\" sizes=\"(max-width: 777px) 100vw, 777px\" \/><\/a>\n\t\t\t<\/dt><\/dl><dl class='gallery-item'>\n\t\t\t<dt class='gallery-icon landscape'>\n\t\t\t\t<a data-rel=\"iLightbox[postimages]\" data-title=\"podio techno copia\" data-caption=\"\" href='https:\/\/www.realclubmaritimomelilla.es\/clmar\/la-semana-nautica-ciudad-melilla-vela-ligera-corona-campeones\/podio-techno-copia\/'><img decoding=\"async\" width=\"1024\" height=\"727\" src=\"https:\/\/www.realclubmaritimomelilla.es\/clmar\/wp-content\/uploads\/2018\/08\/podio-techno-copia-1024x727.jpg\" class=\"attachment-large size-large\" alt=\"\" srcset=\"https:\/\/www.realclubmaritimomelilla.es\/clmar\/wp-content\/uploads\/2018\/08\/podio-techno-copia-300x214.jpg 300w, https:\/\/www.realclubmaritimomelilla.es\/clmar\/wp-content\/uploads\/2018\/08\/podio-techno-copia-scaled-600x426.jpg 600w, https:\/\/www.realclubmaritimomelilla.es\/clmar\/wp-content\/uploads\/2018\/08\/podio-techno-copia-768x545.jpg 768w, https:\/\/www.realclubmaritimomelilla.es\/clmar\/wp-content\/uploads\/2018\/08\/podio-techno-copia-1024x727.jpg 1024w\" sizes=\"(max-width: 1024px) 100vw, 1024px\" \/><\/a>\n\t\t\t<\/dt><\/dl><dl class='gallery-item'>\n\t\t\t<dt class='gallery-icon landscape'>\n\t\t\t\t<a data-rel=\"iLightbox[postimages]\" data-title=\"podio laser radial copia\" data-caption=\"\" href='https:\/\/www.realclubmaritimomelilla.es\/clmar\/la-semana-nautica-ciudad-melilla-vela-ligera-corona-campeones\/podio-laser-radial-copia\/'><img decoding=\"async\" width=\"1024\" height=\"738\" src=\"https:\/\/www.realclubmaritimomelilla.es\/clmar\/wp-content\/uploads\/2018\/08\/podio-laser-radial-copia-1024x738.jpg\" class=\"attachment-large size-large\" alt=\"\" srcset=\"https:\/\/www.realclubmaritimomelilla.es\/clmar\/wp-content\/uploads\/2018\/08\/podio-laser-radial-copia-300x216.jpg 300w, https:\/\/www.realclubmaritimomelilla.es\/clmar\/wp-content\/uploads\/2018\/08\/podio-laser-radial-copia-scaled-600x432.jpg 600w, https:\/\/www.realclubmaritimomelilla.es\/clmar\/wp-content\/uploads\/2018\/08\/podio-laser-radial-copia-768x553.jpg 768w, https:\/\/www.realclubmaritimomelilla.es\/clmar\/wp-content\/uploads\/2018\/08\/podio-laser-radial-copia-1024x738.jpg 1024w\" sizes=\"(max-width: 1024px) 100vw, 1024px\" \/><\/a>\n\t\t\t<\/dt><\/dl><br style=\"clear: both\" \/><dl class='gallery-item'>\n\t\t\t<dt class='gallery-icon landscape'>\n\t\t\t\t<a data-rel=\"iLightbox[postimages]\" data-title=\"podio optimist sub13 copia\" data-caption=\"\" href='https:\/\/www.realclubmaritimomelilla.es\/clmar\/la-semana-nautica-ciudad-melilla-vela-ligera-corona-campeones\/podio-optimist-sub13-copia\/'><img decoding=\"async\" width=\"1024\" height=\"876\" src=\"https:\/\/www.realclubmaritimomelilla.es\/clmar\/wp-content\/uploads\/2018\/08\/podio-optimist-sub13-copia-1024x876.jpg\" class=\"attachment-large size-large\" alt=\"\" srcset=\"https:\/\/www.realclubmaritimomelilla.es\/clmar\/wp-content\/uploads\/2018\/08\/podio-optimist-sub13-copia-300x257.jpg 300w, https:\/\/www.realclubmaritimomelilla.es\/clmar\/wp-content\/uploads\/2018\/08\/podio-optimist-sub13-copia-scaled-600x514.jpg 600w, https:\/\/www.realclubmaritimomelilla.es\/clmar\/wp-content\/uploads\/2018\/08\/podio-optimist-sub13-copia-768x657.jpg 768w, https:\/\/www.realclubmaritimomelilla.es\/clmar\/wp-content\/uploads\/2018\/08\/podio-optimist-sub13-copia-1024x876.jpg 1024w\" sizes=\"(max-width: 1024px) 100vw, 1024px\" \/><\/a>\n\t\t\t<\/dt><\/dl><dl class='gallery-item'>\n\t\t\t<dt class='gallery-icon landscape'>\n\t\t\t\t<a data-rel=\"iLightbox[postimages]\" data-title=\"podio techno iniciaci\u00f3n copia\" data-caption=\"\" href='https:\/\/www.realclubmaritimomelilla.es\/clmar\/la-semana-nautica-ciudad-melilla-vela-ligera-corona-campeones\/podio-techno-iniciacion-copia\/'><img decoding=\"async\" width=\"1024\" height=\"796\" src=\"https:\/\/www.realclubmaritimomelilla.es\/clmar\/wp-content\/uploads\/2018\/08\/podio-techno-iniciaci\u00f3n-copia-1024x796.jpg\" class=\"attachment-large size-large\" alt=\"\" srcset=\"https:\/\/www.realclubmaritimomelilla.es\/clmar\/wp-content\/uploads\/2018\/08\/podio-techno-iniciaci\u00f3n-copia-300x233.jpg 300w, https:\/\/www.realclubmaritimomelilla.es\/clmar\/wp-content\/uploads\/2018\/08\/podio-techno-iniciaci\u00f3n-copia-scaled-600x467.jpg 600w, https:\/\/www.realclubmaritimomelilla.es\/clmar\/wp-content\/uploads\/2018\/08\/podio-techno-iniciaci\u00f3n-copia-768x597.jpg 768w, https:\/\/www.realclubmaritimomelilla.es\/clmar\/wp-content\/uploads\/2018\/08\/podio-techno-iniciaci\u00f3n-copia-1024x796.jpg 1024w\" sizes=\"(max-width: 1024px) 100vw, 1024px\" \/><\/a>\n\t\t\t<\/dt><\/dl>\n\t\t\t<br style='clear: both' \/>\n\t\t<\/div>\n\n<p>La VI Semana N\u00e1utica Ciudad de Melilla de vela ligera acaba de clausurarse en las instalaciones del Real Club Maritimo de Melilla, entidad organizadora de este evento junto a la Consejer\u00eda de Deportes.<\/p>\n<p>Un acto que ha comenzado con las palabras del consejero de Deportes, Antonio Miranda, dando la enhorabuena a los campeones y felicitando a todos los participantes &#8220;por lo bien que lo hab\u00e9is hecho&#8221;. Tambi\u00e9n, el vicepresidente del Club Mar\u00edtimo, Rafael Imbroda, ha subrayado &#8220;el \u00e9xito de participaci\u00f3n que hemos tenido este a\u00f1o, que en la pr\u00f3xima edici\u00f3n esperamos contar con todos vosotros e igualarlo como m\u00ednimo&#8221;.<\/p>\n<p>En la clausura de esta VI Semana N\u00e1utica de vela ligera tambi\u00e9n han participado \u00c1ngel Gonz\u00e1lez, general 2\u00ba Jefe Comgemel, Francisco Rodr\u00edguez, Comisario Principal de Melilla, Jer\u00f3nimo P\u00e9rez, vicepresidente Club Mar\u00edtimo, o Pilar Rodr\u00edguez, delegada en Melilla de Trasmediterranea, entre otras personalidades y responsables organizativos.<\/p>\n<p>Durante el acto se han entregado los galardones correspondientes a las clases Techno 293, Raceboard, Optimist, L\u00e1ser 4.7 y L\u00e1ser Radial, as\u00ed como de varias subcategor\u00edas.<\/p>\n<p>La agenda deportiva de la Semana N\u00e1utica se reanuda el pr\u00f3ximo viernes 10 de agosto, con la entrada en escena de la flota de cruceros para tomar parte en la XXII Regata Ciudad de Melilla y la XV Regata de altura Dos Continentes.<\/p>\n<p>GANADORES DE LA VI SEMANA N\u00c1UTICA<\/p>\n<p>&nbsp;<\/p>\n<p><strong><u>TECHNO INICIACI\u00d3N<\/u><\/strong><\/p>\n<p>3\u00ba FABIO D\u00cdAZ GALLARDO\u00a0R.C.M.MELILLA\u2013 entrega Pilar Rodr\u00edguez (delegada Trasmediterranea)<\/p>\n<p>2\u00ba ENMA MART\u00cdNEZ S\u00c1NCHEZ\u00a0R.C.M.MELILLA\u2013 entrega Jos\u00e9 G\u00e1mez (Comisaria)<\/p>\n<p>1\u00ba AITANA DUARTE CANTOS\u00a0R.C.M.MELILLA\u2013 entrega Jes\u00fas Quesada (Comodoro RCMM)<\/p>\n<p>&nbsp;<\/p>\n<p><strong><u>TECHNO\u00a0<\/u><\/strong><\/p>\n<p>3\u00aa ELENA PAYA S\u00c1NCHEZ\u00a0R.C.M.MELILLA\u2013 entrega Vicente Torres (Coronel Jefe Estado Mayor Comgemel)<\/p>\n<p>2\u00aa AZUL S\u00c1NCHEZ VALLEJO\u00a0R.C.M.MELILLA\u2013 entrega Jer\u00f3nimo P\u00e9rez (Vicepresidente RCMM)<\/p>\n<p>1\u00aa CRISTINA PADILLA MORENO\u00a0R.C.M.MELILLA\u2013 entrega Francisco Rodr\u00edguez (Comisario Principal Melilla)<\/p>\n<p>&nbsp;<\/p>\n<p><strong><u>RACEBOARD<\/u><\/strong><\/p>\n<p>3\u00ba PABLO PASCUAL DELGADO\u00a0R.C.M.MELILLA\u2013 no asiste<\/p>\n<p>2\u00ba FRANCISCO GALINDO GARC\u00c9S\u00a0R.C.M.MELILLA\u2013 entrega Rafael Imbroda (Vicepresidente RCMM)<\/p>\n<p>1\u00ba ALBERTO COLOMER GONZ\u00c1LEZ\u00a0R.C.M.MELILLA\u2013 no asiste<\/p>\n<p>&nbsp;<\/p>\n<p><strong><u>OPTIMIST SUB 11<\/u><\/strong><\/p>\n<p>3\u00ba DAVID S\u00c1NCHEZ FORTUN\u00a0C.M.ALMERIA\u2013 no asiste<\/p>\n<p>2\u00ba SERGIO L\u00d3PEZ PALACIOS\u00a0R.C.R.CARTAGENA\u2013 entrega Pilar Rodr\u00edguez (delegada Trasmediterranea)<\/p>\n<p>1\u00ba LUIS S\u00c1NCHEZ CORRALES\u00a0R.C.N.PTO SANTA MARIA\u2013 entrega Antonio Miranda (Consejero Educaci\u00f3n, Juventud y Deportes)<\/p>\n<p>&nbsp;<\/p>\n<p><strong><u>OPTIMIST SUB 13<\/u><\/strong><\/p>\n<p>3\u00ba DANIEL ESPEJO\u00a0C.M.ALMERIA\u2013 no asiste<\/p>\n<p>2\u00ba JOSE ANTONIO RUIZ SOTO\u00a0R.C.N.PTO SANTA MARIA- entrega Jer\u00f3nimo P\u00e9rez (Vicepresidente RCMM)<\/p>\n<p>1\u00ba ARTURO ARAUZ GARCIA\u00a0C.N PTO SHERRY\u2013 entrega Francisco Rodr\u00edguez (Comisario Principal Melilla)<\/p>\n<p>&nbsp;<\/p>\n<p><strong><u>OPTIMIST GENERAL<\/u><\/strong><\/p>\n<p>3\u00ba MARIA CHECA CARMONA\u00a0C.N.FUENGIROLA\u2013 entrega Vicente Torres (Coronel Jefe Estado Mayor Comgemel)<\/p>\n<p>2\u00ba ALEJANDRO ARAUZ GARC\u00cdA\u00a0C.N.PTO SHERRY\u2013 entrega Rafael Imbroda (Vicepresidente RCMM)<\/p>\n<p>1\u00ba MERCEDES BAUTISTA\u00a0C.M.ALMER\u00cdA\u2013 no asiste<\/p>\n<p>&nbsp;<\/p>\n<p><strong><u>LASER 4.7<\/u><\/strong><\/p>\n<p>3\u00ba RODRIGO S\u00c1NCHEZ ALONSO\u00a0CN.BENALMADENA\u2013 entrega Jes\u00fas Quesada (Comodoro RCMM)<\/p>\n<p>2\u00ba CARLOS\u00a0\u00a0S\u00c1NCHEZ ALONSO\u00a0CN.BENALMADENA\u2013 entrega Antonio Miranda (Consejero Educaci\u00f3n, Juventud y Deportes)<\/p>\n<p>1\u00ba ALFIE BANISTER\u00a0C.N BENALMADENA\u2013 entrega \u00c1ngel Gonz\u00e1lez (General 2\u00ba Jefe Comgemel)<\/p>\n<p>&nbsp;<\/p>\n<p><strong><u>LASER RADIAL<\/u><\/strong><\/p>\n<p>3\u00ba ALBA MU\u00d1OZ REVILLA\u00a0R.C.M.MELILLA\u2013 entrega Rafael Imbroda (Vicepresidente RCMM)<\/p>\n<p>2\u00ba ISRAEL MART\u00cdNEZ MORENO\u00a0R.C.M.MELILLA\u2013 entrega Antonio Miranda (Consejero Educaci\u00f3n, Juventud y Deportes)<\/p>\n<p>1\u00ba MIGUEL DUE\u00d1AS GUTIERREZ\u00a0R.C.M.MELILLA\u2013\u00a0entrega \u00c1ngel Gonz\u00e1lez (General 2\u00ba Jefe Comgemel)<\/p>\n<p>&nbsp;<div class=\"fusion-clearfix\"><\/div><\/div><\/div><\/div><style type=\"text\/css\">.fusion-fullwidth.fusion-builder-row-1 { overflow:visible; }<\/style><\/div>\n","protected":false},"excerpt":{"rendered":"","protected":false},"author":1,"featured_media":13869,"comment_status":"open","ping_status":"open","sticky":false,"template":"","format":"standard","meta":{"_acf_changed":false,"footnotes":""},"categories":[40,38],"tags":[],"class_list":["post-13860","post","type-post","status-publish","format-standard","has-post-thumbnail","hentry","category-club","category-nautica"],"acf":[],"yoast_head":"<!-- This site is optimized with the Yoast SEO plugin v27.5 - https:\/\/yoast.com\/product\/yoast-seo-wordpress\/ -->\n<title>LA SEMANA N\u00c1UTICA CIUDAD DE MELILLA DE VELA LIGERA CORONA A SUS CAMPEONES - Real Club Mar\u00edtimo de Melilla<\/title>\n<meta name=\"description\" content=\"LA SEMANA N\u00c1UTICA CIUDAD DE MELILLA DE VELA LIGERA CORONA A SUS CAMPEONES -\" \/>\n<meta name=\"robots\" content=\"index, follow, max-snippet:-1, max-image-preview:large, max-video-preview:-1\" \/>\n<link rel=\"canonical\" href=\"https:\/\/www.realclubmaritimomelilla.es\/clmar\/la-semana-nautica-ciudad-melilla-vela-ligera-corona-campeones\/\" \/>\n<meta property=\"og:locale\" content=\"es_ES\" \/>\n<meta property=\"og:type\" content=\"article\" \/>\n<meta property=\"og:title\" content=\"LA SEMANA N\u00c1UTICA CIUDAD DE MELILLA DE VELA LIGERA CORONA A SUS CAMPEONES - Real Club Mar\u00edtimo de Melilla\" \/>\n<meta property=\"og:description\" content=\"LA SEMANA N\u00c1UTICA CIUDAD DE MELILLA DE VELA LIGERA CORONA A SUS CAMPEONES -\" \/>\n<meta property=\"og:url\" content=\"https:\/\/www.realclubmaritimomelilla.es\/clmar\/la-semana-nautica-ciudad-melilla-vela-ligera-corona-campeones\/\" \/>\n<meta property=\"og:site_name\" content=\"Real Club Mar\u00edtimo de Melilla\" \/>\n<meta property=\"article:publisher\" content=\"https:\/\/www.facebook.com\/Real-Club-Mar%c3%adtimo-de-Melilla-588495841234214\/\" \/>\n<meta property=\"article:published_time\" content=\"2018-08-04T19:18:09+00:00\" \/>\n<meta property=\"article:modified_time\" content=\"2021-07-20T09:38:59+00:00\" \/>\n<meta property=\"og:image\" content=\"https:\/\/www.realclubmaritimomelilla.es\/clmar\/wp-content\/uploads\/2018\/08\/Foto-de-todos-los-regatistas-y-autoridades.jpeg\" \/>\n\t<meta property=\"og:image:width\" content=\"1600\" \/>\n\t<meta property=\"og:image:height\" content=\"1200\" \/>\n\t<meta property=\"og:image:type\" content=\"image\/jpeg\" \/>\n<meta name=\"author\" content=\"RCMMelilla\" \/>\n<meta name=\"twitter:card\" content=\"summary_large_image\" \/>\n<meta name=\"twitter:creator\" content=\"@nauticarcmm\" \/>\n<meta name=\"twitter:site\" content=\"@nauticarcmm\" \/>\n<meta name=\"twitter:label1\" content=\"Escrito por\" \/>\n\t<meta name=\"twitter:data1\" content=\"RCMMelilla\" \/>\n\t<meta name=\"twitter:label2\" content=\"Tiempo de lectura\" \/>\n\t<meta name=\"twitter:data2\" content=\"3 minutos\" \/>\n<script type=\"application\/ld+json\" class=\"yoast-schema-graph\">{\"@context\":\"https:\\\/\\\/schema.org\",\"@graph\":[{\"@type\":\"Article\",\"@id\":\"https:\\\/\\\/www.realclubmaritimomelilla.es\\\/clmar\\\/la-semana-nautica-ciudad-melilla-vela-ligera-corona-campeones\\\/#article\",\"isPartOf\":{\"@id\":\"https:\\\/\\\/www.realclubmaritimomelilla.es\\\/clmar\\\/la-semana-nautica-ciudad-melilla-vela-ligera-corona-campeones\\\/\"},\"author\":{\"name\":\"RCMMelilla\",\"@id\":\"https:\\\/\\\/www.realclubmaritimomelilla.es\\\/clmar\\\/#\\\/schema\\\/person\\\/ebaa3713496dc6d48c872452e73a8e79\"},\"headline\":\"LA SEMANA N\u00c1UTICA CIUDAD DE MELILLA DE VELA LIGERA CORONA A SUS CAMPEONES\",\"datePublished\":\"2018-08-04T19:18:09+00:00\",\"dateModified\":\"2021-07-20T09:38:59+00:00\",\"mainEntityOfPage\":{\"@id\":\"https:\\\/\\\/www.realclubmaritimomelilla.es\\\/clmar\\\/la-semana-nautica-ciudad-melilla-vela-ligera-corona-campeones\\\/\"},\"wordCount\":667,\"commentCount\":0,\"publisher\":{\"@id\":\"https:\\\/\\\/www.realclubmaritimomelilla.es\\\/clmar\\\/#organization\"},\"image\":{\"@id\":\"https:\\\/\\\/www.realclubmaritimomelilla.es\\\/clmar\\\/la-semana-nautica-ciudad-melilla-vela-ligera-corona-campeones\\\/#primaryimage\"},\"thumbnailUrl\":\"https:\\\/\\\/www.realclubmaritimomelilla.es\\\/clmar\\\/wp-content\\\/uploads\\\/2018\\\/08\\\/Foto-de-todos-los-regatistas-y-autoridades.jpeg\",\"articleSection\":[\"Club\",\"N\u00e1utica\"],\"inLanguage\":\"es\",\"potentialAction\":[{\"@type\":\"CommentAction\",\"name\":\"Comment\",\"target\":[\"https:\\\/\\\/www.realclubmaritimomelilla.es\\\/clmar\\\/la-semana-nautica-ciudad-melilla-vela-ligera-corona-campeones\\\/#respond\"]}]},{\"@type\":\"WebPage\",\"@id\":\"https:\\\/\\\/www.realclubmaritimomelilla.es\\\/clmar\\\/la-semana-nautica-ciudad-melilla-vela-ligera-corona-campeones\\\/\",\"url\":\"https:\\\/\\\/www.realclubmaritimomelilla.es\\\/clmar\\\/la-semana-nautica-ciudad-melilla-vela-ligera-corona-campeones\\\/\",\"name\":\"LA SEMANA N\u00c1UTICA CIUDAD DE MELILLA DE VELA LIGERA CORONA A SUS CAMPEONES - Real Club Mar\u00edtimo de Melilla\",\"isPartOf\":{\"@id\":\"https:\\\/\\\/www.realclubmaritimomelilla.es\\\/clmar\\\/#website\"},\"primaryImageOfPage\":{\"@id\":\"https:\\\/\\\/www.realclubmaritimomelilla.es\\\/clmar\\\/la-semana-nautica-ciudad-melilla-vela-ligera-corona-campeones\\\/#primaryimage\"},\"image\":{\"@id\":\"https:\\\/\\\/www.realclubmaritimomelilla.es\\\/clmar\\\/la-semana-nautica-ciudad-melilla-vela-ligera-corona-campeones\\\/#primaryimage\"},\"thumbnailUrl\":\"https:\\\/\\\/www.realclubmaritimomelilla.es\\\/clmar\\\/wp-content\\\/uploads\\\/2018\\\/08\\\/Foto-de-todos-los-regatistas-y-autoridades.jpeg\",\"datePublished\":\"2018-08-04T19:18:09+00:00\",\"dateModified\":\"2021-07-20T09:38:59+00:00\",\"description\":\"LA SEMANA N\u00c1UTICA CIUDAD DE MELILLA DE VELA LIGERA CORONA A SUS CAMPEONES -\",\"breadcrumb\":{\"@id\":\"https:\\\/\\\/www.realclubmaritimomelilla.es\\\/clmar\\\/la-semana-nautica-ciudad-melilla-vela-ligera-corona-campeones\\\/#breadcrumb\"},\"inLanguage\":\"es\",\"potentialAction\":[{\"@type\":\"ReadAction\",\"target\":[\"https:\\\/\\\/www.realclubmaritimomelilla.es\\\/clmar\\\/la-semana-nautica-ciudad-melilla-vela-ligera-corona-campeones\\\/\"]}]},{\"@type\":\"ImageObject\",\"inLanguage\":\"es\",\"@id\":\"https:\\\/\\\/www.realclubmaritimomelilla.es\\\/clmar\\\/la-semana-nautica-ciudad-melilla-vela-ligera-corona-campeones\\\/#primaryimage\",\"url\":\"https:\\\/\\\/www.realclubmaritimomelilla.es\\\/clmar\\\/wp-content\\\/uploads\\\/2018\\\/08\\\/Foto-de-todos-los-regatistas-y-autoridades.jpeg\",\"contentUrl\":\"https:\\\/\\\/www.realclubmaritimomelilla.es\\\/clmar\\\/wp-content\\\/uploads\\\/2018\\\/08\\\/Foto-de-todos-los-regatistas-y-autoridades.jpeg\",\"width\":1600,\"height\":1200},{\"@type\":\"BreadcrumbList\",\"@id\":\"https:\\\/\\\/www.realclubmaritimomelilla.es\\\/clmar\\\/la-semana-nautica-ciudad-melilla-vela-ligera-corona-campeones\\\/#breadcrumb\",\"itemListElement\":[{\"@type\":\"ListItem\",\"position\":1,\"name\":\"Portada\",\"item\":\"https:\\\/\\\/www.realclubmaritimomelilla.es\\\/clmar\\\/\"},{\"@type\":\"ListItem\",\"position\":2,\"name\":\"LA SEMANA N\u00c1UTICA CIUDAD DE MELILLA DE VELA LIGERA CORONA A SUS CAMPEONES\"}]},{\"@type\":\"WebSite\",\"@id\":\"https:\\\/\\\/www.realclubmaritimomelilla.es\\\/clmar\\\/#website\",\"url\":\"https:\\\/\\\/www.realclubmaritimomelilla.es\\\/clmar\\\/\",\"name\":\"Real Club Mar\u00edtimo de Melilla\",\"description\":\"RCMM\",\"publisher\":{\"@id\":\"https:\\\/\\\/www.realclubmaritimomelilla.es\\\/clmar\\\/#organization\"},\"alternateName\":\"RCMM\",\"potentialAction\":[{\"@type\":\"SearchAction\",\"target\":{\"@type\":\"EntryPoint\",\"urlTemplate\":\"https:\\\/\\\/www.realclubmaritimomelilla.es\\\/clmar\\\/?s={search_term_string}\"},\"query-input\":{\"@type\":\"PropertyValueSpecification\",\"valueRequired\":true,\"valueName\":\"search_term_string\"}}],\"inLanguage\":\"es\"},{\"@type\":\"Organization\",\"@id\":\"https:\\\/\\\/www.realclubmaritimomelilla.es\\\/clmar\\\/#organization\",\"name\":\"Real Club Mar\u00edtimo de Melilla\",\"alternateName\":\"RCMM\",\"url\":\"https:\\\/\\\/www.realclubmaritimomelilla.es\\\/clmar\\\/\",\"logo\":{\"@type\":\"ImageObject\",\"inLanguage\":\"es\",\"@id\":\"https:\\\/\\\/www.realclubmaritimomelilla.es\\\/clmar\\\/#\\\/schema\\\/logo\\\/image\\\/\",\"url\":\"https:\\\/\\\/www.realclubmaritimomelilla.es\\\/clmar\\\/wp-content\\\/uploads\\\/logo-club-original-copia.jpg\",\"contentUrl\":\"https:\\\/\\\/www.realclubmaritimomelilla.es\\\/clmar\\\/wp-content\\\/uploads\\\/logo-club-original-copia.jpg\",\"width\":128,\"height\":89,\"caption\":\"Real Club Mar\u00edtimo de Melilla\"},\"image\":{\"@id\":\"https:\\\/\\\/www.realclubmaritimomelilla.es\\\/clmar\\\/#\\\/schema\\\/logo\\\/image\\\/\"},\"sameAs\":[\"https:\\\/\\\/www.facebook.com\\\/Real-Club-Mar\u00edtimo-de-Melilla-588495841234214\\\/\",\"https:\\\/\\\/x.com\\\/nauticarcmm\",\"https:\\\/\\\/www.instagram.com\\\/club_maritimo_melilla\\\/\",\"https:\\\/\\\/www.youtube.com\\\/@realclubmaritimodemelilla4703\",\"https:\\\/\\\/es.wikipedia.org\\\/wiki\\\/Real_Club_Mar\u00edtimo_de_Melilla\"]},{\"@type\":\"Person\",\"@id\":\"https:\\\/\\\/www.realclubmaritimomelilla.es\\\/clmar\\\/#\\\/schema\\\/person\\\/ebaa3713496dc6d48c872452e73a8e79\",\"name\":\"RCMMelilla\",\"image\":{\"@type\":\"ImageObject\",\"inLanguage\":\"es\",\"@id\":\"https:\\\/\\\/secure.gravatar.com\\\/avatar\\\/df1c24789360fb9308735c4ee556fc2bc5bf924bf01e53043b8b97ba272da33c?s=96&d=mm&r=g\",\"url\":\"https:\\\/\\\/secure.gravatar.com\\\/avatar\\\/df1c24789360fb9308735c4ee556fc2bc5bf924bf01e53043b8b97ba272da33c?s=96&d=mm&r=g\",\"contentUrl\":\"https:\\\/\\\/secure.gravatar.com\\\/avatar\\\/df1c24789360fb9308735c4ee556fc2bc5bf924bf01e53043b8b97ba272da33c?s=96&d=mm&r=g\",\"caption\":\"RCMMelilla\"}}]}<\/script>\n<!-- \/ Yoast SEO plugin. -->","yoast_head_json":{"title":"LA SEMANA N\u00c1UTICA CIUDAD DE MELILLA DE VELA LIGERA CORONA A SUS CAMPEONES - Real Club Mar\u00edtimo de Melilla","description":"LA SEMANA N\u00c1UTICA CIUDAD DE MELILLA DE VELA LIGERA CORONA A SUS CAMPEONES -","robots":{"index":"index","follow":"follow","max-snippet":"max-snippet:-1","max-image-preview":"max-image-preview:large","max-video-preview":"max-video-preview:-1"},"canonical":"https:\/\/www.realclubmaritimomelilla.es\/clmar\/la-semana-nautica-ciudad-melilla-vela-ligera-corona-campeones\/","og_locale":"es_ES","og_type":"article","og_title":"LA SEMANA N\u00c1UTICA CIUDAD DE MELILLA DE VELA LIGERA CORONA A SUS CAMPEONES - Real Club Mar\u00edtimo de Melilla","og_description":"LA SEMANA N\u00c1UTICA CIUDAD DE MELILLA DE VELA LIGERA CORONA A SUS CAMPEONES -","og_url":"https:\/\/www.realclubmaritimomelilla.es\/clmar\/la-semana-nautica-ciudad-melilla-vela-ligera-corona-campeones\/","og_site_name":"Real Club Mar\u00edtimo de Melilla","article_publisher":"https:\/\/www.facebook.com\/Real-Club-Mar%c3%adtimo-de-Melilla-588495841234214\/","article_published_time":"2018-08-04T19:18:09+00:00","article_modified_time":"2021-07-20T09:38:59+00:00","og_image":[{"width":1600,"height":1200,"url":"https:\/\/www.realclubmaritimomelilla.es\/clmar\/wp-content\/uploads\/2018\/08\/Foto-de-todos-los-regatistas-y-autoridades.jpeg","type":"image\/jpeg"}],"author":"RCMMelilla","twitter_card":"summary_large_image","twitter_creator":"@nauticarcmm","twitter_site":"@nauticarcmm","twitter_misc":{"Escrito por":"RCMMelilla","Tiempo de lectura":"3 minutos"},"schema":{"@context":"https:\/\/schema.org","@graph":[{"@type":"Article","@id":"https:\/\/www.realclubmaritimomelilla.es\/clmar\/la-semana-nautica-ciudad-melilla-vela-ligera-corona-campeones\/#article","isPartOf":{"@id":"https:\/\/www.realclubmaritimomelilla.es\/clmar\/la-semana-nautica-ciudad-melilla-vela-ligera-corona-campeones\/"},"author":{"name":"RCMMelilla","@id":"https:\/\/www.realclubmaritimomelilla.es\/clmar\/#\/schema\/person\/ebaa3713496dc6d48c872452e73a8e79"},"headline":"LA SEMANA N\u00c1UTICA CIUDAD DE MELILLA DE VELA LIGERA CORONA A SUS CAMPEONES","datePublished":"2018-08-04T19:18:09+00:00","dateModified":"2021-07-20T09:38:59+00:00","mainEntityOfPage":{"@id":"https:\/\/www.realclubmaritimomelilla.es\/clmar\/la-semana-nautica-ciudad-melilla-vela-ligera-corona-campeones\/"},"wordCount":667,"commentCount":0,"publisher":{"@id":"https:\/\/www.realclubmaritimomelilla.es\/clmar\/#organization"},"image":{"@id":"https:\/\/www.realclubmaritimomelilla.es\/clmar\/la-semana-nautica-ciudad-melilla-vela-ligera-corona-campeones\/#primaryimage"},"thumbnailUrl":"https:\/\/www.realclubmaritimomelilla.es\/clmar\/wp-content\/uploads\/2018\/08\/Foto-de-todos-los-regatistas-y-autoridades.jpeg","articleSection":["Club","N\u00e1utica"],"inLanguage":"es","potentialAction":[{"@type":"CommentAction","name":"Comment","target":["https:\/\/www.realclubmaritimomelilla.es\/clmar\/la-semana-nautica-ciudad-melilla-vela-ligera-corona-campeones\/#respond"]}]},{"@type":"WebPage","@id":"https:\/\/www.realclubmaritimomelilla.es\/clmar\/la-semana-nautica-ciudad-melilla-vela-ligera-corona-campeones\/","url":"https:\/\/www.realclubmaritimomelilla.es\/clmar\/la-semana-nautica-ciudad-melilla-vela-ligera-corona-campeones\/","name":"LA SEMANA N\u00c1UTICA CIUDAD DE MELILLA DE VELA LIGERA CORONA A SUS CAMPEONES - Real Club Mar\u00edtimo de Melilla","isPartOf":{"@id":"https:\/\/www.realclubmaritimomelilla.es\/clmar\/#website"},"primaryImageOfPage":{"@id":"https:\/\/www.realclubmaritimomelilla.es\/clmar\/la-semana-nautica-ciudad-melilla-vela-ligera-corona-campeones\/#primaryimage"},"image":{"@id":"https:\/\/www.realclubmaritimomelilla.es\/clmar\/la-semana-nautica-ciudad-melilla-vela-ligera-corona-campeones\/#primaryimage"},"thumbnailUrl":"https:\/\/www.realclubmaritimomelilla.es\/clmar\/wp-content\/uploads\/2018\/08\/Foto-de-todos-los-regatistas-y-autoridades.jpeg","datePublished":"2018-08-04T19:18:09+00:00","dateModified":"2021-07-20T09:38:59+00:00","description":"LA SEMANA N\u00c1UTICA CIUDAD DE MELILLA DE VELA LIGERA CORONA A SUS CAMPEONES -","breadcrumb":{"@id":"https:\/\/www.realclubmaritimomelilla.es\/clmar\/la-semana-nautica-ciudad-melilla-vela-ligera-corona-campeones\/#breadcrumb"},"inLanguage":"es","potentialAction":[{"@type":"ReadAction","target":["https:\/\/www.realclubmaritimomelilla.es\/clmar\/la-semana-nautica-ciudad-melilla-vela-ligera-corona-campeones\/"]}]},{"@type":"ImageObject","inLanguage":"es","@id":"https:\/\/www.realclubmaritimomelilla.es\/clmar\/la-semana-nautica-ciudad-melilla-vela-ligera-corona-campeones\/#primaryimage","url":"https:\/\/www.realclubmaritimomelilla.es\/clmar\/wp-content\/uploads\/2018\/08\/Foto-de-todos-los-regatistas-y-autoridades.jpeg","contentUrl":"https:\/\/www.realclubmaritimomelilla.es\/clmar\/wp-content\/uploads\/2018\/08\/Foto-de-todos-los-regatistas-y-autoridades.jpeg","width":1600,"height":1200},{"@type":"BreadcrumbList","@id":"https:\/\/www.realclubmaritimomelilla.es\/clmar\/la-semana-nautica-ciudad-melilla-vela-ligera-corona-campeones\/#breadcrumb","itemListElement":[{"@type":"ListItem","position":1,"name":"Portada","item":"https:\/\/www.realclubmaritimomelilla.es\/clmar\/"},{"@type":"ListItem","position":2,"name":"LA SEMANA N\u00c1UTICA CIUDAD DE MELILLA DE VELA LIGERA CORONA A SUS CAMPEONES"}]},{"@type":"WebSite","@id":"https:\/\/www.realclubmaritimomelilla.es\/clmar\/#website","url":"https:\/\/www.realclubmaritimomelilla.es\/clmar\/","name":"Real Club Mar\u00edtimo de Melilla","description":"RCMM","publisher":{"@id":"https:\/\/www.realclubmaritimomelilla.es\/clmar\/#organization"},"alternateName":"RCMM","potentialAction":[{"@type":"SearchAction","target":{"@type":"EntryPoint","urlTemplate":"https:\/\/www.realclubmaritimomelilla.es\/clmar\/?s={search_term_string}"},"query-input":{"@type":"PropertyValueSpecification","valueRequired":true,"valueName":"search_term_string"}}],"inLanguage":"es"},{"@type":"Organization","@id":"https:\/\/www.realclubmaritimomelilla.es\/clmar\/#organization","name":"Real Club Mar\u00edtimo de Melilla","alternateName":"RCMM","url":"https:\/\/www.realclubmaritimomelilla.es\/clmar\/","logo":{"@type":"ImageObject","inLanguage":"es","@id":"https:\/\/www.realclubmaritimomelilla.es\/clmar\/#\/schema\/logo\/image\/","url":"https:\/\/www.realclubmaritimomelilla.es\/clmar\/wp-content\/uploads\/logo-club-original-copia.jpg","contentUrl":"https:\/\/www.realclubmaritimomelilla.es\/clmar\/wp-content\/uploads\/logo-club-original-copia.jpg","width":128,"height":89,"caption":"Real Club Mar\u00edtimo de Melilla"},"image":{"@id":"https:\/\/www.realclubmaritimomelilla.es\/clmar\/#\/schema\/logo\/image\/"},"sameAs":["https:\/\/www.facebook.com\/Real-Club-Mar\u00edtimo-de-Melilla-588495841234214\/","https:\/\/x.com\/nauticarcmm","https:\/\/www.instagram.com\/club_maritimo_melilla\/","https:\/\/www.youtube.com\/@realclubmaritimodemelilla4703","https:\/\/es.wikipedia.org\/wiki\/Real_Club_Mar\u00edtimo_de_Melilla"]},{"@type":"Person","@id":"https:\/\/www.realclubmaritimomelilla.es\/clmar\/#\/schema\/person\/ebaa3713496dc6d48c872452e73a8e79","name":"RCMMelilla","image":{"@type":"ImageObject","inLanguage":"es","@id":"https:\/\/secure.gravatar.com\/avatar\/df1c24789360fb9308735c4ee556fc2bc5bf924bf01e53043b8b97ba272da33c?s=96&d=mm&r=g","url":"https:\/\/secure.gravatar.com\/avatar\/df1c24789360fb9308735c4ee556fc2bc5bf924bf01e53043b8b97ba272da33c?s=96&d=mm&r=g","contentUrl":"https:\/\/secure.gravatar.com\/avatar\/df1c24789360fb9308735c4ee556fc2bc5bf924bf01e53043b8b97ba272da33c?s=96&d=mm&r=g","caption":"RCMMelilla"}}]}},"_links":{"self":[{"href":"https:\/\/www.realclubmaritimomelilla.es\/clmar\/wp-json\/wp\/v2\/posts\/13860","targetHints":{"allow":["GET"]}}],"collection":[{"href":"https:\/\/www.realclubmaritimomelilla.es\/clmar\/wp-json\/wp\/v2\/posts"}],"about":[{"href":"https:\/\/www.realclubmaritimomelilla.es\/clmar\/wp-json\/wp\/v2\/types\/post"}],"author":[{"embeddable":true,"href":"https:\/\/www.realclubmaritimomelilla.es\/clmar\/wp-json\/wp\/v2\/users\/1"}],"replies":[{"embeddable":true,"href":"https:\/\/www.realclubmaritimomelilla.es\/clmar\/wp-json\/wp\/v2\/comments?post=13860"}],"version-history":[{"count":2,"href":"https:\/\/www.realclubmaritimomelilla.es\/clmar\/wp-json\/wp\/v2\/posts\/13860\/revisions"}],"predecessor-version":[{"id":16032,"href":"https:\/\/www.realclubmaritimomelilla.es\/clmar\/wp-json\/wp\/v2\/posts\/13860\/revisions\/16032"}],"wp:featuredmedia":[{"embeddable":true,"href":"https:\/\/www.realclubmaritimomelilla.es\/clmar\/wp-json\/wp\/v2\/media\/13869"}],"wp:attachment":[{"href":"https:\/\/www.realclubmaritimomelilla.es\/clmar\/wp-json\/wp\/v2\/media?parent=13860"}],"wp:term":[{"taxonomy":"category","embeddable":true,"href":"https:\/\/www.realclubmaritimomelilla.es\/clmar\/wp-json\/wp\/v2\/categories?post=13860"},{"taxonomy":"post_tag","embeddable":true,"href":"https:\/\/www.realclubmaritimomelilla.es\/clmar\/wp-json\/wp\/v2\/tags?post=13860"}],"curies":[{"name":"wp","href":"https:\/\/api.w.org\/{rel}","templated":true}]}}