{"id":13854,"date":"2018-08-04T15:57:16","date_gmt":"2018-08-04T15:57:16","guid":{"rendered":"http:\/\/www.clubmaritimomelilla.es\/clmar\/?p=13854"},"modified":"2021-07-20T11:38:59","modified_gmt":"2021-07-20T09:38:59","slug":"viento-protagonista-la-jornada-final-la-vela-ligera-melilla","status":"publish","type":"post","link":"https:\/\/www.realclubmaritimomelilla.es\/clmar\/viento-protagonista-la-jornada-final-la-vela-ligera-melilla\/","title":{"rendered":"EL VIENTO PROTAGONISTA EN LA JORNADA FINAL DE LA VELA LIGERA EN MELILLA"},"content":{"rendered":"<div>\n<div>\n<div class=\"fusion-fullwidth fullwidth-box fusion-builder-row-1 hundred-percent-fullwidth non-hundred-percent-height-scrolling\" style=\"background-color: #ffffff;background-position: center center;background-repeat: no-repeat;padding-top:0px;padding-right:0px;padding-bottom:0px;padding-left:0px;margin-bottom: 0px;margin-top: 0px;border-width: 0px 0px 0px 0px;border-color:#eae9e9;border-style:solid;\" ><div class=\"fusion-builder-row fusion-row\"><div class=\"fusion-layout-column fusion_builder_column fusion-builder-column-0 fusion_builder_column_1_1 1_1 fusion-one-full fusion-column-first fusion-column-last fusion-column-no-min-height\" style=\"margin-top:0px;margin-bottom:0px;\"><div class=\"fusion-column-wrapper fusion-flex-column-wrapper-legacy\" style=\"background-position:left top;background-repeat:no-repeat;-webkit-background-size:cover;-moz-background-size:cover;-o-background-size:cover;background-size:cover;padding: 0px 0px 0px 0px;\">\n\t\t<style type=\"text\/css\">\n\t\t\t#gallery-1 {\n\t\t\t\tmargin: auto;\n\t\t\t}\n\t\t\t#gallery-1 .gallery-item {\n\t\t\t\tfloat: left;\n\t\t\t\tmargin-top: 10px;\n\t\t\t\ttext-align: center;\n\t\t\t\twidth: 33%;\n\t\t\t}\n\t\t\t#gallery-1 img {\n\t\t\t\tborder: 2px solid #cfcfcf;\n\t\t\t}\n\t\t\t#gallery-1 .gallery-caption {\n\t\t\t\tmargin-left: 0;\n\t\t\t}\n\t\t\t\/* see gallery_shortcode() in wp-includes\/media.php *\/\n\t\t<\/style>\n\t\t<div id='gallery-1' class='gallery galleryid-13854 gallery-columns-3 gallery-size-large'><dl class='gallery-item'>\n\t\t\t<dt class='gallery-icon landscape'>\n\t\t\t\t<a data-rel=\"iLightbox[postimages]\" data-title=\"Mercedes Baustista\" data-caption=\"\" href='https:\/\/www.realclubmaritimomelilla.es\/clmar\/viento-protagonista-la-jornada-final-la-vela-ligera-melilla\/mercedes-baustista\/'><img decoding=\"async\" width=\"1024\" height=\"777\" src=\"https:\/\/www.realclubmaritimomelilla.es\/clmar\/wp-content\/uploads\/2018\/08\/Mercedes-Baustista-1024x777.jpg\" class=\"attachment-large size-large\" alt=\"\" srcset=\"https:\/\/www.realclubmaritimomelilla.es\/clmar\/wp-content\/uploads\/2018\/08\/Mercedes-Baustista-180x138.jpg 180w, https:\/\/www.realclubmaritimomelilla.es\/clmar\/wp-content\/uploads\/2018\/08\/Mercedes-Baustista-300x228.jpg 300w, https:\/\/www.realclubmaritimomelilla.es\/clmar\/wp-content\/uploads\/2018\/08\/Mercedes-Baustista-scaled-600x455.jpg 600w, https:\/\/www.realclubmaritimomelilla.es\/clmar\/wp-content\/uploads\/2018\/08\/Mercedes-Baustista-768x583.jpg 768w, https:\/\/www.realclubmaritimomelilla.es\/clmar\/wp-content\/uploads\/2018\/08\/Mercedes-Baustista-1024x777.jpg 1024w\" sizes=\"(max-width: 1024px) 100vw, 1024px\" \/><\/a>\n\t\t\t<\/dt><\/dl><dl class='gallery-item'>\n\t\t\t<dt class='gallery-icon landscape'>\n\t\t\t\t<a data-rel=\"iLightbox[postimages]\" data-title=\"Miguel Due\u00f1as\" data-caption=\"\" href='https:\/\/www.realclubmaritimomelilla.es\/clmar\/viento-protagonista-la-jornada-final-la-vela-ligera-melilla\/miguel-duenas-4\/'><img decoding=\"async\" width=\"1024\" height=\"783\" src=\"https:\/\/www.realclubmaritimomelilla.es\/clmar\/wp-content\/uploads\/2018\/08\/Miguel-Due\u00f1as-1-1024x783.jpg\" class=\"attachment-large size-large\" alt=\"\" srcset=\"https:\/\/www.realclubmaritimomelilla.es\/clmar\/wp-content\/uploads\/2018\/08\/Miguel-Due\u00f1as-1-180x138.jpg 180w, https:\/\/www.realclubmaritimomelilla.es\/clmar\/wp-content\/uploads\/2018\/08\/Miguel-Due\u00f1as-1-300x229.jpg 300w, https:\/\/www.realclubmaritimomelilla.es\/clmar\/wp-content\/uploads\/2018\/08\/Miguel-Due\u00f1as-1-scaled-600x459.jpg 600w, https:\/\/www.realclubmaritimomelilla.es\/clmar\/wp-content\/uploads\/2018\/08\/Miguel-Due\u00f1as-1-768x587.jpg 768w, https:\/\/www.realclubmaritimomelilla.es\/clmar\/wp-content\/uploads\/2018\/08\/Miguel-Due\u00f1as-1-1024x783.jpg 1024w\" sizes=\"(max-width: 1024px) 100vw, 1024px\" \/><\/a>\n\t\t\t<\/dt><\/dl><dl class='gallery-item'>\n\t\t\t<dt class='gallery-icon landscape'>\n\t\t\t\t<a data-rel=\"iLightbox[postimages]\" data-title=\"Alfie Banister\" data-caption=\"\" href='https:\/\/www.realclubmaritimomelilla.es\/clmar\/viento-protagonista-la-jornada-final-la-vela-ligera-melilla\/alfie-banister-2\/'><img decoding=\"async\" width=\"1024\" height=\"745\" src=\"https:\/\/www.realclubmaritimomelilla.es\/clmar\/wp-content\/uploads\/2018\/08\/Alfie-Banister-1-1024x745.jpg\" class=\"attachment-large size-large\" alt=\"\" srcset=\"https:\/\/www.realclubmaritimomelilla.es\/clmar\/wp-content\/uploads\/2018\/08\/Alfie-Banister-1-220x161.jpg 220w, https:\/\/www.realclubmaritimomelilla.es\/clmar\/wp-content\/uploads\/2018\/08\/Alfie-Banister-1-300x218.jpg 300w, https:\/\/www.realclubmaritimomelilla.es\/clmar\/wp-content\/uploads\/2018\/08\/Alfie-Banister-1-scaled-600x436.jpg 600w, https:\/\/www.realclubmaritimomelilla.es\/clmar\/wp-content\/uploads\/2018\/08\/Alfie-Banister-1-768x559.jpg 768w, https:\/\/www.realclubmaritimomelilla.es\/clmar\/wp-content\/uploads\/2018\/08\/Alfie-Banister-1-1024x745.jpg 1024w\" sizes=\"(max-width: 1024px) 100vw, 1024px\" \/><\/a>\n\t\t\t<\/dt><\/dl><br style=\"clear: both\" \/>\n\t\t<\/div>\n\n<\/div>\n<div>Mercedes Bautista (optimist), Miguel Due\u00f1as (l\u00e1ser radial) y Alfie Banister (l\u00e1ser 4.7) se han convertido en campeones de la VI Semana N\u00e1utica de vela ligera, que este s\u00e1bado se clausura en la ciudad aut\u00f3noma de Melilla.<\/div>\n<div><\/div>\n<div>El Comit\u00e9, tras dos horas de aplazamiento en el campo de regatas, ha conseguido salvar la jornada de este s\u00e1bado con una \u00fanica manga, que tan solo ha provocado cambios significativos en la flota de optimist, donde la almeriense Mercedes Bautista ha conseguido proclamarse campeona. En el resto de clases, los l\u00edderes provisionales han confirmado el gui\u00f3n y hoy con marcar a sus principales rivales han tenido suficiente.<\/div>\n<div><\/div>\n<div>La flota a las doce del mediod\u00eda ya estaba en el campo de regatas, pero el escaso y rol\u00f3n viento de levante ha obligado al Comit\u00e9 ha mantener izada la bandera de aplazamiento. A las 14:00 horas, el viento se ha mantenido lo suficiente del 050\u00ba para iniciar el procedimiento de salida para todas las clases y completar una \u00fanica manga, que sumadas a las tres de ayer, han propiciado que se hayan disputado cuatro pruebas en total y haya habido un descarte. El viento al inicio de la manga era de 5 nudos y ha ido bajando en intensidad, a medida que la flota se acercaba a la llegada.<\/div>\n<div><\/div>\n<div>Golpe de mano de la almeriense Mercedes Bautista (CM Almer\u00eda) en optimist. Hoy el l\u00edder provisional, Alejandro Arauz (CN Puerto Sherry) no se ha metido en el grupo de cabeza y ha perdido todas sus opciones. La manga la ha ganado su hermano, Arturo Arauz (CN Puerto Cherry) que tras el primer tramo ha tomado ventaja.<\/div>\n<div><\/div>\n<div>La clasificaci\u00f3n final en optimist ha concluido con Mercedes Bautista en primer lugar, seguida por Alejandro Arauz y Mar\u00eda Checa (CN Fuengirola)<\/div>\n<div><\/div>\n<div>Una de las im\u00e1genes de la jornada ha sido la lucha entre tres regatistas del Real Club Mar\u00edtimo de Melilla en l\u00e1ser radial. Miguel Due\u00f1as arrancaba como l\u00edder s\u00f3lido, pero le ha salido dura competencia en Israel Mart\u00ednez, que ha ganado la manga, y en Alba Mu\u00f1oz, que tambi\u00e9n se ha sumado a la pugna por esta victoria parcial.<\/div>\n<div><\/div>\n<div>El podio final de la clase no ha tenido modificaciones con respecto a ayer. Miguel Due\u00f1as sube a lo m\u00e1s alto del podio, con Israel Mart\u00ednez como subcampe\u00f3n y Alba Mu\u00f1oz en tercer lugar.<\/div>\n<div><\/div>\n<div>La melillense Mar\u00eda Montesinos (RCM Melilla) ha aprovechado que la t\u00e1ctica de Alfie Banister (CN Benalm\u00e1dena) ha sido vigilar a sus principales rivales en la cabeza de la clasificaci\u00f3n, para as\u00ed ganar la prueba de este s\u00e1bado, dando paso a Carlos S\u00e1nchez (CN Benalm\u00e1dena) y Banister tercero.<\/div>\n<div><\/div>\n<div>La clasificaci\u00f3n ha terminado con Banister y S\u00e1nchez empatados a puntos, pero el descarte ha beneficiado a Alfie para lograr el primer puesto. El tercero en la clasificaci\u00f3n final ha sido Rodrigo S\u00e1nchez \u00a0(CN Benalm\u00e1dena).<\/div>\n<\/div>\n<div><\/div>\n<div>La clausura y entrega de trofeos tendr\u00e1 lugar a las 19:00 horas, en el sal\u00f3n social del Real Club Mar\u00edtimo de Melilla.<\/div>\n<div class=\"fusion-clearfix\"><\/div><\/div><\/div><\/div><style type=\"text\/css\">.fusion-fullwidth.fusion-builder-row-1 { overflow:visible; }<\/style><\/div>\n","protected":false},"excerpt":{"rendered":"","protected":false},"author":1,"featured_media":13857,"comment_status":"open","ping_status":"open","sticky":false,"template":"","format":"standard","meta":{"_acf_changed":false,"footnotes":""},"categories":[40,38],"tags":[],"class_list":["post-13854","post","type-post","status-publish","format-standard","has-post-thumbnail","hentry","category-club","category-nautica"],"acf":[],"yoast_head":"<!-- This site is optimized with the Yoast SEO plugin v27.5 - https:\/\/yoast.com\/product\/yoast-seo-wordpress\/ -->\n<title>EL VIENTO PROTAGONISTA EN LA JORNADA FINAL DE LA VELA LIGERA EN MELILLA - Real Club Mar\u00edtimo de Melilla<\/title>\n<meta name=\"description\" content=\"EL VIENTO PROTAGONISTA EN LA JORNADA FINAL DE LA VELA LIGERA EN MELILLA -\" \/>\n<meta name=\"robots\" content=\"index, follow, max-snippet:-1, max-image-preview:large, max-video-preview:-1\" \/>\n<link rel=\"canonical\" href=\"https:\/\/www.realclubmaritimomelilla.es\/clmar\/viento-protagonista-la-jornada-final-la-vela-ligera-melilla\/\" \/>\n<meta property=\"og:locale\" content=\"es_ES\" \/>\n<meta property=\"og:type\" content=\"article\" \/>\n<meta property=\"og:title\" content=\"EL VIENTO PROTAGONISTA EN LA JORNADA FINAL DE LA VELA LIGERA EN MELILLA - Real Club Mar\u00edtimo de Melilla\" \/>\n<meta property=\"og:description\" content=\"EL VIENTO PROTAGONISTA EN LA JORNADA FINAL DE LA VELA LIGERA EN MELILLA -\" \/>\n<meta property=\"og:url\" content=\"https:\/\/www.realclubmaritimomelilla.es\/clmar\/viento-protagonista-la-jornada-final-la-vela-ligera-melilla\/\" \/>\n<meta property=\"og:site_name\" content=\"Real Club Mar\u00edtimo de Melilla\" \/>\n<meta property=\"article:publisher\" content=\"https:\/\/www.facebook.com\/Real-Club-Mar%c3%adtimo-de-Melilla-588495841234214\/\" \/>\n<meta property=\"article:published_time\" content=\"2018-08-04T15:57:16+00:00\" \/>\n<meta property=\"article:modified_time\" content=\"2021-07-20T09:38:59+00:00\" \/>\n<meta property=\"og:image\" content=\"https:\/\/www.realclubmaritimomelilla.es\/clmar\/wp-content\/uploads\/2018\/08\/Miguel-Due\u00f1as-1-scaled.jpg\" \/>\n\t<meta property=\"og:image:width\" content=\"2560\" \/>\n\t<meta property=\"og:image:height\" content=\"1957\" \/>\n\t<meta property=\"og:image:type\" content=\"image\/jpeg\" \/>\n<meta name=\"author\" content=\"RCMMelilla\" \/>\n<meta name=\"twitter:card\" content=\"summary_large_image\" \/>\n<meta name=\"twitter:creator\" content=\"@nauticarcmm\" \/>\n<meta name=\"twitter:site\" content=\"@nauticarcmm\" \/>\n<meta name=\"twitter:label1\" content=\"Escrito por\" \/>\n\t<meta name=\"twitter:data1\" content=\"RCMMelilla\" \/>\n\t<meta name=\"twitter:label2\" content=\"Tiempo de lectura\" \/>\n\t<meta name=\"twitter:data2\" content=\"3 minutos\" \/>\n<script type=\"application\/ld+json\" class=\"yoast-schema-graph\">{\"@context\":\"https:\\\/\\\/schema.org\",\"@graph\":[{\"@type\":\"Article\",\"@id\":\"https:\\\/\\\/www.realclubmaritimomelilla.es\\\/clmar\\\/viento-protagonista-la-jornada-final-la-vela-ligera-melilla\\\/#article\",\"isPartOf\":{\"@id\":\"https:\\\/\\\/www.realclubmaritimomelilla.es\\\/clmar\\\/viento-protagonista-la-jornada-final-la-vela-ligera-melilla\\\/\"},\"author\":{\"name\":\"RCMMelilla\",\"@id\":\"https:\\\/\\\/www.realclubmaritimomelilla.es\\\/clmar\\\/#\\\/schema\\\/person\\\/ebaa3713496dc6d48c872452e73a8e79\"},\"headline\":\"EL VIENTO PROTAGONISTA EN LA JORNADA FINAL DE LA VELA LIGERA EN MELILLA\",\"datePublished\":\"2018-08-04T15:57:16+00:00\",\"dateModified\":\"2021-07-20T09:38:59+00:00\",\"mainEntityOfPage\":{\"@id\":\"https:\\\/\\\/www.realclubmaritimomelilla.es\\\/clmar\\\/viento-protagonista-la-jornada-final-la-vela-ligera-melilla\\\/\"},\"wordCount\":614,\"commentCount\":0,\"publisher\":{\"@id\":\"https:\\\/\\\/www.realclubmaritimomelilla.es\\\/clmar\\\/#organization\"},\"image\":{\"@id\":\"https:\\\/\\\/www.realclubmaritimomelilla.es\\\/clmar\\\/viento-protagonista-la-jornada-final-la-vela-ligera-melilla\\\/#primaryimage\"},\"thumbnailUrl\":\"https:\\\/\\\/www.realclubmaritimomelilla.es\\\/clmar\\\/wp-content\\\/uploads\\\/2018\\\/08\\\/Miguel-Due\u00f1as-1-scaled.jpg\",\"articleSection\":[\"Club\",\"N\u00e1utica\"],\"inLanguage\":\"es\",\"potentialAction\":[{\"@type\":\"CommentAction\",\"name\":\"Comment\",\"target\":[\"https:\\\/\\\/www.realclubmaritimomelilla.es\\\/clmar\\\/viento-protagonista-la-jornada-final-la-vela-ligera-melilla\\\/#respond\"]}]},{\"@type\":\"WebPage\",\"@id\":\"https:\\\/\\\/www.realclubmaritimomelilla.es\\\/clmar\\\/viento-protagonista-la-jornada-final-la-vela-ligera-melilla\\\/\",\"url\":\"https:\\\/\\\/www.realclubmaritimomelilla.es\\\/clmar\\\/viento-protagonista-la-jornada-final-la-vela-ligera-melilla\\\/\",\"name\":\"EL VIENTO PROTAGONISTA EN LA JORNADA FINAL DE LA VELA LIGERA EN MELILLA - Real Club Mar\u00edtimo de Melilla\",\"isPartOf\":{\"@id\":\"https:\\\/\\\/www.realclubmaritimomelilla.es\\\/clmar\\\/#website\"},\"primaryImageOfPage\":{\"@id\":\"https:\\\/\\\/www.realclubmaritimomelilla.es\\\/clmar\\\/viento-protagonista-la-jornada-final-la-vela-ligera-melilla\\\/#primaryimage\"},\"image\":{\"@id\":\"https:\\\/\\\/www.realclubmaritimomelilla.es\\\/clmar\\\/viento-protagonista-la-jornada-final-la-vela-ligera-melilla\\\/#primaryimage\"},\"thumbnailUrl\":\"https:\\\/\\\/www.realclubmaritimomelilla.es\\\/clmar\\\/wp-content\\\/uploads\\\/2018\\\/08\\\/Miguel-Due\u00f1as-1-scaled.jpg\",\"datePublished\":\"2018-08-04T15:57:16+00:00\",\"dateModified\":\"2021-07-20T09:38:59+00:00\",\"description\":\"EL VIENTO PROTAGONISTA EN LA JORNADA FINAL DE LA VELA LIGERA EN MELILLA -\",\"breadcrumb\":{\"@id\":\"https:\\\/\\\/www.realclubmaritimomelilla.es\\\/clmar\\\/viento-protagonista-la-jornada-final-la-vela-ligera-melilla\\\/#breadcrumb\"},\"inLanguage\":\"es\",\"potentialAction\":[{\"@type\":\"ReadAction\",\"target\":[\"https:\\\/\\\/www.realclubmaritimomelilla.es\\\/clmar\\\/viento-protagonista-la-jornada-final-la-vela-ligera-melilla\\\/\"]}]},{\"@type\":\"ImageObject\",\"inLanguage\":\"es\",\"@id\":\"https:\\\/\\\/www.realclubmaritimomelilla.es\\\/clmar\\\/viento-protagonista-la-jornada-final-la-vela-ligera-melilla\\\/#primaryimage\",\"url\":\"https:\\\/\\\/www.realclubmaritimomelilla.es\\\/clmar\\\/wp-content\\\/uploads\\\/2018\\\/08\\\/Miguel-Due\u00f1as-1-scaled.jpg\",\"contentUrl\":\"https:\\\/\\\/www.realclubmaritimomelilla.es\\\/clmar\\\/wp-content\\\/uploads\\\/2018\\\/08\\\/Miguel-Due\u00f1as-1-scaled.jpg\",\"width\":2560,\"height\":1957},{\"@type\":\"BreadcrumbList\",\"@id\":\"https:\\\/\\\/www.realclubmaritimomelilla.es\\\/clmar\\\/viento-protagonista-la-jornada-final-la-vela-ligera-melilla\\\/#breadcrumb\",\"itemListElement\":[{\"@type\":\"ListItem\",\"position\":1,\"name\":\"Portada\",\"item\":\"https:\\\/\\\/www.realclubmaritimomelilla.es\\\/clmar\\\/\"},{\"@type\":\"ListItem\",\"position\":2,\"name\":\"EL VIENTO PROTAGONISTA EN LA JORNADA FINAL DE LA VELA LIGERA EN MELILLA\"}]},{\"@type\":\"WebSite\",\"@id\":\"https:\\\/\\\/www.realclubmaritimomelilla.es\\\/clmar\\\/#website\",\"url\":\"https:\\\/\\\/www.realclubmaritimomelilla.es\\\/clmar\\\/\",\"name\":\"Real Club Mar\u00edtimo de Melilla\",\"description\":\"RCMM\",\"publisher\":{\"@id\":\"https:\\\/\\\/www.realclubmaritimomelilla.es\\\/clmar\\\/#organization\"},\"alternateName\":\"RCMM\",\"potentialAction\":[{\"@type\":\"SearchAction\",\"target\":{\"@type\":\"EntryPoint\",\"urlTemplate\":\"https:\\\/\\\/www.realclubmaritimomelilla.es\\\/clmar\\\/?s={search_term_string}\"},\"query-input\":{\"@type\":\"PropertyValueSpecification\",\"valueRequired\":true,\"valueName\":\"search_term_string\"}}],\"inLanguage\":\"es\"},{\"@type\":\"Organization\",\"@id\":\"https:\\\/\\\/www.realclubmaritimomelilla.es\\\/clmar\\\/#organization\",\"name\":\"Real Club Mar\u00edtimo de Melilla\",\"alternateName\":\"RCMM\",\"url\":\"https:\\\/\\\/www.realclubmaritimomelilla.es\\\/clmar\\\/\",\"logo\":{\"@type\":\"ImageObject\",\"inLanguage\":\"es\",\"@id\":\"https:\\\/\\\/www.realclubmaritimomelilla.es\\\/clmar\\\/#\\\/schema\\\/logo\\\/image\\\/\",\"url\":\"https:\\\/\\\/www.realclubmaritimomelilla.es\\\/clmar\\\/wp-content\\\/uploads\\\/logo-club-original-copia.jpg\",\"contentUrl\":\"https:\\\/\\\/www.realclubmaritimomelilla.es\\\/clmar\\\/wp-content\\\/uploads\\\/logo-club-original-copia.jpg\",\"width\":128,\"height\":89,\"caption\":\"Real Club Mar\u00edtimo de Melilla\"},\"image\":{\"@id\":\"https:\\\/\\\/www.realclubmaritimomelilla.es\\\/clmar\\\/#\\\/schema\\\/logo\\\/image\\\/\"},\"sameAs\":[\"https:\\\/\\\/www.facebook.com\\\/Real-Club-Mar\u00edtimo-de-Melilla-588495841234214\\\/\",\"https:\\\/\\\/x.com\\\/nauticarcmm\",\"https:\\\/\\\/www.instagram.com\\\/club_maritimo_melilla\\\/\",\"https:\\\/\\\/www.youtube.com\\\/@realclubmaritimodemelilla4703\",\"https:\\\/\\\/es.wikipedia.org\\\/wiki\\\/Real_Club_Mar\u00edtimo_de_Melilla\"]},{\"@type\":\"Person\",\"@id\":\"https:\\\/\\\/www.realclubmaritimomelilla.es\\\/clmar\\\/#\\\/schema\\\/person\\\/ebaa3713496dc6d48c872452e73a8e79\",\"name\":\"RCMMelilla\",\"image\":{\"@type\":\"ImageObject\",\"inLanguage\":\"es\",\"@id\":\"https:\\\/\\\/secure.gravatar.com\\\/avatar\\\/df1c24789360fb9308735c4ee556fc2bc5bf924bf01e53043b8b97ba272da33c?s=96&d=mm&r=g\",\"url\":\"https:\\\/\\\/secure.gravatar.com\\\/avatar\\\/df1c24789360fb9308735c4ee556fc2bc5bf924bf01e53043b8b97ba272da33c?s=96&d=mm&r=g\",\"contentUrl\":\"https:\\\/\\\/secure.gravatar.com\\\/avatar\\\/df1c24789360fb9308735c4ee556fc2bc5bf924bf01e53043b8b97ba272da33c?s=96&d=mm&r=g\",\"caption\":\"RCMMelilla\"}}]}<\/script>\n<!-- \/ Yoast SEO plugin. -->","yoast_head_json":{"title":"EL VIENTO PROTAGONISTA EN LA JORNADA FINAL DE LA VELA LIGERA EN MELILLA - Real Club Mar\u00edtimo de Melilla","description":"EL VIENTO PROTAGONISTA EN LA JORNADA FINAL DE LA VELA LIGERA EN MELILLA -","robots":{"index":"index","follow":"follow","max-snippet":"max-snippet:-1","max-image-preview":"max-image-preview:large","max-video-preview":"max-video-preview:-1"},"canonical":"https:\/\/www.realclubmaritimomelilla.es\/clmar\/viento-protagonista-la-jornada-final-la-vela-ligera-melilla\/","og_locale":"es_ES","og_type":"article","og_title":"EL VIENTO PROTAGONISTA EN LA JORNADA FINAL DE LA VELA LIGERA EN MELILLA - Real Club Mar\u00edtimo de Melilla","og_description":"EL VIENTO PROTAGONISTA EN LA JORNADA FINAL DE LA VELA LIGERA EN MELILLA -","og_url":"https:\/\/www.realclubmaritimomelilla.es\/clmar\/viento-protagonista-la-jornada-final-la-vela-ligera-melilla\/","og_site_name":"Real Club Mar\u00edtimo de Melilla","article_publisher":"https:\/\/www.facebook.com\/Real-Club-Mar%c3%adtimo-de-Melilla-588495841234214\/","article_published_time":"2018-08-04T15:57:16+00:00","article_modified_time":"2021-07-20T09:38:59+00:00","og_image":[{"width":2560,"height":1957,"url":"https:\/\/www.realclubmaritimomelilla.es\/clmar\/wp-content\/uploads\/2018\/08\/Miguel-Due\u00f1as-1-scaled.jpg","type":"image\/jpeg"}],"author":"RCMMelilla","twitter_card":"summary_large_image","twitter_creator":"@nauticarcmm","twitter_site":"@nauticarcmm","twitter_misc":{"Escrito por":"RCMMelilla","Tiempo de lectura":"3 minutos"},"schema":{"@context":"https:\/\/schema.org","@graph":[{"@type":"Article","@id":"https:\/\/www.realclubmaritimomelilla.es\/clmar\/viento-protagonista-la-jornada-final-la-vela-ligera-melilla\/#article","isPartOf":{"@id":"https:\/\/www.realclubmaritimomelilla.es\/clmar\/viento-protagonista-la-jornada-final-la-vela-ligera-melilla\/"},"author":{"name":"RCMMelilla","@id":"https:\/\/www.realclubmaritimomelilla.es\/clmar\/#\/schema\/person\/ebaa3713496dc6d48c872452e73a8e79"},"headline":"EL VIENTO PROTAGONISTA EN LA JORNADA FINAL DE LA VELA LIGERA EN MELILLA","datePublished":"2018-08-04T15:57:16+00:00","dateModified":"2021-07-20T09:38:59+00:00","mainEntityOfPage":{"@id":"https:\/\/www.realclubmaritimomelilla.es\/clmar\/viento-protagonista-la-jornada-final-la-vela-ligera-melilla\/"},"wordCount":614,"commentCount":0,"publisher":{"@id":"https:\/\/www.realclubmaritimomelilla.es\/clmar\/#organization"},"image":{"@id":"https:\/\/www.realclubmaritimomelilla.es\/clmar\/viento-protagonista-la-jornada-final-la-vela-ligera-melilla\/#primaryimage"},"thumbnailUrl":"https:\/\/www.realclubmaritimomelilla.es\/clmar\/wp-content\/uploads\/2018\/08\/Miguel-Due\u00f1as-1-scaled.jpg","articleSection":["Club","N\u00e1utica"],"inLanguage":"es","potentialAction":[{"@type":"CommentAction","name":"Comment","target":["https:\/\/www.realclubmaritimomelilla.es\/clmar\/viento-protagonista-la-jornada-final-la-vela-ligera-melilla\/#respond"]}]},{"@type":"WebPage","@id":"https:\/\/www.realclubmaritimomelilla.es\/clmar\/viento-protagonista-la-jornada-final-la-vela-ligera-melilla\/","url":"https:\/\/www.realclubmaritimomelilla.es\/clmar\/viento-protagonista-la-jornada-final-la-vela-ligera-melilla\/","name":"EL VIENTO PROTAGONISTA EN LA JORNADA FINAL DE LA VELA LIGERA EN MELILLA - Real Club Mar\u00edtimo de Melilla","isPartOf":{"@id":"https:\/\/www.realclubmaritimomelilla.es\/clmar\/#website"},"primaryImageOfPage":{"@id":"https:\/\/www.realclubmaritimomelilla.es\/clmar\/viento-protagonista-la-jornada-final-la-vela-ligera-melilla\/#primaryimage"},"image":{"@id":"https:\/\/www.realclubmaritimomelilla.es\/clmar\/viento-protagonista-la-jornada-final-la-vela-ligera-melilla\/#primaryimage"},"thumbnailUrl":"https:\/\/www.realclubmaritimomelilla.es\/clmar\/wp-content\/uploads\/2018\/08\/Miguel-Due\u00f1as-1-scaled.jpg","datePublished":"2018-08-04T15:57:16+00:00","dateModified":"2021-07-20T09:38:59+00:00","description":"EL VIENTO PROTAGONISTA EN LA JORNADA FINAL DE LA VELA LIGERA EN MELILLA -","breadcrumb":{"@id":"https:\/\/www.realclubmaritimomelilla.es\/clmar\/viento-protagonista-la-jornada-final-la-vela-ligera-melilla\/#breadcrumb"},"inLanguage":"es","potentialAction":[{"@type":"ReadAction","target":["https:\/\/www.realclubmaritimomelilla.es\/clmar\/viento-protagonista-la-jornada-final-la-vela-ligera-melilla\/"]}]},{"@type":"ImageObject","inLanguage":"es","@id":"https:\/\/www.realclubmaritimomelilla.es\/clmar\/viento-protagonista-la-jornada-final-la-vela-ligera-melilla\/#primaryimage","url":"https:\/\/www.realclubmaritimomelilla.es\/clmar\/wp-content\/uploads\/2018\/08\/Miguel-Due\u00f1as-1-scaled.jpg","contentUrl":"https:\/\/www.realclubmaritimomelilla.es\/clmar\/wp-content\/uploads\/2018\/08\/Miguel-Due\u00f1as-1-scaled.jpg","width":2560,"height":1957},{"@type":"BreadcrumbList","@id":"https:\/\/www.realclubmaritimomelilla.es\/clmar\/viento-protagonista-la-jornada-final-la-vela-ligera-melilla\/#breadcrumb","itemListElement":[{"@type":"ListItem","position":1,"name":"Portada","item":"https:\/\/www.realclubmaritimomelilla.es\/clmar\/"},{"@type":"ListItem","position":2,"name":"EL VIENTO PROTAGONISTA EN LA JORNADA FINAL DE LA VELA LIGERA EN MELILLA"}]},{"@type":"WebSite","@id":"https:\/\/www.realclubmaritimomelilla.es\/clmar\/#website","url":"https:\/\/www.realclubmaritimomelilla.es\/clmar\/","name":"Real Club Mar\u00edtimo de Melilla","description":"RCMM","publisher":{"@id":"https:\/\/www.realclubmaritimomelilla.es\/clmar\/#organization"},"alternateName":"RCMM","potentialAction":[{"@type":"SearchAction","target":{"@type":"EntryPoint","urlTemplate":"https:\/\/www.realclubmaritimomelilla.es\/clmar\/?s={search_term_string}"},"query-input":{"@type":"PropertyValueSpecification","valueRequired":true,"valueName":"search_term_string"}}],"inLanguage":"es"},{"@type":"Organization","@id":"https:\/\/www.realclubmaritimomelilla.es\/clmar\/#organization","name":"Real Club Mar\u00edtimo de Melilla","alternateName":"RCMM","url":"https:\/\/www.realclubmaritimomelilla.es\/clmar\/","logo":{"@type":"ImageObject","inLanguage":"es","@id":"https:\/\/www.realclubmaritimomelilla.es\/clmar\/#\/schema\/logo\/image\/","url":"https:\/\/www.realclubmaritimomelilla.es\/clmar\/wp-content\/uploads\/logo-club-original-copia.jpg","contentUrl":"https:\/\/www.realclubmaritimomelilla.es\/clmar\/wp-content\/uploads\/logo-club-original-copia.jpg","width":128,"height":89,"caption":"Real Club Mar\u00edtimo de Melilla"},"image":{"@id":"https:\/\/www.realclubmaritimomelilla.es\/clmar\/#\/schema\/logo\/image\/"},"sameAs":["https:\/\/www.facebook.com\/Real-Club-Mar\u00edtimo-de-Melilla-588495841234214\/","https:\/\/x.com\/nauticarcmm","https:\/\/www.instagram.com\/club_maritimo_melilla\/","https:\/\/www.youtube.com\/@realclubmaritimodemelilla4703","https:\/\/es.wikipedia.org\/wiki\/Real_Club_Mar\u00edtimo_de_Melilla"]},{"@type":"Person","@id":"https:\/\/www.realclubmaritimomelilla.es\/clmar\/#\/schema\/person\/ebaa3713496dc6d48c872452e73a8e79","name":"RCMMelilla","image":{"@type":"ImageObject","inLanguage":"es","@id":"https:\/\/secure.gravatar.com\/avatar\/df1c24789360fb9308735c4ee556fc2bc5bf924bf01e53043b8b97ba272da33c?s=96&d=mm&r=g","url":"https:\/\/secure.gravatar.com\/avatar\/df1c24789360fb9308735c4ee556fc2bc5bf924bf01e53043b8b97ba272da33c?s=96&d=mm&r=g","contentUrl":"https:\/\/secure.gravatar.com\/avatar\/df1c24789360fb9308735c4ee556fc2bc5bf924bf01e53043b8b97ba272da33c?s=96&d=mm&r=g","caption":"RCMMelilla"}}]}},"_links":{"self":[{"href":"https:\/\/www.realclubmaritimomelilla.es\/clmar\/wp-json\/wp\/v2\/posts\/13854","targetHints":{"allow":["GET"]}}],"collection":[{"href":"https:\/\/www.realclubmaritimomelilla.es\/clmar\/wp-json\/wp\/v2\/posts"}],"about":[{"href":"https:\/\/www.realclubmaritimomelilla.es\/clmar\/wp-json\/wp\/v2\/types\/post"}],"author":[{"embeddable":true,"href":"https:\/\/www.realclubmaritimomelilla.es\/clmar\/wp-json\/wp\/v2\/users\/1"}],"replies":[{"embeddable":true,"href":"https:\/\/www.realclubmaritimomelilla.es\/clmar\/wp-json\/wp\/v2\/comments?post=13854"}],"version-history":[{"count":2,"href":"https:\/\/www.realclubmaritimomelilla.es\/clmar\/wp-json\/wp\/v2\/posts\/13854\/revisions"}],"predecessor-version":[{"id":16033,"href":"https:\/\/www.realclubmaritimomelilla.es\/clmar\/wp-json\/wp\/v2\/posts\/13854\/revisions\/16033"}],"wp:featuredmedia":[{"embeddable":true,"href":"https:\/\/www.realclubmaritimomelilla.es\/clmar\/wp-json\/wp\/v2\/media\/13857"}],"wp:attachment":[{"href":"https:\/\/www.realclubmaritimomelilla.es\/clmar\/wp-json\/wp\/v2\/media?parent=13854"}],"wp:term":[{"taxonomy":"category","embeddable":true,"href":"https:\/\/www.realclubmaritimomelilla.es\/clmar\/wp-json\/wp\/v2\/categories?post=13854"},{"taxonomy":"post_tag","embeddable":true,"href":"https:\/\/www.realclubmaritimomelilla.es\/clmar\/wp-json\/wp\/v2\/tags?post=13854"}],"curies":[{"name":"wp","href":"https:\/\/api.w.org\/{rel}","templated":true}]}}