{"id":13842,"date":"2018-08-03T17:44:27","date_gmt":"2018-08-03T17:44:27","guid":{"rendered":"http:\/\/www.clubmaritimomelilla.es\/clmar\/?p=13842"},"modified":"2021-07-20T11:38:59","modified_gmt":"2021-07-20T09:38:59","slug":"la-semana-nautica-ciudad-melilla-vela-ligera-cumple-guion","status":"publish","type":"post","link":"https:\/\/www.realclubmaritimomelilla.es\/clmar\/la-semana-nautica-ciudad-melilla-vela-ligera-cumple-guion\/","title":{"rendered":"LA SEMANA N\u00c1UTICA CIUDAD DE MELILLA DE VELA LIGERA CUMPLE EL GUI\u00d3N"},"content":{"rendered":"<div>\n<div class=\"fusion-fullwidth fullwidth-box fusion-builder-row-1 hundred-percent-fullwidth non-hundred-percent-height-scrolling\" style=\"background-color: #ffffff;background-position: center center;background-repeat: no-repeat;padding-top:0px;padding-right:0px;padding-bottom:0px;padding-left:0px;margin-bottom: 0px;margin-top: 0px;border-width: 0px 0px 0px 0px;border-color:#eae9e9;border-style:solid;\" ><div class=\"fusion-builder-row fusion-row\"><div class=\"fusion-layout-column fusion_builder_column fusion-builder-column-0 fusion_builder_column_1_1 1_1 fusion-one-full fusion-column-first fusion-column-last fusion-column-no-min-height\" style=\"margin-top:0px;margin-bottom:0px;\"><div class=\"fusion-column-wrapper fusion-flex-column-wrapper-legacy\" style=\"background-position:left top;background-repeat:no-repeat;-webkit-background-size:cover;-moz-background-size:cover;-o-background-size:cover;background-size:cover;padding: 0px 0px 0px 0px;\">\n\t\t<style type=\"text\/css\">\n\t\t\t#gallery-1 {\n\t\t\t\tmargin: auto;\n\t\t\t}\n\t\t\t#gallery-1 .gallery-item {\n\t\t\t\tfloat: left;\n\t\t\t\tmargin-top: 10px;\n\t\t\t\ttext-align: center;\n\t\t\t\twidth: 33%;\n\t\t\t}\n\t\t\t#gallery-1 img {\n\t\t\t\tborder: 2px solid #cfcfcf;\n\t\t\t}\n\t\t\t#gallery-1 .gallery-caption {\n\t\t\t\tmargin-left: 0;\n\t\t\t}\n\t\t\t\/* see gallery_shortcode() in wp-includes\/media.php *\/\n\t\t<\/style>\n\t\t<div id='gallery-1' class='gallery galleryid-13842 gallery-columns-3 gallery-size-thumbnail'><dl class='gallery-item'>\n\t\t\t<dt class='gallery-icon landscape'>\n\t\t\t\t<a data-rel=\"iLightbox[postimages]\" data-title=\"Miguel Due\u00f1as\" data-caption=\"\" href='https:\/\/www.realclubmaritimomelilla.es\/clmar\/la-semana-nautica-ciudad-melilla-vela-ligera-cumple-guion\/miguel-duenas-3\/'><img decoding=\"async\" width=\"150\" height=\"150\" src=\"https:\/\/www.realclubmaritimomelilla.es\/clmar\/wp-content\/uploads\/2018\/08\/Miguel-Due\u00f1as-150x150.jpg\" class=\"attachment-thumbnail size-thumbnail\" alt=\"\" srcset=\"https:\/\/www.realclubmaritimomelilla.es\/clmar\/wp-content\/uploads\/2018\/08\/Miguel-Due\u00f1as-scaled-50x50.jpg 50w, https:\/\/www.realclubmaritimomelilla.es\/clmar\/wp-content\/uploads\/2018\/08\/Miguel-Due\u00f1as-66x66.jpg 66w, https:\/\/www.realclubmaritimomelilla.es\/clmar\/wp-content\/uploads\/2018\/08\/Miguel-Due\u00f1as-150x150.jpg 150w, https:\/\/www.realclubmaritimomelilla.es\/clmar\/wp-content\/uploads\/2018\/08\/Miguel-Due\u00f1as-scaled-300x300.jpg 300w\" sizes=\"(max-width: 150px) 100vw, 150px\" \/><\/a>\n\t\t\t<\/dt><\/dl><dl class='gallery-item'>\n\t\t\t<dt class='gallery-icon landscape'>\n\t\t\t\t<a data-rel=\"iLightbox[postimages]\" data-title=\"Alfie Banister\" data-caption=\"\" href='https:\/\/www.realclubmaritimomelilla.es\/clmar\/la-semana-nautica-ciudad-melilla-vela-ligera-cumple-guion\/alfie-banister\/'><img decoding=\"async\" width=\"150\" height=\"150\" src=\"https:\/\/www.realclubmaritimomelilla.es\/clmar\/wp-content\/uploads\/2018\/08\/Alfie-Banister-150x150.jpg\" class=\"attachment-thumbnail size-thumbnail\" alt=\"\" srcset=\"https:\/\/www.realclubmaritimomelilla.es\/clmar\/wp-content\/uploads\/2018\/08\/Alfie-Banister-scaled-50x50.jpg 50w, https:\/\/www.realclubmaritimomelilla.es\/clmar\/wp-content\/uploads\/2018\/08\/Alfie-Banister-66x66.jpg 66w, https:\/\/www.realclubmaritimomelilla.es\/clmar\/wp-content\/uploads\/2018\/08\/Alfie-Banister-150x150.jpg 150w, https:\/\/www.realclubmaritimomelilla.es\/clmar\/wp-content\/uploads\/2018\/08\/Alfie-Banister-scaled-300x300.jpg 300w\" sizes=\"(max-width: 150px) 100vw, 150px\" \/><\/a>\n\t\t\t<\/dt><\/dl><dl class='gallery-item'>\n\t\t\t<dt class='gallery-icon landscape'>\n\t\t\t\t<a data-rel=\"iLightbox[postimages]\" data-title=\"Arturo Arauz\" data-caption=\"\" href='https:\/\/www.realclubmaritimomelilla.es\/clmar\/la-semana-nautica-ciudad-melilla-vela-ligera-cumple-guion\/arturo-arauz\/'><img decoding=\"async\" width=\"150\" height=\"150\" src=\"https:\/\/www.realclubmaritimomelilla.es\/clmar\/wp-content\/uploads\/2018\/08\/Arturo-Arauz-150x150.jpg\" class=\"attachment-thumbnail size-thumbnail\" alt=\"\" srcset=\"https:\/\/www.realclubmaritimomelilla.es\/clmar\/wp-content\/uploads\/2018\/08\/Arturo-Arauz-scaled-50x50.jpg 50w, https:\/\/www.realclubmaritimomelilla.es\/clmar\/wp-content\/uploads\/2018\/08\/Arturo-Arauz-66x66.jpg 66w, https:\/\/www.realclubmaritimomelilla.es\/clmar\/wp-content\/uploads\/2018\/08\/Arturo-Arauz-150x150.jpg 150w, https:\/\/www.realclubmaritimomelilla.es\/clmar\/wp-content\/uploads\/2018\/08\/Arturo-Arauz-scaled-300x300.jpg 300w\" sizes=\"(max-width: 150px) 100vw, 150px\" \/><\/a>\n\t\t\t<\/dt><\/dl><br style=\"clear: both\" \/>\n\t\t<\/div>\n\n<\/div>\n<div>Alejandro Arauz (optimist), Miguel Due\u00f1as (l\u00e1ser radial) y Alfie Banister (l\u00e1ser 4.7) se han colocado l\u00edderes provisionales en la VI Semana N\u00e1utica de vela ligera que hoy ha continuado en la ciudad aut\u00f3noma con la entrada en acci\u00f3n de tres nuevas clases. El Comit\u00e9 ha cumplido con lo establecido en el gui\u00f3n y ha completado las tres mangas previstas, aunque para ello haya tenido que cambiar el campo de regata para cada salida.<\/div>\n<div><\/div>\n<div>Una jornada intensa, que comenzaba desde primera hora en la marina seca y el resto de instalaciones del Club Mar\u00edtimo de Melilla, donde se ha dado cita una flota de m\u00e1s de cien unidades y trece clubes n\u00e1uticos distintos.<\/div>\n<div><\/div>\n<div>Fidel Mart\u00ednez y Carlos Mu\u00f1oz, responsables de dicho Comit\u00e9, han sido puntuales y han aprovechado que a la hora de inicio, las 12:30h., el viento se manten\u00eda en los cinco nudos procedentes del 090\u00ba para arrancar la competici\u00f3n con la primera salida para los optimist.<\/div>\n<div><\/div>\n<div>Una vez finalizada la prueba para toda la flota, incluidos los l\u00e1ser radial y 4.7, se iniciaba un comp\u00e1s de espera, para conseguir dar la salida una hora despu\u00e9s con tres nudos y direcci\u00f3n al 060\u00ba. Aunque para la tercera manga ha subido la intensidad, el recorrido se ha tenido que montar rumbo al 030\u00ba.<\/div>\n<div><\/div>\n<div>Alejandro Arauz, del CN Puerto Cherry, se ha colocado l\u00edder provisional en optimist tras ser el m\u00e1s regular de los regatistas del grupo de cabeza, con dos primeros puestos y un tercero. De esta forma, superaba a la almeriense Mercedes Bautista (CM Almer\u00eda), que tras pinchar en la primera manga con un s\u00e9ptimo lugar ha reaccionado para lograr dos primeros puestos en las siguientes pruebas, que no le han sido suficiente para alcanzar el liderato provisional. Tercera se ha colocado Mar\u00eda Checa, del CN Fuengirola, empatada a puntos con la segunda, pero con peores posiciones en las dos \u00faltimas mangas.<\/div>\n<div><\/div>\n<div>La clase l\u00e1ser 4.7 ha estado dominada por la flota del CN de Benalm\u00e1dena. Los primeros puestos son para sus regatistas encabezados con clara ventaja por Alfie Banister, seguido por Carlos S\u00e1nchez y Jordi Soler.<\/div>\n<div><\/div>\n<div>Miguel Due\u00f1as, con tres primeros puestos, ha sido el gran dominador de la clase l\u00e1ser radial. En segunda posici\u00f3n se ha colocado Israel Mart\u00ednez y tercera Alba Mu\u00f1oz. Todos ellos de la flota del Real Club Mar\u00edtimo de Melilla.<\/div>\n<div><\/div>\n<div>Para este s\u00e1bado, segunda y definitiva jornada de la VI Semana N\u00e1utica de Vela Ligera, se adelanta la salida a las 12:00 horas y la clausura y entrega de trofeos ser\u00e1 a las 19:00 horas en la sala de conferencias del Real Club Mar\u00edtimo de Melilla.<\/div>\n<div class=\"fusion-clearfix\"><\/div><\/div><\/div><\/div><style type=\"text\/css\">.fusion-fullwidth.fusion-builder-row-1 { overflow:visible; }<\/style><\/div>\n","protected":false},"excerpt":{"rendered":"","protected":false},"author":1,"featured_media":13845,"comment_status":"open","ping_status":"open","sticky":false,"template":"","format":"standard","meta":{"_acf_changed":false,"footnotes":""},"categories":[40,38],"tags":[],"class_list":["post-13842","post","type-post","status-publish","format-standard","has-post-thumbnail","hentry","category-club","category-nautica"],"acf":[],"yoast_head":"<!-- This site is optimized with the Yoast SEO plugin v27.5 - https:\/\/yoast.com\/product\/yoast-seo-wordpress\/ -->\n<title>LA SEMANA N\u00c1UTICA CIUDAD DE MELILLA DE VELA LIGERA CUMPLE EL GUI\u00d3N - Real Club Mar\u00edtimo de Melilla<\/title>\n<meta name=\"description\" content=\"LA SEMANA N\u00c1UTICA CIUDAD DE MELILLA DE VELA LIGERA CUMPLE EL GUI\u00d3N -\" \/>\n<meta name=\"robots\" content=\"index, follow, max-snippet:-1, max-image-preview:large, max-video-preview:-1\" \/>\n<link rel=\"canonical\" href=\"https:\/\/www.realclubmaritimomelilla.es\/clmar\/la-semana-nautica-ciudad-melilla-vela-ligera-cumple-guion\/\" \/>\n<meta property=\"og:locale\" content=\"es_ES\" \/>\n<meta property=\"og:type\" content=\"article\" \/>\n<meta property=\"og:title\" content=\"LA SEMANA N\u00c1UTICA CIUDAD DE MELILLA DE VELA LIGERA CUMPLE EL GUI\u00d3N - Real Club Mar\u00edtimo de Melilla\" \/>\n<meta property=\"og:description\" content=\"LA SEMANA N\u00c1UTICA CIUDAD DE MELILLA DE VELA LIGERA CUMPLE EL GUI\u00d3N -\" \/>\n<meta property=\"og:url\" content=\"https:\/\/www.realclubmaritimomelilla.es\/clmar\/la-semana-nautica-ciudad-melilla-vela-ligera-cumple-guion\/\" \/>\n<meta property=\"og:site_name\" content=\"Real Club Mar\u00edtimo de Melilla\" \/>\n<meta property=\"article:publisher\" content=\"https:\/\/www.facebook.com\/Real-Club-Mar%c3%adtimo-de-Melilla-588495841234214\/\" \/>\n<meta property=\"article:published_time\" content=\"2018-08-03T17:44:27+00:00\" \/>\n<meta property=\"article:modified_time\" content=\"2021-07-20T09:38:59+00:00\" \/>\n<meta property=\"og:image\" content=\"https:\/\/www.realclubmaritimomelilla.es\/clmar\/wp-content\/uploads\/2018\/08\/Miguel-Due\u00f1as-scaled.jpg\" \/>\n\t<meta property=\"og:image:width\" content=\"2560\" \/>\n\t<meta property=\"og:image:height\" content=\"2048\" \/>\n\t<meta property=\"og:image:type\" content=\"image\/jpeg\" \/>\n<meta name=\"author\" content=\"RCMMelilla\" \/>\n<meta name=\"twitter:card\" content=\"summary_large_image\" \/>\n<meta name=\"twitter:creator\" content=\"@nauticarcmm\" \/>\n<meta name=\"twitter:site\" content=\"@nauticarcmm\" \/>\n<meta name=\"twitter:label1\" content=\"Escrito por\" \/>\n\t<meta name=\"twitter:data1\" content=\"RCMMelilla\" \/>\n\t<meta name=\"twitter:label2\" content=\"Tiempo de lectura\" \/>\n\t<meta name=\"twitter:data2\" content=\"3 minutos\" \/>\n<script type=\"application\/ld+json\" class=\"yoast-schema-graph\">{\"@context\":\"https:\\\/\\\/schema.org\",\"@graph\":[{\"@type\":\"Article\",\"@id\":\"https:\\\/\\\/www.realclubmaritimomelilla.es\\\/clmar\\\/la-semana-nautica-ciudad-melilla-vela-ligera-cumple-guion\\\/#article\",\"isPartOf\":{\"@id\":\"https:\\\/\\\/www.realclubmaritimomelilla.es\\\/clmar\\\/la-semana-nautica-ciudad-melilla-vela-ligera-cumple-guion\\\/\"},\"author\":{\"name\":\"RCMMelilla\",\"@id\":\"https:\\\/\\\/www.realclubmaritimomelilla.es\\\/clmar\\\/#\\\/schema\\\/person\\\/ebaa3713496dc6d48c872452e73a8e79\"},\"headline\":\"LA SEMANA N\u00c1UTICA CIUDAD DE MELILLA DE VELA LIGERA CUMPLE EL GUI\u00d3N\",\"datePublished\":\"2018-08-03T17:44:27+00:00\",\"dateModified\":\"2021-07-20T09:38:59+00:00\",\"mainEntityOfPage\":{\"@id\":\"https:\\\/\\\/www.realclubmaritimomelilla.es\\\/clmar\\\/la-semana-nautica-ciudad-melilla-vela-ligera-cumple-guion\\\/\"},\"wordCount\":546,\"commentCount\":0,\"publisher\":{\"@id\":\"https:\\\/\\\/www.realclubmaritimomelilla.es\\\/clmar\\\/#organization\"},\"image\":{\"@id\":\"https:\\\/\\\/www.realclubmaritimomelilla.es\\\/clmar\\\/la-semana-nautica-ciudad-melilla-vela-ligera-cumple-guion\\\/#primaryimage\"},\"thumbnailUrl\":\"https:\\\/\\\/www.realclubmaritimomelilla.es\\\/clmar\\\/wp-content\\\/uploads\\\/2018\\\/08\\\/Miguel-Due\u00f1as-scaled.jpg\",\"articleSection\":[\"Club\",\"N\u00e1utica\"],\"inLanguage\":\"es\",\"potentialAction\":[{\"@type\":\"CommentAction\",\"name\":\"Comment\",\"target\":[\"https:\\\/\\\/www.realclubmaritimomelilla.es\\\/clmar\\\/la-semana-nautica-ciudad-melilla-vela-ligera-cumple-guion\\\/#respond\"]}]},{\"@type\":\"WebPage\",\"@id\":\"https:\\\/\\\/www.realclubmaritimomelilla.es\\\/clmar\\\/la-semana-nautica-ciudad-melilla-vela-ligera-cumple-guion\\\/\",\"url\":\"https:\\\/\\\/www.realclubmaritimomelilla.es\\\/clmar\\\/la-semana-nautica-ciudad-melilla-vela-ligera-cumple-guion\\\/\",\"name\":\"LA SEMANA N\u00c1UTICA CIUDAD DE MELILLA DE VELA LIGERA CUMPLE EL GUI\u00d3N - Real Club Mar\u00edtimo de Melilla\",\"isPartOf\":{\"@id\":\"https:\\\/\\\/www.realclubmaritimomelilla.es\\\/clmar\\\/#website\"},\"primaryImageOfPage\":{\"@id\":\"https:\\\/\\\/www.realclubmaritimomelilla.es\\\/clmar\\\/la-semana-nautica-ciudad-melilla-vela-ligera-cumple-guion\\\/#primaryimage\"},\"image\":{\"@id\":\"https:\\\/\\\/www.realclubmaritimomelilla.es\\\/clmar\\\/la-semana-nautica-ciudad-melilla-vela-ligera-cumple-guion\\\/#primaryimage\"},\"thumbnailUrl\":\"https:\\\/\\\/www.realclubmaritimomelilla.es\\\/clmar\\\/wp-content\\\/uploads\\\/2018\\\/08\\\/Miguel-Due\u00f1as-scaled.jpg\",\"datePublished\":\"2018-08-03T17:44:27+00:00\",\"dateModified\":\"2021-07-20T09:38:59+00:00\",\"description\":\"LA SEMANA N\u00c1UTICA CIUDAD DE MELILLA DE VELA LIGERA CUMPLE EL GUI\u00d3N -\",\"breadcrumb\":{\"@id\":\"https:\\\/\\\/www.realclubmaritimomelilla.es\\\/clmar\\\/la-semana-nautica-ciudad-melilla-vela-ligera-cumple-guion\\\/#breadcrumb\"},\"inLanguage\":\"es\",\"potentialAction\":[{\"@type\":\"ReadAction\",\"target\":[\"https:\\\/\\\/www.realclubmaritimomelilla.es\\\/clmar\\\/la-semana-nautica-ciudad-melilla-vela-ligera-cumple-guion\\\/\"]}]},{\"@type\":\"ImageObject\",\"inLanguage\":\"es\",\"@id\":\"https:\\\/\\\/www.realclubmaritimomelilla.es\\\/clmar\\\/la-semana-nautica-ciudad-melilla-vela-ligera-cumple-guion\\\/#primaryimage\",\"url\":\"https:\\\/\\\/www.realclubmaritimomelilla.es\\\/clmar\\\/wp-content\\\/uploads\\\/2018\\\/08\\\/Miguel-Due\u00f1as-scaled.jpg\",\"contentUrl\":\"https:\\\/\\\/www.realclubmaritimomelilla.es\\\/clmar\\\/wp-content\\\/uploads\\\/2018\\\/08\\\/Miguel-Due\u00f1as-scaled.jpg\",\"width\":2560,\"height\":2048},{\"@type\":\"BreadcrumbList\",\"@id\":\"https:\\\/\\\/www.realclubmaritimomelilla.es\\\/clmar\\\/la-semana-nautica-ciudad-melilla-vela-ligera-cumple-guion\\\/#breadcrumb\",\"itemListElement\":[{\"@type\":\"ListItem\",\"position\":1,\"name\":\"Portada\",\"item\":\"https:\\\/\\\/www.realclubmaritimomelilla.es\\\/clmar\\\/\"},{\"@type\":\"ListItem\",\"position\":2,\"name\":\"LA SEMANA N\u00c1UTICA CIUDAD DE MELILLA DE VELA LIGERA CUMPLE EL GUI\u00d3N\"}]},{\"@type\":\"WebSite\",\"@id\":\"https:\\\/\\\/www.realclubmaritimomelilla.es\\\/clmar\\\/#website\",\"url\":\"https:\\\/\\\/www.realclubmaritimomelilla.es\\\/clmar\\\/\",\"name\":\"Real Club Mar\u00edtimo de Melilla\",\"description\":\"RCMM\",\"publisher\":{\"@id\":\"https:\\\/\\\/www.realclubmaritimomelilla.es\\\/clmar\\\/#organization\"},\"alternateName\":\"RCMM\",\"potentialAction\":[{\"@type\":\"SearchAction\",\"target\":{\"@type\":\"EntryPoint\",\"urlTemplate\":\"https:\\\/\\\/www.realclubmaritimomelilla.es\\\/clmar\\\/?s={search_term_string}\"},\"query-input\":{\"@type\":\"PropertyValueSpecification\",\"valueRequired\":true,\"valueName\":\"search_term_string\"}}],\"inLanguage\":\"es\"},{\"@type\":\"Organization\",\"@id\":\"https:\\\/\\\/www.realclubmaritimomelilla.es\\\/clmar\\\/#organization\",\"name\":\"Real Club Mar\u00edtimo de Melilla\",\"alternateName\":\"RCMM\",\"url\":\"https:\\\/\\\/www.realclubmaritimomelilla.es\\\/clmar\\\/\",\"logo\":{\"@type\":\"ImageObject\",\"inLanguage\":\"es\",\"@id\":\"https:\\\/\\\/www.realclubmaritimomelilla.es\\\/clmar\\\/#\\\/schema\\\/logo\\\/image\\\/\",\"url\":\"https:\\\/\\\/www.realclubmaritimomelilla.es\\\/clmar\\\/wp-content\\\/uploads\\\/logo-club-original-copia.jpg\",\"contentUrl\":\"https:\\\/\\\/www.realclubmaritimomelilla.es\\\/clmar\\\/wp-content\\\/uploads\\\/logo-club-original-copia.jpg\",\"width\":128,\"height\":89,\"caption\":\"Real Club Mar\u00edtimo de Melilla\"},\"image\":{\"@id\":\"https:\\\/\\\/www.realclubmaritimomelilla.es\\\/clmar\\\/#\\\/schema\\\/logo\\\/image\\\/\"},\"sameAs\":[\"https:\\\/\\\/www.facebook.com\\\/Real-Club-Mar\u00edtimo-de-Melilla-588495841234214\\\/\",\"https:\\\/\\\/x.com\\\/nauticarcmm\",\"https:\\\/\\\/www.instagram.com\\\/club_maritimo_melilla\\\/\",\"https:\\\/\\\/www.youtube.com\\\/@realclubmaritimodemelilla4703\",\"https:\\\/\\\/es.wikipedia.org\\\/wiki\\\/Real_Club_Mar\u00edtimo_de_Melilla\"]},{\"@type\":\"Person\",\"@id\":\"https:\\\/\\\/www.realclubmaritimomelilla.es\\\/clmar\\\/#\\\/schema\\\/person\\\/ebaa3713496dc6d48c872452e73a8e79\",\"name\":\"RCMMelilla\",\"image\":{\"@type\":\"ImageObject\",\"inLanguage\":\"es\",\"@id\":\"https:\\\/\\\/secure.gravatar.com\\\/avatar\\\/df1c24789360fb9308735c4ee556fc2bc5bf924bf01e53043b8b97ba272da33c?s=96&d=mm&r=g\",\"url\":\"https:\\\/\\\/secure.gravatar.com\\\/avatar\\\/df1c24789360fb9308735c4ee556fc2bc5bf924bf01e53043b8b97ba272da33c?s=96&d=mm&r=g\",\"contentUrl\":\"https:\\\/\\\/secure.gravatar.com\\\/avatar\\\/df1c24789360fb9308735c4ee556fc2bc5bf924bf01e53043b8b97ba272da33c?s=96&d=mm&r=g\",\"caption\":\"RCMMelilla\"}}]}<\/script>\n<!-- \/ Yoast SEO plugin. -->","yoast_head_json":{"title":"LA SEMANA N\u00c1UTICA CIUDAD DE MELILLA DE VELA LIGERA CUMPLE EL GUI\u00d3N - Real Club Mar\u00edtimo de Melilla","description":"LA SEMANA N\u00c1UTICA CIUDAD DE MELILLA DE VELA LIGERA CUMPLE EL GUI\u00d3N -","robots":{"index":"index","follow":"follow","max-snippet":"max-snippet:-1","max-image-preview":"max-image-preview:large","max-video-preview":"max-video-preview:-1"},"canonical":"https:\/\/www.realclubmaritimomelilla.es\/clmar\/la-semana-nautica-ciudad-melilla-vela-ligera-cumple-guion\/","og_locale":"es_ES","og_type":"article","og_title":"LA SEMANA N\u00c1UTICA CIUDAD DE MELILLA DE VELA LIGERA CUMPLE EL GUI\u00d3N - Real Club Mar\u00edtimo de Melilla","og_description":"LA SEMANA N\u00c1UTICA CIUDAD DE MELILLA DE VELA LIGERA CUMPLE EL GUI\u00d3N -","og_url":"https:\/\/www.realclubmaritimomelilla.es\/clmar\/la-semana-nautica-ciudad-melilla-vela-ligera-cumple-guion\/","og_site_name":"Real Club Mar\u00edtimo de Melilla","article_publisher":"https:\/\/www.facebook.com\/Real-Club-Mar%c3%adtimo-de-Melilla-588495841234214\/","article_published_time":"2018-08-03T17:44:27+00:00","article_modified_time":"2021-07-20T09:38:59+00:00","og_image":[{"width":2560,"height":2048,"url":"https:\/\/www.realclubmaritimomelilla.es\/clmar\/wp-content\/uploads\/2018\/08\/Miguel-Due\u00f1as-scaled.jpg","type":"image\/jpeg"}],"author":"RCMMelilla","twitter_card":"summary_large_image","twitter_creator":"@nauticarcmm","twitter_site":"@nauticarcmm","twitter_misc":{"Escrito por":"RCMMelilla","Tiempo de lectura":"3 minutos"},"schema":{"@context":"https:\/\/schema.org","@graph":[{"@type":"Article","@id":"https:\/\/www.realclubmaritimomelilla.es\/clmar\/la-semana-nautica-ciudad-melilla-vela-ligera-cumple-guion\/#article","isPartOf":{"@id":"https:\/\/www.realclubmaritimomelilla.es\/clmar\/la-semana-nautica-ciudad-melilla-vela-ligera-cumple-guion\/"},"author":{"name":"RCMMelilla","@id":"https:\/\/www.realclubmaritimomelilla.es\/clmar\/#\/schema\/person\/ebaa3713496dc6d48c872452e73a8e79"},"headline":"LA SEMANA N\u00c1UTICA CIUDAD DE MELILLA DE VELA LIGERA CUMPLE EL GUI\u00d3N","datePublished":"2018-08-03T17:44:27+00:00","dateModified":"2021-07-20T09:38:59+00:00","mainEntityOfPage":{"@id":"https:\/\/www.realclubmaritimomelilla.es\/clmar\/la-semana-nautica-ciudad-melilla-vela-ligera-cumple-guion\/"},"wordCount":546,"commentCount":0,"publisher":{"@id":"https:\/\/www.realclubmaritimomelilla.es\/clmar\/#organization"},"image":{"@id":"https:\/\/www.realclubmaritimomelilla.es\/clmar\/la-semana-nautica-ciudad-melilla-vela-ligera-cumple-guion\/#primaryimage"},"thumbnailUrl":"https:\/\/www.realclubmaritimomelilla.es\/clmar\/wp-content\/uploads\/2018\/08\/Miguel-Due\u00f1as-scaled.jpg","articleSection":["Club","N\u00e1utica"],"inLanguage":"es","potentialAction":[{"@type":"CommentAction","name":"Comment","target":["https:\/\/www.realclubmaritimomelilla.es\/clmar\/la-semana-nautica-ciudad-melilla-vela-ligera-cumple-guion\/#respond"]}]},{"@type":"WebPage","@id":"https:\/\/www.realclubmaritimomelilla.es\/clmar\/la-semana-nautica-ciudad-melilla-vela-ligera-cumple-guion\/","url":"https:\/\/www.realclubmaritimomelilla.es\/clmar\/la-semana-nautica-ciudad-melilla-vela-ligera-cumple-guion\/","name":"LA SEMANA N\u00c1UTICA CIUDAD DE MELILLA DE VELA LIGERA CUMPLE EL GUI\u00d3N - Real Club Mar\u00edtimo de Melilla","isPartOf":{"@id":"https:\/\/www.realclubmaritimomelilla.es\/clmar\/#website"},"primaryImageOfPage":{"@id":"https:\/\/www.realclubmaritimomelilla.es\/clmar\/la-semana-nautica-ciudad-melilla-vela-ligera-cumple-guion\/#primaryimage"},"image":{"@id":"https:\/\/www.realclubmaritimomelilla.es\/clmar\/la-semana-nautica-ciudad-melilla-vela-ligera-cumple-guion\/#primaryimage"},"thumbnailUrl":"https:\/\/www.realclubmaritimomelilla.es\/clmar\/wp-content\/uploads\/2018\/08\/Miguel-Due\u00f1as-scaled.jpg","datePublished":"2018-08-03T17:44:27+00:00","dateModified":"2021-07-20T09:38:59+00:00","description":"LA SEMANA N\u00c1UTICA CIUDAD DE MELILLA DE VELA LIGERA CUMPLE EL GUI\u00d3N -","breadcrumb":{"@id":"https:\/\/www.realclubmaritimomelilla.es\/clmar\/la-semana-nautica-ciudad-melilla-vela-ligera-cumple-guion\/#breadcrumb"},"inLanguage":"es","potentialAction":[{"@type":"ReadAction","target":["https:\/\/www.realclubmaritimomelilla.es\/clmar\/la-semana-nautica-ciudad-melilla-vela-ligera-cumple-guion\/"]}]},{"@type":"ImageObject","inLanguage":"es","@id":"https:\/\/www.realclubmaritimomelilla.es\/clmar\/la-semana-nautica-ciudad-melilla-vela-ligera-cumple-guion\/#primaryimage","url":"https:\/\/www.realclubmaritimomelilla.es\/clmar\/wp-content\/uploads\/2018\/08\/Miguel-Due\u00f1as-scaled.jpg","contentUrl":"https:\/\/www.realclubmaritimomelilla.es\/clmar\/wp-content\/uploads\/2018\/08\/Miguel-Due\u00f1as-scaled.jpg","width":2560,"height":2048},{"@type":"BreadcrumbList","@id":"https:\/\/www.realclubmaritimomelilla.es\/clmar\/la-semana-nautica-ciudad-melilla-vela-ligera-cumple-guion\/#breadcrumb","itemListElement":[{"@type":"ListItem","position":1,"name":"Portada","item":"https:\/\/www.realclubmaritimomelilla.es\/clmar\/"},{"@type":"ListItem","position":2,"name":"LA SEMANA N\u00c1UTICA CIUDAD DE MELILLA DE VELA LIGERA CUMPLE EL GUI\u00d3N"}]},{"@type":"WebSite","@id":"https:\/\/www.realclubmaritimomelilla.es\/clmar\/#website","url":"https:\/\/www.realclubmaritimomelilla.es\/clmar\/","name":"Real Club Mar\u00edtimo de Melilla","description":"RCMM","publisher":{"@id":"https:\/\/www.realclubmaritimomelilla.es\/clmar\/#organization"},"alternateName":"RCMM","potentialAction":[{"@type":"SearchAction","target":{"@type":"EntryPoint","urlTemplate":"https:\/\/www.realclubmaritimomelilla.es\/clmar\/?s={search_term_string}"},"query-input":{"@type":"PropertyValueSpecification","valueRequired":true,"valueName":"search_term_string"}}],"inLanguage":"es"},{"@type":"Organization","@id":"https:\/\/www.realclubmaritimomelilla.es\/clmar\/#organization","name":"Real Club Mar\u00edtimo de Melilla","alternateName":"RCMM","url":"https:\/\/www.realclubmaritimomelilla.es\/clmar\/","logo":{"@type":"ImageObject","inLanguage":"es","@id":"https:\/\/www.realclubmaritimomelilla.es\/clmar\/#\/schema\/logo\/image\/","url":"https:\/\/www.realclubmaritimomelilla.es\/clmar\/wp-content\/uploads\/logo-club-original-copia.jpg","contentUrl":"https:\/\/www.realclubmaritimomelilla.es\/clmar\/wp-content\/uploads\/logo-club-original-copia.jpg","width":128,"height":89,"caption":"Real Club Mar\u00edtimo de Melilla"},"image":{"@id":"https:\/\/www.realclubmaritimomelilla.es\/clmar\/#\/schema\/logo\/image\/"},"sameAs":["https:\/\/www.facebook.com\/Real-Club-Mar\u00edtimo-de-Melilla-588495841234214\/","https:\/\/x.com\/nauticarcmm","https:\/\/www.instagram.com\/club_maritimo_melilla\/","https:\/\/www.youtube.com\/@realclubmaritimodemelilla4703","https:\/\/es.wikipedia.org\/wiki\/Real_Club_Mar\u00edtimo_de_Melilla"]},{"@type":"Person","@id":"https:\/\/www.realclubmaritimomelilla.es\/clmar\/#\/schema\/person\/ebaa3713496dc6d48c872452e73a8e79","name":"RCMMelilla","image":{"@type":"ImageObject","inLanguage":"es","@id":"https:\/\/secure.gravatar.com\/avatar\/df1c24789360fb9308735c4ee556fc2bc5bf924bf01e53043b8b97ba272da33c?s=96&d=mm&r=g","url":"https:\/\/secure.gravatar.com\/avatar\/df1c24789360fb9308735c4ee556fc2bc5bf924bf01e53043b8b97ba272da33c?s=96&d=mm&r=g","contentUrl":"https:\/\/secure.gravatar.com\/avatar\/df1c24789360fb9308735c4ee556fc2bc5bf924bf01e53043b8b97ba272da33c?s=96&d=mm&r=g","caption":"RCMMelilla"}}]}},"_links":{"self":[{"href":"https:\/\/www.realclubmaritimomelilla.es\/clmar\/wp-json\/wp\/v2\/posts\/13842","targetHints":{"allow":["GET"]}}],"collection":[{"href":"https:\/\/www.realclubmaritimomelilla.es\/clmar\/wp-json\/wp\/v2\/posts"}],"about":[{"href":"https:\/\/www.realclubmaritimomelilla.es\/clmar\/wp-json\/wp\/v2\/types\/post"}],"author":[{"embeddable":true,"href":"https:\/\/www.realclubmaritimomelilla.es\/clmar\/wp-json\/wp\/v2\/users\/1"}],"replies":[{"embeddable":true,"href":"https:\/\/www.realclubmaritimomelilla.es\/clmar\/wp-json\/wp\/v2\/comments?post=13842"}],"version-history":[{"count":2,"href":"https:\/\/www.realclubmaritimomelilla.es\/clmar\/wp-json\/wp\/v2\/posts\/13842\/revisions"}],"predecessor-version":[{"id":16034,"href":"https:\/\/www.realclubmaritimomelilla.es\/clmar\/wp-json\/wp\/v2\/posts\/13842\/revisions\/16034"}],"wp:featuredmedia":[{"embeddable":true,"href":"https:\/\/www.realclubmaritimomelilla.es\/clmar\/wp-json\/wp\/v2\/media\/13845"}],"wp:attachment":[{"href":"https:\/\/www.realclubmaritimomelilla.es\/clmar\/wp-json\/wp\/v2\/media?parent=13842"}],"wp:term":[{"taxonomy":"category","embeddable":true,"href":"https:\/\/www.realclubmaritimomelilla.es\/clmar\/wp-json\/wp\/v2\/categories?post=13842"},{"taxonomy":"post_tag","embeddable":true,"href":"https:\/\/www.realclubmaritimomelilla.es\/clmar\/wp-json\/wp\/v2\/tags?post=13842"}],"curies":[{"name":"wp","href":"https:\/\/api.w.org\/{rel}","templated":true}]}}