{"id":13783,"date":"2018-07-22T16:21:01","date_gmt":"2018-07-22T16:21:01","guid":{"rendered":"http:\/\/www.clubmaritimomelilla.es\/clmar\/?p=13783"},"modified":"2021-07-20T11:39:00","modified_gmt":"2021-07-20T09:39:00","slug":"ciudad-melilla-club-maritimo-sube-al-podio-la-iii-regata-costa-tropical","status":"publish","type":"post","link":"https:\/\/www.realclubmaritimomelilla.es\/clmar\/ciudad-melilla-club-maritimo-sube-al-podio-la-iii-regata-costa-tropical\/","title":{"rendered":"EL CIUDAD DE MELILLA-CLUB MAR\u00cdTIMO SUBE AL PODIO DE LA III REGATA COSTA TROPICAL"},"content":{"rendered":"<p><span style=\"font-size: xx-large;\"><b><img decoding=\"async\" class=\"aligncenter size-large wp-image-13785\" src=\"http:\/\/www.clubmaritimomelilla.es\/clmar\/wp-content\/uploads\/2018\/07\/Regata-Costa-Tropical5-1024x576.jpeg\" alt=\"\" width=\"669\" height=\"376\" srcset=\"https:\/\/www.realclubmaritimomelilla.es\/clmar\/wp-content\/uploads\/2018\/07\/Regata-Costa-Tropical5-300x169.jpeg 300w, https:\/\/www.realclubmaritimomelilla.es\/clmar\/wp-content\/uploads\/2018\/07\/Regata-Costa-Tropical5-600x338.jpeg 600w, https:\/\/www.realclubmaritimomelilla.es\/clmar\/wp-content\/uploads\/2018\/07\/Regata-Costa-Tropical5-768x432.jpeg 768w, https:\/\/www.realclubmaritimomelilla.es\/clmar\/wp-content\/uploads\/2018\/07\/Regata-Costa-Tropical5-1024x576.jpeg 1024w, https:\/\/www.realclubmaritimomelilla.es\/clmar\/wp-content\/uploads\/2018\/07\/Regata-Costa-Tropical5.jpeg 1600w\" sizes=\"(max-width: 669px) 100vw, 669px\" \/><\/b><\/span><\/p>\n<div>El Ciudad de Melilla-Club Mar\u00edtimo ha subido al podio de la III Regata Costa Tropical, que esta tarde se ha clausurado en los salones del Real Club N\u00e1utico de Motril.<\/div>\n<div><\/div>\n<div>La tripulaci\u00f3n melillense ha conclu\u00eddo segunda en el grupo ORC1, solo superado por los almerienses del Red Shark, que tras la compensaci\u00f3n de tiempo han superado al Ciudad de Melilla-Club Mar\u00edtimo en menos de minuto y medio.<\/div>\n<div><\/div>\n<div>La III Regata Costa Tropical constaba de dos pruebas de larga distancia. La programada para el s\u00e1bado, entre La Herradura y Motril no pudo celebrarse por falta de viento. La flota lleg\u00f3 a estar varias horas flotando en la zona de salida, pero al final el Comit\u00e9 dio por anulada la jornada.<\/div>\n<div><\/div>\n<div>Sin embargo, este domingo si se ha podido celebrar la segunda prueba del Anuncio de Regata. Un tri\u00e1ngulo de diez millas con salida y llegada en Motril y el v\u00e9rtice m\u00e1s alejado en la playa de Calahonda. Una prueba que se ha disputado con viendo predominantes de levante, con intensidad queda oscilado entre los 12 nudos al primero de la jornada y los m\u00e1s de vente en la recta final de la jornada.<\/div>\n<div><\/div>\n<div>El Ciudad de Melilla-Club Mar\u00edtimo, de Jos\u00e9 Luis P\u00e9rez, tom\u00f3 la cabecera de la flota desde el principio y aprovechando su mayor eslora para ir ampliando su ventaja. En el paso por la primera baliza lideraba la flota e incluso ganaba en compensado al resto de barcos de su grupo.<\/div>\n<div><\/div>\n<div>Tras hora y media de competici\u00f3n entraba en meta, con la suficiente ventaja como para haber ganado en real y compensado, pero el aumento de la intensidad benefici\u00f3 al resto de la flota para acercarse a meta y evitar el triunfo global de la tripulaci\u00f3n melillense.<\/div>\n<div><\/div>\n<div>El Ciudad de Melilla-Club Mar\u00edtimo se ha tenido que conformar con el segundo puesto de su grupo ORC1, repitiendo por segundo a\u00f1o consecutivo en esta regata.<\/div>\n<div><\/div>\n<div>&#8220;Fastidia terminar segundo, cuando en compensado \u00edbamos ganando a toda la flota, pero el resto de la flota tambi\u00e9n compite y al final ha entrado m\u00e1s viento que lo han aprovechado. Ha sido una jornada muy interesante y al final hemos subido al podio, que tambi\u00e9n es muy importante para nosotros&#8221;, coment\u00f3 Jos\u00e9 Luis P\u00e9rez, patr\u00f3n del Ciudad de Melilla-Club Mar\u00edtimo.<\/div>\n<div><\/div>\n<div>La tripulaci\u00f3n de Jos\u00e9 Luis P\u00e9rez iniciar\u00e1 a partir de ahora la puesta a punto y la preparaci\u00f3n final de cara a las dos regatas que tendr\u00e1n como escenario el litoral melillense, la XV Regata de altura Dos Continentes y la XXII Semana N\u00e1utica.<\/div>\n","protected":false},"excerpt":{"rendered":"<p>El Ciudad de Melilla-Club Mar\u00edtimo ha subido al podio de la III Regata Costa Tropical, que esta tarde se ha clausurado en los salones del Real Club N\u00e1utico de Motril. La tripulaci\u00f3n melillense ha conclu\u00eddo segunda en el grupo ORC1, solo superado por los almerienses del Red Shark, que tras la compensaci\u00f3n de tiempo han [&hellip;]<\/p>\n","protected":false},"author":1,"featured_media":13788,"comment_status":"open","ping_status":"open","sticky":false,"template":"","format":"standard","meta":{"_acf_changed":false,"footnotes":""},"categories":[40,38],"tags":[],"class_list":["post-13783","post","type-post","status-publish","format-standard","has-post-thumbnail","hentry","category-club","category-nautica"],"acf":[],"yoast_head":"<!-- This site is optimized with the Yoast SEO plugin v27.5 - https:\/\/yoast.com\/product\/yoast-seo-wordpress\/ -->\n<title>EL CIUDAD DE MELILLA-CLUB MAR\u00cdTIMO SUBE AL PODIO DE LA III REGATA COSTA TROPICAL - Real Club Mar\u00edtimo de Melilla<\/title>\n<meta name=\"description\" content=\"EL CIUDAD DE MELILLA-CLUB MAR\u00cdTIMO SUBE AL PODIO DE LA III REGATA COSTA TROPICAL -\" \/>\n<meta name=\"robots\" content=\"index, follow, max-snippet:-1, max-image-preview:large, max-video-preview:-1\" \/>\n<link rel=\"canonical\" href=\"https:\/\/www.realclubmaritimomelilla.es\/clmar\/ciudad-melilla-club-maritimo-sube-al-podio-la-iii-regata-costa-tropical\/\" \/>\n<meta property=\"og:locale\" content=\"es_ES\" \/>\n<meta property=\"og:type\" content=\"article\" \/>\n<meta property=\"og:title\" content=\"EL CIUDAD DE MELILLA-CLUB MAR\u00cdTIMO SUBE AL PODIO DE LA III REGATA COSTA TROPICAL - Real Club Mar\u00edtimo de Melilla\" \/>\n<meta property=\"og:description\" content=\"EL CIUDAD DE MELILLA-CLUB MAR\u00cdTIMO SUBE AL PODIO DE LA III REGATA COSTA TROPICAL -\" \/>\n<meta property=\"og:url\" content=\"https:\/\/www.realclubmaritimomelilla.es\/clmar\/ciudad-melilla-club-maritimo-sube-al-podio-la-iii-regata-costa-tropical\/\" \/>\n<meta property=\"og:site_name\" content=\"Real Club Mar\u00edtimo de Melilla\" \/>\n<meta property=\"article:publisher\" content=\"https:\/\/www.facebook.com\/Real-Club-Mar%c3%adtimo-de-Melilla-588495841234214\/\" \/>\n<meta property=\"article:published_time\" content=\"2018-07-22T16:21:01+00:00\" \/>\n<meta property=\"article:modified_time\" content=\"2021-07-20T09:39:00+00:00\" \/>\n<meta property=\"og:image\" content=\"https:\/\/www.realclubmaritimomelilla.es\/clmar\/wp-content\/uploads\/2018\/07\/Regata-Costa-Tropical.jpeg\" \/>\n\t<meta property=\"og:image:width\" content=\"806\" \/>\n\t<meta property=\"og:image:height\" content=\"440\" \/>\n\t<meta property=\"og:image:type\" content=\"image\/jpeg\" \/>\n<meta name=\"author\" content=\"RCMMelilla\" \/>\n<meta name=\"twitter:card\" content=\"summary_large_image\" \/>\n<meta name=\"twitter:creator\" content=\"@nauticarcmm\" \/>\n<meta name=\"twitter:site\" content=\"@nauticarcmm\" \/>\n<meta name=\"twitter:label1\" content=\"Escrito por\" \/>\n\t<meta name=\"twitter:data1\" content=\"RCMMelilla\" \/>\n\t<meta name=\"twitter:label2\" content=\"Tiempo de lectura\" \/>\n\t<meta name=\"twitter:data2\" content=\"2 minutos\" \/>\n<script type=\"application\/ld+json\" class=\"yoast-schema-graph\">{\"@context\":\"https:\\\/\\\/schema.org\",\"@graph\":[{\"@type\":\"Article\",\"@id\":\"https:\\\/\\\/www.realclubmaritimomelilla.es\\\/clmar\\\/ciudad-melilla-club-maritimo-sube-al-podio-la-iii-regata-costa-tropical\\\/#article\",\"isPartOf\":{\"@id\":\"https:\\\/\\\/www.realclubmaritimomelilla.es\\\/clmar\\\/ciudad-melilla-club-maritimo-sube-al-podio-la-iii-regata-costa-tropical\\\/\"},\"author\":{\"name\":\"RCMMelilla\",\"@id\":\"https:\\\/\\\/www.realclubmaritimomelilla.es\\\/clmar\\\/#\\\/schema\\\/person\\\/ebaa3713496dc6d48c872452e73a8e79\"},\"headline\":\"EL CIUDAD DE MELILLA-CLUB MAR\u00cdTIMO SUBE AL PODIO DE LA III REGATA COSTA TROPICAL\",\"datePublished\":\"2018-07-22T16:21:01+00:00\",\"dateModified\":\"2021-07-20T09:39:00+00:00\",\"mainEntityOfPage\":{\"@id\":\"https:\\\/\\\/www.realclubmaritimomelilla.es\\\/clmar\\\/ciudad-melilla-club-maritimo-sube-al-podio-la-iii-regata-costa-tropical\\\/\"},\"wordCount\":461,\"commentCount\":0,\"publisher\":{\"@id\":\"https:\\\/\\\/www.realclubmaritimomelilla.es\\\/clmar\\\/#organization\"},\"image\":{\"@id\":\"https:\\\/\\\/www.realclubmaritimomelilla.es\\\/clmar\\\/ciudad-melilla-club-maritimo-sube-al-podio-la-iii-regata-costa-tropical\\\/#primaryimage\"},\"thumbnailUrl\":\"https:\\\/\\\/www.realclubmaritimomelilla.es\\\/clmar\\\/wp-content\\\/uploads\\\/2018\\\/07\\\/Regata-Costa-Tropical.jpeg\",\"articleSection\":[\"Club\",\"N\u00e1utica\"],\"inLanguage\":\"es\",\"potentialAction\":[{\"@type\":\"CommentAction\",\"name\":\"Comment\",\"target\":[\"https:\\\/\\\/www.realclubmaritimomelilla.es\\\/clmar\\\/ciudad-melilla-club-maritimo-sube-al-podio-la-iii-regata-costa-tropical\\\/#respond\"]}]},{\"@type\":\"WebPage\",\"@id\":\"https:\\\/\\\/www.realclubmaritimomelilla.es\\\/clmar\\\/ciudad-melilla-club-maritimo-sube-al-podio-la-iii-regata-costa-tropical\\\/\",\"url\":\"https:\\\/\\\/www.realclubmaritimomelilla.es\\\/clmar\\\/ciudad-melilla-club-maritimo-sube-al-podio-la-iii-regata-costa-tropical\\\/\",\"name\":\"EL CIUDAD DE MELILLA-CLUB MAR\u00cdTIMO SUBE AL PODIO DE LA III REGATA COSTA TROPICAL - Real Club Mar\u00edtimo de Melilla\",\"isPartOf\":{\"@id\":\"https:\\\/\\\/www.realclubmaritimomelilla.es\\\/clmar\\\/#website\"},\"primaryImageOfPage\":{\"@id\":\"https:\\\/\\\/www.realclubmaritimomelilla.es\\\/clmar\\\/ciudad-melilla-club-maritimo-sube-al-podio-la-iii-regata-costa-tropical\\\/#primaryimage\"},\"image\":{\"@id\":\"https:\\\/\\\/www.realclubmaritimomelilla.es\\\/clmar\\\/ciudad-melilla-club-maritimo-sube-al-podio-la-iii-regata-costa-tropical\\\/#primaryimage\"},\"thumbnailUrl\":\"https:\\\/\\\/www.realclubmaritimomelilla.es\\\/clmar\\\/wp-content\\\/uploads\\\/2018\\\/07\\\/Regata-Costa-Tropical.jpeg\",\"datePublished\":\"2018-07-22T16:21:01+00:00\",\"dateModified\":\"2021-07-20T09:39:00+00:00\",\"description\":\"EL CIUDAD DE MELILLA-CLUB MAR\u00cdTIMO SUBE AL PODIO DE LA III REGATA COSTA TROPICAL -\",\"breadcrumb\":{\"@id\":\"https:\\\/\\\/www.realclubmaritimomelilla.es\\\/clmar\\\/ciudad-melilla-club-maritimo-sube-al-podio-la-iii-regata-costa-tropical\\\/#breadcrumb\"},\"inLanguage\":\"es\",\"potentialAction\":[{\"@type\":\"ReadAction\",\"target\":[\"https:\\\/\\\/www.realclubmaritimomelilla.es\\\/clmar\\\/ciudad-melilla-club-maritimo-sube-al-podio-la-iii-regata-costa-tropical\\\/\"]}]},{\"@type\":\"ImageObject\",\"inLanguage\":\"es\",\"@id\":\"https:\\\/\\\/www.realclubmaritimomelilla.es\\\/clmar\\\/ciudad-melilla-club-maritimo-sube-al-podio-la-iii-regata-costa-tropical\\\/#primaryimage\",\"url\":\"https:\\\/\\\/www.realclubmaritimomelilla.es\\\/clmar\\\/wp-content\\\/uploads\\\/2018\\\/07\\\/Regata-Costa-Tropical.jpeg\",\"contentUrl\":\"https:\\\/\\\/www.realclubmaritimomelilla.es\\\/clmar\\\/wp-content\\\/uploads\\\/2018\\\/07\\\/Regata-Costa-Tropical.jpeg\",\"width\":806,\"height\":440},{\"@type\":\"BreadcrumbList\",\"@id\":\"https:\\\/\\\/www.realclubmaritimomelilla.es\\\/clmar\\\/ciudad-melilla-club-maritimo-sube-al-podio-la-iii-regata-costa-tropical\\\/#breadcrumb\",\"itemListElement\":[{\"@type\":\"ListItem\",\"position\":1,\"name\":\"Portada\",\"item\":\"https:\\\/\\\/www.realclubmaritimomelilla.es\\\/clmar\\\/\"},{\"@type\":\"ListItem\",\"position\":2,\"name\":\"EL CIUDAD DE MELILLA-CLUB MAR\u00cdTIMO SUBE AL PODIO DE LA III REGATA COSTA TROPICAL\"}]},{\"@type\":\"WebSite\",\"@id\":\"https:\\\/\\\/www.realclubmaritimomelilla.es\\\/clmar\\\/#website\",\"url\":\"https:\\\/\\\/www.realclubmaritimomelilla.es\\\/clmar\\\/\",\"name\":\"Real Club Mar\u00edtimo de Melilla\",\"description\":\"RCMM\",\"publisher\":{\"@id\":\"https:\\\/\\\/www.realclubmaritimomelilla.es\\\/clmar\\\/#organization\"},\"alternateName\":\"RCMM\",\"potentialAction\":[{\"@type\":\"SearchAction\",\"target\":{\"@type\":\"EntryPoint\",\"urlTemplate\":\"https:\\\/\\\/www.realclubmaritimomelilla.es\\\/clmar\\\/?s={search_term_string}\"},\"query-input\":{\"@type\":\"PropertyValueSpecification\",\"valueRequired\":true,\"valueName\":\"search_term_string\"}}],\"inLanguage\":\"es\"},{\"@type\":\"Organization\",\"@id\":\"https:\\\/\\\/www.realclubmaritimomelilla.es\\\/clmar\\\/#organization\",\"name\":\"Real Club Mar\u00edtimo de Melilla\",\"alternateName\":\"RCMM\",\"url\":\"https:\\\/\\\/www.realclubmaritimomelilla.es\\\/clmar\\\/\",\"logo\":{\"@type\":\"ImageObject\",\"inLanguage\":\"es\",\"@id\":\"https:\\\/\\\/www.realclubmaritimomelilla.es\\\/clmar\\\/#\\\/schema\\\/logo\\\/image\\\/\",\"url\":\"https:\\\/\\\/www.realclubmaritimomelilla.es\\\/clmar\\\/wp-content\\\/uploads\\\/logo-club-original-copia.jpg\",\"contentUrl\":\"https:\\\/\\\/www.realclubmaritimomelilla.es\\\/clmar\\\/wp-content\\\/uploads\\\/logo-club-original-copia.jpg\",\"width\":128,\"height\":89,\"caption\":\"Real Club Mar\u00edtimo de Melilla\"},\"image\":{\"@id\":\"https:\\\/\\\/www.realclubmaritimomelilla.es\\\/clmar\\\/#\\\/schema\\\/logo\\\/image\\\/\"},\"sameAs\":[\"https:\\\/\\\/www.facebook.com\\\/Real-Club-Mar\u00edtimo-de-Melilla-588495841234214\\\/\",\"https:\\\/\\\/x.com\\\/nauticarcmm\",\"https:\\\/\\\/www.instagram.com\\\/club_maritimo_melilla\\\/\",\"https:\\\/\\\/www.youtube.com\\\/@realclubmaritimodemelilla4703\",\"https:\\\/\\\/es.wikipedia.org\\\/wiki\\\/Real_Club_Mar\u00edtimo_de_Melilla\"]},{\"@type\":\"Person\",\"@id\":\"https:\\\/\\\/www.realclubmaritimomelilla.es\\\/clmar\\\/#\\\/schema\\\/person\\\/ebaa3713496dc6d48c872452e73a8e79\",\"name\":\"RCMMelilla\",\"image\":{\"@type\":\"ImageObject\",\"inLanguage\":\"es\",\"@id\":\"https:\\\/\\\/secure.gravatar.com\\\/avatar\\\/df1c24789360fb9308735c4ee556fc2bc5bf924bf01e53043b8b97ba272da33c?s=96&d=mm&r=g\",\"url\":\"https:\\\/\\\/secure.gravatar.com\\\/avatar\\\/df1c24789360fb9308735c4ee556fc2bc5bf924bf01e53043b8b97ba272da33c?s=96&d=mm&r=g\",\"contentUrl\":\"https:\\\/\\\/secure.gravatar.com\\\/avatar\\\/df1c24789360fb9308735c4ee556fc2bc5bf924bf01e53043b8b97ba272da33c?s=96&d=mm&r=g\",\"caption\":\"RCMMelilla\"}}]}<\/script>\n<!-- \/ Yoast SEO plugin. -->","yoast_head_json":{"title":"EL CIUDAD DE MELILLA-CLUB MAR\u00cdTIMO SUBE AL PODIO DE LA III REGATA COSTA TROPICAL - Real Club Mar\u00edtimo de Melilla","description":"EL CIUDAD DE MELILLA-CLUB MAR\u00cdTIMO SUBE AL PODIO DE LA III REGATA COSTA TROPICAL -","robots":{"index":"index","follow":"follow","max-snippet":"max-snippet:-1","max-image-preview":"max-image-preview:large","max-video-preview":"max-video-preview:-1"},"canonical":"https:\/\/www.realclubmaritimomelilla.es\/clmar\/ciudad-melilla-club-maritimo-sube-al-podio-la-iii-regata-costa-tropical\/","og_locale":"es_ES","og_type":"article","og_title":"EL CIUDAD DE MELILLA-CLUB MAR\u00cdTIMO SUBE AL PODIO DE LA III REGATA COSTA TROPICAL - Real Club Mar\u00edtimo de Melilla","og_description":"EL CIUDAD DE MELILLA-CLUB MAR\u00cdTIMO SUBE AL PODIO DE LA III REGATA COSTA TROPICAL -","og_url":"https:\/\/www.realclubmaritimomelilla.es\/clmar\/ciudad-melilla-club-maritimo-sube-al-podio-la-iii-regata-costa-tropical\/","og_site_name":"Real Club Mar\u00edtimo de Melilla","article_publisher":"https:\/\/www.facebook.com\/Real-Club-Mar%c3%adtimo-de-Melilla-588495841234214\/","article_published_time":"2018-07-22T16:21:01+00:00","article_modified_time":"2021-07-20T09:39:00+00:00","og_image":[{"width":806,"height":440,"url":"https:\/\/www.realclubmaritimomelilla.es\/clmar\/wp-content\/uploads\/2018\/07\/Regata-Costa-Tropical.jpeg","type":"image\/jpeg"}],"author":"RCMMelilla","twitter_card":"summary_large_image","twitter_creator":"@nauticarcmm","twitter_site":"@nauticarcmm","twitter_misc":{"Escrito por":"RCMMelilla","Tiempo de lectura":"2 minutos"},"schema":{"@context":"https:\/\/schema.org","@graph":[{"@type":"Article","@id":"https:\/\/www.realclubmaritimomelilla.es\/clmar\/ciudad-melilla-club-maritimo-sube-al-podio-la-iii-regata-costa-tropical\/#article","isPartOf":{"@id":"https:\/\/www.realclubmaritimomelilla.es\/clmar\/ciudad-melilla-club-maritimo-sube-al-podio-la-iii-regata-costa-tropical\/"},"author":{"name":"RCMMelilla","@id":"https:\/\/www.realclubmaritimomelilla.es\/clmar\/#\/schema\/person\/ebaa3713496dc6d48c872452e73a8e79"},"headline":"EL CIUDAD DE MELILLA-CLUB MAR\u00cdTIMO SUBE AL PODIO DE LA III REGATA COSTA TROPICAL","datePublished":"2018-07-22T16:21:01+00:00","dateModified":"2021-07-20T09:39:00+00:00","mainEntityOfPage":{"@id":"https:\/\/www.realclubmaritimomelilla.es\/clmar\/ciudad-melilla-club-maritimo-sube-al-podio-la-iii-regata-costa-tropical\/"},"wordCount":461,"commentCount":0,"publisher":{"@id":"https:\/\/www.realclubmaritimomelilla.es\/clmar\/#organization"},"image":{"@id":"https:\/\/www.realclubmaritimomelilla.es\/clmar\/ciudad-melilla-club-maritimo-sube-al-podio-la-iii-regata-costa-tropical\/#primaryimage"},"thumbnailUrl":"https:\/\/www.realclubmaritimomelilla.es\/clmar\/wp-content\/uploads\/2018\/07\/Regata-Costa-Tropical.jpeg","articleSection":["Club","N\u00e1utica"],"inLanguage":"es","potentialAction":[{"@type":"CommentAction","name":"Comment","target":["https:\/\/www.realclubmaritimomelilla.es\/clmar\/ciudad-melilla-club-maritimo-sube-al-podio-la-iii-regata-costa-tropical\/#respond"]}]},{"@type":"WebPage","@id":"https:\/\/www.realclubmaritimomelilla.es\/clmar\/ciudad-melilla-club-maritimo-sube-al-podio-la-iii-regata-costa-tropical\/","url":"https:\/\/www.realclubmaritimomelilla.es\/clmar\/ciudad-melilla-club-maritimo-sube-al-podio-la-iii-regata-costa-tropical\/","name":"EL CIUDAD DE MELILLA-CLUB MAR\u00cdTIMO SUBE AL PODIO DE LA III REGATA COSTA TROPICAL - Real Club Mar\u00edtimo de Melilla","isPartOf":{"@id":"https:\/\/www.realclubmaritimomelilla.es\/clmar\/#website"},"primaryImageOfPage":{"@id":"https:\/\/www.realclubmaritimomelilla.es\/clmar\/ciudad-melilla-club-maritimo-sube-al-podio-la-iii-regata-costa-tropical\/#primaryimage"},"image":{"@id":"https:\/\/www.realclubmaritimomelilla.es\/clmar\/ciudad-melilla-club-maritimo-sube-al-podio-la-iii-regata-costa-tropical\/#primaryimage"},"thumbnailUrl":"https:\/\/www.realclubmaritimomelilla.es\/clmar\/wp-content\/uploads\/2018\/07\/Regata-Costa-Tropical.jpeg","datePublished":"2018-07-22T16:21:01+00:00","dateModified":"2021-07-20T09:39:00+00:00","description":"EL CIUDAD DE MELILLA-CLUB MAR\u00cdTIMO SUBE AL PODIO DE LA III REGATA COSTA TROPICAL -","breadcrumb":{"@id":"https:\/\/www.realclubmaritimomelilla.es\/clmar\/ciudad-melilla-club-maritimo-sube-al-podio-la-iii-regata-costa-tropical\/#breadcrumb"},"inLanguage":"es","potentialAction":[{"@type":"ReadAction","target":["https:\/\/www.realclubmaritimomelilla.es\/clmar\/ciudad-melilla-club-maritimo-sube-al-podio-la-iii-regata-costa-tropical\/"]}]},{"@type":"ImageObject","inLanguage":"es","@id":"https:\/\/www.realclubmaritimomelilla.es\/clmar\/ciudad-melilla-club-maritimo-sube-al-podio-la-iii-regata-costa-tropical\/#primaryimage","url":"https:\/\/www.realclubmaritimomelilla.es\/clmar\/wp-content\/uploads\/2018\/07\/Regata-Costa-Tropical.jpeg","contentUrl":"https:\/\/www.realclubmaritimomelilla.es\/clmar\/wp-content\/uploads\/2018\/07\/Regata-Costa-Tropical.jpeg","width":806,"height":440},{"@type":"BreadcrumbList","@id":"https:\/\/www.realclubmaritimomelilla.es\/clmar\/ciudad-melilla-club-maritimo-sube-al-podio-la-iii-regata-costa-tropical\/#breadcrumb","itemListElement":[{"@type":"ListItem","position":1,"name":"Portada","item":"https:\/\/www.realclubmaritimomelilla.es\/clmar\/"},{"@type":"ListItem","position":2,"name":"EL CIUDAD DE MELILLA-CLUB MAR\u00cdTIMO SUBE AL PODIO DE LA III REGATA COSTA TROPICAL"}]},{"@type":"WebSite","@id":"https:\/\/www.realclubmaritimomelilla.es\/clmar\/#website","url":"https:\/\/www.realclubmaritimomelilla.es\/clmar\/","name":"Real Club Mar\u00edtimo de Melilla","description":"RCMM","publisher":{"@id":"https:\/\/www.realclubmaritimomelilla.es\/clmar\/#organization"},"alternateName":"RCMM","potentialAction":[{"@type":"SearchAction","target":{"@type":"EntryPoint","urlTemplate":"https:\/\/www.realclubmaritimomelilla.es\/clmar\/?s={search_term_string}"},"query-input":{"@type":"PropertyValueSpecification","valueRequired":true,"valueName":"search_term_string"}}],"inLanguage":"es"},{"@type":"Organization","@id":"https:\/\/www.realclubmaritimomelilla.es\/clmar\/#organization","name":"Real Club Mar\u00edtimo de Melilla","alternateName":"RCMM","url":"https:\/\/www.realclubmaritimomelilla.es\/clmar\/","logo":{"@type":"ImageObject","inLanguage":"es","@id":"https:\/\/www.realclubmaritimomelilla.es\/clmar\/#\/schema\/logo\/image\/","url":"https:\/\/www.realclubmaritimomelilla.es\/clmar\/wp-content\/uploads\/logo-club-original-copia.jpg","contentUrl":"https:\/\/www.realclubmaritimomelilla.es\/clmar\/wp-content\/uploads\/logo-club-original-copia.jpg","width":128,"height":89,"caption":"Real Club Mar\u00edtimo de Melilla"},"image":{"@id":"https:\/\/www.realclubmaritimomelilla.es\/clmar\/#\/schema\/logo\/image\/"},"sameAs":["https:\/\/www.facebook.com\/Real-Club-Mar\u00edtimo-de-Melilla-588495841234214\/","https:\/\/x.com\/nauticarcmm","https:\/\/www.instagram.com\/club_maritimo_melilla\/","https:\/\/www.youtube.com\/@realclubmaritimodemelilla4703","https:\/\/es.wikipedia.org\/wiki\/Real_Club_Mar\u00edtimo_de_Melilla"]},{"@type":"Person","@id":"https:\/\/www.realclubmaritimomelilla.es\/clmar\/#\/schema\/person\/ebaa3713496dc6d48c872452e73a8e79","name":"RCMMelilla","image":{"@type":"ImageObject","inLanguage":"es","@id":"https:\/\/secure.gravatar.com\/avatar\/df1c24789360fb9308735c4ee556fc2bc5bf924bf01e53043b8b97ba272da33c?s=96&d=mm&r=g","url":"https:\/\/secure.gravatar.com\/avatar\/df1c24789360fb9308735c4ee556fc2bc5bf924bf01e53043b8b97ba272da33c?s=96&d=mm&r=g","contentUrl":"https:\/\/secure.gravatar.com\/avatar\/df1c24789360fb9308735c4ee556fc2bc5bf924bf01e53043b8b97ba272da33c?s=96&d=mm&r=g","caption":"RCMMelilla"}}]}},"_links":{"self":[{"href":"https:\/\/www.realclubmaritimomelilla.es\/clmar\/wp-json\/wp\/v2\/posts\/13783","targetHints":{"allow":["GET"]}}],"collection":[{"href":"https:\/\/www.realclubmaritimomelilla.es\/clmar\/wp-json\/wp\/v2\/posts"}],"about":[{"href":"https:\/\/www.realclubmaritimomelilla.es\/clmar\/wp-json\/wp\/v2\/types\/post"}],"author":[{"embeddable":true,"href":"https:\/\/www.realclubmaritimomelilla.es\/clmar\/wp-json\/wp\/v2\/users\/1"}],"replies":[{"embeddable":true,"href":"https:\/\/www.realclubmaritimomelilla.es\/clmar\/wp-json\/wp\/v2\/comments?post=13783"}],"version-history":[{"count":1,"href":"https:\/\/www.realclubmaritimomelilla.es\/clmar\/wp-json\/wp\/v2\/posts\/13783\/revisions"}],"predecessor-version":[{"id":13791,"href":"https:\/\/www.realclubmaritimomelilla.es\/clmar\/wp-json\/wp\/v2\/posts\/13783\/revisions\/13791"}],"wp:featuredmedia":[{"embeddable":true,"href":"https:\/\/www.realclubmaritimomelilla.es\/clmar\/wp-json\/wp\/v2\/media\/13788"}],"wp:attachment":[{"href":"https:\/\/www.realclubmaritimomelilla.es\/clmar\/wp-json\/wp\/v2\/media?parent=13783"}],"wp:term":[{"taxonomy":"category","embeddable":true,"href":"https:\/\/www.realclubmaritimomelilla.es\/clmar\/wp-json\/wp\/v2\/categories?post=13783"},{"taxonomy":"post_tag","embeddable":true,"href":"https:\/\/www.realclubmaritimomelilla.es\/clmar\/wp-json\/wp\/v2\/tags?post=13783"}],"curies":[{"name":"wp","href":"https:\/\/api.w.org\/{rel}","templated":true}]}}