{"id":13745,"date":"2018-07-17T14:53:19","date_gmt":"2018-07-17T14:53:19","guid":{"rendered":"http:\/\/www.clubmaritimomelilla.es\/clmar\/?p=13745"},"modified":"2021-07-20T11:39:00","modified_gmt":"2021-07-20T09:39:00","slug":"club-maritimo-cierra-trofeo-virgen-del-carmen-la-entrega-trofeos","status":"publish","type":"post","link":"https:\/\/www.realclubmaritimomelilla.es\/clmar\/club-maritimo-cierra-trofeo-virgen-del-carmen-la-entrega-trofeos\/","title":{"rendered":"EL CLUB MAR\u00cdTIMO CIERRA EL TROFEO VIRGEN DEL CARMEN CON LA ENTREGA DE TROFEOS"},"content":{"rendered":"<p>El Club Mar\u00edtimo de Melilla ha procedido a clausurar las actividades en honor a la Virgen del Carmen con la entrega de trofeos y galardones a los participantes en dichas actividades.<\/p>\n<div><\/div>\n<div>Un acto que tuvo lugar en el restaurante del Club Mar\u00edtimo, donde adem\u00e1s de los premiados, acudieron familiares y socios de la entidad, para as\u00ed acompa\u00f1ar a los homenajeados.<\/div>\n<div><\/div>\n<div>El vicepresidente del Club\u00a0Mar\u00edtimo, Rafael Imbroda, record\u00f3 que poco a poco se han ido incorporando m\u00e1s actividades y deportes a este Trofeo Virgen del\u00a0Carmen, cuya primera edici\u00f3n &#8220;celebramos en el a\u00f1o 1944 cuando se fund\u00f3 el Club&#8221;.<\/div>\n<div><\/div>\n<div>Las dos principales competiciones han sido las regatas de vela y el torneo de\u00a0padel, que este a\u00f1o ha alcanzado su d\u00e9cimo novena edici\u00f3n.<\/div>\n<div><\/div>\n<div>M\u00e1s de doscientas personas han participado en los distintos torneos y regatas, as\u00ed como en los juegos de mesa, que tienen muy buena acogida entre los socios m\u00e1s antiguos de la entidad.<\/div>\n<div>\n<div class=\"fusion-fullwidth fullwidth-box fusion-builder-row-1 hundred-percent-fullwidth non-hundred-percent-height-scrolling\" style=\"background-color: #ffffff;background-position: center center;background-repeat: no-repeat;padding-top:0px;padding-right:0px;padding-bottom:0px;padding-left:0px;margin-bottom: 0px;margin-top: 0px;border-width: 0px 0px 0px 0px;border-color:#eae9e9;border-style:solid;\" ><div class=\"fusion-builder-row fusion-row\"><div class=\"fusion-layout-column fusion_builder_column fusion-builder-column-0 fusion_builder_column_1_1 1_1 fusion-one-full fusion-column-first fusion-column-last fusion-column-no-min-height\" style=\"margin-top:0px;margin-bottom:0px;\"><div class=\"fusion-column-wrapper fusion-flex-column-wrapper-legacy\" style=\"background-position:left top;background-repeat:no-repeat;-webkit-background-size:cover;-moz-background-size:cover;-o-background-size:cover;background-size:cover;padding: 0px 0px 0px 0px;\">\n\t\t<style type=\"text\/css\">\n\t\t\t#gallery-1 {\n\t\t\t\tmargin: auto;\n\t\t\t}\n\t\t\t#gallery-1 .gallery-item {\n\t\t\t\tfloat: left;\n\t\t\t\tmargin-top: 10px;\n\t\t\t\ttext-align: center;\n\t\t\t\twidth: 33%;\n\t\t\t}\n\t\t\t#gallery-1 img {\n\t\t\t\tborder: 2px solid #cfcfcf;\n\t\t\t}\n\t\t\t#gallery-1 .gallery-caption {\n\t\t\t\tmargin-left: 0;\n\t\t\t}\n\t\t\t\/* see gallery_shortcode() in wp-includes\/media.php *\/\n\t\t<\/style>\n\t\t<div id='gallery-1' class='gallery galleryid-13745 gallery-columns-3 gallery-size-large'><dl class='gallery-item'>\n\t\t\t<dt class='gallery-icon landscape'>\n\t\t\t\t<a data-rel=\"iLightbox[postimages]\" data-title=\"DOMINO subcampe\u00f3n copia\" data-caption=\"\" href='https:\/\/www.realclubmaritimomelilla.es\/clmar\/club-maritimo-cierra-trofeo-virgen-del-carmen-la-entrega-trofeos\/domino-subcampeon-copia\/'><img decoding=\"async\" width=\"1024\" height=\"751\" src=\"https:\/\/www.realclubmaritimomelilla.es\/clmar\/wp-content\/uploads\/2018\/07\/DOMINO-subcampe\u00f3n-copia-1024x751.jpg\" class=\"attachment-large size-large\" alt=\"\" srcset=\"https:\/\/www.realclubmaritimomelilla.es\/clmar\/wp-content\/uploads\/2018\/07\/DOMINO-subcampe\u00f3n-copia-220x161.jpg 220w, https:\/\/www.realclubmaritimomelilla.es\/clmar\/wp-content\/uploads\/2018\/07\/DOMINO-subcampe\u00f3n-copia-300x220.jpg 300w, https:\/\/www.realclubmaritimomelilla.es\/clmar\/wp-content\/uploads\/2018\/07\/DOMINO-subcampe\u00f3n-copia-scaled-600x440.jpg 600w, https:\/\/www.realclubmaritimomelilla.es\/clmar\/wp-content\/uploads\/2018\/07\/DOMINO-subcampe\u00f3n-copia-768x563.jpg 768w, https:\/\/www.realclubmaritimomelilla.es\/clmar\/wp-content\/uploads\/2018\/07\/DOMINO-subcampe\u00f3n-copia-1024x751.jpg 1024w\" sizes=\"(max-width: 1024px) 100vw, 1024px\" \/><\/a>\n\t\t\t<\/dt><\/dl><dl class='gallery-item'>\n\t\t\t<dt class='gallery-icon landscape'>\n\t\t\t\t<a data-rel=\"iLightbox[postimages]\" data-title=\"DOMINO tercero copia\" data-caption=\"\" href='https:\/\/www.realclubmaritimomelilla.es\/clmar\/club-maritimo-cierra-trofeo-virgen-del-carmen-la-entrega-trofeos\/domino-tercero-copia\/'><img decoding=\"async\" width=\"1024\" height=\"1024\" src=\"https:\/\/www.realclubmaritimomelilla.es\/clmar\/wp-content\/uploads\/2018\/07\/DOMINO-tercero-copia-1024x1024.jpg\" class=\"attachment-large size-large\" alt=\"\" srcset=\"https:\/\/www.realclubmaritimomelilla.es\/clmar\/wp-content\/uploads\/2018\/07\/DOMINO-tercero-copia-scaled-50x50.jpg 50w, https:\/\/www.realclubmaritimomelilla.es\/clmar\/wp-content\/uploads\/2018\/07\/DOMINO-tercero-copia-66x66.jpg 66w, https:\/\/www.realclubmaritimomelilla.es\/clmar\/wp-content\/uploads\/2018\/07\/DOMINO-tercero-copia-150x150.jpg 150w, https:\/\/www.realclubmaritimomelilla.es\/clmar\/wp-content\/uploads\/2018\/07\/DOMINO-tercero-copia-300x300.jpg 300w, https:\/\/www.realclubmaritimomelilla.es\/clmar\/wp-content\/uploads\/2018\/07\/DOMINO-tercero-copia-scaled-600x600.jpg 600w, https:\/\/www.realclubmaritimomelilla.es\/clmar\/wp-content\/uploads\/2018\/07\/DOMINO-tercero-copia-768x767.jpg 768w, https:\/\/www.realclubmaritimomelilla.es\/clmar\/wp-content\/uploads\/2018\/07\/DOMINO-tercero-copia-1024x1024.jpg 1024w\" sizes=\"(max-width: 1024px) 100vw, 1024px\" \/><\/a>\n\t\t\t<\/dt><\/dl><dl class='gallery-item'>\n\t\t\t<dt class='gallery-icon landscape'>\n\t\t\t\t<a data-rel=\"iLightbox[postimages]\" data-title=\"PADEL subcampeones de Segunda copia\" data-caption=\"\" href='https:\/\/www.realclubmaritimomelilla.es\/clmar\/club-maritimo-cierra-trofeo-virgen-del-carmen-la-entrega-trofeos\/padel-subcampeones-de-segunda-copia\/'><img decoding=\"async\" width=\"1024\" height=\"704\" src=\"https:\/\/www.realclubmaritimomelilla.es\/clmar\/wp-content\/uploads\/2018\/07\/PADEL-subcampeones-de-Segunda-copia-1024x704.jpg\" class=\"attachment-large size-large\" alt=\"\" srcset=\"https:\/\/www.realclubmaritimomelilla.es\/clmar\/wp-content\/uploads\/2018\/07\/PADEL-subcampeones-de-Segunda-copia-300x206.jpg 300w, https:\/\/www.realclubmaritimomelilla.es\/clmar\/wp-content\/uploads\/2018\/07\/PADEL-subcampeones-de-Segunda-copia-scaled-600x413.jpg 600w, https:\/\/www.realclubmaritimomelilla.es\/clmar\/wp-content\/uploads\/2018\/07\/PADEL-subcampeones-de-Segunda-copia-768x528.jpg 768w, https:\/\/www.realclubmaritimomelilla.es\/clmar\/wp-content\/uploads\/2018\/07\/PADEL-subcampeones-de-Segunda-copia-1024x704.jpg 1024w\" sizes=\"(max-width: 1024px) 100vw, 1024px\" \/><\/a>\n\t\t\t<\/dt><\/dl><br style=\"clear: both\" \/><dl class='gallery-item'>\n\t\t\t<dt class='gallery-icon landscape'>\n\t\t\t\t<a data-rel=\"iLightbox[postimages]\" data-title=\"CANASTA copia\" data-caption=\"\" href='https:\/\/www.realclubmaritimomelilla.es\/clmar\/club-maritimo-cierra-trofeo-virgen-del-carmen-la-entrega-trofeos\/canasta-copia\/'><img decoding=\"async\" width=\"1024\" height=\"822\" src=\"https:\/\/www.realclubmaritimomelilla.es\/clmar\/wp-content\/uploads\/2018\/07\/CANASTA-copia-1024x822.jpg\" class=\"attachment-large size-large\" alt=\"\" srcset=\"https:\/\/www.realclubmaritimomelilla.es\/clmar\/wp-content\/uploads\/2018\/07\/CANASTA-copia-147x118.jpg 147w, https:\/\/www.realclubmaritimomelilla.es\/clmar\/wp-content\/uploads\/2018\/07\/CANASTA-copia-177x142.jpg 177w, https:\/\/www.realclubmaritimomelilla.es\/clmar\/wp-content\/uploads\/2018\/07\/CANASTA-copia-300x241.jpg 300w, https:\/\/www.realclubmaritimomelilla.es\/clmar\/wp-content\/uploads\/2018\/07\/CANASTA-copia-scaled-600x482.jpg 600w, https:\/\/www.realclubmaritimomelilla.es\/clmar\/wp-content\/uploads\/2018\/07\/CANASTA-copia-768x617.jpg 768w, https:\/\/www.realclubmaritimomelilla.es\/clmar\/wp-content\/uploads\/2018\/07\/CANASTA-copia-1024x822.jpg 1024w\" sizes=\"(max-width: 1024px) 100vw, 1024px\" \/><\/a>\n\t\t\t<\/dt><\/dl><dl class='gallery-item'>\n\t\t\t<dt class='gallery-icon landscape'>\n\t\t\t\t<a data-rel=\"iLightbox[postimages]\" data-title=\"CLASE LASER 4.7\" data-caption=\"\" href='https:\/\/www.realclubmaritimomelilla.es\/clmar\/club-maritimo-cierra-trofeo-virgen-del-carmen-la-entrega-trofeos\/clase-laser-4-7\/'><img decoding=\"async\" width=\"1024\" height=\"683\" src=\"https:\/\/www.realclubmaritimomelilla.es\/clmar\/wp-content\/uploads\/2018\/07\/CLASE-LASER-4.7-1024x683.jpg\" class=\"attachment-large size-large\" alt=\"\" srcset=\"https:\/\/www.realclubmaritimomelilla.es\/clmar\/wp-content\/uploads\/2018\/07\/CLASE-LASER-4.7-300x200.jpg 300w, https:\/\/www.realclubmaritimomelilla.es\/clmar\/wp-content\/uploads\/2018\/07\/CLASE-LASER-4.7-scaled-600x400.jpg 600w, https:\/\/www.realclubmaritimomelilla.es\/clmar\/wp-content\/uploads\/2018\/07\/CLASE-LASER-4.7-768x512.jpg 768w, https:\/\/www.realclubmaritimomelilla.es\/clmar\/wp-content\/uploads\/2018\/07\/CLASE-LASER-4.7-1024x683.jpg 1024w\" sizes=\"(max-width: 1024px) 100vw, 1024px\" \/><\/a>\n\t\t\t<\/dt><\/dl><dl class='gallery-item'>\n\t\t\t<dt class='gallery-icon landscape'>\n\t\t\t\t<a data-rel=\"iLightbox[postimages]\" data-title=\"CLASE LASER RADIAL copia\" data-caption=\"\" href='https:\/\/www.realclubmaritimomelilla.es\/clmar\/club-maritimo-cierra-trofeo-virgen-del-carmen-la-entrega-trofeos\/clase-laser-radial-copia\/'><img decoding=\"async\" width=\"1024\" height=\"619\" src=\"https:\/\/www.realclubmaritimomelilla.es\/clmar\/wp-content\/uploads\/2018\/07\/CLASE-LASER-RADIAL-copia-1024x619.jpg\" class=\"attachment-large size-large\" alt=\"\" srcset=\"https:\/\/www.realclubmaritimomelilla.es\/clmar\/wp-content\/uploads\/2018\/07\/CLASE-LASER-RADIAL-copia-300x181.jpg 300w, https:\/\/www.realclubmaritimomelilla.es\/clmar\/wp-content\/uploads\/2018\/07\/CLASE-LASER-RADIAL-copia-scaled-600x363.jpg 600w, https:\/\/www.realclubmaritimomelilla.es\/clmar\/wp-content\/uploads\/2018\/07\/CLASE-LASER-RADIAL-copia-768x464.jpg 768w, https:\/\/www.realclubmaritimomelilla.es\/clmar\/wp-content\/uploads\/2018\/07\/CLASE-LASER-RADIAL-copia-1024x619.jpg 1024w\" sizes=\"(max-width: 1024px) 100vw, 1024px\" \/><\/a>\n\t\t\t<\/dt><\/dl><br style=\"clear: both\" \/><dl class='gallery-item'>\n\t\t\t<dt class='gallery-icon landscape'>\n\t\t\t\t<a data-rel=\"iLightbox[postimages]\" data-title=\"CLASE OPTIMIST GENERAL copia\" data-caption=\"\" href='https:\/\/www.realclubmaritimomelilla.es\/clmar\/club-maritimo-cierra-trofeo-virgen-del-carmen-la-entrega-trofeos\/clase-optimist-general-copia\/'><img decoding=\"async\" width=\"1024\" height=\"700\" src=\"https:\/\/www.realclubmaritimomelilla.es\/clmar\/wp-content\/uploads\/2018\/07\/CLASE-OPTIMIST-GENERAL-copia-1024x700.jpg\" class=\"attachment-large size-large\" alt=\"\" srcset=\"https:\/\/www.realclubmaritimomelilla.es\/clmar\/wp-content\/uploads\/2018\/07\/CLASE-OPTIMIST-GENERAL-copia-300x205.jpg 300w, https:\/\/www.realclubmaritimomelilla.es\/clmar\/wp-content\/uploads\/2018\/07\/CLASE-OPTIMIST-GENERAL-copia-scaled-600x410.jpg 600w, https:\/\/www.realclubmaritimomelilla.es\/clmar\/wp-content\/uploads\/2018\/07\/CLASE-OPTIMIST-GENERAL-copia-768x525.jpg 768w, https:\/\/www.realclubmaritimomelilla.es\/clmar\/wp-content\/uploads\/2018\/07\/CLASE-OPTIMIST-GENERAL-copia-1024x700.jpg 1024w\" sizes=\"(max-width: 1024px) 100vw, 1024px\" \/><\/a>\n\t\t\t<\/dt><\/dl><dl class='gallery-item'>\n\t\t\t<dt class='gallery-icon landscape'>\n\t\t\t\t<a data-rel=\"iLightbox[postimages]\" data-title=\"CLASE OPTIMIST INICIACI\u00d3N copia\" data-caption=\"\" href='https:\/\/www.realclubmaritimomelilla.es\/clmar\/club-maritimo-cierra-trofeo-virgen-del-carmen-la-entrega-trofeos\/clase-optimist-iniciacion-copia\/'><img decoding=\"async\" width=\"1024\" height=\"722\" src=\"https:\/\/www.realclubmaritimomelilla.es\/clmar\/wp-content\/uploads\/2018\/07\/CLASE-OPTIMIST-INICIACI\u00d3N-copia-1024x722.jpg\" class=\"attachment-large size-large\" alt=\"\" srcset=\"https:\/\/www.realclubmaritimomelilla.es\/clmar\/wp-content\/uploads\/2018\/07\/CLASE-OPTIMIST-INICIACI\u00d3N-copia-300x211.jpg 300w, https:\/\/www.realclubmaritimomelilla.es\/clmar\/wp-content\/uploads\/2018\/07\/CLASE-OPTIMIST-INICIACI\u00d3N-copia-scaled-600x423.jpg 600w, https:\/\/www.realclubmaritimomelilla.es\/clmar\/wp-content\/uploads\/2018\/07\/CLASE-OPTIMIST-INICIACI\u00d3N-copia-768x541.jpg 768w, https:\/\/www.realclubmaritimomelilla.es\/clmar\/wp-content\/uploads\/2018\/07\/CLASE-OPTIMIST-INICIACI\u00d3N-copia-1024x722.jpg 1024w\" sizes=\"(max-width: 1024px) 100vw, 1024px\" \/><\/a>\n\t\t\t<\/dt><\/dl><dl class='gallery-item'>\n\t\t\t<dt class='gallery-icon landscape'>\n\t\t\t\t<a data-rel=\"iLightbox[postimages]\" data-title=\"CLASE RACEBOARD copia\" data-caption=\"\" href='https:\/\/www.realclubmaritimomelilla.es\/clmar\/club-maritimo-cierra-trofeo-virgen-del-carmen-la-entrega-trofeos\/clase-raceboard-copia\/'><img decoding=\"async\" width=\"1024\" height=\"782\" src=\"https:\/\/www.realclubmaritimomelilla.es\/clmar\/wp-content\/uploads\/2018\/07\/CLASE-RACEBOARD-copia-1024x782.jpg\" class=\"attachment-large size-large\" alt=\"\" srcset=\"https:\/\/www.realclubmaritimomelilla.es\/clmar\/wp-content\/uploads\/2018\/07\/CLASE-RACEBOARD-copia-180x138.jpg 180w, https:\/\/www.realclubmaritimomelilla.es\/clmar\/wp-content\/uploads\/2018\/07\/CLASE-RACEBOARD-copia-300x229.jpg 300w, https:\/\/www.realclubmaritimomelilla.es\/clmar\/wp-content\/uploads\/2018\/07\/CLASE-RACEBOARD-copia-scaled-600x458.jpg 600w, https:\/\/www.realclubmaritimomelilla.es\/clmar\/wp-content\/uploads\/2018\/07\/CLASE-RACEBOARD-copia-768x587.jpg 768w, https:\/\/www.realclubmaritimomelilla.es\/clmar\/wp-content\/uploads\/2018\/07\/CLASE-RACEBOARD-copia-1024x782.jpg 1024w\" sizes=\"(max-width: 1024px) 100vw, 1024px\" \/><\/a>\n\t\t\t<\/dt><\/dl><br style=\"clear: both\" \/><dl class='gallery-item'>\n\t\t\t<dt class='gallery-icon landscape'>\n\t\t\t\t<a data-rel=\"iLightbox[postimages]\" data-title=\"CLASE TECHNO GENERAL copia\" data-caption=\"\" href='https:\/\/www.realclubmaritimomelilla.es\/clmar\/club-maritimo-cierra-trofeo-virgen-del-carmen-la-entrega-trofeos\/clase-techno-general-copia\/'><img decoding=\"async\" width=\"1024\" height=\"906\" src=\"https:\/\/www.realclubmaritimomelilla.es\/clmar\/wp-content\/uploads\/2018\/07\/CLASE-TECHNO-GENERAL-copia-1024x906.jpg\" class=\"attachment-large size-large\" alt=\"\" srcset=\"https:\/\/www.realclubmaritimomelilla.es\/clmar\/wp-content\/uploads\/2018\/07\/CLASE-TECHNO-GENERAL-copia-300x265.jpg 300w, https:\/\/www.realclubmaritimomelilla.es\/clmar\/wp-content\/uploads\/2018\/07\/CLASE-TECHNO-GENERAL-copia-scaled-600x531.jpg 600w, https:\/\/www.realclubmaritimomelilla.es\/clmar\/wp-content\/uploads\/2018\/07\/CLASE-TECHNO-GENERAL-copia-768x679.jpg 768w, https:\/\/www.realclubmaritimomelilla.es\/clmar\/wp-content\/uploads\/2018\/07\/CLASE-TECHNO-GENERAL-copia-1024x906.jpg 1024w\" sizes=\"(max-width: 1024px) 100vw, 1024px\" \/><\/a>\n\t\t\t<\/dt><\/dl><dl class='gallery-item'>\n\t\t\t<dt class='gallery-icon landscape'>\n\t\t\t\t<a data-rel=\"iLightbox[postimages]\" data-title=\"CLASE TECHNO INICIACI\u00d3N copia\" data-caption=\"\" href='https:\/\/www.realclubmaritimomelilla.es\/clmar\/club-maritimo-cierra-trofeo-virgen-del-carmen-la-entrega-trofeos\/clase-techno-iniciacion-copia\/'><img decoding=\"async\" width=\"1024\" height=\"720\" src=\"https:\/\/www.realclubmaritimomelilla.es\/clmar\/wp-content\/uploads\/2018\/07\/CLASE-TECHNO-INICIACI\u00d3N-copia-1024x720.jpg\" class=\"attachment-large size-large\" alt=\"\" srcset=\"https:\/\/www.realclubmaritimomelilla.es\/clmar\/wp-content\/uploads\/2018\/07\/CLASE-TECHNO-INICIACI\u00d3N-copia-300x211.jpg 300w, https:\/\/www.realclubmaritimomelilla.es\/clmar\/wp-content\/uploads\/2018\/07\/CLASE-TECHNO-INICIACI\u00d3N-copia-scaled-600x422.jpg 600w, https:\/\/www.realclubmaritimomelilla.es\/clmar\/wp-content\/uploads\/2018\/07\/CLASE-TECHNO-INICIACI\u00d3N-copia-768x540.jpg 768w, https:\/\/www.realclubmaritimomelilla.es\/clmar\/wp-content\/uploads\/2018\/07\/CLASE-TECHNO-INICIACI\u00d3N-copia-1024x720.jpg 1024w\" sizes=\"(max-width: 1024px) 100vw, 1024px\" \/><\/a>\n\t\t\t<\/dt><\/dl><dl class='gallery-item'>\n\t\t\t<dt class='gallery-icon landscape'>\n\t\t\t\t<a data-rel=\"iLightbox[postimages]\" data-title=\"CONTINENTAL copia\" data-caption=\"\" href='https:\/\/www.realclubmaritimomelilla.es\/clmar\/club-maritimo-cierra-trofeo-virgen-del-carmen-la-entrega-trofeos\/continental-copia\/'><img decoding=\"async\" width=\"1024\" height=\"666\" src=\"https:\/\/www.realclubmaritimomelilla.es\/clmar\/wp-content\/uploads\/2018\/07\/CONTINENTAL-copia-1024x666.jpg\" class=\"attachment-large size-large\" alt=\"\" srcset=\"https:\/\/www.realclubmaritimomelilla.es\/clmar\/wp-content\/uploads\/2018\/07\/CONTINENTAL-copia-300x195.jpg 300w, https:\/\/www.realclubmaritimomelilla.es\/clmar\/wp-content\/uploads\/2018\/07\/CONTINENTAL-copia-scaled-600x390.jpg 600w, https:\/\/www.realclubmaritimomelilla.es\/clmar\/wp-content\/uploads\/2018\/07\/CONTINENTAL-copia-768x499.jpg 768w, https:\/\/www.realclubmaritimomelilla.es\/clmar\/wp-content\/uploads\/2018\/07\/CONTINENTAL-copia-1024x666.jpg 1024w\" sizes=\"(max-width: 1024px) 100vw, 1024px\" \/><\/a>\n\t\t\t<\/dt><\/dl><br style=\"clear: both\" \/><dl class='gallery-item'>\n\t\t\t<dt class='gallery-icon landscape'>\n\t\t\t\t<a data-rel=\"iLightbox[postimages]\" data-title=\"CRUCEO CON SPY 1\u00ba copia\" data-caption=\"\" href='https:\/\/www.realclubmaritimomelilla.es\/clmar\/club-maritimo-cierra-trofeo-virgen-del-carmen-la-entrega-trofeos\/cruceo-con-spy-1o-copia\/'><img decoding=\"async\" width=\"1024\" height=\"743\" src=\"https:\/\/www.realclubmaritimomelilla.es\/clmar\/wp-content\/uploads\/2018\/07\/CRUCEO-CON-SPY-1\u00ba-copia-1024x743.jpg\" class=\"attachment-large size-large\" alt=\"\" srcset=\"https:\/\/www.realclubmaritimomelilla.es\/clmar\/wp-content\/uploads\/2018\/07\/CRUCEO-CON-SPY-1\u00ba-copia-220x161.jpg 220w, https:\/\/www.realclubmaritimomelilla.es\/clmar\/wp-content\/uploads\/2018\/07\/CRUCEO-CON-SPY-1\u00ba-copia-300x218.jpg 300w, https:\/\/www.realclubmaritimomelilla.es\/clmar\/wp-content\/uploads\/2018\/07\/CRUCEO-CON-SPY-1\u00ba-copia-scaled-600x435.jpg 600w, https:\/\/www.realclubmaritimomelilla.es\/clmar\/wp-content\/uploads\/2018\/07\/CRUCEO-CON-SPY-1\u00ba-copia-768x557.jpg 768w, https:\/\/www.realclubmaritimomelilla.es\/clmar\/wp-content\/uploads\/2018\/07\/CRUCEO-CON-SPY-1\u00ba-copia-1024x743.jpg 1024w\" sizes=\"(max-width: 1024px) 100vw, 1024px\" \/><\/a>\n\t\t\t<\/dt><\/dl><dl class='gallery-item'>\n\t\t\t<dt class='gallery-icon landscape'>\n\t\t\t\t<a data-rel=\"iLightbox[postimages]\" data-title=\"CRUCEO CON SPY 2\u00ba copia\" data-caption=\"\" href='https:\/\/www.realclubmaritimomelilla.es\/clmar\/club-maritimo-cierra-trofeo-virgen-del-carmen-la-entrega-trofeos\/cruceo-con-spy-2o-copia\/'><img decoding=\"async\" width=\"1024\" height=\"778\" src=\"https:\/\/www.realclubmaritimomelilla.es\/clmar\/wp-content\/uploads\/2018\/07\/CRUCEO-CON-SPY-2\u00ba-copia-1024x778.jpg\" class=\"attachment-large size-large\" alt=\"\" srcset=\"https:\/\/www.realclubmaritimomelilla.es\/clmar\/wp-content\/uploads\/2018\/07\/CRUCEO-CON-SPY-2\u00ba-copia-180x138.jpg 180w, https:\/\/www.realclubmaritimomelilla.es\/clmar\/wp-content\/uploads\/2018\/07\/CRUCEO-CON-SPY-2\u00ba-copia-300x228.jpg 300w, https:\/\/www.realclubmaritimomelilla.es\/clmar\/wp-content\/uploads\/2018\/07\/CRUCEO-CON-SPY-2\u00ba-copia-scaled-600x456.jpg 600w, https:\/\/www.realclubmaritimomelilla.es\/clmar\/wp-content\/uploads\/2018\/07\/CRUCEO-CON-SPY-2\u00ba-copia-768x583.jpg 768w, https:\/\/www.realclubmaritimomelilla.es\/clmar\/wp-content\/uploads\/2018\/07\/CRUCEO-CON-SPY-2\u00ba-copia-1024x778.jpg 1024w\" sizes=\"(max-width: 1024px) 100vw, 1024px\" \/><\/a>\n\t\t\t<\/dt><\/dl><dl class='gallery-item'>\n\t\t\t<dt class='gallery-icon landscape'>\n\t\t\t\t<a data-rel=\"iLightbox[postimages]\" data-title=\"CRUCERO SIN SPY 2\u00ba copia\" data-caption=\"\" href='https:\/\/www.realclubmaritimomelilla.es\/clmar\/club-maritimo-cierra-trofeo-virgen-del-carmen-la-entrega-trofeos\/crucero-sin-spy-2o-copia\/'><img decoding=\"async\" width=\"1024\" height=\"861\" src=\"https:\/\/www.realclubmaritimomelilla.es\/clmar\/wp-content\/uploads\/2018\/07\/CRUCERO-SIN-SPY-2\u00ba-copia-1024x861.jpg\" class=\"attachment-large size-large\" alt=\"\" srcset=\"https:\/\/www.realclubmaritimomelilla.es\/clmar\/wp-content\/uploads\/2018\/07\/CRUCERO-SIN-SPY-2\u00ba-copia-300x252.jpg 300w, https:\/\/www.realclubmaritimomelilla.es\/clmar\/wp-content\/uploads\/2018\/07\/CRUCERO-SIN-SPY-2\u00ba-copia-scaled-600x504.jpg 600w, https:\/\/www.realclubmaritimomelilla.es\/clmar\/wp-content\/uploads\/2018\/07\/CRUCERO-SIN-SPY-2\u00ba-copia-768x646.jpg 768w, https:\/\/www.realclubmaritimomelilla.es\/clmar\/wp-content\/uploads\/2018\/07\/CRUCERO-SIN-SPY-2\u00ba-copia-1024x861.jpg 1024w\" sizes=\"(max-width: 1024px) 100vw, 1024px\" \/><\/a>\n\t\t\t<\/dt><\/dl><br style=\"clear: both\" \/><dl class='gallery-item'>\n\t\t\t<dt class='gallery-icon landscape'>\n\t\t\t\t<a data-rel=\"iLightbox[postimages]\" data-title=\"CRUCERO SIN SPY 3\u00ba copia\" data-caption=\"\" href='https:\/\/www.realclubmaritimomelilla.es\/clmar\/club-maritimo-cierra-trofeo-virgen-del-carmen-la-entrega-trofeos\/crucero-sin-spy-3o-copia\/'><img decoding=\"async\" width=\"1024\" height=\"708\" src=\"https:\/\/www.realclubmaritimomelilla.es\/clmar\/wp-content\/uploads\/2018\/07\/CRUCERO-SIN-SPY-3\u00ba-copia-1024x708.jpg\" class=\"attachment-large size-large\" alt=\"\" srcset=\"https:\/\/www.realclubmaritimomelilla.es\/clmar\/wp-content\/uploads\/2018\/07\/CRUCERO-SIN-SPY-3\u00ba-copia-300x207.jpg 300w, https:\/\/www.realclubmaritimomelilla.es\/clmar\/wp-content\/uploads\/2018\/07\/CRUCERO-SIN-SPY-3\u00ba-copia-scaled-600x415.jpg 600w, https:\/\/www.realclubmaritimomelilla.es\/clmar\/wp-content\/uploads\/2018\/07\/CRUCERO-SIN-SPY-3\u00ba-copia-768x531.jpg 768w, https:\/\/www.realclubmaritimomelilla.es\/clmar\/wp-content\/uploads\/2018\/07\/CRUCERO-SIN-SPY-3\u00ba-copia-1024x708.jpg 1024w\" sizes=\"(max-width: 1024px) 100vw, 1024px\" \/><\/a>\n\t\t\t<\/dt><\/dl><dl class='gallery-item'>\n\t\t\t<dt class='gallery-icon landscape'>\n\t\t\t\t<a data-rel=\"iLightbox[postimages]\" data-title=\"DOMINO campeon copia\" data-caption=\"\" href='https:\/\/www.realclubmaritimomelilla.es\/clmar\/club-maritimo-cierra-trofeo-virgen-del-carmen-la-entrega-trofeos\/domino-campeon-copia\/'><img decoding=\"async\" width=\"1024\" height=\"888\" src=\"https:\/\/www.realclubmaritimomelilla.es\/clmar\/wp-content\/uploads\/2018\/07\/DOMINO-campeon-copia-1024x888.jpg\" class=\"attachment-large size-large\" alt=\"\" srcset=\"https:\/\/www.realclubmaritimomelilla.es\/clmar\/wp-content\/uploads\/2018\/07\/DOMINO-campeon-copia-300x260.jpg 300w, https:\/\/www.realclubmaritimomelilla.es\/clmar\/wp-content\/uploads\/2018\/07\/DOMINO-campeon-copia-scaled-600x520.jpg 600w, https:\/\/www.realclubmaritimomelilla.es\/clmar\/wp-content\/uploads\/2018\/07\/DOMINO-campeon-copia-768x666.jpg 768w, https:\/\/www.realclubmaritimomelilla.es\/clmar\/wp-content\/uploads\/2018\/07\/DOMINO-campeon-copia-1024x888.jpg 1024w\" sizes=\"(max-width: 1024px) 100vw, 1024px\" \/><\/a>\n\t\t\t<\/dt><\/dl><dl class='gallery-item'>\n\t\t\t<dt class='gallery-icon landscape'>\n\t\t\t\t<a data-rel=\"iLightbox[postimages]\" data-title=\"Intervenci\u00f3n Vicepresidente Rafael Imbroda copia\" data-caption=\"\" href='https:\/\/www.realclubmaritimomelilla.es\/clmar\/club-maritimo-cierra-trofeo-virgen-del-carmen-la-entrega-trofeos\/intervencion-vicepresidente-rafael-imbroda-copia\/'><img decoding=\"async\" width=\"1024\" height=\"638\" src=\"https:\/\/www.realclubmaritimomelilla.es\/clmar\/wp-content\/uploads\/2018\/07\/Intervenci\u00f3n-Vicepresidente-Rafael-Imbroda-copia-1024x638.jpg\" class=\"attachment-large size-large\" alt=\"\" srcset=\"https:\/\/www.realclubmaritimomelilla.es\/clmar\/wp-content\/uploads\/2018\/07\/Intervenci\u00f3n-Vicepresidente-Rafael-Imbroda-copia-300x187.jpg 300w, https:\/\/www.realclubmaritimomelilla.es\/clmar\/wp-content\/uploads\/2018\/07\/Intervenci\u00f3n-Vicepresidente-Rafael-Imbroda-copia-scaled-600x374.jpg 600w, https:\/\/www.realclubmaritimomelilla.es\/clmar\/wp-content\/uploads\/2018\/07\/Intervenci\u00f3n-Vicepresidente-Rafael-Imbroda-copia-768x479.jpg 768w, https:\/\/www.realclubmaritimomelilla.es\/clmar\/wp-content\/uploads\/2018\/07\/Intervenci\u00f3n-Vicepresidente-Rafael-Imbroda-copia-1024x638.jpg 1024w\" sizes=\"(max-width: 1024px) 100vw, 1024px\" \/><\/a>\n\t\t\t<\/dt><\/dl><br style=\"clear: both\" \/><dl class='gallery-item'>\n\t\t\t<dt class='gallery-icon landscape'>\n\t\t\t\t<a data-rel=\"iLightbox[postimages]\" data-title=\"PADEL campeonas de Primera copia\" data-caption=\"\" href='https:\/\/www.realclubmaritimomelilla.es\/clmar\/club-maritimo-cierra-trofeo-virgen-del-carmen-la-entrega-trofeos\/padel-campeonas-de-primera-copia\/'><img decoding=\"async\" width=\"1024\" height=\"840\" src=\"https:\/\/www.realclubmaritimomelilla.es\/clmar\/wp-content\/uploads\/2018\/07\/PADEL-campeonas-de-Primera-copia-1024x840.jpg\" class=\"attachment-large size-large\" alt=\"\" srcset=\"https:\/\/www.realclubmaritimomelilla.es\/clmar\/wp-content\/uploads\/2018\/07\/PADEL-campeonas-de-Primera-copia-300x246.jpg 300w, https:\/\/www.realclubmaritimomelilla.es\/clmar\/wp-content\/uploads\/2018\/07\/PADEL-campeonas-de-Primera-copia-scaled-600x492.jpg 600w, https:\/\/www.realclubmaritimomelilla.es\/clmar\/wp-content\/uploads\/2018\/07\/PADEL-campeonas-de-Primera-copia-768x630.jpg 768w, https:\/\/www.realclubmaritimomelilla.es\/clmar\/wp-content\/uploads\/2018\/07\/PADEL-campeonas-de-Primera-copia-1024x840.jpg 1024w\" sizes=\"(max-width: 1024px) 100vw, 1024px\" \/><\/a>\n\t\t\t<\/dt><\/dl><dl class='gallery-item'>\n\t\t\t<dt class='gallery-icon landscape'>\n\t\t\t\t<a data-rel=\"iLightbox[postimages]\" data-title=\"PADEL campeones de Primera copia\" data-caption=\"\" href='https:\/\/www.realclubmaritimomelilla.es\/clmar\/club-maritimo-cierra-trofeo-virgen-del-carmen-la-entrega-trofeos\/padel-campeones-de-primera-copia\/'><img decoding=\"async\" width=\"1024\" height=\"747\" src=\"https:\/\/www.realclubmaritimomelilla.es\/clmar\/wp-content\/uploads\/2018\/07\/PADEL-campeones-de-Primera-copia-1024x747.jpg\" class=\"attachment-large size-large\" alt=\"\" srcset=\"https:\/\/www.realclubmaritimomelilla.es\/clmar\/wp-content\/uploads\/2018\/07\/PADEL-campeones-de-Primera-copia-220x161.jpg 220w, https:\/\/www.realclubmaritimomelilla.es\/clmar\/wp-content\/uploads\/2018\/07\/PADEL-campeones-de-Primera-copia-300x219.jpg 300w, https:\/\/www.realclubmaritimomelilla.es\/clmar\/wp-content\/uploads\/2018\/07\/PADEL-campeones-de-Primera-copia-scaled-600x438.jpg 600w, https:\/\/www.realclubmaritimomelilla.es\/clmar\/wp-content\/uploads\/2018\/07\/PADEL-campeones-de-Primera-copia-768x560.jpg 768w, https:\/\/www.realclubmaritimomelilla.es\/clmar\/wp-content\/uploads\/2018\/07\/PADEL-campeones-de-Primera-copia-1024x747.jpg 1024w\" sizes=\"(max-width: 1024px) 100vw, 1024px\" \/><\/a>\n\t\t\t<\/dt><\/dl><dl class='gallery-item'>\n\t\t\t<dt class='gallery-icon landscape'>\n\t\t\t\t<a data-rel=\"iLightbox[postimages]\" data-title=\"PADEL campeones de SEGUNDA copia\" data-caption=\"\" href='https:\/\/www.realclubmaritimomelilla.es\/clmar\/club-maritimo-cierra-trofeo-virgen-del-carmen-la-entrega-trofeos\/padel-campeones-de-segunda-copia\/'><img decoding=\"async\" width=\"1024\" height=\"760\" src=\"https:\/\/www.realclubmaritimomelilla.es\/clmar\/wp-content\/uploads\/2018\/07\/PADEL-campeones-de-SEGUNDA-copia-1024x760.jpg\" class=\"attachment-large size-large\" alt=\"\" srcset=\"https:\/\/www.realclubmaritimomelilla.es\/clmar\/wp-content\/uploads\/2018\/07\/PADEL-campeones-de-SEGUNDA-copia-300x223.jpg 300w, https:\/\/www.realclubmaritimomelilla.es\/clmar\/wp-content\/uploads\/2018\/07\/PADEL-campeones-de-SEGUNDA-copia-scaled-600x445.jpg 600w, https:\/\/www.realclubmaritimomelilla.es\/clmar\/wp-content\/uploads\/2018\/07\/PADEL-campeones-de-SEGUNDA-copia-768x570.jpg 768w, https:\/\/www.realclubmaritimomelilla.es\/clmar\/wp-content\/uploads\/2018\/07\/PADEL-campeones-de-SEGUNDA-copia-1024x760.jpg 1024w\" sizes=\"(max-width: 1024px) 100vw, 1024px\" \/><\/a>\n\t\t\t<\/dt><\/dl><br style=\"clear: both\" \/><dl class='gallery-item'>\n\t\t\t<dt class='gallery-icon landscape'>\n\t\t\t\t<a data-rel=\"iLightbox[postimages]\" data-title=\"PADEL subcampeonas de Primera copia\" data-caption=\"\" href='https:\/\/www.realclubmaritimomelilla.es\/clmar\/club-maritimo-cierra-trofeo-virgen-del-carmen-la-entrega-trofeos\/padel-subcampeonas-de-primera-copia\/'><img decoding=\"async\" width=\"1024\" height=\"923\" src=\"https:\/\/www.realclubmaritimomelilla.es\/clmar\/wp-content\/uploads\/2018\/07\/PADEL-subcampeonas-de-Primera-copia-1024x923.jpg\" class=\"attachment-large size-large\" alt=\"\" srcset=\"https:\/\/www.realclubmaritimomelilla.es\/clmar\/wp-content\/uploads\/2018\/07\/PADEL-subcampeonas-de-Primera-copia-300x270.jpg 300w, https:\/\/www.realclubmaritimomelilla.es\/clmar\/wp-content\/uploads\/2018\/07\/PADEL-subcampeonas-de-Primera-copia-scaled-600x541.jpg 600w, https:\/\/www.realclubmaritimomelilla.es\/clmar\/wp-content\/uploads\/2018\/07\/PADEL-subcampeonas-de-Primera-copia-768x692.jpg 768w, https:\/\/www.realclubmaritimomelilla.es\/clmar\/wp-content\/uploads\/2018\/07\/PADEL-subcampeonas-de-Primera-copia-1024x923.jpg 1024w\" sizes=\"(max-width: 1024px) 100vw, 1024px\" \/><\/a>\n\t\t\t<\/dt><\/dl><dl class='gallery-item'>\n\t\t\t<dt class='gallery-icon landscape'>\n\t\t\t\t<a data-rel=\"iLightbox[postimages]\" data-title=\"PADEL subcampeones de Cuarta copia\" data-caption=\"\" href='https:\/\/www.realclubmaritimomelilla.es\/clmar\/club-maritimo-cierra-trofeo-virgen-del-carmen-la-entrega-trofeos\/padel-subcampeones-de-cuarta-copia\/'><img decoding=\"async\" width=\"1024\" height=\"844\" src=\"https:\/\/www.realclubmaritimomelilla.es\/clmar\/wp-content\/uploads\/2018\/07\/PADEL-subcampeones-de-Cuarta-copia-1024x844.jpg\" class=\"attachment-large size-large\" alt=\"\" srcset=\"https:\/\/www.realclubmaritimomelilla.es\/clmar\/wp-content\/uploads\/2018\/07\/PADEL-subcampeones-de-Cuarta-copia-300x247.jpg 300w, https:\/\/www.realclubmaritimomelilla.es\/clmar\/wp-content\/uploads\/2018\/07\/PADEL-subcampeones-de-Cuarta-copia-scaled-600x495.jpg 600w, https:\/\/www.realclubmaritimomelilla.es\/clmar\/wp-content\/uploads\/2018\/07\/PADEL-subcampeones-de-Cuarta-copia-768x633.jpg 768w, https:\/\/www.realclubmaritimomelilla.es\/clmar\/wp-content\/uploads\/2018\/07\/PADEL-subcampeones-de-Cuarta-copia-1024x844.jpg 1024w\" sizes=\"(max-width: 1024px) 100vw, 1024px\" \/><\/a>\n\t\t\t<\/dt><\/dl><dl class='gallery-item'>\n\t\t\t<dt class='gallery-icon landscape'>\n\t\t\t\t<a data-rel=\"iLightbox[postimages]\" data-title=\"PADEL subcampeones de Tercera copia\" data-caption=\"\" href='https:\/\/www.realclubmaritimomelilla.es\/clmar\/club-maritimo-cierra-trofeo-virgen-del-carmen-la-entrega-trofeos\/padel-subcampeones-de-tercera-copia\/'><img decoding=\"async\" width=\"1024\" height=\"615\" src=\"https:\/\/www.realclubmaritimomelilla.es\/clmar\/wp-content\/uploads\/2018\/07\/PADEL-subcampeones-de-Tercera-copia-1024x615.jpg\" class=\"attachment-large size-large\" alt=\"\" srcset=\"https:\/\/www.realclubmaritimomelilla.es\/clmar\/wp-content\/uploads\/2018\/07\/PADEL-subcampeones-de-Tercera-copia-300x180.jpg 300w, https:\/\/www.realclubmaritimomelilla.es\/clmar\/wp-content\/uploads\/2018\/07\/PADEL-subcampeones-de-Tercera-copia-scaled-600x360.jpg 600w, https:\/\/www.realclubmaritimomelilla.es\/clmar\/wp-content\/uploads\/2018\/07\/PADEL-subcampeones-de-Tercera-copia-768x461.jpg 768w, https:\/\/www.realclubmaritimomelilla.es\/clmar\/wp-content\/uploads\/2018\/07\/PADEL-subcampeones-de-Tercera-copia-1024x615.jpg 1024w\" sizes=\"(max-width: 1024px) 100vw, 1024px\" \/><\/a>\n\t\t\t<\/dt><\/dl><br style=\"clear: both\" \/><dl class='gallery-item'>\n\t\t\t<dt class='gallery-icon landscape'>\n\t\t\t\t<a data-rel=\"iLightbox[postimages]\" data-title=\"PARCHIS\" data-caption=\"\" href='https:\/\/www.realclubmaritimomelilla.es\/clmar\/club-maritimo-cierra-trofeo-virgen-del-carmen-la-entrega-trofeos\/parchis-3\/'><img decoding=\"async\" width=\"1024\" height=\"718\" src=\"https:\/\/www.realclubmaritimomelilla.es\/clmar\/wp-content\/uploads\/2018\/07\/PARCHIS-1024x718.jpg\" class=\"attachment-large size-large\" alt=\"\" srcset=\"https:\/\/www.realclubmaritimomelilla.es\/clmar\/wp-content\/uploads\/2018\/07\/PARCHIS-300x210.jpg 300w, https:\/\/www.realclubmaritimomelilla.es\/clmar\/wp-content\/uploads\/2018\/07\/PARCHIS-scaled-600x421.jpg 600w, https:\/\/www.realclubmaritimomelilla.es\/clmar\/wp-content\/uploads\/2018\/07\/PARCHIS-768x539.jpg 768w, https:\/\/www.realclubmaritimomelilla.es\/clmar\/wp-content\/uploads\/2018\/07\/PARCHIS-1024x718.jpg 1024w\" sizes=\"(max-width: 1024px) 100vw, 1024px\" \/><\/a>\n\t\t\t<\/dt><\/dl><dl class='gallery-item'>\n\t\t\t<dt class='gallery-icon landscape'>\n\t\t\t\t<a data-rel=\"iLightbox[postimages]\" data-title=\"PECA ADULTOS mayor n\u00famero kilos\" data-caption=\"\" href='https:\/\/www.realclubmaritimomelilla.es\/clmar\/club-maritimo-cierra-trofeo-virgen-del-carmen-la-entrega-trofeos\/peca-adultos-mayor-numero-kilos\/'><img decoding=\"async\" width=\"1024\" height=\"835\" src=\"https:\/\/www.realclubmaritimomelilla.es\/clmar\/wp-content\/uploads\/2018\/07\/PECA-ADULTOS-mayor-n\u00famero-kilos-1024x835.jpg\" class=\"attachment-large size-large\" alt=\"\" srcset=\"https:\/\/www.realclubmaritimomelilla.es\/clmar\/wp-content\/uploads\/2018\/07\/PECA-ADULTOS-mayor-n\u00famero-kilos-300x245.jpg 300w, https:\/\/www.realclubmaritimomelilla.es\/clmar\/wp-content\/uploads\/2018\/07\/PECA-ADULTOS-mayor-n\u00famero-kilos-scaled-600x490.jpg 600w, https:\/\/www.realclubmaritimomelilla.es\/clmar\/wp-content\/uploads\/2018\/07\/PECA-ADULTOS-mayor-n\u00famero-kilos-768x627.jpg 768w, https:\/\/www.realclubmaritimomelilla.es\/clmar\/wp-content\/uploads\/2018\/07\/PECA-ADULTOS-mayor-n\u00famero-kilos-1024x835.jpg 1024w\" sizes=\"(max-width: 1024px) 100vw, 1024px\" \/><\/a>\n\t\t\t<\/dt><\/dl><dl class='gallery-item'>\n\t\t\t<dt class='gallery-icon landscape'>\n\t\t\t\t<a data-rel=\"iLightbox[postimages]\" data-title=\"PESCA ADULTOS mayor n\u00famero piezas\" data-caption=\"\" href='https:\/\/www.realclubmaritimomelilla.es\/clmar\/club-maritimo-cierra-trofeo-virgen-del-carmen-la-entrega-trofeos\/pesca-adultos-mayor-numero-piezas\/'><img decoding=\"async\" width=\"1024\" height=\"757\" src=\"https:\/\/www.realclubmaritimomelilla.es\/clmar\/wp-content\/uploads\/2018\/07\/PESCA-ADULTOS-mayor-n\u00famero-piezas-1024x757.jpg\" class=\"attachment-large size-large\" alt=\"\" srcset=\"https:\/\/www.realclubmaritimomelilla.es\/clmar\/wp-content\/uploads\/2018\/07\/PESCA-ADULTOS-mayor-n\u00famero-piezas-300x222.jpg 300w, https:\/\/www.realclubmaritimomelilla.es\/clmar\/wp-content\/uploads\/2018\/07\/PESCA-ADULTOS-mayor-n\u00famero-piezas-scaled-600x443.jpg 600w, https:\/\/www.realclubmaritimomelilla.es\/clmar\/wp-content\/uploads\/2018\/07\/PESCA-ADULTOS-mayor-n\u00famero-piezas-768x568.jpg 768w, https:\/\/www.realclubmaritimomelilla.es\/clmar\/wp-content\/uploads\/2018\/07\/PESCA-ADULTOS-mayor-n\u00famero-piezas-1024x757.jpg 1024w\" sizes=\"(max-width: 1024px) 100vw, 1024px\" \/><\/a>\n\t\t\t<\/dt><\/dl><br style=\"clear: both\" \/><dl class='gallery-item'>\n\t\t\t<dt class='gallery-icon portrait'>\n\t\t\t\t<a data-rel=\"iLightbox[postimages]\" data-title=\"PESCA ADULTOS pieza mayor\" data-caption=\"\" href='https:\/\/www.realclubmaritimomelilla.es\/clmar\/club-maritimo-cierra-trofeo-virgen-del-carmen-la-entrega-trofeos\/pesca-adultos-pieza-mayor-2\/'><img decoding=\"async\" width=\"904\" height=\"1024\" src=\"https:\/\/www.realclubmaritimomelilla.es\/clmar\/wp-content\/uploads\/2018\/07\/PESCA-ADULTOS-pieza-mayor-904x1024.jpg\" class=\"attachment-large size-large\" alt=\"\" srcset=\"https:\/\/www.realclubmaritimomelilla.es\/clmar\/wp-content\/uploads\/2018\/07\/PESCA-ADULTOS-pieza-mayor-265x300.jpg 265w, https:\/\/www.realclubmaritimomelilla.es\/clmar\/wp-content\/uploads\/2018\/07\/PESCA-ADULTOS-pieza-mayor-scaled-600x680.jpg 600w, https:\/\/www.realclubmaritimomelilla.es\/clmar\/wp-content\/uploads\/2018\/07\/PESCA-ADULTOS-pieza-mayor-768x870.jpg 768w, https:\/\/www.realclubmaritimomelilla.es\/clmar\/wp-content\/uploads\/2018\/07\/PESCA-ADULTOS-pieza-mayor-904x1024.jpg 904w\" sizes=\"(max-width: 904px) 100vw, 904px\" \/><\/a>\n\t\t\t<\/dt><\/dl><dl class='gallery-item'>\n\t\t\t<dt class='gallery-icon landscape'>\n\t\t\t\t<a data-rel=\"iLightbox[postimages]\" data-title=\"PESCA EMBARCACION 1\u00ba mayor numero kilos\" data-caption=\"\" href='https:\/\/www.realclubmaritimomelilla.es\/clmar\/club-maritimo-cierra-trofeo-virgen-del-carmen-la-entrega-trofeos\/pesca-embarcacion-1o-mayor-numero-kilos\/'><img decoding=\"async\" width=\"1024\" height=\"831\" src=\"https:\/\/www.realclubmaritimomelilla.es\/clmar\/wp-content\/uploads\/2018\/07\/PESCA-EMBARCACION-1\u00ba-mayor-numero-kilos-1024x831.jpg\" class=\"attachment-large size-large\" alt=\"\" srcset=\"https:\/\/www.realclubmaritimomelilla.es\/clmar\/wp-content\/uploads\/2018\/07\/PESCA-EMBARCACION-1\u00ba-mayor-numero-kilos-147x118.jpg 147w, https:\/\/www.realclubmaritimomelilla.es\/clmar\/wp-content\/uploads\/2018\/07\/PESCA-EMBARCACION-1\u00ba-mayor-numero-kilos-300x244.jpg 300w, https:\/\/www.realclubmaritimomelilla.es\/clmar\/wp-content\/uploads\/2018\/07\/PESCA-EMBARCACION-1\u00ba-mayor-numero-kilos-scaled-600x487.jpg 600w, https:\/\/www.realclubmaritimomelilla.es\/clmar\/wp-content\/uploads\/2018\/07\/PESCA-EMBARCACION-1\u00ba-mayor-numero-kilos-768x624.jpg 768w, https:\/\/www.realclubmaritimomelilla.es\/clmar\/wp-content\/uploads\/2018\/07\/PESCA-EMBARCACION-1\u00ba-mayor-numero-kilos-1024x831.jpg 1024w\" sizes=\"(max-width: 1024px) 100vw, 1024px\" \/><\/a>\n\t\t\t<\/dt><\/dl><dl class='gallery-item'>\n\t\t\t<dt class='gallery-icon landscape'>\n\t\t\t\t<a data-rel=\"iLightbox[postimages]\" data-title=\"PESCA EMBARCACION pieza mayor\" data-caption=\"\" href='https:\/\/www.realclubmaritimomelilla.es\/clmar\/club-maritimo-cierra-trofeo-virgen-del-carmen-la-entrega-trofeos\/pesca-embarcacion-pieza-mayor-2\/'><img decoding=\"async\" width=\"1024\" height=\"896\" src=\"https:\/\/www.realclubmaritimomelilla.es\/clmar\/wp-content\/uploads\/2018\/07\/PESCA-EMBARCACION-pieza-mayor-1024x896.jpg\" class=\"attachment-large size-large\" alt=\"\" srcset=\"https:\/\/www.realclubmaritimomelilla.es\/clmar\/wp-content\/uploads\/2018\/07\/PESCA-EMBARCACION-pieza-mayor-300x263.jpg 300w, https:\/\/www.realclubmaritimomelilla.es\/clmar\/wp-content\/uploads\/2018\/07\/PESCA-EMBARCACION-pieza-mayor-scaled-600x525.jpg 600w, https:\/\/www.realclubmaritimomelilla.es\/clmar\/wp-content\/uploads\/2018\/07\/PESCA-EMBARCACION-pieza-mayor-768x672.jpg 768w, https:\/\/www.realclubmaritimomelilla.es\/clmar\/wp-content\/uploads\/2018\/07\/PESCA-EMBARCACION-pieza-mayor-1024x896.jpg 1024w\" sizes=\"(max-width: 1024px) 100vw, 1024px\" \/><\/a>\n\t\t\t<\/dt><\/dl><br style=\"clear: both\" \/><dl class='gallery-item'>\n\t\t\t<dt class='gallery-icon portrait'>\n\t\t\t\t<a data-rel=\"iLightbox[postimages]\" data-title=\"PESCA INFANTIL mayor numero piezas\" data-caption=\"\" href='https:\/\/www.realclubmaritimomelilla.es\/clmar\/club-maritimo-cierra-trofeo-virgen-del-carmen-la-entrega-trofeos\/pesca-infantil-mayor-numero-piezas-2\/'><img decoding=\"async\" width=\"835\" height=\"1024\" src=\"https:\/\/www.realclubmaritimomelilla.es\/clmar\/wp-content\/uploads\/2018\/07\/PESCA-INFANTIL-mayor-numero-piezas-835x1024.jpg\" class=\"attachment-large size-large\" alt=\"\" srcset=\"https:\/\/www.realclubmaritimomelilla.es\/clmar\/wp-content\/uploads\/2018\/07\/PESCA-INFANTIL-mayor-numero-piezas-245x300.jpg 245w, https:\/\/www.realclubmaritimomelilla.es\/clmar\/wp-content\/uploads\/2018\/07\/PESCA-INFANTIL-mayor-numero-piezas-scaled-600x736.jpg 600w, https:\/\/www.realclubmaritimomelilla.es\/clmar\/wp-content\/uploads\/2018\/07\/PESCA-INFANTIL-mayor-numero-piezas-768x942.jpg 768w, https:\/\/www.realclubmaritimomelilla.es\/clmar\/wp-content\/uploads\/2018\/07\/PESCA-INFANTIL-mayor-numero-piezas-835x1024.jpg 835w\" sizes=\"(max-width: 835px) 100vw, 835px\" \/><\/a>\n\t\t\t<\/dt><\/dl><dl class='gallery-item'>\n\t\t\t<dt class='gallery-icon portrait'>\n\t\t\t\t<a data-rel=\"iLightbox[postimages]\" data-title=\"PESCA INFANTIL pieza mayor\" data-caption=\"\" href='https:\/\/www.realclubmaritimomelilla.es\/clmar\/club-maritimo-cierra-trofeo-virgen-del-carmen-la-entrega-trofeos\/pesca-infantil-pieza-mayor-3\/'><img decoding=\"async\" width=\"880\" height=\"1024\" src=\"https:\/\/www.realclubmaritimomelilla.es\/clmar\/wp-content\/uploads\/2018\/07\/PESCA-INFANTIL-pieza-mayor-880x1024.jpg\" class=\"attachment-large size-large\" alt=\"\" srcset=\"https:\/\/www.realclubmaritimomelilla.es\/clmar\/wp-content\/uploads\/2018\/07\/PESCA-INFANTIL-pieza-mayor-258x300.jpg 258w, https:\/\/www.realclubmaritimomelilla.es\/clmar\/wp-content\/uploads\/2018\/07\/PESCA-INFANTIL-pieza-mayor-scaled-600x698.jpg 600w, https:\/\/www.realclubmaritimomelilla.es\/clmar\/wp-content\/uploads\/2018\/07\/PESCA-INFANTIL-pieza-mayor-768x893.jpg 768w, https:\/\/www.realclubmaritimomelilla.es\/clmar\/wp-content\/uploads\/2018\/07\/PESCA-INFANTIL-pieza-mayor-880x1024.jpg 880w\" sizes=\"(max-width: 880px) 100vw, 880px\" \/><\/a>\n\t\t\t<\/dt><\/dl><dl class='gallery-item'>\n\t\t\t<dt class='gallery-icon landscape'>\n\t\t\t\t<a data-rel=\"iLightbox[postimages]\" data-title=\"Regatistas\" data-caption=\"\" href='https:\/\/www.realclubmaritimomelilla.es\/clmar\/club-maritimo-cierra-trofeo-virgen-del-carmen-la-entrega-trofeos\/regatistas\/'><img decoding=\"async\" width=\"1024\" height=\"655\" src=\"https:\/\/www.realclubmaritimomelilla.es\/clmar\/wp-content\/uploads\/2018\/07\/Regatistas-1024x655.jpg\" class=\"attachment-large size-large\" alt=\"\" srcset=\"https:\/\/www.realclubmaritimomelilla.es\/clmar\/wp-content\/uploads\/2018\/07\/Regatistas-300x192.jpg 300w, https:\/\/www.realclubmaritimomelilla.es\/clmar\/wp-content\/uploads\/2018\/07\/Regatistas-460x295.jpg 460w, https:\/\/www.realclubmaritimomelilla.es\/clmar\/wp-content\/uploads\/2018\/07\/Regatistas-scaled-600x384.jpg 600w, https:\/\/www.realclubmaritimomelilla.es\/clmar\/wp-content\/uploads\/2018\/07\/Regatistas-768x491.jpg 768w, https:\/\/www.realclubmaritimomelilla.es\/clmar\/wp-content\/uploads\/2018\/07\/Regatistas-1024x655.jpg 1024w\" sizes=\"(max-width: 1024px) 100vw, 1024px\" \/><\/a>\n\t\t\t<\/dt><\/dl><br style=\"clear: both\" \/>\n\t\t<\/div>\n\n<\/div>\n<div>\n<p><strong><u>CAMPEONES VIRGEN DEL CARMEN 2018<\/u><\/strong><\/p>\n<p>&nbsp;<\/p>\n<p><strong><u>DOMIN\u00d3<\/u><\/strong><\/p>\n<ul>\n<li>3\u00ba Gerardo Parra Paradero<\/li>\n<li>2\u00ba Jos\u00e9 Arias Romero<\/li>\n<li>1\u00ba Abdelakarim Burrahay<\/li>\n<\/ul>\n<p>&nbsp;<\/p>\n<p><strong><u>4\u00aa CATEGOR\u00cdA MASCULINA P\u00c1DEL<\/u><\/strong><\/p>\n<ul>\n<li>Campeones Consolaci\u00f3n: Jes\u00fas Puerto Contreras \u2013 Jorge Blasco Soler<\/li>\n<li>Subcampeones: Javier P\u00e9rez Escamez \u2013 Carlos P\u00e9rez Garc\u00eda<\/li>\n<li>Campeones: Juli\u00e1n S\u00e1nchez L\u00f3pez \u2013 Jos\u00e9 Mar\u00eda Paya Marcos<\/li>\n<\/ul>\n<p><strong><u>\u00a0<\/u><\/strong><\/p>\n<p><strong><u>3\u00aa CATEGOR\u00cdA MASCULINA P\u00c1DEL<\/u><\/strong><\/p>\n<ul>\n<li>Campeones Consolaci\u00f3n: Adri\u00e1n Catal\u00e1 Zumaquero \u2013 Gines Robles Heredia<\/li>\n<li>Subcampeones: Antonio Carrasco Mart\u00ednez \u2013 Juan Carlos Valero Quinto<\/li>\n<li>Campeones: Miguel Segura Moro \u2013 Yosep Dris Mart\u00ednez<\/li>\n<\/ul>\n<p>&nbsp;<\/p>\n<p><strong><u>2\u00aa CATEGOR\u00cdA MASCULINA PADEL<\/u><\/strong><\/p>\n<ul>\n<li>Campeones Consolaci\u00f3n: Antonio Valdivieso-Morquecho Escudero \u2013 Manuel Fern\u00e1ndez Galv\u00e1n<\/li>\n<li>Subcampeones: Valent\u00edn Volpe Bravo \u2013 Christian Volpe Chiesa<\/li>\n<li>Campeones: Enrique Barrio Arango \u2013 Ra\u00fal Romero S\u00e1nchez<\/li>\n<\/ul>\n<p>&nbsp;<\/p>\n<p><strong><u>1\u00aa CATEGOR\u00cdA FEMENINA PADEL<\/u><\/strong><\/p>\n<ul>\n<li>Campeonas Consolaci\u00f3n: Ana Erades Alonso \u2013 Ana Hernando Erades<\/li>\n<li>Subcampeonas: Liliana Maldonado L\u00f3pez \u2013 Mayca Gil Dur\u00e1n<\/li>\n<li>Campeonas: Maria Mizzi Rama \u2013 Marta Ruiz Fern\u00e1ndez De Castro<\/li>\n<\/ul>\n<p>&nbsp;<\/p>\n<p><strong><u>1\u00aa CATEGOR\u00cdA MASCULINA PADEL<\/u><\/strong><\/p>\n<ul>\n<li>Subcampeones: Javier Mizzi Rama\u2013 Antonio Castillo Valverde<\/li>\n<li>Campeones: Jes\u00fas Moya Sos \u2013 Armando Moya Sos<\/li>\n<\/ul>\n<p>&nbsp;<\/p>\n<p><strong><u>CANASTA<\/u><\/strong><\/p>\n<ul>\n<li>Campeonas: Marina Dur\u00e1n \u2013 Elvira Hern\u00e1ndez<\/li>\n<\/ul>\n<p><strong><u>\u00a0<\/u><\/strong><\/p>\n<p><strong><u>CONTINENTAL<\/u><\/strong><\/p>\n<ul>\n<li>Campeonas: Encarnaci\u00f3n Garc\u00eda \u2013 Josefina Molina<\/li>\n<\/ul>\n<p>&nbsp;<\/p>\n<p><strong><u>PARCH\u00cdS<\/u><\/strong><\/p>\n<ul>\n<li>Campeonas: Purificaci\u00f3n Mateo \u2013 Encarnaci\u00f3n Garc\u00eda<\/li>\n<\/ul>\n<p>&nbsp;<\/p>\n<p><strong><u>PESCA ADULTOS EN CANTIL<\/u><\/strong><\/p>\n<ul>\n<li>Mayor n\u00ba de piezas: Juan Luis Ruano<\/li>\n<li>Mayor n\u00ba de kilos: Jos\u00e9 M\u00aa Esteller<\/li>\n<li>Pieza mayor: Domingo Paredes<\/li>\n<\/ul>\n<p>&nbsp;<\/p>\n<p><strong><u>PESCA INFANTIL <\/u><\/strong><\/p>\n<ul>\n<li>Mayor n\u00ba de piezas: Juan Quesada<\/li>\n<li>Mayor n\u00ba de kilos: V\u00edctor Salinas Rodr\u00edguez<\/li>\n<li>Pieza Mayor: David Dom\u00ednguez<\/li>\n<\/ul>\n<p><strong><u>\u00a0<\/u><\/strong><\/p>\n<p><strong><u>PESCA EMBARCACI\u00d3N FONDEADA<\/u><\/strong><\/p>\n<ul>\n<li>2\u00ba Mayor n\u00ba de kilos: \u00c1ngel Prada Luna<\/li>\n<li>1\u00ba Mayor n\u00ba de kilos: Mohamed Musa Abdel-lah<\/li>\n<li>Pieza Mayor: Francisco R\u00edos Ort\u00edz<\/li>\n<\/ul>\n<p><strong><u>\u00a0<\/u><\/strong><\/p>\n<p><strong><u>\u00a0<\/u><\/strong><\/p>\n<p><strong><u>CLASE OPTIMIST INICIACI\u00d3N<\/u><\/strong><\/p>\n<ul>\n<li>3\u00ba \u00c1ngel Mart\u00ednez y \u00c1ngel Manuel Rodr\u00edguez<\/li>\n<li>2\u00ba Jaime Cabrera Casado<\/li>\n<li>1\u00ba Adam Assafah Ant\u00f3n<\/li>\n<\/ul>\n<p>&nbsp;<\/p>\n<p><strong><u>CLASE OPTIMIST GENERAL<\/u><\/strong><\/p>\n<ul>\n<li>3\u00ba Yasin Boudihi Dris<\/li>\n<li>2\u00ba Andr\u00e9s Sarri\u00e1 Zapata<\/li>\n<li>1\u00ba Gonzalo J\u00e1udenes Lamp\u00e9rez<\/li>\n<\/ul>\n<p>&nbsp;<\/p>\n<p><strong><u>CLASE LASER 4.7<\/u><\/strong><\/p>\n<ul>\n<li>3\u00ba Salma Boudihi Dris<\/li>\n<li>2\u00ba Mar\u00eda Montesinos Morales<\/li>\n<li>1\u00ba Miguel Due\u00f1as Guti\u00e9rrez<\/li>\n<\/ul>\n<p>&nbsp;<\/p>\n<p><strong><u>CLASE LASER RADIAL<\/u><\/strong><\/p>\n<ul>\n<li>3\u00ba Israel Mart\u00ednez Moreno<\/li>\n<li>2\u00ba Antonio Mu\u00f1oz Revilla<\/li>\n<li>1\u00ba Alba Mu\u00f1oz Revilla<\/li>\n<\/ul>\n<p><strong><u>\u00a0<\/u><\/strong><\/p>\n<p><strong><u>CLASE TECHNO INICIACI\u00d3N<\/u><\/strong><\/p>\n<ul>\n<li>3\u00ba Francisco Soler N\u00fa\u00f1ez<\/li>\n<li>2\u00ba Aitana Duarte Cantos<\/li>\n<li>1\u00ba Paloma Arrar\u00e1s S\u00e1nchez<\/li>\n<\/ul>\n<p><strong><u>\u00a0<\/u><\/strong><\/p>\n<p><strong><u>CLASE TECHNO GENERAL<\/u><\/strong><\/p>\n<ul>\n<li>3\u00ba Elena Pay\u00e1 Marcos<\/li>\n<li>2\u00ba Emira Rodr\u00edguez Mehdi<\/li>\n<li>1\u00ba Azul S\u00e1nchez Vallejo<\/li>\n<\/ul>\n<p><strong><u>\u00a0<\/u><\/strong><\/p>\n<p><strong><u>CLASE RACEBOARD<\/u><\/strong><\/p>\n<ul>\n<li>3\u00ba Cristina Padilla Moreno<\/li>\n<li>2\u00ba Carlos Mar\u00edn Est\u00e9banez<\/li>\n<li>1\u00ba Pablo Pascual Delgado<\/li>\n<\/ul>\n<p><strong><u>\u00a0<\/u><\/strong><\/p>\n<p><strong><u>CRUCERO CON SPY<\/u><\/strong><\/p>\n<ul>\n<li>2\u00ba Olivita.- Luis Cobreros Rico<\/li>\n<li>1\u00ba Ciudad de Melilla \/ Club Mar\u00edtimo \u2013 Jos\u00e9 Luis P\u00e9rez<\/li>\n<\/ul>\n<p><strong><u>\u00a0<\/u><\/strong><\/p>\n<p><strong><u>CRUCERO SIN SPY<\/u><\/strong><\/p>\n<ul>\n<li>3\u00ba SPA PRIMERO.- Carlos D\u00edaz<\/li>\n<li>2\u00ba KELAYA.- Jos\u00e9 Garc\u00eda<\/li>\n<li>1\u00ba El Victoria V.- Vicente De Juan Garc\u00eda<\/li>\n<\/ul>\n<p>&nbsp;<\/p>\n<p>&nbsp;<\/p>\n<p>&nbsp;<\/p>\n<\/div>\n<div><\/div>\n<div class=\"fusion-clearfix\"><\/div><\/div><\/div><\/div><style type=\"text\/css\">.fusion-fullwidth.fusion-builder-row-1 { overflow:visible; }<\/style><\/div>\n","protected":false},"excerpt":{"rendered":"<p>El Club Mar\u00edtimo de Melilla ha procedido a clausurar las actividades en honor a la Virgen del Carmen con la entrega de trofeos y galardones a los participantes en dichas actividades. Un acto que tuvo lugar en el restaurante del Club Mar\u00edtimo, donde adem\u00e1s de los premiados, acudieron familiares y socios de la entidad, para [&hellip;]<\/p>\n","protected":false},"author":1,"featured_media":13778,"comment_status":"open","ping_status":"open","sticky":false,"template":"","format":"standard","meta":{"_acf_changed":false,"footnotes":""},"categories":[40,42],"tags":[],"class_list":["post-13745","post","type-post","status-publish","format-standard","has-post-thumbnail","hentry","category-club","category-trofeos"],"acf":[],"yoast_head":"<!-- This site is optimized with the Yoast SEO plugin v27.5 - https:\/\/yoast.com\/product\/yoast-seo-wordpress\/ -->\n<title>EL CLUB MAR\u00cdTIMO CIERRA EL TROFEO VIRGEN DEL CARMEN CON LA ENTREGA DE TROFEOS - Real Club Mar\u00edtimo de Melilla<\/title>\n<meta name=\"description\" content=\"EL CLUB MAR\u00cdTIMO CIERRA EL TROFEO VIRGEN DEL CARMEN CON LA ENTREGA DE TROFEOS -\" \/>\n<meta name=\"robots\" content=\"index, follow, max-snippet:-1, max-image-preview:large, max-video-preview:-1\" \/>\n<link rel=\"canonical\" href=\"https:\/\/www.realclubmaritimomelilla.es\/clmar\/club-maritimo-cierra-trofeo-virgen-del-carmen-la-entrega-trofeos\/\" \/>\n<meta property=\"og:locale\" content=\"es_ES\" \/>\n<meta property=\"og:type\" content=\"article\" \/>\n<meta property=\"og:title\" content=\"EL CLUB MAR\u00cdTIMO CIERRA EL TROFEO VIRGEN DEL CARMEN CON LA ENTREGA DE TROFEOS - Real Club Mar\u00edtimo de Melilla\" \/>\n<meta property=\"og:description\" content=\"EL CLUB MAR\u00cdTIMO CIERRA EL TROFEO VIRGEN DEL CARMEN CON LA ENTREGA DE TROFEOS -\" \/>\n<meta property=\"og:url\" content=\"https:\/\/www.realclubmaritimomelilla.es\/clmar\/club-maritimo-cierra-trofeo-virgen-del-carmen-la-entrega-trofeos\/\" \/>\n<meta property=\"og:site_name\" content=\"Real Club Mar\u00edtimo de Melilla\" \/>\n<meta property=\"article:publisher\" content=\"https:\/\/www.facebook.com\/Real-Club-Mar%c3%adtimo-de-Melilla-588495841234214\/\" \/>\n<meta property=\"article:published_time\" content=\"2018-07-17T14:53:19+00:00\" \/>\n<meta property=\"article:modified_time\" content=\"2021-07-20T09:39:00+00:00\" \/>\n<meta property=\"og:image\" content=\"https:\/\/www.realclubmaritimomelilla.es\/clmar\/wp-content\/uploads\/2018\/07\/Regatistas-scaled.jpg\" \/>\n\t<meta property=\"og:image:width\" content=\"2560\" \/>\n\t<meta property=\"og:image:height\" content=\"1637\" \/>\n\t<meta property=\"og:image:type\" content=\"image\/jpeg\" \/>\n<meta name=\"author\" content=\"RCMMelilla\" \/>\n<meta name=\"twitter:card\" content=\"summary_large_image\" \/>\n<meta name=\"twitter:creator\" content=\"@nauticarcmm\" \/>\n<meta name=\"twitter:site\" content=\"@nauticarcmm\" \/>\n<meta name=\"twitter:label1\" content=\"Escrito por\" \/>\n\t<meta name=\"twitter:data1\" content=\"RCMMelilla\" \/>\n\t<meta name=\"twitter:label2\" content=\"Tiempo de lectura\" \/>\n\t<meta name=\"twitter:data2\" content=\"3 minutos\" \/>\n<script type=\"application\/ld+json\" class=\"yoast-schema-graph\">{\"@context\":\"https:\\\/\\\/schema.org\",\"@graph\":[{\"@type\":\"Article\",\"@id\":\"https:\\\/\\\/www.realclubmaritimomelilla.es\\\/clmar\\\/club-maritimo-cierra-trofeo-virgen-del-carmen-la-entrega-trofeos\\\/#article\",\"isPartOf\":{\"@id\":\"https:\\\/\\\/www.realclubmaritimomelilla.es\\\/clmar\\\/club-maritimo-cierra-trofeo-virgen-del-carmen-la-entrega-trofeos\\\/\"},\"author\":{\"name\":\"RCMMelilla\",\"@id\":\"https:\\\/\\\/www.realclubmaritimomelilla.es\\\/clmar\\\/#\\\/schema\\\/person\\\/ebaa3713496dc6d48c872452e73a8e79\"},\"headline\":\"EL CLUB MAR\u00cdTIMO CIERRA EL TROFEO VIRGEN DEL CARMEN CON LA ENTREGA DE TROFEOS\",\"datePublished\":\"2018-07-17T14:53:19+00:00\",\"dateModified\":\"2021-07-20T09:39:00+00:00\",\"mainEntityOfPage\":{\"@id\":\"https:\\\/\\\/www.realclubmaritimomelilla.es\\\/clmar\\\/club-maritimo-cierra-trofeo-virgen-del-carmen-la-entrega-trofeos\\\/\"},\"wordCount\":678,\"commentCount\":0,\"publisher\":{\"@id\":\"https:\\\/\\\/www.realclubmaritimomelilla.es\\\/clmar\\\/#organization\"},\"image\":{\"@id\":\"https:\\\/\\\/www.realclubmaritimomelilla.es\\\/clmar\\\/club-maritimo-cierra-trofeo-virgen-del-carmen-la-entrega-trofeos\\\/#primaryimage\"},\"thumbnailUrl\":\"https:\\\/\\\/www.realclubmaritimomelilla.es\\\/clmar\\\/wp-content\\\/uploads\\\/2018\\\/07\\\/Regatistas-scaled.jpg\",\"articleSection\":[\"Club\",\"Trofeos\"],\"inLanguage\":\"es\",\"potentialAction\":[{\"@type\":\"CommentAction\",\"name\":\"Comment\",\"target\":[\"https:\\\/\\\/www.realclubmaritimomelilla.es\\\/clmar\\\/club-maritimo-cierra-trofeo-virgen-del-carmen-la-entrega-trofeos\\\/#respond\"]}]},{\"@type\":\"WebPage\",\"@id\":\"https:\\\/\\\/www.realclubmaritimomelilla.es\\\/clmar\\\/club-maritimo-cierra-trofeo-virgen-del-carmen-la-entrega-trofeos\\\/\",\"url\":\"https:\\\/\\\/www.realclubmaritimomelilla.es\\\/clmar\\\/club-maritimo-cierra-trofeo-virgen-del-carmen-la-entrega-trofeos\\\/\",\"name\":\"EL CLUB MAR\u00cdTIMO CIERRA EL TROFEO VIRGEN DEL CARMEN CON LA ENTREGA DE TROFEOS - Real Club Mar\u00edtimo de Melilla\",\"isPartOf\":{\"@id\":\"https:\\\/\\\/www.realclubmaritimomelilla.es\\\/clmar\\\/#website\"},\"primaryImageOfPage\":{\"@id\":\"https:\\\/\\\/www.realclubmaritimomelilla.es\\\/clmar\\\/club-maritimo-cierra-trofeo-virgen-del-carmen-la-entrega-trofeos\\\/#primaryimage\"},\"image\":{\"@id\":\"https:\\\/\\\/www.realclubmaritimomelilla.es\\\/clmar\\\/club-maritimo-cierra-trofeo-virgen-del-carmen-la-entrega-trofeos\\\/#primaryimage\"},\"thumbnailUrl\":\"https:\\\/\\\/www.realclubmaritimomelilla.es\\\/clmar\\\/wp-content\\\/uploads\\\/2018\\\/07\\\/Regatistas-scaled.jpg\",\"datePublished\":\"2018-07-17T14:53:19+00:00\",\"dateModified\":\"2021-07-20T09:39:00+00:00\",\"description\":\"EL CLUB MAR\u00cdTIMO CIERRA EL TROFEO VIRGEN DEL CARMEN CON LA ENTREGA DE TROFEOS -\",\"breadcrumb\":{\"@id\":\"https:\\\/\\\/www.realclubmaritimomelilla.es\\\/clmar\\\/club-maritimo-cierra-trofeo-virgen-del-carmen-la-entrega-trofeos\\\/#breadcrumb\"},\"inLanguage\":\"es\",\"potentialAction\":[{\"@type\":\"ReadAction\",\"target\":[\"https:\\\/\\\/www.realclubmaritimomelilla.es\\\/clmar\\\/club-maritimo-cierra-trofeo-virgen-del-carmen-la-entrega-trofeos\\\/\"]}]},{\"@type\":\"ImageObject\",\"inLanguage\":\"es\",\"@id\":\"https:\\\/\\\/www.realclubmaritimomelilla.es\\\/clmar\\\/club-maritimo-cierra-trofeo-virgen-del-carmen-la-entrega-trofeos\\\/#primaryimage\",\"url\":\"https:\\\/\\\/www.realclubmaritimomelilla.es\\\/clmar\\\/wp-content\\\/uploads\\\/2018\\\/07\\\/Regatistas-scaled.jpg\",\"contentUrl\":\"https:\\\/\\\/www.realclubmaritimomelilla.es\\\/clmar\\\/wp-content\\\/uploads\\\/2018\\\/07\\\/Regatistas-scaled.jpg\",\"width\":2560,\"height\":1637},{\"@type\":\"BreadcrumbList\",\"@id\":\"https:\\\/\\\/www.realclubmaritimomelilla.es\\\/clmar\\\/club-maritimo-cierra-trofeo-virgen-del-carmen-la-entrega-trofeos\\\/#breadcrumb\",\"itemListElement\":[{\"@type\":\"ListItem\",\"position\":1,\"name\":\"Portada\",\"item\":\"https:\\\/\\\/www.realclubmaritimomelilla.es\\\/clmar\\\/\"},{\"@type\":\"ListItem\",\"position\":2,\"name\":\"EL CLUB MAR\u00cdTIMO CIERRA EL TROFEO VIRGEN DEL CARMEN CON LA ENTREGA DE TROFEOS\"}]},{\"@type\":\"WebSite\",\"@id\":\"https:\\\/\\\/www.realclubmaritimomelilla.es\\\/clmar\\\/#website\",\"url\":\"https:\\\/\\\/www.realclubmaritimomelilla.es\\\/clmar\\\/\",\"name\":\"Real Club Mar\u00edtimo de Melilla\",\"description\":\"RCMM\",\"publisher\":{\"@id\":\"https:\\\/\\\/www.realclubmaritimomelilla.es\\\/clmar\\\/#organization\"},\"alternateName\":\"RCMM\",\"potentialAction\":[{\"@type\":\"SearchAction\",\"target\":{\"@type\":\"EntryPoint\",\"urlTemplate\":\"https:\\\/\\\/www.realclubmaritimomelilla.es\\\/clmar\\\/?s={search_term_string}\"},\"query-input\":{\"@type\":\"PropertyValueSpecification\",\"valueRequired\":true,\"valueName\":\"search_term_string\"}}],\"inLanguage\":\"es\"},{\"@type\":\"Organization\",\"@id\":\"https:\\\/\\\/www.realclubmaritimomelilla.es\\\/clmar\\\/#organization\",\"name\":\"Real Club Mar\u00edtimo de Melilla\",\"alternateName\":\"RCMM\",\"url\":\"https:\\\/\\\/www.realclubmaritimomelilla.es\\\/clmar\\\/\",\"logo\":{\"@type\":\"ImageObject\",\"inLanguage\":\"es\",\"@id\":\"https:\\\/\\\/www.realclubmaritimomelilla.es\\\/clmar\\\/#\\\/schema\\\/logo\\\/image\\\/\",\"url\":\"https:\\\/\\\/www.realclubmaritimomelilla.es\\\/clmar\\\/wp-content\\\/uploads\\\/logo-club-original-copia.jpg\",\"contentUrl\":\"https:\\\/\\\/www.realclubmaritimomelilla.es\\\/clmar\\\/wp-content\\\/uploads\\\/logo-club-original-copia.jpg\",\"width\":128,\"height\":89,\"caption\":\"Real Club Mar\u00edtimo de Melilla\"},\"image\":{\"@id\":\"https:\\\/\\\/www.realclubmaritimomelilla.es\\\/clmar\\\/#\\\/schema\\\/logo\\\/image\\\/\"},\"sameAs\":[\"https:\\\/\\\/www.facebook.com\\\/Real-Club-Mar\u00edtimo-de-Melilla-588495841234214\\\/\",\"https:\\\/\\\/x.com\\\/nauticarcmm\",\"https:\\\/\\\/www.instagram.com\\\/club_maritimo_melilla\\\/\",\"https:\\\/\\\/www.youtube.com\\\/@realclubmaritimodemelilla4703\",\"https:\\\/\\\/es.wikipedia.org\\\/wiki\\\/Real_Club_Mar\u00edtimo_de_Melilla\"]},{\"@type\":\"Person\",\"@id\":\"https:\\\/\\\/www.realclubmaritimomelilla.es\\\/clmar\\\/#\\\/schema\\\/person\\\/ebaa3713496dc6d48c872452e73a8e79\",\"name\":\"RCMMelilla\",\"image\":{\"@type\":\"ImageObject\",\"inLanguage\":\"es\",\"@id\":\"https:\\\/\\\/secure.gravatar.com\\\/avatar\\\/df1c24789360fb9308735c4ee556fc2bc5bf924bf01e53043b8b97ba272da33c?s=96&d=mm&r=g\",\"url\":\"https:\\\/\\\/secure.gravatar.com\\\/avatar\\\/df1c24789360fb9308735c4ee556fc2bc5bf924bf01e53043b8b97ba272da33c?s=96&d=mm&r=g\",\"contentUrl\":\"https:\\\/\\\/secure.gravatar.com\\\/avatar\\\/df1c24789360fb9308735c4ee556fc2bc5bf924bf01e53043b8b97ba272da33c?s=96&d=mm&r=g\",\"caption\":\"RCMMelilla\"}}]}<\/script>\n<!-- \/ Yoast SEO plugin. -->","yoast_head_json":{"title":"EL CLUB MAR\u00cdTIMO CIERRA EL TROFEO VIRGEN DEL CARMEN CON LA ENTREGA DE TROFEOS - Real Club Mar\u00edtimo de Melilla","description":"EL CLUB MAR\u00cdTIMO CIERRA EL TROFEO VIRGEN DEL CARMEN CON LA ENTREGA DE TROFEOS -","robots":{"index":"index","follow":"follow","max-snippet":"max-snippet:-1","max-image-preview":"max-image-preview:large","max-video-preview":"max-video-preview:-1"},"canonical":"https:\/\/www.realclubmaritimomelilla.es\/clmar\/club-maritimo-cierra-trofeo-virgen-del-carmen-la-entrega-trofeos\/","og_locale":"es_ES","og_type":"article","og_title":"EL CLUB MAR\u00cdTIMO CIERRA EL TROFEO VIRGEN DEL CARMEN CON LA ENTREGA DE TROFEOS - Real Club Mar\u00edtimo de Melilla","og_description":"EL CLUB MAR\u00cdTIMO CIERRA EL TROFEO VIRGEN DEL CARMEN CON LA ENTREGA DE TROFEOS -","og_url":"https:\/\/www.realclubmaritimomelilla.es\/clmar\/club-maritimo-cierra-trofeo-virgen-del-carmen-la-entrega-trofeos\/","og_site_name":"Real Club Mar\u00edtimo de Melilla","article_publisher":"https:\/\/www.facebook.com\/Real-Club-Mar%c3%adtimo-de-Melilla-588495841234214\/","article_published_time":"2018-07-17T14:53:19+00:00","article_modified_time":"2021-07-20T09:39:00+00:00","og_image":[{"width":2560,"height":1637,"url":"https:\/\/www.realclubmaritimomelilla.es\/clmar\/wp-content\/uploads\/2018\/07\/Regatistas-scaled.jpg","type":"image\/jpeg"}],"author":"RCMMelilla","twitter_card":"summary_large_image","twitter_creator":"@nauticarcmm","twitter_site":"@nauticarcmm","twitter_misc":{"Escrito por":"RCMMelilla","Tiempo de lectura":"3 minutos"},"schema":{"@context":"https:\/\/schema.org","@graph":[{"@type":"Article","@id":"https:\/\/www.realclubmaritimomelilla.es\/clmar\/club-maritimo-cierra-trofeo-virgen-del-carmen-la-entrega-trofeos\/#article","isPartOf":{"@id":"https:\/\/www.realclubmaritimomelilla.es\/clmar\/club-maritimo-cierra-trofeo-virgen-del-carmen-la-entrega-trofeos\/"},"author":{"name":"RCMMelilla","@id":"https:\/\/www.realclubmaritimomelilla.es\/clmar\/#\/schema\/person\/ebaa3713496dc6d48c872452e73a8e79"},"headline":"EL CLUB MAR\u00cdTIMO CIERRA EL TROFEO VIRGEN DEL CARMEN CON LA ENTREGA DE TROFEOS","datePublished":"2018-07-17T14:53:19+00:00","dateModified":"2021-07-20T09:39:00+00:00","mainEntityOfPage":{"@id":"https:\/\/www.realclubmaritimomelilla.es\/clmar\/club-maritimo-cierra-trofeo-virgen-del-carmen-la-entrega-trofeos\/"},"wordCount":678,"commentCount":0,"publisher":{"@id":"https:\/\/www.realclubmaritimomelilla.es\/clmar\/#organization"},"image":{"@id":"https:\/\/www.realclubmaritimomelilla.es\/clmar\/club-maritimo-cierra-trofeo-virgen-del-carmen-la-entrega-trofeos\/#primaryimage"},"thumbnailUrl":"https:\/\/www.realclubmaritimomelilla.es\/clmar\/wp-content\/uploads\/2018\/07\/Regatistas-scaled.jpg","articleSection":["Club","Trofeos"],"inLanguage":"es","potentialAction":[{"@type":"CommentAction","name":"Comment","target":["https:\/\/www.realclubmaritimomelilla.es\/clmar\/club-maritimo-cierra-trofeo-virgen-del-carmen-la-entrega-trofeos\/#respond"]}]},{"@type":"WebPage","@id":"https:\/\/www.realclubmaritimomelilla.es\/clmar\/club-maritimo-cierra-trofeo-virgen-del-carmen-la-entrega-trofeos\/","url":"https:\/\/www.realclubmaritimomelilla.es\/clmar\/club-maritimo-cierra-trofeo-virgen-del-carmen-la-entrega-trofeos\/","name":"EL CLUB MAR\u00cdTIMO CIERRA EL TROFEO VIRGEN DEL CARMEN CON LA ENTREGA DE TROFEOS - Real Club Mar\u00edtimo de Melilla","isPartOf":{"@id":"https:\/\/www.realclubmaritimomelilla.es\/clmar\/#website"},"primaryImageOfPage":{"@id":"https:\/\/www.realclubmaritimomelilla.es\/clmar\/club-maritimo-cierra-trofeo-virgen-del-carmen-la-entrega-trofeos\/#primaryimage"},"image":{"@id":"https:\/\/www.realclubmaritimomelilla.es\/clmar\/club-maritimo-cierra-trofeo-virgen-del-carmen-la-entrega-trofeos\/#primaryimage"},"thumbnailUrl":"https:\/\/www.realclubmaritimomelilla.es\/clmar\/wp-content\/uploads\/2018\/07\/Regatistas-scaled.jpg","datePublished":"2018-07-17T14:53:19+00:00","dateModified":"2021-07-20T09:39:00+00:00","description":"EL CLUB MAR\u00cdTIMO CIERRA EL TROFEO VIRGEN DEL CARMEN CON LA ENTREGA DE TROFEOS -","breadcrumb":{"@id":"https:\/\/www.realclubmaritimomelilla.es\/clmar\/club-maritimo-cierra-trofeo-virgen-del-carmen-la-entrega-trofeos\/#breadcrumb"},"inLanguage":"es","potentialAction":[{"@type":"ReadAction","target":["https:\/\/www.realclubmaritimomelilla.es\/clmar\/club-maritimo-cierra-trofeo-virgen-del-carmen-la-entrega-trofeos\/"]}]},{"@type":"ImageObject","inLanguage":"es","@id":"https:\/\/www.realclubmaritimomelilla.es\/clmar\/club-maritimo-cierra-trofeo-virgen-del-carmen-la-entrega-trofeos\/#primaryimage","url":"https:\/\/www.realclubmaritimomelilla.es\/clmar\/wp-content\/uploads\/2018\/07\/Regatistas-scaled.jpg","contentUrl":"https:\/\/www.realclubmaritimomelilla.es\/clmar\/wp-content\/uploads\/2018\/07\/Regatistas-scaled.jpg","width":2560,"height":1637},{"@type":"BreadcrumbList","@id":"https:\/\/www.realclubmaritimomelilla.es\/clmar\/club-maritimo-cierra-trofeo-virgen-del-carmen-la-entrega-trofeos\/#breadcrumb","itemListElement":[{"@type":"ListItem","position":1,"name":"Portada","item":"https:\/\/www.realclubmaritimomelilla.es\/clmar\/"},{"@type":"ListItem","position":2,"name":"EL CLUB MAR\u00cdTIMO CIERRA EL TROFEO VIRGEN DEL CARMEN CON LA ENTREGA DE TROFEOS"}]},{"@type":"WebSite","@id":"https:\/\/www.realclubmaritimomelilla.es\/clmar\/#website","url":"https:\/\/www.realclubmaritimomelilla.es\/clmar\/","name":"Real Club Mar\u00edtimo de Melilla","description":"RCMM","publisher":{"@id":"https:\/\/www.realclubmaritimomelilla.es\/clmar\/#organization"},"alternateName":"RCMM","potentialAction":[{"@type":"SearchAction","target":{"@type":"EntryPoint","urlTemplate":"https:\/\/www.realclubmaritimomelilla.es\/clmar\/?s={search_term_string}"},"query-input":{"@type":"PropertyValueSpecification","valueRequired":true,"valueName":"search_term_string"}}],"inLanguage":"es"},{"@type":"Organization","@id":"https:\/\/www.realclubmaritimomelilla.es\/clmar\/#organization","name":"Real Club Mar\u00edtimo de Melilla","alternateName":"RCMM","url":"https:\/\/www.realclubmaritimomelilla.es\/clmar\/","logo":{"@type":"ImageObject","inLanguage":"es","@id":"https:\/\/www.realclubmaritimomelilla.es\/clmar\/#\/schema\/logo\/image\/","url":"https:\/\/www.realclubmaritimomelilla.es\/clmar\/wp-content\/uploads\/logo-club-original-copia.jpg","contentUrl":"https:\/\/www.realclubmaritimomelilla.es\/clmar\/wp-content\/uploads\/logo-club-original-copia.jpg","width":128,"height":89,"caption":"Real Club Mar\u00edtimo de Melilla"},"image":{"@id":"https:\/\/www.realclubmaritimomelilla.es\/clmar\/#\/schema\/logo\/image\/"},"sameAs":["https:\/\/www.facebook.com\/Real-Club-Mar\u00edtimo-de-Melilla-588495841234214\/","https:\/\/x.com\/nauticarcmm","https:\/\/www.instagram.com\/club_maritimo_melilla\/","https:\/\/www.youtube.com\/@realclubmaritimodemelilla4703","https:\/\/es.wikipedia.org\/wiki\/Real_Club_Mar\u00edtimo_de_Melilla"]},{"@type":"Person","@id":"https:\/\/www.realclubmaritimomelilla.es\/clmar\/#\/schema\/person\/ebaa3713496dc6d48c872452e73a8e79","name":"RCMMelilla","image":{"@type":"ImageObject","inLanguage":"es","@id":"https:\/\/secure.gravatar.com\/avatar\/df1c24789360fb9308735c4ee556fc2bc5bf924bf01e53043b8b97ba272da33c?s=96&d=mm&r=g","url":"https:\/\/secure.gravatar.com\/avatar\/df1c24789360fb9308735c4ee556fc2bc5bf924bf01e53043b8b97ba272da33c?s=96&d=mm&r=g","contentUrl":"https:\/\/secure.gravatar.com\/avatar\/df1c24789360fb9308735c4ee556fc2bc5bf924bf01e53043b8b97ba272da33c?s=96&d=mm&r=g","caption":"RCMMelilla"}}]}},"_links":{"self":[{"href":"https:\/\/www.realclubmaritimomelilla.es\/clmar\/wp-json\/wp\/v2\/posts\/13745","targetHints":{"allow":["GET"]}}],"collection":[{"href":"https:\/\/www.realclubmaritimomelilla.es\/clmar\/wp-json\/wp\/v2\/posts"}],"about":[{"href":"https:\/\/www.realclubmaritimomelilla.es\/clmar\/wp-json\/wp\/v2\/types\/post"}],"author":[{"embeddable":true,"href":"https:\/\/www.realclubmaritimomelilla.es\/clmar\/wp-json\/wp\/v2\/users\/1"}],"replies":[{"embeddable":true,"href":"https:\/\/www.realclubmaritimomelilla.es\/clmar\/wp-json\/wp\/v2\/comments?post=13745"}],"version-history":[{"count":2,"href":"https:\/\/www.realclubmaritimomelilla.es\/clmar\/wp-json\/wp\/v2\/posts\/13745\/revisions"}],"predecessor-version":[{"id":16038,"href":"https:\/\/www.realclubmaritimomelilla.es\/clmar\/wp-json\/wp\/v2\/posts\/13745\/revisions\/16038"}],"wp:featuredmedia":[{"embeddable":true,"href":"https:\/\/www.realclubmaritimomelilla.es\/clmar\/wp-json\/wp\/v2\/media\/13778"}],"wp:attachment":[{"href":"https:\/\/www.realclubmaritimomelilla.es\/clmar\/wp-json\/wp\/v2\/media?parent=13745"}],"wp:term":[{"taxonomy":"category","embeddable":true,"href":"https:\/\/www.realclubmaritimomelilla.es\/clmar\/wp-json\/wp\/v2\/categories?post=13745"},{"taxonomy":"post_tag","embeddable":true,"href":"https:\/\/www.realclubmaritimomelilla.es\/clmar\/wp-json\/wp\/v2\/tags?post=13745"}],"curies":[{"name":"wp","href":"https:\/\/api.w.org\/{rel}","templated":true}]}}