{"id":13570,"date":"2018-05-05T07:59:15","date_gmt":"2018-05-05T07:59:15","guid":{"rendered":"http:\/\/www.clubmaritimomelilla.es\/clmar\/?p=13570"},"modified":"2018-05-05T07:59:15","modified_gmt":"2018-05-05T07:59:15","slug":"este-fin-semana-empieza-la-temporada-bano-la-piscina-del-club","status":"publish","type":"post","link":"https:\/\/www.realclubmaritimomelilla.es\/clmar\/este-fin-semana-empieza-la-temporada-bano-la-piscina-del-club\/","title":{"rendered":"ESTE FIN DE SEMANA EMPIEZA LA TEMPORADA DE BA\u00d1O EN LA PISCINA DEL CLUB"},"content":{"rendered":"<div>Desde este fin de semana se inicia la temporada de ba\u00f1o en la piscina del Club Mar\u00edtimo. Para ello, en los horarios y d\u00edas que se especifican a continuaci\u00f3n, habr\u00e1 un socorrista y estar\u00e1n operativos todos los servicios en esa zona del Club.<\/div>\n<div>Les informamos que los horarios que tendr\u00e1 la piscina esta temporada son los siguientes:<\/div>\n<div><b>Mayo:\u00a0 <\/b>4, 5, 6, 11, 12, 13, 18, 19, 20, 25, 26 y 27<\/div>\n<div>\u00a0\u00a0\u00a0\u00a0\u00a0\u00a0\u00a0\u00a0\u00a0\u00a0\u00a0 Viernes de 13 a 20 horas<\/div>\n<div>\u00a0\u00a0\u00a0\u00a0\u00a0\u00a0\u00a0\u00a0\u00a0\u00a0\u00a0 S\u00e1bados y domingos de 12 a 20 horas<\/div>\n<div><b>Junio:\u00a0<\/b>1, 2, 3,\u00a0 8, 9, 10, 15, 16 y 17<\/div>\n<div>\u00a0\u00a0\u00a0\u00a0\u00a0\u00a0\u00a0\u00a0\u00a0\u00a0\u00a0 Viernes de 13 a 20 horas<\/div>\n<div>\u00a0\u00a0\u00a0\u00a0\u00a0\u00a0\u00a0\u00a0\u00a0\u00a0\u00a0 S\u00e1bados y domingos de 12 a 20 horas<\/div>\n<div><b>Del 18 de junio al 9 de septiembre<\/b> de 11:30 a 21:30 horas (diario)<\/div>\n","protected":false},"excerpt":{"rendered":"<p>Desde este fin de semana se inicia la temporada de ba\u00f1o en la piscina del Club Mar\u00edtimo. Para ello, en los horarios y d\u00edas que se especifican a continuaci\u00f3n, habr\u00e1 un socorrista y estar\u00e1n operativos todos los servicios en esa zona del Club. Les informamos que los horarios que tendr\u00e1 la piscina esta temporada son [&hellip;]<\/p>\n","protected":false},"author":1,"featured_media":13571,"comment_status":"open","ping_status":"open","sticky":false,"template":"","format":"standard","meta":{"_acf_changed":false,"footnotes":""},"categories":[40],"tags":[],"class_list":["post-13570","post","type-post","status-publish","format-standard","has-post-thumbnail","hentry","category-club"],"acf":[],"yoast_head":"<!-- This site is optimized with the Yoast SEO plugin v27.5 - https:\/\/yoast.com\/product\/yoast-seo-wordpress\/ -->\n<title>ESTE FIN DE SEMANA EMPIEZA LA TEMPORADA DE BA\u00d1O EN LA PISCINA DEL CLUB - Real Club Mar\u00edtimo de Melilla<\/title>\n<meta name=\"description\" content=\"ESTE FIN DE SEMANA EMPIEZA LA TEMPORADA DE BA\u00d1O EN LA PISCINA DEL CLUB -\" \/>\n<meta name=\"robots\" content=\"index, follow, max-snippet:-1, max-image-preview:large, max-video-preview:-1\" \/>\n<link rel=\"canonical\" href=\"https:\/\/www.realclubmaritimomelilla.es\/clmar\/este-fin-semana-empieza-la-temporada-bano-la-piscina-del-club\/\" \/>\n<meta property=\"og:locale\" content=\"es_ES\" \/>\n<meta property=\"og:type\" content=\"article\" \/>\n<meta property=\"og:title\" content=\"ESTE FIN DE SEMANA EMPIEZA LA TEMPORADA DE BA\u00d1O EN LA PISCINA DEL CLUB - Real Club Mar\u00edtimo de Melilla\" \/>\n<meta property=\"og:description\" content=\"ESTE FIN DE SEMANA EMPIEZA LA TEMPORADA DE BA\u00d1O EN LA PISCINA DEL CLUB -\" \/>\n<meta property=\"og:url\" content=\"https:\/\/www.realclubmaritimomelilla.es\/clmar\/este-fin-semana-empieza-la-temporada-bano-la-piscina-del-club\/\" \/>\n<meta property=\"og:site_name\" content=\"Real Club Mar\u00edtimo de Melilla\" \/>\n<meta property=\"article:publisher\" content=\"https:\/\/www.facebook.com\/Real-Club-Mar%c3%adtimo-de-Melilla-588495841234214\/\" \/>\n<meta property=\"article:published_time\" content=\"2018-05-05T07:59:15+00:00\" \/>\n<meta property=\"og:image\" content=\"https:\/\/www.realclubmaritimomelilla.es\/clmar\/wp-content\/uploads\/2018\/05\/IMG_8482.jpg\" \/>\n\t<meta property=\"og:image:width\" content=\"2016\" \/>\n\t<meta property=\"og:image:height\" content=\"1512\" \/>\n\t<meta property=\"og:image:type\" content=\"image\/jpeg\" \/>\n<meta name=\"author\" content=\"RCMMelilla\" \/>\n<meta name=\"twitter:card\" content=\"summary_large_image\" \/>\n<meta name=\"twitter:creator\" content=\"@nauticarcmm\" \/>\n<meta name=\"twitter:site\" content=\"@nauticarcmm\" \/>\n<meta name=\"twitter:label1\" content=\"Escrito por\" \/>\n\t<meta name=\"twitter:data1\" content=\"RCMMelilla\" \/>\n<script type=\"application\/ld+json\" class=\"yoast-schema-graph\">{\"@context\":\"https:\\\/\\\/schema.org\",\"@graph\":[{\"@type\":\"Article\",\"@id\":\"https:\\\/\\\/www.realclubmaritimomelilla.es\\\/clmar\\\/este-fin-semana-empieza-la-temporada-bano-la-piscina-del-club\\\/#article\",\"isPartOf\":{\"@id\":\"https:\\\/\\\/www.realclubmaritimomelilla.es\\\/clmar\\\/este-fin-semana-empieza-la-temporada-bano-la-piscina-del-club\\\/\"},\"author\":{\"name\":\"RCMMelilla\",\"@id\":\"https:\\\/\\\/www.realclubmaritimomelilla.es\\\/clmar\\\/#\\\/schema\\\/person\\\/ebaa3713496dc6d48c872452e73a8e79\"},\"headline\":\"ESTE FIN DE SEMANA EMPIEZA LA TEMPORADA DE BA\u00d1O EN LA PISCINA DEL CLUB\",\"datePublished\":\"2018-05-05T07:59:15+00:00\",\"mainEntityOfPage\":{\"@id\":\"https:\\\/\\\/www.realclubmaritimomelilla.es\\\/clmar\\\/este-fin-semana-empieza-la-temporada-bano-la-piscina-del-club\\\/\"},\"wordCount\":113,\"commentCount\":0,\"publisher\":{\"@id\":\"https:\\\/\\\/www.realclubmaritimomelilla.es\\\/clmar\\\/#organization\"},\"image\":{\"@id\":\"https:\\\/\\\/www.realclubmaritimomelilla.es\\\/clmar\\\/este-fin-semana-empieza-la-temporada-bano-la-piscina-del-club\\\/#primaryimage\"},\"thumbnailUrl\":\"https:\\\/\\\/www.realclubmaritimomelilla.es\\\/clmar\\\/wp-content\\\/uploads\\\/2018\\\/05\\\/IMG_8482.jpg\",\"articleSection\":[\"Club\"],\"inLanguage\":\"es\",\"potentialAction\":[{\"@type\":\"CommentAction\",\"name\":\"Comment\",\"target\":[\"https:\\\/\\\/www.realclubmaritimomelilla.es\\\/clmar\\\/este-fin-semana-empieza-la-temporada-bano-la-piscina-del-club\\\/#respond\"]}]},{\"@type\":\"WebPage\",\"@id\":\"https:\\\/\\\/www.realclubmaritimomelilla.es\\\/clmar\\\/este-fin-semana-empieza-la-temporada-bano-la-piscina-del-club\\\/\",\"url\":\"https:\\\/\\\/www.realclubmaritimomelilla.es\\\/clmar\\\/este-fin-semana-empieza-la-temporada-bano-la-piscina-del-club\\\/\",\"name\":\"ESTE FIN DE SEMANA EMPIEZA LA TEMPORADA DE BA\u00d1O EN LA PISCINA DEL CLUB - Real Club Mar\u00edtimo de Melilla\",\"isPartOf\":{\"@id\":\"https:\\\/\\\/www.realclubmaritimomelilla.es\\\/clmar\\\/#website\"},\"primaryImageOfPage\":{\"@id\":\"https:\\\/\\\/www.realclubmaritimomelilla.es\\\/clmar\\\/este-fin-semana-empieza-la-temporada-bano-la-piscina-del-club\\\/#primaryimage\"},\"image\":{\"@id\":\"https:\\\/\\\/www.realclubmaritimomelilla.es\\\/clmar\\\/este-fin-semana-empieza-la-temporada-bano-la-piscina-del-club\\\/#primaryimage\"},\"thumbnailUrl\":\"https:\\\/\\\/www.realclubmaritimomelilla.es\\\/clmar\\\/wp-content\\\/uploads\\\/2018\\\/05\\\/IMG_8482.jpg\",\"datePublished\":\"2018-05-05T07:59:15+00:00\",\"description\":\"ESTE FIN DE SEMANA EMPIEZA LA TEMPORADA DE BA\u00d1O EN LA PISCINA DEL CLUB -\",\"breadcrumb\":{\"@id\":\"https:\\\/\\\/www.realclubmaritimomelilla.es\\\/clmar\\\/este-fin-semana-empieza-la-temporada-bano-la-piscina-del-club\\\/#breadcrumb\"},\"inLanguage\":\"es\",\"potentialAction\":[{\"@type\":\"ReadAction\",\"target\":[\"https:\\\/\\\/www.realclubmaritimomelilla.es\\\/clmar\\\/este-fin-semana-empieza-la-temporada-bano-la-piscina-del-club\\\/\"]}]},{\"@type\":\"ImageObject\",\"inLanguage\":\"es\",\"@id\":\"https:\\\/\\\/www.realclubmaritimomelilla.es\\\/clmar\\\/este-fin-semana-empieza-la-temporada-bano-la-piscina-del-club\\\/#primaryimage\",\"url\":\"https:\\\/\\\/www.realclubmaritimomelilla.es\\\/clmar\\\/wp-content\\\/uploads\\\/2018\\\/05\\\/IMG_8482.jpg\",\"contentUrl\":\"https:\\\/\\\/www.realclubmaritimomelilla.es\\\/clmar\\\/wp-content\\\/uploads\\\/2018\\\/05\\\/IMG_8482.jpg\",\"width\":2016,\"height\":1512},{\"@type\":\"BreadcrumbList\",\"@id\":\"https:\\\/\\\/www.realclubmaritimomelilla.es\\\/clmar\\\/este-fin-semana-empieza-la-temporada-bano-la-piscina-del-club\\\/#breadcrumb\",\"itemListElement\":[{\"@type\":\"ListItem\",\"position\":1,\"name\":\"Portada\",\"item\":\"https:\\\/\\\/www.realclubmaritimomelilla.es\\\/clmar\\\/\"},{\"@type\":\"ListItem\",\"position\":2,\"name\":\"ESTE FIN DE SEMANA EMPIEZA LA TEMPORADA DE BA\u00d1O EN LA PISCINA DEL CLUB\"}]},{\"@type\":\"WebSite\",\"@id\":\"https:\\\/\\\/www.realclubmaritimomelilla.es\\\/clmar\\\/#website\",\"url\":\"https:\\\/\\\/www.realclubmaritimomelilla.es\\\/clmar\\\/\",\"name\":\"Real Club Mar\u00edtimo de Melilla\",\"description\":\"RCMM\",\"publisher\":{\"@id\":\"https:\\\/\\\/www.realclubmaritimomelilla.es\\\/clmar\\\/#organization\"},\"alternateName\":\"RCMM\",\"potentialAction\":[{\"@type\":\"SearchAction\",\"target\":{\"@type\":\"EntryPoint\",\"urlTemplate\":\"https:\\\/\\\/www.realclubmaritimomelilla.es\\\/clmar\\\/?s={search_term_string}\"},\"query-input\":{\"@type\":\"PropertyValueSpecification\",\"valueRequired\":true,\"valueName\":\"search_term_string\"}}],\"inLanguage\":\"es\"},{\"@type\":\"Organization\",\"@id\":\"https:\\\/\\\/www.realclubmaritimomelilla.es\\\/clmar\\\/#organization\",\"name\":\"Real Club Mar\u00edtimo de Melilla\",\"alternateName\":\"RCMM\",\"url\":\"https:\\\/\\\/www.realclubmaritimomelilla.es\\\/clmar\\\/\",\"logo\":{\"@type\":\"ImageObject\",\"inLanguage\":\"es\",\"@id\":\"https:\\\/\\\/www.realclubmaritimomelilla.es\\\/clmar\\\/#\\\/schema\\\/logo\\\/image\\\/\",\"url\":\"https:\\\/\\\/www.realclubmaritimomelilla.es\\\/clmar\\\/wp-content\\\/uploads\\\/logo-club-original-copia.jpg\",\"contentUrl\":\"https:\\\/\\\/www.realclubmaritimomelilla.es\\\/clmar\\\/wp-content\\\/uploads\\\/logo-club-original-copia.jpg\",\"width\":128,\"height\":89,\"caption\":\"Real Club Mar\u00edtimo de Melilla\"},\"image\":{\"@id\":\"https:\\\/\\\/www.realclubmaritimomelilla.es\\\/clmar\\\/#\\\/schema\\\/logo\\\/image\\\/\"},\"sameAs\":[\"https:\\\/\\\/www.facebook.com\\\/Real-Club-Mar\u00edtimo-de-Melilla-588495841234214\\\/\",\"https:\\\/\\\/x.com\\\/nauticarcmm\",\"https:\\\/\\\/www.instagram.com\\\/club_maritimo_melilla\\\/\",\"https:\\\/\\\/www.youtube.com\\\/@realclubmaritimodemelilla4703\",\"https:\\\/\\\/es.wikipedia.org\\\/wiki\\\/Real_Club_Mar\u00edtimo_de_Melilla\"]},{\"@type\":\"Person\",\"@id\":\"https:\\\/\\\/www.realclubmaritimomelilla.es\\\/clmar\\\/#\\\/schema\\\/person\\\/ebaa3713496dc6d48c872452e73a8e79\",\"name\":\"RCMMelilla\",\"image\":{\"@type\":\"ImageObject\",\"inLanguage\":\"es\",\"@id\":\"https:\\\/\\\/secure.gravatar.com\\\/avatar\\\/df1c24789360fb9308735c4ee556fc2bc5bf924bf01e53043b8b97ba272da33c?s=96&d=mm&r=g\",\"url\":\"https:\\\/\\\/secure.gravatar.com\\\/avatar\\\/df1c24789360fb9308735c4ee556fc2bc5bf924bf01e53043b8b97ba272da33c?s=96&d=mm&r=g\",\"contentUrl\":\"https:\\\/\\\/secure.gravatar.com\\\/avatar\\\/df1c24789360fb9308735c4ee556fc2bc5bf924bf01e53043b8b97ba272da33c?s=96&d=mm&r=g\",\"caption\":\"RCMMelilla\"}}]}<\/script>\n<!-- \/ Yoast SEO plugin. -->","yoast_head_json":{"title":"ESTE FIN DE SEMANA EMPIEZA LA TEMPORADA DE BA\u00d1O EN LA PISCINA DEL CLUB - Real Club Mar\u00edtimo de Melilla","description":"ESTE FIN DE SEMANA EMPIEZA LA TEMPORADA DE BA\u00d1O EN LA PISCINA DEL CLUB -","robots":{"index":"index","follow":"follow","max-snippet":"max-snippet:-1","max-image-preview":"max-image-preview:large","max-video-preview":"max-video-preview:-1"},"canonical":"https:\/\/www.realclubmaritimomelilla.es\/clmar\/este-fin-semana-empieza-la-temporada-bano-la-piscina-del-club\/","og_locale":"es_ES","og_type":"article","og_title":"ESTE FIN DE SEMANA EMPIEZA LA TEMPORADA DE BA\u00d1O EN LA PISCINA DEL CLUB - Real Club Mar\u00edtimo de Melilla","og_description":"ESTE FIN DE SEMANA EMPIEZA LA TEMPORADA DE BA\u00d1O EN LA PISCINA DEL CLUB -","og_url":"https:\/\/www.realclubmaritimomelilla.es\/clmar\/este-fin-semana-empieza-la-temporada-bano-la-piscina-del-club\/","og_site_name":"Real Club Mar\u00edtimo de Melilla","article_publisher":"https:\/\/www.facebook.com\/Real-Club-Mar%c3%adtimo-de-Melilla-588495841234214\/","article_published_time":"2018-05-05T07:59:15+00:00","og_image":[{"width":2016,"height":1512,"url":"https:\/\/www.realclubmaritimomelilla.es\/clmar\/wp-content\/uploads\/2018\/05\/IMG_8482.jpg","type":"image\/jpeg"}],"author":"RCMMelilla","twitter_card":"summary_large_image","twitter_creator":"@nauticarcmm","twitter_site":"@nauticarcmm","twitter_misc":{"Escrito por":"RCMMelilla"},"schema":{"@context":"https:\/\/schema.org","@graph":[{"@type":"Article","@id":"https:\/\/www.realclubmaritimomelilla.es\/clmar\/este-fin-semana-empieza-la-temporada-bano-la-piscina-del-club\/#article","isPartOf":{"@id":"https:\/\/www.realclubmaritimomelilla.es\/clmar\/este-fin-semana-empieza-la-temporada-bano-la-piscina-del-club\/"},"author":{"name":"RCMMelilla","@id":"https:\/\/www.realclubmaritimomelilla.es\/clmar\/#\/schema\/person\/ebaa3713496dc6d48c872452e73a8e79"},"headline":"ESTE FIN DE SEMANA EMPIEZA LA TEMPORADA DE BA\u00d1O EN LA PISCINA DEL CLUB","datePublished":"2018-05-05T07:59:15+00:00","mainEntityOfPage":{"@id":"https:\/\/www.realclubmaritimomelilla.es\/clmar\/este-fin-semana-empieza-la-temporada-bano-la-piscina-del-club\/"},"wordCount":113,"commentCount":0,"publisher":{"@id":"https:\/\/www.realclubmaritimomelilla.es\/clmar\/#organization"},"image":{"@id":"https:\/\/www.realclubmaritimomelilla.es\/clmar\/este-fin-semana-empieza-la-temporada-bano-la-piscina-del-club\/#primaryimage"},"thumbnailUrl":"https:\/\/www.realclubmaritimomelilla.es\/clmar\/wp-content\/uploads\/2018\/05\/IMG_8482.jpg","articleSection":["Club"],"inLanguage":"es","potentialAction":[{"@type":"CommentAction","name":"Comment","target":["https:\/\/www.realclubmaritimomelilla.es\/clmar\/este-fin-semana-empieza-la-temporada-bano-la-piscina-del-club\/#respond"]}]},{"@type":"WebPage","@id":"https:\/\/www.realclubmaritimomelilla.es\/clmar\/este-fin-semana-empieza-la-temporada-bano-la-piscina-del-club\/","url":"https:\/\/www.realclubmaritimomelilla.es\/clmar\/este-fin-semana-empieza-la-temporada-bano-la-piscina-del-club\/","name":"ESTE FIN DE SEMANA EMPIEZA LA TEMPORADA DE BA\u00d1O EN LA PISCINA DEL CLUB - Real Club Mar\u00edtimo de Melilla","isPartOf":{"@id":"https:\/\/www.realclubmaritimomelilla.es\/clmar\/#website"},"primaryImageOfPage":{"@id":"https:\/\/www.realclubmaritimomelilla.es\/clmar\/este-fin-semana-empieza-la-temporada-bano-la-piscina-del-club\/#primaryimage"},"image":{"@id":"https:\/\/www.realclubmaritimomelilla.es\/clmar\/este-fin-semana-empieza-la-temporada-bano-la-piscina-del-club\/#primaryimage"},"thumbnailUrl":"https:\/\/www.realclubmaritimomelilla.es\/clmar\/wp-content\/uploads\/2018\/05\/IMG_8482.jpg","datePublished":"2018-05-05T07:59:15+00:00","description":"ESTE FIN DE SEMANA EMPIEZA LA TEMPORADA DE BA\u00d1O EN LA PISCINA DEL CLUB -","breadcrumb":{"@id":"https:\/\/www.realclubmaritimomelilla.es\/clmar\/este-fin-semana-empieza-la-temporada-bano-la-piscina-del-club\/#breadcrumb"},"inLanguage":"es","potentialAction":[{"@type":"ReadAction","target":["https:\/\/www.realclubmaritimomelilla.es\/clmar\/este-fin-semana-empieza-la-temporada-bano-la-piscina-del-club\/"]}]},{"@type":"ImageObject","inLanguage":"es","@id":"https:\/\/www.realclubmaritimomelilla.es\/clmar\/este-fin-semana-empieza-la-temporada-bano-la-piscina-del-club\/#primaryimage","url":"https:\/\/www.realclubmaritimomelilla.es\/clmar\/wp-content\/uploads\/2018\/05\/IMG_8482.jpg","contentUrl":"https:\/\/www.realclubmaritimomelilla.es\/clmar\/wp-content\/uploads\/2018\/05\/IMG_8482.jpg","width":2016,"height":1512},{"@type":"BreadcrumbList","@id":"https:\/\/www.realclubmaritimomelilla.es\/clmar\/este-fin-semana-empieza-la-temporada-bano-la-piscina-del-club\/#breadcrumb","itemListElement":[{"@type":"ListItem","position":1,"name":"Portada","item":"https:\/\/www.realclubmaritimomelilla.es\/clmar\/"},{"@type":"ListItem","position":2,"name":"ESTE FIN DE SEMANA EMPIEZA LA TEMPORADA DE BA\u00d1O EN LA PISCINA DEL CLUB"}]},{"@type":"WebSite","@id":"https:\/\/www.realclubmaritimomelilla.es\/clmar\/#website","url":"https:\/\/www.realclubmaritimomelilla.es\/clmar\/","name":"Real Club Mar\u00edtimo de Melilla","description":"RCMM","publisher":{"@id":"https:\/\/www.realclubmaritimomelilla.es\/clmar\/#organization"},"alternateName":"RCMM","potentialAction":[{"@type":"SearchAction","target":{"@type":"EntryPoint","urlTemplate":"https:\/\/www.realclubmaritimomelilla.es\/clmar\/?s={search_term_string}"},"query-input":{"@type":"PropertyValueSpecification","valueRequired":true,"valueName":"search_term_string"}}],"inLanguage":"es"},{"@type":"Organization","@id":"https:\/\/www.realclubmaritimomelilla.es\/clmar\/#organization","name":"Real Club Mar\u00edtimo de Melilla","alternateName":"RCMM","url":"https:\/\/www.realclubmaritimomelilla.es\/clmar\/","logo":{"@type":"ImageObject","inLanguage":"es","@id":"https:\/\/www.realclubmaritimomelilla.es\/clmar\/#\/schema\/logo\/image\/","url":"https:\/\/www.realclubmaritimomelilla.es\/clmar\/wp-content\/uploads\/logo-club-original-copia.jpg","contentUrl":"https:\/\/www.realclubmaritimomelilla.es\/clmar\/wp-content\/uploads\/logo-club-original-copia.jpg","width":128,"height":89,"caption":"Real Club Mar\u00edtimo de Melilla"},"image":{"@id":"https:\/\/www.realclubmaritimomelilla.es\/clmar\/#\/schema\/logo\/image\/"},"sameAs":["https:\/\/www.facebook.com\/Real-Club-Mar\u00edtimo-de-Melilla-588495841234214\/","https:\/\/x.com\/nauticarcmm","https:\/\/www.instagram.com\/club_maritimo_melilla\/","https:\/\/www.youtube.com\/@realclubmaritimodemelilla4703","https:\/\/es.wikipedia.org\/wiki\/Real_Club_Mar\u00edtimo_de_Melilla"]},{"@type":"Person","@id":"https:\/\/www.realclubmaritimomelilla.es\/clmar\/#\/schema\/person\/ebaa3713496dc6d48c872452e73a8e79","name":"RCMMelilla","image":{"@type":"ImageObject","inLanguage":"es","@id":"https:\/\/secure.gravatar.com\/avatar\/df1c24789360fb9308735c4ee556fc2bc5bf924bf01e53043b8b97ba272da33c?s=96&d=mm&r=g","url":"https:\/\/secure.gravatar.com\/avatar\/df1c24789360fb9308735c4ee556fc2bc5bf924bf01e53043b8b97ba272da33c?s=96&d=mm&r=g","contentUrl":"https:\/\/secure.gravatar.com\/avatar\/df1c24789360fb9308735c4ee556fc2bc5bf924bf01e53043b8b97ba272da33c?s=96&d=mm&r=g","caption":"RCMMelilla"}}]}},"_links":{"self":[{"href":"https:\/\/www.realclubmaritimomelilla.es\/clmar\/wp-json\/wp\/v2\/posts\/13570","targetHints":{"allow":["GET"]}}],"collection":[{"href":"https:\/\/www.realclubmaritimomelilla.es\/clmar\/wp-json\/wp\/v2\/posts"}],"about":[{"href":"https:\/\/www.realclubmaritimomelilla.es\/clmar\/wp-json\/wp\/v2\/types\/post"}],"author":[{"embeddable":true,"href":"https:\/\/www.realclubmaritimomelilla.es\/clmar\/wp-json\/wp\/v2\/users\/1"}],"replies":[{"embeddable":true,"href":"https:\/\/www.realclubmaritimomelilla.es\/clmar\/wp-json\/wp\/v2\/comments?post=13570"}],"version-history":[{"count":1,"href":"https:\/\/www.realclubmaritimomelilla.es\/clmar\/wp-json\/wp\/v2\/posts\/13570\/revisions"}],"predecessor-version":[{"id":13572,"href":"https:\/\/www.realclubmaritimomelilla.es\/clmar\/wp-json\/wp\/v2\/posts\/13570\/revisions\/13572"}],"wp:featuredmedia":[{"embeddable":true,"href":"https:\/\/www.realclubmaritimomelilla.es\/clmar\/wp-json\/wp\/v2\/media\/13571"}],"wp:attachment":[{"href":"https:\/\/www.realclubmaritimomelilla.es\/clmar\/wp-json\/wp\/v2\/media?parent=13570"}],"wp:term":[{"taxonomy":"category","embeddable":true,"href":"https:\/\/www.realclubmaritimomelilla.es\/clmar\/wp-json\/wp\/v2\/categories?post=13570"},{"taxonomy":"post_tag","embeddable":true,"href":"https:\/\/www.realclubmaritimomelilla.es\/clmar\/wp-json\/wp\/v2\/tags?post=13570"}],"curies":[{"name":"wp","href":"https:\/\/api.w.org\/{rel}","templated":true}]}}