{"id":13566,"date":"2018-05-04T16:44:34","date_gmt":"2018-05-04T16:44:34","guid":{"rendered":"http:\/\/www.clubmaritimomelilla.es\/clmar\/?p=13566"},"modified":"2021-07-20T11:39:01","modified_gmt":"2021-07-20T09:39:01","slug":"ciudad-melilla-club-maritimo-se-queda-las-puertas-del-podio-la-ii-copa-intercontinental","status":"publish","type":"post","link":"https:\/\/www.realclubmaritimomelilla.es\/clmar\/ciudad-melilla-club-maritimo-se-queda-las-puertas-del-podio-la-ii-copa-intercontinental\/","title":{"rendered":"EL CIUDAD DE MELILLA-CLUB MAR\u00cdTIMO SE QUEDA A LAS PUERTAS DEL PODIO EN LA II COPA INTERCONTINENTAL"},"content":{"rendered":"<p><span style=\"font-size: large;\"><b>JOS\u00c9 LUIS P\u00c9REZ: &#8220;HA SIDO LA PRIMERA REGATA DE LA TEMPORADA, A PESAR DE NO ESTAR EN EL PODIO HEMOS SACADO CONCLUSIONES POSITIVAS&#8221;<\/b><\/span><\/p>\n<p><img decoding=\"async\" class=\"aligncenter size-large wp-image-13568\" src=\"http:\/\/www.clubmaritimomelilla.es\/clmar\/wp-content\/uploads\/2018\/05\/barco-1024x576.jpg\" alt=\"\" width=\"669\" height=\"376\" srcset=\"https:\/\/www.realclubmaritimomelilla.es\/clmar\/wp-content\/uploads\/2018\/05\/barco-300x169.jpg 300w, https:\/\/www.realclubmaritimomelilla.es\/clmar\/wp-content\/uploads\/2018\/05\/barco-600x338.jpg 600w, https:\/\/www.realclubmaritimomelilla.es\/clmar\/wp-content\/uploads\/2018\/05\/barco-768x432.jpg 768w, https:\/\/www.realclubmaritimomelilla.es\/clmar\/wp-content\/uploads\/2018\/05\/barco-1024x576.jpg 1024w, https:\/\/www.realclubmaritimomelilla.es\/clmar\/wp-content\/uploads\/2018\/05\/barco.jpg 2208w\" sizes=\"(max-width: 669px) 100vw, 669px\" \/><\/p>\n<div class=\"m_5596750507704642206gmail-m_5037500339058433539gmail-m_6895785899442132065gmail-m_4407899424611630415gmail-m_-9164339864900034592gmail-m_7568530890414001117gmail-m_-5821414975677834671gmail-post-content\">El &#8216;Ciudad de Melilla-Club Mar\u00edtimo&#8217; se ha estrenado en la nueva temporada de cruceros con su participaci\u00f3n en la II Copa Intercontinental entre Marbella y Ceuta.<\/div>\n<div class=\"m_5596750507704642206gmail-m_5037500339058433539gmail-m_6895785899442132065gmail-m_4407899424611630415gmail-m_-9164339864900034592gmail-m_7568530890414001117gmail-m_-5821414975677834671gmail-post-content\"><\/div>\n<div class=\"m_5596750507704642206gmail-m_5037500339058433539gmail-m_6895785899442132065gmail-m_4407899424611630415gmail-m_-9164339864900034592gmail-m_7568530890414001117gmail-m_-5821414975677834671gmail-post-content\">La tripulaci\u00f3n que encabeza Jos\u00e9 Luis P\u00e9rez ha terminado en cuarta posici\u00f3n de la general y de su clase. Y eso que hasta la \u00faltima manga de la competici\u00f3n estuvo metido en puestos de podio. &#8220;Ha sido la primera regata de la temporada, a pesar de no estar en el podio hemos sacado conclusiones positivas. La tripulaci\u00f3n todav\u00eda tiene mucho margen de mejora y en esta regata ha habido un gran nivel&#8221;, aseguraba el patr\u00f3n melillense.<\/div>\n<div class=\"m_5596750507704642206gmail-m_5037500339058433539gmail-m_6895785899442132065gmail-m_4407899424611630415gmail-m_-9164339864900034592gmail-m_7568530890414001117gmail-m_-5821414975677834671gmail-post-content\"><\/div>\n<div class=\"m_5596750507704642206gmail-m_5037500339058433539gmail-m_6895785899442132065gmail-m_4407899424611630415gmail-m_-9164339864900034592gmail-m_7568530890414001117gmail-m_-5821414975677834671gmail-post-content\">La competici\u00f3n arranc\u00f3 con una primera manga de 40 millas entre Marbella y Ceuta. Una jornada con vientos muy fuertes y con el a\u00f1adido de cruzar el Estrecho. El &#8216;Ciudad de Melilla-Club Mar\u00edtimo&#8217; fue el m\u00e1s r\u00e1pido de la flota y el primero en amarrar en el puerto ceut\u00ed. Esto le permiti\u00f3 colocarse, en compensado, como tercero en la general provisional y como segundo en su grupo ORC1.<\/div>\n<div class=\"m_5596750507704642206gmail-m_5037500339058433539gmail-m_6895785899442132065gmail-m_4407899424611630415gmail-m_-9164339864900034592gmail-m_7568530890414001117gmail-m_-5821414975677834671gmail-post-content\"><\/div>\n<div class=\"m_5596750507704642206gmail-m_5037500339058433539gmail-m_6895785899442132065gmail-m_4407899424611630415gmail-m_-9164339864900034592gmail-m_7568530890414001117gmail-m_-5821414975677834671gmail-post-content\">El segundo d\u00eda de competici\u00f3n se tuvo que suspender dadas las malas condicionas en el campo de regatas ceut\u00ed. A\u00fan as\u00ed, la tripulaci\u00f3n melillense recog\u00eda el galard\u00f3n que les acreditaba como la primera en tiempo real en la primera manga.<\/div>\n<div class=\"m_5596750507704642206gmail-m_5037500339058433539gmail-m_6895785899442132065gmail-m_4407899424611630415gmail-m_-9164339864900034592gmail-m_7568530890414001117gmail-m_-5821414975677834671gmail-post-content\"><\/div>\n<div class=\"m_5596750507704642206gmail-m_5037500339058433539gmail-m_6895785899442132065gmail-m_4407899424611630415gmail-m_-9164339864900034592gmail-m_7568530890414001117gmail-m_-5821414975677834671gmail-post-content\">Superado el ecuador de la Copa Intercontinental, la flota regresaba a Marbella. Una tercera etapa, de m\u00e1s de cuarenta millas, en las que el crucero melillense se vio relegado a un sexto puesto, tras caer en un pozo de viento y verse sorprendido por las unidades de menor eslora de la competici\u00f3n. Ya, el \u00faltimo d\u00eda de regata un cuarto lugar no le permiti\u00f3 recuperarse y se ca\u00eda de los puestos de podio, despu\u00e9s de haber estado en todo momento luchando por el segundo y tercer puesto de la general.<\/div>\n<div class=\"m_5596750507704642206gmail-m_5037500339058433539gmail-m_6895785899442132065gmail-m_4407899424611630415gmail-m_-9164339864900034592gmail-m_7568530890414001117gmail-m_-5821414975677834671gmail-post-content\"><\/div>\n<div class=\"m_5596750507704642206gmail-m_5037500339058433539gmail-m_6895785899442132065gmail-m_4407899424611630415gmail-m_-9164339864900034592gmail-m_7568530890414001117gmail-m_-5821414975677834671gmail-post-content\">La regata ha tenido al &#8216;Ceuta S\u00ed&#8217;, de Sergio Llorca, como el gran protagonista y campe\u00f3n de la II Copa Intercontinental.<\/div>\n<div class=\"m_5596750507704642206gmail-m_5037500339058433539gmail-m_6895785899442132065gmail-m_4407899424611630415gmail-m_-9164339864900034592gmail-m_7568530890414001117gmail-m_-5821414975677834671gmail-post-content\"><\/div>\n<div class=\"m_5596750507704642206gmail-m_5037500339058433539gmail-m_6895785899442132065gmail-m_4407899424611630415gmail-m_-9164339864900034592gmail-m_7568530890414001117gmail-m_-5821414975677834671gmail-post-content\">La siguiente cita para el &#8216;Ciudad de Melilla-Club Mar\u00edtimo&#8217; ser\u00e1 durante los d\u00edas 8 y 9 de junio, en la V Strait Challenge organizada por el Real Club N\u00e1utico de Algeciras.<\/div>\n","protected":false},"excerpt":{"rendered":"<p>JOS\u00c9 LUIS P\u00c9REZ: &#8220;HA SIDO LA PRIMERA REGATA DE LA TEMPORADA, A PESAR DE NO ESTAR EN EL PODIO HEMOS SACADO CONCLUSIONES POSITIVAS&#8221; El &#8216;Ciudad de Melilla-Club Mar\u00edtimo&#8217; se ha estrenado en la nueva temporada de cruceros con su participaci\u00f3n en la II Copa Intercontinental entre Marbella y Ceuta. La tripulaci\u00f3n que encabeza Jos\u00e9 Luis [&hellip;]<\/p>\n","protected":false},"author":1,"featured_media":13567,"comment_status":"open","ping_status":"open","sticky":false,"template":"","format":"standard","meta":{"_acf_changed":false,"footnotes":""},"categories":[40,38],"tags":[],"class_list":["post-13566","post","type-post","status-publish","format-standard","has-post-thumbnail","hentry","category-club","category-nautica"],"acf":[],"yoast_head":"<!-- This site is optimized with the Yoast SEO plugin v27.5 - https:\/\/yoast.com\/product\/yoast-seo-wordpress\/ -->\n<title>EL CIUDAD DE MELILLA-CLUB MAR\u00cdTIMO SE QUEDA A LAS PUERTAS DEL PODIO EN LA II COPA INTERCONTINENTAL - Real Club Mar\u00edtimo de Melilla<\/title>\n<meta name=\"description\" content=\"EL CIUDAD DE MELILLA-CLUB MAR\u00cdTIMO SE QUEDA A LAS PUERTAS DEL PODIO EN LA II COPA INTERCONTINENTAL -\" \/>\n<meta name=\"robots\" content=\"index, follow, max-snippet:-1, max-image-preview:large, max-video-preview:-1\" \/>\n<link rel=\"canonical\" href=\"https:\/\/www.realclubmaritimomelilla.es\/clmar\/ciudad-melilla-club-maritimo-se-queda-las-puertas-del-podio-la-ii-copa-intercontinental\/\" \/>\n<meta property=\"og:locale\" content=\"es_ES\" \/>\n<meta property=\"og:type\" content=\"article\" \/>\n<meta property=\"og:title\" content=\"EL CIUDAD DE MELILLA-CLUB MAR\u00cdTIMO SE QUEDA A LAS PUERTAS DEL PODIO EN LA II COPA INTERCONTINENTAL - Real Club Mar\u00edtimo de Melilla\" \/>\n<meta property=\"og:description\" content=\"EL CIUDAD DE MELILLA-CLUB MAR\u00cdTIMO SE QUEDA A LAS PUERTAS DEL PODIO EN LA II COPA INTERCONTINENTAL -\" \/>\n<meta property=\"og:url\" content=\"https:\/\/www.realclubmaritimomelilla.es\/clmar\/ciudad-melilla-club-maritimo-se-queda-las-puertas-del-podio-la-ii-copa-intercontinental\/\" \/>\n<meta property=\"og:site_name\" content=\"Real Club Mar\u00edtimo de Melilla\" \/>\n<meta property=\"article:publisher\" content=\"https:\/\/www.facebook.com\/Real-Club-Mar%c3%adtimo-de-Melilla-588495841234214\/\" \/>\n<meta property=\"article:published_time\" content=\"2018-05-04T16:44:34+00:00\" \/>\n<meta property=\"article:modified_time\" content=\"2021-07-20T09:39:01+00:00\" \/>\n<meta property=\"og:image\" content=\"https:\/\/www.realclubmaritimomelilla.es\/clmar\/wp-content\/uploads\/2018\/05\/Tripulaci\u00f3n-en-Ceuta.jpeg\" \/>\n\t<meta property=\"og:image:width\" content=\"1599\" \/>\n\t<meta property=\"og:image:height\" content=\"1200\" \/>\n\t<meta property=\"og:image:type\" content=\"image\/jpeg\" \/>\n<meta name=\"author\" content=\"RCMMelilla\" \/>\n<meta name=\"twitter:card\" content=\"summary_large_image\" \/>\n<meta name=\"twitter:creator\" content=\"@nauticarcmm\" \/>\n<meta name=\"twitter:site\" content=\"@nauticarcmm\" \/>\n<meta name=\"twitter:label1\" content=\"Escrito por\" \/>\n\t<meta name=\"twitter:data1\" content=\"RCMMelilla\" \/>\n\t<meta name=\"twitter:label2\" content=\"Tiempo de lectura\" \/>\n\t<meta name=\"twitter:data2\" content=\"2 minutos\" \/>\n<script type=\"application\/ld+json\" class=\"yoast-schema-graph\">{\"@context\":\"https:\\\/\\\/schema.org\",\"@graph\":[{\"@type\":\"Article\",\"@id\":\"https:\\\/\\\/www.realclubmaritimomelilla.es\\\/clmar\\\/ciudad-melilla-club-maritimo-se-queda-las-puertas-del-podio-la-ii-copa-intercontinental\\\/#article\",\"isPartOf\":{\"@id\":\"https:\\\/\\\/www.realclubmaritimomelilla.es\\\/clmar\\\/ciudad-melilla-club-maritimo-se-queda-las-puertas-del-podio-la-ii-copa-intercontinental\\\/\"},\"author\":{\"name\":\"RCMMelilla\",\"@id\":\"https:\\\/\\\/www.realclubmaritimomelilla.es\\\/clmar\\\/#\\\/schema\\\/person\\\/ebaa3713496dc6d48c872452e73a8e79\"},\"headline\":\"EL CIUDAD DE MELILLA-CLUB MAR\u00cdTIMO SE QUEDA A LAS PUERTAS DEL PODIO EN LA II COPA INTERCONTINENTAL\",\"datePublished\":\"2018-05-04T16:44:34+00:00\",\"dateModified\":\"2021-07-20T09:39:01+00:00\",\"mainEntityOfPage\":{\"@id\":\"https:\\\/\\\/www.realclubmaritimomelilla.es\\\/clmar\\\/ciudad-melilla-club-maritimo-se-queda-las-puertas-del-podio-la-ii-copa-intercontinental\\\/\"},\"wordCount\":420,\"commentCount\":0,\"publisher\":{\"@id\":\"https:\\\/\\\/www.realclubmaritimomelilla.es\\\/clmar\\\/#organization\"},\"image\":{\"@id\":\"https:\\\/\\\/www.realclubmaritimomelilla.es\\\/clmar\\\/ciudad-melilla-club-maritimo-se-queda-las-puertas-del-podio-la-ii-copa-intercontinental\\\/#primaryimage\"},\"thumbnailUrl\":\"https:\\\/\\\/www.realclubmaritimomelilla.es\\\/clmar\\\/wp-content\\\/uploads\\\/2018\\\/05\\\/Tripulaci\u00f3n-en-Ceuta.jpeg\",\"articleSection\":[\"Club\",\"N\u00e1utica\"],\"inLanguage\":\"es\",\"potentialAction\":[{\"@type\":\"CommentAction\",\"name\":\"Comment\",\"target\":[\"https:\\\/\\\/www.realclubmaritimomelilla.es\\\/clmar\\\/ciudad-melilla-club-maritimo-se-queda-las-puertas-del-podio-la-ii-copa-intercontinental\\\/#respond\"]}]},{\"@type\":\"WebPage\",\"@id\":\"https:\\\/\\\/www.realclubmaritimomelilla.es\\\/clmar\\\/ciudad-melilla-club-maritimo-se-queda-las-puertas-del-podio-la-ii-copa-intercontinental\\\/\",\"url\":\"https:\\\/\\\/www.realclubmaritimomelilla.es\\\/clmar\\\/ciudad-melilla-club-maritimo-se-queda-las-puertas-del-podio-la-ii-copa-intercontinental\\\/\",\"name\":\"EL CIUDAD DE MELILLA-CLUB MAR\u00cdTIMO SE QUEDA A LAS PUERTAS DEL PODIO EN LA II COPA INTERCONTINENTAL - Real Club Mar\u00edtimo de Melilla\",\"isPartOf\":{\"@id\":\"https:\\\/\\\/www.realclubmaritimomelilla.es\\\/clmar\\\/#website\"},\"primaryImageOfPage\":{\"@id\":\"https:\\\/\\\/www.realclubmaritimomelilla.es\\\/clmar\\\/ciudad-melilla-club-maritimo-se-queda-las-puertas-del-podio-la-ii-copa-intercontinental\\\/#primaryimage\"},\"image\":{\"@id\":\"https:\\\/\\\/www.realclubmaritimomelilla.es\\\/clmar\\\/ciudad-melilla-club-maritimo-se-queda-las-puertas-del-podio-la-ii-copa-intercontinental\\\/#primaryimage\"},\"thumbnailUrl\":\"https:\\\/\\\/www.realclubmaritimomelilla.es\\\/clmar\\\/wp-content\\\/uploads\\\/2018\\\/05\\\/Tripulaci\u00f3n-en-Ceuta.jpeg\",\"datePublished\":\"2018-05-04T16:44:34+00:00\",\"dateModified\":\"2021-07-20T09:39:01+00:00\",\"description\":\"EL CIUDAD DE MELILLA-CLUB MAR\u00cdTIMO SE QUEDA A LAS PUERTAS DEL PODIO EN LA II COPA INTERCONTINENTAL -\",\"breadcrumb\":{\"@id\":\"https:\\\/\\\/www.realclubmaritimomelilla.es\\\/clmar\\\/ciudad-melilla-club-maritimo-se-queda-las-puertas-del-podio-la-ii-copa-intercontinental\\\/#breadcrumb\"},\"inLanguage\":\"es\",\"potentialAction\":[{\"@type\":\"ReadAction\",\"target\":[\"https:\\\/\\\/www.realclubmaritimomelilla.es\\\/clmar\\\/ciudad-melilla-club-maritimo-se-queda-las-puertas-del-podio-la-ii-copa-intercontinental\\\/\"]}]},{\"@type\":\"ImageObject\",\"inLanguage\":\"es\",\"@id\":\"https:\\\/\\\/www.realclubmaritimomelilla.es\\\/clmar\\\/ciudad-melilla-club-maritimo-se-queda-las-puertas-del-podio-la-ii-copa-intercontinental\\\/#primaryimage\",\"url\":\"https:\\\/\\\/www.realclubmaritimomelilla.es\\\/clmar\\\/wp-content\\\/uploads\\\/2018\\\/05\\\/Tripulaci\u00f3n-en-Ceuta.jpeg\",\"contentUrl\":\"https:\\\/\\\/www.realclubmaritimomelilla.es\\\/clmar\\\/wp-content\\\/uploads\\\/2018\\\/05\\\/Tripulaci\u00f3n-en-Ceuta.jpeg\",\"width\":1599,\"height\":1200},{\"@type\":\"BreadcrumbList\",\"@id\":\"https:\\\/\\\/www.realclubmaritimomelilla.es\\\/clmar\\\/ciudad-melilla-club-maritimo-se-queda-las-puertas-del-podio-la-ii-copa-intercontinental\\\/#breadcrumb\",\"itemListElement\":[{\"@type\":\"ListItem\",\"position\":1,\"name\":\"Portada\",\"item\":\"https:\\\/\\\/www.realclubmaritimomelilla.es\\\/clmar\\\/\"},{\"@type\":\"ListItem\",\"position\":2,\"name\":\"EL CIUDAD DE MELILLA-CLUB MAR\u00cdTIMO SE QUEDA A LAS PUERTAS DEL PODIO EN LA II COPA INTERCONTINENTAL\"}]},{\"@type\":\"WebSite\",\"@id\":\"https:\\\/\\\/www.realclubmaritimomelilla.es\\\/clmar\\\/#website\",\"url\":\"https:\\\/\\\/www.realclubmaritimomelilla.es\\\/clmar\\\/\",\"name\":\"Real Club Mar\u00edtimo de Melilla\",\"description\":\"RCMM\",\"publisher\":{\"@id\":\"https:\\\/\\\/www.realclubmaritimomelilla.es\\\/clmar\\\/#organization\"},\"alternateName\":\"RCMM\",\"potentialAction\":[{\"@type\":\"SearchAction\",\"target\":{\"@type\":\"EntryPoint\",\"urlTemplate\":\"https:\\\/\\\/www.realclubmaritimomelilla.es\\\/clmar\\\/?s={search_term_string}\"},\"query-input\":{\"@type\":\"PropertyValueSpecification\",\"valueRequired\":true,\"valueName\":\"search_term_string\"}}],\"inLanguage\":\"es\"},{\"@type\":\"Organization\",\"@id\":\"https:\\\/\\\/www.realclubmaritimomelilla.es\\\/clmar\\\/#organization\",\"name\":\"Real Club Mar\u00edtimo de Melilla\",\"alternateName\":\"RCMM\",\"url\":\"https:\\\/\\\/www.realclubmaritimomelilla.es\\\/clmar\\\/\",\"logo\":{\"@type\":\"ImageObject\",\"inLanguage\":\"es\",\"@id\":\"https:\\\/\\\/www.realclubmaritimomelilla.es\\\/clmar\\\/#\\\/schema\\\/logo\\\/image\\\/\",\"url\":\"https:\\\/\\\/www.realclubmaritimomelilla.es\\\/clmar\\\/wp-content\\\/uploads\\\/logo-club-original-copia.jpg\",\"contentUrl\":\"https:\\\/\\\/www.realclubmaritimomelilla.es\\\/clmar\\\/wp-content\\\/uploads\\\/logo-club-original-copia.jpg\",\"width\":128,\"height\":89,\"caption\":\"Real Club Mar\u00edtimo de Melilla\"},\"image\":{\"@id\":\"https:\\\/\\\/www.realclubmaritimomelilla.es\\\/clmar\\\/#\\\/schema\\\/logo\\\/image\\\/\"},\"sameAs\":[\"https:\\\/\\\/www.facebook.com\\\/Real-Club-Mar\u00edtimo-de-Melilla-588495841234214\\\/\",\"https:\\\/\\\/x.com\\\/nauticarcmm\",\"https:\\\/\\\/www.instagram.com\\\/club_maritimo_melilla\\\/\",\"https:\\\/\\\/www.youtube.com\\\/@realclubmaritimodemelilla4703\",\"https:\\\/\\\/es.wikipedia.org\\\/wiki\\\/Real_Club_Mar\u00edtimo_de_Melilla\"]},{\"@type\":\"Person\",\"@id\":\"https:\\\/\\\/www.realclubmaritimomelilla.es\\\/clmar\\\/#\\\/schema\\\/person\\\/ebaa3713496dc6d48c872452e73a8e79\",\"name\":\"RCMMelilla\",\"image\":{\"@type\":\"ImageObject\",\"inLanguage\":\"es\",\"@id\":\"https:\\\/\\\/secure.gravatar.com\\\/avatar\\\/df1c24789360fb9308735c4ee556fc2bc5bf924bf01e53043b8b97ba272da33c?s=96&d=mm&r=g\",\"url\":\"https:\\\/\\\/secure.gravatar.com\\\/avatar\\\/df1c24789360fb9308735c4ee556fc2bc5bf924bf01e53043b8b97ba272da33c?s=96&d=mm&r=g\",\"contentUrl\":\"https:\\\/\\\/secure.gravatar.com\\\/avatar\\\/df1c24789360fb9308735c4ee556fc2bc5bf924bf01e53043b8b97ba272da33c?s=96&d=mm&r=g\",\"caption\":\"RCMMelilla\"}}]}<\/script>\n<!-- \/ Yoast SEO plugin. -->","yoast_head_json":{"title":"EL CIUDAD DE MELILLA-CLUB MAR\u00cdTIMO SE QUEDA A LAS PUERTAS DEL PODIO EN LA II COPA INTERCONTINENTAL - Real Club Mar\u00edtimo de Melilla","description":"EL CIUDAD DE MELILLA-CLUB MAR\u00cdTIMO SE QUEDA A LAS PUERTAS DEL PODIO EN LA II COPA INTERCONTINENTAL -","robots":{"index":"index","follow":"follow","max-snippet":"max-snippet:-1","max-image-preview":"max-image-preview:large","max-video-preview":"max-video-preview:-1"},"canonical":"https:\/\/www.realclubmaritimomelilla.es\/clmar\/ciudad-melilla-club-maritimo-se-queda-las-puertas-del-podio-la-ii-copa-intercontinental\/","og_locale":"es_ES","og_type":"article","og_title":"EL CIUDAD DE MELILLA-CLUB MAR\u00cdTIMO SE QUEDA A LAS PUERTAS DEL PODIO EN LA II COPA INTERCONTINENTAL - Real Club Mar\u00edtimo de Melilla","og_description":"EL CIUDAD DE MELILLA-CLUB MAR\u00cdTIMO SE QUEDA A LAS PUERTAS DEL PODIO EN LA II COPA INTERCONTINENTAL -","og_url":"https:\/\/www.realclubmaritimomelilla.es\/clmar\/ciudad-melilla-club-maritimo-se-queda-las-puertas-del-podio-la-ii-copa-intercontinental\/","og_site_name":"Real Club Mar\u00edtimo de Melilla","article_publisher":"https:\/\/www.facebook.com\/Real-Club-Mar%c3%adtimo-de-Melilla-588495841234214\/","article_published_time":"2018-05-04T16:44:34+00:00","article_modified_time":"2021-07-20T09:39:01+00:00","og_image":[{"width":1599,"height":1200,"url":"https:\/\/www.realclubmaritimomelilla.es\/clmar\/wp-content\/uploads\/2018\/05\/Tripulaci\u00f3n-en-Ceuta.jpeg","type":"image\/jpeg"}],"author":"RCMMelilla","twitter_card":"summary_large_image","twitter_creator":"@nauticarcmm","twitter_site":"@nauticarcmm","twitter_misc":{"Escrito por":"RCMMelilla","Tiempo de lectura":"2 minutos"},"schema":{"@context":"https:\/\/schema.org","@graph":[{"@type":"Article","@id":"https:\/\/www.realclubmaritimomelilla.es\/clmar\/ciudad-melilla-club-maritimo-se-queda-las-puertas-del-podio-la-ii-copa-intercontinental\/#article","isPartOf":{"@id":"https:\/\/www.realclubmaritimomelilla.es\/clmar\/ciudad-melilla-club-maritimo-se-queda-las-puertas-del-podio-la-ii-copa-intercontinental\/"},"author":{"name":"RCMMelilla","@id":"https:\/\/www.realclubmaritimomelilla.es\/clmar\/#\/schema\/person\/ebaa3713496dc6d48c872452e73a8e79"},"headline":"EL CIUDAD DE MELILLA-CLUB MAR\u00cdTIMO SE QUEDA A LAS PUERTAS DEL PODIO EN LA II COPA INTERCONTINENTAL","datePublished":"2018-05-04T16:44:34+00:00","dateModified":"2021-07-20T09:39:01+00:00","mainEntityOfPage":{"@id":"https:\/\/www.realclubmaritimomelilla.es\/clmar\/ciudad-melilla-club-maritimo-se-queda-las-puertas-del-podio-la-ii-copa-intercontinental\/"},"wordCount":420,"commentCount":0,"publisher":{"@id":"https:\/\/www.realclubmaritimomelilla.es\/clmar\/#organization"},"image":{"@id":"https:\/\/www.realclubmaritimomelilla.es\/clmar\/ciudad-melilla-club-maritimo-se-queda-las-puertas-del-podio-la-ii-copa-intercontinental\/#primaryimage"},"thumbnailUrl":"https:\/\/www.realclubmaritimomelilla.es\/clmar\/wp-content\/uploads\/2018\/05\/Tripulaci\u00f3n-en-Ceuta.jpeg","articleSection":["Club","N\u00e1utica"],"inLanguage":"es","potentialAction":[{"@type":"CommentAction","name":"Comment","target":["https:\/\/www.realclubmaritimomelilla.es\/clmar\/ciudad-melilla-club-maritimo-se-queda-las-puertas-del-podio-la-ii-copa-intercontinental\/#respond"]}]},{"@type":"WebPage","@id":"https:\/\/www.realclubmaritimomelilla.es\/clmar\/ciudad-melilla-club-maritimo-se-queda-las-puertas-del-podio-la-ii-copa-intercontinental\/","url":"https:\/\/www.realclubmaritimomelilla.es\/clmar\/ciudad-melilla-club-maritimo-se-queda-las-puertas-del-podio-la-ii-copa-intercontinental\/","name":"EL CIUDAD DE MELILLA-CLUB MAR\u00cdTIMO SE QUEDA A LAS PUERTAS DEL PODIO EN LA II COPA INTERCONTINENTAL - Real Club Mar\u00edtimo de Melilla","isPartOf":{"@id":"https:\/\/www.realclubmaritimomelilla.es\/clmar\/#website"},"primaryImageOfPage":{"@id":"https:\/\/www.realclubmaritimomelilla.es\/clmar\/ciudad-melilla-club-maritimo-se-queda-las-puertas-del-podio-la-ii-copa-intercontinental\/#primaryimage"},"image":{"@id":"https:\/\/www.realclubmaritimomelilla.es\/clmar\/ciudad-melilla-club-maritimo-se-queda-las-puertas-del-podio-la-ii-copa-intercontinental\/#primaryimage"},"thumbnailUrl":"https:\/\/www.realclubmaritimomelilla.es\/clmar\/wp-content\/uploads\/2018\/05\/Tripulaci\u00f3n-en-Ceuta.jpeg","datePublished":"2018-05-04T16:44:34+00:00","dateModified":"2021-07-20T09:39:01+00:00","description":"EL CIUDAD DE MELILLA-CLUB MAR\u00cdTIMO SE QUEDA A LAS PUERTAS DEL PODIO EN LA II COPA INTERCONTINENTAL -","breadcrumb":{"@id":"https:\/\/www.realclubmaritimomelilla.es\/clmar\/ciudad-melilla-club-maritimo-se-queda-las-puertas-del-podio-la-ii-copa-intercontinental\/#breadcrumb"},"inLanguage":"es","potentialAction":[{"@type":"ReadAction","target":["https:\/\/www.realclubmaritimomelilla.es\/clmar\/ciudad-melilla-club-maritimo-se-queda-las-puertas-del-podio-la-ii-copa-intercontinental\/"]}]},{"@type":"ImageObject","inLanguage":"es","@id":"https:\/\/www.realclubmaritimomelilla.es\/clmar\/ciudad-melilla-club-maritimo-se-queda-las-puertas-del-podio-la-ii-copa-intercontinental\/#primaryimage","url":"https:\/\/www.realclubmaritimomelilla.es\/clmar\/wp-content\/uploads\/2018\/05\/Tripulaci\u00f3n-en-Ceuta.jpeg","contentUrl":"https:\/\/www.realclubmaritimomelilla.es\/clmar\/wp-content\/uploads\/2018\/05\/Tripulaci\u00f3n-en-Ceuta.jpeg","width":1599,"height":1200},{"@type":"BreadcrumbList","@id":"https:\/\/www.realclubmaritimomelilla.es\/clmar\/ciudad-melilla-club-maritimo-se-queda-las-puertas-del-podio-la-ii-copa-intercontinental\/#breadcrumb","itemListElement":[{"@type":"ListItem","position":1,"name":"Portada","item":"https:\/\/www.realclubmaritimomelilla.es\/clmar\/"},{"@type":"ListItem","position":2,"name":"EL CIUDAD DE MELILLA-CLUB MAR\u00cdTIMO SE QUEDA A LAS PUERTAS DEL PODIO EN LA II COPA INTERCONTINENTAL"}]},{"@type":"WebSite","@id":"https:\/\/www.realclubmaritimomelilla.es\/clmar\/#website","url":"https:\/\/www.realclubmaritimomelilla.es\/clmar\/","name":"Real Club Mar\u00edtimo de Melilla","description":"RCMM","publisher":{"@id":"https:\/\/www.realclubmaritimomelilla.es\/clmar\/#organization"},"alternateName":"RCMM","potentialAction":[{"@type":"SearchAction","target":{"@type":"EntryPoint","urlTemplate":"https:\/\/www.realclubmaritimomelilla.es\/clmar\/?s={search_term_string}"},"query-input":{"@type":"PropertyValueSpecification","valueRequired":true,"valueName":"search_term_string"}}],"inLanguage":"es"},{"@type":"Organization","@id":"https:\/\/www.realclubmaritimomelilla.es\/clmar\/#organization","name":"Real Club Mar\u00edtimo de Melilla","alternateName":"RCMM","url":"https:\/\/www.realclubmaritimomelilla.es\/clmar\/","logo":{"@type":"ImageObject","inLanguage":"es","@id":"https:\/\/www.realclubmaritimomelilla.es\/clmar\/#\/schema\/logo\/image\/","url":"https:\/\/www.realclubmaritimomelilla.es\/clmar\/wp-content\/uploads\/logo-club-original-copia.jpg","contentUrl":"https:\/\/www.realclubmaritimomelilla.es\/clmar\/wp-content\/uploads\/logo-club-original-copia.jpg","width":128,"height":89,"caption":"Real Club Mar\u00edtimo de Melilla"},"image":{"@id":"https:\/\/www.realclubmaritimomelilla.es\/clmar\/#\/schema\/logo\/image\/"},"sameAs":["https:\/\/www.facebook.com\/Real-Club-Mar\u00edtimo-de-Melilla-588495841234214\/","https:\/\/x.com\/nauticarcmm","https:\/\/www.instagram.com\/club_maritimo_melilla\/","https:\/\/www.youtube.com\/@realclubmaritimodemelilla4703","https:\/\/es.wikipedia.org\/wiki\/Real_Club_Mar\u00edtimo_de_Melilla"]},{"@type":"Person","@id":"https:\/\/www.realclubmaritimomelilla.es\/clmar\/#\/schema\/person\/ebaa3713496dc6d48c872452e73a8e79","name":"RCMMelilla","image":{"@type":"ImageObject","inLanguage":"es","@id":"https:\/\/secure.gravatar.com\/avatar\/df1c24789360fb9308735c4ee556fc2bc5bf924bf01e53043b8b97ba272da33c?s=96&d=mm&r=g","url":"https:\/\/secure.gravatar.com\/avatar\/df1c24789360fb9308735c4ee556fc2bc5bf924bf01e53043b8b97ba272da33c?s=96&d=mm&r=g","contentUrl":"https:\/\/secure.gravatar.com\/avatar\/df1c24789360fb9308735c4ee556fc2bc5bf924bf01e53043b8b97ba272da33c?s=96&d=mm&r=g","caption":"RCMMelilla"}}]}},"_links":{"self":[{"href":"https:\/\/www.realclubmaritimomelilla.es\/clmar\/wp-json\/wp\/v2\/posts\/13566","targetHints":{"allow":["GET"]}}],"collection":[{"href":"https:\/\/www.realclubmaritimomelilla.es\/clmar\/wp-json\/wp\/v2\/posts"}],"about":[{"href":"https:\/\/www.realclubmaritimomelilla.es\/clmar\/wp-json\/wp\/v2\/types\/post"}],"author":[{"embeddable":true,"href":"https:\/\/www.realclubmaritimomelilla.es\/clmar\/wp-json\/wp\/v2\/users\/1"}],"replies":[{"embeddable":true,"href":"https:\/\/www.realclubmaritimomelilla.es\/clmar\/wp-json\/wp\/v2\/comments?post=13566"}],"version-history":[{"count":1,"href":"https:\/\/www.realclubmaritimomelilla.es\/clmar\/wp-json\/wp\/v2\/posts\/13566\/revisions"}],"predecessor-version":[{"id":13569,"href":"https:\/\/www.realclubmaritimomelilla.es\/clmar\/wp-json\/wp\/v2\/posts\/13566\/revisions\/13569"}],"wp:featuredmedia":[{"embeddable":true,"href":"https:\/\/www.realclubmaritimomelilla.es\/clmar\/wp-json\/wp\/v2\/media\/13567"}],"wp:attachment":[{"href":"https:\/\/www.realclubmaritimomelilla.es\/clmar\/wp-json\/wp\/v2\/media?parent=13566"}],"wp:term":[{"taxonomy":"category","embeddable":true,"href":"https:\/\/www.realclubmaritimomelilla.es\/clmar\/wp-json\/wp\/v2\/categories?post=13566"},{"taxonomy":"post_tag","embeddable":true,"href":"https:\/\/www.realclubmaritimomelilla.es\/clmar\/wp-json\/wp\/v2\/tags?post=13566"}],"curies":[{"name":"wp","href":"https:\/\/api.w.org\/{rel}","templated":true}]}}