{"id":13525,"date":"2018-04-27T14:14:36","date_gmt":"2018-04-27T14:14:36","guid":{"rendered":"http:\/\/www.clubmaritimomelilla.es\/clmar\/?p=13525"},"modified":"2018-04-27T14:14:36","modified_gmt":"2018-04-27T14:14:36","slug":"ciudad-melilla-club-maritimo-se-estrena-la-regata-intercontinental","status":"publish","type":"post","link":"https:\/\/www.realclubmaritimomelilla.es\/clmar\/ciudad-melilla-club-maritimo-se-estrena-la-regata-intercontinental\/","title":{"rendered":"EL &#8216;CIUDAD DE MELILLA-CLUB MAR\u00cdTIMO&#8217; SE ESTRENA EN LA REGATA INTERCONTINENTAL"},"content":{"rendered":"<p><span style=\"font-size: large;\"><b>EL EQUIPO DE REGATAS COMPETIR\u00c1 HASTA EL MARTES EN LA CITA QUE UNE A MARBELLA Y CEUTA<\/b><\/span><\/p>\n<p>El &#8216;Ciudad de Melilla-Club Mar\u00edtimo&#8217; se estrena en la nueva temporada, con su participaci\u00f3n en la II Regata Intercontinental Marbella-Ceuta. Una cita a la que acude una importante flota de treinta unidades, con los principales patrones de la flota nacional afincados en el sur peninsular.<\/p>\n<div><\/div>\n<div>Esta regata entre Marbella y Ceuta ser\u00e1 una buena primera piedra de toque para las expectativas del equipo de regata melillense, que este a\u00f1o aspira a convertirse en una de las tripulaciones m\u00e1s punteras de la zona sur de nuestro pa\u00eds.<\/p>\n<p>La competici\u00f3n arrancar\u00e1 el s\u00e1bado, d\u00eda 28, con una primera regata Marbella-Ceuta que constar\u00e1 de unas 40 millas n\u00e1uticas y para la que se espera un fuerte viento de poniente que ir\u00e1 aumentando a\u00fan m\u00e1s conforme la flota se vaya acercando al puerto de Ceuta.<\/p>\n<p>El domingo, la organizaci\u00f3n celebrar\u00e1 la segunda regata, que podr\u00eda constar de un barlovento-sotavento por la bah\u00eda sur de Ceuta, celebr\u00e1ndose por la noche una entrega de trofeos en el Parque Mar\u00edtimo del Mediterr\u00e1neo.<\/p>\n<p>Ya el lunes, las embarcaciones pondr\u00e1 rumbo a Marbella en otra prueba de alrededor de 40 millas, mientras que el lunes se celebrar\u00e1 la cuarta y \u00faltima traves\u00eda en forma de barlovento-sotavento por las costas marbell\u00edes.<\/p>\n<p>Esta regata, Jos\u00e9 Luis Perez contar\u00e1 en su tripulaci\u00f3n con Ignacio Mateo Antonio Mu\u00f1oz, Miguel \u00c1ngel Gonz\u00e1lez, Antonio Revilla, Jes\u00fas Fern\u00e1ndez, Israel Mart\u00ednez, Alfonso Moreno, Jos\u00e9 Mar\u00eda Rueda, Francisco Gil, Harun Mohamed, Fernando Dom\u00ednguez, Jos\u00e9 Rueda e Ignacio Cano.<\/p><\/div>\n","protected":false},"excerpt":{"rendered":"<p>EL EQUIPO DE REGATAS COMPETIR\u00c1 HASTA EL MARTES EN LA CITA QUE UNE A MARBELLA Y CEUTA El &#8216;Ciudad de Melilla-Club Mar\u00edtimo&#8217; se estrena en la nueva temporada, con su participaci\u00f3n en la II Regata Intercontinental Marbella-Ceuta. Una cita a la que acude una importante flota de treinta unidades, con los principales patrones de la [&hellip;]<\/p>\n","protected":false},"author":1,"featured_media":13526,"comment_status":"open","ping_status":"open","sticky":false,"template":"","format":"standard","meta":{"_acf_changed":false,"footnotes":""},"categories":[40,38],"tags":[],"class_list":["post-13525","post","type-post","status-publish","format-standard","has-post-thumbnail","hentry","category-club","category-nautica"],"acf":[],"yoast_head":"<!-- This site is optimized with the Yoast SEO plugin v27.5 - https:\/\/yoast.com\/product\/yoast-seo-wordpress\/ -->\n<title>EL &#039;CIUDAD DE MELILLA-CLUB MAR\u00cdTIMO&#039; SE ESTRENA EN LA REGATA INTERCONTINENTAL - Real Club Mar\u00edtimo de Melilla<\/title>\n<meta name=\"description\" content=\"EL &#039;CIUDAD DE MELILLA-CLUB MAR\u00cdTIMO&#039; SE ESTRENA EN LA REGATA INTERCONTINENTAL -\" \/>\n<meta name=\"robots\" content=\"index, follow, max-snippet:-1, max-image-preview:large, max-video-preview:-1\" \/>\n<link rel=\"canonical\" href=\"https:\/\/www.realclubmaritimomelilla.es\/clmar\/ciudad-melilla-club-maritimo-se-estrena-la-regata-intercontinental\/\" \/>\n<meta property=\"og:locale\" content=\"es_ES\" \/>\n<meta property=\"og:type\" content=\"article\" \/>\n<meta property=\"og:title\" content=\"EL &#039;CIUDAD DE MELILLA-CLUB MAR\u00cdTIMO&#039; SE ESTRENA EN LA REGATA INTERCONTINENTAL - Real Club Mar\u00edtimo de Melilla\" \/>\n<meta property=\"og:description\" content=\"EL &#039;CIUDAD DE MELILLA-CLUB MAR\u00cdTIMO&#039; SE ESTRENA EN LA REGATA INTERCONTINENTAL -\" \/>\n<meta property=\"og:url\" content=\"https:\/\/www.realclubmaritimomelilla.es\/clmar\/ciudad-melilla-club-maritimo-se-estrena-la-regata-intercontinental\/\" \/>\n<meta property=\"og:site_name\" content=\"Real Club Mar\u00edtimo de Melilla\" \/>\n<meta property=\"article:publisher\" content=\"https:\/\/www.facebook.com\/Real-Club-Mar%c3%adtimo-de-Melilla-588495841234214\/\" \/>\n<meta property=\"article:published_time\" content=\"2018-04-27T14:14:36+00:00\" \/>\n<meta property=\"og:image\" content=\"https:\/\/www.realclubmaritimomelilla.es\/clmar\/wp-content\/uploads\/2018\/04\/ciudad-melilla-rcm.jpg\" \/>\n\t<meta property=\"og:image:width\" content=\"2126\" \/>\n\t<meta property=\"og:image:height\" content=\"1099\" \/>\n\t<meta property=\"og:image:type\" content=\"image\/jpeg\" \/>\n<meta name=\"author\" content=\"RCMMelilla\" \/>\n<meta name=\"twitter:card\" content=\"summary_large_image\" \/>\n<meta name=\"twitter:creator\" content=\"@nauticarcmm\" \/>\n<meta name=\"twitter:site\" content=\"@nauticarcmm\" \/>\n<meta name=\"twitter:label1\" content=\"Escrito por\" \/>\n\t<meta name=\"twitter:data1\" content=\"RCMMelilla\" \/>\n\t<meta name=\"twitter:label2\" content=\"Tiempo de lectura\" \/>\n\t<meta name=\"twitter:data2\" content=\"1 minuto\" \/>\n<script type=\"application\/ld+json\" class=\"yoast-schema-graph\">{\"@context\":\"https:\\\/\\\/schema.org\",\"@graph\":[{\"@type\":\"Article\",\"@id\":\"https:\\\/\\\/www.realclubmaritimomelilla.es\\\/clmar\\\/ciudad-melilla-club-maritimo-se-estrena-la-regata-intercontinental\\\/#article\",\"isPartOf\":{\"@id\":\"https:\\\/\\\/www.realclubmaritimomelilla.es\\\/clmar\\\/ciudad-melilla-club-maritimo-se-estrena-la-regata-intercontinental\\\/\"},\"author\":{\"name\":\"RCMMelilla\",\"@id\":\"https:\\\/\\\/www.realclubmaritimomelilla.es\\\/clmar\\\/#\\\/schema\\\/person\\\/ebaa3713496dc6d48c872452e73a8e79\"},\"headline\":\"EL &#8216;CIUDAD DE MELILLA-CLUB MAR\u00cdTIMO&#8217; SE ESTRENA EN LA REGATA INTERCONTINENTAL\",\"datePublished\":\"2018-04-27T14:14:36+00:00\",\"mainEntityOfPage\":{\"@id\":\"https:\\\/\\\/www.realclubmaritimomelilla.es\\\/clmar\\\/ciudad-melilla-club-maritimo-se-estrena-la-regata-intercontinental\\\/\"},\"wordCount\":293,\"commentCount\":0,\"publisher\":{\"@id\":\"https:\\\/\\\/www.realclubmaritimomelilla.es\\\/clmar\\\/#organization\"},\"image\":{\"@id\":\"https:\\\/\\\/www.realclubmaritimomelilla.es\\\/clmar\\\/ciudad-melilla-club-maritimo-se-estrena-la-regata-intercontinental\\\/#primaryimage\"},\"thumbnailUrl\":\"https:\\\/\\\/www.realclubmaritimomelilla.es\\\/clmar\\\/wp-content\\\/uploads\\\/2018\\\/04\\\/ciudad-melilla-rcm.jpg\",\"articleSection\":[\"Club\",\"N\u00e1utica\"],\"inLanguage\":\"es\",\"potentialAction\":[{\"@type\":\"CommentAction\",\"name\":\"Comment\",\"target\":[\"https:\\\/\\\/www.realclubmaritimomelilla.es\\\/clmar\\\/ciudad-melilla-club-maritimo-se-estrena-la-regata-intercontinental\\\/#respond\"]}]},{\"@type\":\"WebPage\",\"@id\":\"https:\\\/\\\/www.realclubmaritimomelilla.es\\\/clmar\\\/ciudad-melilla-club-maritimo-se-estrena-la-regata-intercontinental\\\/\",\"url\":\"https:\\\/\\\/www.realclubmaritimomelilla.es\\\/clmar\\\/ciudad-melilla-club-maritimo-se-estrena-la-regata-intercontinental\\\/\",\"name\":\"EL 'CIUDAD DE MELILLA-CLUB MAR\u00cdTIMO' SE ESTRENA EN LA REGATA INTERCONTINENTAL - Real Club Mar\u00edtimo de Melilla\",\"isPartOf\":{\"@id\":\"https:\\\/\\\/www.realclubmaritimomelilla.es\\\/clmar\\\/#website\"},\"primaryImageOfPage\":{\"@id\":\"https:\\\/\\\/www.realclubmaritimomelilla.es\\\/clmar\\\/ciudad-melilla-club-maritimo-se-estrena-la-regata-intercontinental\\\/#primaryimage\"},\"image\":{\"@id\":\"https:\\\/\\\/www.realclubmaritimomelilla.es\\\/clmar\\\/ciudad-melilla-club-maritimo-se-estrena-la-regata-intercontinental\\\/#primaryimage\"},\"thumbnailUrl\":\"https:\\\/\\\/www.realclubmaritimomelilla.es\\\/clmar\\\/wp-content\\\/uploads\\\/2018\\\/04\\\/ciudad-melilla-rcm.jpg\",\"datePublished\":\"2018-04-27T14:14:36+00:00\",\"description\":\"EL 'CIUDAD DE MELILLA-CLUB MAR\u00cdTIMO' SE ESTRENA EN LA REGATA INTERCONTINENTAL -\",\"breadcrumb\":{\"@id\":\"https:\\\/\\\/www.realclubmaritimomelilla.es\\\/clmar\\\/ciudad-melilla-club-maritimo-se-estrena-la-regata-intercontinental\\\/#breadcrumb\"},\"inLanguage\":\"es\",\"potentialAction\":[{\"@type\":\"ReadAction\",\"target\":[\"https:\\\/\\\/www.realclubmaritimomelilla.es\\\/clmar\\\/ciudad-melilla-club-maritimo-se-estrena-la-regata-intercontinental\\\/\"]}]},{\"@type\":\"ImageObject\",\"inLanguage\":\"es\",\"@id\":\"https:\\\/\\\/www.realclubmaritimomelilla.es\\\/clmar\\\/ciudad-melilla-club-maritimo-se-estrena-la-regata-intercontinental\\\/#primaryimage\",\"url\":\"https:\\\/\\\/www.realclubmaritimomelilla.es\\\/clmar\\\/wp-content\\\/uploads\\\/2018\\\/04\\\/ciudad-melilla-rcm.jpg\",\"contentUrl\":\"https:\\\/\\\/www.realclubmaritimomelilla.es\\\/clmar\\\/wp-content\\\/uploads\\\/2018\\\/04\\\/ciudad-melilla-rcm.jpg\",\"width\":2126,\"height\":1099},{\"@type\":\"BreadcrumbList\",\"@id\":\"https:\\\/\\\/www.realclubmaritimomelilla.es\\\/clmar\\\/ciudad-melilla-club-maritimo-se-estrena-la-regata-intercontinental\\\/#breadcrumb\",\"itemListElement\":[{\"@type\":\"ListItem\",\"position\":1,\"name\":\"Portada\",\"item\":\"https:\\\/\\\/www.realclubmaritimomelilla.es\\\/clmar\\\/\"},{\"@type\":\"ListItem\",\"position\":2,\"name\":\"EL &#8216;CIUDAD DE MELILLA-CLUB MAR\u00cdTIMO&#8217; SE ESTRENA EN LA REGATA INTERCONTINENTAL\"}]},{\"@type\":\"WebSite\",\"@id\":\"https:\\\/\\\/www.realclubmaritimomelilla.es\\\/clmar\\\/#website\",\"url\":\"https:\\\/\\\/www.realclubmaritimomelilla.es\\\/clmar\\\/\",\"name\":\"Real Club Mar\u00edtimo de Melilla\",\"description\":\"RCMM\",\"publisher\":{\"@id\":\"https:\\\/\\\/www.realclubmaritimomelilla.es\\\/clmar\\\/#organization\"},\"alternateName\":\"RCMM\",\"potentialAction\":[{\"@type\":\"SearchAction\",\"target\":{\"@type\":\"EntryPoint\",\"urlTemplate\":\"https:\\\/\\\/www.realclubmaritimomelilla.es\\\/clmar\\\/?s={search_term_string}\"},\"query-input\":{\"@type\":\"PropertyValueSpecification\",\"valueRequired\":true,\"valueName\":\"search_term_string\"}}],\"inLanguage\":\"es\"},{\"@type\":\"Organization\",\"@id\":\"https:\\\/\\\/www.realclubmaritimomelilla.es\\\/clmar\\\/#organization\",\"name\":\"Real Club Mar\u00edtimo de Melilla\",\"alternateName\":\"RCMM\",\"url\":\"https:\\\/\\\/www.realclubmaritimomelilla.es\\\/clmar\\\/\",\"logo\":{\"@type\":\"ImageObject\",\"inLanguage\":\"es\",\"@id\":\"https:\\\/\\\/www.realclubmaritimomelilla.es\\\/clmar\\\/#\\\/schema\\\/logo\\\/image\\\/\",\"url\":\"https:\\\/\\\/www.realclubmaritimomelilla.es\\\/clmar\\\/wp-content\\\/uploads\\\/logo-club-original-copia.jpg\",\"contentUrl\":\"https:\\\/\\\/www.realclubmaritimomelilla.es\\\/clmar\\\/wp-content\\\/uploads\\\/logo-club-original-copia.jpg\",\"width\":128,\"height\":89,\"caption\":\"Real Club Mar\u00edtimo de Melilla\"},\"image\":{\"@id\":\"https:\\\/\\\/www.realclubmaritimomelilla.es\\\/clmar\\\/#\\\/schema\\\/logo\\\/image\\\/\"},\"sameAs\":[\"https:\\\/\\\/www.facebook.com\\\/Real-Club-Mar\u00edtimo-de-Melilla-588495841234214\\\/\",\"https:\\\/\\\/x.com\\\/nauticarcmm\",\"https:\\\/\\\/www.instagram.com\\\/club_maritimo_melilla\\\/\",\"https:\\\/\\\/www.youtube.com\\\/@realclubmaritimodemelilla4703\",\"https:\\\/\\\/es.wikipedia.org\\\/wiki\\\/Real_Club_Mar\u00edtimo_de_Melilla\"]},{\"@type\":\"Person\",\"@id\":\"https:\\\/\\\/www.realclubmaritimomelilla.es\\\/clmar\\\/#\\\/schema\\\/person\\\/ebaa3713496dc6d48c872452e73a8e79\",\"name\":\"RCMMelilla\",\"image\":{\"@type\":\"ImageObject\",\"inLanguage\":\"es\",\"@id\":\"https:\\\/\\\/secure.gravatar.com\\\/avatar\\\/df1c24789360fb9308735c4ee556fc2bc5bf924bf01e53043b8b97ba272da33c?s=96&d=mm&r=g\",\"url\":\"https:\\\/\\\/secure.gravatar.com\\\/avatar\\\/df1c24789360fb9308735c4ee556fc2bc5bf924bf01e53043b8b97ba272da33c?s=96&d=mm&r=g\",\"contentUrl\":\"https:\\\/\\\/secure.gravatar.com\\\/avatar\\\/df1c24789360fb9308735c4ee556fc2bc5bf924bf01e53043b8b97ba272da33c?s=96&d=mm&r=g\",\"caption\":\"RCMMelilla\"}}]}<\/script>\n<!-- \/ Yoast SEO plugin. -->","yoast_head_json":{"title":"EL 'CIUDAD DE MELILLA-CLUB MAR\u00cdTIMO' SE ESTRENA EN LA REGATA INTERCONTINENTAL - Real Club Mar\u00edtimo de Melilla","description":"EL 'CIUDAD DE MELILLA-CLUB MAR\u00cdTIMO' SE ESTRENA EN LA REGATA INTERCONTINENTAL -","robots":{"index":"index","follow":"follow","max-snippet":"max-snippet:-1","max-image-preview":"max-image-preview:large","max-video-preview":"max-video-preview:-1"},"canonical":"https:\/\/www.realclubmaritimomelilla.es\/clmar\/ciudad-melilla-club-maritimo-se-estrena-la-regata-intercontinental\/","og_locale":"es_ES","og_type":"article","og_title":"EL 'CIUDAD DE MELILLA-CLUB MAR\u00cdTIMO' SE ESTRENA EN LA REGATA INTERCONTINENTAL - Real Club Mar\u00edtimo de Melilla","og_description":"EL 'CIUDAD DE MELILLA-CLUB MAR\u00cdTIMO' SE ESTRENA EN LA REGATA INTERCONTINENTAL -","og_url":"https:\/\/www.realclubmaritimomelilla.es\/clmar\/ciudad-melilla-club-maritimo-se-estrena-la-regata-intercontinental\/","og_site_name":"Real Club Mar\u00edtimo de Melilla","article_publisher":"https:\/\/www.facebook.com\/Real-Club-Mar%c3%adtimo-de-Melilla-588495841234214\/","article_published_time":"2018-04-27T14:14:36+00:00","og_image":[{"width":2126,"height":1099,"url":"https:\/\/www.realclubmaritimomelilla.es\/clmar\/wp-content\/uploads\/2018\/04\/ciudad-melilla-rcm.jpg","type":"image\/jpeg"}],"author":"RCMMelilla","twitter_card":"summary_large_image","twitter_creator":"@nauticarcmm","twitter_site":"@nauticarcmm","twitter_misc":{"Escrito por":"RCMMelilla","Tiempo de lectura":"1 minuto"},"schema":{"@context":"https:\/\/schema.org","@graph":[{"@type":"Article","@id":"https:\/\/www.realclubmaritimomelilla.es\/clmar\/ciudad-melilla-club-maritimo-se-estrena-la-regata-intercontinental\/#article","isPartOf":{"@id":"https:\/\/www.realclubmaritimomelilla.es\/clmar\/ciudad-melilla-club-maritimo-se-estrena-la-regata-intercontinental\/"},"author":{"name":"RCMMelilla","@id":"https:\/\/www.realclubmaritimomelilla.es\/clmar\/#\/schema\/person\/ebaa3713496dc6d48c872452e73a8e79"},"headline":"EL &#8216;CIUDAD DE MELILLA-CLUB MAR\u00cdTIMO&#8217; SE ESTRENA EN LA REGATA INTERCONTINENTAL","datePublished":"2018-04-27T14:14:36+00:00","mainEntityOfPage":{"@id":"https:\/\/www.realclubmaritimomelilla.es\/clmar\/ciudad-melilla-club-maritimo-se-estrena-la-regata-intercontinental\/"},"wordCount":293,"commentCount":0,"publisher":{"@id":"https:\/\/www.realclubmaritimomelilla.es\/clmar\/#organization"},"image":{"@id":"https:\/\/www.realclubmaritimomelilla.es\/clmar\/ciudad-melilla-club-maritimo-se-estrena-la-regata-intercontinental\/#primaryimage"},"thumbnailUrl":"https:\/\/www.realclubmaritimomelilla.es\/clmar\/wp-content\/uploads\/2018\/04\/ciudad-melilla-rcm.jpg","articleSection":["Club","N\u00e1utica"],"inLanguage":"es","potentialAction":[{"@type":"CommentAction","name":"Comment","target":["https:\/\/www.realclubmaritimomelilla.es\/clmar\/ciudad-melilla-club-maritimo-se-estrena-la-regata-intercontinental\/#respond"]}]},{"@type":"WebPage","@id":"https:\/\/www.realclubmaritimomelilla.es\/clmar\/ciudad-melilla-club-maritimo-se-estrena-la-regata-intercontinental\/","url":"https:\/\/www.realclubmaritimomelilla.es\/clmar\/ciudad-melilla-club-maritimo-se-estrena-la-regata-intercontinental\/","name":"EL 'CIUDAD DE MELILLA-CLUB MAR\u00cdTIMO' SE ESTRENA EN LA REGATA INTERCONTINENTAL - Real Club Mar\u00edtimo de Melilla","isPartOf":{"@id":"https:\/\/www.realclubmaritimomelilla.es\/clmar\/#website"},"primaryImageOfPage":{"@id":"https:\/\/www.realclubmaritimomelilla.es\/clmar\/ciudad-melilla-club-maritimo-se-estrena-la-regata-intercontinental\/#primaryimage"},"image":{"@id":"https:\/\/www.realclubmaritimomelilla.es\/clmar\/ciudad-melilla-club-maritimo-se-estrena-la-regata-intercontinental\/#primaryimage"},"thumbnailUrl":"https:\/\/www.realclubmaritimomelilla.es\/clmar\/wp-content\/uploads\/2018\/04\/ciudad-melilla-rcm.jpg","datePublished":"2018-04-27T14:14:36+00:00","description":"EL 'CIUDAD DE MELILLA-CLUB MAR\u00cdTIMO' SE ESTRENA EN LA REGATA INTERCONTINENTAL -","breadcrumb":{"@id":"https:\/\/www.realclubmaritimomelilla.es\/clmar\/ciudad-melilla-club-maritimo-se-estrena-la-regata-intercontinental\/#breadcrumb"},"inLanguage":"es","potentialAction":[{"@type":"ReadAction","target":["https:\/\/www.realclubmaritimomelilla.es\/clmar\/ciudad-melilla-club-maritimo-se-estrena-la-regata-intercontinental\/"]}]},{"@type":"ImageObject","inLanguage":"es","@id":"https:\/\/www.realclubmaritimomelilla.es\/clmar\/ciudad-melilla-club-maritimo-se-estrena-la-regata-intercontinental\/#primaryimage","url":"https:\/\/www.realclubmaritimomelilla.es\/clmar\/wp-content\/uploads\/2018\/04\/ciudad-melilla-rcm.jpg","contentUrl":"https:\/\/www.realclubmaritimomelilla.es\/clmar\/wp-content\/uploads\/2018\/04\/ciudad-melilla-rcm.jpg","width":2126,"height":1099},{"@type":"BreadcrumbList","@id":"https:\/\/www.realclubmaritimomelilla.es\/clmar\/ciudad-melilla-club-maritimo-se-estrena-la-regata-intercontinental\/#breadcrumb","itemListElement":[{"@type":"ListItem","position":1,"name":"Portada","item":"https:\/\/www.realclubmaritimomelilla.es\/clmar\/"},{"@type":"ListItem","position":2,"name":"EL &#8216;CIUDAD DE MELILLA-CLUB MAR\u00cdTIMO&#8217; SE ESTRENA EN LA REGATA INTERCONTINENTAL"}]},{"@type":"WebSite","@id":"https:\/\/www.realclubmaritimomelilla.es\/clmar\/#website","url":"https:\/\/www.realclubmaritimomelilla.es\/clmar\/","name":"Real Club Mar\u00edtimo de Melilla","description":"RCMM","publisher":{"@id":"https:\/\/www.realclubmaritimomelilla.es\/clmar\/#organization"},"alternateName":"RCMM","potentialAction":[{"@type":"SearchAction","target":{"@type":"EntryPoint","urlTemplate":"https:\/\/www.realclubmaritimomelilla.es\/clmar\/?s={search_term_string}"},"query-input":{"@type":"PropertyValueSpecification","valueRequired":true,"valueName":"search_term_string"}}],"inLanguage":"es"},{"@type":"Organization","@id":"https:\/\/www.realclubmaritimomelilla.es\/clmar\/#organization","name":"Real Club Mar\u00edtimo de Melilla","alternateName":"RCMM","url":"https:\/\/www.realclubmaritimomelilla.es\/clmar\/","logo":{"@type":"ImageObject","inLanguage":"es","@id":"https:\/\/www.realclubmaritimomelilla.es\/clmar\/#\/schema\/logo\/image\/","url":"https:\/\/www.realclubmaritimomelilla.es\/clmar\/wp-content\/uploads\/logo-club-original-copia.jpg","contentUrl":"https:\/\/www.realclubmaritimomelilla.es\/clmar\/wp-content\/uploads\/logo-club-original-copia.jpg","width":128,"height":89,"caption":"Real Club Mar\u00edtimo de Melilla"},"image":{"@id":"https:\/\/www.realclubmaritimomelilla.es\/clmar\/#\/schema\/logo\/image\/"},"sameAs":["https:\/\/www.facebook.com\/Real-Club-Mar\u00edtimo-de-Melilla-588495841234214\/","https:\/\/x.com\/nauticarcmm","https:\/\/www.instagram.com\/club_maritimo_melilla\/","https:\/\/www.youtube.com\/@realclubmaritimodemelilla4703","https:\/\/es.wikipedia.org\/wiki\/Real_Club_Mar\u00edtimo_de_Melilla"]},{"@type":"Person","@id":"https:\/\/www.realclubmaritimomelilla.es\/clmar\/#\/schema\/person\/ebaa3713496dc6d48c872452e73a8e79","name":"RCMMelilla","image":{"@type":"ImageObject","inLanguage":"es","@id":"https:\/\/secure.gravatar.com\/avatar\/df1c24789360fb9308735c4ee556fc2bc5bf924bf01e53043b8b97ba272da33c?s=96&d=mm&r=g","url":"https:\/\/secure.gravatar.com\/avatar\/df1c24789360fb9308735c4ee556fc2bc5bf924bf01e53043b8b97ba272da33c?s=96&d=mm&r=g","contentUrl":"https:\/\/secure.gravatar.com\/avatar\/df1c24789360fb9308735c4ee556fc2bc5bf924bf01e53043b8b97ba272da33c?s=96&d=mm&r=g","caption":"RCMMelilla"}}]}},"_links":{"self":[{"href":"https:\/\/www.realclubmaritimomelilla.es\/clmar\/wp-json\/wp\/v2\/posts\/13525","targetHints":{"allow":["GET"]}}],"collection":[{"href":"https:\/\/www.realclubmaritimomelilla.es\/clmar\/wp-json\/wp\/v2\/posts"}],"about":[{"href":"https:\/\/www.realclubmaritimomelilla.es\/clmar\/wp-json\/wp\/v2\/types\/post"}],"author":[{"embeddable":true,"href":"https:\/\/www.realclubmaritimomelilla.es\/clmar\/wp-json\/wp\/v2\/users\/1"}],"replies":[{"embeddable":true,"href":"https:\/\/www.realclubmaritimomelilla.es\/clmar\/wp-json\/wp\/v2\/comments?post=13525"}],"version-history":[{"count":1,"href":"https:\/\/www.realclubmaritimomelilla.es\/clmar\/wp-json\/wp\/v2\/posts\/13525\/revisions"}],"predecessor-version":[{"id":13527,"href":"https:\/\/www.realclubmaritimomelilla.es\/clmar\/wp-json\/wp\/v2\/posts\/13525\/revisions\/13527"}],"wp:featuredmedia":[{"embeddable":true,"href":"https:\/\/www.realclubmaritimomelilla.es\/clmar\/wp-json\/wp\/v2\/media\/13526"}],"wp:attachment":[{"href":"https:\/\/www.realclubmaritimomelilla.es\/clmar\/wp-json\/wp\/v2\/media?parent=13525"}],"wp:term":[{"taxonomy":"category","embeddable":true,"href":"https:\/\/www.realclubmaritimomelilla.es\/clmar\/wp-json\/wp\/v2\/categories?post=13525"},{"taxonomy":"post_tag","embeddable":true,"href":"https:\/\/www.realclubmaritimomelilla.es\/clmar\/wp-json\/wp\/v2\/tags?post=13525"}],"curies":[{"name":"wp","href":"https:\/\/api.w.org\/{rel}","templated":true}]}}