{"id":13496,"date":"2018-04-21T15:41:16","date_gmt":"2018-04-21T15:41:16","guid":{"rendered":"http:\/\/www.clubmaritimomelilla.es\/clmar\/?p=13496"},"modified":"2018-04-21T15:41:16","modified_gmt":"2018-04-21T15:41:16","slug":"club-maritimo-retorna-la-primera-categoria-nacional-clubes-padel","status":"publish","type":"post","link":"https:\/\/www.realclubmaritimomelilla.es\/clmar\/club-maritimo-retorna-la-primera-categoria-nacional-clubes-padel\/","title":{"rendered":"EL CLUB MAR\u00cdTIMO RETORNA A LA PRIMERA CATEGOR\u00cdA NACIONAL DE CLUBES DE P\u00c1DEL"},"content":{"rendered":"<div class=\"m_-2682643291623078284gmail-m_7568530890414001117gmail-m_-5821414975677834671gmail-post-content\">El Club Mar\u00edtimo de Melilla ha superado, este s\u00e1bado, al Club Sato Sport de Sevilla en las semifinales del Campeonato de Espa\u00f1a de Segunda Categor\u00eda absoluta de clubes de padel y ha retornado tres a\u00f1os despu\u00e9s a la m\u00e1xima categor\u00eda nacional. Una competici\u00f3n que arranc\u00f3 el viernes en Plasencia, en las instalaciones del Liceo Sport Center.<\/div>\n<div class=\"m_-2682643291623078284gmail-m_7568530890414001117gmail-m_-5821414975677834671gmail-post-content\"><\/div>\n<div class=\"m_-2682643291623078284gmail-m_7568530890414001117gmail-m_-5821414975677834671gmail-post-content\">En semifinales, el equipo del Club Mar\u00edtimo ha superado al Sato Sport por 4-1, en una eliminatoria en la que el conjunto melillense acert\u00f3 de pleno en los emparejamiento, consiguiendo dar la sorpresa con un equipo en el que se mantiene la base de los \u00faltimos a\u00f1os, sin hacer ning\u00fan fichaje.<\/div>\n<div class=\"m_-2682643291623078284gmail-m_7568530890414001117gmail-m_-5821414975677834671gmail-post-content\"><\/div>\n<div class=\"m_-2682643291623078284gmail-m_7568530890414001117gmail-m_-5821414975677834671gmail-post-content\">El cruce de cuartos de final, jugado este viernes, fue ante el Club Tenis Chamart\u00edn. A los que tambi\u00e9n se gan\u00f3 por 4-1.<\/div>\n<div class=\"m_-2682643291623078284gmail-m_7568530890414001117gmail-m_-5821414975677834671gmail-post-content\"><\/div>\n<div class=\"m_-2682643291623078284gmail-m_7568530890414001117gmail-m_-5821414975677834671gmail-post-content\">El a\u00f1o 2015, despu\u00e9s de nueve temporadas consecutivas en Primera Categor\u00eda, el Club Mar\u00edtimo descend\u00eda. Los dos \u00faltimos a\u00f1os se mantuvo la categor\u00eda, con los mismos jugadores que ahora han logrado el retorno a la m\u00e1xima divisi\u00f3n nacional de clubes absolutos de padel y que este domingo jugar\u00e1n la final.<\/div>\n<div class=\"m_-2682643291623078284gmail-m_7568530890414001117gmail-m_-5821414975677834671gmail-post-content\"><\/div>\n<div class=\"m_-2682643291623078284gmail-m_7568530890414001117gmail-m_-5821414975677834671gmail-post-content\">El equipo este a\u00f1o est\u00e1 compuesto por Gonzalo D\u00edaz, Miguel Gonz\u00e1lez, Pablo Herrera, Javier Bravo, Francisco Jos\u00e9 Tobaria, Sergio Contreras, Sergio Beracierto, Carlos P\u00e9rez, Guillermo de la Herran, Jes\u00fas Moya, Jos\u00e9 Solano, Armando Moya e Ignacio Vilari\u00f1o.<\/div>\n<div class=\"m_-2682643291623078284gmail-m_7568530890414001117gmail-m_-5821414975677834671gmail-post-content\"><\/div>\n<div class=\"m_-2682643291623078284gmail-m_7568530890414001117gmail-m_-5821414975677834671gmail-post-content\">Ma\u00f1ana se jugar\u00e1 la final del Campeonato de Espa\u00f1a de Segunda Categor\u00eda con el vencedor de la segunda semifinal que enfrenta esta tarde al Club La Red frente al Real Club Tenis Barcelona.<\/div>\n","protected":false},"excerpt":{"rendered":"<p>El Club Mar\u00edtimo de Melilla ha superado, este s\u00e1bado, al Club Sato Sport de Sevilla en las semifinales del Campeonato de Espa\u00f1a de Segunda Categor\u00eda absoluta de clubes de padel y ha retornado tres a\u00f1os despu\u00e9s a la m\u00e1xima categor\u00eda nacional. Una competici\u00f3n que arranc\u00f3 el viernes en Plasencia, en las instalaciones del Liceo Sport [&hellip;]<\/p>\n","protected":false},"author":1,"featured_media":13497,"comment_status":"open","ping_status":"open","sticky":false,"template":"","format":"standard","meta":{"_acf_changed":false,"footnotes":""},"categories":[40,45],"tags":[],"class_list":["post-13496","post","type-post","status-publish","format-standard","has-post-thumbnail","hentry","category-club","category-padel-rcmm"],"acf":[],"yoast_head":"<!-- This site is optimized with the Yoast SEO plugin v27.5 - https:\/\/yoast.com\/product\/yoast-seo-wordpress\/ -->\n<title>EL CLUB MAR\u00cdTIMO RETORNA A LA PRIMERA CATEGOR\u00cdA NACIONAL DE CLUBES DE P\u00c1DEL - Real Club Mar\u00edtimo de Melilla<\/title>\n<meta name=\"description\" content=\"EL CLUB MAR\u00cdTIMO RETORNA A LA PRIMERA CATEGOR\u00cdA NACIONAL DE CLUBES DE P\u00c1DEL -\" \/>\n<meta name=\"robots\" content=\"index, follow, max-snippet:-1, max-image-preview:large, max-video-preview:-1\" \/>\n<link rel=\"canonical\" href=\"https:\/\/www.realclubmaritimomelilla.es\/clmar\/club-maritimo-retorna-la-primera-categoria-nacional-clubes-padel\/\" \/>\n<meta property=\"og:locale\" content=\"es_ES\" \/>\n<meta property=\"og:type\" content=\"article\" \/>\n<meta property=\"og:title\" content=\"EL CLUB MAR\u00cdTIMO RETORNA A LA PRIMERA CATEGOR\u00cdA NACIONAL DE CLUBES DE P\u00c1DEL - Real Club Mar\u00edtimo de Melilla\" \/>\n<meta property=\"og:description\" content=\"EL CLUB MAR\u00cdTIMO RETORNA A LA PRIMERA CATEGOR\u00cdA NACIONAL DE CLUBES DE P\u00c1DEL -\" \/>\n<meta property=\"og:url\" content=\"https:\/\/www.realclubmaritimomelilla.es\/clmar\/club-maritimo-retorna-la-primera-categoria-nacional-clubes-padel\/\" \/>\n<meta property=\"og:site_name\" content=\"Real Club Mar\u00edtimo de Melilla\" \/>\n<meta property=\"article:publisher\" content=\"https:\/\/www.facebook.com\/Real-Club-Mar%c3%adtimo-de-Melilla-588495841234214\/\" \/>\n<meta property=\"article:published_time\" content=\"2018-04-21T15:41:16+00:00\" \/>\n<meta property=\"og:image\" content=\"https:\/\/www.realclubmaritimomelilla.es\/clmar\/wp-content\/uploads\/2018\/04\/Equipo-padel-RCMM-2018-.jpeg\" \/>\n\t<meta property=\"og:image:width\" content=\"1600\" \/>\n\t<meta property=\"og:image:height\" content=\"1200\" \/>\n\t<meta property=\"og:image:type\" content=\"image\/jpeg\" \/>\n<meta name=\"author\" content=\"RCMMelilla\" \/>\n<meta name=\"twitter:card\" content=\"summary_large_image\" \/>\n<meta name=\"twitter:creator\" content=\"@nauticarcmm\" \/>\n<meta name=\"twitter:site\" content=\"@nauticarcmm\" \/>\n<meta name=\"twitter:label1\" content=\"Escrito por\" \/>\n\t<meta name=\"twitter:data1\" content=\"RCMMelilla\" \/>\n\t<meta name=\"twitter:label2\" content=\"Tiempo de lectura\" \/>\n\t<meta name=\"twitter:data2\" content=\"1 minuto\" \/>\n<script type=\"application\/ld+json\" class=\"yoast-schema-graph\">{\"@context\":\"https:\\\/\\\/schema.org\",\"@graph\":[{\"@type\":\"Article\",\"@id\":\"https:\\\/\\\/www.realclubmaritimomelilla.es\\\/clmar\\\/club-maritimo-retorna-la-primera-categoria-nacional-clubes-padel\\\/#article\",\"isPartOf\":{\"@id\":\"https:\\\/\\\/www.realclubmaritimomelilla.es\\\/clmar\\\/club-maritimo-retorna-la-primera-categoria-nacional-clubes-padel\\\/\"},\"author\":{\"name\":\"RCMMelilla\",\"@id\":\"https:\\\/\\\/www.realclubmaritimomelilla.es\\\/clmar\\\/#\\\/schema\\\/person\\\/ebaa3713496dc6d48c872452e73a8e79\"},\"headline\":\"EL CLUB MAR\u00cdTIMO RETORNA A LA PRIMERA CATEGOR\u00cdA NACIONAL DE CLUBES DE P\u00c1DEL\",\"datePublished\":\"2018-04-21T15:41:16+00:00\",\"mainEntityOfPage\":{\"@id\":\"https:\\\/\\\/www.realclubmaritimomelilla.es\\\/clmar\\\/club-maritimo-retorna-la-primera-categoria-nacional-clubes-padel\\\/\"},\"wordCount\":298,\"commentCount\":0,\"publisher\":{\"@id\":\"https:\\\/\\\/www.realclubmaritimomelilla.es\\\/clmar\\\/#organization\"},\"image\":{\"@id\":\"https:\\\/\\\/www.realclubmaritimomelilla.es\\\/clmar\\\/club-maritimo-retorna-la-primera-categoria-nacional-clubes-padel\\\/#primaryimage\"},\"thumbnailUrl\":\"https:\\\/\\\/www.realclubmaritimomelilla.es\\\/clmar\\\/wp-content\\\/uploads\\\/2018\\\/04\\\/Equipo-padel-RCMM-2018-.jpeg\",\"articleSection\":[\"Club\",\"Padel RCMM\"],\"inLanguage\":\"es\",\"potentialAction\":[{\"@type\":\"CommentAction\",\"name\":\"Comment\",\"target\":[\"https:\\\/\\\/www.realclubmaritimomelilla.es\\\/clmar\\\/club-maritimo-retorna-la-primera-categoria-nacional-clubes-padel\\\/#respond\"]}]},{\"@type\":\"WebPage\",\"@id\":\"https:\\\/\\\/www.realclubmaritimomelilla.es\\\/clmar\\\/club-maritimo-retorna-la-primera-categoria-nacional-clubes-padel\\\/\",\"url\":\"https:\\\/\\\/www.realclubmaritimomelilla.es\\\/clmar\\\/club-maritimo-retorna-la-primera-categoria-nacional-clubes-padel\\\/\",\"name\":\"EL CLUB MAR\u00cdTIMO RETORNA A LA PRIMERA CATEGOR\u00cdA NACIONAL DE CLUBES DE P\u00c1DEL - Real Club Mar\u00edtimo de Melilla\",\"isPartOf\":{\"@id\":\"https:\\\/\\\/www.realclubmaritimomelilla.es\\\/clmar\\\/#website\"},\"primaryImageOfPage\":{\"@id\":\"https:\\\/\\\/www.realclubmaritimomelilla.es\\\/clmar\\\/club-maritimo-retorna-la-primera-categoria-nacional-clubes-padel\\\/#primaryimage\"},\"image\":{\"@id\":\"https:\\\/\\\/www.realclubmaritimomelilla.es\\\/clmar\\\/club-maritimo-retorna-la-primera-categoria-nacional-clubes-padel\\\/#primaryimage\"},\"thumbnailUrl\":\"https:\\\/\\\/www.realclubmaritimomelilla.es\\\/clmar\\\/wp-content\\\/uploads\\\/2018\\\/04\\\/Equipo-padel-RCMM-2018-.jpeg\",\"datePublished\":\"2018-04-21T15:41:16+00:00\",\"description\":\"EL CLUB MAR\u00cdTIMO RETORNA A LA PRIMERA CATEGOR\u00cdA NACIONAL DE CLUBES DE P\u00c1DEL -\",\"breadcrumb\":{\"@id\":\"https:\\\/\\\/www.realclubmaritimomelilla.es\\\/clmar\\\/club-maritimo-retorna-la-primera-categoria-nacional-clubes-padel\\\/#breadcrumb\"},\"inLanguage\":\"es\",\"potentialAction\":[{\"@type\":\"ReadAction\",\"target\":[\"https:\\\/\\\/www.realclubmaritimomelilla.es\\\/clmar\\\/club-maritimo-retorna-la-primera-categoria-nacional-clubes-padel\\\/\"]}]},{\"@type\":\"ImageObject\",\"inLanguage\":\"es\",\"@id\":\"https:\\\/\\\/www.realclubmaritimomelilla.es\\\/clmar\\\/club-maritimo-retorna-la-primera-categoria-nacional-clubes-padel\\\/#primaryimage\",\"url\":\"https:\\\/\\\/www.realclubmaritimomelilla.es\\\/clmar\\\/wp-content\\\/uploads\\\/2018\\\/04\\\/Equipo-padel-RCMM-2018-.jpeg\",\"contentUrl\":\"https:\\\/\\\/www.realclubmaritimomelilla.es\\\/clmar\\\/wp-content\\\/uploads\\\/2018\\\/04\\\/Equipo-padel-RCMM-2018-.jpeg\",\"width\":1600,\"height\":1200},{\"@type\":\"BreadcrumbList\",\"@id\":\"https:\\\/\\\/www.realclubmaritimomelilla.es\\\/clmar\\\/club-maritimo-retorna-la-primera-categoria-nacional-clubes-padel\\\/#breadcrumb\",\"itemListElement\":[{\"@type\":\"ListItem\",\"position\":1,\"name\":\"Portada\",\"item\":\"https:\\\/\\\/www.realclubmaritimomelilla.es\\\/clmar\\\/\"},{\"@type\":\"ListItem\",\"position\":2,\"name\":\"EL CLUB MAR\u00cdTIMO RETORNA A LA PRIMERA CATEGOR\u00cdA NACIONAL DE CLUBES DE P\u00c1DEL\"}]},{\"@type\":\"WebSite\",\"@id\":\"https:\\\/\\\/www.realclubmaritimomelilla.es\\\/clmar\\\/#website\",\"url\":\"https:\\\/\\\/www.realclubmaritimomelilla.es\\\/clmar\\\/\",\"name\":\"Real Club Mar\u00edtimo de Melilla\",\"description\":\"RCMM\",\"publisher\":{\"@id\":\"https:\\\/\\\/www.realclubmaritimomelilla.es\\\/clmar\\\/#organization\"},\"alternateName\":\"RCMM\",\"potentialAction\":[{\"@type\":\"SearchAction\",\"target\":{\"@type\":\"EntryPoint\",\"urlTemplate\":\"https:\\\/\\\/www.realclubmaritimomelilla.es\\\/clmar\\\/?s={search_term_string}\"},\"query-input\":{\"@type\":\"PropertyValueSpecification\",\"valueRequired\":true,\"valueName\":\"search_term_string\"}}],\"inLanguage\":\"es\"},{\"@type\":\"Organization\",\"@id\":\"https:\\\/\\\/www.realclubmaritimomelilla.es\\\/clmar\\\/#organization\",\"name\":\"Real Club Mar\u00edtimo de Melilla\",\"alternateName\":\"RCMM\",\"url\":\"https:\\\/\\\/www.realclubmaritimomelilla.es\\\/clmar\\\/\",\"logo\":{\"@type\":\"ImageObject\",\"inLanguage\":\"es\",\"@id\":\"https:\\\/\\\/www.realclubmaritimomelilla.es\\\/clmar\\\/#\\\/schema\\\/logo\\\/image\\\/\",\"url\":\"https:\\\/\\\/www.realclubmaritimomelilla.es\\\/clmar\\\/wp-content\\\/uploads\\\/logo-club-original-copia.jpg\",\"contentUrl\":\"https:\\\/\\\/www.realclubmaritimomelilla.es\\\/clmar\\\/wp-content\\\/uploads\\\/logo-club-original-copia.jpg\",\"width\":128,\"height\":89,\"caption\":\"Real Club Mar\u00edtimo de Melilla\"},\"image\":{\"@id\":\"https:\\\/\\\/www.realclubmaritimomelilla.es\\\/clmar\\\/#\\\/schema\\\/logo\\\/image\\\/\"},\"sameAs\":[\"https:\\\/\\\/www.facebook.com\\\/Real-Club-Mar\u00edtimo-de-Melilla-588495841234214\\\/\",\"https:\\\/\\\/x.com\\\/nauticarcmm\",\"https:\\\/\\\/www.instagram.com\\\/club_maritimo_melilla\\\/\",\"https:\\\/\\\/www.youtube.com\\\/@realclubmaritimodemelilla4703\",\"https:\\\/\\\/es.wikipedia.org\\\/wiki\\\/Real_Club_Mar\u00edtimo_de_Melilla\"]},{\"@type\":\"Person\",\"@id\":\"https:\\\/\\\/www.realclubmaritimomelilla.es\\\/clmar\\\/#\\\/schema\\\/person\\\/ebaa3713496dc6d48c872452e73a8e79\",\"name\":\"RCMMelilla\",\"image\":{\"@type\":\"ImageObject\",\"inLanguage\":\"es\",\"@id\":\"https:\\\/\\\/secure.gravatar.com\\\/avatar\\\/df1c24789360fb9308735c4ee556fc2bc5bf924bf01e53043b8b97ba272da33c?s=96&d=mm&r=g\",\"url\":\"https:\\\/\\\/secure.gravatar.com\\\/avatar\\\/df1c24789360fb9308735c4ee556fc2bc5bf924bf01e53043b8b97ba272da33c?s=96&d=mm&r=g\",\"contentUrl\":\"https:\\\/\\\/secure.gravatar.com\\\/avatar\\\/df1c24789360fb9308735c4ee556fc2bc5bf924bf01e53043b8b97ba272da33c?s=96&d=mm&r=g\",\"caption\":\"RCMMelilla\"}}]}<\/script>\n<!-- \/ Yoast SEO plugin. -->","yoast_head_json":{"title":"EL CLUB MAR\u00cdTIMO RETORNA A LA PRIMERA CATEGOR\u00cdA NACIONAL DE CLUBES DE P\u00c1DEL - Real Club Mar\u00edtimo de Melilla","description":"EL CLUB MAR\u00cdTIMO RETORNA A LA PRIMERA CATEGOR\u00cdA NACIONAL DE CLUBES DE P\u00c1DEL -","robots":{"index":"index","follow":"follow","max-snippet":"max-snippet:-1","max-image-preview":"max-image-preview:large","max-video-preview":"max-video-preview:-1"},"canonical":"https:\/\/www.realclubmaritimomelilla.es\/clmar\/club-maritimo-retorna-la-primera-categoria-nacional-clubes-padel\/","og_locale":"es_ES","og_type":"article","og_title":"EL CLUB MAR\u00cdTIMO RETORNA A LA PRIMERA CATEGOR\u00cdA NACIONAL DE CLUBES DE P\u00c1DEL - Real Club Mar\u00edtimo de Melilla","og_description":"EL CLUB MAR\u00cdTIMO RETORNA A LA PRIMERA CATEGOR\u00cdA NACIONAL DE CLUBES DE P\u00c1DEL -","og_url":"https:\/\/www.realclubmaritimomelilla.es\/clmar\/club-maritimo-retorna-la-primera-categoria-nacional-clubes-padel\/","og_site_name":"Real Club Mar\u00edtimo de Melilla","article_publisher":"https:\/\/www.facebook.com\/Real-Club-Mar%c3%adtimo-de-Melilla-588495841234214\/","article_published_time":"2018-04-21T15:41:16+00:00","og_image":[{"width":1600,"height":1200,"url":"https:\/\/www.realclubmaritimomelilla.es\/clmar\/wp-content\/uploads\/2018\/04\/Equipo-padel-RCMM-2018-.jpeg","type":"image\/jpeg"}],"author":"RCMMelilla","twitter_card":"summary_large_image","twitter_creator":"@nauticarcmm","twitter_site":"@nauticarcmm","twitter_misc":{"Escrito por":"RCMMelilla","Tiempo de lectura":"1 minuto"},"schema":{"@context":"https:\/\/schema.org","@graph":[{"@type":"Article","@id":"https:\/\/www.realclubmaritimomelilla.es\/clmar\/club-maritimo-retorna-la-primera-categoria-nacional-clubes-padel\/#article","isPartOf":{"@id":"https:\/\/www.realclubmaritimomelilla.es\/clmar\/club-maritimo-retorna-la-primera-categoria-nacional-clubes-padel\/"},"author":{"name":"RCMMelilla","@id":"https:\/\/www.realclubmaritimomelilla.es\/clmar\/#\/schema\/person\/ebaa3713496dc6d48c872452e73a8e79"},"headline":"EL CLUB MAR\u00cdTIMO RETORNA A LA PRIMERA CATEGOR\u00cdA NACIONAL DE CLUBES DE P\u00c1DEL","datePublished":"2018-04-21T15:41:16+00:00","mainEntityOfPage":{"@id":"https:\/\/www.realclubmaritimomelilla.es\/clmar\/club-maritimo-retorna-la-primera-categoria-nacional-clubes-padel\/"},"wordCount":298,"commentCount":0,"publisher":{"@id":"https:\/\/www.realclubmaritimomelilla.es\/clmar\/#organization"},"image":{"@id":"https:\/\/www.realclubmaritimomelilla.es\/clmar\/club-maritimo-retorna-la-primera-categoria-nacional-clubes-padel\/#primaryimage"},"thumbnailUrl":"https:\/\/www.realclubmaritimomelilla.es\/clmar\/wp-content\/uploads\/2018\/04\/Equipo-padel-RCMM-2018-.jpeg","articleSection":["Club","Padel RCMM"],"inLanguage":"es","potentialAction":[{"@type":"CommentAction","name":"Comment","target":["https:\/\/www.realclubmaritimomelilla.es\/clmar\/club-maritimo-retorna-la-primera-categoria-nacional-clubes-padel\/#respond"]}]},{"@type":"WebPage","@id":"https:\/\/www.realclubmaritimomelilla.es\/clmar\/club-maritimo-retorna-la-primera-categoria-nacional-clubes-padel\/","url":"https:\/\/www.realclubmaritimomelilla.es\/clmar\/club-maritimo-retorna-la-primera-categoria-nacional-clubes-padel\/","name":"EL CLUB MAR\u00cdTIMO RETORNA A LA PRIMERA CATEGOR\u00cdA NACIONAL DE CLUBES DE P\u00c1DEL - Real Club Mar\u00edtimo de Melilla","isPartOf":{"@id":"https:\/\/www.realclubmaritimomelilla.es\/clmar\/#website"},"primaryImageOfPage":{"@id":"https:\/\/www.realclubmaritimomelilla.es\/clmar\/club-maritimo-retorna-la-primera-categoria-nacional-clubes-padel\/#primaryimage"},"image":{"@id":"https:\/\/www.realclubmaritimomelilla.es\/clmar\/club-maritimo-retorna-la-primera-categoria-nacional-clubes-padel\/#primaryimage"},"thumbnailUrl":"https:\/\/www.realclubmaritimomelilla.es\/clmar\/wp-content\/uploads\/2018\/04\/Equipo-padel-RCMM-2018-.jpeg","datePublished":"2018-04-21T15:41:16+00:00","description":"EL CLUB MAR\u00cdTIMO RETORNA A LA PRIMERA CATEGOR\u00cdA NACIONAL DE CLUBES DE P\u00c1DEL -","breadcrumb":{"@id":"https:\/\/www.realclubmaritimomelilla.es\/clmar\/club-maritimo-retorna-la-primera-categoria-nacional-clubes-padel\/#breadcrumb"},"inLanguage":"es","potentialAction":[{"@type":"ReadAction","target":["https:\/\/www.realclubmaritimomelilla.es\/clmar\/club-maritimo-retorna-la-primera-categoria-nacional-clubes-padel\/"]}]},{"@type":"ImageObject","inLanguage":"es","@id":"https:\/\/www.realclubmaritimomelilla.es\/clmar\/club-maritimo-retorna-la-primera-categoria-nacional-clubes-padel\/#primaryimage","url":"https:\/\/www.realclubmaritimomelilla.es\/clmar\/wp-content\/uploads\/2018\/04\/Equipo-padel-RCMM-2018-.jpeg","contentUrl":"https:\/\/www.realclubmaritimomelilla.es\/clmar\/wp-content\/uploads\/2018\/04\/Equipo-padel-RCMM-2018-.jpeg","width":1600,"height":1200},{"@type":"BreadcrumbList","@id":"https:\/\/www.realclubmaritimomelilla.es\/clmar\/club-maritimo-retorna-la-primera-categoria-nacional-clubes-padel\/#breadcrumb","itemListElement":[{"@type":"ListItem","position":1,"name":"Portada","item":"https:\/\/www.realclubmaritimomelilla.es\/clmar\/"},{"@type":"ListItem","position":2,"name":"EL CLUB MAR\u00cdTIMO RETORNA A LA PRIMERA CATEGOR\u00cdA NACIONAL DE CLUBES DE P\u00c1DEL"}]},{"@type":"WebSite","@id":"https:\/\/www.realclubmaritimomelilla.es\/clmar\/#website","url":"https:\/\/www.realclubmaritimomelilla.es\/clmar\/","name":"Real Club Mar\u00edtimo de Melilla","description":"RCMM","publisher":{"@id":"https:\/\/www.realclubmaritimomelilla.es\/clmar\/#organization"},"alternateName":"RCMM","potentialAction":[{"@type":"SearchAction","target":{"@type":"EntryPoint","urlTemplate":"https:\/\/www.realclubmaritimomelilla.es\/clmar\/?s={search_term_string}"},"query-input":{"@type":"PropertyValueSpecification","valueRequired":true,"valueName":"search_term_string"}}],"inLanguage":"es"},{"@type":"Organization","@id":"https:\/\/www.realclubmaritimomelilla.es\/clmar\/#organization","name":"Real Club Mar\u00edtimo de Melilla","alternateName":"RCMM","url":"https:\/\/www.realclubmaritimomelilla.es\/clmar\/","logo":{"@type":"ImageObject","inLanguage":"es","@id":"https:\/\/www.realclubmaritimomelilla.es\/clmar\/#\/schema\/logo\/image\/","url":"https:\/\/www.realclubmaritimomelilla.es\/clmar\/wp-content\/uploads\/logo-club-original-copia.jpg","contentUrl":"https:\/\/www.realclubmaritimomelilla.es\/clmar\/wp-content\/uploads\/logo-club-original-copia.jpg","width":128,"height":89,"caption":"Real Club Mar\u00edtimo de Melilla"},"image":{"@id":"https:\/\/www.realclubmaritimomelilla.es\/clmar\/#\/schema\/logo\/image\/"},"sameAs":["https:\/\/www.facebook.com\/Real-Club-Mar\u00edtimo-de-Melilla-588495841234214\/","https:\/\/x.com\/nauticarcmm","https:\/\/www.instagram.com\/club_maritimo_melilla\/","https:\/\/www.youtube.com\/@realclubmaritimodemelilla4703","https:\/\/es.wikipedia.org\/wiki\/Real_Club_Mar\u00edtimo_de_Melilla"]},{"@type":"Person","@id":"https:\/\/www.realclubmaritimomelilla.es\/clmar\/#\/schema\/person\/ebaa3713496dc6d48c872452e73a8e79","name":"RCMMelilla","image":{"@type":"ImageObject","inLanguage":"es","@id":"https:\/\/secure.gravatar.com\/avatar\/df1c24789360fb9308735c4ee556fc2bc5bf924bf01e53043b8b97ba272da33c?s=96&d=mm&r=g","url":"https:\/\/secure.gravatar.com\/avatar\/df1c24789360fb9308735c4ee556fc2bc5bf924bf01e53043b8b97ba272da33c?s=96&d=mm&r=g","contentUrl":"https:\/\/secure.gravatar.com\/avatar\/df1c24789360fb9308735c4ee556fc2bc5bf924bf01e53043b8b97ba272da33c?s=96&d=mm&r=g","caption":"RCMMelilla"}}]}},"_links":{"self":[{"href":"https:\/\/www.realclubmaritimomelilla.es\/clmar\/wp-json\/wp\/v2\/posts\/13496","targetHints":{"allow":["GET"]}}],"collection":[{"href":"https:\/\/www.realclubmaritimomelilla.es\/clmar\/wp-json\/wp\/v2\/posts"}],"about":[{"href":"https:\/\/www.realclubmaritimomelilla.es\/clmar\/wp-json\/wp\/v2\/types\/post"}],"author":[{"embeddable":true,"href":"https:\/\/www.realclubmaritimomelilla.es\/clmar\/wp-json\/wp\/v2\/users\/1"}],"replies":[{"embeddable":true,"href":"https:\/\/www.realclubmaritimomelilla.es\/clmar\/wp-json\/wp\/v2\/comments?post=13496"}],"version-history":[{"count":1,"href":"https:\/\/www.realclubmaritimomelilla.es\/clmar\/wp-json\/wp\/v2\/posts\/13496\/revisions"}],"predecessor-version":[{"id":13498,"href":"https:\/\/www.realclubmaritimomelilla.es\/clmar\/wp-json\/wp\/v2\/posts\/13496\/revisions\/13498"}],"wp:featuredmedia":[{"embeddable":true,"href":"https:\/\/www.realclubmaritimomelilla.es\/clmar\/wp-json\/wp\/v2\/media\/13497"}],"wp:attachment":[{"href":"https:\/\/www.realclubmaritimomelilla.es\/clmar\/wp-json\/wp\/v2\/media?parent=13496"}],"wp:term":[{"taxonomy":"category","embeddable":true,"href":"https:\/\/www.realclubmaritimomelilla.es\/clmar\/wp-json\/wp\/v2\/categories?post=13496"},{"taxonomy":"post_tag","embeddable":true,"href":"https:\/\/www.realclubmaritimomelilla.es\/clmar\/wp-json\/wp\/v2\/tags?post=13496"}],"curies":[{"name":"wp","href":"https:\/\/api.w.org\/{rel}","templated":true}]}}