{"id":13337,"date":"2018-02-17T13:22:38","date_gmt":"2018-02-17T13:22:38","guid":{"rendered":"http:\/\/www.clubmaritimomelilla.es\/clmar\/?p=13337"},"modified":"2021-07-20T11:39:03","modified_gmt":"2021-07-20T09:39:03","slug":"equipo-regatas-club-maritimo-regresa-cartagena","status":"publish","type":"post","link":"https:\/\/www.realclubmaritimomelilla.es\/clmar\/equipo-regatas-club-maritimo-regresa-cartagena\/","title":{"rendered":"EL EQUIPO DE REGATAS DE CLUB MAR\u00cdTIMO REGRESA DE CARTAGENA"},"content":{"rendered":"<div>El Equipo de Regatas del Club Mar\u00edtimo ha concluido su participaci\u00f3n en el IX Trofeo Ciudad de Cartegena para la clase optimist. Una flota de 115 unidades de diferentes puntos de la geograf\u00eda nacional se ha dado cita en tierras murcianas, entre los que se encontraban seis regatistas de la entidad melillense. <img decoding=\"async\" class=\"aligncenter size-large wp-image-13340\" src=\"http:\/\/www.clubmaritimomelilla.es\/clmar\/wp-content\/uploads\/2018\/02\/optimist-gonzalo-en-Cartagena-1024x576.jpeg\" alt=\"\" width=\"669\" height=\"376\" srcset=\"https:\/\/www.realclubmaritimomelilla.es\/clmar\/wp-content\/uploads\/2018\/02\/optimist-gonzalo-en-Cartagena-300x169.jpeg 300w, https:\/\/www.realclubmaritimomelilla.es\/clmar\/wp-content\/uploads\/2018\/02\/optimist-gonzalo-en-Cartagena-600x338.jpeg 600w, https:\/\/www.realclubmaritimomelilla.es\/clmar\/wp-content\/uploads\/2018\/02\/optimist-gonzalo-en-Cartagena-768x432.jpeg 768w, https:\/\/www.realclubmaritimomelilla.es\/clmar\/wp-content\/uploads\/2018\/02\/optimist-gonzalo-en-Cartagena-1024x576.jpeg 1024w, https:\/\/www.realclubmaritimomelilla.es\/clmar\/wp-content\/uploads\/2018\/02\/optimist-gonzalo-en-Cartagena.jpeg 1600w\" sizes=\"(max-width: 669px) 100vw, 669px\" \/> <img decoding=\"async\" class=\"aligncenter size-large wp-image-13341\" src=\"http:\/\/www.clubmaritimomelilla.es\/clmar\/wp-content\/uploads\/2018\/02\/optimist-Nabil-en-Cartagena-1024x680.jpeg\" alt=\"\" width=\"669\" height=\"444\" srcset=\"https:\/\/www.realclubmaritimomelilla.es\/clmar\/wp-content\/uploads\/2018\/02\/optimist-Nabil-en-Cartagena-300x199.jpeg 300w, https:\/\/www.realclubmaritimomelilla.es\/clmar\/wp-content\/uploads\/2018\/02\/optimist-Nabil-en-Cartagena-600x398.jpeg 600w, https:\/\/www.realclubmaritimomelilla.es\/clmar\/wp-content\/uploads\/2018\/02\/optimist-Nabil-en-Cartagena-768x510.jpeg 768w, https:\/\/www.realclubmaritimomelilla.es\/clmar\/wp-content\/uploads\/2018\/02\/optimist-Nabil-en-Cartagena-1024x680.jpeg 1024w, https:\/\/www.realclubmaritimomelilla.es\/clmar\/wp-content\/uploads\/2018\/02\/optimist-Nabil-en-Cartagena.jpeg 1440w\" sizes=\"(max-width: 669px) 100vw, 669px\" \/> <img decoding=\"async\" class=\"aligncenter size-large wp-image-13342\" src=\"http:\/\/www.clubmaritimomelilla.es\/clmar\/wp-content\/uploads\/2018\/02\/optimist-saliendo-al-campo-regatas-1024x768.jpeg\" alt=\"\" width=\"669\" height=\"502\" srcset=\"https:\/\/www.realclubmaritimomelilla.es\/clmar\/wp-content\/uploads\/2018\/02\/optimist-saliendo-al-campo-regatas-300x225.jpeg 300w, https:\/\/www.realclubmaritimomelilla.es\/clmar\/wp-content\/uploads\/2018\/02\/optimist-saliendo-al-campo-regatas-600x450.jpeg 600w, https:\/\/www.realclubmaritimomelilla.es\/clmar\/wp-content\/uploads\/2018\/02\/optimist-saliendo-al-campo-regatas-768x576.jpeg 768w, https:\/\/www.realclubmaritimomelilla.es\/clmar\/wp-content\/uploads\/2018\/02\/optimist-saliendo-al-campo-regatas-1024x768.jpeg 1024w, https:\/\/www.realclubmaritimomelilla.es\/clmar\/wp-content\/uploads\/2018\/02\/optimist-saliendo-al-campo-regatas.jpeg 1600w\" sizes=\"(max-width: 669px) 100vw, 669px\" \/> <img decoding=\"async\" class=\"aligncenter size-large wp-image-13343\" src=\"http:\/\/www.clubmaritimomelilla.es\/clmar\/wp-content\/uploads\/2018\/02\/optimist-saliendo-al-campo-regatas2-1024x768.jpeg\" alt=\"\" width=\"669\" height=\"502\" srcset=\"https:\/\/www.realclubmaritimomelilla.es\/clmar\/wp-content\/uploads\/2018\/02\/optimist-saliendo-al-campo-regatas2-300x225.jpeg 300w, https:\/\/www.realclubmaritimomelilla.es\/clmar\/wp-content\/uploads\/2018\/02\/optimist-saliendo-al-campo-regatas2-600x450.jpeg 600w, https:\/\/www.realclubmaritimomelilla.es\/clmar\/wp-content\/uploads\/2018\/02\/optimist-saliendo-al-campo-regatas2-768x576.jpeg 768w, https:\/\/www.realclubmaritimomelilla.es\/clmar\/wp-content\/uploads\/2018\/02\/optimist-saliendo-al-campo-regatas2-1024x768.jpeg 1024w, https:\/\/www.realclubmaritimomelilla.es\/clmar\/wp-content\/uploads\/2018\/02\/optimist-saliendo-al-campo-regatas2.jpeg 1600w\" sizes=\"(max-width: 669px) 100vw, 669px\" \/> <img decoding=\"async\" class=\"aligncenter size-large wp-image-13344\" src=\"http:\/\/www.clubmaritimomelilla.es\/clmar\/wp-content\/uploads\/2018\/02\/optimist-1024x768.jpeg\" alt=\"\" width=\"669\" height=\"502\" srcset=\"https:\/\/www.realclubmaritimomelilla.es\/clmar\/wp-content\/uploads\/2018\/02\/optimist-300x225.jpeg 300w, https:\/\/www.realclubmaritimomelilla.es\/clmar\/wp-content\/uploads\/2018\/02\/optimist-600x450.jpeg 600w, https:\/\/www.realclubmaritimomelilla.es\/clmar\/wp-content\/uploads\/2018\/02\/optimist-768x576.jpeg 768w, https:\/\/www.realclubmaritimomelilla.es\/clmar\/wp-content\/uploads\/2018\/02\/optimist-1024x768.jpeg 1024w, https:\/\/www.realclubmaritimomelilla.es\/clmar\/wp-content\/uploads\/2018\/02\/optimist.jpeg 1600w\" sizes=\"(max-width: 669px) 100vw, 669px\" \/><\/p>\n<\/div>\n<div>Andr\u00e9s Sarri\u00e1, en el puesto 26\u00ba, ha sido el mejor clasificado de entre los seis regatistas del Club Mar\u00edritimo que ha acudido a la cita. El resto se han visto relegado a posiciones m\u00e1s retrasadas en la general. Gonzalo Jaudenes (78\u00ba), Carlos Cervilla (83\u00ba), Nabil Mohamed (92\u00ba), Carlos Gonz\u00e1lez (93\u00ba) y Carla Mart\u00ednez (97\u00ba) han sido el resto de deportistas de la entidad que han tomado parte en esta regata.<\/p>\n<\/div>\n<div>Las condiciones meteorol\u00f3gicas impidieron completar el calendario de pruebas, desarroll\u00e1ndose entre el viernes y el domingo seis de las nueve mangas previstas. El temporal de viento impidi\u00f3 que la flota saliera al campo de regatas durante el s\u00e1bado, aunque ese d\u00eda si se pudo realizar una jornada de entrenamiento en la zona portuaria de Cartagena.<\/p>\n<\/div>\n<div>La flota de optimist del Club Mar\u00edtimo cuenta con regatistas muy j\u00f3venes que est\u00e1n en periodo de formaci\u00f3n. De esta forma, los resultados han sido la justa recompensa al esfuerzo de cada uno de ellos. As\u00ed, todos han mejorado en sus parciales, al tiempo de adquirir m\u00e1s experiencia en condiciones de navegaci\u00f3n complicadas con vientos fuertes.<\/p>\n<\/div>\n<div>Estos seis integrantes del Equipo de Regatas del Club Mar\u00edtimo han aprovechado esta competici\u00f3n a nivel nacional, para contin\u00faar su preparaci\u00f3n cara al Campeonato Territorial de Melilla que se disputa este fin de semana.<\/div>\n","protected":false},"excerpt":{"rendered":"<p>El Equipo de Regatas del Club Mar\u00edtimo ha concluido su participaci\u00f3n en el IX Trofeo Ciudad de Cartegena para la clase optimist. Una flota de 115 unidades de diferentes puntos de la geograf\u00eda nacional se ha dado cita en tierras murcianas, entre los que se encontraban seis regatistas de la entidad melillense. Andr\u00e9s Sarri\u00e1, en [&hellip;]<\/p>\n","protected":false},"author":1,"featured_media":13341,"comment_status":"open","ping_status":"open","sticky":false,"template":"","format":"standard","meta":{"_acf_changed":false,"footnotes":""},"categories":[40,38],"tags":[],"class_list":["post-13337","post","type-post","status-publish","format-standard","has-post-thumbnail","hentry","category-club","category-nautica"],"acf":[],"yoast_head":"<!-- This site is optimized with the Yoast SEO plugin v27.5 - https:\/\/yoast.com\/product\/yoast-seo-wordpress\/ -->\n<title>EL EQUIPO DE REGATAS DE CLUB MAR\u00cdTIMO REGRESA DE CARTAGENA - Real Club Mar\u00edtimo de Melilla<\/title>\n<meta name=\"description\" content=\"EL EQUIPO DE REGATAS DE CLUB MAR\u00cdTIMO REGRESA DE CARTAGENA -\" \/>\n<meta name=\"robots\" content=\"index, follow, max-snippet:-1, max-image-preview:large, max-video-preview:-1\" \/>\n<link rel=\"canonical\" href=\"https:\/\/www.realclubmaritimomelilla.es\/clmar\/equipo-regatas-club-maritimo-regresa-cartagena\/\" \/>\n<meta property=\"og:locale\" content=\"es_ES\" \/>\n<meta property=\"og:type\" content=\"article\" \/>\n<meta property=\"og:title\" content=\"EL EQUIPO DE REGATAS DE CLUB MAR\u00cdTIMO REGRESA DE CARTAGENA - Real Club Mar\u00edtimo de Melilla\" \/>\n<meta property=\"og:description\" content=\"EL EQUIPO DE REGATAS DE CLUB MAR\u00cdTIMO REGRESA DE CARTAGENA -\" \/>\n<meta property=\"og:url\" content=\"https:\/\/www.realclubmaritimomelilla.es\/clmar\/equipo-regatas-club-maritimo-regresa-cartagena\/\" \/>\n<meta property=\"og:site_name\" content=\"Real Club Mar\u00edtimo de Melilla\" \/>\n<meta property=\"article:publisher\" content=\"https:\/\/www.facebook.com\/Real-Club-Mar%c3%adtimo-de-Melilla-588495841234214\/\" \/>\n<meta property=\"article:published_time\" content=\"2018-02-17T13:22:38+00:00\" \/>\n<meta property=\"article:modified_time\" content=\"2021-07-20T09:39:03+00:00\" \/>\n<meta property=\"og:image\" content=\"https:\/\/www.realclubmaritimomelilla.es\/clmar\/wp-content\/uploads\/2018\/02\/optimist-Nabil-en-Cartagena.jpeg\" \/>\n\t<meta property=\"og:image:width\" content=\"1440\" \/>\n\t<meta property=\"og:image:height\" content=\"956\" \/>\n\t<meta property=\"og:image:type\" content=\"image\/jpeg\" \/>\n<meta name=\"author\" content=\"RCMMelilla\" \/>\n<meta name=\"twitter:card\" content=\"summary_large_image\" \/>\n<meta name=\"twitter:creator\" content=\"@nauticarcmm\" \/>\n<meta name=\"twitter:site\" content=\"@nauticarcmm\" \/>\n<meta name=\"twitter:label1\" content=\"Escrito por\" \/>\n\t<meta name=\"twitter:data1\" content=\"RCMMelilla\" \/>\n\t<meta name=\"twitter:label2\" content=\"Tiempo de lectura\" \/>\n\t<meta name=\"twitter:data2\" content=\"1 minuto\" \/>\n<script type=\"application\/ld+json\" class=\"yoast-schema-graph\">{\"@context\":\"https:\\\/\\\/schema.org\",\"@graph\":[{\"@type\":\"Article\",\"@id\":\"https:\\\/\\\/www.realclubmaritimomelilla.es\\\/clmar\\\/equipo-regatas-club-maritimo-regresa-cartagena\\\/#article\",\"isPartOf\":{\"@id\":\"https:\\\/\\\/www.realclubmaritimomelilla.es\\\/clmar\\\/equipo-regatas-club-maritimo-regresa-cartagena\\\/\"},\"author\":{\"name\":\"RCMMelilla\",\"@id\":\"https:\\\/\\\/www.realclubmaritimomelilla.es\\\/clmar\\\/#\\\/schema\\\/person\\\/ebaa3713496dc6d48c872452e73a8e79\"},\"headline\":\"EL EQUIPO DE REGATAS DE CLUB MAR\u00cdTIMO REGRESA DE CARTAGENA\",\"datePublished\":\"2018-02-17T13:22:38+00:00\",\"dateModified\":\"2021-07-20T09:39:03+00:00\",\"mainEntityOfPage\":{\"@id\":\"https:\\\/\\\/www.realclubmaritimomelilla.es\\\/clmar\\\/equipo-regatas-club-maritimo-regresa-cartagena\\\/\"},\"wordCount\":293,\"commentCount\":0,\"publisher\":{\"@id\":\"https:\\\/\\\/www.realclubmaritimomelilla.es\\\/clmar\\\/#organization\"},\"image\":{\"@id\":\"https:\\\/\\\/www.realclubmaritimomelilla.es\\\/clmar\\\/equipo-regatas-club-maritimo-regresa-cartagena\\\/#primaryimage\"},\"thumbnailUrl\":\"https:\\\/\\\/www.realclubmaritimomelilla.es\\\/clmar\\\/wp-content\\\/uploads\\\/2018\\\/02\\\/optimist-Nabil-en-Cartagena.jpeg\",\"articleSection\":[\"Club\",\"N\u00e1utica\"],\"inLanguage\":\"es\",\"potentialAction\":[{\"@type\":\"CommentAction\",\"name\":\"Comment\",\"target\":[\"https:\\\/\\\/www.realclubmaritimomelilla.es\\\/clmar\\\/equipo-regatas-club-maritimo-regresa-cartagena\\\/#respond\"]}]},{\"@type\":\"WebPage\",\"@id\":\"https:\\\/\\\/www.realclubmaritimomelilla.es\\\/clmar\\\/equipo-regatas-club-maritimo-regresa-cartagena\\\/\",\"url\":\"https:\\\/\\\/www.realclubmaritimomelilla.es\\\/clmar\\\/equipo-regatas-club-maritimo-regresa-cartagena\\\/\",\"name\":\"EL EQUIPO DE REGATAS DE CLUB MAR\u00cdTIMO REGRESA DE CARTAGENA - Real Club Mar\u00edtimo de Melilla\",\"isPartOf\":{\"@id\":\"https:\\\/\\\/www.realclubmaritimomelilla.es\\\/clmar\\\/#website\"},\"primaryImageOfPage\":{\"@id\":\"https:\\\/\\\/www.realclubmaritimomelilla.es\\\/clmar\\\/equipo-regatas-club-maritimo-regresa-cartagena\\\/#primaryimage\"},\"image\":{\"@id\":\"https:\\\/\\\/www.realclubmaritimomelilla.es\\\/clmar\\\/equipo-regatas-club-maritimo-regresa-cartagena\\\/#primaryimage\"},\"thumbnailUrl\":\"https:\\\/\\\/www.realclubmaritimomelilla.es\\\/clmar\\\/wp-content\\\/uploads\\\/2018\\\/02\\\/optimist-Nabil-en-Cartagena.jpeg\",\"datePublished\":\"2018-02-17T13:22:38+00:00\",\"dateModified\":\"2021-07-20T09:39:03+00:00\",\"description\":\"EL EQUIPO DE REGATAS DE CLUB MAR\u00cdTIMO REGRESA DE CARTAGENA -\",\"breadcrumb\":{\"@id\":\"https:\\\/\\\/www.realclubmaritimomelilla.es\\\/clmar\\\/equipo-regatas-club-maritimo-regresa-cartagena\\\/#breadcrumb\"},\"inLanguage\":\"es\",\"potentialAction\":[{\"@type\":\"ReadAction\",\"target\":[\"https:\\\/\\\/www.realclubmaritimomelilla.es\\\/clmar\\\/equipo-regatas-club-maritimo-regresa-cartagena\\\/\"]}]},{\"@type\":\"ImageObject\",\"inLanguage\":\"es\",\"@id\":\"https:\\\/\\\/www.realclubmaritimomelilla.es\\\/clmar\\\/equipo-regatas-club-maritimo-regresa-cartagena\\\/#primaryimage\",\"url\":\"https:\\\/\\\/www.realclubmaritimomelilla.es\\\/clmar\\\/wp-content\\\/uploads\\\/2018\\\/02\\\/optimist-Nabil-en-Cartagena.jpeg\",\"contentUrl\":\"https:\\\/\\\/www.realclubmaritimomelilla.es\\\/clmar\\\/wp-content\\\/uploads\\\/2018\\\/02\\\/optimist-Nabil-en-Cartagena.jpeg\",\"width\":1440,\"height\":956},{\"@type\":\"BreadcrumbList\",\"@id\":\"https:\\\/\\\/www.realclubmaritimomelilla.es\\\/clmar\\\/equipo-regatas-club-maritimo-regresa-cartagena\\\/#breadcrumb\",\"itemListElement\":[{\"@type\":\"ListItem\",\"position\":1,\"name\":\"Portada\",\"item\":\"https:\\\/\\\/www.realclubmaritimomelilla.es\\\/clmar\\\/\"},{\"@type\":\"ListItem\",\"position\":2,\"name\":\"EL EQUIPO DE REGATAS DE CLUB MAR\u00cdTIMO REGRESA DE CARTAGENA\"}]},{\"@type\":\"WebSite\",\"@id\":\"https:\\\/\\\/www.realclubmaritimomelilla.es\\\/clmar\\\/#website\",\"url\":\"https:\\\/\\\/www.realclubmaritimomelilla.es\\\/clmar\\\/\",\"name\":\"Real Club Mar\u00edtimo de Melilla\",\"description\":\"RCMM\",\"publisher\":{\"@id\":\"https:\\\/\\\/www.realclubmaritimomelilla.es\\\/clmar\\\/#organization\"},\"alternateName\":\"RCMM\",\"potentialAction\":[{\"@type\":\"SearchAction\",\"target\":{\"@type\":\"EntryPoint\",\"urlTemplate\":\"https:\\\/\\\/www.realclubmaritimomelilla.es\\\/clmar\\\/?s={search_term_string}\"},\"query-input\":{\"@type\":\"PropertyValueSpecification\",\"valueRequired\":true,\"valueName\":\"search_term_string\"}}],\"inLanguage\":\"es\"},{\"@type\":\"Organization\",\"@id\":\"https:\\\/\\\/www.realclubmaritimomelilla.es\\\/clmar\\\/#organization\",\"name\":\"Real Club Mar\u00edtimo de Melilla\",\"alternateName\":\"RCMM\",\"url\":\"https:\\\/\\\/www.realclubmaritimomelilla.es\\\/clmar\\\/\",\"logo\":{\"@type\":\"ImageObject\",\"inLanguage\":\"es\",\"@id\":\"https:\\\/\\\/www.realclubmaritimomelilla.es\\\/clmar\\\/#\\\/schema\\\/logo\\\/image\\\/\",\"url\":\"https:\\\/\\\/www.realclubmaritimomelilla.es\\\/clmar\\\/wp-content\\\/uploads\\\/logo-club-original-copia.jpg\",\"contentUrl\":\"https:\\\/\\\/www.realclubmaritimomelilla.es\\\/clmar\\\/wp-content\\\/uploads\\\/logo-club-original-copia.jpg\",\"width\":128,\"height\":89,\"caption\":\"Real Club Mar\u00edtimo de Melilla\"},\"image\":{\"@id\":\"https:\\\/\\\/www.realclubmaritimomelilla.es\\\/clmar\\\/#\\\/schema\\\/logo\\\/image\\\/\"},\"sameAs\":[\"https:\\\/\\\/www.facebook.com\\\/Real-Club-Mar\u00edtimo-de-Melilla-588495841234214\\\/\",\"https:\\\/\\\/x.com\\\/nauticarcmm\",\"https:\\\/\\\/www.instagram.com\\\/club_maritimo_melilla\\\/\",\"https:\\\/\\\/www.youtube.com\\\/@realclubmaritimodemelilla4703\",\"https:\\\/\\\/es.wikipedia.org\\\/wiki\\\/Real_Club_Mar\u00edtimo_de_Melilla\"]},{\"@type\":\"Person\",\"@id\":\"https:\\\/\\\/www.realclubmaritimomelilla.es\\\/clmar\\\/#\\\/schema\\\/person\\\/ebaa3713496dc6d48c872452e73a8e79\",\"name\":\"RCMMelilla\",\"image\":{\"@type\":\"ImageObject\",\"inLanguage\":\"es\",\"@id\":\"https:\\\/\\\/secure.gravatar.com\\\/avatar\\\/df1c24789360fb9308735c4ee556fc2bc5bf924bf01e53043b8b97ba272da33c?s=96&d=mm&r=g\",\"url\":\"https:\\\/\\\/secure.gravatar.com\\\/avatar\\\/df1c24789360fb9308735c4ee556fc2bc5bf924bf01e53043b8b97ba272da33c?s=96&d=mm&r=g\",\"contentUrl\":\"https:\\\/\\\/secure.gravatar.com\\\/avatar\\\/df1c24789360fb9308735c4ee556fc2bc5bf924bf01e53043b8b97ba272da33c?s=96&d=mm&r=g\",\"caption\":\"RCMMelilla\"}}]}<\/script>\n<!-- \/ Yoast SEO plugin. -->","yoast_head_json":{"title":"EL EQUIPO DE REGATAS DE CLUB MAR\u00cdTIMO REGRESA DE CARTAGENA - Real Club Mar\u00edtimo de Melilla","description":"EL EQUIPO DE REGATAS DE CLUB MAR\u00cdTIMO REGRESA DE CARTAGENA -","robots":{"index":"index","follow":"follow","max-snippet":"max-snippet:-1","max-image-preview":"max-image-preview:large","max-video-preview":"max-video-preview:-1"},"canonical":"https:\/\/www.realclubmaritimomelilla.es\/clmar\/equipo-regatas-club-maritimo-regresa-cartagena\/","og_locale":"es_ES","og_type":"article","og_title":"EL EQUIPO DE REGATAS DE CLUB MAR\u00cdTIMO REGRESA DE CARTAGENA - Real Club Mar\u00edtimo de Melilla","og_description":"EL EQUIPO DE REGATAS DE CLUB MAR\u00cdTIMO REGRESA DE CARTAGENA -","og_url":"https:\/\/www.realclubmaritimomelilla.es\/clmar\/equipo-regatas-club-maritimo-regresa-cartagena\/","og_site_name":"Real Club Mar\u00edtimo de Melilla","article_publisher":"https:\/\/www.facebook.com\/Real-Club-Mar%c3%adtimo-de-Melilla-588495841234214\/","article_published_time":"2018-02-17T13:22:38+00:00","article_modified_time":"2021-07-20T09:39:03+00:00","og_image":[{"width":1440,"height":956,"url":"https:\/\/www.realclubmaritimomelilla.es\/clmar\/wp-content\/uploads\/2018\/02\/optimist-Nabil-en-Cartagena.jpeg","type":"image\/jpeg"}],"author":"RCMMelilla","twitter_card":"summary_large_image","twitter_creator":"@nauticarcmm","twitter_site":"@nauticarcmm","twitter_misc":{"Escrito por":"RCMMelilla","Tiempo de lectura":"1 minuto"},"schema":{"@context":"https:\/\/schema.org","@graph":[{"@type":"Article","@id":"https:\/\/www.realclubmaritimomelilla.es\/clmar\/equipo-regatas-club-maritimo-regresa-cartagena\/#article","isPartOf":{"@id":"https:\/\/www.realclubmaritimomelilla.es\/clmar\/equipo-regatas-club-maritimo-regresa-cartagena\/"},"author":{"name":"RCMMelilla","@id":"https:\/\/www.realclubmaritimomelilla.es\/clmar\/#\/schema\/person\/ebaa3713496dc6d48c872452e73a8e79"},"headline":"EL EQUIPO DE REGATAS DE CLUB MAR\u00cdTIMO REGRESA DE CARTAGENA","datePublished":"2018-02-17T13:22:38+00:00","dateModified":"2021-07-20T09:39:03+00:00","mainEntityOfPage":{"@id":"https:\/\/www.realclubmaritimomelilla.es\/clmar\/equipo-regatas-club-maritimo-regresa-cartagena\/"},"wordCount":293,"commentCount":0,"publisher":{"@id":"https:\/\/www.realclubmaritimomelilla.es\/clmar\/#organization"},"image":{"@id":"https:\/\/www.realclubmaritimomelilla.es\/clmar\/equipo-regatas-club-maritimo-regresa-cartagena\/#primaryimage"},"thumbnailUrl":"https:\/\/www.realclubmaritimomelilla.es\/clmar\/wp-content\/uploads\/2018\/02\/optimist-Nabil-en-Cartagena.jpeg","articleSection":["Club","N\u00e1utica"],"inLanguage":"es","potentialAction":[{"@type":"CommentAction","name":"Comment","target":["https:\/\/www.realclubmaritimomelilla.es\/clmar\/equipo-regatas-club-maritimo-regresa-cartagena\/#respond"]}]},{"@type":"WebPage","@id":"https:\/\/www.realclubmaritimomelilla.es\/clmar\/equipo-regatas-club-maritimo-regresa-cartagena\/","url":"https:\/\/www.realclubmaritimomelilla.es\/clmar\/equipo-regatas-club-maritimo-regresa-cartagena\/","name":"EL EQUIPO DE REGATAS DE CLUB MAR\u00cdTIMO REGRESA DE CARTAGENA - Real Club Mar\u00edtimo de Melilla","isPartOf":{"@id":"https:\/\/www.realclubmaritimomelilla.es\/clmar\/#website"},"primaryImageOfPage":{"@id":"https:\/\/www.realclubmaritimomelilla.es\/clmar\/equipo-regatas-club-maritimo-regresa-cartagena\/#primaryimage"},"image":{"@id":"https:\/\/www.realclubmaritimomelilla.es\/clmar\/equipo-regatas-club-maritimo-regresa-cartagena\/#primaryimage"},"thumbnailUrl":"https:\/\/www.realclubmaritimomelilla.es\/clmar\/wp-content\/uploads\/2018\/02\/optimist-Nabil-en-Cartagena.jpeg","datePublished":"2018-02-17T13:22:38+00:00","dateModified":"2021-07-20T09:39:03+00:00","description":"EL EQUIPO DE REGATAS DE CLUB MAR\u00cdTIMO REGRESA DE CARTAGENA -","breadcrumb":{"@id":"https:\/\/www.realclubmaritimomelilla.es\/clmar\/equipo-regatas-club-maritimo-regresa-cartagena\/#breadcrumb"},"inLanguage":"es","potentialAction":[{"@type":"ReadAction","target":["https:\/\/www.realclubmaritimomelilla.es\/clmar\/equipo-regatas-club-maritimo-regresa-cartagena\/"]}]},{"@type":"ImageObject","inLanguage":"es","@id":"https:\/\/www.realclubmaritimomelilla.es\/clmar\/equipo-regatas-club-maritimo-regresa-cartagena\/#primaryimage","url":"https:\/\/www.realclubmaritimomelilla.es\/clmar\/wp-content\/uploads\/2018\/02\/optimist-Nabil-en-Cartagena.jpeg","contentUrl":"https:\/\/www.realclubmaritimomelilla.es\/clmar\/wp-content\/uploads\/2018\/02\/optimist-Nabil-en-Cartagena.jpeg","width":1440,"height":956},{"@type":"BreadcrumbList","@id":"https:\/\/www.realclubmaritimomelilla.es\/clmar\/equipo-regatas-club-maritimo-regresa-cartagena\/#breadcrumb","itemListElement":[{"@type":"ListItem","position":1,"name":"Portada","item":"https:\/\/www.realclubmaritimomelilla.es\/clmar\/"},{"@type":"ListItem","position":2,"name":"EL EQUIPO DE REGATAS DE CLUB MAR\u00cdTIMO REGRESA DE CARTAGENA"}]},{"@type":"WebSite","@id":"https:\/\/www.realclubmaritimomelilla.es\/clmar\/#website","url":"https:\/\/www.realclubmaritimomelilla.es\/clmar\/","name":"Real Club Mar\u00edtimo de Melilla","description":"RCMM","publisher":{"@id":"https:\/\/www.realclubmaritimomelilla.es\/clmar\/#organization"},"alternateName":"RCMM","potentialAction":[{"@type":"SearchAction","target":{"@type":"EntryPoint","urlTemplate":"https:\/\/www.realclubmaritimomelilla.es\/clmar\/?s={search_term_string}"},"query-input":{"@type":"PropertyValueSpecification","valueRequired":true,"valueName":"search_term_string"}}],"inLanguage":"es"},{"@type":"Organization","@id":"https:\/\/www.realclubmaritimomelilla.es\/clmar\/#organization","name":"Real Club Mar\u00edtimo de Melilla","alternateName":"RCMM","url":"https:\/\/www.realclubmaritimomelilla.es\/clmar\/","logo":{"@type":"ImageObject","inLanguage":"es","@id":"https:\/\/www.realclubmaritimomelilla.es\/clmar\/#\/schema\/logo\/image\/","url":"https:\/\/www.realclubmaritimomelilla.es\/clmar\/wp-content\/uploads\/logo-club-original-copia.jpg","contentUrl":"https:\/\/www.realclubmaritimomelilla.es\/clmar\/wp-content\/uploads\/logo-club-original-copia.jpg","width":128,"height":89,"caption":"Real Club Mar\u00edtimo de Melilla"},"image":{"@id":"https:\/\/www.realclubmaritimomelilla.es\/clmar\/#\/schema\/logo\/image\/"},"sameAs":["https:\/\/www.facebook.com\/Real-Club-Mar\u00edtimo-de-Melilla-588495841234214\/","https:\/\/x.com\/nauticarcmm","https:\/\/www.instagram.com\/club_maritimo_melilla\/","https:\/\/www.youtube.com\/@realclubmaritimodemelilla4703","https:\/\/es.wikipedia.org\/wiki\/Real_Club_Mar\u00edtimo_de_Melilla"]},{"@type":"Person","@id":"https:\/\/www.realclubmaritimomelilla.es\/clmar\/#\/schema\/person\/ebaa3713496dc6d48c872452e73a8e79","name":"RCMMelilla","image":{"@type":"ImageObject","inLanguage":"es","@id":"https:\/\/secure.gravatar.com\/avatar\/df1c24789360fb9308735c4ee556fc2bc5bf924bf01e53043b8b97ba272da33c?s=96&d=mm&r=g","url":"https:\/\/secure.gravatar.com\/avatar\/df1c24789360fb9308735c4ee556fc2bc5bf924bf01e53043b8b97ba272da33c?s=96&d=mm&r=g","contentUrl":"https:\/\/secure.gravatar.com\/avatar\/df1c24789360fb9308735c4ee556fc2bc5bf924bf01e53043b8b97ba272da33c?s=96&d=mm&r=g","caption":"RCMMelilla"}}]}},"_links":{"self":[{"href":"https:\/\/www.realclubmaritimomelilla.es\/clmar\/wp-json\/wp\/v2\/posts\/13337","targetHints":{"allow":["GET"]}}],"collection":[{"href":"https:\/\/www.realclubmaritimomelilla.es\/clmar\/wp-json\/wp\/v2\/posts"}],"about":[{"href":"https:\/\/www.realclubmaritimomelilla.es\/clmar\/wp-json\/wp\/v2\/types\/post"}],"author":[{"embeddable":true,"href":"https:\/\/www.realclubmaritimomelilla.es\/clmar\/wp-json\/wp\/v2\/users\/1"}],"replies":[{"embeddable":true,"href":"https:\/\/www.realclubmaritimomelilla.es\/clmar\/wp-json\/wp\/v2\/comments?post=13337"}],"version-history":[{"count":1,"href":"https:\/\/www.realclubmaritimomelilla.es\/clmar\/wp-json\/wp\/v2\/posts\/13337\/revisions"}],"predecessor-version":[{"id":13345,"href":"https:\/\/www.realclubmaritimomelilla.es\/clmar\/wp-json\/wp\/v2\/posts\/13337\/revisions\/13345"}],"wp:featuredmedia":[{"embeddable":true,"href":"https:\/\/www.realclubmaritimomelilla.es\/clmar\/wp-json\/wp\/v2\/media\/13341"}],"wp:attachment":[{"href":"https:\/\/www.realclubmaritimomelilla.es\/clmar\/wp-json\/wp\/v2\/media?parent=13337"}],"wp:term":[{"taxonomy":"category","embeddable":true,"href":"https:\/\/www.realclubmaritimomelilla.es\/clmar\/wp-json\/wp\/v2\/categories?post=13337"},{"taxonomy":"post_tag","embeddable":true,"href":"https:\/\/www.realclubmaritimomelilla.es\/clmar\/wp-json\/wp\/v2\/tags?post=13337"}],"curies":[{"name":"wp","href":"https:\/\/api.w.org\/{rel}","templated":true}]}}