{"id":13301,"date":"2018-02-10T23:57:16","date_gmt":"2018-02-10T23:57:16","guid":{"rendered":"http:\/\/www.clubmaritimomelilla.es\/clmar\/?p=13301"},"modified":"2018-02-10T23:57:16","modified_gmt":"2018-02-10T23:57:16","slug":"club-maritimo-celebra-carnaval-una-fiesta-infantil-disfraces","status":"publish","type":"post","link":"https:\/\/www.realclubmaritimomelilla.es\/clmar\/club-maritimo-celebra-carnaval-una-fiesta-infantil-disfraces\/","title":{"rendered":"EL CLUB MAR\u00cdTIMO CELEBRA EL CARNAVAL CON UNA FIESTA INFANTIL DE DISFRACES"},"content":{"rendered":"<p>Este s\u00e1bado los socios m\u00e1s j\u00f3venes de la entidad han sido los protagonistas de la fiesta infantil de disfraces, con la que se ha celebrado el Carnaval 2018.<\/p>\n<p>Una tarde llena de diversi\u00f3n para m\u00e1s de un centenar de j\u00f3venes, que han participado en esta actividad social organizada por el Club Mar\u00edtimo.<\/p>\n<p>Polic\u00edas, piratas, rokeras, princesas, &#8230;. \u00a0y as\u00ed hasta enumerar varias decenas de disfraces distintos.<\/p>\n<p>Una fiesta en la que varias animadoras han ayudado a desarrollar este baile de disfraces, en el que adem\u00e1s se han realizado concursos y juegos.<\/p>\n\n\t\t<style type=\"text\/css\">\n\t\t\t#gallery-1 {\n\t\t\t\tmargin: auto;\n\t\t\t}\n\t\t\t#gallery-1 .gallery-item {\n\t\t\t\tfloat: left;\n\t\t\t\tmargin-top: 10px;\n\t\t\t\ttext-align: center;\n\t\t\t\twidth: 33%;\n\t\t\t}\n\t\t\t#gallery-1 img {\n\t\t\t\tborder: 2px solid #cfcfcf;\n\t\t\t}\n\t\t\t#gallery-1 .gallery-caption {\n\t\t\t\tmargin-left: 0;\n\t\t\t}\n\t\t\t\/* see gallery_shortcode() in wp-includes\/media.php *\/\n\t\t<\/style>\n\t\t<div id='gallery-1' class='gallery galleryid-13301 gallery-columns-3 gallery-size-thumbnail'><dl class='gallery-item'>\n\t\t\t<dt class='gallery-icon landscape'>\n\t\t\t\t<a data-rel=\"iLightbox[postimages]\" data-title=\"Fiesta de Carnaval\" data-caption=\"\" href='https:\/\/www.realclubmaritimomelilla.es\/clmar\/club-maritimo-celebra-carnaval-una-fiesta-infantil-disfraces\/ocarnaval\/'><img decoding=\"async\" width=\"150\" height=\"150\" src=\"https:\/\/www.realclubmaritimomelilla.es\/clmar\/wp-content\/uploads\/2018\/02\/ocarnaval-150x150.jpeg\" class=\"attachment-thumbnail size-thumbnail\" alt=\"\" srcset=\"https:\/\/www.realclubmaritimomelilla.es\/clmar\/wp-content\/uploads\/2018\/02\/ocarnaval-50x50.jpeg 50w, https:\/\/www.realclubmaritimomelilla.es\/clmar\/wp-content\/uploads\/2018\/02\/ocarnaval-66x66.jpeg 66w, https:\/\/www.realclubmaritimomelilla.es\/clmar\/wp-content\/uploads\/2018\/02\/ocarnaval-150x150.jpeg 150w, https:\/\/www.realclubmaritimomelilla.es\/clmar\/wp-content\/uploads\/2018\/02\/ocarnaval-300x300.jpeg 300w\" sizes=\"(max-width: 150px) 100vw, 150px\" \/><\/a>\n\t\t\t<\/dt><\/dl><dl class='gallery-item'>\n\t\t\t<dt class='gallery-icon landscape'>\n\t\t\t\t<a data-rel=\"iLightbox[postimages]\" data-title=\"ocarnaval2\" data-caption=\"\" href='https:\/\/www.realclubmaritimomelilla.es\/clmar\/club-maritimo-celebra-carnaval-una-fiesta-infantil-disfraces\/ocarnaval2\/'><img decoding=\"async\" width=\"150\" height=\"150\" src=\"https:\/\/www.realclubmaritimomelilla.es\/clmar\/wp-content\/uploads\/2018\/02\/ocarnaval2-150x150.jpeg\" class=\"attachment-thumbnail size-thumbnail\" alt=\"\" srcset=\"https:\/\/www.realclubmaritimomelilla.es\/clmar\/wp-content\/uploads\/2018\/02\/ocarnaval2-50x50.jpeg 50w, https:\/\/www.realclubmaritimomelilla.es\/clmar\/wp-content\/uploads\/2018\/02\/ocarnaval2-66x66.jpeg 66w, https:\/\/www.realclubmaritimomelilla.es\/clmar\/wp-content\/uploads\/2018\/02\/ocarnaval2-150x150.jpeg 150w, https:\/\/www.realclubmaritimomelilla.es\/clmar\/wp-content\/uploads\/2018\/02\/ocarnaval2-300x300.jpeg 300w\" sizes=\"(max-width: 150px) 100vw, 150px\" \/><\/a>\n\t\t\t<\/dt><\/dl><dl class='gallery-item'>\n\t\t\t<dt class='gallery-icon landscape'>\n\t\t\t\t<a data-rel=\"iLightbox[postimages]\" data-title=\"ocarnaval3\" data-caption=\"\" href='https:\/\/www.realclubmaritimomelilla.es\/clmar\/club-maritimo-celebra-carnaval-una-fiesta-infantil-disfraces\/ocarnaval3\/'><img decoding=\"async\" width=\"150\" height=\"150\" src=\"https:\/\/www.realclubmaritimomelilla.es\/clmar\/wp-content\/uploads\/2018\/02\/ocarnaval3-150x150.jpeg\" class=\"attachment-thumbnail size-thumbnail\" alt=\"\" srcset=\"https:\/\/www.realclubmaritimomelilla.es\/clmar\/wp-content\/uploads\/2018\/02\/ocarnaval3-50x50.jpeg 50w, https:\/\/www.realclubmaritimomelilla.es\/clmar\/wp-content\/uploads\/2018\/02\/ocarnaval3-66x66.jpeg 66w, https:\/\/www.realclubmaritimomelilla.es\/clmar\/wp-content\/uploads\/2018\/02\/ocarnaval3-150x150.jpeg 150w, https:\/\/www.realclubmaritimomelilla.es\/clmar\/wp-content\/uploads\/2018\/02\/ocarnaval3-300x300.jpeg 300w\" sizes=\"(max-width: 150px) 100vw, 150px\" \/><\/a>\n\t\t\t<\/dt><\/dl><br style=\"clear: both\" \/><dl class='gallery-item'>\n\t\t\t<dt class='gallery-icon landscape'>\n\t\t\t\t<a data-rel=\"iLightbox[postimages]\" data-title=\"ocarnaval4\" data-caption=\"\" href='https:\/\/www.realclubmaritimomelilla.es\/clmar\/club-maritimo-celebra-carnaval-una-fiesta-infantil-disfraces\/ocarnaval4\/'><img decoding=\"async\" width=\"150\" height=\"150\" src=\"https:\/\/www.realclubmaritimomelilla.es\/clmar\/wp-content\/uploads\/2018\/02\/ocarnaval4-150x150.jpeg\" class=\"attachment-thumbnail size-thumbnail\" alt=\"\" srcset=\"https:\/\/www.realclubmaritimomelilla.es\/clmar\/wp-content\/uploads\/2018\/02\/ocarnaval4-50x50.jpeg 50w, https:\/\/www.realclubmaritimomelilla.es\/clmar\/wp-content\/uploads\/2018\/02\/ocarnaval4-66x66.jpeg 66w, https:\/\/www.realclubmaritimomelilla.es\/clmar\/wp-content\/uploads\/2018\/02\/ocarnaval4-150x150.jpeg 150w, https:\/\/www.realclubmaritimomelilla.es\/clmar\/wp-content\/uploads\/2018\/02\/ocarnaval4-300x300.jpeg 300w\" sizes=\"(max-width: 150px) 100vw, 150px\" \/><\/a>\n\t\t\t<\/dt><\/dl><dl class='gallery-item'>\n\t\t\t<dt class='gallery-icon landscape'>\n\t\t\t\t<a data-rel=\"iLightbox[postimages]\" data-title=\"ocarnaval5\" data-caption=\"\" href='https:\/\/www.realclubmaritimomelilla.es\/clmar\/club-maritimo-celebra-carnaval-una-fiesta-infantil-disfraces\/ocarnaval5-2\/'><img decoding=\"async\" width=\"150\" height=\"150\" src=\"https:\/\/www.realclubmaritimomelilla.es\/clmar\/wp-content\/uploads\/2018\/02\/ocarnaval5-1-150x150.jpeg\" class=\"attachment-thumbnail size-thumbnail\" alt=\"\" srcset=\"https:\/\/www.realclubmaritimomelilla.es\/clmar\/wp-content\/uploads\/2018\/02\/ocarnaval5-1-50x50.jpeg 50w, https:\/\/www.realclubmaritimomelilla.es\/clmar\/wp-content\/uploads\/2018\/02\/ocarnaval5-1-66x66.jpeg 66w, https:\/\/www.realclubmaritimomelilla.es\/clmar\/wp-content\/uploads\/2018\/02\/ocarnaval5-1-150x150.jpeg 150w, https:\/\/www.realclubmaritimomelilla.es\/clmar\/wp-content\/uploads\/2018\/02\/ocarnaval5-1-300x300.jpeg 300w\" sizes=\"(max-width: 150px) 100vw, 150px\" \/><\/a>\n\t\t\t<\/dt><\/dl><dl class='gallery-item'>\n\t\t\t<dt class='gallery-icon landscape'>\n\t\t\t\t<a data-rel=\"iLightbox[postimages]\" data-title=\"ocarnaval6\" data-caption=\"\" href='https:\/\/www.realclubmaritimomelilla.es\/clmar\/club-maritimo-celebra-carnaval-una-fiesta-infantil-disfraces\/ocarnaval6\/'><img decoding=\"async\" width=\"150\" height=\"150\" src=\"https:\/\/www.realclubmaritimomelilla.es\/clmar\/wp-content\/uploads\/2018\/02\/ocarnaval6-150x150.jpeg\" class=\"attachment-thumbnail size-thumbnail\" alt=\"\" srcset=\"https:\/\/www.realclubmaritimomelilla.es\/clmar\/wp-content\/uploads\/2018\/02\/ocarnaval6-50x50.jpeg 50w, https:\/\/www.realclubmaritimomelilla.es\/clmar\/wp-content\/uploads\/2018\/02\/ocarnaval6-66x66.jpeg 66w, https:\/\/www.realclubmaritimomelilla.es\/clmar\/wp-content\/uploads\/2018\/02\/ocarnaval6-150x150.jpeg 150w, https:\/\/www.realclubmaritimomelilla.es\/clmar\/wp-content\/uploads\/2018\/02\/ocarnaval6-300x300.jpeg 300w\" sizes=\"(max-width: 150px) 100vw, 150px\" \/><\/a>\n\t\t\t<\/dt><\/dl><br style=\"clear: both\" \/><dl class='gallery-item'>\n\t\t\t<dt class='gallery-icon landscape'>\n\t\t\t\t<a data-rel=\"iLightbox[postimages]\" data-title=\"ocarnaval7\" data-caption=\"\" href='https:\/\/www.realclubmaritimomelilla.es\/clmar\/club-maritimo-celebra-carnaval-una-fiesta-infantil-disfraces\/ocarnaval7\/'><img decoding=\"async\" width=\"150\" height=\"150\" src=\"https:\/\/www.realclubmaritimomelilla.es\/clmar\/wp-content\/uploads\/2018\/02\/ocarnaval7-150x150.jpeg\" class=\"attachment-thumbnail size-thumbnail\" alt=\"\" srcset=\"https:\/\/www.realclubmaritimomelilla.es\/clmar\/wp-content\/uploads\/2018\/02\/ocarnaval7-50x50.jpeg 50w, https:\/\/www.realclubmaritimomelilla.es\/clmar\/wp-content\/uploads\/2018\/02\/ocarnaval7-66x66.jpeg 66w, https:\/\/www.realclubmaritimomelilla.es\/clmar\/wp-content\/uploads\/2018\/02\/ocarnaval7-150x150.jpeg 150w, https:\/\/www.realclubmaritimomelilla.es\/clmar\/wp-content\/uploads\/2018\/02\/ocarnaval7-300x300.jpeg 300w\" sizes=\"(max-width: 150px) 100vw, 150px\" \/><\/a>\n\t\t\t<\/dt><\/dl><dl class='gallery-item'>\n\t\t\t<dt class='gallery-icon landscape'>\n\t\t\t\t<a data-rel=\"iLightbox[postimages]\" data-title=\"ocarnaval8\" data-caption=\"\" href='https:\/\/www.realclubmaritimomelilla.es\/clmar\/club-maritimo-celebra-carnaval-una-fiesta-infantil-disfraces\/ocarnaval8\/'><img decoding=\"async\" width=\"150\" height=\"150\" src=\"https:\/\/www.realclubmaritimomelilla.es\/clmar\/wp-content\/uploads\/2018\/02\/ocarnaval8-150x150.jpeg\" class=\"attachment-thumbnail size-thumbnail\" alt=\"\" srcset=\"https:\/\/www.realclubmaritimomelilla.es\/clmar\/wp-content\/uploads\/2018\/02\/ocarnaval8-50x50.jpeg 50w, https:\/\/www.realclubmaritimomelilla.es\/clmar\/wp-content\/uploads\/2018\/02\/ocarnaval8-66x66.jpeg 66w, https:\/\/www.realclubmaritimomelilla.es\/clmar\/wp-content\/uploads\/2018\/02\/ocarnaval8-150x150.jpeg 150w, https:\/\/www.realclubmaritimomelilla.es\/clmar\/wp-content\/uploads\/2018\/02\/ocarnaval8-300x300.jpeg 300w\" sizes=\"(max-width: 150px) 100vw, 150px\" \/><\/a>\n\t\t\t<\/dt><\/dl><dl class='gallery-item'>\n\t\t\t<dt class='gallery-icon landscape'>\n\t\t\t\t<a data-rel=\"iLightbox[postimages]\" data-title=\"ocarnaval9\" data-caption=\"\" href='https:\/\/www.realclubmaritimomelilla.es\/clmar\/club-maritimo-celebra-carnaval-una-fiesta-infantil-disfraces\/ocarnaval9\/'><img decoding=\"async\" width=\"150\" height=\"150\" src=\"https:\/\/www.realclubmaritimomelilla.es\/clmar\/wp-content\/uploads\/2018\/02\/ocarnaval9-150x150.jpeg\" class=\"attachment-thumbnail size-thumbnail\" alt=\"\" srcset=\"https:\/\/www.realclubmaritimomelilla.es\/clmar\/wp-content\/uploads\/2018\/02\/ocarnaval9-50x50.jpeg 50w, https:\/\/www.realclubmaritimomelilla.es\/clmar\/wp-content\/uploads\/2018\/02\/ocarnaval9-66x66.jpeg 66w, https:\/\/www.realclubmaritimomelilla.es\/clmar\/wp-content\/uploads\/2018\/02\/ocarnaval9-150x150.jpeg 150w, https:\/\/www.realclubmaritimomelilla.es\/clmar\/wp-content\/uploads\/2018\/02\/ocarnaval9-300x300.jpeg 300w\" sizes=\"(max-width: 150px) 100vw, 150px\" \/><\/a>\n\t\t\t<\/dt><\/dl><br style=\"clear: both\" \/><dl class='gallery-item'>\n\t\t\t<dt class='gallery-icon landscape'>\n\t\t\t\t<a data-rel=\"iLightbox[postimages]\" data-title=\"ocarnaval10\" data-caption=\"\" href='https:\/\/www.realclubmaritimomelilla.es\/clmar\/club-maritimo-celebra-carnaval-una-fiesta-infantil-disfraces\/ocarnaval10\/'><img decoding=\"async\" width=\"150\" height=\"150\" src=\"https:\/\/www.realclubmaritimomelilla.es\/clmar\/wp-content\/uploads\/2018\/02\/ocarnaval10-150x150.jpeg\" class=\"attachment-thumbnail size-thumbnail\" alt=\"\" srcset=\"https:\/\/www.realclubmaritimomelilla.es\/clmar\/wp-content\/uploads\/2018\/02\/ocarnaval10-50x50.jpeg 50w, https:\/\/www.realclubmaritimomelilla.es\/clmar\/wp-content\/uploads\/2018\/02\/ocarnaval10-66x66.jpeg 66w, https:\/\/www.realclubmaritimomelilla.es\/clmar\/wp-content\/uploads\/2018\/02\/ocarnaval10-150x150.jpeg 150w, https:\/\/www.realclubmaritimomelilla.es\/clmar\/wp-content\/uploads\/2018\/02\/ocarnaval10-300x300.jpeg 300w\" sizes=\"(max-width: 150px) 100vw, 150px\" \/><\/a>\n\t\t\t<\/dt><\/dl><dl class='gallery-item'>\n\t\t\t<dt class='gallery-icon landscape'>\n\t\t\t\t<a data-rel=\"iLightbox[postimages]\" data-title=\"ocarnaval11\" data-caption=\"\" href='https:\/\/www.realclubmaritimomelilla.es\/clmar\/club-maritimo-celebra-carnaval-una-fiesta-infantil-disfraces\/ocarnaval11\/'><img decoding=\"async\" width=\"150\" height=\"150\" src=\"https:\/\/www.realclubmaritimomelilla.es\/clmar\/wp-content\/uploads\/2018\/02\/ocarnaval11-150x150.jpeg\" class=\"attachment-thumbnail size-thumbnail\" alt=\"\" srcset=\"https:\/\/www.realclubmaritimomelilla.es\/clmar\/wp-content\/uploads\/2018\/02\/ocarnaval11-50x50.jpeg 50w, https:\/\/www.realclubmaritimomelilla.es\/clmar\/wp-content\/uploads\/2018\/02\/ocarnaval11-66x66.jpeg 66w, https:\/\/www.realclubmaritimomelilla.es\/clmar\/wp-content\/uploads\/2018\/02\/ocarnaval11-150x150.jpeg 150w, https:\/\/www.realclubmaritimomelilla.es\/clmar\/wp-content\/uploads\/2018\/02\/ocarnaval11-300x300.jpeg 300w\" sizes=\"(max-width: 150px) 100vw, 150px\" \/><\/a>\n\t\t\t<\/dt><\/dl><dl class='gallery-item'>\n\t\t\t<dt class='gallery-icon landscape'>\n\t\t\t\t<a data-rel=\"iLightbox[postimages]\" data-title=\"ocarnaval12\" data-caption=\"\" href='https:\/\/www.realclubmaritimomelilla.es\/clmar\/club-maritimo-celebra-carnaval-una-fiesta-infantil-disfraces\/ocarnaval12\/'><img decoding=\"async\" width=\"150\" height=\"150\" src=\"https:\/\/www.realclubmaritimomelilla.es\/clmar\/wp-content\/uploads\/2018\/02\/ocarnaval12-150x150.jpeg\" class=\"attachment-thumbnail size-thumbnail\" alt=\"\" srcset=\"https:\/\/www.realclubmaritimomelilla.es\/clmar\/wp-content\/uploads\/2018\/02\/ocarnaval12-50x50.jpeg 50w, https:\/\/www.realclubmaritimomelilla.es\/clmar\/wp-content\/uploads\/2018\/02\/ocarnaval12-66x66.jpeg 66w, https:\/\/www.realclubmaritimomelilla.es\/clmar\/wp-content\/uploads\/2018\/02\/ocarnaval12-150x150.jpeg 150w, https:\/\/www.realclubmaritimomelilla.es\/clmar\/wp-content\/uploads\/2018\/02\/ocarnaval12-300x300.jpeg 300w\" sizes=\"(max-width: 150px) 100vw, 150px\" \/><\/a>\n\t\t\t<\/dt><\/dl><br style=\"clear: both\" \/><dl class='gallery-item'>\n\t\t\t<dt class='gallery-icon landscape'>\n\t\t\t\t<a data-rel=\"iLightbox[postimages]\" data-title=\"ocarnaval13\" data-caption=\"\" href='https:\/\/www.realclubmaritimomelilla.es\/clmar\/club-maritimo-celebra-carnaval-una-fiesta-infantil-disfraces\/ocarnaval13\/'><img decoding=\"async\" width=\"150\" height=\"150\" src=\"https:\/\/www.realclubmaritimomelilla.es\/clmar\/wp-content\/uploads\/2018\/02\/ocarnaval13-150x150.jpeg\" class=\"attachment-thumbnail size-thumbnail\" alt=\"\" srcset=\"https:\/\/www.realclubmaritimomelilla.es\/clmar\/wp-content\/uploads\/2018\/02\/ocarnaval13-50x50.jpeg 50w, https:\/\/www.realclubmaritimomelilla.es\/clmar\/wp-content\/uploads\/2018\/02\/ocarnaval13-66x66.jpeg 66w, https:\/\/www.realclubmaritimomelilla.es\/clmar\/wp-content\/uploads\/2018\/02\/ocarnaval13-150x150.jpeg 150w, https:\/\/www.realclubmaritimomelilla.es\/clmar\/wp-content\/uploads\/2018\/02\/ocarnaval13-300x300.jpeg 300w\" sizes=\"(max-width: 150px) 100vw, 150px\" \/><\/a>\n\t\t\t<\/dt><\/dl><dl class='gallery-item'>\n\t\t\t<dt class='gallery-icon landscape'>\n\t\t\t\t<a data-rel=\"iLightbox[postimages]\" data-title=\"carnaval\" data-caption=\"\" href='https:\/\/www.realclubmaritimomelilla.es\/clmar\/club-maritimo-celebra-carnaval-una-fiesta-infantil-disfraces\/carnaval-3\/'><img decoding=\"async\" width=\"150\" height=\"150\" src=\"https:\/\/www.realclubmaritimomelilla.es\/clmar\/wp-content\/uploads\/2018\/02\/carnaval--150x150.jpeg\" class=\"attachment-thumbnail size-thumbnail\" alt=\"\" srcset=\"https:\/\/www.realclubmaritimomelilla.es\/clmar\/wp-content\/uploads\/2018\/02\/carnaval--50x50.jpeg 50w, https:\/\/www.realclubmaritimomelilla.es\/clmar\/wp-content\/uploads\/2018\/02\/carnaval--66x66.jpeg 66w, https:\/\/www.realclubmaritimomelilla.es\/clmar\/wp-content\/uploads\/2018\/02\/carnaval--150x150.jpeg 150w, https:\/\/www.realclubmaritimomelilla.es\/clmar\/wp-content\/uploads\/2018\/02\/carnaval--300x300.jpeg 300w\" sizes=\"(max-width: 150px) 100vw, 150px\" \/><\/a>\n\t\t\t<\/dt><\/dl><dl class='gallery-item'>\n\t\t\t<dt class='gallery-icon landscape'>\n\t\t\t\t<a data-rel=\"iLightbox[postimages]\" data-title=\"carnaval2\" data-caption=\"\" href='https:\/\/www.realclubmaritimomelilla.es\/clmar\/club-maritimo-celebra-carnaval-una-fiesta-infantil-disfraces\/carnaval2\/'><img decoding=\"async\" width=\"150\" height=\"150\" src=\"https:\/\/www.realclubmaritimomelilla.es\/clmar\/wp-content\/uploads\/2018\/02\/carnaval2-150x150.jpeg\" class=\"attachment-thumbnail size-thumbnail\" alt=\"\" srcset=\"https:\/\/www.realclubmaritimomelilla.es\/clmar\/wp-content\/uploads\/2018\/02\/carnaval2-50x50.jpeg 50w, https:\/\/www.realclubmaritimomelilla.es\/clmar\/wp-content\/uploads\/2018\/02\/carnaval2-66x66.jpeg 66w, https:\/\/www.realclubmaritimomelilla.es\/clmar\/wp-content\/uploads\/2018\/02\/carnaval2-150x150.jpeg 150w, https:\/\/www.realclubmaritimomelilla.es\/clmar\/wp-content\/uploads\/2018\/02\/carnaval2-300x300.jpeg 300w\" sizes=\"(max-width: 150px) 100vw, 150px\" \/><\/a>\n\t\t\t<\/dt><\/dl><br style=\"clear: both\" \/><dl class='gallery-item'>\n\t\t\t<dt class='gallery-icon landscape'>\n\t\t\t\t<a data-rel=\"iLightbox[postimages]\" data-title=\"carnaval3\" data-caption=\"\" href='https:\/\/www.realclubmaritimomelilla.es\/clmar\/club-maritimo-celebra-carnaval-una-fiesta-infantil-disfraces\/carnaval3\/'><img decoding=\"async\" width=\"150\" height=\"150\" src=\"https:\/\/www.realclubmaritimomelilla.es\/clmar\/wp-content\/uploads\/2018\/02\/carnaval3-150x150.jpeg\" class=\"attachment-thumbnail size-thumbnail\" alt=\"\" srcset=\"https:\/\/www.realclubmaritimomelilla.es\/clmar\/wp-content\/uploads\/2018\/02\/carnaval3-50x50.jpeg 50w, https:\/\/www.realclubmaritimomelilla.es\/clmar\/wp-content\/uploads\/2018\/02\/carnaval3-66x66.jpeg 66w, https:\/\/www.realclubmaritimomelilla.es\/clmar\/wp-content\/uploads\/2018\/02\/carnaval3-150x150.jpeg 150w, https:\/\/www.realclubmaritimomelilla.es\/clmar\/wp-content\/uploads\/2018\/02\/carnaval3-300x300.jpeg 300w\" sizes=\"(max-width: 150px) 100vw, 150px\" \/><\/a>\n\t\t\t<\/dt><\/dl><dl class='gallery-item'>\n\t\t\t<dt class='gallery-icon landscape'>\n\t\t\t\t<a data-rel=\"iLightbox[postimages]\" data-title=\"carnaval4\" data-caption=\"\" href='https:\/\/www.realclubmaritimomelilla.es\/clmar\/club-maritimo-celebra-carnaval-una-fiesta-infantil-disfraces\/carnaval4\/'><img decoding=\"async\" width=\"150\" height=\"150\" src=\"https:\/\/www.realclubmaritimomelilla.es\/clmar\/wp-content\/uploads\/2018\/02\/carnaval4-150x150.jpeg\" class=\"attachment-thumbnail size-thumbnail\" alt=\"\" srcset=\"https:\/\/www.realclubmaritimomelilla.es\/clmar\/wp-content\/uploads\/2018\/02\/carnaval4-50x50.jpeg 50w, https:\/\/www.realclubmaritimomelilla.es\/clmar\/wp-content\/uploads\/2018\/02\/carnaval4-66x66.jpeg 66w, https:\/\/www.realclubmaritimomelilla.es\/clmar\/wp-content\/uploads\/2018\/02\/carnaval4-150x150.jpeg 150w, https:\/\/www.realclubmaritimomelilla.es\/clmar\/wp-content\/uploads\/2018\/02\/carnaval4-300x300.jpeg 300w\" sizes=\"(max-width: 150px) 100vw, 150px\" \/><\/a>\n\t\t\t<\/dt><\/dl><dl class='gallery-item'>\n\t\t\t<dt class='gallery-icon landscape'>\n\t\t\t\t<a data-rel=\"iLightbox[postimages]\" data-title=\"carnaval5\" data-caption=\"\" href='https:\/\/www.realclubmaritimomelilla.es\/clmar\/club-maritimo-celebra-carnaval-una-fiesta-infantil-disfraces\/carnaval5\/'><img decoding=\"async\" width=\"150\" height=\"150\" src=\"https:\/\/www.realclubmaritimomelilla.es\/clmar\/wp-content\/uploads\/2018\/02\/carnaval5-150x150.jpeg\" class=\"attachment-thumbnail size-thumbnail\" alt=\"\" srcset=\"https:\/\/www.realclubmaritimomelilla.es\/clmar\/wp-content\/uploads\/2018\/02\/carnaval5-50x50.jpeg 50w, https:\/\/www.realclubmaritimomelilla.es\/clmar\/wp-content\/uploads\/2018\/02\/carnaval5-66x66.jpeg 66w, https:\/\/www.realclubmaritimomelilla.es\/clmar\/wp-content\/uploads\/2018\/02\/carnaval5-150x150.jpeg 150w, https:\/\/www.realclubmaritimomelilla.es\/clmar\/wp-content\/uploads\/2018\/02\/carnaval5-300x300.jpeg 300w\" sizes=\"(max-width: 150px) 100vw, 150px\" \/><\/a>\n\t\t\t<\/dt><\/dl><br style=\"clear: both\" \/><dl class='gallery-item'>\n\t\t\t<dt class='gallery-icon landscape'>\n\t\t\t\t<a data-rel=\"iLightbox[postimages]\" data-title=\"carnaval6\" data-caption=\"\" href='https:\/\/www.realclubmaritimomelilla.es\/clmar\/club-maritimo-celebra-carnaval-una-fiesta-infantil-disfraces\/carnaval6\/'><img decoding=\"async\" width=\"150\" height=\"150\" src=\"https:\/\/www.realclubmaritimomelilla.es\/clmar\/wp-content\/uploads\/2018\/02\/carnaval6-150x150.jpeg\" class=\"attachment-thumbnail size-thumbnail\" alt=\"\" srcset=\"https:\/\/www.realclubmaritimomelilla.es\/clmar\/wp-content\/uploads\/2018\/02\/carnaval6-50x50.jpeg 50w, https:\/\/www.realclubmaritimomelilla.es\/clmar\/wp-content\/uploads\/2018\/02\/carnaval6-66x66.jpeg 66w, https:\/\/www.realclubmaritimomelilla.es\/clmar\/wp-content\/uploads\/2018\/02\/carnaval6-150x150.jpeg 150w, https:\/\/www.realclubmaritimomelilla.es\/clmar\/wp-content\/uploads\/2018\/02\/carnaval6-300x300.jpeg 300w\" sizes=\"(max-width: 150px) 100vw, 150px\" \/><\/a>\n\t\t\t<\/dt><\/dl><dl class='gallery-item'>\n\t\t\t<dt class='gallery-icon landscape'>\n\t\t\t\t<a data-rel=\"iLightbox[postimages]\" data-title=\"carnaval7\" data-caption=\"\" href='https:\/\/www.realclubmaritimomelilla.es\/clmar\/club-maritimo-celebra-carnaval-una-fiesta-infantil-disfraces\/carnaval7\/'><img decoding=\"async\" width=\"150\" height=\"150\" src=\"https:\/\/www.realclubmaritimomelilla.es\/clmar\/wp-content\/uploads\/2018\/02\/carnaval7-150x150.jpeg\" class=\"attachment-thumbnail size-thumbnail\" alt=\"\" srcset=\"https:\/\/www.realclubmaritimomelilla.es\/clmar\/wp-content\/uploads\/2018\/02\/carnaval7-50x50.jpeg 50w, https:\/\/www.realclubmaritimomelilla.es\/clmar\/wp-content\/uploads\/2018\/02\/carnaval7-66x66.jpeg 66w, https:\/\/www.realclubmaritimomelilla.es\/clmar\/wp-content\/uploads\/2018\/02\/carnaval7-150x150.jpeg 150w, https:\/\/www.realclubmaritimomelilla.es\/clmar\/wp-content\/uploads\/2018\/02\/carnaval7-300x300.jpeg 300w\" sizes=\"(max-width: 150px) 100vw, 150px\" \/><\/a>\n\t\t\t<\/dt><\/dl><dl class='gallery-item'>\n\t\t\t<dt class='gallery-icon landscape'>\n\t\t\t\t<a data-rel=\"iLightbox[postimages]\" data-title=\"carnaval8\" data-caption=\"\" href='https:\/\/www.realclubmaritimomelilla.es\/clmar\/club-maritimo-celebra-carnaval-una-fiesta-infantil-disfraces\/carnaval8\/'><img decoding=\"async\" width=\"150\" height=\"150\" src=\"https:\/\/www.realclubmaritimomelilla.es\/clmar\/wp-content\/uploads\/2018\/02\/carnaval8-150x150.jpeg\" class=\"attachment-thumbnail size-thumbnail\" alt=\"\" srcset=\"https:\/\/www.realclubmaritimomelilla.es\/clmar\/wp-content\/uploads\/2018\/02\/carnaval8-50x50.jpeg 50w, https:\/\/www.realclubmaritimomelilla.es\/clmar\/wp-content\/uploads\/2018\/02\/carnaval8-66x66.jpeg 66w, https:\/\/www.realclubmaritimomelilla.es\/clmar\/wp-content\/uploads\/2018\/02\/carnaval8-150x150.jpeg 150w, https:\/\/www.realclubmaritimomelilla.es\/clmar\/wp-content\/uploads\/2018\/02\/carnaval8-300x300.jpeg 300w\" sizes=\"(max-width: 150px) 100vw, 150px\" \/><\/a>\n\t\t\t<\/dt><\/dl><br style=\"clear: both\" \/><dl class='gallery-item'>\n\t\t\t<dt class='gallery-icon landscape'>\n\t\t\t\t<a data-rel=\"iLightbox[postimages]\" data-title=\"carnaval9\" data-caption=\"\" href='https:\/\/www.realclubmaritimomelilla.es\/clmar\/club-maritimo-celebra-carnaval-una-fiesta-infantil-disfraces\/carnaval9\/'><img decoding=\"async\" width=\"150\" height=\"150\" src=\"https:\/\/www.realclubmaritimomelilla.es\/clmar\/wp-content\/uploads\/2018\/02\/carnaval9-150x150.jpeg\" class=\"attachment-thumbnail size-thumbnail\" alt=\"\" srcset=\"https:\/\/www.realclubmaritimomelilla.es\/clmar\/wp-content\/uploads\/2018\/02\/carnaval9-50x50.jpeg 50w, https:\/\/www.realclubmaritimomelilla.es\/clmar\/wp-content\/uploads\/2018\/02\/carnaval9-66x66.jpeg 66w, https:\/\/www.realclubmaritimomelilla.es\/clmar\/wp-content\/uploads\/2018\/02\/carnaval9-150x150.jpeg 150w, https:\/\/www.realclubmaritimomelilla.es\/clmar\/wp-content\/uploads\/2018\/02\/carnaval9-300x300.jpeg 300w\" sizes=\"(max-width: 150px) 100vw, 150px\" \/><\/a>\n\t\t\t<\/dt><\/dl><dl class='gallery-item'>\n\t\t\t<dt class='gallery-icon landscape'>\n\t\t\t\t<a data-rel=\"iLightbox[postimages]\" data-title=\"carnaval10\" data-caption=\"\" href='https:\/\/www.realclubmaritimomelilla.es\/clmar\/club-maritimo-celebra-carnaval-una-fiesta-infantil-disfraces\/carnaval10\/'><img decoding=\"async\" width=\"150\" height=\"150\" src=\"https:\/\/www.realclubmaritimomelilla.es\/clmar\/wp-content\/uploads\/2018\/02\/carnaval10-150x150.jpeg\" class=\"attachment-thumbnail size-thumbnail\" alt=\"\" srcset=\"https:\/\/www.realclubmaritimomelilla.es\/clmar\/wp-content\/uploads\/2018\/02\/carnaval10-50x50.jpeg 50w, https:\/\/www.realclubmaritimomelilla.es\/clmar\/wp-content\/uploads\/2018\/02\/carnaval10-66x66.jpeg 66w, https:\/\/www.realclubmaritimomelilla.es\/clmar\/wp-content\/uploads\/2018\/02\/carnaval10-150x150.jpeg 150w, https:\/\/www.realclubmaritimomelilla.es\/clmar\/wp-content\/uploads\/2018\/02\/carnaval10-300x300.jpeg 300w\" sizes=\"(max-width: 150px) 100vw, 150px\" \/><\/a>\n\t\t\t<\/dt><\/dl><dl class='gallery-item'>\n\t\t\t<dt class='gallery-icon landscape'>\n\t\t\t\t<a data-rel=\"iLightbox[postimages]\" data-title=\"carnaval11\" data-caption=\"\" href='https:\/\/www.realclubmaritimomelilla.es\/clmar\/club-maritimo-celebra-carnaval-una-fiesta-infantil-disfraces\/carnaval11\/'><img decoding=\"async\" width=\"150\" height=\"150\" src=\"https:\/\/www.realclubmaritimomelilla.es\/clmar\/wp-content\/uploads\/2018\/02\/carnaval11-150x150.jpeg\" class=\"attachment-thumbnail size-thumbnail\" alt=\"\" srcset=\"https:\/\/www.realclubmaritimomelilla.es\/clmar\/wp-content\/uploads\/2018\/02\/carnaval11-50x50.jpeg 50w, https:\/\/www.realclubmaritimomelilla.es\/clmar\/wp-content\/uploads\/2018\/02\/carnaval11-66x66.jpeg 66w, https:\/\/www.realclubmaritimomelilla.es\/clmar\/wp-content\/uploads\/2018\/02\/carnaval11-150x150.jpeg 150w, https:\/\/www.realclubmaritimomelilla.es\/clmar\/wp-content\/uploads\/2018\/02\/carnaval11-300x300.jpeg 300w\" sizes=\"(max-width: 150px) 100vw, 150px\" \/><\/a>\n\t\t\t<\/dt><\/dl><br style=\"clear: both\" \/><dl class='gallery-item'>\n\t\t\t<dt class='gallery-icon landscape'>\n\t\t\t\t<a data-rel=\"iLightbox[postimages]\" data-title=\"carnaval13\" data-caption=\"\" href='https:\/\/www.realclubmaritimomelilla.es\/clmar\/club-maritimo-celebra-carnaval-una-fiesta-infantil-disfraces\/carnaval13\/'><img decoding=\"async\" width=\"150\" height=\"150\" src=\"https:\/\/www.realclubmaritimomelilla.es\/clmar\/wp-content\/uploads\/2018\/02\/carnaval13-150x150.jpeg\" class=\"attachment-thumbnail size-thumbnail\" alt=\"\" srcset=\"https:\/\/www.realclubmaritimomelilla.es\/clmar\/wp-content\/uploads\/2018\/02\/carnaval13-50x50.jpeg 50w, https:\/\/www.realclubmaritimomelilla.es\/clmar\/wp-content\/uploads\/2018\/02\/carnaval13-66x66.jpeg 66w, https:\/\/www.realclubmaritimomelilla.es\/clmar\/wp-content\/uploads\/2018\/02\/carnaval13-150x150.jpeg 150w, https:\/\/www.realclubmaritimomelilla.es\/clmar\/wp-content\/uploads\/2018\/02\/carnaval13-300x300.jpeg 300w\" sizes=\"(max-width: 150px) 100vw, 150px\" \/><\/a>\n\t\t\t<\/dt><\/dl><dl class='gallery-item'>\n\t\t\t<dt class='gallery-icon landscape'>\n\t\t\t\t<a data-rel=\"iLightbox[postimages]\" data-title=\"carnaval14\" data-caption=\"\" href='https:\/\/www.realclubmaritimomelilla.es\/clmar\/club-maritimo-celebra-carnaval-una-fiesta-infantil-disfraces\/carnaval14\/'><img decoding=\"async\" width=\"150\" height=\"150\" src=\"https:\/\/www.realclubmaritimomelilla.es\/clmar\/wp-content\/uploads\/2018\/02\/carnaval14-150x150.jpeg\" class=\"attachment-thumbnail size-thumbnail\" alt=\"\" srcset=\"https:\/\/www.realclubmaritimomelilla.es\/clmar\/wp-content\/uploads\/2018\/02\/carnaval14-50x50.jpeg 50w, https:\/\/www.realclubmaritimomelilla.es\/clmar\/wp-content\/uploads\/2018\/02\/carnaval14-66x66.jpeg 66w, https:\/\/www.realclubmaritimomelilla.es\/clmar\/wp-content\/uploads\/2018\/02\/carnaval14-150x150.jpeg 150w, https:\/\/www.realclubmaritimomelilla.es\/clmar\/wp-content\/uploads\/2018\/02\/carnaval14-300x300.jpeg 300w\" sizes=\"(max-width: 150px) 100vw, 150px\" \/><\/a>\n\t\t\t<\/dt><\/dl><dl class='gallery-item'>\n\t\t\t<dt class='gallery-icon landscape'>\n\t\t\t\t<a data-rel=\"iLightbox[postimages]\" data-title=\"carnaval15\" data-caption=\"\" href='https:\/\/www.realclubmaritimomelilla.es\/clmar\/club-maritimo-celebra-carnaval-una-fiesta-infantil-disfraces\/carnaval15\/'><img decoding=\"async\" width=\"150\" height=\"150\" src=\"https:\/\/www.realclubmaritimomelilla.es\/clmar\/wp-content\/uploads\/2018\/02\/carnaval15-150x150.jpeg\" class=\"attachment-thumbnail size-thumbnail\" alt=\"\" srcset=\"https:\/\/www.realclubmaritimomelilla.es\/clmar\/wp-content\/uploads\/2018\/02\/carnaval15-50x50.jpeg 50w, https:\/\/www.realclubmaritimomelilla.es\/clmar\/wp-content\/uploads\/2018\/02\/carnaval15-66x66.jpeg 66w, https:\/\/www.realclubmaritimomelilla.es\/clmar\/wp-content\/uploads\/2018\/02\/carnaval15-150x150.jpeg 150w, https:\/\/www.realclubmaritimomelilla.es\/clmar\/wp-content\/uploads\/2018\/02\/carnaval15-300x300.jpeg 300w\" sizes=\"(max-width: 150px) 100vw, 150px\" \/><\/a>\n\t\t\t<\/dt><\/dl><br style=\"clear: both\" \/><dl class='gallery-item'>\n\t\t\t<dt class='gallery-icon landscape'>\n\t\t\t\t<a data-rel=\"iLightbox[postimages]\" data-title=\"carnaval16\" data-caption=\"\" href='https:\/\/www.realclubmaritimomelilla.es\/clmar\/club-maritimo-celebra-carnaval-una-fiesta-infantil-disfraces\/carnaval16\/'><img decoding=\"async\" width=\"150\" height=\"150\" src=\"https:\/\/www.realclubmaritimomelilla.es\/clmar\/wp-content\/uploads\/2018\/02\/carnaval16-150x150.jpeg\" class=\"attachment-thumbnail size-thumbnail\" alt=\"\" srcset=\"https:\/\/www.realclubmaritimomelilla.es\/clmar\/wp-content\/uploads\/2018\/02\/carnaval16-50x50.jpeg 50w, https:\/\/www.realclubmaritimomelilla.es\/clmar\/wp-content\/uploads\/2018\/02\/carnaval16-66x66.jpeg 66w, https:\/\/www.realclubmaritimomelilla.es\/clmar\/wp-content\/uploads\/2018\/02\/carnaval16-150x150.jpeg 150w, https:\/\/www.realclubmaritimomelilla.es\/clmar\/wp-content\/uploads\/2018\/02\/carnaval16-300x300.jpeg 300w\" sizes=\"(max-width: 150px) 100vw, 150px\" \/><\/a>\n\t\t\t<\/dt><\/dl><dl class='gallery-item'>\n\t\t\t<dt class='gallery-icon landscape'>\n\t\t\t\t<a data-rel=\"iLightbox[postimages]\" data-title=\"carnaval17\" data-caption=\"\" href='https:\/\/www.realclubmaritimomelilla.es\/clmar\/club-maritimo-celebra-carnaval-una-fiesta-infantil-disfraces\/carnaval17\/'><img decoding=\"async\" width=\"150\" height=\"150\" src=\"https:\/\/www.realclubmaritimomelilla.es\/clmar\/wp-content\/uploads\/2018\/02\/carnaval17-150x150.jpeg\" class=\"attachment-thumbnail size-thumbnail\" alt=\"\" srcset=\"https:\/\/www.realclubmaritimomelilla.es\/clmar\/wp-content\/uploads\/2018\/02\/carnaval17-50x50.jpeg 50w, https:\/\/www.realclubmaritimomelilla.es\/clmar\/wp-content\/uploads\/2018\/02\/carnaval17-66x66.jpeg 66w, https:\/\/www.realclubmaritimomelilla.es\/clmar\/wp-content\/uploads\/2018\/02\/carnaval17-150x150.jpeg 150w, https:\/\/www.realclubmaritimomelilla.es\/clmar\/wp-content\/uploads\/2018\/02\/carnaval17-300x300.jpeg 300w\" sizes=\"(max-width: 150px) 100vw, 150px\" \/><\/a>\n\t\t\t<\/dt><\/dl><dl class='gallery-item'>\n\t\t\t<dt class='gallery-icon landscape'>\n\t\t\t\t<a data-rel=\"iLightbox[postimages]\" data-title=\"carnaval18\" data-caption=\"\" href='https:\/\/www.realclubmaritimomelilla.es\/clmar\/club-maritimo-celebra-carnaval-una-fiesta-infantil-disfraces\/carnaval18\/'><img decoding=\"async\" width=\"150\" height=\"150\" src=\"https:\/\/www.realclubmaritimomelilla.es\/clmar\/wp-content\/uploads\/2018\/02\/carnaval18-150x150.jpeg\" class=\"attachment-thumbnail size-thumbnail\" alt=\"\" srcset=\"https:\/\/www.realclubmaritimomelilla.es\/clmar\/wp-content\/uploads\/2018\/02\/carnaval18-50x50.jpeg 50w, https:\/\/www.realclubmaritimomelilla.es\/clmar\/wp-content\/uploads\/2018\/02\/carnaval18-66x66.jpeg 66w, https:\/\/www.realclubmaritimomelilla.es\/clmar\/wp-content\/uploads\/2018\/02\/carnaval18-150x150.jpeg 150w, https:\/\/www.realclubmaritimomelilla.es\/clmar\/wp-content\/uploads\/2018\/02\/carnaval18-300x300.jpeg 300w\" sizes=\"(max-width: 150px) 100vw, 150px\" \/><\/a>\n\t\t\t<\/dt><\/dl><br style=\"clear: both\" \/><dl class='gallery-item'>\n\t\t\t<dt class='gallery-icon landscape'>\n\t\t\t\t<a data-rel=\"iLightbox[postimages]\" data-title=\"carnaval19\" data-caption=\"\" href='https:\/\/www.realclubmaritimomelilla.es\/clmar\/club-maritimo-celebra-carnaval-una-fiesta-infantil-disfraces\/carnaval19\/'><img decoding=\"async\" width=\"150\" height=\"150\" src=\"https:\/\/www.realclubmaritimomelilla.es\/clmar\/wp-content\/uploads\/2018\/02\/carnaval19-150x150.jpeg\" class=\"attachment-thumbnail size-thumbnail\" alt=\"\" srcset=\"https:\/\/www.realclubmaritimomelilla.es\/clmar\/wp-content\/uploads\/2018\/02\/carnaval19-50x50.jpeg 50w, https:\/\/www.realclubmaritimomelilla.es\/clmar\/wp-content\/uploads\/2018\/02\/carnaval19-66x66.jpeg 66w, https:\/\/www.realclubmaritimomelilla.es\/clmar\/wp-content\/uploads\/2018\/02\/carnaval19-150x150.jpeg 150w, https:\/\/www.realclubmaritimomelilla.es\/clmar\/wp-content\/uploads\/2018\/02\/carnaval19-300x300.jpeg 300w\" sizes=\"(max-width: 150px) 100vw, 150px\" \/><\/a>\n\t\t\t<\/dt><\/dl><dl class='gallery-item'>\n\t\t\t<dt class='gallery-icon landscape'>\n\t\t\t\t<a data-rel=\"iLightbox[postimages]\" data-title=\"carnaval20\" data-caption=\"\" href='https:\/\/www.realclubmaritimomelilla.es\/clmar\/club-maritimo-celebra-carnaval-una-fiesta-infantil-disfraces\/carnaval20\/'><img decoding=\"async\" width=\"150\" height=\"150\" src=\"https:\/\/www.realclubmaritimomelilla.es\/clmar\/wp-content\/uploads\/2018\/02\/carnaval20-150x150.jpeg\" class=\"attachment-thumbnail size-thumbnail\" alt=\"\" srcset=\"https:\/\/www.realclubmaritimomelilla.es\/clmar\/wp-content\/uploads\/2018\/02\/carnaval20-50x50.jpeg 50w, https:\/\/www.realclubmaritimomelilla.es\/clmar\/wp-content\/uploads\/2018\/02\/carnaval20-66x66.jpeg 66w, https:\/\/www.realclubmaritimomelilla.es\/clmar\/wp-content\/uploads\/2018\/02\/carnaval20-150x150.jpeg 150w, https:\/\/www.realclubmaritimomelilla.es\/clmar\/wp-content\/uploads\/2018\/02\/carnaval20-300x300.jpeg 300w\" sizes=\"(max-width: 150px) 100vw, 150px\" \/><\/a>\n\t\t\t<\/dt><\/dl><dl class='gallery-item'>\n\t\t\t<dt class='gallery-icon landscape'>\n\t\t\t\t<a data-rel=\"iLightbox[postimages]\" data-title=\"carnaval21\" data-caption=\"\" href='https:\/\/www.realclubmaritimomelilla.es\/clmar\/club-maritimo-celebra-carnaval-una-fiesta-infantil-disfraces\/carnaval21\/'><img decoding=\"async\" width=\"150\" height=\"150\" src=\"https:\/\/www.realclubmaritimomelilla.es\/clmar\/wp-content\/uploads\/2018\/02\/carnaval21-150x150.jpeg\" class=\"attachment-thumbnail size-thumbnail\" alt=\"\" srcset=\"https:\/\/www.realclubmaritimomelilla.es\/clmar\/wp-content\/uploads\/2018\/02\/carnaval21-50x50.jpeg 50w, https:\/\/www.realclubmaritimomelilla.es\/clmar\/wp-content\/uploads\/2018\/02\/carnaval21-66x66.jpeg 66w, https:\/\/www.realclubmaritimomelilla.es\/clmar\/wp-content\/uploads\/2018\/02\/carnaval21-150x150.jpeg 150w, https:\/\/www.realclubmaritimomelilla.es\/clmar\/wp-content\/uploads\/2018\/02\/carnaval21-300x300.jpeg 300w\" sizes=\"(max-width: 150px) 100vw, 150px\" \/><\/a>\n\t\t\t<\/dt><\/dl><br style=\"clear: both\" \/>\n\t\t<\/div>\n\n","protected":false},"excerpt":{"rendered":"<p>Este s\u00e1bado los socios m\u00e1s j\u00f3venes de la entidad han sido los protagonistas de la fiesta infantil de disfraces, con la que se ha celebrado el Carnaval 2018. Una tarde llena de diversi\u00f3n para m\u00e1s de un centenar de j\u00f3venes, que han participado en esta actividad social organizada por el Club Mar\u00edtimo. Polic\u00edas, piratas, rokeras, [&hellip;]<\/p>\n","protected":false},"author":1,"featured_media":13302,"comment_status":"open","ping_status":"open","sticky":false,"template":"","format":"standard","meta":{"_acf_changed":false,"footnotes":""},"categories":[39,40],"tags":[],"class_list":["post-13301","post","type-post","status-publish","format-standard","has-post-thumbnail","hentry","category-celebraciones","category-club"],"acf":[],"yoast_head":"<!-- This site is optimized with the Yoast SEO plugin v27.5 - https:\/\/yoast.com\/product\/yoast-seo-wordpress\/ -->\n<title>EL CLUB MAR\u00cdTIMO CELEBRA EL CARNAVAL CON UNA FIESTA INFANTIL DE DISFRACES - Real Club Mar\u00edtimo de Melilla<\/title>\n<meta name=\"description\" content=\"EL CLUB MAR\u00cdTIMO CELEBRA EL CARNAVAL CON UNA FIESTA INFANTIL DE DISFRACES -\" \/>\n<meta name=\"robots\" content=\"index, follow, max-snippet:-1, max-image-preview:large, max-video-preview:-1\" \/>\n<link rel=\"canonical\" href=\"https:\/\/www.realclubmaritimomelilla.es\/clmar\/club-maritimo-celebra-carnaval-una-fiesta-infantil-disfraces\/\" \/>\n<meta property=\"og:locale\" content=\"es_ES\" \/>\n<meta property=\"og:type\" content=\"article\" \/>\n<meta property=\"og:title\" content=\"EL CLUB MAR\u00cdTIMO CELEBRA EL CARNAVAL CON UNA FIESTA INFANTIL DE DISFRACES - Real Club Mar\u00edtimo de Melilla\" \/>\n<meta property=\"og:description\" content=\"EL CLUB MAR\u00cdTIMO CELEBRA EL CARNAVAL CON UNA FIESTA INFANTIL DE DISFRACES -\" \/>\n<meta property=\"og:url\" content=\"https:\/\/www.realclubmaritimomelilla.es\/clmar\/club-maritimo-celebra-carnaval-una-fiesta-infantil-disfraces\/\" \/>\n<meta property=\"og:site_name\" content=\"Real Club Mar\u00edtimo de Melilla\" \/>\n<meta property=\"article:publisher\" content=\"https:\/\/www.facebook.com\/Real-Club-Mar%c3%adtimo-de-Melilla-588495841234214\/\" \/>\n<meta property=\"article:published_time\" content=\"2018-02-10T23:57:16+00:00\" \/>\n<meta property=\"og:image\" content=\"https:\/\/www.realclubmaritimomelilla.es\/clmar\/wp-content\/uploads\/2018\/02\/ocarnaval5.jpeg\" \/>\n\t<meta property=\"og:image:width\" content=\"1600\" \/>\n\t<meta property=\"og:image:height\" content=\"1200\" \/>\n\t<meta property=\"og:image:type\" content=\"image\/jpeg\" \/>\n<meta name=\"author\" content=\"RCMMelilla\" \/>\n<meta name=\"twitter:card\" content=\"summary_large_image\" \/>\n<meta name=\"twitter:creator\" content=\"@nauticarcmm\" \/>\n<meta name=\"twitter:site\" content=\"@nauticarcmm\" \/>\n<meta name=\"twitter:label1\" content=\"Escrito por\" \/>\n\t<meta name=\"twitter:data1\" content=\"RCMMelilla\" \/>\n\t<meta name=\"twitter:label2\" content=\"Tiempo de lectura\" \/>\n\t<meta name=\"twitter:data2\" content=\"1 minuto\" \/>\n<script type=\"application\/ld+json\" class=\"yoast-schema-graph\">{\"@context\":\"https:\\\/\\\/schema.org\",\"@graph\":[{\"@type\":\"Article\",\"@id\":\"https:\\\/\\\/www.realclubmaritimomelilla.es\\\/clmar\\\/club-maritimo-celebra-carnaval-una-fiesta-infantil-disfraces\\\/#article\",\"isPartOf\":{\"@id\":\"https:\\\/\\\/www.realclubmaritimomelilla.es\\\/clmar\\\/club-maritimo-celebra-carnaval-una-fiesta-infantil-disfraces\\\/\"},\"author\":{\"name\":\"RCMMelilla\",\"@id\":\"https:\\\/\\\/www.realclubmaritimomelilla.es\\\/clmar\\\/#\\\/schema\\\/person\\\/ebaa3713496dc6d48c872452e73a8e79\"},\"headline\":\"EL CLUB MAR\u00cdTIMO CELEBRA EL CARNAVAL CON UNA FIESTA INFANTIL DE DISFRACES\",\"datePublished\":\"2018-02-10T23:57:16+00:00\",\"mainEntityOfPage\":{\"@id\":\"https:\\\/\\\/www.realclubmaritimomelilla.es\\\/clmar\\\/club-maritimo-celebra-carnaval-una-fiesta-infantil-disfraces\\\/\"},\"wordCount\":113,\"commentCount\":0,\"publisher\":{\"@id\":\"https:\\\/\\\/www.realclubmaritimomelilla.es\\\/clmar\\\/#organization\"},\"image\":{\"@id\":\"https:\\\/\\\/www.realclubmaritimomelilla.es\\\/clmar\\\/club-maritimo-celebra-carnaval-una-fiesta-infantil-disfraces\\\/#primaryimage\"},\"thumbnailUrl\":\"https:\\\/\\\/www.realclubmaritimomelilla.es\\\/clmar\\\/wp-content\\\/uploads\\\/2018\\\/02\\\/ocarnaval5.jpeg\",\"articleSection\":[\"Celebraciones\",\"Club\"],\"inLanguage\":\"es\",\"potentialAction\":[{\"@type\":\"CommentAction\",\"name\":\"Comment\",\"target\":[\"https:\\\/\\\/www.realclubmaritimomelilla.es\\\/clmar\\\/club-maritimo-celebra-carnaval-una-fiesta-infantil-disfraces\\\/#respond\"]}]},{\"@type\":\"WebPage\",\"@id\":\"https:\\\/\\\/www.realclubmaritimomelilla.es\\\/clmar\\\/club-maritimo-celebra-carnaval-una-fiesta-infantil-disfraces\\\/\",\"url\":\"https:\\\/\\\/www.realclubmaritimomelilla.es\\\/clmar\\\/club-maritimo-celebra-carnaval-una-fiesta-infantil-disfraces\\\/\",\"name\":\"EL CLUB MAR\u00cdTIMO CELEBRA EL CARNAVAL CON UNA FIESTA INFANTIL DE DISFRACES - Real Club Mar\u00edtimo de Melilla\",\"isPartOf\":{\"@id\":\"https:\\\/\\\/www.realclubmaritimomelilla.es\\\/clmar\\\/#website\"},\"primaryImageOfPage\":{\"@id\":\"https:\\\/\\\/www.realclubmaritimomelilla.es\\\/clmar\\\/club-maritimo-celebra-carnaval-una-fiesta-infantil-disfraces\\\/#primaryimage\"},\"image\":{\"@id\":\"https:\\\/\\\/www.realclubmaritimomelilla.es\\\/clmar\\\/club-maritimo-celebra-carnaval-una-fiesta-infantil-disfraces\\\/#primaryimage\"},\"thumbnailUrl\":\"https:\\\/\\\/www.realclubmaritimomelilla.es\\\/clmar\\\/wp-content\\\/uploads\\\/2018\\\/02\\\/ocarnaval5.jpeg\",\"datePublished\":\"2018-02-10T23:57:16+00:00\",\"description\":\"EL CLUB MAR\u00cdTIMO CELEBRA EL CARNAVAL CON UNA FIESTA INFANTIL DE DISFRACES -\",\"breadcrumb\":{\"@id\":\"https:\\\/\\\/www.realclubmaritimomelilla.es\\\/clmar\\\/club-maritimo-celebra-carnaval-una-fiesta-infantil-disfraces\\\/#breadcrumb\"},\"inLanguage\":\"es\",\"potentialAction\":[{\"@type\":\"ReadAction\",\"target\":[\"https:\\\/\\\/www.realclubmaritimomelilla.es\\\/clmar\\\/club-maritimo-celebra-carnaval-una-fiesta-infantil-disfraces\\\/\"]}]},{\"@type\":\"ImageObject\",\"inLanguage\":\"es\",\"@id\":\"https:\\\/\\\/www.realclubmaritimomelilla.es\\\/clmar\\\/club-maritimo-celebra-carnaval-una-fiesta-infantil-disfraces\\\/#primaryimage\",\"url\":\"https:\\\/\\\/www.realclubmaritimomelilla.es\\\/clmar\\\/wp-content\\\/uploads\\\/2018\\\/02\\\/ocarnaval5.jpeg\",\"contentUrl\":\"https:\\\/\\\/www.realclubmaritimomelilla.es\\\/clmar\\\/wp-content\\\/uploads\\\/2018\\\/02\\\/ocarnaval5.jpeg\",\"width\":1600,\"height\":1200},{\"@type\":\"BreadcrumbList\",\"@id\":\"https:\\\/\\\/www.realclubmaritimomelilla.es\\\/clmar\\\/club-maritimo-celebra-carnaval-una-fiesta-infantil-disfraces\\\/#breadcrumb\",\"itemListElement\":[{\"@type\":\"ListItem\",\"position\":1,\"name\":\"Portada\",\"item\":\"https:\\\/\\\/www.realclubmaritimomelilla.es\\\/clmar\\\/\"},{\"@type\":\"ListItem\",\"position\":2,\"name\":\"EL CLUB MAR\u00cdTIMO CELEBRA EL CARNAVAL CON UNA FIESTA INFANTIL DE DISFRACES\"}]},{\"@type\":\"WebSite\",\"@id\":\"https:\\\/\\\/www.realclubmaritimomelilla.es\\\/clmar\\\/#website\",\"url\":\"https:\\\/\\\/www.realclubmaritimomelilla.es\\\/clmar\\\/\",\"name\":\"Real Club Mar\u00edtimo de Melilla\",\"description\":\"RCMM\",\"publisher\":{\"@id\":\"https:\\\/\\\/www.realclubmaritimomelilla.es\\\/clmar\\\/#organization\"},\"alternateName\":\"RCMM\",\"potentialAction\":[{\"@type\":\"SearchAction\",\"target\":{\"@type\":\"EntryPoint\",\"urlTemplate\":\"https:\\\/\\\/www.realclubmaritimomelilla.es\\\/clmar\\\/?s={search_term_string}\"},\"query-input\":{\"@type\":\"PropertyValueSpecification\",\"valueRequired\":true,\"valueName\":\"search_term_string\"}}],\"inLanguage\":\"es\"},{\"@type\":\"Organization\",\"@id\":\"https:\\\/\\\/www.realclubmaritimomelilla.es\\\/clmar\\\/#organization\",\"name\":\"Real Club Mar\u00edtimo de Melilla\",\"alternateName\":\"RCMM\",\"url\":\"https:\\\/\\\/www.realclubmaritimomelilla.es\\\/clmar\\\/\",\"logo\":{\"@type\":\"ImageObject\",\"inLanguage\":\"es\",\"@id\":\"https:\\\/\\\/www.realclubmaritimomelilla.es\\\/clmar\\\/#\\\/schema\\\/logo\\\/image\\\/\",\"url\":\"https:\\\/\\\/www.realclubmaritimomelilla.es\\\/clmar\\\/wp-content\\\/uploads\\\/logo-club-original-copia.jpg\",\"contentUrl\":\"https:\\\/\\\/www.realclubmaritimomelilla.es\\\/clmar\\\/wp-content\\\/uploads\\\/logo-club-original-copia.jpg\",\"width\":128,\"height\":89,\"caption\":\"Real Club Mar\u00edtimo de Melilla\"},\"image\":{\"@id\":\"https:\\\/\\\/www.realclubmaritimomelilla.es\\\/clmar\\\/#\\\/schema\\\/logo\\\/image\\\/\"},\"sameAs\":[\"https:\\\/\\\/www.facebook.com\\\/Real-Club-Mar\u00edtimo-de-Melilla-588495841234214\\\/\",\"https:\\\/\\\/x.com\\\/nauticarcmm\",\"https:\\\/\\\/www.instagram.com\\\/club_maritimo_melilla\\\/\",\"https:\\\/\\\/www.youtube.com\\\/@realclubmaritimodemelilla4703\",\"https:\\\/\\\/es.wikipedia.org\\\/wiki\\\/Real_Club_Mar\u00edtimo_de_Melilla\"]},{\"@type\":\"Person\",\"@id\":\"https:\\\/\\\/www.realclubmaritimomelilla.es\\\/clmar\\\/#\\\/schema\\\/person\\\/ebaa3713496dc6d48c872452e73a8e79\",\"name\":\"RCMMelilla\",\"image\":{\"@type\":\"ImageObject\",\"inLanguage\":\"es\",\"@id\":\"https:\\\/\\\/secure.gravatar.com\\\/avatar\\\/df1c24789360fb9308735c4ee556fc2bc5bf924bf01e53043b8b97ba272da33c?s=96&d=mm&r=g\",\"url\":\"https:\\\/\\\/secure.gravatar.com\\\/avatar\\\/df1c24789360fb9308735c4ee556fc2bc5bf924bf01e53043b8b97ba272da33c?s=96&d=mm&r=g\",\"contentUrl\":\"https:\\\/\\\/secure.gravatar.com\\\/avatar\\\/df1c24789360fb9308735c4ee556fc2bc5bf924bf01e53043b8b97ba272da33c?s=96&d=mm&r=g\",\"caption\":\"RCMMelilla\"}}]}<\/script>\n<!-- \/ Yoast SEO plugin. -->","yoast_head_json":{"title":"EL CLUB MAR\u00cdTIMO CELEBRA EL CARNAVAL CON UNA FIESTA INFANTIL DE DISFRACES - Real Club Mar\u00edtimo de Melilla","description":"EL CLUB MAR\u00cdTIMO CELEBRA EL CARNAVAL CON UNA FIESTA INFANTIL DE DISFRACES -","robots":{"index":"index","follow":"follow","max-snippet":"max-snippet:-1","max-image-preview":"max-image-preview:large","max-video-preview":"max-video-preview:-1"},"canonical":"https:\/\/www.realclubmaritimomelilla.es\/clmar\/club-maritimo-celebra-carnaval-una-fiesta-infantil-disfraces\/","og_locale":"es_ES","og_type":"article","og_title":"EL CLUB MAR\u00cdTIMO CELEBRA EL CARNAVAL CON UNA FIESTA INFANTIL DE DISFRACES - Real Club Mar\u00edtimo de Melilla","og_description":"EL CLUB MAR\u00cdTIMO CELEBRA EL CARNAVAL CON UNA FIESTA INFANTIL DE DISFRACES -","og_url":"https:\/\/www.realclubmaritimomelilla.es\/clmar\/club-maritimo-celebra-carnaval-una-fiesta-infantil-disfraces\/","og_site_name":"Real Club Mar\u00edtimo de Melilla","article_publisher":"https:\/\/www.facebook.com\/Real-Club-Mar%c3%adtimo-de-Melilla-588495841234214\/","article_published_time":"2018-02-10T23:57:16+00:00","og_image":[{"width":1600,"height":1200,"url":"https:\/\/www.realclubmaritimomelilla.es\/clmar\/wp-content\/uploads\/2018\/02\/ocarnaval5.jpeg","type":"image\/jpeg"}],"author":"RCMMelilla","twitter_card":"summary_large_image","twitter_creator":"@nauticarcmm","twitter_site":"@nauticarcmm","twitter_misc":{"Escrito por":"RCMMelilla","Tiempo de lectura":"1 minuto"},"schema":{"@context":"https:\/\/schema.org","@graph":[{"@type":"Article","@id":"https:\/\/www.realclubmaritimomelilla.es\/clmar\/club-maritimo-celebra-carnaval-una-fiesta-infantil-disfraces\/#article","isPartOf":{"@id":"https:\/\/www.realclubmaritimomelilla.es\/clmar\/club-maritimo-celebra-carnaval-una-fiesta-infantil-disfraces\/"},"author":{"name":"RCMMelilla","@id":"https:\/\/www.realclubmaritimomelilla.es\/clmar\/#\/schema\/person\/ebaa3713496dc6d48c872452e73a8e79"},"headline":"EL CLUB MAR\u00cdTIMO CELEBRA EL CARNAVAL CON UNA FIESTA INFANTIL DE DISFRACES","datePublished":"2018-02-10T23:57:16+00:00","mainEntityOfPage":{"@id":"https:\/\/www.realclubmaritimomelilla.es\/clmar\/club-maritimo-celebra-carnaval-una-fiesta-infantil-disfraces\/"},"wordCount":113,"commentCount":0,"publisher":{"@id":"https:\/\/www.realclubmaritimomelilla.es\/clmar\/#organization"},"image":{"@id":"https:\/\/www.realclubmaritimomelilla.es\/clmar\/club-maritimo-celebra-carnaval-una-fiesta-infantil-disfraces\/#primaryimage"},"thumbnailUrl":"https:\/\/www.realclubmaritimomelilla.es\/clmar\/wp-content\/uploads\/2018\/02\/ocarnaval5.jpeg","articleSection":["Celebraciones","Club"],"inLanguage":"es","potentialAction":[{"@type":"CommentAction","name":"Comment","target":["https:\/\/www.realclubmaritimomelilla.es\/clmar\/club-maritimo-celebra-carnaval-una-fiesta-infantil-disfraces\/#respond"]}]},{"@type":"WebPage","@id":"https:\/\/www.realclubmaritimomelilla.es\/clmar\/club-maritimo-celebra-carnaval-una-fiesta-infantil-disfraces\/","url":"https:\/\/www.realclubmaritimomelilla.es\/clmar\/club-maritimo-celebra-carnaval-una-fiesta-infantil-disfraces\/","name":"EL CLUB MAR\u00cdTIMO CELEBRA EL CARNAVAL CON UNA FIESTA INFANTIL DE DISFRACES - Real Club Mar\u00edtimo de Melilla","isPartOf":{"@id":"https:\/\/www.realclubmaritimomelilla.es\/clmar\/#website"},"primaryImageOfPage":{"@id":"https:\/\/www.realclubmaritimomelilla.es\/clmar\/club-maritimo-celebra-carnaval-una-fiesta-infantil-disfraces\/#primaryimage"},"image":{"@id":"https:\/\/www.realclubmaritimomelilla.es\/clmar\/club-maritimo-celebra-carnaval-una-fiesta-infantil-disfraces\/#primaryimage"},"thumbnailUrl":"https:\/\/www.realclubmaritimomelilla.es\/clmar\/wp-content\/uploads\/2018\/02\/ocarnaval5.jpeg","datePublished":"2018-02-10T23:57:16+00:00","description":"EL CLUB MAR\u00cdTIMO CELEBRA EL CARNAVAL CON UNA FIESTA INFANTIL DE DISFRACES -","breadcrumb":{"@id":"https:\/\/www.realclubmaritimomelilla.es\/clmar\/club-maritimo-celebra-carnaval-una-fiesta-infantil-disfraces\/#breadcrumb"},"inLanguage":"es","potentialAction":[{"@type":"ReadAction","target":["https:\/\/www.realclubmaritimomelilla.es\/clmar\/club-maritimo-celebra-carnaval-una-fiesta-infantil-disfraces\/"]}]},{"@type":"ImageObject","inLanguage":"es","@id":"https:\/\/www.realclubmaritimomelilla.es\/clmar\/club-maritimo-celebra-carnaval-una-fiesta-infantil-disfraces\/#primaryimage","url":"https:\/\/www.realclubmaritimomelilla.es\/clmar\/wp-content\/uploads\/2018\/02\/ocarnaval5.jpeg","contentUrl":"https:\/\/www.realclubmaritimomelilla.es\/clmar\/wp-content\/uploads\/2018\/02\/ocarnaval5.jpeg","width":1600,"height":1200},{"@type":"BreadcrumbList","@id":"https:\/\/www.realclubmaritimomelilla.es\/clmar\/club-maritimo-celebra-carnaval-una-fiesta-infantil-disfraces\/#breadcrumb","itemListElement":[{"@type":"ListItem","position":1,"name":"Portada","item":"https:\/\/www.realclubmaritimomelilla.es\/clmar\/"},{"@type":"ListItem","position":2,"name":"EL CLUB MAR\u00cdTIMO CELEBRA EL CARNAVAL CON UNA FIESTA INFANTIL DE DISFRACES"}]},{"@type":"WebSite","@id":"https:\/\/www.realclubmaritimomelilla.es\/clmar\/#website","url":"https:\/\/www.realclubmaritimomelilla.es\/clmar\/","name":"Real Club Mar\u00edtimo de Melilla","description":"RCMM","publisher":{"@id":"https:\/\/www.realclubmaritimomelilla.es\/clmar\/#organization"},"alternateName":"RCMM","potentialAction":[{"@type":"SearchAction","target":{"@type":"EntryPoint","urlTemplate":"https:\/\/www.realclubmaritimomelilla.es\/clmar\/?s={search_term_string}"},"query-input":{"@type":"PropertyValueSpecification","valueRequired":true,"valueName":"search_term_string"}}],"inLanguage":"es"},{"@type":"Organization","@id":"https:\/\/www.realclubmaritimomelilla.es\/clmar\/#organization","name":"Real Club Mar\u00edtimo de Melilla","alternateName":"RCMM","url":"https:\/\/www.realclubmaritimomelilla.es\/clmar\/","logo":{"@type":"ImageObject","inLanguage":"es","@id":"https:\/\/www.realclubmaritimomelilla.es\/clmar\/#\/schema\/logo\/image\/","url":"https:\/\/www.realclubmaritimomelilla.es\/clmar\/wp-content\/uploads\/logo-club-original-copia.jpg","contentUrl":"https:\/\/www.realclubmaritimomelilla.es\/clmar\/wp-content\/uploads\/logo-club-original-copia.jpg","width":128,"height":89,"caption":"Real Club Mar\u00edtimo de Melilla"},"image":{"@id":"https:\/\/www.realclubmaritimomelilla.es\/clmar\/#\/schema\/logo\/image\/"},"sameAs":["https:\/\/www.facebook.com\/Real-Club-Mar\u00edtimo-de-Melilla-588495841234214\/","https:\/\/x.com\/nauticarcmm","https:\/\/www.instagram.com\/club_maritimo_melilla\/","https:\/\/www.youtube.com\/@realclubmaritimodemelilla4703","https:\/\/es.wikipedia.org\/wiki\/Real_Club_Mar\u00edtimo_de_Melilla"]},{"@type":"Person","@id":"https:\/\/www.realclubmaritimomelilla.es\/clmar\/#\/schema\/person\/ebaa3713496dc6d48c872452e73a8e79","name":"RCMMelilla","image":{"@type":"ImageObject","inLanguage":"es","@id":"https:\/\/secure.gravatar.com\/avatar\/df1c24789360fb9308735c4ee556fc2bc5bf924bf01e53043b8b97ba272da33c?s=96&d=mm&r=g","url":"https:\/\/secure.gravatar.com\/avatar\/df1c24789360fb9308735c4ee556fc2bc5bf924bf01e53043b8b97ba272da33c?s=96&d=mm&r=g","contentUrl":"https:\/\/secure.gravatar.com\/avatar\/df1c24789360fb9308735c4ee556fc2bc5bf924bf01e53043b8b97ba272da33c?s=96&d=mm&r=g","caption":"RCMMelilla"}}]}},"_links":{"self":[{"href":"https:\/\/www.realclubmaritimomelilla.es\/clmar\/wp-json\/wp\/v2\/posts\/13301","targetHints":{"allow":["GET"]}}],"collection":[{"href":"https:\/\/www.realclubmaritimomelilla.es\/clmar\/wp-json\/wp\/v2\/posts"}],"about":[{"href":"https:\/\/www.realclubmaritimomelilla.es\/clmar\/wp-json\/wp\/v2\/types\/post"}],"author":[{"embeddable":true,"href":"https:\/\/www.realclubmaritimomelilla.es\/clmar\/wp-json\/wp\/v2\/users\/1"}],"replies":[{"embeddable":true,"href":"https:\/\/www.realclubmaritimomelilla.es\/clmar\/wp-json\/wp\/v2\/comments?post=13301"}],"version-history":[{"count":1,"href":"https:\/\/www.realclubmaritimomelilla.es\/clmar\/wp-json\/wp\/v2\/posts\/13301\/revisions"}],"predecessor-version":[{"id":13336,"href":"https:\/\/www.realclubmaritimomelilla.es\/clmar\/wp-json\/wp\/v2\/posts\/13301\/revisions\/13336"}],"wp:featuredmedia":[{"embeddable":true,"href":"https:\/\/www.realclubmaritimomelilla.es\/clmar\/wp-json\/wp\/v2\/media\/13302"}],"wp:attachment":[{"href":"https:\/\/www.realclubmaritimomelilla.es\/clmar\/wp-json\/wp\/v2\/media?parent=13301"}],"wp:term":[{"taxonomy":"category","embeddable":true,"href":"https:\/\/www.realclubmaritimomelilla.es\/clmar\/wp-json\/wp\/v2\/categories?post=13301"},{"taxonomy":"post_tag","embeddable":true,"href":"https:\/\/www.realclubmaritimomelilla.es\/clmar\/wp-json\/wp\/v2\/tags?post=13301"}],"curies":[{"name":"wp","href":"https:\/\/api.w.org\/{rel}","templated":true}]}}