{"id":13284,"date":"2018-02-05T11:02:19","date_gmt":"2018-02-05T11:02:19","guid":{"rendered":"http:\/\/www.clubmaritimomelilla.es\/clmar\/?p=13284"},"modified":"2024-03-26T11:37:24","modified_gmt":"2024-03-26T10:37:24","slug":"pablo-cervilla-copa-andalucia-laser-2018","status":"publish","type":"post","link":"https:\/\/www.realclubmaritimomelilla.es\/clmar\/pablo-cervilla-copa-andalucia-laser-2018\/","title":{"rendered":"PABLO CERVILLA, EN EL PODIO DE LA COPA ANDALUC\u00cdA L\u00c1SER 4.7"},"content":{"rendered":"<p>El Equipo de Regatas del Real Club Mar\u00edtimo de Melilla ha regresado esta ma\u00f1ana a la ciudad, tras su participaci\u00f3n este fin de semana en la Copa de Andaluc\u00eda de L\u00e1ser Radial y 4.7.<\/p>\n<p>Este es el segundo desplazamiento del a\u00f1o para los regatistas del Club Mar\u00edtimo y siguiendo la l\u00ednea de buenos resultados, esta vez ha sido Pablo Cervilla el que ha subido al podio. Pablo se ha convertido en el campe\u00f3n en la categor\u00eda sub-16 dentro de la flota L\u00e1ser 4.7.<\/p>\n<p>La competici\u00f3n organizada por el RCN del Puerto de Santa Mar\u00eda y la Federaci\u00f3n Andaluza de Vela ha contado con m\u00e1s de cincuenta regatistas en las distintas modalidades de l\u00e1ser, entre los que se inclu\u00edan los seis deportistas del Club Mar\u00edtimo, tres en 4.7 y otros tantos en Radial.<\/p>\n<p>El campo de regata se estableci\u00f3 en la bah\u00eda de C\u00e1diz, frente a la playa de Valdelagrana. El s\u00e1bado, con viento de Norte con intensidad entre 7 y 11 nudos, se realizaron las dos mangas que han servido para establecer la clasificaci\u00f3n. El domingo, el Comit\u00e9 solo pudo dar una salida, que termin\u00f3 anulando por falta de viento.<\/p>\n<p>Miguel Due\u00f1as, con un s\u00e9ptimo puesto en la clasificaci\u00f3n general de L\u00e1ser 4.7, ha tenido una actuaci\u00f3n muy destacada. Su dos resultados parciales, quinto y noveno, le han permitido terminar en el Top10, en una flota de cuarenta unidades con alguno de los regatistas que han copado los primeros puestos en el Campeonato de Espa\u00f1a de la clase. Por su parte, Pablo Cervilla, adem\u00e1s de ser el mejor en la categor\u00eda sub16, tambi\u00e9n ha acabado entre los diez primeros de la flota, con un d\u00e9cimo lugar en la general. Mientras que Mar\u00eda Montesinos, tras superar unos problemas f\u00edsicos, ha acabado en un meritorio vig\u00e9simo quinto puesto y como cuarta f\u00e9mina de la flota.<\/p>\n<p>En cuanto a los tres representantes melillenses en la clase L\u00e1ser Radial, les toc\u00f3 navegar en condiciones muy complicadas para ellos. A\u00fan as\u00ed, destacar el und\u00e9cimo puesto de Israel Mart\u00ednez, entre una flota de veinte unidades. Adem\u00e1s, Fidel Moga d\u00e9cimo tercero y Antonio Revilla en la posici\u00f3n d\u00e9cimo quinta.<\/p>\n<p>El responsable de la expedici\u00f3n ha sido Yasir Mohamed, quien se mostraba satisfecho de la experiencia vivida por los regatistas del Club Mar\u00edtimo: &#8220;En general han realizado un buen papel. Si hubi\u00e9ramos regateado el domingo habr\u00edamos tenido la oportunidad de mejorar los puestos, a pesar de que el nivel de esta Copa de Andaluc\u00eda ha sido muy alto&#8221;.<\/p>\n<p><img decoding=\"async\" class=\"aligncenter size-large wp-image-13285\" src=\"http:\/\/www.clubmaritimomelilla.es\/clmar\/wp-content\/uploads\/2018\/02\/ER-RCMM-a-Copa-Andaluc\u00eda-L\u00e1ser-1024x768.jpeg\" alt=\"\" width=\"669\" height=\"502\" srcset=\"https:\/\/www.realclubmaritimomelilla.es\/clmar\/wp-content\/uploads\/2018\/02\/ER-RCMM-a-Copa-Andaluc\u00eda-L\u00e1ser-300x225.jpeg 300w, https:\/\/www.realclubmaritimomelilla.es\/clmar\/wp-content\/uploads\/2018\/02\/ER-RCMM-a-Copa-Andaluc\u00eda-L\u00e1ser-600x450.jpeg 600w, https:\/\/www.realclubmaritimomelilla.es\/clmar\/wp-content\/uploads\/2018\/02\/ER-RCMM-a-Copa-Andaluc\u00eda-L\u00e1ser-768x576.jpeg 768w, https:\/\/www.realclubmaritimomelilla.es\/clmar\/wp-content\/uploads\/2018\/02\/ER-RCMM-a-Copa-Andaluc\u00eda-L\u00e1ser-1024x768.jpeg 1024w, https:\/\/www.realclubmaritimomelilla.es\/clmar\/wp-content\/uploads\/2018\/02\/ER-RCMM-a-Copa-Andaluc\u00eda-L\u00e1ser.jpeg 1600w\" sizes=\"(max-width: 669px) 100vw, 669px\" \/><\/p>\n","protected":false},"excerpt":{"rendered":"<p>El Equipo de Regatas del Real Club Mar\u00edtimo de Melilla ha regresado esta ma\u00f1ana a la ciudad, tras su participaci\u00f3n este fin de semana en la Copa de Andaluc\u00eda de L\u00e1ser Radial y 4.7. Este es el segundo desplazamiento del a\u00f1o para los regatistas del Club Mar\u00edtimo y siguiendo la l\u00ednea de buenos resultados, esta [&hellip;]<\/p>\n","protected":false},"author":1,"featured_media":13286,"comment_status":"open","ping_status":"open","sticky":false,"template":"","format":"standard","meta":{"_acf_changed":false,"footnotes":""},"categories":[38],"tags":[],"class_list":["post-13284","post","type-post","status-publish","format-standard","has-post-thumbnail","hentry","category-nautica"],"acf":[],"yoast_head":"<!-- This site is optimized with the Yoast SEO plugin v27.5 - https:\/\/yoast.com\/product\/yoast-seo-wordpress\/ -->\n<title>PABLO CERVILLA, EN EL PODIO DE LA COPA ANDALUC\u00cdA L\u00c1SER 4.7<\/title>\n<meta name=\"description\" content=\"El Equipo de Regatas del RCMM ha regresado a la ciudad, tras su participaci\u00f3n en la Copa de Andaluc\u00eda de L\u00e1ser Radial y 4.7.\" \/>\n<meta name=\"robots\" content=\"index, follow, max-snippet:-1, max-image-preview:large, max-video-preview:-1\" \/>\n<link rel=\"canonical\" href=\"https:\/\/www.realclubmaritimomelilla.es\/clmar\/\" \/>\n<meta property=\"og:locale\" content=\"es_ES\" \/>\n<meta property=\"og:type\" content=\"article\" \/>\n<meta property=\"og:title\" content=\"PABLO CERVILLA, EN EL PODIO DE LA COPA ANDALUC\u00cdA L\u00c1SER 4.7\" \/>\n<meta property=\"og:description\" content=\"El Equipo de Regatas del RCMM ha regresado a la ciudad, tras su participaci\u00f3n en la Copa de Andaluc\u00eda de L\u00e1ser Radial y 4.7.\" \/>\n<meta property=\"og:url\" content=\"https:\/\/www.realclubmaritimomelilla.es\/clmar\/\" \/>\n<meta property=\"og:site_name\" content=\"Real Club Mar\u00edtimo de Melilla\" \/>\n<meta property=\"article:publisher\" content=\"https:\/\/www.facebook.com\/Real-Club-Mar%c3%adtimo-de-Melilla-588495841234214\/\" \/>\n<meta property=\"article:published_time\" content=\"2018-02-05T11:02:19+00:00\" \/>\n<meta property=\"article:modified_time\" content=\"2024-03-26T10:37:24+00:00\" \/>\n<meta property=\"og:image\" content=\"https:\/\/www.realclubmaritimomelilla.es\/clmar\/wp-content\/uploads\/2018\/02\/Pablo-Cervilla-campe\u00f3n-sub16.jpeg\" \/>\n\t<meta property=\"og:image:width\" content=\"1334\" \/>\n\t<meta property=\"og:image:height\" content=\"750\" \/>\n\t<meta property=\"og:image:type\" content=\"image\/jpeg\" \/>\n<meta name=\"author\" content=\"RCMMelilla\" \/>\n<meta name=\"twitter:card\" content=\"summary_large_image\" \/>\n<meta name=\"twitter:creator\" content=\"@nauticarcmm\" \/>\n<meta name=\"twitter:site\" content=\"@nauticarcmm\" \/>\n<meta name=\"twitter:label1\" content=\"Escrito por\" \/>\n\t<meta name=\"twitter:data1\" content=\"RCMMelilla\" \/>\n\t<meta name=\"twitter:label2\" content=\"Tiempo de lectura\" \/>\n\t<meta name=\"twitter:data2\" content=\"2 minutos\" \/>\n<script type=\"application\/ld+json\" class=\"yoast-schema-graph\">{\"@context\":\"https:\\\/\\\/schema.org\",\"@graph\":[{\"@type\":\"Article\",\"@id\":\"https:\\\/\\\/www.realclubmaritimomelilla.es\\\/clmar\\\/#article\",\"isPartOf\":{\"@id\":\"https:\\\/\\\/www.realclubmaritimomelilla.es\\\/clmar\\\/pablo-cervilla-copa-andalucia-laser-2018\\\/\"},\"author\":{\"name\":\"RCMMelilla\",\"@id\":\"https:\\\/\\\/www.realclubmaritimomelilla.es\\\/clmar\\\/#\\\/schema\\\/person\\\/ebaa3713496dc6d48c872452e73a8e79\"},\"headline\":\"PABLO CERVILLA, EN EL PODIO DE LA COPA ANDALUC\u00cdA L\u00c1SER 4.7\",\"datePublished\":\"2018-02-05T11:02:19+00:00\",\"dateModified\":\"2024-03-26T10:37:24+00:00\",\"mainEntityOfPage\":{\"@id\":\"https:\\\/\\\/www.realclubmaritimomelilla.es\\\/clmar\\\/pablo-cervilla-copa-andalucia-laser-2018\\\/\"},\"wordCount\":465,\"commentCount\":0,\"publisher\":{\"@id\":\"https:\\\/\\\/www.realclubmaritimomelilla.es\\\/clmar\\\/#organization\"},\"image\":{\"@id\":\"https:\\\/\\\/www.realclubmaritimomelilla.es\\\/clmar\\\/#primaryimage\"},\"thumbnailUrl\":\"https:\\\/\\\/www.realclubmaritimomelilla.es\\\/clmar\\\/wp-content\\\/uploads\\\/2018\\\/02\\\/Pablo-Cervilla-campe\u00f3n-sub16.jpeg\",\"articleSection\":[\"N\u00e1utica\"],\"inLanguage\":\"es\",\"potentialAction\":[{\"@type\":\"CommentAction\",\"name\":\"Comment\",\"target\":[\"https:\\\/\\\/www.realclubmaritimomelilla.es\\\/clmar\\\/#respond\"]}]},{\"@type\":\"WebPage\",\"@id\":\"https:\\\/\\\/www.realclubmaritimomelilla.es\\\/clmar\\\/pablo-cervilla-copa-andalucia-laser-2018\\\/\",\"url\":\"https:\\\/\\\/www.realclubmaritimomelilla.es\\\/clmar\\\/\",\"name\":\"PABLO CERVILLA, EN EL PODIO DE LA COPA ANDALUC\u00cdA L\u00c1SER 4.7\",\"isPartOf\":{\"@id\":\"https:\\\/\\\/www.realclubmaritimomelilla.es\\\/clmar\\\/#website\"},\"primaryImageOfPage\":{\"@id\":\"https:\\\/\\\/www.realclubmaritimomelilla.es\\\/clmar\\\/#primaryimage\"},\"image\":{\"@id\":\"https:\\\/\\\/www.realclubmaritimomelilla.es\\\/clmar\\\/#primaryimage\"},\"thumbnailUrl\":\"https:\\\/\\\/www.realclubmaritimomelilla.es\\\/clmar\\\/wp-content\\\/uploads\\\/2018\\\/02\\\/Pablo-Cervilla-campe\u00f3n-sub16.jpeg\",\"datePublished\":\"2018-02-05T11:02:19+00:00\",\"dateModified\":\"2024-03-26T10:37:24+00:00\",\"description\":\"El Equipo de Regatas del RCMM ha regresado a la ciudad, tras su participaci\u00f3n en la Copa de Andaluc\u00eda de L\u00e1ser Radial y 4.7.\",\"breadcrumb\":{\"@id\":\"https:\\\/\\\/www.realclubmaritimomelilla.es\\\/clmar\\\/#breadcrumb\"},\"inLanguage\":\"es\",\"potentialAction\":[{\"@type\":\"ReadAction\",\"target\":[\"https:\\\/\\\/www.realclubmaritimomelilla.es\\\/clmar\\\/\"]}]},{\"@type\":\"ImageObject\",\"inLanguage\":\"es\",\"@id\":\"https:\\\/\\\/www.realclubmaritimomelilla.es\\\/clmar\\\/#primaryimage\",\"url\":\"https:\\\/\\\/www.realclubmaritimomelilla.es\\\/clmar\\\/wp-content\\\/uploads\\\/2018\\\/02\\\/Pablo-Cervilla-campe\u00f3n-sub16.jpeg\",\"contentUrl\":\"https:\\\/\\\/www.realclubmaritimomelilla.es\\\/clmar\\\/wp-content\\\/uploads\\\/2018\\\/02\\\/Pablo-Cervilla-campe\u00f3n-sub16.jpeg\",\"width\":1334,\"height\":750},{\"@type\":\"BreadcrumbList\",\"@id\":\"https:\\\/\\\/www.realclubmaritimomelilla.es\\\/clmar\\\/#breadcrumb\",\"itemListElement\":[{\"@type\":\"ListItem\",\"position\":1,\"name\":\"Portada\",\"item\":\"https:\\\/\\\/www.realclubmaritimomelilla.es\\\/clmar\\\/\"},{\"@type\":\"ListItem\",\"position\":2,\"name\":\"PABLO CERVILLA, EN EL PODIO DE LA COPA ANDALUC\u00cdA L\u00c1SER 4.7\"}]},{\"@type\":\"WebSite\",\"@id\":\"https:\\\/\\\/www.realclubmaritimomelilla.es\\\/clmar\\\/#website\",\"url\":\"https:\\\/\\\/www.realclubmaritimomelilla.es\\\/clmar\\\/\",\"name\":\"Real Club Mar\u00edtimo de Melilla\",\"description\":\"RCMM\",\"publisher\":{\"@id\":\"https:\\\/\\\/www.realclubmaritimomelilla.es\\\/clmar\\\/#organization\"},\"alternateName\":\"RCMM\",\"potentialAction\":[{\"@type\":\"SearchAction\",\"target\":{\"@type\":\"EntryPoint\",\"urlTemplate\":\"https:\\\/\\\/www.realclubmaritimomelilla.es\\\/clmar\\\/?s={search_term_string}\"},\"query-input\":{\"@type\":\"PropertyValueSpecification\",\"valueRequired\":true,\"valueName\":\"search_term_string\"}}],\"inLanguage\":\"es\"},{\"@type\":\"Organization\",\"@id\":\"https:\\\/\\\/www.realclubmaritimomelilla.es\\\/clmar\\\/#organization\",\"name\":\"Real Club Mar\u00edtimo de Melilla\",\"alternateName\":\"RCMM\",\"url\":\"https:\\\/\\\/www.realclubmaritimomelilla.es\\\/clmar\\\/\",\"logo\":{\"@type\":\"ImageObject\",\"inLanguage\":\"es\",\"@id\":\"https:\\\/\\\/www.realclubmaritimomelilla.es\\\/clmar\\\/#\\\/schema\\\/logo\\\/image\\\/\",\"url\":\"https:\\\/\\\/www.realclubmaritimomelilla.es\\\/clmar\\\/wp-content\\\/uploads\\\/logo-club-original-copia.jpg\",\"contentUrl\":\"https:\\\/\\\/www.realclubmaritimomelilla.es\\\/clmar\\\/wp-content\\\/uploads\\\/logo-club-original-copia.jpg\",\"width\":128,\"height\":89,\"caption\":\"Real Club Mar\u00edtimo de Melilla\"},\"image\":{\"@id\":\"https:\\\/\\\/www.realclubmaritimomelilla.es\\\/clmar\\\/#\\\/schema\\\/logo\\\/image\\\/\"},\"sameAs\":[\"https:\\\/\\\/www.facebook.com\\\/Real-Club-Mar\u00edtimo-de-Melilla-588495841234214\\\/\",\"https:\\\/\\\/x.com\\\/nauticarcmm\",\"https:\\\/\\\/www.instagram.com\\\/club_maritimo_melilla\\\/\",\"https:\\\/\\\/www.youtube.com\\\/@realclubmaritimodemelilla4703\",\"https:\\\/\\\/es.wikipedia.org\\\/wiki\\\/Real_Club_Mar\u00edtimo_de_Melilla\"]},{\"@type\":\"Person\",\"@id\":\"https:\\\/\\\/www.realclubmaritimomelilla.es\\\/clmar\\\/#\\\/schema\\\/person\\\/ebaa3713496dc6d48c872452e73a8e79\",\"name\":\"RCMMelilla\",\"image\":{\"@type\":\"ImageObject\",\"inLanguage\":\"es\",\"@id\":\"https:\\\/\\\/secure.gravatar.com\\\/avatar\\\/df1c24789360fb9308735c4ee556fc2bc5bf924bf01e53043b8b97ba272da33c?s=96&d=mm&r=g\",\"url\":\"https:\\\/\\\/secure.gravatar.com\\\/avatar\\\/df1c24789360fb9308735c4ee556fc2bc5bf924bf01e53043b8b97ba272da33c?s=96&d=mm&r=g\",\"contentUrl\":\"https:\\\/\\\/secure.gravatar.com\\\/avatar\\\/df1c24789360fb9308735c4ee556fc2bc5bf924bf01e53043b8b97ba272da33c?s=96&d=mm&r=g\",\"caption\":\"RCMMelilla\"}}]}<\/script>\n<!-- \/ Yoast SEO plugin. -->","yoast_head_json":{"title":"PABLO CERVILLA, EN EL PODIO DE LA COPA ANDALUC\u00cdA L\u00c1SER 4.7","description":"El Equipo de Regatas del RCMM ha regresado a la ciudad, tras su participaci\u00f3n en la Copa de Andaluc\u00eda de L\u00e1ser Radial y 4.7.","robots":{"index":"index","follow":"follow","max-snippet":"max-snippet:-1","max-image-preview":"max-image-preview:large","max-video-preview":"max-video-preview:-1"},"canonical":"https:\/\/www.realclubmaritimomelilla.es\/clmar\/","og_locale":"es_ES","og_type":"article","og_title":"PABLO CERVILLA, EN EL PODIO DE LA COPA ANDALUC\u00cdA L\u00c1SER 4.7","og_description":"El Equipo de Regatas del RCMM ha regresado a la ciudad, tras su participaci\u00f3n en la Copa de Andaluc\u00eda de L\u00e1ser Radial y 4.7.","og_url":"https:\/\/www.realclubmaritimomelilla.es\/clmar\/","og_site_name":"Real Club Mar\u00edtimo de Melilla","article_publisher":"https:\/\/www.facebook.com\/Real-Club-Mar%c3%adtimo-de-Melilla-588495841234214\/","article_published_time":"2018-02-05T11:02:19+00:00","article_modified_time":"2024-03-26T10:37:24+00:00","og_image":[{"width":1334,"height":750,"url":"https:\/\/www.realclubmaritimomelilla.es\/clmar\/wp-content\/uploads\/2018\/02\/Pablo-Cervilla-campe\u00f3n-sub16.jpeg","type":"image\/jpeg"}],"author":"RCMMelilla","twitter_card":"summary_large_image","twitter_creator":"@nauticarcmm","twitter_site":"@nauticarcmm","twitter_misc":{"Escrito por":"RCMMelilla","Tiempo de lectura":"2 minutos"},"schema":{"@context":"https:\/\/schema.org","@graph":[{"@type":"Article","@id":"https:\/\/www.realclubmaritimomelilla.es\/clmar\/#article","isPartOf":{"@id":"https:\/\/www.realclubmaritimomelilla.es\/clmar\/pablo-cervilla-copa-andalucia-laser-2018\/"},"author":{"name":"RCMMelilla","@id":"https:\/\/www.realclubmaritimomelilla.es\/clmar\/#\/schema\/person\/ebaa3713496dc6d48c872452e73a8e79"},"headline":"PABLO CERVILLA, EN EL PODIO DE LA COPA ANDALUC\u00cdA L\u00c1SER 4.7","datePublished":"2018-02-05T11:02:19+00:00","dateModified":"2024-03-26T10:37:24+00:00","mainEntityOfPage":{"@id":"https:\/\/www.realclubmaritimomelilla.es\/clmar\/pablo-cervilla-copa-andalucia-laser-2018\/"},"wordCount":465,"commentCount":0,"publisher":{"@id":"https:\/\/www.realclubmaritimomelilla.es\/clmar\/#organization"},"image":{"@id":"https:\/\/www.realclubmaritimomelilla.es\/clmar\/#primaryimage"},"thumbnailUrl":"https:\/\/www.realclubmaritimomelilla.es\/clmar\/wp-content\/uploads\/2018\/02\/Pablo-Cervilla-campe\u00f3n-sub16.jpeg","articleSection":["N\u00e1utica"],"inLanguage":"es","potentialAction":[{"@type":"CommentAction","name":"Comment","target":["https:\/\/www.realclubmaritimomelilla.es\/clmar\/#respond"]}]},{"@type":"WebPage","@id":"https:\/\/www.realclubmaritimomelilla.es\/clmar\/pablo-cervilla-copa-andalucia-laser-2018\/","url":"https:\/\/www.realclubmaritimomelilla.es\/clmar\/","name":"PABLO CERVILLA, EN EL PODIO DE LA COPA ANDALUC\u00cdA L\u00c1SER 4.7","isPartOf":{"@id":"https:\/\/www.realclubmaritimomelilla.es\/clmar\/#website"},"primaryImageOfPage":{"@id":"https:\/\/www.realclubmaritimomelilla.es\/clmar\/#primaryimage"},"image":{"@id":"https:\/\/www.realclubmaritimomelilla.es\/clmar\/#primaryimage"},"thumbnailUrl":"https:\/\/www.realclubmaritimomelilla.es\/clmar\/wp-content\/uploads\/2018\/02\/Pablo-Cervilla-campe\u00f3n-sub16.jpeg","datePublished":"2018-02-05T11:02:19+00:00","dateModified":"2024-03-26T10:37:24+00:00","description":"El Equipo de Regatas del RCMM ha regresado a la ciudad, tras su participaci\u00f3n en la Copa de Andaluc\u00eda de L\u00e1ser Radial y 4.7.","breadcrumb":{"@id":"https:\/\/www.realclubmaritimomelilla.es\/clmar\/#breadcrumb"},"inLanguage":"es","potentialAction":[{"@type":"ReadAction","target":["https:\/\/www.realclubmaritimomelilla.es\/clmar\/"]}]},{"@type":"ImageObject","inLanguage":"es","@id":"https:\/\/www.realclubmaritimomelilla.es\/clmar\/#primaryimage","url":"https:\/\/www.realclubmaritimomelilla.es\/clmar\/wp-content\/uploads\/2018\/02\/Pablo-Cervilla-campe\u00f3n-sub16.jpeg","contentUrl":"https:\/\/www.realclubmaritimomelilla.es\/clmar\/wp-content\/uploads\/2018\/02\/Pablo-Cervilla-campe\u00f3n-sub16.jpeg","width":1334,"height":750},{"@type":"BreadcrumbList","@id":"https:\/\/www.realclubmaritimomelilla.es\/clmar\/#breadcrumb","itemListElement":[{"@type":"ListItem","position":1,"name":"Portada","item":"https:\/\/www.realclubmaritimomelilla.es\/clmar\/"},{"@type":"ListItem","position":2,"name":"PABLO CERVILLA, EN EL PODIO DE LA COPA ANDALUC\u00cdA L\u00c1SER 4.7"}]},{"@type":"WebSite","@id":"https:\/\/www.realclubmaritimomelilla.es\/clmar\/#website","url":"https:\/\/www.realclubmaritimomelilla.es\/clmar\/","name":"Real Club Mar\u00edtimo de Melilla","description":"RCMM","publisher":{"@id":"https:\/\/www.realclubmaritimomelilla.es\/clmar\/#organization"},"alternateName":"RCMM","potentialAction":[{"@type":"SearchAction","target":{"@type":"EntryPoint","urlTemplate":"https:\/\/www.realclubmaritimomelilla.es\/clmar\/?s={search_term_string}"},"query-input":{"@type":"PropertyValueSpecification","valueRequired":true,"valueName":"search_term_string"}}],"inLanguage":"es"},{"@type":"Organization","@id":"https:\/\/www.realclubmaritimomelilla.es\/clmar\/#organization","name":"Real Club Mar\u00edtimo de Melilla","alternateName":"RCMM","url":"https:\/\/www.realclubmaritimomelilla.es\/clmar\/","logo":{"@type":"ImageObject","inLanguage":"es","@id":"https:\/\/www.realclubmaritimomelilla.es\/clmar\/#\/schema\/logo\/image\/","url":"https:\/\/www.realclubmaritimomelilla.es\/clmar\/wp-content\/uploads\/logo-club-original-copia.jpg","contentUrl":"https:\/\/www.realclubmaritimomelilla.es\/clmar\/wp-content\/uploads\/logo-club-original-copia.jpg","width":128,"height":89,"caption":"Real Club Mar\u00edtimo de Melilla"},"image":{"@id":"https:\/\/www.realclubmaritimomelilla.es\/clmar\/#\/schema\/logo\/image\/"},"sameAs":["https:\/\/www.facebook.com\/Real-Club-Mar\u00edtimo-de-Melilla-588495841234214\/","https:\/\/x.com\/nauticarcmm","https:\/\/www.instagram.com\/club_maritimo_melilla\/","https:\/\/www.youtube.com\/@realclubmaritimodemelilla4703","https:\/\/es.wikipedia.org\/wiki\/Real_Club_Mar\u00edtimo_de_Melilla"]},{"@type":"Person","@id":"https:\/\/www.realclubmaritimomelilla.es\/clmar\/#\/schema\/person\/ebaa3713496dc6d48c872452e73a8e79","name":"RCMMelilla","image":{"@type":"ImageObject","inLanguage":"es","@id":"https:\/\/secure.gravatar.com\/avatar\/df1c24789360fb9308735c4ee556fc2bc5bf924bf01e53043b8b97ba272da33c?s=96&d=mm&r=g","url":"https:\/\/secure.gravatar.com\/avatar\/df1c24789360fb9308735c4ee556fc2bc5bf924bf01e53043b8b97ba272da33c?s=96&d=mm&r=g","contentUrl":"https:\/\/secure.gravatar.com\/avatar\/df1c24789360fb9308735c4ee556fc2bc5bf924bf01e53043b8b97ba272da33c?s=96&d=mm&r=g","caption":"RCMMelilla"}}]}},"_links":{"self":[{"href":"https:\/\/www.realclubmaritimomelilla.es\/clmar\/wp-json\/wp\/v2\/posts\/13284","targetHints":{"allow":["GET"]}}],"collection":[{"href":"https:\/\/www.realclubmaritimomelilla.es\/clmar\/wp-json\/wp\/v2\/posts"}],"about":[{"href":"https:\/\/www.realclubmaritimomelilla.es\/clmar\/wp-json\/wp\/v2\/types\/post"}],"author":[{"embeddable":true,"href":"https:\/\/www.realclubmaritimomelilla.es\/clmar\/wp-json\/wp\/v2\/users\/1"}],"replies":[{"embeddable":true,"href":"https:\/\/www.realclubmaritimomelilla.es\/clmar\/wp-json\/wp\/v2\/comments?post=13284"}],"version-history":[{"count":1,"href":"https:\/\/www.realclubmaritimomelilla.es\/clmar\/wp-json\/wp\/v2\/posts\/13284\/revisions"}],"predecessor-version":[{"id":13287,"href":"https:\/\/www.realclubmaritimomelilla.es\/clmar\/wp-json\/wp\/v2\/posts\/13284\/revisions\/13287"}],"wp:featuredmedia":[{"embeddable":true,"href":"https:\/\/www.realclubmaritimomelilla.es\/clmar\/wp-json\/wp\/v2\/media\/13286"}],"wp:attachment":[{"href":"https:\/\/www.realclubmaritimomelilla.es\/clmar\/wp-json\/wp\/v2\/media?parent=13284"}],"wp:term":[{"taxonomy":"category","embeddable":true,"href":"https:\/\/www.realclubmaritimomelilla.es\/clmar\/wp-json\/wp\/v2\/categories?post=13284"},{"taxonomy":"post_tag","embeddable":true,"href":"https:\/\/www.realclubmaritimomelilla.es\/clmar\/wp-json\/wp\/v2\/tags?post=13284"}],"curies":[{"name":"wp","href":"https:\/\/api.w.org\/{rel}","templated":true}]}}